{"id":210326,"date":"2026-09-03T16:33:08","date_gmt":"2026-09-03T19:33:08","guid":{"rendered":"https:\/\/gysfm.com.ar\/inicio\/la-ciudad-de-buenos-aires-es-el-unico-distrito-apto-para-captar-fondos-del-fal\/"},"modified":"2026-09-03T16:33:09","modified_gmt":"2026-09-03T19:33:09","slug":"la-ciudad-de-buenos-aires-es-el-unico-distrito-apto-para-captar-fondos-del-fal","status":"publish","type":"post","link":"https:\/\/gysfm.com.ar\/inicio\/la-ciudad-de-buenos-aires-es-el-unico-distrito-apto-para-captar-fondos-del-fal\/","title":{"rendered":"La Ciudad de Buenos Aires es el \u00fanico distrito apto para captar fondos del FAL"},"content":{"rendered":"<p><\/p>\n<div>\n<p class=\"com-paragraph --capital --s text-left\">La decisi\u00f3n de la agencia S&amp;P de <a href=\"https:\/\/www.lanacion.com.ar\/economia\/sp-subio-la-calificacion-para-creditos-y-deuda-de-la-ciudad-de-buenos-aires-a-la-maxima-categoria-nid02092026\/\" target=\"_self\" title=\"https:\/\/www.lanacion.com.ar\/economia\/sp-subio-la-calificacion-para-creditos-y-deuda-de-la-ciudad-de-buenos-aires-a-la-maxima-categoria-nid02092026\/\" class=\"com-link break-word\" data-mrf-recirculation=\"n_link_parrafo\">elevar la calificaci\u00f3n crediticia de la Ciudad Aut\u00f3noma de Buenos Aires<\/a> a la m\u00e1xima categor\u00eda tuvo un efecto en el esquema financiero de la reforma laboral. Es que los t\u00edtulos p\u00fablicos porte\u00f1os se convirtieron en el <strong>\u00fanico activo provincial habilitado<\/strong> para recibir las inversiones del nuevo <strong>Fondo de Asistencia Laboral <\/strong>(FAL) que comenzar\u00e1 a operar el primero de noviembre.<\/p>\n<p class=\"com-paragraph --s text-left\">El nuevo sistema <a href=\"https:\/\/www.lanacion.com.ar\/economia\/sera-obligatorio-las-preguntas-y-respuestas-para-entender-como-funcionara-el-fondo-que-pagara-nid02092026\/\" target=\"_self\" title=\"https:\/\/www.lanacion.com.ar\/economia\/sera-obligatorio-las-preguntas-y-respuestas-para-entender-como-funcionara-el-fondo-que-pagara-nid02092026\/\" class=\"com-link break-word\" data-mrf-recirculation=\"n_link_parrafo\">obligar\u00e1 a los empleadores a aportar mensualmente para financiar futuras indemnizaciones<\/a>, que ser\u00e1n administradas a trav\u00e9s de veh\u00edculos financieros autorizados por la <strong>Comisi\u00f3n Nacional de Valores<\/strong> (CNV). Entidades como Adcap prev\u00e9n que el FAL movilice un flujo de ahorro institucional cercano a los <strong>US$2000 millones anuales<\/strong>. Las estimaciones del Gobierno elevan la cifra hasta los US$4000 millones al a\u00f1o.<\/p>\n<p class=\"com-paragraph --s text-left\">El men\u00fa del FAL incluye dep\u00f3sitos bancarios, obligaciones negociables corporativas y deuda del Tesoro Nacional y t\u00edtulos provinciales. Sin embargo, el Ministerio de Econom\u00eda, en su <strong>resoluci\u00f3n 1276\/2026,<\/strong> dict\u00f3 que cualquier instrumento de deuda provincial o corporativo debe contar con una calificaci\u00f3n de<strong> riesgo \u201cAAA\u201d<\/strong> en escala nacional, otorgada por <strong>al menos dos agencias autorizadas<\/strong> y registradas ante la CNV.<\/p>\n<div class=\"content-media\">\n<section role=\"button\" class=\"mod-media   \">\n<figure role=\"button\" tabindex=\"0\" class=\"mod-figure \"><figcaption class=\"mod-figcaption\"><span class=\"com-text --caption --twoxs\">S&amp;P subi\u00f3 la calificaci\u00f3n para cr\u00e9ditos y deuda de la Ciudad a la m\u00e1xima categor\u00eda<\/span><span class=\"com-text --credit --twoxs\">Archivo<\/span><\/figcaption><\/figure>\n<\/section>\n<\/div>\n<p class=\"com-paragraph --s text-left\">Esta exigencia de doble calificaci\u00f3n act\u00faa como un <strong>filtro para las provincias<\/strong>, ya que ninguna de ellas cuenta con dicha nota en la escala local. Hasta hace poco, la Ciudad <a href=\"https:\/\/www.lanacion.com.ar\/economia\/moodys-elevo-la-calificacion-de-deuda-de-la-ciudad-de-buenos-aires-nid24072026\/\" target=\"_self\" title=\"https:\/\/www.lanacion.com.ar\/economia\/moodys-elevo-la-calificacion-de-deuda-de-la-ciudad-de-buenos-aires-nid24072026\/\" class=\"com-link break-word\" data-mrf-recirculation=\"n_link_parrafo\">solo ten\u00eda el aval AAA de Moody\u2019s<\/a>, pero con la suba de la nota de S&amp;P, el gobierno porte\u00f1o se posiciona como la <strong>\u00fanica alternativa provincial apta para recibir fondos del FAL<\/strong>.<\/p>\n<p class=\"com-paragraph --s text-left\">La incapacidad de los dem\u00e1s distritos de alcanzar esas notas har\u00e1 que <strong>las administraciones provinciales no puedan emitir letras o bonos<\/strong> para que sean adquiridos por fiduciarios y administradores del FAL.<\/p>\n<p class=\"com-paragraph --s text-left\">De esta manera, se profundiza la brecha de financiamiento y liquidez entre el interior y la Ciudad, sumado al hecho de que parte de las contribuciones patronales que antes iban a la Anses se desviar\u00e1n al FAL, por lo que <strong>las provincias sufrir\u00e1n el impacto<\/strong>.<\/p>\n<p><h2 class=\"font-primary font-w-bold text-subheading-lg text-left container-center-100 mb-8\"><span>Topes a los t\u00edtulos provinciales<\/span><\/h2>\n<\/p>\n<p class=\"com-paragraph --s\">De todos modos, la reglamentaci\u00f3n impone un freno para evitar la sobreexposici\u00f3n de las carteras en un \u00fanico emisor. Seg\u00fan los anexos de la resoluci\u00f3n, la deuda provincial en su conjunto no puede superar el 15% del patrimonio total de cada fondo FAL, aplic\u00e1ndose <strong>un tope m\u00e1ximo de inversi\u00f3n de hasta el 5% por jurisdicci\u00f3n<\/strong>. <\/p>\n<p class=\"com-paragraph --s\">Asimismo, las administradoras est\u00e1n obligadas a <strong>mantener un piso de al menos el 10% del patrimonio del fondo en activos de alta liquidez <\/strong>y bajo riesgo de mercado \u2014como dep\u00f3sitos a la vista o letras del Tesoro de corto plazo\u2014 para garantizar la disponibilidad inmediata de dinero ante eventuales desvinculaciones laborales.<\/p>\n<p class=\"com-paragraph --s\">Dependiendo de la proyecci\u00f3n, es el tama\u00f1o del beneficio financiero que podr\u00e1 captar la Ciudad. En un escenario conservador, US$2000 millones al a\u00f1o, la Ciudad tendr\u00eda hasta <strong>US$100 millones anuales en financiamiento directo<\/strong> a trav\u00e9s de la colocaci\u00f3n de letras y bonos locales. Para las metas m\u00e1s optimistas de US$4000 millones, ser\u00eda de <strong>hasta US$200 millones<\/strong>.<\/p>\n<p><h2 class=\"font-primary font-w-bold text-subheading-lg text-left container-center-100 mb-8\"><span>Ventaja para la Ciudad<\/span><\/h2>\n<\/p>\n<p class=\"com-paragraph --s\">El ministro de Hacienda y Finanzas de la Ciudad, <strong>Gustavo Arengo<\/strong>, destac\u00f3 que consolidar una reputaci\u00f3n crediticia AAA le otorga al distrito la capacidad de acceder a mejores condiciones y tasas de financiamiento local para continuar con su <strong>programa de obras<\/strong>.<\/p>\n<p class=\"com-paragraph --s\">Para el informe de S&amp;P, la Ciudad enfrenta un <strong>programa de inversiones de capital sumamente exigente<\/strong> para el mediano plazo: sus proyecciones contemplan que ese gasto aumentar\u00e1 significativamente hasta promediar el 20% del total entre 2026 y 2028.<\/p>\n<p class=\"com-paragraph --s\">El destino de estos recursos ser\u00e1 financiar la renovaci\u00f3n de <a href=\"https:\/\/www.lanacion.com.ar\/sociedad\/luz-verde-para-la-linea-f-cuando-arranca-la-obra-estaciones-y-recorrido-del-subte-que-conectara-el-nid23062026\/\" target=\"_self\" title=\"https:\/\/www.lanacion.com.ar\/sociedad\/luz-verde-para-la-linea-f-cuando-arranca-la-obra-estaciones-y-recorrido-del-subte-que-conectara-el-nid23062026\/\" class=\"com-link break-word\" data-mrf-recirculation=\"n_link_parrafo\">las formaciones del subte y la traza de la nueva l\u00ednea F<\/a>, para la cual la Ciudad podr\u00e1 tomar pr\u00e9stamos en un monto m\u00e1ximo total de <strong>US$1350 millones<\/strong>. Con los fondos de ahorro del FAL disponibles, el gobierno porte\u00f1o acceder\u00e1 a tasas de financiamiento local m\u00e1s competitivas.<\/p>\n<section class=\"container-center-100 mb-40 border border-bottom border-thin border-neutral-light-700\">\n<hr\/>\n<\/section>\n<\/div>\n<p><script id=\"facebookpixel\" defer=\"\" type=\"text\/javascript\">\n        !function(f,b,e,v,n,t,s)\n        {if(f.fbq)return;n=f.fbq=function(){n.callMethod?\n        n.callMethod.apply(n,arguments):n.queue.push(arguments)};\n        if(!f._fbq)f._fbq=n;n.push=n;n.loaded=!0;n.version='2.0';\n        n.queue=[];t=b.createElement(e);t.async=!0;\n        t.src=v;s=b.getElementsByTagName(e)[0];\n        s.parentNode.insertBefore(t,s)}(window, document,'script',\n        'https:\/\/connect.facebook.net\/en_US\/fbevents.js');\n        fbq('init', '492459597522335');\n        fbq('track', 'PageView');\n    <\/script><\/p>\n","protected":false},"excerpt":{"rendered":"<p>La decisi\u00f3n de la agencia S&amp;P de elevar la calificaci\u00f3n crediticia de la Ciudad Aut\u00f3noma de Buenos Aires a la m\u00e1xima categor\u00eda tuvo un efecto en el esquema financiero de la reforma laboral. Es que los t\u00edtulos p\u00fablicos porte\u00f1os se convirtieron en el \u00fanico activo provincial habilitado para recibir las inversiones del nuevo Fondo de [&hellip;]<\/p>\n","protected":false},"author":1,"featured_media":210327,"comment_status":"closed","ping_status":"closed","sticky":false,"template":"","format":"standard","meta":{"footnotes":""},"categories":[28],"tags":[],"class_list":["post-210326","post","type-post","status-publish","format-standard","has-post-thumbnail","hentry","category-economia"],"yoast_head":"<!-- This site is optimized with the Yoast SEO plugin v24.4 - https:\/\/yoast.com\/wordpress\/plugins\/seo\/ -->\n<title>La Ciudad de Buenos Aires es el \u00fanico distrito apto para captar fondos del FAL - GYS NOTICIAS |<\/title>\n<meta name=\"robots\" content=\"index, follow, max-snippet:-1, max-image-preview:large, max-video-preview:-1\" \/>\n<link rel=\"canonical\" href=\"https:\/\/gysfm.com.ar\/inicio\/la-ciudad-de-buenos-aires-es-el-unico-distrito-apto-para-captar-fondos-del-fal\/\" \/>\n<meta property=\"og:locale\" content=\"es_ES\" \/>\n<meta property=\"og:type\" content=\"article\" \/>\n<meta property=\"og:title\" content=\"La Ciudad de Buenos Aires es el \u00fanico distrito apto para captar fondos del FAL - GYS NOTICIAS |\" \/>\n<meta property=\"og:description\" content=\"La decisi\u00f3n de la agencia S&amp;P de elevar la calificaci\u00f3n crediticia de la Ciudad Aut\u00f3noma de Buenos Aires a la m\u00e1xima categor\u00eda tuvo un efecto en el esquema financiero de la reforma laboral. Es que los t\u00edtulos p\u00fablicos porte\u00f1os se convirtieron en el \u00fanico activo provincial habilitado para recibir las inversiones del nuevo Fondo de [&hellip;]\" \/>\n<meta property=\"og:url\" content=\"https:\/\/gysfm.com.ar\/inicio\/la-ciudad-de-buenos-aires-es-el-unico-distrito-apto-para-captar-fondos-del-fal\/\" \/>\n<meta property=\"og:site_name\" content=\"GYS NOTICIAS |\" \/>\n<meta property=\"article:published_time\" content=\"2026-09-03T19:33:08+00:00\" \/>\n<meta property=\"article:modified_time\" content=\"2026-09-03T19:33:09+00:00\" \/>\n<meta property=\"og:image\" content=\"https:\/\/gysfm.com.ar\/inicio\/wp-content\/uploads\/2026\/09\/jorge-macri-jefe-de-gobierno-6BFUJU3IAVEZFGRGGM2VNGECOA.JPG\" \/>\n\t<meta property=\"og:image:width\" content=\"1200\" \/>\n\t<meta property=\"og:image:height\" content=\"800\" \/>\n\t<meta property=\"og:image:type\" content=\"image\/jpeg\" \/>\n<meta name=\"author\" content=\"admin\" \/>\n<meta name=\"twitter:card\" content=\"summary_large_image\" \/>\n<meta name=\"twitter:label1\" content=\"Escrito por\" \/>\n\t<meta name=\"twitter:data1\" content=\"admin\" \/>\n\t<meta name=\"twitter:label2\" content=\"Tiempo de lectura\" \/>\n\t<meta name=\"twitter:data2\" content=\"4 minutos\" \/>\n<script type=\"application\/ld+json\" class=\"yoast-schema-graph\">{\"@context\":\"https:\/\/schema.org\",\"@graph\":[{\"@type\":\"Article\",\"@id\":\"https:\/\/gysfm.com.ar\/inicio\/la-ciudad-de-buenos-aires-es-el-unico-distrito-apto-para-captar-fondos-del-fal\/#article\",\"isPartOf\":{\"@id\":\"https:\/\/gysfm.com.ar\/inicio\/la-ciudad-de-buenos-aires-es-el-unico-distrito-apto-para-captar-fondos-del-fal\/\"},\"author\":{\"name\":\"admin\",\"@id\":\"https:\/\/gysfm.com.ar\/inicio\/#\/schema\/person\/5bedd7ecd35cc35548d89effafa23696\"},\"headline\":\"La Ciudad de Buenos Aires es el \u00fanico distrito apto para captar fondos del FAL\",\"datePublished\":\"2026-09-03T19:33:08+00:00\",\"dateModified\":\"2026-09-03T19:33:09+00:00\",\"mainEntityOfPage\":{\"@id\":\"https:\/\/gysfm.com.ar\/inicio\/la-ciudad-de-buenos-aires-es-el-unico-distrito-apto-para-captar-fondos-del-fal\/\"},\"wordCount\":722,\"publisher\":{\"@id\":\"https:\/\/gysfm.com.ar\/inicio\/#organization\"},\"image\":{\"@id\":\"https:\/\/gysfm.com.ar\/inicio\/la-ciudad-de-buenos-aires-es-el-unico-distrito-apto-para-captar-fondos-del-fal\/#primaryimage\"},\"thumbnailUrl\":\"https:\/\/gysfm.com.ar\/inicio\/wp-content\/uploads\/2026\/09\/jorge-macri-jefe-de-gobierno-6BFUJU3IAVEZFGRGGM2VNGECOA.JPG\",\"articleSection\":[\"ECONOMIA\"],\"inLanguage\":\"es\"},{\"@type\":\"WebPage\",\"@id\":\"https:\/\/gysfm.com.ar\/inicio\/la-ciudad-de-buenos-aires-es-el-unico-distrito-apto-para-captar-fondos-del-fal\/\",\"url\":\"https:\/\/gysfm.com.ar\/inicio\/la-ciudad-de-buenos-aires-es-el-unico-distrito-apto-para-captar-fondos-del-fal\/\",\"name\":\"La Ciudad de Buenos Aires es el \u00fanico distrito apto para captar fondos del FAL - GYS NOTICIAS |\",\"isPartOf\":{\"@id\":\"https:\/\/gysfm.com.ar\/inicio\/#website\"},\"primaryImageOfPage\":{\"@id\":\"https:\/\/gysfm.com.ar\/inicio\/la-ciudad-de-buenos-aires-es-el-unico-distrito-apto-para-captar-fondos-del-fal\/#primaryimage\"},\"image\":{\"@id\":\"https:\/\/gysfm.com.ar\/inicio\/la-ciudad-de-buenos-aires-es-el-unico-distrito-apto-para-captar-fondos-del-fal\/#primaryimage\"},\"thumbnailUrl\":\"https:\/\/gysfm.com.ar\/inicio\/wp-content\/uploads\/2026\/09\/jorge-macri-jefe-de-gobierno-6BFUJU3IAVEZFGRGGM2VNGECOA.JPG\",\"datePublished\":\"2026-09-03T19:33:08+00:00\",\"dateModified\":\"2026-09-03T19:33:09+00:00\",\"breadcrumb\":{\"@id\":\"https:\/\/gysfm.com.ar\/inicio\/la-ciudad-de-buenos-aires-es-el-unico-distrito-apto-para-captar-fondos-del-fal\/#breadcrumb\"},\"inLanguage\":\"es\",\"potentialAction\":[{\"@type\":\"ReadAction\",\"target\":[\"https:\/\/gysfm.com.ar\/inicio\/la-ciudad-de-buenos-aires-es-el-unico-distrito-apto-para-captar-fondos-del-fal\/\"]}]},{\"@type\":\"ImageObject\",\"inLanguage\":\"es\",\"@id\":\"https:\/\/gysfm.com.ar\/inicio\/la-ciudad-de-buenos-aires-es-el-unico-distrito-apto-para-captar-fondos-del-fal\/#primaryimage\",\"url\":\"https:\/\/gysfm.com.ar\/inicio\/wp-content\/uploads\/2026\/09\/jorge-macri-jefe-de-gobierno-6BFUJU3IAVEZFGRGGM2VNGECOA.JPG\",\"contentUrl\":\"https:\/\/gysfm.com.ar\/inicio\/wp-content\/uploads\/2026\/09\/jorge-macri-jefe-de-gobierno-6BFUJU3IAVEZFGRGGM2VNGECOA.JPG\",\"width\":1200,\"height\":800},{\"@type\":\"BreadcrumbList\",\"@id\":\"https:\/\/gysfm.com.ar\/inicio\/la-ciudad-de-buenos-aires-es-el-unico-distrito-apto-para-captar-fondos-del-fal\/#breadcrumb\",\"itemListElement\":[{\"@type\":\"ListItem\",\"position\":1,\"name\":\"Portada\",\"item\":\"https:\/\/gysfm.com.ar\/inicio\/\"},{\"@type\":\"ListItem\",\"position\":2,\"name\":\"La Ciudad de Buenos Aires es el \u00fanico distrito apto para captar fondos del FAL\"}]},{\"@type\":\"WebSite\",\"@id\":\"https:\/\/gysfm.com.ar\/inicio\/#website\",\"url\":\"https:\/\/gysfm.com.ar\/inicio\/\",\"name\":\"GYS NOTICIAS |\",\"description\":\"DIARIO - RADIO ONLINE SAN JUAN ARGENTINA\",\"publisher\":{\"@id\":\"https:\/\/gysfm.com.ar\/inicio\/#organization\"},\"potentialAction\":[{\"@type\":\"SearchAction\",\"target\":{\"@type\":\"EntryPoint\",\"urlTemplate\":\"https:\/\/gysfm.com.ar\/inicio\/?s={search_term_string}\"},\"query-input\":{\"@type\":\"PropertyValueSpecification\",\"valueRequired\":true,\"valueName\":\"search_term_string\"}}],\"inLanguage\":\"es\"},{\"@type\":\"Organization\",\"@id\":\"https:\/\/gysfm.com.ar\/inicio\/#organization\",\"name\":\"GYS NOTICIAS |\",\"url\":\"https:\/\/gysfm.com.ar\/inicio\/\",\"logo\":{\"@type\":\"ImageObject\",\"inLanguage\":\"es\",\"@id\":\"https:\/\/gysfm.com.ar\/inicio\/#\/schema\/logo\/image\/\",\"url\":\"https:\/\/gysfm.com.ar\/inicio\/wp-content\/uploads\/2023\/07\/LOGOGYS-OK.png\",\"contentUrl\":\"https:\/\/gysfm.com.ar\/inicio\/wp-content\/uploads\/2023\/07\/LOGOGYS-OK.png\",\"width\":1170,\"height\":872,\"caption\":\"GYS NOTICIAS |\"},\"image\":{\"@id\":\"https:\/\/gysfm.com.ar\/inicio\/#\/schema\/logo\/image\/\"}},{\"@type\":\"Person\",\"@id\":\"https:\/\/gysfm.com.ar\/inicio\/#\/schema\/person\/5bedd7ecd35cc35548d89effafa23696\",\"name\":\"admin\",\"image\":{\"@type\":\"ImageObject\",\"inLanguage\":\"es\",\"@id\":\"https:\/\/gysfm.com.ar\/inicio\/#\/schema\/person\/image\/\",\"url\":\"https:\/\/secure.gravatar.com\/avatar\/c331d312b5243fb64d5ba28108a447b27c925295129a363082c9ea52c28d32c2?s=96&d=mm&r=g\",\"contentUrl\":\"https:\/\/secure.gravatar.com\/avatar\/c331d312b5243fb64d5ba28108a447b27c925295129a363082c9ea52c28d32c2?s=96&d=mm&r=g\",\"caption\":\"admin\"},\"sameAs\":[\"https:\/\/gysfm.com.ar\/inicio\"],\"url\":\"https:\/\/gysfm.com.ar\/inicio\/author\/admin\/\"}]}<\/script>\n<!-- \/ Yoast SEO plugin. -->","yoast_head_json":{"title":"La Ciudad de Buenos Aires es el \u00fanico distrito apto para captar fondos del FAL - GYS NOTICIAS |","robots":{"index":"index","follow":"follow","max-snippet":"max-snippet:-1","max-image-preview":"max-image-preview:large","max-video-preview":"max-video-preview:-1"},"canonical":"https:\/\/gysfm.com.ar\/inicio\/la-ciudad-de-buenos-aires-es-el-unico-distrito-apto-para-captar-fondos-del-fal\/","og_locale":"es_ES","og_type":"article","og_title":"La Ciudad de Buenos Aires es el \u00fanico distrito apto para captar fondos del FAL - GYS NOTICIAS |","og_description":"La decisi\u00f3n de la agencia S&amp;P de elevar la calificaci\u00f3n crediticia de la Ciudad Aut\u00f3noma de Buenos Aires a la m\u00e1xima categor\u00eda tuvo un efecto en el esquema financiero de la reforma laboral. Es que los t\u00edtulos p\u00fablicos porte\u00f1os se convirtieron en el \u00fanico activo provincial habilitado para recibir las inversiones del nuevo Fondo de [&hellip;]","og_url":"https:\/\/gysfm.com.ar\/inicio\/la-ciudad-de-buenos-aires-es-el-unico-distrito-apto-para-captar-fondos-del-fal\/","og_site_name":"GYS NOTICIAS |","article_published_time":"2026-09-03T19:33:08+00:00","article_modified_time":"2026-09-03T19:33:09+00:00","og_image":[{"width":1200,"height":800,"url":"https:\/\/gysfm.com.ar\/inicio\/wp-content\/uploads\/2026\/09\/jorge-macri-jefe-de-gobierno-6BFUJU3IAVEZFGRGGM2VNGECOA.JPG","type":"image\/jpeg"}],"author":"admin","twitter_card":"summary_large_image","twitter_misc":{"Escrito por":"admin","Tiempo de lectura":"4 minutos"},"schema":{"@context":"https:\/\/schema.org","@graph":[{"@type":"Article","@id":"https:\/\/gysfm.com.ar\/inicio\/la-ciudad-de-buenos-aires-es-el-unico-distrito-apto-para-captar-fondos-del-fal\/#article","isPartOf":{"@id":"https:\/\/gysfm.com.ar\/inicio\/la-ciudad-de-buenos-aires-es-el-unico-distrito-apto-para-captar-fondos-del-fal\/"},"author":{"name":"admin","@id":"https:\/\/gysfm.com.ar\/inicio\/#\/schema\/person\/5bedd7ecd35cc35548d89effafa23696"},"headline":"La Ciudad de Buenos Aires es el \u00fanico distrito apto para captar fondos del FAL","datePublished":"2026-09-03T19:33:08+00:00","dateModified":"2026-09-03T19:33:09+00:00","mainEntityOfPage":{"@id":"https:\/\/gysfm.com.ar\/inicio\/la-ciudad-de-buenos-aires-es-el-unico-distrito-apto-para-captar-fondos-del-fal\/"},"wordCount":722,"publisher":{"@id":"https:\/\/gysfm.com.ar\/inicio\/#organization"},"image":{"@id":"https:\/\/gysfm.com.ar\/inicio\/la-ciudad-de-buenos-aires-es-el-unico-distrito-apto-para-captar-fondos-del-fal\/#primaryimage"},"thumbnailUrl":"https:\/\/gysfm.com.ar\/inicio\/wp-content\/uploads\/2026\/09\/jorge-macri-jefe-de-gobierno-6BFUJU3IAVEZFGRGGM2VNGECOA.JPG","articleSection":["ECONOMIA"],"inLanguage":"es"},{"@type":"WebPage","@id":"https:\/\/gysfm.com.ar\/inicio\/la-ciudad-de-buenos-aires-es-el-unico-distrito-apto-para-captar-fondos-del-fal\/","url":"https:\/\/gysfm.com.ar\/inicio\/la-ciudad-de-buenos-aires-es-el-unico-distrito-apto-para-captar-fondos-del-fal\/","name":"La Ciudad de Buenos Aires es el \u00fanico distrito apto para captar fondos del FAL - GYS NOTICIAS |","isPartOf":{"@id":"https:\/\/gysfm.com.ar\/inicio\/#website"},"primaryImageOfPage":{"@id":"https:\/\/gysfm.com.ar\/inicio\/la-ciudad-de-buenos-aires-es-el-unico-distrito-apto-para-captar-fondos-del-fal\/#primaryimage"},"image":{"@id":"https:\/\/gysfm.com.ar\/inicio\/la-ciudad-de-buenos-aires-es-el-unico-distrito-apto-para-captar-fondos-del-fal\/#primaryimage"},"thumbnailUrl":"https:\/\/gysfm.com.ar\/inicio\/wp-content\/uploads\/2026\/09\/jorge-macri-jefe-de-gobierno-6BFUJU3IAVEZFGRGGM2VNGECOA.JPG","datePublished":"2026-09-03T19:33:08+00:00","dateModified":"2026-09-03T19:33:09+00:00","breadcrumb":{"@id":"https:\/\/gysfm.com.ar\/inicio\/la-ciudad-de-buenos-aires-es-el-unico-distrito-apto-para-captar-fondos-del-fal\/#breadcrumb"},"inLanguage":"es","potentialAction":[{"@type":"ReadAction","target":["https:\/\/gysfm.com.ar\/inicio\/la-ciudad-de-buenos-aires-es-el-unico-distrito-apto-para-captar-fondos-del-fal\/"]}]},{"@type":"ImageObject","inLanguage":"es","@id":"https:\/\/gysfm.com.ar\/inicio\/la-ciudad-de-buenos-aires-es-el-unico-distrito-apto-para-captar-fondos-del-fal\/#primaryimage","url":"https:\/\/gysfm.com.ar\/inicio\/wp-content\/uploads\/2026\/09\/jorge-macri-jefe-de-gobierno-6BFUJU3IAVEZFGRGGM2VNGECOA.JPG","contentUrl":"https:\/\/gysfm.com.ar\/inicio\/wp-content\/uploads\/2026\/09\/jorge-macri-jefe-de-gobierno-6BFUJU3IAVEZFGRGGM2VNGECOA.JPG","width":1200,"height":800},{"@type":"BreadcrumbList","@id":"https:\/\/gysfm.com.ar\/inicio\/la-ciudad-de-buenos-aires-es-el-unico-distrito-apto-para-captar-fondos-del-fal\/#breadcrumb","itemListElement":[{"@type":"ListItem","position":1,"name":"Portada","item":"https:\/\/gysfm.com.ar\/inicio\/"},{"@type":"ListItem","position":2,"name":"La Ciudad de Buenos Aires es el \u00fanico distrito apto para captar fondos del FAL"}]},{"@type":"WebSite","@id":"https:\/\/gysfm.com.ar\/inicio\/#website","url":"https:\/\/gysfm.com.ar\/inicio\/","name":"GYS NOTICIAS |","description":"DIARIO - RADIO ONLINE SAN JUAN ARGENTINA","publisher":{"@id":"https:\/\/gysfm.com.ar\/inicio\/#organization"},"potentialAction":[{"@type":"SearchAction","target":{"@type":"EntryPoint","urlTemplate":"https:\/\/gysfm.com.ar\/inicio\/?s={search_term_string}"},"query-input":{"@type":"PropertyValueSpecification","valueRequired":true,"valueName":"search_term_string"}}],"inLanguage":"es"},{"@type":"Organization","@id":"https:\/\/gysfm.com.ar\/inicio\/#organization","name":"GYS NOTICIAS |","url":"https:\/\/gysfm.com.ar\/inicio\/","logo":{"@type":"ImageObject","inLanguage":"es","@id":"https:\/\/gysfm.com.ar\/inicio\/#\/schema\/logo\/image\/","url":"https:\/\/gysfm.com.ar\/inicio\/wp-content\/uploads\/2023\/07\/LOGOGYS-OK.png","contentUrl":"https:\/\/gysfm.com.ar\/inicio\/wp-content\/uploads\/2023\/07\/LOGOGYS-OK.png","width":1170,"height":872,"caption":"GYS NOTICIAS |"},"image":{"@id":"https:\/\/gysfm.com.ar\/inicio\/#\/schema\/logo\/image\/"}},{"@type":"Person","@id":"https:\/\/gysfm.com.ar\/inicio\/#\/schema\/person\/5bedd7ecd35cc35548d89effafa23696","name":"admin","image":{"@type":"ImageObject","inLanguage":"es","@id":"https:\/\/gysfm.com.ar\/inicio\/#\/schema\/person\/image\/","url":"https:\/\/secure.gravatar.com\/avatar\/c331d312b5243fb64d5ba28108a447b27c925295129a363082c9ea52c28d32c2?s=96&d=mm&r=g","contentUrl":"https:\/\/secure.gravatar.com\/avatar\/c331d312b5243fb64d5ba28108a447b27c925295129a363082c9ea52c28d32c2?s=96&d=mm&r=g","caption":"admin"},"sameAs":["https:\/\/gysfm.com.ar\/inicio"],"url":"https:\/\/gysfm.com.ar\/inicio\/author\/admin\/"}]}},"_links":{"self":[{"href":"https:\/\/gysfm.com.ar\/inicio\/wp-json\/wp\/v2\/posts\/210326","targetHints":{"allow":["GET"]}}],"collection":[{"href":"https:\/\/gysfm.com.ar\/inicio\/wp-json\/wp\/v2\/posts"}],"about":[{"href":"https:\/\/gysfm.com.ar\/inicio\/wp-json\/wp\/v2\/types\/post"}],"author":[{"embeddable":true,"href":"https:\/\/gysfm.com.ar\/inicio\/wp-json\/wp\/v2\/users\/1"}],"replies":[{"embeddable":true,"href":"https:\/\/gysfm.com.ar\/inicio\/wp-json\/wp\/v2\/comments?post=210326"}],"version-history":[{"count":1,"href":"https:\/\/gysfm.com.ar\/inicio\/wp-json\/wp\/v2\/posts\/210326\/revisions"}],"predecessor-version":[{"id":210328,"href":"https:\/\/gysfm.com.ar\/inicio\/wp-json\/wp\/v2\/posts\/210326\/revisions\/210328"}],"wp:featuredmedia":[{"embeddable":true,"href":"https:\/\/gysfm.com.ar\/inicio\/wp-json\/wp\/v2\/media\/210327"}],"wp:attachment":[{"href":"https:\/\/gysfm.com.ar\/inicio\/wp-json\/wp\/v2\/media?parent=210326"}],"wp:term":[{"taxonomy":"category","embeddable":true,"href":"https:\/\/gysfm.com.ar\/inicio\/wp-json\/wp\/v2\/categories?post=210326"},{"taxonomy":"post_tag","embeddable":true,"href":"https:\/\/gysfm.com.ar\/inicio\/wp-json\/wp\/v2\/tags?post=210326"}],"curies":[{"name":"wp","href":"https:\/\/api.w.org\/{rel}","templated":true}]}}