{"id":210323,"date":"2026-09-03T16:32:06","date_gmt":"2026-09-03T19:32:06","guid":{"rendered":"https:\/\/gysfm.com.ar\/inicio\/elecciones-en-brasil-2026-quienes-son-los-candidatos-a-presidente\/"},"modified":"2026-09-03T16:32:07","modified_gmt":"2026-09-03T19:32:07","slug":"elecciones-en-brasil-2026-quienes-son-los-candidatos-a-presidente","status":"publish","type":"post","link":"https:\/\/gysfm.com.ar\/inicio\/elecciones-en-brasil-2026-quienes-son-los-candidatos-a-presidente\/","title":{"rendered":"Elecciones en Brasil 2026: qui\u00e9nes son los candidatos a presidente"},"content":{"rendered":"<p> <br \/>\n<\/p>\n<div>\n<p class=\"com-paragraph --capital --s\">En octubre, <a href=\"https:\/\/www.lanacion.com.ar\/el-mundo\/elecciones-cuando-se-vota-para-presidente-en-brasil-2026-nid05082026\/\" target=\"_self\" title=\"https:\/\/www.lanacion.com.ar\/el-mundo\/elecciones-cuando-se-vota-para-presidente-en-brasil-2026-nid05082026\/\" class=\"com-link break-word\" data-mrf-recirculation=\"n_link_parrafo\">los<strong> ciudadanos brasileros<\/strong> deber\u00e1n asistir a la votaci\u00f3n<\/a> que definir\u00e1 al <strong>pr\u00f3ximo mandatario<\/strong> del pa\u00eds y cobra relevancia saber <strong>qui\u00e9nes son los candidatos a presidente.<\/strong><\/p>\n<p class=\"com-paragraph --s\">Los electores habilitados para votar por el padr\u00f3n definitivo deber\u00e1n asistir a las urnas para emitir el sufragio en las elecciones generales, que se celebrar\u00e1n el pr\u00f3ximo <strong>domingo 4 de octubre.<\/strong><\/p>\n<div class=\"content-media\">\n<section role=\"button\" class=\"mod-media   \">\n<figure role=\"button\" tabindex=\"0\" class=\"mod-figure \"><figcaption class=\"mod-figcaption\"><span class=\"com-text --caption --twoxs\">La fecha de las elecciones presidenciales en Brasil<\/span><span class=\"com-text --credit --twoxs\">EVARISTO SA &#8211; AFP<\/span><\/figcaption><\/figure>\n<\/section>\n<\/div>\n<p class=\"com-paragraph --s\">En caso de que ninguno de los postulantes alcance un triunfo en primera vuelta, los candidatos con mayores votos se volver\u00e1n a medir en la<strong> instancia de balotaje.<\/strong><\/p>\n<p><h2 class=\"font-primary font-w-bold text-subheading-lg text-left container-center-100 mb-8\"><span>Qui\u00e9nes son los candidatos a presidente en Brasil 2026<\/span><\/h2>\n<\/p>\n<p class=\"com-paragraph --s\">Los siguientes son los postulantes que competir\u00e1n en las <strong>elecciones generales de octubre:<\/strong><\/p>\n<div data-tw=\"true\" style=\"display:contents\">\n<div class=\"lg:w-800 lg:max-w-full mb-32\">\n<div class=\"overflow-x-auto pb-12\" data-testid=\"table-container\">\n<table data-striped=\"true\" class=\"border-collapse w-full group\">\n<thead data-section=\"head\" class=\"group\">\n<tr class=\"group-data-[section=head]:bg-neutral-100 last:border-b last:border-muted group-data-[section=body]:even:bg-neutral-50 [&amp;&gt;.ds-table-cell:not(:last-child)]:border-r-4 [&amp;&gt;.ds-table-cell]:border-neutral-1\">\n<th scope=\"col\" class=\"ds-table-cell p-8 h-40 min-h-40 text-label-lg font-bold text-left bg-muted align-middle\" aria-label=\"Columna\"\/>\n<th scope=\"col\" class=\"ds-table-cell p-8 h-40 min-h-40 text-label-lg font-bold text-left bg-muted align-middle\" aria-label=\"Columna\"\/><\/tr>\n<\/thead>\n<tbody data-section=\"body\" class=\"group\">\n<tr class=\"group-data-[section=head]:bg-neutral-100 last:border-b last:border-muted group-data-[section=body]:even:bg-neutral-50 [&amp;&gt;.ds-table-cell:not(:last-child)]:border-r-4 [&amp;&gt;.ds-table-cell]:border-neutral-1 even:bg-neutral-50\">\n<td class=\"ds-table-cell p-8 h-56 min-h-56 text-label-md text-left align-middle [&amp;_i]:italic min-w-148\" aria-label=\"Luiz In\u00e1cio Lula da Silva\">\n<div class=\"\">\n<p><b>Luiz In\u00e1cio Lula da Silva<\/b><\/p>\n<\/div>\n<\/td>\n<td class=\"ds-table-cell p-8 h-56 min-h-56 text-label-md text-left align-middle [&amp;_i]:italic min-w-148\" aria-label=\"Partido de los Trabajadores (PT)\">\n<div class=\"\">\n<p>Partido de los Trabajadores (PT)<\/p>\n<\/div>\n<\/td>\n<\/tr>\n<tr class=\"group-data-[section=head]:bg-neutral-100 last:border-b last:border-muted group-data-[section=body]:even:bg-neutral-50 [&amp;&gt;.ds-table-cell:not(:last-child)]:border-r-4 [&amp;&gt;.ds-table-cell]:border-neutral-1 even:bg-neutral-50\">\n<td class=\"ds-table-cell p-8 h-56 min-h-56 text-label-md text-left align-middle [&amp;_i]:italic min-w-148\" aria-label=\"Fl\u00e1vio Bolsonaro\"\/>\n<td class=\"ds-table-cell p-8 h-56 min-h-56 text-label-md text-left align-middle [&amp;_i]:italic min-w-148\" aria-label=\"Partido Liberal (PL)\"\/><\/tr>\n<tr class=\"group-data-[section=head]:bg-neutral-100 last:border-b last:border-muted group-data-[section=body]:even:bg-neutral-50 [&amp;&gt;.ds-table-cell:not(:last-child)]:border-r-4 [&amp;&gt;.ds-table-cell]:border-neutral-1 even:bg-neutral-50\">\n<td class=\"ds-table-cell p-8 h-56 min-h-56 text-label-md text-left align-middle [&amp;_i]:italic min-w-148\" aria-label=\"Augusto Cury\"\/>\n<td class=\"ds-table-cell p-8 h-56 min-h-56 text-label-md text-left align-middle [&amp;_i]:italic min-w-148\" aria-label=\"Adelante\"\/><\/tr>\n<tr class=\"group-data-[section=head]:bg-neutral-100 last:border-b last:border-muted group-data-[section=body]:even:bg-neutral-50 [&amp;&gt;.ds-table-cell:not(:last-child)]:border-r-4 [&amp;&gt;.ds-table-cell]:border-neutral-1 even:bg-neutral-50\">\n<td class=\"ds-table-cell p-8 h-56 min-h-56 text-label-md text-left align-middle [&amp;_i]:italic min-w-148\" aria-label=\"Ronaldo Caiado\"\/>\n<td class=\"ds-table-cell p-8 h-56 min-h-56 text-label-md text-left align-middle [&amp;_i]:italic min-w-148\" aria-label=\"Partido Social Democr\u00e1tico (PSD)\">\n<div class=\"\">\n<p>Partido Social Democr\u00e1tico (PSD)<\/p>\n<\/div>\n<\/td>\n<\/tr>\n<tr class=\"group-data-[section=head]:bg-neutral-100 last:border-b last:border-muted group-data-[section=body]:even:bg-neutral-50 [&amp;&gt;.ds-table-cell:not(:last-child)]:border-r-4 [&amp;&gt;.ds-table-cell]:border-neutral-1 even:bg-neutral-50\">\n<td class=\"ds-table-cell p-8 h-56 min-h-56 text-label-md text-left align-middle [&amp;_i]:italic min-w-148\" aria-label=\"Romeu Zema\"\/>\n<td class=\"ds-table-cell p-8 h-56 min-h-56 text-label-md text-left align-middle [&amp;_i]:italic min-w-148\" aria-label=\"Partido Novo\"\/><\/tr>\n<tr class=\"group-data-[section=head]:bg-neutral-100 last:border-b last:border-muted group-data-[section=body]:even:bg-neutral-50 [&amp;&gt;.ds-table-cell:not(:last-child)]:border-r-4 [&amp;&gt;.ds-table-cell]:border-neutral-1 even:bg-neutral-50\">\n<td class=\"ds-table-cell p-8 h-56 min-h-56 text-label-md text-left align-middle [&amp;_i]:italic min-w-148\" aria-label=\"Renan Santos\"\/>\n<td class=\"ds-table-cell p-8 h-56 min-h-56 text-label-md text-left align-middle [&amp;_i]:italic min-w-148\" aria-label=\"Movimiento Miss\u00e3o\"\/><\/tr>\n<\/tbody>\n<\/table>\n<\/div>\n<\/div>\n<\/div>\n<p><h2 class=\"font-primary font-w-bold text-subheading-lg text-left container-center-100 mb-8\"><span>Qu\u00e9 se elige en Brasil<\/span><\/h2>\n<\/p>\n<p class=\"com-paragraph --s\">Los electores deber\u00e1n asistir a la jornada de votaci\u00f3n para elegir al pr\u00f3ximo <strong>presidente y vicepresidente<\/strong>, que comandar\u00e1n los destinos del pa\u00eds por los pr\u00f3ximos cuatro a\u00f1os.<\/p>\n<p><h2 class=\"font-primary font-w-bold text-subheading-lg text-left container-center-100 mb-8\"><span>C\u00f3mo se vota en Brasil 2026<\/span><\/h2>\n<\/p>\n<p class=\"com-paragraph --s\">En las elecciones presidenciales se utilizar\u00e1 la urna electr\u00f3nica, que se compone de <strong>dos terminales<\/strong>: el <strong>terminal de la autoridad de colegio electoral<\/strong>, en el que se identifica al votante y se le autoriza a votar (en algunos modelos, en los que se verifica la identidad del votante mediante datos biom\u00e9tricos), y <strong>el terminal del votante<\/strong>, en el que se registra num\u00e9ricamente el voto.<\/p>\n<div class=\"content-media\">\n<section role=\"button\" class=\"mod-media   \">\n<figure role=\"button\" tabindex=\"0\" class=\"mod-figure \"><figcaption class=\"mod-figcaption\"><span class=\"com-text --caption --twoxs\">Los pol\u00edticos con mayor intenci\u00f3n de voto en Brasil<\/span><span class=\"com-text --credit --twoxs\">ANDRE BORGES &#8211; AFP<\/span><\/figcaption><\/figure>\n<\/section>\n<\/div>\n<p><h2 class=\"font-primary font-w-bold text-subheading-lg text-left container-center-100 mb-8\"><span>Qu\u00e9 dicen las \u00faltimas encuestas sobre las elecciones presidenciales<\/span><\/h2>\n<\/p>\n<p class=\"com-paragraph --s\">Seg\u00fan una encuesta publicada el lunes por el instituto <strong>Nexus<\/strong>, <a href=\"https:\/\/www.lanacion.com.ar\/el-mundo\/la-ofensiva-diplomatica-de-lula-para-blindarse-ante-una-eleccion-que-promete-ser-feroz-nid23082026\/\" target=\"_self\" title=\"https:\/\/www.lanacion.com.ar\/el-mundo\/la-ofensiva-diplomatica-de-lula-para-blindarse-ante-una-eleccion-que-promete-ser-feroz-nid23082026\/\" class=\"com-link break-word\" data-mrf-recirculation=\"n_link_parrafo\">el l\u00edder del Partido de los Trabajadores<\/a> cuenta con <strong>un 39% de las intenciones de voto frente al 33% <\/strong>del representante de la derecha <strong>Fl\u00e1vio Bolsonaro<\/strong>.<\/p>\n<p class=\"com-paragraph --s\">En tercer lugar se ubica el outsider <strong>Augusto Cury<\/strong>, un psiquiatra que se presenta como una alternativa a la polarizaci\u00f3n entre izquierda y derecha y que sorprendi\u00f3 al crecer nueve puntos respecto al sondeo anterior del instituto hasta llegar al <strong>11% de intenci\u00f3n de voto<\/strong>. <\/p>\n<p class=\"com-paragraph --s\">A Cury le siguen el conservador <strong>Ronaldo Caiado<\/strong>, con el <strong>5%<\/strong>, el libertario <strong>Renan Santos<\/strong>, con el <strong>3%<\/strong>, y el derechista <strong>Romeu Zema<\/strong>, con un <strong>1%<\/strong>.<\/p>\n<p><h2 class=\"font-primary font-w-bold text-subheading-lg text-left container-center-100 mb-8\"><span>Cu\u00e1les son las condiciones para un balotaje y cu\u00e1ndo se votar\u00eda<\/span><\/h2>\n<\/p>\n<p class=\"com-paragraph --s\">En Brasil, si ning\u00fan candidato obtiene <strong>\u2060m\u00e1s del 50% de \u2060los votos v\u00e1lidos<\/strong> en la primera vuelta, los dos candidatos m\u00e1s votados pasan a un <strong>balotaje previsto para el 25 de octubre.<\/strong> En una eventual segunda vuelta,<strong> <\/strong>Lula registr\u00f3 el 46% y Bolsonaro el 45%, en empate t\u00e9cnico.<\/p>\n<section class=\"container-center-100 mb-40 border border-bottom border-thin border-neutral-light-700\"\/><\/div>\n<p><script id=\"facebookpixel\" defer=\"\" type=\"text\/javascript\">\n        !function(f,b,e,v,n,t,s)\n        {if(f.fbq)return;n=f.fbq=function(){n.callMethod?\n        n.callMethod.apply(n,arguments):n.queue.push(arguments)};\n        if(!f._fbq)f._fbq=n;n.push=n;n.loaded=!0;n.version='2.0';\n        n.queue=[];t=b.createElement(e);t.async=!0;\n        t.src=v;s=b.getElementsByTagName(e)[0];\n        s.parentNode.insertBefore(t,s)}(window, document,'script',\n        'https:\/\/connect.facebook.net\/en_US\/fbevents.js');\n        fbq('init', '492459597522335');\n        fbq('track', 'PageView');\n    <\/script><br \/>\n<br \/><\/p>\n","protected":false},"excerpt":{"rendered":"<p>En octubre, los ciudadanos brasileros deber\u00e1n asistir a la votaci\u00f3n que definir\u00e1 al pr\u00f3ximo mandatario del pa\u00eds y cobra relevancia saber qui\u00e9nes son los candidatos a presidente. Los electores habilitados para votar por el padr\u00f3n definitivo deber\u00e1n asistir a las urnas para emitir el sufragio en las elecciones generales, que se celebrar\u00e1n el pr\u00f3ximo domingo [&hellip;]<\/p>\n","protected":false},"author":2,"featured_media":210324,"comment_status":"closed","ping_status":"closed","sticky":false,"template":"","format":"standard","meta":{"footnotes":""},"categories":[26],"tags":[],"class_list":["post-210323","post","type-post","status-publish","format-standard","has-post-thumbnail","hentry","category-internacionales"],"yoast_head":"<!-- This site is optimized with the Yoast SEO plugin v24.4 - https:\/\/yoast.com\/wordpress\/plugins\/seo\/ -->\n<title>Elecciones en Brasil 2026: qui\u00e9nes son los candidatos a presidente - GYS NOTICIAS |<\/title>\n<meta name=\"robots\" content=\"index, follow, max-snippet:-1, max-image-preview:large, max-video-preview:-1\" \/>\n<link rel=\"canonical\" href=\"https:\/\/gysfm.com.ar\/inicio\/elecciones-en-brasil-2026-quienes-son-los-candidatos-a-presidente\/\" \/>\n<meta property=\"og:locale\" content=\"es_ES\" \/>\n<meta property=\"og:type\" content=\"article\" \/>\n<meta property=\"og:title\" content=\"Elecciones en Brasil 2026: qui\u00e9nes son los candidatos a presidente - GYS NOTICIAS |\" \/>\n<meta property=\"og:description\" content=\"En octubre, los ciudadanos brasileros deber\u00e1n asistir a la votaci\u00f3n que definir\u00e1 al pr\u00f3ximo mandatario del pa\u00eds y cobra relevancia saber qui\u00e9nes son los candidatos a presidente. Los electores habilitados para votar por el padr\u00f3n definitivo deber\u00e1n asistir a las urnas para emitir el sufragio en las elecciones generales, que se celebrar\u00e1n el pr\u00f3ximo domingo [&hellip;]\" \/>\n<meta property=\"og:url\" content=\"https:\/\/gysfm.com.ar\/inicio\/elecciones-en-brasil-2026-quienes-son-los-candidatos-a-presidente\/\" \/>\n<meta property=\"og:site_name\" content=\"GYS NOTICIAS |\" \/>\n<meta property=\"article:published_time\" content=\"2026-09-03T19:32:06+00:00\" \/>\n<meta property=\"article:modified_time\" content=\"2026-09-03T19:32:07+00:00\" \/>\n<meta property=\"og:image\" content=\"https:\/\/gysfm.com.ar\/inicio\/wp-content\/uploads\/2026\/09\/los-brasileros-eligen-presidente-el-4-de-KGUV4IZYVJASLCOH5O52HMOQB4.JPG\" \/>\n\t<meta property=\"og:image:width\" content=\"1200\" \/>\n\t<meta property=\"og:image:height\" content=\"800\" \/>\n\t<meta property=\"og:image:type\" content=\"image\/jpeg\" \/>\n<meta name=\"author\" content=\"Prensa G&amp;S FM\" \/>\n<meta name=\"twitter:card\" content=\"summary_large_image\" \/>\n<meta name=\"twitter:label1\" content=\"Escrito por\" \/>\n\t<meta name=\"twitter:data1\" content=\"Prensa G&amp;S FM\" \/>\n\t<meta name=\"twitter:label2\" content=\"Tiempo de lectura\" \/>\n\t<meta name=\"twitter:data2\" content=\"2 minutos\" \/>\n<script type=\"application\/ld+json\" class=\"yoast-schema-graph\">{\"@context\":\"https:\/\/schema.org\",\"@graph\":[{\"@type\":\"Article\",\"@id\":\"https:\/\/gysfm.com.ar\/inicio\/elecciones-en-brasil-2026-quienes-son-los-candidatos-a-presidente\/#article\",\"isPartOf\":{\"@id\":\"https:\/\/gysfm.com.ar\/inicio\/elecciones-en-brasil-2026-quienes-son-los-candidatos-a-presidente\/\"},\"author\":{\"name\":\"Prensa G&amp;S FM\",\"@id\":\"https:\/\/gysfm.com.ar\/inicio\/#\/schema\/person\/3abba7593ef2ad19e1be221d54383dc5\"},\"headline\":\"Elecciones en Brasil 2026: qui\u00e9nes son los candidatos a presidente\",\"datePublished\":\"2026-09-03T19:32:06+00:00\",\"dateModified\":\"2026-09-03T19:32:07+00:00\",\"mainEntityOfPage\":{\"@id\":\"https:\/\/gysfm.com.ar\/inicio\/elecciones-en-brasil-2026-quienes-son-los-candidatos-a-presidente\/\"},\"wordCount\":463,\"publisher\":{\"@id\":\"https:\/\/gysfm.com.ar\/inicio\/#organization\"},\"image\":{\"@id\":\"https:\/\/gysfm.com.ar\/inicio\/elecciones-en-brasil-2026-quienes-son-los-candidatos-a-presidente\/#primaryimage\"},\"thumbnailUrl\":\"https:\/\/gysfm.com.ar\/inicio\/wp-content\/uploads\/2026\/09\/los-brasileros-eligen-presidente-el-4-de-KGUV4IZYVJASLCOH5O52HMOQB4.JPG\",\"articleSection\":[\"INTERNACIONALES\"],\"inLanguage\":\"es\"},{\"@type\":\"WebPage\",\"@id\":\"https:\/\/gysfm.com.ar\/inicio\/elecciones-en-brasil-2026-quienes-son-los-candidatos-a-presidente\/\",\"url\":\"https:\/\/gysfm.com.ar\/inicio\/elecciones-en-brasil-2026-quienes-son-los-candidatos-a-presidente\/\",\"name\":\"Elecciones en Brasil 2026: qui\u00e9nes son los candidatos a presidente - GYS NOTICIAS |\",\"isPartOf\":{\"@id\":\"https:\/\/gysfm.com.ar\/inicio\/#website\"},\"primaryImageOfPage\":{\"@id\":\"https:\/\/gysfm.com.ar\/inicio\/elecciones-en-brasil-2026-quienes-son-los-candidatos-a-presidente\/#primaryimage\"},\"image\":{\"@id\":\"https:\/\/gysfm.com.ar\/inicio\/elecciones-en-brasil-2026-quienes-son-los-candidatos-a-presidente\/#primaryimage\"},\"thumbnailUrl\":\"https:\/\/gysfm.com.ar\/inicio\/wp-content\/uploads\/2026\/09\/los-brasileros-eligen-presidente-el-4-de-KGUV4IZYVJASLCOH5O52HMOQB4.JPG\",\"datePublished\":\"2026-09-03T19:32:06+00:00\",\"dateModified\":\"2026-09-03T19:32:07+00:00\",\"breadcrumb\":{\"@id\":\"https:\/\/gysfm.com.ar\/inicio\/elecciones-en-brasil-2026-quienes-son-los-candidatos-a-presidente\/#breadcrumb\"},\"inLanguage\":\"es\",\"potentialAction\":[{\"@type\":\"ReadAction\",\"target\":[\"https:\/\/gysfm.com.ar\/inicio\/elecciones-en-brasil-2026-quienes-son-los-candidatos-a-presidente\/\"]}]},{\"@type\":\"ImageObject\",\"inLanguage\":\"es\",\"@id\":\"https:\/\/gysfm.com.ar\/inicio\/elecciones-en-brasil-2026-quienes-son-los-candidatos-a-presidente\/#primaryimage\",\"url\":\"https:\/\/gysfm.com.ar\/inicio\/wp-content\/uploads\/2026\/09\/los-brasileros-eligen-presidente-el-4-de-KGUV4IZYVJASLCOH5O52HMOQB4.JPG\",\"contentUrl\":\"https:\/\/gysfm.com.ar\/inicio\/wp-content\/uploads\/2026\/09\/los-brasileros-eligen-presidente-el-4-de-KGUV4IZYVJASLCOH5O52HMOQB4.JPG\",\"width\":1200,\"height\":800},{\"@type\":\"BreadcrumbList\",\"@id\":\"https:\/\/gysfm.com.ar\/inicio\/elecciones-en-brasil-2026-quienes-son-los-candidatos-a-presidente\/#breadcrumb\",\"itemListElement\":[{\"@type\":\"ListItem\",\"position\":1,\"name\":\"Portada\",\"item\":\"https:\/\/gysfm.com.ar\/inicio\/\"},{\"@type\":\"ListItem\",\"position\":2,\"name\":\"Elecciones en Brasil 2026: qui\u00e9nes son los candidatos a presidente\"}]},{\"@type\":\"WebSite\",\"@id\":\"https:\/\/gysfm.com.ar\/inicio\/#website\",\"url\":\"https:\/\/gysfm.com.ar\/inicio\/\",\"name\":\"GYS NOTICIAS |\",\"description\":\"DIARIO - RADIO ONLINE SAN JUAN ARGENTINA\",\"publisher\":{\"@id\":\"https:\/\/gysfm.com.ar\/inicio\/#organization\"},\"potentialAction\":[{\"@type\":\"SearchAction\",\"target\":{\"@type\":\"EntryPoint\",\"urlTemplate\":\"https:\/\/gysfm.com.ar\/inicio\/?s={search_term_string}\"},\"query-input\":{\"@type\":\"PropertyValueSpecification\",\"valueRequired\":true,\"valueName\":\"search_term_string\"}}],\"inLanguage\":\"es\"},{\"@type\":\"Organization\",\"@id\":\"https:\/\/gysfm.com.ar\/inicio\/#organization\",\"name\":\"GYS NOTICIAS |\",\"url\":\"https:\/\/gysfm.com.ar\/inicio\/\",\"logo\":{\"@type\":\"ImageObject\",\"inLanguage\":\"es\",\"@id\":\"https:\/\/gysfm.com.ar\/inicio\/#\/schema\/logo\/image\/\",\"url\":\"https:\/\/gysfm.com.ar\/inicio\/wp-content\/uploads\/2023\/07\/LOGOGYS-OK.png\",\"contentUrl\":\"https:\/\/gysfm.com.ar\/inicio\/wp-content\/uploads\/2023\/07\/LOGOGYS-OK.png\",\"width\":1170,\"height\":872,\"caption\":\"GYS NOTICIAS |\"},\"image\":{\"@id\":\"https:\/\/gysfm.com.ar\/inicio\/#\/schema\/logo\/image\/\"}},{\"@type\":\"Person\",\"@id\":\"https:\/\/gysfm.com.ar\/inicio\/#\/schema\/person\/3abba7593ef2ad19e1be221d54383dc5\",\"name\":\"Prensa G&amp;S FM\",\"image\":{\"@type\":\"ImageObject\",\"inLanguage\":\"es\",\"@id\":\"https:\/\/gysfm.com.ar\/inicio\/#\/schema\/person\/image\/\",\"url\":\"https:\/\/secure.gravatar.com\/avatar\/096ec78df02049ab018702bb4ccedf659377fa92a26540b5247612077a0dbd29?s=96&d=mm&r=g\",\"contentUrl\":\"https:\/\/secure.gravatar.com\/avatar\/096ec78df02049ab018702bb4ccedf659377fa92a26540b5247612077a0dbd29?s=96&d=mm&r=g\",\"caption\":\"Prensa G&amp;S FM\"},\"sameAs\":[\"https:\/\/gysfm.com.ar\/\"],\"url\":\"https:\/\/gysfm.com.ar\/inicio\/author\/lucasm\/\"}]}<\/script>\n<!-- \/ Yoast SEO plugin. -->","yoast_head_json":{"title":"Elecciones en Brasil 2026: qui\u00e9nes son los candidatos a presidente - GYS NOTICIAS |","robots":{"index":"index","follow":"follow","max-snippet":"max-snippet:-1","max-image-preview":"max-image-preview:large","max-video-preview":"max-video-preview:-1"},"canonical":"https:\/\/gysfm.com.ar\/inicio\/elecciones-en-brasil-2026-quienes-son-los-candidatos-a-presidente\/","og_locale":"es_ES","og_type":"article","og_title":"Elecciones en Brasil 2026: qui\u00e9nes son los candidatos a presidente - GYS NOTICIAS |","og_description":"En octubre, los ciudadanos brasileros deber\u00e1n asistir a la votaci\u00f3n que definir\u00e1 al pr\u00f3ximo mandatario del pa\u00eds y cobra relevancia saber qui\u00e9nes son los candidatos a presidente. Los electores habilitados para votar por el padr\u00f3n definitivo deber\u00e1n asistir a las urnas para emitir el sufragio en las elecciones generales, que se celebrar\u00e1n el pr\u00f3ximo domingo [&hellip;]","og_url":"https:\/\/gysfm.com.ar\/inicio\/elecciones-en-brasil-2026-quienes-son-los-candidatos-a-presidente\/","og_site_name":"GYS NOTICIAS |","article_published_time":"2026-09-03T19:32:06+00:00","article_modified_time":"2026-09-03T19:32:07+00:00","og_image":[{"width":1200,"height":800,"url":"https:\/\/gysfm.com.ar\/inicio\/wp-content\/uploads\/2026\/09\/los-brasileros-eligen-presidente-el-4-de-KGUV4IZYVJASLCOH5O52HMOQB4.JPG","type":"image\/jpeg"}],"author":"Prensa G&amp;S FM","twitter_card":"summary_large_image","twitter_misc":{"Escrito por":"Prensa G&amp;S FM","Tiempo de lectura":"2 minutos"},"schema":{"@context":"https:\/\/schema.org","@graph":[{"@type":"Article","@id":"https:\/\/gysfm.com.ar\/inicio\/elecciones-en-brasil-2026-quienes-son-los-candidatos-a-presidente\/#article","isPartOf":{"@id":"https:\/\/gysfm.com.ar\/inicio\/elecciones-en-brasil-2026-quienes-son-los-candidatos-a-presidente\/"},"author":{"name":"Prensa G&amp;S FM","@id":"https:\/\/gysfm.com.ar\/inicio\/#\/schema\/person\/3abba7593ef2ad19e1be221d54383dc5"},"headline":"Elecciones en Brasil 2026: qui\u00e9nes son los candidatos a presidente","datePublished":"2026-09-03T19:32:06+00:00","dateModified":"2026-09-03T19:32:07+00:00","mainEntityOfPage":{"@id":"https:\/\/gysfm.com.ar\/inicio\/elecciones-en-brasil-2026-quienes-son-los-candidatos-a-presidente\/"},"wordCount":463,"publisher":{"@id":"https:\/\/gysfm.com.ar\/inicio\/#organization"},"image":{"@id":"https:\/\/gysfm.com.ar\/inicio\/elecciones-en-brasil-2026-quienes-son-los-candidatos-a-presidente\/#primaryimage"},"thumbnailUrl":"https:\/\/gysfm.com.ar\/inicio\/wp-content\/uploads\/2026\/09\/los-brasileros-eligen-presidente-el-4-de-KGUV4IZYVJASLCOH5O52HMOQB4.JPG","articleSection":["INTERNACIONALES"],"inLanguage":"es"},{"@type":"WebPage","@id":"https:\/\/gysfm.com.ar\/inicio\/elecciones-en-brasil-2026-quienes-son-los-candidatos-a-presidente\/","url":"https:\/\/gysfm.com.ar\/inicio\/elecciones-en-brasil-2026-quienes-son-los-candidatos-a-presidente\/","name":"Elecciones en Brasil 2026: qui\u00e9nes son los candidatos a presidente - GYS NOTICIAS |","isPartOf":{"@id":"https:\/\/gysfm.com.ar\/inicio\/#website"},"primaryImageOfPage":{"@id":"https:\/\/gysfm.com.ar\/inicio\/elecciones-en-brasil-2026-quienes-son-los-candidatos-a-presidente\/#primaryimage"},"image":{"@id":"https:\/\/gysfm.com.ar\/inicio\/elecciones-en-brasil-2026-quienes-son-los-candidatos-a-presidente\/#primaryimage"},"thumbnailUrl":"https:\/\/gysfm.com.ar\/inicio\/wp-content\/uploads\/2026\/09\/los-brasileros-eligen-presidente-el-4-de-KGUV4IZYVJASLCOH5O52HMOQB4.JPG","datePublished":"2026-09-03T19:32:06+00:00","dateModified":"2026-09-03T19:32:07+00:00","breadcrumb":{"@id":"https:\/\/gysfm.com.ar\/inicio\/elecciones-en-brasil-2026-quienes-son-los-candidatos-a-presidente\/#breadcrumb"},"inLanguage":"es","potentialAction":[{"@type":"ReadAction","target":["https:\/\/gysfm.com.ar\/inicio\/elecciones-en-brasil-2026-quienes-son-los-candidatos-a-presidente\/"]}]},{"@type":"ImageObject","inLanguage":"es","@id":"https:\/\/gysfm.com.ar\/inicio\/elecciones-en-brasil-2026-quienes-son-los-candidatos-a-presidente\/#primaryimage","url":"https:\/\/gysfm.com.ar\/inicio\/wp-content\/uploads\/2026\/09\/los-brasileros-eligen-presidente-el-4-de-KGUV4IZYVJASLCOH5O52HMOQB4.JPG","contentUrl":"https:\/\/gysfm.com.ar\/inicio\/wp-content\/uploads\/2026\/09\/los-brasileros-eligen-presidente-el-4-de-KGUV4IZYVJASLCOH5O52HMOQB4.JPG","width":1200,"height":800},{"@type":"BreadcrumbList","@id":"https:\/\/gysfm.com.ar\/inicio\/elecciones-en-brasil-2026-quienes-son-los-candidatos-a-presidente\/#breadcrumb","itemListElement":[{"@type":"ListItem","position":1,"name":"Portada","item":"https:\/\/gysfm.com.ar\/inicio\/"},{"@type":"ListItem","position":2,"name":"Elecciones en Brasil 2026: qui\u00e9nes son los candidatos a presidente"}]},{"@type":"WebSite","@id":"https:\/\/gysfm.com.ar\/inicio\/#website","url":"https:\/\/gysfm.com.ar\/inicio\/","name":"GYS NOTICIAS |","description":"DIARIO - RADIO ONLINE SAN JUAN ARGENTINA","publisher":{"@id":"https:\/\/gysfm.com.ar\/inicio\/#organization"},"potentialAction":[{"@type":"SearchAction","target":{"@type":"EntryPoint","urlTemplate":"https:\/\/gysfm.com.ar\/inicio\/?s={search_term_string}"},"query-input":{"@type":"PropertyValueSpecification","valueRequired":true,"valueName":"search_term_string"}}],"inLanguage":"es"},{"@type":"Organization","@id":"https:\/\/gysfm.com.ar\/inicio\/#organization","name":"GYS NOTICIAS |","url":"https:\/\/gysfm.com.ar\/inicio\/","logo":{"@type":"ImageObject","inLanguage":"es","@id":"https:\/\/gysfm.com.ar\/inicio\/#\/schema\/logo\/image\/","url":"https:\/\/gysfm.com.ar\/inicio\/wp-content\/uploads\/2023\/07\/LOGOGYS-OK.png","contentUrl":"https:\/\/gysfm.com.ar\/inicio\/wp-content\/uploads\/2023\/07\/LOGOGYS-OK.png","width":1170,"height":872,"caption":"GYS NOTICIAS |"},"image":{"@id":"https:\/\/gysfm.com.ar\/inicio\/#\/schema\/logo\/image\/"}},{"@type":"Person","@id":"https:\/\/gysfm.com.ar\/inicio\/#\/schema\/person\/3abba7593ef2ad19e1be221d54383dc5","name":"Prensa G&amp;S FM","image":{"@type":"ImageObject","inLanguage":"es","@id":"https:\/\/gysfm.com.ar\/inicio\/#\/schema\/person\/image\/","url":"https:\/\/secure.gravatar.com\/avatar\/096ec78df02049ab018702bb4ccedf659377fa92a26540b5247612077a0dbd29?s=96&d=mm&r=g","contentUrl":"https:\/\/secure.gravatar.com\/avatar\/096ec78df02049ab018702bb4ccedf659377fa92a26540b5247612077a0dbd29?s=96&d=mm&r=g","caption":"Prensa G&amp;S FM"},"sameAs":["https:\/\/gysfm.com.ar\/"],"url":"https:\/\/gysfm.com.ar\/inicio\/author\/lucasm\/"}]}},"_links":{"self":[{"href":"https:\/\/gysfm.com.ar\/inicio\/wp-json\/wp\/v2\/posts\/210323","targetHints":{"allow":["GET"]}}],"collection":[{"href":"https:\/\/gysfm.com.ar\/inicio\/wp-json\/wp\/v2\/posts"}],"about":[{"href":"https:\/\/gysfm.com.ar\/inicio\/wp-json\/wp\/v2\/types\/post"}],"author":[{"embeddable":true,"href":"https:\/\/gysfm.com.ar\/inicio\/wp-json\/wp\/v2\/users\/2"}],"replies":[{"embeddable":true,"href":"https:\/\/gysfm.com.ar\/inicio\/wp-json\/wp\/v2\/comments?post=210323"}],"version-history":[{"count":1,"href":"https:\/\/gysfm.com.ar\/inicio\/wp-json\/wp\/v2\/posts\/210323\/revisions"}],"predecessor-version":[{"id":210325,"href":"https:\/\/gysfm.com.ar\/inicio\/wp-json\/wp\/v2\/posts\/210323\/revisions\/210325"}],"wp:featuredmedia":[{"embeddable":true,"href":"https:\/\/gysfm.com.ar\/inicio\/wp-json\/wp\/v2\/media\/210324"}],"wp:attachment":[{"href":"https:\/\/gysfm.com.ar\/inicio\/wp-json\/wp\/v2\/media?parent=210323"}],"wp:term":[{"taxonomy":"category","embeddable":true,"href":"https:\/\/gysfm.com.ar\/inicio\/wp-json\/wp\/v2\/categories?post=210323"},{"taxonomy":"post_tag","embeddable":true,"href":"https:\/\/gysfm.com.ar\/inicio\/wp-json\/wp\/v2\/tags?post=210323"}],"curies":[{"name":"wp","href":"https:\/\/api.w.org\/{rel}","templated":true}]}}