{"id":210320,"date":"2026-09-03T15:30:09","date_gmt":"2026-09-03T18:30:09","guid":{"rendered":"https:\/\/gysfm.com.ar\/inicio\/quien-es-diego-sebastian-rosen-el-argentino-detenido-por-el-crimen-de-un-musico-y-su-familia-en-mexico\/"},"modified":"2026-09-03T15:30:10","modified_gmt":"2026-09-03T18:30:10","slug":"quien-es-diego-sebastian-rosen-el-argentino-detenido-por-el-crimen-de-un-musico-y-su-familia-en-mexico","status":"publish","type":"post","link":"https:\/\/gysfm.com.ar\/inicio\/quien-es-diego-sebastian-rosen-el-argentino-detenido-por-el-crimen-de-un-musico-y-su-familia-en-mexico\/","title":{"rendered":"Qui\u00e9n es Diego Sebasti\u00e1n Rosen, el argentino detenido por el crimen de un m\u00fasico y su familia en M\u00e9xico"},"content":{"rendered":"<p> <br \/>\n<\/p>\n<div>\n<p class=\"com-paragraph --capital --s text-left\">CIUDAD DE M\u00c9XICO.- Uno de los dos detenidos este mi\u00e9rcoles por el <strong>crimen del m\u00fasico <\/strong><a href=\"https:\/\/www.lanacion.com.ar\/el-mundo\/mexico-un-argentino-fue-detenido-por-el-asesinato-de-un-musico-y-su-familia-en-su-casa-nid03092026\/\" target=\"_self\" title=\"https:\/\/www.lanacion.com.ar\/el-mundo\/mexico-un-argentino-fue-detenido-por-el-asesinato-de-un-musico-y-su-familia-en-su-casa-nid03092026\/\" class=\"com-link break-word\" data-mrf-recirculation=\"n_link_parrafo\"><strong>Jonathan Mel\u00e9ndez<\/strong><\/a>, l\u00edder de la banda mexicana Camilo S\u00e9ptimo, y de su familia, fue identificado como el argentino <strong>Diego Sebasti\u00e1n Rosen<\/strong>. El hombre, de 51 a\u00f1os, es se\u00f1alado como presunto autor material e intelectual del asesinato, ya que fue captado por las c\u00e1maras de seguridad de la residencia del artista y ten\u00eda un v\u00ednculo socio-comercial con \u00e9l.<\/p>\n<p class=\"com-paragraph --s\">Seg\u00fan las primeras reconstrucciones consignadas por el diario mexicano <a href=\"https:\/\/www.eluniversal.com.mx\/nacion\/detenido-por-asesinato-del-tecladista-de-camilo-septimo-era-socio-del-musico-afirma-harfuch-aprovecho-relacion-de-confianza-acusa\/\" target=\"_blank\" title=\"https:\/\/www.eluniversal.com.mx\/nacion\/detenido-por-asesinato-del-tecladista-de-camilo-septimo-era-socio-del-musico-afirma-harfuch-aprovecho-relacion-de-confianza-acusa\/\" class=\"com-link break-word\" data-mrf-recirculation=\"n_link_parrafo\" rel=\"nofollow\"><em>El Universal<\/em><\/a>, los responsables habr\u00edan utilizado la relaci\u00f3n de confianza que uno de ellos ten\u00eda con Mel\u00e9ndez Ochoa para ingresar al departamento. Adem\u00e1s de Rosen, la Fiscal\u00eda General de Justicia del Estado de M\u00e9xico (FGJEM) detuvo a a Gerardo <strong>\u201cN\u201d<\/strong>, investigado por su probable participaci\u00f3n. <\/p>\n<div class=\"content-media\">\n<section role=\"button\" class=\"mod-media   \">\n<figure role=\"button\" tabindex=\"0\" class=\"mod-figure \"><figcaption class=\"mod-figcaption\"><span class=\"com-text --caption --twoxs\">Diego Sebasti\u00e1n Rosen<\/span><span class=\"com-text --credit --twoxs\">Gentileza<\/span><\/figcaption><\/figure>\n<\/section>\n<\/div>\n<p class=\"com-paragraph --s text-left\">El medio <a href=\"https:\/\/x.com\/Radio_Formula\/status\/2095375123347837161\" target=\"_blank\" title=\"https:\/\/x.com\/Radio_Formula\/status\/2095375123347837161\" class=\"com-link break-word\" data-mrf-recirculation=\"n_link_parrafo\" rel=\"nofollow\"><em>Radio F\u00f3rmula<\/em><\/a><em> <\/em>indic\u00f3 que Rosen es due\u00f1o de una empresa de viajes mexicana llamada <strong>NOMAD Adventures<\/strong>, que ofrec\u00eda \u201cescapes extraordinarios\u201d dentro del pa\u00eds y que ya hab\u00eda sido acusado de estafas. <\/p>\n<p class=\"com-paragraph --s text-left\">En el sitio oficial de la empresa se estipula que su objetivo es garantizar \u201caventuras que rompan con lo ordinario\u201d y la \u201cexploraci\u00f3n de nuevos caminos para reconectar con lo que importa\u201d. \u201cLos l\u00edmites son imaginarios. Solamente lo desconocido conduce al verdadero descubrimiento interior, as\u00ed funciona la naturaleza. La curiosidad es nuestro credo\u201d, mantiene como filosof\u00eda.<\/p>\n<div class=\"content-media cursor-pointer\">\n<section class=\"media-container relative w-100 mod-media pb-32\">\n<figure class=\"mod-video flex flex-column ai-center bg-neutral-light-50\">\n<div class=\"video-player ratio-9-16 flex jc-center ai-center w-100 h-100 w-320\" data-has-jwplayer=\"true\" data-video-id-jw=\"sztbBDSF\" data-config=\"{&quot;title&quot;:&quot;El homicida al ser registrado por las c\u00e1maras de seguridad&quot;,&quot;mediaId&quot;:&quot;sztbBDSF&quot;,&quot;playerId&quot;:&quot;hOz6uuUy&quot;,&quot;playlist&quot;:[{&quot;mediaid&quot;:&quot;sztbBDSF&quot;,&quot;sources&quot;:[{&quot;file&quot;:&quot;https:\/\/cdn.jwplayer.com\/manifests\/sztbBDSF.m3u8&quot;,&quot;type&quot;:&quot;application\/vnd.apple.mpegurl&quot;},{&quot;bitrate&quot;:203671,&quot;file&quot;:&quot;https:\/\/cdn.jwplayer.com\/videos\/sztbBDSF-kTExGaWf.mp4&quot;,&quot;filesize&quot;:611014,&quot;framerate&quot;:30,&quot;height&quot;:320,&quot;label&quot;:&quot;180p&quot;,&quot;type&quot;:&quot;video\/mp4&quot;,&quot;width&quot;:180},{&quot;bitrate&quot;:299737,&quot;file&quot;:&quot;https:\/\/cdn.jwplayer.com\/videos\/sztbBDSF-K8B0kybS.mp4&quot;,&quot;filesize&quot;:899212,&quot;framerate&quot;:30,&quot;height&quot;:480,&quot;label&quot;:&quot;270p&quot;,&quot;type&quot;:&quot;video\/mp4&quot;,&quot;width&quot;:270},{&quot;bitrate&quot;:116229,&quot;file&quot;:&quot;https:\/\/cdn.jwplayer.com\/videos\/sztbBDSF-hz5z2Tv4.m4a&quot;,&quot;filesize&quot;:348688,&quot;label&quot;:&quot;AAC Audio&quot;,&quot;type&quot;:&quot;audio\/mp4&quot;},{&quot;bitrate&quot;:377829,&quot;file&quot;:&quot;https:\/\/cdn.jwplayer.com\/videos\/sztbBDSF-FnZGUVnC.mp4&quot;,&quot;filesize&quot;:1133489,&quot;framerate&quot;:30,&quot;height&quot;:640,&quot;label&quot;:&quot;360p&quot;,&quot;type&quot;:&quot;video\/mp4&quot;,&quot;width&quot;:360},{&quot;bitrate&quot;:624737,&quot;file&quot;:&quot;https:\/\/cdn.jwplayer.com\/videos\/sztbBDSF-0G6Pwvlw.mp4&quot;,&quot;filesize&quot;:1874212,&quot;framerate&quot;:30,&quot;height&quot;:960,&quot;label&quot;:&quot;540p&quot;,&quot;type&quot;:&quot;video\/mp4&quot;,&quot;width&quot;:540}]}],&quot;hasAutoplay&quot;:false,&quot;autostart&quot;:true,&quot;tagsUrl&quot;:&quot;https:\/\/pubads.g.doubleclick.net\/gampad\/ads?slotname=\/133919216\/la_nacion_video\/nota\/preroll&amp;sz=640x480|400x300&amp;ciu_szs=300x250&amp;unviewed_position_start=1&amp;output=vast&amp;impl=s&amp;env=vp&amp;gdfp_req=1&amp;ad_rule=0&amp;vad_type=linear&amp;vpos=preroll&amp;cust_params=tags_nuevos%3Dte_mexico%2Cca_el_mundo%2C%2C2XDSIKWJMFEE5GXKDJTTJFMBE4&amp;pod=3&amp;ppos=1&amp;lip=true&amp;min_ad_duration=0&amp;max_ad_duration=30000&amp;vrid=6256&amp;url=https%3A%2F%2Fwww.lanacion.com.ar%2Fel-mundo%2Fquien-es-diego-sebastian-rosen-el-argentino-detenido-por-el-crimen-de-un-musico-y-su-familia-en-nid03092026%2F%3Fvariant%3DA&amp;description_url=https%3A%2F%2Fwww.lanacion.com.ar%2Fel-mundo%2Fquien-es-diego-sebastian-rosen-el-argentino-detenido-por-el-crimen-de-un-musico-y-su-familia-en-nid03092026%2F%3Fvariant%3DA&amp;video_doc_id=short_onecue&amp;cmsid=496&amp;kfa=0&amp;tfcd=0&amp;correlator=1788459700671&quot;,&quot;arcSite&quot;:&quot;la-nacion-ar&quot;,&quot;duration&quot;:&quot;24000&quot;}\">\n<div id=\"facade-sztbBDSF\" class=\"content-facade-jw relative bg-black w-100 ratio-9-16\"><picture><source media=\"(max-width: 767px)\" srcset=\"https:\/\/www.lanacion.com.ar\/resizer\/v2\/https%3A%2F%2Fcdn.jwplayer.com%2Fv2%2Fmedia%2FsztbBDSF%2Fposter.jpg%3Fwidth%3D720?auth=511acfae300093751cf0a266736a9588eec616bbadc4ce77ffd2143e3c8eaa96&amp;width=480&amp;quality=70&amp;smart=false\"\/><\/picture><\/div>\n<\/div><figcaption class=\"border border-1 border-bottom border-light-300 relative px-16 py-8 min-h-36 w-100_md w-100 bg-white\"><span class=\"text ln-text text-16 block\">El homicida al ser registrado por las c\u00e1maras de seguridad<\/span><\/figcaption><\/figure>\n<\/section>\n<\/div>\n<p class=\"com-paragraph --s text-left\">El empresario argentino, en tanto, era socio comercial de Mel\u00e9ndez en la administradora de rentas vacaciones y desde all\u00ed manten\u00edan un v\u00ednculo. \u201cLas investigaciones establecieron que uno de los detenidos <strong>era socio de una de las v\u00edctimas<\/strong>. Presuntamente, aprovech\u00f3 esa relaci\u00f3n de confianza para ingresar al domicilio\u201d, inform\u00f3 el secretario de Seguridad, Omar Garc\u00eda Harfuch. En ese sentido, el funcionario detall\u00f3 que lograron dar con el paradero de los principales sospechosos en menos de 24 horas.<\/p>\n<p class=\"com-paragraph --s\">Por su parte, en las \u00faltimas horas, medios mexicanos tambi\u00e9n difundieron un video donde se lo puede ver a Rosen minutos antes del homicidio siendo registrado en las c\u00e1maras de seguridad del ascensor de la residencia. Durante la grabaci\u00f3n, de casi 30 segundos, se lo ve al hombre -vestido de gorra, gafas oscuras y mochila- esperando llegar al piso indicado. Antes de salir, voltea y mira fijamente a la videovigilancia sin emitir expresi\u00f3n.<\/p>\n<div class=\"content-media\">\n<section role=\"button\" class=\"mod-media   \">\n<figure role=\"button\" tabindex=\"0\" class=\"mod-figure \"><figcaption class=\"mod-figcaption\"><span class=\"com-text --caption --twoxs\">La imagen de los detenidos que difundi\u00f3 la Fiscal\u00eda<\/span><\/figcaption><\/figure>\n<\/section>\n<\/div>\n<p><h3 class=\"font-primary text-subheading-lg text-left container-center-100 mb-8\"><span>Las acusaciones por fraude<\/span><\/h3>\n<\/p>\n<p class=\"com-paragraph --s text-left\">Tras conocerse la detenci\u00f3n de Rosen, distintas personas denunciaron de manera an\u00f3nima que el empresario argentino los estaf\u00f3 por medio de NOMAS Adventures y que pagaron por servicios que finalmente no recibieron. Seg\u00fan remarcaron las v\u00edctimas, <strong>el empresario se habr\u00eda quedado con 400 mil pesos mexicanos<\/strong>.<\/p>\n<p class=\"com-paragraph --s text-left\">\u201cHacemos esta denuncia porque se nos hace algo injusto. Con mi familia \u00edbamos a celebrar una semana en Acapulco y nos defraudaron por una cantidad muy fuerte. Era el cumplea\u00f1os de mi abuelo y ese fin de semana no logramos estar. Buscamos en la plataforma Airbnb y coincidimos en que su plataforma es funcional y tiene m\u00e1s de 900 comentarios positivos, de que es confiable. Posterior a eso, toda mi familia intent\u00f3 recabar informaci\u00f3n sobre ellos\u201d, expres\u00f3 uno de los damnificados a Radio F\u00f3rmula.<\/p>\n<p class=\"com-paragraph --s text-left\">Luego, continu\u00f3: \u201cSi nosotros nos hubi\u00e9ramos juntado, talvez podr\u00edamos haber evitado esta situaci\u00f3n, Pero agradecemos a la ley divina de que \u00e9l ya est\u00e9 tras las rejas, pero hay una operaci\u00f3n detr\u00e1s que contin\u00faa libre ante esto: su esposa, <strong>Paola Mandri<\/strong>. Esto nos da terror, estamos en shock\u201d.<\/p>\n<section class=\"container-center-100 mb-40 border border-bottom border-thin border-neutral-light-700\">\n<hr\/>\n<\/section>\n<\/div>\n<p><script id=\"facebookpixel\" defer=\"\" type=\"text\/javascript\">\n        !function(f,b,e,v,n,t,s)\n        {if(f.fbq)return;n=f.fbq=function(){n.callMethod?\n        n.callMethod.apply(n,arguments):n.queue.push(arguments)};\n        if(!f._fbq)f._fbq=n;n.push=n;n.loaded=!0;n.version='2.0';\n        n.queue=[];t=b.createElement(e);t.async=!0;\n        t.src=v;s=b.getElementsByTagName(e)[0];\n        s.parentNode.insertBefore(t,s)}(window, document,'script',\n        'https:\/\/connect.facebook.net\/en_US\/fbevents.js');\n        fbq('init', '492459597522335');\n        fbq('track', 'PageView');\n    <\/script><br \/>\n<br \/><\/p>\n","protected":false},"excerpt":{"rendered":"<p>CIUDAD DE M\u00c9XICO.- Uno de los dos detenidos este mi\u00e9rcoles por el crimen del m\u00fasico Jonathan Mel\u00e9ndez, l\u00edder de la banda mexicana Camilo S\u00e9ptimo, y de su familia, fue identificado como el argentino Diego Sebasti\u00e1n Rosen. El hombre, de 51 a\u00f1os, es se\u00f1alado como presunto autor material e intelectual del asesinato, ya que fue captado [&hellip;]<\/p>\n","protected":false},"author":2,"featured_media":210321,"comment_status":"closed","ping_status":"closed","sticky":false,"template":"","format":"standard","meta":{"footnotes":""},"categories":[26],"tags":[],"class_list":["post-210320","post","type-post","status-publish","format-standard","has-post-thumbnail","hentry","category-internacionales"],"yoast_head":"<!-- This site is optimized with the Yoast SEO plugin v24.4 - https:\/\/yoast.com\/wordpress\/plugins\/seo\/ -->\n<title>Qui\u00e9n es Diego Sebasti\u00e1n Rosen, el argentino detenido por el crimen de un m\u00fasico y su familia en M\u00e9xico - GYS NOTICIAS |<\/title>\n<meta name=\"robots\" content=\"index, follow, max-snippet:-1, max-image-preview:large, max-video-preview:-1\" \/>\n<link rel=\"canonical\" href=\"https:\/\/gysfm.com.ar\/inicio\/quien-es-diego-sebastian-rosen-el-argentino-detenido-por-el-crimen-de-un-musico-y-su-familia-en-mexico\/\" \/>\n<meta property=\"og:locale\" content=\"es_ES\" \/>\n<meta property=\"og:type\" content=\"article\" \/>\n<meta property=\"og:title\" content=\"Qui\u00e9n es Diego Sebasti\u00e1n Rosen, el argentino detenido por el crimen de un m\u00fasico y su familia en M\u00e9xico - GYS NOTICIAS |\" \/>\n<meta property=\"og:description\" content=\"CIUDAD DE M\u00c9XICO.- Uno de los dos detenidos este mi\u00e9rcoles por el crimen del m\u00fasico Jonathan Mel\u00e9ndez, l\u00edder de la banda mexicana Camilo S\u00e9ptimo, y de su familia, fue identificado como el argentino Diego Sebasti\u00e1n Rosen. El hombre, de 51 a\u00f1os, es se\u00f1alado como presunto autor material e intelectual del asesinato, ya que fue captado [&hellip;]\" \/>\n<meta property=\"og:url\" content=\"https:\/\/gysfm.com.ar\/inicio\/quien-es-diego-sebastian-rosen-el-argentino-detenido-por-el-crimen-de-un-musico-y-su-familia-en-mexico\/\" \/>\n<meta property=\"og:site_name\" content=\"GYS NOTICIAS |\" \/>\n<meta property=\"article:published_time\" content=\"2026-09-03T18:30:09+00:00\" \/>\n<meta property=\"article:modified_time\" content=\"2026-09-03T18:30:10+00:00\" \/>\n<meta property=\"og:image\" content=\"https:\/\/gysfm.com.ar\/inicio\/wp-content\/uploads\/2026\/09\/diego-sebastian-rosen-el-argentino-que-mato-a-una-4HBNQXNOG5EW5BWHNXU2L5FTZE.jpg\" \/>\n\t<meta property=\"og:image:width\" content=\"1200\" \/>\n\t<meta property=\"og:image:height\" content=\"800\" \/>\n\t<meta property=\"og:image:type\" content=\"image\/jpeg\" \/>\n<meta name=\"author\" content=\"Prensa G&amp;S FM\" \/>\n<meta name=\"twitter:card\" content=\"summary_large_image\" \/>\n<meta name=\"twitter:label1\" content=\"Escrito por\" \/>\n\t<meta name=\"twitter:data1\" content=\"Prensa G&amp;S FM\" \/>\n\t<meta name=\"twitter:label2\" content=\"Tiempo de lectura\" \/>\n\t<meta name=\"twitter:data2\" content=\"3 minutos\" \/>\n<script type=\"application\/ld+json\" class=\"yoast-schema-graph\">{\"@context\":\"https:\/\/schema.org\",\"@graph\":[{\"@type\":\"Article\",\"@id\":\"https:\/\/gysfm.com.ar\/inicio\/quien-es-diego-sebastian-rosen-el-argentino-detenido-por-el-crimen-de-un-musico-y-su-familia-en-mexico\/#article\",\"isPartOf\":{\"@id\":\"https:\/\/gysfm.com.ar\/inicio\/quien-es-diego-sebastian-rosen-el-argentino-detenido-por-el-crimen-de-un-musico-y-su-familia-en-mexico\/\"},\"author\":{\"name\":\"Prensa G&amp;S FM\",\"@id\":\"https:\/\/gysfm.com.ar\/inicio\/#\/schema\/person\/3abba7593ef2ad19e1be221d54383dc5\"},\"headline\":\"Qui\u00e9n es Diego Sebasti\u00e1n Rosen, el argentino detenido por el crimen de un m\u00fasico y su familia en M\u00e9xico\",\"datePublished\":\"2026-09-03T18:30:09+00:00\",\"dateModified\":\"2026-09-03T18:30:10+00:00\",\"mainEntityOfPage\":{\"@id\":\"https:\/\/gysfm.com.ar\/inicio\/quien-es-diego-sebastian-rosen-el-argentino-detenido-por-el-crimen-de-un-musico-y-su-familia-en-mexico\/\"},\"wordCount\":647,\"publisher\":{\"@id\":\"https:\/\/gysfm.com.ar\/inicio\/#organization\"},\"image\":{\"@id\":\"https:\/\/gysfm.com.ar\/inicio\/quien-es-diego-sebastian-rosen-el-argentino-detenido-por-el-crimen-de-un-musico-y-su-familia-en-mexico\/#primaryimage\"},\"thumbnailUrl\":\"https:\/\/gysfm.com.ar\/inicio\/wp-content\/uploads\/2026\/09\/diego-sebastian-rosen-el-argentino-que-mato-a-una-4HBNQXNOG5EW5BWHNXU2L5FTZE.jpg\",\"articleSection\":[\"INTERNACIONALES\"],\"inLanguage\":\"es\"},{\"@type\":\"WebPage\",\"@id\":\"https:\/\/gysfm.com.ar\/inicio\/quien-es-diego-sebastian-rosen-el-argentino-detenido-por-el-crimen-de-un-musico-y-su-familia-en-mexico\/\",\"url\":\"https:\/\/gysfm.com.ar\/inicio\/quien-es-diego-sebastian-rosen-el-argentino-detenido-por-el-crimen-de-un-musico-y-su-familia-en-mexico\/\",\"name\":\"Qui\u00e9n es Diego Sebasti\u00e1n Rosen, el argentino detenido por el crimen de un m\u00fasico y su familia en M\u00e9xico - GYS NOTICIAS |\",\"isPartOf\":{\"@id\":\"https:\/\/gysfm.com.ar\/inicio\/#website\"},\"primaryImageOfPage\":{\"@id\":\"https:\/\/gysfm.com.ar\/inicio\/quien-es-diego-sebastian-rosen-el-argentino-detenido-por-el-crimen-de-un-musico-y-su-familia-en-mexico\/#primaryimage\"},\"image\":{\"@id\":\"https:\/\/gysfm.com.ar\/inicio\/quien-es-diego-sebastian-rosen-el-argentino-detenido-por-el-crimen-de-un-musico-y-su-familia-en-mexico\/#primaryimage\"},\"thumbnailUrl\":\"https:\/\/gysfm.com.ar\/inicio\/wp-content\/uploads\/2026\/09\/diego-sebastian-rosen-el-argentino-que-mato-a-una-4HBNQXNOG5EW5BWHNXU2L5FTZE.jpg\",\"datePublished\":\"2026-09-03T18:30:09+00:00\",\"dateModified\":\"2026-09-03T18:30:10+00:00\",\"breadcrumb\":{\"@id\":\"https:\/\/gysfm.com.ar\/inicio\/quien-es-diego-sebastian-rosen-el-argentino-detenido-por-el-crimen-de-un-musico-y-su-familia-en-mexico\/#breadcrumb\"},\"inLanguage\":\"es\",\"potentialAction\":[{\"@type\":\"ReadAction\",\"target\":[\"https:\/\/gysfm.com.ar\/inicio\/quien-es-diego-sebastian-rosen-el-argentino-detenido-por-el-crimen-de-un-musico-y-su-familia-en-mexico\/\"]}]},{\"@type\":\"ImageObject\",\"inLanguage\":\"es\",\"@id\":\"https:\/\/gysfm.com.ar\/inicio\/quien-es-diego-sebastian-rosen-el-argentino-detenido-por-el-crimen-de-un-musico-y-su-familia-en-mexico\/#primaryimage\",\"url\":\"https:\/\/gysfm.com.ar\/inicio\/wp-content\/uploads\/2026\/09\/diego-sebastian-rosen-el-argentino-que-mato-a-una-4HBNQXNOG5EW5BWHNXU2L5FTZE.jpg\",\"contentUrl\":\"https:\/\/gysfm.com.ar\/inicio\/wp-content\/uploads\/2026\/09\/diego-sebastian-rosen-el-argentino-que-mato-a-una-4HBNQXNOG5EW5BWHNXU2L5FTZE.jpg\",\"width\":1200,\"height\":800},{\"@type\":\"BreadcrumbList\",\"@id\":\"https:\/\/gysfm.com.ar\/inicio\/quien-es-diego-sebastian-rosen-el-argentino-detenido-por-el-crimen-de-un-musico-y-su-familia-en-mexico\/#breadcrumb\",\"itemListElement\":[{\"@type\":\"ListItem\",\"position\":1,\"name\":\"Portada\",\"item\":\"https:\/\/gysfm.com.ar\/inicio\/\"},{\"@type\":\"ListItem\",\"position\":2,\"name\":\"Qui\u00e9n es Diego Sebasti\u00e1n Rosen, el argentino detenido por el crimen de un m\u00fasico y su familia en M\u00e9xico\"}]},{\"@type\":\"WebSite\",\"@id\":\"https:\/\/gysfm.com.ar\/inicio\/#website\",\"url\":\"https:\/\/gysfm.com.ar\/inicio\/\",\"name\":\"GYS NOTICIAS |\",\"description\":\"DIARIO - RADIO ONLINE SAN JUAN ARGENTINA\",\"publisher\":{\"@id\":\"https:\/\/gysfm.com.ar\/inicio\/#organization\"},\"potentialAction\":[{\"@type\":\"SearchAction\",\"target\":{\"@type\":\"EntryPoint\",\"urlTemplate\":\"https:\/\/gysfm.com.ar\/inicio\/?s={search_term_string}\"},\"query-input\":{\"@type\":\"PropertyValueSpecification\",\"valueRequired\":true,\"valueName\":\"search_term_string\"}}],\"inLanguage\":\"es\"},{\"@type\":\"Organization\",\"@id\":\"https:\/\/gysfm.com.ar\/inicio\/#organization\",\"name\":\"GYS NOTICIAS |\",\"url\":\"https:\/\/gysfm.com.ar\/inicio\/\",\"logo\":{\"@type\":\"ImageObject\",\"inLanguage\":\"es\",\"@id\":\"https:\/\/gysfm.com.ar\/inicio\/#\/schema\/logo\/image\/\",\"url\":\"https:\/\/gysfm.com.ar\/inicio\/wp-content\/uploads\/2023\/07\/LOGOGYS-OK.png\",\"contentUrl\":\"https:\/\/gysfm.com.ar\/inicio\/wp-content\/uploads\/2023\/07\/LOGOGYS-OK.png\",\"width\":1170,\"height\":872,\"caption\":\"GYS NOTICIAS |\"},\"image\":{\"@id\":\"https:\/\/gysfm.com.ar\/inicio\/#\/schema\/logo\/image\/\"}},{\"@type\":\"Person\",\"@id\":\"https:\/\/gysfm.com.ar\/inicio\/#\/schema\/person\/3abba7593ef2ad19e1be221d54383dc5\",\"name\":\"Prensa G&amp;S FM\",\"image\":{\"@type\":\"ImageObject\",\"inLanguage\":\"es\",\"@id\":\"https:\/\/gysfm.com.ar\/inicio\/#\/schema\/person\/image\/\",\"url\":\"https:\/\/secure.gravatar.com\/avatar\/096ec78df02049ab018702bb4ccedf659377fa92a26540b5247612077a0dbd29?s=96&d=mm&r=g\",\"contentUrl\":\"https:\/\/secure.gravatar.com\/avatar\/096ec78df02049ab018702bb4ccedf659377fa92a26540b5247612077a0dbd29?s=96&d=mm&r=g\",\"caption\":\"Prensa G&amp;S FM\"},\"sameAs\":[\"https:\/\/gysfm.com.ar\/\"],\"url\":\"https:\/\/gysfm.com.ar\/inicio\/author\/lucasm\/\"}]}<\/script>\n<!-- \/ Yoast SEO plugin. -->","yoast_head_json":{"title":"Qui\u00e9n es Diego Sebasti\u00e1n Rosen, el argentino detenido por el crimen de un m\u00fasico y su familia en M\u00e9xico - GYS NOTICIAS |","robots":{"index":"index","follow":"follow","max-snippet":"max-snippet:-1","max-image-preview":"max-image-preview:large","max-video-preview":"max-video-preview:-1"},"canonical":"https:\/\/gysfm.com.ar\/inicio\/quien-es-diego-sebastian-rosen-el-argentino-detenido-por-el-crimen-de-un-musico-y-su-familia-en-mexico\/","og_locale":"es_ES","og_type":"article","og_title":"Qui\u00e9n es Diego Sebasti\u00e1n Rosen, el argentino detenido por el crimen de un m\u00fasico y su familia en M\u00e9xico - GYS NOTICIAS |","og_description":"CIUDAD DE M\u00c9XICO.- Uno de los dos detenidos este mi\u00e9rcoles por el crimen del m\u00fasico Jonathan Mel\u00e9ndez, l\u00edder de la banda mexicana Camilo S\u00e9ptimo, y de su familia, fue identificado como el argentino Diego Sebasti\u00e1n Rosen. El hombre, de 51 a\u00f1os, es se\u00f1alado como presunto autor material e intelectual del asesinato, ya que fue captado [&hellip;]","og_url":"https:\/\/gysfm.com.ar\/inicio\/quien-es-diego-sebastian-rosen-el-argentino-detenido-por-el-crimen-de-un-musico-y-su-familia-en-mexico\/","og_site_name":"GYS NOTICIAS |","article_published_time":"2026-09-03T18:30:09+00:00","article_modified_time":"2026-09-03T18:30:10+00:00","og_image":[{"width":1200,"height":800,"url":"https:\/\/gysfm.com.ar\/inicio\/wp-content\/uploads\/2026\/09\/diego-sebastian-rosen-el-argentino-que-mato-a-una-4HBNQXNOG5EW5BWHNXU2L5FTZE.jpg","type":"image\/jpeg"}],"author":"Prensa G&amp;S FM","twitter_card":"summary_large_image","twitter_misc":{"Escrito por":"Prensa G&amp;S FM","Tiempo de lectura":"3 minutos"},"schema":{"@context":"https:\/\/schema.org","@graph":[{"@type":"Article","@id":"https:\/\/gysfm.com.ar\/inicio\/quien-es-diego-sebastian-rosen-el-argentino-detenido-por-el-crimen-de-un-musico-y-su-familia-en-mexico\/#article","isPartOf":{"@id":"https:\/\/gysfm.com.ar\/inicio\/quien-es-diego-sebastian-rosen-el-argentino-detenido-por-el-crimen-de-un-musico-y-su-familia-en-mexico\/"},"author":{"name":"Prensa G&amp;S FM","@id":"https:\/\/gysfm.com.ar\/inicio\/#\/schema\/person\/3abba7593ef2ad19e1be221d54383dc5"},"headline":"Qui\u00e9n es Diego Sebasti\u00e1n Rosen, el argentino detenido por el crimen de un m\u00fasico y su familia en M\u00e9xico","datePublished":"2026-09-03T18:30:09+00:00","dateModified":"2026-09-03T18:30:10+00:00","mainEntityOfPage":{"@id":"https:\/\/gysfm.com.ar\/inicio\/quien-es-diego-sebastian-rosen-el-argentino-detenido-por-el-crimen-de-un-musico-y-su-familia-en-mexico\/"},"wordCount":647,"publisher":{"@id":"https:\/\/gysfm.com.ar\/inicio\/#organization"},"image":{"@id":"https:\/\/gysfm.com.ar\/inicio\/quien-es-diego-sebastian-rosen-el-argentino-detenido-por-el-crimen-de-un-musico-y-su-familia-en-mexico\/#primaryimage"},"thumbnailUrl":"https:\/\/gysfm.com.ar\/inicio\/wp-content\/uploads\/2026\/09\/diego-sebastian-rosen-el-argentino-que-mato-a-una-4HBNQXNOG5EW5BWHNXU2L5FTZE.jpg","articleSection":["INTERNACIONALES"],"inLanguage":"es"},{"@type":"WebPage","@id":"https:\/\/gysfm.com.ar\/inicio\/quien-es-diego-sebastian-rosen-el-argentino-detenido-por-el-crimen-de-un-musico-y-su-familia-en-mexico\/","url":"https:\/\/gysfm.com.ar\/inicio\/quien-es-diego-sebastian-rosen-el-argentino-detenido-por-el-crimen-de-un-musico-y-su-familia-en-mexico\/","name":"Qui\u00e9n es Diego Sebasti\u00e1n Rosen, el argentino detenido por el crimen de un m\u00fasico y su familia en M\u00e9xico - GYS NOTICIAS |","isPartOf":{"@id":"https:\/\/gysfm.com.ar\/inicio\/#website"},"primaryImageOfPage":{"@id":"https:\/\/gysfm.com.ar\/inicio\/quien-es-diego-sebastian-rosen-el-argentino-detenido-por-el-crimen-de-un-musico-y-su-familia-en-mexico\/#primaryimage"},"image":{"@id":"https:\/\/gysfm.com.ar\/inicio\/quien-es-diego-sebastian-rosen-el-argentino-detenido-por-el-crimen-de-un-musico-y-su-familia-en-mexico\/#primaryimage"},"thumbnailUrl":"https:\/\/gysfm.com.ar\/inicio\/wp-content\/uploads\/2026\/09\/diego-sebastian-rosen-el-argentino-que-mato-a-una-4HBNQXNOG5EW5BWHNXU2L5FTZE.jpg","datePublished":"2026-09-03T18:30:09+00:00","dateModified":"2026-09-03T18:30:10+00:00","breadcrumb":{"@id":"https:\/\/gysfm.com.ar\/inicio\/quien-es-diego-sebastian-rosen-el-argentino-detenido-por-el-crimen-de-un-musico-y-su-familia-en-mexico\/#breadcrumb"},"inLanguage":"es","potentialAction":[{"@type":"ReadAction","target":["https:\/\/gysfm.com.ar\/inicio\/quien-es-diego-sebastian-rosen-el-argentino-detenido-por-el-crimen-de-un-musico-y-su-familia-en-mexico\/"]}]},{"@type":"ImageObject","inLanguage":"es","@id":"https:\/\/gysfm.com.ar\/inicio\/quien-es-diego-sebastian-rosen-el-argentino-detenido-por-el-crimen-de-un-musico-y-su-familia-en-mexico\/#primaryimage","url":"https:\/\/gysfm.com.ar\/inicio\/wp-content\/uploads\/2026\/09\/diego-sebastian-rosen-el-argentino-que-mato-a-una-4HBNQXNOG5EW5BWHNXU2L5FTZE.jpg","contentUrl":"https:\/\/gysfm.com.ar\/inicio\/wp-content\/uploads\/2026\/09\/diego-sebastian-rosen-el-argentino-que-mato-a-una-4HBNQXNOG5EW5BWHNXU2L5FTZE.jpg","width":1200,"height":800},{"@type":"BreadcrumbList","@id":"https:\/\/gysfm.com.ar\/inicio\/quien-es-diego-sebastian-rosen-el-argentino-detenido-por-el-crimen-de-un-musico-y-su-familia-en-mexico\/#breadcrumb","itemListElement":[{"@type":"ListItem","position":1,"name":"Portada","item":"https:\/\/gysfm.com.ar\/inicio\/"},{"@type":"ListItem","position":2,"name":"Qui\u00e9n es Diego Sebasti\u00e1n Rosen, el argentino detenido por el crimen de un m\u00fasico y su familia en M\u00e9xico"}]},{"@type":"WebSite","@id":"https:\/\/gysfm.com.ar\/inicio\/#website","url":"https:\/\/gysfm.com.ar\/inicio\/","name":"GYS NOTICIAS |","description":"DIARIO - RADIO ONLINE SAN JUAN ARGENTINA","publisher":{"@id":"https:\/\/gysfm.com.ar\/inicio\/#organization"},"potentialAction":[{"@type":"SearchAction","target":{"@type":"EntryPoint","urlTemplate":"https:\/\/gysfm.com.ar\/inicio\/?s={search_term_string}"},"query-input":{"@type":"PropertyValueSpecification","valueRequired":true,"valueName":"search_term_string"}}],"inLanguage":"es"},{"@type":"Organization","@id":"https:\/\/gysfm.com.ar\/inicio\/#organization","name":"GYS NOTICIAS |","url":"https:\/\/gysfm.com.ar\/inicio\/","logo":{"@type":"ImageObject","inLanguage":"es","@id":"https:\/\/gysfm.com.ar\/inicio\/#\/schema\/logo\/image\/","url":"https:\/\/gysfm.com.ar\/inicio\/wp-content\/uploads\/2023\/07\/LOGOGYS-OK.png","contentUrl":"https:\/\/gysfm.com.ar\/inicio\/wp-content\/uploads\/2023\/07\/LOGOGYS-OK.png","width":1170,"height":872,"caption":"GYS NOTICIAS |"},"image":{"@id":"https:\/\/gysfm.com.ar\/inicio\/#\/schema\/logo\/image\/"}},{"@type":"Person","@id":"https:\/\/gysfm.com.ar\/inicio\/#\/schema\/person\/3abba7593ef2ad19e1be221d54383dc5","name":"Prensa G&amp;S FM","image":{"@type":"ImageObject","inLanguage":"es","@id":"https:\/\/gysfm.com.ar\/inicio\/#\/schema\/person\/image\/","url":"https:\/\/secure.gravatar.com\/avatar\/096ec78df02049ab018702bb4ccedf659377fa92a26540b5247612077a0dbd29?s=96&d=mm&r=g","contentUrl":"https:\/\/secure.gravatar.com\/avatar\/096ec78df02049ab018702bb4ccedf659377fa92a26540b5247612077a0dbd29?s=96&d=mm&r=g","caption":"Prensa G&amp;S FM"},"sameAs":["https:\/\/gysfm.com.ar\/"],"url":"https:\/\/gysfm.com.ar\/inicio\/author\/lucasm\/"}]}},"_links":{"self":[{"href":"https:\/\/gysfm.com.ar\/inicio\/wp-json\/wp\/v2\/posts\/210320","targetHints":{"allow":["GET"]}}],"collection":[{"href":"https:\/\/gysfm.com.ar\/inicio\/wp-json\/wp\/v2\/posts"}],"about":[{"href":"https:\/\/gysfm.com.ar\/inicio\/wp-json\/wp\/v2\/types\/post"}],"author":[{"embeddable":true,"href":"https:\/\/gysfm.com.ar\/inicio\/wp-json\/wp\/v2\/users\/2"}],"replies":[{"embeddable":true,"href":"https:\/\/gysfm.com.ar\/inicio\/wp-json\/wp\/v2\/comments?post=210320"}],"version-history":[{"count":1,"href":"https:\/\/gysfm.com.ar\/inicio\/wp-json\/wp\/v2\/posts\/210320\/revisions"}],"predecessor-version":[{"id":210322,"href":"https:\/\/gysfm.com.ar\/inicio\/wp-json\/wp\/v2\/posts\/210320\/revisions\/210322"}],"wp:featuredmedia":[{"embeddable":true,"href":"https:\/\/gysfm.com.ar\/inicio\/wp-json\/wp\/v2\/media\/210321"}],"wp:attachment":[{"href":"https:\/\/gysfm.com.ar\/inicio\/wp-json\/wp\/v2\/media?parent=210320"}],"wp:term":[{"taxonomy":"category","embeddable":true,"href":"https:\/\/gysfm.com.ar\/inicio\/wp-json\/wp\/v2\/categories?post=210320"},{"taxonomy":"post_tag","embeddable":true,"href":"https:\/\/gysfm.com.ar\/inicio\/wp-json\/wp\/v2\/tags?post=210320"}],"curies":[{"name":"wp","href":"https:\/\/api.w.org\/{rel}","templated":true}]}}