{"id":210318,"date":"2026-09-03T15:22:09","date_gmt":"2026-09-03T18:22:09","guid":{"rendered":"https:\/\/gysfm.com.ar\/inicio\/las-cuatro-provincias-que-mas-peso-ganaron-en-el-primer-semestre\/"},"modified":"2026-09-03T15:22:09","modified_gmt":"2026-09-03T18:22:09","slug":"las-cuatro-provincias-que-mas-peso-ganaron-en-el-primer-semestre","status":"publish","type":"post","link":"https:\/\/gysfm.com.ar\/inicio\/las-cuatro-provincias-que-mas-peso-ganaron-en-el-primer-semestre\/","title":{"rendered":"las cuatro provincias que m\u00e1s peso ganaron en el primer semestre"},"content":{"rendered":"<p> <br \/>\n<\/p>\n<div>\t\t<!-- { REGION4 --> <\/p>\n<header class=\"news-headline\">\n<div class=\"news-headline__topics-and-date-wrapper\">    <span class=\"news-headline__publication-date\"> 2 de septiembre 2026 &#8211; 21:09<br \/>\n            <\/span><\/div>\n<h2 class=\"news-headline__article-summary\"\/>\n<p id=\"p-1788389138311-7459\" class=\"ignore-parser\"> Debido al mayor peso de las ventas energ\u00e9ticas y mineras, regiones como la Patagonia o el Noroeste incrementaron su relevancia en el comercio exterior.<\/p>\n<\/header>\n<article class=\"article-body article-body--first-paragraph\" data-td-script-src=\"https:\/\/www.ambito.com\/td\/modulos\/encuestas\/js\/function-embeds-min-version-1788408512.js\">\n<p id=\"p-1788389139297-31430\">La canasta de  exportaciones argentinas viene experimentando un cambio en su composici\u00f3n, a partir de la creciente preponderancia de las ventas energ\u00e9ticas y mineras. Esta transformaci\u00f3n tiene un claro impacto a nivel federal; durante el primer semestre, <strong>cuatro provincias exhibieron una considerable mejora en su aporte al comercio exterior.<\/strong><\/p>\n<\/article>\n<section class=\"suscription-false printed-edition\" style=\"display:none\">\n<p>El contenido al que quiere acceder es exclusivo para suscriptores.<\/p>\n<p>  <span> <button type=\"button\" name=\"button\" class=\"subscribe-btn mercadopago-btn\">suscribirse<\/button><\/span>  <span class=\"btns\"><button type=\"button\" name=\"button\" class=\"subscribe-btn reload-login\"> ya estoy suscripto<\/button><\/span>  <\/p>\n<\/section>\n<article class=\"article-body article-body--second-paragraph\">\n<p id=\"p-1788389615601-7723\">La semana pasada el <strong>INDEC<\/strong> hab\u00eda publicado los n\u00fameros de las exportaciones por complejo de la primera mitad de 2026. Los datos m\u00e1s salientes fueron tres: la reducci\u00f3n de la brecha entre el complejo sojero (l\u00edder de las ventas) y el petrolero, el ingreso del ma\u00edz al podio (en detrimento del sector automotriz) y la irrupci\u00f3n del litio por primera vez en el Top 10.<\/p>\n<\/article>\n<section class=\"related-news\">\t\t<span class=\"related-news__title\">Informate m\u00e1s<\/span>\t\t<\/p>\n<div class=\"row row--eq-height\">\n<div class=\"col-12 col-md-6\">\n<article class=\"news-article news-article--landscape-news news-article--landscape-news\">\n<figure class=\"news-article__figure figure\">\n\t\t\t\t\t\t\t\t\t\t\t<img src=\"https:\/\/media.ambito.com\/p\/f051c1fef910950b68b0223e3d5e7000\/adjuntos\/239\/imagenes\/042\/451\/0042451401\/carne-vacas-campo.jpg\" decoding=\"async\" fetchpriority=\"low\" loading=\"lazy\" alt=\"China continu\u00f3 siendo el principal destino de la carne argentina\" title=\"China continu\u00f3 siendo el principal destino de la carne argentina\" width=\"93\" height=\"52\" class=\"news-article__figure-img figure-img img-fluid\"\/>\t\t<\/figure>\n<\/article><\/div>\n<div class=\"col-12 col-md-6\">\n<article class=\"news-article news-article--landscape-news news-article--landscape-news\">\n<figure class=\"news-article__figure figure\">\n\t\t\t\t\t\t\t\t\t\t\t<img src=\"https:\/\/media.ambito.com\/p\/23ef7440543798f2ef6dc2d531315560\/adjuntos\/351\/imagenes\/043\/218\/0043218208\/93x52\/smart\/leche-y-carne-exportaciones.webp\" decoding=\"async\" fetchpriority=\"low\" loading=\"lazy\" alt=\"La menor demanda de China hizo caer las exportaciones generales, pero el mercado brasile\u00f1o creci\u00f3 un 30% gracias a la compra de veh\u00edculos y pl\u00e1sticos.\u00a0\" title=\"La menor demanda de China hizo caer las exportaciones generales, pero el mercado brasile\u00f1o creci\u00f3 un 30% gracias a la compra de veh\u00edculos y pl\u00e1sticos.\u00a0\" width=\"93\" height=\"52\" class=\"news-article__figure-img figure-img img-fluid\"\/>\t\t<\/figure>\n<\/article><\/div>\n<\/div>\n<\/section>\n<article class=\"article-body article-body--third-paragraph\">\n<p id=\"p-1788389866371-60148\"> Estas modificaciones son compatibles con lo informado este mi\u00e9rcoles por el organismo en su informe sobre el origen provincial de las exportaciones. A nivel regional, se destac\u00f3 fundamentalmente un <strong>avance en el peso de la Patagonia<\/strong>, que <strong>pas\u00f3 a representar el 17,8%<\/strong> de los env\u00edos totales a otros pa\u00edses, cuando en el mismo per\u00edodo de 2025 hab\u00eda explicado el 14,6%.<\/p>\n<\/article>\n<article class=\"article-body article-body--fourth-paragraph\">\n<div contenteditable=\"false\" class=\"embed_cont type_imagen\" id=\"8273259-Libre-1739724289_wrap\">\n<div id=\"8273259-Libre-1739724289_content\" class=\"embed_content\"><img src=\"https:\/\/media.ambito.com\/p\/d644557a10c04cc48eaeea3832cd7bc9\/adjuntos\/239\/imagenes\/043\/619\/0043619931\/730x0\/smart\/image.png\" decoding=\"async\" fetchpriority=\"low\" loading=\"lazy\" alt=\"\" title=\"\" width=\"730\" height=\"undefined\" id=\"8273259-Libre-1739724289_embed\"\/><\/div><\/div>\n<p id=\"p-1788389988942-71864\">Dentro de estas provincias del sur del pa\u00eds, <strong>las dos que concentraron el grueso del incremento fueron Neuqu\u00e9n (que pas\u00f3 del 5,5% al 8,7%) y Santa Cruz (del 3,1% al 4,3%)<\/strong>. El crecimiento en la primera fue generado por el <strong>petr\u00f3leo<\/strong>, que explic\u00f3 el 90,7% del total exportado, con destinos principalmente hacia EEUU y Chile. Mientras tanto, el impulso de la segunda provino del lado de los<strong> metales preciosos (oro y plata)<\/strong>, que representaron el 75,2% del total, con EEUU como principal punto de llegada.<\/p>\n<\/article>\n<article class=\"article-body article-body--fifth-paragraph\">\n<p id=\"p-1788390312317-45273\">El peso que gan\u00f3 la Patagonia, <strong>le fue restado fundamentalmente a la regi\u00f3n Pampeana<\/strong>. Aqu\u00ed fueron Buenos Aires (del 36,1% al 32,2%) y C\u00f3rdoba (del 12,5% al 11,3%) la que m\u00e1s retrocedieron. Sin embargo, vale aclarar que eso no signific\u00f3 que sus exportaciones hayan ca\u00eddo en 2026, sino que subieron a un ritmo menor en t\u00e9rminos relativos.<\/p>\n<\/article>\n<article class=\"article-body article-body--remaining-paragraph\">\n<div contenteditable=\"false\" class=\"embed_cont type_imagen\" id=\"8273261-Libre-371219744_wrap\">\n<div id=\"8273261-Libre-371219744_content\" class=\"embed_content\"><img src=\"https:\/\/media.ambito.com\/p\/64c2fad8010fcf70abaf0f97f8b287df\/adjuntos\/239\/imagenes\/043\/619\/0043619933\/730x0\/smart\/image.png\" decoding=\"async\" fetchpriority=\"low\" loading=\"lazy\" alt=\"\" title=\"\" width=\"730\" height=\"undefined\" id=\"8273261-Libre-371219744_embed\"\/><\/div><\/div>\n<h2 id=\"p-1788391519794-73716\">Santa Fe y Jujuy, las otras dos provincias que incrementaron su peso en las exportaciones durante 2026<\/h2>\n<p id=\"p-1788390223216-2490\">En paralelo, <strong>las otras dos provincias que m\u00e1s terreno ganaron en materia de comercio exterior fueron Santa Fe y Jujuy<\/strong>. El primer caso se trat\u00f3 de la mejor performance exportadora de la regi\u00f3n Pampeana, con un alza interanual de casi 30%, en donde se destacaron las subas en cereales y en carne. De este modo, la provincia que gobierna Maximiliano Pullaro se afianz\u00f3 como la segunda del ranking, al pasar del 17,5% al 18,9%, y se ubic\u00f3 detr\u00e1s de Buenos Aires, que mantuvo el liderazgo pese a su merma relativa.<\/p>\n<div contenteditable=\"false\" class=\"embed_cont type_imagen\" id=\"8273260-Libre-1770829535_wrap\">\n<div id=\"8273260-Libre-1770829535_content\" class=\"embed_content\"><img src=\"https:\/\/media.ambito.com\/p\/811092dcba3e219ad557c0ba6c4d0c30\/adjuntos\/239\/imagenes\/043\/619\/0043619932\/730x0\/smart\/image.png\" decoding=\"async\" fetchpriority=\"low\" loading=\"lazy\" alt=\"\" title=\"\" width=\"730\" height=\"undefined\" id=\"8273260-Libre-1770829535_embed\"\/><\/div><\/div>\n<p id=\"p-1788391145885-91430\">Por su parte, Jujuy sigue representando una peque\u00f1a porci\u00f3n de las ventas externas, pero su peso escal\u00f3 fuerte entre 2025 y 2026, del 1,2% al 2%. El<strong> litio <\/strong>fue el responsable de este crecimiento: seg\u00fan INDEC, este mineral clave para la la transici\u00f3n energ\u00e9tica hacia una mayor electrificaci\u00f3n, se dispar\u00f3 186,3% en el primer semestre, hasta los u$s1.126 millones, y tuvo a China como principal demandante.<\/p>\n<p id=\"p-1788391297481-90813\">Como consecuencia, el<strong> Noroeste (NOA)<\/strong> argentino pas\u00f3 a representar el 6,5% del total exportado, contra un 6,1% del a\u00f1o pasado. Mientras tanto, <strong>Cuyo<\/strong> perdi\u00f3 peso, del 5,4% al 5,1%, al igual que el <strong>Noreste (NEA)<\/strong>, que pas\u00f3 del 1,6% al 1,3%.<\/p>\n<\/article>\n<p>\t\t<!-- REGION4 } --><\/div>\n<p><script>\n!function(f,b,e,v,n,t,s)\n{if(f.fbq)return;n=f.fbq=function(){n.callMethod?\nn.callMethod.apply(n,arguments):n.queue.push(arguments)};\nif(!f._fbq)f._fbq=n;n.push=n;n.loaded=!0;n.version='2.0';\nn.queue=[];t=b.createElement(e);t.async=!0;\nt.src=v;s=b.getElementsByTagName(e)[0];\ns.parentNode.insertBefore(t,s)}(window,document,'script',\n'https:\/\/connect.facebook.net\/en_US\/fbevents.js');\nfbq('init', '2047048335588113');\nfbq('track', 'PageView');\n<\/script><br \/>\n<br \/><\/p>\n","protected":false},"excerpt":{"rendered":"<p>2 de septiembre 2026 &#8211; 21:09 Debido al mayor peso de las ventas energ\u00e9ticas y mineras, regiones como la Patagonia o el Noroeste incrementaron su relevancia en el comercio exterior. La canasta de exportaciones argentinas viene experimentando un cambio en su composici\u00f3n, a partir de la creciente preponderancia de las ventas energ\u00e9ticas y mineras. Esta [&hellip;]<\/p>\n","protected":false},"author":1,"featured_media":210319,"comment_status":"closed","ping_status":"closed","sticky":false,"template":"","format":"standard","meta":{"footnotes":""},"categories":[28],"tags":[],"class_list":["post-210318","post","type-post","status-publish","format-standard","has-post-thumbnail","hentry","category-economia"],"yoast_head":"<!-- This site is optimized with the Yoast SEO plugin v24.4 - https:\/\/yoast.com\/wordpress\/plugins\/seo\/ -->\n<title>las cuatro provincias que m\u00e1s peso ganaron en el primer semestre - GYS NOTICIAS |<\/title>\n<meta name=\"robots\" content=\"index, follow, max-snippet:-1, max-image-preview:large, max-video-preview:-1\" \/>\n<link rel=\"canonical\" href=\"https:\/\/gysfm.com.ar\/inicio\/las-cuatro-provincias-que-mas-peso-ganaron-en-el-primer-semestre\/\" \/>\n<meta property=\"og:locale\" content=\"es_ES\" \/>\n<meta property=\"og:type\" content=\"article\" \/>\n<meta property=\"og:title\" content=\"las cuatro provincias que m\u00e1s peso ganaron en el primer semestre - GYS NOTICIAS |\" \/>\n<meta property=\"og:description\" content=\"2 de septiembre 2026 &#8211; 21:09 Debido al mayor peso de las ventas energ\u00e9ticas y mineras, regiones como la Patagonia o el Noroeste incrementaron su relevancia en el comercio exterior. La canasta de exportaciones argentinas viene experimentando un cambio en su composici\u00f3n, a partir de la creciente preponderancia de las ventas energ\u00e9ticas y mineras. Esta [&hellip;]\" \/>\n<meta property=\"og:url\" content=\"https:\/\/gysfm.com.ar\/inicio\/las-cuatro-provincias-que-mas-peso-ganaron-en-el-primer-semestre\/\" \/>\n<meta property=\"og:site_name\" content=\"GYS NOTICIAS |\" \/>\n<meta property=\"article:published_time\" content=\"2026-09-03T18:22:09+00:00\" \/>\n<meta property=\"og:image\" content=\"https:\/\/media.ambito.com\/p\/f051c1fef910950b68b0223e3d5e7000\/adjuntos\/239\/imagenes\/042\/451\/0042451401\/carne-vacas-campo.jpg\" \/>\n<meta name=\"author\" content=\"admin\" \/>\n<meta name=\"twitter:card\" content=\"summary_large_image\" \/>\n<meta name=\"twitter:label1\" content=\"Escrito por\" \/>\n\t<meta name=\"twitter:data1\" content=\"admin\" \/>\n\t<meta name=\"twitter:label2\" content=\"Tiempo de lectura\" \/>\n\t<meta name=\"twitter:data2\" content=\"3 minutos\" \/>\n<script type=\"application\/ld+json\" class=\"yoast-schema-graph\">{\"@context\":\"https:\/\/schema.org\",\"@graph\":[{\"@type\":\"Article\",\"@id\":\"https:\/\/gysfm.com.ar\/inicio\/las-cuatro-provincias-que-mas-peso-ganaron-en-el-primer-semestre\/#article\",\"isPartOf\":{\"@id\":\"https:\/\/gysfm.com.ar\/inicio\/las-cuatro-provincias-que-mas-peso-ganaron-en-el-primer-semestre\/\"},\"author\":{\"name\":\"admin\",\"@id\":\"https:\/\/gysfm.com.ar\/inicio\/#\/schema\/person\/5bedd7ecd35cc35548d89effafa23696\"},\"headline\":\"las cuatro provincias que m\u00e1s peso ganaron en el primer semestre\",\"datePublished\":\"2026-09-03T18:22:09+00:00\",\"mainEntityOfPage\":{\"@id\":\"https:\/\/gysfm.com.ar\/inicio\/las-cuatro-provincias-que-mas-peso-ganaron-en-el-primer-semestre\/\"},\"wordCount\":592,\"publisher\":{\"@id\":\"https:\/\/gysfm.com.ar\/inicio\/#organization\"},\"image\":{\"@id\":\"https:\/\/gysfm.com.ar\/inicio\/las-cuatro-provincias-que-mas-peso-ganaron-en-el-primer-semestre\/#primaryimage\"},\"thumbnailUrl\":\"https:\/\/gysfm.com.ar\/inicio\/wp-content\/uploads\/2026\/09\/mineria-exportaciones.png\",\"articleSection\":[\"ECONOMIA\"],\"inLanguage\":\"es\"},{\"@type\":\"WebPage\",\"@id\":\"https:\/\/gysfm.com.ar\/inicio\/las-cuatro-provincias-que-mas-peso-ganaron-en-el-primer-semestre\/\",\"url\":\"https:\/\/gysfm.com.ar\/inicio\/las-cuatro-provincias-que-mas-peso-ganaron-en-el-primer-semestre\/\",\"name\":\"las cuatro provincias que m\u00e1s peso ganaron en el primer semestre - GYS NOTICIAS |\",\"isPartOf\":{\"@id\":\"https:\/\/gysfm.com.ar\/inicio\/#website\"},\"primaryImageOfPage\":{\"@id\":\"https:\/\/gysfm.com.ar\/inicio\/las-cuatro-provincias-que-mas-peso-ganaron-en-el-primer-semestre\/#primaryimage\"},\"image\":{\"@id\":\"https:\/\/gysfm.com.ar\/inicio\/las-cuatro-provincias-que-mas-peso-ganaron-en-el-primer-semestre\/#primaryimage\"},\"thumbnailUrl\":\"https:\/\/gysfm.com.ar\/inicio\/wp-content\/uploads\/2026\/09\/mineria-exportaciones.png\",\"datePublished\":\"2026-09-03T18:22:09+00:00\",\"breadcrumb\":{\"@id\":\"https:\/\/gysfm.com.ar\/inicio\/las-cuatro-provincias-que-mas-peso-ganaron-en-el-primer-semestre\/#breadcrumb\"},\"inLanguage\":\"es\",\"potentialAction\":[{\"@type\":\"ReadAction\",\"target\":[\"https:\/\/gysfm.com.ar\/inicio\/las-cuatro-provincias-que-mas-peso-ganaron-en-el-primer-semestre\/\"]}]},{\"@type\":\"ImageObject\",\"inLanguage\":\"es\",\"@id\":\"https:\/\/gysfm.com.ar\/inicio\/las-cuatro-provincias-que-mas-peso-ganaron-en-el-primer-semestre\/#primaryimage\",\"url\":\"https:\/\/gysfm.com.ar\/inicio\/wp-content\/uploads\/2026\/09\/mineria-exportaciones.png\",\"contentUrl\":\"https:\/\/gysfm.com.ar\/inicio\/wp-content\/uploads\/2026\/09\/mineria-exportaciones.png\",\"width\":1200,\"height\":675},{\"@type\":\"BreadcrumbList\",\"@id\":\"https:\/\/gysfm.com.ar\/inicio\/las-cuatro-provincias-que-mas-peso-ganaron-en-el-primer-semestre\/#breadcrumb\",\"itemListElement\":[{\"@type\":\"ListItem\",\"position\":1,\"name\":\"Portada\",\"item\":\"https:\/\/gysfm.com.ar\/inicio\/\"},{\"@type\":\"ListItem\",\"position\":2,\"name\":\"las cuatro provincias que m\u00e1s peso ganaron en el primer semestre\"}]},{\"@type\":\"WebSite\",\"@id\":\"https:\/\/gysfm.com.ar\/inicio\/#website\",\"url\":\"https:\/\/gysfm.com.ar\/inicio\/\",\"name\":\"GYS NOTICIAS |\",\"description\":\"DIARIO - RADIO ONLINE SAN JUAN ARGENTINA\",\"publisher\":{\"@id\":\"https:\/\/gysfm.com.ar\/inicio\/#organization\"},\"potentialAction\":[{\"@type\":\"SearchAction\",\"target\":{\"@type\":\"EntryPoint\",\"urlTemplate\":\"https:\/\/gysfm.com.ar\/inicio\/?s={search_term_string}\"},\"query-input\":{\"@type\":\"PropertyValueSpecification\",\"valueRequired\":true,\"valueName\":\"search_term_string\"}}],\"inLanguage\":\"es\"},{\"@type\":\"Organization\",\"@id\":\"https:\/\/gysfm.com.ar\/inicio\/#organization\",\"name\":\"GYS NOTICIAS |\",\"url\":\"https:\/\/gysfm.com.ar\/inicio\/\",\"logo\":{\"@type\":\"ImageObject\",\"inLanguage\":\"es\",\"@id\":\"https:\/\/gysfm.com.ar\/inicio\/#\/schema\/logo\/image\/\",\"url\":\"https:\/\/gysfm.com.ar\/inicio\/wp-content\/uploads\/2023\/07\/LOGOGYS-OK.png\",\"contentUrl\":\"https:\/\/gysfm.com.ar\/inicio\/wp-content\/uploads\/2023\/07\/LOGOGYS-OK.png\",\"width\":1170,\"height\":872,\"caption\":\"GYS NOTICIAS |\"},\"image\":{\"@id\":\"https:\/\/gysfm.com.ar\/inicio\/#\/schema\/logo\/image\/\"}},{\"@type\":\"Person\",\"@id\":\"https:\/\/gysfm.com.ar\/inicio\/#\/schema\/person\/5bedd7ecd35cc35548d89effafa23696\",\"name\":\"admin\",\"image\":{\"@type\":\"ImageObject\",\"inLanguage\":\"es\",\"@id\":\"https:\/\/gysfm.com.ar\/inicio\/#\/schema\/person\/image\/\",\"url\":\"https:\/\/secure.gravatar.com\/avatar\/c331d312b5243fb64d5ba28108a447b27c925295129a363082c9ea52c28d32c2?s=96&d=mm&r=g\",\"contentUrl\":\"https:\/\/secure.gravatar.com\/avatar\/c331d312b5243fb64d5ba28108a447b27c925295129a363082c9ea52c28d32c2?s=96&d=mm&r=g\",\"caption\":\"admin\"},\"sameAs\":[\"https:\/\/gysfm.com.ar\/inicio\"],\"url\":\"https:\/\/gysfm.com.ar\/inicio\/author\/admin\/\"}]}<\/script>\n<!-- \/ Yoast SEO plugin. -->","yoast_head_json":{"title":"las cuatro provincias que m\u00e1s peso ganaron en el primer semestre - GYS NOTICIAS |","robots":{"index":"index","follow":"follow","max-snippet":"max-snippet:-1","max-image-preview":"max-image-preview:large","max-video-preview":"max-video-preview:-1"},"canonical":"https:\/\/gysfm.com.ar\/inicio\/las-cuatro-provincias-que-mas-peso-ganaron-en-el-primer-semestre\/","og_locale":"es_ES","og_type":"article","og_title":"las cuatro provincias que m\u00e1s peso ganaron en el primer semestre - GYS NOTICIAS |","og_description":"2 de septiembre 2026 &#8211; 21:09 Debido al mayor peso de las ventas energ\u00e9ticas y mineras, regiones como la Patagonia o el Noroeste incrementaron su relevancia en el comercio exterior. La canasta de exportaciones argentinas viene experimentando un cambio en su composici\u00f3n, a partir de la creciente preponderancia de las ventas energ\u00e9ticas y mineras. Esta [&hellip;]","og_url":"https:\/\/gysfm.com.ar\/inicio\/las-cuatro-provincias-que-mas-peso-ganaron-en-el-primer-semestre\/","og_site_name":"GYS NOTICIAS |","article_published_time":"2026-09-03T18:22:09+00:00","og_image":[{"url":"https:\/\/media.ambito.com\/p\/f051c1fef910950b68b0223e3d5e7000\/adjuntos\/239\/imagenes\/042\/451\/0042451401\/carne-vacas-campo.jpg","type":"","width":"","height":""}],"author":"admin","twitter_card":"summary_large_image","twitter_misc":{"Escrito por":"admin","Tiempo de lectura":"3 minutos"},"schema":{"@context":"https:\/\/schema.org","@graph":[{"@type":"Article","@id":"https:\/\/gysfm.com.ar\/inicio\/las-cuatro-provincias-que-mas-peso-ganaron-en-el-primer-semestre\/#article","isPartOf":{"@id":"https:\/\/gysfm.com.ar\/inicio\/las-cuatro-provincias-que-mas-peso-ganaron-en-el-primer-semestre\/"},"author":{"name":"admin","@id":"https:\/\/gysfm.com.ar\/inicio\/#\/schema\/person\/5bedd7ecd35cc35548d89effafa23696"},"headline":"las cuatro provincias que m\u00e1s peso ganaron en el primer semestre","datePublished":"2026-09-03T18:22:09+00:00","mainEntityOfPage":{"@id":"https:\/\/gysfm.com.ar\/inicio\/las-cuatro-provincias-que-mas-peso-ganaron-en-el-primer-semestre\/"},"wordCount":592,"publisher":{"@id":"https:\/\/gysfm.com.ar\/inicio\/#organization"},"image":{"@id":"https:\/\/gysfm.com.ar\/inicio\/las-cuatro-provincias-que-mas-peso-ganaron-en-el-primer-semestre\/#primaryimage"},"thumbnailUrl":"https:\/\/gysfm.com.ar\/inicio\/wp-content\/uploads\/2026\/09\/mineria-exportaciones.png","articleSection":["ECONOMIA"],"inLanguage":"es"},{"@type":"WebPage","@id":"https:\/\/gysfm.com.ar\/inicio\/las-cuatro-provincias-que-mas-peso-ganaron-en-el-primer-semestre\/","url":"https:\/\/gysfm.com.ar\/inicio\/las-cuatro-provincias-que-mas-peso-ganaron-en-el-primer-semestre\/","name":"las cuatro provincias que m\u00e1s peso ganaron en el primer semestre - GYS NOTICIAS |","isPartOf":{"@id":"https:\/\/gysfm.com.ar\/inicio\/#website"},"primaryImageOfPage":{"@id":"https:\/\/gysfm.com.ar\/inicio\/las-cuatro-provincias-que-mas-peso-ganaron-en-el-primer-semestre\/#primaryimage"},"image":{"@id":"https:\/\/gysfm.com.ar\/inicio\/las-cuatro-provincias-que-mas-peso-ganaron-en-el-primer-semestre\/#primaryimage"},"thumbnailUrl":"https:\/\/gysfm.com.ar\/inicio\/wp-content\/uploads\/2026\/09\/mineria-exportaciones.png","datePublished":"2026-09-03T18:22:09+00:00","breadcrumb":{"@id":"https:\/\/gysfm.com.ar\/inicio\/las-cuatro-provincias-que-mas-peso-ganaron-en-el-primer-semestre\/#breadcrumb"},"inLanguage":"es","potentialAction":[{"@type":"ReadAction","target":["https:\/\/gysfm.com.ar\/inicio\/las-cuatro-provincias-que-mas-peso-ganaron-en-el-primer-semestre\/"]}]},{"@type":"ImageObject","inLanguage":"es","@id":"https:\/\/gysfm.com.ar\/inicio\/las-cuatro-provincias-que-mas-peso-ganaron-en-el-primer-semestre\/#primaryimage","url":"https:\/\/gysfm.com.ar\/inicio\/wp-content\/uploads\/2026\/09\/mineria-exportaciones.png","contentUrl":"https:\/\/gysfm.com.ar\/inicio\/wp-content\/uploads\/2026\/09\/mineria-exportaciones.png","width":1200,"height":675},{"@type":"BreadcrumbList","@id":"https:\/\/gysfm.com.ar\/inicio\/las-cuatro-provincias-que-mas-peso-ganaron-en-el-primer-semestre\/#breadcrumb","itemListElement":[{"@type":"ListItem","position":1,"name":"Portada","item":"https:\/\/gysfm.com.ar\/inicio\/"},{"@type":"ListItem","position":2,"name":"las cuatro provincias que m\u00e1s peso ganaron en el primer semestre"}]},{"@type":"WebSite","@id":"https:\/\/gysfm.com.ar\/inicio\/#website","url":"https:\/\/gysfm.com.ar\/inicio\/","name":"GYS NOTICIAS |","description":"DIARIO - RADIO ONLINE SAN JUAN ARGENTINA","publisher":{"@id":"https:\/\/gysfm.com.ar\/inicio\/#organization"},"potentialAction":[{"@type":"SearchAction","target":{"@type":"EntryPoint","urlTemplate":"https:\/\/gysfm.com.ar\/inicio\/?s={search_term_string}"},"query-input":{"@type":"PropertyValueSpecification","valueRequired":true,"valueName":"search_term_string"}}],"inLanguage":"es"},{"@type":"Organization","@id":"https:\/\/gysfm.com.ar\/inicio\/#organization","name":"GYS NOTICIAS |","url":"https:\/\/gysfm.com.ar\/inicio\/","logo":{"@type":"ImageObject","inLanguage":"es","@id":"https:\/\/gysfm.com.ar\/inicio\/#\/schema\/logo\/image\/","url":"https:\/\/gysfm.com.ar\/inicio\/wp-content\/uploads\/2023\/07\/LOGOGYS-OK.png","contentUrl":"https:\/\/gysfm.com.ar\/inicio\/wp-content\/uploads\/2023\/07\/LOGOGYS-OK.png","width":1170,"height":872,"caption":"GYS NOTICIAS |"},"image":{"@id":"https:\/\/gysfm.com.ar\/inicio\/#\/schema\/logo\/image\/"}},{"@type":"Person","@id":"https:\/\/gysfm.com.ar\/inicio\/#\/schema\/person\/5bedd7ecd35cc35548d89effafa23696","name":"admin","image":{"@type":"ImageObject","inLanguage":"es","@id":"https:\/\/gysfm.com.ar\/inicio\/#\/schema\/person\/image\/","url":"https:\/\/secure.gravatar.com\/avatar\/c331d312b5243fb64d5ba28108a447b27c925295129a363082c9ea52c28d32c2?s=96&d=mm&r=g","contentUrl":"https:\/\/secure.gravatar.com\/avatar\/c331d312b5243fb64d5ba28108a447b27c925295129a363082c9ea52c28d32c2?s=96&d=mm&r=g","caption":"admin"},"sameAs":["https:\/\/gysfm.com.ar\/inicio"],"url":"https:\/\/gysfm.com.ar\/inicio\/author\/admin\/"}]}},"_links":{"self":[{"href":"https:\/\/gysfm.com.ar\/inicio\/wp-json\/wp\/v2\/posts\/210318","targetHints":{"allow":["GET"]}}],"collection":[{"href":"https:\/\/gysfm.com.ar\/inicio\/wp-json\/wp\/v2\/posts"}],"about":[{"href":"https:\/\/gysfm.com.ar\/inicio\/wp-json\/wp\/v2\/types\/post"}],"author":[{"embeddable":true,"href":"https:\/\/gysfm.com.ar\/inicio\/wp-json\/wp\/v2\/users\/1"}],"replies":[{"embeddable":true,"href":"https:\/\/gysfm.com.ar\/inicio\/wp-json\/wp\/v2\/comments?post=210318"}],"version-history":[{"count":0,"href":"https:\/\/gysfm.com.ar\/inicio\/wp-json\/wp\/v2\/posts\/210318\/revisions"}],"wp:featuredmedia":[{"embeddable":true,"href":"https:\/\/gysfm.com.ar\/inicio\/wp-json\/wp\/v2\/media\/210319"}],"wp:attachment":[{"href":"https:\/\/gysfm.com.ar\/inicio\/wp-json\/wp\/v2\/media?parent=210318"}],"wp:term":[{"taxonomy":"category","embeddable":true,"href":"https:\/\/gysfm.com.ar\/inicio\/wp-json\/wp\/v2\/categories?post=210318"},{"taxonomy":"post_tag","embeddable":true,"href":"https:\/\/gysfm.com.ar\/inicio\/wp-json\/wp\/v2\/tags?post=210318"}],"curies":[{"name":"wp","href":"https:\/\/api.w.org\/{rel}","templated":true}]}}