{"id":210315,"date":"2026-09-03T14:29:07","date_gmt":"2026-09-03T17:29:07","guid":{"rendered":"https:\/\/gysfm.com.ar\/inicio\/biodiesel-como-y-por-que-la-union-europea-puede-poner-en-jaque-a-la-produccion-nacional\/"},"modified":"2026-09-03T14:29:08","modified_gmt":"2026-09-03T17:29:08","slug":"biodiesel-como-y-por-que-la-union-europea-puede-poner-en-jaque-a-la-produccion-nacional","status":"publish","type":"post","link":"https:\/\/gysfm.com.ar\/inicio\/biodiesel-como-y-por-que-la-union-europea-puede-poner-en-jaque-a-la-produccion-nacional\/","title":{"rendered":"Biodiesel: c\u00f3mo y por qu\u00e9 la Uni\u00f3n Europea puede poner en jaque a la producci\u00f3n nacional"},"content":{"rendered":"<p><\/p>\n<div>\n<p class=\"com-paragraph --capital --s\">Uno de los temas \u00e1lgidos en el Santa Fe Business Forum es el futuro del biodi\u00e9sel. Hoy el Senado retomar\u00e1 el debate para avanzar en un <strong>dictamen sobre una <\/strong><a href=\"https:\/\/www.lanacion.com.ar\/economia\/campo\/las-pymes-de-biodiesel-reclaman-un-cupo-en-la-nueva-ley-y-alertan-por-el-posible-cierre-de-plantas-nid01092026\/\" target=\"_self\" title=\"https:\/\/www.lanacion.com.ar\/economia\/campo\/las-pymes-de-biodiesel-reclaman-un-cupo-en-la-nueva-ley-y-alertan-por-el-posible-cierre-de-plantas-nid01092026\/\" class=\"com-link break-word\" data-mrf-recirculation=\"n_link_parrafo\"><strong>nueva Ley de Biocombustibles<\/strong><\/a>,<\/p>\n<p class=\"com-paragraph --s\">Con una enorme capacidad instalada pero mayormente ociosa, el biodi\u00e9sel espera su oportunidad ya que su mayor mercado es la Uni\u00f3n Europea. Sin embargo, en enero la Comisi\u00f3n Europea propuso un cambio normativo para incluir a la soja dentro de clasificaci\u00f3n de \u201calto riesgo\u201d en el uso de los suelos. De esta manera la Argentina quedaba fuera de los est\u00e1ndares para exportar el combustible al bloque. Finalmente, el Parlamento Europeo puso un freno a esta medida y ahora la Comisi\u00f3n Europea deber\u00e1 escribir un nuevo reglamento en cuanto al uso de este biocombustible. <\/p>\n<p class=\"com-paragraph --s\">Gustavo Id\u00edgoras, presidente de Ciara-CEC, cont\u00f3 que el biodi\u00e9sel es el \u00faltimo eslab\u00f3n de la cadena de valor de la soja, que es a su vez el principal generador de divisas de la de Argentina. \u201cEn Rosario y alrededores est\u00e1n concentradas las f\u00e1bricas, <strong>cuya capacidad instalada es la mayor del mundo<\/strong>. Es decir,<strong> Rosario es la capital mundial de biodi\u00e9sel<\/strong>, pero <strong>hoy se usa solamente el 15% de su capacidad productiva<\/strong>. El 85% de la producci\u00f3n est\u00e1 apagada\u201d, dispar\u00f3.<\/p>\n<p class=\"com-paragraph --s\">La exportaci\u00f3n argentina al mercado europeo puede llegar a los US$1500 millones anuales, mientras que en los \u00faltimos a\u00f1os alcanz\u00f3 los US$500 millones aproximadamente.<\/p>\n<p class=\"com-paragraph --s\">Id\u00edgoras se anim\u00f3 con una fuerte cr\u00edtica a la Uni\u00f3n Europea, que gener\u00f3 aplausos entre los asistentes. \u201c<strong>Los europeos se especializan en perjudicar a los pa\u00edses productores eficientes de Am\u00e9rica Latina y de Mercosur en particular.<\/strong> Dedican el 70% u 80% de su de su tiempo a escribir en los escritorios de Bruselas de qu\u00e9 manera perjudicar la producci\u00f3n eficiente de nuestros pa\u00edses\u201d, remarc\u00f3. <\/p>\n<p class=\"com-paragraph --s\"><strong>Fernando Brun<\/strong>, al frente de la Secretar\u00eda de Relaciones Econ\u00f3micas Internacionales de Canciller\u00eda explic\u00f3 que \u201c<mark class=\"hl_underline\">el riesgo inmediato est\u00e1 frenado<\/mark>, pero la discusi\u00f3n no est\u00e1 cerrada. Hab\u00edamos pasado a ser objeto de una medida ambiental para arancelaria contraria a lo negociado en el marco del acuerdo Mercosur-Uni\u00f3n Europea. Negociamos muy claramente una desgravaci\u00f3n para el biodi\u00e9sel argentino, que hoy dir\u00eda<strong> casi exclusivamente se produce para el mercado europeo bajo est\u00e1ndares europeos\u201d. <\/strong><\/p>\n<p class=\"com-paragraph --s\">El funcionario remarc\u00f3 que el biodiesel argentino, que se exporta exclusivamente desde los puertos de Rosario a la Uni\u00f3n Europea,<strong> \u201ces extremadamente competitivo\u201d.<\/strong><\/p>\n<p class=\"com-paragraph --s\">Un punto importante a la hora de defender el biodi\u00e9sel de la Argentina es que \u201cest\u00e1 certificado debidamente\u201d, explic\u00f3 Brun. \u201c<strong>La soja argentina, la que nosotros estamos exportando hoy, no tiene un punto de contacto con la deforestaci\u00f3n<\/strong>\u201d. Este punto es central en las demandas de la UE. Agreg\u00f3 que la Argentina demostr\u00f3 que<strong> la superficie de cultivo de la soja permanece inalterada desde 2018<\/strong>. \u201cNuestras exportaciones pueden incrementarse gracias a la productividad por hect\u00e1rea, no por la extensi\u00f3n de la superficie cultivable\u201d, dijo. <\/p>\n<p class=\"com-paragraph --s\">Desde el gobierno de Santa Fe, Georgina Losada, secretaria de Comercio Exterior, cont\u00f3 que la provincia conform\u00f3 una mesa de trabajo p\u00fablico-privada junto con empresas y c\u00e1maras del sector para <strong>elaborar un dossier t\u00e9cnico que demostr\u00f3 que la producci\u00f3n santafesina cumple con est\u00e1ndares de sustentabilidad y no est\u00e1 vinculada a procesos de deforestaci\u00f3n ni cambios en el uso del suelo<\/strong>.<\/p>\n<p class=\"com-paragraph --s\">\u201cLa preocupaci\u00f3n era especialmente relevante para Santa Fe, ya que <strong>concentra el 85% de la producci\u00f3n nacional de biodi\u00e9sel y el 100% de sus exportaciones<\/strong>, con B\u00e9lgica y Pa\u00edses Bajos como principales destinos. Adem\u00e1s, el sector ya enfrenta dificultades por la capacidad ociosa generada tras la reducci\u00f3n del corte obligatorio de biodi\u00e9sel en combustibles\u201d, dijo Losada. <\/p>\n<p class=\"com-paragraph --s\">La funcionaria asegur\u00f3 que si la regulaci\u00f3n europea se hubiera aplicado sin modificaciones,<strong> podr\u00eda haber puesto en riesgo la continuidad de la industria del biodi\u00e9sel en Argentina<\/strong>, con fuerte impacto sobre toda la cadena productiva de la regi\u00f3n centro.<\/p>\n<p class=\"com-paragraph --s\">Las autoridades provinciales se\u00f1alaron que trabajan en incentivos para atraer inversiones y <strong>destacaron proyectos en marcha, entre ellos una biorefiner\u00eda en San Lorenzo con una inversi\u00f3n prevista de US$400 millones<\/strong>.<\/p>\n<p><h2 class=\"font-primary font-w-bold text-subheading-lg text-left container-center-100 mb-8\"><span>Cambio regulatorio<\/span><\/h2>\n<\/p>\n<p class=\"com-paragraph --s\">El sector de los biocombustibles busca posicionarse como un proveedor clave para la aviaci\u00f3n y el transporte mar\u00edtimo. Desde la Canciller\u00eda destacaron que <strong>la Argentina participa activamente en los debates de la Organizaci\u00f3n de Aviaci\u00f3n Civil Internacional (OACI)<\/strong> y de la Organizaci\u00f3n Mar\u00edtima Internacional (OMI), donde<strong> se definen las reglas que regir\u00e1n el uso de combustibles sostenibles en los pr\u00f3ximos a\u00f1os<\/strong>. <\/p>\n<p class=\"com-paragraph --s\">Mientras que el mercado de combustibles sostenibles para aviaci\u00f3n (SAF) aparece como una oportunidad de mediano plazo, el transporte mar\u00edtimo es visto como el segmento con mayor potencial inmediato para el biodi\u00e9sel.<\/p>\n<p class=\"com-paragraph --s\">Los representantes del sector privado remarcaron que la transici\u00f3n energ\u00e9tica global est\u00e1 impulsando una creciente demanda de biocombustibles. Seg\u00fan explicaron, <strong>en los \u00faltimos meses unos 50 pa\u00edses avanzaron en cortes obligatorios de biocombustibles<\/strong>, lo que abre nuevas oportunidades para pa\u00edses productores como la Argentina.<\/p>\n<p class=\"com-paragraph --s\">Sin embargo, advirtieron que el principal desaf\u00edo interno sigue siendo el marco regulatorio. <strong>La industria reclama una nueva ley de Biocombustibles basada en reglas de libre oferta y demanda<\/strong>, <strong>mayores porcentajes de mezcla obligatoria<\/strong> y previsibilidad para justificar inversiones de largo plazo. <\/p>\n<p class=\"com-paragraph --s\">\u201cNecesitamos salir de una ley que yo la titulo como <em>sovi\u00e9tica<\/em>, ya que es la \u00fanica ley en el mundo, teniendo en cuenta 90 pa\u00edses que tienen cortes obligatorios de biocombustibles, que <strong>regula por mes qui\u00e9n puede producir, a qu\u00e9 precio y cu\u00e1nto le tiene que comprar una petrolera<\/strong>\u201d, se quej\u00f3 Id\u00edgoras. <\/p>\n<p class=\"com-paragraph --s\">Actualmente, la Secretar\u00eda de Energ\u00eda habilit\u00f3 el uso de biodi\u00e9sel en el transporte mar\u00edtimo y fluvial, pero para expandir el mercado se requiere respaldo legislativo. <\/p>\n<p class=\"com-paragraph --s\">Las perspectivas de crecimiento son significativas, seg\u00fan Id\u00edgoras. El mercado global de SAF, que hoy demanda alrededor de 1,5 millones de toneladas de materias primas, podr\u00eda alcanzar 14 millones de toneladas en 2030 y llegar a 460 millones de toneladas hacia 2050, cuando<strong> la aviaci\u00f3n y el transporte mar\u00edtimo busquen alcanzar los objetivos de neutralidad de carbono. <\/strong><\/p>\n<p class=\"com-paragraph --s\">Seg\u00fan estimaciones del sector,<strong> la Argentina podr\u00eda duplicar sus exportaciones agroindustriales en las pr\u00f3ximas dos d\u00e9cadas si logra captar apenas el 10% de ese mercado.<\/strong> Los expositores se\u00f1alaron que el mercado actual de SAF utiliza principalmente <strong>aceites y l\u00edpidos (grasas)<\/strong> como materia prima.<\/p>\n<section class=\"container-center-100 mb-40 border border-bottom border-thin border-neutral-light-700\">\n<hr\/>\n<\/section>\n<\/div>\n<p><script id=\"facebookpixel\" defer=\"\" type=\"text\/javascript\">\n        !function(f,b,e,v,n,t,s)\n        {if(f.fbq)return;n=f.fbq=function(){n.callMethod?\n        n.callMethod.apply(n,arguments):n.queue.push(arguments)};\n        if(!f._fbq)f._fbq=n;n.push=n;n.loaded=!0;n.version='2.0';\n        n.queue=[];t=b.createElement(e);t.async=!0;\n        t.src=v;s=b.getElementsByTagName(e)[0];\n        s.parentNode.insertBefore(t,s)}(window, document,'script',\n        'https:\/\/connect.facebook.net\/en_US\/fbevents.js');\n        fbq('init', '492459597522335');\n        fbq('track', 'PageView');\n    <\/script><\/p>\n","protected":false},"excerpt":{"rendered":"<p>Uno de los temas \u00e1lgidos en el Santa Fe Business Forum es el futuro del biodi\u00e9sel. Hoy el Senado retomar\u00e1 el debate para avanzar en un dictamen sobre una nueva Ley de Biocombustibles, Con una enorme capacidad instalada pero mayormente ociosa, el biodi\u00e9sel espera su oportunidad ya que su mayor mercado es la Uni\u00f3n Europea. [&hellip;]<\/p>\n","protected":false},"author":1,"featured_media":210316,"comment_status":"closed","ping_status":"closed","sticky":false,"template":"","format":"standard","meta":{"footnotes":""},"categories":[28],"tags":[],"class_list":["post-210315","post","type-post","status-publish","format-standard","has-post-thumbnail","hentry","category-economia"],"yoast_head":"<!-- This site is optimized with the Yoast SEO plugin v24.4 - https:\/\/yoast.com\/wordpress\/plugins\/seo\/ -->\n<title>Biodiesel: c\u00f3mo y por qu\u00e9 la Uni\u00f3n Europea puede poner en jaque a la producci\u00f3n nacional - GYS NOTICIAS |<\/title>\n<meta name=\"robots\" content=\"index, follow, max-snippet:-1, max-image-preview:large, max-video-preview:-1\" \/>\n<link rel=\"canonical\" href=\"https:\/\/gysfm.com.ar\/inicio\/biodiesel-como-y-por-que-la-union-europea-puede-poner-en-jaque-a-la-produccion-nacional\/\" \/>\n<meta property=\"og:locale\" content=\"es_ES\" \/>\n<meta property=\"og:type\" content=\"article\" \/>\n<meta property=\"og:title\" content=\"Biodiesel: c\u00f3mo y por qu\u00e9 la Uni\u00f3n Europea puede poner en jaque a la producci\u00f3n nacional - GYS NOTICIAS |\" \/>\n<meta property=\"og:description\" content=\"Uno de los temas \u00e1lgidos en el Santa Fe Business Forum es el futuro del biodi\u00e9sel. Hoy el Senado retomar\u00e1 el debate para avanzar en un dictamen sobre una nueva Ley de Biocombustibles, Con una enorme capacidad instalada pero mayormente ociosa, el biodi\u00e9sel espera su oportunidad ya que su mayor mercado es la Uni\u00f3n Europea. [&hellip;]\" \/>\n<meta property=\"og:url\" content=\"https:\/\/gysfm.com.ar\/inicio\/biodiesel-como-y-por-que-la-union-europea-puede-poner-en-jaque-a-la-produccion-nacional\/\" \/>\n<meta property=\"og:site_name\" content=\"GYS NOTICIAS |\" \/>\n<meta property=\"article:published_time\" content=\"2026-09-03T17:29:07+00:00\" \/>\n<meta property=\"article:modified_time\" content=\"2026-09-03T17:29:08+00:00\" \/>\n<meta property=\"og:image\" content=\"https:\/\/gysfm.com.ar\/inicio\/wp-content\/uploads\/2026\/09\/el-sector-de-biodiesel-afronta-la-baja-de-la-QOGHLMH7WJADPJGIJUQRJTESGE.jpg\" \/>\n\t<meta property=\"og:image:width\" content=\"1200\" \/>\n\t<meta property=\"og:image:height\" content=\"800\" \/>\n\t<meta property=\"og:image:type\" content=\"image\/jpeg\" \/>\n<meta name=\"author\" content=\"admin\" \/>\n<meta name=\"twitter:card\" content=\"summary_large_image\" \/>\n<meta name=\"twitter:label1\" content=\"Escrito por\" \/>\n\t<meta name=\"twitter:data1\" content=\"admin\" \/>\n\t<meta name=\"twitter:label2\" content=\"Tiempo de lectura\" \/>\n\t<meta name=\"twitter:data2\" content=\"5 minutos\" \/>\n<script type=\"application\/ld+json\" class=\"yoast-schema-graph\">{\"@context\":\"https:\/\/schema.org\",\"@graph\":[{\"@type\":\"Article\",\"@id\":\"https:\/\/gysfm.com.ar\/inicio\/biodiesel-como-y-por-que-la-union-europea-puede-poner-en-jaque-a-la-produccion-nacional\/#article\",\"isPartOf\":{\"@id\":\"https:\/\/gysfm.com.ar\/inicio\/biodiesel-como-y-por-que-la-union-europea-puede-poner-en-jaque-a-la-produccion-nacional\/\"},\"author\":{\"name\":\"admin\",\"@id\":\"https:\/\/gysfm.com.ar\/inicio\/#\/schema\/person\/5bedd7ecd35cc35548d89effafa23696\"},\"headline\":\"Biodiesel: c\u00f3mo y por qu\u00e9 la Uni\u00f3n Europea puede poner en jaque a la producci\u00f3n nacional\",\"datePublished\":\"2026-09-03T17:29:07+00:00\",\"dateModified\":\"2026-09-03T17:29:08+00:00\",\"mainEntityOfPage\":{\"@id\":\"https:\/\/gysfm.com.ar\/inicio\/biodiesel-como-y-por-que-la-union-europea-puede-poner-en-jaque-a-la-produccion-nacional\/\"},\"wordCount\":1116,\"publisher\":{\"@id\":\"https:\/\/gysfm.com.ar\/inicio\/#organization\"},\"image\":{\"@id\":\"https:\/\/gysfm.com.ar\/inicio\/biodiesel-como-y-por-que-la-union-europea-puede-poner-en-jaque-a-la-produccion-nacional\/#primaryimage\"},\"thumbnailUrl\":\"https:\/\/gysfm.com.ar\/inicio\/wp-content\/uploads\/2026\/09\/el-sector-de-biodiesel-afronta-la-baja-de-la-QOGHLMH7WJADPJGIJUQRJTESGE.jpg\",\"articleSection\":[\"ECONOMIA\"],\"inLanguage\":\"es\"},{\"@type\":\"WebPage\",\"@id\":\"https:\/\/gysfm.com.ar\/inicio\/biodiesel-como-y-por-que-la-union-europea-puede-poner-en-jaque-a-la-produccion-nacional\/\",\"url\":\"https:\/\/gysfm.com.ar\/inicio\/biodiesel-como-y-por-que-la-union-europea-puede-poner-en-jaque-a-la-produccion-nacional\/\",\"name\":\"Biodiesel: c\u00f3mo y por qu\u00e9 la Uni\u00f3n Europea puede poner en jaque a la producci\u00f3n nacional - GYS NOTICIAS |\",\"isPartOf\":{\"@id\":\"https:\/\/gysfm.com.ar\/inicio\/#website\"},\"primaryImageOfPage\":{\"@id\":\"https:\/\/gysfm.com.ar\/inicio\/biodiesel-como-y-por-que-la-union-europea-puede-poner-en-jaque-a-la-produccion-nacional\/#primaryimage\"},\"image\":{\"@id\":\"https:\/\/gysfm.com.ar\/inicio\/biodiesel-como-y-por-que-la-union-europea-puede-poner-en-jaque-a-la-produccion-nacional\/#primaryimage\"},\"thumbnailUrl\":\"https:\/\/gysfm.com.ar\/inicio\/wp-content\/uploads\/2026\/09\/el-sector-de-biodiesel-afronta-la-baja-de-la-QOGHLMH7WJADPJGIJUQRJTESGE.jpg\",\"datePublished\":\"2026-09-03T17:29:07+00:00\",\"dateModified\":\"2026-09-03T17:29:08+00:00\",\"breadcrumb\":{\"@id\":\"https:\/\/gysfm.com.ar\/inicio\/biodiesel-como-y-por-que-la-union-europea-puede-poner-en-jaque-a-la-produccion-nacional\/#breadcrumb\"},\"inLanguage\":\"es\",\"potentialAction\":[{\"@type\":\"ReadAction\",\"target\":[\"https:\/\/gysfm.com.ar\/inicio\/biodiesel-como-y-por-que-la-union-europea-puede-poner-en-jaque-a-la-produccion-nacional\/\"]}]},{\"@type\":\"ImageObject\",\"inLanguage\":\"es\",\"@id\":\"https:\/\/gysfm.com.ar\/inicio\/biodiesel-como-y-por-que-la-union-europea-puede-poner-en-jaque-a-la-produccion-nacional\/#primaryimage\",\"url\":\"https:\/\/gysfm.com.ar\/inicio\/wp-content\/uploads\/2026\/09\/el-sector-de-biodiesel-afronta-la-baja-de-la-QOGHLMH7WJADPJGIJUQRJTESGE.jpg\",\"contentUrl\":\"https:\/\/gysfm.com.ar\/inicio\/wp-content\/uploads\/2026\/09\/el-sector-de-biodiesel-afronta-la-baja-de-la-QOGHLMH7WJADPJGIJUQRJTESGE.jpg\",\"width\":1200,\"height\":800},{\"@type\":\"BreadcrumbList\",\"@id\":\"https:\/\/gysfm.com.ar\/inicio\/biodiesel-como-y-por-que-la-union-europea-puede-poner-en-jaque-a-la-produccion-nacional\/#breadcrumb\",\"itemListElement\":[{\"@type\":\"ListItem\",\"position\":1,\"name\":\"Portada\",\"item\":\"https:\/\/gysfm.com.ar\/inicio\/\"},{\"@type\":\"ListItem\",\"position\":2,\"name\":\"Biodiesel: c\u00f3mo y por qu\u00e9 la Uni\u00f3n Europea puede poner en jaque a la producci\u00f3n nacional\"}]},{\"@type\":\"WebSite\",\"@id\":\"https:\/\/gysfm.com.ar\/inicio\/#website\",\"url\":\"https:\/\/gysfm.com.ar\/inicio\/\",\"name\":\"GYS NOTICIAS |\",\"description\":\"DIARIO - RADIO ONLINE SAN JUAN ARGENTINA\",\"publisher\":{\"@id\":\"https:\/\/gysfm.com.ar\/inicio\/#organization\"},\"potentialAction\":[{\"@type\":\"SearchAction\",\"target\":{\"@type\":\"EntryPoint\",\"urlTemplate\":\"https:\/\/gysfm.com.ar\/inicio\/?s={search_term_string}\"},\"query-input\":{\"@type\":\"PropertyValueSpecification\",\"valueRequired\":true,\"valueName\":\"search_term_string\"}}],\"inLanguage\":\"es\"},{\"@type\":\"Organization\",\"@id\":\"https:\/\/gysfm.com.ar\/inicio\/#organization\",\"name\":\"GYS NOTICIAS |\",\"url\":\"https:\/\/gysfm.com.ar\/inicio\/\",\"logo\":{\"@type\":\"ImageObject\",\"inLanguage\":\"es\",\"@id\":\"https:\/\/gysfm.com.ar\/inicio\/#\/schema\/logo\/image\/\",\"url\":\"https:\/\/gysfm.com.ar\/inicio\/wp-content\/uploads\/2023\/07\/LOGOGYS-OK.png\",\"contentUrl\":\"https:\/\/gysfm.com.ar\/inicio\/wp-content\/uploads\/2023\/07\/LOGOGYS-OK.png\",\"width\":1170,\"height\":872,\"caption\":\"GYS NOTICIAS |\"},\"image\":{\"@id\":\"https:\/\/gysfm.com.ar\/inicio\/#\/schema\/logo\/image\/\"}},{\"@type\":\"Person\",\"@id\":\"https:\/\/gysfm.com.ar\/inicio\/#\/schema\/person\/5bedd7ecd35cc35548d89effafa23696\",\"name\":\"admin\",\"image\":{\"@type\":\"ImageObject\",\"inLanguage\":\"es\",\"@id\":\"https:\/\/gysfm.com.ar\/inicio\/#\/schema\/person\/image\/\",\"url\":\"https:\/\/secure.gravatar.com\/avatar\/c331d312b5243fb64d5ba28108a447b27c925295129a363082c9ea52c28d32c2?s=96&d=mm&r=g\",\"contentUrl\":\"https:\/\/secure.gravatar.com\/avatar\/c331d312b5243fb64d5ba28108a447b27c925295129a363082c9ea52c28d32c2?s=96&d=mm&r=g\",\"caption\":\"admin\"},\"sameAs\":[\"https:\/\/gysfm.com.ar\/inicio\"],\"url\":\"https:\/\/gysfm.com.ar\/inicio\/author\/admin\/\"}]}<\/script>\n<!-- \/ Yoast SEO plugin. -->","yoast_head_json":{"title":"Biodiesel: c\u00f3mo y por qu\u00e9 la Uni\u00f3n Europea puede poner en jaque a la producci\u00f3n nacional - GYS NOTICIAS |","robots":{"index":"index","follow":"follow","max-snippet":"max-snippet:-1","max-image-preview":"max-image-preview:large","max-video-preview":"max-video-preview:-1"},"canonical":"https:\/\/gysfm.com.ar\/inicio\/biodiesel-como-y-por-que-la-union-europea-puede-poner-en-jaque-a-la-produccion-nacional\/","og_locale":"es_ES","og_type":"article","og_title":"Biodiesel: c\u00f3mo y por qu\u00e9 la Uni\u00f3n Europea puede poner en jaque a la producci\u00f3n nacional - GYS NOTICIAS |","og_description":"Uno de los temas \u00e1lgidos en el Santa Fe Business Forum es el futuro del biodi\u00e9sel. Hoy el Senado retomar\u00e1 el debate para avanzar en un dictamen sobre una nueva Ley de Biocombustibles, Con una enorme capacidad instalada pero mayormente ociosa, el biodi\u00e9sel espera su oportunidad ya que su mayor mercado es la Uni\u00f3n Europea. [&hellip;]","og_url":"https:\/\/gysfm.com.ar\/inicio\/biodiesel-como-y-por-que-la-union-europea-puede-poner-en-jaque-a-la-produccion-nacional\/","og_site_name":"GYS NOTICIAS |","article_published_time":"2026-09-03T17:29:07+00:00","article_modified_time":"2026-09-03T17:29:08+00:00","og_image":[{"width":1200,"height":800,"url":"https:\/\/gysfm.com.ar\/inicio\/wp-content\/uploads\/2026\/09\/el-sector-de-biodiesel-afronta-la-baja-de-la-QOGHLMH7WJADPJGIJUQRJTESGE.jpg","type":"image\/jpeg"}],"author":"admin","twitter_card":"summary_large_image","twitter_misc":{"Escrito por":"admin","Tiempo de lectura":"5 minutos"},"schema":{"@context":"https:\/\/schema.org","@graph":[{"@type":"Article","@id":"https:\/\/gysfm.com.ar\/inicio\/biodiesel-como-y-por-que-la-union-europea-puede-poner-en-jaque-a-la-produccion-nacional\/#article","isPartOf":{"@id":"https:\/\/gysfm.com.ar\/inicio\/biodiesel-como-y-por-que-la-union-europea-puede-poner-en-jaque-a-la-produccion-nacional\/"},"author":{"name":"admin","@id":"https:\/\/gysfm.com.ar\/inicio\/#\/schema\/person\/5bedd7ecd35cc35548d89effafa23696"},"headline":"Biodiesel: c\u00f3mo y por qu\u00e9 la Uni\u00f3n Europea puede poner en jaque a la producci\u00f3n nacional","datePublished":"2026-09-03T17:29:07+00:00","dateModified":"2026-09-03T17:29:08+00:00","mainEntityOfPage":{"@id":"https:\/\/gysfm.com.ar\/inicio\/biodiesel-como-y-por-que-la-union-europea-puede-poner-en-jaque-a-la-produccion-nacional\/"},"wordCount":1116,"publisher":{"@id":"https:\/\/gysfm.com.ar\/inicio\/#organization"},"image":{"@id":"https:\/\/gysfm.com.ar\/inicio\/biodiesel-como-y-por-que-la-union-europea-puede-poner-en-jaque-a-la-produccion-nacional\/#primaryimage"},"thumbnailUrl":"https:\/\/gysfm.com.ar\/inicio\/wp-content\/uploads\/2026\/09\/el-sector-de-biodiesel-afronta-la-baja-de-la-QOGHLMH7WJADPJGIJUQRJTESGE.jpg","articleSection":["ECONOMIA"],"inLanguage":"es"},{"@type":"WebPage","@id":"https:\/\/gysfm.com.ar\/inicio\/biodiesel-como-y-por-que-la-union-europea-puede-poner-en-jaque-a-la-produccion-nacional\/","url":"https:\/\/gysfm.com.ar\/inicio\/biodiesel-como-y-por-que-la-union-europea-puede-poner-en-jaque-a-la-produccion-nacional\/","name":"Biodiesel: c\u00f3mo y por qu\u00e9 la Uni\u00f3n Europea puede poner en jaque a la producci\u00f3n nacional - GYS NOTICIAS |","isPartOf":{"@id":"https:\/\/gysfm.com.ar\/inicio\/#website"},"primaryImageOfPage":{"@id":"https:\/\/gysfm.com.ar\/inicio\/biodiesel-como-y-por-que-la-union-europea-puede-poner-en-jaque-a-la-produccion-nacional\/#primaryimage"},"image":{"@id":"https:\/\/gysfm.com.ar\/inicio\/biodiesel-como-y-por-que-la-union-europea-puede-poner-en-jaque-a-la-produccion-nacional\/#primaryimage"},"thumbnailUrl":"https:\/\/gysfm.com.ar\/inicio\/wp-content\/uploads\/2026\/09\/el-sector-de-biodiesel-afronta-la-baja-de-la-QOGHLMH7WJADPJGIJUQRJTESGE.jpg","datePublished":"2026-09-03T17:29:07+00:00","dateModified":"2026-09-03T17:29:08+00:00","breadcrumb":{"@id":"https:\/\/gysfm.com.ar\/inicio\/biodiesel-como-y-por-que-la-union-europea-puede-poner-en-jaque-a-la-produccion-nacional\/#breadcrumb"},"inLanguage":"es","potentialAction":[{"@type":"ReadAction","target":["https:\/\/gysfm.com.ar\/inicio\/biodiesel-como-y-por-que-la-union-europea-puede-poner-en-jaque-a-la-produccion-nacional\/"]}]},{"@type":"ImageObject","inLanguage":"es","@id":"https:\/\/gysfm.com.ar\/inicio\/biodiesel-como-y-por-que-la-union-europea-puede-poner-en-jaque-a-la-produccion-nacional\/#primaryimage","url":"https:\/\/gysfm.com.ar\/inicio\/wp-content\/uploads\/2026\/09\/el-sector-de-biodiesel-afronta-la-baja-de-la-QOGHLMH7WJADPJGIJUQRJTESGE.jpg","contentUrl":"https:\/\/gysfm.com.ar\/inicio\/wp-content\/uploads\/2026\/09\/el-sector-de-biodiesel-afronta-la-baja-de-la-QOGHLMH7WJADPJGIJUQRJTESGE.jpg","width":1200,"height":800},{"@type":"BreadcrumbList","@id":"https:\/\/gysfm.com.ar\/inicio\/biodiesel-como-y-por-que-la-union-europea-puede-poner-en-jaque-a-la-produccion-nacional\/#breadcrumb","itemListElement":[{"@type":"ListItem","position":1,"name":"Portada","item":"https:\/\/gysfm.com.ar\/inicio\/"},{"@type":"ListItem","position":2,"name":"Biodiesel: c\u00f3mo y por qu\u00e9 la Uni\u00f3n Europea puede poner en jaque a la producci\u00f3n nacional"}]},{"@type":"WebSite","@id":"https:\/\/gysfm.com.ar\/inicio\/#website","url":"https:\/\/gysfm.com.ar\/inicio\/","name":"GYS NOTICIAS |","description":"DIARIO - RADIO ONLINE SAN JUAN ARGENTINA","publisher":{"@id":"https:\/\/gysfm.com.ar\/inicio\/#organization"},"potentialAction":[{"@type":"SearchAction","target":{"@type":"EntryPoint","urlTemplate":"https:\/\/gysfm.com.ar\/inicio\/?s={search_term_string}"},"query-input":{"@type":"PropertyValueSpecification","valueRequired":true,"valueName":"search_term_string"}}],"inLanguage":"es"},{"@type":"Organization","@id":"https:\/\/gysfm.com.ar\/inicio\/#organization","name":"GYS NOTICIAS |","url":"https:\/\/gysfm.com.ar\/inicio\/","logo":{"@type":"ImageObject","inLanguage":"es","@id":"https:\/\/gysfm.com.ar\/inicio\/#\/schema\/logo\/image\/","url":"https:\/\/gysfm.com.ar\/inicio\/wp-content\/uploads\/2023\/07\/LOGOGYS-OK.png","contentUrl":"https:\/\/gysfm.com.ar\/inicio\/wp-content\/uploads\/2023\/07\/LOGOGYS-OK.png","width":1170,"height":872,"caption":"GYS NOTICIAS |"},"image":{"@id":"https:\/\/gysfm.com.ar\/inicio\/#\/schema\/logo\/image\/"}},{"@type":"Person","@id":"https:\/\/gysfm.com.ar\/inicio\/#\/schema\/person\/5bedd7ecd35cc35548d89effafa23696","name":"admin","image":{"@type":"ImageObject","inLanguage":"es","@id":"https:\/\/gysfm.com.ar\/inicio\/#\/schema\/person\/image\/","url":"https:\/\/secure.gravatar.com\/avatar\/c331d312b5243fb64d5ba28108a447b27c925295129a363082c9ea52c28d32c2?s=96&d=mm&r=g","contentUrl":"https:\/\/secure.gravatar.com\/avatar\/c331d312b5243fb64d5ba28108a447b27c925295129a363082c9ea52c28d32c2?s=96&d=mm&r=g","caption":"admin"},"sameAs":["https:\/\/gysfm.com.ar\/inicio"],"url":"https:\/\/gysfm.com.ar\/inicio\/author\/admin\/"}]}},"_links":{"self":[{"href":"https:\/\/gysfm.com.ar\/inicio\/wp-json\/wp\/v2\/posts\/210315","targetHints":{"allow":["GET"]}}],"collection":[{"href":"https:\/\/gysfm.com.ar\/inicio\/wp-json\/wp\/v2\/posts"}],"about":[{"href":"https:\/\/gysfm.com.ar\/inicio\/wp-json\/wp\/v2\/types\/post"}],"author":[{"embeddable":true,"href":"https:\/\/gysfm.com.ar\/inicio\/wp-json\/wp\/v2\/users\/1"}],"replies":[{"embeddable":true,"href":"https:\/\/gysfm.com.ar\/inicio\/wp-json\/wp\/v2\/comments?post=210315"}],"version-history":[{"count":1,"href":"https:\/\/gysfm.com.ar\/inicio\/wp-json\/wp\/v2\/posts\/210315\/revisions"}],"predecessor-version":[{"id":210317,"href":"https:\/\/gysfm.com.ar\/inicio\/wp-json\/wp\/v2\/posts\/210315\/revisions\/210317"}],"wp:featuredmedia":[{"embeddable":true,"href":"https:\/\/gysfm.com.ar\/inicio\/wp-json\/wp\/v2\/media\/210316"}],"wp:attachment":[{"href":"https:\/\/gysfm.com.ar\/inicio\/wp-json\/wp\/v2\/media?parent=210315"}],"wp:term":[{"taxonomy":"category","embeddable":true,"href":"https:\/\/gysfm.com.ar\/inicio\/wp-json\/wp\/v2\/categories?post=210315"},{"taxonomy":"post_tag","embeddable":true,"href":"https:\/\/gysfm.com.ar\/inicio\/wp-json\/wp\/v2\/tags?post=210315"}],"curies":[{"name":"wp","href":"https:\/\/api.w.org\/{rel}","templated":true}]}}