{"id":210308,"date":"2026-09-03T13:26:14","date_gmt":"2026-09-03T16:26:14","guid":{"rendered":"https:\/\/gysfm.com.ar\/inicio\/putin-acuso-a-zelensky-de-terrorista-tras-una-advertencia-del-lider-ucraniano-a-las-aerolineas-comerciales\/"},"modified":"2026-09-03T13:26:15","modified_gmt":"2026-09-03T16:26:15","slug":"putin-acuso-a-zelensky-de-terrorista-tras-una-advertencia-del-lider-ucraniano-a-las-aerolineas-comerciales","status":"publish","type":"post","link":"https:\/\/gysfm.com.ar\/inicio\/putin-acuso-a-zelensky-de-terrorista-tras-una-advertencia-del-lider-ucraniano-a-las-aerolineas-comerciales\/","title":{"rendered":"Putin acus\u00f3 a Zelensky de \u201cterrorista\u201d tras una advertencia del l\u00edder ucraniano a las aerol\u00edneas comerciales"},"content":{"rendered":"<p> <br \/>\n<\/p>\n<div>\n<p class=\"com-paragraph --capital --s text-left\">BISKEK, Kirguist\u00e1n.\u2013 El presidente de Rusia, <strong>Vladimir Putin<\/strong>, acus\u00f3 este martes al primer mandatario de Ucrania, <strong>Volodimir Zelensky<\/strong>, de proclamar el \u201c<a href=\"https:\/\/www.lanacion.com.ar\/el-mundo\/en-un-desafio-a-occidente-xi-y-putin-exhiben-su-alianza-y-reunen-en-asia-a-lideres-enfrentados-con-nid31082026\/\" target=\"_self\" title=\"https:\/\/www.lanacion.com.ar\/el-mundo\/en-un-desafio-a-occidente-xi-y-putin-exhiben-su-alianza-y-reunen-en-asia-a-lideres-enfrentados-con-nid31082026\/\" class=\"com-link break-word\" data-mrf-recirculation=\"n_link_parrafo\">terrorismo de Estado<\/a>\u201d tras advertirles a las aerol\u00edneas que la ofensiva con drones de Kiev hab\u00eda vuelto inseguro el espacio a\u00e9reo ruso.<\/p>\n<p class=\"com-paragraph --s\">El nuevo cruce tuvo lugar al cumplirse cuatro a\u00f1os del inicio de la invasi\u00f3n rusa a Ucrania, en un momento donde <strong>Mosc\u00fa y Kiev intensificaron sus ataques m\u00e1s letales<\/strong>.<\/p>\n<p class=\"com-paragraph --s\">\u201cQueremos advertir a todas las aerol\u00edneas que utilizan el espacio a\u00e9reo ruso, a todas las aseguradoras y a quienes siguen utilizando los principales aeropuertos de Rusia: <strong>el espacio a\u00e9reo ruso se est\u00e1 volviendo completamente inseguro<\/strong>\u201d, clam\u00f3 Zelensky durante su \u00faltima aparici\u00f3n p\u00fablica.<\/p>\n<p class=\"com-paragraph --s\">\u201c<strong>Nos est\u00e1n pidiendo que reanudemos las negociaciones&#8230; pero no se negocia con terroristas<\/strong>\u201d, dijo Putin una rueda de prensa televisada.<\/p>\n<div class=\"content-media\">\n<section role=\"button\" class=\"mod-media   \">\n<figure role=\"button\" tabindex=\"0\" class=\"mod-figure \"><figcaption class=\"mod-figcaption\"><span class=\"com-text --caption --twoxs\">Los l\u00edderes de ambos pa\u00edses, otra vez enfrentados <\/span><span class=\"com-text --credit --twoxs\">MANDEL NGAN &#8211; AFP<\/span><\/figcaption><\/figure>\n<\/section>\n<\/div>\n<p class=\"com-paragraph --s\">En las \u00faltimas horas,<strong> al menos 12 personas murieron en Kiev<\/strong> y en sus alrededores durante nuevos y masivos bombardeos nocturnos rusos. Por su parte, el tr\u00e1fico a\u00e9reo en los aeropuertos de Rusia tambi\u00e9n se vio interrumpido por la aproximaci\u00f3n de drones ucranianos.<\/p>\n<p class=\"com-paragraph --s\">Detr\u00e1s de estos idas y vueltas con Ucrania, quien a su vez cuenta con la venia de Estados Unidos, Rusia y China <strong>exhibieron este lunes la solidez de su alianza <\/strong>y aprovecharon una <a href=\"https:\/\/www.lanacion.com.ar\/el-mundo\/el-explosivo-encuentro-que-incomoda-a-occidente-y-consagra-a-xi-como-protagonista-nid31082026\/\" target=\"_self\" title=\"https:\/\/www.lanacion.com.ar\/el-mundo\/el-explosivo-encuentro-que-incomoda-a-occidente-y-consagra-a-xi-como-protagonista-nid31082026\/\" class=\"com-link break-word\" data-mrf-recirculation=\"n_link_parrafo\"><strong>cumbre de la Organizaci\u00f3n de Cooperaci\u00f3n de Shangh\u00e1i<\/strong><\/a> (OCS, por sus siglas en ingl\u00e9s) para proyectar una <strong>visi\u00f3n de un mundo multipolar<\/strong>, con menos peso de Occidente.<\/p>\n<p class=\"com-paragraph --s\"><strong>\u201cLa cooperaci\u00f3n estrat\u00e9gica entre Rusia y China constituye un modelo de relaciones entre Estados\u201d<\/strong>, afirm\u00f3 Putin al recibir a Xi Jinping, en una muestra del estrechamiento de los v\u00ednculos entre dos pa\u00edses que mantienen una posici\u00f3n cada vez m\u00e1s desafiante frente a Washington. <\/p>\n<div class=\"content-media\">\n<section role=\"button\" class=\"mod-media   \">\n<figure role=\"button\" tabindex=\"0\" class=\"mod-figure \"><figcaption class=\"mod-figcaption\"><span class=\"com-text --caption --twoxs\">La complicidad entre ambos l\u00edderes y una imagen que vale m\u00e1s que mil palabras<\/span><span class=\"com-text --credit --twoxs\">Kristina Solovyova &#8211; Pool Sputnik Kremlin<\/span><\/figcaption><\/figure>\n<\/section>\n<\/div>\n<p class=\"com-paragraph --s\">En el c\u00f3nclave que tuvo lugar en Biskek, la capital de Kirguist\u00e1n, quienes tambi\u00e9n dijeron presente fueron el presidente iran\u00ed, <strong>Masoud Pezeshkian<\/strong>, el primer ministro indio, <strong>Narendra Modi<\/strong>, y el presidente turco, <strong>Recep Tayyip Erdogan<\/strong>, entre otros dirigentes.<\/p>\n<p class=\"com-paragraph --s\">En consonancia con el sentimiento de Putin, Xi asegur\u00f3 estar \u201cfeliz\u201d de encontrarse con su hom\u00f3nimo ruso y afirm\u00f3 que las <strong>relaciones bilaterales se han vuelto \u201cm\u00e1s s\u00f3lidas\u201d<\/strong>, con perspectivas \u201ca\u00fan m\u00e1s prometedoras\u201d. El mandatario chino sostuvo que el mundo atraviesa un per\u00edodo de creciente incertidumbre e imprevisibilidad y llam\u00f3 a avanzar hacia un <strong>\u201cmundo multipolar igualitario y ordenado\u201d<\/strong>.<\/p>\n<p class=\"com-paragraph --s\">La reuni\u00f3n se produjo en un momento especialmente sensible para ambos gobiernos. <strong>Rusia contin\u00faa su guerra contra Ucrania <\/strong>y permanece sometida a un amplio r\u00e9gimen de sanciones occidentales, mientras que <strong>China enfrenta crecientes tensiones comerciales con Estados Unidos<\/strong>. <strong>Ir\u00e1n<\/strong>, otro socio de Mosc\u00fa y Pek\u00edn, atraviesa adem\u00e1s una <strong>nueva escalada militar con Washington<\/strong>.<\/p>\n<p class=\"com-paragraph --s\">Sobre los dichos de Zelensky, desde Kiev insistieron en que no se trata de una amenaza a la aviaci\u00f3n civil, sino que \u201c<strong>simplemente habr\u00e1 drones en los cielos de Rusia en una escala que debe tenerse en cuenta<\/strong>\u201d.<\/p>\n<div class=\"content-media\">\n<section role=\"button\" class=\"mod-media   \">\n<figure role=\"button\" tabindex=\"0\" class=\"mod-figure \"><figcaption class=\"mod-figcaption\"><span class=\"com-text --caption --twoxs\">Trump subo ubicarse como el tercero en discordia entre la disputa Zelensky-Putin<\/span><span class=\"com-text --credit --twoxs\">AP Photo\/Mark Schiefelbein<\/span><\/figcaption><\/figure>\n<\/section>\n<\/div>\n<p class=\"com-paragraph --s\">Pese a estas supuestas aclaraciones, Putin insisti\u00f3 en aclarar este pronunciamiento como \u201c<strong>una declaraci\u00f3n de terrorismo de Estado<\/strong>\u201d. En ese sentido, el mandam\u00e1s del Kremlin subray\u00f3 en otro pasaje de la OCS que, \u201cel adversario comenz\u00f3 a lanzar ataques contra nuestras infraestructuras civiles, incluidas las refiner\u00edas. \u00bfHan causado da\u00f1os? S\u00ed. \u00bfY por qu\u00e9? Entre otras razones, <strong>sobre todo porque no estaban protegidas<\/strong>\u201d.<\/p>\n<p class=\"com-paragraph --s\">Finalmente, los esfuerzos diplom\u00e1ticos -bajo mediaci\u00f3n estadounidense- que buscan calmar las aguas entre Rusia y Ucrania se mantienen estancados desde febrero, cuando estall\u00f3 la guerra en Medio Oriente.<\/p>\n<p class=\"com-paragraph --s text-left\"><em><strong>Con informaci\u00f3n de AFP.<\/strong><\/em><\/p>\n<section class=\"container-center-100 mb-40 border border-bottom border-thin border-neutral-light-700\">\n<hr\/>\n<\/section>\n<\/div>\n<p><script id=\"facebookpixel\" defer=\"\" type=\"text\/javascript\">\n        !function(f,b,e,v,n,t,s)\n        {if(f.fbq)return;n=f.fbq=function(){n.callMethod?\n        n.callMethod.apply(n,arguments):n.queue.push(arguments)};\n        if(!f._fbq)f._fbq=n;n.push=n;n.loaded=!0;n.version='2.0';\n        n.queue=[];t=b.createElement(e);t.async=!0;\n        t.src=v;s=b.getElementsByTagName(e)[0];\n        s.parentNode.insertBefore(t,s)}(window, document,'script',\n        'https:\/\/connect.facebook.net\/en_US\/fbevents.js');\n        fbq('init', '492459597522335');\n        fbq('track', 'PageView');\n    <\/script><br \/>\n<br \/><\/p>\n","protected":false},"excerpt":{"rendered":"<p>BISKEK, Kirguist\u00e1n.\u2013 El presidente de Rusia, Vladimir Putin, acus\u00f3 este martes al primer mandatario de Ucrania, Volodimir Zelensky, de proclamar el \u201cterrorismo de Estado\u201d tras advertirles a las aerol\u00edneas que la ofensiva con drones de Kiev hab\u00eda vuelto inseguro el espacio a\u00e9reo ruso. El nuevo cruce tuvo lugar al cumplirse cuatro a\u00f1os del inicio de [&hellip;]<\/p>\n","protected":false},"author":2,"featured_media":210309,"comment_status":"closed","ping_status":"closed","sticky":false,"template":"","format":"standard","meta":{"footnotes":""},"categories":[26],"tags":[],"class_list":["post-210308","post","type-post","status-publish","format-standard","has-post-thumbnail","hentry","category-internacionales"],"yoast_head":"<!-- This site is optimized with the Yoast SEO plugin v24.4 - https:\/\/yoast.com\/wordpress\/plugins\/seo\/ -->\n<title>Putin acus\u00f3 a Zelensky de \u201cterrorista\u201d tras una advertencia del l\u00edder ucraniano a las aerol\u00edneas comerciales - GYS NOTICIAS |<\/title>\n<meta name=\"robots\" content=\"index, follow, max-snippet:-1, max-image-preview:large, max-video-preview:-1\" \/>\n<link rel=\"canonical\" href=\"https:\/\/gysfm.com.ar\/inicio\/putin-acuso-a-zelensky-de-terrorista-tras-una-advertencia-del-lider-ucraniano-a-las-aerolineas-comerciales\/\" \/>\n<meta property=\"og:locale\" content=\"es_ES\" \/>\n<meta property=\"og:type\" content=\"article\" \/>\n<meta property=\"og:title\" content=\"Putin acus\u00f3 a Zelensky de \u201cterrorista\u201d tras una advertencia del l\u00edder ucraniano a las aerol\u00edneas comerciales - GYS NOTICIAS |\" \/>\n<meta property=\"og:description\" content=\"BISKEK, Kirguist\u00e1n.\u2013 El presidente de Rusia, Vladimir Putin, acus\u00f3 este martes al primer mandatario de Ucrania, Volodimir Zelensky, de proclamar el \u201cterrorismo de Estado\u201d tras advertirles a las aerol\u00edneas que la ofensiva con drones de Kiev hab\u00eda vuelto inseguro el espacio a\u00e9reo ruso. El nuevo cruce tuvo lugar al cumplirse cuatro a\u00f1os del inicio de [&hellip;]\" \/>\n<meta property=\"og:url\" content=\"https:\/\/gysfm.com.ar\/inicio\/putin-acuso-a-zelensky-de-terrorista-tras-una-advertencia-del-lider-ucraniano-a-las-aerolineas-comerciales\/\" \/>\n<meta property=\"og:site_name\" content=\"GYS NOTICIAS |\" \/>\n<meta property=\"article:published_time\" content=\"2026-09-03T16:26:14+00:00\" \/>\n<meta property=\"article:modified_time\" content=\"2026-09-03T16:26:15+00:00\" \/>\n<meta property=\"og:image\" content=\"https:\/\/gysfm.com.ar\/inicio\/wp-content\/uploads\/2026\/09\/el-mandatario-ruso-volvio-a-cargar-contra-su-par-CBEDY5F76BCVLHV66JSSCKIYZM.JPG\" \/>\n\t<meta property=\"og:image:width\" content=\"1200\" \/>\n\t<meta property=\"og:image:height\" content=\"800\" \/>\n\t<meta property=\"og:image:type\" content=\"image\/jpeg\" \/>\n<meta name=\"author\" content=\"Prensa G&amp;S FM\" \/>\n<meta name=\"twitter:card\" content=\"summary_large_image\" \/>\n<meta name=\"twitter:label1\" content=\"Escrito por\" \/>\n\t<meta name=\"twitter:data1\" content=\"Prensa G&amp;S FM\" \/>\n\t<meta name=\"twitter:label2\" content=\"Tiempo de lectura\" \/>\n\t<meta name=\"twitter:data2\" content=\"3 minutos\" \/>\n<script type=\"application\/ld+json\" class=\"yoast-schema-graph\">{\"@context\":\"https:\/\/schema.org\",\"@graph\":[{\"@type\":\"Article\",\"@id\":\"https:\/\/gysfm.com.ar\/inicio\/putin-acuso-a-zelensky-de-terrorista-tras-una-advertencia-del-lider-ucraniano-a-las-aerolineas-comerciales\/#article\",\"isPartOf\":{\"@id\":\"https:\/\/gysfm.com.ar\/inicio\/putin-acuso-a-zelensky-de-terrorista-tras-una-advertencia-del-lider-ucraniano-a-las-aerolineas-comerciales\/\"},\"author\":{\"name\":\"Prensa G&amp;S FM\",\"@id\":\"https:\/\/gysfm.com.ar\/inicio\/#\/schema\/person\/3abba7593ef2ad19e1be221d54383dc5\"},\"headline\":\"Putin acus\u00f3 a Zelensky de \u201cterrorista\u201d tras una advertencia del l\u00edder ucraniano a las aerol\u00edneas comerciales\",\"datePublished\":\"2026-09-03T16:26:14+00:00\",\"dateModified\":\"2026-09-03T16:26:15+00:00\",\"mainEntityOfPage\":{\"@id\":\"https:\/\/gysfm.com.ar\/inicio\/putin-acuso-a-zelensky-de-terrorista-tras-una-advertencia-del-lider-ucraniano-a-las-aerolineas-comerciales\/\"},\"wordCount\":685,\"publisher\":{\"@id\":\"https:\/\/gysfm.com.ar\/inicio\/#organization\"},\"image\":{\"@id\":\"https:\/\/gysfm.com.ar\/inicio\/putin-acuso-a-zelensky-de-terrorista-tras-una-advertencia-del-lider-ucraniano-a-las-aerolineas-comerciales\/#primaryimage\"},\"thumbnailUrl\":\"https:\/\/gysfm.com.ar\/inicio\/wp-content\/uploads\/2026\/09\/el-mandatario-ruso-volvio-a-cargar-contra-su-par-CBEDY5F76BCVLHV66JSSCKIYZM.JPG\",\"articleSection\":[\"INTERNACIONALES\"],\"inLanguage\":\"es\"},{\"@type\":\"WebPage\",\"@id\":\"https:\/\/gysfm.com.ar\/inicio\/putin-acuso-a-zelensky-de-terrorista-tras-una-advertencia-del-lider-ucraniano-a-las-aerolineas-comerciales\/\",\"url\":\"https:\/\/gysfm.com.ar\/inicio\/putin-acuso-a-zelensky-de-terrorista-tras-una-advertencia-del-lider-ucraniano-a-las-aerolineas-comerciales\/\",\"name\":\"Putin acus\u00f3 a Zelensky de \u201cterrorista\u201d tras una advertencia del l\u00edder ucraniano a las aerol\u00edneas comerciales - GYS NOTICIAS |\",\"isPartOf\":{\"@id\":\"https:\/\/gysfm.com.ar\/inicio\/#website\"},\"primaryImageOfPage\":{\"@id\":\"https:\/\/gysfm.com.ar\/inicio\/putin-acuso-a-zelensky-de-terrorista-tras-una-advertencia-del-lider-ucraniano-a-las-aerolineas-comerciales\/#primaryimage\"},\"image\":{\"@id\":\"https:\/\/gysfm.com.ar\/inicio\/putin-acuso-a-zelensky-de-terrorista-tras-una-advertencia-del-lider-ucraniano-a-las-aerolineas-comerciales\/#primaryimage\"},\"thumbnailUrl\":\"https:\/\/gysfm.com.ar\/inicio\/wp-content\/uploads\/2026\/09\/el-mandatario-ruso-volvio-a-cargar-contra-su-par-CBEDY5F76BCVLHV66JSSCKIYZM.JPG\",\"datePublished\":\"2026-09-03T16:26:14+00:00\",\"dateModified\":\"2026-09-03T16:26:15+00:00\",\"breadcrumb\":{\"@id\":\"https:\/\/gysfm.com.ar\/inicio\/putin-acuso-a-zelensky-de-terrorista-tras-una-advertencia-del-lider-ucraniano-a-las-aerolineas-comerciales\/#breadcrumb\"},\"inLanguage\":\"es\",\"potentialAction\":[{\"@type\":\"ReadAction\",\"target\":[\"https:\/\/gysfm.com.ar\/inicio\/putin-acuso-a-zelensky-de-terrorista-tras-una-advertencia-del-lider-ucraniano-a-las-aerolineas-comerciales\/\"]}]},{\"@type\":\"ImageObject\",\"inLanguage\":\"es\",\"@id\":\"https:\/\/gysfm.com.ar\/inicio\/putin-acuso-a-zelensky-de-terrorista-tras-una-advertencia-del-lider-ucraniano-a-las-aerolineas-comerciales\/#primaryimage\",\"url\":\"https:\/\/gysfm.com.ar\/inicio\/wp-content\/uploads\/2026\/09\/el-mandatario-ruso-volvio-a-cargar-contra-su-par-CBEDY5F76BCVLHV66JSSCKIYZM.JPG\",\"contentUrl\":\"https:\/\/gysfm.com.ar\/inicio\/wp-content\/uploads\/2026\/09\/el-mandatario-ruso-volvio-a-cargar-contra-su-par-CBEDY5F76BCVLHV66JSSCKIYZM.JPG\",\"width\":1200,\"height\":800},{\"@type\":\"BreadcrumbList\",\"@id\":\"https:\/\/gysfm.com.ar\/inicio\/putin-acuso-a-zelensky-de-terrorista-tras-una-advertencia-del-lider-ucraniano-a-las-aerolineas-comerciales\/#breadcrumb\",\"itemListElement\":[{\"@type\":\"ListItem\",\"position\":1,\"name\":\"Portada\",\"item\":\"https:\/\/gysfm.com.ar\/inicio\/\"},{\"@type\":\"ListItem\",\"position\":2,\"name\":\"Putin acus\u00f3 a Zelensky de \u201cterrorista\u201d tras una advertencia del l\u00edder ucraniano a las aerol\u00edneas comerciales\"}]},{\"@type\":\"WebSite\",\"@id\":\"https:\/\/gysfm.com.ar\/inicio\/#website\",\"url\":\"https:\/\/gysfm.com.ar\/inicio\/\",\"name\":\"GYS NOTICIAS |\",\"description\":\"DIARIO - RADIO ONLINE SAN JUAN ARGENTINA\",\"publisher\":{\"@id\":\"https:\/\/gysfm.com.ar\/inicio\/#organization\"},\"potentialAction\":[{\"@type\":\"SearchAction\",\"target\":{\"@type\":\"EntryPoint\",\"urlTemplate\":\"https:\/\/gysfm.com.ar\/inicio\/?s={search_term_string}\"},\"query-input\":{\"@type\":\"PropertyValueSpecification\",\"valueRequired\":true,\"valueName\":\"search_term_string\"}}],\"inLanguage\":\"es\"},{\"@type\":\"Organization\",\"@id\":\"https:\/\/gysfm.com.ar\/inicio\/#organization\",\"name\":\"GYS NOTICIAS |\",\"url\":\"https:\/\/gysfm.com.ar\/inicio\/\",\"logo\":{\"@type\":\"ImageObject\",\"inLanguage\":\"es\",\"@id\":\"https:\/\/gysfm.com.ar\/inicio\/#\/schema\/logo\/image\/\",\"url\":\"https:\/\/gysfm.com.ar\/inicio\/wp-content\/uploads\/2023\/07\/LOGOGYS-OK.png\",\"contentUrl\":\"https:\/\/gysfm.com.ar\/inicio\/wp-content\/uploads\/2023\/07\/LOGOGYS-OK.png\",\"width\":1170,\"height\":872,\"caption\":\"GYS NOTICIAS |\"},\"image\":{\"@id\":\"https:\/\/gysfm.com.ar\/inicio\/#\/schema\/logo\/image\/\"}},{\"@type\":\"Person\",\"@id\":\"https:\/\/gysfm.com.ar\/inicio\/#\/schema\/person\/3abba7593ef2ad19e1be221d54383dc5\",\"name\":\"Prensa G&amp;S FM\",\"image\":{\"@type\":\"ImageObject\",\"inLanguage\":\"es\",\"@id\":\"https:\/\/gysfm.com.ar\/inicio\/#\/schema\/person\/image\/\",\"url\":\"https:\/\/secure.gravatar.com\/avatar\/096ec78df02049ab018702bb4ccedf659377fa92a26540b5247612077a0dbd29?s=96&d=mm&r=g\",\"contentUrl\":\"https:\/\/secure.gravatar.com\/avatar\/096ec78df02049ab018702bb4ccedf659377fa92a26540b5247612077a0dbd29?s=96&d=mm&r=g\",\"caption\":\"Prensa G&amp;S FM\"},\"sameAs\":[\"https:\/\/gysfm.com.ar\/\"],\"url\":\"https:\/\/gysfm.com.ar\/inicio\/author\/lucasm\/\"}]}<\/script>\n<!-- \/ Yoast SEO plugin. -->","yoast_head_json":{"title":"Putin acus\u00f3 a Zelensky de \u201cterrorista\u201d tras una advertencia del l\u00edder ucraniano a las aerol\u00edneas comerciales - GYS NOTICIAS |","robots":{"index":"index","follow":"follow","max-snippet":"max-snippet:-1","max-image-preview":"max-image-preview:large","max-video-preview":"max-video-preview:-1"},"canonical":"https:\/\/gysfm.com.ar\/inicio\/putin-acuso-a-zelensky-de-terrorista-tras-una-advertencia-del-lider-ucraniano-a-las-aerolineas-comerciales\/","og_locale":"es_ES","og_type":"article","og_title":"Putin acus\u00f3 a Zelensky de \u201cterrorista\u201d tras una advertencia del l\u00edder ucraniano a las aerol\u00edneas comerciales - GYS NOTICIAS |","og_description":"BISKEK, Kirguist\u00e1n.\u2013 El presidente de Rusia, Vladimir Putin, acus\u00f3 este martes al primer mandatario de Ucrania, Volodimir Zelensky, de proclamar el \u201cterrorismo de Estado\u201d tras advertirles a las aerol\u00edneas que la ofensiva con drones de Kiev hab\u00eda vuelto inseguro el espacio a\u00e9reo ruso. El nuevo cruce tuvo lugar al cumplirse cuatro a\u00f1os del inicio de [&hellip;]","og_url":"https:\/\/gysfm.com.ar\/inicio\/putin-acuso-a-zelensky-de-terrorista-tras-una-advertencia-del-lider-ucraniano-a-las-aerolineas-comerciales\/","og_site_name":"GYS NOTICIAS |","article_published_time":"2026-09-03T16:26:14+00:00","article_modified_time":"2026-09-03T16:26:15+00:00","og_image":[{"width":1200,"height":800,"url":"https:\/\/gysfm.com.ar\/inicio\/wp-content\/uploads\/2026\/09\/el-mandatario-ruso-volvio-a-cargar-contra-su-par-CBEDY5F76BCVLHV66JSSCKIYZM.JPG","type":"image\/jpeg"}],"author":"Prensa G&amp;S FM","twitter_card":"summary_large_image","twitter_misc":{"Escrito por":"Prensa G&amp;S FM","Tiempo de lectura":"3 minutos"},"schema":{"@context":"https:\/\/schema.org","@graph":[{"@type":"Article","@id":"https:\/\/gysfm.com.ar\/inicio\/putin-acuso-a-zelensky-de-terrorista-tras-una-advertencia-del-lider-ucraniano-a-las-aerolineas-comerciales\/#article","isPartOf":{"@id":"https:\/\/gysfm.com.ar\/inicio\/putin-acuso-a-zelensky-de-terrorista-tras-una-advertencia-del-lider-ucraniano-a-las-aerolineas-comerciales\/"},"author":{"name":"Prensa G&amp;S FM","@id":"https:\/\/gysfm.com.ar\/inicio\/#\/schema\/person\/3abba7593ef2ad19e1be221d54383dc5"},"headline":"Putin acus\u00f3 a Zelensky de \u201cterrorista\u201d tras una advertencia del l\u00edder ucraniano a las aerol\u00edneas comerciales","datePublished":"2026-09-03T16:26:14+00:00","dateModified":"2026-09-03T16:26:15+00:00","mainEntityOfPage":{"@id":"https:\/\/gysfm.com.ar\/inicio\/putin-acuso-a-zelensky-de-terrorista-tras-una-advertencia-del-lider-ucraniano-a-las-aerolineas-comerciales\/"},"wordCount":685,"publisher":{"@id":"https:\/\/gysfm.com.ar\/inicio\/#organization"},"image":{"@id":"https:\/\/gysfm.com.ar\/inicio\/putin-acuso-a-zelensky-de-terrorista-tras-una-advertencia-del-lider-ucraniano-a-las-aerolineas-comerciales\/#primaryimage"},"thumbnailUrl":"https:\/\/gysfm.com.ar\/inicio\/wp-content\/uploads\/2026\/09\/el-mandatario-ruso-volvio-a-cargar-contra-su-par-CBEDY5F76BCVLHV66JSSCKIYZM.JPG","articleSection":["INTERNACIONALES"],"inLanguage":"es"},{"@type":"WebPage","@id":"https:\/\/gysfm.com.ar\/inicio\/putin-acuso-a-zelensky-de-terrorista-tras-una-advertencia-del-lider-ucraniano-a-las-aerolineas-comerciales\/","url":"https:\/\/gysfm.com.ar\/inicio\/putin-acuso-a-zelensky-de-terrorista-tras-una-advertencia-del-lider-ucraniano-a-las-aerolineas-comerciales\/","name":"Putin acus\u00f3 a Zelensky de \u201cterrorista\u201d tras una advertencia del l\u00edder ucraniano a las aerol\u00edneas comerciales - GYS NOTICIAS |","isPartOf":{"@id":"https:\/\/gysfm.com.ar\/inicio\/#website"},"primaryImageOfPage":{"@id":"https:\/\/gysfm.com.ar\/inicio\/putin-acuso-a-zelensky-de-terrorista-tras-una-advertencia-del-lider-ucraniano-a-las-aerolineas-comerciales\/#primaryimage"},"image":{"@id":"https:\/\/gysfm.com.ar\/inicio\/putin-acuso-a-zelensky-de-terrorista-tras-una-advertencia-del-lider-ucraniano-a-las-aerolineas-comerciales\/#primaryimage"},"thumbnailUrl":"https:\/\/gysfm.com.ar\/inicio\/wp-content\/uploads\/2026\/09\/el-mandatario-ruso-volvio-a-cargar-contra-su-par-CBEDY5F76BCVLHV66JSSCKIYZM.JPG","datePublished":"2026-09-03T16:26:14+00:00","dateModified":"2026-09-03T16:26:15+00:00","breadcrumb":{"@id":"https:\/\/gysfm.com.ar\/inicio\/putin-acuso-a-zelensky-de-terrorista-tras-una-advertencia-del-lider-ucraniano-a-las-aerolineas-comerciales\/#breadcrumb"},"inLanguage":"es","potentialAction":[{"@type":"ReadAction","target":["https:\/\/gysfm.com.ar\/inicio\/putin-acuso-a-zelensky-de-terrorista-tras-una-advertencia-del-lider-ucraniano-a-las-aerolineas-comerciales\/"]}]},{"@type":"ImageObject","inLanguage":"es","@id":"https:\/\/gysfm.com.ar\/inicio\/putin-acuso-a-zelensky-de-terrorista-tras-una-advertencia-del-lider-ucraniano-a-las-aerolineas-comerciales\/#primaryimage","url":"https:\/\/gysfm.com.ar\/inicio\/wp-content\/uploads\/2026\/09\/el-mandatario-ruso-volvio-a-cargar-contra-su-par-CBEDY5F76BCVLHV66JSSCKIYZM.JPG","contentUrl":"https:\/\/gysfm.com.ar\/inicio\/wp-content\/uploads\/2026\/09\/el-mandatario-ruso-volvio-a-cargar-contra-su-par-CBEDY5F76BCVLHV66JSSCKIYZM.JPG","width":1200,"height":800},{"@type":"BreadcrumbList","@id":"https:\/\/gysfm.com.ar\/inicio\/putin-acuso-a-zelensky-de-terrorista-tras-una-advertencia-del-lider-ucraniano-a-las-aerolineas-comerciales\/#breadcrumb","itemListElement":[{"@type":"ListItem","position":1,"name":"Portada","item":"https:\/\/gysfm.com.ar\/inicio\/"},{"@type":"ListItem","position":2,"name":"Putin acus\u00f3 a Zelensky de \u201cterrorista\u201d tras una advertencia del l\u00edder ucraniano a las aerol\u00edneas comerciales"}]},{"@type":"WebSite","@id":"https:\/\/gysfm.com.ar\/inicio\/#website","url":"https:\/\/gysfm.com.ar\/inicio\/","name":"GYS NOTICIAS |","description":"DIARIO - RADIO ONLINE SAN JUAN ARGENTINA","publisher":{"@id":"https:\/\/gysfm.com.ar\/inicio\/#organization"},"potentialAction":[{"@type":"SearchAction","target":{"@type":"EntryPoint","urlTemplate":"https:\/\/gysfm.com.ar\/inicio\/?s={search_term_string}"},"query-input":{"@type":"PropertyValueSpecification","valueRequired":true,"valueName":"search_term_string"}}],"inLanguage":"es"},{"@type":"Organization","@id":"https:\/\/gysfm.com.ar\/inicio\/#organization","name":"GYS NOTICIAS |","url":"https:\/\/gysfm.com.ar\/inicio\/","logo":{"@type":"ImageObject","inLanguage":"es","@id":"https:\/\/gysfm.com.ar\/inicio\/#\/schema\/logo\/image\/","url":"https:\/\/gysfm.com.ar\/inicio\/wp-content\/uploads\/2023\/07\/LOGOGYS-OK.png","contentUrl":"https:\/\/gysfm.com.ar\/inicio\/wp-content\/uploads\/2023\/07\/LOGOGYS-OK.png","width":1170,"height":872,"caption":"GYS NOTICIAS |"},"image":{"@id":"https:\/\/gysfm.com.ar\/inicio\/#\/schema\/logo\/image\/"}},{"@type":"Person","@id":"https:\/\/gysfm.com.ar\/inicio\/#\/schema\/person\/3abba7593ef2ad19e1be221d54383dc5","name":"Prensa G&amp;S FM","image":{"@type":"ImageObject","inLanguage":"es","@id":"https:\/\/gysfm.com.ar\/inicio\/#\/schema\/person\/image\/","url":"https:\/\/secure.gravatar.com\/avatar\/096ec78df02049ab018702bb4ccedf659377fa92a26540b5247612077a0dbd29?s=96&d=mm&r=g","contentUrl":"https:\/\/secure.gravatar.com\/avatar\/096ec78df02049ab018702bb4ccedf659377fa92a26540b5247612077a0dbd29?s=96&d=mm&r=g","caption":"Prensa G&amp;S FM"},"sameAs":["https:\/\/gysfm.com.ar\/"],"url":"https:\/\/gysfm.com.ar\/inicio\/author\/lucasm\/"}]}},"_links":{"self":[{"href":"https:\/\/gysfm.com.ar\/inicio\/wp-json\/wp\/v2\/posts\/210308","targetHints":{"allow":["GET"]}}],"collection":[{"href":"https:\/\/gysfm.com.ar\/inicio\/wp-json\/wp\/v2\/posts"}],"about":[{"href":"https:\/\/gysfm.com.ar\/inicio\/wp-json\/wp\/v2\/types\/post"}],"author":[{"embeddable":true,"href":"https:\/\/gysfm.com.ar\/inicio\/wp-json\/wp\/v2\/users\/2"}],"replies":[{"embeddable":true,"href":"https:\/\/gysfm.com.ar\/inicio\/wp-json\/wp\/v2\/comments?post=210308"}],"version-history":[{"count":1,"href":"https:\/\/gysfm.com.ar\/inicio\/wp-json\/wp\/v2\/posts\/210308\/revisions"}],"predecessor-version":[{"id":210310,"href":"https:\/\/gysfm.com.ar\/inicio\/wp-json\/wp\/v2\/posts\/210308\/revisions\/210310"}],"wp:featuredmedia":[{"embeddable":true,"href":"https:\/\/gysfm.com.ar\/inicio\/wp-json\/wp\/v2\/media\/210309"}],"wp:attachment":[{"href":"https:\/\/gysfm.com.ar\/inicio\/wp-json\/wp\/v2\/media?parent=210308"}],"wp:term":[{"taxonomy":"category","embeddable":true,"href":"https:\/\/gysfm.com.ar\/inicio\/wp-json\/wp\/v2\/categories?post=210308"},{"taxonomy":"post_tag","embeddable":true,"href":"https:\/\/gysfm.com.ar\/inicio\/wp-json\/wp\/v2\/tags?post=210308"}],"curies":[{"name":"wp","href":"https:\/\/api.w.org\/{rel}","templated":true}]}}