{"id":210307,"date":"2026-09-03T13:18:08","date_gmt":"2026-09-03T16:18:08","guid":{"rendered":"https:\/\/gysfm.com.ar\/inicio\/caba-perdio-17-mil-empleos-en-el-sector-en-2-anos-y-advierten-que-la-caida-continua\/"},"modified":"2026-09-03T13:18:08","modified_gmt":"2026-09-03T16:18:08","slug":"caba-perdio-17-mil-empleos-en-el-sector-en-2-anos-y-advierten-que-la-caida-continua","status":"publish","type":"post","link":"https:\/\/gysfm.com.ar\/inicio\/caba-perdio-17-mil-empleos-en-el-sector-en-2-anos-y-advierten-que-la-caida-continua\/","title":{"rendered":"CABA perdi\u00f3 17 mil empleos en el sector en 2 a\u00f1os y advierten que la ca\u00edda contin\u00faa"},"content":{"rendered":"<p> <br \/>\n<\/p>\n<div id=\"\">\n<p id=\"p-1788396918404-96292\">En los \u00faltimos dos a\u00f1os, la industria de la <strong>Ciudad de Buenos Aires<\/strong> <strong>perdi\u00f3 cerca de 17 mil puestos de trabajo <\/strong>y acumula una ca\u00edda del orden del 10%. Desde 2023 cerraron 657 empresas industriales porte\u00f1as y se perdi\u00f3 gran parte de la recuperaci\u00f3n del empleo que se hab\u00eda producido despu\u00e9s de la pandemia. En el marco del <strong>D\u00eda de la Industria<\/strong>, advierten que la crisis en en el distrito no cesa y que sigue en aumento en el marco de las pol\u00edticas del gobierno nacional. <\/p>\n<\/p><\/div>\n<div id=\"\">\n<p id=\"p-1788397304042-43960\">Un informe realizado por el <strong>observatorio USINA<\/strong> revel\u00f3 que en 2024 los ingresos fabriles en la Ciudad <strong>\u00absufrieron la mayor ca\u00edda anual en m\u00e1s de veinte a\u00f1os\u00bb<\/strong> al registrar un deterioro del 10,6% contra el 2023. En la primera mitad de aquel a\u00f1o <strong>cayeron 17% interanual <\/strong>en el primer trimestre y 18,5% en el segundo, registros que calificaron como<strong> \u00abm\u00e1s profundos que el peor trimestre interanual de la pandemia\u00bb.<\/strong><\/p>\n<\/p><\/div>\n<div id=\"\">\n<h2 id=\"p-1788398908462-63236\"> D\u00eda de la Industria en CABA: 16.868 empleos menos desde 2023<\/h2>\n<p id=\"p-1788397216314-39194\">En 2025 la actividad registr\u00f3 un rebote de apenas 1,6% que, a todas luces, no alcanz\u00f3 para recomponer lo perdido. Por ese motivo, aseguran que tomando como base 2023, la producci\u00f3n de bienes durante la primera etapa del <strong>2026<\/strong> en CABA<strong> sigue 12% abajo. .<\/strong><\/p>\n<\/p><\/div>\n<div id=\"\">\n<p id=\"p-1788399034496-14250\"> <strong>\u00abEntre noviembre de 2023 y mayo de 2026, la <\/strong>industria porte\u00f1a perdi\u00f3 16.868 trabajadores, una contracci\u00f3n del 10%\u00bb, a\u00f1ade el informe y agrega que en el mismo per\u00edodo \u00abse registraron 657 empresas industriales menos\u00bb.<\/p>\n<\/div>\n<div id=\"\">\n<p id=\"p-1788397199241-28860\">A pesar de la crisis, <strong>CABA contin\u00faa siendo la segunda jurisdicci\u00f3n industrial del pa\u00eds.<\/strong> <strong>Se ubica por detr\u00e1s de la Provincia de Buenos Aires, pero por encima de distritos como Santa Fe y C\u00f3rdoba.<\/strong> Concentra cerca del 17,5% de las empresas industriales argentinas, el 14% del empleo industrial registrado y el 12% del producto manufacturero nacional, resumen. <\/p>\n<\/div>\n<div id=\"\">\n<p id=\"p-1788396592076-26207\">El reporte realizado por el organismo vinculado a <strong>Kil\u00f3metro Cero,<\/strong> la organizaci\u00f3n pol\u00edtica impulsada por Augusto Costa, se\u00f1ala que CABA tiene como particularidad que <strong>su industria \u00abmuchas veces pasa inadvertida\u00bb<\/strong> porque no responde necesariamente a la imagen tradicional de grandes plantas y chimeneas. <strong>\u00abEs una producci\u00f3n integrada a la trama urbana, con una fuerte presencia de PyMEs y orientada principalmente al mercado interno<\/strong>. Hay f\u00e1bricas, laboratorios y talleres funcionando en medio de los barrios, vinculados cotidianamente con el comercio, los servicios y la vida de la Ciudad\u00bb, se\u00f1alan.<\/p>\n<p id=\"p-1788396592076-32981\">Para tomar dimensi\u00f3n del ecosistema industrial porte\u00f1o, ejemplificaron con algunos casos. El laboratorio <strong>Andr\u00f3maco,<\/strong> ubicado a metros de Casa Rosada, produce el tradicional <strong>Hipogl\u00f3s,<\/strong> mientras que empresas alimenticias como <strong>Jorgito,<\/strong> o firmas de marroquiner\u00eda y cuero como <strong>Pr\u00fcne<\/strong> tienen presencia en CABA. \u00abA eso se suman gr\u00e1ficas, textiles, talleres metalmec\u00e1nicos y empresas de equipamiento m\u00e9dico distribuidas en distintos barrios porte\u00f1os. <strong>No es una industria separada de la Ciudad: forma parte de ella<\/strong>\u00ab, marcan.<\/p>\n<h2 id=\"p-1788398871112-27704\">C\u00f3mo evolucion\u00f3 el peso de la industria en el producto de CABA desde 2004<\/h2>\n<p id=\"p-1788396592076-76920\">Para USINA, justamente ah\u00ed est\u00e1 uno de los principales desaf\u00edos hacia adelante. <strong>La industria urbana se transform\u00f3 y la pol\u00edtica p\u00fablica tiene que acompa\u00f1ar esa transformaci\u00f3n. <\/strong><\/p>\n<p id=\"p-1788398388998-70098\">La industria, seg\u00fan afirman, fue perdiendo lugar dentro de la econom\u00eda porte\u00f1a desde hace a\u00f1os.<strong> Si en 2004 representaba el 16,2% del Producto Bruto Geogr\u00e1fico porte\u00f1o, en 2025 se ubic\u00f3 en apenas el 9,3%. <\/strong><\/p>\n<p id=\"p-1788398444273-15549\">El observatorio porte\u00f1o asegura que parte de esa ca\u00edda se vincula con una falta de orientaci\u00f3n de la pol\u00edtica p\u00fablica local. <strong>\u00abDurante las casi dos d\u00e9cadas de gobiernos del PRO, la industria fue quedando progresivamente invisibilizada<\/strong> tanto en las pol\u00edticas como en el discurso oficial, a pesar de continuar siendo uno de los entramados econ\u00f3micos m\u00e1s importantes de Buenos Aires\u00bb, criticaron.<\/p>\n<p id=\"p-1788396592076-37842\">En una Ciudad que concentra universidades, hospitales, conocimiento y capacidades tecnol\u00f3gicas, existe un enorme potencial para vincular m\u00e1s estrechamente esas instituciones con el entramado productivo y pensar de manera conjunta producci\u00f3n, trabajo y desarrollo urbano.<\/p>\n<p id=\"p-1788396592076-71777\">En este D\u00eda de la Industria, desde USINA sostienen que hace falta profundizar una mirada com\u00fan sobre el trabajo y la producci\u00f3n en la Ciudad como primer paso para construir una estrategia de desarrollo productivo. Buenos Aires no necesita inventar una industria que no existe: necesita reconocer la que todav\u00eda tiene, evitar que siga perdiendo capacidades y pensar c\u00f3mo transformarla hacia el futuro.<\/p>\n<\/p><\/div>\n<p><script>\n!function(f,b,e,v,n,t,s)\n{if(f.fbq)return;n=f.fbq=function(){n.callMethod?\nn.callMethod.apply(n,arguments):n.queue.push(arguments)};\nif(!f._fbq)f._fbq=n;n.push=n;n.loaded=!0;n.version='2.0';\nn.queue=[];t=b.createElement(e);t.async=!0;\nt.src=v;s=b.getElementsByTagName(e)[0];\ns.parentNode.insertBefore(t,s)}(window,document,'script',\n'https:\/\/connect.facebook.net\/en_US\/fbevents.js');\nfbq('init', '2047048335588113');\nfbq('track', 'PageView');\n<\/script><br \/>\n<br \/><\/p>\n","protected":false},"excerpt":{"rendered":"<p>En los \u00faltimos dos a\u00f1os, la industria de la Ciudad de Buenos Aires perdi\u00f3 cerca de 17 mil puestos de trabajo y acumula una ca\u00edda del orden del 10%. Desde 2023 cerraron 657 empresas industriales porte\u00f1as y se perdi\u00f3 gran parte de la recuperaci\u00f3n del empleo que se hab\u00eda producido despu\u00e9s de la pandemia. En [&hellip;]<\/p>\n","protected":false},"author":1,"featured_media":201672,"comment_status":"closed","ping_status":"closed","sticky":false,"template":"","format":"standard","meta":{"footnotes":""},"categories":[28],"tags":[],"class_list":["post-210307","post","type-post","status-publish","format-standard","has-post-thumbnail","hentry","category-economia"],"yoast_head":"<!-- This site is optimized with the Yoast SEO plugin v24.4 - https:\/\/yoast.com\/wordpress\/plugins\/seo\/ -->\n<title>CABA perdi\u00f3 17 mil empleos en el sector en 2 a\u00f1os y advierten que la ca\u00edda contin\u00faa - GYS NOTICIAS |<\/title>\n<meta name=\"robots\" content=\"index, follow, max-snippet:-1, max-image-preview:large, max-video-preview:-1\" \/>\n<link rel=\"canonical\" href=\"https:\/\/gysfm.com.ar\/inicio\/caba-perdio-17-mil-empleos-en-el-sector-en-2-anos-y-advierten-que-la-caida-continua\/\" \/>\n<meta property=\"og:locale\" content=\"es_ES\" \/>\n<meta property=\"og:type\" content=\"article\" \/>\n<meta property=\"og:title\" content=\"CABA perdi\u00f3 17 mil empleos en el sector en 2 a\u00f1os y advierten que la ca\u00edda contin\u00faa - GYS NOTICIAS |\" \/>\n<meta property=\"og:description\" content=\"En los \u00faltimos dos a\u00f1os, la industria de la Ciudad de Buenos Aires perdi\u00f3 cerca de 17 mil puestos de trabajo y acumula una ca\u00edda del orden del 10%. Desde 2023 cerraron 657 empresas industriales porte\u00f1as y se perdi\u00f3 gran parte de la recuperaci\u00f3n del empleo que se hab\u00eda producido despu\u00e9s de la pandemia. En [&hellip;]\" \/>\n<meta property=\"og:url\" content=\"https:\/\/gysfm.com.ar\/inicio\/caba-perdio-17-mil-empleos-en-el-sector-en-2-anos-y-advierten-que-la-caida-continua\/\" \/>\n<meta property=\"og:site_name\" content=\"GYS NOTICIAS |\" \/>\n<meta property=\"article:published_time\" content=\"2026-09-03T16:18:08+00:00\" \/>\n<meta name=\"author\" content=\"admin\" \/>\n<meta name=\"twitter:card\" content=\"summary_large_image\" \/>\n<meta name=\"twitter:label1\" content=\"Escrito por\" \/>\n\t<meta name=\"twitter:data1\" content=\"admin\" \/>\n\t<meta name=\"twitter:label2\" content=\"Tiempo de lectura\" \/>\n\t<meta name=\"twitter:data2\" content=\"4 minutos\" \/>\n<script type=\"application\/ld+json\" class=\"yoast-schema-graph\">{\"@context\":\"https:\/\/schema.org\",\"@graph\":[{\"@type\":\"Article\",\"@id\":\"https:\/\/gysfm.com.ar\/inicio\/caba-perdio-17-mil-empleos-en-el-sector-en-2-anos-y-advierten-que-la-caida-continua\/#article\",\"isPartOf\":{\"@id\":\"https:\/\/gysfm.com.ar\/inicio\/caba-perdio-17-mil-empleos-en-el-sector-en-2-anos-y-advierten-que-la-caida-continua\/\"},\"author\":{\"name\":\"admin\",\"@id\":\"https:\/\/gysfm.com.ar\/inicio\/#\/schema\/person\/5bedd7ecd35cc35548d89effafa23696\"},\"headline\":\"CABA perdi\u00f3 17 mil empleos en el sector en 2 a\u00f1os y advierten que la ca\u00edda contin\u00faa\",\"datePublished\":\"2026-09-03T16:18:08+00:00\",\"mainEntityOfPage\":{\"@id\":\"https:\/\/gysfm.com.ar\/inicio\/caba-perdio-17-mil-empleos-en-el-sector-en-2-anos-y-advierten-que-la-caida-continua\/\"},\"wordCount\":756,\"publisher\":{\"@id\":\"https:\/\/gysfm.com.ar\/inicio\/#organization\"},\"image\":{\"@id\":\"https:\/\/gysfm.com.ar\/inicio\/caba-perdio-17-mil-empleos-en-el-sector-en-2-anos-y-advierten-que-la-caida-continua\/#primaryimage\"},\"thumbnailUrl\":\"https:\/\/gysfm.com.ar\/inicio\/wp-content\/uploads\/2026\/06\/industria-pyme.jpg\",\"articleSection\":[\"ECONOMIA\"],\"inLanguage\":\"es\"},{\"@type\":\"WebPage\",\"@id\":\"https:\/\/gysfm.com.ar\/inicio\/caba-perdio-17-mil-empleos-en-el-sector-en-2-anos-y-advierten-que-la-caida-continua\/\",\"url\":\"https:\/\/gysfm.com.ar\/inicio\/caba-perdio-17-mil-empleos-en-el-sector-en-2-anos-y-advierten-que-la-caida-continua\/\",\"name\":\"CABA perdi\u00f3 17 mil empleos en el sector en 2 a\u00f1os y advierten que la ca\u00edda contin\u00faa - GYS NOTICIAS |\",\"isPartOf\":{\"@id\":\"https:\/\/gysfm.com.ar\/inicio\/#website\"},\"primaryImageOfPage\":{\"@id\":\"https:\/\/gysfm.com.ar\/inicio\/caba-perdio-17-mil-empleos-en-el-sector-en-2-anos-y-advierten-que-la-caida-continua\/#primaryimage\"},\"image\":{\"@id\":\"https:\/\/gysfm.com.ar\/inicio\/caba-perdio-17-mil-empleos-en-el-sector-en-2-anos-y-advierten-que-la-caida-continua\/#primaryimage\"},\"thumbnailUrl\":\"https:\/\/gysfm.com.ar\/inicio\/wp-content\/uploads\/2026\/06\/industria-pyme.jpg\",\"datePublished\":\"2026-09-03T16:18:08+00:00\",\"breadcrumb\":{\"@id\":\"https:\/\/gysfm.com.ar\/inicio\/caba-perdio-17-mil-empleos-en-el-sector-en-2-anos-y-advierten-que-la-caida-continua\/#breadcrumb\"},\"inLanguage\":\"es\",\"potentialAction\":[{\"@type\":\"ReadAction\",\"target\":[\"https:\/\/gysfm.com.ar\/inicio\/caba-perdio-17-mil-empleos-en-el-sector-en-2-anos-y-advierten-que-la-caida-continua\/\"]}]},{\"@type\":\"ImageObject\",\"inLanguage\":\"es\",\"@id\":\"https:\/\/gysfm.com.ar\/inicio\/caba-perdio-17-mil-empleos-en-el-sector-en-2-anos-y-advierten-que-la-caida-continua\/#primaryimage\",\"url\":\"https:\/\/gysfm.com.ar\/inicio\/wp-content\/uploads\/2026\/06\/industria-pyme.jpg\",\"contentUrl\":\"https:\/\/gysfm.com.ar\/inicio\/wp-content\/uploads\/2026\/06\/industria-pyme.jpg\",\"width\":1200,\"height\":675},{\"@type\":\"BreadcrumbList\",\"@id\":\"https:\/\/gysfm.com.ar\/inicio\/caba-perdio-17-mil-empleos-en-el-sector-en-2-anos-y-advierten-que-la-caida-continua\/#breadcrumb\",\"itemListElement\":[{\"@type\":\"ListItem\",\"position\":1,\"name\":\"Portada\",\"item\":\"https:\/\/gysfm.com.ar\/inicio\/\"},{\"@type\":\"ListItem\",\"position\":2,\"name\":\"CABA perdi\u00f3 17 mil empleos en el sector en 2 a\u00f1os y advierten que la ca\u00edda contin\u00faa\"}]},{\"@type\":\"WebSite\",\"@id\":\"https:\/\/gysfm.com.ar\/inicio\/#website\",\"url\":\"https:\/\/gysfm.com.ar\/inicio\/\",\"name\":\"GYS NOTICIAS |\",\"description\":\"DIARIO - RADIO ONLINE SAN JUAN ARGENTINA\",\"publisher\":{\"@id\":\"https:\/\/gysfm.com.ar\/inicio\/#organization\"},\"potentialAction\":[{\"@type\":\"SearchAction\",\"target\":{\"@type\":\"EntryPoint\",\"urlTemplate\":\"https:\/\/gysfm.com.ar\/inicio\/?s={search_term_string}\"},\"query-input\":{\"@type\":\"PropertyValueSpecification\",\"valueRequired\":true,\"valueName\":\"search_term_string\"}}],\"inLanguage\":\"es\"},{\"@type\":\"Organization\",\"@id\":\"https:\/\/gysfm.com.ar\/inicio\/#organization\",\"name\":\"GYS NOTICIAS |\",\"url\":\"https:\/\/gysfm.com.ar\/inicio\/\",\"logo\":{\"@type\":\"ImageObject\",\"inLanguage\":\"es\",\"@id\":\"https:\/\/gysfm.com.ar\/inicio\/#\/schema\/logo\/image\/\",\"url\":\"https:\/\/gysfm.com.ar\/inicio\/wp-content\/uploads\/2023\/07\/LOGOGYS-OK.png\",\"contentUrl\":\"https:\/\/gysfm.com.ar\/inicio\/wp-content\/uploads\/2023\/07\/LOGOGYS-OK.png\",\"width\":1170,\"height\":872,\"caption\":\"GYS NOTICIAS |\"},\"image\":{\"@id\":\"https:\/\/gysfm.com.ar\/inicio\/#\/schema\/logo\/image\/\"}},{\"@type\":\"Person\",\"@id\":\"https:\/\/gysfm.com.ar\/inicio\/#\/schema\/person\/5bedd7ecd35cc35548d89effafa23696\",\"name\":\"admin\",\"image\":{\"@type\":\"ImageObject\",\"inLanguage\":\"es\",\"@id\":\"https:\/\/gysfm.com.ar\/inicio\/#\/schema\/person\/image\/\",\"url\":\"https:\/\/secure.gravatar.com\/avatar\/c331d312b5243fb64d5ba28108a447b27c925295129a363082c9ea52c28d32c2?s=96&d=mm&r=g\",\"contentUrl\":\"https:\/\/secure.gravatar.com\/avatar\/c331d312b5243fb64d5ba28108a447b27c925295129a363082c9ea52c28d32c2?s=96&d=mm&r=g\",\"caption\":\"admin\"},\"sameAs\":[\"https:\/\/gysfm.com.ar\/inicio\"],\"url\":\"https:\/\/gysfm.com.ar\/inicio\/author\/admin\/\"}]}<\/script>\n<!-- \/ Yoast SEO plugin. -->","yoast_head_json":{"title":"CABA perdi\u00f3 17 mil empleos en el sector en 2 a\u00f1os y advierten que la ca\u00edda contin\u00faa - GYS NOTICIAS |","robots":{"index":"index","follow":"follow","max-snippet":"max-snippet:-1","max-image-preview":"max-image-preview:large","max-video-preview":"max-video-preview:-1"},"canonical":"https:\/\/gysfm.com.ar\/inicio\/caba-perdio-17-mil-empleos-en-el-sector-en-2-anos-y-advierten-que-la-caida-continua\/","og_locale":"es_ES","og_type":"article","og_title":"CABA perdi\u00f3 17 mil empleos en el sector en 2 a\u00f1os y advierten que la ca\u00edda contin\u00faa - GYS NOTICIAS |","og_description":"En los \u00faltimos dos a\u00f1os, la industria de la Ciudad de Buenos Aires perdi\u00f3 cerca de 17 mil puestos de trabajo y acumula una ca\u00edda del orden del 10%. Desde 2023 cerraron 657 empresas industriales porte\u00f1as y se perdi\u00f3 gran parte de la recuperaci\u00f3n del empleo que se hab\u00eda producido despu\u00e9s de la pandemia. En [&hellip;]","og_url":"https:\/\/gysfm.com.ar\/inicio\/caba-perdio-17-mil-empleos-en-el-sector-en-2-anos-y-advierten-que-la-caida-continua\/","og_site_name":"GYS NOTICIAS |","article_published_time":"2026-09-03T16:18:08+00:00","author":"admin","twitter_card":"summary_large_image","twitter_misc":{"Escrito por":"admin","Tiempo de lectura":"4 minutos"},"schema":{"@context":"https:\/\/schema.org","@graph":[{"@type":"Article","@id":"https:\/\/gysfm.com.ar\/inicio\/caba-perdio-17-mil-empleos-en-el-sector-en-2-anos-y-advierten-que-la-caida-continua\/#article","isPartOf":{"@id":"https:\/\/gysfm.com.ar\/inicio\/caba-perdio-17-mil-empleos-en-el-sector-en-2-anos-y-advierten-que-la-caida-continua\/"},"author":{"name":"admin","@id":"https:\/\/gysfm.com.ar\/inicio\/#\/schema\/person\/5bedd7ecd35cc35548d89effafa23696"},"headline":"CABA perdi\u00f3 17 mil empleos en el sector en 2 a\u00f1os y advierten que la ca\u00edda contin\u00faa","datePublished":"2026-09-03T16:18:08+00:00","mainEntityOfPage":{"@id":"https:\/\/gysfm.com.ar\/inicio\/caba-perdio-17-mil-empleos-en-el-sector-en-2-anos-y-advierten-que-la-caida-continua\/"},"wordCount":756,"publisher":{"@id":"https:\/\/gysfm.com.ar\/inicio\/#organization"},"image":{"@id":"https:\/\/gysfm.com.ar\/inicio\/caba-perdio-17-mil-empleos-en-el-sector-en-2-anos-y-advierten-que-la-caida-continua\/#primaryimage"},"thumbnailUrl":"https:\/\/gysfm.com.ar\/inicio\/wp-content\/uploads\/2026\/06\/industria-pyme.jpg","articleSection":["ECONOMIA"],"inLanguage":"es"},{"@type":"WebPage","@id":"https:\/\/gysfm.com.ar\/inicio\/caba-perdio-17-mil-empleos-en-el-sector-en-2-anos-y-advierten-que-la-caida-continua\/","url":"https:\/\/gysfm.com.ar\/inicio\/caba-perdio-17-mil-empleos-en-el-sector-en-2-anos-y-advierten-que-la-caida-continua\/","name":"CABA perdi\u00f3 17 mil empleos en el sector en 2 a\u00f1os y advierten que la ca\u00edda contin\u00faa - GYS NOTICIAS |","isPartOf":{"@id":"https:\/\/gysfm.com.ar\/inicio\/#website"},"primaryImageOfPage":{"@id":"https:\/\/gysfm.com.ar\/inicio\/caba-perdio-17-mil-empleos-en-el-sector-en-2-anos-y-advierten-que-la-caida-continua\/#primaryimage"},"image":{"@id":"https:\/\/gysfm.com.ar\/inicio\/caba-perdio-17-mil-empleos-en-el-sector-en-2-anos-y-advierten-que-la-caida-continua\/#primaryimage"},"thumbnailUrl":"https:\/\/gysfm.com.ar\/inicio\/wp-content\/uploads\/2026\/06\/industria-pyme.jpg","datePublished":"2026-09-03T16:18:08+00:00","breadcrumb":{"@id":"https:\/\/gysfm.com.ar\/inicio\/caba-perdio-17-mil-empleos-en-el-sector-en-2-anos-y-advierten-que-la-caida-continua\/#breadcrumb"},"inLanguage":"es","potentialAction":[{"@type":"ReadAction","target":["https:\/\/gysfm.com.ar\/inicio\/caba-perdio-17-mil-empleos-en-el-sector-en-2-anos-y-advierten-que-la-caida-continua\/"]}]},{"@type":"ImageObject","inLanguage":"es","@id":"https:\/\/gysfm.com.ar\/inicio\/caba-perdio-17-mil-empleos-en-el-sector-en-2-anos-y-advierten-que-la-caida-continua\/#primaryimage","url":"https:\/\/gysfm.com.ar\/inicio\/wp-content\/uploads\/2026\/06\/industria-pyme.jpg","contentUrl":"https:\/\/gysfm.com.ar\/inicio\/wp-content\/uploads\/2026\/06\/industria-pyme.jpg","width":1200,"height":675},{"@type":"BreadcrumbList","@id":"https:\/\/gysfm.com.ar\/inicio\/caba-perdio-17-mil-empleos-en-el-sector-en-2-anos-y-advierten-que-la-caida-continua\/#breadcrumb","itemListElement":[{"@type":"ListItem","position":1,"name":"Portada","item":"https:\/\/gysfm.com.ar\/inicio\/"},{"@type":"ListItem","position":2,"name":"CABA perdi\u00f3 17 mil empleos en el sector en 2 a\u00f1os y advierten que la ca\u00edda contin\u00faa"}]},{"@type":"WebSite","@id":"https:\/\/gysfm.com.ar\/inicio\/#website","url":"https:\/\/gysfm.com.ar\/inicio\/","name":"GYS NOTICIAS |","description":"DIARIO - RADIO ONLINE SAN JUAN ARGENTINA","publisher":{"@id":"https:\/\/gysfm.com.ar\/inicio\/#organization"},"potentialAction":[{"@type":"SearchAction","target":{"@type":"EntryPoint","urlTemplate":"https:\/\/gysfm.com.ar\/inicio\/?s={search_term_string}"},"query-input":{"@type":"PropertyValueSpecification","valueRequired":true,"valueName":"search_term_string"}}],"inLanguage":"es"},{"@type":"Organization","@id":"https:\/\/gysfm.com.ar\/inicio\/#organization","name":"GYS NOTICIAS |","url":"https:\/\/gysfm.com.ar\/inicio\/","logo":{"@type":"ImageObject","inLanguage":"es","@id":"https:\/\/gysfm.com.ar\/inicio\/#\/schema\/logo\/image\/","url":"https:\/\/gysfm.com.ar\/inicio\/wp-content\/uploads\/2023\/07\/LOGOGYS-OK.png","contentUrl":"https:\/\/gysfm.com.ar\/inicio\/wp-content\/uploads\/2023\/07\/LOGOGYS-OK.png","width":1170,"height":872,"caption":"GYS NOTICIAS |"},"image":{"@id":"https:\/\/gysfm.com.ar\/inicio\/#\/schema\/logo\/image\/"}},{"@type":"Person","@id":"https:\/\/gysfm.com.ar\/inicio\/#\/schema\/person\/5bedd7ecd35cc35548d89effafa23696","name":"admin","image":{"@type":"ImageObject","inLanguage":"es","@id":"https:\/\/gysfm.com.ar\/inicio\/#\/schema\/person\/image\/","url":"https:\/\/secure.gravatar.com\/avatar\/c331d312b5243fb64d5ba28108a447b27c925295129a363082c9ea52c28d32c2?s=96&d=mm&r=g","contentUrl":"https:\/\/secure.gravatar.com\/avatar\/c331d312b5243fb64d5ba28108a447b27c925295129a363082c9ea52c28d32c2?s=96&d=mm&r=g","caption":"admin"},"sameAs":["https:\/\/gysfm.com.ar\/inicio"],"url":"https:\/\/gysfm.com.ar\/inicio\/author\/admin\/"}]}},"_links":{"self":[{"href":"https:\/\/gysfm.com.ar\/inicio\/wp-json\/wp\/v2\/posts\/210307","targetHints":{"allow":["GET"]}}],"collection":[{"href":"https:\/\/gysfm.com.ar\/inicio\/wp-json\/wp\/v2\/posts"}],"about":[{"href":"https:\/\/gysfm.com.ar\/inicio\/wp-json\/wp\/v2\/types\/post"}],"author":[{"embeddable":true,"href":"https:\/\/gysfm.com.ar\/inicio\/wp-json\/wp\/v2\/users\/1"}],"replies":[{"embeddable":true,"href":"https:\/\/gysfm.com.ar\/inicio\/wp-json\/wp\/v2\/comments?post=210307"}],"version-history":[{"count":0,"href":"https:\/\/gysfm.com.ar\/inicio\/wp-json\/wp\/v2\/posts\/210307\/revisions"}],"wp:featuredmedia":[{"embeddable":true,"href":"https:\/\/gysfm.com.ar\/inicio\/wp-json\/wp\/v2\/media\/201672"}],"wp:attachment":[{"href":"https:\/\/gysfm.com.ar\/inicio\/wp-json\/wp\/v2\/media?parent=210307"}],"wp:term":[{"taxonomy":"category","embeddable":true,"href":"https:\/\/gysfm.com.ar\/inicio\/wp-json\/wp\/v2\/categories?post=210307"},{"taxonomy":"post_tag","embeddable":true,"href":"https:\/\/gysfm.com.ar\/inicio\/wp-json\/wp\/v2\/tags?post=210307"}],"curies":[{"name":"wp","href":"https:\/\/api.w.org\/{rel}","templated":true}]}}