{"id":210304,"date":"2026-09-03T12:24:10","date_gmt":"2026-09-03T15:24:10","guid":{"rendered":"https:\/\/gysfm.com.ar\/inicio\/inundaciones-en-nepal-la-cifra-de-muertes-subio-a-mas-de-1100-y-hay-casi-4500-personas-desaparecidas\/"},"modified":"2026-09-03T12:24:11","modified_gmt":"2026-09-03T15:24:11","slug":"inundaciones-en-nepal-la-cifra-de-muertes-subio-a-mas-de-1100-y-hay-casi-4500-personas-desaparecidas","status":"publish","type":"post","link":"https:\/\/gysfm.com.ar\/inicio\/inundaciones-en-nepal-la-cifra-de-muertes-subio-a-mas-de-1100-y-hay-casi-4500-personas-desaparecidas\/","title":{"rendered":"Inundaciones en Nepal: la cifra de muertes subi\u00f3 a m\u00e1s de 1100 y hay casi 4500 personas desaparecidas"},"content":{"rendered":"<p> <br \/>\n<\/p>\n<div>\n<p class=\"com-paragraph --capital --s\">KATMAND\u00da.\u2013 A una semana de las inundaciones que arrasaron una zona de <a href=\"https:\/\/www.lanacion.com.ar\/el-mundo\/el-alud-que-impacto-a-nepal-y-china-dejo-mas-de-750-muertos-y-buscan-a-mas-de-3000-desaparecidos-nid30082026\/\" target=\"_self\" title=\"https:\/\/www.lanacion.com.ar\/el-mundo\/el-alud-que-impacto-a-nepal-y-china-dejo-mas-de-750-muertos-y-buscan-a-mas-de-3000-desaparecidos-nid30082026\/\" class=\"com-link break-word\" data-mrf-recirculation=\"n_link_parrafo\"><strong>Nepal<\/strong><\/a> cercana a la frontera con <strong>China<\/strong>, los equipos de rescate contin\u00faan buscando sobrevivientes entre el barro y los escombros. Hasta el momento, se confirmaron m\u00e1s de <strong>1000 muertes y casi 4500 personas desaparecidas<\/strong>.<\/p>\n<p class=\"com-paragraph --s\">La cat\u00e1strofe se produjo el 26 de agosto, cuando el colapso de un glaciar liber\u00f3 repentinamente una enorme cantidad de agua helada, rocas y escombros. La autoridad nepal\u00ed encargada de la gesti\u00f3n de emergencias difundi\u00f3 este mi\u00e9rcoles el nuevo balance de v\u00edctimas.<\/p>\n<div class=\"content-media\">\n<section role=\"button\" class=\"mod-media   \">\n<figure role=\"button\" tabindex=\"0\" class=\"mod-figure \"><figcaption class=\"mod-figcaption\"><span class=\"com-text --caption --twoxs\">Familiares de personas que todav\u00eda no fueron encontradas celebran funerales simb\u00f3licos<\/span><span class=\"com-text --credit --twoxs\">PRAKASH MATHEMA &#8211; AFP<\/span><\/figcaption><\/figure>\n<\/section>\n<\/div>\n<p class=\"com-paragraph --s\">En la regi\u00f3n aut\u00f3noma china del T\u00edbet tambi\u00e9n se contabilizaron 16 muertos y 546 desaparecidos. Con esas cifras, la tragedia acumula 1130 fallecidos y 4462 personas no localizadas entre ambos lados de la frontera.<\/p>\n<p class=\"com-paragraph --s\">En medio de la incertidumbre, tras buscar durante d\u00edas en refugios y morgues sin obtener respuestas, algunas familias nepal\u00edes perdieron la esperanza de encontrar con vida a sus seres queridos y comenzaron a realizar <strong>ceremonias f\u00fanebres simb\u00f3licas<\/strong>. <\/p>\n<div class=\"content-media\">\n<section role=\"button\" class=\"mod-media   \">\n<figure role=\"button\" tabindex=\"0\" class=\"mod-figure \"><figcaption class=\"mod-figcaption\"><span class=\"com-text --caption --twoxs\">Personal del Ej\u00e9rcito de Nepal contin\u00faa llevando a cabo operativos de rescate de personas<\/span><span class=\"com-text --credit --twoxs\">Rajesh Kumar Singh &#8211; AP<\/span><\/figcaption><\/figure>\n<\/section>\n<\/div>\n<p class=\"com-paragraph --s\"><strong>\u201cTuvimos que hacer esto para liberar su alma, para que est\u00e9 en paz y feliz dondequiera que est\u00e9<\/strong>\u201d, explic\u00f3 a la agencia AFP Dolma Newar Tamang, quien particip\u00f3 junto con su hijo del funeral de su esposo.<\/p>\n<p class=\"com-paragraph --s\">Mientras se multiplican las despedidas, los rescatistas todav\u00eda mantienen la esperanza de hallar sobrevivientes en los t\u00faneles de distintas centrales hidroel\u00e9ctricas de la regi\u00f3n. Hasta ahora, \u00fanicamente pudieron recuperar cuerpos de las estructuras bloqueadas por el barro, pero contin\u00faan excavando, perforando y retirando escombros.<\/p>\n<div class=\"content-media\">\n<section role=\"button\" class=\"mod-media   \">\n<figure role=\"button\" tabindex=\"0\" class=\"mod-figure \"><figcaption class=\"mod-figcaption\"><span class=\"com-text --caption --twoxs\">Muchas familiares atraviesan su dolor mediante funerales simb\u00f3licos para despedir a sus familiares<\/span><span class=\"com-text --credit --twoxs\">PRAKASH MATHEMA &#8211; AFP<\/span><\/figcaption><\/figure>\n<\/section>\n<\/div>\n<p class=\"com-paragraph --s\">Los t\u00faneles de las centrales hidroel\u00e9ctricas son uno de los lugares en los que se enfocan los operativos de rescate. Este lunes, <a href=\"https:\/\/www.lanacion.com.ar\/el-mundo\/nepal-acelera-el-dramatico-rescate-de-trabajadores-atrapados-en-tuneles-hidroelectricos-nid30082026\/\" target=\"_self\" title=\"https:\/\/www.lanacion.com.ar\/el-mundo\/nepal-acelera-el-dramatico-rescate-de-trabajadores-atrapados-en-tuneles-hidroelectricos-nid30082026\/\" class=\"com-link break-word\" data-mrf-recirculation=\"n_link_parrafo\">LA NACION<\/a> inform\u00f3 que las autoridades intentaban llegar hasta <strong>933 personas <\/strong>vinculadas con 11 proyectos hidroel\u00e9ctricos de Rasuwa y Nuwakot, los dos distritos nepal\u00edes m\u00e1s afectados por las inundaciones.<\/p>\n<p class=\"com-paragraph --s\">Algunos trabajadores lograron comunicarse y pedir ayuda poco despu\u00e9s de la cat\u00e1strofe. Otros consiguieron escapar y alertaron a las autoridades y a los familiares de sus compa\u00f1eros sobre la presencia de personas dentro de los t\u00faneles.<\/p>\n<div class=\"content-media\">\n<section role=\"button\" class=\"mod-media   \">\n<figure role=\"button\" tabindex=\"0\" class=\"mod-figure \"><figcaption class=\"mod-figcaption\"><span class=\"com-text --caption --twoxs\">Un helic\u00f3ptero del Ej\u00e9rcito de Nepal transporta cuerpos desde la zona afectada por las inundaciones en el distrito nepal\u00ed de Rasuwa<\/span><span class=\"com-text --credit --twoxs\">PRABIN RANABHAT &#8211; AFP<\/span><\/figcaption><\/figure>\n<\/section>\n<\/div>\n<p class=\"com-paragraph --s\">Los t\u00faneles son lo suficientemente amplios como para servir de refugio y algunos trabajadores podr\u00edan tener acceso a ox\u00edgeno. Sin embargo, el paso de los d\u00edas redujo las posibilidades de encontrarlos con vida debido a la falta de agua y alimentos.<\/p>\n<p class=\"com-paragraph --s\">La cantidad de v\u00edctimas tambi\u00e9n desbord\u00f3 los dep\u00f3sitos de cad\u00e1veres del pa\u00eds. Las autoridades realizaron pruebas de ADN y debieron enterrar cientos de cuerpos que todav\u00eda no hab\u00edan podido ser identificados.<\/p>\n<div class=\"content-media\">\n<section role=\"button\" class=\"mod-media   \">\n<figure role=\"button\" tabindex=\"0\" class=\"mod-figure \"><figcaption class=\"mod-figcaption\"><span class=\"com-text --caption --twoxs\">Excavadoras trabajan para para abrir una ruta hacia el destruido puerto de Gyirong, en el condado de Gyirong <\/span><span class=\"com-text --credit --twoxs\">&#8211; &#8211; CNS<\/span><\/figcaption><\/figure>\n<\/section>\n<\/div>\n<p class=\"com-paragraph --s\">El primer ministro de Nepal, <strong>Balendra Shah<\/strong>, sostuvo que la cat\u00e1strofe constituye \u201cuna seria se\u00f1al de que los riesgos a los que nos enfrentamos en la regi\u00f3n del Himalaya est\u00e1n aumentando a la par del cambio clim\u00e1tico\u201d.<\/p>\n<p class=\"com-paragraph --s\">Los cient\u00edficos advierten que el Himalaya, la cordillera m\u00e1s alta del mundo, se calienta r\u00e1pidamente como consecuencia del aumento de las temperaturas globales, lo que acelera el derretimiento de sus glaciares.<\/p>\n<p class=\"com-paragraph --s text-left\"><em><strong>Con informaci\u00f3n de AFP.<\/strong><\/em><\/p>\n<section class=\"container-center-100 mb-40 border border-bottom border-thin border-neutral-light-700\">\n<hr\/>\n<\/section>\n<\/div>\n<p><script id=\"facebookpixel\" defer=\"\" type=\"text\/javascript\">\n        !function(f,b,e,v,n,t,s)\n        {if(f.fbq)return;n=f.fbq=function(){n.callMethod?\n        n.callMethod.apply(n,arguments):n.queue.push(arguments)};\n        if(!f._fbq)f._fbq=n;n.push=n;n.loaded=!0;n.version='2.0';\n        n.queue=[];t=b.createElement(e);t.async=!0;\n        t.src=v;s=b.getElementsByTagName(e)[0];\n        s.parentNode.insertBefore(t,s)}(window, document,'script',\n        'https:\/\/connect.facebook.net\/en_US\/fbevents.js');\n        fbq('init', '492459597522335');\n        fbq('track', 'PageView');\n    <\/script><br \/>\n<br \/><\/p>\n","protected":false},"excerpt":{"rendered":"<p>KATMAND\u00da.\u2013 A una semana de las inundaciones que arrasaron una zona de Nepal cercana a la frontera con China, los equipos de rescate contin\u00faan buscando sobrevivientes entre el barro y los escombros. Hasta el momento, se confirmaron m\u00e1s de 1000 muertes y casi 4500 personas desaparecidas. La cat\u00e1strofe se produjo el 26 de agosto, cuando [&hellip;]<\/p>\n","protected":false},"author":2,"featured_media":210305,"comment_status":"closed","ping_status":"closed","sticky":false,"template":"","format":"standard","meta":{"footnotes":""},"categories":[26],"tags":[],"class_list":["post-210304","post","type-post","status-publish","format-standard","has-post-thumbnail","hentry","category-internacionales"],"yoast_head":"<!-- This site is optimized with the Yoast SEO plugin v24.4 - https:\/\/yoast.com\/wordpress\/plugins\/seo\/ -->\n<title>Inundaciones en Nepal: la cifra de muertes subi\u00f3 a m\u00e1s de 1100 y hay casi 4500 personas desaparecidas - GYS NOTICIAS |<\/title>\n<meta name=\"robots\" content=\"index, follow, max-snippet:-1, max-image-preview:large, max-video-preview:-1\" \/>\n<link rel=\"canonical\" href=\"https:\/\/gysfm.com.ar\/inicio\/inundaciones-en-nepal-la-cifra-de-muertes-subio-a-mas-de-1100-y-hay-casi-4500-personas-desaparecidas\/\" \/>\n<meta property=\"og:locale\" content=\"es_ES\" \/>\n<meta property=\"og:type\" content=\"article\" \/>\n<meta property=\"og:title\" content=\"Inundaciones en Nepal: la cifra de muertes subi\u00f3 a m\u00e1s de 1100 y hay casi 4500 personas desaparecidas - GYS NOTICIAS |\" \/>\n<meta property=\"og:description\" content=\"KATMAND\u00da.\u2013 A una semana de las inundaciones que arrasaron una zona de Nepal cercana a la frontera con China, los equipos de rescate contin\u00faan buscando sobrevivientes entre el barro y los escombros. Hasta el momento, se confirmaron m\u00e1s de 1000 muertes y casi 4500 personas desaparecidas. La cat\u00e1strofe se produjo el 26 de agosto, cuando [&hellip;]\" \/>\n<meta property=\"og:url\" content=\"https:\/\/gysfm.com.ar\/inicio\/inundaciones-en-nepal-la-cifra-de-muertes-subio-a-mas-de-1100-y-hay-casi-4500-personas-desaparecidas\/\" \/>\n<meta property=\"og:site_name\" content=\"GYS NOTICIAS |\" \/>\n<meta property=\"article:published_time\" content=\"2026-09-03T15:24:10+00:00\" \/>\n<meta property=\"article:modified_time\" content=\"2026-09-03T15:24:11+00:00\" \/>\n<meta property=\"og:image\" content=\"https:\/\/gysfm.com.ar\/inicio\/wp-content\/uploads\/2026\/09\/los-rescatistas-siguen-buscando-sobrevivientes-y-VPDS5RUPMVBYXMIEBOQN7KCHF4.JPG\" \/>\n\t<meta property=\"og:image:width\" content=\"1200\" \/>\n\t<meta property=\"og:image:height\" content=\"800\" \/>\n\t<meta property=\"og:image:type\" content=\"image\/jpeg\" \/>\n<meta name=\"author\" content=\"Prensa G&amp;S FM\" \/>\n<meta name=\"twitter:card\" content=\"summary_large_image\" \/>\n<meta name=\"twitter:label1\" content=\"Escrito por\" \/>\n\t<meta name=\"twitter:data1\" content=\"Prensa G&amp;S FM\" \/>\n\t<meta name=\"twitter:label2\" content=\"Tiempo de lectura\" \/>\n\t<meta name=\"twitter:data2\" content=\"3 minutos\" \/>\n<script type=\"application\/ld+json\" class=\"yoast-schema-graph\">{\"@context\":\"https:\/\/schema.org\",\"@graph\":[{\"@type\":\"Article\",\"@id\":\"https:\/\/gysfm.com.ar\/inicio\/inundaciones-en-nepal-la-cifra-de-muertes-subio-a-mas-de-1100-y-hay-casi-4500-personas-desaparecidas\/#article\",\"isPartOf\":{\"@id\":\"https:\/\/gysfm.com.ar\/inicio\/inundaciones-en-nepal-la-cifra-de-muertes-subio-a-mas-de-1100-y-hay-casi-4500-personas-desaparecidas\/\"},\"author\":{\"name\":\"Prensa G&amp;S FM\",\"@id\":\"https:\/\/gysfm.com.ar\/inicio\/#\/schema\/person\/3abba7593ef2ad19e1be221d54383dc5\"},\"headline\":\"Inundaciones en Nepal: la cifra de muertes subi\u00f3 a m\u00e1s de 1100 y hay casi 4500 personas desaparecidas\",\"datePublished\":\"2026-09-03T15:24:10+00:00\",\"dateModified\":\"2026-09-03T15:24:11+00:00\",\"mainEntityOfPage\":{\"@id\":\"https:\/\/gysfm.com.ar\/inicio\/inundaciones-en-nepal-la-cifra-de-muertes-subio-a-mas-de-1100-y-hay-casi-4500-personas-desaparecidas\/\"},\"wordCount\":633,\"publisher\":{\"@id\":\"https:\/\/gysfm.com.ar\/inicio\/#organization\"},\"image\":{\"@id\":\"https:\/\/gysfm.com.ar\/inicio\/inundaciones-en-nepal-la-cifra-de-muertes-subio-a-mas-de-1100-y-hay-casi-4500-personas-desaparecidas\/#primaryimage\"},\"thumbnailUrl\":\"https:\/\/gysfm.com.ar\/inicio\/wp-content\/uploads\/2026\/09\/los-rescatistas-siguen-buscando-sobrevivientes-y-VPDS5RUPMVBYXMIEBOQN7KCHF4.JPG\",\"articleSection\":[\"INTERNACIONALES\"],\"inLanguage\":\"es\"},{\"@type\":\"WebPage\",\"@id\":\"https:\/\/gysfm.com.ar\/inicio\/inundaciones-en-nepal-la-cifra-de-muertes-subio-a-mas-de-1100-y-hay-casi-4500-personas-desaparecidas\/\",\"url\":\"https:\/\/gysfm.com.ar\/inicio\/inundaciones-en-nepal-la-cifra-de-muertes-subio-a-mas-de-1100-y-hay-casi-4500-personas-desaparecidas\/\",\"name\":\"Inundaciones en Nepal: la cifra de muertes subi\u00f3 a m\u00e1s de 1100 y hay casi 4500 personas desaparecidas - GYS NOTICIAS |\",\"isPartOf\":{\"@id\":\"https:\/\/gysfm.com.ar\/inicio\/#website\"},\"primaryImageOfPage\":{\"@id\":\"https:\/\/gysfm.com.ar\/inicio\/inundaciones-en-nepal-la-cifra-de-muertes-subio-a-mas-de-1100-y-hay-casi-4500-personas-desaparecidas\/#primaryimage\"},\"image\":{\"@id\":\"https:\/\/gysfm.com.ar\/inicio\/inundaciones-en-nepal-la-cifra-de-muertes-subio-a-mas-de-1100-y-hay-casi-4500-personas-desaparecidas\/#primaryimage\"},\"thumbnailUrl\":\"https:\/\/gysfm.com.ar\/inicio\/wp-content\/uploads\/2026\/09\/los-rescatistas-siguen-buscando-sobrevivientes-y-VPDS5RUPMVBYXMIEBOQN7KCHF4.JPG\",\"datePublished\":\"2026-09-03T15:24:10+00:00\",\"dateModified\":\"2026-09-03T15:24:11+00:00\",\"breadcrumb\":{\"@id\":\"https:\/\/gysfm.com.ar\/inicio\/inundaciones-en-nepal-la-cifra-de-muertes-subio-a-mas-de-1100-y-hay-casi-4500-personas-desaparecidas\/#breadcrumb\"},\"inLanguage\":\"es\",\"potentialAction\":[{\"@type\":\"ReadAction\",\"target\":[\"https:\/\/gysfm.com.ar\/inicio\/inundaciones-en-nepal-la-cifra-de-muertes-subio-a-mas-de-1100-y-hay-casi-4500-personas-desaparecidas\/\"]}]},{\"@type\":\"ImageObject\",\"inLanguage\":\"es\",\"@id\":\"https:\/\/gysfm.com.ar\/inicio\/inundaciones-en-nepal-la-cifra-de-muertes-subio-a-mas-de-1100-y-hay-casi-4500-personas-desaparecidas\/#primaryimage\",\"url\":\"https:\/\/gysfm.com.ar\/inicio\/wp-content\/uploads\/2026\/09\/los-rescatistas-siguen-buscando-sobrevivientes-y-VPDS5RUPMVBYXMIEBOQN7KCHF4.JPG\",\"contentUrl\":\"https:\/\/gysfm.com.ar\/inicio\/wp-content\/uploads\/2026\/09\/los-rescatistas-siguen-buscando-sobrevivientes-y-VPDS5RUPMVBYXMIEBOQN7KCHF4.JPG\",\"width\":1200,\"height\":800},{\"@type\":\"BreadcrumbList\",\"@id\":\"https:\/\/gysfm.com.ar\/inicio\/inundaciones-en-nepal-la-cifra-de-muertes-subio-a-mas-de-1100-y-hay-casi-4500-personas-desaparecidas\/#breadcrumb\",\"itemListElement\":[{\"@type\":\"ListItem\",\"position\":1,\"name\":\"Portada\",\"item\":\"https:\/\/gysfm.com.ar\/inicio\/\"},{\"@type\":\"ListItem\",\"position\":2,\"name\":\"Inundaciones en Nepal: la cifra de muertes subi\u00f3 a m\u00e1s de 1100 y hay casi 4500 personas desaparecidas\"}]},{\"@type\":\"WebSite\",\"@id\":\"https:\/\/gysfm.com.ar\/inicio\/#website\",\"url\":\"https:\/\/gysfm.com.ar\/inicio\/\",\"name\":\"GYS NOTICIAS |\",\"description\":\"DIARIO - RADIO ONLINE SAN JUAN ARGENTINA\",\"publisher\":{\"@id\":\"https:\/\/gysfm.com.ar\/inicio\/#organization\"},\"potentialAction\":[{\"@type\":\"SearchAction\",\"target\":{\"@type\":\"EntryPoint\",\"urlTemplate\":\"https:\/\/gysfm.com.ar\/inicio\/?s={search_term_string}\"},\"query-input\":{\"@type\":\"PropertyValueSpecification\",\"valueRequired\":true,\"valueName\":\"search_term_string\"}}],\"inLanguage\":\"es\"},{\"@type\":\"Organization\",\"@id\":\"https:\/\/gysfm.com.ar\/inicio\/#organization\",\"name\":\"GYS NOTICIAS |\",\"url\":\"https:\/\/gysfm.com.ar\/inicio\/\",\"logo\":{\"@type\":\"ImageObject\",\"inLanguage\":\"es\",\"@id\":\"https:\/\/gysfm.com.ar\/inicio\/#\/schema\/logo\/image\/\",\"url\":\"https:\/\/gysfm.com.ar\/inicio\/wp-content\/uploads\/2023\/07\/LOGOGYS-OK.png\",\"contentUrl\":\"https:\/\/gysfm.com.ar\/inicio\/wp-content\/uploads\/2023\/07\/LOGOGYS-OK.png\",\"width\":1170,\"height\":872,\"caption\":\"GYS NOTICIAS |\"},\"image\":{\"@id\":\"https:\/\/gysfm.com.ar\/inicio\/#\/schema\/logo\/image\/\"}},{\"@type\":\"Person\",\"@id\":\"https:\/\/gysfm.com.ar\/inicio\/#\/schema\/person\/3abba7593ef2ad19e1be221d54383dc5\",\"name\":\"Prensa G&amp;S FM\",\"image\":{\"@type\":\"ImageObject\",\"inLanguage\":\"es\",\"@id\":\"https:\/\/gysfm.com.ar\/inicio\/#\/schema\/person\/image\/\",\"url\":\"https:\/\/secure.gravatar.com\/avatar\/096ec78df02049ab018702bb4ccedf659377fa92a26540b5247612077a0dbd29?s=96&d=mm&r=g\",\"contentUrl\":\"https:\/\/secure.gravatar.com\/avatar\/096ec78df02049ab018702bb4ccedf659377fa92a26540b5247612077a0dbd29?s=96&d=mm&r=g\",\"caption\":\"Prensa G&amp;S FM\"},\"sameAs\":[\"https:\/\/gysfm.com.ar\/\"],\"url\":\"https:\/\/gysfm.com.ar\/inicio\/author\/lucasm\/\"}]}<\/script>\n<!-- \/ Yoast SEO plugin. -->","yoast_head_json":{"title":"Inundaciones en Nepal: la cifra de muertes subi\u00f3 a m\u00e1s de 1100 y hay casi 4500 personas desaparecidas - GYS NOTICIAS |","robots":{"index":"index","follow":"follow","max-snippet":"max-snippet:-1","max-image-preview":"max-image-preview:large","max-video-preview":"max-video-preview:-1"},"canonical":"https:\/\/gysfm.com.ar\/inicio\/inundaciones-en-nepal-la-cifra-de-muertes-subio-a-mas-de-1100-y-hay-casi-4500-personas-desaparecidas\/","og_locale":"es_ES","og_type":"article","og_title":"Inundaciones en Nepal: la cifra de muertes subi\u00f3 a m\u00e1s de 1100 y hay casi 4500 personas desaparecidas - GYS NOTICIAS |","og_description":"KATMAND\u00da.\u2013 A una semana de las inundaciones que arrasaron una zona de Nepal cercana a la frontera con China, los equipos de rescate contin\u00faan buscando sobrevivientes entre el barro y los escombros. Hasta el momento, se confirmaron m\u00e1s de 1000 muertes y casi 4500 personas desaparecidas. La cat\u00e1strofe se produjo el 26 de agosto, cuando [&hellip;]","og_url":"https:\/\/gysfm.com.ar\/inicio\/inundaciones-en-nepal-la-cifra-de-muertes-subio-a-mas-de-1100-y-hay-casi-4500-personas-desaparecidas\/","og_site_name":"GYS NOTICIAS |","article_published_time":"2026-09-03T15:24:10+00:00","article_modified_time":"2026-09-03T15:24:11+00:00","og_image":[{"width":1200,"height":800,"url":"https:\/\/gysfm.com.ar\/inicio\/wp-content\/uploads\/2026\/09\/los-rescatistas-siguen-buscando-sobrevivientes-y-VPDS5RUPMVBYXMIEBOQN7KCHF4.JPG","type":"image\/jpeg"}],"author":"Prensa G&amp;S FM","twitter_card":"summary_large_image","twitter_misc":{"Escrito por":"Prensa G&amp;S FM","Tiempo de lectura":"3 minutos"},"schema":{"@context":"https:\/\/schema.org","@graph":[{"@type":"Article","@id":"https:\/\/gysfm.com.ar\/inicio\/inundaciones-en-nepal-la-cifra-de-muertes-subio-a-mas-de-1100-y-hay-casi-4500-personas-desaparecidas\/#article","isPartOf":{"@id":"https:\/\/gysfm.com.ar\/inicio\/inundaciones-en-nepal-la-cifra-de-muertes-subio-a-mas-de-1100-y-hay-casi-4500-personas-desaparecidas\/"},"author":{"name":"Prensa G&amp;S FM","@id":"https:\/\/gysfm.com.ar\/inicio\/#\/schema\/person\/3abba7593ef2ad19e1be221d54383dc5"},"headline":"Inundaciones en Nepal: la cifra de muertes subi\u00f3 a m\u00e1s de 1100 y hay casi 4500 personas desaparecidas","datePublished":"2026-09-03T15:24:10+00:00","dateModified":"2026-09-03T15:24:11+00:00","mainEntityOfPage":{"@id":"https:\/\/gysfm.com.ar\/inicio\/inundaciones-en-nepal-la-cifra-de-muertes-subio-a-mas-de-1100-y-hay-casi-4500-personas-desaparecidas\/"},"wordCount":633,"publisher":{"@id":"https:\/\/gysfm.com.ar\/inicio\/#organization"},"image":{"@id":"https:\/\/gysfm.com.ar\/inicio\/inundaciones-en-nepal-la-cifra-de-muertes-subio-a-mas-de-1100-y-hay-casi-4500-personas-desaparecidas\/#primaryimage"},"thumbnailUrl":"https:\/\/gysfm.com.ar\/inicio\/wp-content\/uploads\/2026\/09\/los-rescatistas-siguen-buscando-sobrevivientes-y-VPDS5RUPMVBYXMIEBOQN7KCHF4.JPG","articleSection":["INTERNACIONALES"],"inLanguage":"es"},{"@type":"WebPage","@id":"https:\/\/gysfm.com.ar\/inicio\/inundaciones-en-nepal-la-cifra-de-muertes-subio-a-mas-de-1100-y-hay-casi-4500-personas-desaparecidas\/","url":"https:\/\/gysfm.com.ar\/inicio\/inundaciones-en-nepal-la-cifra-de-muertes-subio-a-mas-de-1100-y-hay-casi-4500-personas-desaparecidas\/","name":"Inundaciones en Nepal: la cifra de muertes subi\u00f3 a m\u00e1s de 1100 y hay casi 4500 personas desaparecidas - GYS NOTICIAS |","isPartOf":{"@id":"https:\/\/gysfm.com.ar\/inicio\/#website"},"primaryImageOfPage":{"@id":"https:\/\/gysfm.com.ar\/inicio\/inundaciones-en-nepal-la-cifra-de-muertes-subio-a-mas-de-1100-y-hay-casi-4500-personas-desaparecidas\/#primaryimage"},"image":{"@id":"https:\/\/gysfm.com.ar\/inicio\/inundaciones-en-nepal-la-cifra-de-muertes-subio-a-mas-de-1100-y-hay-casi-4500-personas-desaparecidas\/#primaryimage"},"thumbnailUrl":"https:\/\/gysfm.com.ar\/inicio\/wp-content\/uploads\/2026\/09\/los-rescatistas-siguen-buscando-sobrevivientes-y-VPDS5RUPMVBYXMIEBOQN7KCHF4.JPG","datePublished":"2026-09-03T15:24:10+00:00","dateModified":"2026-09-03T15:24:11+00:00","breadcrumb":{"@id":"https:\/\/gysfm.com.ar\/inicio\/inundaciones-en-nepal-la-cifra-de-muertes-subio-a-mas-de-1100-y-hay-casi-4500-personas-desaparecidas\/#breadcrumb"},"inLanguage":"es","potentialAction":[{"@type":"ReadAction","target":["https:\/\/gysfm.com.ar\/inicio\/inundaciones-en-nepal-la-cifra-de-muertes-subio-a-mas-de-1100-y-hay-casi-4500-personas-desaparecidas\/"]}]},{"@type":"ImageObject","inLanguage":"es","@id":"https:\/\/gysfm.com.ar\/inicio\/inundaciones-en-nepal-la-cifra-de-muertes-subio-a-mas-de-1100-y-hay-casi-4500-personas-desaparecidas\/#primaryimage","url":"https:\/\/gysfm.com.ar\/inicio\/wp-content\/uploads\/2026\/09\/los-rescatistas-siguen-buscando-sobrevivientes-y-VPDS5RUPMVBYXMIEBOQN7KCHF4.JPG","contentUrl":"https:\/\/gysfm.com.ar\/inicio\/wp-content\/uploads\/2026\/09\/los-rescatistas-siguen-buscando-sobrevivientes-y-VPDS5RUPMVBYXMIEBOQN7KCHF4.JPG","width":1200,"height":800},{"@type":"BreadcrumbList","@id":"https:\/\/gysfm.com.ar\/inicio\/inundaciones-en-nepal-la-cifra-de-muertes-subio-a-mas-de-1100-y-hay-casi-4500-personas-desaparecidas\/#breadcrumb","itemListElement":[{"@type":"ListItem","position":1,"name":"Portada","item":"https:\/\/gysfm.com.ar\/inicio\/"},{"@type":"ListItem","position":2,"name":"Inundaciones en Nepal: la cifra de muertes subi\u00f3 a m\u00e1s de 1100 y hay casi 4500 personas desaparecidas"}]},{"@type":"WebSite","@id":"https:\/\/gysfm.com.ar\/inicio\/#website","url":"https:\/\/gysfm.com.ar\/inicio\/","name":"GYS NOTICIAS |","description":"DIARIO - RADIO ONLINE SAN JUAN ARGENTINA","publisher":{"@id":"https:\/\/gysfm.com.ar\/inicio\/#organization"},"potentialAction":[{"@type":"SearchAction","target":{"@type":"EntryPoint","urlTemplate":"https:\/\/gysfm.com.ar\/inicio\/?s={search_term_string}"},"query-input":{"@type":"PropertyValueSpecification","valueRequired":true,"valueName":"search_term_string"}}],"inLanguage":"es"},{"@type":"Organization","@id":"https:\/\/gysfm.com.ar\/inicio\/#organization","name":"GYS NOTICIAS |","url":"https:\/\/gysfm.com.ar\/inicio\/","logo":{"@type":"ImageObject","inLanguage":"es","@id":"https:\/\/gysfm.com.ar\/inicio\/#\/schema\/logo\/image\/","url":"https:\/\/gysfm.com.ar\/inicio\/wp-content\/uploads\/2023\/07\/LOGOGYS-OK.png","contentUrl":"https:\/\/gysfm.com.ar\/inicio\/wp-content\/uploads\/2023\/07\/LOGOGYS-OK.png","width":1170,"height":872,"caption":"GYS NOTICIAS |"},"image":{"@id":"https:\/\/gysfm.com.ar\/inicio\/#\/schema\/logo\/image\/"}},{"@type":"Person","@id":"https:\/\/gysfm.com.ar\/inicio\/#\/schema\/person\/3abba7593ef2ad19e1be221d54383dc5","name":"Prensa G&amp;S FM","image":{"@type":"ImageObject","inLanguage":"es","@id":"https:\/\/gysfm.com.ar\/inicio\/#\/schema\/person\/image\/","url":"https:\/\/secure.gravatar.com\/avatar\/096ec78df02049ab018702bb4ccedf659377fa92a26540b5247612077a0dbd29?s=96&d=mm&r=g","contentUrl":"https:\/\/secure.gravatar.com\/avatar\/096ec78df02049ab018702bb4ccedf659377fa92a26540b5247612077a0dbd29?s=96&d=mm&r=g","caption":"Prensa G&amp;S FM"},"sameAs":["https:\/\/gysfm.com.ar\/"],"url":"https:\/\/gysfm.com.ar\/inicio\/author\/lucasm\/"}]}},"_links":{"self":[{"href":"https:\/\/gysfm.com.ar\/inicio\/wp-json\/wp\/v2\/posts\/210304","targetHints":{"allow":["GET"]}}],"collection":[{"href":"https:\/\/gysfm.com.ar\/inicio\/wp-json\/wp\/v2\/posts"}],"about":[{"href":"https:\/\/gysfm.com.ar\/inicio\/wp-json\/wp\/v2\/types\/post"}],"author":[{"embeddable":true,"href":"https:\/\/gysfm.com.ar\/inicio\/wp-json\/wp\/v2\/users\/2"}],"replies":[{"embeddable":true,"href":"https:\/\/gysfm.com.ar\/inicio\/wp-json\/wp\/v2\/comments?post=210304"}],"version-history":[{"count":1,"href":"https:\/\/gysfm.com.ar\/inicio\/wp-json\/wp\/v2\/posts\/210304\/revisions"}],"predecessor-version":[{"id":210306,"href":"https:\/\/gysfm.com.ar\/inicio\/wp-json\/wp\/v2\/posts\/210304\/revisions\/210306"}],"wp:featuredmedia":[{"embeddable":true,"href":"https:\/\/gysfm.com.ar\/inicio\/wp-json\/wp\/v2\/media\/210305"}],"wp:attachment":[{"href":"https:\/\/gysfm.com.ar\/inicio\/wp-json\/wp\/v2\/media?parent=210304"}],"wp:term":[{"taxonomy":"category","embeddable":true,"href":"https:\/\/gysfm.com.ar\/inicio\/wp-json\/wp\/v2\/categories?post=210304"},{"taxonomy":"post_tag","embeddable":true,"href":"https:\/\/gysfm.com.ar\/inicio\/wp-json\/wp\/v2\/tags?post=210304"}],"curies":[{"name":"wp","href":"https:\/\/api.w.org\/{rel}","templated":true}]}}