{"id":210303,"date":"2026-09-03T12:16:23","date_gmt":"2026-09-03T15:16:23","guid":{"rendered":"https:\/\/gysfm.com.ar\/inicio\/el-gobierno-impulsara-un-proyecto-para-privatizar-rutas-con-exenciones-impositivas\/"},"modified":"2026-09-03T12:16:23","modified_gmt":"2026-09-03T15:16:23","slug":"el-gobierno-impulsara-un-proyecto-para-privatizar-rutas-con-exenciones-impositivas","status":"publish","type":"post","link":"https:\/\/gysfm.com.ar\/inicio\/el-gobierno-impulsara-un-proyecto-para-privatizar-rutas-con-exenciones-impositivas\/","title":{"rendered":"El Gobierno impulsar\u00e1 un proyecto para privatizar rutas con exenciones impositivas"},"content":{"rendered":"<p> <br \/>\n<\/p>\n<div id=\"\">\n<p id=\"p-1788405317131-44533\">El ministro de Econom\u00eda, <strong>Luis Caputo<\/strong>, anunci\u00f3 este mi\u00e9rcoles que impulsar\u00e1 un <strong> proyecto para privatizar las rutas nacionales bajo un esquema de inversiones<\/strong> que quedar\u00edan <strong>exentas de impuestos nacionales, provinciales y municipales<\/strong>. Se trata de una iniciativa que enviar\u00e1 al Congreso y que deber\u00e1 contar con el apoyo de los gobernadores.<\/p>\n<\/div>\n<div id=\"\">\n<p id=\"p-1788405317131-8953\"><strong>\u201cTodo lo que sean nuevas inversiones en rutas, vamos a proponer que sea a cero impuestos, nacional, provincial y municipal, de manera que se genera m\u00e1s incentivo y que sea m\u00e1s barato todo este proceso de desarrollo y que se haga m\u00e1s r\u00e1pido\u201d<\/strong>, afirm\u00f3 Caputo durante el evento <strong>\u201cVientos de Cambio\u201d<\/strong>, organizado por la <strong>Fundaci\u00f3n Libertad y Progreso<\/strong>.<\/p>\n<\/div>\n<div id=\"\">\n<p id=\"p-1788405649783-79055\"> Si bien en un principio el Ministro habl\u00f3 de <strong>5.000 kil\u00f3metros de rutas<\/strong>, luego aclar\u00f3 que ser\u00e1n <strong>6.000<\/strong>. Adem\u00e1s, se mostr\u00f3 confiado en contar con el apoyo de los gobernadores para las exenciones. <strong>\u201cEllos coinciden en que la inversi\u00f3n en rutas e infraestructura es fundamental\u201d<\/strong>, asegur\u00f3 el titular del Palacio de Hacienda.<\/p>\n<\/div>\n<div id=\"\">\n<div contenteditable=\"false\" class=\"embed_cont type_imagen\" id=\"8243540-Libre-1228364241_wrap\">\n<div id=\"8243540-Libre-1228364241_content\" class=\"embed_content\"><img src=\"https:\/\/media.ambito.com\/p\/397452b3ff3721b162ee2c38a7eceb44\/adjuntos\/239\/imagenes\/043\/470\/0043470799\/730x0\/smart\/rutas-villa-gesell.jpg\" decoding=\"async\" fetchpriority=\"low\" loading=\"lazy\" alt=\"\" title=\"\" width=\"730\" height=\"undefined\" id=\"8243540-Libre-1228364241_embed\"\/><\/div><\/div>\n<h2 id=\"p-1788405317131-51441\">El estado de las rutas y los fondos del impuesto a los combustibles<\/h2>\n<p id=\"p-1788405367900-93694\">El anuncio llega luego de <strong>fuertes cr\u00edticas por el estado de las rutas<\/strong>, as\u00ed como tambi\u00e9n por la retenci\u00f3n de los recursos del <strong> Impuesto a los Combustibles L\u00edquidos<\/strong>. Por ley, el <strong>28,5% de lo recaudado<\/strong> debe destinarse al mantenimiento de la <strong>infraestructura de transporte nacional<\/strong>, mientras que el <strong>14,25%<\/strong> deber\u00eda dirigirse a la red vial.<\/p>\n<\/div>\n<div id=\"\">\n<p id=\"p-1788405317131-30385\">Un informe del <strong>Instituto Argentina Grande<\/strong> advirti\u00f3 que <strong>\u201clo que el Gobierno no gast\u00f3 del impuesto a los combustibles equivale al mantenimiento de 9.148 kil\u00f3metros de la red vial nacional\u201d<\/strong>. El estudio sostiene que el impuesto a los combustibles pas\u00f3 de representar el <strong>8,9%<\/strong> del precio de la nafta s\u00faper en el surtidor en noviembre de 2023 al <strong>18,6%<\/strong> en julio de 2026, pero que esos recursos no se destinan a las partidas espec\u00edficas previstas.<\/p>\n<p id=\"p-1788405483277-22318\"><strong>\u201c$1,35 billones es el monto extra que podr\u00eda haber gastado la DNV si hubiese gastado el total que le llega por la asignaci\u00f3n del ICL<\/strong> ($534 mil millones extra por a\u00f1o). As\u00ed, sin implicar transferencias extras del Tesoro -solo con lo que le llega v\u00eda ICL-, podr\u00eda haber cubierto el mantenimiento anual de 9.148 km de la red vial nacional. Se trata de un cuarto de la red, o m\u00e1s de dos veces la distancia de Ushuaia a La Quiaca\u201d, dice la investigaci\u00f3n.<\/p>\n<h2 id=\"p-1788405483277-89009\" class=\"\" data-section-id=\"1usm3py\" data-start=\"58\" data-end=\"116\" data-is-last-node=\"\" data-is-only-node=\"\">El proceso de privatizaci\u00f3n de las rutas nacionales y el incentivo para las empresas<\/h2>\n<p id=\"p-1788405317131-21529\">El Gobierno viene de adjudicar cerca de 9.000 kil\u00f3metros de corredores viales nacionales a trav\u00e9s de contratos a 20 a\u00f1os que otorgan buena parte de las tareas de mantenimiento, conservaci\u00f3n y operaci\u00f3n.<\/p>\n<p id=\"p-1788405317131-51561\">Los corredores incluidos en la <strong>Etapa III<\/strong>, la \u00faltima hasta el momento, atraviesan las provincias de <strong>Santa Fe, C\u00f3rdoba, Entre R\u00edos, Santiago del Estero, Salta, Jujuy, Tucum\u00e1n, Corrientes, Mendoza, Misiones y Chaco<\/strong>.<\/p>\n<p id=\"p-1788405317131-82053\">El nuevo proyecto que anticip\u00f3 Cauputo este mi\u00e9rcoles buscar\u00e1 ampliar el proceso de privatizaci\u00f3n de las rutas y sumar otros miles de kil\u00f3metros bajo un nuevo esquema en el que la <strong>eliminaci\u00f3n de impuestos<\/strong>, que incluir\u00eda a las provincias y los municipios, funcionar\u00eda como <strong>incentivo para atraer capital privado.<\/strong><\/p>\n<p id=\"p-1788405317131-7575\">Durante su exposici\u00f3n, el titular del Palacio de Hacienda apunt\u00f3 contra la administraci\u00f3n anterior y cuestion\u00f3: <strong>\u201cVerlos criticar me parece c\u00f3mico\u201d<\/strong>, en referencia a quienes cuestionan la situaci\u00f3n de la infraestructura vial.<\/p>\n<\/p><\/div>\n<p><script>\n!function(f,b,e,v,n,t,s)\n{if(f.fbq)return;n=f.fbq=function(){n.callMethod?\nn.callMethod.apply(n,arguments):n.queue.push(arguments)};\nif(!f._fbq)f._fbq=n;n.push=n;n.loaded=!0;n.version='2.0';\nn.queue=[];t=b.createElement(e);t.async=!0;\nt.src=v;s=b.getElementsByTagName(e)[0];\ns.parentNode.insertBefore(t,s)}(window,document,'script',\n'https:\/\/connect.facebook.net\/en_US\/fbevents.js');\nfbq('init', '2047048335588113');\nfbq('track', 'PageView');\n<\/script><br \/>\n<br \/><\/p>\n","protected":false},"excerpt":{"rendered":"<p>El ministro de Econom\u00eda, Luis Caputo, anunci\u00f3 este mi\u00e9rcoles que impulsar\u00e1 un proyecto para privatizar las rutas nacionales bajo un esquema de inversiones que quedar\u00edan exentas de impuestos nacionales, provinciales y municipales. Se trata de una iniciativa que enviar\u00e1 al Congreso y que deber\u00e1 contar con el apoyo de los gobernadores. \u201cTodo lo que sean [&hellip;]<\/p>\n","protected":false},"author":1,"featured_media":208483,"comment_status":"closed","ping_status":"closed","sticky":false,"template":"","format":"standard","meta":{"footnotes":""},"categories":[28],"tags":[],"class_list":["post-210303","post","type-post","status-publish","format-standard","has-post-thumbnail","hentry","category-economia"],"yoast_head":"<!-- This site is optimized with the Yoast SEO plugin v24.4 - https:\/\/yoast.com\/wordpress\/plugins\/seo\/ -->\n<title>El Gobierno impulsar\u00e1 un proyecto para privatizar rutas con exenciones impositivas - GYS NOTICIAS |<\/title>\n<meta name=\"robots\" content=\"index, follow, max-snippet:-1, max-image-preview:large, max-video-preview:-1\" \/>\n<link rel=\"canonical\" href=\"https:\/\/gysfm.com.ar\/inicio\/el-gobierno-impulsara-un-proyecto-para-privatizar-rutas-con-exenciones-impositivas\/\" \/>\n<meta property=\"og:locale\" content=\"es_ES\" \/>\n<meta property=\"og:type\" content=\"article\" \/>\n<meta property=\"og:title\" content=\"El Gobierno impulsar\u00e1 un proyecto para privatizar rutas con exenciones impositivas - GYS NOTICIAS |\" \/>\n<meta property=\"og:description\" content=\"El ministro de Econom\u00eda, Luis Caputo, anunci\u00f3 este mi\u00e9rcoles que impulsar\u00e1 un proyecto para privatizar las rutas nacionales bajo un esquema de inversiones que quedar\u00edan exentas de impuestos nacionales, provinciales y municipales. Se trata de una iniciativa que enviar\u00e1 al Congreso y que deber\u00e1 contar con el apoyo de los gobernadores. \u201cTodo lo que sean [&hellip;]\" \/>\n<meta property=\"og:url\" content=\"https:\/\/gysfm.com.ar\/inicio\/el-gobierno-impulsara-un-proyecto-para-privatizar-rutas-con-exenciones-impositivas\/\" \/>\n<meta property=\"og:site_name\" content=\"GYS NOTICIAS |\" \/>\n<meta property=\"article:published_time\" content=\"2026-09-03T15:16:23+00:00\" \/>\n<meta property=\"og:image\" content=\"https:\/\/media.ambito.com\/p\/397452b3ff3721b162ee2c38a7eceb44\/adjuntos\/239\/imagenes\/043\/470\/0043470799\/730x0\/smart\/rutas-villa-gesell.jpg\" \/>\n<meta name=\"author\" content=\"admin\" \/>\n<meta name=\"twitter:card\" content=\"summary_large_image\" \/>\n<meta name=\"twitter:label1\" content=\"Escrito por\" \/>\n\t<meta name=\"twitter:data1\" content=\"admin\" \/>\n\t<meta name=\"twitter:label2\" content=\"Tiempo de lectura\" \/>\n\t<meta name=\"twitter:data2\" content=\"3 minutos\" \/>\n<script type=\"application\/ld+json\" class=\"yoast-schema-graph\">{\"@context\":\"https:\/\/schema.org\",\"@graph\":[{\"@type\":\"Article\",\"@id\":\"https:\/\/gysfm.com.ar\/inicio\/el-gobierno-impulsara-un-proyecto-para-privatizar-rutas-con-exenciones-impositivas\/#article\",\"isPartOf\":{\"@id\":\"https:\/\/gysfm.com.ar\/inicio\/el-gobierno-impulsara-un-proyecto-para-privatizar-rutas-con-exenciones-impositivas\/\"},\"author\":{\"name\":\"admin\",\"@id\":\"https:\/\/gysfm.com.ar\/inicio\/#\/schema\/person\/5bedd7ecd35cc35548d89effafa23696\"},\"headline\":\"El Gobierno impulsar\u00e1 un proyecto para privatizar rutas con exenciones impositivas\",\"datePublished\":\"2026-09-03T15:16:23+00:00\",\"mainEntityOfPage\":{\"@id\":\"https:\/\/gysfm.com.ar\/inicio\/el-gobierno-impulsara-un-proyecto-para-privatizar-rutas-con-exenciones-impositivas\/\"},\"wordCount\":591,\"publisher\":{\"@id\":\"https:\/\/gysfm.com.ar\/inicio\/#organization\"},\"image\":{\"@id\":\"https:\/\/gysfm.com.ar\/inicio\/el-gobierno-impulsara-un-proyecto-para-privatizar-rutas-con-exenciones-impositivas\/#primaryimage\"},\"thumbnailUrl\":\"https:\/\/gysfm.com.ar\/inicio\/wp-content\/uploads\/2026\/08\/vaca-muerta-rutas-logistica-ruta-151-rio-negro.png\",\"articleSection\":[\"ECONOMIA\"],\"inLanguage\":\"es\"},{\"@type\":\"WebPage\",\"@id\":\"https:\/\/gysfm.com.ar\/inicio\/el-gobierno-impulsara-un-proyecto-para-privatizar-rutas-con-exenciones-impositivas\/\",\"url\":\"https:\/\/gysfm.com.ar\/inicio\/el-gobierno-impulsara-un-proyecto-para-privatizar-rutas-con-exenciones-impositivas\/\",\"name\":\"El Gobierno impulsar\u00e1 un proyecto para privatizar rutas con exenciones impositivas - GYS NOTICIAS |\",\"isPartOf\":{\"@id\":\"https:\/\/gysfm.com.ar\/inicio\/#website\"},\"primaryImageOfPage\":{\"@id\":\"https:\/\/gysfm.com.ar\/inicio\/el-gobierno-impulsara-un-proyecto-para-privatizar-rutas-con-exenciones-impositivas\/#primaryimage\"},\"image\":{\"@id\":\"https:\/\/gysfm.com.ar\/inicio\/el-gobierno-impulsara-un-proyecto-para-privatizar-rutas-con-exenciones-impositivas\/#primaryimage\"},\"thumbnailUrl\":\"https:\/\/gysfm.com.ar\/inicio\/wp-content\/uploads\/2026\/08\/vaca-muerta-rutas-logistica-ruta-151-rio-negro.png\",\"datePublished\":\"2026-09-03T15:16:23+00:00\",\"breadcrumb\":{\"@id\":\"https:\/\/gysfm.com.ar\/inicio\/el-gobierno-impulsara-un-proyecto-para-privatizar-rutas-con-exenciones-impositivas\/#breadcrumb\"},\"inLanguage\":\"es\",\"potentialAction\":[{\"@type\":\"ReadAction\",\"target\":[\"https:\/\/gysfm.com.ar\/inicio\/el-gobierno-impulsara-un-proyecto-para-privatizar-rutas-con-exenciones-impositivas\/\"]}]},{\"@type\":\"ImageObject\",\"inLanguage\":\"es\",\"@id\":\"https:\/\/gysfm.com.ar\/inicio\/el-gobierno-impulsara-un-proyecto-para-privatizar-rutas-con-exenciones-impositivas\/#primaryimage\",\"url\":\"https:\/\/gysfm.com.ar\/inicio\/wp-content\/uploads\/2026\/08\/vaca-muerta-rutas-logistica-ruta-151-rio-negro.png\",\"contentUrl\":\"https:\/\/gysfm.com.ar\/inicio\/wp-content\/uploads\/2026\/08\/vaca-muerta-rutas-logistica-ruta-151-rio-negro.png\",\"width\":1200,\"height\":675},{\"@type\":\"BreadcrumbList\",\"@id\":\"https:\/\/gysfm.com.ar\/inicio\/el-gobierno-impulsara-un-proyecto-para-privatizar-rutas-con-exenciones-impositivas\/#breadcrumb\",\"itemListElement\":[{\"@type\":\"ListItem\",\"position\":1,\"name\":\"Portada\",\"item\":\"https:\/\/gysfm.com.ar\/inicio\/\"},{\"@type\":\"ListItem\",\"position\":2,\"name\":\"El Gobierno impulsar\u00e1 un proyecto para privatizar rutas con exenciones impositivas\"}]},{\"@type\":\"WebSite\",\"@id\":\"https:\/\/gysfm.com.ar\/inicio\/#website\",\"url\":\"https:\/\/gysfm.com.ar\/inicio\/\",\"name\":\"GYS NOTICIAS |\",\"description\":\"DIARIO - RADIO ONLINE SAN JUAN ARGENTINA\",\"publisher\":{\"@id\":\"https:\/\/gysfm.com.ar\/inicio\/#organization\"},\"potentialAction\":[{\"@type\":\"SearchAction\",\"target\":{\"@type\":\"EntryPoint\",\"urlTemplate\":\"https:\/\/gysfm.com.ar\/inicio\/?s={search_term_string}\"},\"query-input\":{\"@type\":\"PropertyValueSpecification\",\"valueRequired\":true,\"valueName\":\"search_term_string\"}}],\"inLanguage\":\"es\"},{\"@type\":\"Organization\",\"@id\":\"https:\/\/gysfm.com.ar\/inicio\/#organization\",\"name\":\"GYS NOTICIAS |\",\"url\":\"https:\/\/gysfm.com.ar\/inicio\/\",\"logo\":{\"@type\":\"ImageObject\",\"inLanguage\":\"es\",\"@id\":\"https:\/\/gysfm.com.ar\/inicio\/#\/schema\/logo\/image\/\",\"url\":\"https:\/\/gysfm.com.ar\/inicio\/wp-content\/uploads\/2023\/07\/LOGOGYS-OK.png\",\"contentUrl\":\"https:\/\/gysfm.com.ar\/inicio\/wp-content\/uploads\/2023\/07\/LOGOGYS-OK.png\",\"width\":1170,\"height\":872,\"caption\":\"GYS NOTICIAS |\"},\"image\":{\"@id\":\"https:\/\/gysfm.com.ar\/inicio\/#\/schema\/logo\/image\/\"}},{\"@type\":\"Person\",\"@id\":\"https:\/\/gysfm.com.ar\/inicio\/#\/schema\/person\/5bedd7ecd35cc35548d89effafa23696\",\"name\":\"admin\",\"image\":{\"@type\":\"ImageObject\",\"inLanguage\":\"es\",\"@id\":\"https:\/\/gysfm.com.ar\/inicio\/#\/schema\/person\/image\/\",\"url\":\"https:\/\/secure.gravatar.com\/avatar\/c331d312b5243fb64d5ba28108a447b27c925295129a363082c9ea52c28d32c2?s=96&d=mm&r=g\",\"contentUrl\":\"https:\/\/secure.gravatar.com\/avatar\/c331d312b5243fb64d5ba28108a447b27c925295129a363082c9ea52c28d32c2?s=96&d=mm&r=g\",\"caption\":\"admin\"},\"sameAs\":[\"https:\/\/gysfm.com.ar\/inicio\"],\"url\":\"https:\/\/gysfm.com.ar\/inicio\/author\/admin\/\"}]}<\/script>\n<!-- \/ Yoast SEO plugin. -->","yoast_head_json":{"title":"El Gobierno impulsar\u00e1 un proyecto para privatizar rutas con exenciones impositivas - GYS NOTICIAS |","robots":{"index":"index","follow":"follow","max-snippet":"max-snippet:-1","max-image-preview":"max-image-preview:large","max-video-preview":"max-video-preview:-1"},"canonical":"https:\/\/gysfm.com.ar\/inicio\/el-gobierno-impulsara-un-proyecto-para-privatizar-rutas-con-exenciones-impositivas\/","og_locale":"es_ES","og_type":"article","og_title":"El Gobierno impulsar\u00e1 un proyecto para privatizar rutas con exenciones impositivas - GYS NOTICIAS |","og_description":"El ministro de Econom\u00eda, Luis Caputo, anunci\u00f3 este mi\u00e9rcoles que impulsar\u00e1 un proyecto para privatizar las rutas nacionales bajo un esquema de inversiones que quedar\u00edan exentas de impuestos nacionales, provinciales y municipales. Se trata de una iniciativa que enviar\u00e1 al Congreso y que deber\u00e1 contar con el apoyo de los gobernadores. \u201cTodo lo que sean [&hellip;]","og_url":"https:\/\/gysfm.com.ar\/inicio\/el-gobierno-impulsara-un-proyecto-para-privatizar-rutas-con-exenciones-impositivas\/","og_site_name":"GYS NOTICIAS |","article_published_time":"2026-09-03T15:16:23+00:00","og_image":[{"url":"https:\/\/media.ambito.com\/p\/397452b3ff3721b162ee2c38a7eceb44\/adjuntos\/239\/imagenes\/043\/470\/0043470799\/730x0\/smart\/rutas-villa-gesell.jpg","type":"","width":"","height":""}],"author":"admin","twitter_card":"summary_large_image","twitter_misc":{"Escrito por":"admin","Tiempo de lectura":"3 minutos"},"schema":{"@context":"https:\/\/schema.org","@graph":[{"@type":"Article","@id":"https:\/\/gysfm.com.ar\/inicio\/el-gobierno-impulsara-un-proyecto-para-privatizar-rutas-con-exenciones-impositivas\/#article","isPartOf":{"@id":"https:\/\/gysfm.com.ar\/inicio\/el-gobierno-impulsara-un-proyecto-para-privatizar-rutas-con-exenciones-impositivas\/"},"author":{"name":"admin","@id":"https:\/\/gysfm.com.ar\/inicio\/#\/schema\/person\/5bedd7ecd35cc35548d89effafa23696"},"headline":"El Gobierno impulsar\u00e1 un proyecto para privatizar rutas con exenciones impositivas","datePublished":"2026-09-03T15:16:23+00:00","mainEntityOfPage":{"@id":"https:\/\/gysfm.com.ar\/inicio\/el-gobierno-impulsara-un-proyecto-para-privatizar-rutas-con-exenciones-impositivas\/"},"wordCount":591,"publisher":{"@id":"https:\/\/gysfm.com.ar\/inicio\/#organization"},"image":{"@id":"https:\/\/gysfm.com.ar\/inicio\/el-gobierno-impulsara-un-proyecto-para-privatizar-rutas-con-exenciones-impositivas\/#primaryimage"},"thumbnailUrl":"https:\/\/gysfm.com.ar\/inicio\/wp-content\/uploads\/2026\/08\/vaca-muerta-rutas-logistica-ruta-151-rio-negro.png","articleSection":["ECONOMIA"],"inLanguage":"es"},{"@type":"WebPage","@id":"https:\/\/gysfm.com.ar\/inicio\/el-gobierno-impulsara-un-proyecto-para-privatizar-rutas-con-exenciones-impositivas\/","url":"https:\/\/gysfm.com.ar\/inicio\/el-gobierno-impulsara-un-proyecto-para-privatizar-rutas-con-exenciones-impositivas\/","name":"El Gobierno impulsar\u00e1 un proyecto para privatizar rutas con exenciones impositivas - GYS NOTICIAS |","isPartOf":{"@id":"https:\/\/gysfm.com.ar\/inicio\/#website"},"primaryImageOfPage":{"@id":"https:\/\/gysfm.com.ar\/inicio\/el-gobierno-impulsara-un-proyecto-para-privatizar-rutas-con-exenciones-impositivas\/#primaryimage"},"image":{"@id":"https:\/\/gysfm.com.ar\/inicio\/el-gobierno-impulsara-un-proyecto-para-privatizar-rutas-con-exenciones-impositivas\/#primaryimage"},"thumbnailUrl":"https:\/\/gysfm.com.ar\/inicio\/wp-content\/uploads\/2026\/08\/vaca-muerta-rutas-logistica-ruta-151-rio-negro.png","datePublished":"2026-09-03T15:16:23+00:00","breadcrumb":{"@id":"https:\/\/gysfm.com.ar\/inicio\/el-gobierno-impulsara-un-proyecto-para-privatizar-rutas-con-exenciones-impositivas\/#breadcrumb"},"inLanguage":"es","potentialAction":[{"@type":"ReadAction","target":["https:\/\/gysfm.com.ar\/inicio\/el-gobierno-impulsara-un-proyecto-para-privatizar-rutas-con-exenciones-impositivas\/"]}]},{"@type":"ImageObject","inLanguage":"es","@id":"https:\/\/gysfm.com.ar\/inicio\/el-gobierno-impulsara-un-proyecto-para-privatizar-rutas-con-exenciones-impositivas\/#primaryimage","url":"https:\/\/gysfm.com.ar\/inicio\/wp-content\/uploads\/2026\/08\/vaca-muerta-rutas-logistica-ruta-151-rio-negro.png","contentUrl":"https:\/\/gysfm.com.ar\/inicio\/wp-content\/uploads\/2026\/08\/vaca-muerta-rutas-logistica-ruta-151-rio-negro.png","width":1200,"height":675},{"@type":"BreadcrumbList","@id":"https:\/\/gysfm.com.ar\/inicio\/el-gobierno-impulsara-un-proyecto-para-privatizar-rutas-con-exenciones-impositivas\/#breadcrumb","itemListElement":[{"@type":"ListItem","position":1,"name":"Portada","item":"https:\/\/gysfm.com.ar\/inicio\/"},{"@type":"ListItem","position":2,"name":"El Gobierno impulsar\u00e1 un proyecto para privatizar rutas con exenciones impositivas"}]},{"@type":"WebSite","@id":"https:\/\/gysfm.com.ar\/inicio\/#website","url":"https:\/\/gysfm.com.ar\/inicio\/","name":"GYS NOTICIAS |","description":"DIARIO - RADIO ONLINE SAN JUAN ARGENTINA","publisher":{"@id":"https:\/\/gysfm.com.ar\/inicio\/#organization"},"potentialAction":[{"@type":"SearchAction","target":{"@type":"EntryPoint","urlTemplate":"https:\/\/gysfm.com.ar\/inicio\/?s={search_term_string}"},"query-input":{"@type":"PropertyValueSpecification","valueRequired":true,"valueName":"search_term_string"}}],"inLanguage":"es"},{"@type":"Organization","@id":"https:\/\/gysfm.com.ar\/inicio\/#organization","name":"GYS NOTICIAS |","url":"https:\/\/gysfm.com.ar\/inicio\/","logo":{"@type":"ImageObject","inLanguage":"es","@id":"https:\/\/gysfm.com.ar\/inicio\/#\/schema\/logo\/image\/","url":"https:\/\/gysfm.com.ar\/inicio\/wp-content\/uploads\/2023\/07\/LOGOGYS-OK.png","contentUrl":"https:\/\/gysfm.com.ar\/inicio\/wp-content\/uploads\/2023\/07\/LOGOGYS-OK.png","width":1170,"height":872,"caption":"GYS NOTICIAS |"},"image":{"@id":"https:\/\/gysfm.com.ar\/inicio\/#\/schema\/logo\/image\/"}},{"@type":"Person","@id":"https:\/\/gysfm.com.ar\/inicio\/#\/schema\/person\/5bedd7ecd35cc35548d89effafa23696","name":"admin","image":{"@type":"ImageObject","inLanguage":"es","@id":"https:\/\/gysfm.com.ar\/inicio\/#\/schema\/person\/image\/","url":"https:\/\/secure.gravatar.com\/avatar\/c331d312b5243fb64d5ba28108a447b27c925295129a363082c9ea52c28d32c2?s=96&d=mm&r=g","contentUrl":"https:\/\/secure.gravatar.com\/avatar\/c331d312b5243fb64d5ba28108a447b27c925295129a363082c9ea52c28d32c2?s=96&d=mm&r=g","caption":"admin"},"sameAs":["https:\/\/gysfm.com.ar\/inicio"],"url":"https:\/\/gysfm.com.ar\/inicio\/author\/admin\/"}]}},"_links":{"self":[{"href":"https:\/\/gysfm.com.ar\/inicio\/wp-json\/wp\/v2\/posts\/210303","targetHints":{"allow":["GET"]}}],"collection":[{"href":"https:\/\/gysfm.com.ar\/inicio\/wp-json\/wp\/v2\/posts"}],"about":[{"href":"https:\/\/gysfm.com.ar\/inicio\/wp-json\/wp\/v2\/types\/post"}],"author":[{"embeddable":true,"href":"https:\/\/gysfm.com.ar\/inicio\/wp-json\/wp\/v2\/users\/1"}],"replies":[{"embeddable":true,"href":"https:\/\/gysfm.com.ar\/inicio\/wp-json\/wp\/v2\/comments?post=210303"}],"version-history":[{"count":0,"href":"https:\/\/gysfm.com.ar\/inicio\/wp-json\/wp\/v2\/posts\/210303\/revisions"}],"wp:featuredmedia":[{"embeddable":true,"href":"https:\/\/gysfm.com.ar\/inicio\/wp-json\/wp\/v2\/media\/208483"}],"wp:attachment":[{"href":"https:\/\/gysfm.com.ar\/inicio\/wp-json\/wp\/v2\/media?parent=210303"}],"wp:term":[{"taxonomy":"category","embeddable":true,"href":"https:\/\/gysfm.com.ar\/inicio\/wp-json\/wp\/v2\/categories?post=210303"},{"taxonomy":"post_tag","embeddable":true,"href":"https:\/\/gysfm.com.ar\/inicio\/wp-json\/wp\/v2\/tags?post=210303"}],"curies":[{"name":"wp","href":"https:\/\/api.w.org\/{rel}","templated":true}]}}