{"id":210296,"date":"2026-09-03T11:14:08","date_gmt":"2026-09-03T14:14:08","guid":{"rendered":"https:\/\/gysfm.com.ar\/inicio\/empleadas-domesticas-tendran-cinco-aumentos-y-bono-extra-como-quedaron-los-salarios\/"},"modified":"2026-09-03T11:14:08","modified_gmt":"2026-09-03T14:14:08","slug":"empleadas-domesticas-tendran-cinco-aumentos-y-bono-extra-como-quedaron-los-salarios","status":"publish","type":"post","link":"https:\/\/gysfm.com.ar\/inicio\/empleadas-domesticas-tendran-cinco-aumentos-y-bono-extra-como-quedaron-los-salarios\/","title":{"rendered":"Empleadas dom\u00e9sticas tendr\u00e1n cinco aumentos y bono extra: \u00bfc\u00f3mo quedaron los salarios?"},"content":{"rendered":"<p> <br \/>\n<\/p>\n<div>\t\t<!-- { REGION4 --> <\/p>\n<header class=\"news-headline\">\n<div class=\"news-headline__topics-and-date-wrapper\">    <span class=\"news-headline__publication-date\"> 3 de septiembre 2026 &#8211; 08:30<br \/>\n            <\/span><\/div>\n<h2 class=\"news-headline__article-summary\"\/>\n<p id=\"p-1788427213985-1166\" class=\"ignore-parser\"> La Comisi\u00f3n Nacional de Trabajo en Casas Particulares estableci\u00f3 incrementos mensuales en las remuneraciones m\u00ednimas del sector, junto con una suma no remunerativa por \u00fanica vez que se pagar\u00e1 con los salarios de agosto<\/p>\n<\/header>\n<article class=\"article-body article-body--first-paragraph\" data-td-script-src=\"https:\/\/www.ambito.com\/td\/modulos\/encuestas\/js\/function-embeds-min-version-1788322023.js\">\n<p id=\"p-1788427231495-94084\" dir=\"ltr\">La <strong>Comisi\u00f3n Nacional de Trabajo en Casas Particulares (CNTCP)<\/strong>, que funciona en la \u00f3rbita del <strong>Ministerio de Capital Humano<\/strong>, public\u00f3 este jueves en el Bolet\u00edn Oficial la Resoluci\u00f3n 6\/2026, que fija nuevos incrementos en las remuneraciones <strong>horarias y mensuales m\u00ednimas para el personal comprendido en el R\u00e9gimen Especial de Contrato de Trabajo para el Personal de Casas Particulares, establecido por la Ley 26.844.<\/strong><\/p>\n<\/article>\n<section class=\"suscription-false printed-edition\" style=\"display:none\">\n<p>El contenido al que quiere acceder es exclusivo para suscriptores.<\/p>\n<p>  <span> <button type=\"button\" name=\"button\" class=\"subscribe-btn mercadopago-btn\">suscribirse<\/button><\/span>  <span class=\"btns\"><button type=\"button\" name=\"button\" class=\"subscribe-btn reload-login\"> ya estoy suscripto<\/button><\/span>  <\/p>\n<\/section>\n<article class=\"article-body article-body--second-paragraph\">\n<p id=\"p-1788427231495-50003\" dir=\"ltr\">La medida, firmada por Soledad Moreno, presidente alterna del organismo, dispone un aumento del <strong>1,9% a partir de agosto de 2026<\/strong>, calculado sobre los salarios m\u00ednimos vigentes en julio conforme la Resoluci\u00f3n 4\/2026 de la misma comisi\u00f3n.<\/p>\n<\/article>\n<section class=\"related-news\">\t\t<span class=\"related-news__title\">Informate m\u00e1s<\/span>\t\t<\/p>\n<div class=\"row row--eq-height\">\n<div class=\"col-12 col-md-6\">\n<article class=\"news-article news-article--landscape-news news-article--landscape-news\">\n<figure class=\"news-article__figure figure\">\n\t\t\t\t\t\t\t\t\t\t\t<img src=\"https:\/\/media.ambito.com\/p\/a9ed5e8b49a2c5c8a9a65d3cc522decc\/adjuntos\/239\/imagenes\/039\/151\/0039151309\/dronesjpg.jpg\" decoding=\"async\" fetchpriority=\"low\" loading=\"lazy\" alt=\"Aranceles a drones: Estados Unidos implement\u00f3 aranceles de hasta 100% a drones chinos por seguridad nacional y dependencia de suministro.\" title=\"Aranceles a drones: Estados Unidos implement\u00f3 aranceles de hasta 100% a drones chinos por seguridad nacional y dependencia de suministro.\" width=\"93\" height=\"52\" class=\"news-article__figure-img figure-img img-fluid\"\/>\t\t<\/figure>\n<\/article><\/div>\n<div class=\"col-12 col-md-6\">\n<article class=\"news-article news-article--landscape-news news-article--landscape-news\">\n<figure class=\"news-article__figure figure\">\n\t\t\t\t\t\t\t\t\t\t\t<img src=\"https:\/\/media.ambito.com\/p\/f827835ab116396a2c102ec2d09b94f9\/adjuntos\/239\/imagenes\/043\/516\/0043516690\/vaca-muerta-rutas-logistica-ruta-151-rio-negro.png\" decoding=\"async\" fetchpriority=\"low\" loading=\"lazy\" alt=\"El jefe del equipo econ\u00f3mico del gobierno nacional dio a conocer la iniciativa en medio de las cr\u00edticas por el estado de las rutas.\u00a0\" title=\"El jefe del equipo econ\u00f3mico del gobierno nacional dio a conocer la iniciativa en medio de las cr\u00edticas por el estado de las rutas.\u00a0\" width=\"93\" height=\"52\" class=\"news-article__figure-img figure-img img-fluid\"\/>\t\t<\/figure>\n<\/article><\/div>\n<\/div>\n<\/section>\n<article class=\"article-body article-body--third-paragraph\">\n<p id=\"p-1788427268586-10561\" dir=\"ltr\"> A ese incremento le seguir\u00e1n subas del <strong>1,8% en septiembre<\/strong>, del <strong>1,7% en octubre<\/strong> y del <strong>1,6% en noviembre y diciembre<\/strong>, todas aplicadas en forma acumulativa sobre la base del mes anterior.<\/p>\n<\/article>\n<article class=\"article-body article-body--fourth-paragraph\">\n<p id=\"p-1788427231495-85335\" dir=\"ltr\">La resoluci\u00f3n tambi\u00e9n establece el pago de una <strong>suma no remunerativa por \u00fanica vez<\/strong>, que se abonar\u00e1 junto con los salarios de agosto. El monto ser\u00e1 de 20.000 pesos para quienes trabajen 16 horas semanales o m\u00e1s, de 11.500 pesos para el personal que preste tareas entre 12 y menos de 16 horas semanales, y de 8.000 pesos para quienes trabajen menos de 12 horas semanales.<\/p>\n<\/article>\n<article class=\"article-body article-body--fifth-paragraph\">\n<p id=\"p-1788427231495-72100\" dir=\"ltr\">Esa suma no remunerativa se incorporar\u00e1 progresivamente al salario b\u00e1sico: un 25% se sumar\u00e1 en septiembre, un 50% en octubre y el 25% restante en noviembre, seg\u00fan las distintas categor\u00edas del personal.<\/p>\n<\/article>\n<article class=\"article-body article-body--remaining-paragraph\">\n<p id=\"p-1788427231495-26248\" dir=\"ltr\">La norma detalla las escalas salariales por categor\u00eda en cinco anexos, correspondientes a cada uno de los meses comprendidos, y contempla un adicional del 31% sobre los salarios m\u00ednimos para el personal que preste tareas en las provincias de La Pampa, R\u00edo Negro, Chubut, Neuqu\u00e9n, Santa Cruz, Tierra del Fuego, Ant\u00e1rtida e Islas del Atl\u00e1ntico Sur, y en el partido de Patagones, en la provincia de Buenos Aires.<\/p>\n<p id=\"p-1788427231495-24368\" dir=\"ltr\">Los incrementos alcanzan a las categor\u00edas de personal para tareas generales, asistencia y cuidado de personas, caseros, personal para tareas espec\u00edficas y supervisores. La resoluci\u00f3n aclara que las partes pueden pactar salarios individuales por encima de los m\u00ednimos establecidos, y que las adecuaciones salariales rigen en todo el territorio nacional.<\/p>\n<\/article>\n<p>\t\t<!-- REGION4 } --><\/div>\n<p><script>\n!function(f,b,e,v,n,t,s)\n{if(f.fbq)return;n=f.fbq=function(){n.callMethod?\nn.callMethod.apply(n,arguments):n.queue.push(arguments)};\nif(!f._fbq)f._fbq=n;n.push=n;n.loaded=!0;n.version='2.0';\nn.queue=[];t=b.createElement(e);t.async=!0;\nt.src=v;s=b.getElementsByTagName(e)[0];\ns.parentNode.insertBefore(t,s)}(window,document,'script',\n'https:\/\/connect.facebook.net\/en_US\/fbevents.js');\nfbq('init', '2047048335588113');\nfbq('track', 'PageView');\n<\/script><br \/>\n<br \/><\/p>\n","protected":false},"excerpt":{"rendered":"<p>3 de septiembre 2026 &#8211; 08:30 La Comisi\u00f3n Nacional de Trabajo en Casas Particulares estableci\u00f3 incrementos mensuales en las remuneraciones m\u00ednimas del sector, junto con una suma no remunerativa por \u00fanica vez que se pagar\u00e1 con los salarios de agosto La Comisi\u00f3n Nacional de Trabajo en Casas Particulares (CNTCP), que funciona en la \u00f3rbita del [&hellip;]<\/p>\n","protected":false},"author":1,"featured_media":93522,"comment_status":"closed","ping_status":"closed","sticky":false,"template":"","format":"standard","meta":{"footnotes":""},"categories":[28],"tags":[],"class_list":["post-210296","post","type-post","status-publish","format-standard","has-post-thumbnail","hentry","category-economia"],"yoast_head":"<!-- This site is optimized with the Yoast SEO plugin v24.4 - https:\/\/yoast.com\/wordpress\/plugins\/seo\/ -->\n<title>Empleadas dom\u00e9sticas tendr\u00e1n cinco aumentos y bono extra: \u00bfc\u00f3mo quedaron los salarios? - GYS NOTICIAS |<\/title>\n<meta name=\"robots\" content=\"index, follow, max-snippet:-1, max-image-preview:large, max-video-preview:-1\" \/>\n<link rel=\"canonical\" href=\"https:\/\/gysfm.com.ar\/inicio\/empleadas-domesticas-tendran-cinco-aumentos-y-bono-extra-como-quedaron-los-salarios\/\" \/>\n<meta property=\"og:locale\" content=\"es_ES\" \/>\n<meta property=\"og:type\" content=\"article\" \/>\n<meta property=\"og:title\" content=\"Empleadas dom\u00e9sticas tendr\u00e1n cinco aumentos y bono extra: \u00bfc\u00f3mo quedaron los salarios? - GYS NOTICIAS |\" \/>\n<meta property=\"og:description\" content=\"3 de septiembre 2026 &#8211; 08:30 La Comisi\u00f3n Nacional de Trabajo en Casas Particulares estableci\u00f3 incrementos mensuales en las remuneraciones m\u00ednimas del sector, junto con una suma no remunerativa por \u00fanica vez que se pagar\u00e1 con los salarios de agosto La Comisi\u00f3n Nacional de Trabajo en Casas Particulares (CNTCP), que funciona en la \u00f3rbita del [&hellip;]\" \/>\n<meta property=\"og:url\" content=\"https:\/\/gysfm.com.ar\/inicio\/empleadas-domesticas-tendran-cinco-aumentos-y-bono-extra-como-quedaron-los-salarios\/\" \/>\n<meta property=\"og:site_name\" content=\"GYS NOTICIAS |\" \/>\n<meta property=\"article:published_time\" content=\"2026-09-03T14:14:08+00:00\" \/>\n<meta property=\"og:image\" content=\"https:\/\/media.ambito.com\/p\/a9ed5e8b49a2c5c8a9a65d3cc522decc\/adjuntos\/239\/imagenes\/039\/151\/0039151309\/dronesjpg.jpg\" \/>\n<meta name=\"author\" content=\"admin\" \/>\n<meta name=\"twitter:card\" content=\"summary_large_image\" \/>\n<meta name=\"twitter:label1\" content=\"Escrito por\" \/>\n\t<meta name=\"twitter:data1\" content=\"admin\" \/>\n\t<meta name=\"twitter:label2\" content=\"Tiempo de lectura\" \/>\n\t<meta name=\"twitter:data2\" content=\"2 minutos\" \/>\n<script type=\"application\/ld+json\" class=\"yoast-schema-graph\">{\"@context\":\"https:\/\/schema.org\",\"@graph\":[{\"@type\":\"Article\",\"@id\":\"https:\/\/gysfm.com.ar\/inicio\/empleadas-domesticas-tendran-cinco-aumentos-y-bono-extra-como-quedaron-los-salarios\/#article\",\"isPartOf\":{\"@id\":\"https:\/\/gysfm.com.ar\/inicio\/empleadas-domesticas-tendran-cinco-aumentos-y-bono-extra-como-quedaron-los-salarios\/\"},\"author\":{\"name\":\"admin\",\"@id\":\"https:\/\/gysfm.com.ar\/inicio\/#\/schema\/person\/5bedd7ecd35cc35548d89effafa23696\"},\"headline\":\"Empleadas dom\u00e9sticas tendr\u00e1n cinco aumentos y bono extra: \u00bfc\u00f3mo quedaron los salarios?\",\"datePublished\":\"2026-09-03T14:14:08+00:00\",\"mainEntityOfPage\":{\"@id\":\"https:\/\/gysfm.com.ar\/inicio\/empleadas-domesticas-tendran-cinco-aumentos-y-bono-extra-como-quedaron-los-salarios\/\"},\"wordCount\":427,\"publisher\":{\"@id\":\"https:\/\/gysfm.com.ar\/inicio\/#organization\"},\"image\":{\"@id\":\"https:\/\/gysfm.com.ar\/inicio\/empleadas-domesticas-tendran-cinco-aumentos-y-bono-extra-como-quedaron-los-salarios\/#primaryimage\"},\"thumbnailUrl\":\"https:\/\/gysfm.com.ar\/inicio\/wp-content\/uploads\/2025\/02\/empleadas-domesticasjpg.jpg\",\"articleSection\":[\"ECONOMIA\"],\"inLanguage\":\"es\"},{\"@type\":\"WebPage\",\"@id\":\"https:\/\/gysfm.com.ar\/inicio\/empleadas-domesticas-tendran-cinco-aumentos-y-bono-extra-como-quedaron-los-salarios\/\",\"url\":\"https:\/\/gysfm.com.ar\/inicio\/empleadas-domesticas-tendran-cinco-aumentos-y-bono-extra-como-quedaron-los-salarios\/\",\"name\":\"Empleadas dom\u00e9sticas tendr\u00e1n cinco aumentos y bono extra: \u00bfc\u00f3mo quedaron los salarios? - GYS NOTICIAS |\",\"isPartOf\":{\"@id\":\"https:\/\/gysfm.com.ar\/inicio\/#website\"},\"primaryImageOfPage\":{\"@id\":\"https:\/\/gysfm.com.ar\/inicio\/empleadas-domesticas-tendran-cinco-aumentos-y-bono-extra-como-quedaron-los-salarios\/#primaryimage\"},\"image\":{\"@id\":\"https:\/\/gysfm.com.ar\/inicio\/empleadas-domesticas-tendran-cinco-aumentos-y-bono-extra-como-quedaron-los-salarios\/#primaryimage\"},\"thumbnailUrl\":\"https:\/\/gysfm.com.ar\/inicio\/wp-content\/uploads\/2025\/02\/empleadas-domesticasjpg.jpg\",\"datePublished\":\"2026-09-03T14:14:08+00:00\",\"breadcrumb\":{\"@id\":\"https:\/\/gysfm.com.ar\/inicio\/empleadas-domesticas-tendran-cinco-aumentos-y-bono-extra-como-quedaron-los-salarios\/#breadcrumb\"},\"inLanguage\":\"es\",\"potentialAction\":[{\"@type\":\"ReadAction\",\"target\":[\"https:\/\/gysfm.com.ar\/inicio\/empleadas-domesticas-tendran-cinco-aumentos-y-bono-extra-como-quedaron-los-salarios\/\"]}]},{\"@type\":\"ImageObject\",\"inLanguage\":\"es\",\"@id\":\"https:\/\/gysfm.com.ar\/inicio\/empleadas-domesticas-tendran-cinco-aumentos-y-bono-extra-como-quedaron-los-salarios\/#primaryimage\",\"url\":\"https:\/\/gysfm.com.ar\/inicio\/wp-content\/uploads\/2025\/02\/empleadas-domesticasjpg.jpg\",\"contentUrl\":\"https:\/\/gysfm.com.ar\/inicio\/wp-content\/uploads\/2025\/02\/empleadas-domesticasjpg.jpg\",\"width\":1200,\"height\":675},{\"@type\":\"BreadcrumbList\",\"@id\":\"https:\/\/gysfm.com.ar\/inicio\/empleadas-domesticas-tendran-cinco-aumentos-y-bono-extra-como-quedaron-los-salarios\/#breadcrumb\",\"itemListElement\":[{\"@type\":\"ListItem\",\"position\":1,\"name\":\"Portada\",\"item\":\"https:\/\/gysfm.com.ar\/inicio\/\"},{\"@type\":\"ListItem\",\"position\":2,\"name\":\"Empleadas dom\u00e9sticas tendr\u00e1n cinco aumentos y bono extra: \u00bfc\u00f3mo quedaron los salarios?\"}]},{\"@type\":\"WebSite\",\"@id\":\"https:\/\/gysfm.com.ar\/inicio\/#website\",\"url\":\"https:\/\/gysfm.com.ar\/inicio\/\",\"name\":\"GYS NOTICIAS |\",\"description\":\"DIARIO - RADIO ONLINE SAN JUAN ARGENTINA\",\"publisher\":{\"@id\":\"https:\/\/gysfm.com.ar\/inicio\/#organization\"},\"potentialAction\":[{\"@type\":\"SearchAction\",\"target\":{\"@type\":\"EntryPoint\",\"urlTemplate\":\"https:\/\/gysfm.com.ar\/inicio\/?s={search_term_string}\"},\"query-input\":{\"@type\":\"PropertyValueSpecification\",\"valueRequired\":true,\"valueName\":\"search_term_string\"}}],\"inLanguage\":\"es\"},{\"@type\":\"Organization\",\"@id\":\"https:\/\/gysfm.com.ar\/inicio\/#organization\",\"name\":\"GYS NOTICIAS |\",\"url\":\"https:\/\/gysfm.com.ar\/inicio\/\",\"logo\":{\"@type\":\"ImageObject\",\"inLanguage\":\"es\",\"@id\":\"https:\/\/gysfm.com.ar\/inicio\/#\/schema\/logo\/image\/\",\"url\":\"https:\/\/gysfm.com.ar\/inicio\/wp-content\/uploads\/2023\/07\/LOGOGYS-OK.png\",\"contentUrl\":\"https:\/\/gysfm.com.ar\/inicio\/wp-content\/uploads\/2023\/07\/LOGOGYS-OK.png\",\"width\":1170,\"height\":872,\"caption\":\"GYS NOTICIAS |\"},\"image\":{\"@id\":\"https:\/\/gysfm.com.ar\/inicio\/#\/schema\/logo\/image\/\"}},{\"@type\":\"Person\",\"@id\":\"https:\/\/gysfm.com.ar\/inicio\/#\/schema\/person\/5bedd7ecd35cc35548d89effafa23696\",\"name\":\"admin\",\"image\":{\"@type\":\"ImageObject\",\"inLanguage\":\"es\",\"@id\":\"https:\/\/gysfm.com.ar\/inicio\/#\/schema\/person\/image\/\",\"url\":\"https:\/\/secure.gravatar.com\/avatar\/c331d312b5243fb64d5ba28108a447b27c925295129a363082c9ea52c28d32c2?s=96&d=mm&r=g\",\"contentUrl\":\"https:\/\/secure.gravatar.com\/avatar\/c331d312b5243fb64d5ba28108a447b27c925295129a363082c9ea52c28d32c2?s=96&d=mm&r=g\",\"caption\":\"admin\"},\"sameAs\":[\"https:\/\/gysfm.com.ar\/inicio\"],\"url\":\"https:\/\/gysfm.com.ar\/inicio\/author\/admin\/\"}]}<\/script>\n<!-- \/ Yoast SEO plugin. -->","yoast_head_json":{"title":"Empleadas dom\u00e9sticas tendr\u00e1n cinco aumentos y bono extra: \u00bfc\u00f3mo quedaron los salarios? - GYS NOTICIAS |","robots":{"index":"index","follow":"follow","max-snippet":"max-snippet:-1","max-image-preview":"max-image-preview:large","max-video-preview":"max-video-preview:-1"},"canonical":"https:\/\/gysfm.com.ar\/inicio\/empleadas-domesticas-tendran-cinco-aumentos-y-bono-extra-como-quedaron-los-salarios\/","og_locale":"es_ES","og_type":"article","og_title":"Empleadas dom\u00e9sticas tendr\u00e1n cinco aumentos y bono extra: \u00bfc\u00f3mo quedaron los salarios? - GYS NOTICIAS |","og_description":"3 de septiembre 2026 &#8211; 08:30 La Comisi\u00f3n Nacional de Trabajo en Casas Particulares estableci\u00f3 incrementos mensuales en las remuneraciones m\u00ednimas del sector, junto con una suma no remunerativa por \u00fanica vez que se pagar\u00e1 con los salarios de agosto La Comisi\u00f3n Nacional de Trabajo en Casas Particulares (CNTCP), que funciona en la \u00f3rbita del [&hellip;]","og_url":"https:\/\/gysfm.com.ar\/inicio\/empleadas-domesticas-tendran-cinco-aumentos-y-bono-extra-como-quedaron-los-salarios\/","og_site_name":"GYS NOTICIAS |","article_published_time":"2026-09-03T14:14:08+00:00","og_image":[{"url":"https:\/\/media.ambito.com\/p\/a9ed5e8b49a2c5c8a9a65d3cc522decc\/adjuntos\/239\/imagenes\/039\/151\/0039151309\/dronesjpg.jpg","type":"","width":"","height":""}],"author":"admin","twitter_card":"summary_large_image","twitter_misc":{"Escrito por":"admin","Tiempo de lectura":"2 minutos"},"schema":{"@context":"https:\/\/schema.org","@graph":[{"@type":"Article","@id":"https:\/\/gysfm.com.ar\/inicio\/empleadas-domesticas-tendran-cinco-aumentos-y-bono-extra-como-quedaron-los-salarios\/#article","isPartOf":{"@id":"https:\/\/gysfm.com.ar\/inicio\/empleadas-domesticas-tendran-cinco-aumentos-y-bono-extra-como-quedaron-los-salarios\/"},"author":{"name":"admin","@id":"https:\/\/gysfm.com.ar\/inicio\/#\/schema\/person\/5bedd7ecd35cc35548d89effafa23696"},"headline":"Empleadas dom\u00e9sticas tendr\u00e1n cinco aumentos y bono extra: \u00bfc\u00f3mo quedaron los salarios?","datePublished":"2026-09-03T14:14:08+00:00","mainEntityOfPage":{"@id":"https:\/\/gysfm.com.ar\/inicio\/empleadas-domesticas-tendran-cinco-aumentos-y-bono-extra-como-quedaron-los-salarios\/"},"wordCount":427,"publisher":{"@id":"https:\/\/gysfm.com.ar\/inicio\/#organization"},"image":{"@id":"https:\/\/gysfm.com.ar\/inicio\/empleadas-domesticas-tendran-cinco-aumentos-y-bono-extra-como-quedaron-los-salarios\/#primaryimage"},"thumbnailUrl":"https:\/\/gysfm.com.ar\/inicio\/wp-content\/uploads\/2025\/02\/empleadas-domesticasjpg.jpg","articleSection":["ECONOMIA"],"inLanguage":"es"},{"@type":"WebPage","@id":"https:\/\/gysfm.com.ar\/inicio\/empleadas-domesticas-tendran-cinco-aumentos-y-bono-extra-como-quedaron-los-salarios\/","url":"https:\/\/gysfm.com.ar\/inicio\/empleadas-domesticas-tendran-cinco-aumentos-y-bono-extra-como-quedaron-los-salarios\/","name":"Empleadas dom\u00e9sticas tendr\u00e1n cinco aumentos y bono extra: \u00bfc\u00f3mo quedaron los salarios? - GYS NOTICIAS |","isPartOf":{"@id":"https:\/\/gysfm.com.ar\/inicio\/#website"},"primaryImageOfPage":{"@id":"https:\/\/gysfm.com.ar\/inicio\/empleadas-domesticas-tendran-cinco-aumentos-y-bono-extra-como-quedaron-los-salarios\/#primaryimage"},"image":{"@id":"https:\/\/gysfm.com.ar\/inicio\/empleadas-domesticas-tendran-cinco-aumentos-y-bono-extra-como-quedaron-los-salarios\/#primaryimage"},"thumbnailUrl":"https:\/\/gysfm.com.ar\/inicio\/wp-content\/uploads\/2025\/02\/empleadas-domesticasjpg.jpg","datePublished":"2026-09-03T14:14:08+00:00","breadcrumb":{"@id":"https:\/\/gysfm.com.ar\/inicio\/empleadas-domesticas-tendran-cinco-aumentos-y-bono-extra-como-quedaron-los-salarios\/#breadcrumb"},"inLanguage":"es","potentialAction":[{"@type":"ReadAction","target":["https:\/\/gysfm.com.ar\/inicio\/empleadas-domesticas-tendran-cinco-aumentos-y-bono-extra-como-quedaron-los-salarios\/"]}]},{"@type":"ImageObject","inLanguage":"es","@id":"https:\/\/gysfm.com.ar\/inicio\/empleadas-domesticas-tendran-cinco-aumentos-y-bono-extra-como-quedaron-los-salarios\/#primaryimage","url":"https:\/\/gysfm.com.ar\/inicio\/wp-content\/uploads\/2025\/02\/empleadas-domesticasjpg.jpg","contentUrl":"https:\/\/gysfm.com.ar\/inicio\/wp-content\/uploads\/2025\/02\/empleadas-domesticasjpg.jpg","width":1200,"height":675},{"@type":"BreadcrumbList","@id":"https:\/\/gysfm.com.ar\/inicio\/empleadas-domesticas-tendran-cinco-aumentos-y-bono-extra-como-quedaron-los-salarios\/#breadcrumb","itemListElement":[{"@type":"ListItem","position":1,"name":"Portada","item":"https:\/\/gysfm.com.ar\/inicio\/"},{"@type":"ListItem","position":2,"name":"Empleadas dom\u00e9sticas tendr\u00e1n cinco aumentos y bono extra: \u00bfc\u00f3mo quedaron los salarios?"}]},{"@type":"WebSite","@id":"https:\/\/gysfm.com.ar\/inicio\/#website","url":"https:\/\/gysfm.com.ar\/inicio\/","name":"GYS NOTICIAS |","description":"DIARIO - RADIO ONLINE SAN JUAN ARGENTINA","publisher":{"@id":"https:\/\/gysfm.com.ar\/inicio\/#organization"},"potentialAction":[{"@type":"SearchAction","target":{"@type":"EntryPoint","urlTemplate":"https:\/\/gysfm.com.ar\/inicio\/?s={search_term_string}"},"query-input":{"@type":"PropertyValueSpecification","valueRequired":true,"valueName":"search_term_string"}}],"inLanguage":"es"},{"@type":"Organization","@id":"https:\/\/gysfm.com.ar\/inicio\/#organization","name":"GYS NOTICIAS |","url":"https:\/\/gysfm.com.ar\/inicio\/","logo":{"@type":"ImageObject","inLanguage":"es","@id":"https:\/\/gysfm.com.ar\/inicio\/#\/schema\/logo\/image\/","url":"https:\/\/gysfm.com.ar\/inicio\/wp-content\/uploads\/2023\/07\/LOGOGYS-OK.png","contentUrl":"https:\/\/gysfm.com.ar\/inicio\/wp-content\/uploads\/2023\/07\/LOGOGYS-OK.png","width":1170,"height":872,"caption":"GYS NOTICIAS |"},"image":{"@id":"https:\/\/gysfm.com.ar\/inicio\/#\/schema\/logo\/image\/"}},{"@type":"Person","@id":"https:\/\/gysfm.com.ar\/inicio\/#\/schema\/person\/5bedd7ecd35cc35548d89effafa23696","name":"admin","image":{"@type":"ImageObject","inLanguage":"es","@id":"https:\/\/gysfm.com.ar\/inicio\/#\/schema\/person\/image\/","url":"https:\/\/secure.gravatar.com\/avatar\/c331d312b5243fb64d5ba28108a447b27c925295129a363082c9ea52c28d32c2?s=96&d=mm&r=g","contentUrl":"https:\/\/secure.gravatar.com\/avatar\/c331d312b5243fb64d5ba28108a447b27c925295129a363082c9ea52c28d32c2?s=96&d=mm&r=g","caption":"admin"},"sameAs":["https:\/\/gysfm.com.ar\/inicio"],"url":"https:\/\/gysfm.com.ar\/inicio\/author\/admin\/"}]}},"_links":{"self":[{"href":"https:\/\/gysfm.com.ar\/inicio\/wp-json\/wp\/v2\/posts\/210296","targetHints":{"allow":["GET"]}}],"collection":[{"href":"https:\/\/gysfm.com.ar\/inicio\/wp-json\/wp\/v2\/posts"}],"about":[{"href":"https:\/\/gysfm.com.ar\/inicio\/wp-json\/wp\/v2\/types\/post"}],"author":[{"embeddable":true,"href":"https:\/\/gysfm.com.ar\/inicio\/wp-json\/wp\/v2\/users\/1"}],"replies":[{"embeddable":true,"href":"https:\/\/gysfm.com.ar\/inicio\/wp-json\/wp\/v2\/comments?post=210296"}],"version-history":[{"count":0,"href":"https:\/\/gysfm.com.ar\/inicio\/wp-json\/wp\/v2\/posts\/210296\/revisions"}],"wp:featuredmedia":[{"embeddable":true,"href":"https:\/\/gysfm.com.ar\/inicio\/wp-json\/wp\/v2\/media\/93522"}],"wp:attachment":[{"href":"https:\/\/gysfm.com.ar\/inicio\/wp-json\/wp\/v2\/media?parent=210296"}],"wp:term":[{"taxonomy":"category","embeddable":true,"href":"https:\/\/gysfm.com.ar\/inicio\/wp-json\/wp\/v2\/categories?post=210296"},{"taxonomy":"post_tag","embeddable":true,"href":"https:\/\/gysfm.com.ar\/inicio\/wp-json\/wp\/v2\/tags?post=210296"}],"curies":[{"name":"wp","href":"https:\/\/api.w.org\/{rel}","templated":true}]}}