{"id":210291,"date":"2026-09-03T10:12:09","date_gmt":"2026-09-03T13:12:09","guid":{"rendered":"https:\/\/gysfm.com.ar\/inicio\/donald-trump-puso-en-vigor-una-alicuota-de-100-para-los-drones\/"},"modified":"2026-09-03T10:12:09","modified_gmt":"2026-09-03T13:12:09","slug":"donald-trump-puso-en-vigor-una-alicuota-de-100-para-los-drones","status":"publish","type":"post","link":"https:\/\/gysfm.com.ar\/inicio\/donald-trump-puso-en-vigor-una-alicuota-de-100-para-los-drones\/","title":{"rendered":"Donald Trump puso en vigor una al\u00edcuota de 100% para los drones"},"content":{"rendered":"<p> <br \/>\n<\/p>\n<div>\t\t<!-- { REGION4 --> <\/p>\n<header class=\"news-headline\">\n<div class=\"news-headline__topics-and-date-wrapper\">    <span class=\"news-headline__publication-date\"> 3 de septiembre 2026 &#8211; 09:27<br \/>\n            <\/span><\/div>\n<h2 class=\"news-headline__article-summary\"\/>\n<p id=\"p-1788436655771-67165\" class=\"ignore-parser\"> La medida responde a una orden firmada por Donald Trump en agosto, alertando sobre la amenaza de ciberespionaje, bloqueos en el suministro y desventajas t\u00e1cticas. As\u00ed, EEUU alentar\u00e1 m\u00e1s la producci\u00f3n local de drones.<\/p>\n<\/header>\n<article class=\"article-body article-body--first-paragraph\" data-td-script-src=\"https:\/\/www.ambito.com\/td\/modulos\/encuestas\/js\/function-embeds-min-version-1788322023.js\">\n<p id=\"p-1788434250386-63386\">Los<strong> nuevos aranceles de Estados Unidos de hasta el 100% sobre drones y componentes espec\u00edficos entraron en vigencia este jueves.<\/strong> La iniciativa tiene como objetivo de la administraci\u00f3n estadounidense <strong>fortalecer la producci\u00f3n local y romper con la dependencia del mercado chino<\/strong>.<\/p>\n<\/article>\n<section class=\"suscription-false printed-edition\" style=\"display:none\">\n<p> El contenido al que quiere acceder es exclusivo para suscriptores.<\/p>\n<p>  <span> <button type=\"button\" name=\"button\" class=\"subscribe-btn mercadopago-btn\">suscribirse<\/button><\/span>  <span class=\"btns\"><button type=\"button\" name=\"button\" class=\"subscribe-btn reload-login\"> ya estoy suscripto<\/button><\/span>  <\/p>\n<\/section>\n<article class=\"article-body article-body--second-paragraph\">\n<p id=\"p-1788434771249-46228\">Los aranceles responden a la orden ejecutiva firmada en agosto por Donald Trump, luego de que la Casa Blanca alertara de <strong>\u00abla amenaza para la seguridad nacional que supone la importaci\u00f3n de drones y sus componentes\u00bb.<\/strong><\/p>\n<\/article>\n<section class=\"related-news\"><span class=\"related-news__title\"> Informate m\u00e1s<\/span>\t\t<\/p>\n<div class=\"row row--eq-height\">\n<div class=\"col-12 col-md-6\">\n<article class=\"news-article news-article--landscape-news news-article--landscape-news\">\n<figure class=\"news-article__figure figure\">\n\t\t\t\t\t\t\t\t\t\t\t<img src=\"https:\/\/media.ambito.com\/p\/d687c8921fea463be88a4e4a1200f868\/adjuntos\/239\/imagenes\/043\/598\/0043598320\/trump-canada.jpg\" decoding=\"async\" fetchpriority=\"low\" loading=\"lazy\" alt=\"Canad\u00e1 responde: Impone aranceles a productos de EE.UU. por u$s20.000 millones en represalia.\" title=\"Canad\u00e1 responde: Impone aranceles a productos de EE.UU. por u$s20.000 millones en represalia.\" width=\"93\" height=\"52\" class=\"news-article__figure-img figure-img img-fluid\"\/>\t\t<\/figure>\n<\/article><\/div>\n<div class=\"col-12 col-md-6\">\n<article class=\"news-article news-article--landscape-news news-article--landscape-news\">\n<figure class=\"news-article__figure figure\">\n\t\t\t\t\t\t\t\t\t\t\t<img src=\"https:\/\/media.ambito.com\/p\/fbe88daeae7c8d900a5eccd6884f5dc6\/adjuntos\/239\/imagenes\/042\/508\/0042508440\/donald-trump-xi-jinping-estados-unidos-chinajpg.jpg\" decoding=\"async\" fetchpriority=\"low\" loading=\"lazy\" alt=\"Donald Trump eval\u00faa un nuevo arancel para China.\" title=\"Donald Trump eval\u00faa un nuevo arancel para China.\" width=\"93\" height=\"52\" class=\"news-article__figure-img figure-img img-fluid\"\/>\t\t<\/figure>\n<\/article><\/div>\n<\/div>\n<\/section>\n<article class=\"article-body article-body--third-paragraph\">\n<p id=\"p-1788434919720-12809\"> De esta manera, la nueva medida tambi\u00e9n pretende reforzar las cadenas de suministro nacionales.<\/p>\n<\/article>\n<article class=\"article-body article-body--fourth-paragraph\">\n<div contenteditable=\"false\" class=\"embed_cont type_imagen\" id=\"8103873-Libre-1163121599_wrap\">\n<div id=\"8103873-Libre-1163121599_content\" class=\"embed_content\"><img src=\"https:\/\/media.ambito.com\/p\/0d3c0ebca449f6598110837349f00fbe\/adjuntos\/239\/imagenes\/042\/611\/0042611023\/ucrania-drones.jpg?2025-07-23-09-03-13\" decoding=\"async\" fetchpriority=\"high\" loading=\"eager\" crossorigin=\"anonymous\" alt=\"Los drones se convirtieron en una pieza clave de la guerra y la vigilancia moderna, tal como lo evidencia el conflicto en Ucrania.\" title=\"Los drones se convirtieron en una pieza clave de la guerra y la vigilancia moderna, tal como lo evidencia el conflicto en Ucrania.\" width=\"690\" height=\"460\" id=\"8103873-Libre-1163121599_embed\"\/><\/div>\n<div class=\"embed_wrapper-cont\" id=\"p-1788436934598-60144\">\n<div id=\"8103873-Libre-1163121599_epigrafe\" class=\"embed_epigrafe\">\n<p id=\"p-1788436964420-46881\">Los drones se convirtieron en una pieza clave de la guerra y la vigilancia moderna, tal como lo evidencia el conflicto en Ucrania.<\/p>\n<\/div>\n<p>AP<\/p>\n<\/div><\/div>\n<h2 id=\"p-1788434944326-6702\">El detalle<\/h2>\n<p id=\"p-1788435307457-76790\" data-path-to-node=\"4,0\">Cabe precisar que<strong> los drones se convirtieron en una pieza clave de la guerra y la vigilancia moderna<\/strong>, tal como lo evidencia el conflicto en Ucrania. En ese contexto, Washington <strong>encendi\u00f3 las alarmas ante la dependencia de equipos y componentes fabricados en China <\/strong>(encabezados por la firma l\u00edder del sector, DJI), al advertir que esta situaci\u00f3n genera una vulnerabilidad cr\u00edtica que expone a sus Fuerzas Armadas e infraestructuras estrat\u00e9gicas <strong>a riesgos de ciberespionaje, bloqueos en el suministro y desventajas t\u00e1cticas.<\/strong><\/p>\n<\/article>\n<article class=\"article-body article-body--fifth-paragraph\">\n<p id=\"p-1788435374890-7651\" data-path-to-node=\"4,0\"> Los <strong>drones con un peso al despegue superior a 25 kilogramos<\/strong>, as\u00ed como aquellos con capacidades de imagen t\u00e9rmica y estaciones de acoplamiento, estar\u00e1n sujetos a un arancel del 100%. Los <strong>drones m\u00e1s peque\u00f1os tendr\u00e1n un arancel del 25%<\/strong>.<\/p>\n<\/article>\n<article class=\"article-body article-body--remaining-paragraph\">\n<p id=\"p-1788435523820-73078\" data-path-to-node=\"4,0\">Determinados componentes de drones que no son considerados de alta sensibilidad tambi\u00e9n quedar\u00e1n alcanzados por la medida, aunque la aplicaci\u00f3n de estos grav\u00e1menes diferidos se postergar\u00e1 hasta el 9 de febrero de 2027.<\/p>\n<div contenteditable=\"false\" class=\"embed_cont type_imagen\" id=\"8203847-Libre-409276865_wrap\">\n<div id=\"8203847-Libre-409276865_content\" class=\"embed_content\"><img src=\"https:\/\/media.ambito.com\/p\/282a29e30355fa18f6b8b458672a99f5\/adjuntos\/239\/imagenes\/043\/259\/0043259771\/trump-y-xi.jpg?2026-03-26-09-25-50\" decoding=\"async\" fetchpriority=\"low\" loading=\"lazy\" alt=\"Pek\u00edn rechaz\u00f3 los aranceles, advirtiendo que alterar\u00e1n la cadena de suministro global y el mercado.\" title=\"Pek\u00edn rechaz\u00f3 los aranceles, advirtiendo que alterar\u00e1n la cadena de suministro global y el mercado.\" width=\"690\" height=\"460\" id=\"8203847-Libre-409276865_embed\"\/><\/div>\n<div class=\"embed_wrapper-cont\" id=\"p-1788436986550-87214\">\n<div id=\"8203847-Libre-409276865_epigrafe\" class=\"embed_epigrafe\">\n<p id=\"p-1788436986550-21572\">Pek\u00edn rechaz\u00f3 los aranceles, advirtiendo que alterar\u00e1n la cadena de suministro global y el mercado.<\/p>\n<\/div><\/div><\/div>\n<h2 id=\"p-1788435545455-47931\">La postura china<\/h2>\n<p id=\"p-1788435549016-77402\">La <strong>respuesta del gobierno chino no se hizo esperar tras el anuncio de Donald Trump<\/strong>. Desde Pek\u00edn rechazaron enf\u00e1ticamente el nuevo esquema arancelario, e <strong>inst\u00f3 a Washington a dar marcha atr\u00e1s con la medida.<\/strong><\/p>\n<p id=\"p-1788435711218-79758\" class=\"\">El portavoz del Ministerio de Comercio subray\u00f3 que que China se opon\u00eda firmemente a la medida, y se\u00f1al\u00f3 que los aranceles \u00abperturbar\u00e1n la cadena de suministro mundial de drones y socavar\u00e1n a\u00fan m\u00e1s un entorno de mercado justo y competitivo\u00bb.<\/p>\n<p id=\"p-1788435816441-83626\" class=\"\">Un dato de color interesante: <strong>la firma china DJI, fundada en 2006, concentra m\u00e1s de dos tercios del mercado mundial de drones comerciales,<\/strong> de acuerdo con diversos an\u00e1lisis del sector.<\/p>\n<\/article>\n<p>\t\t<!-- REGION4 } --><\/div>\n<p><script>\n!function(f,b,e,v,n,t,s)\n{if(f.fbq)return;n=f.fbq=function(){n.callMethod?\nn.callMethod.apply(n,arguments):n.queue.push(arguments)};\nif(!f._fbq)f._fbq=n;n.push=n;n.loaded=!0;n.version='2.0';\nn.queue=[];t=b.createElement(e);t.async=!0;\nt.src=v;s=b.getElementsByTagName(e)[0];\ns.parentNode.insertBefore(t,s)}(window,document,'script',\n'https:\/\/connect.facebook.net\/en_US\/fbevents.js');\nfbq('init', '2047048335588113');\nfbq('track', 'PageView');\n<\/script><br \/>\n<br \/><\/p>\n","protected":false},"excerpt":{"rendered":"<p>3 de septiembre 2026 &#8211; 09:27 La medida responde a una orden firmada por Donald Trump en agosto, alertando sobre la amenaza de ciberespionaje, bloqueos en el suministro y desventajas t\u00e1cticas. As\u00ed, EEUU alentar\u00e1 m\u00e1s la producci\u00f3n local de drones. Los nuevos aranceles de Estados Unidos de hasta el 100% sobre drones y componentes espec\u00edficos [&hellip;]<\/p>\n","protected":false},"author":1,"featured_media":210292,"comment_status":"closed","ping_status":"closed","sticky":false,"template":"","format":"standard","meta":{"footnotes":""},"categories":[28],"tags":[],"class_list":["post-210291","post","type-post","status-publish","format-standard","has-post-thumbnail","hentry","category-economia"],"yoast_head":"<!-- This site is optimized with the Yoast SEO plugin v24.4 - https:\/\/yoast.com\/wordpress\/plugins\/seo\/ -->\n<title>Donald Trump puso en vigor una al\u00edcuota de 100% para los drones - GYS NOTICIAS |<\/title>\n<meta name=\"robots\" content=\"index, follow, max-snippet:-1, max-image-preview:large, max-video-preview:-1\" \/>\n<link rel=\"canonical\" href=\"https:\/\/gysfm.com.ar\/inicio\/donald-trump-puso-en-vigor-una-alicuota-de-100-para-los-drones\/\" \/>\n<meta property=\"og:locale\" content=\"es_ES\" \/>\n<meta property=\"og:type\" content=\"article\" \/>\n<meta property=\"og:title\" content=\"Donald Trump puso en vigor una al\u00edcuota de 100% para los drones - GYS NOTICIAS |\" \/>\n<meta property=\"og:description\" content=\"3 de septiembre 2026 &#8211; 09:27 La medida responde a una orden firmada por Donald Trump en agosto, alertando sobre la amenaza de ciberespionaje, bloqueos en el suministro y desventajas t\u00e1cticas. As\u00ed, EEUU alentar\u00e1 m\u00e1s la producci\u00f3n local de drones. Los nuevos aranceles de Estados Unidos de hasta el 100% sobre drones y componentes espec\u00edficos [&hellip;]\" \/>\n<meta property=\"og:url\" content=\"https:\/\/gysfm.com.ar\/inicio\/donald-trump-puso-en-vigor-una-alicuota-de-100-para-los-drones\/\" \/>\n<meta property=\"og:site_name\" content=\"GYS NOTICIAS |\" \/>\n<meta property=\"article:published_time\" content=\"2026-09-03T13:12:09+00:00\" \/>\n<meta property=\"og:image\" content=\"https:\/\/media.ambito.com\/p\/d687c8921fea463be88a4e4a1200f868\/adjuntos\/239\/imagenes\/043\/598\/0043598320\/trump-canada.jpg\" \/>\n<meta name=\"author\" content=\"admin\" \/>\n<meta name=\"twitter:card\" content=\"summary_large_image\" \/>\n<meta name=\"twitter:label1\" content=\"Escrito por\" \/>\n\t<meta name=\"twitter:data1\" content=\"admin\" \/>\n\t<meta name=\"twitter:label2\" content=\"Tiempo de lectura\" \/>\n\t<meta name=\"twitter:data2\" content=\"2 minutos\" \/>\n<script type=\"application\/ld+json\" class=\"yoast-schema-graph\">{\"@context\":\"https:\/\/schema.org\",\"@graph\":[{\"@type\":\"Article\",\"@id\":\"https:\/\/gysfm.com.ar\/inicio\/donald-trump-puso-en-vigor-una-alicuota-de-100-para-los-drones\/#article\",\"isPartOf\":{\"@id\":\"https:\/\/gysfm.com.ar\/inicio\/donald-trump-puso-en-vigor-una-alicuota-de-100-para-los-drones\/\"},\"author\":{\"name\":\"admin\",\"@id\":\"https:\/\/gysfm.com.ar\/inicio\/#\/schema\/person\/5bedd7ecd35cc35548d89effafa23696\"},\"headline\":\"Donald Trump puso en vigor una al\u00edcuota de 100% para los drones\",\"datePublished\":\"2026-09-03T13:12:09+00:00\",\"mainEntityOfPage\":{\"@id\":\"https:\/\/gysfm.com.ar\/inicio\/donald-trump-puso-en-vigor-una-alicuota-de-100-para-los-drones\/\"},\"wordCount\":487,\"publisher\":{\"@id\":\"https:\/\/gysfm.com.ar\/inicio\/#organization\"},\"image\":{\"@id\":\"https:\/\/gysfm.com.ar\/inicio\/donald-trump-puso-en-vigor-una-alicuota-de-100-para-los-drones\/#primaryimage\"},\"thumbnailUrl\":\"https:\/\/gysfm.com.ar\/inicio\/wp-content\/uploads\/2026\/09\/dronesjpg.jpg\",\"articleSection\":[\"ECONOMIA\"],\"inLanguage\":\"es\"},{\"@type\":\"WebPage\",\"@id\":\"https:\/\/gysfm.com.ar\/inicio\/donald-trump-puso-en-vigor-una-alicuota-de-100-para-los-drones\/\",\"url\":\"https:\/\/gysfm.com.ar\/inicio\/donald-trump-puso-en-vigor-una-alicuota-de-100-para-los-drones\/\",\"name\":\"Donald Trump puso en vigor una al\u00edcuota de 100% para los drones - GYS NOTICIAS |\",\"isPartOf\":{\"@id\":\"https:\/\/gysfm.com.ar\/inicio\/#website\"},\"primaryImageOfPage\":{\"@id\":\"https:\/\/gysfm.com.ar\/inicio\/donald-trump-puso-en-vigor-una-alicuota-de-100-para-los-drones\/#primaryimage\"},\"image\":{\"@id\":\"https:\/\/gysfm.com.ar\/inicio\/donald-trump-puso-en-vigor-una-alicuota-de-100-para-los-drones\/#primaryimage\"},\"thumbnailUrl\":\"https:\/\/gysfm.com.ar\/inicio\/wp-content\/uploads\/2026\/09\/dronesjpg.jpg\",\"datePublished\":\"2026-09-03T13:12:09+00:00\",\"breadcrumb\":{\"@id\":\"https:\/\/gysfm.com.ar\/inicio\/donald-trump-puso-en-vigor-una-alicuota-de-100-para-los-drones\/#breadcrumb\"},\"inLanguage\":\"es\",\"potentialAction\":[{\"@type\":\"ReadAction\",\"target\":[\"https:\/\/gysfm.com.ar\/inicio\/donald-trump-puso-en-vigor-una-alicuota-de-100-para-los-drones\/\"]}]},{\"@type\":\"ImageObject\",\"inLanguage\":\"es\",\"@id\":\"https:\/\/gysfm.com.ar\/inicio\/donald-trump-puso-en-vigor-una-alicuota-de-100-para-los-drones\/#primaryimage\",\"url\":\"https:\/\/gysfm.com.ar\/inicio\/wp-content\/uploads\/2026\/09\/dronesjpg.jpg\",\"contentUrl\":\"https:\/\/gysfm.com.ar\/inicio\/wp-content\/uploads\/2026\/09\/dronesjpg.jpg\",\"width\":1200,\"height\":675},{\"@type\":\"BreadcrumbList\",\"@id\":\"https:\/\/gysfm.com.ar\/inicio\/donald-trump-puso-en-vigor-una-alicuota-de-100-para-los-drones\/#breadcrumb\",\"itemListElement\":[{\"@type\":\"ListItem\",\"position\":1,\"name\":\"Portada\",\"item\":\"https:\/\/gysfm.com.ar\/inicio\/\"},{\"@type\":\"ListItem\",\"position\":2,\"name\":\"Donald Trump puso en vigor una al\u00edcuota de 100% para los drones\"}]},{\"@type\":\"WebSite\",\"@id\":\"https:\/\/gysfm.com.ar\/inicio\/#website\",\"url\":\"https:\/\/gysfm.com.ar\/inicio\/\",\"name\":\"GYS NOTICIAS |\",\"description\":\"DIARIO - RADIO ONLINE SAN JUAN ARGENTINA\",\"publisher\":{\"@id\":\"https:\/\/gysfm.com.ar\/inicio\/#organization\"},\"potentialAction\":[{\"@type\":\"SearchAction\",\"target\":{\"@type\":\"EntryPoint\",\"urlTemplate\":\"https:\/\/gysfm.com.ar\/inicio\/?s={search_term_string}\"},\"query-input\":{\"@type\":\"PropertyValueSpecification\",\"valueRequired\":true,\"valueName\":\"search_term_string\"}}],\"inLanguage\":\"es\"},{\"@type\":\"Organization\",\"@id\":\"https:\/\/gysfm.com.ar\/inicio\/#organization\",\"name\":\"GYS NOTICIAS |\",\"url\":\"https:\/\/gysfm.com.ar\/inicio\/\",\"logo\":{\"@type\":\"ImageObject\",\"inLanguage\":\"es\",\"@id\":\"https:\/\/gysfm.com.ar\/inicio\/#\/schema\/logo\/image\/\",\"url\":\"https:\/\/gysfm.com.ar\/inicio\/wp-content\/uploads\/2023\/07\/LOGOGYS-OK.png\",\"contentUrl\":\"https:\/\/gysfm.com.ar\/inicio\/wp-content\/uploads\/2023\/07\/LOGOGYS-OK.png\",\"width\":1170,\"height\":872,\"caption\":\"GYS NOTICIAS |\"},\"image\":{\"@id\":\"https:\/\/gysfm.com.ar\/inicio\/#\/schema\/logo\/image\/\"}},{\"@type\":\"Person\",\"@id\":\"https:\/\/gysfm.com.ar\/inicio\/#\/schema\/person\/5bedd7ecd35cc35548d89effafa23696\",\"name\":\"admin\",\"image\":{\"@type\":\"ImageObject\",\"inLanguage\":\"es\",\"@id\":\"https:\/\/gysfm.com.ar\/inicio\/#\/schema\/person\/image\/\",\"url\":\"https:\/\/secure.gravatar.com\/avatar\/c331d312b5243fb64d5ba28108a447b27c925295129a363082c9ea52c28d32c2?s=96&d=mm&r=g\",\"contentUrl\":\"https:\/\/secure.gravatar.com\/avatar\/c331d312b5243fb64d5ba28108a447b27c925295129a363082c9ea52c28d32c2?s=96&d=mm&r=g\",\"caption\":\"admin\"},\"sameAs\":[\"https:\/\/gysfm.com.ar\/inicio\"],\"url\":\"https:\/\/gysfm.com.ar\/inicio\/author\/admin\/\"}]}<\/script>\n<!-- \/ Yoast SEO plugin. -->","yoast_head_json":{"title":"Donald Trump puso en vigor una al\u00edcuota de 100% para los drones - GYS NOTICIAS |","robots":{"index":"index","follow":"follow","max-snippet":"max-snippet:-1","max-image-preview":"max-image-preview:large","max-video-preview":"max-video-preview:-1"},"canonical":"https:\/\/gysfm.com.ar\/inicio\/donald-trump-puso-en-vigor-una-alicuota-de-100-para-los-drones\/","og_locale":"es_ES","og_type":"article","og_title":"Donald Trump puso en vigor una al\u00edcuota de 100% para los drones - GYS NOTICIAS |","og_description":"3 de septiembre 2026 &#8211; 09:27 La medida responde a una orden firmada por Donald Trump en agosto, alertando sobre la amenaza de ciberespionaje, bloqueos en el suministro y desventajas t\u00e1cticas. As\u00ed, EEUU alentar\u00e1 m\u00e1s la producci\u00f3n local de drones. Los nuevos aranceles de Estados Unidos de hasta el 100% sobre drones y componentes espec\u00edficos [&hellip;]","og_url":"https:\/\/gysfm.com.ar\/inicio\/donald-trump-puso-en-vigor-una-alicuota-de-100-para-los-drones\/","og_site_name":"GYS NOTICIAS |","article_published_time":"2026-09-03T13:12:09+00:00","og_image":[{"url":"https:\/\/media.ambito.com\/p\/d687c8921fea463be88a4e4a1200f868\/adjuntos\/239\/imagenes\/043\/598\/0043598320\/trump-canada.jpg","type":"","width":"","height":""}],"author":"admin","twitter_card":"summary_large_image","twitter_misc":{"Escrito por":"admin","Tiempo de lectura":"2 minutos"},"schema":{"@context":"https:\/\/schema.org","@graph":[{"@type":"Article","@id":"https:\/\/gysfm.com.ar\/inicio\/donald-trump-puso-en-vigor-una-alicuota-de-100-para-los-drones\/#article","isPartOf":{"@id":"https:\/\/gysfm.com.ar\/inicio\/donald-trump-puso-en-vigor-una-alicuota-de-100-para-los-drones\/"},"author":{"name":"admin","@id":"https:\/\/gysfm.com.ar\/inicio\/#\/schema\/person\/5bedd7ecd35cc35548d89effafa23696"},"headline":"Donald Trump puso en vigor una al\u00edcuota de 100% para los drones","datePublished":"2026-09-03T13:12:09+00:00","mainEntityOfPage":{"@id":"https:\/\/gysfm.com.ar\/inicio\/donald-trump-puso-en-vigor-una-alicuota-de-100-para-los-drones\/"},"wordCount":487,"publisher":{"@id":"https:\/\/gysfm.com.ar\/inicio\/#organization"},"image":{"@id":"https:\/\/gysfm.com.ar\/inicio\/donald-trump-puso-en-vigor-una-alicuota-de-100-para-los-drones\/#primaryimage"},"thumbnailUrl":"https:\/\/gysfm.com.ar\/inicio\/wp-content\/uploads\/2026\/09\/dronesjpg.jpg","articleSection":["ECONOMIA"],"inLanguage":"es"},{"@type":"WebPage","@id":"https:\/\/gysfm.com.ar\/inicio\/donald-trump-puso-en-vigor-una-alicuota-de-100-para-los-drones\/","url":"https:\/\/gysfm.com.ar\/inicio\/donald-trump-puso-en-vigor-una-alicuota-de-100-para-los-drones\/","name":"Donald Trump puso en vigor una al\u00edcuota de 100% para los drones - GYS NOTICIAS |","isPartOf":{"@id":"https:\/\/gysfm.com.ar\/inicio\/#website"},"primaryImageOfPage":{"@id":"https:\/\/gysfm.com.ar\/inicio\/donald-trump-puso-en-vigor-una-alicuota-de-100-para-los-drones\/#primaryimage"},"image":{"@id":"https:\/\/gysfm.com.ar\/inicio\/donald-trump-puso-en-vigor-una-alicuota-de-100-para-los-drones\/#primaryimage"},"thumbnailUrl":"https:\/\/gysfm.com.ar\/inicio\/wp-content\/uploads\/2026\/09\/dronesjpg.jpg","datePublished":"2026-09-03T13:12:09+00:00","breadcrumb":{"@id":"https:\/\/gysfm.com.ar\/inicio\/donald-trump-puso-en-vigor-una-alicuota-de-100-para-los-drones\/#breadcrumb"},"inLanguage":"es","potentialAction":[{"@type":"ReadAction","target":["https:\/\/gysfm.com.ar\/inicio\/donald-trump-puso-en-vigor-una-alicuota-de-100-para-los-drones\/"]}]},{"@type":"ImageObject","inLanguage":"es","@id":"https:\/\/gysfm.com.ar\/inicio\/donald-trump-puso-en-vigor-una-alicuota-de-100-para-los-drones\/#primaryimage","url":"https:\/\/gysfm.com.ar\/inicio\/wp-content\/uploads\/2026\/09\/dronesjpg.jpg","contentUrl":"https:\/\/gysfm.com.ar\/inicio\/wp-content\/uploads\/2026\/09\/dronesjpg.jpg","width":1200,"height":675},{"@type":"BreadcrumbList","@id":"https:\/\/gysfm.com.ar\/inicio\/donald-trump-puso-en-vigor-una-alicuota-de-100-para-los-drones\/#breadcrumb","itemListElement":[{"@type":"ListItem","position":1,"name":"Portada","item":"https:\/\/gysfm.com.ar\/inicio\/"},{"@type":"ListItem","position":2,"name":"Donald Trump puso en vigor una al\u00edcuota de 100% para los drones"}]},{"@type":"WebSite","@id":"https:\/\/gysfm.com.ar\/inicio\/#website","url":"https:\/\/gysfm.com.ar\/inicio\/","name":"GYS NOTICIAS |","description":"DIARIO - RADIO ONLINE SAN JUAN ARGENTINA","publisher":{"@id":"https:\/\/gysfm.com.ar\/inicio\/#organization"},"potentialAction":[{"@type":"SearchAction","target":{"@type":"EntryPoint","urlTemplate":"https:\/\/gysfm.com.ar\/inicio\/?s={search_term_string}"},"query-input":{"@type":"PropertyValueSpecification","valueRequired":true,"valueName":"search_term_string"}}],"inLanguage":"es"},{"@type":"Organization","@id":"https:\/\/gysfm.com.ar\/inicio\/#organization","name":"GYS NOTICIAS |","url":"https:\/\/gysfm.com.ar\/inicio\/","logo":{"@type":"ImageObject","inLanguage":"es","@id":"https:\/\/gysfm.com.ar\/inicio\/#\/schema\/logo\/image\/","url":"https:\/\/gysfm.com.ar\/inicio\/wp-content\/uploads\/2023\/07\/LOGOGYS-OK.png","contentUrl":"https:\/\/gysfm.com.ar\/inicio\/wp-content\/uploads\/2023\/07\/LOGOGYS-OK.png","width":1170,"height":872,"caption":"GYS NOTICIAS |"},"image":{"@id":"https:\/\/gysfm.com.ar\/inicio\/#\/schema\/logo\/image\/"}},{"@type":"Person","@id":"https:\/\/gysfm.com.ar\/inicio\/#\/schema\/person\/5bedd7ecd35cc35548d89effafa23696","name":"admin","image":{"@type":"ImageObject","inLanguage":"es","@id":"https:\/\/gysfm.com.ar\/inicio\/#\/schema\/person\/image\/","url":"https:\/\/secure.gravatar.com\/avatar\/c331d312b5243fb64d5ba28108a447b27c925295129a363082c9ea52c28d32c2?s=96&d=mm&r=g","contentUrl":"https:\/\/secure.gravatar.com\/avatar\/c331d312b5243fb64d5ba28108a447b27c925295129a363082c9ea52c28d32c2?s=96&d=mm&r=g","caption":"admin"},"sameAs":["https:\/\/gysfm.com.ar\/inicio"],"url":"https:\/\/gysfm.com.ar\/inicio\/author\/admin\/"}]}},"_links":{"self":[{"href":"https:\/\/gysfm.com.ar\/inicio\/wp-json\/wp\/v2\/posts\/210291","targetHints":{"allow":["GET"]}}],"collection":[{"href":"https:\/\/gysfm.com.ar\/inicio\/wp-json\/wp\/v2\/posts"}],"about":[{"href":"https:\/\/gysfm.com.ar\/inicio\/wp-json\/wp\/v2\/types\/post"}],"author":[{"embeddable":true,"href":"https:\/\/gysfm.com.ar\/inicio\/wp-json\/wp\/v2\/users\/1"}],"replies":[{"embeddable":true,"href":"https:\/\/gysfm.com.ar\/inicio\/wp-json\/wp\/v2\/comments?post=210291"}],"version-history":[{"count":0,"href":"https:\/\/gysfm.com.ar\/inicio\/wp-json\/wp\/v2\/posts\/210291\/revisions"}],"wp:featuredmedia":[{"embeddable":true,"href":"https:\/\/gysfm.com.ar\/inicio\/wp-json\/wp\/v2\/media\/210292"}],"wp:attachment":[{"href":"https:\/\/gysfm.com.ar\/inicio\/wp-json\/wp\/v2\/media?parent=210291"}],"wp:term":[{"taxonomy":"category","embeddable":true,"href":"https:\/\/gysfm.com.ar\/inicio\/wp-json\/wp\/v2\/categories?post=210291"},{"taxonomy":"post_tag","embeddable":true,"href":"https:\/\/gysfm.com.ar\/inicio\/wp-json\/wp\/v2\/tags?post=210291"}],"curies":[{"name":"wp","href":"https:\/\/api.w.org\/{rel}","templated":true}]}}