{"id":210271,"date":"2026-09-03T06:04:05","date_gmt":"2026-09-03T09:04:05","guid":{"rendered":"https:\/\/gysfm.com.ar\/inicio\/la-mayoria-de-empresarios-cree-que-tiene-que-haber-un-cambio-de-modelo-por-mas-que-sea-dificil\/"},"modified":"2026-09-03T06:04:05","modified_gmt":"2026-09-03T09:04:05","slug":"la-mayoria-de-empresarios-cree-que-tiene-que-haber-un-cambio-de-modelo-por-mas-que-sea-dificil","status":"publish","type":"post","link":"https:\/\/gysfm.com.ar\/inicio\/la-mayoria-de-empresarios-cree-que-tiene-que-haber-un-cambio-de-modelo-por-mas-que-sea-dificil\/","title":{"rendered":"La mayor\u00eda de empresarios cree que tiene que haber un cambio de modelo, por m\u00e1s que sea dif\u00edcil"},"content":{"rendered":"<p> <br \/>\n<\/p>\n<div id=\"\">\n<p id=\"p-1788405887750-65465\" class=\"\" data-start=\"0\" data-end=\"504\">El ministro de Econom\u00eda, <strong data-start=\"25\" data-end=\"40\">Luis Caputo<\/strong>, asegur\u00f3 este mi\u00e9rcoles que <strong data-start=\"54\" data-end=\"293\">\u00abla mayor\u00eda de los empresarios entiende que tiene que haber un cambio de modelo m\u00e1s all\u00e1 de que sea dif\u00edcil\u00bb<\/strong>. La menci\u00f3n lleg\u00f3 en respuesta al vicepresidente de la <strong data-start=\"349\" data-end=\"385\">Uni\u00f3n Industrial Argentina (UIA)<\/strong>, <strong data-start=\"387\" data-end=\"408\">Guillermo Moretti<\/strong>, quien lo hab\u00eda criticado por no entender la l\u00f3gica de la actividad y lo <strong data-start=\"482\" data-end=\"503\">tild\u00f3 de \u00abtrader\u00bb<\/strong>.<\/p>\n<\/div>\n<div id=\"\">\n<p id=\"p-1788405887750-57516\" data-start=\"506\" data-end=\"764\">En la previa del <strong data-start=\"523\" data-end=\"546\">D\u00eda de la Industria<\/strong>, Moretti hab\u00eda se\u00f1alado: <strong data-start=\"564\" data-end=\"763\">\u00abEsta gente no conoce el pa\u00eds y no conoce lo que es la industria, no tiene idea. Estamos manejados por Rivadavia II. Estamos manejados por un endeudador, un trader que no sabe lo que es un torno\u00bb<\/strong>.<\/p>\n<\/div>\n<div id=\"\">\n<p id=\"p-1788405887750-50948\" data-start=\"766\" data-end=\"1226\"> \u00abAl contrario de lo que dijo esta persona, con el equipo econ\u00f3mico tenemos reuniones con diferentes sectores de la industria y debo decir que la reacci\u00f3n de la mayor\u00eda de los empresarios no es lo que dijo esta persona. <strong data-start=\"985\" data-end=\"1179\">La mayor\u00eda de los empresarios entiende que tiene que haber un cambio, que es dif\u00edcil para algunos, que implica que hay que reconvertirse e invertir, algo que no estaban acostumbrados a hacer<\/strong>\u00ab, comenz\u00f3 \u00abToto\u00bb en su nueva disputa con la UIA.<\/p>\n<\/div>\n<div id=\"\">\n<p id=\"p-1788405887750-9530\" data-start=\"1228\" data-end=\"1461\">En ese sentido, Caputo agreg\u00f3: <strong data-start=\"1259\" data-end=\"1460\">\u00abEs lo contrario de lo que se dice: cuando se quiere tildar de financiero a este modelo, les digo que es el modelo anterior. Antes, el gerente financiero de cualquier empresa era el m\u00e1s importante\u00bb<\/strong>.<\/p>\n<\/div>\n<div id=\"\">\n<p id=\"p-1788405887750-79382\" data-start=\"1463\" data-end=\"1703\">El jefe del Palacio de Hacienda lleg\u00f3 al <strong data-start=\"1496\" data-end=\"1547\">Sheraton Buenos Aires Hotel &amp; Convention Center<\/strong>, donde se celebr\u00f3 el evento <strong data-start=\"1576\" data-end=\"1599\">\u00abVientos de Cambio\u00bb<\/strong> de la <strong data-start=\"1606\" data-end=\"1639\">Fundaci\u00f3n Libertad y Progreso<\/strong>, junto al viceministro de Econom\u00eda, <strong data-start=\"1684\" data-end=\"1702\">Jos\u00e9 Luis Daza<\/strong>.<\/p>\n<\/div>\n<div id=\"\">\n<div contenteditable=\"false\" class=\"embed_cont type_imagen\" id=\"8273262-Libre-2075820432_wrap\">\n<div id=\"8273262-Libre-2075820432_content\" class=\"embed_content\"><img src=\"https:\/\/media.ambito.com\/p\/ad87a5e05fa570f5ced64fc8fa6ff078\/adjuntos\/239\/imagenes\/043\/619\/0043619934\/730x0\/smart\/caputo-vientos-cambio.jpg\" decoding=\"async\" fetchpriority=\"low\" loading=\"lazy\" alt=\"\" title=\"\" width=\"730\" height=\"undefined\" id=\"8273262-Libre-2075820432_embed\"\/><\/div><\/div>\n<p id=\"p-1788406029048-56453\" class=\"\" data-start=\"2032\" data-end=\"2464\">Durante la presentaci\u00f3n, <strong data-start=\"2057\" data-end=\"2125\">Caputo no perdi\u00f3 la oportunidad de criticar al gobierno anterior<\/strong> y afirm\u00f3 que, en una provincia -sin decir cu\u00e1l-, el presidente de uno de los bancos m\u00e1s importantes le dijo al gobernador que <strong data-start=\"2252\" data-end=\"2352\">\u00ables daba verg\u00fcenza lo que hab\u00edan ganado en 2023 con las Leliqs (Letras de Liquidez del Tesoro)\u00bb<\/strong>. <strong data-start=\"2354\" data-end=\"2453\">\u00abFueron r\u00e9cord de ganancias para los bancos y supuestamente eran para pagarles a los jubilados\u00bb<\/strong>, enfatiz\u00f3.<\/p>\n<p id=\"p-1788406029048-54256\" data-start=\"2466\" data-end=\"2652\"><strong data-start=\"2466\" data-end=\"2597\">\u00abCuando vemos los resultados de ese modelo, vemos que la industria en esos 11 a\u00f1os, lejos de fortalecerse, cay\u00f3 casi 10 puntos\u00bb<\/strong>, subray\u00f3 al cuestionar las cr\u00edticas de los industriales.<\/p>\n<div contenteditable=\"false\" class=\"embed_cont type_imagen\" id=\"8273099-Libre-1313050992_wrap\">\n<div id=\"8273099-Libre-1313050992_content\" class=\"embed_content\"><img src=\"https:\/\/media.ambito.com\/p\/ae0792682749aa0a97702ac9d6a3f4c4\/adjuntos\/239\/imagenes\/043\/619\/0043619211\/730x0\/smart\/marttin-rappalliniindustria.jpeg\" decoding=\"async\" fetchpriority=\"low\" loading=\"lazy\" alt=\"\" title=\"\" width=\"730\" height=\"undefined\" id=\"8273099-Libre-1313050992_embed\"\/><\/div><\/div>\n<h2 id=\"p-1788406175797-93196\" data-start=\"2996\" data-end=\"3324\">Mart\u00edn Rappallini se diferenci\u00f3 de Guillermo Moretti y reclam\u00f3 respeto por la industria<\/h2>\n<p id=\"p-1788406482772-45238\">M\u00e1s temprano, el propio presidente de la UIA, Mart\u00edn Rappallini, pidi\u00f3 en el acto por el D\u00eda de la Industria respeto para los que producen y alert\u00f3 sobre la ca\u00edda de la actividad y la destrucci\u00f3n de puestos de trabajo. Seg\u00fan precis\u00f3, se trata de 90.000 puestos de trabajo asalariados registrados en el sector fabril.<\/p>\n<p id=\"p-1788406175797-49368\" data-start=\"3326\" data-end=\"3658\"><strong data-start=\"3326\" data-end=\"3444\">La industria est\u00e1 un 10% por debajo de los niveles de 2022, con sectores que oscilan entre 25 y 30 puntos de ca\u00edda<\/strong>, advirti\u00f3 la UIA en la planta del laboratorio Elea, en Malvinas Argentinas, donde parad\u00f3jicamente el quinto vice de la entidad no estuvo presente. Todo un detalle tras sus dichos.<\/p>\n<p id=\"p-1788406379989-38216\">Incluso, el propio Rappallini sali\u00f3 a diferenciarse de su par y se\u00f1al\u00f3 a<strong> \u00c1mbito<\/strong> que es un <strong>\u00abdirigente de Santa Fe y, por supuesto, puede tener su propia mirada\u00bb,<\/strong> aunque dej\u00f3 claro que sus declaraciones<strong> \u00abrepresentan una posici\u00f3n personal o provincial, no la posici\u00f3n institucional de la UIA\u00bb. \u00abNosotros tenemos \u00e1mbitos internos para discutir nuestras diferencias y despu\u00e9s una responsabilidad com\u00fan: expresar hacia afuera los consensos de la instituci\u00f3n\u00bb,<\/strong> a\u00f1adi\u00f3 el titular de la entidad empresaria.<\/p>\n<h2 id=\"p-1788406175797-66335\" data-start=\"3660\" data-end=\"3969\">Javier Milei redobl\u00f3 las cr\u00edticas contra Paolo Rocca y Javier Madanes Quintanilla<\/h2>\n<p id=\"p-1788406175797-929\" data-start=\"4158\" data-end=\"4770\">Si bien durante su discurso <strong data-start=\"4186\" data-end=\"4289\">Rappallini pidi\u00f3 \u00abque se dejen atr\u00e1s las descalificaciones y las agresiones hacia quienes producen\u00bb<\/strong>, el propio <strong data-start=\"4301\" data-end=\"4317\">Javier Milei<\/strong>, durante su exposici\u00f3n en \u00abVientos de Cambio\u00bb, volvi\u00f3 a apuntar contra los periodistas, a los que tild\u00f3 de defender a <strong data-start=\"4436\" data-end=\"4451\">Paolo Rocca<\/strong>, de <strong data-start=\"4456\" data-end=\"4467\">Techint<\/strong>, cuando lo calific\u00f3 como <strong data-start=\"4493\" data-end=\"4533\">\u00abDon Chatarr\u00edn de los Tubitos Caros\u00bb<\/strong>. Tambi\u00e9n mencion\u00f3 a <strong data-start=\"4554\" data-end=\"4584\">Javier Madanes Quintanilla<\/strong>, extitular de <strong data-start=\"4599\" data-end=\"4607\">FATE<\/strong>, como <strong data-start=\"4614\" data-end=\"4636\">\u00abGomita Alum\u00ednica\u00bb<\/strong> y le endilg\u00f3 intentar desestabilizar el Gobierno por el cierre de la planta de neum\u00e1ticos previo a la votaci\u00f3n de la reforma laboral.<\/p>\n<p id=\"p-1788406175797-33703\" data-start=\"4772\" data-end=\"5077\">Hablando de competencia, el Presidente asegur\u00f3 que, con un modelo de apertura, los empresarios deber\u00e1n <strong data-start=\"4875\" data-end=\"4906\">\u00abreconvertirse\u00bb o \u00abquebrar\u00bb<\/strong> y expuso dos modelos: destac\u00f3 la posici\u00f3n de Lumilagro, compa\u00f1\u00eda que decidi\u00f3 importar en lugar de producir, y la contrapuso con la de FATE, que decidi\u00f3 cerrar la f\u00e1brica.<\/p>\n<div contenteditable=\"false\" class=\"embed_cont type_imagen\" id=\"8273275-Libre-2117350111_wrap\">\n<div id=\"8273275-Libre-2117350111_content\" class=\"embed_content\"><img src=\"https:\/\/media.ambito.com\/p\/a4526900eb8c3b4755ac2f0e0ef663db\/adjuntos\/239\/imagenes\/043\/620\/0043620005\/730x0\/smart\/javier-milei-vientos-cambio.jpg\" decoding=\"async\" fetchpriority=\"low\" loading=\"lazy\" alt=\"\" title=\"\" width=\"730\" height=\"undefined\" id=\"8273275-Libre-2117350111_embed\"\/><\/div><\/div>\n<p id=\"p-1788393931268-8912\">\u00abCuando se abre la econom\u00eda, se fomenta la competencia y todos los corruptos que viv\u00edan del subsidio hoy se reconvierten o quiebran. Pueden elegir ser Lumilagro, reconvertirse y competir, o pueden decidir ser &#8216;Gomita Alum\u00ednica&#8217; y decir: &#8216;Si yo no puedo cobrar los neum\u00e1ticos cuatro veces m\u00e1s caros y joder a 47 millones de argentinos, no juego&#8217;. Adem\u00e1s, <strong data-start=\"5777\" data-end=\"5942\">el d\u00eda anterior a que se vote la ley de modernizaci\u00f3n laboral, te tiro 900 trabajadores a la calle a ver si te rompo el Gobierno. Esto se trata de poder y dinero<\/strong>\u00ab, apunt\u00f3 Milei.<\/p>\n<\/p><\/div>\n<p><script>\n!function(f,b,e,v,n,t,s)\n{if(f.fbq)return;n=f.fbq=function(){n.callMethod?\nn.callMethod.apply(n,arguments):n.queue.push(arguments)};\nif(!f._fbq)f._fbq=n;n.push=n;n.loaded=!0;n.version='2.0';\nn.queue=[];t=b.createElement(e);t.async=!0;\nt.src=v;s=b.getElementsByTagName(e)[0];\ns.parentNode.insertBefore(t,s)}(window,document,'script',\n'https:\/\/connect.facebook.net\/en_US\/fbevents.js');\nfbq('init', '2047048335588113');\nfbq('track', 'PageView');\n<\/script><br \/>\n<br \/><\/p>\n","protected":false},"excerpt":{"rendered":"<p>El ministro de Econom\u00eda, Luis Caputo, asegur\u00f3 este mi\u00e9rcoles que \u00abla mayor\u00eda de los empresarios entiende que tiene que haber un cambio de modelo m\u00e1s all\u00e1 de que sea dif\u00edcil\u00bb. La menci\u00f3n lleg\u00f3 en respuesta al vicepresidente de la Uni\u00f3n Industrial Argentina (UIA), Guillermo Moretti, quien lo hab\u00eda criticado por no entender la l\u00f3gica de [&hellip;]<\/p>\n","protected":false},"author":1,"featured_media":210272,"comment_status":"closed","ping_status":"closed","sticky":false,"template":"","format":"standard","meta":{"footnotes":""},"categories":[28],"tags":[],"class_list":["post-210271","post","type-post","status-publish","format-standard","has-post-thumbnail","hentry","category-economia"],"yoast_head":"<!-- This site is optimized with the Yoast SEO plugin v24.4 - https:\/\/yoast.com\/wordpress\/plugins\/seo\/ -->\n<title>La mayor\u00eda de empresarios cree que tiene que haber un cambio de modelo, por m\u00e1s que sea dif\u00edcil - GYS NOTICIAS |<\/title>\n<meta name=\"robots\" content=\"index, follow, max-snippet:-1, max-image-preview:large, max-video-preview:-1\" \/>\n<link rel=\"canonical\" href=\"https:\/\/gysfm.com.ar\/inicio\/la-mayoria-de-empresarios-cree-que-tiene-que-haber-un-cambio-de-modelo-por-mas-que-sea-dificil\/\" \/>\n<meta property=\"og:locale\" content=\"es_ES\" \/>\n<meta property=\"og:type\" content=\"article\" \/>\n<meta property=\"og:title\" content=\"La mayor\u00eda de empresarios cree que tiene que haber un cambio de modelo, por m\u00e1s que sea dif\u00edcil - GYS NOTICIAS |\" \/>\n<meta property=\"og:description\" content=\"El ministro de Econom\u00eda, Luis Caputo, asegur\u00f3 este mi\u00e9rcoles que \u00abla mayor\u00eda de los empresarios entiende que tiene que haber un cambio de modelo m\u00e1s all\u00e1 de que sea dif\u00edcil\u00bb. La menci\u00f3n lleg\u00f3 en respuesta al vicepresidente de la Uni\u00f3n Industrial Argentina (UIA), Guillermo Moretti, quien lo hab\u00eda criticado por no entender la l\u00f3gica de [&hellip;]\" \/>\n<meta property=\"og:url\" content=\"https:\/\/gysfm.com.ar\/inicio\/la-mayoria-de-empresarios-cree-que-tiene-que-haber-un-cambio-de-modelo-por-mas-que-sea-dificil\/\" \/>\n<meta property=\"og:site_name\" content=\"GYS NOTICIAS |\" \/>\n<meta property=\"article:published_time\" content=\"2026-09-03T09:04:05+00:00\" \/>\n<meta property=\"og:image\" content=\"https:\/\/media.ambito.com\/p\/ad87a5e05fa570f5ced64fc8fa6ff078\/adjuntos\/239\/imagenes\/043\/619\/0043619934\/730x0\/smart\/caputo-vientos-cambio.jpg\" \/>\n<meta name=\"author\" content=\"admin\" \/>\n<meta name=\"twitter:card\" content=\"summary_large_image\" \/>\n<meta name=\"twitter:label1\" content=\"Escrito por\" \/>\n\t<meta name=\"twitter:data1\" content=\"admin\" \/>\n\t<meta name=\"twitter:label2\" content=\"Tiempo de lectura\" \/>\n\t<meta name=\"twitter:data2\" content=\"4 minutos\" \/>\n<script type=\"application\/ld+json\" class=\"yoast-schema-graph\">{\"@context\":\"https:\/\/schema.org\",\"@graph\":[{\"@type\":\"Article\",\"@id\":\"https:\/\/gysfm.com.ar\/inicio\/la-mayoria-de-empresarios-cree-que-tiene-que-haber-un-cambio-de-modelo-por-mas-que-sea-dificil\/#article\",\"isPartOf\":{\"@id\":\"https:\/\/gysfm.com.ar\/inicio\/la-mayoria-de-empresarios-cree-que-tiene-que-haber-un-cambio-de-modelo-por-mas-que-sea-dificil\/\"},\"author\":{\"name\":\"admin\",\"@id\":\"https:\/\/gysfm.com.ar\/inicio\/#\/schema\/person\/5bedd7ecd35cc35548d89effafa23696\"},\"headline\":\"La mayor\u00eda de empresarios cree que tiene que haber un cambio de modelo, por m\u00e1s que sea dif\u00edcil\",\"datePublished\":\"2026-09-03T09:04:05+00:00\",\"mainEntityOfPage\":{\"@id\":\"https:\/\/gysfm.com.ar\/inicio\/la-mayoria-de-empresarios-cree-que-tiene-que-haber-un-cambio-de-modelo-por-mas-que-sea-dificil\/\"},\"wordCount\":884,\"publisher\":{\"@id\":\"https:\/\/gysfm.com.ar\/inicio\/#organization\"},\"image\":{\"@id\":\"https:\/\/gysfm.com.ar\/inicio\/la-mayoria-de-empresarios-cree-que-tiene-que-haber-un-cambio-de-modelo-por-mas-que-sea-dificil\/#primaryimage\"},\"thumbnailUrl\":\"https:\/\/gysfm.com.ar\/inicio\/wp-content\/uploads\/2026\/09\/vientos-cambio-03902.jpg\",\"articleSection\":[\"ECONOMIA\"],\"inLanguage\":\"es\"},{\"@type\":\"WebPage\",\"@id\":\"https:\/\/gysfm.com.ar\/inicio\/la-mayoria-de-empresarios-cree-que-tiene-que-haber-un-cambio-de-modelo-por-mas-que-sea-dificil\/\",\"url\":\"https:\/\/gysfm.com.ar\/inicio\/la-mayoria-de-empresarios-cree-que-tiene-que-haber-un-cambio-de-modelo-por-mas-que-sea-dificil\/\",\"name\":\"La mayor\u00eda de empresarios cree que tiene que haber un cambio de modelo, por m\u00e1s que sea dif\u00edcil - GYS NOTICIAS |\",\"isPartOf\":{\"@id\":\"https:\/\/gysfm.com.ar\/inicio\/#website\"},\"primaryImageOfPage\":{\"@id\":\"https:\/\/gysfm.com.ar\/inicio\/la-mayoria-de-empresarios-cree-que-tiene-que-haber-un-cambio-de-modelo-por-mas-que-sea-dificil\/#primaryimage\"},\"image\":{\"@id\":\"https:\/\/gysfm.com.ar\/inicio\/la-mayoria-de-empresarios-cree-que-tiene-que-haber-un-cambio-de-modelo-por-mas-que-sea-dificil\/#primaryimage\"},\"thumbnailUrl\":\"https:\/\/gysfm.com.ar\/inicio\/wp-content\/uploads\/2026\/09\/vientos-cambio-03902.jpg\",\"datePublished\":\"2026-09-03T09:04:05+00:00\",\"breadcrumb\":{\"@id\":\"https:\/\/gysfm.com.ar\/inicio\/la-mayoria-de-empresarios-cree-que-tiene-que-haber-un-cambio-de-modelo-por-mas-que-sea-dificil\/#breadcrumb\"},\"inLanguage\":\"es\",\"potentialAction\":[{\"@type\":\"ReadAction\",\"target\":[\"https:\/\/gysfm.com.ar\/inicio\/la-mayoria-de-empresarios-cree-que-tiene-que-haber-un-cambio-de-modelo-por-mas-que-sea-dificil\/\"]}]},{\"@type\":\"ImageObject\",\"inLanguage\":\"es\",\"@id\":\"https:\/\/gysfm.com.ar\/inicio\/la-mayoria-de-empresarios-cree-que-tiene-que-haber-un-cambio-de-modelo-por-mas-que-sea-dificil\/#primaryimage\",\"url\":\"https:\/\/gysfm.com.ar\/inicio\/wp-content\/uploads\/2026\/09\/vientos-cambio-03902.jpg\",\"contentUrl\":\"https:\/\/gysfm.com.ar\/inicio\/wp-content\/uploads\/2026\/09\/vientos-cambio-03902.jpg\",\"width\":1200,\"height\":675},{\"@type\":\"BreadcrumbList\",\"@id\":\"https:\/\/gysfm.com.ar\/inicio\/la-mayoria-de-empresarios-cree-que-tiene-que-haber-un-cambio-de-modelo-por-mas-que-sea-dificil\/#breadcrumb\",\"itemListElement\":[{\"@type\":\"ListItem\",\"position\":1,\"name\":\"Portada\",\"item\":\"https:\/\/gysfm.com.ar\/inicio\/\"},{\"@type\":\"ListItem\",\"position\":2,\"name\":\"La mayor\u00eda de empresarios cree que tiene que haber un cambio de modelo, por m\u00e1s que sea dif\u00edcil\"}]},{\"@type\":\"WebSite\",\"@id\":\"https:\/\/gysfm.com.ar\/inicio\/#website\",\"url\":\"https:\/\/gysfm.com.ar\/inicio\/\",\"name\":\"GYS NOTICIAS |\",\"description\":\"DIARIO - RADIO ONLINE SAN JUAN ARGENTINA\",\"publisher\":{\"@id\":\"https:\/\/gysfm.com.ar\/inicio\/#organization\"},\"potentialAction\":[{\"@type\":\"SearchAction\",\"target\":{\"@type\":\"EntryPoint\",\"urlTemplate\":\"https:\/\/gysfm.com.ar\/inicio\/?s={search_term_string}\"},\"query-input\":{\"@type\":\"PropertyValueSpecification\",\"valueRequired\":true,\"valueName\":\"search_term_string\"}}],\"inLanguage\":\"es\"},{\"@type\":\"Organization\",\"@id\":\"https:\/\/gysfm.com.ar\/inicio\/#organization\",\"name\":\"GYS NOTICIAS |\",\"url\":\"https:\/\/gysfm.com.ar\/inicio\/\",\"logo\":{\"@type\":\"ImageObject\",\"inLanguage\":\"es\",\"@id\":\"https:\/\/gysfm.com.ar\/inicio\/#\/schema\/logo\/image\/\",\"url\":\"https:\/\/gysfm.com.ar\/inicio\/wp-content\/uploads\/2023\/07\/LOGOGYS-OK.png\",\"contentUrl\":\"https:\/\/gysfm.com.ar\/inicio\/wp-content\/uploads\/2023\/07\/LOGOGYS-OK.png\",\"width\":1170,\"height\":872,\"caption\":\"GYS NOTICIAS |\"},\"image\":{\"@id\":\"https:\/\/gysfm.com.ar\/inicio\/#\/schema\/logo\/image\/\"}},{\"@type\":\"Person\",\"@id\":\"https:\/\/gysfm.com.ar\/inicio\/#\/schema\/person\/5bedd7ecd35cc35548d89effafa23696\",\"name\":\"admin\",\"image\":{\"@type\":\"ImageObject\",\"inLanguage\":\"es\",\"@id\":\"https:\/\/gysfm.com.ar\/inicio\/#\/schema\/person\/image\/\",\"url\":\"https:\/\/secure.gravatar.com\/avatar\/c331d312b5243fb64d5ba28108a447b27c925295129a363082c9ea52c28d32c2?s=96&d=mm&r=g\",\"contentUrl\":\"https:\/\/secure.gravatar.com\/avatar\/c331d312b5243fb64d5ba28108a447b27c925295129a363082c9ea52c28d32c2?s=96&d=mm&r=g\",\"caption\":\"admin\"},\"sameAs\":[\"https:\/\/gysfm.com.ar\/inicio\"],\"url\":\"https:\/\/gysfm.com.ar\/inicio\/author\/admin\/\"}]}<\/script>\n<!-- \/ Yoast SEO plugin. -->","yoast_head_json":{"title":"La mayor\u00eda de empresarios cree que tiene que haber un cambio de modelo, por m\u00e1s que sea dif\u00edcil - GYS NOTICIAS |","robots":{"index":"index","follow":"follow","max-snippet":"max-snippet:-1","max-image-preview":"max-image-preview:large","max-video-preview":"max-video-preview:-1"},"canonical":"https:\/\/gysfm.com.ar\/inicio\/la-mayoria-de-empresarios-cree-que-tiene-que-haber-un-cambio-de-modelo-por-mas-que-sea-dificil\/","og_locale":"es_ES","og_type":"article","og_title":"La mayor\u00eda de empresarios cree que tiene que haber un cambio de modelo, por m\u00e1s que sea dif\u00edcil - GYS NOTICIAS |","og_description":"El ministro de Econom\u00eda, Luis Caputo, asegur\u00f3 este mi\u00e9rcoles que \u00abla mayor\u00eda de los empresarios entiende que tiene que haber un cambio de modelo m\u00e1s all\u00e1 de que sea dif\u00edcil\u00bb. La menci\u00f3n lleg\u00f3 en respuesta al vicepresidente de la Uni\u00f3n Industrial Argentina (UIA), Guillermo Moretti, quien lo hab\u00eda criticado por no entender la l\u00f3gica de [&hellip;]","og_url":"https:\/\/gysfm.com.ar\/inicio\/la-mayoria-de-empresarios-cree-que-tiene-que-haber-un-cambio-de-modelo-por-mas-que-sea-dificil\/","og_site_name":"GYS NOTICIAS |","article_published_time":"2026-09-03T09:04:05+00:00","og_image":[{"url":"https:\/\/media.ambito.com\/p\/ad87a5e05fa570f5ced64fc8fa6ff078\/adjuntos\/239\/imagenes\/043\/619\/0043619934\/730x0\/smart\/caputo-vientos-cambio.jpg","type":"","width":"","height":""}],"author":"admin","twitter_card":"summary_large_image","twitter_misc":{"Escrito por":"admin","Tiempo de lectura":"4 minutos"},"schema":{"@context":"https:\/\/schema.org","@graph":[{"@type":"Article","@id":"https:\/\/gysfm.com.ar\/inicio\/la-mayoria-de-empresarios-cree-que-tiene-que-haber-un-cambio-de-modelo-por-mas-que-sea-dificil\/#article","isPartOf":{"@id":"https:\/\/gysfm.com.ar\/inicio\/la-mayoria-de-empresarios-cree-que-tiene-que-haber-un-cambio-de-modelo-por-mas-que-sea-dificil\/"},"author":{"name":"admin","@id":"https:\/\/gysfm.com.ar\/inicio\/#\/schema\/person\/5bedd7ecd35cc35548d89effafa23696"},"headline":"La mayor\u00eda de empresarios cree que tiene que haber un cambio de modelo, por m\u00e1s que sea dif\u00edcil","datePublished":"2026-09-03T09:04:05+00:00","mainEntityOfPage":{"@id":"https:\/\/gysfm.com.ar\/inicio\/la-mayoria-de-empresarios-cree-que-tiene-que-haber-un-cambio-de-modelo-por-mas-que-sea-dificil\/"},"wordCount":884,"publisher":{"@id":"https:\/\/gysfm.com.ar\/inicio\/#organization"},"image":{"@id":"https:\/\/gysfm.com.ar\/inicio\/la-mayoria-de-empresarios-cree-que-tiene-que-haber-un-cambio-de-modelo-por-mas-que-sea-dificil\/#primaryimage"},"thumbnailUrl":"https:\/\/gysfm.com.ar\/inicio\/wp-content\/uploads\/2026\/09\/vientos-cambio-03902.jpg","articleSection":["ECONOMIA"],"inLanguage":"es"},{"@type":"WebPage","@id":"https:\/\/gysfm.com.ar\/inicio\/la-mayoria-de-empresarios-cree-que-tiene-que-haber-un-cambio-de-modelo-por-mas-que-sea-dificil\/","url":"https:\/\/gysfm.com.ar\/inicio\/la-mayoria-de-empresarios-cree-que-tiene-que-haber-un-cambio-de-modelo-por-mas-que-sea-dificil\/","name":"La mayor\u00eda de empresarios cree que tiene que haber un cambio de modelo, por m\u00e1s que sea dif\u00edcil - GYS NOTICIAS |","isPartOf":{"@id":"https:\/\/gysfm.com.ar\/inicio\/#website"},"primaryImageOfPage":{"@id":"https:\/\/gysfm.com.ar\/inicio\/la-mayoria-de-empresarios-cree-que-tiene-que-haber-un-cambio-de-modelo-por-mas-que-sea-dificil\/#primaryimage"},"image":{"@id":"https:\/\/gysfm.com.ar\/inicio\/la-mayoria-de-empresarios-cree-que-tiene-que-haber-un-cambio-de-modelo-por-mas-que-sea-dificil\/#primaryimage"},"thumbnailUrl":"https:\/\/gysfm.com.ar\/inicio\/wp-content\/uploads\/2026\/09\/vientos-cambio-03902.jpg","datePublished":"2026-09-03T09:04:05+00:00","breadcrumb":{"@id":"https:\/\/gysfm.com.ar\/inicio\/la-mayoria-de-empresarios-cree-que-tiene-que-haber-un-cambio-de-modelo-por-mas-que-sea-dificil\/#breadcrumb"},"inLanguage":"es","potentialAction":[{"@type":"ReadAction","target":["https:\/\/gysfm.com.ar\/inicio\/la-mayoria-de-empresarios-cree-que-tiene-que-haber-un-cambio-de-modelo-por-mas-que-sea-dificil\/"]}]},{"@type":"ImageObject","inLanguage":"es","@id":"https:\/\/gysfm.com.ar\/inicio\/la-mayoria-de-empresarios-cree-que-tiene-que-haber-un-cambio-de-modelo-por-mas-que-sea-dificil\/#primaryimage","url":"https:\/\/gysfm.com.ar\/inicio\/wp-content\/uploads\/2026\/09\/vientos-cambio-03902.jpg","contentUrl":"https:\/\/gysfm.com.ar\/inicio\/wp-content\/uploads\/2026\/09\/vientos-cambio-03902.jpg","width":1200,"height":675},{"@type":"BreadcrumbList","@id":"https:\/\/gysfm.com.ar\/inicio\/la-mayoria-de-empresarios-cree-que-tiene-que-haber-un-cambio-de-modelo-por-mas-que-sea-dificil\/#breadcrumb","itemListElement":[{"@type":"ListItem","position":1,"name":"Portada","item":"https:\/\/gysfm.com.ar\/inicio\/"},{"@type":"ListItem","position":2,"name":"La mayor\u00eda de empresarios cree que tiene que haber un cambio de modelo, por m\u00e1s que sea dif\u00edcil"}]},{"@type":"WebSite","@id":"https:\/\/gysfm.com.ar\/inicio\/#website","url":"https:\/\/gysfm.com.ar\/inicio\/","name":"GYS NOTICIAS |","description":"DIARIO - RADIO ONLINE SAN JUAN ARGENTINA","publisher":{"@id":"https:\/\/gysfm.com.ar\/inicio\/#organization"},"potentialAction":[{"@type":"SearchAction","target":{"@type":"EntryPoint","urlTemplate":"https:\/\/gysfm.com.ar\/inicio\/?s={search_term_string}"},"query-input":{"@type":"PropertyValueSpecification","valueRequired":true,"valueName":"search_term_string"}}],"inLanguage":"es"},{"@type":"Organization","@id":"https:\/\/gysfm.com.ar\/inicio\/#organization","name":"GYS NOTICIAS |","url":"https:\/\/gysfm.com.ar\/inicio\/","logo":{"@type":"ImageObject","inLanguage":"es","@id":"https:\/\/gysfm.com.ar\/inicio\/#\/schema\/logo\/image\/","url":"https:\/\/gysfm.com.ar\/inicio\/wp-content\/uploads\/2023\/07\/LOGOGYS-OK.png","contentUrl":"https:\/\/gysfm.com.ar\/inicio\/wp-content\/uploads\/2023\/07\/LOGOGYS-OK.png","width":1170,"height":872,"caption":"GYS NOTICIAS |"},"image":{"@id":"https:\/\/gysfm.com.ar\/inicio\/#\/schema\/logo\/image\/"}},{"@type":"Person","@id":"https:\/\/gysfm.com.ar\/inicio\/#\/schema\/person\/5bedd7ecd35cc35548d89effafa23696","name":"admin","image":{"@type":"ImageObject","inLanguage":"es","@id":"https:\/\/gysfm.com.ar\/inicio\/#\/schema\/person\/image\/","url":"https:\/\/secure.gravatar.com\/avatar\/c331d312b5243fb64d5ba28108a447b27c925295129a363082c9ea52c28d32c2?s=96&d=mm&r=g","contentUrl":"https:\/\/secure.gravatar.com\/avatar\/c331d312b5243fb64d5ba28108a447b27c925295129a363082c9ea52c28d32c2?s=96&d=mm&r=g","caption":"admin"},"sameAs":["https:\/\/gysfm.com.ar\/inicio"],"url":"https:\/\/gysfm.com.ar\/inicio\/author\/admin\/"}]}},"_links":{"self":[{"href":"https:\/\/gysfm.com.ar\/inicio\/wp-json\/wp\/v2\/posts\/210271","targetHints":{"allow":["GET"]}}],"collection":[{"href":"https:\/\/gysfm.com.ar\/inicio\/wp-json\/wp\/v2\/posts"}],"about":[{"href":"https:\/\/gysfm.com.ar\/inicio\/wp-json\/wp\/v2\/types\/post"}],"author":[{"embeddable":true,"href":"https:\/\/gysfm.com.ar\/inicio\/wp-json\/wp\/v2\/users\/1"}],"replies":[{"embeddable":true,"href":"https:\/\/gysfm.com.ar\/inicio\/wp-json\/wp\/v2\/comments?post=210271"}],"version-history":[{"count":0,"href":"https:\/\/gysfm.com.ar\/inicio\/wp-json\/wp\/v2\/posts\/210271\/revisions"}],"wp:featuredmedia":[{"embeddable":true,"href":"https:\/\/gysfm.com.ar\/inicio\/wp-json\/wp\/v2\/media\/210272"}],"wp:attachment":[{"href":"https:\/\/gysfm.com.ar\/inicio\/wp-json\/wp\/v2\/media?parent=210271"}],"wp:term":[{"taxonomy":"category","embeddable":true,"href":"https:\/\/gysfm.com.ar\/inicio\/wp-json\/wp\/v2\/categories?post=210271"},{"taxonomy":"post_tag","embeddable":true,"href":"https:\/\/gysfm.com.ar\/inicio\/wp-json\/wp\/v2\/tags?post=210271"}],"curies":[{"name":"wp","href":"https:\/\/api.w.org\/{rel}","templated":true}]}}