{"id":210266,"date":"2026-09-03T05:06:15","date_gmt":"2026-09-03T08:06:15","guid":{"rendered":"https:\/\/gysfm.com.ar\/inicio\/cerro-el-mercado-de-pases-refuerzos-y-bajas-de-ultimo-momento-ole\/"},"modified":"2026-09-03T05:06:15","modified_gmt":"2026-09-03T08:06:15","slug":"cerro-el-mercado-de-pases-refuerzos-y-bajas-de-ultimo-momento-ole","status":"publish","type":"post","link":"https:\/\/gysfm.com.ar\/inicio\/cerro-el-mercado-de-pases-refuerzos-y-bajas-de-ultimo-momento-ole\/","title":{"rendered":"Cerr\u00f3 el mercado de pases: refuerzos y bajas de \u00faltimo momento :: Ol\u00e9"},"content":{"rendered":"<p> <br \/>\n<\/p>\n<div id=\"storyBody\">\n<div id=\"element-body-0\" class=\"sc-df222161-0 hNvwjb\">\n<p>Con el torneo Clausura en pleno desarrollo, finalmente este mi\u00e9rcoles a las 18 <strong>se cerr\u00f3 el mercado de pases<\/strong> para la  Liga Profesional del f\u00fatbol argentino. Y en las horas finales hubo movimientos determinados y se mantendr\u00e1n otros por algunos d\u00edas&#8230; <\/p>\n<\/div>\n<div id=\"element-body-1\" class=\"sc-df222161-0 hNvwjb\">\n<p>En este contexto y en las \u00faltimas horas, Santiago Solari pas\u00f3 de Newell&#8217;s a Racing, Hurac\u00e1n anunci\u00f3 a <strong>Bruno Barticciotto<\/strong> (a pr\u00e9stamo de Talleres), V\u00e9lez contrat\u00f3 a Ronaldo Mart\u00ednez (tambi\u00e9n lleg\u00f3 desde Talleres), <strong>Estudiantes anot\u00f3 a Jalil El\u00edas<\/strong> (Tigre) y Platense hizo lo mismo con <strong>Bruno Sep\u00falveda <\/strong>(Banfield) y <strong>el Taladro inscribi\u00f3 a Adri\u00e1n Balboa<\/strong> (Pari Nizhniy Novgorod de Rusia). Por su parte, <strong>River busca a un marcador central <\/strong> y tiene m\u00e1s tiempo para contratar por la lesi\u00f3n del juvenil Costantini. <strong>Tigre espera por Jer\u00f3nimo D\u00f3mina,<\/strong> Platense aguarda por Bruno Sep\u00falveda (Banfield) y habr\u00e1 m\u00e1s novedades de inscriptos&#8230;<\/p>\n<\/div>\n<p><h2><strong>TODOS LOS PASES DEL MERCADO<\/strong><\/h2>\n<\/p>\n<p><h2><strong>ALDOSIVI<\/strong><\/h2>\n<\/p>\n<div id=\"element-body-5\" class=\"sc-df222161-0 hNvwjb\">\n<p><strong>Altas: <\/strong> Mat\u00edas Godoy (a pr\u00e9stamo de Estudiantes LP), El\u00edas L\u00f3pez (libre de San Mart\u00edn T), Joaqu\u00edn Pombo (libre de Independiente del Valle de Ecuador), Lucas Acosta (libre de Lan\u00fas), Leonardo Sigali (libre de NK Lokomotiva de Croacia), Lucas Castro (libre de Gimnasia LP), Bautista Dad\u00edn (a pr\u00e9stamo de River), Braian Cufr\u00e9 (Remo de Brasil), Nicol\u00e1s Linares (libre de Gimnasia M), Nicol\u00e1s Gait\u00e1n (libre), Andr\u00e9s Vombergar (libre) y Andr\u00e9s Ch\u00e1vez (libre de Almagro).<\/p>\n<\/div>\n<div id=\"element-body-6\" class=\"sc-df222161-0 hNvwjb\">\n<p><strong>Bajas:<\/strong> Emanuel I\u00f1\u00edguez (libre a D. Mor\u00f3n), Axel Werner (libre de Rosario Central), Sebasti\u00e1n Moyano, Guillermo Enrique (libre a Hurac\u00e1n de Goya), Joaqu\u00edn Novillo (libre a Quilmes), Lucas Rodr\u00edguez, Fernando Rom\u00e1n (libre a Defensa y Justicia), Federico Gino, Roberto Bochi, Esteban Rol\u00f3n (libre a Barracas Central), Franco Leys (libre a D. Pasto de Colombia), Rodrigo M\u00e1rquez, Junior Arias (libre a Rangers de Chile), Lautaro Ch\u00e1vez, Facundo de la Vega (a pr\u00e9stamo a Almagro), Alejandro Villarreal (vuelve a Santos de Brasil) y Mauro da Luz (ilbre a Grau de Per\u00fa).<\/p>\n<\/div>\n<div id=\"element-body-7\" class=\"sc-df222161-0 hNvwjb\">\n<p><strong>DT:<\/strong> se encuentra buscando al reemplazante de Israel Damonte.<\/p>\n<\/div>\n<p><h2><strong>ARGENTINOS<\/strong><\/h2>\n<\/p>\n<div id=\"element-body-9\" class=\"sc-df222161-0 hNvwjb\">\n<p><strong>Altas:<\/strong> Federico Mancuello (libre de Independiente), Kevin Guti\u00e9rrez (compra a Necaxa de M\u00e9xico) y Alan N\u00fa\u00f1ez (Cerro Porte\u00f1o).<\/p>\n<\/div>\n<div id=\"element-body-10\" class=\"sc-df222161-0 hNvwjb\">\n<p><strong>Bajas<\/strong>: Leandro Lozano (venta a Boca), Joaqu\u00edn Ardaiz (a pr\u00e9stamo a Defensores de Belgrano), Leandro Fern\u00e1ndez (libre a Defensa y Justicia), Lautaro Giaccone (a pr\u00e9stamo a Columbus Crew de la MLS), Federico Fattori (venta a Talleres), Enzo P\u00e9rez (libre a D. Maip\u00fa), Lucas G\u00f3mez (pr\u00e9stamo a Newell&#8217;s), Rom\u00e1n Riquelme (venta a Talleres) y Diego Rodr\u00edguez (libre a Banfield).<\/p>\n<\/div>\n<div id=\"element-body-11\" class=\"sc-df222161-0 hNvwjb\">\n<p><strong>Deb\u00edan volver y fueron cedidos nuevamente:<\/strong> Facundo B\u00e1ez (D. Mor\u00f3n\/San Telmo), Ariel Gamarra (Puebla de M\u00e9xico\/Cerro Porte\u00f1o de Paraguay) y Francisco Ilarregui (Funcaci\u00f3n Amigos\/Ciudad Bol\u00edvar).<\/p>\n<\/div>\n<div id=\"element-body-12\" class=\"sc-df222161-0 hNvwjb\">\n<p><strong>DT<\/strong>: Nicol\u00e1s Diez (sigue).<\/p>\n<\/div>\n<p><h2><strong>ATL\u00c9TICO TUCUM\u00c1N<\/strong><\/h2>\n<\/p>\n<div id=\"element-body-14\" class=\"sc-df222161-0 hNvwjb\">\n<p><strong>Altas<\/strong>: Juli\u00e1n Fern\u00e1ndez (a pr\u00e9stamo de Palestino de Chile) y Alexis Canelo (libre de Toluca de M\u00e9xico).<\/p>\n<\/div>\n<div id=\"element-body-15\" class=\"sc-df222161-0 hNvwjb\">\n<p><strong>Bajas<\/strong>: Alexis Segovia (Lan\u00fas\/Cerro Largo de Uruguay) y Lucas Rom\u00e1n (Independiente\/FC Dordrecht de Pa\u00edses Bajos).<\/p>\n<\/div>\n<div id=\"element-body-16\" class=\"sc-df222161-0 hNvwjb\">\n<p><strong>DT: <\/strong> Julio C\u00e9sar Falcioni (sigue).<\/p>\n<\/div>\n<p><h2><strong>BANFIELD<\/strong><\/h2>\n<\/p>\n<div id=\"element-body-18\" class=\"sc-df222161-0 hNvwjb\">\n<p><strong>Altas: <\/strong> Lautaro Cano (libre de Omonia Aradippou de Chipre), John Arteaga (Am\u00e9rica Quito de Ecuador), Alexis Machado (Pe\u00f1arol de Uruguay), Mat\u00edas Hern\u00e1ndez (San Lorenzo), Renzo Malanca (compra a Huachipato de Chile), Nehu\u00e9n Paz (libre de Hurac\u00e1n), Diego Rodr\u00edguez (libre de Argentinos) y Manuel Artega (libre).<\/p>\n<\/div>\n<div id=\"element-body-19\" class=\"sc-df222161-0 hNvwjb\">\n<p><strong>Interesa:<\/strong> Adri\u00e1n Balboa (Pari Nizhniy Novgorod de Rusia).<\/p>\n<\/div>\n<div id=\"element-body-20\" class=\"sc-df222161-0 hNvwjb\">\n<p><strong>Bajas:<\/strong> Tiziano Perrotta (venta al Elche de Espa\u00f1a\/Defensa y Justicia), Facundo Sanguinetti (a pr\u00e9stamo a V\u00e9lez), Sergio Vittor (libre a Chacarita), Nicol\u00e1s Colazo (libre a Quilmes), Juan Iribarren (libre), Danilo Arboleda (venta a San Lorenzo), Mauro M\u00e9ndez (Estudiantes LP\/Tigre) y Facundo Sanguinetti (pr\u00e9stamo a V\u00e9lez).<\/p>\n<\/div>\n<div id=\"element-body-21\" class=\"sc-df222161-0 hNvwjb\">\n<p><strong>Puede irse: <\/strong> Bruno Sep\u00falveda.<\/p>\n<\/div>\n<div id=\"element-body-22\" class=\"sc-df222161-0 hNvwjb\">\n<p><strong>DT: <\/strong> Pedro Troglio (sigue)<\/p>\n<\/div>\n<p><h2><strong>BARRACAS CENTRAL<\/strong><\/h2>\n<\/p>\n<div id=\"element-body-24\" class=\"sc-df222161-0 hNvwjb\">\n<p><strong>Altas: <\/strong> Juan Barbieri (a pr\u00e9stamo de D. Armenio), Facundo Bruera (a pr\u00e9stamo de San Lorenzo), Nicol\u00e1s Orsini (libre de Boca), Esteban Rol\u00f3n (libre de Aldosivi) y El\u00edas Pereyra (libre de Defensa y Justicia).<\/p>\n<\/div>\n<div id=\"element-body-25\" class=\"sc-df222161-0 hNvwjb\">\n<p><strong>DT:<\/strong> Dami\u00e1n Ayude (reemplaza a Ruben Dar\u00edo Insua).<\/p>\n<\/div>\n<p><h2><strong>BELGRANO<\/strong><\/h2>\n<\/p>\n<div id=\"element-body-27\" class=\"sc-df222161-0 hNvwjb\">\n<p><strong>Bajas:<\/strong> Tom\u00e1s Castro (libre a Central Norte), Jerem\u00edas Lucco (pr\u00e9stamo a Defensa) y Juli\u00e1n Mavilla (a pr\u00e9stamo a Sarmiento).<\/p>\n<\/div>\n<div id=\"element-body-28\" class=\"sc-df222161-0 hNvwjb\">\n<p><strong>DT:<\/strong> Ricardo Zielinski (sigue).<\/p>\n<\/div>\n<p><h2><strong>BOCA<\/strong><\/h2>\n<\/p>\n<div id=\"element-body-30\" class=\"sc-df222161-0 hNvwjb\">\n<p><strong>Altas<\/strong>: Leandro Lozano (compra a Argentinos), Sebasti\u00e1n Villa (compra a Independiente Rivadavia), Alvaro Montero (compra a V\u00e9lez) y Enner Valencia (libre de Pachuca de M\u00e9xico).<\/p>\n<\/div>\n<div id=\"element-body-31\" class=\"sc-df222161-0 hNvwjb\">\n<p><strong>Bajas<\/strong>: Edinson Cavani (libre), Ander Herrera (libre a Zaragoza de Espa\u00f1a), Nicol\u00e1s Orsini (libre a Barracas), Agust\u00edn Martegani (a pr\u00e9stamo al DIM de Colombia), Juan Barinaga (a pr\u00e9stamo a Racing), Marcelo Weigandt (a pr\u00e9stamo a Liga de Quito de Ecuador), Gonzalo Gelini (a pr\u00e9stamo a Pe\u00f1arol de Uruguay), Lucas Janson (a pr\u00e9stamo a Gimnasia LP) y Exequiel Zeballos (venta al Monza de Italia).<\/p>\n<\/div>\n<div id=\"element-body-32\" class=\"sc-df222161-0 hNvwjb\">\n<p><strong>Pueden irse<\/strong>: Williams Alarc\u00f3n y Juan Ram\u00edrez.<\/p>\n<\/div>\n<div id=\"element-body-33\" class=\"sc-df222161-0 hNvwjb\">\n<p><strong>Volvi\u00f3 y fue cedido nuevamente: <\/strong> Marcelo Saracchi (Celtic de Escocia\/Houston Dynamo de la MLS).<\/p>\n<\/div>\n<div id=\"element-body-34\" class=\"sc-df222161-0 hNvwjb\">\n<p><strong>Deb\u00eda volver y sigue en el club donde estaba: <\/strong> Mauricio Ben\u00edtez (Royal Antwerp de B\u00e9lgica).<\/p>\n<\/div>\n<div id=\"element-body-35\" class=\"sc-df222161-0 hNvwjb\">\n<p><strong>DT: <\/strong> Rodolfo Arruabarrena (reemplaza a Claudio Ubeda).<\/p>\n<\/div>\n<div class=\"sc-c0843421-0 iNysjD image-embed\" id=\"element-body-36\"><img alt=\"Monza oficializ\u00f3 a Zeballos.&#10;(foto: @acmilan)\" loading=\"lazy\" width=\"720\" height=\"100\" decoding=\"async\" data-nimg=\"1\" style=\"color:transparent\" src=\"https:\/\/www.ole.com.ar\/images\/2026\/09\/01\/EOTdez_wX_720x0__1.jpg\"\/><span class=\"epigraphe\">Monza oficializ\u00f3 a Zeballos.<br \/>\n(foto: @acmilan)<\/span><\/div>\n<p><h2><strong>CENTRAL C\u00d3RDOBA<\/strong><\/h2>\n<\/p>\n<div id=\"element-body-38\" class=\"sc-df222161-0 hNvwjb\">\n<p><strong>Altas:<\/strong> Felipe Aguilar (libre de D. Cali de Colombia), Dar\u00edo C\u00e1ceres (libre de Defensa y Justicia) y Leonardo Sequeira (a pr\u00e9stamo de Hurac\u00e1n).<\/p>\n<\/div>\n<div id=\"element-body-39\" class=\"sc-df222161-0 hNvwjb\">\n<p><strong>Bajas:<\/strong> Agust\u00edn Quiroga (Independiente\/Estudiantes de R\u00edo Cuarto).<\/p>\n<\/div>\n<div id=\"element-body-40\" class=\"sc-df222161-0 hNvwjb\">\n<p><strong>DT:<\/strong> Sebasti\u00e1n Dom\u00ednguez (reemplaz\u00f3 a Lucas Pusineri).<\/p>\n<\/div>\n<p><h2><strong>DEFENSA Y JUSTICIA<\/strong><\/h2>\n<\/p>\n<div id=\"element-body-42\" class=\"sc-df222161-0 hNvwjb\">\n<p><strong>Altas<\/strong>: Leandro Fern\u00e1ndez (libre de Argentinos), Fernando Rom\u00e1n (libre de Aldosivi), Domingo Blanco (a pr\u00e9stamo de Tijuana de M\u00e9xico), Tom\u00e1s P\u00e9rez (a pr\u00e9stamo de Racing), Jerem\u00edas Lucco (a pr\u00e9stamo de Belgrano), Maximiliano Porcel (a pr\u00e9stamo de V\u00e9lez), Demi\u00e1n Dom\u00ednguez (a pr\u00e9stamo de V\u00e9lez), Ezequiel Burdin (Albion de Uruguay), Tiziano Perrotta (a pr\u00e9stamo del Elche de Espa\u00f1a) y Mat\u00edas Borgogno (a pr\u00e9stamo de San Mart\u00edn SJ).<\/p>\n<\/div>\n<div id=\"element-body-43\" class=\"sc-df222161-0 hNvwjb\">\n<p><strong>Bajas<\/strong>: Abiel Osorio (libre al Elche de Espa\u00f1a), Tom\u00e1s Escalante (libre), Ever Banega (libre), Marcos Ledesma (a pr\u00e9stamo a Instituto), El\u00edas Pereyra (libre a Barracas Central), Cristopher Fiermar\u00edn (a pr\u00e9stamo a Bucaramanga de Colombia), Rub\u00e9n Botta (libre), Dar\u00edo C\u00e1ceres (libre de Central C\u00f3rdoba) y David Fern\u00e1ndez (venta a O&#8217;Higgins de Chile).<\/p>\n<\/div>\n<div id=\"element-body-44\" class=\"sc-df222161-0 hNvwjb\">\n<p><strong>Volvieron y fueron cedidos nuevamente<\/strong>: Leandro Espejo (Chaco For Ever\/Olimpo) y Benjam\u00edn Schamine (O&#8217;Higgins de Chile\/Godoy Cruz).<\/p>\n<\/div>\n<div id=\"element-body-45\" class=\"sc-df222161-0 hNvwjb\">\n<p><strong>DT:<\/strong> Julio Vaccari (nuevo)<\/p>\n<\/div>\n<p><h2><strong>D. RIESTRA<\/strong><\/h2>\n<\/p>\n<div id=\"element-body-47\" class=\"sc-df222161-0 hNvwjb\">\n<p><strong>Altas:<\/strong> Agust\u00edn Graneros (libre de Garcilaso de Per\u00fa), Carlos Quintana (libre de Rosario Central), Milton C\u00e9liz (volvi\u00f3 de Barcelona de Ecuador), Tom\u00e1s Gonz\u00e1lez (a pr\u00e9stamo de Uni\u00f3n), Marino Arzamendia (a pr\u00e9stamo de Olimpia de Paraguay), Ignacio Gariglio (libre de Bol\u00edvar de Bolivia), Thiago Lauro (a pr\u00e9stamo de D. Mor\u00f3n), Braian S\u00e1nchez (volvi\u00f3 de Bengaluru FC de India) y Angel Almada (a pr\u00e9stamo de Trist\u00e1n Su\u00e1rez).<\/p>\n<\/div>\n<div id=\"element-body-48\" class=\"sc-df222161-0 hNvwjb\">\n<p><strong>Bajas<\/strong>: Leonardo Landriel (libre a Defensores de Belgrano), Alejo Dramisino (libre), Rodrigo Sayavedra (libre), Patricio Madero (vuelve a UAI Urquiza), Mateo Ramirez (libre a Colegiales), Johnson Nsumoh (libre) y Jonathan Herrera (a pr\u00e9stamo a Sarmiento).<\/p>\n<\/div>\n<div id=\"element-body-49\" class=\"sc-df222161-0 hNvwjb\">\n<p><strong>Volvi\u00f3 y fue cedido nuevamente: <\/strong> Carlos Gugenheim (A. Brown\/D. Merlo).<\/p>\n<\/div>\n<div id=\"element-body-50\" class=\"sc-df222161-0 hNvwjb\">\n<p><strong>DT:<\/strong> Guillermo Dur\u00f3 (sigue)<\/p>\n<\/div>\n<p><h2><strong>ESTUDIANTES DE LA PLATA<\/strong><\/h2>\n<\/p>\n<div id=\"element-body-52\" class=\"sc-df222161-0 hNvwjb\">\n<p><strong>Altas:<\/strong> Baltasar Rodr\u00edguez (compra a Racing), Joaqu\u00edn Correa (libre de Botafogo de Brasil) y Miguel Monsalve (a pr\u00e9stamo de Gremio de Brasil).<\/p>\n<\/div>\n<div id=\"element-body-53\" class=\"sc-df222161-0 hNvwjb\">\n<p><strong>Interesa<\/strong>: Jalil El\u00edas (Tigre).<\/p>\n<\/div>\n<div id=\"element-body-54\" class=\"sc-df222161-0 hNvwjb\">\n<p><strong>Bajas: <\/strong> Mikel Amondarain (venta a Bologna de Italia) y Facundo Far\u00edas (pr\u00e9stamo a San Lorenzo).<\/p>\n<\/div>\n<div id=\"element-body-55\" class=\"sc-df222161-0 hNvwjb\">\n<p><strong>Volvieron y fueron cedidos nuevamente:<\/strong> Mat\u00edas Godoy (Col\u00f3n\/Aldsosivi), Mauro M\u00e9ndez (Banfield\/Tigre) Luciano Gim\u00e9nez (Hurac\u00e1n\/Platense) y Gonzalo Pi\u00f1eiro (Tigre\/Kalamata de Grecia).<\/p>\n<\/div>\n<div id=\"element-body-56\" class=\"sc-df222161-0 hNvwjb\">\n<p><strong>DT<\/strong>: Alexander Medina (sigue).<\/p>\n<\/div>\n<div class=\"sc-c0843421-0 iNysjD image-embed\" id=\"element-body-57\"><img alt=\"Monsalve en Estudiantes.\" loading=\"lazy\" width=\"720\" height=\"100\" decoding=\"async\" data-nimg=\"1\" style=\"color:transparent\" src=\"https:\/\/www.ole.com.ar\/images\/2026\/08\/31\/uXe9DGtCt_720x0__1.jpg\"\/><span class=\"epigraphe\">Monsalve en Estudiantes.<\/span><\/div>\n<p><h2><strong>ESTUDIANTES DE R\u00cdO CUARTO<\/strong><\/h2>\n<\/p>\n<div id=\"element-body-59\" class=\"sc-df222161-0 hNvwjb\">\n<p><strong> Altas<\/strong>: Juan Garro (libre de Grau de Per\u00fa), Lucas Bruera (a pr\u00e9stamo de Carabobo de Venezuela), Yeison Moreno (libre de Al Ahly de Libia), Fernando Rodr\u00edguez (Fadep de Mendoza), Agust\u00edn Quiroga (a pr\u00e9stamo de Independiente), Ibrahim Hesar (libre) y Gonzalo Gonz\u00e1lez (a pr\u00e9stamo de Gimnasia LP).<\/p>\n<\/div>\n<div id=\"element-body-60\" class=\"sc-df222161-0 hNvwjb\">\n<p><strong>Bajas:<\/strong> Ram\u00f3n \u00c1bila, Tob\u00edas Ostchega (libre de Am\u00e9rica Mineiro de Brasil), Tob\u00edas Leiva (River\/Rubio \u00d1u de Paraguay), Renzo Bacchia (libre a Progreso de Uruguay, Tom\u00e1s Olmos, Fernando Bersano (libre a D. Madryn), Nicol\u00e1s Morro (libre a Defensores de Belgrano), Mauro Molina, Jerem\u00edas Ramponi, Ezequiel Forclaz (Tigre\/Cerro de Uruguay), Mauricio Tevez (libre a Chaco For Ever) y Agust\u00edn Morales (libre a Atlanta).<\/p>\n<\/div>\n<div id=\"element-body-61\" class=\"sc-df222161-0 hNvwjb\">\n<p><strong>DT:<\/strong> Rub\u00e9n Forestello (nuevo).<\/p>\n<\/div>\n<p><h2><strong>GIMNASIA DE MENDOZA<\/strong><\/h2>\n<\/p>\n<div id=\"element-body-63\" class=\"sc-df222161-0 hNvwjb\">\n<p><strong>Altas: <\/strong> Germ\u00e1n Guiffrey (libre de Tigre) y Mat\u00edas Vargas (libre de Al Fateh de Arabia Saudita).<\/p>\n<\/div>\n<div id=\"element-body-64\" class=\"sc-df222161-0 hNvwjb\">\n<p><strong>Bajas:<\/strong> Nicol\u00e1s Ferreyra, Juan Pablo \u00c1lvarez (libre a San Lorenzo), Tob\u00edas Cervera (Rosario Central\/2 de Mayo de Paraguay), Tom\u00e1s Ortiz, Nicol\u00e1s Linares (libre a Aldosivi) y Tom\u00e1s O&#8217;Connor<\/p>\n<\/div>\n<div id=\"element-body-65\" class=\"sc-df222161-0 hNvwjb\">\n<p><strong>DT<\/strong>: Dar\u00edo Franco (sigue).<\/p>\n<\/div>\n<p><h2><strong>GIMNASIA DE LA PLATA<\/strong><\/h2>\n<\/p>\n<div id=\"element-body-67\" class=\"sc-df222161-0 hNvwjb\">\n<p><strong>Altas:<\/strong> Agust\u00edn Colazo (Uni\u00f3n), Harlen Castillo (libre de A. Nacional de Colombia) y Lucas Janson (a pr\u00e9stamo de Boca).<\/p>\n<\/div>\n<div id=\"element-body-68\" class=\"sc-df222161-0 hNvwjb\">\n<p><strong>Bajas:<\/strong> Lucas Castro (libre a Aldosivi), Cayetano Bolz\u00e1n (a pr\u00e9stamo a D. Maldonado de Uruguay), Leandro Mamut (libre), Nicol\u00e1s Ferreyra (La Calera de Chile), Gonzalo Gonz\u00e1lez (a pr\u00e9stamo a Estudiantes RC) y Jorge De As\u00eds (a pr\u00e9stamo a Levante de Espa\u00f1a).<\/p>\n<\/div>\n<div id=\"element-body-69\" class=\"sc-df222161-0 hNvwjb\">\n<p><strong>Volvi\u00f3 y fue cedido nuevamente:<\/strong> Juan de Dios Pintado (Nacional de Uruguay\/Uni\u00f3n).<\/p>\n<\/div>\n<div id=\"element-body-70\" class=\"sc-df222161-0 hNvwjb\">\n<p><strong>DT:<\/strong> Ariel Pereyra (sigue).<\/p>\n<\/div>\n<p><h2><strong>HURAC\u00c1N<\/strong><\/h2>\n<\/p>\n<div id=\"element-body-72\" class=\"sc-df222161-0 hNvwjb\">\n<p><strong>Altas<\/strong>: Ignacio Pussetto (libre de Independiente), Rodrigo Fern\u00e1ndez Cedr\u00e9s (Independiente) y Bruno Barticciotto (a pr\u00e9stamo de Talleres).<\/p>\n<\/div>\n<div id=\"element-body-73\" class=\"sc-df222161-0 hNvwjb\">\n<p><strong>Bajas<\/strong>: Lucas Carrizo (venta a Newell&#8217;s), Luciano Gim\u00e9nez (vuelve a Estudiantes LP), Eric Ram\u00edrez (a pr\u00e9stamo a Uni\u00f3n), Leonardo Sequeira (a pr\u00e9stamo a Central C\u00f3rdoba), Nehu\u00e9n Paz (libre a Banfield), Milton R\u00edos (a pr\u00e9stamo a San Mart\u00edn de San Juan) y Luca Babino (pr\u00e9stamo a F\u00e9nix de Uruguay).<\/p>\n<\/div>\n<div id=\"element-body-74\" class=\"sc-df222161-0 hNvwjb\">\n<p><strong>Volvieron y fueron cedidos nuevamente<\/strong>: Sebasti\u00e1n Ram\u00edrez (Chacarita\/Trist\u00e1n Su\u00e1rez) y Leandro Garate (AEL Larissa de Grecia\/Col\u00f3n).<\/p>\n<\/div>\n<div id=\"element-body-75\" class=\"sc-df222161-0 hNvwjb\">\n<p><strong> DT:<\/strong> Diego Mart\u00ednez (sigue).<\/p>\n<\/div>\n<p><h2><strong>INDEPENDIENTE<\/strong><\/h2>\n<\/p>\n<div id=\"element-body-77\" class=\"sc-df222161-0 hNvwjb\">\n<p><strong>Altas<\/strong>: Maximiliano Meza (libre de River) e Imanol Machuca (libre de Fortaleza de Brasil), David Mart\u00ednez (volvi\u00f3 de Volos de Grecia), Santiago Mele (a pr\u00e9stamo de Monterrey de M\u00e9xico), Franco Calder\u00f3n (a pr\u00e9stamo de U. de Chile) y Chimy Avila (libre del Betis de Espa\u00f1a).<\/p>\n<\/div>\n<div id=\"element-body-78\" class=\"sc-df222161-0 hNvwjb\">\n<p><strong>Interesan<\/strong>: Juan Lucero (U. de Chile) y Elian Irala (Shabab Al-Ahli Dubai de Emiratos Arabes Unidos).<\/p>\n<\/div>\n<div id=\"element-body-79\" class=\"sc-df222161-0 hNvwjb\">\n<p><strong>Bajas<\/strong>: Nicol\u00e1s Freire (libre a Libertad de Paraguay), Milton Valenzuela (libre a Atlas de M\u00e9xico), Ignacio Malcorra (libre a Uni\u00f3n), Rodrigo Fern\u00e1ndez Cedr\u00e9s (Hurac\u00e1n), Ignacio Pussetto (Hurac\u00e1n), Federico Mancuello (libre), Gabriel \u00c1valos (venta a Olimpia de Paraguay), Maximiliano Guti\u00e9rrez (venta a Dynamo de Mosc\u00fa) y Kevin Lom\u00f3naco (vendido al Elche de Espa\u00f1a).<\/p>\n<\/div>\n<div id=\"element-body-80\" class=\"sc-df222161-0 hNvwjb\">\n<p><strong>Deb\u00eda volver y sigue en el club donde estaba:<\/strong> Manuel Tasso (Uni\u00f3n Magdalena de Colombia).<\/p>\n<\/div>\n<div id=\"element-body-81\" class=\"sc-df222161-0 hNvwjb\">\n<p><strong>Volvieron y fueron cedidos nuevamente: <\/strong> Agust\u00edn Quiroga (Central C\u00f3rdoba\/Estudiantes de R\u00edo Cuarto) y Lucas Rom\u00e1n (A. Tucum\u00e1n\/FC Dordrecht de Pa\u00edses Bajos).<\/p>\n<\/div>\n<div id=\"element-body-82\" class=\"sc-df222161-0 hNvwjb\">\n<p><strong>DT<\/strong>: Jadson Viera (reemplaz\u00f3 a Gustavo Quintertos).<\/p>\n<\/div>\n<div class=\"sc-c0843421-0 iNysjD image-embed\" id=\"element-body-83\"><img alt=\"Kevin Lom\u00f3naco, al Elche.\" loading=\"lazy\" width=\"720\" height=\"100\" decoding=\"async\" data-nimg=\"1\" style=\"color:transparent\" src=\"https:\/\/www.ole.com.ar\/images\/2026\/09\/01\/MaHxcSOw0_720x0__1.jpg\"\/><span class=\"epigraphe\">Kevin Lom\u00f3naco, al Elche.<\/span><\/div>\n<p><h2><strong>INDEPENDIENTE RIVADAVIA<\/strong><\/h2>\n<\/p>\n<div id=\"element-body-85\" class=\"sc-df222161-0 hNvwjb\">\n<p><strong>Altas: <\/strong> Luis \u00c1ngel D\u00edaz (Envigado de Colombia), Alex Vigo (compra a Talleres) y Maximiliano Salas (a pr\u00e9stamo de River).<\/p>\n<\/div>\n<div id=\"element-body-86\" class=\"sc-df222161-0 hNvwjb\">\n<p><strong>Bajas: <\/strong> Nahuel Arena (vuelve a Macar\u00e1 de Ecuador), Bautista Dad\u00edn (River\/Aldosivi) y Sebasti\u00e1n Villa (venta a Boca).<\/p>\n<\/div>\n<div id=\"element-body-87\" class=\"sc-df222161-0 hNvwjb\">\n<p><strong>DT:<\/strong> Alfredo Berti (sigue).<\/p>\n<\/div>\n<p><h2><strong>INSTITUTO<\/strong><\/h2>\n<\/p>\n<div id=\"element-body-89\" class=\"sc-df222161-0 hNvwjb\">\n<p><strong>Altas: <\/strong> Marcos Ledesma (a pr\u00e9stamo de Defensa y Justicia), Lucas Sanseviero (a pr\u00e9stamo del Valladolid de Espa\u00f1a) y Wilder Viera (libre de Cerro Porte\u00f1o de Paraguay).<\/p>\n<\/div>\n<div id=\"element-body-90\" class=\"sc-df222161-0 hNvwjb\">\n<p><strong>Bajas<\/strong>: Manuel Roffo (venta a Cerro Porte\u00f1o de Paraguay), Gast\u00f3n Lodico (venta a Racing), Franco Jara Libre), Iv\u00e1n Erquiaga (libre) y Lautaro Maldonado (a pr\u00e9stamo a Rubio \u00d1\u00fa de Paraguay).<\/p>\n<\/div>\n<div id=\"element-body-91\" class=\"sc-df222161-0 hNvwjb\">\n<p><strong>Volvi\u00f3 y fue cedido nuevamente: <\/strong> Gonzalo Requena (Krylya Sovetov de Rusia\/Tigre).<\/p>\n<\/div>\n<div id=\"element-body-92\" class=\"sc-df222161-0 hNvwjb\">\n<p><strong>DT<\/strong>: Diego Flores (sigue).<\/p>\n<\/div>\n<p><h2><strong>LAN\u00daS<\/strong><\/h2>\n<\/p>\n<div id=\"element-body-94\" class=\"sc-df222161-0 hNvwjb\">\n<p><strong>Altas:<\/strong> Allan Wlk (compra a Recoleta de Paraguay)<\/p>\n<\/div>\n<div id=\"element-body-95\" class=\"sc-df222161-0 hNvwjb\">\n<p><strong>Bajas: <\/strong> Bruno Cabrera (a pr\u00e9stamo a San Mart\u00edn T), Lautaro Morales (pr\u00e9stamo a Tigre), Lucas Acosta (libre a Aldosivi), Walter Bou (libre a O&#8217;Higgins de Chile) y Dylan Aquino (venta al Union Saint-Gilloise de B\u00e9lgica).<\/p>\n<\/div>\n<div id=\"element-body-96\" class=\"sc-df222161-0 hNvwjb\">\n<p><strong>Volvieron y fueron cedidos nuevamente:<\/strong> Franco Orozco (Newell&#8217;s\/Asteras Tripolis de Grecia), Facundo P\u00e9rez (AEL Larissa de Grecia\/APOEL Nicosia de Chipre), Alexis Segovia (A. Tucum\u00e1n\/Cerro Largo de Uruguay) y Lautaro Morales (Universidad Central de Venezuela\/Tigre).<\/p>\n<\/div>\n<div id=\"element-body-97\" class=\"sc-df222161-0 hNvwjb\">\n<p><strong>DT<\/strong>: Mauricio Pellegrino (sigue).<\/p>\n<\/div>\n<div class=\"sc-c0843421-0 iNysjD image-embed\" id=\"element-body-98\"><img alt=\"Dylan Aquino dej\u00f3 Lan\u00fas y jugar\u00e1 en Europa.\" loading=\"lazy\" width=\"720\" height=\"100\" decoding=\"async\" data-nimg=\"1\" style=\"color:transparent\" src=\"https:\/\/www.ole.com.ar\/images\/2026\/08\/30\/KrWpfr0bx_720x0__1.jpg\"\/><span class=\"epigraphe\">Dylan Aquino dej\u00f3 Lan\u00fas y jugar\u00e1 en Europa.<\/span><\/div>\n<p><h2><strong>NEWELL&#8217;S<\/strong><\/h2>\n<\/p>\n<div id=\"element-body-100\" class=\"sc-df222161-0 hNvwjb\">\n<p><strong>Altas: <\/strong> Franco Escobar (libre de Pe\u00f1arol de Uruguay), Lautaro Gianetti (Antalyaspor de Turqu\u00eda), Lucas G\u00f3mez (a pr\u00e9stamo de Argentinos), Alan So\u00f1ora (libre de Cerro Porte\u00f1o de Paraguay), Lucas Carrizo (compra a Hurac\u00e1n) y Santiago Solari (a pr\u00e9stamo de Racing).<\/p>\n<\/div>\n<div id=\"element-body-101\" class=\"sc-df222161-0 hNvwjb\">\n<p><strong>Bajas:<\/strong> Williams Barlasina (libre a Fortaleza de Colombia), Juan Ignacio M\u00e9ndez (libre), Gabriel Risso Patr\u00f3n (libre a Col\u00f3n), Michael Hoyos (libre a Sporting Cristal de Per\u00fa), Franco Garc\u00eda (libre a Col\u00f3n), Thiago Gigena (libre a Canc\u00fan FC de M\u00e9xico), Luciano Herrera (a pr\u00e9stamo a Pumas de M\u00e9xico), Armando M\u00e9ndez (Guaran\u00ed de Paraguay, a pr\u00e9stamo), Franco Orozco (Lan\u00fas\/Asteras Tripolis de Grecia) y Armando M\u00e9ndez (a pr\u00e9stamo a Guaran\u00ed de Paraguay).<\/p>\n<\/div>\n<div id=\"element-body-102\" class=\"sc-df222161-0 hNvwjb\">\n<p><strong>Volvieron y fueron cedidos nuevamente:<\/strong> Mart\u00edn Fern\u00e1ndez (Albacete de Espa\u00f1a\/Atlante de M\u00e9xico) y Guillermo Balzi (Levadiakos de Grecia\/Holstein Kiel de Alemania).<\/p>\n<\/div>\n<div id=\"element-body-103\" class=\"sc-df222161-0 hNvwjb\">\n<p><strong>DT:<\/strong> Frank Dar\u00edo Kudelka (sigue).<\/p>\n<\/div>\n<div class=\"sc-c0843421-0 iNysjD image-embed\" id=\"element-body-104\"><img alt=\"Solari, con la camiseta de Newell's (Prensa Newell's).\" loading=\"lazy\" width=\"720\" height=\"100\" decoding=\"async\" data-nimg=\"1\" style=\"color:transparent\" src=\"https:\/\/www.ole.com.ar\/images\/2026\/09\/02\/ZYZm8lvbG_720x0__1.jpg\"\/><span class=\"epigraphe\">Solari, con la camiseta de Newell&#8217;s (Prensa Newell&#8217;s).<\/span><\/div>\n<p><h2><strong>PLATENSE<\/strong><\/h2>\n<\/p>\n<div id=\"element-body-106\" class=\"sc-df222161-0 hNvwjb\">\n<p><strong>Altas<\/strong>: Juan Pablo Cozzani (volvi\u00f3 de Al Kholook de Arabia Saudita), Luciano Gim\u00e9nez (a pr\u00e9stamo de Estudiantes), Gast\u00f3n Togni (libre y Nicol\u00e1s L\u00f3pez (libre de Nacional de Uruguay).<\/p>\n<\/div>\n<div id=\"element-body-107\" class=\"sc-df222161-0 hNvwjb\">\n<p><strong>Interesa:<\/strong> Bruno Sep\u00falveda (Banfield).<\/p>\n<\/div>\n<div id=\"element-body-108\" class=\"sc-df222161-0 hNvwjb\">\n<p><strong>Bajas<\/strong>: Benjam\u00edn Bosch (V\u00e9lez\/Orenburg de Rusia), Agust\u00edn Ocampo (a pr\u00e9stamo a Progreso de Uruguay), Marcos Portillo (Talleres\/Melgar de Per\u00fa), Mauro Luna Diale (Akhmat Grozny de Rusia\/Uni\u00f3n) y Mat\u00edas Borgogno (San Mart\u00edn SJ\/Defensa y Justicia).<\/p>\n<\/div>\n<div id=\"element-body-109\" class=\"sc-df222161-0 hNvwjb\">\n<p><strong>Volvi\u00f3 y fue cedido nuevamente:<\/strong> Agust\u00edn Alonso (Chaco For Ever\/Gimnasia J).<\/p>\n<\/div>\n<div id=\"element-body-110\" class=\"sc-df222161-0 hNvwjb\">\n<p><strong>DT:<\/strong> Mart\u00edn Palermo (asumi\u00f3 tras salida de Walter Zunino).<\/p>\n<\/div>\n<p><h2><strong>RACING<\/strong><\/h2>\n<\/p>\n<div id=\"element-body-112\" class=\"sc-df222161-0 hNvwjb\">\n<p><strong>Altas: <\/strong> Ulises Ortegoza (compra a Talleres), Alfonso Espino (libre de Rayo Vallecano de Espa\u00f1a), Mat\u00edas Kranevitter (libre de Fatih Karag\u00fcmr\u00fck de Turqu\u00eda), Leonel P\u00e9rez (a pr\u00e9stamo de Gremio de Brasil), Gast\u00f3n Lodico (compra a Instituto), Lautaro D\u00edaz (a pr\u00e9stamo de Cruzeiro de Brasil), Juan Barinaga (a pr\u00e9stamo de Boca) y Mat\u00edas P\u00e9rez (compra a Cerro Porte\u00f1o de Paraguay).<\/p>\n<\/div>\n<div id=\"element-body-113\" class=\"sc-df222161-0 hNvwjb\">\n<p><strong>Bajas:<\/strong> Baltasar Rodr\u00edguez (venta a Estudiantes LP), Gabriel Rojas (venta a Cruzeiro de Brasil), Franco Pardo (venta a Santos Laguna de M\u00e9xico), Dami\u00e1n Pizarro (Audax Italiano), Tom\u00e1s P\u00e9rez (pr\u00e9stamo a Defensa), Bruno Zuculini (libre a Nacional de Uruguay), Agust\u00edn Garc\u00eda Basso (libre a U. Cat\u00f3lica de Chile), Santiago Sosa (venta a Vasco da Gama de Brasil), Gast\u00f3n Martirena (a pr\u00e9stamo a Nacional de Uruguay) y Santiago Solari (a pr\u00e9stamo de Newell&#8217;s).<\/p>\n<\/div>\n<div id=\"element-body-114\" class=\"sc-df222161-0 hNvwjb\">\n<p><strong>Deb\u00eda volver y sigue en el club donde estaba<\/strong>: Germ\u00e1n Conti (Gimnasia LP).<\/p>\n<\/div>\n<div id=\"element-body-115\" class=\"sc-df222161-0 hNvwjb\">\n<p><strong>Volvi\u00f3 y fue cedido nuevamente: <\/strong> Gonzalo Reyna (Boston River de Uruguay\/U. de Chile)<\/p>\n<\/div>\n<div id=\"element-body-116\" class=\"sc-df222161-0 hNvwjb\">\n<p><strong>DT<\/strong>: Juan Pablo Vojvoda (reemplaza a Gustavo Costas).<\/p>\n<\/div>\n<div class=\"sc-c0843421-0 iNysjD image-embed\" id=\"element-body-117\"><img alt=\"Barinaga, en Racing.\" loading=\"lazy\" width=\"720\" height=\"100\" decoding=\"async\" data-nimg=\"1\" style=\"color:transparent\" src=\"https:\/\/www.ole.com.ar\/images\/2026\/08\/29\/gEn6AvMWu_720x0__1.jpg\"\/><span class=\"epigraphe\">Barinaga, en Racing.<\/span><\/div>\n<p><h2><strong>RIVER<\/strong><\/h2>\n<\/p>\n<div id=\"element-body-119\" class=\"sc-df222161-0 hNvwjb\">\n<p><strong>Altas:<\/strong> Nicolas Otamendi (libre de Benfica), Mauro Arambarri (compra a Getafe de Espa\u00f1a), Giovanni Gonz\u00e1lez (compra a Krasnodar de Rusia), Lucas Beltr\u00e1n (a pr\u00e9satmo de la Fiorentina de Italia) y Rafael Santos Borr\u00e9 (compra a Inter de Brasil), \u00c1ngel Correa (compra a Tigres de M\u00e9xico), Tob\u00edas Andrada (compra a V\u00e9lez) y Francisco Ortega (compra a Olympiakos de Grecia) y Thiago Almada (compra al Atl\u00e9tico de Madrid de Espa\u00f1a).<\/p>\n<\/div>\n<div id=\"element-body-120\" class=\"sc-df222161-0 hNvwjb\">\n<p><strong>Interesa<\/strong>: Francisco Alvarez (Argentinos).<\/p>\n<\/div>\n<div id=\"element-body-121\" class=\"sc-df222161-0 hNvwjb\">\n<p><strong>Bajas: <\/strong> Franco Armani (vuelve a A. Nacional de Colombia), <strong> <\/strong> Paulo D\u00edaz (libre a Atlanta United de la MLS), Maximiliano Meza (libre a Independiente), Ulises Gim\u00e9nez (a pr\u00e9stamo a Sarmiento), Ian Subiabre (a pr\u00e9stamo a Tigre), Ignacio Zaballa (venta a San Lorenzo), Germ\u00e1n Pezzella (libre a Pe\u00f1arol de Uruguay), Fabricio Bustos, Maximiliano Salas (a pr\u00e9stamo a Independiente Rivadavia), Giuliano Galoppo, Santiago Lencina (a pr\u00e9stamo al Burgos de Espa\u00f1a), Kevin Casta\u00f1o (a pr\u00e9stamo a A. Mineiro de Brasil), Alex Woisi (libre de D. T\u00e1chira de Venezuela), Kendry P\u00e1ez, Cristian Jaime (a pr\u00e9stamo a Pe\u00f1arol de Uruguay), Eli\u00e1n Gim\u00e9nez (libre a Sarmiento), Juan Fernando Quintero (libre al DIM de Colombia), Mat\u00edas Vi\u00f1a, Facundo Colidio (venta a Vasco da Gama de Brasil) y Joaqu\u00edn Freitas (venta al Flamengo de Brasil).<\/p>\n<\/div>\n<div id=\"element-body-122\" class=\"sc-df222161-0 hNvwjb\">\n<p><strong>Puede irse:<\/strong> Lautaro Rivero.<\/p>\n<\/div>\n<div id=\"element-body-123\" class=\"sc-df222161-0 hNvwjb\">\n<p><strong>Deb\u00edan volver y siguen en el club donde estaban<\/strong>: Sebasti\u00e1n Boselli (Getafe de Espa\u00f1a) y Andr\u00e9s Herrera (Columbus Crew de la MLS).<\/p>\n<\/div>\n<div id=\"element-body-124\" class=\"sc-df222161-0 hNvwjb\">\n<p><strong>Volveron y fueron cedidos nuevamente: <\/strong> Bautista Dad\u00edn (Independiente Rivadavia\/Aldosivi) y Mat\u00edas Galarza Fonda (Atlanta United\/Inter Miami de la MLS).<\/p>\n<\/div>\n<div id=\"element-body-125\" class=\"sc-df222161-0 hNvwjb\">\n<p><strong>Volvi\u00f3 y qued\u00f3 libre:<\/strong> Tob\u00edas Leiva (Estudiantes de R\u00edo Cuarto\/Rubio \u00d1u de Paraguay).<\/p>\n<\/div>\n<div id=\"element-body-126\" class=\"sc-df222161-0 hNvwjb\">\n<p><strong>DT<\/strong>: Leonardo Ponzio (asumi\u00f3 como interino tras salida de Eduardo Coudet).<\/p>\n<\/div>\n<div class=\"sc-c0843421-0 iNysjD image-embed\" id=\"element-body-127\"><img alt=\"Freitas se fue a Flamengo.\" loading=\"lazy\" width=\"720\" height=\"100\" decoding=\"async\" data-nimg=\"1\" style=\"color:transparent\" src=\"https:\/\/www.ole.com.ar\/images\/2026\/08\/30\/QHxBkpa2y_720x0__1.jpg\"\/><span class=\"epigraphe\">Freitas se fue a Flamengo.<\/span><\/div>\n<p><h2><strong>ROSARIO CENTRAL<\/strong><\/h2>\n<\/p>\n<div id=\"element-body-129\" class=\"sc-df222161-0 hNvwjb\">\n<p><strong>Altas<\/strong>: Axel Werner (dej\u00f3 Aldosivi y fue cedido por el Elche), Sebasti\u00e1n Zaracho (libre de Guaran\u00ed de Paraguay), Tom\u00e1s Badaloni (compra a Necaxa de M\u00e9xico), Alan Rodr\u00edguez (Inter de Porto Alegre) y Franco Cervi (libre de Celta de Espa\u00f1a).<\/p>\n<\/div>\n<div id=\"element-body-130\" class=\"sc-df222161-0 hNvwjb\">\n<p><strong>Bajas:<\/strong> Jorge Broun (libre a U. de Concepci\u00f3n de Chile), Carlos Quintana (libre a D. Riestra), Enzo Gim\u00e9nez (venta a Quer\u00e9taro de M\u00e9xico), Alejo V\u00e9liz (Tottenham\/Bah\u00eda de Brasil) y Fabricio Oviedo (a pr\u00e9stamo a Godoy Cruz).<\/p>\n<\/div>\n<div id=\"element-body-131\" class=\"sc-df222161-0 hNvwjb\">\n<p><strong>Deb\u00edan volver y fueron cedidos nuevamente:<\/strong> Marcelo Acosta R\u00edos (2 de Mayo\/Rubio \u00d1u de Paraguay), Tob\u00edas Cervera (Gimnasia de Mendoza\/2 de Mayo de Paraguay) y Luciano Ferreyra (San Mart\u00edn T\/San Mart\u00edn SJ).<\/p>\n<\/div>\n<div id=\"element-body-132\" class=\"sc-df222161-0 hNvwjb\">\n<p><strong>DT:<\/strong> Jorge Almir\u00f3n (sigue).<\/p>\n<\/div>\n<p><h2><strong>SAN LORENZO<\/strong><\/h2>\n<\/p>\n<div id=\"element-body-134\" class=\"sc-df222161-0 hNvwjb\">\n<p><strong>Altas: <\/strong> Juan Pablo Alvarez (libre de Gimnasia M), Ignacio Zaballa (compra a River), Danilo Arboleda (compra a Banfield), Emiliano Amor (libre de Defensa y Justicia), Gustavo del Prette (libre de Atlas de M\u00e9xico), Mart\u00edn R\u00edo (a pr\u00e9stamo de Talleres) y Facundo Far\u00edas (a pr\u00e9stamo de Estudiantes LP).<\/p>\n<\/div>\n<div id=\"element-body-135\" class=\"sc-df222161-0 hNvwjb\">\n<p><strong>Bajas<\/strong>: Orlando Gill (venta al Lille de Francia), Jhohan Roma\u00f1a (venta a Le\u00f3n de M\u00e9xico), Luciano Vietto (libre), Facundo Bruera (pr\u00e9stamo a Barracas Central), Fabricio L\u00f3pez (vuelve a D. Armenio) y Lautaro Montenegro (venta a Al Wahda de Emiratos \u00c1rabes).<\/p>\n<\/div>\n<div id=\"element-body-136\" class=\"sc-df222161-0 hNvwjb\">\n<p><strong>DT: <\/strong> Busca reemplazante para N\u00e9stor Gorosito.<\/p>\n<\/div>\n<div class=\"sc-c0843421-0 iNysjD image-embed\" id=\"element-body-137\"><img alt=\"Far\u00edas, en la pr\u00e1ctica de San Lorenzo.\" loading=\"lazy\" width=\"720\" height=\"100\" decoding=\"async\" data-nimg=\"1\" style=\"color:transparent\" src=\"https:\/\/www.ole.com.ar\/images\/2026\/08\/31\/BUuSn5eQv_720x0__1.jpg\"\/><span class=\"epigraphe\">Far\u00edas, en la pr\u00e1ctica de San Lorenzo.<\/span><\/div>\n<p><h2><strong>SARMIENTO<\/strong><\/h2>\n<\/p>\n<div id=\"element-body-139\" class=\"sc-df222161-0 hNvwjb\">\n<p><strong>Altas<\/strong>: Eli\u00e1n Gim\u00e9nez (libre de River), Ulises Gim\u00e9nez (a pr\u00e9stamo de River), Iv\u00e1n Arboleda (libre de Aguilas Doradas de Colombia), Juli\u00e1n Mavilla (a pr\u00e9stamo de Belgrano) y Jonathan Herrera (a pr\u00e9stamo de D. Riestra).<\/p>\n<\/div>\n<div id=\"element-body-140\" class=\"sc-df222161-0 hNvwjb\">\n<p><strong>Bajas: <\/strong> Javier Burrai (libre a Millonarios de Colombia), <strong> <\/strong> Alexis Gonz\u00e1lez (volvi\u00f3 a River), Tom\u00e1s Guiacobini (a pr\u00e9stamo a Ciudad de Bol\u00edvar) y Manuel M\u00f3naco (a pr\u00e9stamo a Acassuso).<\/p>\n<\/div>\n<div id=\"element-body-141\" class=\"sc-df222161-0 hNvwjb\">\n<p><strong>Volvi\u00f3 y fue cedido nuevamente<\/strong>: Benjam\u00edn Borasi (San Mart\u00edn T\/N\u00e1utico de Brasil).<\/p>\n<\/div>\n<div id=\"element-body-142\" class=\"sc-df222161-0 hNvwjb\">\n<p><strong>DT:<\/strong> Facundo Sava (sigue).<\/p>\n<\/div>\n<p><h2><strong>TALLERES<\/strong><\/h2>\n<\/p>\n<div id=\"element-body-144\" class=\"sc-df222161-0 hNvwjb\">\n<p><strong>Altas: <\/strong> Ezequiel Unsain (compra a Necaxa de M\u00e9xico), Federico Fattori (compra a Argentinos), Rom\u00e1n Riquelme (compra a Argentinos), Valent\u00edn Fascendini (compra a Uni\u00f3n) y Agust\u00edn Alvarez Su\u00e1rez (a pr\u00e9stamo del Sassuolo de Italia).<\/p>\n<\/div>\n<div id=\"element-body-145\" class=\"sc-df222161-0 hNvwjb\">\n<p><strong>Bajas: <\/strong> Guido Herrera (venta a Bah\u00eda de Brasil), Ulises Ortegoza (venta a Racing), Mart\u00edn Rio (a pr\u00e9stamo a San Lorenzo), Jos\u00e9 Luis Palomino (libre), Alex Vigo (libre a Independiente Rivadavia), Rodrigo Guth, Bruno Barticciotto (a pr\u00e9stamo a Hurac\u00e1n) y Ronaldo Mart\u00ednez (pr\u00e9stamo a V\u00e9lez).<\/p>\n<\/div>\n<div id=\"element-body-146\" class=\"sc-df222161-0 hNvwjb\">\n<p><strong>Volvieron y fueron cedidos nuevamente: <\/strong> Marcos Portillo (Platense\/Melgar de Per\u00fa) y Joaqu\u00edn Mosqueira (Tigre\/Uni\u00f3n).<\/p>\n<\/div>\n<div id=\"element-body-147\" class=\"sc-df222161-0 hNvwjb\">\n<p><strong>DT:<\/strong> Omar De Felippe (reemplazante de Jorge Sampaoli).<\/p>\n<\/div>\n<p><h2><strong>TIGRE<\/strong><\/h2>\n<\/p>\n<div id=\"element-body-149\" class=\"sc-df222161-0 hNvwjb\">\n<p><strong>Altas:<\/strong> Lautaro Morales (a pr\u00e9stamo de Lan\u00fas), Gonzalo Requena (a pr\u00e9stamo de Instituto), Ian Subiabre (a pr\u00e9stamo de River), Nicol\u00e1s Dubersarsky (a pr\u00e9stamo de Austin FC de Estados Unidos) y Mauro M\u00e9ndez (a pr\u00e9stamo de Estudiantes LP).<\/p>\n<\/div>\n<div id=\"element-body-150\" class=\"sc-df222161-0 hNvwjb\">\n<p><strong>Bajas<\/strong>: David Romero (venta al Parma de Italia), Gonzalo Pi\u00f1eiro (Estudiantes LP\/Kamalata de Grecia), Joaqu\u00edn Mosqueira (Tigre\/Uni\u00f3n), Germ\u00e1n Guiffrey (libre), Tom\u00e1s Sultani (libre) y Thiago Airala (rescindi\u00f3).<\/p>\n<\/div>\n<div id=\"element-body-151\" class=\"sc-df222161-0 hNvwjb\">\n<p><strong>Puede irse<\/strong>: Jalil El\u00edas.<\/p>\n<\/div>\n<div id=\"element-body-152\" class=\"sc-df222161-0 hNvwjb\">\n<p><strong>Volvi\u00f3 y fue cedido nuevamente: <\/strong> Ezequiel Forclaz (Estudiantes de R\u00edo Cuarto\/Cerro de Uruguay).<\/p>\n<\/div>\n<div id=\"element-body-153\" class=\"sc-df222161-0 hNvwjb\">\n<p><strong>DT:<\/strong> Diego Dabove (sigue).<\/p>\n<\/div>\n<p><h2><strong>UNI\u00d3N<\/strong><\/h2>\n<\/p>\n<div id=\"element-body-155\" class=\"sc-df222161-0 hNvwjb\">\n<p><strong>Altas: <\/strong> Mauro Luna Diale (a pr\u00e9stamo de Akhmat Grozny de Rusia), Joaqu\u00edn Mosqueira (a pr\u00e9stamo de Talleres), Ignacio Malcorra (libre de Independiente), Eric Ram\u00edrez (a pr\u00e9stamo de Hurac\u00e1n) y Juan de Dios Pintado (a pr\u00e9stamo de Gimnasia LP).<\/p>\n<\/div>\n<div id=\"element-body-156\" class=\"sc-df222161-0 hNvwjb\">\n<p><strong>Bajas<\/strong>: Mateo del Blanco (venta a Racing de Estrasburgo de Francia), Claudio Corval\u00e1n (libre a D. Madryn), Diego Armando D\u00edaz (a pr\u00e9stamo a Patronato), Tom\u00e1s Gonz\u00e1lez (a pr\u00e9stamo a D. Riestra), Nicol\u00e1s Palavecino (volvi\u00f3 a Defensa y Justicia), Emiliano Alvarez (libre a Progreso de Uruguay), Nicol\u00e1s Paz (libre a San Mart\u00edn SJ), Enzo Rold\u00e1n (a pr\u00e9stamo a N. Chicago), Rafael Profini (venta a Kharkiv de Ucrania), Valent\u00edn Fascendini (venta a Talleres), Agust\u00edn Colazo (Gimnasia) y Mauro Pitt\u00f3n (libre de Tenerife de Espa\u00f1a).<\/p>\n<\/div>\n<div id=\"element-body-157\" class=\"sc-df222161-0 hNvwjb\">\n<p><strong>Puede irse:<\/strong> Maizon Rodr\u00edguez.<\/p>\n<\/div>\n<div id=\"element-body-158\" class=\"sc-df222161-0 hNvwjb\">\n<p><strong>DT<\/strong>: Leonardo Madel\u00f3n (sigue).<\/p>\n<\/div>\n<p><h2><strong>V\u00c9LEZ<\/strong><\/h2>\n<\/p>\n<div id=\"element-body-160\" class=\"sc-df222161-0 hNvwjb\">\n<p><strong>Altas<\/strong>: Facundo Sanguinetti (a pr\u00e9stamo de Banfield) y Ronaldo Mart\u00ednez (a pr\u00e9stamo de Talleres).<\/p>\n<\/div>\n<div id=\"element-body-161\" class=\"sc-df222161-0 hNvwjb\">\n<p><strong>Bajas:<\/strong> Braian Romero (libre a Olimpia de Paraguay), Maximiliano Porcel (pr\u00e9stamo a Defensa), Demi\u00e1n Dom\u00ednguez (pr\u00e9stamo a Defensa), Aaron Quir\u00f3s (a pr\u00e9stamo a Atlante de M\u00e9xico), Alvaro Montero (venta a Boca), Rodrigo Pi\u00f1eiro (libre a Am\u00e9rica Mineiro de Brasil), Flori\u00e1n Monz\u00f3n (Atlas) y Tob\u00edas Andrada (venta a River).<\/p>\n<\/div>\n<div id=\"element-body-162\" class=\"sc-df222161-0 hNvwjb\">\n<p><strong>Volvi\u00f3 y fue cedido nuevamente: <\/strong> Benjam\u00edn Bosch (Platense\/Orenburg de Rusia).<\/p>\n<\/div>\n<div id=\"element-body-163\" class=\"sc-df222161-0 hNvwjb\">\n<p><strong>DT:<\/strong> Guillermo Barros Schelotto (sigue).<\/p>\n<\/div>\n<div class=\"sc-c0843421-0 iNysjD image-embed\" id=\"element-body-164\"><img alt=\"Ronaldo Mart\u00ednez pas\u00f3 a V\u00e9lez&#10; (FOTO: IG)\" loading=\"lazy\" width=\"720\" height=\"100\" decoding=\"async\" data-nimg=\"1\" style=\"color:transparent\" src=\"https:\/\/www.ole.com.ar\/images\/2026\/08\/28\/GJQIeYrwY_720x0__1.jpg\"\/><span class=\"epigraphe\">Ronaldo Mart\u00ednez pas\u00f3 a V\u00e9lez<br \/>\n (FOTO: IG)<\/span><\/div>\n<div id=\"element-body-165\" class=\"sc-df222161-0 hNvwjb\">\n<p><strong>Producci\u00f3n:<\/strong> Dante Di Rocco, Giuliana Tocalli, Rom\u00e1n Bonanno, Facundo Gonz\u00e1lez, Sergio Maffei, Nicol\u00e1s Berardo, Nicol\u00e1s Montal\u00e1, Favio Verona y Diego Paulich.<\/p>\n<\/div>\n<\/div>\n\n","protected":false},"excerpt":{"rendered":"<p>Con el torneo Clausura en pleno desarrollo, finalmente este mi\u00e9rcoles a las 18 se cerr\u00f3 el mercado de pases para la Liga Profesional del f\u00fatbol argentino. Y en las horas finales hubo movimientos determinados y se mantendr\u00e1n otros por algunos d\u00edas&#8230; En este contexto y en las \u00faltimas horas, Santiago Solari pas\u00f3 de Newell&#8217;s a [&hellip;]<\/p>\n","protected":false},"author":1,"featured_media":210267,"comment_status":"closed","ping_status":"closed","sticky":false,"template":"","format":"standard","meta":{"footnotes":""},"categories":[27],"tags":[],"class_list":["post-210266","post","type-post","status-publish","format-standard","has-post-thumbnail","hentry","category-deportes"],"yoast_head":"<!-- This site is optimized with the Yoast SEO plugin v24.4 - https:\/\/yoast.com\/wordpress\/plugins\/seo\/ -->\n<title>Cerr\u00f3 el mercado de pases: refuerzos y bajas de \u00faltimo momento :: Ol\u00e9 - GYS NOTICIAS |<\/title>\n<meta name=\"robots\" content=\"index, follow, max-snippet:-1, max-image-preview:large, max-video-preview:-1\" \/>\n<link rel=\"canonical\" href=\"https:\/\/gysfm.com.ar\/inicio\/cerro-el-mercado-de-pases-refuerzos-y-bajas-de-ultimo-momento-ole\/\" \/>\n<meta property=\"og:locale\" content=\"es_ES\" \/>\n<meta property=\"og:type\" content=\"article\" \/>\n<meta property=\"og:title\" content=\"Cerr\u00f3 el mercado de pases: refuerzos y bajas de \u00faltimo momento :: Ol\u00e9 - GYS NOTICIAS |\" \/>\n<meta property=\"og:description\" content=\"Con el torneo Clausura en pleno desarrollo, finalmente este mi\u00e9rcoles a las 18 se cerr\u00f3 el mercado de pases para la Liga Profesional del f\u00fatbol argentino. Y en las horas finales hubo movimientos determinados y se mantendr\u00e1n otros por algunos d\u00edas&#8230; En este contexto y en las \u00faltimas horas, Santiago Solari pas\u00f3 de Newell&#8217;s a [&hellip;]\" \/>\n<meta property=\"og:url\" content=\"https:\/\/gysfm.com.ar\/inicio\/cerro-el-mercado-de-pases-refuerzos-y-bajas-de-ultimo-momento-ole\/\" \/>\n<meta property=\"og:site_name\" content=\"GYS NOTICIAS |\" \/>\n<meta property=\"article:published_time\" content=\"2026-09-03T08:06:15+00:00\" \/>\n<meta property=\"og:image\" content=\"https:\/\/www.ole.com.ar\/images\/2026\/09\/01\/EOTdez_wX_720x0__1.jpg\" \/>\n<meta name=\"author\" content=\"admin\" \/>\n<meta name=\"twitter:card\" content=\"summary_large_image\" \/>\n<meta name=\"twitter:label1\" content=\"Escrito por\" \/>\n\t<meta name=\"twitter:data1\" content=\"admin\" \/>\n\t<meta name=\"twitter:label2\" content=\"Tiempo de lectura\" \/>\n\t<meta name=\"twitter:data2\" content=\"19 minutos\" \/>\n<script type=\"application\/ld+json\" class=\"yoast-schema-graph\">{\"@context\":\"https:\/\/schema.org\",\"@graph\":[{\"@type\":\"Article\",\"@id\":\"https:\/\/gysfm.com.ar\/inicio\/cerro-el-mercado-de-pases-refuerzos-y-bajas-de-ultimo-momento-ole\/#article\",\"isPartOf\":{\"@id\":\"https:\/\/gysfm.com.ar\/inicio\/cerro-el-mercado-de-pases-refuerzos-y-bajas-de-ultimo-momento-ole\/\"},\"author\":{\"name\":\"admin\",\"@id\":\"https:\/\/gysfm.com.ar\/inicio\/#\/schema\/person\/5bedd7ecd35cc35548d89effafa23696\"},\"headline\":\"Cerr\u00f3 el mercado de pases: refuerzos y bajas de \u00faltimo momento :: Ol\u00e9\",\"datePublished\":\"2026-09-03T08:06:15+00:00\",\"mainEntityOfPage\":{\"@id\":\"https:\/\/gysfm.com.ar\/inicio\/cerro-el-mercado-de-pases-refuerzos-y-bajas-de-ultimo-momento-ole\/\"},\"wordCount\":3823,\"publisher\":{\"@id\":\"https:\/\/gysfm.com.ar\/inicio\/#organization\"},\"image\":{\"@id\":\"https:\/\/gysfm.com.ar\/inicio\/cerro-el-mercado-de-pases-refuerzos-y-bajas-de-ultimo-momento-ole\/#primaryimage\"},\"thumbnailUrl\":\"https:\/\/gysfm.com.ar\/inicio\/wp-content\/uploads\/2026\/09\/0sgr7p76w_2000x1500__1.jpg\",\"articleSection\":[\"DEPORTES\"],\"inLanguage\":\"es\"},{\"@type\":\"WebPage\",\"@id\":\"https:\/\/gysfm.com.ar\/inicio\/cerro-el-mercado-de-pases-refuerzos-y-bajas-de-ultimo-momento-ole\/\",\"url\":\"https:\/\/gysfm.com.ar\/inicio\/cerro-el-mercado-de-pases-refuerzos-y-bajas-de-ultimo-momento-ole\/\",\"name\":\"Cerr\u00f3 el mercado de pases: refuerzos y bajas de \u00faltimo momento :: Ol\u00e9 - GYS NOTICIAS |\",\"isPartOf\":{\"@id\":\"https:\/\/gysfm.com.ar\/inicio\/#website\"},\"primaryImageOfPage\":{\"@id\":\"https:\/\/gysfm.com.ar\/inicio\/cerro-el-mercado-de-pases-refuerzos-y-bajas-de-ultimo-momento-ole\/#primaryimage\"},\"image\":{\"@id\":\"https:\/\/gysfm.com.ar\/inicio\/cerro-el-mercado-de-pases-refuerzos-y-bajas-de-ultimo-momento-ole\/#primaryimage\"},\"thumbnailUrl\":\"https:\/\/gysfm.com.ar\/inicio\/wp-content\/uploads\/2026\/09\/0sgr7p76w_2000x1500__1.jpg\",\"datePublished\":\"2026-09-03T08:06:15+00:00\",\"breadcrumb\":{\"@id\":\"https:\/\/gysfm.com.ar\/inicio\/cerro-el-mercado-de-pases-refuerzos-y-bajas-de-ultimo-momento-ole\/#breadcrumb\"},\"inLanguage\":\"es\",\"potentialAction\":[{\"@type\":\"ReadAction\",\"target\":[\"https:\/\/gysfm.com.ar\/inicio\/cerro-el-mercado-de-pases-refuerzos-y-bajas-de-ultimo-momento-ole\/\"]}]},{\"@type\":\"ImageObject\",\"inLanguage\":\"es\",\"@id\":\"https:\/\/gysfm.com.ar\/inicio\/cerro-el-mercado-de-pases-refuerzos-y-bajas-de-ultimo-momento-ole\/#primaryimage\",\"url\":\"https:\/\/gysfm.com.ar\/inicio\/wp-content\/uploads\/2026\/09\/0sgr7p76w_2000x1500__1.jpg\",\"contentUrl\":\"https:\/\/gysfm.com.ar\/inicio\/wp-content\/uploads\/2026\/09\/0sgr7p76w_2000x1500__1.jpg\",\"width\":2000,\"height\":1500},{\"@type\":\"BreadcrumbList\",\"@id\":\"https:\/\/gysfm.com.ar\/inicio\/cerro-el-mercado-de-pases-refuerzos-y-bajas-de-ultimo-momento-ole\/#breadcrumb\",\"itemListElement\":[{\"@type\":\"ListItem\",\"position\":1,\"name\":\"Portada\",\"item\":\"https:\/\/gysfm.com.ar\/inicio\/\"},{\"@type\":\"ListItem\",\"position\":2,\"name\":\"Cerr\u00f3 el mercado de pases: refuerzos y bajas de \u00faltimo momento :: Ol\u00e9\"}]},{\"@type\":\"WebSite\",\"@id\":\"https:\/\/gysfm.com.ar\/inicio\/#website\",\"url\":\"https:\/\/gysfm.com.ar\/inicio\/\",\"name\":\"GYS NOTICIAS |\",\"description\":\"DIARIO - RADIO ONLINE SAN JUAN ARGENTINA\",\"publisher\":{\"@id\":\"https:\/\/gysfm.com.ar\/inicio\/#organization\"},\"potentialAction\":[{\"@type\":\"SearchAction\",\"target\":{\"@type\":\"EntryPoint\",\"urlTemplate\":\"https:\/\/gysfm.com.ar\/inicio\/?s={search_term_string}\"},\"query-input\":{\"@type\":\"PropertyValueSpecification\",\"valueRequired\":true,\"valueName\":\"search_term_string\"}}],\"inLanguage\":\"es\"},{\"@type\":\"Organization\",\"@id\":\"https:\/\/gysfm.com.ar\/inicio\/#organization\",\"name\":\"GYS NOTICIAS |\",\"url\":\"https:\/\/gysfm.com.ar\/inicio\/\",\"logo\":{\"@type\":\"ImageObject\",\"inLanguage\":\"es\",\"@id\":\"https:\/\/gysfm.com.ar\/inicio\/#\/schema\/logo\/image\/\",\"url\":\"https:\/\/gysfm.com.ar\/inicio\/wp-content\/uploads\/2023\/07\/LOGOGYS-OK.png\",\"contentUrl\":\"https:\/\/gysfm.com.ar\/inicio\/wp-content\/uploads\/2023\/07\/LOGOGYS-OK.png\",\"width\":1170,\"height\":872,\"caption\":\"GYS NOTICIAS |\"},\"image\":{\"@id\":\"https:\/\/gysfm.com.ar\/inicio\/#\/schema\/logo\/image\/\"}},{\"@type\":\"Person\",\"@id\":\"https:\/\/gysfm.com.ar\/inicio\/#\/schema\/person\/5bedd7ecd35cc35548d89effafa23696\",\"name\":\"admin\",\"image\":{\"@type\":\"ImageObject\",\"inLanguage\":\"es\",\"@id\":\"https:\/\/gysfm.com.ar\/inicio\/#\/schema\/person\/image\/\",\"url\":\"https:\/\/secure.gravatar.com\/avatar\/c331d312b5243fb64d5ba28108a447b27c925295129a363082c9ea52c28d32c2?s=96&d=mm&r=g\",\"contentUrl\":\"https:\/\/secure.gravatar.com\/avatar\/c331d312b5243fb64d5ba28108a447b27c925295129a363082c9ea52c28d32c2?s=96&d=mm&r=g\",\"caption\":\"admin\"},\"sameAs\":[\"https:\/\/gysfm.com.ar\/inicio\"],\"url\":\"https:\/\/gysfm.com.ar\/inicio\/author\/admin\/\"}]}<\/script>\n<!-- \/ Yoast SEO plugin. -->","yoast_head_json":{"title":"Cerr\u00f3 el mercado de pases: refuerzos y bajas de \u00faltimo momento :: Ol\u00e9 - GYS NOTICIAS |","robots":{"index":"index","follow":"follow","max-snippet":"max-snippet:-1","max-image-preview":"max-image-preview:large","max-video-preview":"max-video-preview:-1"},"canonical":"https:\/\/gysfm.com.ar\/inicio\/cerro-el-mercado-de-pases-refuerzos-y-bajas-de-ultimo-momento-ole\/","og_locale":"es_ES","og_type":"article","og_title":"Cerr\u00f3 el mercado de pases: refuerzos y bajas de \u00faltimo momento :: Ol\u00e9 - GYS NOTICIAS |","og_description":"Con el torneo Clausura en pleno desarrollo, finalmente este mi\u00e9rcoles a las 18 se cerr\u00f3 el mercado de pases para la Liga Profesional del f\u00fatbol argentino. Y en las horas finales hubo movimientos determinados y se mantendr\u00e1n otros por algunos d\u00edas&#8230; En este contexto y en las \u00faltimas horas, Santiago Solari pas\u00f3 de Newell&#8217;s a [&hellip;]","og_url":"https:\/\/gysfm.com.ar\/inicio\/cerro-el-mercado-de-pases-refuerzos-y-bajas-de-ultimo-momento-ole\/","og_site_name":"GYS NOTICIAS |","article_published_time":"2026-09-03T08:06:15+00:00","og_image":[{"url":"https:\/\/www.ole.com.ar\/images\/2026\/09\/01\/EOTdez_wX_720x0__1.jpg","type":"","width":"","height":""}],"author":"admin","twitter_card":"summary_large_image","twitter_misc":{"Escrito por":"admin","Tiempo de lectura":"19 minutos"},"schema":{"@context":"https:\/\/schema.org","@graph":[{"@type":"Article","@id":"https:\/\/gysfm.com.ar\/inicio\/cerro-el-mercado-de-pases-refuerzos-y-bajas-de-ultimo-momento-ole\/#article","isPartOf":{"@id":"https:\/\/gysfm.com.ar\/inicio\/cerro-el-mercado-de-pases-refuerzos-y-bajas-de-ultimo-momento-ole\/"},"author":{"name":"admin","@id":"https:\/\/gysfm.com.ar\/inicio\/#\/schema\/person\/5bedd7ecd35cc35548d89effafa23696"},"headline":"Cerr\u00f3 el mercado de pases: refuerzos y bajas de \u00faltimo momento :: Ol\u00e9","datePublished":"2026-09-03T08:06:15+00:00","mainEntityOfPage":{"@id":"https:\/\/gysfm.com.ar\/inicio\/cerro-el-mercado-de-pases-refuerzos-y-bajas-de-ultimo-momento-ole\/"},"wordCount":3823,"publisher":{"@id":"https:\/\/gysfm.com.ar\/inicio\/#organization"},"image":{"@id":"https:\/\/gysfm.com.ar\/inicio\/cerro-el-mercado-de-pases-refuerzos-y-bajas-de-ultimo-momento-ole\/#primaryimage"},"thumbnailUrl":"https:\/\/gysfm.com.ar\/inicio\/wp-content\/uploads\/2026\/09\/0sgr7p76w_2000x1500__1.jpg","articleSection":["DEPORTES"],"inLanguage":"es"},{"@type":"WebPage","@id":"https:\/\/gysfm.com.ar\/inicio\/cerro-el-mercado-de-pases-refuerzos-y-bajas-de-ultimo-momento-ole\/","url":"https:\/\/gysfm.com.ar\/inicio\/cerro-el-mercado-de-pases-refuerzos-y-bajas-de-ultimo-momento-ole\/","name":"Cerr\u00f3 el mercado de pases: refuerzos y bajas de \u00faltimo momento :: Ol\u00e9 - GYS NOTICIAS |","isPartOf":{"@id":"https:\/\/gysfm.com.ar\/inicio\/#website"},"primaryImageOfPage":{"@id":"https:\/\/gysfm.com.ar\/inicio\/cerro-el-mercado-de-pases-refuerzos-y-bajas-de-ultimo-momento-ole\/#primaryimage"},"image":{"@id":"https:\/\/gysfm.com.ar\/inicio\/cerro-el-mercado-de-pases-refuerzos-y-bajas-de-ultimo-momento-ole\/#primaryimage"},"thumbnailUrl":"https:\/\/gysfm.com.ar\/inicio\/wp-content\/uploads\/2026\/09\/0sgr7p76w_2000x1500__1.jpg","datePublished":"2026-09-03T08:06:15+00:00","breadcrumb":{"@id":"https:\/\/gysfm.com.ar\/inicio\/cerro-el-mercado-de-pases-refuerzos-y-bajas-de-ultimo-momento-ole\/#breadcrumb"},"inLanguage":"es","potentialAction":[{"@type":"ReadAction","target":["https:\/\/gysfm.com.ar\/inicio\/cerro-el-mercado-de-pases-refuerzos-y-bajas-de-ultimo-momento-ole\/"]}]},{"@type":"ImageObject","inLanguage":"es","@id":"https:\/\/gysfm.com.ar\/inicio\/cerro-el-mercado-de-pases-refuerzos-y-bajas-de-ultimo-momento-ole\/#primaryimage","url":"https:\/\/gysfm.com.ar\/inicio\/wp-content\/uploads\/2026\/09\/0sgr7p76w_2000x1500__1.jpg","contentUrl":"https:\/\/gysfm.com.ar\/inicio\/wp-content\/uploads\/2026\/09\/0sgr7p76w_2000x1500__1.jpg","width":2000,"height":1500},{"@type":"BreadcrumbList","@id":"https:\/\/gysfm.com.ar\/inicio\/cerro-el-mercado-de-pases-refuerzos-y-bajas-de-ultimo-momento-ole\/#breadcrumb","itemListElement":[{"@type":"ListItem","position":1,"name":"Portada","item":"https:\/\/gysfm.com.ar\/inicio\/"},{"@type":"ListItem","position":2,"name":"Cerr\u00f3 el mercado de pases: refuerzos y bajas de \u00faltimo momento :: Ol\u00e9"}]},{"@type":"WebSite","@id":"https:\/\/gysfm.com.ar\/inicio\/#website","url":"https:\/\/gysfm.com.ar\/inicio\/","name":"GYS NOTICIAS |","description":"DIARIO - RADIO ONLINE SAN JUAN ARGENTINA","publisher":{"@id":"https:\/\/gysfm.com.ar\/inicio\/#organization"},"potentialAction":[{"@type":"SearchAction","target":{"@type":"EntryPoint","urlTemplate":"https:\/\/gysfm.com.ar\/inicio\/?s={search_term_string}"},"query-input":{"@type":"PropertyValueSpecification","valueRequired":true,"valueName":"search_term_string"}}],"inLanguage":"es"},{"@type":"Organization","@id":"https:\/\/gysfm.com.ar\/inicio\/#organization","name":"GYS NOTICIAS |","url":"https:\/\/gysfm.com.ar\/inicio\/","logo":{"@type":"ImageObject","inLanguage":"es","@id":"https:\/\/gysfm.com.ar\/inicio\/#\/schema\/logo\/image\/","url":"https:\/\/gysfm.com.ar\/inicio\/wp-content\/uploads\/2023\/07\/LOGOGYS-OK.png","contentUrl":"https:\/\/gysfm.com.ar\/inicio\/wp-content\/uploads\/2023\/07\/LOGOGYS-OK.png","width":1170,"height":872,"caption":"GYS NOTICIAS |"},"image":{"@id":"https:\/\/gysfm.com.ar\/inicio\/#\/schema\/logo\/image\/"}},{"@type":"Person","@id":"https:\/\/gysfm.com.ar\/inicio\/#\/schema\/person\/5bedd7ecd35cc35548d89effafa23696","name":"admin","image":{"@type":"ImageObject","inLanguage":"es","@id":"https:\/\/gysfm.com.ar\/inicio\/#\/schema\/person\/image\/","url":"https:\/\/secure.gravatar.com\/avatar\/c331d312b5243fb64d5ba28108a447b27c925295129a363082c9ea52c28d32c2?s=96&d=mm&r=g","contentUrl":"https:\/\/secure.gravatar.com\/avatar\/c331d312b5243fb64d5ba28108a447b27c925295129a363082c9ea52c28d32c2?s=96&d=mm&r=g","caption":"admin"},"sameAs":["https:\/\/gysfm.com.ar\/inicio"],"url":"https:\/\/gysfm.com.ar\/inicio\/author\/admin\/"}]}},"_links":{"self":[{"href":"https:\/\/gysfm.com.ar\/inicio\/wp-json\/wp\/v2\/posts\/210266","targetHints":{"allow":["GET"]}}],"collection":[{"href":"https:\/\/gysfm.com.ar\/inicio\/wp-json\/wp\/v2\/posts"}],"about":[{"href":"https:\/\/gysfm.com.ar\/inicio\/wp-json\/wp\/v2\/types\/post"}],"author":[{"embeddable":true,"href":"https:\/\/gysfm.com.ar\/inicio\/wp-json\/wp\/v2\/users\/1"}],"replies":[{"embeddable":true,"href":"https:\/\/gysfm.com.ar\/inicio\/wp-json\/wp\/v2\/comments?post=210266"}],"version-history":[{"count":0,"href":"https:\/\/gysfm.com.ar\/inicio\/wp-json\/wp\/v2\/posts\/210266\/revisions"}],"wp:featuredmedia":[{"embeddable":true,"href":"https:\/\/gysfm.com.ar\/inicio\/wp-json\/wp\/v2\/media\/210267"}],"wp:attachment":[{"href":"https:\/\/gysfm.com.ar\/inicio\/wp-json\/wp\/v2\/media?parent=210266"}],"wp:term":[{"taxonomy":"category","embeddable":true,"href":"https:\/\/gysfm.com.ar\/inicio\/wp-json\/wp\/v2\/categories?post=210266"},{"taxonomy":"post_tag","embeddable":true,"href":"https:\/\/gysfm.com.ar\/inicio\/wp-json\/wp\/v2\/tags?post=210266"}],"curies":[{"name":"wp","href":"https:\/\/api.w.org\/{rel}","templated":true}]}}