{"id":210258,"date":"2026-09-03T03:12:06","date_gmt":"2026-09-03T06:12:06","guid":{"rendered":"https:\/\/gysfm.com.ar\/inicio\/el-tesoro-de-ee-uu-emitio-una-moneda-de-1-dolar-con-la-cara-de-trump\/"},"modified":"2026-09-03T03:12:07","modified_gmt":"2026-09-03T06:12:07","slug":"el-tesoro-de-ee-uu-emitio-una-moneda-de-1-dolar-con-la-cara-de-trump","status":"publish","type":"post","link":"https:\/\/gysfm.com.ar\/inicio\/el-tesoro-de-ee-uu-emitio-una-moneda-de-1-dolar-con-la-cara-de-trump\/","title":{"rendered":"El Tesoro de EE.UU. emiti\u00f3 una moneda de 1 d\u00f3lar con la cara de Trump"},"content":{"rendered":"<p> <br \/>\n<\/p>\n<div>\n<p class=\"com-paragraph --capital --s\">El Departamento del Tesoro de Estados Unidos emiti\u00f3 este mi\u00e9rcoles <mark class=\"hl_underline\">moneda<\/mark>s de 1 d\u00f3lar <strong>con el rostro de Donald Trump<\/strong>, en el marco de la in\u00e9dita campa\u00f1a que emprendi\u00f3 el presidente republicano para dejar su impronta personal en las instituciones nacionales.<\/p>\n<p class=\"com-paragraph --s\">Las <mark class=\"hl_underline\">moneda<\/mark>s se acu\u00f1aron <strong>con motivo del aniversario 250 de la fundaci\u00f3n de Estados Unidos<\/strong>, que se celebra este a\u00f1o.<\/p>\n<p class=\"com-paragraph --s\"><strong>Un rollo de 25 <\/strong><mark class=\"hl_underline\"><strong>moneda<\/strong><\/mark><strong>s de un d\u00f3lar sali\u00f3 a la venta por 61 d\u00f3lares<\/strong> -un recargo del 144%-, y la bolsa con 100 <mark class=\"hl_underline\">moneda<\/mark>s tiene un precio de 154,50 d\u00f3lares.<\/p>\n<div class=\"content-media\">\n<section role=\"button\" class=\"mod-media   \">\n<figure role=\"button\" tabindex=\"0\" class=\"mod-figure \"><figcaption class=\"mod-figcaption\"><span class=\"com-text --caption --twoxs\">La moneda con la cara de Trump<\/span><span class=\"com-text --credit --twoxs\">AP staff &#8211; Treasury Department<\/span><\/figcaption><\/figure>\n<\/section>\n<\/div>\n<p class=\"com-paragraph --s\">Al lanzar la iniciativa, el Tesoro no hab\u00eda aclarado si las <mark class=\"hl_underline\">moneda<\/mark>s tendr\u00edan valor monetario o ser\u00edan exclusivamente conmemorativas. Sin embargo, la Casa de la <mark class=\"hl_underline\">Moneda<\/mark> dijo este mi\u00e9rcoles que las <mark class=\"hl_underline\">moneda<\/mark>s<strong> \u201cest\u00e1n en circulaci\u00f3n\u201d<\/strong>.<\/p>\n<p class=\"com-paragraph --s\">La decisi\u00f3n contraviene una ley federal que establece que <strong>ning\u00fan presidente en ejercicio puede aparecer en la <\/strong><mark class=\"hl_underline\"><strong>moneda<\/strong><\/mark><strong> estadounidense<\/strong>.<\/p>\n<p class=\"com-paragraph --s\">Pero Trump ha desafiado de forma agresiva los precedentes y los recursos judiciales en su empe\u00f1o por transformar las instituciones estadounidenses durante su segundo mandato.<\/p>\n<p class=\"com-paragraph --s\">Entre otras medidas, <strong>quiso a\u00f1adir su nombre al Centro Kennedy para las Artes <\/strong>y orden\u00f3 demoler el ala este de la Casa Blanca para hacer espacio a un nuevo sal\u00f3n de baile.<\/p>\n<div class=\"content-media\">\n<section role=\"button\" class=\"mod-media   \">\n<figure role=\"button\" tabindex=\"0\" class=\"mod-figure \"><figcaption class=\"mod-figcaption\"><span class=\"com-text --caption --twoxs\">El anuncio del Departamento del Tesoro en X<\/span><\/figcaption><\/figure>\n<\/section>\n<\/div>\n<p class=\"com-paragraph --s\">La nueva <mark class=\"hl_underline\">moneda<\/mark> lleva en un lado el rostro del presidente republicano junto con las palabras <strong>\u201cLiberty\u201d<\/strong> (Libertad) y \u201c<strong>In God We Trust\u201d <\/strong>(En Dios confiamos). Tambi\u00e9n aparecen las fechas 1776-2026, que conmemoran los 250 a\u00f1os de la independencia estadounidense.<\/p>\n<p class=\"com-paragraph --s\">La otra cara exhibe una versi\u00f3n del sello presidencial de Estados Unidos: <strong>un \u00e1guila que sostiene flechas y una rama de olivo<\/strong>, cubierta por un escudo con la inscripci\u00f3n \u201c250\u201d.<\/p>\n<p class=\"com-paragraph --s\">Esta es la medida m\u00e1s reciente de Trump en su campa\u00f1a por poner su rostro y su nombre en la <mark class=\"hl_underline\">moneda<\/mark> estadounidense. En mayo, el secretario del Tesoro, Scott Bessent, afirm\u00f3 que impulsaba un plan para emitir <strong>un nuevo billete de 250 d\u00f3lares con el rostro de Trump<\/strong>.<\/p>\n<p class=\"com-paragraph --s\">El funcionario reconoci\u00f3 que la iniciativa requerir\u00eda que el Congreso <strong>modificara la ley <\/strong>que proh\u00edbe que las personas vivas aparezcan en la <mark class=\"hl_underline\">moneda<\/mark> estadounidense.<\/p>\n<p class=\"com-paragraph --s\">El Tesoro no respondi\u00f3 de inmediato a una solicitud de comentarios sobre si la nueva <mark class=\"hl_underline\">moneda<\/mark> de un d\u00f3lar vulnera esa ley. En marzo, el Tesoro anunci\u00f3 que el papel <mark class=\"hl_underline\">moneda<\/mark> de Estados Unidos <strong>llevar\u00eda pr\u00f3ximamente la firma de Trump<\/strong>, otra novedad sin precedentes para un presidente en ejercicio.<\/p>\n<section class=\"container-center-100 mb-40 border border-bottom border-thin border-neutral-light-700\">\n<hr\/>\n<\/section>\n<\/div>\n<p><script id=\"facebookpixel\" defer=\"\" type=\"text\/javascript\">\n        !function(f,b,e,v,n,t,s)\n        {if(f.fbq)return;n=f.fbq=function(){n.callMethod?\n        n.callMethod.apply(n,arguments):n.queue.push(arguments)};\n        if(!f._fbq)f._fbq=n;n.push=n;n.loaded=!0;n.version='2.0';\n        n.queue=[];t=b.createElement(e);t.async=!0;\n        t.src=v;s=b.getElementsByTagName(e)[0];\n        s.parentNode.insertBefore(t,s)}(window, document,'script',\n        'https:\/\/connect.facebook.net\/en_US\/fbevents.js');\n        fbq('init', '492459597522335');\n        fbq('track', 'PageView');\n    <\/script><br \/>\n<br \/><\/p>\n","protected":false},"excerpt":{"rendered":"<p>El Departamento del Tesoro de Estados Unidos emiti\u00f3 este mi\u00e9rcoles monedas de 1 d\u00f3lar con el rostro de Donald Trump, en el marco de la in\u00e9dita campa\u00f1a que emprendi\u00f3 el presidente republicano para dejar su impronta personal en las instituciones nacionales. Las monedas se acu\u00f1aron con motivo del aniversario 250 de la fundaci\u00f3n de Estados [&hellip;]<\/p>\n","protected":false},"author":2,"featured_media":210259,"comment_status":"closed","ping_status":"closed","sticky":false,"template":"","format":"standard","meta":{"footnotes":""},"categories":[26],"tags":[],"class_list":["post-210258","post","type-post","status-publish","format-standard","has-post-thumbnail","hentry","category-internacionales"],"yoast_head":"<!-- This site is optimized with the Yoast SEO plugin v24.4 - https:\/\/yoast.com\/wordpress\/plugins\/seo\/ -->\n<title>El Tesoro de EE.UU. emiti\u00f3 una moneda de 1 d\u00f3lar con la cara de Trump - GYS NOTICIAS |<\/title>\n<meta name=\"robots\" content=\"index, follow, max-snippet:-1, max-image-preview:large, max-video-preview:-1\" \/>\n<link rel=\"canonical\" href=\"https:\/\/gysfm.com.ar\/inicio\/el-tesoro-de-ee-uu-emitio-una-moneda-de-1-dolar-con-la-cara-de-trump\/\" \/>\n<meta property=\"og:locale\" content=\"es_ES\" \/>\n<meta property=\"og:type\" content=\"article\" \/>\n<meta property=\"og:title\" content=\"El Tesoro de EE.UU. emiti\u00f3 una moneda de 1 d\u00f3lar con la cara de Trump - GYS NOTICIAS |\" \/>\n<meta property=\"og:description\" content=\"El Departamento del Tesoro de Estados Unidos emiti\u00f3 este mi\u00e9rcoles monedas de 1 d\u00f3lar con el rostro de Donald Trump, en el marco de la in\u00e9dita campa\u00f1a que emprendi\u00f3 el presidente republicano para dejar su impronta personal en las instituciones nacionales. Las monedas se acu\u00f1aron con motivo del aniversario 250 de la fundaci\u00f3n de Estados [&hellip;]\" \/>\n<meta property=\"og:url\" content=\"https:\/\/gysfm.com.ar\/inicio\/el-tesoro-de-ee-uu-emitio-una-moneda-de-1-dolar-con-la-cara-de-trump\/\" \/>\n<meta property=\"og:site_name\" content=\"GYS NOTICIAS |\" \/>\n<meta property=\"article:published_time\" content=\"2026-09-03T06:12:06+00:00\" \/>\n<meta property=\"article:modified_time\" content=\"2026-09-03T06:12:07+00:00\" \/>\n<meta property=\"og:image\" content=\"https:\/\/gysfm.com.ar\/inicio\/wp-content\/uploads\/2026\/09\/el-presidente-donald-trump-en-la-oficina-oval-en-6DH7EC4NKRATJBS4FPK643PVE4.jpg\" \/>\n\t<meta property=\"og:image:width\" content=\"1200\" \/>\n\t<meta property=\"og:image:height\" content=\"800\" \/>\n\t<meta property=\"og:image:type\" content=\"image\/jpeg\" \/>\n<meta name=\"author\" content=\"Prensa G&amp;S FM\" \/>\n<meta name=\"twitter:card\" content=\"summary_large_image\" \/>\n<meta name=\"twitter:label1\" content=\"Escrito por\" \/>\n\t<meta name=\"twitter:data1\" content=\"Prensa G&amp;S FM\" \/>\n\t<meta name=\"twitter:label2\" content=\"Tiempo de lectura\" \/>\n\t<meta name=\"twitter:data2\" content=\"2 minutos\" \/>\n<script type=\"application\/ld+json\" class=\"yoast-schema-graph\">{\"@context\":\"https:\/\/schema.org\",\"@graph\":[{\"@type\":\"Article\",\"@id\":\"https:\/\/gysfm.com.ar\/inicio\/el-tesoro-de-ee-uu-emitio-una-moneda-de-1-dolar-con-la-cara-de-trump\/#article\",\"isPartOf\":{\"@id\":\"https:\/\/gysfm.com.ar\/inicio\/el-tesoro-de-ee-uu-emitio-una-moneda-de-1-dolar-con-la-cara-de-trump\/\"},\"author\":{\"name\":\"Prensa G&amp;S FM\",\"@id\":\"https:\/\/gysfm.com.ar\/inicio\/#\/schema\/person\/3abba7593ef2ad19e1be221d54383dc5\"},\"headline\":\"El Tesoro de EE.UU. emiti\u00f3 una moneda de 1 d\u00f3lar con la cara de Trump\",\"datePublished\":\"2026-09-03T06:12:06+00:00\",\"dateModified\":\"2026-09-03T06:12:07+00:00\",\"mainEntityOfPage\":{\"@id\":\"https:\/\/gysfm.com.ar\/inicio\/el-tesoro-de-ee-uu-emitio-una-moneda-de-1-dolar-con-la-cara-de-trump\/\"},\"wordCount\":457,\"publisher\":{\"@id\":\"https:\/\/gysfm.com.ar\/inicio\/#organization\"},\"image\":{\"@id\":\"https:\/\/gysfm.com.ar\/inicio\/el-tesoro-de-ee-uu-emitio-una-moneda-de-1-dolar-con-la-cara-de-trump\/#primaryimage\"},\"thumbnailUrl\":\"https:\/\/gysfm.com.ar\/inicio\/wp-content\/uploads\/2026\/09\/el-presidente-donald-trump-en-la-oficina-oval-en-6DH7EC4NKRATJBS4FPK643PVE4.jpg\",\"articleSection\":[\"INTERNACIONALES\"],\"inLanguage\":\"es\"},{\"@type\":\"WebPage\",\"@id\":\"https:\/\/gysfm.com.ar\/inicio\/el-tesoro-de-ee-uu-emitio-una-moneda-de-1-dolar-con-la-cara-de-trump\/\",\"url\":\"https:\/\/gysfm.com.ar\/inicio\/el-tesoro-de-ee-uu-emitio-una-moneda-de-1-dolar-con-la-cara-de-trump\/\",\"name\":\"El Tesoro de EE.UU. emiti\u00f3 una moneda de 1 d\u00f3lar con la cara de Trump - GYS NOTICIAS |\",\"isPartOf\":{\"@id\":\"https:\/\/gysfm.com.ar\/inicio\/#website\"},\"primaryImageOfPage\":{\"@id\":\"https:\/\/gysfm.com.ar\/inicio\/el-tesoro-de-ee-uu-emitio-una-moneda-de-1-dolar-con-la-cara-de-trump\/#primaryimage\"},\"image\":{\"@id\":\"https:\/\/gysfm.com.ar\/inicio\/el-tesoro-de-ee-uu-emitio-una-moneda-de-1-dolar-con-la-cara-de-trump\/#primaryimage\"},\"thumbnailUrl\":\"https:\/\/gysfm.com.ar\/inicio\/wp-content\/uploads\/2026\/09\/el-presidente-donald-trump-en-la-oficina-oval-en-6DH7EC4NKRATJBS4FPK643PVE4.jpg\",\"datePublished\":\"2026-09-03T06:12:06+00:00\",\"dateModified\":\"2026-09-03T06:12:07+00:00\",\"breadcrumb\":{\"@id\":\"https:\/\/gysfm.com.ar\/inicio\/el-tesoro-de-ee-uu-emitio-una-moneda-de-1-dolar-con-la-cara-de-trump\/#breadcrumb\"},\"inLanguage\":\"es\",\"potentialAction\":[{\"@type\":\"ReadAction\",\"target\":[\"https:\/\/gysfm.com.ar\/inicio\/el-tesoro-de-ee-uu-emitio-una-moneda-de-1-dolar-con-la-cara-de-trump\/\"]}]},{\"@type\":\"ImageObject\",\"inLanguage\":\"es\",\"@id\":\"https:\/\/gysfm.com.ar\/inicio\/el-tesoro-de-ee-uu-emitio-una-moneda-de-1-dolar-con-la-cara-de-trump\/#primaryimage\",\"url\":\"https:\/\/gysfm.com.ar\/inicio\/wp-content\/uploads\/2026\/09\/el-presidente-donald-trump-en-la-oficina-oval-en-6DH7EC4NKRATJBS4FPK643PVE4.jpg\",\"contentUrl\":\"https:\/\/gysfm.com.ar\/inicio\/wp-content\/uploads\/2026\/09\/el-presidente-donald-trump-en-la-oficina-oval-en-6DH7EC4NKRATJBS4FPK643PVE4.jpg\",\"width\":1200,\"height\":800},{\"@type\":\"BreadcrumbList\",\"@id\":\"https:\/\/gysfm.com.ar\/inicio\/el-tesoro-de-ee-uu-emitio-una-moneda-de-1-dolar-con-la-cara-de-trump\/#breadcrumb\",\"itemListElement\":[{\"@type\":\"ListItem\",\"position\":1,\"name\":\"Portada\",\"item\":\"https:\/\/gysfm.com.ar\/inicio\/\"},{\"@type\":\"ListItem\",\"position\":2,\"name\":\"El Tesoro de EE.UU. emiti\u00f3 una moneda de 1 d\u00f3lar con la cara de Trump\"}]},{\"@type\":\"WebSite\",\"@id\":\"https:\/\/gysfm.com.ar\/inicio\/#website\",\"url\":\"https:\/\/gysfm.com.ar\/inicio\/\",\"name\":\"GYS NOTICIAS |\",\"description\":\"DIARIO - RADIO ONLINE SAN JUAN ARGENTINA\",\"publisher\":{\"@id\":\"https:\/\/gysfm.com.ar\/inicio\/#organization\"},\"potentialAction\":[{\"@type\":\"SearchAction\",\"target\":{\"@type\":\"EntryPoint\",\"urlTemplate\":\"https:\/\/gysfm.com.ar\/inicio\/?s={search_term_string}\"},\"query-input\":{\"@type\":\"PropertyValueSpecification\",\"valueRequired\":true,\"valueName\":\"search_term_string\"}}],\"inLanguage\":\"es\"},{\"@type\":\"Organization\",\"@id\":\"https:\/\/gysfm.com.ar\/inicio\/#organization\",\"name\":\"GYS NOTICIAS |\",\"url\":\"https:\/\/gysfm.com.ar\/inicio\/\",\"logo\":{\"@type\":\"ImageObject\",\"inLanguage\":\"es\",\"@id\":\"https:\/\/gysfm.com.ar\/inicio\/#\/schema\/logo\/image\/\",\"url\":\"https:\/\/gysfm.com.ar\/inicio\/wp-content\/uploads\/2023\/07\/LOGOGYS-OK.png\",\"contentUrl\":\"https:\/\/gysfm.com.ar\/inicio\/wp-content\/uploads\/2023\/07\/LOGOGYS-OK.png\",\"width\":1170,\"height\":872,\"caption\":\"GYS NOTICIAS |\"},\"image\":{\"@id\":\"https:\/\/gysfm.com.ar\/inicio\/#\/schema\/logo\/image\/\"}},{\"@type\":\"Person\",\"@id\":\"https:\/\/gysfm.com.ar\/inicio\/#\/schema\/person\/3abba7593ef2ad19e1be221d54383dc5\",\"name\":\"Prensa G&amp;S FM\",\"image\":{\"@type\":\"ImageObject\",\"inLanguage\":\"es\",\"@id\":\"https:\/\/gysfm.com.ar\/inicio\/#\/schema\/person\/image\/\",\"url\":\"https:\/\/secure.gravatar.com\/avatar\/096ec78df02049ab018702bb4ccedf659377fa92a26540b5247612077a0dbd29?s=96&d=mm&r=g\",\"contentUrl\":\"https:\/\/secure.gravatar.com\/avatar\/096ec78df02049ab018702bb4ccedf659377fa92a26540b5247612077a0dbd29?s=96&d=mm&r=g\",\"caption\":\"Prensa G&amp;S FM\"},\"sameAs\":[\"https:\/\/gysfm.com.ar\/\"],\"url\":\"https:\/\/gysfm.com.ar\/inicio\/author\/lucasm\/\"}]}<\/script>\n<!-- \/ Yoast SEO plugin. -->","yoast_head_json":{"title":"El Tesoro de EE.UU. emiti\u00f3 una moneda de 1 d\u00f3lar con la cara de Trump - GYS NOTICIAS |","robots":{"index":"index","follow":"follow","max-snippet":"max-snippet:-1","max-image-preview":"max-image-preview:large","max-video-preview":"max-video-preview:-1"},"canonical":"https:\/\/gysfm.com.ar\/inicio\/el-tesoro-de-ee-uu-emitio-una-moneda-de-1-dolar-con-la-cara-de-trump\/","og_locale":"es_ES","og_type":"article","og_title":"El Tesoro de EE.UU. emiti\u00f3 una moneda de 1 d\u00f3lar con la cara de Trump - GYS NOTICIAS |","og_description":"El Departamento del Tesoro de Estados Unidos emiti\u00f3 este mi\u00e9rcoles monedas de 1 d\u00f3lar con el rostro de Donald Trump, en el marco de la in\u00e9dita campa\u00f1a que emprendi\u00f3 el presidente republicano para dejar su impronta personal en las instituciones nacionales. Las monedas se acu\u00f1aron con motivo del aniversario 250 de la fundaci\u00f3n de Estados [&hellip;]","og_url":"https:\/\/gysfm.com.ar\/inicio\/el-tesoro-de-ee-uu-emitio-una-moneda-de-1-dolar-con-la-cara-de-trump\/","og_site_name":"GYS NOTICIAS |","article_published_time":"2026-09-03T06:12:06+00:00","article_modified_time":"2026-09-03T06:12:07+00:00","og_image":[{"width":1200,"height":800,"url":"https:\/\/gysfm.com.ar\/inicio\/wp-content\/uploads\/2026\/09\/el-presidente-donald-trump-en-la-oficina-oval-en-6DH7EC4NKRATJBS4FPK643PVE4.jpg","type":"image\/jpeg"}],"author":"Prensa G&amp;S FM","twitter_card":"summary_large_image","twitter_misc":{"Escrito por":"Prensa G&amp;S FM","Tiempo de lectura":"2 minutos"},"schema":{"@context":"https:\/\/schema.org","@graph":[{"@type":"Article","@id":"https:\/\/gysfm.com.ar\/inicio\/el-tesoro-de-ee-uu-emitio-una-moneda-de-1-dolar-con-la-cara-de-trump\/#article","isPartOf":{"@id":"https:\/\/gysfm.com.ar\/inicio\/el-tesoro-de-ee-uu-emitio-una-moneda-de-1-dolar-con-la-cara-de-trump\/"},"author":{"name":"Prensa G&amp;S FM","@id":"https:\/\/gysfm.com.ar\/inicio\/#\/schema\/person\/3abba7593ef2ad19e1be221d54383dc5"},"headline":"El Tesoro de EE.UU. emiti\u00f3 una moneda de 1 d\u00f3lar con la cara de Trump","datePublished":"2026-09-03T06:12:06+00:00","dateModified":"2026-09-03T06:12:07+00:00","mainEntityOfPage":{"@id":"https:\/\/gysfm.com.ar\/inicio\/el-tesoro-de-ee-uu-emitio-una-moneda-de-1-dolar-con-la-cara-de-trump\/"},"wordCount":457,"publisher":{"@id":"https:\/\/gysfm.com.ar\/inicio\/#organization"},"image":{"@id":"https:\/\/gysfm.com.ar\/inicio\/el-tesoro-de-ee-uu-emitio-una-moneda-de-1-dolar-con-la-cara-de-trump\/#primaryimage"},"thumbnailUrl":"https:\/\/gysfm.com.ar\/inicio\/wp-content\/uploads\/2026\/09\/el-presidente-donald-trump-en-la-oficina-oval-en-6DH7EC4NKRATJBS4FPK643PVE4.jpg","articleSection":["INTERNACIONALES"],"inLanguage":"es"},{"@type":"WebPage","@id":"https:\/\/gysfm.com.ar\/inicio\/el-tesoro-de-ee-uu-emitio-una-moneda-de-1-dolar-con-la-cara-de-trump\/","url":"https:\/\/gysfm.com.ar\/inicio\/el-tesoro-de-ee-uu-emitio-una-moneda-de-1-dolar-con-la-cara-de-trump\/","name":"El Tesoro de EE.UU. emiti\u00f3 una moneda de 1 d\u00f3lar con la cara de Trump - GYS NOTICIAS |","isPartOf":{"@id":"https:\/\/gysfm.com.ar\/inicio\/#website"},"primaryImageOfPage":{"@id":"https:\/\/gysfm.com.ar\/inicio\/el-tesoro-de-ee-uu-emitio-una-moneda-de-1-dolar-con-la-cara-de-trump\/#primaryimage"},"image":{"@id":"https:\/\/gysfm.com.ar\/inicio\/el-tesoro-de-ee-uu-emitio-una-moneda-de-1-dolar-con-la-cara-de-trump\/#primaryimage"},"thumbnailUrl":"https:\/\/gysfm.com.ar\/inicio\/wp-content\/uploads\/2026\/09\/el-presidente-donald-trump-en-la-oficina-oval-en-6DH7EC4NKRATJBS4FPK643PVE4.jpg","datePublished":"2026-09-03T06:12:06+00:00","dateModified":"2026-09-03T06:12:07+00:00","breadcrumb":{"@id":"https:\/\/gysfm.com.ar\/inicio\/el-tesoro-de-ee-uu-emitio-una-moneda-de-1-dolar-con-la-cara-de-trump\/#breadcrumb"},"inLanguage":"es","potentialAction":[{"@type":"ReadAction","target":["https:\/\/gysfm.com.ar\/inicio\/el-tesoro-de-ee-uu-emitio-una-moneda-de-1-dolar-con-la-cara-de-trump\/"]}]},{"@type":"ImageObject","inLanguage":"es","@id":"https:\/\/gysfm.com.ar\/inicio\/el-tesoro-de-ee-uu-emitio-una-moneda-de-1-dolar-con-la-cara-de-trump\/#primaryimage","url":"https:\/\/gysfm.com.ar\/inicio\/wp-content\/uploads\/2026\/09\/el-presidente-donald-trump-en-la-oficina-oval-en-6DH7EC4NKRATJBS4FPK643PVE4.jpg","contentUrl":"https:\/\/gysfm.com.ar\/inicio\/wp-content\/uploads\/2026\/09\/el-presidente-donald-trump-en-la-oficina-oval-en-6DH7EC4NKRATJBS4FPK643PVE4.jpg","width":1200,"height":800},{"@type":"BreadcrumbList","@id":"https:\/\/gysfm.com.ar\/inicio\/el-tesoro-de-ee-uu-emitio-una-moneda-de-1-dolar-con-la-cara-de-trump\/#breadcrumb","itemListElement":[{"@type":"ListItem","position":1,"name":"Portada","item":"https:\/\/gysfm.com.ar\/inicio\/"},{"@type":"ListItem","position":2,"name":"El Tesoro de EE.UU. emiti\u00f3 una moneda de 1 d\u00f3lar con la cara de Trump"}]},{"@type":"WebSite","@id":"https:\/\/gysfm.com.ar\/inicio\/#website","url":"https:\/\/gysfm.com.ar\/inicio\/","name":"GYS NOTICIAS |","description":"DIARIO - RADIO ONLINE SAN JUAN ARGENTINA","publisher":{"@id":"https:\/\/gysfm.com.ar\/inicio\/#organization"},"potentialAction":[{"@type":"SearchAction","target":{"@type":"EntryPoint","urlTemplate":"https:\/\/gysfm.com.ar\/inicio\/?s={search_term_string}"},"query-input":{"@type":"PropertyValueSpecification","valueRequired":true,"valueName":"search_term_string"}}],"inLanguage":"es"},{"@type":"Organization","@id":"https:\/\/gysfm.com.ar\/inicio\/#organization","name":"GYS NOTICIAS |","url":"https:\/\/gysfm.com.ar\/inicio\/","logo":{"@type":"ImageObject","inLanguage":"es","@id":"https:\/\/gysfm.com.ar\/inicio\/#\/schema\/logo\/image\/","url":"https:\/\/gysfm.com.ar\/inicio\/wp-content\/uploads\/2023\/07\/LOGOGYS-OK.png","contentUrl":"https:\/\/gysfm.com.ar\/inicio\/wp-content\/uploads\/2023\/07\/LOGOGYS-OK.png","width":1170,"height":872,"caption":"GYS NOTICIAS |"},"image":{"@id":"https:\/\/gysfm.com.ar\/inicio\/#\/schema\/logo\/image\/"}},{"@type":"Person","@id":"https:\/\/gysfm.com.ar\/inicio\/#\/schema\/person\/3abba7593ef2ad19e1be221d54383dc5","name":"Prensa G&amp;S FM","image":{"@type":"ImageObject","inLanguage":"es","@id":"https:\/\/gysfm.com.ar\/inicio\/#\/schema\/person\/image\/","url":"https:\/\/secure.gravatar.com\/avatar\/096ec78df02049ab018702bb4ccedf659377fa92a26540b5247612077a0dbd29?s=96&d=mm&r=g","contentUrl":"https:\/\/secure.gravatar.com\/avatar\/096ec78df02049ab018702bb4ccedf659377fa92a26540b5247612077a0dbd29?s=96&d=mm&r=g","caption":"Prensa G&amp;S FM"},"sameAs":["https:\/\/gysfm.com.ar\/"],"url":"https:\/\/gysfm.com.ar\/inicio\/author\/lucasm\/"}]}},"_links":{"self":[{"href":"https:\/\/gysfm.com.ar\/inicio\/wp-json\/wp\/v2\/posts\/210258","targetHints":{"allow":["GET"]}}],"collection":[{"href":"https:\/\/gysfm.com.ar\/inicio\/wp-json\/wp\/v2\/posts"}],"about":[{"href":"https:\/\/gysfm.com.ar\/inicio\/wp-json\/wp\/v2\/types\/post"}],"author":[{"embeddable":true,"href":"https:\/\/gysfm.com.ar\/inicio\/wp-json\/wp\/v2\/users\/2"}],"replies":[{"embeddable":true,"href":"https:\/\/gysfm.com.ar\/inicio\/wp-json\/wp\/v2\/comments?post=210258"}],"version-history":[{"count":1,"href":"https:\/\/gysfm.com.ar\/inicio\/wp-json\/wp\/v2\/posts\/210258\/revisions"}],"predecessor-version":[{"id":210260,"href":"https:\/\/gysfm.com.ar\/inicio\/wp-json\/wp\/v2\/posts\/210258\/revisions\/210260"}],"wp:featuredmedia":[{"embeddable":true,"href":"https:\/\/gysfm.com.ar\/inicio\/wp-json\/wp\/v2\/media\/210259"}],"wp:attachment":[{"href":"https:\/\/gysfm.com.ar\/inicio\/wp-json\/wp\/v2\/media?parent=210258"}],"wp:term":[{"taxonomy":"category","embeddable":true,"href":"https:\/\/gysfm.com.ar\/inicio\/wp-json\/wp\/v2\/categories?post=210258"},{"taxonomy":"post_tag","embeddable":true,"href":"https:\/\/gysfm.com.ar\/inicio\/wp-json\/wp\/v2\/tags?post=210258"}],"curies":[{"name":"wp","href":"https:\/\/api.w.org\/{rel}","templated":true}]}}