{"id":210255,"date":"2026-09-03T02:11:08","date_gmt":"2026-09-03T05:11:08","guid":{"rendered":"https:\/\/gysfm.com.ar\/inicio\/nicaragua-aprueba-una-reforma-para-excluir-a-opositores-de-las-elecciones-y-ee-uu-llama-a-romper-vinculos-con-la-dictadura\/"},"modified":"2026-09-03T02:11:09","modified_gmt":"2026-09-03T05:11:09","slug":"nicaragua-aprueba-una-reforma-para-excluir-a-opositores-de-las-elecciones-y-ee-uu-llama-a-romper-vinculos-con-la-dictadura","status":"publish","type":"post","link":"https:\/\/gysfm.com.ar\/inicio\/nicaragua-aprueba-una-reforma-para-excluir-a-opositores-de-las-elecciones-y-ee-uu-llama-a-romper-vinculos-con-la-dictadura\/","title":{"rendered":"Nicaragua aprueba una reforma para excluir a opositores de las elecciones y EE.UU. llama a romper v\u00ednculos con la dictadura"},"content":{"rendered":"<p> <br \/>\n<\/p>\n<div>\n<p class=\"com-paragraph --capital --s text-left\">MANAGUA.- La Asamblea de Nicaragua aprob\u00f3 el martes una reforma constitucional que <strong>proh\u00edbe la participaci\u00f3n de opositores en las elecciones <\/strong>por solicitud del mandatario<strong> Daniel Ortega<\/strong>, una medida que gener\u00f3 este mi\u00e9rcoles el pedido del gobierno de <strong>Estados Unidos a la comunidad internacional para que corte sus v\u00ednculos con la <\/strong><a href=\"https:\/\/www.lanacion.com.ar\/el-mundo\/por-que-el-regimen-de-nicaragua-escapa-del-radar-de-trump-mientras-venezuela-y-cuba-sufren-su-nid13062026\/\" target=\"_self\" title=\"https:\/\/www.lanacion.com.ar\/el-mundo\/por-que-el-regimen-de-nicaragua-escapa-del-radar-de-trump-mientras-venezuela-y-cuba-sufren-su-nid13062026\/\" class=\"com-link break-word\" data-mrf-recirculation=\"n_link_parrafo\"><strong>dictadura nicarag\u00fcense<\/strong><\/a>.<\/p>\n<p class=\"com-paragraph --s text-left\">La enmienda legislativa ampl\u00eda el mandato presidencial de seis a siete a\u00f1os y excluye de los comicios a quienes participen en la planificaci\u00f3n o ejecuci\u00f3n de un <strong>\u201cgolpe de Estado\u201d, a los \u201ctraidores a la patria\u201d o a aquellos que soliciten \u201cintervenci\u00f3n militar\u201d o \u201cbloqueos econ\u00f3micos\u201d<\/strong>.<strong> <\/strong>Tambi\u00e9n contempla que las leyes extranjeras no tendr\u00e1n efecto jur\u00eddico en Nicaragua.<\/p>\n<div class=\"content-media\">\n<section role=\"button\" class=\"mod-media   \">\n<figure role=\"button\" tabindex=\"0\" class=\"mod-figure \"><figcaption class=\"mod-figcaption\"><span class=\"com-text --caption --twoxs\">Ortega y su esposa, Rosario Murillo, encabezan un mitin en Managua<\/span><span class=\"com-text --credit --twoxs\">Alfredo Zuniga &#8211; AP<\/span><\/figcaption><\/figure>\n<\/section>\n<\/div>\n<p class=\"com-paragraph --s text-left\">El presidente del Parlamento, Gustavo Porras, asegur\u00f3 que las reformas fueron<strong> \u201caprobadas de forma un\u00e1nime\u201d<\/strong>, tras la votaci\u00f3n general del articulado en una sesi\u00f3n especial celebrada frente a la catedral de Le\u00f3n, 90 kil\u00f3metros al noroeste de Managua.<\/p>\n<p class=\"com-paragraph --s text-left\"><strong>La ampliaci\u00f3n del mandato a siete a\u00f1os tambi\u00e9n regir\u00e1 para las actuales autoridades<\/strong>. La reforma fue impulsada por Ortega el pasado 19 de julio durante el aniversario de la revoluci\u00f3n sandinista y desat\u00f3 un amplio rechazo internacional.<\/p>\n<p class=\"com-paragraph --s text-left\"><strong>La segunda legislatura deber\u00e1 ratificar la medida a comienzos de 2027<\/strong>, lo que se da por hecho.<\/p>\n<div class=\"content-media\">\n<section role=\"button\" class=\"mod-media   \">\n<figure role=\"button\" tabindex=\"0\" class=\"mod-figure \"><figcaption class=\"mod-figcaption\"><span class=\"com-text --caption --twoxs\">Polic\u00edas nicarag\u00fcenses se toman una foto con el presidente Daniel Ortega en Masaya<\/span><span class=\"com-text --credit --twoxs\">Cristobal Venegas &#8211; AP<\/span><\/figcaption><\/figure>\n<\/section>\n<\/div>\n<p class=\"com-paragraph --s\">\u201cSomos los nicarag\u00fcenses los que decidimos <strong>cu\u00e1ndo y c\u00f3mo ser\u00e1n nuestras elecciones<\/strong>\u201c, declar\u00f3 Porras semanas atr\u00e1s a medios afines al gobierno, y detall\u00f3 que la iniciativa del mandatario se transformar\u00e1 en \u201cleyes\u201d.<\/p>\n<p class=\"com-paragraph --s text-left\">Ortega, un exguerrillero izquierdista de 80 a\u00f1os y su esposa y copresidenta, <strong>Rosario Murillo<\/strong>, de 75 a\u00f1os, gobiernan con poder absoluto y un fuerte control sobre la sociedad, especialmente tras las protestas de 2018 cuya represi\u00f3n dej\u00f3 <strong>m\u00e1s de 300 muertos<\/strong>, seg\u00fan cifras de la ONU.<\/p>\n<p class=\"com-paragraph --s text-left\">La pareja presidencial, <strong>en el poder desde hace casi dos d\u00e9cadas<\/strong>, considera que esas manifestaciones fueron un \u201cintento de golpe de Estado\u201d patrocinado por Estados Unidos, que tilda al gobierno de \u201cdictadura\u201d.<\/p>\n<p class=\"com-paragraph --s text-left\">El gobierno de Estados Unidos inst\u00f3 este mi\u00e9rcoles a sus socios internacionales a detener de inmediato las operaciones <strong>\u201ccomo de costumbre\u201d con el gobierno de Nicaragua<\/strong>,<strong> <\/strong>dijo el secretario de Estado<strong> Marco Rubio<\/strong> en un comunicado el mi\u00e9rcoles. <\/p>\n<div class=\"content-media\">\n<section role=\"button\" class=\"mod-media   \">\n<figure role=\"button\" tabindex=\"0\" class=\"mod-figure \"><figcaption class=\"mod-figcaption\"><span class=\"com-text --caption --twoxs\">Un evento para conmemorar el 47\u00ba aniversario de la Revoluci\u00f3n Nicarag\u00fcense en Managua<\/span><span class=\"com-text --credit --twoxs\">CESAR PEREZ &#8211; El 19 DIGITAL<\/span><\/figcaption><\/figure>\n<\/section>\n<\/div>\n<p class=\"com-paragraph --s text-left\">Rubio inst\u00f3 a sus socios internacionales a<strong> romper las relaciones econ\u00f3micas <\/strong>con el pa\u00eds centroamericano porque \u201clas dictaduras que niegan los derechos inalienables de sus ciudadanos no deber\u00edan disfrutar de los mismos beneficios econ\u00f3micos ni pol\u00edticos\u201d, que el resto de los Estados.<\/p>\n<p class=\"com-paragraph --s text-left\">El funcionario del gobierno de <strong>Donald Trump<\/strong> agreg\u00f3 que Washington sigue comprometido a abordar las<strong> violaciones de derechos humanos<\/strong> por parte del r\u00e9gimen. <\/p>\n<p class=\"com-paragraph --s text-left\">Por iniciativa de Estados Unidos, la Organizaci\u00f3n de Estados Americanos (OEA) aprob\u00f3 hace dos semanas <strong>una reuni\u00f3n urgente de cancilleres<\/strong>, cuya fecha no ha sido definida, para debatir sanciones contra Nicaragua.<\/p>\n<p class=\"com-paragraph --s text-left\">\u201cEsperamos que los ministros (&#8230;) puedan tomar decisiones individuales, colectivas, para castigar, para ejercer m\u00e1s presi\u00f3n sobre Nicaragua\u201d, afirm\u00f3 el pasado domingo el secretario general de la OEA, Albert Ramdin, en una entrevista.<\/p>\n<div class=\"content-media\">\n<section role=\"button\" class=\"mod-media   \">\n<figure role=\"button\" tabindex=\"0\" class=\"mod-figure \"><figcaption class=\"mod-figcaption\"><span class=\"com-text --caption --twoxs\">El presidente de Nicaragua, Daniel Ortega, saluda junto a su esposa y copresidenta, Rosario Murillo, durante un acto para conmemorar el 47\u00ba aniversario de la Revoluci\u00f3n Nicarag\u00fcense en Managua<\/span><span class=\"com-text --credit --twoxs\">CESAR PEREZ &#8211; El 19 DIGITAL<\/span><\/figcaption><\/figure>\n<\/section>\n<\/div>\n<p class=\"com-paragraph --s text-left\">A pesar de los anuncios y los pedidos de presi\u00f3n, Estados Unidos es <strong>el principal socio comercial de Nicaragua<\/strong>,<strong> <\/strong>que tambi\u00e9n recibe cr\u00e9dito de bancos internacionales y del FMI, por lo que la oposici\u00f3n ha pedido a la comunidad internacionales sanciones econ\u00f3micas.<\/p>\n<p class=\"com-paragraph --s text-left\">Ortega gobern\u00f3 en la d\u00e9cada de 1980 y volvi\u00f3 al poder en 2007, tras lo cual fue reelegido tres veces en cuestionados comicios. En los \u00faltimos, hace cinco a\u00f1os, <strong>encarcel\u00f3 a opositores y el Frente Sandinista de Liberaci\u00f3n Nacional (FSLN) gan\u00f3 ampliamente sin rivales<\/strong>.<\/p>\n<p class=\"com-paragraph --s text-left\">En 2024, una reforma a la Constituci\u00f3n ampli\u00f3 el per\u00edodo presidencial de cinco a seis a\u00f1os y elev\u00f3 a Murillo, entonces vicepresidenta, al puesto de copresidenta.<\/p>\n<p class=\"com-paragraph --s text-left\">Adem\u00e1s, aplaz\u00f3 para noviembre de 2027 los comicios que deb\u00edan realizarse a finales de este a\u00f1o.<\/p>\n<p class=\"com-paragraph --s text-left\"><strong>\u201cAqu\u00ed no volver\u00e1 a haber elecciones&#8230; Jam\u00e1s, jam\u00e1s, jam\u00e1s\u201d<\/strong>, dijo durante el aniversario de la Revoluci\u00f3n Sandinista que derroc\u00f3 a la dictadura de Anastasio Somoza en 1979 y lo llev\u00f3 por primera vez al poder.<\/p>\n<p class=\"com-paragraph --s text-left\">Durante ese evento, agreg\u00f3 que \u201caqu\u00ed se acab\u00f3 la historia de que <strong>los partidos puestos por los yanquis, puestos por los somocistas, volver\u00e1n a llegar al gobierno\u201d. <\/strong><\/p>\n<p class=\"com-paragraph --s text-left\"><strong>Agencias AP, Reuters y AFP<\/strong><\/p>\n<section class=\"container-center-100 mb-40 border border-bottom border-thin border-neutral-light-700\">\n<hr\/>\n<\/section>\n<\/div>\n<p><script id=\"facebookpixel\" defer=\"\" type=\"text\/javascript\">\n        !function(f,b,e,v,n,t,s)\n        {if(f.fbq)return;n=f.fbq=function(){n.callMethod?\n        n.callMethod.apply(n,arguments):n.queue.push(arguments)};\n        if(!f._fbq)f._fbq=n;n.push=n;n.loaded=!0;n.version='2.0';\n        n.queue=[];t=b.createElement(e);t.async=!0;\n        t.src=v;s=b.getElementsByTagName(e)[0];\n        s.parentNode.insertBefore(t,s)}(window, document,'script',\n        'https:\/\/connect.facebook.net\/en_US\/fbevents.js');\n        fbq('init', '492459597522335');\n        fbq('track', 'PageView');\n    <\/script><br \/>\n<br \/><\/p>\n","protected":false},"excerpt":{"rendered":"<p>MANAGUA.- La Asamblea de Nicaragua aprob\u00f3 el martes una reforma constitucional que proh\u00edbe la participaci\u00f3n de opositores en las elecciones por solicitud del mandatario Daniel Ortega, una medida que gener\u00f3 este mi\u00e9rcoles el pedido del gobierno de Estados Unidos a la comunidad internacional para que corte sus v\u00ednculos con la dictadura nicarag\u00fcense. La enmienda legislativa [&hellip;]<\/p>\n","protected":false},"author":2,"featured_media":210256,"comment_status":"closed","ping_status":"closed","sticky":false,"template":"","format":"standard","meta":{"footnotes":""},"categories":[26],"tags":[],"class_list":["post-210255","post","type-post","status-publish","format-standard","has-post-thumbnail","hentry","category-internacionales"],"yoast_head":"<!-- This site is optimized with the Yoast SEO plugin v24.4 - https:\/\/yoast.com\/wordpress\/plugins\/seo\/ -->\n<title>Nicaragua aprueba una reforma para excluir a opositores de las elecciones y EE.UU. llama a romper v\u00ednculos con la dictadura - GYS NOTICIAS |<\/title>\n<meta name=\"robots\" content=\"index, follow, max-snippet:-1, max-image-preview:large, max-video-preview:-1\" \/>\n<link rel=\"canonical\" href=\"https:\/\/gysfm.com.ar\/inicio\/nicaragua-aprueba-una-reforma-para-excluir-a-opositores-de-las-elecciones-y-ee-uu-llama-a-romper-vinculos-con-la-dictadura\/\" \/>\n<meta property=\"og:locale\" content=\"es_ES\" \/>\n<meta property=\"og:type\" content=\"article\" \/>\n<meta property=\"og:title\" content=\"Nicaragua aprueba una reforma para excluir a opositores de las elecciones y EE.UU. llama a romper v\u00ednculos con la dictadura - GYS NOTICIAS |\" \/>\n<meta property=\"og:description\" content=\"MANAGUA.- La Asamblea de Nicaragua aprob\u00f3 el martes una reforma constitucional que proh\u00edbe la participaci\u00f3n de opositores en las elecciones por solicitud del mandatario Daniel Ortega, una medida que gener\u00f3 este mi\u00e9rcoles el pedido del gobierno de Estados Unidos a la comunidad internacional para que corte sus v\u00ednculos con la dictadura nicarag\u00fcense. La enmienda legislativa [&hellip;]\" \/>\n<meta property=\"og:url\" content=\"https:\/\/gysfm.com.ar\/inicio\/nicaragua-aprueba-una-reforma-para-excluir-a-opositores-de-las-elecciones-y-ee-uu-llama-a-romper-vinculos-con-la-dictadura\/\" \/>\n<meta property=\"og:site_name\" content=\"GYS NOTICIAS |\" \/>\n<meta property=\"article:published_time\" content=\"2026-09-03T05:11:08+00:00\" \/>\n<meta property=\"article:modified_time\" content=\"2026-09-03T05:11:09+00:00\" \/>\n<meta property=\"og:image\" content=\"https:\/\/gysfm.com.ar\/inicio\/wp-content\/uploads\/2026\/09\/ortega-saluda-durante-un-acto-para-conmemorar-el-XHM27QDJLVCRTHL6P343VJFFTQ.JPG\" \/>\n\t<meta property=\"og:image:width\" content=\"1200\" \/>\n\t<meta property=\"og:image:height\" content=\"800\" \/>\n\t<meta property=\"og:image:type\" content=\"image\/jpeg\" \/>\n<meta name=\"author\" content=\"Prensa G&amp;S FM\" \/>\n<meta name=\"twitter:card\" content=\"summary_large_image\" \/>\n<meta name=\"twitter:label1\" content=\"Escrito por\" \/>\n\t<meta name=\"twitter:data1\" content=\"Prensa G&amp;S FM\" \/>\n\t<meta name=\"twitter:label2\" content=\"Tiempo de lectura\" \/>\n\t<meta name=\"twitter:data2\" content=\"4 minutos\" \/>\n<script type=\"application\/ld+json\" class=\"yoast-schema-graph\">{\"@context\":\"https:\/\/schema.org\",\"@graph\":[{\"@type\":\"Article\",\"@id\":\"https:\/\/gysfm.com.ar\/inicio\/nicaragua-aprueba-una-reforma-para-excluir-a-opositores-de-las-elecciones-y-ee-uu-llama-a-romper-vinculos-con-la-dictadura\/#article\",\"isPartOf\":{\"@id\":\"https:\/\/gysfm.com.ar\/inicio\/nicaragua-aprueba-una-reforma-para-excluir-a-opositores-de-las-elecciones-y-ee-uu-llama-a-romper-vinculos-con-la-dictadura\/\"},\"author\":{\"name\":\"Prensa G&amp;S FM\",\"@id\":\"https:\/\/gysfm.com.ar\/inicio\/#\/schema\/person\/3abba7593ef2ad19e1be221d54383dc5\"},\"headline\":\"Nicaragua aprueba una reforma para excluir a opositores de las elecciones y EE.UU. llama a romper v\u00ednculos con la dictadura\",\"datePublished\":\"2026-09-03T05:11:08+00:00\",\"dateModified\":\"2026-09-03T05:11:09+00:00\",\"mainEntityOfPage\":{\"@id\":\"https:\/\/gysfm.com.ar\/inicio\/nicaragua-aprueba-una-reforma-para-excluir-a-opositores-de-las-elecciones-y-ee-uu-llama-a-romper-vinculos-con-la-dictadura\/\"},\"wordCount\":839,\"publisher\":{\"@id\":\"https:\/\/gysfm.com.ar\/inicio\/#organization\"},\"image\":{\"@id\":\"https:\/\/gysfm.com.ar\/inicio\/nicaragua-aprueba-una-reforma-para-excluir-a-opositores-de-las-elecciones-y-ee-uu-llama-a-romper-vinculos-con-la-dictadura\/#primaryimage\"},\"thumbnailUrl\":\"https:\/\/gysfm.com.ar\/inicio\/wp-content\/uploads\/2026\/09\/ortega-saluda-durante-un-acto-para-conmemorar-el-XHM27QDJLVCRTHL6P343VJFFTQ.JPG\",\"articleSection\":[\"INTERNACIONALES\"],\"inLanguage\":\"es\"},{\"@type\":\"WebPage\",\"@id\":\"https:\/\/gysfm.com.ar\/inicio\/nicaragua-aprueba-una-reforma-para-excluir-a-opositores-de-las-elecciones-y-ee-uu-llama-a-romper-vinculos-con-la-dictadura\/\",\"url\":\"https:\/\/gysfm.com.ar\/inicio\/nicaragua-aprueba-una-reforma-para-excluir-a-opositores-de-las-elecciones-y-ee-uu-llama-a-romper-vinculos-con-la-dictadura\/\",\"name\":\"Nicaragua aprueba una reforma para excluir a opositores de las elecciones y EE.UU. llama a romper v\u00ednculos con la dictadura - GYS NOTICIAS |\",\"isPartOf\":{\"@id\":\"https:\/\/gysfm.com.ar\/inicio\/#website\"},\"primaryImageOfPage\":{\"@id\":\"https:\/\/gysfm.com.ar\/inicio\/nicaragua-aprueba-una-reforma-para-excluir-a-opositores-de-las-elecciones-y-ee-uu-llama-a-romper-vinculos-con-la-dictadura\/#primaryimage\"},\"image\":{\"@id\":\"https:\/\/gysfm.com.ar\/inicio\/nicaragua-aprueba-una-reforma-para-excluir-a-opositores-de-las-elecciones-y-ee-uu-llama-a-romper-vinculos-con-la-dictadura\/#primaryimage\"},\"thumbnailUrl\":\"https:\/\/gysfm.com.ar\/inicio\/wp-content\/uploads\/2026\/09\/ortega-saluda-durante-un-acto-para-conmemorar-el-XHM27QDJLVCRTHL6P343VJFFTQ.JPG\",\"datePublished\":\"2026-09-03T05:11:08+00:00\",\"dateModified\":\"2026-09-03T05:11:09+00:00\",\"breadcrumb\":{\"@id\":\"https:\/\/gysfm.com.ar\/inicio\/nicaragua-aprueba-una-reforma-para-excluir-a-opositores-de-las-elecciones-y-ee-uu-llama-a-romper-vinculos-con-la-dictadura\/#breadcrumb\"},\"inLanguage\":\"es\",\"potentialAction\":[{\"@type\":\"ReadAction\",\"target\":[\"https:\/\/gysfm.com.ar\/inicio\/nicaragua-aprueba-una-reforma-para-excluir-a-opositores-de-las-elecciones-y-ee-uu-llama-a-romper-vinculos-con-la-dictadura\/\"]}]},{\"@type\":\"ImageObject\",\"inLanguage\":\"es\",\"@id\":\"https:\/\/gysfm.com.ar\/inicio\/nicaragua-aprueba-una-reforma-para-excluir-a-opositores-de-las-elecciones-y-ee-uu-llama-a-romper-vinculos-con-la-dictadura\/#primaryimage\",\"url\":\"https:\/\/gysfm.com.ar\/inicio\/wp-content\/uploads\/2026\/09\/ortega-saluda-durante-un-acto-para-conmemorar-el-XHM27QDJLVCRTHL6P343VJFFTQ.JPG\",\"contentUrl\":\"https:\/\/gysfm.com.ar\/inicio\/wp-content\/uploads\/2026\/09\/ortega-saluda-durante-un-acto-para-conmemorar-el-XHM27QDJLVCRTHL6P343VJFFTQ.JPG\",\"width\":1200,\"height\":800},{\"@type\":\"BreadcrumbList\",\"@id\":\"https:\/\/gysfm.com.ar\/inicio\/nicaragua-aprueba-una-reforma-para-excluir-a-opositores-de-las-elecciones-y-ee-uu-llama-a-romper-vinculos-con-la-dictadura\/#breadcrumb\",\"itemListElement\":[{\"@type\":\"ListItem\",\"position\":1,\"name\":\"Portada\",\"item\":\"https:\/\/gysfm.com.ar\/inicio\/\"},{\"@type\":\"ListItem\",\"position\":2,\"name\":\"Nicaragua aprueba una reforma para excluir a opositores de las elecciones y EE.UU. llama a romper v\u00ednculos con la dictadura\"}]},{\"@type\":\"WebSite\",\"@id\":\"https:\/\/gysfm.com.ar\/inicio\/#website\",\"url\":\"https:\/\/gysfm.com.ar\/inicio\/\",\"name\":\"GYS NOTICIAS |\",\"description\":\"DIARIO - RADIO ONLINE SAN JUAN ARGENTINA\",\"publisher\":{\"@id\":\"https:\/\/gysfm.com.ar\/inicio\/#organization\"},\"potentialAction\":[{\"@type\":\"SearchAction\",\"target\":{\"@type\":\"EntryPoint\",\"urlTemplate\":\"https:\/\/gysfm.com.ar\/inicio\/?s={search_term_string}\"},\"query-input\":{\"@type\":\"PropertyValueSpecification\",\"valueRequired\":true,\"valueName\":\"search_term_string\"}}],\"inLanguage\":\"es\"},{\"@type\":\"Organization\",\"@id\":\"https:\/\/gysfm.com.ar\/inicio\/#organization\",\"name\":\"GYS NOTICIAS |\",\"url\":\"https:\/\/gysfm.com.ar\/inicio\/\",\"logo\":{\"@type\":\"ImageObject\",\"inLanguage\":\"es\",\"@id\":\"https:\/\/gysfm.com.ar\/inicio\/#\/schema\/logo\/image\/\",\"url\":\"https:\/\/gysfm.com.ar\/inicio\/wp-content\/uploads\/2023\/07\/LOGOGYS-OK.png\",\"contentUrl\":\"https:\/\/gysfm.com.ar\/inicio\/wp-content\/uploads\/2023\/07\/LOGOGYS-OK.png\",\"width\":1170,\"height\":872,\"caption\":\"GYS NOTICIAS |\"},\"image\":{\"@id\":\"https:\/\/gysfm.com.ar\/inicio\/#\/schema\/logo\/image\/\"}},{\"@type\":\"Person\",\"@id\":\"https:\/\/gysfm.com.ar\/inicio\/#\/schema\/person\/3abba7593ef2ad19e1be221d54383dc5\",\"name\":\"Prensa G&amp;S FM\",\"image\":{\"@type\":\"ImageObject\",\"inLanguage\":\"es\",\"@id\":\"https:\/\/gysfm.com.ar\/inicio\/#\/schema\/person\/image\/\",\"url\":\"https:\/\/secure.gravatar.com\/avatar\/096ec78df02049ab018702bb4ccedf659377fa92a26540b5247612077a0dbd29?s=96&d=mm&r=g\",\"contentUrl\":\"https:\/\/secure.gravatar.com\/avatar\/096ec78df02049ab018702bb4ccedf659377fa92a26540b5247612077a0dbd29?s=96&d=mm&r=g\",\"caption\":\"Prensa G&amp;S FM\"},\"sameAs\":[\"https:\/\/gysfm.com.ar\/\"],\"url\":\"https:\/\/gysfm.com.ar\/inicio\/author\/lucasm\/\"}]}<\/script>\n<!-- \/ Yoast SEO plugin. -->","yoast_head_json":{"title":"Nicaragua aprueba una reforma para excluir a opositores de las elecciones y EE.UU. llama a romper v\u00ednculos con la dictadura - GYS NOTICIAS |","robots":{"index":"index","follow":"follow","max-snippet":"max-snippet:-1","max-image-preview":"max-image-preview:large","max-video-preview":"max-video-preview:-1"},"canonical":"https:\/\/gysfm.com.ar\/inicio\/nicaragua-aprueba-una-reforma-para-excluir-a-opositores-de-las-elecciones-y-ee-uu-llama-a-romper-vinculos-con-la-dictadura\/","og_locale":"es_ES","og_type":"article","og_title":"Nicaragua aprueba una reforma para excluir a opositores de las elecciones y EE.UU. llama a romper v\u00ednculos con la dictadura - GYS NOTICIAS |","og_description":"MANAGUA.- La Asamblea de Nicaragua aprob\u00f3 el martes una reforma constitucional que proh\u00edbe la participaci\u00f3n de opositores en las elecciones por solicitud del mandatario Daniel Ortega, una medida que gener\u00f3 este mi\u00e9rcoles el pedido del gobierno de Estados Unidos a la comunidad internacional para que corte sus v\u00ednculos con la dictadura nicarag\u00fcense. La enmienda legislativa [&hellip;]","og_url":"https:\/\/gysfm.com.ar\/inicio\/nicaragua-aprueba-una-reforma-para-excluir-a-opositores-de-las-elecciones-y-ee-uu-llama-a-romper-vinculos-con-la-dictadura\/","og_site_name":"GYS NOTICIAS |","article_published_time":"2026-09-03T05:11:08+00:00","article_modified_time":"2026-09-03T05:11:09+00:00","og_image":[{"width":1200,"height":800,"url":"https:\/\/gysfm.com.ar\/inicio\/wp-content\/uploads\/2026\/09\/ortega-saluda-durante-un-acto-para-conmemorar-el-XHM27QDJLVCRTHL6P343VJFFTQ.JPG","type":"image\/jpeg"}],"author":"Prensa G&amp;S FM","twitter_card":"summary_large_image","twitter_misc":{"Escrito por":"Prensa G&amp;S FM","Tiempo de lectura":"4 minutos"},"schema":{"@context":"https:\/\/schema.org","@graph":[{"@type":"Article","@id":"https:\/\/gysfm.com.ar\/inicio\/nicaragua-aprueba-una-reforma-para-excluir-a-opositores-de-las-elecciones-y-ee-uu-llama-a-romper-vinculos-con-la-dictadura\/#article","isPartOf":{"@id":"https:\/\/gysfm.com.ar\/inicio\/nicaragua-aprueba-una-reforma-para-excluir-a-opositores-de-las-elecciones-y-ee-uu-llama-a-romper-vinculos-con-la-dictadura\/"},"author":{"name":"Prensa G&amp;S FM","@id":"https:\/\/gysfm.com.ar\/inicio\/#\/schema\/person\/3abba7593ef2ad19e1be221d54383dc5"},"headline":"Nicaragua aprueba una reforma para excluir a opositores de las elecciones y EE.UU. llama a romper v\u00ednculos con la dictadura","datePublished":"2026-09-03T05:11:08+00:00","dateModified":"2026-09-03T05:11:09+00:00","mainEntityOfPage":{"@id":"https:\/\/gysfm.com.ar\/inicio\/nicaragua-aprueba-una-reforma-para-excluir-a-opositores-de-las-elecciones-y-ee-uu-llama-a-romper-vinculos-con-la-dictadura\/"},"wordCount":839,"publisher":{"@id":"https:\/\/gysfm.com.ar\/inicio\/#organization"},"image":{"@id":"https:\/\/gysfm.com.ar\/inicio\/nicaragua-aprueba-una-reforma-para-excluir-a-opositores-de-las-elecciones-y-ee-uu-llama-a-romper-vinculos-con-la-dictadura\/#primaryimage"},"thumbnailUrl":"https:\/\/gysfm.com.ar\/inicio\/wp-content\/uploads\/2026\/09\/ortega-saluda-durante-un-acto-para-conmemorar-el-XHM27QDJLVCRTHL6P343VJFFTQ.JPG","articleSection":["INTERNACIONALES"],"inLanguage":"es"},{"@type":"WebPage","@id":"https:\/\/gysfm.com.ar\/inicio\/nicaragua-aprueba-una-reforma-para-excluir-a-opositores-de-las-elecciones-y-ee-uu-llama-a-romper-vinculos-con-la-dictadura\/","url":"https:\/\/gysfm.com.ar\/inicio\/nicaragua-aprueba-una-reforma-para-excluir-a-opositores-de-las-elecciones-y-ee-uu-llama-a-romper-vinculos-con-la-dictadura\/","name":"Nicaragua aprueba una reforma para excluir a opositores de las elecciones y EE.UU. llama a romper v\u00ednculos con la dictadura - GYS NOTICIAS |","isPartOf":{"@id":"https:\/\/gysfm.com.ar\/inicio\/#website"},"primaryImageOfPage":{"@id":"https:\/\/gysfm.com.ar\/inicio\/nicaragua-aprueba-una-reforma-para-excluir-a-opositores-de-las-elecciones-y-ee-uu-llama-a-romper-vinculos-con-la-dictadura\/#primaryimage"},"image":{"@id":"https:\/\/gysfm.com.ar\/inicio\/nicaragua-aprueba-una-reforma-para-excluir-a-opositores-de-las-elecciones-y-ee-uu-llama-a-romper-vinculos-con-la-dictadura\/#primaryimage"},"thumbnailUrl":"https:\/\/gysfm.com.ar\/inicio\/wp-content\/uploads\/2026\/09\/ortega-saluda-durante-un-acto-para-conmemorar-el-XHM27QDJLVCRTHL6P343VJFFTQ.JPG","datePublished":"2026-09-03T05:11:08+00:00","dateModified":"2026-09-03T05:11:09+00:00","breadcrumb":{"@id":"https:\/\/gysfm.com.ar\/inicio\/nicaragua-aprueba-una-reforma-para-excluir-a-opositores-de-las-elecciones-y-ee-uu-llama-a-romper-vinculos-con-la-dictadura\/#breadcrumb"},"inLanguage":"es","potentialAction":[{"@type":"ReadAction","target":["https:\/\/gysfm.com.ar\/inicio\/nicaragua-aprueba-una-reforma-para-excluir-a-opositores-de-las-elecciones-y-ee-uu-llama-a-romper-vinculos-con-la-dictadura\/"]}]},{"@type":"ImageObject","inLanguage":"es","@id":"https:\/\/gysfm.com.ar\/inicio\/nicaragua-aprueba-una-reforma-para-excluir-a-opositores-de-las-elecciones-y-ee-uu-llama-a-romper-vinculos-con-la-dictadura\/#primaryimage","url":"https:\/\/gysfm.com.ar\/inicio\/wp-content\/uploads\/2026\/09\/ortega-saluda-durante-un-acto-para-conmemorar-el-XHM27QDJLVCRTHL6P343VJFFTQ.JPG","contentUrl":"https:\/\/gysfm.com.ar\/inicio\/wp-content\/uploads\/2026\/09\/ortega-saluda-durante-un-acto-para-conmemorar-el-XHM27QDJLVCRTHL6P343VJFFTQ.JPG","width":1200,"height":800},{"@type":"BreadcrumbList","@id":"https:\/\/gysfm.com.ar\/inicio\/nicaragua-aprueba-una-reforma-para-excluir-a-opositores-de-las-elecciones-y-ee-uu-llama-a-romper-vinculos-con-la-dictadura\/#breadcrumb","itemListElement":[{"@type":"ListItem","position":1,"name":"Portada","item":"https:\/\/gysfm.com.ar\/inicio\/"},{"@type":"ListItem","position":2,"name":"Nicaragua aprueba una reforma para excluir a opositores de las elecciones y EE.UU. llama a romper v\u00ednculos con la dictadura"}]},{"@type":"WebSite","@id":"https:\/\/gysfm.com.ar\/inicio\/#website","url":"https:\/\/gysfm.com.ar\/inicio\/","name":"GYS NOTICIAS |","description":"DIARIO - RADIO ONLINE SAN JUAN ARGENTINA","publisher":{"@id":"https:\/\/gysfm.com.ar\/inicio\/#organization"},"potentialAction":[{"@type":"SearchAction","target":{"@type":"EntryPoint","urlTemplate":"https:\/\/gysfm.com.ar\/inicio\/?s={search_term_string}"},"query-input":{"@type":"PropertyValueSpecification","valueRequired":true,"valueName":"search_term_string"}}],"inLanguage":"es"},{"@type":"Organization","@id":"https:\/\/gysfm.com.ar\/inicio\/#organization","name":"GYS NOTICIAS |","url":"https:\/\/gysfm.com.ar\/inicio\/","logo":{"@type":"ImageObject","inLanguage":"es","@id":"https:\/\/gysfm.com.ar\/inicio\/#\/schema\/logo\/image\/","url":"https:\/\/gysfm.com.ar\/inicio\/wp-content\/uploads\/2023\/07\/LOGOGYS-OK.png","contentUrl":"https:\/\/gysfm.com.ar\/inicio\/wp-content\/uploads\/2023\/07\/LOGOGYS-OK.png","width":1170,"height":872,"caption":"GYS NOTICIAS |"},"image":{"@id":"https:\/\/gysfm.com.ar\/inicio\/#\/schema\/logo\/image\/"}},{"@type":"Person","@id":"https:\/\/gysfm.com.ar\/inicio\/#\/schema\/person\/3abba7593ef2ad19e1be221d54383dc5","name":"Prensa G&amp;S FM","image":{"@type":"ImageObject","inLanguage":"es","@id":"https:\/\/gysfm.com.ar\/inicio\/#\/schema\/person\/image\/","url":"https:\/\/secure.gravatar.com\/avatar\/096ec78df02049ab018702bb4ccedf659377fa92a26540b5247612077a0dbd29?s=96&d=mm&r=g","contentUrl":"https:\/\/secure.gravatar.com\/avatar\/096ec78df02049ab018702bb4ccedf659377fa92a26540b5247612077a0dbd29?s=96&d=mm&r=g","caption":"Prensa G&amp;S FM"},"sameAs":["https:\/\/gysfm.com.ar\/"],"url":"https:\/\/gysfm.com.ar\/inicio\/author\/lucasm\/"}]}},"_links":{"self":[{"href":"https:\/\/gysfm.com.ar\/inicio\/wp-json\/wp\/v2\/posts\/210255","targetHints":{"allow":["GET"]}}],"collection":[{"href":"https:\/\/gysfm.com.ar\/inicio\/wp-json\/wp\/v2\/posts"}],"about":[{"href":"https:\/\/gysfm.com.ar\/inicio\/wp-json\/wp\/v2\/types\/post"}],"author":[{"embeddable":true,"href":"https:\/\/gysfm.com.ar\/inicio\/wp-json\/wp\/v2\/users\/2"}],"replies":[{"embeddable":true,"href":"https:\/\/gysfm.com.ar\/inicio\/wp-json\/wp\/v2\/comments?post=210255"}],"version-history":[{"count":1,"href":"https:\/\/gysfm.com.ar\/inicio\/wp-json\/wp\/v2\/posts\/210255\/revisions"}],"predecessor-version":[{"id":210257,"href":"https:\/\/gysfm.com.ar\/inicio\/wp-json\/wp\/v2\/posts\/210255\/revisions\/210257"}],"wp:featuredmedia":[{"embeddable":true,"href":"https:\/\/gysfm.com.ar\/inicio\/wp-json\/wp\/v2\/media\/210256"}],"wp:attachment":[{"href":"https:\/\/gysfm.com.ar\/inicio\/wp-json\/wp\/v2\/media?parent=210255"}],"wp:term":[{"taxonomy":"category","embeddable":true,"href":"https:\/\/gysfm.com.ar\/inicio\/wp-json\/wp\/v2\/categories?post=210255"},{"taxonomy":"post_tag","embeddable":true,"href":"https:\/\/gysfm.com.ar\/inicio\/wp-json\/wp\/v2\/tags?post=210255"}],"curies":[{"name":"wp","href":"https:\/\/api.w.org\/{rel}","templated":true}]}}