{"id":210252,"date":"2026-09-03T01:10:05","date_gmt":"2026-09-03T04:10:05","guid":{"rendered":"https:\/\/gysfm.com.ar\/inicio\/trump-envia-un-mensaje-a-iran-y-dice-que-el-estrecho-de-ormuz-deberia-llevar-su-nombre\/"},"modified":"2026-09-03T01:10:06","modified_gmt":"2026-09-03T04:10:06","slug":"trump-envia-un-mensaje-a-iran-y-dice-que-el-estrecho-de-ormuz-deberia-llevar-su-nombre","status":"publish","type":"post","link":"https:\/\/gysfm.com.ar\/inicio\/trump-envia-un-mensaje-a-iran-y-dice-que-el-estrecho-de-ormuz-deberia-llevar-su-nombre\/","title":{"rendered":"Trump env\u00eda un mensaje a Ir\u00e1n y dice que el estrecho de Ormuz deber\u00eda llevar su nombre"},"content":{"rendered":"<p> <br \/>\n<\/p>\n<div>\n<p class=\"com-paragraph --capital --s\">En medio de la nueva escalada de tensi\u00f3n entre Estados Unidos e Ir\u00e1n, tras los <a href=\"https:\/\/www.lanacion.com.ar\/el-mundo\/iran-respondio-a-los-ataques-de-eeuu-con-una-oleada-de-drones-y-misiles-contra-bases-militares-en-nid01092026\/\" target=\"_self\" title=\"https:\/\/www.lanacion.com.ar\/el-mundo\/iran-respondio-a-los-ataques-de-eeuu-con-una-oleada-de-drones-y-misiles-contra-bases-militares-en-nid01092026\/\" class=\"com-link break-word\" data-mrf-recirculation=\"n_link_parrafo\">bombardeos lanzados en las \u00faltimas horas<\/a>, el presidente <strong>Donald Trump propuso este mi\u00e9rcoles cambiar el nombre del estrecho de Ormuz por \u201cestrecho de Trump\u201d<\/strong>, en momentos en que ese paso mar\u00edtimo se encuentra en el centro del conflicto.<\/p>\n<p class=\"com-paragraph --s\">\u201cAhora que ya lo tenemos bajo control de Estados Unidos, \u00bf\u00bf\u00bfpodr\u00edamos cambiar el nombre del estrecho de Ormuz por Estrecho de Trump??? Como el propio Estados Unidos, <strong>ser\u00e1 m\u00e1s \u2018sexy\u2019 que nunca<\/strong>\u201d, escribi\u00f3 el mandatario en su cuenta de la red social <em>Truth Social<\/em>.<\/p>\n<p><iframe src=\"https:\/\/truthsocial.com\/@realDonaldTrump\/117202132375758936\/embed\" class=\"truthsocial-embed\" style=\"max-width: 100%; border: 0\" width=\"600\" allowfullscreen=\"allowfullscreen\"><\/iframe><\/p>\n<p class=\"com-paragraph --s\">Horas despu\u00e9s, desde la cuenta de la Casa Blanca replicaron el mensaje y, como si el conflicto no revistiera gravedad, expresaron que el nombre propuesto por Trump \u201csuena bien\u201d.<\/p>\n<div class=\"content-media\">\n<section role=\"button\" class=\"mod-media   \">\n<figure role=\"button\" tabindex=\"0\" class=\"mod-figure \"><figcaption class=\"mod-figcaption\"><span class=\"com-text --caption --twoxs\">El mensaje de la Casa Blanca luego de que Trump propusiera cambiar el nombre del estrecho de Ormuz por \u00abestrecho de Trump\u00bb<\/span><\/figcaption><\/figure>\n<\/section>\n<\/div>\n<p class=\"com-paragraph --s\">Las palabras de Trump llegaron luego de que el Ej\u00e9rcito de <strong>Estados Unidos <\/strong>lanzara <a href=\"https:\/\/www.lanacion.com.ar\/el-mundo\/trump-lanza-una-nueva-ofensiva-contra-iran-y-teheran-promete-un-severo-castigo-nid01092026\/\" target=\"_self\" title=\"https:\/\/www.lanacion.com.ar\/el-mundo\/trump-lanza-una-nueva-ofensiva-contra-iran-y-teheran-promete-un-severo-castigo-nid01092026\/\" class=\"com-link break-word\" data-mrf-recirculation=\"n_link_parrafo\">una nueva oleada de ataques sobre Ir\u00e1n<\/a> tras varias semanas de cese el fuego en Medio Oriente. <\/p>\n<p class=\"com-paragraph --s\">El nuevo intercambio de fuego entre Teher\u00e1n y Washington es <strong>el m\u00e1s grande reportado desde julio<\/strong>. El Comando Central de Estados Unidos (Centcom, por sus siglas en ingl\u00e9s) fue el encargado de confirmar el inicio de la operaci\u00f3n sobre Teher\u00e1n y su \u201cexitoso\u201d resultado.<\/p>\n<p class=\"com-paragraph --s\">A trav\u00e9s de su perfil en <em>Truth Social<\/em>, Trump asegur\u00f3 que sus fuerzas estaban atacando \u201c<strong>objetivos iran\u00edes cerca del estrecho de Ormuz<\/strong>\u201d. Calific\u00f3 la operaci\u00f3n de <strong>\u201cgrande y poderosa\u201d<\/strong>, y afirm\u00f3 que se trataba de una represalia por el intento de Ir\u00e1n de colocar minas en esa v\u00eda mar\u00edtima.<\/p>\n<p class=\"com-paragraph --s\">En relaci\u00f3n a los ataques por parte del r\u00e9gimen iran\u00ed, la cadena <a href=\"https:\/\/aje.news\/ivbo63?update=4908923\" target=\"_blank\" title=\"https:\/\/aje.news\/ivbo63?update=4908923\" class=\"com-link break-word\" data-mrf-recirculation=\"n_link_parrafo\" rel=\"nofollow\"><em>Al Jazeera<\/em><\/a> detall\u00f3 que Bahr\u00e9in intercept\u00f3 drones lanzados por la Guardia Revolucionaria. As\u00ed, adem\u00e1s de Jordania, Irak y Bahr\u00e9in, la escalada de Teher\u00e1n tambi\u00e9n sum\u00f3 como uno de sus objetivos a Kuwait, donde el Ej\u00e9rcito local indic\u00f3 que \u201c<strong>interceptaron drones por parte de los sistemas de defensa<\/strong>\u201d.<\/p>\n<p class=\"com-paragraph --s\">A diferencia de los \u00faltimos ataques que hab\u00edan dilatado el cese del fuego en los \u00faltimos meses, los de este martes tuvieron una impronta m\u00e1s importante. Seg\u00fan los informes iniciales, fueron mucho m\u00e1s amplios e intensos, y <strong>funcionarios iran\u00edes afirmaron que hubo cinco civiles muertos<\/strong> durante un casamiento, destac\u00f3 el medio estadounidense.<\/p>\n<p class=\"com-paragraph --s\">Seg\u00fan detall\u00f3 el Centcom, la ofensiva estadounidense comenz\u00f3 a las <strong>12 del mediod\u00eda de Washington<\/strong>. El ente militar sostuvo que la operaci\u00f3n fue lanzada en respuesta a <strong>\u201crecientes intentos de agresi\u00f3n\u201d <\/strong>de la Guardia Revolucionaria contra el tr\u00e1fico mar\u00edtimo comercial en el estrecho y contra personal estadounidense.<\/p>\n<p class=\"com-paragraph --s\">Esta nueva escalada en Medio Oriente se da en un marco <strong>de presi\u00f3n econ\u00f3mica <\/strong>impulsada por la Casa Blanca. El mes pasado, Trump pareci\u00f3 virar hacia el uso de sanciones y su gobierno prometi\u00f3 un \u201c<strong>D\u00eda D econ\u00f3mico<\/strong>\u201d contra Ir\u00e1n, un pa\u00eds que lleva casi cinco d\u00e9cadas bajo fuertes restricciones. Su gobierno sostiene que la presi\u00f3n econ\u00f3mica terminar\u00e1 por llevar a Teher\u00e1n a un punto de quiebre.<\/p>\n<p><h2 class=\"font-primary font-w-bold text-subheading-lg text-left container-center-100 mb-8\"><span>Represalia iran\u00ed<\/span><\/h2>\n<\/p>\n<p class=\"com-paragraph --s\">La <strong>Guardia Revolucionara <\/strong>del r\u00e9gimen iran\u00ed arremeti\u00f3 contra bases militares estadounidenses en diferentes pa\u00edses del golfo p\u00e9rsico en Medio Oriente. El grupo declar\u00f3 haber<strong> lanzado misiles contra una base militar estadounidense en Jordania <\/strong>y almacenes de equipo militar estadounidense en Irak, cuyos puntos a atacar eran un \u201ccentro de mantenimiento\u201d y un \u201caerostato de vigilancia\u201d, inform\u00f3 el diario <a href=\"https:\/\/www.nytimes.com\/2026\/09\/01\/us\/politics\/us-launches-air-strikes-iran.html\" target=\"_blank\" title=\"https:\/\/www.nytimes.com\/2026\/09\/01\/us\/politics\/us-launches-air-strikes-iran.html\" class=\"com-link break-word\" data-mrf-recirculation=\"n_link_parrafo\" rel=\"nofollow\"><em>The New York Times<\/em><\/a><em>. <\/em>De esta forma, Teher\u00e1n cumpli\u00f3 con la promesa anunciada el lunes sobre \u201cfuertes represalias\u201d a las embestidas de la gesti\u00f3n de<strong> <\/strong>Trump.<\/p>\n<p class=\"com-paragraph --s\">Desde Teher\u00e1n quien tom\u00f3 la voz cantante fue el general <strong>Yadollah Javani<\/strong>. A partir de la reconstrucci\u00f3n realizada por la agencia <em>Tasnim<\/em>, el funcionario de la Guardia Revolucionaria se dirigi\u00f3 a los pa\u00edses \u00e1rabes <strong>exigi\u00e9ndoles que expulsaran a las fuerzas estadounidenses o se enfrentar\u00edan a una aplastante respuesta militar<\/strong>. \u201cEs mejor expulsar a los estadounidenses de sus pa\u00edses y recuperar las bases\u201d, remarc\u00f3 Javani.<\/p>\n<section class=\"container-center-100 mb-40 border border-bottom border-thin border-neutral-light-700\">\n<hr\/>\n<\/section>\n<\/div>\n<p><script id=\"facebookpixel\" defer=\"\" type=\"text\/javascript\">\n        !function(f,b,e,v,n,t,s)\n        {if(f.fbq)return;n=f.fbq=function(){n.callMethod?\n        n.callMethod.apply(n,arguments):n.queue.push(arguments)};\n        if(!f._fbq)f._fbq=n;n.push=n;n.loaded=!0;n.version='2.0';\n        n.queue=[];t=b.createElement(e);t.async=!0;\n        t.src=v;s=b.getElementsByTagName(e)[0];\n        s.parentNode.insertBefore(t,s)}(window, document,'script',\n        'https:\/\/connect.facebook.net\/en_US\/fbevents.js');\n        fbq('init', '492459597522335');\n        fbq('track', 'PageView');\n    <\/script><br \/>\n<br \/><\/p>\n","protected":false},"excerpt":{"rendered":"<p>En medio de la nueva escalada de tensi\u00f3n entre Estados Unidos e Ir\u00e1n, tras los bombardeos lanzados en las \u00faltimas horas, el presidente Donald Trump propuso este mi\u00e9rcoles cambiar el nombre del estrecho de Ormuz por \u201cestrecho de Trump\u201d, en momentos en que ese paso mar\u00edtimo se encuentra en el centro del conflicto. \u201cAhora que [&hellip;]<\/p>\n","protected":false},"author":2,"featured_media":210253,"comment_status":"closed","ping_status":"closed","sticky":false,"template":"","format":"standard","meta":{"footnotes":""},"categories":[26],"tags":[],"class_list":["post-210252","post","type-post","status-publish","format-standard","has-post-thumbnail","hentry","category-internacionales"],"yoast_head":"<!-- This site is optimized with the Yoast SEO plugin v24.4 - https:\/\/yoast.com\/wordpress\/plugins\/seo\/ -->\n<title>Trump env\u00eda un mensaje a Ir\u00e1n y dice que el estrecho de Ormuz deber\u00eda llevar su nombre - GYS NOTICIAS |<\/title>\n<meta name=\"robots\" content=\"index, follow, max-snippet:-1, max-image-preview:large, max-video-preview:-1\" \/>\n<link rel=\"canonical\" href=\"https:\/\/gysfm.com.ar\/inicio\/trump-envia-un-mensaje-a-iran-y-dice-que-el-estrecho-de-ormuz-deberia-llevar-su-nombre\/\" \/>\n<meta property=\"og:locale\" content=\"es_ES\" \/>\n<meta property=\"og:type\" content=\"article\" \/>\n<meta property=\"og:title\" content=\"Trump env\u00eda un mensaje a Ir\u00e1n y dice que el estrecho de Ormuz deber\u00eda llevar su nombre - GYS NOTICIAS |\" \/>\n<meta property=\"og:description\" content=\"En medio de la nueva escalada de tensi\u00f3n entre Estados Unidos e Ir\u00e1n, tras los bombardeos lanzados en las \u00faltimas horas, el presidente Donald Trump propuso este mi\u00e9rcoles cambiar el nombre del estrecho de Ormuz por \u201cestrecho de Trump\u201d, en momentos en que ese paso mar\u00edtimo se encuentra en el centro del conflicto. \u201cAhora que [&hellip;]\" \/>\n<meta property=\"og:url\" content=\"https:\/\/gysfm.com.ar\/inicio\/trump-envia-un-mensaje-a-iran-y-dice-que-el-estrecho-de-ormuz-deberia-llevar-su-nombre\/\" \/>\n<meta property=\"og:site_name\" content=\"GYS NOTICIAS |\" \/>\n<meta property=\"article:published_time\" content=\"2026-09-03T04:10:05+00:00\" \/>\n<meta property=\"article:modified_time\" content=\"2026-09-03T04:10:06+00:00\" \/>\n<meta property=\"og:image\" content=\"https:\/\/gysfm.com.ar\/inicio\/wp-content\/uploads\/2026\/09\/donald-K5EWTDGZINGAXL373UR5BVKCOA.JPG\" \/>\n\t<meta property=\"og:image:width\" content=\"1200\" \/>\n\t<meta property=\"og:image:height\" content=\"800\" \/>\n\t<meta property=\"og:image:type\" content=\"image\/jpeg\" \/>\n<meta name=\"author\" content=\"Prensa G&amp;S FM\" \/>\n<meta name=\"twitter:card\" content=\"summary_large_image\" \/>\n<meta name=\"twitter:label1\" content=\"Escrito por\" \/>\n\t<meta name=\"twitter:data1\" content=\"Prensa G&amp;S FM\" \/>\n\t<meta name=\"twitter:label2\" content=\"Tiempo de lectura\" \/>\n\t<meta name=\"twitter:data2\" content=\"4 minutos\" \/>\n<script type=\"application\/ld+json\" class=\"yoast-schema-graph\">{\"@context\":\"https:\/\/schema.org\",\"@graph\":[{\"@type\":\"Article\",\"@id\":\"https:\/\/gysfm.com.ar\/inicio\/trump-envia-un-mensaje-a-iran-y-dice-que-el-estrecho-de-ormuz-deberia-llevar-su-nombre\/#article\",\"isPartOf\":{\"@id\":\"https:\/\/gysfm.com.ar\/inicio\/trump-envia-un-mensaje-a-iran-y-dice-que-el-estrecho-de-ormuz-deberia-llevar-su-nombre\/\"},\"author\":{\"name\":\"Prensa G&amp;S FM\",\"@id\":\"https:\/\/gysfm.com.ar\/inicio\/#\/schema\/person\/3abba7593ef2ad19e1be221d54383dc5\"},\"headline\":\"Trump env\u00eda un mensaje a Ir\u00e1n y dice que el estrecho de Ormuz deber\u00eda llevar su nombre\",\"datePublished\":\"2026-09-03T04:10:05+00:00\",\"dateModified\":\"2026-09-03T04:10:06+00:00\",\"mainEntityOfPage\":{\"@id\":\"https:\/\/gysfm.com.ar\/inicio\/trump-envia-un-mensaje-a-iran-y-dice-que-el-estrecho-de-ormuz-deberia-llevar-su-nombre\/\"},\"wordCount\":728,\"publisher\":{\"@id\":\"https:\/\/gysfm.com.ar\/inicio\/#organization\"},\"image\":{\"@id\":\"https:\/\/gysfm.com.ar\/inicio\/trump-envia-un-mensaje-a-iran-y-dice-que-el-estrecho-de-ormuz-deberia-llevar-su-nombre\/#primaryimage\"},\"thumbnailUrl\":\"https:\/\/gysfm.com.ar\/inicio\/wp-content\/uploads\/2026\/09\/donald-K5EWTDGZINGAXL373UR5BVKCOA.JPG\",\"articleSection\":[\"INTERNACIONALES\"],\"inLanguage\":\"es\"},{\"@type\":\"WebPage\",\"@id\":\"https:\/\/gysfm.com.ar\/inicio\/trump-envia-un-mensaje-a-iran-y-dice-que-el-estrecho-de-ormuz-deberia-llevar-su-nombre\/\",\"url\":\"https:\/\/gysfm.com.ar\/inicio\/trump-envia-un-mensaje-a-iran-y-dice-que-el-estrecho-de-ormuz-deberia-llevar-su-nombre\/\",\"name\":\"Trump env\u00eda un mensaje a Ir\u00e1n y dice que el estrecho de Ormuz deber\u00eda llevar su nombre - GYS NOTICIAS |\",\"isPartOf\":{\"@id\":\"https:\/\/gysfm.com.ar\/inicio\/#website\"},\"primaryImageOfPage\":{\"@id\":\"https:\/\/gysfm.com.ar\/inicio\/trump-envia-un-mensaje-a-iran-y-dice-que-el-estrecho-de-ormuz-deberia-llevar-su-nombre\/#primaryimage\"},\"image\":{\"@id\":\"https:\/\/gysfm.com.ar\/inicio\/trump-envia-un-mensaje-a-iran-y-dice-que-el-estrecho-de-ormuz-deberia-llevar-su-nombre\/#primaryimage\"},\"thumbnailUrl\":\"https:\/\/gysfm.com.ar\/inicio\/wp-content\/uploads\/2026\/09\/donald-K5EWTDGZINGAXL373UR5BVKCOA.JPG\",\"datePublished\":\"2026-09-03T04:10:05+00:00\",\"dateModified\":\"2026-09-03T04:10:06+00:00\",\"breadcrumb\":{\"@id\":\"https:\/\/gysfm.com.ar\/inicio\/trump-envia-un-mensaje-a-iran-y-dice-que-el-estrecho-de-ormuz-deberia-llevar-su-nombre\/#breadcrumb\"},\"inLanguage\":\"es\",\"potentialAction\":[{\"@type\":\"ReadAction\",\"target\":[\"https:\/\/gysfm.com.ar\/inicio\/trump-envia-un-mensaje-a-iran-y-dice-que-el-estrecho-de-ormuz-deberia-llevar-su-nombre\/\"]}]},{\"@type\":\"ImageObject\",\"inLanguage\":\"es\",\"@id\":\"https:\/\/gysfm.com.ar\/inicio\/trump-envia-un-mensaje-a-iran-y-dice-que-el-estrecho-de-ormuz-deberia-llevar-su-nombre\/#primaryimage\",\"url\":\"https:\/\/gysfm.com.ar\/inicio\/wp-content\/uploads\/2026\/09\/donald-K5EWTDGZINGAXL373UR5BVKCOA.JPG\",\"contentUrl\":\"https:\/\/gysfm.com.ar\/inicio\/wp-content\/uploads\/2026\/09\/donald-K5EWTDGZINGAXL373UR5BVKCOA.JPG\",\"width\":1200,\"height\":800},{\"@type\":\"BreadcrumbList\",\"@id\":\"https:\/\/gysfm.com.ar\/inicio\/trump-envia-un-mensaje-a-iran-y-dice-que-el-estrecho-de-ormuz-deberia-llevar-su-nombre\/#breadcrumb\",\"itemListElement\":[{\"@type\":\"ListItem\",\"position\":1,\"name\":\"Portada\",\"item\":\"https:\/\/gysfm.com.ar\/inicio\/\"},{\"@type\":\"ListItem\",\"position\":2,\"name\":\"Trump env\u00eda un mensaje a Ir\u00e1n y dice que el estrecho de Ormuz deber\u00eda llevar su nombre\"}]},{\"@type\":\"WebSite\",\"@id\":\"https:\/\/gysfm.com.ar\/inicio\/#website\",\"url\":\"https:\/\/gysfm.com.ar\/inicio\/\",\"name\":\"GYS NOTICIAS |\",\"description\":\"DIARIO - RADIO ONLINE SAN JUAN ARGENTINA\",\"publisher\":{\"@id\":\"https:\/\/gysfm.com.ar\/inicio\/#organization\"},\"potentialAction\":[{\"@type\":\"SearchAction\",\"target\":{\"@type\":\"EntryPoint\",\"urlTemplate\":\"https:\/\/gysfm.com.ar\/inicio\/?s={search_term_string}\"},\"query-input\":{\"@type\":\"PropertyValueSpecification\",\"valueRequired\":true,\"valueName\":\"search_term_string\"}}],\"inLanguage\":\"es\"},{\"@type\":\"Organization\",\"@id\":\"https:\/\/gysfm.com.ar\/inicio\/#organization\",\"name\":\"GYS NOTICIAS |\",\"url\":\"https:\/\/gysfm.com.ar\/inicio\/\",\"logo\":{\"@type\":\"ImageObject\",\"inLanguage\":\"es\",\"@id\":\"https:\/\/gysfm.com.ar\/inicio\/#\/schema\/logo\/image\/\",\"url\":\"https:\/\/gysfm.com.ar\/inicio\/wp-content\/uploads\/2023\/07\/LOGOGYS-OK.png\",\"contentUrl\":\"https:\/\/gysfm.com.ar\/inicio\/wp-content\/uploads\/2023\/07\/LOGOGYS-OK.png\",\"width\":1170,\"height\":872,\"caption\":\"GYS NOTICIAS |\"},\"image\":{\"@id\":\"https:\/\/gysfm.com.ar\/inicio\/#\/schema\/logo\/image\/\"}},{\"@type\":\"Person\",\"@id\":\"https:\/\/gysfm.com.ar\/inicio\/#\/schema\/person\/3abba7593ef2ad19e1be221d54383dc5\",\"name\":\"Prensa G&amp;S FM\",\"image\":{\"@type\":\"ImageObject\",\"inLanguage\":\"es\",\"@id\":\"https:\/\/gysfm.com.ar\/inicio\/#\/schema\/person\/image\/\",\"url\":\"https:\/\/secure.gravatar.com\/avatar\/096ec78df02049ab018702bb4ccedf659377fa92a26540b5247612077a0dbd29?s=96&d=mm&r=g\",\"contentUrl\":\"https:\/\/secure.gravatar.com\/avatar\/096ec78df02049ab018702bb4ccedf659377fa92a26540b5247612077a0dbd29?s=96&d=mm&r=g\",\"caption\":\"Prensa G&amp;S FM\"},\"sameAs\":[\"https:\/\/gysfm.com.ar\/\"],\"url\":\"https:\/\/gysfm.com.ar\/inicio\/author\/lucasm\/\"}]}<\/script>\n<!-- \/ Yoast SEO plugin. -->","yoast_head_json":{"title":"Trump env\u00eda un mensaje a Ir\u00e1n y dice que el estrecho de Ormuz deber\u00eda llevar su nombre - GYS NOTICIAS |","robots":{"index":"index","follow":"follow","max-snippet":"max-snippet:-1","max-image-preview":"max-image-preview:large","max-video-preview":"max-video-preview:-1"},"canonical":"https:\/\/gysfm.com.ar\/inicio\/trump-envia-un-mensaje-a-iran-y-dice-que-el-estrecho-de-ormuz-deberia-llevar-su-nombre\/","og_locale":"es_ES","og_type":"article","og_title":"Trump env\u00eda un mensaje a Ir\u00e1n y dice que el estrecho de Ormuz deber\u00eda llevar su nombre - GYS NOTICIAS |","og_description":"En medio de la nueva escalada de tensi\u00f3n entre Estados Unidos e Ir\u00e1n, tras los bombardeos lanzados en las \u00faltimas horas, el presidente Donald Trump propuso este mi\u00e9rcoles cambiar el nombre del estrecho de Ormuz por \u201cestrecho de Trump\u201d, en momentos en que ese paso mar\u00edtimo se encuentra en el centro del conflicto. \u201cAhora que [&hellip;]","og_url":"https:\/\/gysfm.com.ar\/inicio\/trump-envia-un-mensaje-a-iran-y-dice-que-el-estrecho-de-ormuz-deberia-llevar-su-nombre\/","og_site_name":"GYS NOTICIAS |","article_published_time":"2026-09-03T04:10:05+00:00","article_modified_time":"2026-09-03T04:10:06+00:00","og_image":[{"width":1200,"height":800,"url":"https:\/\/gysfm.com.ar\/inicio\/wp-content\/uploads\/2026\/09\/donald-K5EWTDGZINGAXL373UR5BVKCOA.JPG","type":"image\/jpeg"}],"author":"Prensa G&amp;S FM","twitter_card":"summary_large_image","twitter_misc":{"Escrito por":"Prensa G&amp;S FM","Tiempo de lectura":"4 minutos"},"schema":{"@context":"https:\/\/schema.org","@graph":[{"@type":"Article","@id":"https:\/\/gysfm.com.ar\/inicio\/trump-envia-un-mensaje-a-iran-y-dice-que-el-estrecho-de-ormuz-deberia-llevar-su-nombre\/#article","isPartOf":{"@id":"https:\/\/gysfm.com.ar\/inicio\/trump-envia-un-mensaje-a-iran-y-dice-que-el-estrecho-de-ormuz-deberia-llevar-su-nombre\/"},"author":{"name":"Prensa G&amp;S FM","@id":"https:\/\/gysfm.com.ar\/inicio\/#\/schema\/person\/3abba7593ef2ad19e1be221d54383dc5"},"headline":"Trump env\u00eda un mensaje a Ir\u00e1n y dice que el estrecho de Ormuz deber\u00eda llevar su nombre","datePublished":"2026-09-03T04:10:05+00:00","dateModified":"2026-09-03T04:10:06+00:00","mainEntityOfPage":{"@id":"https:\/\/gysfm.com.ar\/inicio\/trump-envia-un-mensaje-a-iran-y-dice-que-el-estrecho-de-ormuz-deberia-llevar-su-nombre\/"},"wordCount":728,"publisher":{"@id":"https:\/\/gysfm.com.ar\/inicio\/#organization"},"image":{"@id":"https:\/\/gysfm.com.ar\/inicio\/trump-envia-un-mensaje-a-iran-y-dice-que-el-estrecho-de-ormuz-deberia-llevar-su-nombre\/#primaryimage"},"thumbnailUrl":"https:\/\/gysfm.com.ar\/inicio\/wp-content\/uploads\/2026\/09\/donald-K5EWTDGZINGAXL373UR5BVKCOA.JPG","articleSection":["INTERNACIONALES"],"inLanguage":"es"},{"@type":"WebPage","@id":"https:\/\/gysfm.com.ar\/inicio\/trump-envia-un-mensaje-a-iran-y-dice-que-el-estrecho-de-ormuz-deberia-llevar-su-nombre\/","url":"https:\/\/gysfm.com.ar\/inicio\/trump-envia-un-mensaje-a-iran-y-dice-que-el-estrecho-de-ormuz-deberia-llevar-su-nombre\/","name":"Trump env\u00eda un mensaje a Ir\u00e1n y dice que el estrecho de Ormuz deber\u00eda llevar su nombre - GYS NOTICIAS |","isPartOf":{"@id":"https:\/\/gysfm.com.ar\/inicio\/#website"},"primaryImageOfPage":{"@id":"https:\/\/gysfm.com.ar\/inicio\/trump-envia-un-mensaje-a-iran-y-dice-que-el-estrecho-de-ormuz-deberia-llevar-su-nombre\/#primaryimage"},"image":{"@id":"https:\/\/gysfm.com.ar\/inicio\/trump-envia-un-mensaje-a-iran-y-dice-que-el-estrecho-de-ormuz-deberia-llevar-su-nombre\/#primaryimage"},"thumbnailUrl":"https:\/\/gysfm.com.ar\/inicio\/wp-content\/uploads\/2026\/09\/donald-K5EWTDGZINGAXL373UR5BVKCOA.JPG","datePublished":"2026-09-03T04:10:05+00:00","dateModified":"2026-09-03T04:10:06+00:00","breadcrumb":{"@id":"https:\/\/gysfm.com.ar\/inicio\/trump-envia-un-mensaje-a-iran-y-dice-que-el-estrecho-de-ormuz-deberia-llevar-su-nombre\/#breadcrumb"},"inLanguage":"es","potentialAction":[{"@type":"ReadAction","target":["https:\/\/gysfm.com.ar\/inicio\/trump-envia-un-mensaje-a-iran-y-dice-que-el-estrecho-de-ormuz-deberia-llevar-su-nombre\/"]}]},{"@type":"ImageObject","inLanguage":"es","@id":"https:\/\/gysfm.com.ar\/inicio\/trump-envia-un-mensaje-a-iran-y-dice-que-el-estrecho-de-ormuz-deberia-llevar-su-nombre\/#primaryimage","url":"https:\/\/gysfm.com.ar\/inicio\/wp-content\/uploads\/2026\/09\/donald-K5EWTDGZINGAXL373UR5BVKCOA.JPG","contentUrl":"https:\/\/gysfm.com.ar\/inicio\/wp-content\/uploads\/2026\/09\/donald-K5EWTDGZINGAXL373UR5BVKCOA.JPG","width":1200,"height":800},{"@type":"BreadcrumbList","@id":"https:\/\/gysfm.com.ar\/inicio\/trump-envia-un-mensaje-a-iran-y-dice-que-el-estrecho-de-ormuz-deberia-llevar-su-nombre\/#breadcrumb","itemListElement":[{"@type":"ListItem","position":1,"name":"Portada","item":"https:\/\/gysfm.com.ar\/inicio\/"},{"@type":"ListItem","position":2,"name":"Trump env\u00eda un mensaje a Ir\u00e1n y dice que el estrecho de Ormuz deber\u00eda llevar su nombre"}]},{"@type":"WebSite","@id":"https:\/\/gysfm.com.ar\/inicio\/#website","url":"https:\/\/gysfm.com.ar\/inicio\/","name":"GYS NOTICIAS |","description":"DIARIO - RADIO ONLINE SAN JUAN ARGENTINA","publisher":{"@id":"https:\/\/gysfm.com.ar\/inicio\/#organization"},"potentialAction":[{"@type":"SearchAction","target":{"@type":"EntryPoint","urlTemplate":"https:\/\/gysfm.com.ar\/inicio\/?s={search_term_string}"},"query-input":{"@type":"PropertyValueSpecification","valueRequired":true,"valueName":"search_term_string"}}],"inLanguage":"es"},{"@type":"Organization","@id":"https:\/\/gysfm.com.ar\/inicio\/#organization","name":"GYS NOTICIAS |","url":"https:\/\/gysfm.com.ar\/inicio\/","logo":{"@type":"ImageObject","inLanguage":"es","@id":"https:\/\/gysfm.com.ar\/inicio\/#\/schema\/logo\/image\/","url":"https:\/\/gysfm.com.ar\/inicio\/wp-content\/uploads\/2023\/07\/LOGOGYS-OK.png","contentUrl":"https:\/\/gysfm.com.ar\/inicio\/wp-content\/uploads\/2023\/07\/LOGOGYS-OK.png","width":1170,"height":872,"caption":"GYS NOTICIAS |"},"image":{"@id":"https:\/\/gysfm.com.ar\/inicio\/#\/schema\/logo\/image\/"}},{"@type":"Person","@id":"https:\/\/gysfm.com.ar\/inicio\/#\/schema\/person\/3abba7593ef2ad19e1be221d54383dc5","name":"Prensa G&amp;S FM","image":{"@type":"ImageObject","inLanguage":"es","@id":"https:\/\/gysfm.com.ar\/inicio\/#\/schema\/person\/image\/","url":"https:\/\/secure.gravatar.com\/avatar\/096ec78df02049ab018702bb4ccedf659377fa92a26540b5247612077a0dbd29?s=96&d=mm&r=g","contentUrl":"https:\/\/secure.gravatar.com\/avatar\/096ec78df02049ab018702bb4ccedf659377fa92a26540b5247612077a0dbd29?s=96&d=mm&r=g","caption":"Prensa G&amp;S FM"},"sameAs":["https:\/\/gysfm.com.ar\/"],"url":"https:\/\/gysfm.com.ar\/inicio\/author\/lucasm\/"}]}},"_links":{"self":[{"href":"https:\/\/gysfm.com.ar\/inicio\/wp-json\/wp\/v2\/posts\/210252","targetHints":{"allow":["GET"]}}],"collection":[{"href":"https:\/\/gysfm.com.ar\/inicio\/wp-json\/wp\/v2\/posts"}],"about":[{"href":"https:\/\/gysfm.com.ar\/inicio\/wp-json\/wp\/v2\/types\/post"}],"author":[{"embeddable":true,"href":"https:\/\/gysfm.com.ar\/inicio\/wp-json\/wp\/v2\/users\/2"}],"replies":[{"embeddable":true,"href":"https:\/\/gysfm.com.ar\/inicio\/wp-json\/wp\/v2\/comments?post=210252"}],"version-history":[{"count":1,"href":"https:\/\/gysfm.com.ar\/inicio\/wp-json\/wp\/v2\/posts\/210252\/revisions"}],"predecessor-version":[{"id":210254,"href":"https:\/\/gysfm.com.ar\/inicio\/wp-json\/wp\/v2\/posts\/210252\/revisions\/210254"}],"wp:featuredmedia":[{"embeddable":true,"href":"https:\/\/gysfm.com.ar\/inicio\/wp-json\/wp\/v2\/media\/210253"}],"wp:attachment":[{"href":"https:\/\/gysfm.com.ar\/inicio\/wp-json\/wp\/v2\/media?parent=210252"}],"wp:term":[{"taxonomy":"category","embeddable":true,"href":"https:\/\/gysfm.com.ar\/inicio\/wp-json\/wp\/v2\/categories?post=210252"},{"taxonomy":"post_tag","embeddable":true,"href":"https:\/\/gysfm.com.ar\/inicio\/wp-json\/wp\/v2\/tags?post=210252"}],"curies":[{"name":"wp","href":"https:\/\/api.w.org\/{rel}","templated":true}]}}