{"id":210249,"date":"2026-09-03T00:09:05","date_gmt":"2026-09-03T03:09:05","guid":{"rendered":"https:\/\/gysfm.com.ar\/inicio\/uber-despidio-al-10-de-sus-empleados-en-el-mundo-y-prepara-una-inversion-multimillonaria-en-robotaxis\/"},"modified":"2026-09-03T00:09:06","modified_gmt":"2026-09-03T03:09:06","slug":"uber-despidio-al-10-de-sus-empleados-en-el-mundo-y-prepara-una-inversion-multimillonaria-en-robotaxis","status":"publish","type":"post","link":"https:\/\/gysfm.com.ar\/inicio\/uber-despidio-al-10-de-sus-empleados-en-el-mundo-y-prepara-una-inversion-multimillonaria-en-robotaxis\/","title":{"rendered":"Uber despidi\u00f3 al 10% de sus empleados en el mundo y prepara una inversi\u00f3n multimillonaria en robotaxis"},"content":{"rendered":"<p> <br \/>\n<\/p>\n<div>\n<p class=\"com-paragraph --capital --s\">WASHINGTON.- <strong>Uber anunci\u00f3 este mi\u00e9rcoles que despedir\u00e1 a alrededor del 10% de su plantilla, m\u00e1s de 3000 empleados<\/strong>, como parte de una amplia reorganizaci\u00f3n que tambi\u00e9n contempla su salida de dos mercados africanos y una <strong>mayor apuesta por los robotaxis aut\u00f3nomos<\/strong>.<\/p>\n<p class=\"com-paragraph --s\">La compa\u00f1\u00eda, que cuenta con unos <strong>34.000 trabajadores y opera en m\u00e1s de 70 pa\u00edses<\/strong>, busca con el ajuste reducir niveles jer\u00e1rquicos, simplificar su estructura y acelerar la toma de decisiones, seg\u00fan explic\u00f3 su director ejecutivo, <strong>Dara Khosrowshahi<\/strong>.<\/p>\n<p class=\"com-paragraph --s\">\u201cHoy estamos realizando una serie de cambios organizativos significativos en todo Uber\u201d, se\u00f1al\u00f3 el empresario en un mensaje dirigido a los empleados. \u201cComo resultado, reduciremos el tama\u00f1o de nuestro equipo en aproximadamente un 10%\u201d.<\/p>\n<p class=\"com-paragraph --s\">Seg\u00fan la empresa, el objetivo es construir<strong> una organizaci\u00f3n \u201cm\u00e1s sencilla y r\u00e1pida\u201d<\/strong>, con menos demoras derivadas de la coordinaci\u00f3n interna. \u201cUna organizaci\u00f3n m\u00e1s \u00e1gil supondr\u00e1 una mayor claridad en la asignaci\u00f3n de responsabilidades, decisiones m\u00e1s r\u00e1pidas y m\u00e1s tiempo dedicado a construir en lugar de coordinar\u201d, indic\u00f3 Khosrowshahi.<\/p>\n<p class=\"com-paragraph --s\"><strong>El recorte se produce despu\u00e9s de varios a\u00f1os de fuerte expansi\u00f3n<\/strong>. \u201cEn los \u00faltimos cinco a\u00f1os y m\u00e1s, Uber ha experimentado un crecimiento exponencial (&#8230;) Nos hemos convertido en una empresa mucho m\u00e1s grande y s\u00f3lida. Pero ese crecimiento tambi\u00e9n ha venido acompa\u00f1ado de una mayor complejidad\u201d, reconoci\u00f3 el ejecutivo.<\/p>\n<div class=\"content-media\">\n<section role=\"button\" class=\"mod-media   \">\n<figure role=\"button\" tabindex=\"0\" class=\"mod-figure \"><figcaption class=\"mod-figcaption\"><span class=\"com-text --caption --twoxs\">El acuerdo entre Zoox y Uber transformar\u00e1 la experiencia del usuario con un dise\u00f1o vehicular \u00fanico y sofisticado<\/span><span class=\"com-text --credit --twoxs\">Zoox<\/span><\/figcaption><\/figure>\n<\/section>\n<\/div>\n<p class=\"com-paragraph --s\">Como parte del mismo repliegue, Uber anunci\u00f3 adem\u00e1s que <strong>pondr\u00e1 fin a sus operaciones en Nigeria y Uganda<\/strong>, despu\u00e9s de haber abandonado Tanzania a comienzos de este a\u00f1o.<\/p>\n<p><h2 class=\"font-primary font-w-bold text-subheading-lg text-left container-center-100 mb-8\"><span>M\u00e1s de 3000 despidos<\/span><\/h2>\n<\/p>\n<p class=\"com-paragraph --s\">Con esta nueva ronda de recortes, la compa\u00f1\u00eda busca principalmente <strong>\u201celiminar niveles jer\u00e1rquicos\u201d y \u201csimplificar las estructuras de los equipos\u201d<\/strong>. Analistas de Wedbush Securities estiman que la medida podr\u00eda permitirle ahorrar alrededor de <strong>1750 millones de d\u00f3lares anuales<\/strong>.<\/p>\n<p class=\"com-paragraph --s\">Fundada en 2009, Uber revolucion\u00f3 el transporte urbano al irrumpir en mercados dominados por taxis y empresas de autos privados, al permitir que particulares utilizaran sus propios veh\u00edculos para trasladar pasajeros.<\/p>\n<div class=\"content-media\">\n<section role=\"button\" class=\"mod-media   \">\n<figure role=\"button\" tabindex=\"0\" class=\"mod-figure \"><figcaption class=\"mod-figcaption\"><span class=\"com-text --caption --twoxs\">El logo de Uber aparece en la sede de la empresa de transporte<\/span><span class=\"com-text --credit --twoxs\">Andrej Sokolow &#8211; dpa DPA<\/span><\/figcaption><\/figure>\n<\/section>\n<\/div>\n<p class=\"com-paragraph --s\">Con el tiempo, la compa\u00f1\u00eda ampli\u00f3 de manera significativa su negocio hacia otros servicios, especialmente la entrega de alimentos y productos minoristas, adem\u00e1s de ofrecer opciones de mensajer\u00eda de corta distancia.<\/p>\n<p class=\"com-paragraph --s\">Ese crecimiento estuvo acompa\u00f1ado de<strong> controversias sobre las condiciones laborales de los conductores<\/strong>, cuya remuneraci\u00f3n var\u00eda seg\u00fan el pa\u00eds y que en numerosos mercados han reclamado mejores ingresos y compensaciones por el uso de sus veh\u00edculos. La empresa tambi\u00e9n ha optado en distintas ocasiones por retirarse completamente de pa\u00edses donde sus operaciones dejaron de resultar viables.<\/p>\n<p><h2 class=\"font-primary font-w-bold text-subheading-lg text-left container-center-100 mb-8\"><span>La apuesta por los robotaxis<\/span><\/h2>\n<\/p>\n<p class=\"com-paragraph --s\">La reorganizaci\u00f3n apunta, adem\u00e1s, a liberar recursos para acelerar una de las principales apuestas estrat\u00e9gicas de Uber: <strong>la conducci\u00f3n aut\u00f3noma<\/strong>.<\/p>\n<p class=\"com-paragraph --s\">\u201cLos cambios que estamos implementando hoy persiguen dos objetivos: simplificar y acelerar el funcionamiento de Uber, y crear un mayor margen de maniobra para invertir en nuestro futuro\u201d, afirm\u00f3 Khosrowshahi.<\/p>\n<p class=\"com-paragraph --s\">Aunque la compa\u00f1\u00eda no detall\u00f3 cu\u00e1nto dinero espera ahorrar con los despidos, se\u00f1al\u00f3 que pretende reorientar capital hacia la innovaci\u00f3n en sus negocios principales y hacia \u201cel futuro de la conducci\u00f3n aut\u00f3noma\u201d.<\/p>\n<div class=\"content-media\">\n<section role=\"button\" class=\"mod-media   \">\n<figure role=\"button\" tabindex=\"0\" class=\"mod-figure \"><figcaption class=\"mod-figcaption\"><span class=\"com-text --caption --twoxs\">Tensor Robocar busca ser el primer auto con IA y aut\u00f3nomo del mercado; competir\u00eda de forma directa con Tesla<\/span><\/figcaption><\/figure>\n<\/section>\n<\/div>\n<p class=\"com-paragraph --s\">Uber proyecta invertir <strong>hasta US$10.000 millones en los pr\u00f3ximos a\u00f1os en veh\u00edculos aut\u00f3nomos<\/strong>, una cifra equivalente aproximadamente a su beneficio neto de 2025.<\/p>\n<p class=\"com-paragraph --s\">Para avanzar con los robotaxis sin conductor, la empresa ya sell\u00f3 acuerdos con varias compa\u00f1\u00edas especializadas, entre ellas la croata <strong>Verne<\/strong> y la brit\u00e1nica <strong>Wayve<\/strong>.<\/p>\n<p class=\"com-paragraph --s\">Tambi\u00e9n prev\u00e9 comprar hasta <strong>50.000 robotaxis al fabricante de veh\u00edculos el\u00e9ctricos Rivian<\/strong>, empresa en la que adem\u00e1s adquiri\u00f3 una participaci\u00f3n. A comienzos de agosto, el director financiero de Uber se\u00f1al\u00f3 que los compromisos de compra alcanzaban ya unos <strong>120.000 veh\u00edculos de distintas marcas<\/strong>.<\/p>\n<p class=\"com-paragraph --s\">La reacci\u00f3n de los mercados fue positiva: hacia las 16.50 GMT, <strong>las acciones de Uber sub\u00edan un 2,25%, hasta los US$76,93, en Wall Street<\/strong>.<\/p>\n<p class=\"com-paragraph --s\"><strong>Agencias AFP y AP<\/strong><\/p>\n<section class=\"container-center-100 mb-40 border border-bottom border-thin border-neutral-light-700\">\n<hr\/>\n<\/section>\n<\/div>\n<p><script id=\"facebookpixel\" defer=\"\" type=\"text\/javascript\">\n        !function(f,b,e,v,n,t,s)\n        {if(f.fbq)return;n=f.fbq=function(){n.callMethod?\n        n.callMethod.apply(n,arguments):n.queue.push(arguments)};\n        if(!f._fbq)f._fbq=n;n.push=n;n.loaded=!0;n.version='2.0';\n        n.queue=[];t=b.createElement(e);t.async=!0;\n        t.src=v;s=b.getElementsByTagName(e)[0];\n        s.parentNode.insertBefore(t,s)}(window, document,'script',\n        'https:\/\/connect.facebook.net\/en_US\/fbevents.js');\n        fbq('init', '492459597522335');\n        fbq('track', 'PageView');\n    <\/script><br \/>\n<br \/><\/p>\n","protected":false},"excerpt":{"rendered":"<p>WASHINGTON.- Uber anunci\u00f3 este mi\u00e9rcoles que despedir\u00e1 a alrededor del 10% de su plantilla, m\u00e1s de 3000 empleados, como parte de una amplia reorganizaci\u00f3n que tambi\u00e9n contempla su salida de dos mercados africanos y una mayor apuesta por los robotaxis aut\u00f3nomos. La compa\u00f1\u00eda, que cuenta con unos 34.000 trabajadores y opera en m\u00e1s de 70 [&hellip;]<\/p>\n","protected":false},"author":2,"featured_media":210250,"comment_status":"closed","ping_status":"closed","sticky":false,"template":"","format":"standard","meta":{"footnotes":""},"categories":[26],"tags":[],"class_list":["post-210249","post","type-post","status-publish","format-standard","has-post-thumbnail","hentry","category-internacionales"],"yoast_head":"<!-- This site is optimized with the Yoast SEO plugin v24.4 - https:\/\/yoast.com\/wordpress\/plugins\/seo\/ -->\n<title>Uber despidi\u00f3 al 10% de sus empleados en el mundo y prepara una inversi\u00f3n multimillonaria en robotaxis - GYS NOTICIAS |<\/title>\n<meta name=\"robots\" content=\"index, follow, max-snippet:-1, max-image-preview:large, max-video-preview:-1\" \/>\n<link rel=\"canonical\" href=\"https:\/\/gysfm.com.ar\/inicio\/uber-despidio-al-10-de-sus-empleados-en-el-mundo-y-prepara-una-inversion-multimillonaria-en-robotaxis\/\" \/>\n<meta property=\"og:locale\" content=\"es_ES\" \/>\n<meta property=\"og:type\" content=\"article\" \/>\n<meta property=\"og:title\" content=\"Uber despidi\u00f3 al 10% de sus empleados en el mundo y prepara una inversi\u00f3n multimillonaria en robotaxis - GYS NOTICIAS |\" \/>\n<meta property=\"og:description\" content=\"WASHINGTON.- Uber anunci\u00f3 este mi\u00e9rcoles que despedir\u00e1 a alrededor del 10% de su plantilla, m\u00e1s de 3000 empleados, como parte de una amplia reorganizaci\u00f3n que tambi\u00e9n contempla su salida de dos mercados africanos y una mayor apuesta por los robotaxis aut\u00f3nomos. La compa\u00f1\u00eda, que cuenta con unos 34.000 trabajadores y opera en m\u00e1s de 70 [&hellip;]\" \/>\n<meta property=\"og:url\" content=\"https:\/\/gysfm.com.ar\/inicio\/uber-despidio-al-10-de-sus-empleados-en-el-mundo-y-prepara-una-inversion-multimillonaria-en-robotaxis\/\" \/>\n<meta property=\"og:site_name\" content=\"GYS NOTICIAS |\" \/>\n<meta property=\"article:published_time\" content=\"2026-09-03T03:09:05+00:00\" \/>\n<meta property=\"article:modified_time\" content=\"2026-09-03T03:09:06+00:00\" \/>\n<meta property=\"og:image\" content=\"https:\/\/gysfm.com.ar\/inicio\/wp-content\/uploads\/2026\/09\/un-uber-circula-en-2AH7XMUEBRFAPJAOH4UZBFU6C4.jpg\" \/>\n\t<meta property=\"og:image:width\" content=\"1200\" \/>\n\t<meta property=\"og:image:height\" content=\"800\" \/>\n\t<meta property=\"og:image:type\" content=\"image\/jpeg\" \/>\n<meta name=\"author\" content=\"Prensa G&amp;S FM\" \/>\n<meta name=\"twitter:card\" content=\"summary_large_image\" \/>\n<meta name=\"twitter:label1\" content=\"Escrito por\" \/>\n\t<meta name=\"twitter:data1\" content=\"Prensa G&amp;S FM\" \/>\n\t<meta name=\"twitter:label2\" content=\"Tiempo de lectura\" \/>\n\t<meta name=\"twitter:data2\" content=\"4 minutos\" \/>\n<script type=\"application\/ld+json\" class=\"yoast-schema-graph\">{\"@context\":\"https:\/\/schema.org\",\"@graph\":[{\"@type\":\"Article\",\"@id\":\"https:\/\/gysfm.com.ar\/inicio\/uber-despidio-al-10-de-sus-empleados-en-el-mundo-y-prepara-una-inversion-multimillonaria-en-robotaxis\/#article\",\"isPartOf\":{\"@id\":\"https:\/\/gysfm.com.ar\/inicio\/uber-despidio-al-10-de-sus-empleados-en-el-mundo-y-prepara-una-inversion-multimillonaria-en-robotaxis\/\"},\"author\":{\"name\":\"Prensa G&amp;S FM\",\"@id\":\"https:\/\/gysfm.com.ar\/inicio\/#\/schema\/person\/3abba7593ef2ad19e1be221d54383dc5\"},\"headline\":\"Uber despidi\u00f3 al 10% de sus empleados en el mundo y prepara una inversi\u00f3n multimillonaria en robotaxis\",\"datePublished\":\"2026-09-03T03:09:05+00:00\",\"dateModified\":\"2026-09-03T03:09:06+00:00\",\"mainEntityOfPage\":{\"@id\":\"https:\/\/gysfm.com.ar\/inicio\/uber-despidio-al-10-de-sus-empleados-en-el-mundo-y-prepara-una-inversion-multimillonaria-en-robotaxis\/\"},\"wordCount\":749,\"publisher\":{\"@id\":\"https:\/\/gysfm.com.ar\/inicio\/#organization\"},\"image\":{\"@id\":\"https:\/\/gysfm.com.ar\/inicio\/uber-despidio-al-10-de-sus-empleados-en-el-mundo-y-prepara-una-inversion-multimillonaria-en-robotaxis\/#primaryimage\"},\"thumbnailUrl\":\"https:\/\/gysfm.com.ar\/inicio\/wp-content\/uploads\/2026\/09\/un-uber-circula-en-2AH7XMUEBRFAPJAOH4UZBFU6C4.jpg\",\"articleSection\":[\"INTERNACIONALES\"],\"inLanguage\":\"es\"},{\"@type\":\"WebPage\",\"@id\":\"https:\/\/gysfm.com.ar\/inicio\/uber-despidio-al-10-de-sus-empleados-en-el-mundo-y-prepara-una-inversion-multimillonaria-en-robotaxis\/\",\"url\":\"https:\/\/gysfm.com.ar\/inicio\/uber-despidio-al-10-de-sus-empleados-en-el-mundo-y-prepara-una-inversion-multimillonaria-en-robotaxis\/\",\"name\":\"Uber despidi\u00f3 al 10% de sus empleados en el mundo y prepara una inversi\u00f3n multimillonaria en robotaxis - GYS NOTICIAS |\",\"isPartOf\":{\"@id\":\"https:\/\/gysfm.com.ar\/inicio\/#website\"},\"primaryImageOfPage\":{\"@id\":\"https:\/\/gysfm.com.ar\/inicio\/uber-despidio-al-10-de-sus-empleados-en-el-mundo-y-prepara-una-inversion-multimillonaria-en-robotaxis\/#primaryimage\"},\"image\":{\"@id\":\"https:\/\/gysfm.com.ar\/inicio\/uber-despidio-al-10-de-sus-empleados-en-el-mundo-y-prepara-una-inversion-multimillonaria-en-robotaxis\/#primaryimage\"},\"thumbnailUrl\":\"https:\/\/gysfm.com.ar\/inicio\/wp-content\/uploads\/2026\/09\/un-uber-circula-en-2AH7XMUEBRFAPJAOH4UZBFU6C4.jpg\",\"datePublished\":\"2026-09-03T03:09:05+00:00\",\"dateModified\":\"2026-09-03T03:09:06+00:00\",\"breadcrumb\":{\"@id\":\"https:\/\/gysfm.com.ar\/inicio\/uber-despidio-al-10-de-sus-empleados-en-el-mundo-y-prepara-una-inversion-multimillonaria-en-robotaxis\/#breadcrumb\"},\"inLanguage\":\"es\",\"potentialAction\":[{\"@type\":\"ReadAction\",\"target\":[\"https:\/\/gysfm.com.ar\/inicio\/uber-despidio-al-10-de-sus-empleados-en-el-mundo-y-prepara-una-inversion-multimillonaria-en-robotaxis\/\"]}]},{\"@type\":\"ImageObject\",\"inLanguage\":\"es\",\"@id\":\"https:\/\/gysfm.com.ar\/inicio\/uber-despidio-al-10-de-sus-empleados-en-el-mundo-y-prepara-una-inversion-multimillonaria-en-robotaxis\/#primaryimage\",\"url\":\"https:\/\/gysfm.com.ar\/inicio\/wp-content\/uploads\/2026\/09\/un-uber-circula-en-2AH7XMUEBRFAPJAOH4UZBFU6C4.jpg\",\"contentUrl\":\"https:\/\/gysfm.com.ar\/inicio\/wp-content\/uploads\/2026\/09\/un-uber-circula-en-2AH7XMUEBRFAPJAOH4UZBFU6C4.jpg\",\"width\":1200,\"height\":800},{\"@type\":\"BreadcrumbList\",\"@id\":\"https:\/\/gysfm.com.ar\/inicio\/uber-despidio-al-10-de-sus-empleados-en-el-mundo-y-prepara-una-inversion-multimillonaria-en-robotaxis\/#breadcrumb\",\"itemListElement\":[{\"@type\":\"ListItem\",\"position\":1,\"name\":\"Portada\",\"item\":\"https:\/\/gysfm.com.ar\/inicio\/\"},{\"@type\":\"ListItem\",\"position\":2,\"name\":\"Uber despidi\u00f3 al 10% de sus empleados en el mundo y prepara una inversi\u00f3n multimillonaria en robotaxis\"}]},{\"@type\":\"WebSite\",\"@id\":\"https:\/\/gysfm.com.ar\/inicio\/#website\",\"url\":\"https:\/\/gysfm.com.ar\/inicio\/\",\"name\":\"GYS NOTICIAS |\",\"description\":\"DIARIO - RADIO ONLINE SAN JUAN ARGENTINA\",\"publisher\":{\"@id\":\"https:\/\/gysfm.com.ar\/inicio\/#organization\"},\"potentialAction\":[{\"@type\":\"SearchAction\",\"target\":{\"@type\":\"EntryPoint\",\"urlTemplate\":\"https:\/\/gysfm.com.ar\/inicio\/?s={search_term_string}\"},\"query-input\":{\"@type\":\"PropertyValueSpecification\",\"valueRequired\":true,\"valueName\":\"search_term_string\"}}],\"inLanguage\":\"es\"},{\"@type\":\"Organization\",\"@id\":\"https:\/\/gysfm.com.ar\/inicio\/#organization\",\"name\":\"GYS NOTICIAS |\",\"url\":\"https:\/\/gysfm.com.ar\/inicio\/\",\"logo\":{\"@type\":\"ImageObject\",\"inLanguage\":\"es\",\"@id\":\"https:\/\/gysfm.com.ar\/inicio\/#\/schema\/logo\/image\/\",\"url\":\"https:\/\/gysfm.com.ar\/inicio\/wp-content\/uploads\/2023\/07\/LOGOGYS-OK.png\",\"contentUrl\":\"https:\/\/gysfm.com.ar\/inicio\/wp-content\/uploads\/2023\/07\/LOGOGYS-OK.png\",\"width\":1170,\"height\":872,\"caption\":\"GYS NOTICIAS |\"},\"image\":{\"@id\":\"https:\/\/gysfm.com.ar\/inicio\/#\/schema\/logo\/image\/\"}},{\"@type\":\"Person\",\"@id\":\"https:\/\/gysfm.com.ar\/inicio\/#\/schema\/person\/3abba7593ef2ad19e1be221d54383dc5\",\"name\":\"Prensa G&amp;S FM\",\"image\":{\"@type\":\"ImageObject\",\"inLanguage\":\"es\",\"@id\":\"https:\/\/gysfm.com.ar\/inicio\/#\/schema\/person\/image\/\",\"url\":\"https:\/\/secure.gravatar.com\/avatar\/096ec78df02049ab018702bb4ccedf659377fa92a26540b5247612077a0dbd29?s=96&d=mm&r=g\",\"contentUrl\":\"https:\/\/secure.gravatar.com\/avatar\/096ec78df02049ab018702bb4ccedf659377fa92a26540b5247612077a0dbd29?s=96&d=mm&r=g\",\"caption\":\"Prensa G&amp;S FM\"},\"sameAs\":[\"https:\/\/gysfm.com.ar\/\"],\"url\":\"https:\/\/gysfm.com.ar\/inicio\/author\/lucasm\/\"}]}<\/script>\n<!-- \/ Yoast SEO plugin. -->","yoast_head_json":{"title":"Uber despidi\u00f3 al 10% de sus empleados en el mundo y prepara una inversi\u00f3n multimillonaria en robotaxis - GYS NOTICIAS |","robots":{"index":"index","follow":"follow","max-snippet":"max-snippet:-1","max-image-preview":"max-image-preview:large","max-video-preview":"max-video-preview:-1"},"canonical":"https:\/\/gysfm.com.ar\/inicio\/uber-despidio-al-10-de-sus-empleados-en-el-mundo-y-prepara-una-inversion-multimillonaria-en-robotaxis\/","og_locale":"es_ES","og_type":"article","og_title":"Uber despidi\u00f3 al 10% de sus empleados en el mundo y prepara una inversi\u00f3n multimillonaria en robotaxis - GYS NOTICIAS |","og_description":"WASHINGTON.- Uber anunci\u00f3 este mi\u00e9rcoles que despedir\u00e1 a alrededor del 10% de su plantilla, m\u00e1s de 3000 empleados, como parte de una amplia reorganizaci\u00f3n que tambi\u00e9n contempla su salida de dos mercados africanos y una mayor apuesta por los robotaxis aut\u00f3nomos. La compa\u00f1\u00eda, que cuenta con unos 34.000 trabajadores y opera en m\u00e1s de 70 [&hellip;]","og_url":"https:\/\/gysfm.com.ar\/inicio\/uber-despidio-al-10-de-sus-empleados-en-el-mundo-y-prepara-una-inversion-multimillonaria-en-robotaxis\/","og_site_name":"GYS NOTICIAS |","article_published_time":"2026-09-03T03:09:05+00:00","article_modified_time":"2026-09-03T03:09:06+00:00","og_image":[{"width":1200,"height":800,"url":"https:\/\/gysfm.com.ar\/inicio\/wp-content\/uploads\/2026\/09\/un-uber-circula-en-2AH7XMUEBRFAPJAOH4UZBFU6C4.jpg","type":"image\/jpeg"}],"author":"Prensa G&amp;S FM","twitter_card":"summary_large_image","twitter_misc":{"Escrito por":"Prensa G&amp;S FM","Tiempo de lectura":"4 minutos"},"schema":{"@context":"https:\/\/schema.org","@graph":[{"@type":"Article","@id":"https:\/\/gysfm.com.ar\/inicio\/uber-despidio-al-10-de-sus-empleados-en-el-mundo-y-prepara-una-inversion-multimillonaria-en-robotaxis\/#article","isPartOf":{"@id":"https:\/\/gysfm.com.ar\/inicio\/uber-despidio-al-10-de-sus-empleados-en-el-mundo-y-prepara-una-inversion-multimillonaria-en-robotaxis\/"},"author":{"name":"Prensa G&amp;S FM","@id":"https:\/\/gysfm.com.ar\/inicio\/#\/schema\/person\/3abba7593ef2ad19e1be221d54383dc5"},"headline":"Uber despidi\u00f3 al 10% de sus empleados en el mundo y prepara una inversi\u00f3n multimillonaria en robotaxis","datePublished":"2026-09-03T03:09:05+00:00","dateModified":"2026-09-03T03:09:06+00:00","mainEntityOfPage":{"@id":"https:\/\/gysfm.com.ar\/inicio\/uber-despidio-al-10-de-sus-empleados-en-el-mundo-y-prepara-una-inversion-multimillonaria-en-robotaxis\/"},"wordCount":749,"publisher":{"@id":"https:\/\/gysfm.com.ar\/inicio\/#organization"},"image":{"@id":"https:\/\/gysfm.com.ar\/inicio\/uber-despidio-al-10-de-sus-empleados-en-el-mundo-y-prepara-una-inversion-multimillonaria-en-robotaxis\/#primaryimage"},"thumbnailUrl":"https:\/\/gysfm.com.ar\/inicio\/wp-content\/uploads\/2026\/09\/un-uber-circula-en-2AH7XMUEBRFAPJAOH4UZBFU6C4.jpg","articleSection":["INTERNACIONALES"],"inLanguage":"es"},{"@type":"WebPage","@id":"https:\/\/gysfm.com.ar\/inicio\/uber-despidio-al-10-de-sus-empleados-en-el-mundo-y-prepara-una-inversion-multimillonaria-en-robotaxis\/","url":"https:\/\/gysfm.com.ar\/inicio\/uber-despidio-al-10-de-sus-empleados-en-el-mundo-y-prepara-una-inversion-multimillonaria-en-robotaxis\/","name":"Uber despidi\u00f3 al 10% de sus empleados en el mundo y prepara una inversi\u00f3n multimillonaria en robotaxis - GYS NOTICIAS |","isPartOf":{"@id":"https:\/\/gysfm.com.ar\/inicio\/#website"},"primaryImageOfPage":{"@id":"https:\/\/gysfm.com.ar\/inicio\/uber-despidio-al-10-de-sus-empleados-en-el-mundo-y-prepara-una-inversion-multimillonaria-en-robotaxis\/#primaryimage"},"image":{"@id":"https:\/\/gysfm.com.ar\/inicio\/uber-despidio-al-10-de-sus-empleados-en-el-mundo-y-prepara-una-inversion-multimillonaria-en-robotaxis\/#primaryimage"},"thumbnailUrl":"https:\/\/gysfm.com.ar\/inicio\/wp-content\/uploads\/2026\/09\/un-uber-circula-en-2AH7XMUEBRFAPJAOH4UZBFU6C4.jpg","datePublished":"2026-09-03T03:09:05+00:00","dateModified":"2026-09-03T03:09:06+00:00","breadcrumb":{"@id":"https:\/\/gysfm.com.ar\/inicio\/uber-despidio-al-10-de-sus-empleados-en-el-mundo-y-prepara-una-inversion-multimillonaria-en-robotaxis\/#breadcrumb"},"inLanguage":"es","potentialAction":[{"@type":"ReadAction","target":["https:\/\/gysfm.com.ar\/inicio\/uber-despidio-al-10-de-sus-empleados-en-el-mundo-y-prepara-una-inversion-multimillonaria-en-robotaxis\/"]}]},{"@type":"ImageObject","inLanguage":"es","@id":"https:\/\/gysfm.com.ar\/inicio\/uber-despidio-al-10-de-sus-empleados-en-el-mundo-y-prepara-una-inversion-multimillonaria-en-robotaxis\/#primaryimage","url":"https:\/\/gysfm.com.ar\/inicio\/wp-content\/uploads\/2026\/09\/un-uber-circula-en-2AH7XMUEBRFAPJAOH4UZBFU6C4.jpg","contentUrl":"https:\/\/gysfm.com.ar\/inicio\/wp-content\/uploads\/2026\/09\/un-uber-circula-en-2AH7XMUEBRFAPJAOH4UZBFU6C4.jpg","width":1200,"height":800},{"@type":"BreadcrumbList","@id":"https:\/\/gysfm.com.ar\/inicio\/uber-despidio-al-10-de-sus-empleados-en-el-mundo-y-prepara-una-inversion-multimillonaria-en-robotaxis\/#breadcrumb","itemListElement":[{"@type":"ListItem","position":1,"name":"Portada","item":"https:\/\/gysfm.com.ar\/inicio\/"},{"@type":"ListItem","position":2,"name":"Uber despidi\u00f3 al 10% de sus empleados en el mundo y prepara una inversi\u00f3n multimillonaria en robotaxis"}]},{"@type":"WebSite","@id":"https:\/\/gysfm.com.ar\/inicio\/#website","url":"https:\/\/gysfm.com.ar\/inicio\/","name":"GYS NOTICIAS |","description":"DIARIO - RADIO ONLINE SAN JUAN ARGENTINA","publisher":{"@id":"https:\/\/gysfm.com.ar\/inicio\/#organization"},"potentialAction":[{"@type":"SearchAction","target":{"@type":"EntryPoint","urlTemplate":"https:\/\/gysfm.com.ar\/inicio\/?s={search_term_string}"},"query-input":{"@type":"PropertyValueSpecification","valueRequired":true,"valueName":"search_term_string"}}],"inLanguage":"es"},{"@type":"Organization","@id":"https:\/\/gysfm.com.ar\/inicio\/#organization","name":"GYS NOTICIAS |","url":"https:\/\/gysfm.com.ar\/inicio\/","logo":{"@type":"ImageObject","inLanguage":"es","@id":"https:\/\/gysfm.com.ar\/inicio\/#\/schema\/logo\/image\/","url":"https:\/\/gysfm.com.ar\/inicio\/wp-content\/uploads\/2023\/07\/LOGOGYS-OK.png","contentUrl":"https:\/\/gysfm.com.ar\/inicio\/wp-content\/uploads\/2023\/07\/LOGOGYS-OK.png","width":1170,"height":872,"caption":"GYS NOTICIAS |"},"image":{"@id":"https:\/\/gysfm.com.ar\/inicio\/#\/schema\/logo\/image\/"}},{"@type":"Person","@id":"https:\/\/gysfm.com.ar\/inicio\/#\/schema\/person\/3abba7593ef2ad19e1be221d54383dc5","name":"Prensa G&amp;S FM","image":{"@type":"ImageObject","inLanguage":"es","@id":"https:\/\/gysfm.com.ar\/inicio\/#\/schema\/person\/image\/","url":"https:\/\/secure.gravatar.com\/avatar\/096ec78df02049ab018702bb4ccedf659377fa92a26540b5247612077a0dbd29?s=96&d=mm&r=g","contentUrl":"https:\/\/secure.gravatar.com\/avatar\/096ec78df02049ab018702bb4ccedf659377fa92a26540b5247612077a0dbd29?s=96&d=mm&r=g","caption":"Prensa G&amp;S FM"},"sameAs":["https:\/\/gysfm.com.ar\/"],"url":"https:\/\/gysfm.com.ar\/inicio\/author\/lucasm\/"}]}},"_links":{"self":[{"href":"https:\/\/gysfm.com.ar\/inicio\/wp-json\/wp\/v2\/posts\/210249","targetHints":{"allow":["GET"]}}],"collection":[{"href":"https:\/\/gysfm.com.ar\/inicio\/wp-json\/wp\/v2\/posts"}],"about":[{"href":"https:\/\/gysfm.com.ar\/inicio\/wp-json\/wp\/v2\/types\/post"}],"author":[{"embeddable":true,"href":"https:\/\/gysfm.com.ar\/inicio\/wp-json\/wp\/v2\/users\/2"}],"replies":[{"embeddable":true,"href":"https:\/\/gysfm.com.ar\/inicio\/wp-json\/wp\/v2\/comments?post=210249"}],"version-history":[{"count":1,"href":"https:\/\/gysfm.com.ar\/inicio\/wp-json\/wp\/v2\/posts\/210249\/revisions"}],"predecessor-version":[{"id":210251,"href":"https:\/\/gysfm.com.ar\/inicio\/wp-json\/wp\/v2\/posts\/210249\/revisions\/210251"}],"wp:featuredmedia":[{"embeddable":true,"href":"https:\/\/gysfm.com.ar\/inicio\/wp-json\/wp\/v2\/media\/210250"}],"wp:attachment":[{"href":"https:\/\/gysfm.com.ar\/inicio\/wp-json\/wp\/v2\/media?parent=210249"}],"wp:term":[{"taxonomy":"category","embeddable":true,"href":"https:\/\/gysfm.com.ar\/inicio\/wp-json\/wp\/v2\/categories?post=210249"},{"taxonomy":"post_tag","embeddable":true,"href":"https:\/\/gysfm.com.ar\/inicio\/wp-json\/wp\/v2\/tags?post=210249"}],"curies":[{"name":"wp","href":"https:\/\/api.w.org\/{rel}","templated":true}]}}