{"id":210247,"date":"2026-09-03T00:05:21","date_gmt":"2026-09-03T03:05:21","guid":{"rendered":"https:\/\/gysfm.com.ar\/inicio\/river-por-francisco-alvarez-de-que-depende-cuanto-ofrecio-y-que-pide-argentinos-ole\/"},"modified":"2026-09-03T00:05:21","modified_gmt":"2026-09-03T03:05:21","slug":"river-por-francisco-alvarez-de-que-depende-cuanto-ofrecio-y-que-pide-argentinos-ole","status":"publish","type":"post","link":"https:\/\/gysfm.com.ar\/inicio\/river-por-francisco-alvarez-de-que-depende-cuanto-ofrecio-y-que-pide-argentinos-ole\/","title":{"rendered":"River, por Francisco \u00c1lvarez: de qu\u00e9 depende, cu\u00e1nto ofreci\u00f3 y qu\u00e9 pide Argentinos :: Ol\u00e9"},"content":{"rendered":"<p> <br \/>\n<\/p>\n<div id=\"storyBody\">\n<div id=\"element-body-0\" class=\"sc-df222161-0 hNvwjb\">\n<p>Los \u00faltimos d\u00edas oficiales del mercado de pases fueron agitados para <strong>River<\/strong>. Y ahora, no hay que descartar del todo la chance de que en el futuro cercano se vuelva a mover. Es que, con la extensi\u00f3n hasta este mi\u00e9rcoles a las 18 que corr\u00eda por haber cedido o vendido al exterior despu\u00e9s del 24 de julio, la intenci\u00f3n de la dirigencia pas\u00f3 de <strong> intentar reforzar el plantel con un marcador central m\u00e1s a solo hacerlo en caso de que Lautaro Rivero sea transferido<\/strong>. Una decisi\u00f3n tomada no solo en base a la continuidad de <strong>Lucas Mart\u00ednez Quarta<\/strong>, sino tambi\u00e9n a <strong>algunas b\u00fasquedas que fueron rechazadas<\/strong>.<\/p>\n<\/div>\n<div id=\"element-body-1\" class=\"sc-df222161-0 hNvwjb\">\n<p>La principal, por un jugador que ya se encontraba en el radar y que re\u00fane el consenso interno: el martes, mientras se conclu\u00eda que iba a ser <strong>imposible sacar al colombiano Willer Ditta de Cruz Azul<\/strong>, <strong>el club ofert\u00f3 u$s 3 millones por el 50% del pase de Francisco \u00c1lvarez<\/strong>, sanjuanino de 26 a\u00f1os que se destaca en Argentinos y <strong>tambi\u00e9n fue pretendido por Boca en este mismo mercado<\/strong>.<\/p>\n<\/div>\n<div id=\"element-body-2\" class=\"sc-df222161-0 hNvwjb\">\n<p>La respuesta que lleg\u00f3 desde La Paternal fue contundente: <strong>u$s 6 millones por el 70%<\/strong>. Y no se insisti\u00f3 nuevamente. A favor, <strong>entre ambas dirigencias existe una buena relaci\u00f3n<\/strong> por la transferencia de Tob\u00edas Ram\u00edrez a fines de marzo, que le sirvi\u00f3 al Bicho para <strong>equilibrar cuentas luego de haberse quedado afuera en Fase 2 de la Libertadores<\/strong> (esto, pese a las marcadas diferencias de visi\u00f3n que tienen respecto a la AFA).<\/p>\n<\/div>\n<div class=\"sc-c0843421-0 iNysjD image-embed\" id=\"element-body-3\"><img alt=\"La oferta de River fue rechazada (Prensa AAAJ). \" loading=\"lazy\" width=\"720\" height=\"100\" decoding=\"async\" data-nimg=\"1\" style=\"color:transparent\" src=\"https:\/\/www.ole.com.ar\/images\/2026\/08\/25\/mX9zeWvwy_720x0__1.jpg\"\/><span class=\"epigraphe\">La oferta de River fue rechazada (Prensa AAAJ). <\/span><\/div>\n<div id=\"element-body-4\" class=\"sc-df222161-0 hNvwjb\">\n<p>El joven, que fue formado en San Mart\u00edn de San Juan y en esta temporada acumula 2.459\u2019 en 27 encuentros (tres goles), qued\u00f3 como <strong>uno de los principales candidatos<\/strong> de una lista que tambi\u00e9n tiene anotado a Juan Gim\u00e9nez, de Rosario Central (20 a\u00f1os, recientemente recuperado de una rotura del ligamento cruzado anterior). Aunque, tal como aseguran desde las oficinas del Monumental, <strong>solo se avanzar\u00e1 por alguna de las alternativas si se concreta la venta de Rivero<\/strong>.<\/p>\n<\/div>\n<div id=\"element-body-5\" class=\"sc-df222161-0 hNvwjb\">\n<p>Algo que, pese a algunos rumores de Arabia, por el momento no es tan seguro: <strong>a River no le lleg\u00f3 ninguna oferta formal<\/strong> en los \u00faltimos d\u00edas y, pese a que est\u00e1n abiertos a escuchar algo que pueda satisfacer a todas las partes, no se vislumbra con tanta claridad. Los principales mercados \u00e1rabes todav\u00eda est\u00e1n abiertos: as\u00ed como <strong>el de Qatar cierra este jueves<\/strong>, <strong>el de Emiratos \u00c1rabes Unidos lo har\u00e1 el 28 de septiembre<\/strong> y <strong>el de Arabia Saudita, el 12 de octubre<\/strong>. \u00bfOtras alternativas? <strong>En Estados Unidos finaliz\u00f3 este mi\u00e9rcoles<\/strong>, en tanto que <strong>en Brasil y M\u00e9xico terminar\u00e1 el 11<\/strong>.<\/p>\n<\/div>\n<div class=\"sc-c0843421-0 iNysjD image-embed\" id=\"element-body-6\"><img alt=\"En los \u00faltimos d\u00edas, no llegaron ofertas formales por Rivero (Reuters). \" loading=\"lazy\" width=\"720\" height=\"100\" decoding=\"async\" data-nimg=\"1\" style=\"color:transparent\" src=\"https:\/\/www.ole.com.ar\/images\/2026\/08\/25\/WiUkF-Ee8_720x0__1.jpg\"\/><span class=\"epigraphe\">En los \u00faltimos d\u00edas, no llegaron ofertas formales por Rivero (Reuters). <\/span><\/div>\n<p><h2><strong>Un cupo extra<\/strong><\/h2>\n<\/p>\n<div id=\"element-body-8\" class=\"sc-df222161-0 hNvwjb\">\n<p>Igualmente, <strong>en River ya tienen planeados los pasos a seguir<\/strong> para que una posible venta no los agarre desprevenidos. Y eso tiene que ver con <strong>activar una variante reglamentaria<\/strong> que hoy tiene a disposici\u00f3n por la <strong>dura lesi\u00f3n que sufri\u00f3 el joven Giorgio Costantini<\/strong> ( <strong>rotura del ligamento cruzado anterior de la rodilla derecha<\/strong>) y que <strong>le otorgar\u00e1 10 d\u00edas h\u00e1biles m\u00e1s para incorporar a un jugador del f\u00fatbol local<\/strong>: el pedido formal todav\u00eda no fue realizado a la AFA, pero es probable que se lleve adelante por las dudas.<\/p>\n<\/div>\n<div id=\"element-body-9\" class=\"sc-df222161-0 hNvwjb\">\n<p>La cuesti\u00f3n radica en lo que dice el Convenio Colectivo de Trabajo 557\/09: <strong>si a un club se le lesiona un jugador y su recuperaci\u00f3n demanda m\u00e1s de cuatro meses, se le otorgar\u00e1 un cupo extra para reemplazarlo<\/strong>. <strong>Los informes m\u00e9dicos deben presentarse en AFA hasta cinco d\u00edas h\u00e1biles despu\u00e9s de producida la lesi\u00f3n<\/strong> (en este caso, como fue este lunes, hay tiempo hasta el lunes que viene) y, entre 24 y 48 horas m\u00e1s tarde, se acepta o declina la solicitud.<\/p>\n<\/div>\n<div id=\"element-body-10\" class=\"sc-df222161-0 hNvwjb\">\n<p><strong>\u00bfTerminar\u00e1 siendo utilizado para incorporar a \u00c1lvarez?<\/strong> El futuro de Rivero terminar\u00e1 de definirlo&#8230;<\/p>\n<\/div>\n<div id=\"element-body-11\" class=\"sc-a7166897-0 eTTZWU\"><a href=\"https:\/\/www.ole.com.ar\/river-plate\/river-plate-maxi-salas-puede-jugar-independiente-rivadavia-monumental_0_FaEuVm4ehd.html\" aria-label=\"La sideral cifra que recibir\u00e1 River si Salas juega el domingo\" class=\"sc-d4f573e5-0 bUEDsN\"\/><\/p>\n<section><picture><img alt=\"La sideral cifra que recibir\u00e1 River si Salas juega el domingo\" loading=\"lazy\" width=\"290\" height=\"290\" decoding=\"async\" data-nimg=\"1\" style=\"color:transparent\" src=\"https:\/\/www.ole.com.ar\/images\/2026\/09\/02\/XiIcmBvom_290x290__1.jpg\"\/><\/picture>\n<p><span>Mir\u00e1 tambi\u00e9n<\/span><\/p>\n<hr\/>\n<h3>La sideral cifra que recibir\u00e1 River si Salas juega el domingo<\/h3>\n<\/p>\n<\/section>\n<\/div>\n<div id=\"element-body-12\" class=\"sc-a7166897-0 eTTZWU\"><a href=\"https:\/\/www.ole.com.ar\/river-plate\/15-anos-maximo-goleador-todas-categorias-juveniles-afa-heraldo-fiorotto_0_zHxbmUwGew.html\" aria-label=\"Tiene 15 a\u00f1os y es el m\u00e1ximo goleador entre todas las categor\u00edas Juveniles de AFA: qui\u00e9n es Heraldo Fiorotto, una de las joyas de River\" class=\"sc-d4f573e5-0 bUEDsN\"\/><\/p>\n<section><picture><img alt=\"Tiene 15 a\u00f1os y es el m\u00e1ximo goleador entre todas las categor\u00edas Juveniles de AFA: qui\u00e9n es Heraldo Fiorotto, una de las joyas de River\" loading=\"lazy\" width=\"290\" height=\"290\" decoding=\"async\" data-nimg=\"1\" style=\"color:transparent\" src=\"https:\/\/www.ole.com.ar\/images\/2026\/08\/22\/TTQ7zGjb2_290x290__1.jpg\"\/><\/picture>\n<p><span>Mir\u00e1 tambi\u00e9n<\/span><\/p>\n<hr\/>\n<h3>Tiene 15 a\u00f1os y es el m\u00e1ximo goleador entre todas las categor\u00edas Juveniles de AFA: qui\u00e9n es Heraldo Fiorotto, una de las joyas de River<\/h3>\n<\/p>\n<\/section>\n<\/div>\n<div id=\"element-body-13\" class=\"sc-a7166897-0 eTTZWU\"><a href=\"https:\/\/www.ole.com.ar\/river-plate\/river-plate-matias-galarza-fonda-futuro-estudiantes-cantilo_0_8nizh4Yba0.html\" aria-label=\"Galarza Fonda: de marginado en River a ser compa\u00f1ero de Messi en Inter Miami\" class=\"sc-d4f573e5-0 bUEDsN\"\/><\/p>\n<section><picture><img alt=\"Galarza Fonda: de marginado en River a ser compa\u00f1ero de Messi en Inter Miami\" loading=\"lazy\" width=\"290\" height=\"290\" decoding=\"async\" data-nimg=\"1\" style=\"color:transparent\" src=\"https:\/\/www.ole.com.ar\/images\/2025\/09\/01\/IoSTkmqgq_290x290__1.jpg\"\/><\/picture>\n<p><span>Mir\u00e1 tambi\u00e9n<\/span><\/p>\n<hr\/>\n<h3>Galarza Fonda: de marginado en River a ser compa\u00f1ero de Messi en Inter Miami<\/h3>\n<\/p>\n<\/section>\n<\/div>\n<div id=\"element-body-14\" class=\"sc-a7166897-0 eTTZWU\"><a href=\"https:\/\/www.ole.com.ar\/river-plate\/river-plate-marginados-mercado-pases_0_yP7MqUuRsb.html\" aria-label=\"Con el mercado argentino cerrado, la situaci\u00f3n de los dos jugadores de River que siguen marginados\" class=\"sc-d4f573e5-0 bUEDsN\"\/><\/p>\n<section><picture><img alt=\"Con el mercado argentino cerrado, la situaci\u00f3n de los dos jugadores de River que siguen marginados\" loading=\"lazy\" width=\"290\" height=\"290\" decoding=\"async\" data-nimg=\"1\" style=\"color:transparent\" src=\"https:\/\/www.ole.com.ar\/images\/2025\/11\/17\/YenkVb1_E_290x290__1.jpg\"\/><\/picture>\n<p><span>Mir\u00e1 tambi\u00e9n<\/span><\/p>\n<hr\/>\n<h3>Con el mercado argentino cerrado, la situaci\u00f3n de los dos jugadores de River que siguen marginados<\/h3>\n<\/p>\n<\/section>\n<\/div>\n<\/div>\n\n","protected":false},"excerpt":{"rendered":"<p>Los \u00faltimos d\u00edas oficiales del mercado de pases fueron agitados para River. Y ahora, no hay que descartar del todo la chance de que en el futuro cercano se vuelva a mover. Es que, con la extensi\u00f3n hasta este mi\u00e9rcoles a las 18 que corr\u00eda por haber cedido o vendido al exterior despu\u00e9s del 24 [&hellip;]<\/p>\n","protected":false},"author":1,"featured_media":210248,"comment_status":"closed","ping_status":"closed","sticky":false,"template":"","format":"standard","meta":{"footnotes":""},"categories":[27],"tags":[],"class_list":["post-210247","post","type-post","status-publish","format-standard","has-post-thumbnail","hentry","category-deportes"],"yoast_head":"<!-- This site is optimized with the Yoast SEO plugin v24.4 - https:\/\/yoast.com\/wordpress\/plugins\/seo\/ -->\n<title>River, por Francisco \u00c1lvarez: de qu\u00e9 depende, cu\u00e1nto ofreci\u00f3 y qu\u00e9 pide Argentinos :: Ol\u00e9 - GYS NOTICIAS |<\/title>\n<meta name=\"robots\" content=\"index, follow, max-snippet:-1, max-image-preview:large, max-video-preview:-1\" \/>\n<link rel=\"canonical\" href=\"https:\/\/gysfm.com.ar\/inicio\/river-por-francisco-alvarez-de-que-depende-cuanto-ofrecio-y-que-pide-argentinos-ole\/\" \/>\n<meta property=\"og:locale\" content=\"es_ES\" \/>\n<meta property=\"og:type\" content=\"article\" \/>\n<meta property=\"og:title\" content=\"River, por Francisco \u00c1lvarez: de qu\u00e9 depende, cu\u00e1nto ofreci\u00f3 y qu\u00e9 pide Argentinos :: Ol\u00e9 - GYS NOTICIAS |\" \/>\n<meta property=\"og:description\" content=\"Los \u00faltimos d\u00edas oficiales del mercado de pases fueron agitados para River. Y ahora, no hay que descartar del todo la chance de que en el futuro cercano se vuelva a mover. Es que, con la extensi\u00f3n hasta este mi\u00e9rcoles a las 18 que corr\u00eda por haber cedido o vendido al exterior despu\u00e9s del 24 [&hellip;]\" \/>\n<meta property=\"og:url\" content=\"https:\/\/gysfm.com.ar\/inicio\/river-por-francisco-alvarez-de-que-depende-cuanto-ofrecio-y-que-pide-argentinos-ole\/\" \/>\n<meta property=\"og:site_name\" content=\"GYS NOTICIAS |\" \/>\n<meta property=\"article:published_time\" content=\"2026-09-03T03:05:21+00:00\" \/>\n<meta property=\"og:image\" content=\"https:\/\/www.ole.com.ar\/images\/2026\/08\/25\/mX9zeWvwy_720x0__1.jpg\" \/>\n<meta name=\"author\" content=\"admin\" \/>\n<meta name=\"twitter:card\" content=\"summary_large_image\" \/>\n<meta name=\"twitter:label1\" content=\"Escrito por\" \/>\n\t<meta name=\"twitter:data1\" content=\"admin\" \/>\n\t<meta name=\"twitter:label2\" content=\"Tiempo de lectura\" \/>\n\t<meta name=\"twitter:data2\" content=\"4 minutos\" \/>\n<script type=\"application\/ld+json\" class=\"yoast-schema-graph\">{\"@context\":\"https:\/\/schema.org\",\"@graph\":[{\"@type\":\"Article\",\"@id\":\"https:\/\/gysfm.com.ar\/inicio\/river-por-francisco-alvarez-de-que-depende-cuanto-ofrecio-y-que-pide-argentinos-ole\/#article\",\"isPartOf\":{\"@id\":\"https:\/\/gysfm.com.ar\/inicio\/river-por-francisco-alvarez-de-que-depende-cuanto-ofrecio-y-que-pide-argentinos-ole\/\"},\"author\":{\"name\":\"admin\",\"@id\":\"https:\/\/gysfm.com.ar\/inicio\/#\/schema\/person\/5bedd7ecd35cc35548d89effafa23696\"},\"headline\":\"River, por Francisco \u00c1lvarez: de qu\u00e9 depende, cu\u00e1nto ofreci\u00f3 y qu\u00e9 pide Argentinos :: Ol\u00e9\",\"datePublished\":\"2026-09-03T03:05:21+00:00\",\"mainEntityOfPage\":{\"@id\":\"https:\/\/gysfm.com.ar\/inicio\/river-por-francisco-alvarez-de-que-depende-cuanto-ofrecio-y-que-pide-argentinos-ole\/\"},\"wordCount\":763,\"publisher\":{\"@id\":\"https:\/\/gysfm.com.ar\/inicio\/#organization\"},\"image\":{\"@id\":\"https:\/\/gysfm.com.ar\/inicio\/river-por-francisco-alvarez-de-que-depende-cuanto-ofrecio-y-que-pide-argentinos-ole\/#primaryimage\"},\"thumbnailUrl\":\"https:\/\/gysfm.com.ar\/inicio\/wp-content\/uploads\/2026\/09\/LMO-BjzL5_2000x1500__1.jpg\",\"articleSection\":[\"DEPORTES\"],\"inLanguage\":\"es\"},{\"@type\":\"WebPage\",\"@id\":\"https:\/\/gysfm.com.ar\/inicio\/river-por-francisco-alvarez-de-que-depende-cuanto-ofrecio-y-que-pide-argentinos-ole\/\",\"url\":\"https:\/\/gysfm.com.ar\/inicio\/river-por-francisco-alvarez-de-que-depende-cuanto-ofrecio-y-que-pide-argentinos-ole\/\",\"name\":\"River, por Francisco \u00c1lvarez: de qu\u00e9 depende, cu\u00e1nto ofreci\u00f3 y qu\u00e9 pide Argentinos :: Ol\u00e9 - GYS NOTICIAS |\",\"isPartOf\":{\"@id\":\"https:\/\/gysfm.com.ar\/inicio\/#website\"},\"primaryImageOfPage\":{\"@id\":\"https:\/\/gysfm.com.ar\/inicio\/river-por-francisco-alvarez-de-que-depende-cuanto-ofrecio-y-que-pide-argentinos-ole\/#primaryimage\"},\"image\":{\"@id\":\"https:\/\/gysfm.com.ar\/inicio\/river-por-francisco-alvarez-de-que-depende-cuanto-ofrecio-y-que-pide-argentinos-ole\/#primaryimage\"},\"thumbnailUrl\":\"https:\/\/gysfm.com.ar\/inicio\/wp-content\/uploads\/2026\/09\/LMO-BjzL5_2000x1500__1.jpg\",\"datePublished\":\"2026-09-03T03:05:21+00:00\",\"breadcrumb\":{\"@id\":\"https:\/\/gysfm.com.ar\/inicio\/river-por-francisco-alvarez-de-que-depende-cuanto-ofrecio-y-que-pide-argentinos-ole\/#breadcrumb\"},\"inLanguage\":\"es\",\"potentialAction\":[{\"@type\":\"ReadAction\",\"target\":[\"https:\/\/gysfm.com.ar\/inicio\/river-por-francisco-alvarez-de-que-depende-cuanto-ofrecio-y-que-pide-argentinos-ole\/\"]}]},{\"@type\":\"ImageObject\",\"inLanguage\":\"es\",\"@id\":\"https:\/\/gysfm.com.ar\/inicio\/river-por-francisco-alvarez-de-que-depende-cuanto-ofrecio-y-que-pide-argentinos-ole\/#primaryimage\",\"url\":\"https:\/\/gysfm.com.ar\/inicio\/wp-content\/uploads\/2026\/09\/LMO-BjzL5_2000x1500__1.jpg\",\"contentUrl\":\"https:\/\/gysfm.com.ar\/inicio\/wp-content\/uploads\/2026\/09\/LMO-BjzL5_2000x1500__1.jpg\",\"width\":2000,\"height\":1500},{\"@type\":\"BreadcrumbList\",\"@id\":\"https:\/\/gysfm.com.ar\/inicio\/river-por-francisco-alvarez-de-que-depende-cuanto-ofrecio-y-que-pide-argentinos-ole\/#breadcrumb\",\"itemListElement\":[{\"@type\":\"ListItem\",\"position\":1,\"name\":\"Portada\",\"item\":\"https:\/\/gysfm.com.ar\/inicio\/\"},{\"@type\":\"ListItem\",\"position\":2,\"name\":\"River, por Francisco \u00c1lvarez: de qu\u00e9 depende, cu\u00e1nto ofreci\u00f3 y qu\u00e9 pide Argentinos :: Ol\u00e9\"}]},{\"@type\":\"WebSite\",\"@id\":\"https:\/\/gysfm.com.ar\/inicio\/#website\",\"url\":\"https:\/\/gysfm.com.ar\/inicio\/\",\"name\":\"GYS NOTICIAS |\",\"description\":\"DIARIO - RADIO ONLINE SAN JUAN ARGENTINA\",\"publisher\":{\"@id\":\"https:\/\/gysfm.com.ar\/inicio\/#organization\"},\"potentialAction\":[{\"@type\":\"SearchAction\",\"target\":{\"@type\":\"EntryPoint\",\"urlTemplate\":\"https:\/\/gysfm.com.ar\/inicio\/?s={search_term_string}\"},\"query-input\":{\"@type\":\"PropertyValueSpecification\",\"valueRequired\":true,\"valueName\":\"search_term_string\"}}],\"inLanguage\":\"es\"},{\"@type\":\"Organization\",\"@id\":\"https:\/\/gysfm.com.ar\/inicio\/#organization\",\"name\":\"GYS NOTICIAS |\",\"url\":\"https:\/\/gysfm.com.ar\/inicio\/\",\"logo\":{\"@type\":\"ImageObject\",\"inLanguage\":\"es\",\"@id\":\"https:\/\/gysfm.com.ar\/inicio\/#\/schema\/logo\/image\/\",\"url\":\"https:\/\/gysfm.com.ar\/inicio\/wp-content\/uploads\/2023\/07\/LOGOGYS-OK.png\",\"contentUrl\":\"https:\/\/gysfm.com.ar\/inicio\/wp-content\/uploads\/2023\/07\/LOGOGYS-OK.png\",\"width\":1170,\"height\":872,\"caption\":\"GYS NOTICIAS |\"},\"image\":{\"@id\":\"https:\/\/gysfm.com.ar\/inicio\/#\/schema\/logo\/image\/\"}},{\"@type\":\"Person\",\"@id\":\"https:\/\/gysfm.com.ar\/inicio\/#\/schema\/person\/5bedd7ecd35cc35548d89effafa23696\",\"name\":\"admin\",\"image\":{\"@type\":\"ImageObject\",\"inLanguage\":\"es\",\"@id\":\"https:\/\/gysfm.com.ar\/inicio\/#\/schema\/person\/image\/\",\"url\":\"https:\/\/secure.gravatar.com\/avatar\/c331d312b5243fb64d5ba28108a447b27c925295129a363082c9ea52c28d32c2?s=96&d=mm&r=g\",\"contentUrl\":\"https:\/\/secure.gravatar.com\/avatar\/c331d312b5243fb64d5ba28108a447b27c925295129a363082c9ea52c28d32c2?s=96&d=mm&r=g\",\"caption\":\"admin\"},\"sameAs\":[\"https:\/\/gysfm.com.ar\/inicio\"],\"url\":\"https:\/\/gysfm.com.ar\/inicio\/author\/admin\/\"}]}<\/script>\n<!-- \/ Yoast SEO plugin. -->","yoast_head_json":{"title":"River, por Francisco \u00c1lvarez: de qu\u00e9 depende, cu\u00e1nto ofreci\u00f3 y qu\u00e9 pide Argentinos :: Ol\u00e9 - GYS NOTICIAS |","robots":{"index":"index","follow":"follow","max-snippet":"max-snippet:-1","max-image-preview":"max-image-preview:large","max-video-preview":"max-video-preview:-1"},"canonical":"https:\/\/gysfm.com.ar\/inicio\/river-por-francisco-alvarez-de-que-depende-cuanto-ofrecio-y-que-pide-argentinos-ole\/","og_locale":"es_ES","og_type":"article","og_title":"River, por Francisco \u00c1lvarez: de qu\u00e9 depende, cu\u00e1nto ofreci\u00f3 y qu\u00e9 pide Argentinos :: Ol\u00e9 - GYS NOTICIAS |","og_description":"Los \u00faltimos d\u00edas oficiales del mercado de pases fueron agitados para River. Y ahora, no hay que descartar del todo la chance de que en el futuro cercano se vuelva a mover. Es que, con la extensi\u00f3n hasta este mi\u00e9rcoles a las 18 que corr\u00eda por haber cedido o vendido al exterior despu\u00e9s del 24 [&hellip;]","og_url":"https:\/\/gysfm.com.ar\/inicio\/river-por-francisco-alvarez-de-que-depende-cuanto-ofrecio-y-que-pide-argentinos-ole\/","og_site_name":"GYS NOTICIAS |","article_published_time":"2026-09-03T03:05:21+00:00","og_image":[{"url":"https:\/\/www.ole.com.ar\/images\/2026\/08\/25\/mX9zeWvwy_720x0__1.jpg","type":"","width":"","height":""}],"author":"admin","twitter_card":"summary_large_image","twitter_misc":{"Escrito por":"admin","Tiempo de lectura":"4 minutos"},"schema":{"@context":"https:\/\/schema.org","@graph":[{"@type":"Article","@id":"https:\/\/gysfm.com.ar\/inicio\/river-por-francisco-alvarez-de-que-depende-cuanto-ofrecio-y-que-pide-argentinos-ole\/#article","isPartOf":{"@id":"https:\/\/gysfm.com.ar\/inicio\/river-por-francisco-alvarez-de-que-depende-cuanto-ofrecio-y-que-pide-argentinos-ole\/"},"author":{"name":"admin","@id":"https:\/\/gysfm.com.ar\/inicio\/#\/schema\/person\/5bedd7ecd35cc35548d89effafa23696"},"headline":"River, por Francisco \u00c1lvarez: de qu\u00e9 depende, cu\u00e1nto ofreci\u00f3 y qu\u00e9 pide Argentinos :: Ol\u00e9","datePublished":"2026-09-03T03:05:21+00:00","mainEntityOfPage":{"@id":"https:\/\/gysfm.com.ar\/inicio\/river-por-francisco-alvarez-de-que-depende-cuanto-ofrecio-y-que-pide-argentinos-ole\/"},"wordCount":763,"publisher":{"@id":"https:\/\/gysfm.com.ar\/inicio\/#organization"},"image":{"@id":"https:\/\/gysfm.com.ar\/inicio\/river-por-francisco-alvarez-de-que-depende-cuanto-ofrecio-y-que-pide-argentinos-ole\/#primaryimage"},"thumbnailUrl":"https:\/\/gysfm.com.ar\/inicio\/wp-content\/uploads\/2026\/09\/LMO-BjzL5_2000x1500__1.jpg","articleSection":["DEPORTES"],"inLanguage":"es"},{"@type":"WebPage","@id":"https:\/\/gysfm.com.ar\/inicio\/river-por-francisco-alvarez-de-que-depende-cuanto-ofrecio-y-que-pide-argentinos-ole\/","url":"https:\/\/gysfm.com.ar\/inicio\/river-por-francisco-alvarez-de-que-depende-cuanto-ofrecio-y-que-pide-argentinos-ole\/","name":"River, por Francisco \u00c1lvarez: de qu\u00e9 depende, cu\u00e1nto ofreci\u00f3 y qu\u00e9 pide Argentinos :: Ol\u00e9 - GYS NOTICIAS |","isPartOf":{"@id":"https:\/\/gysfm.com.ar\/inicio\/#website"},"primaryImageOfPage":{"@id":"https:\/\/gysfm.com.ar\/inicio\/river-por-francisco-alvarez-de-que-depende-cuanto-ofrecio-y-que-pide-argentinos-ole\/#primaryimage"},"image":{"@id":"https:\/\/gysfm.com.ar\/inicio\/river-por-francisco-alvarez-de-que-depende-cuanto-ofrecio-y-que-pide-argentinos-ole\/#primaryimage"},"thumbnailUrl":"https:\/\/gysfm.com.ar\/inicio\/wp-content\/uploads\/2026\/09\/LMO-BjzL5_2000x1500__1.jpg","datePublished":"2026-09-03T03:05:21+00:00","breadcrumb":{"@id":"https:\/\/gysfm.com.ar\/inicio\/river-por-francisco-alvarez-de-que-depende-cuanto-ofrecio-y-que-pide-argentinos-ole\/#breadcrumb"},"inLanguage":"es","potentialAction":[{"@type":"ReadAction","target":["https:\/\/gysfm.com.ar\/inicio\/river-por-francisco-alvarez-de-que-depende-cuanto-ofrecio-y-que-pide-argentinos-ole\/"]}]},{"@type":"ImageObject","inLanguage":"es","@id":"https:\/\/gysfm.com.ar\/inicio\/river-por-francisco-alvarez-de-que-depende-cuanto-ofrecio-y-que-pide-argentinos-ole\/#primaryimage","url":"https:\/\/gysfm.com.ar\/inicio\/wp-content\/uploads\/2026\/09\/LMO-BjzL5_2000x1500__1.jpg","contentUrl":"https:\/\/gysfm.com.ar\/inicio\/wp-content\/uploads\/2026\/09\/LMO-BjzL5_2000x1500__1.jpg","width":2000,"height":1500},{"@type":"BreadcrumbList","@id":"https:\/\/gysfm.com.ar\/inicio\/river-por-francisco-alvarez-de-que-depende-cuanto-ofrecio-y-que-pide-argentinos-ole\/#breadcrumb","itemListElement":[{"@type":"ListItem","position":1,"name":"Portada","item":"https:\/\/gysfm.com.ar\/inicio\/"},{"@type":"ListItem","position":2,"name":"River, por Francisco \u00c1lvarez: de qu\u00e9 depende, cu\u00e1nto ofreci\u00f3 y qu\u00e9 pide Argentinos :: Ol\u00e9"}]},{"@type":"WebSite","@id":"https:\/\/gysfm.com.ar\/inicio\/#website","url":"https:\/\/gysfm.com.ar\/inicio\/","name":"GYS NOTICIAS |","description":"DIARIO - RADIO ONLINE SAN JUAN ARGENTINA","publisher":{"@id":"https:\/\/gysfm.com.ar\/inicio\/#organization"},"potentialAction":[{"@type":"SearchAction","target":{"@type":"EntryPoint","urlTemplate":"https:\/\/gysfm.com.ar\/inicio\/?s={search_term_string}"},"query-input":{"@type":"PropertyValueSpecification","valueRequired":true,"valueName":"search_term_string"}}],"inLanguage":"es"},{"@type":"Organization","@id":"https:\/\/gysfm.com.ar\/inicio\/#organization","name":"GYS NOTICIAS |","url":"https:\/\/gysfm.com.ar\/inicio\/","logo":{"@type":"ImageObject","inLanguage":"es","@id":"https:\/\/gysfm.com.ar\/inicio\/#\/schema\/logo\/image\/","url":"https:\/\/gysfm.com.ar\/inicio\/wp-content\/uploads\/2023\/07\/LOGOGYS-OK.png","contentUrl":"https:\/\/gysfm.com.ar\/inicio\/wp-content\/uploads\/2023\/07\/LOGOGYS-OK.png","width":1170,"height":872,"caption":"GYS NOTICIAS |"},"image":{"@id":"https:\/\/gysfm.com.ar\/inicio\/#\/schema\/logo\/image\/"}},{"@type":"Person","@id":"https:\/\/gysfm.com.ar\/inicio\/#\/schema\/person\/5bedd7ecd35cc35548d89effafa23696","name":"admin","image":{"@type":"ImageObject","inLanguage":"es","@id":"https:\/\/gysfm.com.ar\/inicio\/#\/schema\/person\/image\/","url":"https:\/\/secure.gravatar.com\/avatar\/c331d312b5243fb64d5ba28108a447b27c925295129a363082c9ea52c28d32c2?s=96&d=mm&r=g","contentUrl":"https:\/\/secure.gravatar.com\/avatar\/c331d312b5243fb64d5ba28108a447b27c925295129a363082c9ea52c28d32c2?s=96&d=mm&r=g","caption":"admin"},"sameAs":["https:\/\/gysfm.com.ar\/inicio"],"url":"https:\/\/gysfm.com.ar\/inicio\/author\/admin\/"}]}},"_links":{"self":[{"href":"https:\/\/gysfm.com.ar\/inicio\/wp-json\/wp\/v2\/posts\/210247","targetHints":{"allow":["GET"]}}],"collection":[{"href":"https:\/\/gysfm.com.ar\/inicio\/wp-json\/wp\/v2\/posts"}],"about":[{"href":"https:\/\/gysfm.com.ar\/inicio\/wp-json\/wp\/v2\/types\/post"}],"author":[{"embeddable":true,"href":"https:\/\/gysfm.com.ar\/inicio\/wp-json\/wp\/v2\/users\/1"}],"replies":[{"embeddable":true,"href":"https:\/\/gysfm.com.ar\/inicio\/wp-json\/wp\/v2\/comments?post=210247"}],"version-history":[{"count":0,"href":"https:\/\/gysfm.com.ar\/inicio\/wp-json\/wp\/v2\/posts\/210247\/revisions"}],"wp:featuredmedia":[{"embeddable":true,"href":"https:\/\/gysfm.com.ar\/inicio\/wp-json\/wp\/v2\/media\/210248"}],"wp:attachment":[{"href":"https:\/\/gysfm.com.ar\/inicio\/wp-json\/wp\/v2\/media?parent=210247"}],"wp:term":[{"taxonomy":"category","embeddable":true,"href":"https:\/\/gysfm.com.ar\/inicio\/wp-json\/wp\/v2\/categories?post=210247"},{"taxonomy":"post_tag","embeddable":true,"href":"https:\/\/gysfm.com.ar\/inicio\/wp-json\/wp\/v2\/tags?post=210247"}],"curies":[{"name":"wp","href":"https:\/\/api.w.org\/{rel}","templated":true}]}}