{"id":210245,"date":"2026-09-03T00:02:16","date_gmt":"2026-09-03T03:02:16","guid":{"rendered":"https:\/\/gysfm.com.ar\/inicio\/la-industria-cayo-12-frente-a-2023-y-se-perdieron-cerca-de-275-mil-empleos-privados\/"},"modified":"2026-09-03T00:02:16","modified_gmt":"2026-09-03T03:02:16","slug":"la-industria-cayo-12-frente-a-2023-y-se-perdieron-cerca-de-275-mil-empleos-privados","status":"publish","type":"post","link":"https:\/\/gysfm.com.ar\/inicio\/la-industria-cayo-12-frente-a-2023-y-se-perdieron-cerca-de-275-mil-empleos-privados\/","title":{"rendered":"La industria cay\u00f3 12% frente a 2023 y se perdieron cerca de 275 mil empleos privados"},"content":{"rendered":"<p> <br \/>\n<\/p>\n<div id=\"\">\n<p id=\"p-1788378418118-11742\" data-start=\"236\" data-end=\"586\">En el marco del <strong data-start=\"252\" data-end=\"284\">D\u00eda de la Industria Nacional<\/strong>, la <strong data-start=\"289\" data-end=\"312\">Fundaci\u00f3n Encuentro<\/strong> difundi\u00f3 un informe en el que advirti\u00f3 que la producci\u00f3n manufacturera cay\u00f3 12% durante el primer semestre de 2026 frente al mismo per\u00edodo de 2023. El relevamiento tambi\u00e9n se\u00f1al\u00f3 que desde diciembre de ese a\u00f1o se perdieron cerca de <strong data-start=\"545\" data-end=\"585\">275 mil empleos privados registrados<\/strong>.<\/p>\n<\/div>\n<div id=\"\">\n<p id=\"p-1788378418118-97489\" data-start=\"588\" data-end=\"883\">De acuerdo con el estudio, la industria oper\u00f3 con una <strong data-start=\"642\" data-end=\"693\">utilizaci\u00f3n de la capacidad instalada del 57,6%<\/strong> durante los primeros seis meses de 2026. El nivel representa una disminuci\u00f3n de nueve puntos porcentuales frente al 66,6% registrado en igual per\u00edodo de 2023 y una ca\u00edda relativa del 13,5%.<\/p>\n<\/div>\n<div id=\"\">\n<p id=\"p-1788378418118-34583\" data-start=\"885\" data-end=\"1186\"> El \u00cdndice de Producci\u00f3n Industrial Manufacturero reflej\u00f3 un deterioro generalizado: <strong data-start=\"969\" data-end=\"1029\">13 de los 14 bloques relevados presentaron contracciones<\/strong>. Los mayores retrocesos correspondieron a productos textiles, con una baja del 34%; maquinaria y equipo, con 33,4%; y otros equipos e instrumentos, con 30%.<\/p>\n<\/div>\n<div id=\"\">\n<h2 id=\"p-1788378418118-90409\" data-section-id=\"w8oipa\" data-start=\"1188\" data-end=\"1231\">El empleo privado perdi\u00f3 274.600 puestos<\/h2>\n<p id=\"p-1788378418118-77162\" data-start=\"1233\" data-end=\"1429\">Entre diciembre de 2023 y mayo de 2026, la cantidad de trabajadores privados registrados pas\u00f3 de <strong data-start=\"1330\" data-end=\"1355\">6.382.700 a 6.108.100<\/strong>, lo que implic\u00f3 la p\u00e9rdida de 274.600 empleos y una contracci\u00f3n del 4,3%.<\/p>\n<\/div>\n<div id=\"\">\n<p id=\"p-1788378418118-18119\" data-start=\"1431\" data-end=\"1630\">La ca\u00edda alcanz\u00f3 a la mayor\u00eda de las jurisdicciones del pa\u00eds. \u00danicamente <strong data-start=\"1504\" data-end=\"1556\">Tucum\u00e1n, Neuqu\u00e9n, La Rioja, San Juan y R\u00edo Negro<\/strong> mostraron un crecimiento del empleo privado durante el per\u00edodo analizado.<\/p>\n<\/div>\n<div id=\"\">\n<p id=\"p-1788378418118-85965\" data-start=\"1632\" data-end=\"1899\">En t\u00e9rminos relativos, las mayores bajas se produjeron en <strong data-start=\"1690\" data-end=\"1758\">Santa Cruz (-18,7%), Tierra del Fuego (-17,4%) y Chubut (-14,6%)<\/strong>. Por su parte, la provincia de Buenos Aires concentr\u00f3 el retroceso m\u00e1s pronunciado en valores absolutos, con cerca de 101.000 puestos menos.<\/p>\n<div contenteditable=\"false\" class=\"embed_cont type_imagen\" id=\"8265666-Libre-1629517661_wrap\" style=\"opacity:1;height:auto;\">\n<div id=\"8265666-Libre-1629517661_content\" class=\"embed_content\"><img src=\"https:\/\/media.ambito.com\/p\/acd1f991809bbf76379e66ecafbbbefc\/adjuntos\/239\/imagenes\/043\/585\/0043585559\/730x0\/913x374:933x394\/industria-empleo-pymes-actividad-economica.jpg\" decoding=\"async\" fetchpriority=\"low\" loading=\"lazy\" alt=\"La Fundaci\u00f3n Encuentro advirti\u00f3 por el deterioro de la actividad y del empleo industrial.\" title=\"La Fundaci\u00f3n Encuentro advirti\u00f3 por el deterioro de la actividad y del empleo industrial.\" width=\"730\" height=\"undefined\" id=\"8265666-Libre-1629517661_embed\"\/><\/div>\n<div class=\"embed_wrapper-cont\" id=\"p-1788378276109-97521\">\n<div id=\"8265666-Libre-1629517661_epigrafe\" class=\"embed_epigrafe\">\n<p id=\"p-1788378292997-28107\">La Fundaci\u00f3n Encuentro advirti\u00f3 por el deterioro de la actividad y del empleo industrial.<\/p>\n<\/div>\n<p>Depositphotos<\/p>\n<\/div><\/div>\n<h2 id=\"p-1788378418118-82676\" data-section-id=\"139jsuw\" data-start=\"1901\" data-end=\"1952\">Fuerte retroceso de la construcci\u00f3n y el consumo<\/h2>\n<p id=\"p-1788378418118-35743\" data-start=\"1954\" data-end=\"2182\"><strong>La construcci\u00f3n tambi\u00e9n registr\u00f3 una marcada contracci\u00f3n.<\/strong> El nivel de actividad del sector, medido por el Estimador Mensual de Actividad Econ\u00f3mica (EMAE), cay\u00f3 13,4%, mientras que los <strong data-start=\"2138\" data-end=\"2181\">despachos de cemento disminuyeron 24,2%<\/strong>.<\/p>\n<p id=\"p-1788378418118-69158\" data-start=\"2184\" data-end=\"2470\">Este escenario repercuti\u00f3 directamente sobre la producci\u00f3n de minerales no met\u00e1licos, que acumul\u00f3 una baja del 25,7%. A su vez, el comercio mayorista y minorista retrocedi\u00f3 5,6% y las ventas minoristas relevadas por la Confederaci\u00f3n Argentina de la Mediana Empresa (CAME) cayeron 11,9%.<\/p>\n<h2 id=\"p-1788378418118-33309\" data-section-id=\"1uhl9vp\" data-start=\"2472\" data-end=\"2542\">Por qu\u00e9 el crecimiento de algunos sectores no revirti\u00f3 el deterioro<\/h2>\n<p id=\"p-1788378418118-64590\" data-start=\"2544\" data-end=\"2897\">El trabajo tambi\u00e9n analiz\u00f3 el crecimiento nominal registrado en actividades como el agro, la energ\u00eda y la intermediaci\u00f3n financiera, adem\u00e1s del incremento de los impuestos netos de subsidios. Sin embargo, la Fundaci\u00f3n Encuentro sostuvo que esos avances <strong data-start=\"2797\" data-end=\"2896\">no alcanzaron para compensar la ca\u00edda de la industria, la construcci\u00f3n, el comercio y el empleo<\/strong>.<\/p>\n<p id=\"p-1788378418118-21014\" data-start=\"2899\" data-end=\"3128\">En los casos del agro y la energ\u00eda, la mejora estuvo vinculada, en buena medida, con bases de comparaci\u00f3n particularmente bajas: la sequ\u00eda hist\u00f3rica que afect\u00f3 la producci\u00f3n durante 2023 y el desarrollo espec\u00edfico de Vaca Muerta.<\/p>\n<p id=\"p-1788378418118-3991\" data-start=\"3130\" data-end=\"3492\">Respecto de la intermediaci\u00f3n financiera, el informe relacion\u00f3 su expansi\u00f3n con la diferencia entre las tasas activas, que llegaron hasta el 120%, y las tasas pasivas, cercanas al 22%. Finalmente, atribuy\u00f3 el incremento de la recaudaci\u00f3n neta de subsidios a la suba de los impuestos sobre los combustibles y a la eliminaci\u00f3n de subsidios aplicados a las tarifas.<\/p>\n<\/p><\/div>\n<p><script>\n!function(f,b,e,v,n,t,s)\n{if(f.fbq)return;n=f.fbq=function(){n.callMethod?\nn.callMethod.apply(n,arguments):n.queue.push(arguments)};\nif(!f._fbq)f._fbq=n;n.push=n;n.loaded=!0;n.version='2.0';\nn.queue=[];t=b.createElement(e);t.async=!0;\nt.src=v;s=b.getElementsByTagName(e)[0];\ns.parentNode.insertBefore(t,s)}(window,document,'script',\n'https:\/\/connect.facebook.net\/en_US\/fbevents.js');\nfbq('init', '2047048335588113');\nfbq('track', 'PageView');\n<\/script><br \/>\n<br \/><\/p>\n","protected":false},"excerpt":{"rendered":"<p>En el marco del D\u00eda de la Industria Nacional, la Fundaci\u00f3n Encuentro difundi\u00f3 un informe en el que advirti\u00f3 que la producci\u00f3n manufacturera cay\u00f3 12% durante el primer semestre de 2026 frente al mismo per\u00edodo de 2023. El relevamiento tambi\u00e9n se\u00f1al\u00f3 que desde diciembre de ese a\u00f1o se perdieron cerca de 275 mil empleos privados [&hellip;]<\/p>\n","protected":false},"author":1,"featured_media":210246,"comment_status":"closed","ping_status":"closed","sticky":false,"template":"","format":"standard","meta":{"footnotes":""},"categories":[28],"tags":[],"class_list":["post-210245","post","type-post","status-publish","format-standard","has-post-thumbnail","hentry","category-economia"],"yoast_head":"<!-- This site is optimized with the Yoast SEO plugin v24.4 - https:\/\/yoast.com\/wordpress\/plugins\/seo\/ -->\n<title>La industria cay\u00f3 12% frente a 2023 y se perdieron cerca de 275 mil empleos privados - GYS NOTICIAS |<\/title>\n<meta name=\"robots\" content=\"index, follow, max-snippet:-1, max-image-preview:large, max-video-preview:-1\" \/>\n<link rel=\"canonical\" href=\"https:\/\/gysfm.com.ar\/inicio\/la-industria-cayo-12-frente-a-2023-y-se-perdieron-cerca-de-275-mil-empleos-privados\/\" \/>\n<meta property=\"og:locale\" content=\"es_ES\" \/>\n<meta property=\"og:type\" content=\"article\" \/>\n<meta property=\"og:title\" content=\"La industria cay\u00f3 12% frente a 2023 y se perdieron cerca de 275 mil empleos privados - GYS NOTICIAS |\" \/>\n<meta property=\"og:description\" content=\"En el marco del D\u00eda de la Industria Nacional, la Fundaci\u00f3n Encuentro difundi\u00f3 un informe en el que advirti\u00f3 que la producci\u00f3n manufacturera cay\u00f3 12% durante el primer semestre de 2026 frente al mismo per\u00edodo de 2023. El relevamiento tambi\u00e9n se\u00f1al\u00f3 que desde diciembre de ese a\u00f1o se perdieron cerca de 275 mil empleos privados [&hellip;]\" \/>\n<meta property=\"og:url\" content=\"https:\/\/gysfm.com.ar\/inicio\/la-industria-cayo-12-frente-a-2023-y-se-perdieron-cerca-de-275-mil-empleos-privados\/\" \/>\n<meta property=\"og:site_name\" content=\"GYS NOTICIAS |\" \/>\n<meta property=\"article:published_time\" content=\"2026-09-03T03:02:16+00:00\" \/>\n<meta property=\"og:image\" content=\"https:\/\/media.ambito.com\/p\/acd1f991809bbf76379e66ecafbbbefc\/adjuntos\/239\/imagenes\/043\/585\/0043585559\/730x0\/913x374:933x394\/industria-empleo-pymes-actividad-economica.jpg\" \/>\n<meta name=\"author\" content=\"admin\" \/>\n<meta name=\"twitter:card\" content=\"summary_large_image\" \/>\n<meta name=\"twitter:label1\" content=\"Escrito por\" \/>\n\t<meta name=\"twitter:data1\" content=\"admin\" \/>\n\t<meta name=\"twitter:label2\" content=\"Tiempo de lectura\" \/>\n\t<meta name=\"twitter:data2\" content=\"3 minutos\" \/>\n<script type=\"application\/ld+json\" class=\"yoast-schema-graph\">{\"@context\":\"https:\/\/schema.org\",\"@graph\":[{\"@type\":\"Article\",\"@id\":\"https:\/\/gysfm.com.ar\/inicio\/la-industria-cayo-12-frente-a-2023-y-se-perdieron-cerca-de-275-mil-empleos-privados\/#article\",\"isPartOf\":{\"@id\":\"https:\/\/gysfm.com.ar\/inicio\/la-industria-cayo-12-frente-a-2023-y-se-perdieron-cerca-de-275-mil-empleos-privados\/\"},\"author\":{\"name\":\"admin\",\"@id\":\"https:\/\/gysfm.com.ar\/inicio\/#\/schema\/person\/5bedd7ecd35cc35548d89effafa23696\"},\"headline\":\"La industria cay\u00f3 12% frente a 2023 y se perdieron cerca de 275 mil empleos privados\",\"datePublished\":\"2026-09-03T03:02:16+00:00\",\"mainEntityOfPage\":{\"@id\":\"https:\/\/gysfm.com.ar\/inicio\/la-industria-cayo-12-frente-a-2023-y-se-perdieron-cerca-de-275-mil-empleos-privados\/\"},\"wordCount\":547,\"publisher\":{\"@id\":\"https:\/\/gysfm.com.ar\/inicio\/#organization\"},\"image\":{\"@id\":\"https:\/\/gysfm.com.ar\/inicio\/la-industria-cayo-12-frente-a-2023-y-se-perdieron-cerca-de-275-mil-empleos-privados\/#primaryimage\"},\"thumbnailUrl\":\"https:\/\/gysfm.com.ar\/inicio\/wp-content\/uploads\/2026\/09\/dia-la-industria1.jpeg\",\"articleSection\":[\"ECONOMIA\"],\"inLanguage\":\"es\"},{\"@type\":\"WebPage\",\"@id\":\"https:\/\/gysfm.com.ar\/inicio\/la-industria-cayo-12-frente-a-2023-y-se-perdieron-cerca-de-275-mil-empleos-privados\/\",\"url\":\"https:\/\/gysfm.com.ar\/inicio\/la-industria-cayo-12-frente-a-2023-y-se-perdieron-cerca-de-275-mil-empleos-privados\/\",\"name\":\"La industria cay\u00f3 12% frente a 2023 y se perdieron cerca de 275 mil empleos privados - GYS NOTICIAS |\",\"isPartOf\":{\"@id\":\"https:\/\/gysfm.com.ar\/inicio\/#website\"},\"primaryImageOfPage\":{\"@id\":\"https:\/\/gysfm.com.ar\/inicio\/la-industria-cayo-12-frente-a-2023-y-se-perdieron-cerca-de-275-mil-empleos-privados\/#primaryimage\"},\"image\":{\"@id\":\"https:\/\/gysfm.com.ar\/inicio\/la-industria-cayo-12-frente-a-2023-y-se-perdieron-cerca-de-275-mil-empleos-privados\/#primaryimage\"},\"thumbnailUrl\":\"https:\/\/gysfm.com.ar\/inicio\/wp-content\/uploads\/2026\/09\/dia-la-industria1.jpeg\",\"datePublished\":\"2026-09-03T03:02:16+00:00\",\"breadcrumb\":{\"@id\":\"https:\/\/gysfm.com.ar\/inicio\/la-industria-cayo-12-frente-a-2023-y-se-perdieron-cerca-de-275-mil-empleos-privados\/#breadcrumb\"},\"inLanguage\":\"es\",\"potentialAction\":[{\"@type\":\"ReadAction\",\"target\":[\"https:\/\/gysfm.com.ar\/inicio\/la-industria-cayo-12-frente-a-2023-y-se-perdieron-cerca-de-275-mil-empleos-privados\/\"]}]},{\"@type\":\"ImageObject\",\"inLanguage\":\"es\",\"@id\":\"https:\/\/gysfm.com.ar\/inicio\/la-industria-cayo-12-frente-a-2023-y-se-perdieron-cerca-de-275-mil-empleos-privados\/#primaryimage\",\"url\":\"https:\/\/gysfm.com.ar\/inicio\/wp-content\/uploads\/2026\/09\/dia-la-industria1.jpeg\",\"contentUrl\":\"https:\/\/gysfm.com.ar\/inicio\/wp-content\/uploads\/2026\/09\/dia-la-industria1.jpeg\",\"width\":1200,\"height\":675},{\"@type\":\"BreadcrumbList\",\"@id\":\"https:\/\/gysfm.com.ar\/inicio\/la-industria-cayo-12-frente-a-2023-y-se-perdieron-cerca-de-275-mil-empleos-privados\/#breadcrumb\",\"itemListElement\":[{\"@type\":\"ListItem\",\"position\":1,\"name\":\"Portada\",\"item\":\"https:\/\/gysfm.com.ar\/inicio\/\"},{\"@type\":\"ListItem\",\"position\":2,\"name\":\"La industria cay\u00f3 12% frente a 2023 y se perdieron cerca de 275 mil empleos privados\"}]},{\"@type\":\"WebSite\",\"@id\":\"https:\/\/gysfm.com.ar\/inicio\/#website\",\"url\":\"https:\/\/gysfm.com.ar\/inicio\/\",\"name\":\"GYS NOTICIAS |\",\"description\":\"DIARIO - RADIO ONLINE SAN JUAN ARGENTINA\",\"publisher\":{\"@id\":\"https:\/\/gysfm.com.ar\/inicio\/#organization\"},\"potentialAction\":[{\"@type\":\"SearchAction\",\"target\":{\"@type\":\"EntryPoint\",\"urlTemplate\":\"https:\/\/gysfm.com.ar\/inicio\/?s={search_term_string}\"},\"query-input\":{\"@type\":\"PropertyValueSpecification\",\"valueRequired\":true,\"valueName\":\"search_term_string\"}}],\"inLanguage\":\"es\"},{\"@type\":\"Organization\",\"@id\":\"https:\/\/gysfm.com.ar\/inicio\/#organization\",\"name\":\"GYS NOTICIAS |\",\"url\":\"https:\/\/gysfm.com.ar\/inicio\/\",\"logo\":{\"@type\":\"ImageObject\",\"inLanguage\":\"es\",\"@id\":\"https:\/\/gysfm.com.ar\/inicio\/#\/schema\/logo\/image\/\",\"url\":\"https:\/\/gysfm.com.ar\/inicio\/wp-content\/uploads\/2023\/07\/LOGOGYS-OK.png\",\"contentUrl\":\"https:\/\/gysfm.com.ar\/inicio\/wp-content\/uploads\/2023\/07\/LOGOGYS-OK.png\",\"width\":1170,\"height\":872,\"caption\":\"GYS NOTICIAS |\"},\"image\":{\"@id\":\"https:\/\/gysfm.com.ar\/inicio\/#\/schema\/logo\/image\/\"}},{\"@type\":\"Person\",\"@id\":\"https:\/\/gysfm.com.ar\/inicio\/#\/schema\/person\/5bedd7ecd35cc35548d89effafa23696\",\"name\":\"admin\",\"image\":{\"@type\":\"ImageObject\",\"inLanguage\":\"es\",\"@id\":\"https:\/\/gysfm.com.ar\/inicio\/#\/schema\/person\/image\/\",\"url\":\"https:\/\/secure.gravatar.com\/avatar\/c331d312b5243fb64d5ba28108a447b27c925295129a363082c9ea52c28d32c2?s=96&d=mm&r=g\",\"contentUrl\":\"https:\/\/secure.gravatar.com\/avatar\/c331d312b5243fb64d5ba28108a447b27c925295129a363082c9ea52c28d32c2?s=96&d=mm&r=g\",\"caption\":\"admin\"},\"sameAs\":[\"https:\/\/gysfm.com.ar\/inicio\"],\"url\":\"https:\/\/gysfm.com.ar\/inicio\/author\/admin\/\"}]}<\/script>\n<!-- \/ Yoast SEO plugin. -->","yoast_head_json":{"title":"La industria cay\u00f3 12% frente a 2023 y se perdieron cerca de 275 mil empleos privados - GYS NOTICIAS |","robots":{"index":"index","follow":"follow","max-snippet":"max-snippet:-1","max-image-preview":"max-image-preview:large","max-video-preview":"max-video-preview:-1"},"canonical":"https:\/\/gysfm.com.ar\/inicio\/la-industria-cayo-12-frente-a-2023-y-se-perdieron-cerca-de-275-mil-empleos-privados\/","og_locale":"es_ES","og_type":"article","og_title":"La industria cay\u00f3 12% frente a 2023 y se perdieron cerca de 275 mil empleos privados - GYS NOTICIAS |","og_description":"En el marco del D\u00eda de la Industria Nacional, la Fundaci\u00f3n Encuentro difundi\u00f3 un informe en el que advirti\u00f3 que la producci\u00f3n manufacturera cay\u00f3 12% durante el primer semestre de 2026 frente al mismo per\u00edodo de 2023. El relevamiento tambi\u00e9n se\u00f1al\u00f3 que desde diciembre de ese a\u00f1o se perdieron cerca de 275 mil empleos privados [&hellip;]","og_url":"https:\/\/gysfm.com.ar\/inicio\/la-industria-cayo-12-frente-a-2023-y-se-perdieron-cerca-de-275-mil-empleos-privados\/","og_site_name":"GYS NOTICIAS |","article_published_time":"2026-09-03T03:02:16+00:00","og_image":[{"url":"https:\/\/media.ambito.com\/p\/acd1f991809bbf76379e66ecafbbbefc\/adjuntos\/239\/imagenes\/043\/585\/0043585559\/730x0\/913x374:933x394\/industria-empleo-pymes-actividad-economica.jpg","type":"","width":"","height":""}],"author":"admin","twitter_card":"summary_large_image","twitter_misc":{"Escrito por":"admin","Tiempo de lectura":"3 minutos"},"schema":{"@context":"https:\/\/schema.org","@graph":[{"@type":"Article","@id":"https:\/\/gysfm.com.ar\/inicio\/la-industria-cayo-12-frente-a-2023-y-se-perdieron-cerca-de-275-mil-empleos-privados\/#article","isPartOf":{"@id":"https:\/\/gysfm.com.ar\/inicio\/la-industria-cayo-12-frente-a-2023-y-se-perdieron-cerca-de-275-mil-empleos-privados\/"},"author":{"name":"admin","@id":"https:\/\/gysfm.com.ar\/inicio\/#\/schema\/person\/5bedd7ecd35cc35548d89effafa23696"},"headline":"La industria cay\u00f3 12% frente a 2023 y se perdieron cerca de 275 mil empleos privados","datePublished":"2026-09-03T03:02:16+00:00","mainEntityOfPage":{"@id":"https:\/\/gysfm.com.ar\/inicio\/la-industria-cayo-12-frente-a-2023-y-se-perdieron-cerca-de-275-mil-empleos-privados\/"},"wordCount":547,"publisher":{"@id":"https:\/\/gysfm.com.ar\/inicio\/#organization"},"image":{"@id":"https:\/\/gysfm.com.ar\/inicio\/la-industria-cayo-12-frente-a-2023-y-se-perdieron-cerca-de-275-mil-empleos-privados\/#primaryimage"},"thumbnailUrl":"https:\/\/gysfm.com.ar\/inicio\/wp-content\/uploads\/2026\/09\/dia-la-industria1.jpeg","articleSection":["ECONOMIA"],"inLanguage":"es"},{"@type":"WebPage","@id":"https:\/\/gysfm.com.ar\/inicio\/la-industria-cayo-12-frente-a-2023-y-se-perdieron-cerca-de-275-mil-empleos-privados\/","url":"https:\/\/gysfm.com.ar\/inicio\/la-industria-cayo-12-frente-a-2023-y-se-perdieron-cerca-de-275-mil-empleos-privados\/","name":"La industria cay\u00f3 12% frente a 2023 y se perdieron cerca de 275 mil empleos privados - GYS NOTICIAS |","isPartOf":{"@id":"https:\/\/gysfm.com.ar\/inicio\/#website"},"primaryImageOfPage":{"@id":"https:\/\/gysfm.com.ar\/inicio\/la-industria-cayo-12-frente-a-2023-y-se-perdieron-cerca-de-275-mil-empleos-privados\/#primaryimage"},"image":{"@id":"https:\/\/gysfm.com.ar\/inicio\/la-industria-cayo-12-frente-a-2023-y-se-perdieron-cerca-de-275-mil-empleos-privados\/#primaryimage"},"thumbnailUrl":"https:\/\/gysfm.com.ar\/inicio\/wp-content\/uploads\/2026\/09\/dia-la-industria1.jpeg","datePublished":"2026-09-03T03:02:16+00:00","breadcrumb":{"@id":"https:\/\/gysfm.com.ar\/inicio\/la-industria-cayo-12-frente-a-2023-y-se-perdieron-cerca-de-275-mil-empleos-privados\/#breadcrumb"},"inLanguage":"es","potentialAction":[{"@type":"ReadAction","target":["https:\/\/gysfm.com.ar\/inicio\/la-industria-cayo-12-frente-a-2023-y-se-perdieron-cerca-de-275-mil-empleos-privados\/"]}]},{"@type":"ImageObject","inLanguage":"es","@id":"https:\/\/gysfm.com.ar\/inicio\/la-industria-cayo-12-frente-a-2023-y-se-perdieron-cerca-de-275-mil-empleos-privados\/#primaryimage","url":"https:\/\/gysfm.com.ar\/inicio\/wp-content\/uploads\/2026\/09\/dia-la-industria1.jpeg","contentUrl":"https:\/\/gysfm.com.ar\/inicio\/wp-content\/uploads\/2026\/09\/dia-la-industria1.jpeg","width":1200,"height":675},{"@type":"BreadcrumbList","@id":"https:\/\/gysfm.com.ar\/inicio\/la-industria-cayo-12-frente-a-2023-y-se-perdieron-cerca-de-275-mil-empleos-privados\/#breadcrumb","itemListElement":[{"@type":"ListItem","position":1,"name":"Portada","item":"https:\/\/gysfm.com.ar\/inicio\/"},{"@type":"ListItem","position":2,"name":"La industria cay\u00f3 12% frente a 2023 y se perdieron cerca de 275 mil empleos privados"}]},{"@type":"WebSite","@id":"https:\/\/gysfm.com.ar\/inicio\/#website","url":"https:\/\/gysfm.com.ar\/inicio\/","name":"GYS NOTICIAS |","description":"DIARIO - RADIO ONLINE SAN JUAN ARGENTINA","publisher":{"@id":"https:\/\/gysfm.com.ar\/inicio\/#organization"},"potentialAction":[{"@type":"SearchAction","target":{"@type":"EntryPoint","urlTemplate":"https:\/\/gysfm.com.ar\/inicio\/?s={search_term_string}"},"query-input":{"@type":"PropertyValueSpecification","valueRequired":true,"valueName":"search_term_string"}}],"inLanguage":"es"},{"@type":"Organization","@id":"https:\/\/gysfm.com.ar\/inicio\/#organization","name":"GYS NOTICIAS |","url":"https:\/\/gysfm.com.ar\/inicio\/","logo":{"@type":"ImageObject","inLanguage":"es","@id":"https:\/\/gysfm.com.ar\/inicio\/#\/schema\/logo\/image\/","url":"https:\/\/gysfm.com.ar\/inicio\/wp-content\/uploads\/2023\/07\/LOGOGYS-OK.png","contentUrl":"https:\/\/gysfm.com.ar\/inicio\/wp-content\/uploads\/2023\/07\/LOGOGYS-OK.png","width":1170,"height":872,"caption":"GYS NOTICIAS |"},"image":{"@id":"https:\/\/gysfm.com.ar\/inicio\/#\/schema\/logo\/image\/"}},{"@type":"Person","@id":"https:\/\/gysfm.com.ar\/inicio\/#\/schema\/person\/5bedd7ecd35cc35548d89effafa23696","name":"admin","image":{"@type":"ImageObject","inLanguage":"es","@id":"https:\/\/gysfm.com.ar\/inicio\/#\/schema\/person\/image\/","url":"https:\/\/secure.gravatar.com\/avatar\/c331d312b5243fb64d5ba28108a447b27c925295129a363082c9ea52c28d32c2?s=96&d=mm&r=g","contentUrl":"https:\/\/secure.gravatar.com\/avatar\/c331d312b5243fb64d5ba28108a447b27c925295129a363082c9ea52c28d32c2?s=96&d=mm&r=g","caption":"admin"},"sameAs":["https:\/\/gysfm.com.ar\/inicio"],"url":"https:\/\/gysfm.com.ar\/inicio\/author\/admin\/"}]}},"_links":{"self":[{"href":"https:\/\/gysfm.com.ar\/inicio\/wp-json\/wp\/v2\/posts\/210245","targetHints":{"allow":["GET"]}}],"collection":[{"href":"https:\/\/gysfm.com.ar\/inicio\/wp-json\/wp\/v2\/posts"}],"about":[{"href":"https:\/\/gysfm.com.ar\/inicio\/wp-json\/wp\/v2\/types\/post"}],"author":[{"embeddable":true,"href":"https:\/\/gysfm.com.ar\/inicio\/wp-json\/wp\/v2\/users\/1"}],"replies":[{"embeddable":true,"href":"https:\/\/gysfm.com.ar\/inicio\/wp-json\/wp\/v2\/comments?post=210245"}],"version-history":[{"count":0,"href":"https:\/\/gysfm.com.ar\/inicio\/wp-json\/wp\/v2\/posts\/210245\/revisions"}],"wp:featuredmedia":[{"embeddable":true,"href":"https:\/\/gysfm.com.ar\/inicio\/wp-json\/wp\/v2\/media\/210246"}],"wp:attachment":[{"href":"https:\/\/gysfm.com.ar\/inicio\/wp-json\/wp\/v2\/media?parent=210245"}],"wp:term":[{"taxonomy":"category","embeddable":true,"href":"https:\/\/gysfm.com.ar\/inicio\/wp-json\/wp\/v2\/categories?post=210245"},{"taxonomy":"post_tag","embeddable":true,"href":"https:\/\/gysfm.com.ar\/inicio\/wp-json\/wp\/v2\/tags?post=210245"}],"curies":[{"name":"wp","href":"https:\/\/api.w.org\/{rel}","templated":true}]}}