{"id":210242,"date":"2026-09-02T23:08:07","date_gmt":"2026-09-03T02:08:07","guid":{"rendered":"https:\/\/gysfm.com.ar\/inicio\/alemania-acusa-a-rusia-por-un-intento-de-ataque-con-drones-en-leipzig-y-endurece-su-respuesta\/"},"modified":"2026-09-02T23:08:08","modified_gmt":"2026-09-03T02:08:08","slug":"alemania-acusa-a-rusia-por-un-intento-de-ataque-con-drones-en-leipzig-y-endurece-su-respuesta","status":"publish","type":"post","link":"https:\/\/gysfm.com.ar\/inicio\/alemania-acusa-a-rusia-por-un-intento-de-ataque-con-drones-en-leipzig-y-endurece-su-respuesta\/","title":{"rendered":"Alemania acusa a Rusia por un intento de ataque con drones en Leipzig y endurece su respuesta"},"content":{"rendered":"<p> <br \/>\n<\/p>\n<div>\n<p class=\"com-paragraph --capital --s\">BERL\u00cdN. \u2013 La Uni\u00f3n Europea convoc\u00f3 este mi\u00e9rcoles al <strong>m\u00e1ximo representante diplom\u00e1tico ruso <\/strong>ante el bloque por el <a href=\"https:\/\/www.lanacion.com.ar\/el-mundo\/alemania-acusa-a-rusia-de-un-ataque-con-drones-en-el-aeropuerto-de-leipzig-nid01092026\/\" target=\"_self\" title=\"https:\/\/www.lanacion.com.ar\/el-mundo\/alemania-acusa-a-rusia-de-un-ataque-con-drones-en-el-aeropuerto-de-leipzig-nid01092026\/\" class=\"com-link break-word\" data-mrf-recirculation=\"n_link_parrafo\"><strong>incidente de un dron cargado con explosivos<\/strong><\/a><strong> detectado<\/strong> en agosto en el<strong> aeropuerto alem\u00e1n de Leipzig\/Halle<\/strong>, un d\u00eda despu\u00e9s de que Berl\u00edn responsabilizara a <a href=\"https:\/\/www.lanacion.com.ar\/el-mundo\/putin-acuso-a-zelensky-de-terrorismo-de-estado-tras-una-advertencia-del-lider-ucraniano-a-las-nid02092026\/\" target=\"_self\" title=\"https:\/\/www.lanacion.com.ar\/el-mundo\/putin-acuso-a-zelensky-de-terrorismo-de-estado-tras-una-advertencia-del-lider-ucraniano-a-las-nid02092026\/\" class=\"com-link break-word\" data-mrf-recirculation=\"n_link_parrafo\">Rusia<\/a> y anunciara nuevas medidas contra Mosc\u00fa.<\/p>\n<p class=\"com-paragraph --s\">La jefa de la diplomacia europea, <strong>Kaja Kallas<\/strong>, afirm\u00f3 que el episodio presenta <strong>\u201clas caracter\u00edsticas de un acto de terrorismo respaldado por un Estado\u201d<\/strong> y confirm\u00f3 que el encargado de negocios ruso en Bruselas fue convocado para protestar contra lo que calific\u00f3 como un nuevo <strong>\u201cataque h\u00edbrido\u201d<\/strong>.<\/p>\n<p class=\"com-paragraph --s text-left\">La escalada se produjo despu\u00e9s de que <strong>Alemania acusara a Rusia de estar detr\u00e1s del intento de ataque <\/strong>y asegurara haber reunido pruebas que vinculan a agentes rusos con la operaci\u00f3n<\/p>\n<p class=\"com-paragraph --s\">La investigaci\u00f3n identific\u00f3 a <strong>dos sospechosos con presuntos v\u00ednculos con Rusia<\/strong>, seg\u00fan informaron <em>S\u00fcddeutsche Zeitung<\/em>, NDR y WDR. Se trata de un hombre de origen ruso con pasaporte let\u00f3n y al parecer estaba a cargo de la log\u00edstica del ataque. El otro es un ciudadano bielorruso con pasaporte ruso, que habr\u00eda entrado en el espacio Schengen con un visado tur\u00edstico italiano expedido en Minsk. Este hombre ha cometido infracciones en los pa\u00edses b\u00e1lticos, afirman los tres medios.<\/p>\n<p class=\"com-paragraph --s\">Llegado a finales de julio a Alemania a trav\u00e9s del aeropuerto de Berl\u00edn, habr\u00eda alquilado un auto para dirigirse a la regi\u00f3n de Leipzig antes de abandonar el pa\u00eds dos d\u00edas antes del presunto ataque, a\u00f1aden las fuentes.<\/p>\n<p class=\"com-paragraph --s\">Los dos hombres habr\u00edan sido identificados gracias a las<strong> huellas de ADN encontradas por la polic\u00eda cient\u00edfica en un dron<\/strong>, en una lata de conservas llena de explosivos y en una antena fijada a un \u00e1rbol.<\/p>\n<div class=\"content-media\">\n<section role=\"button\" class=\"mod-media   \">\n<figure role=\"button\" tabindex=\"0\" class=\"mod-figure \"><figcaption class=\"mod-figcaption\"><span class=\"com-text --caption --twoxs\">Agentes de polic\u00eda est\u00e1n registrando un campo en el aeropuerto de Leipzig\/Halle tras un incidente con un dron<\/span><span class=\"com-text --credit --twoxs\">Hendrik Schmidt &#8211; dpa DPA<\/span><\/figcaption><\/figure>\n<\/section>\n<\/div>\n<p class=\"com-paragraph --s\">El ministro del Interior, Alexander Dobrindt, afirm\u00f3 que la<strong> configuraci\u00f3n de los drones<\/strong>, sus componentes, explosivos y detonadores <strong>coinciden con elementos detectados en otras operaciones h\u00edbridas atribuidas a Rusia<\/strong>. Seg\u00fan el funcionario, el dispositivo mostr\u00f3 \u201cun alto grado de pericia t\u00e9cnica\u201d y una planificaci\u00f3n minuciosa, aunque la ejecuci\u00f3n habr\u00eda quedado en manos de agentes de \u201cbajo nivel\u201d.<\/p>\n<p class=\"com-paragraph --s\"><strong>\u201cLas investigaciones policiales, el patr\u00f3n y los hallazgos de inteligencia prueban una responsabilidad rusa por el intento de ataque en el aeropuerto de Leipzig\u201d<\/strong>, sostuvo Dobrindt.<\/p>\n<p class=\"com-paragraph --s\">El 4 de agosto fue encontrado un <strong>dron cerca de varios aviones Antonov ucranianos<\/strong> y el artefacto fue desactivado. Seg\u00fan las autoridades, <strong>otro aparato impact\u00f3 contra un avi\u00f3n de carga de DHL <\/strong>y provoc\u00f3 da\u00f1os en su parte delantera. Diez d\u00edas despu\u00e9s, un<strong> tercer dron, tambi\u00e9n cargado con explosivos, fue localizado en un estado federado vecino<\/strong>.<\/p>\n<p class=\"com-paragraph --s\">Leipzig\/Halle es un importante centro europeo de transporte de carga y presta apoyo log\u00edstico a Ucrania. Tambi\u00e9n alberga la <strong>Soluci\u00f3n Internacional de Transporte A\u00e9reo Estrat\u00e9gico de la OTAN (SALIS)<\/strong>, que opera regularmente para trasladar equipos a las fuerzas aliadas desplegadas en el flanco oriental.<\/p>\n<div class=\"content-media\">\n<section role=\"button\" class=\"mod-media   \">\n<figure role=\"button\" tabindex=\"0\" class=\"mod-figure \"><figcaption class=\"mod-figcaption\"><span class=\"com-text --caption --twoxs\">El ministro del Interior alem\u00e1n, Alexander Dobrindt, afirm\u00f3 que el dispositivo mostraba un alto grado de preparaci\u00f3n t\u00e9cnica y planificaci\u00f3n<\/span><span class=\"com-text --credit --twoxs\">TOBIAS SCHWARZ &#8211; AFP<\/span><\/figcaption><\/figure>\n<\/section>\n<\/div>\n<p class=\"com-paragraph --s\">El ministro de Exteriores, Johann Wadephul, anunci\u00f3 el <strong>cierre del consulado ruso en Bonn a partir del 18 de septiembre<\/strong> y la rescisi\u00f3n del contrato de la Casa Rusa de Berl\u00edn. Tambi\u00e9n adelant\u00f3 que Alemania impulsar\u00e1 <strong>nuevas sanciones <\/strong>europeas contra personas vinculadas a operaciones h\u00edbridas rusas, <strong>reforzar\u00e1 los controles de entrada para ciudadanos rusos<\/strong> y aumentar\u00e1 la presi\u00f3n contra la llamada \u201cflota fantasma\u201d utilizada para transportar petr\u00f3leo ruso y eludir sanciones.<\/p>\n<p class=\"com-paragraph --s\">El embajador ruso en Berl\u00edn fue convocado al Ministerio de Exteriores.<\/p>\n<p><h2 class=\"font-primary font-w-bold text-subheading-lg text-left container-center-100 mb-8\"><span>\u201cPretexto rebuscado y fabricado\u201d<\/span><\/h2>\n<\/p>\n<p class=\"com-paragraph --s\">La vocera de la Canciller\u00eda rusa, Maria Zakharova, calific\u00f3 las afirmaciones alemanas de un<strong> \u201cpretexto rebuscado y fabricado\u201d<\/strong> y dijo que<strong> Rusia dar\u00e1 una \u201crespuesta adecuada\u201d a las medidas anunciadas<\/strong>.<\/p>\n<p class=\"com-paragraph --s\">\u201cLa parte rusa rechaza categ\u00f3ricamente las acusaciones totalmente infundadas formuladas por Berl\u00edn sobre la implicaci\u00f3n de Rusia en el presunto incidente del aeropuerto de Leipzig\u201d, declar\u00f3 el ministerio en un comunicado, acusando a Alemania de \u201clanzar deliberadamente una aut\u00e9ntica provocaci\u00f3n con el objetivo de exacerbar las relaciones germano-rusas\u201d.<\/p>\n<div class=\"content-media\">\n<section role=\"button\" class=\"mod-media   \">\n<figure role=\"button\" tabindex=\"0\" class=\"mod-figure \"><figcaption class=\"mod-figcaption\"><span class=\"com-text --caption --twoxs\">Putin, durante una reuni\u00f3n al margen del Foro Econ\u00f3mico Oriental en Vladivostok, Rusia<\/span><span class=\"com-text --credit --twoxs\">Vyacheslav Prokofyev &#8211; Pool Sputnik Kremlin<\/span><\/figcaption><\/figure>\n<\/section>\n<\/div>\n<p class=\"com-paragraph --s\">El presidente <strong>Vladimir Putin tambi\u00e9n neg\u00f3 las acusaciones<\/strong> y cuestion\u00f3 las pruebas presentadas por Berl\u00edn. <strong>\u201c\u00bfD\u00f3nde est\u00e1 la prueba?\u201d<\/strong>, pregunt\u00f3 durante una cumbre de la Organizaci\u00f3n de Cooperaci\u00f3n de Shangh\u00e1i en Kirguist\u00e1n. <strong>\u201cLa prueba fue plantada\u201d<\/strong>, agreg\u00f3, sin explicar en qu\u00e9 basaba esa afirmaci\u00f3n.<\/p>\n<p class=\"com-paragraph --s\">El <strong>embajador ruso<\/strong>, Sergey Nechayev, <strong>calific\u00f3 las acusaciones de \u201cinfundadas, absurdas y contrarias al sentido com\u00fan\u201d<\/strong> y afirm\u00f3 que las medidas alemanas representan una<strong> escalada \u201csin precedentes\u201d <\/strong>en las relaciones bilaterales.<\/p>\n<p><h2 class=\"font-primary font-w-bold text-subheading-lg text-left container-center-100 mb-8\"><span>Sabotaje, espionaje y desinformaci\u00f3n<\/span><\/h2>\n<\/p>\n<p class=\"com-paragraph --s\">El episodio ocurre en un contexto de <strong>creciente preocupaci\u00f3n europea por las operaciones de sabotaje, espionaje y desinformaci\u00f3n atribuidas a Mosc\u00fa<\/strong>. La agencia Associated Press contabiliz\u00f3 alrededor de <strong>200 incidentes de actividad maliciosa en Europa atribuidos por funcionarios occidentales a Rusia<\/strong> desde el inicio de la invasi\u00f3n de Ucrania, incluidos incendios provocados, operaciones con drones, intentos de asesinato y ciberataques.<\/p>\n<p class=\"com-paragraph --s\">La tensi\u00f3n se extendi\u00f3 adem\u00e1s al B\u00e1ltico, donde <strong>varios drones activaron las alarmas en Letonia y algunos ingresaron en el espacio a\u00e9reo de Estonia<\/strong>, provocando el despegue de cazas de la OTAN.<\/p>\n<p class=\"com-paragraph --s\">La Uni\u00f3n Europea y la alianza atl\u00e1ntica respaldaron a Berl\u00edn. La presidenta de la Comisi\u00f3n Europea, <strong>Ursula von der Leyen, calific\u00f3 el episodio de Leipzig como parte de una tendencia de incidentes \u201ccada vez m\u00e1s peligrosos\u201d <\/strong>y asegur\u00f3 que Europa y la OTAN intensificar\u00e1n la presi\u00f3n sobre Rusia.<\/p>\n<p class=\"com-paragraph --s\">El <strong>secretario general de la OTAN, Mark Rutte, afirm\u00f3 que Mosc\u00fa se ha vuelto \u201ccada vez m\u00e1s temeraria\u201d<\/strong> y que sus intentos de intimidar a los pa\u00edses europeos y debilitar su apoyo a Ucrania \u201cson vanos y fracasar\u00e1n\u201d.<\/p>\n<p class=\"com-paragraph --s\">La disputa se produce mientras la guerra amenaza con extender sus efectos sobre el espacio a\u00e9reo europeo. Tras nuevos ataques rusos contra la regi\u00f3n de Kiev, el presidente ucraniano <strong>Volodimir Zelensky advirti\u00f3 que la escalada \u201cno puede y no permanecer\u00e1 confinada al territorio ucraniano\u201d <\/strong>y sostuvo que el espacio a\u00e9reo ruso se est\u00e1 volviendo inseguro para la aviaci\u00f3n civil.<\/p>\n<p class=\"com-paragraph --s\"><strong>Putin respondi\u00f3 acusando a Zelensky de recurrir al \u201cterrorismo de Estado\u201d<\/strong>.<\/p>\n<p class=\"com-paragraph --s text-left\"><strong>Agencias AP, AFP y Reuters<\/strong><\/p>\n<section class=\"container-center-100 mb-40 border border-bottom border-thin border-neutral-light-700\">\n<hr\/>\n<\/section>\n<\/div>\n<p><script id=\"facebookpixel\" defer=\"\" type=\"text\/javascript\">\n        !function(f,b,e,v,n,t,s)\n        {if(f.fbq)return;n=f.fbq=function(){n.callMethod?\n        n.callMethod.apply(n,arguments):n.queue.push(arguments)};\n        if(!f._fbq)f._fbq=n;n.push=n;n.loaded=!0;n.version='2.0';\n        n.queue=[];t=b.createElement(e);t.async=!0;\n        t.src=v;s=b.getElementsByTagName(e)[0];\n        s.parentNode.insertBefore(t,s)}(window, document,'script',\n        'https:\/\/connect.facebook.net\/en_US\/fbevents.js');\n        fbq('init', '492459597522335');\n        fbq('track', 'PageView');\n    <\/script><br \/>\n<br \/><\/p>\n","protected":false},"excerpt":{"rendered":"<p>BERL\u00cdN. \u2013 La Uni\u00f3n Europea convoc\u00f3 este mi\u00e9rcoles al m\u00e1ximo representante diplom\u00e1tico ruso ante el bloque por el incidente de un dron cargado con explosivos detectado en agosto en el aeropuerto alem\u00e1n de Leipzig\/Halle, un d\u00eda despu\u00e9s de que Berl\u00edn responsabilizara a Rusia y anunciara nuevas medidas contra Mosc\u00fa. La jefa de la diplomacia europea, [&hellip;]<\/p>\n","protected":false},"author":2,"featured_media":210243,"comment_status":"closed","ping_status":"closed","sticky":false,"template":"","format":"standard","meta":{"footnotes":""},"categories":[26],"tags":[],"class_list":["post-210242","post","type-post","status-publish","format-standard","has-post-thumbnail","hentry","category-internacionales"],"yoast_head":"<!-- This site is optimized with the Yoast SEO plugin v24.4 - https:\/\/yoast.com\/wordpress\/plugins\/seo\/ -->\n<title>Alemania acusa a Rusia por un intento de ataque con drones en Leipzig y endurece su respuesta - GYS NOTICIAS |<\/title>\n<meta name=\"robots\" content=\"index, follow, max-snippet:-1, max-image-preview:large, max-video-preview:-1\" \/>\n<link rel=\"canonical\" href=\"https:\/\/gysfm.com.ar\/inicio\/alemania-acusa-a-rusia-por-un-intento-de-ataque-con-drones-en-leipzig-y-endurece-su-respuesta\/\" \/>\n<meta property=\"og:locale\" content=\"es_ES\" \/>\n<meta property=\"og:type\" content=\"article\" \/>\n<meta property=\"og:title\" content=\"Alemania acusa a Rusia por un intento de ataque con drones en Leipzig y endurece su respuesta - GYS NOTICIAS |\" \/>\n<meta property=\"og:description\" content=\"BERL\u00cdN. \u2013 La Uni\u00f3n Europea convoc\u00f3 este mi\u00e9rcoles al m\u00e1ximo representante diplom\u00e1tico ruso ante el bloque por el incidente de un dron cargado con explosivos detectado en agosto en el aeropuerto alem\u00e1n de Leipzig\/Halle, un d\u00eda despu\u00e9s de que Berl\u00edn responsabilizara a Rusia y anunciara nuevas medidas contra Mosc\u00fa. La jefa de la diplomacia europea, [&hellip;]\" \/>\n<meta property=\"og:url\" content=\"https:\/\/gysfm.com.ar\/inicio\/alemania-acusa-a-rusia-por-un-intento-de-ataque-con-drones-en-leipzig-y-endurece-su-respuesta\/\" \/>\n<meta property=\"og:site_name\" content=\"GYS NOTICIAS |\" \/>\n<meta property=\"article:published_time\" content=\"2026-09-03T02:08:07+00:00\" \/>\n<meta property=\"article:modified_time\" content=\"2026-09-03T02:08:08+00:00\" \/>\n<meta property=\"og:image\" content=\"https:\/\/gysfm.com.ar\/inicio\/wp-content\/uploads\/2026\/09\/alemania-acusa-a-moscu-de-estar-detras-del-uso-de-NVMYLMFXY5FL3DXOL32ROLZDP4.JPG\" \/>\n\t<meta property=\"og:image:width\" content=\"1200\" \/>\n\t<meta property=\"og:image:height\" content=\"800\" \/>\n\t<meta property=\"og:image:type\" content=\"image\/jpeg\" \/>\n<meta name=\"author\" content=\"Prensa G&amp;S FM\" \/>\n<meta name=\"twitter:card\" content=\"summary_large_image\" \/>\n<meta name=\"twitter:label1\" content=\"Escrito por\" \/>\n\t<meta name=\"twitter:data1\" content=\"Prensa G&amp;S FM\" \/>\n\t<meta name=\"twitter:label2\" content=\"Tiempo de lectura\" \/>\n\t<meta name=\"twitter:data2\" content=\"6 minutos\" \/>\n<script type=\"application\/ld+json\" class=\"yoast-schema-graph\">{\"@context\":\"https:\/\/schema.org\",\"@graph\":[{\"@type\":\"Article\",\"@id\":\"https:\/\/gysfm.com.ar\/inicio\/alemania-acusa-a-rusia-por-un-intento-de-ataque-con-drones-en-leipzig-y-endurece-su-respuesta\/#article\",\"isPartOf\":{\"@id\":\"https:\/\/gysfm.com.ar\/inicio\/alemania-acusa-a-rusia-por-un-intento-de-ataque-con-drones-en-leipzig-y-endurece-su-respuesta\/\"},\"author\":{\"name\":\"Prensa G&amp;S FM\",\"@id\":\"https:\/\/gysfm.com.ar\/inicio\/#\/schema\/person\/3abba7593ef2ad19e1be221d54383dc5\"},\"headline\":\"Alemania acusa a Rusia por un intento de ataque con drones en Leipzig y endurece su respuesta\",\"datePublished\":\"2026-09-03T02:08:07+00:00\",\"dateModified\":\"2026-09-03T02:08:08+00:00\",\"mainEntityOfPage\":{\"@id\":\"https:\/\/gysfm.com.ar\/inicio\/alemania-acusa-a-rusia-por-un-intento-de-ataque-con-drones-en-leipzig-y-endurece-su-respuesta\/\"},\"wordCount\":1146,\"publisher\":{\"@id\":\"https:\/\/gysfm.com.ar\/inicio\/#organization\"},\"image\":{\"@id\":\"https:\/\/gysfm.com.ar\/inicio\/alemania-acusa-a-rusia-por-un-intento-de-ataque-con-drones-en-leipzig-y-endurece-su-respuesta\/#primaryimage\"},\"thumbnailUrl\":\"https:\/\/gysfm.com.ar\/inicio\/wp-content\/uploads\/2026\/09\/alemania-acusa-a-moscu-de-estar-detras-del-uso-de-NVMYLMFXY5FL3DXOL32ROLZDP4.JPG\",\"articleSection\":[\"INTERNACIONALES\"],\"inLanguage\":\"es\"},{\"@type\":\"WebPage\",\"@id\":\"https:\/\/gysfm.com.ar\/inicio\/alemania-acusa-a-rusia-por-un-intento-de-ataque-con-drones-en-leipzig-y-endurece-su-respuesta\/\",\"url\":\"https:\/\/gysfm.com.ar\/inicio\/alemania-acusa-a-rusia-por-un-intento-de-ataque-con-drones-en-leipzig-y-endurece-su-respuesta\/\",\"name\":\"Alemania acusa a Rusia por un intento de ataque con drones en Leipzig y endurece su respuesta - GYS NOTICIAS |\",\"isPartOf\":{\"@id\":\"https:\/\/gysfm.com.ar\/inicio\/#website\"},\"primaryImageOfPage\":{\"@id\":\"https:\/\/gysfm.com.ar\/inicio\/alemania-acusa-a-rusia-por-un-intento-de-ataque-con-drones-en-leipzig-y-endurece-su-respuesta\/#primaryimage\"},\"image\":{\"@id\":\"https:\/\/gysfm.com.ar\/inicio\/alemania-acusa-a-rusia-por-un-intento-de-ataque-con-drones-en-leipzig-y-endurece-su-respuesta\/#primaryimage\"},\"thumbnailUrl\":\"https:\/\/gysfm.com.ar\/inicio\/wp-content\/uploads\/2026\/09\/alemania-acusa-a-moscu-de-estar-detras-del-uso-de-NVMYLMFXY5FL3DXOL32ROLZDP4.JPG\",\"datePublished\":\"2026-09-03T02:08:07+00:00\",\"dateModified\":\"2026-09-03T02:08:08+00:00\",\"breadcrumb\":{\"@id\":\"https:\/\/gysfm.com.ar\/inicio\/alemania-acusa-a-rusia-por-un-intento-de-ataque-con-drones-en-leipzig-y-endurece-su-respuesta\/#breadcrumb\"},\"inLanguage\":\"es\",\"potentialAction\":[{\"@type\":\"ReadAction\",\"target\":[\"https:\/\/gysfm.com.ar\/inicio\/alemania-acusa-a-rusia-por-un-intento-de-ataque-con-drones-en-leipzig-y-endurece-su-respuesta\/\"]}]},{\"@type\":\"ImageObject\",\"inLanguage\":\"es\",\"@id\":\"https:\/\/gysfm.com.ar\/inicio\/alemania-acusa-a-rusia-por-un-intento-de-ataque-con-drones-en-leipzig-y-endurece-su-respuesta\/#primaryimage\",\"url\":\"https:\/\/gysfm.com.ar\/inicio\/wp-content\/uploads\/2026\/09\/alemania-acusa-a-moscu-de-estar-detras-del-uso-de-NVMYLMFXY5FL3DXOL32ROLZDP4.JPG\",\"contentUrl\":\"https:\/\/gysfm.com.ar\/inicio\/wp-content\/uploads\/2026\/09\/alemania-acusa-a-moscu-de-estar-detras-del-uso-de-NVMYLMFXY5FL3DXOL32ROLZDP4.JPG\",\"width\":1200,\"height\":800},{\"@type\":\"BreadcrumbList\",\"@id\":\"https:\/\/gysfm.com.ar\/inicio\/alemania-acusa-a-rusia-por-un-intento-de-ataque-con-drones-en-leipzig-y-endurece-su-respuesta\/#breadcrumb\",\"itemListElement\":[{\"@type\":\"ListItem\",\"position\":1,\"name\":\"Portada\",\"item\":\"https:\/\/gysfm.com.ar\/inicio\/\"},{\"@type\":\"ListItem\",\"position\":2,\"name\":\"Alemania acusa a Rusia por un intento de ataque con drones en Leipzig y endurece su respuesta\"}]},{\"@type\":\"WebSite\",\"@id\":\"https:\/\/gysfm.com.ar\/inicio\/#website\",\"url\":\"https:\/\/gysfm.com.ar\/inicio\/\",\"name\":\"GYS NOTICIAS |\",\"description\":\"DIARIO - RADIO ONLINE SAN JUAN ARGENTINA\",\"publisher\":{\"@id\":\"https:\/\/gysfm.com.ar\/inicio\/#organization\"},\"potentialAction\":[{\"@type\":\"SearchAction\",\"target\":{\"@type\":\"EntryPoint\",\"urlTemplate\":\"https:\/\/gysfm.com.ar\/inicio\/?s={search_term_string}\"},\"query-input\":{\"@type\":\"PropertyValueSpecification\",\"valueRequired\":true,\"valueName\":\"search_term_string\"}}],\"inLanguage\":\"es\"},{\"@type\":\"Organization\",\"@id\":\"https:\/\/gysfm.com.ar\/inicio\/#organization\",\"name\":\"GYS NOTICIAS |\",\"url\":\"https:\/\/gysfm.com.ar\/inicio\/\",\"logo\":{\"@type\":\"ImageObject\",\"inLanguage\":\"es\",\"@id\":\"https:\/\/gysfm.com.ar\/inicio\/#\/schema\/logo\/image\/\",\"url\":\"https:\/\/gysfm.com.ar\/inicio\/wp-content\/uploads\/2023\/07\/LOGOGYS-OK.png\",\"contentUrl\":\"https:\/\/gysfm.com.ar\/inicio\/wp-content\/uploads\/2023\/07\/LOGOGYS-OK.png\",\"width\":1170,\"height\":872,\"caption\":\"GYS NOTICIAS |\"},\"image\":{\"@id\":\"https:\/\/gysfm.com.ar\/inicio\/#\/schema\/logo\/image\/\"}},{\"@type\":\"Person\",\"@id\":\"https:\/\/gysfm.com.ar\/inicio\/#\/schema\/person\/3abba7593ef2ad19e1be221d54383dc5\",\"name\":\"Prensa G&amp;S FM\",\"image\":{\"@type\":\"ImageObject\",\"inLanguage\":\"es\",\"@id\":\"https:\/\/gysfm.com.ar\/inicio\/#\/schema\/person\/image\/\",\"url\":\"https:\/\/secure.gravatar.com\/avatar\/096ec78df02049ab018702bb4ccedf659377fa92a26540b5247612077a0dbd29?s=96&d=mm&r=g\",\"contentUrl\":\"https:\/\/secure.gravatar.com\/avatar\/096ec78df02049ab018702bb4ccedf659377fa92a26540b5247612077a0dbd29?s=96&d=mm&r=g\",\"caption\":\"Prensa G&amp;S FM\"},\"sameAs\":[\"https:\/\/gysfm.com.ar\/\"],\"url\":\"https:\/\/gysfm.com.ar\/inicio\/author\/lucasm\/\"}]}<\/script>\n<!-- \/ Yoast SEO plugin. -->","yoast_head_json":{"title":"Alemania acusa a Rusia por un intento de ataque con drones en Leipzig y endurece su respuesta - GYS NOTICIAS |","robots":{"index":"index","follow":"follow","max-snippet":"max-snippet:-1","max-image-preview":"max-image-preview:large","max-video-preview":"max-video-preview:-1"},"canonical":"https:\/\/gysfm.com.ar\/inicio\/alemania-acusa-a-rusia-por-un-intento-de-ataque-con-drones-en-leipzig-y-endurece-su-respuesta\/","og_locale":"es_ES","og_type":"article","og_title":"Alemania acusa a Rusia por un intento de ataque con drones en Leipzig y endurece su respuesta - GYS NOTICIAS |","og_description":"BERL\u00cdN. \u2013 La Uni\u00f3n Europea convoc\u00f3 este mi\u00e9rcoles al m\u00e1ximo representante diplom\u00e1tico ruso ante el bloque por el incidente de un dron cargado con explosivos detectado en agosto en el aeropuerto alem\u00e1n de Leipzig\/Halle, un d\u00eda despu\u00e9s de que Berl\u00edn responsabilizara a Rusia y anunciara nuevas medidas contra Mosc\u00fa. La jefa de la diplomacia europea, [&hellip;]","og_url":"https:\/\/gysfm.com.ar\/inicio\/alemania-acusa-a-rusia-por-un-intento-de-ataque-con-drones-en-leipzig-y-endurece-su-respuesta\/","og_site_name":"GYS NOTICIAS |","article_published_time":"2026-09-03T02:08:07+00:00","article_modified_time":"2026-09-03T02:08:08+00:00","og_image":[{"width":1200,"height":800,"url":"https:\/\/gysfm.com.ar\/inicio\/wp-content\/uploads\/2026\/09\/alemania-acusa-a-moscu-de-estar-detras-del-uso-de-NVMYLMFXY5FL3DXOL32ROLZDP4.JPG","type":"image\/jpeg"}],"author":"Prensa G&amp;S FM","twitter_card":"summary_large_image","twitter_misc":{"Escrito por":"Prensa G&amp;S FM","Tiempo de lectura":"6 minutos"},"schema":{"@context":"https:\/\/schema.org","@graph":[{"@type":"Article","@id":"https:\/\/gysfm.com.ar\/inicio\/alemania-acusa-a-rusia-por-un-intento-de-ataque-con-drones-en-leipzig-y-endurece-su-respuesta\/#article","isPartOf":{"@id":"https:\/\/gysfm.com.ar\/inicio\/alemania-acusa-a-rusia-por-un-intento-de-ataque-con-drones-en-leipzig-y-endurece-su-respuesta\/"},"author":{"name":"Prensa G&amp;S FM","@id":"https:\/\/gysfm.com.ar\/inicio\/#\/schema\/person\/3abba7593ef2ad19e1be221d54383dc5"},"headline":"Alemania acusa a Rusia por un intento de ataque con drones en Leipzig y endurece su respuesta","datePublished":"2026-09-03T02:08:07+00:00","dateModified":"2026-09-03T02:08:08+00:00","mainEntityOfPage":{"@id":"https:\/\/gysfm.com.ar\/inicio\/alemania-acusa-a-rusia-por-un-intento-de-ataque-con-drones-en-leipzig-y-endurece-su-respuesta\/"},"wordCount":1146,"publisher":{"@id":"https:\/\/gysfm.com.ar\/inicio\/#organization"},"image":{"@id":"https:\/\/gysfm.com.ar\/inicio\/alemania-acusa-a-rusia-por-un-intento-de-ataque-con-drones-en-leipzig-y-endurece-su-respuesta\/#primaryimage"},"thumbnailUrl":"https:\/\/gysfm.com.ar\/inicio\/wp-content\/uploads\/2026\/09\/alemania-acusa-a-moscu-de-estar-detras-del-uso-de-NVMYLMFXY5FL3DXOL32ROLZDP4.JPG","articleSection":["INTERNACIONALES"],"inLanguage":"es"},{"@type":"WebPage","@id":"https:\/\/gysfm.com.ar\/inicio\/alemania-acusa-a-rusia-por-un-intento-de-ataque-con-drones-en-leipzig-y-endurece-su-respuesta\/","url":"https:\/\/gysfm.com.ar\/inicio\/alemania-acusa-a-rusia-por-un-intento-de-ataque-con-drones-en-leipzig-y-endurece-su-respuesta\/","name":"Alemania acusa a Rusia por un intento de ataque con drones en Leipzig y endurece su respuesta - GYS NOTICIAS |","isPartOf":{"@id":"https:\/\/gysfm.com.ar\/inicio\/#website"},"primaryImageOfPage":{"@id":"https:\/\/gysfm.com.ar\/inicio\/alemania-acusa-a-rusia-por-un-intento-de-ataque-con-drones-en-leipzig-y-endurece-su-respuesta\/#primaryimage"},"image":{"@id":"https:\/\/gysfm.com.ar\/inicio\/alemania-acusa-a-rusia-por-un-intento-de-ataque-con-drones-en-leipzig-y-endurece-su-respuesta\/#primaryimage"},"thumbnailUrl":"https:\/\/gysfm.com.ar\/inicio\/wp-content\/uploads\/2026\/09\/alemania-acusa-a-moscu-de-estar-detras-del-uso-de-NVMYLMFXY5FL3DXOL32ROLZDP4.JPG","datePublished":"2026-09-03T02:08:07+00:00","dateModified":"2026-09-03T02:08:08+00:00","breadcrumb":{"@id":"https:\/\/gysfm.com.ar\/inicio\/alemania-acusa-a-rusia-por-un-intento-de-ataque-con-drones-en-leipzig-y-endurece-su-respuesta\/#breadcrumb"},"inLanguage":"es","potentialAction":[{"@type":"ReadAction","target":["https:\/\/gysfm.com.ar\/inicio\/alemania-acusa-a-rusia-por-un-intento-de-ataque-con-drones-en-leipzig-y-endurece-su-respuesta\/"]}]},{"@type":"ImageObject","inLanguage":"es","@id":"https:\/\/gysfm.com.ar\/inicio\/alemania-acusa-a-rusia-por-un-intento-de-ataque-con-drones-en-leipzig-y-endurece-su-respuesta\/#primaryimage","url":"https:\/\/gysfm.com.ar\/inicio\/wp-content\/uploads\/2026\/09\/alemania-acusa-a-moscu-de-estar-detras-del-uso-de-NVMYLMFXY5FL3DXOL32ROLZDP4.JPG","contentUrl":"https:\/\/gysfm.com.ar\/inicio\/wp-content\/uploads\/2026\/09\/alemania-acusa-a-moscu-de-estar-detras-del-uso-de-NVMYLMFXY5FL3DXOL32ROLZDP4.JPG","width":1200,"height":800},{"@type":"BreadcrumbList","@id":"https:\/\/gysfm.com.ar\/inicio\/alemania-acusa-a-rusia-por-un-intento-de-ataque-con-drones-en-leipzig-y-endurece-su-respuesta\/#breadcrumb","itemListElement":[{"@type":"ListItem","position":1,"name":"Portada","item":"https:\/\/gysfm.com.ar\/inicio\/"},{"@type":"ListItem","position":2,"name":"Alemania acusa a Rusia por un intento de ataque con drones en Leipzig y endurece su respuesta"}]},{"@type":"WebSite","@id":"https:\/\/gysfm.com.ar\/inicio\/#website","url":"https:\/\/gysfm.com.ar\/inicio\/","name":"GYS NOTICIAS |","description":"DIARIO - RADIO ONLINE SAN JUAN ARGENTINA","publisher":{"@id":"https:\/\/gysfm.com.ar\/inicio\/#organization"},"potentialAction":[{"@type":"SearchAction","target":{"@type":"EntryPoint","urlTemplate":"https:\/\/gysfm.com.ar\/inicio\/?s={search_term_string}"},"query-input":{"@type":"PropertyValueSpecification","valueRequired":true,"valueName":"search_term_string"}}],"inLanguage":"es"},{"@type":"Organization","@id":"https:\/\/gysfm.com.ar\/inicio\/#organization","name":"GYS NOTICIAS |","url":"https:\/\/gysfm.com.ar\/inicio\/","logo":{"@type":"ImageObject","inLanguage":"es","@id":"https:\/\/gysfm.com.ar\/inicio\/#\/schema\/logo\/image\/","url":"https:\/\/gysfm.com.ar\/inicio\/wp-content\/uploads\/2023\/07\/LOGOGYS-OK.png","contentUrl":"https:\/\/gysfm.com.ar\/inicio\/wp-content\/uploads\/2023\/07\/LOGOGYS-OK.png","width":1170,"height":872,"caption":"GYS NOTICIAS |"},"image":{"@id":"https:\/\/gysfm.com.ar\/inicio\/#\/schema\/logo\/image\/"}},{"@type":"Person","@id":"https:\/\/gysfm.com.ar\/inicio\/#\/schema\/person\/3abba7593ef2ad19e1be221d54383dc5","name":"Prensa G&amp;S FM","image":{"@type":"ImageObject","inLanguage":"es","@id":"https:\/\/gysfm.com.ar\/inicio\/#\/schema\/person\/image\/","url":"https:\/\/secure.gravatar.com\/avatar\/096ec78df02049ab018702bb4ccedf659377fa92a26540b5247612077a0dbd29?s=96&d=mm&r=g","contentUrl":"https:\/\/secure.gravatar.com\/avatar\/096ec78df02049ab018702bb4ccedf659377fa92a26540b5247612077a0dbd29?s=96&d=mm&r=g","caption":"Prensa G&amp;S FM"},"sameAs":["https:\/\/gysfm.com.ar\/"],"url":"https:\/\/gysfm.com.ar\/inicio\/author\/lucasm\/"}]}},"_links":{"self":[{"href":"https:\/\/gysfm.com.ar\/inicio\/wp-json\/wp\/v2\/posts\/210242","targetHints":{"allow":["GET"]}}],"collection":[{"href":"https:\/\/gysfm.com.ar\/inicio\/wp-json\/wp\/v2\/posts"}],"about":[{"href":"https:\/\/gysfm.com.ar\/inicio\/wp-json\/wp\/v2\/types\/post"}],"author":[{"embeddable":true,"href":"https:\/\/gysfm.com.ar\/inicio\/wp-json\/wp\/v2\/users\/2"}],"replies":[{"embeddable":true,"href":"https:\/\/gysfm.com.ar\/inicio\/wp-json\/wp\/v2\/comments?post=210242"}],"version-history":[{"count":1,"href":"https:\/\/gysfm.com.ar\/inicio\/wp-json\/wp\/v2\/posts\/210242\/revisions"}],"predecessor-version":[{"id":210244,"href":"https:\/\/gysfm.com.ar\/inicio\/wp-json\/wp\/v2\/posts\/210242\/revisions\/210244"}],"wp:featuredmedia":[{"embeddable":true,"href":"https:\/\/gysfm.com.ar\/inicio\/wp-json\/wp\/v2\/media\/210243"}],"wp:attachment":[{"href":"https:\/\/gysfm.com.ar\/inicio\/wp-json\/wp\/v2\/media?parent=210242"}],"wp:term":[{"taxonomy":"category","embeddable":true,"href":"https:\/\/gysfm.com.ar\/inicio\/wp-json\/wp\/v2\/categories?post=210242"},{"taxonomy":"post_tag","embeddable":true,"href":"https:\/\/gysfm.com.ar\/inicio\/wp-json\/wp\/v2\/tags?post=210242"}],"curies":[{"name":"wp","href":"https:\/\/api.w.org\/{rel}","templated":true}]}}