{"id":210238,"date":"2026-09-02T22:02:22","date_gmt":"2026-09-03T01:02:22","guid":{"rendered":"https:\/\/gysfm.com.ar\/inicio\/crece-la-preocupacion-en-cuba-por-la-salud-de-raul-castro-reportan-un-delicado-estado-y-crecen-los-rumores\/"},"modified":"2026-09-02T22:02:22","modified_gmt":"2026-09-03T01:02:22","slug":"crece-la-preocupacion-en-cuba-por-la-salud-de-raul-castro-reportan-un-delicado-estado-y-crecen-los-rumores","status":"publish","type":"post","link":"https:\/\/gysfm.com.ar\/inicio\/crece-la-preocupacion-en-cuba-por-la-salud-de-raul-castro-reportan-un-delicado-estado-y-crecen-los-rumores\/","title":{"rendered":"Crece la preocupaci\u00f3n en Cuba por la salud de Ra\u00fal Castro: reportan un delicado estado y crecen los rumores"},"content":{"rendered":"<div><img loading=\"lazy\" decoding=\"async\" width=\"900\" height=\"599\" src=\"https:\/\/diariosanjuan19.com.ar\/wp-content\/uploads\/2026\/09\/image-29.png\" class=\"attachment-post-thumbnail size-post-thumbnail wp-post-image\" alt=\"\"><\/div>\n<h4 class=\"wp-block-heading\"><strong><em>El hist\u00f3rico dirigente cubano, de 95 a\u00f1os, estar\u00eda atravesando un grave cuadro de salud, seg\u00fan una fuente confidencial citada por el Diario Las Am\u00e9ricas. El Gobierno cubano no confirm\u00f3 la informaci\u00f3n y el medio desminti\u00f3 las versiones sobre su fallecimiento.<\/em><\/strong><\/h4>\n<p>La salud de <strong>Ra\u00fal Castro<\/strong> volvi\u00f3 a generar preocupaci\u00f3n dentro y fuera de Cuba. El exmandatario y general cubano, de 95 a\u00f1os, se encontrar\u00eda en un delicado estado de salud, de acuerdo con informaci\u00f3n publicada por el <em>Diario Las Am\u00e9ricas<\/em>, que cit\u00f3 a una fuente confidencial ubicada en La Habana.<\/p>\n<p>Seg\u00fan ese reporte, el hist\u00f3rico dirigente estar\u00eda \u201cgravemente enfermo\u201d y recibir\u00eda asistencia mediante equipos destinados a mantenerlo con vida. La misma versi\u00f3n sostiene que Castro habr\u00eda sufrido un presunto <strong>accidente cerebrovascular<\/strong>, aunque este extremo tampoco fue confirmado oficialmente.<\/p>\n<p>En medio de la incertidumbre, comenzaron a circular versiones en redes sociales y distintos \u00e1mbitos pol\u00edticos sobre una supuesta muerte del exmandatario. Sin embargo, el propio <em>Diario Las Am\u00e9ricas<\/em> aclar\u00f3 que <strong>los rumores sobre su fallecimiento son falsos<\/strong>.<\/p>\n<p>Hasta el momento, el Gobierno cubano no difundi\u00f3 un comunicado oficial que confirme el estado de salud informado por el medio.<\/p>\n<h3 class=\"wp-block-heading\">Una fuente considerada confiable<\/h3>\n<p>La directora del <em>Diario Las Am\u00e9ricas<\/em>, <strong>Iliana Lavastida<\/strong>, explic\u00f3 que la informaci\u00f3n lleg\u00f3 durante la madrugada del martes a trav\u00e9s de una fuente que, seg\u00fan afirm\u00f3, es \u201cmuy confidencial\u201d y \u201cmuy fidedigna\u201d.<\/p>\n<p>Lavastida tambi\u00e9n vincul\u00f3 la circulaci\u00f3n de este tipo de versiones con los movimientos que pueden producirse dentro de las estructuras de seguridad y las Fuerzas Armadas cubanas.<\/p>\n<p>La falta de informaci\u00f3n oficial aliment\u00f3 as\u00ed la incertidumbre y dej\u00f3 espacio para m\u00faltiples especulaciones sobre la situaci\u00f3n del dirigente, una de las figuras m\u00e1s importantes de la historia pol\u00edtica reciente de la isla.<\/p>\n<h3 class=\"wp-block-heading\">El peso pol\u00edtico de Ra\u00fal Castro<\/h3>\n<p>Ra\u00fal Castro fue una pieza central del poder cubano durante m\u00e1s de seis d\u00e9cadas. Hermano de <strong>Fidel Castro<\/strong>, particip\u00f3 desde joven en la Revoluci\u00f3n Cubana y posteriormente ocup\u00f3 cargos de m\u00e1xima responsabilidad dentro del Estado y las Fuerzas Armadas.<\/p>\n<p>Tras la muerte de Fidel, Ra\u00fal se consolid\u00f3 durante a\u00f1os como una de las principales figuras de la estructura pol\u00edtica cubana. Fue presidente de Cuba entre 2008 y 2018, cuando cedi\u00f3 formalmente el cargo a <strong>Miguel D\u00edaz-Canel<\/strong>.<\/p>\n<p>Aunque dej\u00f3 la presidencia, Castro mantuvo durante varios a\u00f1os un importante peso dentro del sistema pol\u00edtico y militar. En 2021 tambi\u00e9n dej\u00f3 el cargo de primer secretario del Partido Comunista de Cuba, aunque continu\u00f3 siendo considerado una figura hist\u00f3rica de enorme influencia.<\/p>\n<p>Su permanencia dentro de las estructuras de poder convirti\u00f3 cualquier informaci\u00f3n sobre su estado de salud en un asunto de especial relevancia para la pol\u00edtica cubana.<\/p>\n<h3 class=\"wp-block-heading\">Incertidumbre dentro del r\u00e9gimen<\/h3>\n<p>Un eventual agravamiento de la salud de Ra\u00fal Castro tendr\u00eda una dimensi\u00f3n que exceder\u00eda lo estrictamente personal. Su generaci\u00f3n representa el \u00faltimo v\u00ednculo directo con los principales dirigentes de la Revoluci\u00f3n Cubana y con la estructura pol\u00edtica que gobern\u00f3 la isla durante d\u00e9cadas.<\/p>\n<p>Por ese motivo, cualquier cambio significativo en su situaci\u00f3n podr\u00eda generar interrogantes sobre el funcionamiento interno de la dirigencia cubana y sobre el rol que mantienen las Fuerzas Armadas y los hist\u00f3ricos referentes del Partido Comunista.<\/p>\n<p>Sin embargo, por ahora no existen elementos oficiales que permitan confirmar un escenario de cambios pol\u00edticos derivados de su estado de salud.<\/p>\n<h3 class=\"wp-block-heading\">Sin confirmaci\u00f3n oficial<\/h3>\n<p>Mientras crece la atenci\u00f3n internacional, la principal inc\u00f3gnita contin\u00faa siendo la falta de informaci\u00f3n oficial sobre la condici\u00f3n m\u00e9dica de Ra\u00fal Castro.<\/p>\n<p>La versi\u00f3n publicada por el <em>Diario Las Am\u00e9ricas<\/em> sostiene que el exmandatario se encuentra gravemente enfermo, pero <strong>los detalles sobre su cuadro m\u00e9dico no fueron confirmados por las autoridades cubanas ni por fuentes oficiales de la familia<\/strong>.<\/p>\n<p>Por el momento, tampoco existe confirmaci\u00f3n de su fallecimiento. La situaci\u00f3n permanece bajo seguimiento y cualquier comunicaci\u00f3n oficial podr\u00eda modificar el escenario en las pr\u00f3ximas horas.<\/p>\n<div class=\"wp-block-image\">\n<\/div>\n<p>La entrada <a href=\"https:\/\/diariosanjuan19.com.ar\/crece-la-preocupacion-en-cuba-por-la-salud-de-raul-castro-reportan-un-delicado-estado-y-crecen-los-rumores\/\">Crece la preocupaci\u00f3n en Cuba por la salud de Ra\u00fal Castro: reportan un delicado estado y crecen los rumores<\/a> se public\u00f3 primero en <a href=\"https:\/\/diariosanjuan19.com.ar\/\">DIARIO SAN JUAN 19<\/a>.<\/p>\n","protected":false},"excerpt":{"rendered":"<p>El hist\u00f3rico dirigente cubano, de 95 a\u00f1os, estar\u00eda atravesando un grave cuadro de salud, seg\u00fan una fuente confidencial citada por el Diario Las Am\u00e9ricas. El Gobierno cubano no confirm\u00f3 la informaci\u00f3n y el medio desminti\u00f3 las versiones sobre su fallecimiento. La salud de Ra\u00fal Castro volvi\u00f3 a generar preocupaci\u00f3n dentro y fuera de Cuba. El [&hellip;]<\/p>\n","protected":false},"author":2,"featured_media":0,"comment_status":"closed","ping_status":"closed","sticky":false,"template":"","format":"standard","meta":{"footnotes":""},"categories":[26],"tags":[],"class_list":["post-210238","post","type-post","status-publish","format-standard","hentry","category-internacionales"],"yoast_head":"<!-- This site is optimized with the Yoast SEO plugin v24.4 - https:\/\/yoast.com\/wordpress\/plugins\/seo\/ -->\n<title>Crece la preocupaci\u00f3n en Cuba por la salud de Ra\u00fal Castro: reportan un delicado estado y crecen los rumores - GYS NOTICIAS |<\/title>\n<meta name=\"robots\" content=\"index, follow, max-snippet:-1, max-image-preview:large, max-video-preview:-1\" \/>\n<link rel=\"canonical\" href=\"https:\/\/gysfm.com.ar\/inicio\/crece-la-preocupacion-en-cuba-por-la-salud-de-raul-castro-reportan-un-delicado-estado-y-crecen-los-rumores\/\" \/>\n<meta property=\"og:locale\" content=\"es_ES\" \/>\n<meta property=\"og:type\" content=\"article\" \/>\n<meta property=\"og:title\" content=\"Crece la preocupaci\u00f3n en Cuba por la salud de Ra\u00fal Castro: reportan un delicado estado y crecen los rumores - GYS NOTICIAS |\" \/>\n<meta property=\"og:description\" content=\"El hist\u00f3rico dirigente cubano, de 95 a\u00f1os, estar\u00eda atravesando un grave cuadro de salud, seg\u00fan una fuente confidencial citada por el Diario Las Am\u00e9ricas. El Gobierno cubano no confirm\u00f3 la informaci\u00f3n y el medio desminti\u00f3 las versiones sobre su fallecimiento. La salud de Ra\u00fal Castro volvi\u00f3 a generar preocupaci\u00f3n dentro y fuera de Cuba. El [&hellip;]\" \/>\n<meta property=\"og:url\" content=\"https:\/\/gysfm.com.ar\/inicio\/crece-la-preocupacion-en-cuba-por-la-salud-de-raul-castro-reportan-un-delicado-estado-y-crecen-los-rumores\/\" \/>\n<meta property=\"og:site_name\" content=\"GYS NOTICIAS |\" \/>\n<meta property=\"article:published_time\" content=\"2026-09-03T01:02:22+00:00\" \/>\n<meta property=\"og:image\" content=\"https:\/\/diariosanjuan19.com.ar\/wp-content\/uploads\/2026\/09\/image-29.png\" \/>\n<meta name=\"author\" content=\"Prensa G&amp;S FM\" \/>\n<meta name=\"twitter:card\" content=\"summary_large_image\" \/>\n<meta name=\"twitter:label1\" content=\"Escrito por\" \/>\n\t<meta name=\"twitter:data1\" content=\"Prensa G&amp;S FM\" \/>\n\t<meta name=\"twitter:label2\" content=\"Tiempo de lectura\" \/>\n\t<meta name=\"twitter:data2\" content=\"4 minutos\" \/>\n<script type=\"application\/ld+json\" class=\"yoast-schema-graph\">{\"@context\":\"https:\/\/schema.org\",\"@graph\":[{\"@type\":\"Article\",\"@id\":\"https:\/\/gysfm.com.ar\/inicio\/crece-la-preocupacion-en-cuba-por-la-salud-de-raul-castro-reportan-un-delicado-estado-y-crecen-los-rumores\/#article\",\"isPartOf\":{\"@id\":\"https:\/\/gysfm.com.ar\/inicio\/crece-la-preocupacion-en-cuba-por-la-salud-de-raul-castro-reportan-un-delicado-estado-y-crecen-los-rumores\/\"},\"author\":{\"name\":\"Prensa G&amp;S FM\",\"@id\":\"https:\/\/gysfm.com.ar\/inicio\/#\/schema\/person\/3abba7593ef2ad19e1be221d54383dc5\"},\"headline\":\"Crece la preocupaci\u00f3n en Cuba por la salud de Ra\u00fal Castro: reportan un delicado estado y crecen los rumores\",\"datePublished\":\"2026-09-03T01:02:22+00:00\",\"mainEntityOfPage\":{\"@id\":\"https:\/\/gysfm.com.ar\/inicio\/crece-la-preocupacion-en-cuba-por-la-salud-de-raul-castro-reportan-un-delicado-estado-y-crecen-los-rumores\/\"},\"wordCount\":751,\"publisher\":{\"@id\":\"https:\/\/gysfm.com.ar\/inicio\/#organization\"},\"image\":{\"@id\":\"https:\/\/gysfm.com.ar\/inicio\/crece-la-preocupacion-en-cuba-por-la-salud-de-raul-castro-reportan-un-delicado-estado-y-crecen-los-rumores\/#primaryimage\"},\"thumbnailUrl\":\"https:\/\/diariosanjuan19.com.ar\/wp-content\/uploads\/2026\/09\/image-29.png\",\"articleSection\":[\"INTERNACIONALES\"],\"inLanguage\":\"es\"},{\"@type\":\"WebPage\",\"@id\":\"https:\/\/gysfm.com.ar\/inicio\/crece-la-preocupacion-en-cuba-por-la-salud-de-raul-castro-reportan-un-delicado-estado-y-crecen-los-rumores\/\",\"url\":\"https:\/\/gysfm.com.ar\/inicio\/crece-la-preocupacion-en-cuba-por-la-salud-de-raul-castro-reportan-un-delicado-estado-y-crecen-los-rumores\/\",\"name\":\"Crece la preocupaci\u00f3n en Cuba por la salud de Ra\u00fal Castro: reportan un delicado estado y crecen los rumores - GYS NOTICIAS |\",\"isPartOf\":{\"@id\":\"https:\/\/gysfm.com.ar\/inicio\/#website\"},\"primaryImageOfPage\":{\"@id\":\"https:\/\/gysfm.com.ar\/inicio\/crece-la-preocupacion-en-cuba-por-la-salud-de-raul-castro-reportan-un-delicado-estado-y-crecen-los-rumores\/#primaryimage\"},\"image\":{\"@id\":\"https:\/\/gysfm.com.ar\/inicio\/crece-la-preocupacion-en-cuba-por-la-salud-de-raul-castro-reportan-un-delicado-estado-y-crecen-los-rumores\/#primaryimage\"},\"thumbnailUrl\":\"https:\/\/diariosanjuan19.com.ar\/wp-content\/uploads\/2026\/09\/image-29.png\",\"datePublished\":\"2026-09-03T01:02:22+00:00\",\"breadcrumb\":{\"@id\":\"https:\/\/gysfm.com.ar\/inicio\/crece-la-preocupacion-en-cuba-por-la-salud-de-raul-castro-reportan-un-delicado-estado-y-crecen-los-rumores\/#breadcrumb\"},\"inLanguage\":\"es\",\"potentialAction\":[{\"@type\":\"ReadAction\",\"target\":[\"https:\/\/gysfm.com.ar\/inicio\/crece-la-preocupacion-en-cuba-por-la-salud-de-raul-castro-reportan-un-delicado-estado-y-crecen-los-rumores\/\"]}]},{\"@type\":\"ImageObject\",\"inLanguage\":\"es\",\"@id\":\"https:\/\/gysfm.com.ar\/inicio\/crece-la-preocupacion-en-cuba-por-la-salud-de-raul-castro-reportan-un-delicado-estado-y-crecen-los-rumores\/#primaryimage\",\"url\":\"https:\/\/diariosanjuan19.com.ar\/wp-content\/uploads\/2026\/09\/image-29.png\",\"contentUrl\":\"https:\/\/diariosanjuan19.com.ar\/wp-content\/uploads\/2026\/09\/image-29.png\"},{\"@type\":\"BreadcrumbList\",\"@id\":\"https:\/\/gysfm.com.ar\/inicio\/crece-la-preocupacion-en-cuba-por-la-salud-de-raul-castro-reportan-un-delicado-estado-y-crecen-los-rumores\/#breadcrumb\",\"itemListElement\":[{\"@type\":\"ListItem\",\"position\":1,\"name\":\"Portada\",\"item\":\"https:\/\/gysfm.com.ar\/inicio\/\"},{\"@type\":\"ListItem\",\"position\":2,\"name\":\"Crece la preocupaci\u00f3n en Cuba por la salud de Ra\u00fal Castro: reportan un delicado estado y crecen los rumores\"}]},{\"@type\":\"WebSite\",\"@id\":\"https:\/\/gysfm.com.ar\/inicio\/#website\",\"url\":\"https:\/\/gysfm.com.ar\/inicio\/\",\"name\":\"GYS NOTICIAS |\",\"description\":\"DIARIO - RADIO ONLINE SAN JUAN ARGENTINA\",\"publisher\":{\"@id\":\"https:\/\/gysfm.com.ar\/inicio\/#organization\"},\"potentialAction\":[{\"@type\":\"SearchAction\",\"target\":{\"@type\":\"EntryPoint\",\"urlTemplate\":\"https:\/\/gysfm.com.ar\/inicio\/?s={search_term_string}\"},\"query-input\":{\"@type\":\"PropertyValueSpecification\",\"valueRequired\":true,\"valueName\":\"search_term_string\"}}],\"inLanguage\":\"es\"},{\"@type\":\"Organization\",\"@id\":\"https:\/\/gysfm.com.ar\/inicio\/#organization\",\"name\":\"GYS NOTICIAS |\",\"url\":\"https:\/\/gysfm.com.ar\/inicio\/\",\"logo\":{\"@type\":\"ImageObject\",\"inLanguage\":\"es\",\"@id\":\"https:\/\/gysfm.com.ar\/inicio\/#\/schema\/logo\/image\/\",\"url\":\"https:\/\/gysfm.com.ar\/inicio\/wp-content\/uploads\/2023\/07\/LOGOGYS-OK.png\",\"contentUrl\":\"https:\/\/gysfm.com.ar\/inicio\/wp-content\/uploads\/2023\/07\/LOGOGYS-OK.png\",\"width\":1170,\"height\":872,\"caption\":\"GYS NOTICIAS |\"},\"image\":{\"@id\":\"https:\/\/gysfm.com.ar\/inicio\/#\/schema\/logo\/image\/\"}},{\"@type\":\"Person\",\"@id\":\"https:\/\/gysfm.com.ar\/inicio\/#\/schema\/person\/3abba7593ef2ad19e1be221d54383dc5\",\"name\":\"Prensa G&amp;S FM\",\"image\":{\"@type\":\"ImageObject\",\"inLanguage\":\"es\",\"@id\":\"https:\/\/gysfm.com.ar\/inicio\/#\/schema\/person\/image\/\",\"url\":\"https:\/\/secure.gravatar.com\/avatar\/096ec78df02049ab018702bb4ccedf659377fa92a26540b5247612077a0dbd29?s=96&d=mm&r=g\",\"contentUrl\":\"https:\/\/secure.gravatar.com\/avatar\/096ec78df02049ab018702bb4ccedf659377fa92a26540b5247612077a0dbd29?s=96&d=mm&r=g\",\"caption\":\"Prensa G&amp;S FM\"},\"sameAs\":[\"https:\/\/gysfm.com.ar\/\"],\"url\":\"https:\/\/gysfm.com.ar\/inicio\/author\/lucasm\/\"}]}<\/script>\n<!-- \/ Yoast SEO plugin. -->","yoast_head_json":{"title":"Crece la preocupaci\u00f3n en Cuba por la salud de Ra\u00fal Castro: reportan un delicado estado y crecen los rumores - GYS NOTICIAS |","robots":{"index":"index","follow":"follow","max-snippet":"max-snippet:-1","max-image-preview":"max-image-preview:large","max-video-preview":"max-video-preview:-1"},"canonical":"https:\/\/gysfm.com.ar\/inicio\/crece-la-preocupacion-en-cuba-por-la-salud-de-raul-castro-reportan-un-delicado-estado-y-crecen-los-rumores\/","og_locale":"es_ES","og_type":"article","og_title":"Crece la preocupaci\u00f3n en Cuba por la salud de Ra\u00fal Castro: reportan un delicado estado y crecen los rumores - GYS NOTICIAS |","og_description":"El hist\u00f3rico dirigente cubano, de 95 a\u00f1os, estar\u00eda atravesando un grave cuadro de salud, seg\u00fan una fuente confidencial citada por el Diario Las Am\u00e9ricas. El Gobierno cubano no confirm\u00f3 la informaci\u00f3n y el medio desminti\u00f3 las versiones sobre su fallecimiento. La salud de Ra\u00fal Castro volvi\u00f3 a generar preocupaci\u00f3n dentro y fuera de Cuba. El [&hellip;]","og_url":"https:\/\/gysfm.com.ar\/inicio\/crece-la-preocupacion-en-cuba-por-la-salud-de-raul-castro-reportan-un-delicado-estado-y-crecen-los-rumores\/","og_site_name":"GYS NOTICIAS |","article_published_time":"2026-09-03T01:02:22+00:00","og_image":[{"url":"https:\/\/diariosanjuan19.com.ar\/wp-content\/uploads\/2026\/09\/image-29.png","type":"","width":"","height":""}],"author":"Prensa G&amp;S FM","twitter_card":"summary_large_image","twitter_misc":{"Escrito por":"Prensa G&amp;S FM","Tiempo de lectura":"4 minutos"},"schema":{"@context":"https:\/\/schema.org","@graph":[{"@type":"Article","@id":"https:\/\/gysfm.com.ar\/inicio\/crece-la-preocupacion-en-cuba-por-la-salud-de-raul-castro-reportan-un-delicado-estado-y-crecen-los-rumores\/#article","isPartOf":{"@id":"https:\/\/gysfm.com.ar\/inicio\/crece-la-preocupacion-en-cuba-por-la-salud-de-raul-castro-reportan-un-delicado-estado-y-crecen-los-rumores\/"},"author":{"name":"Prensa G&amp;S FM","@id":"https:\/\/gysfm.com.ar\/inicio\/#\/schema\/person\/3abba7593ef2ad19e1be221d54383dc5"},"headline":"Crece la preocupaci\u00f3n en Cuba por la salud de Ra\u00fal Castro: reportan un delicado estado y crecen los rumores","datePublished":"2026-09-03T01:02:22+00:00","mainEntityOfPage":{"@id":"https:\/\/gysfm.com.ar\/inicio\/crece-la-preocupacion-en-cuba-por-la-salud-de-raul-castro-reportan-un-delicado-estado-y-crecen-los-rumores\/"},"wordCount":751,"publisher":{"@id":"https:\/\/gysfm.com.ar\/inicio\/#organization"},"image":{"@id":"https:\/\/gysfm.com.ar\/inicio\/crece-la-preocupacion-en-cuba-por-la-salud-de-raul-castro-reportan-un-delicado-estado-y-crecen-los-rumores\/#primaryimage"},"thumbnailUrl":"https:\/\/diariosanjuan19.com.ar\/wp-content\/uploads\/2026\/09\/image-29.png","articleSection":["INTERNACIONALES"],"inLanguage":"es"},{"@type":"WebPage","@id":"https:\/\/gysfm.com.ar\/inicio\/crece-la-preocupacion-en-cuba-por-la-salud-de-raul-castro-reportan-un-delicado-estado-y-crecen-los-rumores\/","url":"https:\/\/gysfm.com.ar\/inicio\/crece-la-preocupacion-en-cuba-por-la-salud-de-raul-castro-reportan-un-delicado-estado-y-crecen-los-rumores\/","name":"Crece la preocupaci\u00f3n en Cuba por la salud de Ra\u00fal Castro: reportan un delicado estado y crecen los rumores - GYS NOTICIAS |","isPartOf":{"@id":"https:\/\/gysfm.com.ar\/inicio\/#website"},"primaryImageOfPage":{"@id":"https:\/\/gysfm.com.ar\/inicio\/crece-la-preocupacion-en-cuba-por-la-salud-de-raul-castro-reportan-un-delicado-estado-y-crecen-los-rumores\/#primaryimage"},"image":{"@id":"https:\/\/gysfm.com.ar\/inicio\/crece-la-preocupacion-en-cuba-por-la-salud-de-raul-castro-reportan-un-delicado-estado-y-crecen-los-rumores\/#primaryimage"},"thumbnailUrl":"https:\/\/diariosanjuan19.com.ar\/wp-content\/uploads\/2026\/09\/image-29.png","datePublished":"2026-09-03T01:02:22+00:00","breadcrumb":{"@id":"https:\/\/gysfm.com.ar\/inicio\/crece-la-preocupacion-en-cuba-por-la-salud-de-raul-castro-reportan-un-delicado-estado-y-crecen-los-rumores\/#breadcrumb"},"inLanguage":"es","potentialAction":[{"@type":"ReadAction","target":["https:\/\/gysfm.com.ar\/inicio\/crece-la-preocupacion-en-cuba-por-la-salud-de-raul-castro-reportan-un-delicado-estado-y-crecen-los-rumores\/"]}]},{"@type":"ImageObject","inLanguage":"es","@id":"https:\/\/gysfm.com.ar\/inicio\/crece-la-preocupacion-en-cuba-por-la-salud-de-raul-castro-reportan-un-delicado-estado-y-crecen-los-rumores\/#primaryimage","url":"https:\/\/diariosanjuan19.com.ar\/wp-content\/uploads\/2026\/09\/image-29.png","contentUrl":"https:\/\/diariosanjuan19.com.ar\/wp-content\/uploads\/2026\/09\/image-29.png"},{"@type":"BreadcrumbList","@id":"https:\/\/gysfm.com.ar\/inicio\/crece-la-preocupacion-en-cuba-por-la-salud-de-raul-castro-reportan-un-delicado-estado-y-crecen-los-rumores\/#breadcrumb","itemListElement":[{"@type":"ListItem","position":1,"name":"Portada","item":"https:\/\/gysfm.com.ar\/inicio\/"},{"@type":"ListItem","position":2,"name":"Crece la preocupaci\u00f3n en Cuba por la salud de Ra\u00fal Castro: reportan un delicado estado y crecen los rumores"}]},{"@type":"WebSite","@id":"https:\/\/gysfm.com.ar\/inicio\/#website","url":"https:\/\/gysfm.com.ar\/inicio\/","name":"GYS NOTICIAS |","description":"DIARIO - RADIO ONLINE SAN JUAN ARGENTINA","publisher":{"@id":"https:\/\/gysfm.com.ar\/inicio\/#organization"},"potentialAction":[{"@type":"SearchAction","target":{"@type":"EntryPoint","urlTemplate":"https:\/\/gysfm.com.ar\/inicio\/?s={search_term_string}"},"query-input":{"@type":"PropertyValueSpecification","valueRequired":true,"valueName":"search_term_string"}}],"inLanguage":"es"},{"@type":"Organization","@id":"https:\/\/gysfm.com.ar\/inicio\/#organization","name":"GYS NOTICIAS |","url":"https:\/\/gysfm.com.ar\/inicio\/","logo":{"@type":"ImageObject","inLanguage":"es","@id":"https:\/\/gysfm.com.ar\/inicio\/#\/schema\/logo\/image\/","url":"https:\/\/gysfm.com.ar\/inicio\/wp-content\/uploads\/2023\/07\/LOGOGYS-OK.png","contentUrl":"https:\/\/gysfm.com.ar\/inicio\/wp-content\/uploads\/2023\/07\/LOGOGYS-OK.png","width":1170,"height":872,"caption":"GYS NOTICIAS |"},"image":{"@id":"https:\/\/gysfm.com.ar\/inicio\/#\/schema\/logo\/image\/"}},{"@type":"Person","@id":"https:\/\/gysfm.com.ar\/inicio\/#\/schema\/person\/3abba7593ef2ad19e1be221d54383dc5","name":"Prensa G&amp;S FM","image":{"@type":"ImageObject","inLanguage":"es","@id":"https:\/\/gysfm.com.ar\/inicio\/#\/schema\/person\/image\/","url":"https:\/\/secure.gravatar.com\/avatar\/096ec78df02049ab018702bb4ccedf659377fa92a26540b5247612077a0dbd29?s=96&d=mm&r=g","contentUrl":"https:\/\/secure.gravatar.com\/avatar\/096ec78df02049ab018702bb4ccedf659377fa92a26540b5247612077a0dbd29?s=96&d=mm&r=g","caption":"Prensa G&amp;S FM"},"sameAs":["https:\/\/gysfm.com.ar\/"],"url":"https:\/\/gysfm.com.ar\/inicio\/author\/lucasm\/"}]}},"_links":{"self":[{"href":"https:\/\/gysfm.com.ar\/inicio\/wp-json\/wp\/v2\/posts\/210238","targetHints":{"allow":["GET"]}}],"collection":[{"href":"https:\/\/gysfm.com.ar\/inicio\/wp-json\/wp\/v2\/posts"}],"about":[{"href":"https:\/\/gysfm.com.ar\/inicio\/wp-json\/wp\/v2\/types\/post"}],"author":[{"embeddable":true,"href":"https:\/\/gysfm.com.ar\/inicio\/wp-json\/wp\/v2\/users\/2"}],"replies":[{"embeddable":true,"href":"https:\/\/gysfm.com.ar\/inicio\/wp-json\/wp\/v2\/comments?post=210238"}],"version-history":[{"count":0,"href":"https:\/\/gysfm.com.ar\/inicio\/wp-json\/wp\/v2\/posts\/210238\/revisions"}],"wp:attachment":[{"href":"https:\/\/gysfm.com.ar\/inicio\/wp-json\/wp\/v2\/media?parent=210238"}],"wp:term":[{"taxonomy":"category","embeddable":true,"href":"https:\/\/gysfm.com.ar\/inicio\/wp-json\/wp\/v2\/categories?post=210238"},{"taxonomy":"post_tag","embeddable":true,"href":"https:\/\/gysfm.com.ar\/inicio\/wp-json\/wp\/v2\/tags?post=210238"}],"curies":[{"name":"wp","href":"https:\/\/api.w.org\/{rel}","templated":true}]}}