{"id":210235,"date":"2026-09-02T21:06:07","date_gmt":"2026-09-03T00:06:07","guid":{"rendered":"https:\/\/gysfm.com.ar\/inicio\/la-impactante-demostracion-de-fuerza-de-chile-en-magallanes-tras-la-tension-con-la-argentina-y-en-medio-de-la-caida-de-kast\/"},"modified":"2026-09-02T21:06:08","modified_gmt":"2026-09-03T00:06:08","slug":"la-impactante-demostracion-de-fuerza-de-chile-en-magallanes-tras-la-tension-con-la-argentina-y-en-medio-de-la-caida-de-kast","status":"publish","type":"post","link":"https:\/\/gysfm.com.ar\/inicio\/la-impactante-demostracion-de-fuerza-de-chile-en-magallanes-tras-la-tension-con-la-argentina-y-en-medio-de-la-caida-de-kast\/","title":{"rendered":"La impactante demostraci\u00f3n de fuerza de Chile en Magallanes tras la tensi\u00f3n con la Argentina y en medio de la ca\u00edda de Kast"},"content":{"rendered":"<p> <br \/>\n<\/p>\n<div>\n<p class=\"com-paragraph --capital --s text-left\">SANTIAGO, Chile.\u2013 El presidente chileno, <a href=\"https:\/\/www.lanacion.com.ar\/el-mundo\/la-tentacion-del-modelo-bukele-pone-a-prueba-a-dos-democracias-modelo-de-america-latina-nid29082026\/\" target=\"_self\" title=\"https:\/\/www.lanacion.com.ar\/el-mundo\/la-tentacion-del-modelo-bukele-pone-a-prueba-a-dos-democracias-modelo-de-america-latina-nid29082026\/\" class=\"com-link break-word\" data-mrf-recirculation=\"n_link_parrafo\"><strong>Jos\u00e9 Antonio Kast<\/strong><\/a>, viaj\u00f3 este mi\u00e9rcoles a la regi\u00f3n de Magallanes, en el extremo sur del pa\u00eds, en una gira que describi\u00f3 como \u201c<strong>una manera de hacer patria, de hacer soberan\u00eda en la regi\u00f3n m\u00e1s austral<\/strong>, que adem\u00e1s se convierte en la puerta de entrada a la Ant\u00e1rtica chilena\u201d, en medio de una pol\u00e9mica por el estrecho de Magallanes con la Argentina. <\/p>\n<p class=\"com-paragraph --s text-left\">\u201cEl Estrecho de Magallanes es chileno y Argentina no tiene ni tendr\u00e1 jam\u00e1s soberan\u00eda ni control\u201d, asegur\u00f3 el mandatario en Punta Arenas. A un d\u00eda de reunirse en Chile con Javier Milei, Kast a\u00f1adi\u00f3 que <strong>no exigir\u00e1 a Milei la derogaci\u00f3n del decreto argentino 457 de 2021<\/strong>, porque \u201clos tratados internacionales establecen muy bien la soberan\u00eda de Chile\u201d. <strong>Reafirm\u00f3 que el estrecho de Magallanes \u201ces chileno, y as\u00ed lo han reconocido las distintas autoridades de ambos pa\u00edses\u201d<\/strong>, al referirse a las declaraciones del ministro de Defensa argentino, Carlos Alberto Presti. Sobre lo que calific\u00f3 como un asunto \u201czanjado\u201d.<\/p>\n<p class=\"com-paragraph --s text-left\">El mandatario <strong>encabez\u00f3 en Magallanes una revisi\u00f3n militar<\/strong> a la Fuerza de Tarea Naval de la Armada chilena, en un despliegue que incluy\u00f3 maniobras t\u00e1cticas, ejercicios antisubmarinos, operaciones de abordaje y fuego real en aguas del extremo sur del pa\u00eds. <\/p>\n<p class=\"com-paragraph --s text-left\">La actividad se realiz\u00f3 mientras <a href=\"https:\/\/www.lanacion.com.ar\/politica\/agenda-presidencial-milei-participara-de-un-congreso-de-la-fia-y-viajara-a-chile-para-una-reunion-nid30082026\/\" target=\"_self\" title=\"https:\/\/www.lanacion.com.ar\/politica\/agenda-presidencial-milei-participara-de-un-congreso-de-la-fia-y-viajara-a-chile-para-una-reunion-nid30082026\/\" class=\"com-link break-word\" data-mrf-recirculation=\"n_link_parrafo\"><strong>Santiago y Buenos Aires<\/strong><\/a><strong> buscan desactivar una nueva controversia por el estrecho<\/strong>, reavivada en los \u00faltimos d\u00edas por declaraciones de un jefe militar argentino.<\/p>\n<p class=\"com-paragraph --s\"><a href=\"https:\/\/www.lanacion.com.ar\/el-mundo\/la-apuesta-mas-riesgosa-de-kast-mano-dura-poder-y-una-grieta-inesperada-en-la-derecha-nid22082026\/\" target=\"_self\" title=\"https:\/\/www.lanacion.com.ar\/el-mundo\/la-apuesta-mas-riesgosa-de-kast-mano-dura-poder-y-una-grieta-inesperada-en-la-derecha-nid22082026\/\" class=\"com-link break-word\" data-mrf-recirculation=\"n_link_parrafo\">Kast<\/a> estuvo a bordo de la fragata Capit\u00e1n Prat, acompa\u00f1ado por los ministros del Interior, Claudio Alvarado, y de Defensa, Fernando Barros, adem\u00e1s del comandante en jefe de la Armada, almirante Fernando Cabrera. Desde all\u00ed supervis\u00f3 una serie de <strong>ejercicios destinados a evaluar la capacidad de respuesta de las fuerzas chilenas en la Zona Austral<\/strong>.<\/p>\n<p class=\"com-paragraph --s\">La demostraci\u00f3n estar\u00e1 dividida en cuatro fases. La primera consistir\u00e1 en la simulaci\u00f3n de un <strong>suceso cr\u00edtico con participaci\u00f3n de un submarino<\/strong>, en una operaci\u00f3n antisubmarina. Luego se desarroll\u00f3 una <strong>operaci\u00f3n de interdicci\u00f3n mar\u00edtima<\/strong>, que incluy\u00f3 el abordaje de una embarcaci\u00f3n mediante la inserci\u00f3n de personal especializado desde un helic\u00f3ptero al remolcador Lientur.<\/p>\n<p class=\"com-paragraph --s\">La tercera etapa fue un ejercicio de <strong>reaprovisionamiento en el mar<\/strong>, una maniobra que permite transferir combustible y suministros entre buques mientras navegan. Finalmente, se realiz\u00f3 una <strong>demostraci\u00f3n de fuego real<\/strong> que combin\u00f3 disparos de artiller\u00eda naval de la fragata Almirante Latorre contra blancos mar\u00edtimos o costeros con una acci\u00f3n ofensiva diurna de la Infanter\u00eda de Marina.<\/p>\n<p><h2 class=\"font-primary font-w-bold text-subheading-lg text-left container-center-100 mb-8\"><span>Soberan\u00eda en disputa<\/span><\/h2>\n<\/p>\n<p class=\"com-paragraph --s\">El ejercicio se produce en un momento particularmente sensible para las relaciones entre Chile y la Argentina. La controversia se reaviv\u00f3 despu\u00e9s de los dichos de un <strong>jefe militar argentino que cuestion\u00f3 la soberan\u00eda chilena sobre el estrecho de Magallanes<\/strong>, un paso estrat\u00e9gico que Chile considera bajo su soberan\u00eda en virtud de los tratados bilaterales.<\/p>\n<p class=\"com-paragraph --s\">El gobierno de Javier Milei busc\u00f3 posteriormente bajar el tono de la disputa y calific\u00f3 las declaraciones como <strong>\u201cdesprolijas\u201d<\/strong>. A su vez, el<strong> gobierno chileno espera que Buenos Aires concrete una modificaci\u00f3n normativa que Santiago considera pendiente<\/strong> desde hace m\u00e1s de un a\u00f1o.<\/p>\n<p class=\"com-paragraph --s\">El origen del conflicto est\u00e1 en el <strong>decreto argentino 457\/2021<\/strong>, firmado durante la administraci\u00f3n de Alberto Fern\u00e1ndez, que <strong>define al estrecho de Magallanes y al mar de Drake como un \u201cespacio compartido\u201d que requiere \u201cexploraci\u00f3n, estudio y control conjunto\u201d<\/strong>. Para Chile, esa formulaci\u00f3n entra en contradicci\u00f3n con la interpretaci\u00f3n de los tratados que regulan la frontera y la navegaci\u00f3n en la zona.<\/p>\n<p class=\"com-paragraph --s\">En marzo de 2025, <strong>Milei se comprometi\u00f3 formalmente a modificar el decreto<\/strong> tras reconocer que conten\u00eda un <strong>\u201cerror de interpretaci\u00f3n\u201d<\/strong> de los acuerdos bilaterales. Sin embargo, la norma contin\u00faa vigente.<\/p>\n<p class=\"com-paragraph --s\">El ministro Barros asegur\u00f3 el martes que la situaci\u00f3n estar\u00eda cerca de resolverse. En una entrevista con Radio Duna, afirm\u00f3 que la <strong>Argentina ya cuenta con un nuevo texto listo para la firma de Milei<\/strong>. \u201cDe un compromiso hemos pasado a un texto que se nos dice que est\u00e1 para la firma del presidente Milei. Por lo tanto, yo creo que ese tema est\u00e1 cerrado\u201d, sostuvo el responsable chileno.<\/p>\n<p class=\"com-paragraph --s\">Barros tambi\u00e9n relat\u00f3 que convers\u00f3 sobre el asunto con su par argentino, el teniente general Carlos Alberto Presti, quien le habr\u00eda pedido \u201cpaciencia\u201d. Seg\u00fan el funcionario chileno, las autoridades argentinas reconocieron que las expresiones que dieron origen a la \u00faltima pol\u00e9mica respondieron a un error o una confusi\u00f3n.<\/p>\n<p class=\"com-paragraph --s\">\u201cCuando el ministro de Defensa y el comandante en jefe de la Armada (argentina) dicen que el Estrecho es chileno, se acab\u00f3 la discusi\u00f3n\u201d, afirm\u00f3 Barros.<\/p>\n<p class=\"com-paragraph --s\">La disputa podr\u00eda formar parte de la<strong> agenda de la visita de Milei a Chile<\/strong>, prevista para este jueves para participar del Foro de Madrid y mantener una reuni\u00f3n bilateral con Kast. El propio presidente chileno reconoci\u00f3 que el tema deber\u00e1 ser conversado.<\/p>\n<p class=\"com-paragraph --s\">El despliegue militar ocurre adem\u00e1s cuando <strong>Kast atraviesa un momento de menor respaldo ciudadano<\/strong>, despu\u00e9s del fuerte apoyo con el que inici\u00f3 su mandato. Las <strong>encuestas muestran un deterioro de su aprobaci\u00f3n desde marzo <\/strong>y una creciente distancia entre quienes respaldan y quienes desaprueban su gesti\u00f3n. <\/p>\n<p class=\"com-paragraph --s\">En julio, por ejemplo, Cadem situ\u00f3 la aprobaci\u00f3n presidencial en 38%, frente a un <strong>58% de desaprobaci\u00f3n<\/strong>, mientras que mediciones posteriores tambi\u00e9n registraron retrocesos, aunque con cierta recuperaci\u00f3n asociada a la agenda de seguridad. El escenario agrega <strong>presi\u00f3n sobre el gobierno, que busca mostrar avances en seguridad y control territorial<\/strong> mientras enfrenta dificultades econ\u00f3micas y un desempleo que lleg\u00f3 al 9,5%, su nivel m\u00e1s alto en cinco a\u00f1os.<\/p>\n<p class=\"com-paragraph --s text-left\"><strong>Agencia ANSA y diario <\/strong><em><strong>Emol\/GDA<\/strong><\/em><\/p>\n<section class=\"container-center-100 mb-40 border border-bottom border-thin border-neutral-light-700\">\n<hr\/>\n<\/section>\n<\/div>\n<p><script id=\"facebookpixel\" defer=\"\" type=\"text\/javascript\">\n        !function(f,b,e,v,n,t,s)\n        {if(f.fbq)return;n=f.fbq=function(){n.callMethod?\n        n.callMethod.apply(n,arguments):n.queue.push(arguments)};\n        if(!f._fbq)f._fbq=n;n.push=n;n.loaded=!0;n.version='2.0';\n        n.queue=[];t=b.createElement(e);t.async=!0;\n        t.src=v;s=b.getElementsByTagName(e)[0];\n        s.parentNode.insertBefore(t,s)}(window, document,'script',\n        'https:\/\/connect.facebook.net\/en_US\/fbevents.js');\n        fbq('init', '492459597522335');\n        fbq('track', 'PageView');\n    <\/script><br \/>\n<br \/><\/p>\n","protected":false},"excerpt":{"rendered":"<p>SANTIAGO, Chile.\u2013 El presidente chileno, Jos\u00e9 Antonio Kast, viaj\u00f3 este mi\u00e9rcoles a la regi\u00f3n de Magallanes, en el extremo sur del pa\u00eds, en una gira que describi\u00f3 como \u201cuna manera de hacer patria, de hacer soberan\u00eda en la regi\u00f3n m\u00e1s austral, que adem\u00e1s se convierte en la puerta de entrada a la Ant\u00e1rtica chilena\u201d, en [&hellip;]<\/p>\n","protected":false},"author":2,"featured_media":210236,"comment_status":"closed","ping_status":"closed","sticky":false,"template":"","format":"standard","meta":{"footnotes":""},"categories":[26],"tags":[],"class_list":["post-210235","post","type-post","status-publish","format-standard","has-post-thumbnail","hentry","category-internacionales"],"yoast_head":"<!-- This site is optimized with the Yoast SEO plugin v24.4 - https:\/\/yoast.com\/wordpress\/plugins\/seo\/ -->\n<title>La impactante demostraci\u00f3n de fuerza de Chile en Magallanes tras la tensi\u00f3n con la Argentina y en medio de la ca\u00edda de Kast - GYS NOTICIAS |<\/title>\n<meta name=\"robots\" content=\"index, follow, max-snippet:-1, max-image-preview:large, max-video-preview:-1\" \/>\n<link rel=\"canonical\" href=\"https:\/\/gysfm.com.ar\/inicio\/la-impactante-demostracion-de-fuerza-de-chile-en-magallanes-tras-la-tension-con-la-argentina-y-en-medio-de-la-caida-de-kast\/\" \/>\n<meta property=\"og:locale\" content=\"es_ES\" \/>\n<meta property=\"og:type\" content=\"article\" \/>\n<meta property=\"og:title\" content=\"La impactante demostraci\u00f3n de fuerza de Chile en Magallanes tras la tensi\u00f3n con la Argentina y en medio de la ca\u00edda de Kast - GYS NOTICIAS |\" \/>\n<meta property=\"og:description\" content=\"SANTIAGO, Chile.\u2013 El presidente chileno, Jos\u00e9 Antonio Kast, viaj\u00f3 este mi\u00e9rcoles a la regi\u00f3n de Magallanes, en el extremo sur del pa\u00eds, en una gira que describi\u00f3 como \u201cuna manera de hacer patria, de hacer soberan\u00eda en la regi\u00f3n m\u00e1s austral, que adem\u00e1s se convierte en la puerta de entrada a la Ant\u00e1rtica chilena\u201d, en [&hellip;]\" \/>\n<meta property=\"og:url\" content=\"https:\/\/gysfm.com.ar\/inicio\/la-impactante-demostracion-de-fuerza-de-chile-en-magallanes-tras-la-tension-con-la-argentina-y-en-medio-de-la-caida-de-kast\/\" \/>\n<meta property=\"og:site_name\" content=\"GYS NOTICIAS |\" \/>\n<meta property=\"article:published_time\" content=\"2026-09-03T00:06:07+00:00\" \/>\n<meta property=\"article:modified_time\" content=\"2026-09-03T00:06:08+00:00\" \/>\n<meta property=\"og:image\" content=\"https:\/\/gysfm.com.ar\/inicio\/wp-content\/uploads\/2026\/09\/kast-en-KPEHDRLHBNGDPLEACZAFJWJQVU.jpg\" \/>\n\t<meta property=\"og:image:width\" content=\"1200\" \/>\n\t<meta property=\"og:image:height\" content=\"800\" \/>\n\t<meta property=\"og:image:type\" content=\"image\/jpeg\" \/>\n<meta name=\"author\" content=\"Prensa G&amp;S FM\" \/>\n<meta name=\"twitter:card\" content=\"summary_large_image\" \/>\n<meta name=\"twitter:label1\" content=\"Escrito por\" \/>\n\t<meta name=\"twitter:data1\" content=\"Prensa G&amp;S FM\" \/>\n\t<meta name=\"twitter:label2\" content=\"Tiempo de lectura\" \/>\n\t<meta name=\"twitter:data2\" content=\"5 minutos\" \/>\n<script type=\"application\/ld+json\" class=\"yoast-schema-graph\">{\"@context\":\"https:\/\/schema.org\",\"@graph\":[{\"@type\":\"Article\",\"@id\":\"https:\/\/gysfm.com.ar\/inicio\/la-impactante-demostracion-de-fuerza-de-chile-en-magallanes-tras-la-tension-con-la-argentina-y-en-medio-de-la-caida-de-kast\/#article\",\"isPartOf\":{\"@id\":\"https:\/\/gysfm.com.ar\/inicio\/la-impactante-demostracion-de-fuerza-de-chile-en-magallanes-tras-la-tension-con-la-argentina-y-en-medio-de-la-caida-de-kast\/\"},\"author\":{\"name\":\"Prensa G&amp;S FM\",\"@id\":\"https:\/\/gysfm.com.ar\/inicio\/#\/schema\/person\/3abba7593ef2ad19e1be221d54383dc5\"},\"headline\":\"La impactante demostraci\u00f3n de fuerza de Chile en Magallanes tras la tensi\u00f3n con la Argentina y en medio de la ca\u00edda de Kast\",\"datePublished\":\"2026-09-03T00:06:07+00:00\",\"dateModified\":\"2026-09-03T00:06:08+00:00\",\"mainEntityOfPage\":{\"@id\":\"https:\/\/gysfm.com.ar\/inicio\/la-impactante-demostracion-de-fuerza-de-chile-en-magallanes-tras-la-tension-con-la-argentina-y-en-medio-de-la-caida-de-kast\/\"},\"wordCount\":998,\"publisher\":{\"@id\":\"https:\/\/gysfm.com.ar\/inicio\/#organization\"},\"image\":{\"@id\":\"https:\/\/gysfm.com.ar\/inicio\/la-impactante-demostracion-de-fuerza-de-chile-en-magallanes-tras-la-tension-con-la-argentina-y-en-medio-de-la-caida-de-kast\/#primaryimage\"},\"thumbnailUrl\":\"https:\/\/gysfm.com.ar\/inicio\/wp-content\/uploads\/2026\/09\/kast-en-KPEHDRLHBNGDPLEACZAFJWJQVU.jpg\",\"articleSection\":[\"INTERNACIONALES\"],\"inLanguage\":\"es\"},{\"@type\":\"WebPage\",\"@id\":\"https:\/\/gysfm.com.ar\/inicio\/la-impactante-demostracion-de-fuerza-de-chile-en-magallanes-tras-la-tension-con-la-argentina-y-en-medio-de-la-caida-de-kast\/\",\"url\":\"https:\/\/gysfm.com.ar\/inicio\/la-impactante-demostracion-de-fuerza-de-chile-en-magallanes-tras-la-tension-con-la-argentina-y-en-medio-de-la-caida-de-kast\/\",\"name\":\"La impactante demostraci\u00f3n de fuerza de Chile en Magallanes tras la tensi\u00f3n con la Argentina y en medio de la ca\u00edda de Kast - GYS NOTICIAS |\",\"isPartOf\":{\"@id\":\"https:\/\/gysfm.com.ar\/inicio\/#website\"},\"primaryImageOfPage\":{\"@id\":\"https:\/\/gysfm.com.ar\/inicio\/la-impactante-demostracion-de-fuerza-de-chile-en-magallanes-tras-la-tension-con-la-argentina-y-en-medio-de-la-caida-de-kast\/#primaryimage\"},\"image\":{\"@id\":\"https:\/\/gysfm.com.ar\/inicio\/la-impactante-demostracion-de-fuerza-de-chile-en-magallanes-tras-la-tension-con-la-argentina-y-en-medio-de-la-caida-de-kast\/#primaryimage\"},\"thumbnailUrl\":\"https:\/\/gysfm.com.ar\/inicio\/wp-content\/uploads\/2026\/09\/kast-en-KPEHDRLHBNGDPLEACZAFJWJQVU.jpg\",\"datePublished\":\"2026-09-03T00:06:07+00:00\",\"dateModified\":\"2026-09-03T00:06:08+00:00\",\"breadcrumb\":{\"@id\":\"https:\/\/gysfm.com.ar\/inicio\/la-impactante-demostracion-de-fuerza-de-chile-en-magallanes-tras-la-tension-con-la-argentina-y-en-medio-de-la-caida-de-kast\/#breadcrumb\"},\"inLanguage\":\"es\",\"potentialAction\":[{\"@type\":\"ReadAction\",\"target\":[\"https:\/\/gysfm.com.ar\/inicio\/la-impactante-demostracion-de-fuerza-de-chile-en-magallanes-tras-la-tension-con-la-argentina-y-en-medio-de-la-caida-de-kast\/\"]}]},{\"@type\":\"ImageObject\",\"inLanguage\":\"es\",\"@id\":\"https:\/\/gysfm.com.ar\/inicio\/la-impactante-demostracion-de-fuerza-de-chile-en-magallanes-tras-la-tension-con-la-argentina-y-en-medio-de-la-caida-de-kast\/#primaryimage\",\"url\":\"https:\/\/gysfm.com.ar\/inicio\/wp-content\/uploads\/2026\/09\/kast-en-KPEHDRLHBNGDPLEACZAFJWJQVU.jpg\",\"contentUrl\":\"https:\/\/gysfm.com.ar\/inicio\/wp-content\/uploads\/2026\/09\/kast-en-KPEHDRLHBNGDPLEACZAFJWJQVU.jpg\",\"width\":1200,\"height\":800},{\"@type\":\"BreadcrumbList\",\"@id\":\"https:\/\/gysfm.com.ar\/inicio\/la-impactante-demostracion-de-fuerza-de-chile-en-magallanes-tras-la-tension-con-la-argentina-y-en-medio-de-la-caida-de-kast\/#breadcrumb\",\"itemListElement\":[{\"@type\":\"ListItem\",\"position\":1,\"name\":\"Portada\",\"item\":\"https:\/\/gysfm.com.ar\/inicio\/\"},{\"@type\":\"ListItem\",\"position\":2,\"name\":\"La impactante demostraci\u00f3n de fuerza de Chile en Magallanes tras la tensi\u00f3n con la Argentina y en medio de la ca\u00edda de Kast\"}]},{\"@type\":\"WebSite\",\"@id\":\"https:\/\/gysfm.com.ar\/inicio\/#website\",\"url\":\"https:\/\/gysfm.com.ar\/inicio\/\",\"name\":\"GYS NOTICIAS |\",\"description\":\"DIARIO - RADIO ONLINE SAN JUAN ARGENTINA\",\"publisher\":{\"@id\":\"https:\/\/gysfm.com.ar\/inicio\/#organization\"},\"potentialAction\":[{\"@type\":\"SearchAction\",\"target\":{\"@type\":\"EntryPoint\",\"urlTemplate\":\"https:\/\/gysfm.com.ar\/inicio\/?s={search_term_string}\"},\"query-input\":{\"@type\":\"PropertyValueSpecification\",\"valueRequired\":true,\"valueName\":\"search_term_string\"}}],\"inLanguage\":\"es\"},{\"@type\":\"Organization\",\"@id\":\"https:\/\/gysfm.com.ar\/inicio\/#organization\",\"name\":\"GYS NOTICIAS |\",\"url\":\"https:\/\/gysfm.com.ar\/inicio\/\",\"logo\":{\"@type\":\"ImageObject\",\"inLanguage\":\"es\",\"@id\":\"https:\/\/gysfm.com.ar\/inicio\/#\/schema\/logo\/image\/\",\"url\":\"https:\/\/gysfm.com.ar\/inicio\/wp-content\/uploads\/2023\/07\/LOGOGYS-OK.png\",\"contentUrl\":\"https:\/\/gysfm.com.ar\/inicio\/wp-content\/uploads\/2023\/07\/LOGOGYS-OK.png\",\"width\":1170,\"height\":872,\"caption\":\"GYS NOTICIAS |\"},\"image\":{\"@id\":\"https:\/\/gysfm.com.ar\/inicio\/#\/schema\/logo\/image\/\"}},{\"@type\":\"Person\",\"@id\":\"https:\/\/gysfm.com.ar\/inicio\/#\/schema\/person\/3abba7593ef2ad19e1be221d54383dc5\",\"name\":\"Prensa G&amp;S FM\",\"image\":{\"@type\":\"ImageObject\",\"inLanguage\":\"es\",\"@id\":\"https:\/\/gysfm.com.ar\/inicio\/#\/schema\/person\/image\/\",\"url\":\"https:\/\/secure.gravatar.com\/avatar\/096ec78df02049ab018702bb4ccedf659377fa92a26540b5247612077a0dbd29?s=96&d=mm&r=g\",\"contentUrl\":\"https:\/\/secure.gravatar.com\/avatar\/096ec78df02049ab018702bb4ccedf659377fa92a26540b5247612077a0dbd29?s=96&d=mm&r=g\",\"caption\":\"Prensa G&amp;S FM\"},\"sameAs\":[\"https:\/\/gysfm.com.ar\/\"],\"url\":\"https:\/\/gysfm.com.ar\/inicio\/author\/lucasm\/\"}]}<\/script>\n<!-- \/ Yoast SEO plugin. -->","yoast_head_json":{"title":"La impactante demostraci\u00f3n de fuerza de Chile en Magallanes tras la tensi\u00f3n con la Argentina y en medio de la ca\u00edda de Kast - GYS NOTICIAS |","robots":{"index":"index","follow":"follow","max-snippet":"max-snippet:-1","max-image-preview":"max-image-preview:large","max-video-preview":"max-video-preview:-1"},"canonical":"https:\/\/gysfm.com.ar\/inicio\/la-impactante-demostracion-de-fuerza-de-chile-en-magallanes-tras-la-tension-con-la-argentina-y-en-medio-de-la-caida-de-kast\/","og_locale":"es_ES","og_type":"article","og_title":"La impactante demostraci\u00f3n de fuerza de Chile en Magallanes tras la tensi\u00f3n con la Argentina y en medio de la ca\u00edda de Kast - GYS NOTICIAS |","og_description":"SANTIAGO, Chile.\u2013 El presidente chileno, Jos\u00e9 Antonio Kast, viaj\u00f3 este mi\u00e9rcoles a la regi\u00f3n de Magallanes, en el extremo sur del pa\u00eds, en una gira que describi\u00f3 como \u201cuna manera de hacer patria, de hacer soberan\u00eda en la regi\u00f3n m\u00e1s austral, que adem\u00e1s se convierte en la puerta de entrada a la Ant\u00e1rtica chilena\u201d, en [&hellip;]","og_url":"https:\/\/gysfm.com.ar\/inicio\/la-impactante-demostracion-de-fuerza-de-chile-en-magallanes-tras-la-tension-con-la-argentina-y-en-medio-de-la-caida-de-kast\/","og_site_name":"GYS NOTICIAS |","article_published_time":"2026-09-03T00:06:07+00:00","article_modified_time":"2026-09-03T00:06:08+00:00","og_image":[{"width":1200,"height":800,"url":"https:\/\/gysfm.com.ar\/inicio\/wp-content\/uploads\/2026\/09\/kast-en-KPEHDRLHBNGDPLEACZAFJWJQVU.jpg","type":"image\/jpeg"}],"author":"Prensa G&amp;S FM","twitter_card":"summary_large_image","twitter_misc":{"Escrito por":"Prensa G&amp;S FM","Tiempo de lectura":"5 minutos"},"schema":{"@context":"https:\/\/schema.org","@graph":[{"@type":"Article","@id":"https:\/\/gysfm.com.ar\/inicio\/la-impactante-demostracion-de-fuerza-de-chile-en-magallanes-tras-la-tension-con-la-argentina-y-en-medio-de-la-caida-de-kast\/#article","isPartOf":{"@id":"https:\/\/gysfm.com.ar\/inicio\/la-impactante-demostracion-de-fuerza-de-chile-en-magallanes-tras-la-tension-con-la-argentina-y-en-medio-de-la-caida-de-kast\/"},"author":{"name":"Prensa G&amp;S FM","@id":"https:\/\/gysfm.com.ar\/inicio\/#\/schema\/person\/3abba7593ef2ad19e1be221d54383dc5"},"headline":"La impactante demostraci\u00f3n de fuerza de Chile en Magallanes tras la tensi\u00f3n con la Argentina y en medio de la ca\u00edda de Kast","datePublished":"2026-09-03T00:06:07+00:00","dateModified":"2026-09-03T00:06:08+00:00","mainEntityOfPage":{"@id":"https:\/\/gysfm.com.ar\/inicio\/la-impactante-demostracion-de-fuerza-de-chile-en-magallanes-tras-la-tension-con-la-argentina-y-en-medio-de-la-caida-de-kast\/"},"wordCount":998,"publisher":{"@id":"https:\/\/gysfm.com.ar\/inicio\/#organization"},"image":{"@id":"https:\/\/gysfm.com.ar\/inicio\/la-impactante-demostracion-de-fuerza-de-chile-en-magallanes-tras-la-tension-con-la-argentina-y-en-medio-de-la-caida-de-kast\/#primaryimage"},"thumbnailUrl":"https:\/\/gysfm.com.ar\/inicio\/wp-content\/uploads\/2026\/09\/kast-en-KPEHDRLHBNGDPLEACZAFJWJQVU.jpg","articleSection":["INTERNACIONALES"],"inLanguage":"es"},{"@type":"WebPage","@id":"https:\/\/gysfm.com.ar\/inicio\/la-impactante-demostracion-de-fuerza-de-chile-en-magallanes-tras-la-tension-con-la-argentina-y-en-medio-de-la-caida-de-kast\/","url":"https:\/\/gysfm.com.ar\/inicio\/la-impactante-demostracion-de-fuerza-de-chile-en-magallanes-tras-la-tension-con-la-argentina-y-en-medio-de-la-caida-de-kast\/","name":"La impactante demostraci\u00f3n de fuerza de Chile en Magallanes tras la tensi\u00f3n con la Argentina y en medio de la ca\u00edda de Kast - GYS NOTICIAS |","isPartOf":{"@id":"https:\/\/gysfm.com.ar\/inicio\/#website"},"primaryImageOfPage":{"@id":"https:\/\/gysfm.com.ar\/inicio\/la-impactante-demostracion-de-fuerza-de-chile-en-magallanes-tras-la-tension-con-la-argentina-y-en-medio-de-la-caida-de-kast\/#primaryimage"},"image":{"@id":"https:\/\/gysfm.com.ar\/inicio\/la-impactante-demostracion-de-fuerza-de-chile-en-magallanes-tras-la-tension-con-la-argentina-y-en-medio-de-la-caida-de-kast\/#primaryimage"},"thumbnailUrl":"https:\/\/gysfm.com.ar\/inicio\/wp-content\/uploads\/2026\/09\/kast-en-KPEHDRLHBNGDPLEACZAFJWJQVU.jpg","datePublished":"2026-09-03T00:06:07+00:00","dateModified":"2026-09-03T00:06:08+00:00","breadcrumb":{"@id":"https:\/\/gysfm.com.ar\/inicio\/la-impactante-demostracion-de-fuerza-de-chile-en-magallanes-tras-la-tension-con-la-argentina-y-en-medio-de-la-caida-de-kast\/#breadcrumb"},"inLanguage":"es","potentialAction":[{"@type":"ReadAction","target":["https:\/\/gysfm.com.ar\/inicio\/la-impactante-demostracion-de-fuerza-de-chile-en-magallanes-tras-la-tension-con-la-argentina-y-en-medio-de-la-caida-de-kast\/"]}]},{"@type":"ImageObject","inLanguage":"es","@id":"https:\/\/gysfm.com.ar\/inicio\/la-impactante-demostracion-de-fuerza-de-chile-en-magallanes-tras-la-tension-con-la-argentina-y-en-medio-de-la-caida-de-kast\/#primaryimage","url":"https:\/\/gysfm.com.ar\/inicio\/wp-content\/uploads\/2026\/09\/kast-en-KPEHDRLHBNGDPLEACZAFJWJQVU.jpg","contentUrl":"https:\/\/gysfm.com.ar\/inicio\/wp-content\/uploads\/2026\/09\/kast-en-KPEHDRLHBNGDPLEACZAFJWJQVU.jpg","width":1200,"height":800},{"@type":"BreadcrumbList","@id":"https:\/\/gysfm.com.ar\/inicio\/la-impactante-demostracion-de-fuerza-de-chile-en-magallanes-tras-la-tension-con-la-argentina-y-en-medio-de-la-caida-de-kast\/#breadcrumb","itemListElement":[{"@type":"ListItem","position":1,"name":"Portada","item":"https:\/\/gysfm.com.ar\/inicio\/"},{"@type":"ListItem","position":2,"name":"La impactante demostraci\u00f3n de fuerza de Chile en Magallanes tras la tensi\u00f3n con la Argentina y en medio de la ca\u00edda de Kast"}]},{"@type":"WebSite","@id":"https:\/\/gysfm.com.ar\/inicio\/#website","url":"https:\/\/gysfm.com.ar\/inicio\/","name":"GYS NOTICIAS |","description":"DIARIO - RADIO ONLINE SAN JUAN ARGENTINA","publisher":{"@id":"https:\/\/gysfm.com.ar\/inicio\/#organization"},"potentialAction":[{"@type":"SearchAction","target":{"@type":"EntryPoint","urlTemplate":"https:\/\/gysfm.com.ar\/inicio\/?s={search_term_string}"},"query-input":{"@type":"PropertyValueSpecification","valueRequired":true,"valueName":"search_term_string"}}],"inLanguage":"es"},{"@type":"Organization","@id":"https:\/\/gysfm.com.ar\/inicio\/#organization","name":"GYS NOTICIAS |","url":"https:\/\/gysfm.com.ar\/inicio\/","logo":{"@type":"ImageObject","inLanguage":"es","@id":"https:\/\/gysfm.com.ar\/inicio\/#\/schema\/logo\/image\/","url":"https:\/\/gysfm.com.ar\/inicio\/wp-content\/uploads\/2023\/07\/LOGOGYS-OK.png","contentUrl":"https:\/\/gysfm.com.ar\/inicio\/wp-content\/uploads\/2023\/07\/LOGOGYS-OK.png","width":1170,"height":872,"caption":"GYS NOTICIAS |"},"image":{"@id":"https:\/\/gysfm.com.ar\/inicio\/#\/schema\/logo\/image\/"}},{"@type":"Person","@id":"https:\/\/gysfm.com.ar\/inicio\/#\/schema\/person\/3abba7593ef2ad19e1be221d54383dc5","name":"Prensa G&amp;S FM","image":{"@type":"ImageObject","inLanguage":"es","@id":"https:\/\/gysfm.com.ar\/inicio\/#\/schema\/person\/image\/","url":"https:\/\/secure.gravatar.com\/avatar\/096ec78df02049ab018702bb4ccedf659377fa92a26540b5247612077a0dbd29?s=96&d=mm&r=g","contentUrl":"https:\/\/secure.gravatar.com\/avatar\/096ec78df02049ab018702bb4ccedf659377fa92a26540b5247612077a0dbd29?s=96&d=mm&r=g","caption":"Prensa G&amp;S FM"},"sameAs":["https:\/\/gysfm.com.ar\/"],"url":"https:\/\/gysfm.com.ar\/inicio\/author\/lucasm\/"}]}},"_links":{"self":[{"href":"https:\/\/gysfm.com.ar\/inicio\/wp-json\/wp\/v2\/posts\/210235","targetHints":{"allow":["GET"]}}],"collection":[{"href":"https:\/\/gysfm.com.ar\/inicio\/wp-json\/wp\/v2\/posts"}],"about":[{"href":"https:\/\/gysfm.com.ar\/inicio\/wp-json\/wp\/v2\/types\/post"}],"author":[{"embeddable":true,"href":"https:\/\/gysfm.com.ar\/inicio\/wp-json\/wp\/v2\/users\/2"}],"replies":[{"embeddable":true,"href":"https:\/\/gysfm.com.ar\/inicio\/wp-json\/wp\/v2\/comments?post=210235"}],"version-history":[{"count":1,"href":"https:\/\/gysfm.com.ar\/inicio\/wp-json\/wp\/v2\/posts\/210235\/revisions"}],"predecessor-version":[{"id":210237,"href":"https:\/\/gysfm.com.ar\/inicio\/wp-json\/wp\/v2\/posts\/210235\/revisions\/210237"}],"wp:featuredmedia":[{"embeddable":true,"href":"https:\/\/gysfm.com.ar\/inicio\/wp-json\/wp\/v2\/media\/210236"}],"wp:attachment":[{"href":"https:\/\/gysfm.com.ar\/inicio\/wp-json\/wp\/v2\/media?parent=210235"}],"wp:term":[{"taxonomy":"category","embeddable":true,"href":"https:\/\/gysfm.com.ar\/inicio\/wp-json\/wp\/v2\/categories?post=210235"},{"taxonomy":"post_tag","embeddable":true,"href":"https:\/\/gysfm.com.ar\/inicio\/wp-json\/wp\/v2\/tags?post=210235"}],"curies":[{"name":"wp","href":"https:\/\/api.w.org\/{rel}","templated":true}]}}