{"id":210231,"date":"2026-09-02T20:34:07","date_gmt":"2026-09-02T23:34:07","guid":{"rendered":"https:\/\/gysfm.com.ar\/inicio\/el-gobierno-logro-estabilizar-la-economia-pero-le-falta-una-mirada-productiva-del-interior\/"},"modified":"2026-09-02T20:34:07","modified_gmt":"2026-09-02T23:34:07","slug":"el-gobierno-logro-estabilizar-la-economia-pero-le-falta-una-mirada-productiva-del-interior","status":"publish","type":"post","link":"https:\/\/gysfm.com.ar\/inicio\/el-gobierno-logro-estabilizar-la-economia-pero-le-falta-una-mirada-productiva-del-interior\/","title":{"rendered":"El Gobierno logr\u00f3 estabilizar la econom\u00eda, pero le falta una mirada productiva del interior"},"content":{"rendered":"<p> <br \/>\n<\/p>\n<div id=\"\">\n<p id=\"p-1788295034765-72425\">El gobernador de Santa Fe, <strong>Maximiliano Pullaro<\/strong>, combin\u00f3 reconocimiento y reclamo al referirse a la gesti\u00f3n nacional durante una charla con periodistas en el <strong>Santa Fe Business Forum (SFBF)<\/strong>, en Rosario. \u00abYo veo que el gobierno nacional logr\u00f3 estabilizar la macro y cree mucho en los nuevos motores que tiene la econom\u00eda\u00bb, se\u00f1al\u00f3, aunque tambi\u00e9n remarc\u00f3: <strong>\u00abFalta una mirada mucho m\u00e1s fina de lo que sucede en el interior\u00bb.<\/strong><\/p>\n<\/p><\/div>\n<div id=\"\">\n<p id=\"p-1788364812629-18299\">Las declaraciones del mandatario provincial se dieron en la misma semana donde se celebra el <strong>D\u00eda de la Industria<\/strong>, a trav\u00e9s de actos por parte de la Uni\u00f3n Industrial Argentina (UIA) en <strong>Laboratorio Elea, <\/strong>en Los Polvorines, pero tambi\u00e9n de <strong>Axel Kicillof<\/strong>, que tendr\u00e1 su propio evento en Mor\u00f3n.<\/p>\n<\/div>\n<div id=\"\">\n<p id=\"p-1788364818723-13857\"> En tanto, en la ciudad de <strong>Rosario<\/strong>, la <strong>Federaci\u00f3n Industrial de Santa Fe<\/strong>, con el acompa\u00f1amiento de la C\u00e1mara de Industriales Metal\u00fargicos de Esperanza (CIME) y el Centro Industria, Comercio y Afincados de Esperanza (CICAE), llevar\u00e1n a cabo el tradicional almuerzo por la ocasi\u00f3n, pero el 11 de septiembre.<\/p>\n<\/div>\n<div id=\"\">\n<p id=\"p-1788364697332-17538\">En este marco, Pullaro sostiene la<strong> estabilizaci\u00f3n de la inflaci\u00f3n y la baja del gasto p\u00fablico habilit\u00f3 margen de gesti\u00f3n<\/strong>, pero tambi\u00e9n advierte concretamente por los sectores golpeados por el reacomodamiento productivo.<\/p>\n<\/div>\n<div id=\"\">\n<p id=\"p-1788295629891-72221\">Sobre el textil y el calzado, dijo que \u00ab<strong>no hubo una mirada fina por parte del gobierno nacional, <\/strong>porque el marco impositivo de esas industrias deber\u00edamos haberlo corregido para que no terminen cerrando\u00bb.<\/p>\n<\/div>\n<div id=\"\">\n<h2 id=\"p-1788295034766-14723\">\u00abCuando la econom\u00eda arranque, nosotros nos llevamos todo puesto\u00bb<\/h2>\n<p id=\"p-1788295034766-97148\">Asimismo, Pullaro defendi\u00f3 el desempe\u00f1o provincial en medio de un contexto adverso para la actividad. <strong>\u00abEl impacto de la crisis fue menor en la provincia de Santa Fe: no fue solo que al campo le fue bien\u00bb<\/strong>, sostuvo, y atribuy\u00f3 parte del resultado a la obra p\u00fablica, que defini\u00f3 como una herramienta contrac\u00edclica para que no cayera el empleo. Seg\u00fan sus n\u00fameros, la ca\u00edda fue de menos de <strong>10.000 empleos<\/strong>, por debajo de otras provincias.<\/p>\n<p id=\"p-1788295034766-46163\">A su vez, detall\u00f3 algunas de las herramientas provinciales para morigerar el contexto: <strong>$230.000 millones en l\u00edneas de cr\u00e9dito<\/strong> subsidiadas para industrias y productores y u<strong>n descuento del 30% de Ingresos Brutos sobre la factura energ\u00e9tica<\/strong> \u00abEn 30 meses invertimos lo mismo que se invirti\u00f3 en 8 a\u00f1os en la provincia de Santa Fe en gasto de capital\u00bb, afirm\u00f3,<\/p>\n<p id=\"p-1788295034766-68151\">Tambi\u00e9n sum\u00f3 el argumento de la seguridad como condici\u00f3n central para la inversi\u00f3n. \u00ab\u00bfQui\u00e9n iba a venir a invertir a Rosario si estaba tomada por los narcos?\u00bb, plante\u00f3, y sostuvo que la baja del delito abri\u00f3 una oportunidad que antes no exist\u00eda: \u00abPor m\u00e1s que la econom\u00eda hubiera andado bien, <strong>no hubi\u00e9semos podido aprovechar las oportunidades que aprovechamos en este contexto<\/strong>\u00ab.<\/p>\n<p id=\"p-1788295034766-65742\">De ah\u00ed su pron\u00f3stico frente a los periodistas: \u00abSomos optimistas porque lo fuimos en el momento m\u00e1s dif\u00edcil, <strong>cuando la econom\u00eda arranque, nosotros nos llevamos todo puesto<\/strong>\u00ab.<\/p>\n<div contenteditable=\"false\" class=\"embed_cont type_imagen\" id=\"8272974-Libre-241922804_wrap\">\n<div id=\"8272974-Libre-241922804_content\" class=\"embed_content\"><img src=\"https:\/\/media.ambito.com\/p\/98fb2ac2f33d8a1924b44e78919ffcd8\/adjuntos\/239\/imagenes\/043\/618\/0043618657\/730x0\/smart\/img_0935.jpeg\" decoding=\"async\" fetchpriority=\"low\" loading=\"lazy\" alt=\"\" title=\"\" width=\"730\" height=\"undefined\" id=\"8272974-Libre-241922804_embed\"\/><\/div><\/div>\n<h2 id=\"p-1788365233771-89064\"><strong> C\u00f3mo est\u00e1 la industria en Santa Fe: radiograf\u00eda de la actividad provincial<\/strong><\/h2>\n<p id=\"p-1788361327665-27843\">Los datos sectoriales, sin embargo, muestran un cuadro m\u00e1s desparejo.<\/p>\n<p id=\"p-1788361331686-48118\">Seg\u00fan el \u00faltimo informe de la <strong>Federaci\u00f3n Industrial de Santa Fe (Fisfe)<\/strong>, la producci\u00f3n manufacturera provincial <strong>cay\u00f3 1% interanual en junio <\/strong>y acumula una baja de 3,7% en el primer semestre, con el 40% de las ramas relevadas en terreno negativo.<\/p>\n<p id=\"p-1788361433246-54904\">De acuerdo a la entidad, traccionan las cadenas <strong>ligadas al agro y a la exportaci\u00f3n molienda de oleaginosas, <\/strong>productos l\u00e1cteos y molienda de cereales encabezaron las contribuciones positivas, mientras que la maquinaria agropecuaria volvi\u00f3 a ser la de mayor incidencia negativa, como viene ocurriendo desde comienzos de a\u00f1o, seguida por la siderurgia, las prendas de vestir y la carne vacuna.<\/p>\n<p id=\"p-1788362457211-27091\">Consultado sobre ese diagn\u00f3stico durante la charla, Pullaro pidi\u00f3 desagregar. <strong>\u00abNosotros tenemos diferentes tipos de industrias\u00bb<\/strong>, respondi\u00f3, y record\u00f3 que la provincia concentra el 50% de las exportaciones de la industria l\u00e1ctea y que casi uno de cada cuatro d\u00f3lares que exporta el pa\u00eds sale de Santa Fe.<\/p>\n<p id=\"p-1788363272618-22914\" dir=\"ltr\">El gobernador tambi\u00e9n explic\u00f3 c\u00f3mo se posiciona la provincia frente a los dos sectores que traccionan divisas. Record\u00f3 que Santa Fe fue la primera provincia que hizo un acuerdo bilateral con la provincia de <strong>Neuqu\u00e9n<\/strong> y que hoy hay <strong>350 empresas santafesinas<\/strong> trabajando en Vaca Muerta, en rubros que van desde el movimiento de suelo hasta los ca\u00f1os y la construcci\u00f3n.<\/p>\n<p id=\"p-1788363272618-36996\" dir=\"ltr\">El marco institucional lleg\u00f3 con el acuerdo de colaboraci\u00f3n empresarial que Pullaro firm\u00f3 con su par neuquino, <strong>Rolando Figueroa<\/strong>, en marzo de este a\u00f1o, orientado a integrar capacidades industriales entre ambas provincias.<\/p>\n<p id=\"p-1788363490224-9689\" dir=\"ltr\">El caso testigo es la desarrolladora rosarina ZLT, que inaugur\u00f3 el <strong>Parque Industrial Vaca Muerta <\/strong>en A\u00f1elo, un enclave de capitales santafesinos pensado para radicar empresas y acortar la log\u00edstica dentro del yacimiento.<\/p>\n<p id=\"p-1788363272618-54380\" dir=\"ltr\">En miner\u00eda, el mandatario se\u00f1al\u00f3 que por el puerto de Rosario salieron 25.000 toneladas de litio durante 2025 y que la meta es duplicar ese volumen.<\/p>\n<p id=\"p-1788364356989-42166\" dir=\"ltr\">Si la exportaci\u00f3n en contenedores se concreta, Pullaro estim\u00f3 que los puestos de trabajo se multiplicar\u00edan por cuatro, aunque aclar\u00f3 que el negocio principal est\u00e1 en otro lado: <strong>\u00abNo es solamente los cupos de carga que van a aumentar ac\u00e1, son las pymes que se van a desarrollar en torno al sector<\/strong>\u201d, entiende.<\/p>\n<p id=\"p-1788363272618-92573\" dir=\"ltr\">Los n\u00fameros explican la urgencia del posicionamiento. Las exportaciones del sector minero alcanzaron en 2025 <strong>u$s 6.037 millones<\/strong>, con un crecimiento interanual del 29,2%; el litio aport\u00f3 u$s 905 millones, un r\u00e9cord equivalente al 15% del total, y entre 2024 y 2025 entraron en producci\u00f3n cuatro proyectos nuevos, con siete minas de litio en actividad en el pa\u00eds.<\/p>\n<p id=\"p-1788363665363-930\" dir=\"ltr\">El desaf\u00edo no es menor, puesto que buena parte del litio y de los futuros proyectos de cobre argentinos est\u00e1 mucho m\u00e1s cerca del Pac\u00edfico que del Paran\u00e1. Aun as\u00ed, <strong>Los Azules<\/strong>, uno de los grandes proyectos cupr\u00edferos de San Juan, incluy\u00f3 a la terminal rosarina entre las alternativas log\u00edsticas estudiadas.<\/p>\n<p id=\"p-1788363272618-68070\" dir=\"ltr\">Consultado sobre si a los sectores en expansi\u00f3n se les podr\u00eda exigir m\u00e1s en t\u00e9rminos impositivos, puesto que el Gobernador plante\u00f3 que el equilibrio fiscal y crecimiento deben venir con <strong>\u201cdiferentes recetas\u201d<\/strong>, respondi\u00f3: \u00abHay un RIGI que fija reglas para los pr\u00f3ximos 30 a\u00f1os, con lo cual <strong>eso es dif\u00edci<\/strong>l. Eso queda blindado, y est\u00e1 bien que vengan las inversiones en los t\u00e9rminos institucionales que defini\u00f3 el Estado argentino\u00bb.<\/p>\n<p id=\"p-1788365025902-89115\" dir=\"ltr\">Al cierre, su planteo se bas\u00f3 el destino de los d\u00f3lares que empiezan a multiplicarse en los sectores estrat\u00e9gicos: \u00abYo pondr\u00eda la plata en infraestructura, si las divisas que ingresan no las invert\u00eds en desaroll, <strong>la verdad que te la va a terminar gastando de alguna manera<\/strong>\u00ab.<\/p>\n<\/div>\n<p><script>\n!function(f,b,e,v,n,t,s)\n{if(f.fbq)return;n=f.fbq=function(){n.callMethod?\nn.callMethod.apply(n,arguments):n.queue.push(arguments)};\nif(!f._fbq)f._fbq=n;n.push=n;n.loaded=!0;n.version='2.0';\nn.queue=[];t=b.createElement(e);t.async=!0;\nt.src=v;s=b.getElementsByTagName(e)[0];\ns.parentNode.insertBefore(t,s)}(window,document,'script',\n'https:\/\/connect.facebook.net\/en_US\/fbevents.js');\nfbq('init', '2047048335588113');\nfbq('track', 'PageView');\n<\/script><br \/>\n<br \/><\/p>\n","protected":false},"excerpt":{"rendered":"<p>El gobernador de Santa Fe, Maximiliano Pullaro, combin\u00f3 reconocimiento y reclamo al referirse a la gesti\u00f3n nacional durante una charla con periodistas en el Santa Fe Business Forum (SFBF), en Rosario. \u00abYo veo que el gobierno nacional logr\u00f3 estabilizar la macro y cree mucho en los nuevos motores que tiene la econom\u00eda\u00bb, se\u00f1al\u00f3, aunque tambi\u00e9n [&hellip;]<\/p>\n","protected":false},"author":1,"featured_media":210232,"comment_status":"closed","ping_status":"closed","sticky":false,"template":"","format":"standard","meta":{"footnotes":""},"categories":[28],"tags":[],"class_list":["post-210231","post","type-post","status-publish","format-standard","has-post-thumbnail","hentry","category-economia"],"yoast_head":"<!-- This site is optimized with the Yoast SEO plugin v24.4 - https:\/\/yoast.com\/wordpress\/plugins\/seo\/ -->\n<title>El Gobierno logr\u00f3 estabilizar la econom\u00eda, pero le falta una mirada productiva del interior - GYS NOTICIAS |<\/title>\n<meta name=\"robots\" content=\"index, follow, max-snippet:-1, max-image-preview:large, max-video-preview:-1\" \/>\n<link rel=\"canonical\" href=\"https:\/\/gysfm.com.ar\/inicio\/el-gobierno-logro-estabilizar-la-economia-pero-le-falta-una-mirada-productiva-del-interior\/\" \/>\n<meta property=\"og:locale\" content=\"es_ES\" \/>\n<meta property=\"og:type\" content=\"article\" \/>\n<meta property=\"og:title\" content=\"El Gobierno logr\u00f3 estabilizar la econom\u00eda, pero le falta una mirada productiva del interior - GYS NOTICIAS |\" \/>\n<meta property=\"og:description\" content=\"El gobernador de Santa Fe, Maximiliano Pullaro, combin\u00f3 reconocimiento y reclamo al referirse a la gesti\u00f3n nacional durante una charla con periodistas en el Santa Fe Business Forum (SFBF), en Rosario. \u00abYo veo que el gobierno nacional logr\u00f3 estabilizar la macro y cree mucho en los nuevos motores que tiene la econom\u00eda\u00bb, se\u00f1al\u00f3, aunque tambi\u00e9n [&hellip;]\" \/>\n<meta property=\"og:url\" content=\"https:\/\/gysfm.com.ar\/inicio\/el-gobierno-logro-estabilizar-la-economia-pero-le-falta-una-mirada-productiva-del-interior\/\" \/>\n<meta property=\"og:site_name\" content=\"GYS NOTICIAS |\" \/>\n<meta property=\"article:published_time\" content=\"2026-09-02T23:34:07+00:00\" \/>\n<meta property=\"og:image\" content=\"https:\/\/media.ambito.com\/p\/98fb2ac2f33d8a1924b44e78919ffcd8\/adjuntos\/239\/imagenes\/043\/618\/0043618657\/730x0\/smart\/img_0935.jpeg\" \/>\n<meta name=\"author\" content=\"admin\" \/>\n<meta name=\"twitter:card\" content=\"summary_large_image\" \/>\n<meta name=\"twitter:label1\" content=\"Escrito por\" \/>\n\t<meta name=\"twitter:data1\" content=\"admin\" \/>\n\t<meta name=\"twitter:label2\" content=\"Tiempo de lectura\" \/>\n\t<meta name=\"twitter:data2\" content=\"6 minutos\" \/>\n<script type=\"application\/ld+json\" class=\"yoast-schema-graph\">{\"@context\":\"https:\/\/schema.org\",\"@graph\":[{\"@type\":\"Article\",\"@id\":\"https:\/\/gysfm.com.ar\/inicio\/el-gobierno-logro-estabilizar-la-economia-pero-le-falta-una-mirada-productiva-del-interior\/#article\",\"isPartOf\":{\"@id\":\"https:\/\/gysfm.com.ar\/inicio\/el-gobierno-logro-estabilizar-la-economia-pero-le-falta-una-mirada-productiva-del-interior\/\"},\"author\":{\"name\":\"admin\",\"@id\":\"https:\/\/gysfm.com.ar\/inicio\/#\/schema\/person\/5bedd7ecd35cc35548d89effafa23696\"},\"headline\":\"El Gobierno logr\u00f3 estabilizar la econom\u00eda, pero le falta una mirada productiva del interior\",\"datePublished\":\"2026-09-02T23:34:07+00:00\",\"mainEntityOfPage\":{\"@id\":\"https:\/\/gysfm.com.ar\/inicio\/el-gobierno-logro-estabilizar-la-economia-pero-le-falta-una-mirada-productiva-del-interior\/\"},\"wordCount\":1154,\"publisher\":{\"@id\":\"https:\/\/gysfm.com.ar\/inicio\/#organization\"},\"image\":{\"@id\":\"https:\/\/gysfm.com.ar\/inicio\/el-gobierno-logro-estabilizar-la-economia-pero-le-falta-una-mirada-productiva-del-interior\/#primaryimage\"},\"thumbnailUrl\":\"https:\/\/gysfm.com.ar\/inicio\/wp-content\/uploads\/2026\/09\/img_0934.jpeg\",\"articleSection\":[\"ECONOMIA\"],\"inLanguage\":\"es\"},{\"@type\":\"WebPage\",\"@id\":\"https:\/\/gysfm.com.ar\/inicio\/el-gobierno-logro-estabilizar-la-economia-pero-le-falta-una-mirada-productiva-del-interior\/\",\"url\":\"https:\/\/gysfm.com.ar\/inicio\/el-gobierno-logro-estabilizar-la-economia-pero-le-falta-una-mirada-productiva-del-interior\/\",\"name\":\"El Gobierno logr\u00f3 estabilizar la econom\u00eda, pero le falta una mirada productiva del interior - GYS NOTICIAS |\",\"isPartOf\":{\"@id\":\"https:\/\/gysfm.com.ar\/inicio\/#website\"},\"primaryImageOfPage\":{\"@id\":\"https:\/\/gysfm.com.ar\/inicio\/el-gobierno-logro-estabilizar-la-economia-pero-le-falta-una-mirada-productiva-del-interior\/#primaryimage\"},\"image\":{\"@id\":\"https:\/\/gysfm.com.ar\/inicio\/el-gobierno-logro-estabilizar-la-economia-pero-le-falta-una-mirada-productiva-del-interior\/#primaryimage\"},\"thumbnailUrl\":\"https:\/\/gysfm.com.ar\/inicio\/wp-content\/uploads\/2026\/09\/img_0934.jpeg\",\"datePublished\":\"2026-09-02T23:34:07+00:00\",\"breadcrumb\":{\"@id\":\"https:\/\/gysfm.com.ar\/inicio\/el-gobierno-logro-estabilizar-la-economia-pero-le-falta-una-mirada-productiva-del-interior\/#breadcrumb\"},\"inLanguage\":\"es\",\"potentialAction\":[{\"@type\":\"ReadAction\",\"target\":[\"https:\/\/gysfm.com.ar\/inicio\/el-gobierno-logro-estabilizar-la-economia-pero-le-falta-una-mirada-productiva-del-interior\/\"]}]},{\"@type\":\"ImageObject\",\"inLanguage\":\"es\",\"@id\":\"https:\/\/gysfm.com.ar\/inicio\/el-gobierno-logro-estabilizar-la-economia-pero-le-falta-una-mirada-productiva-del-interior\/#primaryimage\",\"url\":\"https:\/\/gysfm.com.ar\/inicio\/wp-content\/uploads\/2026\/09\/img_0934.jpeg\",\"contentUrl\":\"https:\/\/gysfm.com.ar\/inicio\/wp-content\/uploads\/2026\/09\/img_0934.jpeg\",\"width\":1200,\"height\":675},{\"@type\":\"BreadcrumbList\",\"@id\":\"https:\/\/gysfm.com.ar\/inicio\/el-gobierno-logro-estabilizar-la-economia-pero-le-falta-una-mirada-productiva-del-interior\/#breadcrumb\",\"itemListElement\":[{\"@type\":\"ListItem\",\"position\":1,\"name\":\"Portada\",\"item\":\"https:\/\/gysfm.com.ar\/inicio\/\"},{\"@type\":\"ListItem\",\"position\":2,\"name\":\"El Gobierno logr\u00f3 estabilizar la econom\u00eda, pero le falta una mirada productiva del interior\"}]},{\"@type\":\"WebSite\",\"@id\":\"https:\/\/gysfm.com.ar\/inicio\/#website\",\"url\":\"https:\/\/gysfm.com.ar\/inicio\/\",\"name\":\"GYS NOTICIAS |\",\"description\":\"DIARIO - RADIO ONLINE SAN JUAN ARGENTINA\",\"publisher\":{\"@id\":\"https:\/\/gysfm.com.ar\/inicio\/#organization\"},\"potentialAction\":[{\"@type\":\"SearchAction\",\"target\":{\"@type\":\"EntryPoint\",\"urlTemplate\":\"https:\/\/gysfm.com.ar\/inicio\/?s={search_term_string}\"},\"query-input\":{\"@type\":\"PropertyValueSpecification\",\"valueRequired\":true,\"valueName\":\"search_term_string\"}}],\"inLanguage\":\"es\"},{\"@type\":\"Organization\",\"@id\":\"https:\/\/gysfm.com.ar\/inicio\/#organization\",\"name\":\"GYS NOTICIAS |\",\"url\":\"https:\/\/gysfm.com.ar\/inicio\/\",\"logo\":{\"@type\":\"ImageObject\",\"inLanguage\":\"es\",\"@id\":\"https:\/\/gysfm.com.ar\/inicio\/#\/schema\/logo\/image\/\",\"url\":\"https:\/\/gysfm.com.ar\/inicio\/wp-content\/uploads\/2023\/07\/LOGOGYS-OK.png\",\"contentUrl\":\"https:\/\/gysfm.com.ar\/inicio\/wp-content\/uploads\/2023\/07\/LOGOGYS-OK.png\",\"width\":1170,\"height\":872,\"caption\":\"GYS NOTICIAS |\"},\"image\":{\"@id\":\"https:\/\/gysfm.com.ar\/inicio\/#\/schema\/logo\/image\/\"}},{\"@type\":\"Person\",\"@id\":\"https:\/\/gysfm.com.ar\/inicio\/#\/schema\/person\/5bedd7ecd35cc35548d89effafa23696\",\"name\":\"admin\",\"image\":{\"@type\":\"ImageObject\",\"inLanguage\":\"es\",\"@id\":\"https:\/\/gysfm.com.ar\/inicio\/#\/schema\/person\/image\/\",\"url\":\"https:\/\/secure.gravatar.com\/avatar\/c331d312b5243fb64d5ba28108a447b27c925295129a363082c9ea52c28d32c2?s=96&d=mm&r=g\",\"contentUrl\":\"https:\/\/secure.gravatar.com\/avatar\/c331d312b5243fb64d5ba28108a447b27c925295129a363082c9ea52c28d32c2?s=96&d=mm&r=g\",\"caption\":\"admin\"},\"sameAs\":[\"https:\/\/gysfm.com.ar\/inicio\"],\"url\":\"https:\/\/gysfm.com.ar\/inicio\/author\/admin\/\"}]}<\/script>\n<!-- \/ Yoast SEO plugin. -->","yoast_head_json":{"title":"El Gobierno logr\u00f3 estabilizar la econom\u00eda, pero le falta una mirada productiva del interior - GYS NOTICIAS |","robots":{"index":"index","follow":"follow","max-snippet":"max-snippet:-1","max-image-preview":"max-image-preview:large","max-video-preview":"max-video-preview:-1"},"canonical":"https:\/\/gysfm.com.ar\/inicio\/el-gobierno-logro-estabilizar-la-economia-pero-le-falta-una-mirada-productiva-del-interior\/","og_locale":"es_ES","og_type":"article","og_title":"El Gobierno logr\u00f3 estabilizar la econom\u00eda, pero le falta una mirada productiva del interior - GYS NOTICIAS |","og_description":"El gobernador de Santa Fe, Maximiliano Pullaro, combin\u00f3 reconocimiento y reclamo al referirse a la gesti\u00f3n nacional durante una charla con periodistas en el Santa Fe Business Forum (SFBF), en Rosario. \u00abYo veo que el gobierno nacional logr\u00f3 estabilizar la macro y cree mucho en los nuevos motores que tiene la econom\u00eda\u00bb, se\u00f1al\u00f3, aunque tambi\u00e9n [&hellip;]","og_url":"https:\/\/gysfm.com.ar\/inicio\/el-gobierno-logro-estabilizar-la-economia-pero-le-falta-una-mirada-productiva-del-interior\/","og_site_name":"GYS NOTICIAS |","article_published_time":"2026-09-02T23:34:07+00:00","og_image":[{"url":"https:\/\/media.ambito.com\/p\/98fb2ac2f33d8a1924b44e78919ffcd8\/adjuntos\/239\/imagenes\/043\/618\/0043618657\/730x0\/smart\/img_0935.jpeg","type":"","width":"","height":""}],"author":"admin","twitter_card":"summary_large_image","twitter_misc":{"Escrito por":"admin","Tiempo de lectura":"6 minutos"},"schema":{"@context":"https:\/\/schema.org","@graph":[{"@type":"Article","@id":"https:\/\/gysfm.com.ar\/inicio\/el-gobierno-logro-estabilizar-la-economia-pero-le-falta-una-mirada-productiva-del-interior\/#article","isPartOf":{"@id":"https:\/\/gysfm.com.ar\/inicio\/el-gobierno-logro-estabilizar-la-economia-pero-le-falta-una-mirada-productiva-del-interior\/"},"author":{"name":"admin","@id":"https:\/\/gysfm.com.ar\/inicio\/#\/schema\/person\/5bedd7ecd35cc35548d89effafa23696"},"headline":"El Gobierno logr\u00f3 estabilizar la econom\u00eda, pero le falta una mirada productiva del interior","datePublished":"2026-09-02T23:34:07+00:00","mainEntityOfPage":{"@id":"https:\/\/gysfm.com.ar\/inicio\/el-gobierno-logro-estabilizar-la-economia-pero-le-falta-una-mirada-productiva-del-interior\/"},"wordCount":1154,"publisher":{"@id":"https:\/\/gysfm.com.ar\/inicio\/#organization"},"image":{"@id":"https:\/\/gysfm.com.ar\/inicio\/el-gobierno-logro-estabilizar-la-economia-pero-le-falta-una-mirada-productiva-del-interior\/#primaryimage"},"thumbnailUrl":"https:\/\/gysfm.com.ar\/inicio\/wp-content\/uploads\/2026\/09\/img_0934.jpeg","articleSection":["ECONOMIA"],"inLanguage":"es"},{"@type":"WebPage","@id":"https:\/\/gysfm.com.ar\/inicio\/el-gobierno-logro-estabilizar-la-economia-pero-le-falta-una-mirada-productiva-del-interior\/","url":"https:\/\/gysfm.com.ar\/inicio\/el-gobierno-logro-estabilizar-la-economia-pero-le-falta-una-mirada-productiva-del-interior\/","name":"El Gobierno logr\u00f3 estabilizar la econom\u00eda, pero le falta una mirada productiva del interior - GYS NOTICIAS |","isPartOf":{"@id":"https:\/\/gysfm.com.ar\/inicio\/#website"},"primaryImageOfPage":{"@id":"https:\/\/gysfm.com.ar\/inicio\/el-gobierno-logro-estabilizar-la-economia-pero-le-falta-una-mirada-productiva-del-interior\/#primaryimage"},"image":{"@id":"https:\/\/gysfm.com.ar\/inicio\/el-gobierno-logro-estabilizar-la-economia-pero-le-falta-una-mirada-productiva-del-interior\/#primaryimage"},"thumbnailUrl":"https:\/\/gysfm.com.ar\/inicio\/wp-content\/uploads\/2026\/09\/img_0934.jpeg","datePublished":"2026-09-02T23:34:07+00:00","breadcrumb":{"@id":"https:\/\/gysfm.com.ar\/inicio\/el-gobierno-logro-estabilizar-la-economia-pero-le-falta-una-mirada-productiva-del-interior\/#breadcrumb"},"inLanguage":"es","potentialAction":[{"@type":"ReadAction","target":["https:\/\/gysfm.com.ar\/inicio\/el-gobierno-logro-estabilizar-la-economia-pero-le-falta-una-mirada-productiva-del-interior\/"]}]},{"@type":"ImageObject","inLanguage":"es","@id":"https:\/\/gysfm.com.ar\/inicio\/el-gobierno-logro-estabilizar-la-economia-pero-le-falta-una-mirada-productiva-del-interior\/#primaryimage","url":"https:\/\/gysfm.com.ar\/inicio\/wp-content\/uploads\/2026\/09\/img_0934.jpeg","contentUrl":"https:\/\/gysfm.com.ar\/inicio\/wp-content\/uploads\/2026\/09\/img_0934.jpeg","width":1200,"height":675},{"@type":"BreadcrumbList","@id":"https:\/\/gysfm.com.ar\/inicio\/el-gobierno-logro-estabilizar-la-economia-pero-le-falta-una-mirada-productiva-del-interior\/#breadcrumb","itemListElement":[{"@type":"ListItem","position":1,"name":"Portada","item":"https:\/\/gysfm.com.ar\/inicio\/"},{"@type":"ListItem","position":2,"name":"El Gobierno logr\u00f3 estabilizar la econom\u00eda, pero le falta una mirada productiva del interior"}]},{"@type":"WebSite","@id":"https:\/\/gysfm.com.ar\/inicio\/#website","url":"https:\/\/gysfm.com.ar\/inicio\/","name":"GYS NOTICIAS |","description":"DIARIO - RADIO ONLINE SAN JUAN ARGENTINA","publisher":{"@id":"https:\/\/gysfm.com.ar\/inicio\/#organization"},"potentialAction":[{"@type":"SearchAction","target":{"@type":"EntryPoint","urlTemplate":"https:\/\/gysfm.com.ar\/inicio\/?s={search_term_string}"},"query-input":{"@type":"PropertyValueSpecification","valueRequired":true,"valueName":"search_term_string"}}],"inLanguage":"es"},{"@type":"Organization","@id":"https:\/\/gysfm.com.ar\/inicio\/#organization","name":"GYS NOTICIAS |","url":"https:\/\/gysfm.com.ar\/inicio\/","logo":{"@type":"ImageObject","inLanguage":"es","@id":"https:\/\/gysfm.com.ar\/inicio\/#\/schema\/logo\/image\/","url":"https:\/\/gysfm.com.ar\/inicio\/wp-content\/uploads\/2023\/07\/LOGOGYS-OK.png","contentUrl":"https:\/\/gysfm.com.ar\/inicio\/wp-content\/uploads\/2023\/07\/LOGOGYS-OK.png","width":1170,"height":872,"caption":"GYS NOTICIAS |"},"image":{"@id":"https:\/\/gysfm.com.ar\/inicio\/#\/schema\/logo\/image\/"}},{"@type":"Person","@id":"https:\/\/gysfm.com.ar\/inicio\/#\/schema\/person\/5bedd7ecd35cc35548d89effafa23696","name":"admin","image":{"@type":"ImageObject","inLanguage":"es","@id":"https:\/\/gysfm.com.ar\/inicio\/#\/schema\/person\/image\/","url":"https:\/\/secure.gravatar.com\/avatar\/c331d312b5243fb64d5ba28108a447b27c925295129a363082c9ea52c28d32c2?s=96&d=mm&r=g","contentUrl":"https:\/\/secure.gravatar.com\/avatar\/c331d312b5243fb64d5ba28108a447b27c925295129a363082c9ea52c28d32c2?s=96&d=mm&r=g","caption":"admin"},"sameAs":["https:\/\/gysfm.com.ar\/inicio"],"url":"https:\/\/gysfm.com.ar\/inicio\/author\/admin\/"}]}},"_links":{"self":[{"href":"https:\/\/gysfm.com.ar\/inicio\/wp-json\/wp\/v2\/posts\/210231","targetHints":{"allow":["GET"]}}],"collection":[{"href":"https:\/\/gysfm.com.ar\/inicio\/wp-json\/wp\/v2\/posts"}],"about":[{"href":"https:\/\/gysfm.com.ar\/inicio\/wp-json\/wp\/v2\/types\/post"}],"author":[{"embeddable":true,"href":"https:\/\/gysfm.com.ar\/inicio\/wp-json\/wp\/v2\/users\/1"}],"replies":[{"embeddable":true,"href":"https:\/\/gysfm.com.ar\/inicio\/wp-json\/wp\/v2\/comments?post=210231"}],"version-history":[{"count":0,"href":"https:\/\/gysfm.com.ar\/inicio\/wp-json\/wp\/v2\/posts\/210231\/revisions"}],"wp:featuredmedia":[{"embeddable":true,"href":"https:\/\/gysfm.com.ar\/inicio\/wp-json\/wp\/v2\/media\/210232"}],"wp:attachment":[{"href":"https:\/\/gysfm.com.ar\/inicio\/wp-json\/wp\/v2\/media?parent=210231"}],"wp:term":[{"taxonomy":"category","embeddable":true,"href":"https:\/\/gysfm.com.ar\/inicio\/wp-json\/wp\/v2\/categories?post=210231"},{"taxonomy":"post_tag","embeddable":true,"href":"https:\/\/gysfm.com.ar\/inicio\/wp-json\/wp\/v2\/tags?post=210231"}],"curies":[{"name":"wp","href":"https:\/\/api.w.org\/{rel}","templated":true}]}}