{"id":210228,"date":"2026-09-02T20:07:12","date_gmt":"2026-09-02T23:07:12","guid":{"rendered":"https:\/\/gysfm.com.ar\/inicio\/caputo-respondio-a-las-criticas-de-los-industriales-me-toca-defender-los-intereses-de-48-millones-de-argentinos-no-de-algunos-empresarios\/"},"modified":"2026-09-02T20:07:13","modified_gmt":"2026-09-02T23:07:13","slug":"caputo-respondio-a-las-criticas-de-los-industriales-me-toca-defender-los-intereses-de-48-millones-de-argentinos-no-de-algunos-empresarios","status":"publish","type":"post","link":"https:\/\/gysfm.com.ar\/inicio\/caputo-respondio-a-las-criticas-de-los-industriales-me-toca-defender-los-intereses-de-48-millones-de-argentinos-no-de-algunos-empresarios\/","title":{"rendered":"Caputo respondi\u00f3 a las cr\u00edticas de los industriales: \u201cMe toca defender los intereses de 48 millones de argentinos, no de algunos empresarios\u201d"},"content":{"rendered":"<p><\/p>\n<div>\n<p class=\"com-paragraph --capital --s\">El ministro de Econom\u00eda, <strong>Luis Caputo<\/strong>, respondi\u00f3 este mi\u00e9rcoles a las cr\u00edticas que lanzaron referentes de la <strong>Uni\u00f3n Industrial Argentina (UIA)<\/strong> <a href=\"https:\/\/www.lanacion.com.ar\/economia\/el-dato-que-expuso-la-uia-en-el-dia-de-la-industria-90000-empleos-menos-desde-agosto-de-2023-nid02092026\/\" target=\"_self\" title=\"https:\/\/www.lanacion.com.ar\/economia\/el-dato-que-expuso-la-uia-en-el-dia-de-la-industria-90000-empleos-menos-desde-agosto-de-2023-nid02092026\/\" class=\"com-link break-word\" data-mrf-recirculation=\"n_link_parrafo\">contra el rumbo econ\u00f3mico y defendi\u00f3 la apertura comercial impulsada por el Gobierno<\/a>. Reconoci\u00f3 que el nuevo escenario genera dificultades diferentes entre los sectores, pero sostuvo que su responsabilidad es representar al conjunto de la poblaci\u00f3n y no proteger los intereses particulares de determinadas empresas.<\/p>\n<p class=\"com-paragraph --s\">La respuesta lleg\u00f3 pocas horas despu\u00e9s del acto por el <strong>D\u00eda de la Industria<\/strong>, en el que el presidente de la UIA, <strong>Mart\u00edn Rappallini<\/strong>, reclam\u00f3 al Gobierno \u201cun puente\u201d entre la econom\u00eda que queda atr\u00e1s y la econom\u00eda competitiva que pretende construir, mientras que uno de los vicepresidentes de la entidad, <strong>Guillermo Moretti<\/strong>, <a href=\"https:\/\/www.lanacion.com.ar\/economia\/el-vicepresidente-de-la-uia-critico-duramente-al-gobierno-no-conocen-lo-que-es-el-pais-y-la-nid02092026\/\" target=\"_self\" title=\"https:\/\/www.lanacion.com.ar\/economia\/el-vicepresidente-de-la-uia-critico-duramente-al-gobierno-no-conocen-lo-que-es-el-pais-y-la-nid02092026\/\" class=\"com-link break-word\" data-mrf-recirculation=\"n_link_parrafo\">hab\u00eda apuntado directamente contra Caputo y cuestionado su conocimiento sobre el sector productivo.<\/a><\/p>\n<p class=\"com-paragraph --s\">Durante una exposici\u00f3n en el encuentro <strong>\u201cVientos de Cambio\u201d<\/strong>, organizado por la Fundaci\u00f3n Libertad, Caputo hizo referencia directa a esas cr\u00edticas. \u201cHoy en particular hubo alg\u00fan industrial que no fue respetuoso\u201d, dijo. Sin mencionar a Moretti, agreg\u00f3 que prefer\u00eda dejar de lado las formas para concentrarse en la discusi\u00f3n de fondo.<\/p>\n<div class=\"content-media\">\n<section role=\"button\" class=\"mod-media   \">\n<figure role=\"button\" tabindex=\"0\" class=\"mod-figure \"><figcaption class=\"mod-figcaption\"><span class=\"com-text --caption --twoxs\">\u201cEn este modelo se crece en dos velocidades. No es algo negativo. Es algo obvio\u201d, afirm\u00f3 Caputo<\/span><span class=\"com-text --credit --twoxs\">Santiago Filipuzzi<\/span><\/figcaption><\/figure>\n<\/section>\n<\/div>\n<p class=\"com-paragraph --s\">\u201cYo entiendo perfectamente las <strong>frustraciones que todo cambio genera.<\/strong> Segundo, porque entiendo que cada uno defiende sus intereses y eso es inevitable\u201d, afirm\u00f3 el ministro. Y marc\u00f3 su posici\u00f3n: \u201cAhora, <mark class=\"hl_underline\">a m\u00ed, como ministro de Econom\u00eda, me toca defender los intereses de los 48 millones de argentinos, no de algunos empresarios en particular\u201d.<\/mark><\/p>\n<p class=\"com-paragraph --s\">Horas antes, Moretti hab\u00eda acusado al Gobierno de impulsar pol\u00edticas de \u201cdesindustrializaci\u00f3n\u201d y hab\u00eda dirigido una cr\u00edtica personal al jefe del Palacio de Hacienda. \u201cEstamos manejados por un endeudador, un <em>trader <\/em>que no sabe lo que es un torno\u201d, afirm\u00f3. <strong>Rappallini <\/strong>hab\u00eda adoptado un tono menos confrontativo, aunque tambi\u00e9n plante\u00f3 un diagn\u00f3stico cr\u00edtico sobre la actividad y el empleo y sostuvo que<strong> \u201cla econom\u00eda no puede medirse solamente por la evoluci\u00f3n de la inflaci\u00f3n\u201d.<\/strong><\/p>\n<p class=\"com-paragraph --s\">Caputo defendi\u00f3 el cambio de modelo. Seg\u00fan plante\u00f3, <strong>la Argentina ven\u00eda de una econom\u00eda cerrada,<\/strong> con d\u00e9ficit fiscal financiado mediante emisi\u00f3n y un esquema en el que la industria recib\u00eda distintos tipos de protecci\u00f3n. Sostuvo que las empresas no solo hab\u00edan contado con costos subsidiados en energ\u00eda y en el tipo de cambio, sino tambi\u00e9n con una protecci\u00f3n sobre la demanda final derivada de las restricciones a la competencia externa.<\/p>\n<p class=\"com-paragraph --s\">El ministro afirm\u00f3 que <strong>ese esquema llev\u00f3 a que los consumidores argentinos pagaran determinados productos entre dos y diez veces m\u00e1s caros que en pa\u00edses vecinos. <\/strong>Mencion\u00f3 como ejemplos los autom\u00f3viles, la indumentaria, el calzado, los electr\u00f3nicos, los celulares y los neum\u00e1ticos.<\/p>\n<p class=\"com-paragraph --s\">\u201cDesde el punto de vista ya moral, <strong>a nosotros eso nos parece absolutamente injusto\u201d, <\/strong>sostuvo. M\u00e1s adelante profundiz\u00f3: \u201cLa forma <mark class=\"hl_underline\">no puede ser que los argentinos sigan subsidiando a determinados empresarios<\/mark>. La forma es invertir, competir y lograr que la gente tenga acceso a los mejores productos a mejores precios\u201d.<\/p>\n<p class=\"com-paragraph --s\">Caputo busc\u00f3 tambi\u00e9n diferenciar las cr\u00edticas p\u00fablicas que recibi\u00f3 este mi\u00e9rcoles de lo que, asegur\u00f3, escucha habitualmente en sus reuniones con el sector privado. <strong>\u201cLa mayor\u00eda de los empresarios entiende que tiene que haber un cambio\u201d, <\/strong>afirm\u00f3. Seg\u00fan el ministro, tambi\u00e9n existe entre los industriales una comprensi\u00f3n de que el nuevo modelo requerir\u00e1 procesos de <strong>reconversi\u00f3n e inversi\u00f3n<\/strong> para competir en un escenario de mayor apertura.<\/p>\n<p class=\"com-paragraph --s\">En ese punto utiliz\u00f3 los casos de dos fabricantes nacionales para sostener su argumento. Record\u00f3 una reciente visita a la planta de calzado <strong>Omb\u00fa<\/strong>, en Catamarca, y una reuni\u00f3n con representantes de <strong>Pampero<\/strong>. Seg\u00fan relat\u00f3, en ambos casos los empresarios le transmitieron que las inversiones realizadas durante los \u00faltimos a\u00f1os les permiten competir con productos del exterior.<\/p>\n<p class=\"com-paragraph --s\">Caputo insisti\u00f3 adem\u00e1s en rechazar la idea de que la competitividad pueda recuperarse exclusivamente mediante un <strong>precio del d\u00f3lar<\/strong> m\u00e1s alto. <strong>\u201cLa cosa no pasa por el tipo de cambio\u201d, afirm\u00f3. <\/strong>Para el ministro, la mejora debe provenir de la reducci\u00f3n de impuestos y regulaciones, un menor costo financiero y una mejor infraestructura.<\/p>\n<p class=\"com-paragraph --s\">A la salida de su exposici\u00f3n, Caputo profundiz\u00f3 ante la prensa su respuesta a los industriales y reconoci\u00f3 que el nuevo esquema econ\u00f3mico genera un crecimiento dispar entre los distintos sectores. <strong>\u201cEn este modelo se crece en dos velocidades. No es algo negativo. Es algo obvio\u201d<\/strong>, afirm\u00f3. Seg\u00fan explic\u00f3, ese comportamiento responde a una reasignaci\u00f3n de recursos: \u201cEstamos liberando recursos de un sector que antes estaba oprimido. Hoy son los que le permiten al resto de la econom\u00eda que existan las condiciones para tener financiamiento y planificaci\u00f3n\u201d.<\/p>\n<div class=\"content-media\">\n<section role=\"button\" class=\"mod-media   \">\n<figure role=\"button\" tabindex=\"0\" class=\"mod-figure \"><figcaption class=\"mod-figcaption\"><span class=\"com-text --caption --twoxs\">\u201cLa verdad es que en dos a\u00f1os tambi\u00e9n va a haber gente que no llega a fin de mes. En Estados Unidos hay gente que no llega a fin de mes. No pod\u00e9s cambiar 100 a\u00f1os en uno solo\u201d, dijo Caputo<\/span><span class=\"com-text --credit --twoxs\">Santiago Filipuzzi<\/span><\/figcaption><\/figure>\n<\/section>\n<\/div>\n<p class=\"com-paragraph --s\">El ministro volvi\u00f3 a cuestionar los resultados del esquema anterior. \u201cSi uno se va a circunscribir al modelo de los \u00faltimos 20 a\u00f1os, que no gener\u00f3 ning\u00fan fruto&#8230; La industria cay\u00f3 un 10%. No se benefici\u00f3 nadie, solo algunos empresarios, a pesar de estar subsidiados en energ\u00eda, tipo de cambio y precio\u201d, sostuvo. Y asegur\u00f3 que no existe una alternativa a la reconversi\u00f3n frente a los cambios que atraviesa la econom\u00eda mundial: <strong>\u201cSi no nos adaptamos al mundo, cerremos las fronteras. No tenemos opci\u00f3n de no adaptarnos al mundo. Esto ya est\u00e1 pasando\u201d<\/strong>.<\/p>\n<p class=\"com-paragraph --s\">Caputo tambi\u00e9n fue consultado sobre las dificultades que todav\u00eda atraviesan los hogares y la percepci\u00f3n de que las mejoras que destaca el Gobierno no llegan al bolsillo y la gente no llega a fin de mes. \u201cYo creo que es un comentario que no responde a los datos\u201d, contest\u00f3. Y agreg\u00f3: <mark class=\"hl_underline\">\u201cLa verdad es que en dos a\u00f1os tambi\u00e9n va a haber gente que no llega a fin de mes. En Estados Unidos hay gente que no llega a fin de mes. No pod\u00e9s cambiar 100 a\u00f1os en uno solo\u201d.<\/mark><\/p>\n<p class=\"com-paragraph --s\">El titular del Palacio de Hacienda sostuvo que su objetivo es reducir progresivamente la cantidad de personas que atraviesan esa situaci\u00f3n y se\u00f1al\u00f3 como evidencia la baja de la pobreza.<mark class=\"hl_underline\"> \u201cYo no puedo hacer magia. Yo tengo que lograr que cada vez esos argentinos sean menos\u201d,<\/mark> afirm\u00f3. Luego rechaz\u00f3 la posibilidad de modificar el rumbo por las dificultades que persisten:<strong> <\/strong>\u201c\u00bfVamos a ser Suiza en un a\u00f1o? No, nosotros no prometimos eso. Lo que estamos seguros es de que este es el camino correcto\u201d.<\/p>\n<p class=\"com-paragraph --s\">Caputo asegur\u00f3 que esa convicci\u00f3n es compartida en el exterior y por \u201cun mont\u00f3n de empresarios\u201d y volvi\u00f3 a pedir tiempo para que los resultados alcancen al conjunto de la poblaci\u00f3n. \u201cLa perseverancia, creer y no desviarnos del camino es algo importante. Todo se va a lograr con tiempo. <mark class=\"hl_underline\">Nosotros trabajamos y nos deslomamos para que este cambio se d\u00e9 para todos lo m\u00e1s r\u00e1pido y mejor posible\u201d, concluy\u00f3.<\/mark><\/p>\n<section class=\"container-center-100 mb-40 border border-bottom border-thin border-neutral-light-700\">\n<hr\/>\n<\/section>\n<\/div>\n<p><script id=\"facebookpixel\" defer=\"\" type=\"text\/javascript\">\n        !function(f,b,e,v,n,t,s)\n        {if(f.fbq)return;n=f.fbq=function(){n.callMethod?\n        n.callMethod.apply(n,arguments):n.queue.push(arguments)};\n        if(!f._fbq)f._fbq=n;n.push=n;n.loaded=!0;n.version='2.0';\n        n.queue=[];t=b.createElement(e);t.async=!0;\n        t.src=v;s=b.getElementsByTagName(e)[0];\n        s.parentNode.insertBefore(t,s)}(window, document,'script',\n        'https:\/\/connect.facebook.net\/en_US\/fbevents.js');\n        fbq('init', '492459597522335');\n        fbq('track', 'PageView');\n    <\/script><\/p>\n","protected":false},"excerpt":{"rendered":"<p>El ministro de Econom\u00eda, Luis Caputo, respondi\u00f3 este mi\u00e9rcoles a las cr\u00edticas que lanzaron referentes de la Uni\u00f3n Industrial Argentina (UIA) contra el rumbo econ\u00f3mico y defendi\u00f3 la apertura comercial impulsada por el Gobierno. Reconoci\u00f3 que el nuevo escenario genera dificultades diferentes entre los sectores, pero sostuvo que su responsabilidad es representar al conjunto de [&hellip;]<\/p>\n","protected":false},"author":1,"featured_media":210229,"comment_status":"closed","ping_status":"closed","sticky":false,"template":"","format":"standard","meta":{"footnotes":""},"categories":[28],"tags":[],"class_list":["post-210228","post","type-post","status-publish","format-standard","has-post-thumbnail","hentry","category-economia"],"yoast_head":"<!-- This site is optimized with the Yoast SEO plugin v24.4 - https:\/\/yoast.com\/wordpress\/plugins\/seo\/ -->\n<title>Caputo respondi\u00f3 a las cr\u00edticas de los industriales: \u201cMe toca defender los intereses de 48 millones de argentinos, no de algunos empresarios\u201d - GYS NOTICIAS |<\/title>\n<meta name=\"robots\" content=\"index, follow, max-snippet:-1, max-image-preview:large, max-video-preview:-1\" \/>\n<link rel=\"canonical\" href=\"https:\/\/gysfm.com.ar\/inicio\/caputo-respondio-a-las-criticas-de-los-industriales-me-toca-defender-los-intereses-de-48-millones-de-argentinos-no-de-algunos-empresarios\/\" \/>\n<meta property=\"og:locale\" content=\"es_ES\" \/>\n<meta property=\"og:type\" content=\"article\" \/>\n<meta property=\"og:title\" content=\"Caputo respondi\u00f3 a las cr\u00edticas de los industriales: \u201cMe toca defender los intereses de 48 millones de argentinos, no de algunos empresarios\u201d - GYS NOTICIAS |\" \/>\n<meta property=\"og:description\" content=\"El ministro de Econom\u00eda, Luis Caputo, respondi\u00f3 este mi\u00e9rcoles a las cr\u00edticas que lanzaron referentes de la Uni\u00f3n Industrial Argentina (UIA) contra el rumbo econ\u00f3mico y defendi\u00f3 la apertura comercial impulsada por el Gobierno. Reconoci\u00f3 que el nuevo escenario genera dificultades diferentes entre los sectores, pero sostuvo que su responsabilidad es representar al conjunto de [&hellip;]\" \/>\n<meta property=\"og:url\" content=\"https:\/\/gysfm.com.ar\/inicio\/caputo-respondio-a-las-criticas-de-los-industriales-me-toca-defender-los-intereses-de-48-millones-de-argentinos-no-de-algunos-empresarios\/\" \/>\n<meta property=\"og:site_name\" content=\"GYS NOTICIAS |\" \/>\n<meta property=\"article:published_time\" content=\"2026-09-02T23:07:12+00:00\" \/>\n<meta property=\"article:modified_time\" content=\"2026-09-02T23:07:13+00:00\" \/>\n<meta property=\"og:image\" content=\"https:\/\/gysfm.com.ar\/inicio\/wp-content\/uploads\/2026\/09\/el-ministro-de-economia-luis-caputo-en-la-GHIJAPXYVBFDLHZOI5KIEEOFM4.jpg\" \/>\n\t<meta property=\"og:image:width\" content=\"1200\" \/>\n\t<meta property=\"og:image:height\" content=\"800\" \/>\n\t<meta property=\"og:image:type\" content=\"image\/jpeg\" \/>\n<meta name=\"author\" content=\"admin\" \/>\n<meta name=\"twitter:card\" content=\"summary_large_image\" \/>\n<meta name=\"twitter:label1\" content=\"Escrito por\" \/>\n\t<meta name=\"twitter:data1\" content=\"admin\" \/>\n\t<meta name=\"twitter:label2\" content=\"Tiempo de lectura\" \/>\n\t<meta name=\"twitter:data2\" content=\"6 minutos\" \/>\n<script type=\"application\/ld+json\" class=\"yoast-schema-graph\">{\"@context\":\"https:\/\/schema.org\",\"@graph\":[{\"@type\":\"Article\",\"@id\":\"https:\/\/gysfm.com.ar\/inicio\/caputo-respondio-a-las-criticas-de-los-industriales-me-toca-defender-los-intereses-de-48-millones-de-argentinos-no-de-algunos-empresarios\/#article\",\"isPartOf\":{\"@id\":\"https:\/\/gysfm.com.ar\/inicio\/caputo-respondio-a-las-criticas-de-los-industriales-me-toca-defender-los-intereses-de-48-millones-de-argentinos-no-de-algunos-empresarios\/\"},\"author\":{\"name\":\"admin\",\"@id\":\"https:\/\/gysfm.com.ar\/inicio\/#\/schema\/person\/5bedd7ecd35cc35548d89effafa23696\"},\"headline\":\"Caputo respondi\u00f3 a las cr\u00edticas de los industriales: \u201cMe toca defender los intereses de 48 millones de argentinos, no de algunos empresarios\u201d\",\"datePublished\":\"2026-09-02T23:07:12+00:00\",\"dateModified\":\"2026-09-02T23:07:13+00:00\",\"mainEntityOfPage\":{\"@id\":\"https:\/\/gysfm.com.ar\/inicio\/caputo-respondio-a-las-criticas-de-los-industriales-me-toca-defender-los-intereses-de-48-millones-de-argentinos-no-de-algunos-empresarios\/\"},\"wordCount\":1248,\"publisher\":{\"@id\":\"https:\/\/gysfm.com.ar\/inicio\/#organization\"},\"image\":{\"@id\":\"https:\/\/gysfm.com.ar\/inicio\/caputo-respondio-a-las-criticas-de-los-industriales-me-toca-defender-los-intereses-de-48-millones-de-argentinos-no-de-algunos-empresarios\/#primaryimage\"},\"thumbnailUrl\":\"https:\/\/gysfm.com.ar\/inicio\/wp-content\/uploads\/2026\/09\/el-ministro-de-economia-luis-caputo-en-la-GHIJAPXYVBFDLHZOI5KIEEOFM4.jpg\",\"articleSection\":[\"ECONOMIA\"],\"inLanguage\":\"es\"},{\"@type\":\"WebPage\",\"@id\":\"https:\/\/gysfm.com.ar\/inicio\/caputo-respondio-a-las-criticas-de-los-industriales-me-toca-defender-los-intereses-de-48-millones-de-argentinos-no-de-algunos-empresarios\/\",\"url\":\"https:\/\/gysfm.com.ar\/inicio\/caputo-respondio-a-las-criticas-de-los-industriales-me-toca-defender-los-intereses-de-48-millones-de-argentinos-no-de-algunos-empresarios\/\",\"name\":\"Caputo respondi\u00f3 a las cr\u00edticas de los industriales: \u201cMe toca defender los intereses de 48 millones de argentinos, no de algunos empresarios\u201d - GYS NOTICIAS |\",\"isPartOf\":{\"@id\":\"https:\/\/gysfm.com.ar\/inicio\/#website\"},\"primaryImageOfPage\":{\"@id\":\"https:\/\/gysfm.com.ar\/inicio\/caputo-respondio-a-las-criticas-de-los-industriales-me-toca-defender-los-intereses-de-48-millones-de-argentinos-no-de-algunos-empresarios\/#primaryimage\"},\"image\":{\"@id\":\"https:\/\/gysfm.com.ar\/inicio\/caputo-respondio-a-las-criticas-de-los-industriales-me-toca-defender-los-intereses-de-48-millones-de-argentinos-no-de-algunos-empresarios\/#primaryimage\"},\"thumbnailUrl\":\"https:\/\/gysfm.com.ar\/inicio\/wp-content\/uploads\/2026\/09\/el-ministro-de-economia-luis-caputo-en-la-GHIJAPXYVBFDLHZOI5KIEEOFM4.jpg\",\"datePublished\":\"2026-09-02T23:07:12+00:00\",\"dateModified\":\"2026-09-02T23:07:13+00:00\",\"breadcrumb\":{\"@id\":\"https:\/\/gysfm.com.ar\/inicio\/caputo-respondio-a-las-criticas-de-los-industriales-me-toca-defender-los-intereses-de-48-millones-de-argentinos-no-de-algunos-empresarios\/#breadcrumb\"},\"inLanguage\":\"es\",\"potentialAction\":[{\"@type\":\"ReadAction\",\"target\":[\"https:\/\/gysfm.com.ar\/inicio\/caputo-respondio-a-las-criticas-de-los-industriales-me-toca-defender-los-intereses-de-48-millones-de-argentinos-no-de-algunos-empresarios\/\"]}]},{\"@type\":\"ImageObject\",\"inLanguage\":\"es\",\"@id\":\"https:\/\/gysfm.com.ar\/inicio\/caputo-respondio-a-las-criticas-de-los-industriales-me-toca-defender-los-intereses-de-48-millones-de-argentinos-no-de-algunos-empresarios\/#primaryimage\",\"url\":\"https:\/\/gysfm.com.ar\/inicio\/wp-content\/uploads\/2026\/09\/el-ministro-de-economia-luis-caputo-en-la-GHIJAPXYVBFDLHZOI5KIEEOFM4.jpg\",\"contentUrl\":\"https:\/\/gysfm.com.ar\/inicio\/wp-content\/uploads\/2026\/09\/el-ministro-de-economia-luis-caputo-en-la-GHIJAPXYVBFDLHZOI5KIEEOFM4.jpg\",\"width\":1200,\"height\":800},{\"@type\":\"BreadcrumbList\",\"@id\":\"https:\/\/gysfm.com.ar\/inicio\/caputo-respondio-a-las-criticas-de-los-industriales-me-toca-defender-los-intereses-de-48-millones-de-argentinos-no-de-algunos-empresarios\/#breadcrumb\",\"itemListElement\":[{\"@type\":\"ListItem\",\"position\":1,\"name\":\"Portada\",\"item\":\"https:\/\/gysfm.com.ar\/inicio\/\"},{\"@type\":\"ListItem\",\"position\":2,\"name\":\"Caputo respondi\u00f3 a las cr\u00edticas de los industriales: \u201cMe toca defender los intereses de 48 millones de argentinos, no de algunos empresarios\u201d\"}]},{\"@type\":\"WebSite\",\"@id\":\"https:\/\/gysfm.com.ar\/inicio\/#website\",\"url\":\"https:\/\/gysfm.com.ar\/inicio\/\",\"name\":\"GYS NOTICIAS |\",\"description\":\"DIARIO - RADIO ONLINE SAN JUAN ARGENTINA\",\"publisher\":{\"@id\":\"https:\/\/gysfm.com.ar\/inicio\/#organization\"},\"potentialAction\":[{\"@type\":\"SearchAction\",\"target\":{\"@type\":\"EntryPoint\",\"urlTemplate\":\"https:\/\/gysfm.com.ar\/inicio\/?s={search_term_string}\"},\"query-input\":{\"@type\":\"PropertyValueSpecification\",\"valueRequired\":true,\"valueName\":\"search_term_string\"}}],\"inLanguage\":\"es\"},{\"@type\":\"Organization\",\"@id\":\"https:\/\/gysfm.com.ar\/inicio\/#organization\",\"name\":\"GYS NOTICIAS |\",\"url\":\"https:\/\/gysfm.com.ar\/inicio\/\",\"logo\":{\"@type\":\"ImageObject\",\"inLanguage\":\"es\",\"@id\":\"https:\/\/gysfm.com.ar\/inicio\/#\/schema\/logo\/image\/\",\"url\":\"https:\/\/gysfm.com.ar\/inicio\/wp-content\/uploads\/2023\/07\/LOGOGYS-OK.png\",\"contentUrl\":\"https:\/\/gysfm.com.ar\/inicio\/wp-content\/uploads\/2023\/07\/LOGOGYS-OK.png\",\"width\":1170,\"height\":872,\"caption\":\"GYS NOTICIAS |\"},\"image\":{\"@id\":\"https:\/\/gysfm.com.ar\/inicio\/#\/schema\/logo\/image\/\"}},{\"@type\":\"Person\",\"@id\":\"https:\/\/gysfm.com.ar\/inicio\/#\/schema\/person\/5bedd7ecd35cc35548d89effafa23696\",\"name\":\"admin\",\"image\":{\"@type\":\"ImageObject\",\"inLanguage\":\"es\",\"@id\":\"https:\/\/gysfm.com.ar\/inicio\/#\/schema\/person\/image\/\",\"url\":\"https:\/\/secure.gravatar.com\/avatar\/c331d312b5243fb64d5ba28108a447b27c925295129a363082c9ea52c28d32c2?s=96&d=mm&r=g\",\"contentUrl\":\"https:\/\/secure.gravatar.com\/avatar\/c331d312b5243fb64d5ba28108a447b27c925295129a363082c9ea52c28d32c2?s=96&d=mm&r=g\",\"caption\":\"admin\"},\"sameAs\":[\"https:\/\/gysfm.com.ar\/inicio\"],\"url\":\"https:\/\/gysfm.com.ar\/inicio\/author\/admin\/\"}]}<\/script>\n<!-- \/ Yoast SEO plugin. -->","yoast_head_json":{"title":"Caputo respondi\u00f3 a las cr\u00edticas de los industriales: \u201cMe toca defender los intereses de 48 millones de argentinos, no de algunos empresarios\u201d - GYS NOTICIAS |","robots":{"index":"index","follow":"follow","max-snippet":"max-snippet:-1","max-image-preview":"max-image-preview:large","max-video-preview":"max-video-preview:-1"},"canonical":"https:\/\/gysfm.com.ar\/inicio\/caputo-respondio-a-las-criticas-de-los-industriales-me-toca-defender-los-intereses-de-48-millones-de-argentinos-no-de-algunos-empresarios\/","og_locale":"es_ES","og_type":"article","og_title":"Caputo respondi\u00f3 a las cr\u00edticas de los industriales: \u201cMe toca defender los intereses de 48 millones de argentinos, no de algunos empresarios\u201d - GYS NOTICIAS |","og_description":"El ministro de Econom\u00eda, Luis Caputo, respondi\u00f3 este mi\u00e9rcoles a las cr\u00edticas que lanzaron referentes de la Uni\u00f3n Industrial Argentina (UIA) contra el rumbo econ\u00f3mico y defendi\u00f3 la apertura comercial impulsada por el Gobierno. Reconoci\u00f3 que el nuevo escenario genera dificultades diferentes entre los sectores, pero sostuvo que su responsabilidad es representar al conjunto de [&hellip;]","og_url":"https:\/\/gysfm.com.ar\/inicio\/caputo-respondio-a-las-criticas-de-los-industriales-me-toca-defender-los-intereses-de-48-millones-de-argentinos-no-de-algunos-empresarios\/","og_site_name":"GYS NOTICIAS |","article_published_time":"2026-09-02T23:07:12+00:00","article_modified_time":"2026-09-02T23:07:13+00:00","og_image":[{"width":1200,"height":800,"url":"https:\/\/gysfm.com.ar\/inicio\/wp-content\/uploads\/2026\/09\/el-ministro-de-economia-luis-caputo-en-la-GHIJAPXYVBFDLHZOI5KIEEOFM4.jpg","type":"image\/jpeg"}],"author":"admin","twitter_card":"summary_large_image","twitter_misc":{"Escrito por":"admin","Tiempo de lectura":"6 minutos"},"schema":{"@context":"https:\/\/schema.org","@graph":[{"@type":"Article","@id":"https:\/\/gysfm.com.ar\/inicio\/caputo-respondio-a-las-criticas-de-los-industriales-me-toca-defender-los-intereses-de-48-millones-de-argentinos-no-de-algunos-empresarios\/#article","isPartOf":{"@id":"https:\/\/gysfm.com.ar\/inicio\/caputo-respondio-a-las-criticas-de-los-industriales-me-toca-defender-los-intereses-de-48-millones-de-argentinos-no-de-algunos-empresarios\/"},"author":{"name":"admin","@id":"https:\/\/gysfm.com.ar\/inicio\/#\/schema\/person\/5bedd7ecd35cc35548d89effafa23696"},"headline":"Caputo respondi\u00f3 a las cr\u00edticas de los industriales: \u201cMe toca defender los intereses de 48 millones de argentinos, no de algunos empresarios\u201d","datePublished":"2026-09-02T23:07:12+00:00","dateModified":"2026-09-02T23:07:13+00:00","mainEntityOfPage":{"@id":"https:\/\/gysfm.com.ar\/inicio\/caputo-respondio-a-las-criticas-de-los-industriales-me-toca-defender-los-intereses-de-48-millones-de-argentinos-no-de-algunos-empresarios\/"},"wordCount":1248,"publisher":{"@id":"https:\/\/gysfm.com.ar\/inicio\/#organization"},"image":{"@id":"https:\/\/gysfm.com.ar\/inicio\/caputo-respondio-a-las-criticas-de-los-industriales-me-toca-defender-los-intereses-de-48-millones-de-argentinos-no-de-algunos-empresarios\/#primaryimage"},"thumbnailUrl":"https:\/\/gysfm.com.ar\/inicio\/wp-content\/uploads\/2026\/09\/el-ministro-de-economia-luis-caputo-en-la-GHIJAPXYVBFDLHZOI5KIEEOFM4.jpg","articleSection":["ECONOMIA"],"inLanguage":"es"},{"@type":"WebPage","@id":"https:\/\/gysfm.com.ar\/inicio\/caputo-respondio-a-las-criticas-de-los-industriales-me-toca-defender-los-intereses-de-48-millones-de-argentinos-no-de-algunos-empresarios\/","url":"https:\/\/gysfm.com.ar\/inicio\/caputo-respondio-a-las-criticas-de-los-industriales-me-toca-defender-los-intereses-de-48-millones-de-argentinos-no-de-algunos-empresarios\/","name":"Caputo respondi\u00f3 a las cr\u00edticas de los industriales: \u201cMe toca defender los intereses de 48 millones de argentinos, no de algunos empresarios\u201d - GYS NOTICIAS |","isPartOf":{"@id":"https:\/\/gysfm.com.ar\/inicio\/#website"},"primaryImageOfPage":{"@id":"https:\/\/gysfm.com.ar\/inicio\/caputo-respondio-a-las-criticas-de-los-industriales-me-toca-defender-los-intereses-de-48-millones-de-argentinos-no-de-algunos-empresarios\/#primaryimage"},"image":{"@id":"https:\/\/gysfm.com.ar\/inicio\/caputo-respondio-a-las-criticas-de-los-industriales-me-toca-defender-los-intereses-de-48-millones-de-argentinos-no-de-algunos-empresarios\/#primaryimage"},"thumbnailUrl":"https:\/\/gysfm.com.ar\/inicio\/wp-content\/uploads\/2026\/09\/el-ministro-de-economia-luis-caputo-en-la-GHIJAPXYVBFDLHZOI5KIEEOFM4.jpg","datePublished":"2026-09-02T23:07:12+00:00","dateModified":"2026-09-02T23:07:13+00:00","breadcrumb":{"@id":"https:\/\/gysfm.com.ar\/inicio\/caputo-respondio-a-las-criticas-de-los-industriales-me-toca-defender-los-intereses-de-48-millones-de-argentinos-no-de-algunos-empresarios\/#breadcrumb"},"inLanguage":"es","potentialAction":[{"@type":"ReadAction","target":["https:\/\/gysfm.com.ar\/inicio\/caputo-respondio-a-las-criticas-de-los-industriales-me-toca-defender-los-intereses-de-48-millones-de-argentinos-no-de-algunos-empresarios\/"]}]},{"@type":"ImageObject","inLanguage":"es","@id":"https:\/\/gysfm.com.ar\/inicio\/caputo-respondio-a-las-criticas-de-los-industriales-me-toca-defender-los-intereses-de-48-millones-de-argentinos-no-de-algunos-empresarios\/#primaryimage","url":"https:\/\/gysfm.com.ar\/inicio\/wp-content\/uploads\/2026\/09\/el-ministro-de-economia-luis-caputo-en-la-GHIJAPXYVBFDLHZOI5KIEEOFM4.jpg","contentUrl":"https:\/\/gysfm.com.ar\/inicio\/wp-content\/uploads\/2026\/09\/el-ministro-de-economia-luis-caputo-en-la-GHIJAPXYVBFDLHZOI5KIEEOFM4.jpg","width":1200,"height":800},{"@type":"BreadcrumbList","@id":"https:\/\/gysfm.com.ar\/inicio\/caputo-respondio-a-las-criticas-de-los-industriales-me-toca-defender-los-intereses-de-48-millones-de-argentinos-no-de-algunos-empresarios\/#breadcrumb","itemListElement":[{"@type":"ListItem","position":1,"name":"Portada","item":"https:\/\/gysfm.com.ar\/inicio\/"},{"@type":"ListItem","position":2,"name":"Caputo respondi\u00f3 a las cr\u00edticas de los industriales: \u201cMe toca defender los intereses de 48 millones de argentinos, no de algunos empresarios\u201d"}]},{"@type":"WebSite","@id":"https:\/\/gysfm.com.ar\/inicio\/#website","url":"https:\/\/gysfm.com.ar\/inicio\/","name":"GYS NOTICIAS |","description":"DIARIO - RADIO ONLINE SAN JUAN ARGENTINA","publisher":{"@id":"https:\/\/gysfm.com.ar\/inicio\/#organization"},"potentialAction":[{"@type":"SearchAction","target":{"@type":"EntryPoint","urlTemplate":"https:\/\/gysfm.com.ar\/inicio\/?s={search_term_string}"},"query-input":{"@type":"PropertyValueSpecification","valueRequired":true,"valueName":"search_term_string"}}],"inLanguage":"es"},{"@type":"Organization","@id":"https:\/\/gysfm.com.ar\/inicio\/#organization","name":"GYS NOTICIAS |","url":"https:\/\/gysfm.com.ar\/inicio\/","logo":{"@type":"ImageObject","inLanguage":"es","@id":"https:\/\/gysfm.com.ar\/inicio\/#\/schema\/logo\/image\/","url":"https:\/\/gysfm.com.ar\/inicio\/wp-content\/uploads\/2023\/07\/LOGOGYS-OK.png","contentUrl":"https:\/\/gysfm.com.ar\/inicio\/wp-content\/uploads\/2023\/07\/LOGOGYS-OK.png","width":1170,"height":872,"caption":"GYS NOTICIAS |"},"image":{"@id":"https:\/\/gysfm.com.ar\/inicio\/#\/schema\/logo\/image\/"}},{"@type":"Person","@id":"https:\/\/gysfm.com.ar\/inicio\/#\/schema\/person\/5bedd7ecd35cc35548d89effafa23696","name":"admin","image":{"@type":"ImageObject","inLanguage":"es","@id":"https:\/\/gysfm.com.ar\/inicio\/#\/schema\/person\/image\/","url":"https:\/\/secure.gravatar.com\/avatar\/c331d312b5243fb64d5ba28108a447b27c925295129a363082c9ea52c28d32c2?s=96&d=mm&r=g","contentUrl":"https:\/\/secure.gravatar.com\/avatar\/c331d312b5243fb64d5ba28108a447b27c925295129a363082c9ea52c28d32c2?s=96&d=mm&r=g","caption":"admin"},"sameAs":["https:\/\/gysfm.com.ar\/inicio"],"url":"https:\/\/gysfm.com.ar\/inicio\/author\/admin\/"}]}},"_links":{"self":[{"href":"https:\/\/gysfm.com.ar\/inicio\/wp-json\/wp\/v2\/posts\/210228","targetHints":{"allow":["GET"]}}],"collection":[{"href":"https:\/\/gysfm.com.ar\/inicio\/wp-json\/wp\/v2\/posts"}],"about":[{"href":"https:\/\/gysfm.com.ar\/inicio\/wp-json\/wp\/v2\/types\/post"}],"author":[{"embeddable":true,"href":"https:\/\/gysfm.com.ar\/inicio\/wp-json\/wp\/v2\/users\/1"}],"replies":[{"embeddable":true,"href":"https:\/\/gysfm.com.ar\/inicio\/wp-json\/wp\/v2\/comments?post=210228"}],"version-history":[{"count":1,"href":"https:\/\/gysfm.com.ar\/inicio\/wp-json\/wp\/v2\/posts\/210228\/revisions"}],"predecessor-version":[{"id":210230,"href":"https:\/\/gysfm.com.ar\/inicio\/wp-json\/wp\/v2\/posts\/210228\/revisions\/210230"}],"wp:featuredmedia":[{"embeddable":true,"href":"https:\/\/gysfm.com.ar\/inicio\/wp-json\/wp\/v2\/media\/210229"}],"wp:attachment":[{"href":"https:\/\/gysfm.com.ar\/inicio\/wp-json\/wp\/v2\/media?parent=210228"}],"wp:term":[{"taxonomy":"category","embeddable":true,"href":"https:\/\/gysfm.com.ar\/inicio\/wp-json\/wp\/v2\/categories?post=210228"},{"taxonomy":"post_tag","embeddable":true,"href":"https:\/\/gysfm.com.ar\/inicio\/wp-json\/wp\/v2\/tags?post=210228"}],"curies":[{"name":"wp","href":"https:\/\/api.w.org\/{rel}","templated":true}]}}