{"id":210209,"date":"2026-09-02T16:25:13","date_gmt":"2026-09-02T19:25:13","guid":{"rendered":"https:\/\/gysfm.com.ar\/inicio\/la-uia-advirtio-que-se-perdieron-90-000-empleos-industriales-desde-2023-y-pidio-respeto-para-los-que-producen\/"},"modified":"2026-09-02T16:25:13","modified_gmt":"2026-09-02T19:25:13","slug":"la-uia-advirtio-que-se-perdieron-90-000-empleos-industriales-desde-2023-y-pidio-respeto-para-los-que-producen","status":"publish","type":"post","link":"https:\/\/gysfm.com.ar\/inicio\/la-uia-advirtio-que-se-perdieron-90-000-empleos-industriales-desde-2023-y-pidio-respeto-para-los-que-producen\/","title":{"rendered":"La UIA advirti\u00f3 que se perdieron 90.000 empleos industriales desde 2023 y pidi\u00f3 respeto para los que producen"},"content":{"rendered":"<p> <br \/>\n<\/p>\n<div id=\"\">\n<p id=\"p-1788362311385-84839\">La <strong> Uni\u00f3n Industrial Argentina (UIA) <\/strong> realiz\u00f3 este mi\u00e9rcoles su tradicional evento de conmemoraci\u00f3n por el <strong>D\u00eda de la Industria<\/strong>, pero esta vez estuvo marcado por un contexto cr\u00edtico para el sector. En un acto que tuvo muy escasa presencia de funcionarios del Gobierno nacional, <strong>Mart\u00edn Rappallini<\/strong>, el titular de la entidad, <strong>pidi\u00f3 respeto para los que producen y alert\u00f3 sobre la ca\u00edda de la actividad y la destrucci\u00f3n de puestos de trabajo<\/strong>.<\/p>\n<\/div>\n<div id=\"\">\n<p id=\"p-1788362894019-39506\"><strong>\u201cDebemos dejar atr\u00e1s las descalificaciones y las agresiones <\/strong>hacia quienes producen. Podemos tener diferencias, incluso debatir qu\u00e9 pol\u00edticas necesita la Argentina, pero el <strong>respeto <\/strong>tiene que ser parte fundamental de nuestra convivencia democr\u00e1tica\u201d, dijo el Rappallini, en una indirecta alusi\u00f3n al presidente<strong> Javier Milei<\/strong>, que en reiteradas ocasiones insult\u00f3 a empresarios, y al ministro<strong> Luis Caputo<\/strong>, que trat\u00f3 de \u00abtarados\u00bb a los que proponen pol\u00edticas para favorecer a la industria.<\/p>\n<\/div>\n<div id=\"\">\n<p id=\"p-1788363683707-94626\"> La UIA llev\u00f3 a cabo esta ma\u00f1ana su celebraci\u00f3n del D\u00eda de la Industria en la planta de Laboratorio Elea, en Los Polvorines. El evento cont\u00f3 con la presencia de m\u00e1s de 200 representantes de todos los sectores industriales, pero cont\u00f3 con una muy escasa presencia de funcionarios nacionales. El Gobierno opt\u00f3 por vaciar de primeras figuras el encuentro y se limit\u00f3 a enviar al secretario de Coordinaci\u00f3n de la Producci\u00f3n, Pablo Lavigne.<\/p>\n<\/div>\n<div id=\"\">\n<p id=\"p-1788364154123-95804\">En un contexto en el que algunos sectores del empresariado industrial piden elevar el tono,<strong> el titular de la UIA propuso \u201cconstruir un puente\u201d<\/strong> <strong>para atravesar la transici\u00f3n econ\u00f3mica<\/strong> \u00abde la estabilizaci\u00f3n hacia el crecimiento\u00bb y habl\u00f3 de la necesidad de contar con instrumentos que permitan sostener la actividad sin comprometer el orden macroecon\u00f3mico. \u201cLa econom\u00eda no puede medirse solamente por la inflaci\u00f3n\u201d, dijo Rappallini.<\/p>\n<\/div>\n<div id=\"\">\n<p id=\"p-1788364329427-53190\">En ese sentido, dijo que ese puente implicar\u00eda \u00abreconstruir el cr\u00e9dito, acelerar la reducci\u00f3n del costo argentino, combatir la competencia desleal y el contrabando, garantizar el abastecimiento de la energ\u00eda a precios competitivos en todo el territorio nacional, facilitar la baja de la morosidad, generar la infraestructura necesaria para exportar y consolidar la modernizaci\u00f3n laboral\u00bb.<\/p>\n<\/div>\n<div id=\"\">\n<h2 id=\"p-1788364444484-60878\">D\u00eda de la Industria, con n\u00fameros en rojo<\/h2>\n<p id=\"p-1788364465452-36824\">Desde la entidad fabril advirtieron sobre el duro momento que atraviesa el sector y remarcaron que la combinaci\u00f3n de<strong> una actividad que no logra recuperarse y una mayor apertura comercial <\/strong>est\u00e1 generando una presi\u00f3n especialmente fuerte sobre la econom\u00eda real y, dentro de ella, sobre los sectores industriales transables que compiten con el mundo.<\/p>\n<p id=\"p-1788364544745-62941\">En ese sentido, la UIA destac\u00f3 que, en materia de actividad,<strong> la industria est\u00e1 10% por debajo de los niveles de 2022, con sectores que oscilan entre 25 y 30 puntos de ca\u00edda<\/strong>. Adem\u00e1s, desde agosto de 2023, <strong>se destruyeron 90.000 puestos de trabajo asalariados registrados en el sector fabril<\/strong>.<\/p>\n<p id=\"p-1788364699999-88287\">\u201cCuando abrimos la econom\u00eda, proceso necesario para la integraci\u00f3n, no ponemos al 100% de la econom\u00eda argentina a competir con el mundo\u201d, dijo Rappallini. Y continu\u00f3: \u201cPonemos a competir principalmente al 25% que produce bienes y servicios transables, es decir, aquellos que pueden importarse o exportarse. Dentro de ese sector est\u00e1 gran parte de nuestra industria. Por eso la competitividad internacional es la condici\u00f3n concreta bajo la cual producimos\u201d.<\/p>\n<p id=\"p-1788364741350-59240\">La UIA record\u00f3 que, en los \u00faltimos dos a\u00f1os, mientras los servicios aumentaron alrededor de 400% y el nivel general de precios cerca de 190%, los precios industriales crecieron tan solo 140%.<\/p>\n<h2 id=\"p-1788370705204-21051\">Mart\u00edn Rappallini: \u00abEspero que revean su actitud porque nosotros queremos dialogar\u00bb<\/h2>\n<p id=\"p-1788362994412-55948\">Tras la ceremonia,<strong> Mart\u00edn Rappallini, el titular del Comit\u00e9 Ejecutivo de la UIA<\/strong> charl\u00f3 unos minutos con periodistas. All\u00ed relativiz\u00f3 la falta de funcionarios del gobierno  de Javier Milei en el evento, aunque estuvieron Pablo Lavigne, el secretario de Coordinaci\u00f3n de Producci\u00f3n y el ministro de Salud, Mario Lugones, mas que nada porque el evento se llev\u00f3 a cabo en la planta de laboratorio Elea en Malvinas Argentinas.<\/p>\n<p id=\"p-1788371053532-46389\">\u00abDigamos qu<strong>e hay como una actitud del gobierno que espero revean porque nosotros queremos dialogar y encontrar soluciones. <\/strong>Por eso en mi discurso habl\u00e9 del puente. O sea, yo estoy convencido que hay que construir un puente para salir de este momento, no cambiando el rumbo, sino construyendo soluciones para poder sobrellevar este momento\u00bb, afirm\u00f3 el titular de la central fabril.<\/p>\n<p id=\"p-1788371276914-29376\">El empresario revel\u00f3 que hay un pedido de reuni\u00f3n con el ministro Luis Caputo, con quien ya se reunieron en dos ocasiones este a\u00f1o, en las que le hicieron una serie de planteos sectoriales. El titular <strong>del Palacio de Hacienda les hab\u00eda prometido en esos encuentros de este a\u00f1o que a esta altura la actividad econ\u00f3mica iba a estar en fuerte recuperaci\u00f3n, <\/strong>y que en un contexto de baja de inflaci\u00f3n, tasas de inter\u00e9s y aumento del consumo iban a poder conseguir financiamiento de parte de los bancos<strong>. Les sugiri\u00f3 tomar deuda en los bancos para pagarle a ARCA<\/strong>. A pesar de ello el organismo recaudador present\u00f3 en julio un plan de pagos pero con un costo financiero considerado excesivo, del 2,75% mensual contra una inflaci\u00f3n que se ubica abajo del 2%.<\/p>\n<\/p><\/div>\n<p><script>\n!function(f,b,e,v,n,t,s)\n{if(f.fbq)return;n=f.fbq=function(){n.callMethod?\nn.callMethod.apply(n,arguments):n.queue.push(arguments)};\nif(!f._fbq)f._fbq=n;n.push=n;n.loaded=!0;n.version='2.0';\nn.queue=[];t=b.createElement(e);t.async=!0;\nt.src=v;s=b.getElementsByTagName(e)[0];\ns.parentNode.insertBefore(t,s)}(window,document,'script',\n'https:\/\/connect.facebook.net\/en_US\/fbevents.js');\nfbq('init', '2047048335588113');\nfbq('track', 'PageView');\n<\/script><br \/>\n<br \/><\/p>\n","protected":false},"excerpt":{"rendered":"<p>La Uni\u00f3n Industrial Argentina (UIA) realiz\u00f3 este mi\u00e9rcoles su tradicional evento de conmemoraci\u00f3n por el D\u00eda de la Industria, pero esta vez estuvo marcado por un contexto cr\u00edtico para el sector. En un acto que tuvo muy escasa presencia de funcionarios del Gobierno nacional, Mart\u00edn Rappallini, el titular de la entidad, pidi\u00f3 respeto para los [&hellip;]<\/p>\n","protected":false},"author":1,"featured_media":210210,"comment_status":"closed","ping_status":"closed","sticky":false,"template":"","format":"standard","meta":{"footnotes":""},"categories":[28],"tags":[],"class_list":["post-210209","post","type-post","status-publish","format-standard","has-post-thumbnail","hentry","category-economia"],"yoast_head":"<!-- This site is optimized with the Yoast SEO plugin v24.4 - https:\/\/yoast.com\/wordpress\/plugins\/seo\/ -->\n<title>La UIA advirti\u00f3 que se perdieron 90.000 empleos industriales desde 2023 y pidi\u00f3 respeto para los que producen - GYS NOTICIAS |<\/title>\n<meta name=\"robots\" content=\"index, follow, max-snippet:-1, max-image-preview:large, max-video-preview:-1\" \/>\n<link rel=\"canonical\" href=\"https:\/\/gysfm.com.ar\/inicio\/la-uia-advirtio-que-se-perdieron-90-000-empleos-industriales-desde-2023-y-pidio-respeto-para-los-que-producen\/\" \/>\n<meta property=\"og:locale\" content=\"es_ES\" \/>\n<meta property=\"og:type\" content=\"article\" \/>\n<meta property=\"og:title\" content=\"La UIA advirti\u00f3 que se perdieron 90.000 empleos industriales desde 2023 y pidi\u00f3 respeto para los que producen - GYS NOTICIAS |\" \/>\n<meta property=\"og:description\" content=\"La Uni\u00f3n Industrial Argentina (UIA) realiz\u00f3 este mi\u00e9rcoles su tradicional evento de conmemoraci\u00f3n por el D\u00eda de la Industria, pero esta vez estuvo marcado por un contexto cr\u00edtico para el sector. En un acto que tuvo muy escasa presencia de funcionarios del Gobierno nacional, Mart\u00edn Rappallini, el titular de la entidad, pidi\u00f3 respeto para los [&hellip;]\" \/>\n<meta property=\"og:url\" content=\"https:\/\/gysfm.com.ar\/inicio\/la-uia-advirtio-que-se-perdieron-90-000-empleos-industriales-desde-2023-y-pidio-respeto-para-los-que-producen\/\" \/>\n<meta property=\"og:site_name\" content=\"GYS NOTICIAS |\" \/>\n<meta property=\"article:published_time\" content=\"2026-09-02T19:25:13+00:00\" \/>\n<meta name=\"author\" content=\"admin\" \/>\n<meta name=\"twitter:card\" content=\"summary_large_image\" \/>\n<meta name=\"twitter:label1\" content=\"Escrito por\" \/>\n\t<meta name=\"twitter:data1\" content=\"admin\" \/>\n\t<meta name=\"twitter:label2\" content=\"Tiempo de lectura\" \/>\n\t<meta name=\"twitter:data2\" content=\"4 minutos\" \/>\n<script type=\"application\/ld+json\" class=\"yoast-schema-graph\">{\"@context\":\"https:\/\/schema.org\",\"@graph\":[{\"@type\":\"Article\",\"@id\":\"https:\/\/gysfm.com.ar\/inicio\/la-uia-advirtio-que-se-perdieron-90-000-empleos-industriales-desde-2023-y-pidio-respeto-para-los-que-producen\/#article\",\"isPartOf\":{\"@id\":\"https:\/\/gysfm.com.ar\/inicio\/la-uia-advirtio-que-se-perdieron-90-000-empleos-industriales-desde-2023-y-pidio-respeto-para-los-que-producen\/\"},\"author\":{\"name\":\"admin\",\"@id\":\"https:\/\/gysfm.com.ar\/inicio\/#\/schema\/person\/5bedd7ecd35cc35548d89effafa23696\"},\"headline\":\"La UIA advirti\u00f3 que se perdieron 90.000 empleos industriales desde 2023 y pidi\u00f3 respeto para los que producen\",\"datePublished\":\"2026-09-02T19:25:13+00:00\",\"mainEntityOfPage\":{\"@id\":\"https:\/\/gysfm.com.ar\/inicio\/la-uia-advirtio-que-se-perdieron-90-000-empleos-industriales-desde-2023-y-pidio-respeto-para-los-que-producen\/\"},\"wordCount\":879,\"publisher\":{\"@id\":\"https:\/\/gysfm.com.ar\/inicio\/#organization\"},\"image\":{\"@id\":\"https:\/\/gysfm.com.ar\/inicio\/la-uia-advirtio-que-se-perdieron-90-000-empleos-industriales-desde-2023-y-pidio-respeto-para-los-que-producen\/#primaryimage\"},\"thumbnailUrl\":\"https:\/\/gysfm.com.ar\/inicio\/wp-content\/uploads\/2026\/09\/dia-la-industria-ok.jpg\",\"articleSection\":[\"ECONOMIA\"],\"inLanguage\":\"es\"},{\"@type\":\"WebPage\",\"@id\":\"https:\/\/gysfm.com.ar\/inicio\/la-uia-advirtio-que-se-perdieron-90-000-empleos-industriales-desde-2023-y-pidio-respeto-para-los-que-producen\/\",\"url\":\"https:\/\/gysfm.com.ar\/inicio\/la-uia-advirtio-que-se-perdieron-90-000-empleos-industriales-desde-2023-y-pidio-respeto-para-los-que-producen\/\",\"name\":\"La UIA advirti\u00f3 que se perdieron 90.000 empleos industriales desde 2023 y pidi\u00f3 respeto para los que producen - GYS NOTICIAS |\",\"isPartOf\":{\"@id\":\"https:\/\/gysfm.com.ar\/inicio\/#website\"},\"primaryImageOfPage\":{\"@id\":\"https:\/\/gysfm.com.ar\/inicio\/la-uia-advirtio-que-se-perdieron-90-000-empleos-industriales-desde-2023-y-pidio-respeto-para-los-que-producen\/#primaryimage\"},\"image\":{\"@id\":\"https:\/\/gysfm.com.ar\/inicio\/la-uia-advirtio-que-se-perdieron-90-000-empleos-industriales-desde-2023-y-pidio-respeto-para-los-que-producen\/#primaryimage\"},\"thumbnailUrl\":\"https:\/\/gysfm.com.ar\/inicio\/wp-content\/uploads\/2026\/09\/dia-la-industria-ok.jpg\",\"datePublished\":\"2026-09-02T19:25:13+00:00\",\"breadcrumb\":{\"@id\":\"https:\/\/gysfm.com.ar\/inicio\/la-uia-advirtio-que-se-perdieron-90-000-empleos-industriales-desde-2023-y-pidio-respeto-para-los-que-producen\/#breadcrumb\"},\"inLanguage\":\"es\",\"potentialAction\":[{\"@type\":\"ReadAction\",\"target\":[\"https:\/\/gysfm.com.ar\/inicio\/la-uia-advirtio-que-se-perdieron-90-000-empleos-industriales-desde-2023-y-pidio-respeto-para-los-que-producen\/\"]}]},{\"@type\":\"ImageObject\",\"inLanguage\":\"es\",\"@id\":\"https:\/\/gysfm.com.ar\/inicio\/la-uia-advirtio-que-se-perdieron-90-000-empleos-industriales-desde-2023-y-pidio-respeto-para-los-que-producen\/#primaryimage\",\"url\":\"https:\/\/gysfm.com.ar\/inicio\/wp-content\/uploads\/2026\/09\/dia-la-industria-ok.jpg\",\"contentUrl\":\"https:\/\/gysfm.com.ar\/inicio\/wp-content\/uploads\/2026\/09\/dia-la-industria-ok.jpg\",\"width\":1200,\"height\":675},{\"@type\":\"BreadcrumbList\",\"@id\":\"https:\/\/gysfm.com.ar\/inicio\/la-uia-advirtio-que-se-perdieron-90-000-empleos-industriales-desde-2023-y-pidio-respeto-para-los-que-producen\/#breadcrumb\",\"itemListElement\":[{\"@type\":\"ListItem\",\"position\":1,\"name\":\"Portada\",\"item\":\"https:\/\/gysfm.com.ar\/inicio\/\"},{\"@type\":\"ListItem\",\"position\":2,\"name\":\"La UIA advirti\u00f3 que se perdieron 90.000 empleos industriales desde 2023 y pidi\u00f3 respeto para los que producen\"}]},{\"@type\":\"WebSite\",\"@id\":\"https:\/\/gysfm.com.ar\/inicio\/#website\",\"url\":\"https:\/\/gysfm.com.ar\/inicio\/\",\"name\":\"GYS NOTICIAS |\",\"description\":\"DIARIO - RADIO ONLINE SAN JUAN ARGENTINA\",\"publisher\":{\"@id\":\"https:\/\/gysfm.com.ar\/inicio\/#organization\"},\"potentialAction\":[{\"@type\":\"SearchAction\",\"target\":{\"@type\":\"EntryPoint\",\"urlTemplate\":\"https:\/\/gysfm.com.ar\/inicio\/?s={search_term_string}\"},\"query-input\":{\"@type\":\"PropertyValueSpecification\",\"valueRequired\":true,\"valueName\":\"search_term_string\"}}],\"inLanguage\":\"es\"},{\"@type\":\"Organization\",\"@id\":\"https:\/\/gysfm.com.ar\/inicio\/#organization\",\"name\":\"GYS NOTICIAS |\",\"url\":\"https:\/\/gysfm.com.ar\/inicio\/\",\"logo\":{\"@type\":\"ImageObject\",\"inLanguage\":\"es\",\"@id\":\"https:\/\/gysfm.com.ar\/inicio\/#\/schema\/logo\/image\/\",\"url\":\"https:\/\/gysfm.com.ar\/inicio\/wp-content\/uploads\/2023\/07\/LOGOGYS-OK.png\",\"contentUrl\":\"https:\/\/gysfm.com.ar\/inicio\/wp-content\/uploads\/2023\/07\/LOGOGYS-OK.png\",\"width\":1170,\"height\":872,\"caption\":\"GYS NOTICIAS |\"},\"image\":{\"@id\":\"https:\/\/gysfm.com.ar\/inicio\/#\/schema\/logo\/image\/\"}},{\"@type\":\"Person\",\"@id\":\"https:\/\/gysfm.com.ar\/inicio\/#\/schema\/person\/5bedd7ecd35cc35548d89effafa23696\",\"name\":\"admin\",\"image\":{\"@type\":\"ImageObject\",\"inLanguage\":\"es\",\"@id\":\"https:\/\/gysfm.com.ar\/inicio\/#\/schema\/person\/image\/\",\"url\":\"https:\/\/secure.gravatar.com\/avatar\/c331d312b5243fb64d5ba28108a447b27c925295129a363082c9ea52c28d32c2?s=96&d=mm&r=g\",\"contentUrl\":\"https:\/\/secure.gravatar.com\/avatar\/c331d312b5243fb64d5ba28108a447b27c925295129a363082c9ea52c28d32c2?s=96&d=mm&r=g\",\"caption\":\"admin\"},\"sameAs\":[\"https:\/\/gysfm.com.ar\/inicio\"],\"url\":\"https:\/\/gysfm.com.ar\/inicio\/author\/admin\/\"}]}<\/script>\n<!-- \/ Yoast SEO plugin. -->","yoast_head_json":{"title":"La UIA advirti\u00f3 que se perdieron 90.000 empleos industriales desde 2023 y pidi\u00f3 respeto para los que producen - GYS NOTICIAS |","robots":{"index":"index","follow":"follow","max-snippet":"max-snippet:-1","max-image-preview":"max-image-preview:large","max-video-preview":"max-video-preview:-1"},"canonical":"https:\/\/gysfm.com.ar\/inicio\/la-uia-advirtio-que-se-perdieron-90-000-empleos-industriales-desde-2023-y-pidio-respeto-para-los-que-producen\/","og_locale":"es_ES","og_type":"article","og_title":"La UIA advirti\u00f3 que se perdieron 90.000 empleos industriales desde 2023 y pidi\u00f3 respeto para los que producen - GYS NOTICIAS |","og_description":"La Uni\u00f3n Industrial Argentina (UIA) realiz\u00f3 este mi\u00e9rcoles su tradicional evento de conmemoraci\u00f3n por el D\u00eda de la Industria, pero esta vez estuvo marcado por un contexto cr\u00edtico para el sector. En un acto que tuvo muy escasa presencia de funcionarios del Gobierno nacional, Mart\u00edn Rappallini, el titular de la entidad, pidi\u00f3 respeto para los [&hellip;]","og_url":"https:\/\/gysfm.com.ar\/inicio\/la-uia-advirtio-que-se-perdieron-90-000-empleos-industriales-desde-2023-y-pidio-respeto-para-los-que-producen\/","og_site_name":"GYS NOTICIAS |","article_published_time":"2026-09-02T19:25:13+00:00","author":"admin","twitter_card":"summary_large_image","twitter_misc":{"Escrito por":"admin","Tiempo de lectura":"4 minutos"},"schema":{"@context":"https:\/\/schema.org","@graph":[{"@type":"Article","@id":"https:\/\/gysfm.com.ar\/inicio\/la-uia-advirtio-que-se-perdieron-90-000-empleos-industriales-desde-2023-y-pidio-respeto-para-los-que-producen\/#article","isPartOf":{"@id":"https:\/\/gysfm.com.ar\/inicio\/la-uia-advirtio-que-se-perdieron-90-000-empleos-industriales-desde-2023-y-pidio-respeto-para-los-que-producen\/"},"author":{"name":"admin","@id":"https:\/\/gysfm.com.ar\/inicio\/#\/schema\/person\/5bedd7ecd35cc35548d89effafa23696"},"headline":"La UIA advirti\u00f3 que se perdieron 90.000 empleos industriales desde 2023 y pidi\u00f3 respeto para los que producen","datePublished":"2026-09-02T19:25:13+00:00","mainEntityOfPage":{"@id":"https:\/\/gysfm.com.ar\/inicio\/la-uia-advirtio-que-se-perdieron-90-000-empleos-industriales-desde-2023-y-pidio-respeto-para-los-que-producen\/"},"wordCount":879,"publisher":{"@id":"https:\/\/gysfm.com.ar\/inicio\/#organization"},"image":{"@id":"https:\/\/gysfm.com.ar\/inicio\/la-uia-advirtio-que-se-perdieron-90-000-empleos-industriales-desde-2023-y-pidio-respeto-para-los-que-producen\/#primaryimage"},"thumbnailUrl":"https:\/\/gysfm.com.ar\/inicio\/wp-content\/uploads\/2026\/09\/dia-la-industria-ok.jpg","articleSection":["ECONOMIA"],"inLanguage":"es"},{"@type":"WebPage","@id":"https:\/\/gysfm.com.ar\/inicio\/la-uia-advirtio-que-se-perdieron-90-000-empleos-industriales-desde-2023-y-pidio-respeto-para-los-que-producen\/","url":"https:\/\/gysfm.com.ar\/inicio\/la-uia-advirtio-que-se-perdieron-90-000-empleos-industriales-desde-2023-y-pidio-respeto-para-los-que-producen\/","name":"La UIA advirti\u00f3 que se perdieron 90.000 empleos industriales desde 2023 y pidi\u00f3 respeto para los que producen - GYS NOTICIAS |","isPartOf":{"@id":"https:\/\/gysfm.com.ar\/inicio\/#website"},"primaryImageOfPage":{"@id":"https:\/\/gysfm.com.ar\/inicio\/la-uia-advirtio-que-se-perdieron-90-000-empleos-industriales-desde-2023-y-pidio-respeto-para-los-que-producen\/#primaryimage"},"image":{"@id":"https:\/\/gysfm.com.ar\/inicio\/la-uia-advirtio-que-se-perdieron-90-000-empleos-industriales-desde-2023-y-pidio-respeto-para-los-que-producen\/#primaryimage"},"thumbnailUrl":"https:\/\/gysfm.com.ar\/inicio\/wp-content\/uploads\/2026\/09\/dia-la-industria-ok.jpg","datePublished":"2026-09-02T19:25:13+00:00","breadcrumb":{"@id":"https:\/\/gysfm.com.ar\/inicio\/la-uia-advirtio-que-se-perdieron-90-000-empleos-industriales-desde-2023-y-pidio-respeto-para-los-que-producen\/#breadcrumb"},"inLanguage":"es","potentialAction":[{"@type":"ReadAction","target":["https:\/\/gysfm.com.ar\/inicio\/la-uia-advirtio-que-se-perdieron-90-000-empleos-industriales-desde-2023-y-pidio-respeto-para-los-que-producen\/"]}]},{"@type":"ImageObject","inLanguage":"es","@id":"https:\/\/gysfm.com.ar\/inicio\/la-uia-advirtio-que-se-perdieron-90-000-empleos-industriales-desde-2023-y-pidio-respeto-para-los-que-producen\/#primaryimage","url":"https:\/\/gysfm.com.ar\/inicio\/wp-content\/uploads\/2026\/09\/dia-la-industria-ok.jpg","contentUrl":"https:\/\/gysfm.com.ar\/inicio\/wp-content\/uploads\/2026\/09\/dia-la-industria-ok.jpg","width":1200,"height":675},{"@type":"BreadcrumbList","@id":"https:\/\/gysfm.com.ar\/inicio\/la-uia-advirtio-que-se-perdieron-90-000-empleos-industriales-desde-2023-y-pidio-respeto-para-los-que-producen\/#breadcrumb","itemListElement":[{"@type":"ListItem","position":1,"name":"Portada","item":"https:\/\/gysfm.com.ar\/inicio\/"},{"@type":"ListItem","position":2,"name":"La UIA advirti\u00f3 que se perdieron 90.000 empleos industriales desde 2023 y pidi\u00f3 respeto para los que producen"}]},{"@type":"WebSite","@id":"https:\/\/gysfm.com.ar\/inicio\/#website","url":"https:\/\/gysfm.com.ar\/inicio\/","name":"GYS NOTICIAS |","description":"DIARIO - RADIO ONLINE SAN JUAN ARGENTINA","publisher":{"@id":"https:\/\/gysfm.com.ar\/inicio\/#organization"},"potentialAction":[{"@type":"SearchAction","target":{"@type":"EntryPoint","urlTemplate":"https:\/\/gysfm.com.ar\/inicio\/?s={search_term_string}"},"query-input":{"@type":"PropertyValueSpecification","valueRequired":true,"valueName":"search_term_string"}}],"inLanguage":"es"},{"@type":"Organization","@id":"https:\/\/gysfm.com.ar\/inicio\/#organization","name":"GYS NOTICIAS |","url":"https:\/\/gysfm.com.ar\/inicio\/","logo":{"@type":"ImageObject","inLanguage":"es","@id":"https:\/\/gysfm.com.ar\/inicio\/#\/schema\/logo\/image\/","url":"https:\/\/gysfm.com.ar\/inicio\/wp-content\/uploads\/2023\/07\/LOGOGYS-OK.png","contentUrl":"https:\/\/gysfm.com.ar\/inicio\/wp-content\/uploads\/2023\/07\/LOGOGYS-OK.png","width":1170,"height":872,"caption":"GYS NOTICIAS |"},"image":{"@id":"https:\/\/gysfm.com.ar\/inicio\/#\/schema\/logo\/image\/"}},{"@type":"Person","@id":"https:\/\/gysfm.com.ar\/inicio\/#\/schema\/person\/5bedd7ecd35cc35548d89effafa23696","name":"admin","image":{"@type":"ImageObject","inLanguage":"es","@id":"https:\/\/gysfm.com.ar\/inicio\/#\/schema\/person\/image\/","url":"https:\/\/secure.gravatar.com\/avatar\/c331d312b5243fb64d5ba28108a447b27c925295129a363082c9ea52c28d32c2?s=96&d=mm&r=g","contentUrl":"https:\/\/secure.gravatar.com\/avatar\/c331d312b5243fb64d5ba28108a447b27c925295129a363082c9ea52c28d32c2?s=96&d=mm&r=g","caption":"admin"},"sameAs":["https:\/\/gysfm.com.ar\/inicio"],"url":"https:\/\/gysfm.com.ar\/inicio\/author\/admin\/"}]}},"_links":{"self":[{"href":"https:\/\/gysfm.com.ar\/inicio\/wp-json\/wp\/v2\/posts\/210209","targetHints":{"allow":["GET"]}}],"collection":[{"href":"https:\/\/gysfm.com.ar\/inicio\/wp-json\/wp\/v2\/posts"}],"about":[{"href":"https:\/\/gysfm.com.ar\/inicio\/wp-json\/wp\/v2\/types\/post"}],"author":[{"embeddable":true,"href":"https:\/\/gysfm.com.ar\/inicio\/wp-json\/wp\/v2\/users\/1"}],"replies":[{"embeddable":true,"href":"https:\/\/gysfm.com.ar\/inicio\/wp-json\/wp\/v2\/comments?post=210209"}],"version-history":[{"count":0,"href":"https:\/\/gysfm.com.ar\/inicio\/wp-json\/wp\/v2\/posts\/210209\/revisions"}],"wp:featuredmedia":[{"embeddable":true,"href":"https:\/\/gysfm.com.ar\/inicio\/wp-json\/wp\/v2\/media\/210210"}],"wp:attachment":[{"href":"https:\/\/gysfm.com.ar\/inicio\/wp-json\/wp\/v2\/media?parent=210209"}],"wp:term":[{"taxonomy":"category","embeddable":true,"href":"https:\/\/gysfm.com.ar\/inicio\/wp-json\/wp\/v2\/categories?post=210209"},{"taxonomy":"post_tag","embeddable":true,"href":"https:\/\/gysfm.com.ar\/inicio\/wp-json\/wp\/v2\/tags?post=210209"}],"curies":[{"name":"wp","href":"https:\/\/api.w.org\/{rel}","templated":true}]}}