{"id":210203,"date":"2026-09-02T16:00:06","date_gmt":"2026-09-02T19:00:06","guid":{"rendered":"https:\/\/gysfm.com.ar\/inicio\/estados-unidos-irrita-a-los-ministros-del-g20-al-reincorporar-a-rusia-y-excluir-a-periodistas\/"},"modified":"2026-09-02T16:00:08","modified_gmt":"2026-09-02T19:00:08","slug":"estados-unidos-irrita-a-los-ministros-del-g20-al-reincorporar-a-rusia-y-excluir-a-periodistas","status":"publish","type":"post","link":"https:\/\/gysfm.com.ar\/inicio\/estados-unidos-irrita-a-los-ministros-del-g20-al-reincorporar-a-rusia-y-excluir-a-periodistas\/","title":{"rendered":"Estados Unidos irrita a los ministros del G20 al reincorporar a Rusia y excluir a periodistas"},"content":{"rendered":"<p> <br \/>\n<\/p>\n<div>\n<p class=\"com-paragraph --capital --s\">ASHEVILLE, Carolina del Norte.\u2013 La decisi\u00f3n de Estados Unidos <a href=\"https:\/\/www.lanacion.com.ar\/el-mundo\/en-un-desafio-a-occidente-xi-y-putin-exhiben-su-alianza-y-reunen-en-asia-a-lideres-enfrentados-con-nid31082026\/\" target=\"_self\" title=\"https:\/\/www.lanacion.com.ar\/el-mundo\/en-un-desafio-a-occidente-xi-y-putin-exhiben-su-alianza-y-reunen-en-asia-a-lideres-enfrentados-con-nid31082026\/\" class=\"com-link break-word\" data-mrf-recirculation=\"n_link_parrafo\"><strong>de volver a invitar a Rusia<\/strong><\/a><strong> a una reuni\u00f3n de los pa\u00edses del G20 este lunes<\/strong>, mientras<strong> imped\u00eda el acceso de algunos periodistas<\/strong> al encuentro, gener\u00f3 malestar entre algunos de los l\u00edderes financieros presentes y desvi\u00f3 la atenci\u00f3n de su intento de centrar las conversaciones en el crecimiento econ\u00f3mico mundial.<\/p>\n<p class=\"com-paragraph --s\">La reuni\u00f3n de dos d\u00edas en Asheville, Carolina del Norte, <strong>se celebra mientras la econom\u00eda global se ve sacudida <\/strong>por un shock energ\u00e9tico provocado por la <a href=\"https:\/\/www.lanacion.com.ar\/el-mundo\/iran-ataco-objetivos-de-eeuu-por-primera-vez-en-un-mes-y-trump-prometio-una-respuesta-feroz-nid31082026\/\" target=\"_self\" title=\"https:\/\/www.lanacion.com.ar\/el-mundo\/iran-ataco-objetivos-de-eeuu-por-primera-vez-en-un-mes-y-trump-prometio-una-respuesta-feroz-nid31082026\/\" class=\"com-link break-word\" data-mrf-recirculation=\"n_link_parrafo\">guerra en Medio Oriente<\/a>, enfrenta crecientes tensiones por el enorme super\u00e1vit comercial de bienes de China y se prepara para las consecuencias que tendr\u00e1, en \u00faltima instancia, <strong>el auge de las inversiones en inteligencia artificial<\/strong>.<\/p>\n<div class=\"content-media\">\n<section role=\"button\" class=\"mod-media   \">\n<figure role=\"button\" tabindex=\"0\" class=\"mod-figure \"><figcaption class=\"mod-figcaption\"><span class=\"com-text --caption --twoxs\">Bessent y otros altos funcionarios norteamericanos participan en una sesi\u00f3n plenaria durante la reuni\u00f3n de ministros de Finanzas del G20 en Asheville, Carolina del Norte<\/span><span class=\"com-text --credit --twoxs\">Gerald Herbert &#8211; AP<\/span><\/figcaption><\/figure>\n<\/section>\n<\/div>\n<p class=\"com-paragraph --s\">Cuando el secretario del Tesoro de Estados Unidos, <strong>Scott Bessent<\/strong>, inaugur\u00f3 la reuni\u00f3n, algunos ministros <strong>se mostraron sorprendidos y consternados al ver al ministro de Finanzas ruso, Anton Siluanov<\/strong>, sentado en la mesa del G20. Era la primera vez que participaban presencialmente en el foro desde que Rusia invadi\u00f3 Ucrania en 2022.<\/p>\n<p class=\"com-paragraph --s\">El ministro de Finanzas de Polonia, <strong>Andrzej Domanski<\/strong>, dijo a Reuters que <strong>no estaba de acuerdo con la presencia de Rusia<\/strong>, aunque reconoci\u00f3 el derecho de los pa\u00edses anfitriones del G20 a invitar a otros participantes.<\/p>\n<p class=\"com-paragraph --s\"><strong>\u201cNo confiamos en Rusia. Mienten constantemente y hay que ser muy, muy cautelosos al hablar con ellos\u201d<\/strong>, dijo a Reuters en una entrevista, y remarc\u00f3 que Rusia fue el agresor en el conflicto con <strong>Ucrania<\/strong>.<\/p>\n<div class=\"content-media\">\n<section role=\"button\" class=\"mod-media   \">\n<figure role=\"button\" tabindex=\"0\" class=\"mod-figure \"><figcaption class=\"mod-figcaption\"><span class=\"com-text --caption --twoxs\">L\u00edderes financieros de todo el mundo participan en una sesi\u00f3n plenaria durante las reuniones financieras del G20 de 2026, en Asheville, Carolina del Norte<\/span><span class=\"com-text --credit --twoxs\">MELISSA SUE GERRITS &#8211; GETTY IMAGES NORTH AMERICA<\/span><\/figcaption><\/figure>\n<\/section>\n<\/div>\n<p class=\"com-paragraph --s\"><strong>\u201cPor eso, para m\u00ed ser\u00eda muy dif\u00edcil mantener cualquier tipo de conversaci\u00f3n con Rusia\u201d<\/strong>, agreg\u00f3.<\/p>\n<p class=\"com-paragraph --s\">Siluanov tambi\u00e9n mantuvo una reuni\u00f3n bilateral con Bessent en la que abordaron la cooperaci\u00f3n financiera en el marco del G20, inform\u00f3 el Ministerio de Finanzas ruso. Un funcionario estadounidense dijo que <strong>el foco de ese encuentro estuvo puesto en el plan de paz del presidente Donald Trump para Ucrania<\/strong>. Una fuente familiarizada con las conversaciones se\u00f1al\u00f3 que Bessent le dijo a Siluanov que no ser\u00eda posible otorgar ning\u00fan alivio econ\u00f3mico a Rusia ni alcanzar acuerdos sobre otros asuntos hasta que termine la guerra.<\/p>\n<p class=\"com-paragraph --s\">El ministro de Finanzas alem\u00e1n, <strong>Lars Klingbeil<\/strong>, dijo que Europa estaba preparando un nuevo paquete de sanciones contra Rusia, pero que la presencia de Siluanov en la reuni\u00f3n de Asheville enviaba <strong>una se\u00f1al \u201cbastante preocupante\u201d sobre la cooperaci\u00f3n de Estados Unidos <\/strong>con ese esfuerzo.<\/p>\n<div class=\"content-media\">\n<section role=\"button\" class=\"mod-media   \">\n<figure role=\"button\" tabindex=\"0\" class=\"mod-figure \"><figcaption class=\"mod-figcaption\"><span class=\"com-text --caption --twoxs\">Lars Klingbeil, ministro de Finanzas de Alemania, habla durante una conferencia de prensa en el marco de la reuni\u00f3n de ministros de Finanzas del G20 en Asheville, Carolina del Norte<\/span><span class=\"com-text --credit --twoxs\">Bernd von Jutrczenka &#8211; dpa DPA<\/span><\/figcaption><\/figure>\n<\/section>\n<\/div>\n<p class=\"com-paragraph --s\">\u201c<strong>Hubiera querido una mayor claridad por parte de Estados Unidos <\/strong>de que \u00e9l no deb\u00eda ser recibido aqu\u00ed como un invitado normal\u201d, dijo Klingbeil.<\/p>\n<p class=\"com-paragraph --s\">Funcionarios europeos tambi\u00e9n dijeron que <strong>se opon\u00edan a aparecer en la tradicional \u201cfoto de familia\u201d de los ministros de Finanzas <\/strong>y gobernadores de bancos centrales del G20. Finalmente, la fotograf\u00eda se tom\u00f3 sin la presencia de Siluanov.<\/p>\n<p class=\"com-paragraph --s\">Su presencia marca un fuerte contraste con abril de 2022, cuando incluso su participaci\u00f3n virtual en una reuni\u00f3n del G20 en Washington provoc\u00f3 una amplia condena a la invasi\u00f3n rusa de Ucrania y motiv\u00f3 que funcionarios de <strong>Estados Unidos<\/strong>, <strong>Reino Unido<\/strong>, <strong>Canad\u00e1 <\/strong>y el <strong>Banco Central Europeo <\/strong>abandonaran el encuentro.<\/p>\n<p><h2 class=\"font-primary font-w-bold text-subheading-lg text-left container-center-100 mb-8\"><span>Foco en el crecimiento<\/span><\/h2>\n<\/p>\n<p class=\"com-paragraph --s\">Bessent dijo a los periodistas que un mayor crecimiento econ\u00f3mico era la mejor salida al sobreendeudamiento acumulado desde la crisis financiera mundial de 2008 y la pandemia de COVID-19.<\/p>\n<p class=\"com-paragraph --s\"><strong>La deuda mundial alcanz\u00f3 a comienzos de este a\u00f1o un r\u00e9cord de casi 353 billones de d\u00f3lares<\/strong>, lo que gener\u00f3 preocupaci\u00f3n por la estabilidad financiera y llev\u00f3 a algunos inversores a reevaluar incluso activos considerados tradicionalmente refugios seguros, como los bonos del Tesoro estadounidense.<\/p>\n<p class=\"com-paragraph --s\">\u201cEl mundo est\u00e1 inundado de deuda despu\u00e9s de la crisis financiera global y del COVID, <strong>y la \u00fanica manera de salir de esto es creciendo<\/strong>\u201d, dijo el secretario del Tesoro estadounidense, <strong>Scott Bessent<\/strong>, al comienzo de la reuni\u00f3n, en referencia a la crisis financiera mundial de 2007-2009.<\/p>\n<p class=\"com-paragraph --s\">\u201cEstoy seguro de que muchos de los l\u00edderes son muy receptivos a esta idea\u201d, agreg\u00f3.<\/p>\n<div class=\"content-media\">\n<section role=\"button\" class=\"mod-media   \">\n<figure role=\"button\" tabindex=\"0\" class=\"mod-figure \"><figcaption class=\"mod-figcaption\"><span class=\"com-text --caption --twoxs\">El secretario del Tesoro de Estados Unidos, Scott Bessent, habla con la prensa durante las reuniones financieras del G20 de 2026, en Asheville, Carolina del Norte<\/span><span class=\"com-text --credit --twoxs\">MELISSA SUE GERRITS &#8211; GETTY IMAGES NORTH AMERICA<\/span><\/figcaption><\/figure>\n<\/section>\n<\/div>\n<p class=\"com-paragraph --s\">El Tesoro tambi\u00e9n tom\u00f3 la inusual decisi\u00f3n <strong>de invitar a destacadas figuras del sector privado a participar en algunas de las sesiones <\/strong>del G20 sobre la promoci\u00f3n de un mayor crecimiento, en l\u00ednea con la visi\u00f3n del gobierno de Trump de que el crecimiento se impulsa mejor mediante la desregulaci\u00f3n, una mayor producci\u00f3n de energ\u00eda y el fomento de la innovaci\u00f3n.<\/p>\n<p class=\"com-paragraph --s\">Bessent dijo durante una de las sesiones que el crecimiento mundial hab\u00eda estado por debajo de su potencial durante demasiado tiempo y que las causas ya no pod\u00edan atribuirse a <strong>\u201cfallas de pol\u00edtica creadas por nosotros mismos\u201d<\/strong>.<\/p>\n<p class=\"com-paragraph --s\">Se\u00f1al\u00f3 que el Tesoro estadounidense <strong>hab\u00eda identificado varios obst\u00e1culos al crecimiento sobre los que los pa\u00edses del G20 deb\u00edan trabajar<\/strong>, entre ellos \u201ccargas regulatorias y administrativas excesivas, incentivos financieros y sistemas tributarios mal dise\u00f1ados, inversiones p\u00fablicas y privadas insuficientes, fragmentaci\u00f3n de los mercados internos y brechas en las capacidades y la movilidad de la fuerza laboral\u201d.<\/p>\n<p><h2 class=\"font-primary font-w-bold text-subheading-lg text-left container-center-100 mb-8\"><span>Restricciones al acceso de la prensa<\/span><\/h2>\n<\/p>\n<p class=\"com-paragraph --s\">Otro asunto que gener\u00f3 cr\u00edticas fue la decisi\u00f3n del Tesoro estadounidense <strong>de negar las credenciales de prensa a determinados periodistas para cubrir el evento<\/strong>, incluidos equipos de Bloomberg News y periodistas espec\u00edficos de <em>The New York Times <\/em>y <em>The Wall Street Journal<\/em>.<\/p>\n<p class=\"com-paragraph --s\">\u201cCreo que la prensa tiene un inter\u00e9s completamente leg\u00edtimo en informar de manera abierta y libre sobre esta cumbre del G20\u2033, dijo Klingbeil. <strong>\u201cConsidero inaceptable que se excluya a periodistas o a equipos editoriales enteros\u201d<\/strong>, agreg\u00f3.<\/p>\n<p class=\"com-paragraph --s\">Un portavoz del Tesoro estadounidense dijo que m\u00e1s de 300 medios de comunicaci\u00f3n cubr\u00edan el evento, incluido otro periodista de <em>The New York Times<\/em>, y que el acceso conlleva<strong> \u201cla responsabilidad de informar con datos veraces y de acuerdo con las normas period\u00edsticas establecidas\u201d<\/strong>.<\/p>\n<div class=\"content-media\">\n<section role=\"button\" class=\"mod-media   \">\n<figure role=\"button\" tabindex=\"0\" class=\"mod-figure \"><figcaption class=\"mod-figcaption\"><span class=\"com-text --caption --twoxs\">El comisario europeo de Econom\u00eda y Productividad, Valdis Dombrovskis, habla con la prensa durante las reuniones financieras del G20 de 2026, en Asheville, Carolina del Norte<\/span><span class=\"com-text --credit --twoxs\">MELISSA SUE GERRITS &#8211; GETTY IMAGES NORTH AMERICA<\/span><\/figcaption><\/figure>\n<\/section>\n<\/div>\n<p class=\"com-paragraph --s\">El presidente de la Reserva Federal de Estados Unidos,<strong> Kevin Warsh<\/strong>, que participaba en su primera reuni\u00f3n internacional de pol\u00edtica econ\u00f3mica desde que asumi\u00f3 el cargo en mayo, dijo que esperaba conocer m\u00e1s sobre las perspectivas de crecimiento de las econom\u00edas miembros. Se\u00f1al\u00f3 que una era de \u201cestancamiento secular\u201d, caracterizada por la falta de innovaci\u00f3n, <strong>parec\u00eda haber llegado a su fin en medio del auge de las inversiones en inteligencia artificial<\/strong>.<\/p>\n<p class=\"com-paragraph --s\"><strong>\u201cSi tuviera que caracterizar este momento, dir\u00eda que estamos ante un aumento global de las inversiones\u201d<\/strong>, afirm\u00f3, y agreg\u00f3 que esto hab\u00eda revertido el \u201cexceso de ahorro mundial\u201d, que en el pasado hab\u00eda mantenido el capital ocioso debido a la escasez de oportunidades de inversi\u00f3n.<\/p>\n<p><h2 class=\"font-primary font-w-bold text-subheading-lg text-left container-center-100 mb-8\"><span>Sin \u201cturbulencias\u201d en el mercado de deuda<\/span><\/h2>\n<\/p>\n<p class=\"com-paragraph --s\"><strong>Bessent tambi\u00e9n destac\u00f3 el fuerte crecimiento de Estados Unidos<\/strong>, que se ha beneficiado de las inversiones en infraestructura de inteligencia artificial y que tambi\u00e9n contribuyeron a elevar los rendimientos de los bonos del Tesoro estadounidense al absorber ahorros que anteriormente hab\u00edan mantenido bajos los costos de endeudamiento de Estados Unidos al canalizarse hacia esos t\u00edtulos.<\/p>\n<p class=\"com-paragraph --s\">Antes de las conversaciones del G20, Bessent minimiz\u00f3 la creciente preocupaci\u00f3n de los mercados por los niveles de deuda estadounidense y <strong>sostuvo que Estados Unidos se encontraba en una posici\u00f3n m\u00e1s s\u00f3lida que muchas econom\u00edas avanzadas <\/strong>porque contin\u00faa creciendo, incluso mientras mantiene elevados d\u00e9ficits presupuestarios.<\/p>\n<p class=\"com-paragraph --s\"><strong>\u201cEn primer lugar, no estoy seguro de d\u00f3nde est\u00e1 la turbulencia en el mercado de bonos\u201d<\/strong>, dijo a Reuters en una entrevista el domingo. \u201cLo importante tambi\u00e9n es que estamos creciendo\u201d, insisti\u00f3.<\/p>\n<div class=\"content-media\">\n<section role=\"button\" class=\"mod-media   \">\n<figure role=\"button\" tabindex=\"0\" class=\"mod-figure \"><figcaption class=\"mod-figcaption\"><span class=\"com-text --caption --twoxs\">El ministro de Finanzas de Francia, Roland Lescure, habla con la prensa durante las reuniones financieras del G20 de 2026, en Asheville, Carolina del Norte<\/span><span class=\"com-text --credit --twoxs\">MELISSA SUE GERRITS &#8211; GETTY IMAGES NORTH AMERICA<\/span><\/figcaption><\/figure>\n<\/section>\n<\/div>\n<p class=\"com-paragraph --s\">El martes, <strong>Estados Unidos centrar\u00e1 su atenci\u00f3n en la reducci\u00f3n de los desequilibrios comerciales mundiales<\/strong>, y Bessent dijo que instar\u00eda a los miembros del G20 a revisar sus relaciones comerciales con China para presionar a Pek\u00edn a reequilibrar su econom\u00eda, alej\u00e1ndola de las exportaciones y orient\u00e1ndola hacia el consumo interno.<\/p>\n<p class=\"com-paragraph --s\"><strong>\u201cEl mundo no puede tener una China con un super\u00e1vit comercial de 1,2 billones de d\u00f3lares\u201d<\/strong>, dijo Bessent en la entrevista con Reuters. \u201cEn China, la econom\u00eda es bastante d\u00e9bil y est\u00e1n intentando exportar para salir de esa situaci\u00f3n. Necesitan reequilibrar su econom\u00eda\u201d, agreg\u00f3.<\/p>\n<p class=\"com-paragraph --s\">Los economistas sostienen que Estados Unidos tambi\u00e9n debe reducir sus crecientes d\u00e9ficits fiscales como parte de este esfuerzo de reequilibrio.<\/p>\n<p class=\"com-paragraph --s\"><strong>\u201cNecesitamos un mundo m\u00e1s equilibrado\u201d<\/strong>, dijo el ministro de Finanzas franc\u00e9s, <strong>Roland Lescure<\/strong>. \u201cSabemos que cada gran zona, ya sea China, Estados Unidos o Europa, tiene sus propias tareas pendientes\u201d, agreg\u00f3.<\/p>\n<section class=\"container-center-100 mb-40 border border-bottom border-thin border-neutral-light-700\">\n<div class=\"grid grid-cols-2_m gap-12 py-16 py-12_m\">\n<div class=\"flex flex-column gap-12\">\n<div class=\"flex flex-column brand-color\">\n<div class=\"flex flex-wrap w-100 w-full\">\n<div class=\"signature-with-authors flex flex-wrap flex-column flex-row_m ai-center_m ai-start  gap-16 w-100 w-full 2\">\n<div class=\"flex inline-flex ai-center gap-12\">\n<p><span>Por <span><strong>David Lawder<\/strong> y <\/span><span><strong>Philip Blenkinsop<\/strong><\/span><\/span><\/p>\n<\/div>\n<\/div>\n<\/div>\n<\/div>\n<\/div>\n<\/div>\n<hr\/>\n<\/section>\n<\/div>\n<p><script id=\"facebookpixel\" defer=\"\" type=\"text\/javascript\">\n        !function(f,b,e,v,n,t,s)\n        {if(f.fbq)return;n=f.fbq=function(){n.callMethod?\n        n.callMethod.apply(n,arguments):n.queue.push(arguments)};\n        if(!f._fbq)f._fbq=n;n.push=n;n.loaded=!0;n.version='2.0';\n        n.queue=[];t=b.createElement(e);t.async=!0;\n        t.src=v;s=b.getElementsByTagName(e)[0];\n        s.parentNode.insertBefore(t,s)}(window, document,'script',\n        'https:\/\/connect.facebook.net\/en_US\/fbevents.js');\n        fbq('init', '492459597522335');\n        fbq('track', 'PageView');\n    <\/script><br \/>\n<br \/><\/p>\n","protected":false},"excerpt":{"rendered":"<p>ASHEVILLE, Carolina del Norte.\u2013 La decisi\u00f3n de Estados Unidos de volver a invitar a Rusia a una reuni\u00f3n de los pa\u00edses del G20 este lunes, mientras imped\u00eda el acceso de algunos periodistas al encuentro, gener\u00f3 malestar entre algunos de los l\u00edderes financieros presentes y desvi\u00f3 la atenci\u00f3n de su intento de centrar las conversaciones en [&hellip;]<\/p>\n","protected":false},"author":2,"featured_media":210204,"comment_status":"closed","ping_status":"closed","sticky":false,"template":"","format":"standard","meta":{"footnotes":""},"categories":[26],"tags":[],"class_list":["post-210203","post","type-post","status-publish","format-standard","has-post-thumbnail","hentry","category-internacionales"],"yoast_head":"<!-- This site is optimized with the Yoast SEO plugin v24.4 - https:\/\/yoast.com\/wordpress\/plugins\/seo\/ -->\n<title>Estados Unidos irrita a los ministros del G20 al reincorporar a Rusia y excluir a periodistas - GYS NOTICIAS |<\/title>\n<meta name=\"robots\" content=\"index, follow, max-snippet:-1, max-image-preview:large, max-video-preview:-1\" \/>\n<link rel=\"canonical\" href=\"https:\/\/gysfm.com.ar\/inicio\/estados-unidos-irrita-a-los-ministros-del-g20-al-reincorporar-a-rusia-y-excluir-a-periodistas\/\" \/>\n<meta property=\"og:locale\" content=\"es_ES\" \/>\n<meta property=\"og:type\" content=\"article\" \/>\n<meta property=\"og:title\" content=\"Estados Unidos irrita a los ministros del G20 al reincorporar a Rusia y excluir a periodistas - GYS NOTICIAS |\" \/>\n<meta property=\"og:description\" content=\"ASHEVILLE, Carolina del Norte.\u2013 La decisi\u00f3n de Estados Unidos de volver a invitar a Rusia a una reuni\u00f3n de los pa\u00edses del G20 este lunes, mientras imped\u00eda el acceso de algunos periodistas al encuentro, gener\u00f3 malestar entre algunos de los l\u00edderes financieros presentes y desvi\u00f3 la atenci\u00f3n de su intento de centrar las conversaciones en [&hellip;]\" \/>\n<meta property=\"og:url\" content=\"https:\/\/gysfm.com.ar\/inicio\/estados-unidos-irrita-a-los-ministros-del-g20-al-reincorporar-a-rusia-y-excluir-a-periodistas\/\" \/>\n<meta property=\"og:site_name\" content=\"GYS NOTICIAS |\" \/>\n<meta property=\"article:published_time\" content=\"2026-09-02T19:00:06+00:00\" \/>\n<meta property=\"article:modified_time\" content=\"2026-09-02T19:00:08+00:00\" \/>\n<meta property=\"og:image\" content=\"https:\/\/gysfm.com.ar\/inicio\/wp-content\/uploads\/2026\/09\/el-secretario-del-tesoro-estadounidense-scott-6HC4LGIFTNFP3MECBD7CIUH5H4.JPG\" \/>\n\t<meta property=\"og:image:width\" content=\"1200\" \/>\n\t<meta property=\"og:image:height\" content=\"800\" \/>\n\t<meta property=\"og:image:type\" content=\"image\/jpeg\" \/>\n<meta name=\"author\" content=\"Prensa G&amp;S FM\" \/>\n<meta name=\"twitter:card\" content=\"summary_large_image\" \/>\n<meta name=\"twitter:label1\" content=\"Escrito por\" \/>\n\t<meta name=\"twitter:data1\" content=\"Prensa G&amp;S FM\" \/>\n\t<meta name=\"twitter:label2\" content=\"Tiempo de lectura\" \/>\n\t<meta name=\"twitter:data2\" content=\"8 minutos\" \/>\n<script type=\"application\/ld+json\" class=\"yoast-schema-graph\">{\"@context\":\"https:\/\/schema.org\",\"@graph\":[{\"@type\":\"Article\",\"@id\":\"https:\/\/gysfm.com.ar\/inicio\/estados-unidos-irrita-a-los-ministros-del-g20-al-reincorporar-a-rusia-y-excluir-a-periodistas\/#article\",\"isPartOf\":{\"@id\":\"https:\/\/gysfm.com.ar\/inicio\/estados-unidos-irrita-a-los-ministros-del-g20-al-reincorporar-a-rusia-y-excluir-a-periodistas\/\"},\"author\":{\"name\":\"Prensa G&amp;S FM\",\"@id\":\"https:\/\/gysfm.com.ar\/inicio\/#\/schema\/person\/3abba7593ef2ad19e1be221d54383dc5\"},\"headline\":\"Estados Unidos irrita a los ministros del G20 al reincorporar a Rusia y excluir a periodistas\",\"datePublished\":\"2026-09-02T19:00:06+00:00\",\"dateModified\":\"2026-09-02T19:00:08+00:00\",\"mainEntityOfPage\":{\"@id\":\"https:\/\/gysfm.com.ar\/inicio\/estados-unidos-irrita-a-los-ministros-del-g20-al-reincorporar-a-rusia-y-excluir-a-periodistas\/\"},\"wordCount\":1650,\"publisher\":{\"@id\":\"https:\/\/gysfm.com.ar\/inicio\/#organization\"},\"image\":{\"@id\":\"https:\/\/gysfm.com.ar\/inicio\/estados-unidos-irrita-a-los-ministros-del-g20-al-reincorporar-a-rusia-y-excluir-a-periodistas\/#primaryimage\"},\"thumbnailUrl\":\"https:\/\/gysfm.com.ar\/inicio\/wp-content\/uploads\/2026\/09\/el-secretario-del-tesoro-estadounidense-scott-6HC4LGIFTNFP3MECBD7CIUH5H4.JPG\",\"articleSection\":[\"INTERNACIONALES\"],\"inLanguage\":\"es\"},{\"@type\":\"WebPage\",\"@id\":\"https:\/\/gysfm.com.ar\/inicio\/estados-unidos-irrita-a-los-ministros-del-g20-al-reincorporar-a-rusia-y-excluir-a-periodistas\/\",\"url\":\"https:\/\/gysfm.com.ar\/inicio\/estados-unidos-irrita-a-los-ministros-del-g20-al-reincorporar-a-rusia-y-excluir-a-periodistas\/\",\"name\":\"Estados Unidos irrita a los ministros del G20 al reincorporar a Rusia y excluir a periodistas - GYS NOTICIAS |\",\"isPartOf\":{\"@id\":\"https:\/\/gysfm.com.ar\/inicio\/#website\"},\"primaryImageOfPage\":{\"@id\":\"https:\/\/gysfm.com.ar\/inicio\/estados-unidos-irrita-a-los-ministros-del-g20-al-reincorporar-a-rusia-y-excluir-a-periodistas\/#primaryimage\"},\"image\":{\"@id\":\"https:\/\/gysfm.com.ar\/inicio\/estados-unidos-irrita-a-los-ministros-del-g20-al-reincorporar-a-rusia-y-excluir-a-periodistas\/#primaryimage\"},\"thumbnailUrl\":\"https:\/\/gysfm.com.ar\/inicio\/wp-content\/uploads\/2026\/09\/el-secretario-del-tesoro-estadounidense-scott-6HC4LGIFTNFP3MECBD7CIUH5H4.JPG\",\"datePublished\":\"2026-09-02T19:00:06+00:00\",\"dateModified\":\"2026-09-02T19:00:08+00:00\",\"breadcrumb\":{\"@id\":\"https:\/\/gysfm.com.ar\/inicio\/estados-unidos-irrita-a-los-ministros-del-g20-al-reincorporar-a-rusia-y-excluir-a-periodistas\/#breadcrumb\"},\"inLanguage\":\"es\",\"potentialAction\":[{\"@type\":\"ReadAction\",\"target\":[\"https:\/\/gysfm.com.ar\/inicio\/estados-unidos-irrita-a-los-ministros-del-g20-al-reincorporar-a-rusia-y-excluir-a-periodistas\/\"]}]},{\"@type\":\"ImageObject\",\"inLanguage\":\"es\",\"@id\":\"https:\/\/gysfm.com.ar\/inicio\/estados-unidos-irrita-a-los-ministros-del-g20-al-reincorporar-a-rusia-y-excluir-a-periodistas\/#primaryimage\",\"url\":\"https:\/\/gysfm.com.ar\/inicio\/wp-content\/uploads\/2026\/09\/el-secretario-del-tesoro-estadounidense-scott-6HC4LGIFTNFP3MECBD7CIUH5H4.JPG\",\"contentUrl\":\"https:\/\/gysfm.com.ar\/inicio\/wp-content\/uploads\/2026\/09\/el-secretario-del-tesoro-estadounidense-scott-6HC4LGIFTNFP3MECBD7CIUH5H4.JPG\",\"width\":1200,\"height\":800},{\"@type\":\"BreadcrumbList\",\"@id\":\"https:\/\/gysfm.com.ar\/inicio\/estados-unidos-irrita-a-los-ministros-del-g20-al-reincorporar-a-rusia-y-excluir-a-periodistas\/#breadcrumb\",\"itemListElement\":[{\"@type\":\"ListItem\",\"position\":1,\"name\":\"Portada\",\"item\":\"https:\/\/gysfm.com.ar\/inicio\/\"},{\"@type\":\"ListItem\",\"position\":2,\"name\":\"Estados Unidos irrita a los ministros del G20 al reincorporar a Rusia y excluir a periodistas\"}]},{\"@type\":\"WebSite\",\"@id\":\"https:\/\/gysfm.com.ar\/inicio\/#website\",\"url\":\"https:\/\/gysfm.com.ar\/inicio\/\",\"name\":\"GYS NOTICIAS |\",\"description\":\"DIARIO - RADIO ONLINE SAN JUAN ARGENTINA\",\"publisher\":{\"@id\":\"https:\/\/gysfm.com.ar\/inicio\/#organization\"},\"potentialAction\":[{\"@type\":\"SearchAction\",\"target\":{\"@type\":\"EntryPoint\",\"urlTemplate\":\"https:\/\/gysfm.com.ar\/inicio\/?s={search_term_string}\"},\"query-input\":{\"@type\":\"PropertyValueSpecification\",\"valueRequired\":true,\"valueName\":\"search_term_string\"}}],\"inLanguage\":\"es\"},{\"@type\":\"Organization\",\"@id\":\"https:\/\/gysfm.com.ar\/inicio\/#organization\",\"name\":\"GYS NOTICIAS |\",\"url\":\"https:\/\/gysfm.com.ar\/inicio\/\",\"logo\":{\"@type\":\"ImageObject\",\"inLanguage\":\"es\",\"@id\":\"https:\/\/gysfm.com.ar\/inicio\/#\/schema\/logo\/image\/\",\"url\":\"https:\/\/gysfm.com.ar\/inicio\/wp-content\/uploads\/2023\/07\/LOGOGYS-OK.png\",\"contentUrl\":\"https:\/\/gysfm.com.ar\/inicio\/wp-content\/uploads\/2023\/07\/LOGOGYS-OK.png\",\"width\":1170,\"height\":872,\"caption\":\"GYS NOTICIAS |\"},\"image\":{\"@id\":\"https:\/\/gysfm.com.ar\/inicio\/#\/schema\/logo\/image\/\"}},{\"@type\":\"Person\",\"@id\":\"https:\/\/gysfm.com.ar\/inicio\/#\/schema\/person\/3abba7593ef2ad19e1be221d54383dc5\",\"name\":\"Prensa G&amp;S FM\",\"image\":{\"@type\":\"ImageObject\",\"inLanguage\":\"es\",\"@id\":\"https:\/\/gysfm.com.ar\/inicio\/#\/schema\/person\/image\/\",\"url\":\"https:\/\/secure.gravatar.com\/avatar\/096ec78df02049ab018702bb4ccedf659377fa92a26540b5247612077a0dbd29?s=96&d=mm&r=g\",\"contentUrl\":\"https:\/\/secure.gravatar.com\/avatar\/096ec78df02049ab018702bb4ccedf659377fa92a26540b5247612077a0dbd29?s=96&d=mm&r=g\",\"caption\":\"Prensa G&amp;S FM\"},\"sameAs\":[\"https:\/\/gysfm.com.ar\/\"],\"url\":\"https:\/\/gysfm.com.ar\/inicio\/author\/lucasm\/\"}]}<\/script>\n<!-- \/ Yoast SEO plugin. -->","yoast_head_json":{"title":"Estados Unidos irrita a los ministros del G20 al reincorporar a Rusia y excluir a periodistas - GYS NOTICIAS |","robots":{"index":"index","follow":"follow","max-snippet":"max-snippet:-1","max-image-preview":"max-image-preview:large","max-video-preview":"max-video-preview:-1"},"canonical":"https:\/\/gysfm.com.ar\/inicio\/estados-unidos-irrita-a-los-ministros-del-g20-al-reincorporar-a-rusia-y-excluir-a-periodistas\/","og_locale":"es_ES","og_type":"article","og_title":"Estados Unidos irrita a los ministros del G20 al reincorporar a Rusia y excluir a periodistas - GYS NOTICIAS |","og_description":"ASHEVILLE, Carolina del Norte.\u2013 La decisi\u00f3n de Estados Unidos de volver a invitar a Rusia a una reuni\u00f3n de los pa\u00edses del G20 este lunes, mientras imped\u00eda el acceso de algunos periodistas al encuentro, gener\u00f3 malestar entre algunos de los l\u00edderes financieros presentes y desvi\u00f3 la atenci\u00f3n de su intento de centrar las conversaciones en [&hellip;]","og_url":"https:\/\/gysfm.com.ar\/inicio\/estados-unidos-irrita-a-los-ministros-del-g20-al-reincorporar-a-rusia-y-excluir-a-periodistas\/","og_site_name":"GYS NOTICIAS |","article_published_time":"2026-09-02T19:00:06+00:00","article_modified_time":"2026-09-02T19:00:08+00:00","og_image":[{"width":1200,"height":800,"url":"https:\/\/gysfm.com.ar\/inicio\/wp-content\/uploads\/2026\/09\/el-secretario-del-tesoro-estadounidense-scott-6HC4LGIFTNFP3MECBD7CIUH5H4.JPG","type":"image\/jpeg"}],"author":"Prensa G&amp;S FM","twitter_card":"summary_large_image","twitter_misc":{"Escrito por":"Prensa G&amp;S FM","Tiempo de lectura":"8 minutos"},"schema":{"@context":"https:\/\/schema.org","@graph":[{"@type":"Article","@id":"https:\/\/gysfm.com.ar\/inicio\/estados-unidos-irrita-a-los-ministros-del-g20-al-reincorporar-a-rusia-y-excluir-a-periodistas\/#article","isPartOf":{"@id":"https:\/\/gysfm.com.ar\/inicio\/estados-unidos-irrita-a-los-ministros-del-g20-al-reincorporar-a-rusia-y-excluir-a-periodistas\/"},"author":{"name":"Prensa G&amp;S FM","@id":"https:\/\/gysfm.com.ar\/inicio\/#\/schema\/person\/3abba7593ef2ad19e1be221d54383dc5"},"headline":"Estados Unidos irrita a los ministros del G20 al reincorporar a Rusia y excluir a periodistas","datePublished":"2026-09-02T19:00:06+00:00","dateModified":"2026-09-02T19:00:08+00:00","mainEntityOfPage":{"@id":"https:\/\/gysfm.com.ar\/inicio\/estados-unidos-irrita-a-los-ministros-del-g20-al-reincorporar-a-rusia-y-excluir-a-periodistas\/"},"wordCount":1650,"publisher":{"@id":"https:\/\/gysfm.com.ar\/inicio\/#organization"},"image":{"@id":"https:\/\/gysfm.com.ar\/inicio\/estados-unidos-irrita-a-los-ministros-del-g20-al-reincorporar-a-rusia-y-excluir-a-periodistas\/#primaryimage"},"thumbnailUrl":"https:\/\/gysfm.com.ar\/inicio\/wp-content\/uploads\/2026\/09\/el-secretario-del-tesoro-estadounidense-scott-6HC4LGIFTNFP3MECBD7CIUH5H4.JPG","articleSection":["INTERNACIONALES"],"inLanguage":"es"},{"@type":"WebPage","@id":"https:\/\/gysfm.com.ar\/inicio\/estados-unidos-irrita-a-los-ministros-del-g20-al-reincorporar-a-rusia-y-excluir-a-periodistas\/","url":"https:\/\/gysfm.com.ar\/inicio\/estados-unidos-irrita-a-los-ministros-del-g20-al-reincorporar-a-rusia-y-excluir-a-periodistas\/","name":"Estados Unidos irrita a los ministros del G20 al reincorporar a Rusia y excluir a periodistas - GYS NOTICIAS |","isPartOf":{"@id":"https:\/\/gysfm.com.ar\/inicio\/#website"},"primaryImageOfPage":{"@id":"https:\/\/gysfm.com.ar\/inicio\/estados-unidos-irrita-a-los-ministros-del-g20-al-reincorporar-a-rusia-y-excluir-a-periodistas\/#primaryimage"},"image":{"@id":"https:\/\/gysfm.com.ar\/inicio\/estados-unidos-irrita-a-los-ministros-del-g20-al-reincorporar-a-rusia-y-excluir-a-periodistas\/#primaryimage"},"thumbnailUrl":"https:\/\/gysfm.com.ar\/inicio\/wp-content\/uploads\/2026\/09\/el-secretario-del-tesoro-estadounidense-scott-6HC4LGIFTNFP3MECBD7CIUH5H4.JPG","datePublished":"2026-09-02T19:00:06+00:00","dateModified":"2026-09-02T19:00:08+00:00","breadcrumb":{"@id":"https:\/\/gysfm.com.ar\/inicio\/estados-unidos-irrita-a-los-ministros-del-g20-al-reincorporar-a-rusia-y-excluir-a-periodistas\/#breadcrumb"},"inLanguage":"es","potentialAction":[{"@type":"ReadAction","target":["https:\/\/gysfm.com.ar\/inicio\/estados-unidos-irrita-a-los-ministros-del-g20-al-reincorporar-a-rusia-y-excluir-a-periodistas\/"]}]},{"@type":"ImageObject","inLanguage":"es","@id":"https:\/\/gysfm.com.ar\/inicio\/estados-unidos-irrita-a-los-ministros-del-g20-al-reincorporar-a-rusia-y-excluir-a-periodistas\/#primaryimage","url":"https:\/\/gysfm.com.ar\/inicio\/wp-content\/uploads\/2026\/09\/el-secretario-del-tesoro-estadounidense-scott-6HC4LGIFTNFP3MECBD7CIUH5H4.JPG","contentUrl":"https:\/\/gysfm.com.ar\/inicio\/wp-content\/uploads\/2026\/09\/el-secretario-del-tesoro-estadounidense-scott-6HC4LGIFTNFP3MECBD7CIUH5H4.JPG","width":1200,"height":800},{"@type":"BreadcrumbList","@id":"https:\/\/gysfm.com.ar\/inicio\/estados-unidos-irrita-a-los-ministros-del-g20-al-reincorporar-a-rusia-y-excluir-a-periodistas\/#breadcrumb","itemListElement":[{"@type":"ListItem","position":1,"name":"Portada","item":"https:\/\/gysfm.com.ar\/inicio\/"},{"@type":"ListItem","position":2,"name":"Estados Unidos irrita a los ministros del G20 al reincorporar a Rusia y excluir a periodistas"}]},{"@type":"WebSite","@id":"https:\/\/gysfm.com.ar\/inicio\/#website","url":"https:\/\/gysfm.com.ar\/inicio\/","name":"GYS NOTICIAS |","description":"DIARIO - RADIO ONLINE SAN JUAN ARGENTINA","publisher":{"@id":"https:\/\/gysfm.com.ar\/inicio\/#organization"},"potentialAction":[{"@type":"SearchAction","target":{"@type":"EntryPoint","urlTemplate":"https:\/\/gysfm.com.ar\/inicio\/?s={search_term_string}"},"query-input":{"@type":"PropertyValueSpecification","valueRequired":true,"valueName":"search_term_string"}}],"inLanguage":"es"},{"@type":"Organization","@id":"https:\/\/gysfm.com.ar\/inicio\/#organization","name":"GYS NOTICIAS |","url":"https:\/\/gysfm.com.ar\/inicio\/","logo":{"@type":"ImageObject","inLanguage":"es","@id":"https:\/\/gysfm.com.ar\/inicio\/#\/schema\/logo\/image\/","url":"https:\/\/gysfm.com.ar\/inicio\/wp-content\/uploads\/2023\/07\/LOGOGYS-OK.png","contentUrl":"https:\/\/gysfm.com.ar\/inicio\/wp-content\/uploads\/2023\/07\/LOGOGYS-OK.png","width":1170,"height":872,"caption":"GYS NOTICIAS |"},"image":{"@id":"https:\/\/gysfm.com.ar\/inicio\/#\/schema\/logo\/image\/"}},{"@type":"Person","@id":"https:\/\/gysfm.com.ar\/inicio\/#\/schema\/person\/3abba7593ef2ad19e1be221d54383dc5","name":"Prensa G&amp;S FM","image":{"@type":"ImageObject","inLanguage":"es","@id":"https:\/\/gysfm.com.ar\/inicio\/#\/schema\/person\/image\/","url":"https:\/\/secure.gravatar.com\/avatar\/096ec78df02049ab018702bb4ccedf659377fa92a26540b5247612077a0dbd29?s=96&d=mm&r=g","contentUrl":"https:\/\/secure.gravatar.com\/avatar\/096ec78df02049ab018702bb4ccedf659377fa92a26540b5247612077a0dbd29?s=96&d=mm&r=g","caption":"Prensa G&amp;S FM"},"sameAs":["https:\/\/gysfm.com.ar\/"],"url":"https:\/\/gysfm.com.ar\/inicio\/author\/lucasm\/"}]}},"_links":{"self":[{"href":"https:\/\/gysfm.com.ar\/inicio\/wp-json\/wp\/v2\/posts\/210203","targetHints":{"allow":["GET"]}}],"collection":[{"href":"https:\/\/gysfm.com.ar\/inicio\/wp-json\/wp\/v2\/posts"}],"about":[{"href":"https:\/\/gysfm.com.ar\/inicio\/wp-json\/wp\/v2\/types\/post"}],"author":[{"embeddable":true,"href":"https:\/\/gysfm.com.ar\/inicio\/wp-json\/wp\/v2\/users\/2"}],"replies":[{"embeddable":true,"href":"https:\/\/gysfm.com.ar\/inicio\/wp-json\/wp\/v2\/comments?post=210203"}],"version-history":[{"count":1,"href":"https:\/\/gysfm.com.ar\/inicio\/wp-json\/wp\/v2\/posts\/210203\/revisions"}],"predecessor-version":[{"id":210205,"href":"https:\/\/gysfm.com.ar\/inicio\/wp-json\/wp\/v2\/posts\/210203\/revisions\/210205"}],"wp:featuredmedia":[{"embeddable":true,"href":"https:\/\/gysfm.com.ar\/inicio\/wp-json\/wp\/v2\/media\/210204"}],"wp:attachment":[{"href":"https:\/\/gysfm.com.ar\/inicio\/wp-json\/wp\/v2\/media?parent=210203"}],"wp:term":[{"taxonomy":"category","embeddable":true,"href":"https:\/\/gysfm.com.ar\/inicio\/wp-json\/wp\/v2\/categories?post=210203"},{"taxonomy":"post_tag","embeddable":true,"href":"https:\/\/gysfm.com.ar\/inicio\/wp-json\/wp\/v2\/tags?post=210203"}],"curies":[{"name":"wp","href":"https:\/\/api.w.org\/{rel}","templated":true}]}}