{"id":210198,"date":"2026-09-02T14:59:14","date_gmt":"2026-09-02T17:59:14","guid":{"rendered":"https:\/\/gysfm.com.ar\/inicio\/el-mayor-ataque-contra-las-disidencias-desde-que-asumio-de-la-espriella-y-un-coche-bomba-reavivan-la-violencia-en-colombia\/"},"modified":"2026-09-02T14:59:15","modified_gmt":"2026-09-02T17:59:15","slug":"el-mayor-ataque-contra-las-disidencias-desde-que-asumio-de-la-espriella-y-un-coche-bomba-reavivan-la-violencia-en-colombia","status":"publish","type":"post","link":"https:\/\/gysfm.com.ar\/inicio\/el-mayor-ataque-contra-las-disidencias-desde-que-asumio-de-la-espriella-y-un-coche-bomba-reavivan-la-violencia-en-colombia\/","title":{"rendered":"El mayor ataque contra las disidencias desde que asumi\u00f3 De La Espriella y un coche bomba reavivan la violencia en Colombia"},"content":{"rendered":"<p> <br \/>\n<\/p>\n<div>\n<p class=\"com-paragraph --capital --s\">BOGOT\u00c1.\u2013 <strong>Veinte disidentes de las FARC, incluido uno de sus l\u00edderes,<\/strong> <strong>\u200cmurieron en \u200cun \u2060bombardeo como parte de una ofensiva militar <\/strong>ordenada el lunes por el recientemente posesionado presidente de Colombia, <a href=\"https:\/\/www.lanacion.com.ar\/el-mundo\/de-la-espriella-ordena-deportaciones-de-migrantes-y-endurece-la-lucha-contra-el-crimen-nid24082026\/\" target=\"_self\" title=\"https:\/\/www.lanacion.com.ar\/el-mundo\/de-la-espriella-ordena-deportaciones-de-migrantes-y-endurece-la-lucha-contra-el-crimen-nid24082026\/\" class=\"com-link break-word\" data-mrf-recirculation=\"n_link_parrafo\"><strong>Abelardo De La Espriella<\/strong><\/a>, \u200bquien termin\u00f3 los \u2060di\u00e1logos \u2060con los grupos armados y prometi\u00f3 mano dura para recuperar \u200bla seguridad en el pa\u00eds.<\/p>\n<p class=\"com-paragraph --s\">El mandatario precis\u00f3 que \u200cel ataque se registr\u00f3 el \u200bdomingo en la noche en \u200blas selvas del departamento del <strong>Guaviare<\/strong>, y adem\u00e1s <strong>dej\u00f3 a cinco rebeldes capturados, dos menores de edad recuperados<\/strong>, as\u00ed como fusiles, ametralladoras, pistolas y equipos de campa\u00f1a incautados.<\/p>\n<div class=\"content-media cursor-pointer container-center-100\">\n<section class=\"media-container relative ratio-16-9 mod-media pb-32\">\n<figure class=\"mod-video\">\n<div class=\"video-player bg-black ratio-16-9\" data-has-jwplayer=\"true\" data-video-id-jw=\"0RYtbys8\" data-config=\"{&quot;title&quot;:&quot;Im\u00e1genes del operativo militar en el departamento del Guaviare&quot;,&quot;mediaId&quot;:&quot;0RYtbys8&quot;,&quot;playerId&quot;:&quot;ih0086X3&quot;,&quot;playlist&quot;:[{&quot;mediaid&quot;:&quot;0RYtbys8&quot;,&quot;sources&quot;:[{&quot;file&quot;:&quot;https:\/\/cdn.jwplayer.com\/manifests\/0RYtbys8.m3u8&quot;,&quot;type&quot;:&quot;application\/vnd.apple.mpegurl&quot;},{&quot;bitrate&quot;:259770,&quot;file&quot;:&quot;https:\/\/cdn.jwplayer.com\/videos\/0RYtbys8-kTExGaWf.mp4&quot;,&quot;filesize&quot;:6137076,&quot;framerate&quot;:30,&quot;height&quot;:180,&quot;label&quot;:&quot;180p&quot;,&quot;type&quot;:&quot;video\/mp4&quot;,&quot;width&quot;:320},{&quot;bitrate&quot;:348856,&quot;file&quot;:&quot;https:\/\/cdn.jwplayer.com\/videos\/0RYtbys8-K8B0kybS.mp4&quot;,&quot;filesize&quot;:8241723,&quot;framerate&quot;:30,&quot;height&quot;:270,&quot;label&quot;:&quot;270p&quot;,&quot;type&quot;:&quot;video\/mp4&quot;,&quot;width&quot;:480},{&quot;bitrate&quot;:850455,&quot;file&quot;:&quot;https:\/\/cdn.jwplayer.com\/videos\/0RYtbys8-46NIuRKO.mp4&quot;,&quot;filesize&quot;:20092018,&quot;framerate&quot;:30,&quot;height&quot;:720,&quot;label&quot;:&quot;720p&quot;,&quot;type&quot;:&quot;video\/mp4&quot;,&quot;width&quot;:1280},{&quot;bitrate&quot;:113949,&quot;file&quot;:&quot;https:\/\/cdn.jwplayer.com\/videos\/0RYtbys8-hz5z2Tv4.m4a&quot;,&quot;filesize&quot;:2692048,&quot;label&quot;:&quot;AAC Audio&quot;,&quot;type&quot;:&quot;audio\/mp4&quot;},{&quot;bitrate&quot;:427532,&quot;file&quot;:&quot;https:\/\/cdn.jwplayer.com\/videos\/0RYtbys8-FnZGUVnC.mp4&quot;,&quot;filesize&quot;:10100461,&quot;framerate&quot;:30,&quot;height&quot;:360,&quot;label&quot;:&quot;360p&quot;,&quot;type&quot;:&quot;video\/mp4&quot;,&quot;width&quot;:640},{&quot;bitrate&quot;:677373,&quot;file&quot;:&quot;https:\/\/cdn.jwplayer.com\/videos\/0RYtbys8-0G6Pwvlw.mp4&quot;,&quot;filesize&quot;:16002944,&quot;framerate&quot;:30,&quot;height&quot;:540,&quot;label&quot;:&quot;540p&quot;,&quot;type&quot;:&quot;video\/mp4&quot;,&quot;width&quot;:960}]}],&quot;hasAutoplay&quot;:false,&quot;autostart&quot;:true,&quot;tagsUrl&quot;:&quot;https:\/\/pubads.g.doubleclick.net\/gampad\/ads?slotname=\/133919216\/la_nacion_video\/nota\/preroll&amp;sz=640x480|400x300&amp;ciu_szs=300x250&amp;unviewed_position_start=1&amp;output=vast&amp;impl=s&amp;env=vp&amp;gdfp_req=1&amp;ad_rule=0&amp;vad_type=linear&amp;vpos=preroll&amp;cust_params=tags_nuevos%3Dte_colombia%2Cte_farc%2Cca_el_mundo%2C%2CDISHKLICJVCH7HVVQE5Z62XLMI&amp;pod=3&amp;ppos=1&amp;lip=true&amp;min_ad_duration=0&amp;max_ad_duration=30000&amp;vrid=6256&amp;url=https%3A%2F%2Fwww.lanacion.com.ar%2Fel-mundo%2Fel-mayor-ataque-contra-las-disidencias-desde-que-asumio-de-la-espriella-y-un-coche-bomba-reavivan-la-nid01092026%2F%3Fvariant%3DA&amp;description_url=https%3A%2F%2Fwww.lanacion.com.ar%2Fel-mundo%2Fel-mayor-ataque-contra-las-disidencias-desde-que-asumio-de-la-espriella-y-un-coche-bomba-reavivan-la-nid01092026%2F%3Fvariant%3DA&amp;video_doc_id=short_onecue&amp;cmsid=496&amp;kfa=0&amp;tfcd=0&amp;correlator=1788371161769&quot;,&quot;arcSite&quot;:&quot;la-nacion-ar&quot;,&quot;duration&quot;:&quot;189000&quot;}\">\n<div id=\"facade-0RYtbys8\" class=\"content-facade-jw relative bg-black ratio-16-9\"><picture><source media=\"(max-width: 767px)\" srcset=\"https:\/\/www.lanacion.com.ar\/resizer\/v2\/https%3A%2F%2Fcdn.jwplayer.com%2Fv2%2Fmedia%2F0RYtbys8%2Fposter.jpg%3Fwidth%3D720?auth=4bbec1be4e1b3dbd75221aecff6a658ad51e99c003af4866a8aee46c8595b06b&amp;width=480&amp;quality=70&amp;smart=false\"\/><\/picture><\/div>\n<\/div><figcaption class=\"border border-1 border-bottom border-light-300 relative px-16 py-8 min-h-36 w-100_md px-0_l mb-8 bg-white\"><span class=\"text ln-text text-16 block\">Im\u00e1genes del operativo militar en el departamento del Guaviare<\/span><\/figcaption><\/figure>\n<\/section>\n<\/div>\n<p class=\"com-paragraph --s\">Entre los muertos se encuentra \u200balias <strong>\u201cTigre\u201d o \u201cPintado\u201d<\/strong>, principal cabecilla de la estructura Carolina Ram\u00edrez y hombre de confianza \u2060de <strong>N\u00e9stor Gregorio Vera, alias \u201cIv\u00e1n Mordisco\u201d<\/strong>, de las disidencias de las Fuerzas \u200cArmadas Revolucionarias de Colombia (FARC).<\/p>\n<p class=\"com-paragraph --s\"><strong>\u201cContinuamos, todos los d\u00edas tenemos operativos militares y policiales para devolverle la tranquilidad a nuestro pueblo colombiano, la paz que nos merecemos\u201d<\/strong>, dijo De La Espriella en un v\u00eddeo a trav\u00e9s de su cuenta de X el lunes por la noche.<\/p>\n<p class=\"com-paragraph --s\">El operativo se produjo tras otro bombardeo el \u2060jueves pasado en la misma regi\u00f3n, contra otra facci\u00f3n \u200cde las FARC dirigida por <strong>Alexander D\u00edaz Mendoza, \u2060alias \u201cCalarc\u00e1 C\u00f3rdoba\u201d<\/strong>, que dej\u00f3 <strong>10 personas muertas, \u2060incluidos tres menores de edad<\/strong>.<\/p>\n<p class=\"com-paragraph --s\"><a href=\"https:\/\/www.lanacion.com.ar\/el-mundo\/de-la-espriella-da-los-primeros-pasos-en-falso-de-su-mandato-en-medio-de-la-crisis-por-el-terremoto-nid18082026\/\" target=\"_self\" title=\"https:\/\/www.lanacion.com.ar\/el-mundo\/de-la-espriella-da-los-primeros-pasos-en-falso-de-su-mandato-en-medio-de-la-crisis-por-el-terremoto-nid18082026\/\" class=\"com-link break-word\" data-mrf-recirculation=\"n_link_parrafo\">De La Espriella<\/a>, un abogado de derecha, tom\u00f3 posesi\u00f3n en agosto prometiendo mano dura para combatir los grupos armados ilegales y el narcotr\u00e1fico, al tiempo \u200cque <strong>termin\u00f3 con el fallido enfoque dialoguista del gobierno del expresidente de izquierda <\/strong><a href=\"https:\/\/www.lanacion.com.ar\/el-mundo\/de-la-espriella-abre-un-nuevo-frente-contra-el-gobierno-de-petro-por-presuntas-irregularidades-nid20082026\/\" target=\"_self\" title=\"https:\/\/www.lanacion.com.ar\/el-mundo\/de-la-espriella-abre-un-nuevo-frente-contra-el-gobierno-de-petro-por-presuntas-irregularidades-nid20082026\/\" class=\"com-link break-word\" data-mrf-recirculation=\"n_link_parrafo\"><strong>Gustavo Petro<\/strong><\/a>, para tratar de finalizar un conflicto interno armado de m\u00e1s de 60 a\u00f1os que ha dejado alrededor \u200cde medio mill\u00f3n de muertos.<\/p>\n<p class=\"com-paragraph --s\">Los grupos armados han amenazado al nuevo gobierno con responder con represalias a los ataques de las fuerzas de seguridad.<\/p>\n<p class=\"com-paragraph --s\">El lunes por la noche, un coche bomba explot\u00f3 junto a una estaci\u00f3n de polic\u00eda de un municipio del noreste de Colombia cercano a la frontera con Venezuela, y dej\u00f3 <strong>un civil muerto, once heridos y parte del edificio destruido<\/strong>, seg\u00fan autoridades locales.<\/p>\n<p><h2 class=\"font-primary font-w-bold text-subheading-lg text-left container-center-100 mb-8\"><span>Atentado en el noroeste del pa\u00eds<\/span><\/h2>\n<\/p>\n<p class=\"com-paragraph --s\">La carga que explot\u00f3 frente a la estaci\u00f3n de polic\u00eda de <strong>Los Patios<\/strong>, municipio que hace parte del \u00e1rea metropolitana de C\u00facuta, la capital del departamento de Norte de Santander, <strong>fue detonada sobre la medianoche del lunes<\/strong>.<\/p>\n<p class=\"com-paragraph --s\">\u201c<strong>Nos solidarizamos con la familia de cada uno de los heridos de este atentado<\/strong>. Esperamos entonces el respaldo de la comunidad hacia nuestra polic\u00eda nacional\u201d, dijo en un video difundido a la prensa el gobernador de Norte de Santander, <strong>William Villamizar<\/strong>.<\/p>\n<div class=\"content-media cursor-pointer container-center-100\">\n<section class=\"media-container relative ratio-16-9 mod-media pb-32\">\n<figure class=\"mod-video\">\n<div class=\"video-player bg-black ratio-16-9\" data-has-jwplayer=\"true\" data-video-id-jw=\"uKE7w0nw\" data-config=\"{&quot;title&quot;:&quot;Im\u00e1genes del atentado en Los Patios, Colombia&quot;,&quot;mediaId&quot;:&quot;uKE7w0nw&quot;,&quot;playerId&quot;:&quot;ih0086X3&quot;,&quot;playlist&quot;:[{&quot;mediaid&quot;:&quot;uKE7w0nw&quot;,&quot;sources&quot;:[{&quot;file&quot;:&quot;https:\/\/cdn.jwplayer.com\/manifests\/uKE7w0nw.m3u8&quot;,&quot;type&quot;:&quot;application\/vnd.apple.mpegurl&quot;},{&quot;bitrate&quot;:439497,&quot;file&quot;:&quot;https:\/\/cdn.jwplayer.com\/videos\/uKE7w0nw-kTExGaWf.mp4&quot;,&quot;filesize&quot;:1208619,&quot;framerate&quot;:32,&quot;height&quot;:320,&quot;label&quot;:&quot;180p&quot;,&quot;type&quot;:&quot;video\/mp4&quot;,&quot;width&quot;:180},{&quot;bitrate&quot;:690295,&quot;file&quot;:&quot;https:\/\/cdn.jwplayer.com\/videos\/uKE7w0nw-K8B0kybS.mp4&quot;,&quot;filesize&quot;:1898313,&quot;framerate&quot;:32,&quot;height&quot;:480,&quot;label&quot;:&quot;270p&quot;,&quot;type&quot;:&quot;video\/mp4&quot;,&quot;width&quot;:270},{&quot;bitrate&quot;:115542,&quot;file&quot;:&quot;https:\/\/cdn.jwplayer.com\/videos\/uKE7w0nw-hz5z2Tv4.m4a&quot;,&quot;filesize&quot;:317743,&quot;label&quot;:&quot;AAC Audio&quot;,&quot;type&quot;:&quot;audio\/mp4&quot;},{&quot;bitrate&quot;:899466,&quot;file&quot;:&quot;https:\/\/cdn.jwplayer.com\/videos\/uKE7w0nw-FnZGUVnC.mp4&quot;,&quot;filesize&quot;:2473534,&quot;framerate&quot;:32,&quot;height&quot;:640,&quot;label&quot;:&quot;360p&quot;,&quot;type&quot;:&quot;video\/mp4&quot;,&quot;width&quot;:360},{&quot;bitrate&quot;:1522395,&quot;file&quot;:&quot;https:\/\/cdn.jwplayer.com\/videos\/uKE7w0nw-0G6Pwvlw.mp4&quot;,&quot;filesize&quot;:4186588,&quot;framerate&quot;:32,&quot;height&quot;:960,&quot;label&quot;:&quot;540p&quot;,&quot;type&quot;:&quot;video\/mp4&quot;,&quot;width&quot;:540}]}],&quot;hasAutoplay&quot;:false,&quot;autostart&quot;:true,&quot;tagsUrl&quot;:&quot;https:\/\/pubads.g.doubleclick.net\/gampad\/ads?slotname=\/133919216\/la_nacion_video\/nota\/preroll&amp;sz=640x480|400x300&amp;ciu_szs=300x250&amp;unviewed_position_start=1&amp;output=vast&amp;impl=s&amp;env=vp&amp;gdfp_req=1&amp;ad_rule=0&amp;vad_type=linear&amp;vpos=preroll&amp;cust_params=tags_nuevos%3Dte_colombia%2Cte_farc%2Cca_el_mundo%2C%2CDISHKLICJVCH7HVVQE5Z62XLMI&amp;pod=3&amp;ppos=1&amp;lip=true&amp;min_ad_duration=0&amp;max_ad_duration=30000&amp;vrid=6256&amp;url=https%3A%2F%2Fwww.lanacion.com.ar%2Fel-mundo%2Fel-mayor-ataque-contra-las-disidencias-desde-que-asumio-de-la-espriella-y-un-coche-bomba-reavivan-la-nid01092026%2F%3Fvariant%3DA&amp;description_url=https%3A%2F%2Fwww.lanacion.com.ar%2Fel-mundo%2Fel-mayor-ataque-contra-las-disidencias-desde-que-asumio-de-la-espriella-y-un-coche-bomba-reavivan-la-nid01092026%2F%3Fvariant%3DA&amp;video_doc_id=short_onecue&amp;cmsid=496&amp;kfa=0&amp;tfcd=0&amp;correlator=1788371161770&quot;,&quot;arcSite&quot;:&quot;la-nacion-ar&quot;,&quot;duration&quot;:&quot;22000&quot;}\">\n<div id=\"facade-uKE7w0nw\" class=\"content-facade-jw relative bg-black ratio-16-9\"><picture><source media=\"(max-width: 767px)\" srcset=\"https:\/\/www.lanacion.com.ar\/resizer\/v2\/https%3A%2F%2Fcdn.jwplayer.com%2Fv2%2Fmedia%2FuKE7w0nw%2Fposter.jpg%3Fwidth%3D720?auth=6ffbd2532f0315106fdd5a9d60c6b42cfef989b2d34bcb7073eee092b3268b4d&amp;width=480&amp;quality=70&amp;smart=false\"\/><img class=\"image com-image flex --cover\" decoding=\"async\" fetchpriority=\"low\" loading=\"lazy\" src=\"https:\/\/gysfm.com.ar\/inicio\/wp-content\/uploads\/2026\/09\/https:\/\/cdn.jwplayer.com\/v2\/media\/uKE7w0nw\/poster.jpg\" alt=\"Im\u00e1genes del atentado en Los Patios, Colombia\"\/><\/picture><\/div>\n<\/div><figcaption class=\"border border-1 border-bottom border-light-300 relative px-16 py-8 min-h-36 w-100_md px-0_l mb-8 bg-white\"><span class=\"text ln-text text-16 block\">Im\u00e1genes del atentado en Los Patios, Colombia<\/span><\/figcaption><\/figure>\n<\/section>\n<\/div>\n<p class=\"com-paragraph --s\">El gobernador pidi\u00f3 que los responsables del ataque sean identificados y capturados. En la zona operan varios grupos armados ilegales como la guerrilla <strong>Ej\u00e9rcito de Liberaci\u00f3n Nacional (ELN), en armas desde 1964<\/strong>.<\/p>\n<p class=\"com-paragraph --s\">De la Espriella asegur\u00f3 que asistir\u00e1, junto a la c\u00fapula de la fuerza p\u00fablica, a <strong>un consejo de seguridad de urgencia por el \u201catentado terrorista\u201d <\/strong>en Los Patios, fronterizo con Venezuela.<\/p>\n<p class=\"com-paragraph --s\">\u201c<strong>Vamos a perseguir con mano de hierro a quienes atenten contra los colombianos<\/strong>, hasta capturarlos, desmantelar sus estructuras y devolverles la tranquilidad a nuestras comunidades\u201d, indic\u00f3 el mandatario en X.<\/p>\n<p class=\"com-paragraph --s\">El coronel <strong>Jimmy Balalc\u00e1zar<\/strong>, comandante de la polic\u00eda local, indic\u00f3 que entre los heridos hay dos polic\u00edas, que est\u00e1n recibiendo atenci\u00f3n m\u00e9dica.<\/p>\n<p class=\"com-paragraph --s\">Uno de los uniformados tiene <strong>\u201cmutilaci\u00f3n de un miembro inferior y otro con esquirlas en su cuerpo\u201d<\/strong>, a\u00f1adi\u00f3 Balalc\u00e1zar.<\/p>\n<p class=\"com-paragraph --s\">Decenas de personas en motocicleta o a pie se deten\u00edan en la escena del atentado ocurrido cerca de la medianoche <strong>mientras el veh\u00edculo continuaba en llamas y rodeado de vidrios y muros rotos<\/strong>, registraron periodistas de la AFP.<\/p>\n<div class=\"content-media cursor-pointer container-center-100\">\n<section class=\"media-container relative ratio-16-9 mod-media pb-32\">\n<figure class=\"mod-video\">\n<div class=\"video-player bg-black ratio-16-9\" data-has-jwplayer=\"true\" data-video-id-jw=\"lwVulGyI\" data-config=\"{&quot;title&quot;:&quot;Im\u00e1genes del atentado en Los Patios, Colombia&quot;,&quot;mediaId&quot;:&quot;lwVulGyI&quot;,&quot;playerId&quot;:&quot;ih0086X3&quot;,&quot;playlist&quot;:[{&quot;mediaid&quot;:&quot;lwVulGyI&quot;,&quot;sources&quot;:[{&quot;file&quot;:&quot;https:\/\/cdn.jwplayer.com\/manifests\/lwVulGyI.m3u8&quot;,&quot;type&quot;:&quot;application\/vnd.apple.mpegurl&quot;},{&quot;bitrate&quot;:558242,&quot;file&quot;:&quot;https:\/\/cdn.jwplayer.com\/videos\/lwVulGyI-kTExGaWf.mp4&quot;,&quot;filesize&quot;:5233520,&quot;framerate&quot;:30,&quot;height&quot;:320,&quot;label&quot;:&quot;180p&quot;,&quot;type&quot;:&quot;video\/mp4&quot;,&quot;width&quot;:256},{&quot;bitrate&quot;:762643,&quot;file&quot;:&quot;https:\/\/cdn.jwplayer.com\/videos\/lwVulGyI-K8B0kybS.mp4&quot;,&quot;filesize&quot;:7149786,&quot;framerate&quot;:30,&quot;height&quot;:480,&quot;label&quot;:&quot;270p&quot;,&quot;type&quot;:&quot;video\/mp4&quot;,&quot;width&quot;:384},{&quot;bitrate&quot;:2600545,&quot;file&quot;:&quot;https:\/\/cdn.jwplayer.com\/videos\/lwVulGyI-46NIuRKO.mp4&quot;,&quot;filesize&quot;:24380116,&quot;framerate&quot;:30,&quot;height&quot;:1280,&quot;label&quot;:&quot;720p&quot;,&quot;type&quot;:&quot;video\/mp4&quot;,&quot;width&quot;:1024},{&quot;bitrate&quot;:114544,&quot;file&quot;:&quot;https:\/\/cdn.jwplayer.com\/videos\/lwVulGyI-hz5z2Tv4.m4a&quot;,&quot;filesize&quot;:1073850,&quot;label&quot;:&quot;AAC Audio&quot;,&quot;type&quot;:&quot;audio\/mp4&quot;},{&quot;bitrate&quot;:1023769,&quot;file&quot;:&quot;https:\/\/cdn.jwplayer.com\/videos\/lwVulGyI-FnZGUVnC.mp4&quot;,&quot;filesize&quot;:9597835,&quot;framerate&quot;:30,&quot;height&quot;:640,&quot;label&quot;:&quot;360p&quot;,&quot;type&quot;:&quot;video\/mp4&quot;,&quot;width&quot;:512},{&quot;bitrate&quot;:1727514,&quot;file&quot;:&quot;https:\/\/cdn.jwplayer.com\/videos\/lwVulGyI-0G6Pwvlw.mp4&quot;,&quot;filesize&quot;:16195446,&quot;framerate&quot;:30,&quot;height&quot;:960,&quot;label&quot;:&quot;540p&quot;,&quot;type&quot;:&quot;video\/mp4&quot;,&quot;width&quot;:768}]}],&quot;hasAutoplay&quot;:false,&quot;autostart&quot;:true,&quot;tagsUrl&quot;:&quot;https:\/\/pubads.g.doubleclick.net\/gampad\/ads?slotname=\/133919216\/la_nacion_video\/nota\/preroll&amp;sz=640x480|400x300&amp;ciu_szs=300x250&amp;unviewed_position_start=1&amp;output=vast&amp;impl=s&amp;env=vp&amp;gdfp_req=1&amp;ad_rule=0&amp;vad_type=linear&amp;vpos=preroll&amp;cust_params=tags_nuevos%3Dte_colombia%2Cte_farc%2Cca_el_mundo%2C%2CDISHKLICJVCH7HVVQE5Z62XLMI&amp;pod=3&amp;ppos=1&amp;lip=true&amp;min_ad_duration=0&amp;max_ad_duration=30000&amp;vrid=6256&amp;url=https%3A%2F%2Fwww.lanacion.com.ar%2Fel-mundo%2Fel-mayor-ataque-contra-las-disidencias-desde-que-asumio-de-la-espriella-y-un-coche-bomba-reavivan-la-nid01092026%2F%3Fvariant%3DA&amp;description_url=https%3A%2F%2Fwww.lanacion.com.ar%2Fel-mundo%2Fel-mayor-ataque-contra-las-disidencias-desde-que-asumio-de-la-espriella-y-un-coche-bomba-reavivan-la-nid01092026%2F%3Fvariant%3DA&amp;video_doc_id=short_onecue&amp;cmsid=496&amp;kfa=0&amp;tfcd=0&amp;correlator=1788371161770&quot;,&quot;arcSite&quot;:&quot;la-nacion-ar&quot;,&quot;duration&quot;:&quot;75000&quot;}\">\n<div id=\"facade-lwVulGyI\" class=\"content-facade-jw relative bg-black ratio-16-9\"><picture><source media=\"(max-width: 767px)\" srcset=\"https:\/\/www.lanacion.com.ar\/resizer\/v2\/https%3A%2F%2Fcdn.jwplayer.com%2Fv2%2Fmedia%2FlwVulGyI%2Fposter.jpg%3Fwidth%3D720?auth=ff9d64c383321659dabb6c1243a9bbb5ab601f2d14f153db8c277b7db5fd6a81&amp;width=480&amp;quality=70&amp;smart=false\"\/><img class=\"image com-image flex --cover\" decoding=\"async\" fetchpriority=\"low\" loading=\"lazy\" src=\"https:\/\/gysfm.com.ar\/inicio\/wp-content\/uploads\/2026\/09\/https:\/\/cdn.jwplayer.com\/v2\/media\/lwVulGyI\/poster.jpg\" alt=\"Im\u00e1genes del atentado en Los Patios, Colombia\"\/><\/picture><\/div>\n<\/div><figcaption class=\"border border-1 border-bottom border-light-300 relative px-16 py-8 min-h-36 w-100_md px-0_l mb-8 bg-white\"><span class=\"text ln-text text-16 block\">Im\u00e1genes del atentado en Los Patios, Colombia<\/span><\/figcaption><\/figure>\n<\/section>\n<\/div>\n<p class=\"com-paragraph --s\">El auto usado en el atentado fue robado y su color modificado para simular un taxi. <strong>Llevaba aproximadamente 80 kilos de explosivos <\/strong>y fue detonado a control remoto, seg\u00fan la polic\u00eda.<\/p>\n<p class=\"com-paragraph --s\">El ataque ocurre en medio de <a href=\"https:\/\/www.lanacion.com.ar\/el-mundo\/los-desafios-que-enfrenta-de-la-espriella-para-gobernar-una-colombia-profundamente-dividida-nid08082026\/\" target=\"_self\" title=\"https:\/\/www.lanacion.com.ar\/el-mundo\/los-desafios-que-enfrenta-de-la-espriella-para-gobernar-una-colombia-profundamente-dividida-nid08082026\/\" class=\"com-link break-word\" data-mrf-recirculation=\"n_link_parrafo\"><strong>la peor ola de violencia en las \u00faltimas dos d\u00e9cadas en el pa\u00eds<\/strong><\/a>, avivada por el conflicto entre guerrillas y otras organizaciones que se disputan las rentas del narcotr\u00e1fico.<\/p>\n<p class=\"com-paragraph --s\"><strong>Agencias AP, AFP y Reuters<\/strong><\/p>\n<section class=\"container-center-100 mb-40 border border-bottom border-thin border-neutral-light-700\">\n<hr\/>\n<\/section>\n<\/div>\n<p><script id=\"facebookpixel\" defer=\"\" type=\"text\/javascript\">\n        !function(f,b,e,v,n,t,s)\n        {if(f.fbq)return;n=f.fbq=function(){n.callMethod?\n        n.callMethod.apply(n,arguments):n.queue.push(arguments)};\n        if(!f._fbq)f._fbq=n;n.push=n;n.loaded=!0;n.version='2.0';\n        n.queue=[];t=b.createElement(e);t.async=!0;\n        t.src=v;s=b.getElementsByTagName(e)[0];\n        s.parentNode.insertBefore(t,s)}(window, document,'script',\n        'https:\/\/connect.facebook.net\/en_US\/fbevents.js');\n        fbq('init', '492459597522335');\n        fbq('track', 'PageView');\n    <\/script><br \/>\n<br \/><\/p>\n","protected":false},"excerpt":{"rendered":"<p>BOGOT\u00c1.\u2013 Veinte disidentes de las FARC, incluido uno de sus l\u00edderes, \u200cmurieron en \u200cun \u2060bombardeo como parte de una ofensiva militar ordenada el lunes por el recientemente posesionado presidente de Colombia, Abelardo De La Espriella, \u200bquien termin\u00f3 los \u2060di\u00e1logos \u2060con los grupos armados y prometi\u00f3 mano dura para recuperar \u200bla seguridad en el pa\u00eds. El [&hellip;]<\/p>\n","protected":false},"author":2,"featured_media":210199,"comment_status":"closed","ping_status":"closed","sticky":false,"template":"","format":"standard","meta":{"footnotes":""},"categories":[26],"tags":[],"class_list":["post-210198","post","type-post","status-publish","format-standard","has-post-thumbnail","hentry","category-internacionales"],"yoast_head":"<!-- This site is optimized with the Yoast SEO plugin v24.4 - https:\/\/yoast.com\/wordpress\/plugins\/seo\/ -->\n<title>El mayor ataque contra las disidencias desde que asumi\u00f3 De La Espriella y un coche bomba reavivan la violencia en Colombia - GYS NOTICIAS |<\/title>\n<meta name=\"robots\" content=\"index, follow, max-snippet:-1, max-image-preview:large, max-video-preview:-1\" \/>\n<link rel=\"canonical\" href=\"https:\/\/gysfm.com.ar\/inicio\/el-mayor-ataque-contra-las-disidencias-desde-que-asumio-de-la-espriella-y-un-coche-bomba-reavivan-la-violencia-en-colombia\/\" \/>\n<meta property=\"og:locale\" content=\"es_ES\" \/>\n<meta property=\"og:type\" content=\"article\" \/>\n<meta property=\"og:title\" content=\"El mayor ataque contra las disidencias desde que asumi\u00f3 De La Espriella y un coche bomba reavivan la violencia en Colombia - GYS NOTICIAS |\" \/>\n<meta property=\"og:description\" content=\"BOGOT\u00c1.\u2013 Veinte disidentes de las FARC, incluido uno de sus l\u00edderes, \u200cmurieron en \u200cun \u2060bombardeo como parte de una ofensiva militar ordenada el lunes por el recientemente posesionado presidente de Colombia, Abelardo De La Espriella, \u200bquien termin\u00f3 los \u2060di\u00e1logos \u2060con los grupos armados y prometi\u00f3 mano dura para recuperar \u200bla seguridad en el pa\u00eds. El [&hellip;]\" \/>\n<meta property=\"og:url\" content=\"https:\/\/gysfm.com.ar\/inicio\/el-mayor-ataque-contra-las-disidencias-desde-que-asumio-de-la-espriella-y-un-coche-bomba-reavivan-la-violencia-en-colombia\/\" \/>\n<meta property=\"og:site_name\" content=\"GYS NOTICIAS |\" \/>\n<meta property=\"article:published_time\" content=\"2026-09-02T17:59:14+00:00\" \/>\n<meta property=\"article:modified_time\" content=\"2026-09-02T17:59:15+00:00\" \/>\n<meta property=\"og:image\" content=\"https:\/\/gysfm.com.ar\/inicio\/wp-content\/uploads\/2026\/09\/policias-e-investigadores-inspeccionan-la-Y3MPYV4PNRCAPGC6DUPCABBHEE.jpg\" \/>\n\t<meta property=\"og:image:width\" content=\"1200\" \/>\n\t<meta property=\"og:image:height\" content=\"800\" \/>\n\t<meta property=\"og:image:type\" content=\"image\/jpeg\" \/>\n<meta name=\"author\" content=\"Prensa G&amp;S FM\" \/>\n<meta name=\"twitter:card\" content=\"summary_large_image\" \/>\n<meta name=\"twitter:label1\" content=\"Escrito por\" \/>\n\t<meta name=\"twitter:data1\" content=\"Prensa G&amp;S FM\" \/>\n\t<meta name=\"twitter:label2\" content=\"Tiempo de lectura\" \/>\n\t<meta name=\"twitter:data2\" content=\"4 minutos\" \/>\n<script type=\"application\/ld+json\" class=\"yoast-schema-graph\">{\"@context\":\"https:\/\/schema.org\",\"@graph\":[{\"@type\":\"Article\",\"@id\":\"https:\/\/gysfm.com.ar\/inicio\/el-mayor-ataque-contra-las-disidencias-desde-que-asumio-de-la-espriella-y-un-coche-bomba-reavivan-la-violencia-en-colombia\/#article\",\"isPartOf\":{\"@id\":\"https:\/\/gysfm.com.ar\/inicio\/el-mayor-ataque-contra-las-disidencias-desde-que-asumio-de-la-espriella-y-un-coche-bomba-reavivan-la-violencia-en-colombia\/\"},\"author\":{\"name\":\"Prensa G&amp;S FM\",\"@id\":\"https:\/\/gysfm.com.ar\/inicio\/#\/schema\/person\/3abba7593ef2ad19e1be221d54383dc5\"},\"headline\":\"El mayor ataque contra las disidencias desde que asumi\u00f3 De La Espriella y un coche bomba reavivan la violencia en Colombia\",\"datePublished\":\"2026-09-02T17:59:14+00:00\",\"dateModified\":\"2026-09-02T17:59:15+00:00\",\"mainEntityOfPage\":{\"@id\":\"https:\/\/gysfm.com.ar\/inicio\/el-mayor-ataque-contra-las-disidencias-desde-que-asumio-de-la-espriella-y-un-coche-bomba-reavivan-la-violencia-en-colombia\/\"},\"wordCount\":758,\"publisher\":{\"@id\":\"https:\/\/gysfm.com.ar\/inicio\/#organization\"},\"image\":{\"@id\":\"https:\/\/gysfm.com.ar\/inicio\/el-mayor-ataque-contra-las-disidencias-desde-que-asumio-de-la-espriella-y-un-coche-bomba-reavivan-la-violencia-en-colombia\/#primaryimage\"},\"thumbnailUrl\":\"https:\/\/gysfm.com.ar\/inicio\/wp-content\/uploads\/2026\/09\/policias-e-investigadores-inspeccionan-la-Y3MPYV4PNRCAPGC6DUPCABBHEE.jpg\",\"articleSection\":[\"INTERNACIONALES\"],\"inLanguage\":\"es\"},{\"@type\":\"WebPage\",\"@id\":\"https:\/\/gysfm.com.ar\/inicio\/el-mayor-ataque-contra-las-disidencias-desde-que-asumio-de-la-espriella-y-un-coche-bomba-reavivan-la-violencia-en-colombia\/\",\"url\":\"https:\/\/gysfm.com.ar\/inicio\/el-mayor-ataque-contra-las-disidencias-desde-que-asumio-de-la-espriella-y-un-coche-bomba-reavivan-la-violencia-en-colombia\/\",\"name\":\"El mayor ataque contra las disidencias desde que asumi\u00f3 De La Espriella y un coche bomba reavivan la violencia en Colombia - GYS NOTICIAS |\",\"isPartOf\":{\"@id\":\"https:\/\/gysfm.com.ar\/inicio\/#website\"},\"primaryImageOfPage\":{\"@id\":\"https:\/\/gysfm.com.ar\/inicio\/el-mayor-ataque-contra-las-disidencias-desde-que-asumio-de-la-espriella-y-un-coche-bomba-reavivan-la-violencia-en-colombia\/#primaryimage\"},\"image\":{\"@id\":\"https:\/\/gysfm.com.ar\/inicio\/el-mayor-ataque-contra-las-disidencias-desde-que-asumio-de-la-espriella-y-un-coche-bomba-reavivan-la-violencia-en-colombia\/#primaryimage\"},\"thumbnailUrl\":\"https:\/\/gysfm.com.ar\/inicio\/wp-content\/uploads\/2026\/09\/policias-e-investigadores-inspeccionan-la-Y3MPYV4PNRCAPGC6DUPCABBHEE.jpg\",\"datePublished\":\"2026-09-02T17:59:14+00:00\",\"dateModified\":\"2026-09-02T17:59:15+00:00\",\"breadcrumb\":{\"@id\":\"https:\/\/gysfm.com.ar\/inicio\/el-mayor-ataque-contra-las-disidencias-desde-que-asumio-de-la-espriella-y-un-coche-bomba-reavivan-la-violencia-en-colombia\/#breadcrumb\"},\"inLanguage\":\"es\",\"potentialAction\":[{\"@type\":\"ReadAction\",\"target\":[\"https:\/\/gysfm.com.ar\/inicio\/el-mayor-ataque-contra-las-disidencias-desde-que-asumio-de-la-espriella-y-un-coche-bomba-reavivan-la-violencia-en-colombia\/\"]}]},{\"@type\":\"ImageObject\",\"inLanguage\":\"es\",\"@id\":\"https:\/\/gysfm.com.ar\/inicio\/el-mayor-ataque-contra-las-disidencias-desde-que-asumio-de-la-espriella-y-un-coche-bomba-reavivan-la-violencia-en-colombia\/#primaryimage\",\"url\":\"https:\/\/gysfm.com.ar\/inicio\/wp-content\/uploads\/2026\/09\/policias-e-investigadores-inspeccionan-la-Y3MPYV4PNRCAPGC6DUPCABBHEE.jpg\",\"contentUrl\":\"https:\/\/gysfm.com.ar\/inicio\/wp-content\/uploads\/2026\/09\/policias-e-investigadores-inspeccionan-la-Y3MPYV4PNRCAPGC6DUPCABBHEE.jpg\",\"width\":1200,\"height\":800},{\"@type\":\"BreadcrumbList\",\"@id\":\"https:\/\/gysfm.com.ar\/inicio\/el-mayor-ataque-contra-las-disidencias-desde-que-asumio-de-la-espriella-y-un-coche-bomba-reavivan-la-violencia-en-colombia\/#breadcrumb\",\"itemListElement\":[{\"@type\":\"ListItem\",\"position\":1,\"name\":\"Portada\",\"item\":\"https:\/\/gysfm.com.ar\/inicio\/\"},{\"@type\":\"ListItem\",\"position\":2,\"name\":\"El mayor ataque contra las disidencias desde que asumi\u00f3 De La Espriella y un coche bomba reavivan la violencia en Colombia\"}]},{\"@type\":\"WebSite\",\"@id\":\"https:\/\/gysfm.com.ar\/inicio\/#website\",\"url\":\"https:\/\/gysfm.com.ar\/inicio\/\",\"name\":\"GYS NOTICIAS |\",\"description\":\"DIARIO - RADIO ONLINE SAN JUAN ARGENTINA\",\"publisher\":{\"@id\":\"https:\/\/gysfm.com.ar\/inicio\/#organization\"},\"potentialAction\":[{\"@type\":\"SearchAction\",\"target\":{\"@type\":\"EntryPoint\",\"urlTemplate\":\"https:\/\/gysfm.com.ar\/inicio\/?s={search_term_string}\"},\"query-input\":{\"@type\":\"PropertyValueSpecification\",\"valueRequired\":true,\"valueName\":\"search_term_string\"}}],\"inLanguage\":\"es\"},{\"@type\":\"Organization\",\"@id\":\"https:\/\/gysfm.com.ar\/inicio\/#organization\",\"name\":\"GYS NOTICIAS |\",\"url\":\"https:\/\/gysfm.com.ar\/inicio\/\",\"logo\":{\"@type\":\"ImageObject\",\"inLanguage\":\"es\",\"@id\":\"https:\/\/gysfm.com.ar\/inicio\/#\/schema\/logo\/image\/\",\"url\":\"https:\/\/gysfm.com.ar\/inicio\/wp-content\/uploads\/2023\/07\/LOGOGYS-OK.png\",\"contentUrl\":\"https:\/\/gysfm.com.ar\/inicio\/wp-content\/uploads\/2023\/07\/LOGOGYS-OK.png\",\"width\":1170,\"height\":872,\"caption\":\"GYS NOTICIAS |\"},\"image\":{\"@id\":\"https:\/\/gysfm.com.ar\/inicio\/#\/schema\/logo\/image\/\"}},{\"@type\":\"Person\",\"@id\":\"https:\/\/gysfm.com.ar\/inicio\/#\/schema\/person\/3abba7593ef2ad19e1be221d54383dc5\",\"name\":\"Prensa G&amp;S FM\",\"image\":{\"@type\":\"ImageObject\",\"inLanguage\":\"es\",\"@id\":\"https:\/\/gysfm.com.ar\/inicio\/#\/schema\/person\/image\/\",\"url\":\"https:\/\/secure.gravatar.com\/avatar\/096ec78df02049ab018702bb4ccedf659377fa92a26540b5247612077a0dbd29?s=96&d=mm&r=g\",\"contentUrl\":\"https:\/\/secure.gravatar.com\/avatar\/096ec78df02049ab018702bb4ccedf659377fa92a26540b5247612077a0dbd29?s=96&d=mm&r=g\",\"caption\":\"Prensa G&amp;S FM\"},\"sameAs\":[\"https:\/\/gysfm.com.ar\/\"],\"url\":\"https:\/\/gysfm.com.ar\/inicio\/author\/lucasm\/\"}]}<\/script>\n<!-- \/ Yoast SEO plugin. -->","yoast_head_json":{"title":"El mayor ataque contra las disidencias desde que asumi\u00f3 De La Espriella y un coche bomba reavivan la violencia en Colombia - GYS NOTICIAS |","robots":{"index":"index","follow":"follow","max-snippet":"max-snippet:-1","max-image-preview":"max-image-preview:large","max-video-preview":"max-video-preview:-1"},"canonical":"https:\/\/gysfm.com.ar\/inicio\/el-mayor-ataque-contra-las-disidencias-desde-que-asumio-de-la-espriella-y-un-coche-bomba-reavivan-la-violencia-en-colombia\/","og_locale":"es_ES","og_type":"article","og_title":"El mayor ataque contra las disidencias desde que asumi\u00f3 De La Espriella y un coche bomba reavivan la violencia en Colombia - GYS NOTICIAS |","og_description":"BOGOT\u00c1.\u2013 Veinte disidentes de las FARC, incluido uno de sus l\u00edderes, \u200cmurieron en \u200cun \u2060bombardeo como parte de una ofensiva militar ordenada el lunes por el recientemente posesionado presidente de Colombia, Abelardo De La Espriella, \u200bquien termin\u00f3 los \u2060di\u00e1logos \u2060con los grupos armados y prometi\u00f3 mano dura para recuperar \u200bla seguridad en el pa\u00eds. El [&hellip;]","og_url":"https:\/\/gysfm.com.ar\/inicio\/el-mayor-ataque-contra-las-disidencias-desde-que-asumio-de-la-espriella-y-un-coche-bomba-reavivan-la-violencia-en-colombia\/","og_site_name":"GYS NOTICIAS |","article_published_time":"2026-09-02T17:59:14+00:00","article_modified_time":"2026-09-02T17:59:15+00:00","og_image":[{"width":1200,"height":800,"url":"https:\/\/gysfm.com.ar\/inicio\/wp-content\/uploads\/2026\/09\/policias-e-investigadores-inspeccionan-la-Y3MPYV4PNRCAPGC6DUPCABBHEE.jpg","type":"image\/jpeg"}],"author":"Prensa G&amp;S FM","twitter_card":"summary_large_image","twitter_misc":{"Escrito por":"Prensa G&amp;S FM","Tiempo de lectura":"4 minutos"},"schema":{"@context":"https:\/\/schema.org","@graph":[{"@type":"Article","@id":"https:\/\/gysfm.com.ar\/inicio\/el-mayor-ataque-contra-las-disidencias-desde-que-asumio-de-la-espriella-y-un-coche-bomba-reavivan-la-violencia-en-colombia\/#article","isPartOf":{"@id":"https:\/\/gysfm.com.ar\/inicio\/el-mayor-ataque-contra-las-disidencias-desde-que-asumio-de-la-espriella-y-un-coche-bomba-reavivan-la-violencia-en-colombia\/"},"author":{"name":"Prensa G&amp;S FM","@id":"https:\/\/gysfm.com.ar\/inicio\/#\/schema\/person\/3abba7593ef2ad19e1be221d54383dc5"},"headline":"El mayor ataque contra las disidencias desde que asumi\u00f3 De La Espriella y un coche bomba reavivan la violencia en Colombia","datePublished":"2026-09-02T17:59:14+00:00","dateModified":"2026-09-02T17:59:15+00:00","mainEntityOfPage":{"@id":"https:\/\/gysfm.com.ar\/inicio\/el-mayor-ataque-contra-las-disidencias-desde-que-asumio-de-la-espriella-y-un-coche-bomba-reavivan-la-violencia-en-colombia\/"},"wordCount":758,"publisher":{"@id":"https:\/\/gysfm.com.ar\/inicio\/#organization"},"image":{"@id":"https:\/\/gysfm.com.ar\/inicio\/el-mayor-ataque-contra-las-disidencias-desde-que-asumio-de-la-espriella-y-un-coche-bomba-reavivan-la-violencia-en-colombia\/#primaryimage"},"thumbnailUrl":"https:\/\/gysfm.com.ar\/inicio\/wp-content\/uploads\/2026\/09\/policias-e-investigadores-inspeccionan-la-Y3MPYV4PNRCAPGC6DUPCABBHEE.jpg","articleSection":["INTERNACIONALES"],"inLanguage":"es"},{"@type":"WebPage","@id":"https:\/\/gysfm.com.ar\/inicio\/el-mayor-ataque-contra-las-disidencias-desde-que-asumio-de-la-espriella-y-un-coche-bomba-reavivan-la-violencia-en-colombia\/","url":"https:\/\/gysfm.com.ar\/inicio\/el-mayor-ataque-contra-las-disidencias-desde-que-asumio-de-la-espriella-y-un-coche-bomba-reavivan-la-violencia-en-colombia\/","name":"El mayor ataque contra las disidencias desde que asumi\u00f3 De La Espriella y un coche bomba reavivan la violencia en Colombia - GYS NOTICIAS |","isPartOf":{"@id":"https:\/\/gysfm.com.ar\/inicio\/#website"},"primaryImageOfPage":{"@id":"https:\/\/gysfm.com.ar\/inicio\/el-mayor-ataque-contra-las-disidencias-desde-que-asumio-de-la-espriella-y-un-coche-bomba-reavivan-la-violencia-en-colombia\/#primaryimage"},"image":{"@id":"https:\/\/gysfm.com.ar\/inicio\/el-mayor-ataque-contra-las-disidencias-desde-que-asumio-de-la-espriella-y-un-coche-bomba-reavivan-la-violencia-en-colombia\/#primaryimage"},"thumbnailUrl":"https:\/\/gysfm.com.ar\/inicio\/wp-content\/uploads\/2026\/09\/policias-e-investigadores-inspeccionan-la-Y3MPYV4PNRCAPGC6DUPCABBHEE.jpg","datePublished":"2026-09-02T17:59:14+00:00","dateModified":"2026-09-02T17:59:15+00:00","breadcrumb":{"@id":"https:\/\/gysfm.com.ar\/inicio\/el-mayor-ataque-contra-las-disidencias-desde-que-asumio-de-la-espriella-y-un-coche-bomba-reavivan-la-violencia-en-colombia\/#breadcrumb"},"inLanguage":"es","potentialAction":[{"@type":"ReadAction","target":["https:\/\/gysfm.com.ar\/inicio\/el-mayor-ataque-contra-las-disidencias-desde-que-asumio-de-la-espriella-y-un-coche-bomba-reavivan-la-violencia-en-colombia\/"]}]},{"@type":"ImageObject","inLanguage":"es","@id":"https:\/\/gysfm.com.ar\/inicio\/el-mayor-ataque-contra-las-disidencias-desde-que-asumio-de-la-espriella-y-un-coche-bomba-reavivan-la-violencia-en-colombia\/#primaryimage","url":"https:\/\/gysfm.com.ar\/inicio\/wp-content\/uploads\/2026\/09\/policias-e-investigadores-inspeccionan-la-Y3MPYV4PNRCAPGC6DUPCABBHEE.jpg","contentUrl":"https:\/\/gysfm.com.ar\/inicio\/wp-content\/uploads\/2026\/09\/policias-e-investigadores-inspeccionan-la-Y3MPYV4PNRCAPGC6DUPCABBHEE.jpg","width":1200,"height":800},{"@type":"BreadcrumbList","@id":"https:\/\/gysfm.com.ar\/inicio\/el-mayor-ataque-contra-las-disidencias-desde-que-asumio-de-la-espriella-y-un-coche-bomba-reavivan-la-violencia-en-colombia\/#breadcrumb","itemListElement":[{"@type":"ListItem","position":1,"name":"Portada","item":"https:\/\/gysfm.com.ar\/inicio\/"},{"@type":"ListItem","position":2,"name":"El mayor ataque contra las disidencias desde que asumi\u00f3 De La Espriella y un coche bomba reavivan la violencia en Colombia"}]},{"@type":"WebSite","@id":"https:\/\/gysfm.com.ar\/inicio\/#website","url":"https:\/\/gysfm.com.ar\/inicio\/","name":"GYS NOTICIAS |","description":"DIARIO - RADIO ONLINE SAN JUAN ARGENTINA","publisher":{"@id":"https:\/\/gysfm.com.ar\/inicio\/#organization"},"potentialAction":[{"@type":"SearchAction","target":{"@type":"EntryPoint","urlTemplate":"https:\/\/gysfm.com.ar\/inicio\/?s={search_term_string}"},"query-input":{"@type":"PropertyValueSpecification","valueRequired":true,"valueName":"search_term_string"}}],"inLanguage":"es"},{"@type":"Organization","@id":"https:\/\/gysfm.com.ar\/inicio\/#organization","name":"GYS NOTICIAS |","url":"https:\/\/gysfm.com.ar\/inicio\/","logo":{"@type":"ImageObject","inLanguage":"es","@id":"https:\/\/gysfm.com.ar\/inicio\/#\/schema\/logo\/image\/","url":"https:\/\/gysfm.com.ar\/inicio\/wp-content\/uploads\/2023\/07\/LOGOGYS-OK.png","contentUrl":"https:\/\/gysfm.com.ar\/inicio\/wp-content\/uploads\/2023\/07\/LOGOGYS-OK.png","width":1170,"height":872,"caption":"GYS NOTICIAS |"},"image":{"@id":"https:\/\/gysfm.com.ar\/inicio\/#\/schema\/logo\/image\/"}},{"@type":"Person","@id":"https:\/\/gysfm.com.ar\/inicio\/#\/schema\/person\/3abba7593ef2ad19e1be221d54383dc5","name":"Prensa G&amp;S FM","image":{"@type":"ImageObject","inLanguage":"es","@id":"https:\/\/gysfm.com.ar\/inicio\/#\/schema\/person\/image\/","url":"https:\/\/secure.gravatar.com\/avatar\/096ec78df02049ab018702bb4ccedf659377fa92a26540b5247612077a0dbd29?s=96&d=mm&r=g","contentUrl":"https:\/\/secure.gravatar.com\/avatar\/096ec78df02049ab018702bb4ccedf659377fa92a26540b5247612077a0dbd29?s=96&d=mm&r=g","caption":"Prensa G&amp;S FM"},"sameAs":["https:\/\/gysfm.com.ar\/"],"url":"https:\/\/gysfm.com.ar\/inicio\/author\/lucasm\/"}]}},"_links":{"self":[{"href":"https:\/\/gysfm.com.ar\/inicio\/wp-json\/wp\/v2\/posts\/210198","targetHints":{"allow":["GET"]}}],"collection":[{"href":"https:\/\/gysfm.com.ar\/inicio\/wp-json\/wp\/v2\/posts"}],"about":[{"href":"https:\/\/gysfm.com.ar\/inicio\/wp-json\/wp\/v2\/types\/post"}],"author":[{"embeddable":true,"href":"https:\/\/gysfm.com.ar\/inicio\/wp-json\/wp\/v2\/users\/2"}],"replies":[{"embeddable":true,"href":"https:\/\/gysfm.com.ar\/inicio\/wp-json\/wp\/v2\/comments?post=210198"}],"version-history":[{"count":1,"href":"https:\/\/gysfm.com.ar\/inicio\/wp-json\/wp\/v2\/posts\/210198\/revisions"}],"predecessor-version":[{"id":210200,"href":"https:\/\/gysfm.com.ar\/inicio\/wp-json\/wp\/v2\/posts\/210198\/revisions\/210200"}],"wp:featuredmedia":[{"embeddable":true,"href":"https:\/\/gysfm.com.ar\/inicio\/wp-json\/wp\/v2\/media\/210199"}],"wp:attachment":[{"href":"https:\/\/gysfm.com.ar\/inicio\/wp-json\/wp\/v2\/media?parent=210198"}],"wp:term":[{"taxonomy":"category","embeddable":true,"href":"https:\/\/gysfm.com.ar\/inicio\/wp-json\/wp\/v2\/categories?post=210198"},{"taxonomy":"post_tag","embeddable":true,"href":"https:\/\/gysfm.com.ar\/inicio\/wp-json\/wp\/v2\/tags?post=210198"}],"curies":[{"name":"wp","href":"https:\/\/api.w.org\/{rel}","templated":true}]}}