{"id":210196,"date":"2026-09-02T14:21:17","date_gmt":"2026-09-02T17:21:17","guid":{"rendered":"https:\/\/gysfm.com.ar\/inicio\/cuanto-cuesta-comprar-un-departamento-en-2026-2\/"},"modified":"2026-09-02T14:21:17","modified_gmt":"2026-09-02T17:21:17","slug":"cuanto-cuesta-comprar-un-departamento-en-2026-2","status":"publish","type":"post","link":"https:\/\/gysfm.com.ar\/inicio\/cuanto-cuesta-comprar-un-departamento-en-2026-2\/","title":{"rendered":"\u00bfcu\u00e1nto cuesta comprar un departamento en 2026?"},"content":{"rendered":"<p> <br \/>\n<\/p>\n<div id=\"\">\n<p id=\"p-1788278954135-39258\" class=\"\">Comprar una vivienda propia implica mirar cu\u00e1nto cuesta la propiedad y qu\u00e9 parte se puede financiar. En <strong>C\u00f3rdoba<\/strong>, el nuevo impulso al <strong>cr\u00e9dito hipotecario<\/strong> abre otra posibilidad para quienes necesitan recurrir a un pr\u00e9stamo para llegar a su casa.<\/p>\n<\/div>\n<div id=\"\">\n<p id=\"p-1788278954135-81459\" class=\"\">Los valores cambian bastante seg\u00fan la zona elegida. <strong>Dentro de la capital <\/strong>hay barrios con diferencias muy marcadas en el precio de los departamentos, mientras que <strong>Villa Carlos Paz tambi\u00e9n presenta alternativas<\/strong> con montos muy distintos entre s\u00ed.<\/p>\n<\/div>\n<div id=\"\">\n<div contenteditable=\"false\" class=\"embed_cont type_imagen\" id=\"8272368-Libre-1324704600_wrap\">\n<div id=\"8272368-Libre-1324704600_content\" class=\"embed_content\"><img src=\"https:\/\/media.ambito.com\/p\/38145d21fd16c12a48d9db5ea72c6f6c\/adjuntos\/239\/imagenes\/043\/615\/0043615753\/730x0\/709x484:729x504\/cordoba-georgina-baigorria.jpg\" decoding=\"async\" fetchpriority=\"low\" loading=\"lazy\" alt=\"Los nuevos desarrollos en zonas como Jardines del Valle disparan los valores por encima de los u$s2.500.\" title=\"Los nuevos desarrollos en zonas como Jardines del Valle disparan los valores por encima de los u$s2.500.\" width=\"730\" height=\"undefined\" id=\"8272368-Libre-1324704600_embed\"\/><\/div>\n<div class=\"embed_wrapper-cont\" id=\"p-1788278982755-51914\">\n<div id=\"8272368-Libre-1324704600_epigrafe\" class=\"embed_epigrafe\">\n<p id=\"p-1788279310062-40663\">Los nuevos desarrollos en zonas como Jardines del Valle disparan los valores por encima de los u$s2.500.<\/p>\n<\/div>\n<p>Georgina Baigorria<\/p>\n<\/div><\/div>\n<h2 id=\"p-1788278954135-31412\">Requisitos y condiciones de los nuevos cr\u00e9ditos hipotecarios<\/h2>\n<p id=\"p-1788278954135-88179\" class=\"\">El nuevo programa busca ampliar el financiamiento destinado a la primera vivienda y contar\u00e1 con $2 billones provenientes del<strong> Fondo de Garant\u00eda de Sustentabilidad de la ANSES<\/strong>. El dinero llegar\u00e1 a los compradores a trav\u00e9s de las entidades financieras.<\/p>\n<\/div>\n<div id=\"\">\n<p id=\"p-1788278954135-98203\" class=\"\">Los pr\u00e9stamos estar\u00e1n destinados a personas y podr\u00e1n utilizarse para comprar una propiedad, construir, ampliar o realizar refacciones. En todos los casos, deber\u00e1n estar vinculados con una primera vivienda.<\/p>\n<\/div>\n<div id=\"\">\n<p id=\"p-1788278954135-62716\" class=\"\">El monto m\u00e1ximo de cada cr\u00e9dito <strong>ser\u00e1 equivalente a 150.000 UVA<\/strong>, mientras que el plazo m\u00ednimo ser\u00e1 de 15 a\u00f1os. Los bancos que accedan al programa tampoco podr\u00e1n ofrecer una tasa superior a <strong>UVA m\u00e1s 7,5%<\/strong>.<\/p>\n<\/div>\n<div id=\"\">\n<h2 id=\"p-1788278954135-79130\">Precios promedio de departamentos en C\u00f3rdoba capital<\/h2>\n<p id=\"p-1788278954135-97446\" class=\"\">Los precios muestran diferencias importantes entre los distintos barrios de la ciudad. Entre los 15 sectores con mayor oferta de departamentos en venta, la brecha entre los extremos llega al 113%.<\/p>\n<p id=\"p-1788278954135-35685\" class=\"\"><strong>Providencia aparece como el m\u00e1s econ\u00f3mico de ese grupo, con un valor cercano a los u$s1.067 por metro cuadrado<\/strong>. En el otro extremo se encuentra Villa Belgrano, donde la referencia sube hasta aproximadamente <strong>u$s2.277 por metro cuadrado<\/strong>.<\/p>\n<p id=\"p-1788278954135-12567\" class=\"\">Al mirar otros puntos de C\u00f3rdoba, las cifras pueden subir todav\u00eda m\u00e1s. Jardines del Valle alcanza los <strong>u$s2.503 por metro cuadrado<\/strong>, seguido por Chateau Carreras, con u$s2.433, y Cerro de las Rosas, <strong>con u$s2.208.<\/strong><\/p>\n<p id=\"p-1788278954135-20105\" class=\"\">La antig\u00fcedad tambi\u00e9n pesa en el precio. En barrios como <strong>Villa Belgrano, Las Rosas<\/strong> y<strong> Jard\u00edn<\/strong>, la oferta de departamentos nuevos supera a la de unidades usadas, mientras que Nueva C\u00f3rdoba concentra buena parte de los inmuebles a estrenar disponibles en la capital.<\/p>\n<h2 id=\"p-1788278954135-5057\">Los valores en Villa Carlos Paz<\/h2>\n<p id=\"p-1788278954135-98936\" class=\"\">Villa Carlos Paz tambi\u00e9n muestra diferencias claras seg\u00fan el sector. Entre los barrios con mayor cantidad de departamentos publicados, el Centro tiene un precio medio cercano a los <strong>u$s108.390<\/strong>, mientras que en Santa Rita del Lago ronda los <strong>u$s100.482<\/strong>.<\/p>\n<p id=\"p-1788278954135-69330\" class=\"\">Los montos suben en otras zonas. Villa del Lago alcanza un promedio de <strong>u$s154.125<\/strong> y Villa Dom\u00ednguez llega a unos <strong>u$s132.778<\/strong>. M\u00e1s abajo aparecen Los Manantiales, con aproximadamente<strong> u$s88.667<\/strong>, y Miguel Mu\u00f1oz, con cerca de <strong>u$s98.286.<\/strong><\/p>\n<p id=\"p-1788278954135-2017\" class=\"\">Estas cifras corresponden a precios publicados y sirven como referencia del mercado actual. El valor final tambi\u00e9n depende de la superficie, la cantidad de ambientes, la antig\u00fcedad, la ubicaci\u00f3n y las caracter\u00edsticas del edificio.<\/p>\n<div contenteditable=\"false\" class=\"embed_cont type_imagen\" id=\"8272369-Libre-454725061_wrap\">\n<div id=\"8272369-Libre-454725061_content\" class=\"embed_content\"><img src=\"https:\/\/media.ambito.com\/p\/ab78b3bc598d426b78291486bbc887eb\/adjuntos\/239\/imagenes\/043\/615\/0043615754\/730x0\/1871x1102:1891x1122\/villa-carlos-paz-andy-abir-alan.jpg\" decoding=\"async\" fetchpriority=\"low\" loading=\"lazy\" alt=\"La zona noroeste y barrios consolidados como Nueva C\u00f3rdoba contin\u00faan liderando los precios.\" title=\"La zona noroeste y barrios consolidados como Nueva C\u00f3rdoba contin\u00faan liderando los precios.\" width=\"730\" height=\"undefined\" id=\"8272369-Libre-454725061_embed\"\/><\/div>\n<div class=\"embed_wrapper-cont\" id=\"p-1788278964945-28640\">\n<div id=\"8272369-Libre-454725061_epigrafe\" class=\"embed_epigrafe\">\n<p id=\"p-1788280847643-77343\">La zona noroeste y barrios consolidados como Nueva C\u00f3rdoba contin\u00faan liderando los precios.<\/p>\n<\/div>\n<p>ANDY ABIR ALAN<\/p>\n<\/div><\/div>\n<h2 id=\"p-1788278954135-40376\">\u00bfCu\u00e1nto hay que ganar por mes para acceder a la cuota del cr\u00e9dito?<\/h2>\n<p id=\"p-1788278954135-73807\" class=\"\">Una de las condiciones m\u00e1s importantes para acceder al financiamiento es la relaci\u00f3n entre la cuota y los ingresos del hogar. El ejemplo presentado para el nuevo programa toma <strong>una vivienda valuada en<\/strong> <strong>u$s106.667<\/strong>, con un financiamiento del 75% y un ahorro previo del 25%.<\/p>\n<p id=\"p-1788278954135-36164\" class=\"\">En esas condiciones, e<strong>l pr\u00e9stamo ser\u00eda de $120.920.000<\/strong>, con una tasa de UVA m\u00e1s 7% y un plazo de 25 a\u00f1os. La primera cuota quedar\u00eda en <strong>$865.098 mensuales<\/strong>.<\/p>\n<p id=\"p-1788278954135-69526\">Para afrontar ese pago, el grupo familiar tendr\u00eda que acreditar ingresos netos por aproximadamente <strong>$3.460.391 al mes<\/strong>. El c\u00e1lculo parte de que la cuota no represente m\u00e1s del 25% de los ingresos mensuales, por lo que el monto que se puede solicitar tambi\u00e9n queda atado al nivel de ingresos del hogar.<\/p>\n<\/div>\n<p><script>\n!function(f,b,e,v,n,t,s)\n{if(f.fbq)return;n=f.fbq=function(){n.callMethod?\nn.callMethod.apply(n,arguments):n.queue.push(arguments)};\nif(!f._fbq)f._fbq=n;n.push=n;n.loaded=!0;n.version='2.0';\nn.queue=[];t=b.createElement(e);t.async=!0;\nt.src=v;s=b.getElementsByTagName(e)[0];\ns.parentNode.insertBefore(t,s)}(window,document,'script',\n'https:\/\/connect.facebook.net\/en_US\/fbevents.js');\nfbq('init', '2047048335588113');\nfbq('track', 'PageView');\n<\/script><br \/>\n<br \/><\/p>\n","protected":false},"excerpt":{"rendered":"<p>Comprar una vivienda propia implica mirar cu\u00e1nto cuesta la propiedad y qu\u00e9 parte se puede financiar. En C\u00f3rdoba, el nuevo impulso al cr\u00e9dito hipotecario abre otra posibilidad para quienes necesitan recurrir a un pr\u00e9stamo para llegar a su casa. Los valores cambian bastante seg\u00fan la zona elegida. Dentro de la capital hay barrios con diferencias [&hellip;]<\/p>\n","protected":false},"author":1,"featured_media":210197,"comment_status":"closed","ping_status":"closed","sticky":false,"template":"","format":"standard","meta":{"footnotes":""},"categories":[28],"tags":[],"class_list":["post-210196","post","type-post","status-publish","format-standard","has-post-thumbnail","hentry","category-economia"],"yoast_head":"<!-- This site is optimized with the Yoast SEO plugin v24.4 - https:\/\/yoast.com\/wordpress\/plugins\/seo\/ -->\n<title>\u00bfcu\u00e1nto cuesta comprar un departamento en 2026? - GYS NOTICIAS |<\/title>\n<meta name=\"robots\" content=\"index, follow, max-snippet:-1, max-image-preview:large, max-video-preview:-1\" \/>\n<link rel=\"canonical\" href=\"https:\/\/gysfm.com.ar\/inicio\/cuanto-cuesta-comprar-un-departamento-en-2026-2\/\" \/>\n<meta property=\"og:locale\" content=\"es_ES\" \/>\n<meta property=\"og:type\" content=\"article\" \/>\n<meta property=\"og:title\" content=\"\u00bfcu\u00e1nto cuesta comprar un departamento en 2026? - GYS NOTICIAS |\" \/>\n<meta property=\"og:description\" content=\"Comprar una vivienda propia implica mirar cu\u00e1nto cuesta la propiedad y qu\u00e9 parte se puede financiar. En C\u00f3rdoba, el nuevo impulso al cr\u00e9dito hipotecario abre otra posibilidad para quienes necesitan recurrir a un pr\u00e9stamo para llegar a su casa. Los valores cambian bastante seg\u00fan la zona elegida. Dentro de la capital hay barrios con diferencias [&hellip;]\" \/>\n<meta property=\"og:url\" content=\"https:\/\/gysfm.com.ar\/inicio\/cuanto-cuesta-comprar-un-departamento-en-2026-2\/\" \/>\n<meta property=\"og:site_name\" content=\"GYS NOTICIAS |\" \/>\n<meta property=\"article:published_time\" content=\"2026-09-02T17:21:17+00:00\" \/>\n<meta property=\"og:image\" content=\"https:\/\/media.ambito.com\/p\/38145d21fd16c12a48d9db5ea72c6f6c\/adjuntos\/239\/imagenes\/043\/615\/0043615753\/730x0\/709x484:729x504\/cordoba-georgina-baigorria.jpg\" \/>\n<meta name=\"author\" content=\"admin\" \/>\n<meta name=\"twitter:card\" content=\"summary_large_image\" \/>\n<meta name=\"twitter:label1\" content=\"Escrito por\" \/>\n\t<meta name=\"twitter:data1\" content=\"admin\" \/>\n\t<meta name=\"twitter:label2\" content=\"Tiempo de lectura\" \/>\n\t<meta name=\"twitter:data2\" content=\"3 minutos\" \/>\n<script type=\"application\/ld+json\" class=\"yoast-schema-graph\">{\"@context\":\"https:\/\/schema.org\",\"@graph\":[{\"@type\":\"Article\",\"@id\":\"https:\/\/gysfm.com.ar\/inicio\/cuanto-cuesta-comprar-un-departamento-en-2026-2\/#article\",\"isPartOf\":{\"@id\":\"https:\/\/gysfm.com.ar\/inicio\/cuanto-cuesta-comprar-un-departamento-en-2026-2\/\"},\"author\":{\"name\":\"admin\",\"@id\":\"https:\/\/gysfm.com.ar\/inicio\/#\/schema\/person\/5bedd7ecd35cc35548d89effafa23696\"},\"headline\":\"\u00bfcu\u00e1nto cuesta comprar un departamento en 2026?\",\"datePublished\":\"2026-09-02T17:21:17+00:00\",\"mainEntityOfPage\":{\"@id\":\"https:\/\/gysfm.com.ar\/inicio\/cuanto-cuesta-comprar-un-departamento-en-2026-2\/\"},\"wordCount\":689,\"publisher\":{\"@id\":\"https:\/\/gysfm.com.ar\/inicio\/#organization\"},\"image\":{\"@id\":\"https:\/\/gysfm.com.ar\/inicio\/cuanto-cuesta-comprar-un-departamento-en-2026-2\/#primaryimage\"},\"thumbnailUrl\":\"https:\/\/gysfm.com.ar\/inicio\/wp-content\/uploads\/2026\/09\/cordoba-mudafy.png\",\"articleSection\":[\"ECONOMIA\"],\"inLanguage\":\"es\"},{\"@type\":\"WebPage\",\"@id\":\"https:\/\/gysfm.com.ar\/inicio\/cuanto-cuesta-comprar-un-departamento-en-2026-2\/\",\"url\":\"https:\/\/gysfm.com.ar\/inicio\/cuanto-cuesta-comprar-un-departamento-en-2026-2\/\",\"name\":\"\u00bfcu\u00e1nto cuesta comprar un departamento en 2026? - GYS NOTICIAS |\",\"isPartOf\":{\"@id\":\"https:\/\/gysfm.com.ar\/inicio\/#website\"},\"primaryImageOfPage\":{\"@id\":\"https:\/\/gysfm.com.ar\/inicio\/cuanto-cuesta-comprar-un-departamento-en-2026-2\/#primaryimage\"},\"image\":{\"@id\":\"https:\/\/gysfm.com.ar\/inicio\/cuanto-cuesta-comprar-un-departamento-en-2026-2\/#primaryimage\"},\"thumbnailUrl\":\"https:\/\/gysfm.com.ar\/inicio\/wp-content\/uploads\/2026\/09\/cordoba-mudafy.png\",\"datePublished\":\"2026-09-02T17:21:17+00:00\",\"breadcrumb\":{\"@id\":\"https:\/\/gysfm.com.ar\/inicio\/cuanto-cuesta-comprar-un-departamento-en-2026-2\/#breadcrumb\"},\"inLanguage\":\"es\",\"potentialAction\":[{\"@type\":\"ReadAction\",\"target\":[\"https:\/\/gysfm.com.ar\/inicio\/cuanto-cuesta-comprar-un-departamento-en-2026-2\/\"]}]},{\"@type\":\"ImageObject\",\"inLanguage\":\"es\",\"@id\":\"https:\/\/gysfm.com.ar\/inicio\/cuanto-cuesta-comprar-un-departamento-en-2026-2\/#primaryimage\",\"url\":\"https:\/\/gysfm.com.ar\/inicio\/wp-content\/uploads\/2026\/09\/cordoba-mudafy.png\",\"contentUrl\":\"https:\/\/gysfm.com.ar\/inicio\/wp-content\/uploads\/2026\/09\/cordoba-mudafy.png\",\"width\":1200,\"height\":675},{\"@type\":\"BreadcrumbList\",\"@id\":\"https:\/\/gysfm.com.ar\/inicio\/cuanto-cuesta-comprar-un-departamento-en-2026-2\/#breadcrumb\",\"itemListElement\":[{\"@type\":\"ListItem\",\"position\":1,\"name\":\"Portada\",\"item\":\"https:\/\/gysfm.com.ar\/inicio\/\"},{\"@type\":\"ListItem\",\"position\":2,\"name\":\"\u00bfcu\u00e1nto cuesta comprar un departamento en 2026?\"}]},{\"@type\":\"WebSite\",\"@id\":\"https:\/\/gysfm.com.ar\/inicio\/#website\",\"url\":\"https:\/\/gysfm.com.ar\/inicio\/\",\"name\":\"GYS NOTICIAS |\",\"description\":\"DIARIO - RADIO ONLINE SAN JUAN ARGENTINA\",\"publisher\":{\"@id\":\"https:\/\/gysfm.com.ar\/inicio\/#organization\"},\"potentialAction\":[{\"@type\":\"SearchAction\",\"target\":{\"@type\":\"EntryPoint\",\"urlTemplate\":\"https:\/\/gysfm.com.ar\/inicio\/?s={search_term_string}\"},\"query-input\":{\"@type\":\"PropertyValueSpecification\",\"valueRequired\":true,\"valueName\":\"search_term_string\"}}],\"inLanguage\":\"es\"},{\"@type\":\"Organization\",\"@id\":\"https:\/\/gysfm.com.ar\/inicio\/#organization\",\"name\":\"GYS NOTICIAS |\",\"url\":\"https:\/\/gysfm.com.ar\/inicio\/\",\"logo\":{\"@type\":\"ImageObject\",\"inLanguage\":\"es\",\"@id\":\"https:\/\/gysfm.com.ar\/inicio\/#\/schema\/logo\/image\/\",\"url\":\"https:\/\/gysfm.com.ar\/inicio\/wp-content\/uploads\/2023\/07\/LOGOGYS-OK.png\",\"contentUrl\":\"https:\/\/gysfm.com.ar\/inicio\/wp-content\/uploads\/2023\/07\/LOGOGYS-OK.png\",\"width\":1170,\"height\":872,\"caption\":\"GYS NOTICIAS |\"},\"image\":{\"@id\":\"https:\/\/gysfm.com.ar\/inicio\/#\/schema\/logo\/image\/\"}},{\"@type\":\"Person\",\"@id\":\"https:\/\/gysfm.com.ar\/inicio\/#\/schema\/person\/5bedd7ecd35cc35548d89effafa23696\",\"name\":\"admin\",\"image\":{\"@type\":\"ImageObject\",\"inLanguage\":\"es\",\"@id\":\"https:\/\/gysfm.com.ar\/inicio\/#\/schema\/person\/image\/\",\"url\":\"https:\/\/secure.gravatar.com\/avatar\/c331d312b5243fb64d5ba28108a447b27c925295129a363082c9ea52c28d32c2?s=96&d=mm&r=g\",\"contentUrl\":\"https:\/\/secure.gravatar.com\/avatar\/c331d312b5243fb64d5ba28108a447b27c925295129a363082c9ea52c28d32c2?s=96&d=mm&r=g\",\"caption\":\"admin\"},\"sameAs\":[\"https:\/\/gysfm.com.ar\/inicio\"],\"url\":\"https:\/\/gysfm.com.ar\/inicio\/author\/admin\/\"}]}<\/script>\n<!-- \/ Yoast SEO plugin. -->","yoast_head_json":{"title":"\u00bfcu\u00e1nto cuesta comprar un departamento en 2026? - GYS NOTICIAS |","robots":{"index":"index","follow":"follow","max-snippet":"max-snippet:-1","max-image-preview":"max-image-preview:large","max-video-preview":"max-video-preview:-1"},"canonical":"https:\/\/gysfm.com.ar\/inicio\/cuanto-cuesta-comprar-un-departamento-en-2026-2\/","og_locale":"es_ES","og_type":"article","og_title":"\u00bfcu\u00e1nto cuesta comprar un departamento en 2026? - GYS NOTICIAS |","og_description":"Comprar una vivienda propia implica mirar cu\u00e1nto cuesta la propiedad y qu\u00e9 parte se puede financiar. En C\u00f3rdoba, el nuevo impulso al cr\u00e9dito hipotecario abre otra posibilidad para quienes necesitan recurrir a un pr\u00e9stamo para llegar a su casa. Los valores cambian bastante seg\u00fan la zona elegida. Dentro de la capital hay barrios con diferencias [&hellip;]","og_url":"https:\/\/gysfm.com.ar\/inicio\/cuanto-cuesta-comprar-un-departamento-en-2026-2\/","og_site_name":"GYS NOTICIAS |","article_published_time":"2026-09-02T17:21:17+00:00","og_image":[{"url":"https:\/\/media.ambito.com\/p\/38145d21fd16c12a48d9db5ea72c6f6c\/adjuntos\/239\/imagenes\/043\/615\/0043615753\/730x0\/709x484:729x504\/cordoba-georgina-baigorria.jpg","type":"","width":"","height":""}],"author":"admin","twitter_card":"summary_large_image","twitter_misc":{"Escrito por":"admin","Tiempo de lectura":"3 minutos"},"schema":{"@context":"https:\/\/schema.org","@graph":[{"@type":"Article","@id":"https:\/\/gysfm.com.ar\/inicio\/cuanto-cuesta-comprar-un-departamento-en-2026-2\/#article","isPartOf":{"@id":"https:\/\/gysfm.com.ar\/inicio\/cuanto-cuesta-comprar-un-departamento-en-2026-2\/"},"author":{"name":"admin","@id":"https:\/\/gysfm.com.ar\/inicio\/#\/schema\/person\/5bedd7ecd35cc35548d89effafa23696"},"headline":"\u00bfcu\u00e1nto cuesta comprar un departamento en 2026?","datePublished":"2026-09-02T17:21:17+00:00","mainEntityOfPage":{"@id":"https:\/\/gysfm.com.ar\/inicio\/cuanto-cuesta-comprar-un-departamento-en-2026-2\/"},"wordCount":689,"publisher":{"@id":"https:\/\/gysfm.com.ar\/inicio\/#organization"},"image":{"@id":"https:\/\/gysfm.com.ar\/inicio\/cuanto-cuesta-comprar-un-departamento-en-2026-2\/#primaryimage"},"thumbnailUrl":"https:\/\/gysfm.com.ar\/inicio\/wp-content\/uploads\/2026\/09\/cordoba-mudafy.png","articleSection":["ECONOMIA"],"inLanguage":"es"},{"@type":"WebPage","@id":"https:\/\/gysfm.com.ar\/inicio\/cuanto-cuesta-comprar-un-departamento-en-2026-2\/","url":"https:\/\/gysfm.com.ar\/inicio\/cuanto-cuesta-comprar-un-departamento-en-2026-2\/","name":"\u00bfcu\u00e1nto cuesta comprar un departamento en 2026? - GYS NOTICIAS |","isPartOf":{"@id":"https:\/\/gysfm.com.ar\/inicio\/#website"},"primaryImageOfPage":{"@id":"https:\/\/gysfm.com.ar\/inicio\/cuanto-cuesta-comprar-un-departamento-en-2026-2\/#primaryimage"},"image":{"@id":"https:\/\/gysfm.com.ar\/inicio\/cuanto-cuesta-comprar-un-departamento-en-2026-2\/#primaryimage"},"thumbnailUrl":"https:\/\/gysfm.com.ar\/inicio\/wp-content\/uploads\/2026\/09\/cordoba-mudafy.png","datePublished":"2026-09-02T17:21:17+00:00","breadcrumb":{"@id":"https:\/\/gysfm.com.ar\/inicio\/cuanto-cuesta-comprar-un-departamento-en-2026-2\/#breadcrumb"},"inLanguage":"es","potentialAction":[{"@type":"ReadAction","target":["https:\/\/gysfm.com.ar\/inicio\/cuanto-cuesta-comprar-un-departamento-en-2026-2\/"]}]},{"@type":"ImageObject","inLanguage":"es","@id":"https:\/\/gysfm.com.ar\/inicio\/cuanto-cuesta-comprar-un-departamento-en-2026-2\/#primaryimage","url":"https:\/\/gysfm.com.ar\/inicio\/wp-content\/uploads\/2026\/09\/cordoba-mudafy.png","contentUrl":"https:\/\/gysfm.com.ar\/inicio\/wp-content\/uploads\/2026\/09\/cordoba-mudafy.png","width":1200,"height":675},{"@type":"BreadcrumbList","@id":"https:\/\/gysfm.com.ar\/inicio\/cuanto-cuesta-comprar-un-departamento-en-2026-2\/#breadcrumb","itemListElement":[{"@type":"ListItem","position":1,"name":"Portada","item":"https:\/\/gysfm.com.ar\/inicio\/"},{"@type":"ListItem","position":2,"name":"\u00bfcu\u00e1nto cuesta comprar un departamento en 2026?"}]},{"@type":"WebSite","@id":"https:\/\/gysfm.com.ar\/inicio\/#website","url":"https:\/\/gysfm.com.ar\/inicio\/","name":"GYS NOTICIAS |","description":"DIARIO - RADIO ONLINE SAN JUAN ARGENTINA","publisher":{"@id":"https:\/\/gysfm.com.ar\/inicio\/#organization"},"potentialAction":[{"@type":"SearchAction","target":{"@type":"EntryPoint","urlTemplate":"https:\/\/gysfm.com.ar\/inicio\/?s={search_term_string}"},"query-input":{"@type":"PropertyValueSpecification","valueRequired":true,"valueName":"search_term_string"}}],"inLanguage":"es"},{"@type":"Organization","@id":"https:\/\/gysfm.com.ar\/inicio\/#organization","name":"GYS NOTICIAS |","url":"https:\/\/gysfm.com.ar\/inicio\/","logo":{"@type":"ImageObject","inLanguage":"es","@id":"https:\/\/gysfm.com.ar\/inicio\/#\/schema\/logo\/image\/","url":"https:\/\/gysfm.com.ar\/inicio\/wp-content\/uploads\/2023\/07\/LOGOGYS-OK.png","contentUrl":"https:\/\/gysfm.com.ar\/inicio\/wp-content\/uploads\/2023\/07\/LOGOGYS-OK.png","width":1170,"height":872,"caption":"GYS NOTICIAS |"},"image":{"@id":"https:\/\/gysfm.com.ar\/inicio\/#\/schema\/logo\/image\/"}},{"@type":"Person","@id":"https:\/\/gysfm.com.ar\/inicio\/#\/schema\/person\/5bedd7ecd35cc35548d89effafa23696","name":"admin","image":{"@type":"ImageObject","inLanguage":"es","@id":"https:\/\/gysfm.com.ar\/inicio\/#\/schema\/person\/image\/","url":"https:\/\/secure.gravatar.com\/avatar\/c331d312b5243fb64d5ba28108a447b27c925295129a363082c9ea52c28d32c2?s=96&d=mm&r=g","contentUrl":"https:\/\/secure.gravatar.com\/avatar\/c331d312b5243fb64d5ba28108a447b27c925295129a363082c9ea52c28d32c2?s=96&d=mm&r=g","caption":"admin"},"sameAs":["https:\/\/gysfm.com.ar\/inicio"],"url":"https:\/\/gysfm.com.ar\/inicio\/author\/admin\/"}]}},"_links":{"self":[{"href":"https:\/\/gysfm.com.ar\/inicio\/wp-json\/wp\/v2\/posts\/210196","targetHints":{"allow":["GET"]}}],"collection":[{"href":"https:\/\/gysfm.com.ar\/inicio\/wp-json\/wp\/v2\/posts"}],"about":[{"href":"https:\/\/gysfm.com.ar\/inicio\/wp-json\/wp\/v2\/types\/post"}],"author":[{"embeddable":true,"href":"https:\/\/gysfm.com.ar\/inicio\/wp-json\/wp\/v2\/users\/1"}],"replies":[{"embeddable":true,"href":"https:\/\/gysfm.com.ar\/inicio\/wp-json\/wp\/v2\/comments?post=210196"}],"version-history":[{"count":0,"href":"https:\/\/gysfm.com.ar\/inicio\/wp-json\/wp\/v2\/posts\/210196\/revisions"}],"wp:featuredmedia":[{"embeddable":true,"href":"https:\/\/gysfm.com.ar\/inicio\/wp-json\/wp\/v2\/media\/210197"}],"wp:attachment":[{"href":"https:\/\/gysfm.com.ar\/inicio\/wp-json\/wp\/v2\/media?parent=210196"}],"wp:term":[{"taxonomy":"category","embeddable":true,"href":"https:\/\/gysfm.com.ar\/inicio\/wp-json\/wp\/v2\/categories?post=210196"},{"taxonomy":"post_tag","embeddable":true,"href":"https:\/\/gysfm.com.ar\/inicio\/wp-json\/wp\/v2\/tags?post=210196"}],"curies":[{"name":"wp","href":"https:\/\/api.w.org\/{rel}","templated":true}]}}