{"id":210193,"date":"2026-09-02T13:59:05","date_gmt":"2026-09-02T16:59:05","guid":{"rendered":"https:\/\/gysfm.com.ar\/inicio\/el-riesgo-pais-vuelve-a-bajar-y-se-ubica-por-debajo-de-los-500-puntos-por-primera-vez-en-un-poco-mas-de-dos-semanas\/"},"modified":"2026-09-02T13:59:06","modified_gmt":"2026-09-02T16:59:06","slug":"el-riesgo-pais-vuelve-a-bajar-y-se-ubica-por-debajo-de-los-500-puntos-por-primera-vez-en-un-poco-mas-de-dos-semanas","status":"publish","type":"post","link":"https:\/\/gysfm.com.ar\/inicio\/el-riesgo-pais-vuelve-a-bajar-y-se-ubica-por-debajo-de-los-500-puntos-por-primera-vez-en-un-poco-mas-de-dos-semanas\/","title":{"rendered":"El riesgo pa\u00eds vuelve a bajar y se ubica por debajo de los 500 puntos por primera vez en un poco m\u00e1s de dos semanas"},"content":{"rendered":"<p><\/p>\n<div>\n<p class=\"com-paragraph --s text-left\"><strong>El riesgo pa\u00eds registra una leve baja y logra perforar los 500 puntos b\u00e1sicos<\/strong> por primera vez en poco m\u00e1s de dos semanas. Mejores noticias locales y el respaldo del rumbo econ\u00f3mico por parte de Estados Unidos ayudaron a que los t\u00edtulos locales se ti\u00f1an de verde, a contramano del clima global. <\/p>\n<p class=\"com-paragraph --s text-left\"><strong>El indicador elaborado por JP Morgan cede cinco unidades, hasta los 496 puntos b\u00e1sicos (-1%)<\/strong>, de acuerdo a las pantallas de Rava. Este movimiento se explica por el <strong>desempe\u00f1o de los bonos soberanos<\/strong>. Los t\u00edtulos bajo ley local escalan hasta 0,5% (AL41D), aunque el AL29D baja 0,2%. Los Globales ascienden hasta 0,3% (GD35D).<\/p>\n<p class=\"com-paragraph --s text-left\">De esa forma, <strong>logra perforar el piso de los 500 por primera vez desde el 17 de agosto<\/strong>, cuando cerr\u00f3 en los 489 y al d\u00eda siguiente rebot\u00f3 hasta los 511. En el \u00faltimo mes, el \u00edndice se vio presionado por ruidos internos y un aumento de los rendimientos de los bonos del Tesoro de Estados Unidos. En ese sentido, acumul\u00f3 un alza de 82 puntos (+19,1%). Lleg\u00f3 a tocar un pico de 532 puntos, pero en los d\u00edas restantes se fue comprimiendo hasta la zona de los 510. <\/p>\n<p class=\"com-paragraph --s text-left\">En el inicio de septiembre, los t\u00edtulos soberanos tendieron al alza e impulsaron al riesgo pa\u00eds a la baja hasta los 501 puntos. <strong>En los primeros dos d\u00edas del mes, registra un retroceso de 19 unidades (-3,1%)<\/strong>.<\/p>\n<p class=\"com-paragraph --s text-left\">Fernando Marull, socio de FMyA, evalu\u00f3 que dos factores ayudaron a su compresi\u00f3n. Por un lado, <strong>la expectativa de menor inflaci\u00f3n en agosto<\/strong>, que estimaciones privadas la ubican por debajo del 2%. A su vez, la <strong>suba del precio de la soja <\/strong>hasta los $560.000 por tonelada, seg\u00fan datos de la Bolsa de Comercio de Rosario, ofrece una buena noticia para la econom\u00eda local.<\/p>\n<p class=\"com-paragraph --s text-left\">Por su parte, Portfolio Personal Inversiones (PPI) destac\u00f3 que ayer <a href=\"https:\/\/www.lanacion.com.ar\/economia\/tras-el-encuentro-con-georgieva-en-una-cumbre-del-g-20-en-eeuu-caputo-se-reune-con-bessent-nid01092026\/\" target=\"_self\" title=\"https:\/\/www.lanacion.com.ar\/economia\/tras-el-encuentro-con-georgieva-en-una-cumbre-del-g-20-en-eeuu-caputo-se-reune-con-bessent-nid01092026\/\" class=\"com-link break-word\" data-mrf-recirculation=\"n_link_parrafo\">Scott Bessent, el secretario del Tesoro de Estados Unidos, volvi\u00f3 a respaldar el rumbo econ\u00f3mico de Javier Milei<\/a> al afirmar que la Argentina \u201clidera una oportunidad hist\u00f3rica en el hemisferio occidental\u201d. Tras estos dichos, <strong>los bonos Globales escalaron hasta 0,5%<\/strong>. El desempe\u00f1o cobr\u00f3 especial relevancia frente a un escenario externo adverso, marcado por las crecientes tensiones en el conflicto de Medio Oriente y la escalada del precio del petr\u00f3leo Brent. \u201c<strong>As\u00ed, las declaraciones de Bessent ayudaron a desacoplar parcialmente a la deuda argentina del <\/strong><em><strong>sell-off<\/strong><\/em><strong> [venta masiva] global<\/strong>\u201d, determinaron.<\/p>\n<div class=\"content-media\">\n<section role=\"button\" class=\"mod-media   \">\n<figure role=\"button\" tabindex=\"0\" class=\"mod-figure \"><figcaption class=\"mod-figcaption\"><span class=\"com-text --caption --twoxs\">Las acciones argentinas suben por tercera rueda consecutiva tanto en Wall Street como en el mercado local<\/span><span class=\"com-text --credit --twoxs\">Richard Drew &#8211; AP<\/span><\/figcaption><\/figure>\n<\/section>\n<\/div>\n<p class=\"com-paragraph --s text-left\">En cuanto a la renta variable, <strong>las acciones argentinas que cotizan en Wall Street (ADR) operan en territorio positivo<\/strong> por tercera rueda consecutiva, a contramano de los principales \u00edndices de la Bolsa de Nueva York. Lidera el panel YPF con una suba de 4%, seguido de Transportadora Gas del Sur (+3,7%), Tenaris (+2,7%) y Ternium (+2,3%). Por su parte, Globant retrocede 2%.<\/p>\n<p class=\"com-paragraph --s text-left\"><strong>El Merval suma 0,3% y cotiza a 3.058.523,23 unidades<\/strong>, lo equivalente a US$1923,77 al ajustar al d\u00f3lar contado con liquidaci\u00f3n (+0,6%). Aumentan mayormente Telecom (+1,6%), Transportadora de Gas del Norte (+1,3%) y Ternium (+1,1%).<\/p>\n<p><h2 class=\"font-primary font-w-bold text-subheading-lg text-left container-center-100 mb-8\"><span>D\u00f3lar hoy<\/span><\/h2>\n<\/p>\n<div class=\"content-media\">\n<section role=\"button\" class=\"mod-media   \">\n<figure role=\"button\" tabindex=\"0\" class=\"mod-figure \"><figcaption class=\"mod-figcaption\"><span class=\"com-text --caption --twoxs\">La cotizaci\u00f3n del d\u00f3lar este mi\u00e9rcoles 2 de septiembre<\/span><span class=\"com-text --credit --twoxs\">Freepik &#8211; Freepik<\/span><\/figcaption><\/figure>\n<\/section>\n<\/div>\n<p class=\"com-paragraph --s text-left\"><strong>En el mercado cambiario, los distintos tipos de cambio no presentan grandes sobresaltos<\/strong>. El <strong>d\u00f3lar oficial mayorista<\/strong> cede $1, hasta los $1512. De ese modo, se posiciona un 20% por debajo del techo de la banda cambiaria, establecido hoy en $1882,53.<\/p>\n<p class=\"com-paragraph --s text-left\">En las pizarras del Banco Naci\u00f3n se puede encontrar el tipo de cambio minorista a $1535, el mismo valor de ayer. Al ver el precio promedio del mercado, el tipo de cambio oficial opera a $1533,63, de acuerdo con el relevamiento de entidades financieras que realiza diariamente el Banco Central (BCRA).<\/p>\n<p class=\"com-paragraph --s text-left\">El <strong>d\u00f3lar MEP <\/strong>se mantiene estable y aparece en las pantallas a $1532,29. En tanto, el <strong>contado con liquidaci\u00f3n (CCL)<\/strong> cotiza a $1590,10, $5,21 menos que su valor de apertura.<\/p>\n<section class=\"container-center-100 mb-40 border border-bottom border-thin border-neutral-light-700\">\n<hr\/>\n<\/section>\n<\/div>\n<p><script id=\"facebookpixel\" defer=\"\" type=\"text\/javascript\">\n        !function(f,b,e,v,n,t,s)\n        {if(f.fbq)return;n=f.fbq=function(){n.callMethod?\n        n.callMethod.apply(n,arguments):n.queue.push(arguments)};\n        if(!f._fbq)f._fbq=n;n.push=n;n.loaded=!0;n.version='2.0';\n        n.queue=[];t=b.createElement(e);t.async=!0;\n        t.src=v;s=b.getElementsByTagName(e)[0];\n        s.parentNode.insertBefore(t,s)}(window, document,'script',\n        'https:\/\/connect.facebook.net\/en_US\/fbevents.js');\n        fbq('init', '492459597522335');\n        fbq('track', 'PageView');\n    <\/script><\/p>\n","protected":false},"excerpt":{"rendered":"<p>El riesgo pa\u00eds registra una leve baja y logra perforar los 500 puntos b\u00e1sicos por primera vez en poco m\u00e1s de dos semanas. Mejores noticias locales y el respaldo del rumbo econ\u00f3mico por parte de Estados Unidos ayudaron a que los t\u00edtulos locales se ti\u00f1an de verde, a contramano del clima global. El indicador elaborado [&hellip;]<\/p>\n","protected":false},"author":1,"featured_media":210194,"comment_status":"closed","ping_status":"closed","sticky":false,"template":"","format":"standard","meta":{"footnotes":""},"categories":[28],"tags":[],"class_list":["post-210193","post","type-post","status-publish","format-standard","has-post-thumbnail","hentry","category-economia"],"yoast_head":"<!-- This site is optimized with the Yoast SEO plugin v24.4 - https:\/\/yoast.com\/wordpress\/plugins\/seo\/ -->\n<title>El riesgo pa\u00eds vuelve a bajar y se ubica por debajo de los 500 puntos por primera vez en un poco m\u00e1s de dos semanas - GYS NOTICIAS |<\/title>\n<meta name=\"robots\" content=\"index, follow, max-snippet:-1, max-image-preview:large, max-video-preview:-1\" \/>\n<link rel=\"canonical\" href=\"https:\/\/gysfm.com.ar\/inicio\/el-riesgo-pais-vuelve-a-bajar-y-se-ubica-por-debajo-de-los-500-puntos-por-primera-vez-en-un-poco-mas-de-dos-semanas\/\" \/>\n<meta property=\"og:locale\" content=\"es_ES\" \/>\n<meta property=\"og:type\" content=\"article\" \/>\n<meta property=\"og:title\" content=\"El riesgo pa\u00eds vuelve a bajar y se ubica por debajo de los 500 puntos por primera vez en un poco m\u00e1s de dos semanas - GYS NOTICIAS |\" \/>\n<meta property=\"og:description\" content=\"El riesgo pa\u00eds registra una leve baja y logra perforar los 500 puntos b\u00e1sicos por primera vez en poco m\u00e1s de dos semanas. Mejores noticias locales y el respaldo del rumbo econ\u00f3mico por parte de Estados Unidos ayudaron a que los t\u00edtulos locales se ti\u00f1an de verde, a contramano del clima global. El indicador elaborado [&hellip;]\" \/>\n<meta property=\"og:url\" content=\"https:\/\/gysfm.com.ar\/inicio\/el-riesgo-pais-vuelve-a-bajar-y-se-ubica-por-debajo-de-los-500-puntos-por-primera-vez-en-un-poco-mas-de-dos-semanas\/\" \/>\n<meta property=\"og:site_name\" content=\"GYS NOTICIAS |\" \/>\n<meta property=\"article:published_time\" content=\"2026-09-02T16:59:05+00:00\" \/>\n<meta property=\"article:modified_time\" content=\"2026-09-02T16:59:06+00:00\" \/>\n<meta property=\"og:image\" content=\"https:\/\/gysfm.com.ar\/inicio\/wp-content\/uploads\/2026\/09\/el-riesgo-pais-baja-y-se-ubica-por-debajo-de-los-KSK6Z3WUZRAFVPSFOK7ERMFAVY.jpg\" \/>\n\t<meta property=\"og:image:width\" content=\"1200\" \/>\n\t<meta property=\"og:image:height\" content=\"800\" \/>\n\t<meta property=\"og:image:type\" content=\"image\/jpeg\" \/>\n<meta name=\"author\" content=\"admin\" \/>\n<meta name=\"twitter:card\" content=\"summary_large_image\" \/>\n<meta name=\"twitter:label1\" content=\"Escrito por\" \/>\n\t<meta name=\"twitter:data1\" content=\"admin\" \/>\n\t<meta name=\"twitter:label2\" content=\"Tiempo de lectura\" \/>\n\t<meta name=\"twitter:data2\" content=\"3 minutos\" \/>\n<script type=\"application\/ld+json\" class=\"yoast-schema-graph\">{\"@context\":\"https:\/\/schema.org\",\"@graph\":[{\"@type\":\"Article\",\"@id\":\"https:\/\/gysfm.com.ar\/inicio\/el-riesgo-pais-vuelve-a-bajar-y-se-ubica-por-debajo-de-los-500-puntos-por-primera-vez-en-un-poco-mas-de-dos-semanas\/#article\",\"isPartOf\":{\"@id\":\"https:\/\/gysfm.com.ar\/inicio\/el-riesgo-pais-vuelve-a-bajar-y-se-ubica-por-debajo-de-los-500-puntos-por-primera-vez-en-un-poco-mas-de-dos-semanas\/\"},\"author\":{\"name\":\"admin\",\"@id\":\"https:\/\/gysfm.com.ar\/inicio\/#\/schema\/person\/5bedd7ecd35cc35548d89effafa23696\"},\"headline\":\"El riesgo pa\u00eds vuelve a bajar y se ubica por debajo de los 500 puntos por primera vez en un poco m\u00e1s de dos semanas\",\"datePublished\":\"2026-09-02T16:59:05+00:00\",\"dateModified\":\"2026-09-02T16:59:06+00:00\",\"mainEntityOfPage\":{\"@id\":\"https:\/\/gysfm.com.ar\/inicio\/el-riesgo-pais-vuelve-a-bajar-y-se-ubica-por-debajo-de-los-500-puntos-por-primera-vez-en-un-poco-mas-de-dos-semanas\/\"},\"wordCount\":669,\"publisher\":{\"@id\":\"https:\/\/gysfm.com.ar\/inicio\/#organization\"},\"image\":{\"@id\":\"https:\/\/gysfm.com.ar\/inicio\/el-riesgo-pais-vuelve-a-bajar-y-se-ubica-por-debajo-de-los-500-puntos-por-primera-vez-en-un-poco-mas-de-dos-semanas\/#primaryimage\"},\"thumbnailUrl\":\"https:\/\/gysfm.com.ar\/inicio\/wp-content\/uploads\/2026\/09\/el-riesgo-pais-baja-y-se-ubica-por-debajo-de-los-KSK6Z3WUZRAFVPSFOK7ERMFAVY.jpg\",\"articleSection\":[\"ECONOMIA\"],\"inLanguage\":\"es\"},{\"@type\":\"WebPage\",\"@id\":\"https:\/\/gysfm.com.ar\/inicio\/el-riesgo-pais-vuelve-a-bajar-y-se-ubica-por-debajo-de-los-500-puntos-por-primera-vez-en-un-poco-mas-de-dos-semanas\/\",\"url\":\"https:\/\/gysfm.com.ar\/inicio\/el-riesgo-pais-vuelve-a-bajar-y-se-ubica-por-debajo-de-los-500-puntos-por-primera-vez-en-un-poco-mas-de-dos-semanas\/\",\"name\":\"El riesgo pa\u00eds vuelve a bajar y se ubica por debajo de los 500 puntos por primera vez en un poco m\u00e1s de dos semanas - GYS NOTICIAS |\",\"isPartOf\":{\"@id\":\"https:\/\/gysfm.com.ar\/inicio\/#website\"},\"primaryImageOfPage\":{\"@id\":\"https:\/\/gysfm.com.ar\/inicio\/el-riesgo-pais-vuelve-a-bajar-y-se-ubica-por-debajo-de-los-500-puntos-por-primera-vez-en-un-poco-mas-de-dos-semanas\/#primaryimage\"},\"image\":{\"@id\":\"https:\/\/gysfm.com.ar\/inicio\/el-riesgo-pais-vuelve-a-bajar-y-se-ubica-por-debajo-de-los-500-puntos-por-primera-vez-en-un-poco-mas-de-dos-semanas\/#primaryimage\"},\"thumbnailUrl\":\"https:\/\/gysfm.com.ar\/inicio\/wp-content\/uploads\/2026\/09\/el-riesgo-pais-baja-y-se-ubica-por-debajo-de-los-KSK6Z3WUZRAFVPSFOK7ERMFAVY.jpg\",\"datePublished\":\"2026-09-02T16:59:05+00:00\",\"dateModified\":\"2026-09-02T16:59:06+00:00\",\"breadcrumb\":{\"@id\":\"https:\/\/gysfm.com.ar\/inicio\/el-riesgo-pais-vuelve-a-bajar-y-se-ubica-por-debajo-de-los-500-puntos-por-primera-vez-en-un-poco-mas-de-dos-semanas\/#breadcrumb\"},\"inLanguage\":\"es\",\"potentialAction\":[{\"@type\":\"ReadAction\",\"target\":[\"https:\/\/gysfm.com.ar\/inicio\/el-riesgo-pais-vuelve-a-bajar-y-se-ubica-por-debajo-de-los-500-puntos-por-primera-vez-en-un-poco-mas-de-dos-semanas\/\"]}]},{\"@type\":\"ImageObject\",\"inLanguage\":\"es\",\"@id\":\"https:\/\/gysfm.com.ar\/inicio\/el-riesgo-pais-vuelve-a-bajar-y-se-ubica-por-debajo-de-los-500-puntos-por-primera-vez-en-un-poco-mas-de-dos-semanas\/#primaryimage\",\"url\":\"https:\/\/gysfm.com.ar\/inicio\/wp-content\/uploads\/2026\/09\/el-riesgo-pais-baja-y-se-ubica-por-debajo-de-los-KSK6Z3WUZRAFVPSFOK7ERMFAVY.jpg\",\"contentUrl\":\"https:\/\/gysfm.com.ar\/inicio\/wp-content\/uploads\/2026\/09\/el-riesgo-pais-baja-y-se-ubica-por-debajo-de-los-KSK6Z3WUZRAFVPSFOK7ERMFAVY.jpg\",\"width\":1200,\"height\":800},{\"@type\":\"BreadcrumbList\",\"@id\":\"https:\/\/gysfm.com.ar\/inicio\/el-riesgo-pais-vuelve-a-bajar-y-se-ubica-por-debajo-de-los-500-puntos-por-primera-vez-en-un-poco-mas-de-dos-semanas\/#breadcrumb\",\"itemListElement\":[{\"@type\":\"ListItem\",\"position\":1,\"name\":\"Portada\",\"item\":\"https:\/\/gysfm.com.ar\/inicio\/\"},{\"@type\":\"ListItem\",\"position\":2,\"name\":\"El riesgo pa\u00eds vuelve a bajar y se ubica por debajo de los 500 puntos por primera vez en un poco m\u00e1s de dos semanas\"}]},{\"@type\":\"WebSite\",\"@id\":\"https:\/\/gysfm.com.ar\/inicio\/#website\",\"url\":\"https:\/\/gysfm.com.ar\/inicio\/\",\"name\":\"GYS NOTICIAS |\",\"description\":\"DIARIO - RADIO ONLINE SAN JUAN ARGENTINA\",\"publisher\":{\"@id\":\"https:\/\/gysfm.com.ar\/inicio\/#organization\"},\"potentialAction\":[{\"@type\":\"SearchAction\",\"target\":{\"@type\":\"EntryPoint\",\"urlTemplate\":\"https:\/\/gysfm.com.ar\/inicio\/?s={search_term_string}\"},\"query-input\":{\"@type\":\"PropertyValueSpecification\",\"valueRequired\":true,\"valueName\":\"search_term_string\"}}],\"inLanguage\":\"es\"},{\"@type\":\"Organization\",\"@id\":\"https:\/\/gysfm.com.ar\/inicio\/#organization\",\"name\":\"GYS NOTICIAS |\",\"url\":\"https:\/\/gysfm.com.ar\/inicio\/\",\"logo\":{\"@type\":\"ImageObject\",\"inLanguage\":\"es\",\"@id\":\"https:\/\/gysfm.com.ar\/inicio\/#\/schema\/logo\/image\/\",\"url\":\"https:\/\/gysfm.com.ar\/inicio\/wp-content\/uploads\/2023\/07\/LOGOGYS-OK.png\",\"contentUrl\":\"https:\/\/gysfm.com.ar\/inicio\/wp-content\/uploads\/2023\/07\/LOGOGYS-OK.png\",\"width\":1170,\"height\":872,\"caption\":\"GYS NOTICIAS |\"},\"image\":{\"@id\":\"https:\/\/gysfm.com.ar\/inicio\/#\/schema\/logo\/image\/\"}},{\"@type\":\"Person\",\"@id\":\"https:\/\/gysfm.com.ar\/inicio\/#\/schema\/person\/5bedd7ecd35cc35548d89effafa23696\",\"name\":\"admin\",\"image\":{\"@type\":\"ImageObject\",\"inLanguage\":\"es\",\"@id\":\"https:\/\/gysfm.com.ar\/inicio\/#\/schema\/person\/image\/\",\"url\":\"https:\/\/secure.gravatar.com\/avatar\/c331d312b5243fb64d5ba28108a447b27c925295129a363082c9ea52c28d32c2?s=96&d=mm&r=g\",\"contentUrl\":\"https:\/\/secure.gravatar.com\/avatar\/c331d312b5243fb64d5ba28108a447b27c925295129a363082c9ea52c28d32c2?s=96&d=mm&r=g\",\"caption\":\"admin\"},\"sameAs\":[\"https:\/\/gysfm.com.ar\/inicio\"],\"url\":\"https:\/\/gysfm.com.ar\/inicio\/author\/admin\/\"}]}<\/script>\n<!-- \/ Yoast SEO plugin. -->","yoast_head_json":{"title":"El riesgo pa\u00eds vuelve a bajar y se ubica por debajo de los 500 puntos por primera vez en un poco m\u00e1s de dos semanas - GYS NOTICIAS |","robots":{"index":"index","follow":"follow","max-snippet":"max-snippet:-1","max-image-preview":"max-image-preview:large","max-video-preview":"max-video-preview:-1"},"canonical":"https:\/\/gysfm.com.ar\/inicio\/el-riesgo-pais-vuelve-a-bajar-y-se-ubica-por-debajo-de-los-500-puntos-por-primera-vez-en-un-poco-mas-de-dos-semanas\/","og_locale":"es_ES","og_type":"article","og_title":"El riesgo pa\u00eds vuelve a bajar y se ubica por debajo de los 500 puntos por primera vez en un poco m\u00e1s de dos semanas - GYS NOTICIAS |","og_description":"El riesgo pa\u00eds registra una leve baja y logra perforar los 500 puntos b\u00e1sicos por primera vez en poco m\u00e1s de dos semanas. Mejores noticias locales y el respaldo del rumbo econ\u00f3mico por parte de Estados Unidos ayudaron a que los t\u00edtulos locales se ti\u00f1an de verde, a contramano del clima global. El indicador elaborado [&hellip;]","og_url":"https:\/\/gysfm.com.ar\/inicio\/el-riesgo-pais-vuelve-a-bajar-y-se-ubica-por-debajo-de-los-500-puntos-por-primera-vez-en-un-poco-mas-de-dos-semanas\/","og_site_name":"GYS NOTICIAS |","article_published_time":"2026-09-02T16:59:05+00:00","article_modified_time":"2026-09-02T16:59:06+00:00","og_image":[{"width":1200,"height":800,"url":"https:\/\/gysfm.com.ar\/inicio\/wp-content\/uploads\/2026\/09\/el-riesgo-pais-baja-y-se-ubica-por-debajo-de-los-KSK6Z3WUZRAFVPSFOK7ERMFAVY.jpg","type":"image\/jpeg"}],"author":"admin","twitter_card":"summary_large_image","twitter_misc":{"Escrito por":"admin","Tiempo de lectura":"3 minutos"},"schema":{"@context":"https:\/\/schema.org","@graph":[{"@type":"Article","@id":"https:\/\/gysfm.com.ar\/inicio\/el-riesgo-pais-vuelve-a-bajar-y-se-ubica-por-debajo-de-los-500-puntos-por-primera-vez-en-un-poco-mas-de-dos-semanas\/#article","isPartOf":{"@id":"https:\/\/gysfm.com.ar\/inicio\/el-riesgo-pais-vuelve-a-bajar-y-se-ubica-por-debajo-de-los-500-puntos-por-primera-vez-en-un-poco-mas-de-dos-semanas\/"},"author":{"name":"admin","@id":"https:\/\/gysfm.com.ar\/inicio\/#\/schema\/person\/5bedd7ecd35cc35548d89effafa23696"},"headline":"El riesgo pa\u00eds vuelve a bajar y se ubica por debajo de los 500 puntos por primera vez en un poco m\u00e1s de dos semanas","datePublished":"2026-09-02T16:59:05+00:00","dateModified":"2026-09-02T16:59:06+00:00","mainEntityOfPage":{"@id":"https:\/\/gysfm.com.ar\/inicio\/el-riesgo-pais-vuelve-a-bajar-y-se-ubica-por-debajo-de-los-500-puntos-por-primera-vez-en-un-poco-mas-de-dos-semanas\/"},"wordCount":669,"publisher":{"@id":"https:\/\/gysfm.com.ar\/inicio\/#organization"},"image":{"@id":"https:\/\/gysfm.com.ar\/inicio\/el-riesgo-pais-vuelve-a-bajar-y-se-ubica-por-debajo-de-los-500-puntos-por-primera-vez-en-un-poco-mas-de-dos-semanas\/#primaryimage"},"thumbnailUrl":"https:\/\/gysfm.com.ar\/inicio\/wp-content\/uploads\/2026\/09\/el-riesgo-pais-baja-y-se-ubica-por-debajo-de-los-KSK6Z3WUZRAFVPSFOK7ERMFAVY.jpg","articleSection":["ECONOMIA"],"inLanguage":"es"},{"@type":"WebPage","@id":"https:\/\/gysfm.com.ar\/inicio\/el-riesgo-pais-vuelve-a-bajar-y-se-ubica-por-debajo-de-los-500-puntos-por-primera-vez-en-un-poco-mas-de-dos-semanas\/","url":"https:\/\/gysfm.com.ar\/inicio\/el-riesgo-pais-vuelve-a-bajar-y-se-ubica-por-debajo-de-los-500-puntos-por-primera-vez-en-un-poco-mas-de-dos-semanas\/","name":"El riesgo pa\u00eds vuelve a bajar y se ubica por debajo de los 500 puntos por primera vez en un poco m\u00e1s de dos semanas - GYS NOTICIAS |","isPartOf":{"@id":"https:\/\/gysfm.com.ar\/inicio\/#website"},"primaryImageOfPage":{"@id":"https:\/\/gysfm.com.ar\/inicio\/el-riesgo-pais-vuelve-a-bajar-y-se-ubica-por-debajo-de-los-500-puntos-por-primera-vez-en-un-poco-mas-de-dos-semanas\/#primaryimage"},"image":{"@id":"https:\/\/gysfm.com.ar\/inicio\/el-riesgo-pais-vuelve-a-bajar-y-se-ubica-por-debajo-de-los-500-puntos-por-primera-vez-en-un-poco-mas-de-dos-semanas\/#primaryimage"},"thumbnailUrl":"https:\/\/gysfm.com.ar\/inicio\/wp-content\/uploads\/2026\/09\/el-riesgo-pais-baja-y-se-ubica-por-debajo-de-los-KSK6Z3WUZRAFVPSFOK7ERMFAVY.jpg","datePublished":"2026-09-02T16:59:05+00:00","dateModified":"2026-09-02T16:59:06+00:00","breadcrumb":{"@id":"https:\/\/gysfm.com.ar\/inicio\/el-riesgo-pais-vuelve-a-bajar-y-se-ubica-por-debajo-de-los-500-puntos-por-primera-vez-en-un-poco-mas-de-dos-semanas\/#breadcrumb"},"inLanguage":"es","potentialAction":[{"@type":"ReadAction","target":["https:\/\/gysfm.com.ar\/inicio\/el-riesgo-pais-vuelve-a-bajar-y-se-ubica-por-debajo-de-los-500-puntos-por-primera-vez-en-un-poco-mas-de-dos-semanas\/"]}]},{"@type":"ImageObject","inLanguage":"es","@id":"https:\/\/gysfm.com.ar\/inicio\/el-riesgo-pais-vuelve-a-bajar-y-se-ubica-por-debajo-de-los-500-puntos-por-primera-vez-en-un-poco-mas-de-dos-semanas\/#primaryimage","url":"https:\/\/gysfm.com.ar\/inicio\/wp-content\/uploads\/2026\/09\/el-riesgo-pais-baja-y-se-ubica-por-debajo-de-los-KSK6Z3WUZRAFVPSFOK7ERMFAVY.jpg","contentUrl":"https:\/\/gysfm.com.ar\/inicio\/wp-content\/uploads\/2026\/09\/el-riesgo-pais-baja-y-se-ubica-por-debajo-de-los-KSK6Z3WUZRAFVPSFOK7ERMFAVY.jpg","width":1200,"height":800},{"@type":"BreadcrumbList","@id":"https:\/\/gysfm.com.ar\/inicio\/el-riesgo-pais-vuelve-a-bajar-y-se-ubica-por-debajo-de-los-500-puntos-por-primera-vez-en-un-poco-mas-de-dos-semanas\/#breadcrumb","itemListElement":[{"@type":"ListItem","position":1,"name":"Portada","item":"https:\/\/gysfm.com.ar\/inicio\/"},{"@type":"ListItem","position":2,"name":"El riesgo pa\u00eds vuelve a bajar y se ubica por debajo de los 500 puntos por primera vez en un poco m\u00e1s de dos semanas"}]},{"@type":"WebSite","@id":"https:\/\/gysfm.com.ar\/inicio\/#website","url":"https:\/\/gysfm.com.ar\/inicio\/","name":"GYS NOTICIAS |","description":"DIARIO - RADIO ONLINE SAN JUAN ARGENTINA","publisher":{"@id":"https:\/\/gysfm.com.ar\/inicio\/#organization"},"potentialAction":[{"@type":"SearchAction","target":{"@type":"EntryPoint","urlTemplate":"https:\/\/gysfm.com.ar\/inicio\/?s={search_term_string}"},"query-input":{"@type":"PropertyValueSpecification","valueRequired":true,"valueName":"search_term_string"}}],"inLanguage":"es"},{"@type":"Organization","@id":"https:\/\/gysfm.com.ar\/inicio\/#organization","name":"GYS NOTICIAS |","url":"https:\/\/gysfm.com.ar\/inicio\/","logo":{"@type":"ImageObject","inLanguage":"es","@id":"https:\/\/gysfm.com.ar\/inicio\/#\/schema\/logo\/image\/","url":"https:\/\/gysfm.com.ar\/inicio\/wp-content\/uploads\/2023\/07\/LOGOGYS-OK.png","contentUrl":"https:\/\/gysfm.com.ar\/inicio\/wp-content\/uploads\/2023\/07\/LOGOGYS-OK.png","width":1170,"height":872,"caption":"GYS NOTICIAS |"},"image":{"@id":"https:\/\/gysfm.com.ar\/inicio\/#\/schema\/logo\/image\/"}},{"@type":"Person","@id":"https:\/\/gysfm.com.ar\/inicio\/#\/schema\/person\/5bedd7ecd35cc35548d89effafa23696","name":"admin","image":{"@type":"ImageObject","inLanguage":"es","@id":"https:\/\/gysfm.com.ar\/inicio\/#\/schema\/person\/image\/","url":"https:\/\/secure.gravatar.com\/avatar\/c331d312b5243fb64d5ba28108a447b27c925295129a363082c9ea52c28d32c2?s=96&d=mm&r=g","contentUrl":"https:\/\/secure.gravatar.com\/avatar\/c331d312b5243fb64d5ba28108a447b27c925295129a363082c9ea52c28d32c2?s=96&d=mm&r=g","caption":"admin"},"sameAs":["https:\/\/gysfm.com.ar\/inicio"],"url":"https:\/\/gysfm.com.ar\/inicio\/author\/admin\/"}]}},"_links":{"self":[{"href":"https:\/\/gysfm.com.ar\/inicio\/wp-json\/wp\/v2\/posts\/210193","targetHints":{"allow":["GET"]}}],"collection":[{"href":"https:\/\/gysfm.com.ar\/inicio\/wp-json\/wp\/v2\/posts"}],"about":[{"href":"https:\/\/gysfm.com.ar\/inicio\/wp-json\/wp\/v2\/types\/post"}],"author":[{"embeddable":true,"href":"https:\/\/gysfm.com.ar\/inicio\/wp-json\/wp\/v2\/users\/1"}],"replies":[{"embeddable":true,"href":"https:\/\/gysfm.com.ar\/inicio\/wp-json\/wp\/v2\/comments?post=210193"}],"version-history":[{"count":1,"href":"https:\/\/gysfm.com.ar\/inicio\/wp-json\/wp\/v2\/posts\/210193\/revisions"}],"predecessor-version":[{"id":210195,"href":"https:\/\/gysfm.com.ar\/inicio\/wp-json\/wp\/v2\/posts\/210193\/revisions\/210195"}],"wp:featuredmedia":[{"embeddable":true,"href":"https:\/\/gysfm.com.ar\/inicio\/wp-json\/wp\/v2\/media\/210194"}],"wp:attachment":[{"href":"https:\/\/gysfm.com.ar\/inicio\/wp-json\/wp\/v2\/media?parent=210193"}],"wp:term":[{"taxonomy":"category","embeddable":true,"href":"https:\/\/gysfm.com.ar\/inicio\/wp-json\/wp\/v2\/categories?post=210193"},{"taxonomy":"post_tag","embeddable":true,"href":"https:\/\/gysfm.com.ar\/inicio\/wp-json\/wp\/v2\/tags?post=210193"}],"curies":[{"name":"wp","href":"https:\/\/api.w.org\/{rel}","templated":true}]}}