{"id":210186,"date":"2026-09-02T13:19:34","date_gmt":"2026-09-02T16:19:34","guid":{"rendered":"https:\/\/gysfm.com.ar\/inicio\/el-ritmo-de-contrataciones-se-desacelero-en-eeuu-y-suma-expectativa-al-dato-oficial-de-empleo\/"},"modified":"2026-09-02T13:19:34","modified_gmt":"2026-09-02T16:19:34","slug":"el-ritmo-de-contrataciones-se-desacelero-en-eeuu-y-suma-expectativa-al-dato-oficial-de-empleo","status":"publish","type":"post","link":"https:\/\/gysfm.com.ar\/inicio\/el-ritmo-de-contrataciones-se-desacelero-en-eeuu-y-suma-expectativa-al-dato-oficial-de-empleo\/","title":{"rendered":"el ritmo de contrataciones se desaceler\u00f3 en EEUU y suma expectativa al dato oficial de empleo"},"content":{"rendered":"<p> <br \/>\n<\/p>\n<div>\t\t<!-- { REGION4 --> <\/p>\n<header class=\"news-headline\">\n<div class=\"news-headline__topics-and-date-wrapper\">    <span class=\"news-headline__publication-date\"> 2 de septiembre 2026 &#8211; 13:06<br \/>\n            <\/span><\/div>\n<h2 class=\"news-headline__article-summary\"\/>\n<p id=\"p-1788357507261-73584\" class=\"ignore-parser\"> Las cifras indican que las empresas siguen contratando, lo que mantuvo lcierta del estabilidad del mercado laboral en agosto. Sin embargo, ese ritmo se mostr\u00f3 m\u00e1s lento que a principios de a\u00f1o.<\/p>\n<\/header>\n<article class=\"article-body article-body--first-paragraph\" data-td-script-src=\"https:\/\/www.ambito.com\/td\/modulos\/encuestas\/js\/function-embeds-min-version-1788235717.js\">\n<p id=\"p-1788358511528-14282\">Los <strong>primeros datos del mercado laboral norteamericano<\/strong> correspondientes a agosto <strong>dieron indicios de una desaceleraci\u00f3n leve en la econom\u00eda norteamericana<\/strong>. Sin embargo,<strong> la \u00faltima palabra la tendr\u00e1 el informe de empleo<\/strong> que publicar\u00e1 el gobierno estadounidense este viernes, un dato que podr\u00eda terminar de inclinar la balanza de la <strong>Reserva Federal (Fed) <\/strong>hacia una suba de tasas.<\/p>\n<\/article>\n<section class=\"suscription-false printed-edition\" style=\"display:none\">\n<p> El contenido al que quiere acceder es exclusivo para suscriptores.<\/p>\n<p>  <span> <button type=\"button\" name=\"button\" class=\"subscribe-btn mercadopago-btn\">suscribirse<\/button><\/span>  <span class=\"btns\"><button type=\"button\" name=\"button\" class=\"subscribe-btn reload-login\"> ya estoy suscripto<\/button><\/span>  <\/p>\n<\/section>\n<article class=\"article-body article-body--second-paragraph\">\n<p id=\"p-1788357983799-36040\">El empleo en el sector privado aument\u00f3 en 38.000 puestos, tras un incremento revisado de 46.000 el mes anterior, seg\u00fan datos de la consultora<strong> ADP Research <\/strong>publicados este mi\u00e9rcoles. El aumento de agosto fue el m\u00e1s bajo desde principios de a\u00f1o. La previsi\u00f3n del mercado apuntaba a un aumento de 47.000 puestos.<\/p>\n<\/article>\n<section class=\"related-news\">\t\t<span class=\"related-news__title\">Informate m\u00e1s<\/span>\t\t<\/p>\n<div class=\"row row--eq-height\">\n<div class=\"col-12 col-md-6\">\n<article class=\"news-article news-article--landscape-news news-article--landscape-news\">\n<figure class=\"news-article__figure figure\">\n\t\t\t\t\t\t\t\t\t\t\t<img src=\"https:\/\/media.ambito.com\/p\/636c126081585dbed93f049cd714f3d7\/adjuntos\/239\/imagenes\/043\/617\/0043617926\/93x52\/smart\/infantino.webp\" decoding=\"async\" fetchpriority=\"low\" loading=\"lazy\" alt=\"La FIFA deber\u00e1 afrontar los gastos delagales si la UEFA lleva a cabo su intenci\u00f3n de iniciarle juicio al presidente del m\u00e1ximo organismo del f\u00fatbol Mundial, Gianni Infantino.\" title=\"La FIFA deber\u00e1 afrontar los gastos delagales si la UEFA lleva a cabo su intenci\u00f3n de iniciarle juicio al presidente del m\u00e1ximo organismo del f\u00fatbol Mundial, Gianni Infantino.\" width=\"93\" height=\"52\" class=\"news-article__figure-img figure-img img-fluid\"\/>\t\t<\/figure>\n<\/article><\/div>\n<div class=\"col-12 col-md-6\">\n<article class=\"news-article news-article--landscape-news news-article--landscape-news\">\n<figure class=\"news-article__figure figure\">\n\t\t\t\t\t\t\t\t\t\t\t<img src=\"https:\/\/media.ambito.com\/p\/7206495560e2321224e21cb81478a020\/adjuntos\/239\/imagenes\/043\/617\/0043617927\/93x52\/873x455:893x475\/g20-bessent.jpeg\" decoding=\"async\" fetchpriority=\"low\" loading=\"lazy\" alt=\"Tras su participaci\u00f3n en el G20, Bessent apunt\u00f3 contra China como uno de las trabas para normalizar los flujos de \u201cexportaciones baratas\u201d\" title=\"Tras su participaci\u00f3n en el G20, Bessent apunt\u00f3 contra China como uno de las trabas para normalizar los flujos de \u201cexportaciones baratas\u201d\" width=\"93\" height=\"52\" class=\"news-article__figure-img figure-img img-fluid\"\/>\t\t<\/figure>\n<\/article><\/div>\n<\/div>\n<\/section>\n<article class=\"article-body article-body--third-paragraph\">\n<p id=\"p-1788357987411-38752\"> El informe revel\u00f3 que la contrataci\u00f3n se vio impulsada por <strong>los sectores de educaci\u00f3n y servicios de salud<\/strong>, seguidos por los de <strong>ocio y hoteler\u00eda<\/strong>, as\u00ed como por la construcci\u00f3n. Por su parte, el n\u00famero de empleados de la industria manufacturera disminuy\u00f3. Seg\u00fan <strong>ADP<\/strong>, la mayor parte de la contrataci\u00f3n se produjo en grandes empresas, es decir, con 500 o m\u00e1s empleados.<\/p>\n<\/article>\n<article class=\"article-body article-body--fourth-paragraph\">\n<p id=\"p-1788364403805-85605\">Desde Portfolio Personal Inversores (PPI) agregaron que los datos de la econom\u00eda norteamericana que se publicaron ayer <strong>\u00abfueron mixtos, sin se\u00f1ales de alarma\u00bb<\/strong>. Las vacantes laborales JOLTS de julio se ubicaron en 7,27 millones (levemente bajo los 7,33 millones del consenso, aunque por encima de los 7,18 millones revisados de junio). La tasa de renuncias cedi\u00f3 a 1,9% y la de despidos a 1%.<\/p>\n<\/article>\n<article class=\"article-body article-body--fifth-paragraph\">\n<p id=\"p-1788364612844-74908\">En t\u00e9rminos de activdad, el \u00edndice PMI manufacturero de ISM se ubic\u00f3 en 54,6 puntos, por debajo del 55,2 esperado y del 55,6 de julio, pero<strong> a\u00fan c\u00f3modamente en terreno de expansi\u00f3n<\/strong>. Por su parte, la revisi\u00f3n final del PMI manufacturero de S&amp;P Global qued\u00f3 en 53,9, por encima del 53,2 preliminar.<\/p>\n<\/article>\n<article class=\"article-body article-body--remaining-paragraph\">\n<p id=\"p-1788364440435-76908\">Este jueves se conocer\u00e1n los datos de la <strong>consultora Challenger<\/strong> sobre despidos en el sector privado, los \u00edndices de PMI de servicios de S&amp;P e ISM, como as\u00ed tambi\u00e9n los datos semanales de renovaci\u00f3n de subsidio por desempleo, la proyecci\u00f3n de PBI de la Fed de Atlanta y la balanza comercial de agosto.<\/p>\n<div contenteditable=\"false\" class=\"embed_cont type_imagen\" id=\"7965619-Libre-1750536033_wrap\">\n<div id=\"7965619-Libre-1750536033_content\" class=\"embed_content\"><img src=\"https:\/\/media.ambito.com\/p\/190396d1088742f8a64e249ab33f60af\/adjuntos\/239\/imagenes\/041\/718\/0041718976\/fed-reserva-federaljpg.jpg?2024-08-06-11-01-33\" decoding=\"async\" fetchpriority=\"high\" loading=\"eager\" crossorigin=\"anonymous\" alt=\"La Fed se reunir\u00e1 en dos semanas para decidir sobre el rumbo de su pol\u00edtica monetaria.\u00a0\" title=\"La Fed se reunir\u00e1 en dos semanas para decidir sobre el rumbo de su pol\u00edtica monetaria.\u00a0\" width=\"730\" height=\"411\" id=\"7965619-Libre-1750536033_embed\"\/><\/div>\n<div class=\"embed_wrapper-cont\" id=\"p-1788365126097-38809\">\n<div id=\"7965619-Libre-1750536033_epigrafe\" class=\"embed_epigrafe\">\n<p>La Fed se reunir\u00e1 en dos semanas para decidir sobre el rumbo de su pol\u00edtica monetaria. <\/p>\n<\/div>\n<p>Federal Reserve<\/p>\n<\/div><\/div>\n<h2 id=\"p-1788360050755-52777\">A la espera del dato oficial<\/h2>\n<p id=\"p-1788364770176-93203\">El plato fuerte ser\u00e1 el viernes, como<strong> la publicaci\u00f3n del \u00abjob report\u00bb <\/strong>de la Oficina de Estad\u00edsticas Laborales de EEUU (BLS, por sus siglas en ingl\u00e9s). <\/p>\n<p id=\"p-1788358004000-24427\">La creaci\u00f3n de empleo en EEUU fue desigual este a\u00f1o, pero <strong>la tasa de desempleo se encuentra en niveles hist\u00f3ricamente bajos<\/strong>, en torno a 4,1%, seg\u00fan datos oficiales. Esto tranquiliz\u00f3 a algunos funcionarios de la Reserva Federal, que en declaraciones recientes afirmaron que qel mercado laboral est\u00e1 en equilibrio, lo que les permitir\u00eda centrar m\u00e1s su atenci\u00f3n en la inflaci\u00f3n.<\/p>\n<p id=\"p-1788358019001-30178\">El propio presidente de la Fed, <strong>Kevin Warsh<\/strong>, reconoci\u00f3 la semana pasada que existen algunos focos de preocupaci\u00f3n en cu\u00e1nto al dinamismo en el empleo, pero afirm\u00f3 que, en general, el mercado laboral es coherente con el pleno empleo.<\/p>\n<p id=\"p-1788358032878-22797\">\u00abCuando la oferta laboral apenas crece, es l\u00f3gico que el aumento mensual del empleo sea bajo\u00bb, declar\u00f3 Warsh en un discurso durante la conferencia anual de la<strong> Reserva Federal en Wyoming<\/strong>. \u00abSin embargo, en general, quienes desean trabajar, en su mayor\u00eda, conservan o encuentran empleo\u00bb.<\/p>\n<p id=\"p-1788358042477-49253\">Se espera que el informe de empleo del gobierno, que se publicar\u00e1 el viernes e incluye las contrataciones del sector p\u00fablico, <strong>muestre un aumento de 55.000 puestos de trabajo en agosto<\/strong>. Esto supondr\u00eda un cambio con respecto a julio, cuando el empleo cay\u00f3 en 23.000 puestos.<\/p>\n<\/article>\n<p>\t\t<!-- REGION4 } --><\/div>\n<p><script>\n!function(f,b,e,v,n,t,s)\n{if(f.fbq)return;n=f.fbq=function(){n.callMethod?\nn.callMethod.apply(n,arguments):n.queue.push(arguments)};\nif(!f._fbq)f._fbq=n;n.push=n;n.loaded=!0;n.version='2.0';\nn.queue=[];t=b.createElement(e);t.async=!0;\nt.src=v;s=b.getElementsByTagName(e)[0];\ns.parentNode.insertBefore(t,s)}(window,document,'script',\n'https:\/\/connect.facebook.net\/en_US\/fbevents.js');\nfbq('init', '2047048335588113');\nfbq('track', 'PageView');\n<\/script><br \/>\n<br \/><\/p>\n","protected":false},"excerpt":{"rendered":"<p>2 de septiembre 2026 &#8211; 13:06 Las cifras indican que las empresas siguen contratando, lo que mantuvo lcierta del estabilidad del mercado laboral en agosto. Sin embargo, ese ritmo se mostr\u00f3 m\u00e1s lento que a principios de a\u00f1o. Los primeros datos del mercado laboral norteamericano correspondientes a agosto dieron indicios de una desaceleraci\u00f3n leve en [&hellip;]<\/p>\n","protected":false},"author":1,"featured_media":210187,"comment_status":"closed","ping_status":"closed","sticky":false,"template":"","format":"standard","meta":{"footnotes":""},"categories":[28],"tags":[],"class_list":["post-210186","post","type-post","status-publish","format-standard","has-post-thumbnail","hentry","category-economia"],"yoast_head":"<!-- This site is optimized with the Yoast SEO plugin v24.4 - https:\/\/yoast.com\/wordpress\/plugins\/seo\/ -->\n<title>el ritmo de contrataciones se desaceler\u00f3 en EEUU y suma expectativa al dato oficial de empleo - GYS NOTICIAS |<\/title>\n<meta name=\"robots\" content=\"index, follow, max-snippet:-1, max-image-preview:large, max-video-preview:-1\" \/>\n<link rel=\"canonical\" href=\"https:\/\/gysfm.com.ar\/inicio\/el-ritmo-de-contrataciones-se-desacelero-en-eeuu-y-suma-expectativa-al-dato-oficial-de-empleo\/\" \/>\n<meta property=\"og:locale\" content=\"es_ES\" \/>\n<meta property=\"og:type\" content=\"article\" \/>\n<meta property=\"og:title\" content=\"el ritmo de contrataciones se desaceler\u00f3 en EEUU y suma expectativa al dato oficial de empleo - GYS NOTICIAS |\" \/>\n<meta property=\"og:description\" content=\"2 de septiembre 2026 &#8211; 13:06 Las cifras indican que las empresas siguen contratando, lo que mantuvo lcierta del estabilidad del mercado laboral en agosto. Sin embargo, ese ritmo se mostr\u00f3 m\u00e1s lento que a principios de a\u00f1o. Los primeros datos del mercado laboral norteamericano correspondientes a agosto dieron indicios de una desaceleraci\u00f3n leve en [&hellip;]\" \/>\n<meta property=\"og:url\" content=\"https:\/\/gysfm.com.ar\/inicio\/el-ritmo-de-contrataciones-se-desacelero-en-eeuu-y-suma-expectativa-al-dato-oficial-de-empleo\/\" \/>\n<meta property=\"og:site_name\" content=\"GYS NOTICIAS |\" \/>\n<meta property=\"article:published_time\" content=\"2026-09-02T16:19:34+00:00\" \/>\n<meta property=\"og:image\" content=\"https:\/\/media.ambito.com\/p\/636c126081585dbed93f049cd714f3d7\/adjuntos\/239\/imagenes\/043\/617\/0043617926\/93x52\/smart\/infantino.webp\" \/>\n<meta name=\"author\" content=\"admin\" \/>\n<meta name=\"twitter:card\" content=\"summary_large_image\" \/>\n<meta name=\"twitter:label1\" content=\"Escrito por\" \/>\n\t<meta name=\"twitter:data1\" content=\"admin\" \/>\n\t<meta name=\"twitter:label2\" content=\"Tiempo de lectura\" \/>\n\t<meta name=\"twitter:data2\" content=\"3 minutos\" \/>\n<script type=\"application\/ld+json\" class=\"yoast-schema-graph\">{\"@context\":\"https:\/\/schema.org\",\"@graph\":[{\"@type\":\"Article\",\"@id\":\"https:\/\/gysfm.com.ar\/inicio\/el-ritmo-de-contrataciones-se-desacelero-en-eeuu-y-suma-expectativa-al-dato-oficial-de-empleo\/#article\",\"isPartOf\":{\"@id\":\"https:\/\/gysfm.com.ar\/inicio\/el-ritmo-de-contrataciones-se-desacelero-en-eeuu-y-suma-expectativa-al-dato-oficial-de-empleo\/\"},\"author\":{\"name\":\"admin\",\"@id\":\"https:\/\/gysfm.com.ar\/inicio\/#\/schema\/person\/5bedd7ecd35cc35548d89effafa23696\"},\"headline\":\"el ritmo de contrataciones se desaceler\u00f3 en EEUU y suma expectativa al dato oficial de empleo\",\"datePublished\":\"2026-09-02T16:19:34+00:00\",\"mainEntityOfPage\":{\"@id\":\"https:\/\/gysfm.com.ar\/inicio\/el-ritmo-de-contrataciones-se-desacelero-en-eeuu-y-suma-expectativa-al-dato-oficial-de-empleo\/\"},\"wordCount\":684,\"publisher\":{\"@id\":\"https:\/\/gysfm.com.ar\/inicio\/#organization\"},\"image\":{\"@id\":\"https:\/\/gysfm.com.ar\/inicio\/el-ritmo-de-contrataciones-se-desacelero-en-eeuu-y-suma-expectativa-al-dato-oficial-de-empleo\/#primaryimage\"},\"thumbnailUrl\":\"https:\/\/gysfm.com.ar\/inicio\/wp-content\/uploads\/2026\/09\/eeuu-se-contrajo-el-empleo-primera-vez-7-anos.jpg\",\"articleSection\":[\"ECONOMIA\"],\"inLanguage\":\"es\"},{\"@type\":\"WebPage\",\"@id\":\"https:\/\/gysfm.com.ar\/inicio\/el-ritmo-de-contrataciones-se-desacelero-en-eeuu-y-suma-expectativa-al-dato-oficial-de-empleo\/\",\"url\":\"https:\/\/gysfm.com.ar\/inicio\/el-ritmo-de-contrataciones-se-desacelero-en-eeuu-y-suma-expectativa-al-dato-oficial-de-empleo\/\",\"name\":\"el ritmo de contrataciones se desaceler\u00f3 en EEUU y suma expectativa al dato oficial de empleo - GYS NOTICIAS |\",\"isPartOf\":{\"@id\":\"https:\/\/gysfm.com.ar\/inicio\/#website\"},\"primaryImageOfPage\":{\"@id\":\"https:\/\/gysfm.com.ar\/inicio\/el-ritmo-de-contrataciones-se-desacelero-en-eeuu-y-suma-expectativa-al-dato-oficial-de-empleo\/#primaryimage\"},\"image\":{\"@id\":\"https:\/\/gysfm.com.ar\/inicio\/el-ritmo-de-contrataciones-se-desacelero-en-eeuu-y-suma-expectativa-al-dato-oficial-de-empleo\/#primaryimage\"},\"thumbnailUrl\":\"https:\/\/gysfm.com.ar\/inicio\/wp-content\/uploads\/2026\/09\/eeuu-se-contrajo-el-empleo-primera-vez-7-anos.jpg\",\"datePublished\":\"2026-09-02T16:19:34+00:00\",\"breadcrumb\":{\"@id\":\"https:\/\/gysfm.com.ar\/inicio\/el-ritmo-de-contrataciones-se-desacelero-en-eeuu-y-suma-expectativa-al-dato-oficial-de-empleo\/#breadcrumb\"},\"inLanguage\":\"es\",\"potentialAction\":[{\"@type\":\"ReadAction\",\"target\":[\"https:\/\/gysfm.com.ar\/inicio\/el-ritmo-de-contrataciones-se-desacelero-en-eeuu-y-suma-expectativa-al-dato-oficial-de-empleo\/\"]}]},{\"@type\":\"ImageObject\",\"inLanguage\":\"es\",\"@id\":\"https:\/\/gysfm.com.ar\/inicio\/el-ritmo-de-contrataciones-se-desacelero-en-eeuu-y-suma-expectativa-al-dato-oficial-de-empleo\/#primaryimage\",\"url\":\"https:\/\/gysfm.com.ar\/inicio\/wp-content\/uploads\/2026\/09\/eeuu-se-contrajo-el-empleo-primera-vez-7-anos.jpg\",\"contentUrl\":\"https:\/\/gysfm.com.ar\/inicio\/wp-content\/uploads\/2026\/09\/eeuu-se-contrajo-el-empleo-primera-vez-7-anos.jpg\",\"width\":1200,\"height\":675},{\"@type\":\"BreadcrumbList\",\"@id\":\"https:\/\/gysfm.com.ar\/inicio\/el-ritmo-de-contrataciones-se-desacelero-en-eeuu-y-suma-expectativa-al-dato-oficial-de-empleo\/#breadcrumb\",\"itemListElement\":[{\"@type\":\"ListItem\",\"position\":1,\"name\":\"Portada\",\"item\":\"https:\/\/gysfm.com.ar\/inicio\/\"},{\"@type\":\"ListItem\",\"position\":2,\"name\":\"el ritmo de contrataciones se desaceler\u00f3 en EEUU y suma expectativa al dato oficial de empleo\"}]},{\"@type\":\"WebSite\",\"@id\":\"https:\/\/gysfm.com.ar\/inicio\/#website\",\"url\":\"https:\/\/gysfm.com.ar\/inicio\/\",\"name\":\"GYS NOTICIAS |\",\"description\":\"DIARIO - RADIO ONLINE SAN JUAN ARGENTINA\",\"publisher\":{\"@id\":\"https:\/\/gysfm.com.ar\/inicio\/#organization\"},\"potentialAction\":[{\"@type\":\"SearchAction\",\"target\":{\"@type\":\"EntryPoint\",\"urlTemplate\":\"https:\/\/gysfm.com.ar\/inicio\/?s={search_term_string}\"},\"query-input\":{\"@type\":\"PropertyValueSpecification\",\"valueRequired\":true,\"valueName\":\"search_term_string\"}}],\"inLanguage\":\"es\"},{\"@type\":\"Organization\",\"@id\":\"https:\/\/gysfm.com.ar\/inicio\/#organization\",\"name\":\"GYS NOTICIAS |\",\"url\":\"https:\/\/gysfm.com.ar\/inicio\/\",\"logo\":{\"@type\":\"ImageObject\",\"inLanguage\":\"es\",\"@id\":\"https:\/\/gysfm.com.ar\/inicio\/#\/schema\/logo\/image\/\",\"url\":\"https:\/\/gysfm.com.ar\/inicio\/wp-content\/uploads\/2023\/07\/LOGOGYS-OK.png\",\"contentUrl\":\"https:\/\/gysfm.com.ar\/inicio\/wp-content\/uploads\/2023\/07\/LOGOGYS-OK.png\",\"width\":1170,\"height\":872,\"caption\":\"GYS NOTICIAS |\"},\"image\":{\"@id\":\"https:\/\/gysfm.com.ar\/inicio\/#\/schema\/logo\/image\/\"}},{\"@type\":\"Person\",\"@id\":\"https:\/\/gysfm.com.ar\/inicio\/#\/schema\/person\/5bedd7ecd35cc35548d89effafa23696\",\"name\":\"admin\",\"image\":{\"@type\":\"ImageObject\",\"inLanguage\":\"es\",\"@id\":\"https:\/\/gysfm.com.ar\/inicio\/#\/schema\/person\/image\/\",\"url\":\"https:\/\/secure.gravatar.com\/avatar\/c331d312b5243fb64d5ba28108a447b27c925295129a363082c9ea52c28d32c2?s=96&d=mm&r=g\",\"contentUrl\":\"https:\/\/secure.gravatar.com\/avatar\/c331d312b5243fb64d5ba28108a447b27c925295129a363082c9ea52c28d32c2?s=96&d=mm&r=g\",\"caption\":\"admin\"},\"sameAs\":[\"https:\/\/gysfm.com.ar\/inicio\"],\"url\":\"https:\/\/gysfm.com.ar\/inicio\/author\/admin\/\"}]}<\/script>\n<!-- \/ Yoast SEO plugin. -->","yoast_head_json":{"title":"el ritmo de contrataciones se desaceler\u00f3 en EEUU y suma expectativa al dato oficial de empleo - GYS NOTICIAS |","robots":{"index":"index","follow":"follow","max-snippet":"max-snippet:-1","max-image-preview":"max-image-preview:large","max-video-preview":"max-video-preview:-1"},"canonical":"https:\/\/gysfm.com.ar\/inicio\/el-ritmo-de-contrataciones-se-desacelero-en-eeuu-y-suma-expectativa-al-dato-oficial-de-empleo\/","og_locale":"es_ES","og_type":"article","og_title":"el ritmo de contrataciones se desaceler\u00f3 en EEUU y suma expectativa al dato oficial de empleo - GYS NOTICIAS |","og_description":"2 de septiembre 2026 &#8211; 13:06 Las cifras indican que las empresas siguen contratando, lo que mantuvo lcierta del estabilidad del mercado laboral en agosto. Sin embargo, ese ritmo se mostr\u00f3 m\u00e1s lento que a principios de a\u00f1o. Los primeros datos del mercado laboral norteamericano correspondientes a agosto dieron indicios de una desaceleraci\u00f3n leve en [&hellip;]","og_url":"https:\/\/gysfm.com.ar\/inicio\/el-ritmo-de-contrataciones-se-desacelero-en-eeuu-y-suma-expectativa-al-dato-oficial-de-empleo\/","og_site_name":"GYS NOTICIAS |","article_published_time":"2026-09-02T16:19:34+00:00","og_image":[{"url":"https:\/\/media.ambito.com\/p\/636c126081585dbed93f049cd714f3d7\/adjuntos\/239\/imagenes\/043\/617\/0043617926\/93x52\/smart\/infantino.webp","type":"","width":"","height":""}],"author":"admin","twitter_card":"summary_large_image","twitter_misc":{"Escrito por":"admin","Tiempo de lectura":"3 minutos"},"schema":{"@context":"https:\/\/schema.org","@graph":[{"@type":"Article","@id":"https:\/\/gysfm.com.ar\/inicio\/el-ritmo-de-contrataciones-se-desacelero-en-eeuu-y-suma-expectativa-al-dato-oficial-de-empleo\/#article","isPartOf":{"@id":"https:\/\/gysfm.com.ar\/inicio\/el-ritmo-de-contrataciones-se-desacelero-en-eeuu-y-suma-expectativa-al-dato-oficial-de-empleo\/"},"author":{"name":"admin","@id":"https:\/\/gysfm.com.ar\/inicio\/#\/schema\/person\/5bedd7ecd35cc35548d89effafa23696"},"headline":"el ritmo de contrataciones se desaceler\u00f3 en EEUU y suma expectativa al dato oficial de empleo","datePublished":"2026-09-02T16:19:34+00:00","mainEntityOfPage":{"@id":"https:\/\/gysfm.com.ar\/inicio\/el-ritmo-de-contrataciones-se-desacelero-en-eeuu-y-suma-expectativa-al-dato-oficial-de-empleo\/"},"wordCount":684,"publisher":{"@id":"https:\/\/gysfm.com.ar\/inicio\/#organization"},"image":{"@id":"https:\/\/gysfm.com.ar\/inicio\/el-ritmo-de-contrataciones-se-desacelero-en-eeuu-y-suma-expectativa-al-dato-oficial-de-empleo\/#primaryimage"},"thumbnailUrl":"https:\/\/gysfm.com.ar\/inicio\/wp-content\/uploads\/2026\/09\/eeuu-se-contrajo-el-empleo-primera-vez-7-anos.jpg","articleSection":["ECONOMIA"],"inLanguage":"es"},{"@type":"WebPage","@id":"https:\/\/gysfm.com.ar\/inicio\/el-ritmo-de-contrataciones-se-desacelero-en-eeuu-y-suma-expectativa-al-dato-oficial-de-empleo\/","url":"https:\/\/gysfm.com.ar\/inicio\/el-ritmo-de-contrataciones-se-desacelero-en-eeuu-y-suma-expectativa-al-dato-oficial-de-empleo\/","name":"el ritmo de contrataciones se desaceler\u00f3 en EEUU y suma expectativa al dato oficial de empleo - GYS NOTICIAS |","isPartOf":{"@id":"https:\/\/gysfm.com.ar\/inicio\/#website"},"primaryImageOfPage":{"@id":"https:\/\/gysfm.com.ar\/inicio\/el-ritmo-de-contrataciones-se-desacelero-en-eeuu-y-suma-expectativa-al-dato-oficial-de-empleo\/#primaryimage"},"image":{"@id":"https:\/\/gysfm.com.ar\/inicio\/el-ritmo-de-contrataciones-se-desacelero-en-eeuu-y-suma-expectativa-al-dato-oficial-de-empleo\/#primaryimage"},"thumbnailUrl":"https:\/\/gysfm.com.ar\/inicio\/wp-content\/uploads\/2026\/09\/eeuu-se-contrajo-el-empleo-primera-vez-7-anos.jpg","datePublished":"2026-09-02T16:19:34+00:00","breadcrumb":{"@id":"https:\/\/gysfm.com.ar\/inicio\/el-ritmo-de-contrataciones-se-desacelero-en-eeuu-y-suma-expectativa-al-dato-oficial-de-empleo\/#breadcrumb"},"inLanguage":"es","potentialAction":[{"@type":"ReadAction","target":["https:\/\/gysfm.com.ar\/inicio\/el-ritmo-de-contrataciones-se-desacelero-en-eeuu-y-suma-expectativa-al-dato-oficial-de-empleo\/"]}]},{"@type":"ImageObject","inLanguage":"es","@id":"https:\/\/gysfm.com.ar\/inicio\/el-ritmo-de-contrataciones-se-desacelero-en-eeuu-y-suma-expectativa-al-dato-oficial-de-empleo\/#primaryimage","url":"https:\/\/gysfm.com.ar\/inicio\/wp-content\/uploads\/2026\/09\/eeuu-se-contrajo-el-empleo-primera-vez-7-anos.jpg","contentUrl":"https:\/\/gysfm.com.ar\/inicio\/wp-content\/uploads\/2026\/09\/eeuu-se-contrajo-el-empleo-primera-vez-7-anos.jpg","width":1200,"height":675},{"@type":"BreadcrumbList","@id":"https:\/\/gysfm.com.ar\/inicio\/el-ritmo-de-contrataciones-se-desacelero-en-eeuu-y-suma-expectativa-al-dato-oficial-de-empleo\/#breadcrumb","itemListElement":[{"@type":"ListItem","position":1,"name":"Portada","item":"https:\/\/gysfm.com.ar\/inicio\/"},{"@type":"ListItem","position":2,"name":"el ritmo de contrataciones se desaceler\u00f3 en EEUU y suma expectativa al dato oficial de empleo"}]},{"@type":"WebSite","@id":"https:\/\/gysfm.com.ar\/inicio\/#website","url":"https:\/\/gysfm.com.ar\/inicio\/","name":"GYS NOTICIAS |","description":"DIARIO - RADIO ONLINE SAN JUAN ARGENTINA","publisher":{"@id":"https:\/\/gysfm.com.ar\/inicio\/#organization"},"potentialAction":[{"@type":"SearchAction","target":{"@type":"EntryPoint","urlTemplate":"https:\/\/gysfm.com.ar\/inicio\/?s={search_term_string}"},"query-input":{"@type":"PropertyValueSpecification","valueRequired":true,"valueName":"search_term_string"}}],"inLanguage":"es"},{"@type":"Organization","@id":"https:\/\/gysfm.com.ar\/inicio\/#organization","name":"GYS NOTICIAS |","url":"https:\/\/gysfm.com.ar\/inicio\/","logo":{"@type":"ImageObject","inLanguage":"es","@id":"https:\/\/gysfm.com.ar\/inicio\/#\/schema\/logo\/image\/","url":"https:\/\/gysfm.com.ar\/inicio\/wp-content\/uploads\/2023\/07\/LOGOGYS-OK.png","contentUrl":"https:\/\/gysfm.com.ar\/inicio\/wp-content\/uploads\/2023\/07\/LOGOGYS-OK.png","width":1170,"height":872,"caption":"GYS NOTICIAS |"},"image":{"@id":"https:\/\/gysfm.com.ar\/inicio\/#\/schema\/logo\/image\/"}},{"@type":"Person","@id":"https:\/\/gysfm.com.ar\/inicio\/#\/schema\/person\/5bedd7ecd35cc35548d89effafa23696","name":"admin","image":{"@type":"ImageObject","inLanguage":"es","@id":"https:\/\/gysfm.com.ar\/inicio\/#\/schema\/person\/image\/","url":"https:\/\/secure.gravatar.com\/avatar\/c331d312b5243fb64d5ba28108a447b27c925295129a363082c9ea52c28d32c2?s=96&d=mm&r=g","contentUrl":"https:\/\/secure.gravatar.com\/avatar\/c331d312b5243fb64d5ba28108a447b27c925295129a363082c9ea52c28d32c2?s=96&d=mm&r=g","caption":"admin"},"sameAs":["https:\/\/gysfm.com.ar\/inicio"],"url":"https:\/\/gysfm.com.ar\/inicio\/author\/admin\/"}]}},"_links":{"self":[{"href":"https:\/\/gysfm.com.ar\/inicio\/wp-json\/wp\/v2\/posts\/210186","targetHints":{"allow":["GET"]}}],"collection":[{"href":"https:\/\/gysfm.com.ar\/inicio\/wp-json\/wp\/v2\/posts"}],"about":[{"href":"https:\/\/gysfm.com.ar\/inicio\/wp-json\/wp\/v2\/types\/post"}],"author":[{"embeddable":true,"href":"https:\/\/gysfm.com.ar\/inicio\/wp-json\/wp\/v2\/users\/1"}],"replies":[{"embeddable":true,"href":"https:\/\/gysfm.com.ar\/inicio\/wp-json\/wp\/v2\/comments?post=210186"}],"version-history":[{"count":0,"href":"https:\/\/gysfm.com.ar\/inicio\/wp-json\/wp\/v2\/posts\/210186\/revisions"}],"wp:featuredmedia":[{"embeddable":true,"href":"https:\/\/gysfm.com.ar\/inicio\/wp-json\/wp\/v2\/media\/210187"}],"wp:attachment":[{"href":"https:\/\/gysfm.com.ar\/inicio\/wp-json\/wp\/v2\/media?parent=210186"}],"wp:term":[{"taxonomy":"category","embeddable":true,"href":"https:\/\/gysfm.com.ar\/inicio\/wp-json\/wp\/v2\/categories?post=210186"},{"taxonomy":"post_tag","embeddable":true,"href":"https:\/\/gysfm.com.ar\/inicio\/wp-json\/wp\/v2\/tags?post=210186"}],"curies":[{"name":"wp","href":"https:\/\/api.w.org\/{rel}","templated":true}]}}