{"id":210183,"date":"2026-09-02T12:56:08","date_gmt":"2026-09-02T15:56:08","guid":{"rendered":"https:\/\/gysfm.com.ar\/inicio\/abuso-de-una-nina-en-un-minimercado-de-italia-quedo-libre-y-reavivo-el-debate-sobre-inmigracion-y-castracion-quimica\/"},"modified":"2026-09-02T12:56:09","modified_gmt":"2026-09-02T15:56:09","slug":"abuso-de-una-nina-en-un-minimercado-de-italia-quedo-libre-y-reavivo-el-debate-sobre-inmigracion-y-castracion-quimica","status":"publish","type":"post","link":"https:\/\/gysfm.com.ar\/inicio\/abuso-de-una-nina-en-un-minimercado-de-italia-quedo-libre-y-reavivo-el-debate-sobre-inmigracion-y-castracion-quimica\/","title":{"rendered":"Abus\u00f3 de una ni\u00f1a en un minimercado de Italia, qued\u00f3 libre y reaviv\u00f3 el debate sobre inmigraci\u00f3n y castraci\u00f3n qu\u00edmica"},"content":{"rendered":"<p> <br \/>\n<\/p>\n<div>\n<p class=\"com-paragraph --capital --s\">ROMA.\u2013 Con el siempre controvertido tema de la inmigraci\u00f3n como tel\u00f3n de fondo, la decisi\u00f3n de un juez de <strong>excarcelar, apenas 48 horas despu\u00e9s de su detenci\u00f3n, a un ciudadano banglades\u00ed acusado de abusar de una chica de 13 a\u00f1os<\/strong> desat\u00f3 este martes un nuevo esc\u00e1ndalo en <a href=\"https:\/\/www.lanacion.com.ar\/el-mundo\/italia-prorrogo-15-dias-mas-la-suspension-del-acuerdo-de-schengen-con-espana-por-la-crisis-nid31082026\/\" target=\"_self\" title=\"https:\/\/www.lanacion.com.ar\/el-mundo\/italia-prorrogo-15-dias-mas-la-suspension-del-acuerdo-de-schengen-con-espana-por-la-crisis-nid31082026\/\" class=\"com-link break-word\" data-mrf-recirculation=\"n_link_parrafo\">Italia<\/a>. El magistrado justific\u00f3 la medida al se\u00f1alar que el acusado <strong>\u201chab\u00eda entendido que se hab\u00eda equivocado y estaba dolido\u201d<\/strong>.<\/p>\n<p class=\"com-paragraph --s\">El episodio provoc\u00f3 tal conmoci\u00f3n que el ministro de Justicia, <strong>Carlo Nordio<\/strong>, anunci\u00f3 el env\u00edo de inspectores para esclarecer lo ocurrido. La decisi\u00f3n recibi\u00f3 el respaldo de pr\u00e1cticamente todo el arco pol\u00edtico, incluida la primera ministra, <a href=\"https:\/\/www.lanacion.com.ar\/el-mundo\/violentos-choques-entre-la-policia-y-grupos-extremistas-dejan-cientos-de-heridos-y-desatan-criticas-nid27072026\/\" target=\"_self\" title=\"https:\/\/www.lanacion.com.ar\/el-mundo\/violentos-choques-entre-la-policia-y-grupos-extremistas-dejan-cientos-de-heridos-y-desatan-criticas-nid27072026\/\" class=\"com-link break-word\" data-mrf-recirculation=\"n_link_parrafo\"><strong>Giorgia Meloni<\/strong><\/a>, que expres\u00f3 en sus redes sociales su <strong>\u201ctotal\u201d solidaridad con la ni\u00f1a y su familia<\/strong> y manifest\u00f3 su desconcierto por la resoluci\u00f3n del magistrado, ahora bajo escrutinio.<\/p>\n<p class=\"com-paragraph --s\">Por su parte, el l\u00edder de la xen\u00f3foba Liga, <strong>Matteo Salvini<\/strong>, viceprimer ministro y titular de Transporte, aprovech\u00f3 la pol\u00e9mica para reflotar una vieja propuesta: <strong>la castraci\u00f3n qu\u00edmica para los violadores<\/strong>.<\/p>\n<p><h2 class=\"font-primary font-w-bold text-subheading-lg text-left container-center-100 mb-8\"><span>Un caso captado por las c\u00e1maras de seguridad<\/span><\/h2>\n<\/p>\n<p class=\"com-paragraph --s\">Tal como inform\u00f3 el diario <em>La Stampa<\/em>, <strong>todo ocurri\u00f3 el s\u00e1bado pasado cerca de las 13 en el barrio de Madonna di Campagna<\/strong>, en la periferia norte de la ciudad de <strong>Tur\u00edn<\/strong>, al noroeste de Italia. Mientras su mam\u00e1 se encontraba trabajando, la ni\u00f1a de 13 a\u00f1os fue a comprarle la merienda a sus hermanitos. Como ten\u00eda solo tres euros, fue a la tienda m\u00e1s barata, el minimercado donde trabaja el banglades\u00ed. <\/p>\n<p><iframe src=\"https:\/\/www.google.com\/maps\/embed?pb=!1m18!1m12!1m3!1d214343.388586806!2d7.603274340080115!3d45.10081399647992!2m3!1f0!2f0!3f0!3m2!1i1024!2i768!4f13.1!3m3!1m2!1s0x47886c332ce6ba2f%3A0x8cced849de56fc9!2sMadonna%20di%20Campagna%2C%2010151%20Tur%C3%ADn%2C%20Italia!5e0!3m2!1ses!2sar!4v1788288184589!5m2!1ses!2sar\" width=\"600\" height=\"450\" style=\"border:0;\" allowfullscreen=\"\" loading=\"lazy\" referrerpolicy=\"strict-origin-when-cross-origin\"><\/iframe><\/p>\n<p class=\"com-paragraph --s\">Estaban solos en el lugar y, como luego cont\u00f3 la v\u00edctima, el hombre le ofreci\u00f3 una bebida, le pregunt\u00f3 si ten\u00eda novio y cu\u00e1ntos a\u00f1os ten\u00eda. Despu\u00e9s de haberse enterado que ten\u00eda 13, le habr\u00eda dicho: \u201csos muy joven\u201d. Despu\u00e9s lleg\u00f3 la violencia sexual, entre los estantes del comercio.<\/p>\n<p class=\"com-paragraph --s\"><strong>Las c\u00e1maras de seguridad captaron todo<\/strong>. Es m\u00e1s, registraron <strong>tambi\u00e9n otro acto de abuso cometido por el mismo hombre unos cuarenta minutos antes<\/strong>, contra una mujer no identificada. <\/p>\n<p class=\"com-paragraph --s\">Seg\u00fan medios italianos, cuando la chica logr\u00f3 salir de la tienda, asustada, camin\u00f3 unos metros y se desplom\u00f3. <strong>\u201cYa no pod\u00eda moverme, me sent\u00eda asqueada, con nauseas\u201d<\/strong>, relat\u00f3. Llam\u00f3 a su mam\u00e1, a quien le cont\u00f3 todo, luego a un amigo que la pas\u00f3 a buscar y la polic\u00eda la traslad\u00f3 al hospital, donde se activ\u00f3 el denominado \u201cprotocolo Bambi\u201d para casos de violencia contra menores. <\/p>\n<p class=\"com-paragraph --s\">Su agresor fue detenido por la polic\u00eda, pero <strong>excarcelado por el juez de instrucci\u00f3n tras pasar dos noches en una celda <\/strong>de la prisi\u00f3n Lorusso e Cutugno, con la obligaci\u00f3n de comparecer peri\u00f3dicamente ante las autoridades.<\/p>\n<p class=\"com-paragraph --s\">\u00bfEl motivo? Seg\u00fan el juez de instrucci\u00f3n del Tribunal de Tur\u00edn, en la audiencia el hombre, que prefiri\u00f3 no contestar preguntas, se mostr\u00f3 <strong>\u201ccolaborativo\u201d<\/strong> entregando a los agentes las im\u00e1genes de videovigilancia interna del establecimiento. Adem\u00e1s, en una declaraci\u00f3n voluntaria se manifest\u00f3 \u201cdolido\u201d: <strong>\u201ccomet\u00ed un error; es la primera vez que me sucede algo as\u00ed, lo siento mucho\u201d<\/strong>. <\/p>\n<p class=\"com-paragraph --s\">El fiscal <strong>Paolo Cappelli <\/strong>hab\u00eda solicitado la prisi\u00f3n preventiva del sujeto, al destacar el <strong>\u201cpeligro concreto de que, de ser puesto en libertad, cometiera delitos de la misma naturaleza\u201d<\/strong> y al resaltar que este riesgo derivaba no solo de la gravedad de la acusaci\u00f3n, sino tambi\u00e9n de las circunstancias de los hechos: los investigadores gracias a las c\u00e1maras reconstruyeron que el hombre habr\u00eda abusado de dos personas en un lapso inferior a una hora.<\/p>\n<p><h2 class=\"font-primary font-w-bold text-subheading-lg text-left container-center-100 mb-8\"><span>Reacciones<\/span><\/h2>\n<\/p>\n<p class=\"com-paragraph --s\"><strong>El caso determin\u00f3 una reacci\u00f3n un\u00e1nime del arco pol\u00edtico<\/strong>, que calific\u00f3 como inaceptable la decisi\u00f3n del magistrado y solicit\u00f3 una intervenci\u00f3n del Ministerio de Justicia. Incluso hubo una protesta ante la jefatura de la polic\u00eda de Tur\u00edn, donde referentes de Forza Italia desplegaron una pancarta pidiendo el cierre del <strong>\u201cmini mercado ped\u00f3filo\u201d<\/strong>.<\/p>\n<div class=\"content-media\">\n<section role=\"button\" class=\"mod-media   \">\n<figure role=\"button\" tabindex=\"0\" class=\"mod-figure \"><figcaption class=\"mod-figcaption\"><span class=\"com-text --caption --twoxs\">La primera ministra de Italia, Giorgia Meloni<\/span><span class=\"com-text --credit --twoxs\">Kay Nietfeld &#8211; dpa DPA<\/span><\/figcaption><\/figure>\n<\/section>\n<\/div>\n<p class=\"com-paragraph --s\">\u201cObservo que la decisi\u00f3n del juez de instrucci\u00f3n preliminar entra en el \u00e1mbito de la autonom\u00eda e independencia del poder judicial, cuestiones en las que no puedo ni debo interferir. No obstante, dada la naturaleza excepcional del caso y la alarma social que ha provocado, <strong>he ordenado el env\u00edo de inspectores para recopilar todas las valoraciones pertinentes<\/strong>\u201d, anunci\u00f3 por la tarde el ministro de Justicia, <strong>Carlo Nordio<\/strong>. <\/p>\n<p class=\"com-paragraph --s\"><strong>Claudia Eccher<\/strong> e <strong>Isabella Bertolini<\/strong>, miembros del Consejo Superior de la Magistratura, <strong>adelantaron la posibilidad de sanciones para el juez del esc\u00e1ndalo<\/strong>. \u201cSi bien reafirmamos nuestro pleno respeto por la autonom\u00eda e independencia del Poder Judicial, no podemos ignorar el profundo desconcierto que provocan decisiones de esta \u00edndole\u201d, hicieron saber. Y advirtieron: \u201cestamos considerando abrir un expediente sobre el impacto de este asunto en la evaluaci\u00f3n profesional del magistrado implicado y solicitar al Fiscal General que examine las posibles implicaciones disciplinarias\u201d.<\/p>\n<section class=\"container-center-100 mb-40 border border-bottom border-thin border-neutral-light-700\">\n<hr\/>\n<\/section>\n<\/div>\n<p><script id=\"facebookpixel\" defer=\"\" type=\"text\/javascript\">\n        !function(f,b,e,v,n,t,s)\n        {if(f.fbq)return;n=f.fbq=function(){n.callMethod?\n        n.callMethod.apply(n,arguments):n.queue.push(arguments)};\n        if(!f._fbq)f._fbq=n;n.push=n;n.loaded=!0;n.version='2.0';\n        n.queue=[];t=b.createElement(e);t.async=!0;\n        t.src=v;s=b.getElementsByTagName(e)[0];\n        s.parentNode.insertBefore(t,s)}(window, document,'script',\n        'https:\/\/connect.facebook.net\/en_US\/fbevents.js');\n        fbq('init', '492459597522335');\n        fbq('track', 'PageView');\n    <\/script><br \/>\n<br \/><\/p>\n","protected":false},"excerpt":{"rendered":"<p>ROMA.\u2013 Con el siempre controvertido tema de la inmigraci\u00f3n como tel\u00f3n de fondo, la decisi\u00f3n de un juez de excarcelar, apenas 48 horas despu\u00e9s de su detenci\u00f3n, a un ciudadano banglades\u00ed acusado de abusar de una chica de 13 a\u00f1os desat\u00f3 este martes un nuevo esc\u00e1ndalo en Italia. El magistrado justific\u00f3 la medida al se\u00f1alar [&hellip;]<\/p>\n","protected":false},"author":2,"featured_media":210184,"comment_status":"closed","ping_status":"closed","sticky":false,"template":"","format":"standard","meta":{"footnotes":""},"categories":[26],"tags":[],"class_list":["post-210183","post","type-post","status-publish","format-standard","has-post-thumbnail","hentry","category-internacionales"],"yoast_head":"<!-- This site is optimized with the Yoast SEO plugin v24.4 - https:\/\/yoast.com\/wordpress\/plugins\/seo\/ -->\n<title>Abus\u00f3 de una ni\u00f1a en un minimercado de Italia, qued\u00f3 libre y reaviv\u00f3 el debate sobre inmigraci\u00f3n y castraci\u00f3n qu\u00edmica - GYS NOTICIAS |<\/title>\n<meta name=\"robots\" content=\"index, follow, max-snippet:-1, max-image-preview:large, max-video-preview:-1\" \/>\n<link rel=\"canonical\" href=\"https:\/\/gysfm.com.ar\/inicio\/abuso-de-una-nina-en-un-minimercado-de-italia-quedo-libre-y-reavivo-el-debate-sobre-inmigracion-y-castracion-quimica\/\" \/>\n<meta property=\"og:locale\" content=\"es_ES\" \/>\n<meta property=\"og:type\" content=\"article\" \/>\n<meta property=\"og:title\" content=\"Abus\u00f3 de una ni\u00f1a en un minimercado de Italia, qued\u00f3 libre y reaviv\u00f3 el debate sobre inmigraci\u00f3n y castraci\u00f3n qu\u00edmica - GYS NOTICIAS |\" \/>\n<meta property=\"og:description\" content=\"ROMA.\u2013 Con el siempre controvertido tema de la inmigraci\u00f3n como tel\u00f3n de fondo, la decisi\u00f3n de un juez de excarcelar, apenas 48 horas despu\u00e9s de su detenci\u00f3n, a un ciudadano banglades\u00ed acusado de abusar de una chica de 13 a\u00f1os desat\u00f3 este martes un nuevo esc\u00e1ndalo en Italia. El magistrado justific\u00f3 la medida al se\u00f1alar [&hellip;]\" \/>\n<meta property=\"og:url\" content=\"https:\/\/gysfm.com.ar\/inicio\/abuso-de-una-nina-en-un-minimercado-de-italia-quedo-libre-y-reavivo-el-debate-sobre-inmigracion-y-castracion-quimica\/\" \/>\n<meta property=\"og:site_name\" content=\"GYS NOTICIAS |\" \/>\n<meta property=\"article:published_time\" content=\"2026-09-02T15:56:08+00:00\" \/>\n<meta property=\"article:modified_time\" content=\"2026-09-02T15:56:09+00:00\" \/>\n<meta property=\"og:image\" content=\"https:\/\/gysfm.com.ar\/inicio\/wp-content\/uploads\/2026\/09\/italia-giorgia-meloni-mundo-XI4WRHDFANEDBECFT6SDGAEQVI.JPG\" \/>\n\t<meta property=\"og:image:width\" content=\"1200\" \/>\n\t<meta property=\"og:image:height\" content=\"800\" \/>\n\t<meta property=\"og:image:type\" content=\"image\/jpeg\" \/>\n<meta name=\"author\" content=\"Prensa G&amp;S FM\" \/>\n<meta name=\"twitter:card\" content=\"summary_large_image\" \/>\n<meta name=\"twitter:label1\" content=\"Escrito por\" \/>\n\t<meta name=\"twitter:data1\" content=\"Prensa G&amp;S FM\" \/>\n\t<meta name=\"twitter:label2\" content=\"Tiempo de lectura\" \/>\n\t<meta name=\"twitter:data2\" content=\"4 minutos\" \/>\n<script type=\"application\/ld+json\" class=\"yoast-schema-graph\">{\"@context\":\"https:\/\/schema.org\",\"@graph\":[{\"@type\":\"Article\",\"@id\":\"https:\/\/gysfm.com.ar\/inicio\/abuso-de-una-nina-en-un-minimercado-de-italia-quedo-libre-y-reavivo-el-debate-sobre-inmigracion-y-castracion-quimica\/#article\",\"isPartOf\":{\"@id\":\"https:\/\/gysfm.com.ar\/inicio\/abuso-de-una-nina-en-un-minimercado-de-italia-quedo-libre-y-reavivo-el-debate-sobre-inmigracion-y-castracion-quimica\/\"},\"author\":{\"name\":\"Prensa G&amp;S FM\",\"@id\":\"https:\/\/gysfm.com.ar\/inicio\/#\/schema\/person\/3abba7593ef2ad19e1be221d54383dc5\"},\"headline\":\"Abus\u00f3 de una ni\u00f1a en un minimercado de Italia, qued\u00f3 libre y reaviv\u00f3 el debate sobre inmigraci\u00f3n y castraci\u00f3n qu\u00edmica\",\"datePublished\":\"2026-09-02T15:56:08+00:00\",\"dateModified\":\"2026-09-02T15:56:09+00:00\",\"mainEntityOfPage\":{\"@id\":\"https:\/\/gysfm.com.ar\/inicio\/abuso-de-una-nina-en-un-minimercado-de-italia-quedo-libre-y-reavivo-el-debate-sobre-inmigracion-y-castracion-quimica\/\"},\"wordCount\":865,\"publisher\":{\"@id\":\"https:\/\/gysfm.com.ar\/inicio\/#organization\"},\"image\":{\"@id\":\"https:\/\/gysfm.com.ar\/inicio\/abuso-de-una-nina-en-un-minimercado-de-italia-quedo-libre-y-reavivo-el-debate-sobre-inmigracion-y-castracion-quimica\/#primaryimage\"},\"thumbnailUrl\":\"https:\/\/gysfm.com.ar\/inicio\/wp-content\/uploads\/2026\/09\/italia-giorgia-meloni-mundo-XI4WRHDFANEDBECFT6SDGAEQVI.JPG\",\"articleSection\":[\"INTERNACIONALES\"],\"inLanguage\":\"es\"},{\"@type\":\"WebPage\",\"@id\":\"https:\/\/gysfm.com.ar\/inicio\/abuso-de-una-nina-en-un-minimercado-de-italia-quedo-libre-y-reavivo-el-debate-sobre-inmigracion-y-castracion-quimica\/\",\"url\":\"https:\/\/gysfm.com.ar\/inicio\/abuso-de-una-nina-en-un-minimercado-de-italia-quedo-libre-y-reavivo-el-debate-sobre-inmigracion-y-castracion-quimica\/\",\"name\":\"Abus\u00f3 de una ni\u00f1a en un minimercado de Italia, qued\u00f3 libre y reaviv\u00f3 el debate sobre inmigraci\u00f3n y castraci\u00f3n qu\u00edmica - GYS NOTICIAS |\",\"isPartOf\":{\"@id\":\"https:\/\/gysfm.com.ar\/inicio\/#website\"},\"primaryImageOfPage\":{\"@id\":\"https:\/\/gysfm.com.ar\/inicio\/abuso-de-una-nina-en-un-minimercado-de-italia-quedo-libre-y-reavivo-el-debate-sobre-inmigracion-y-castracion-quimica\/#primaryimage\"},\"image\":{\"@id\":\"https:\/\/gysfm.com.ar\/inicio\/abuso-de-una-nina-en-un-minimercado-de-italia-quedo-libre-y-reavivo-el-debate-sobre-inmigracion-y-castracion-quimica\/#primaryimage\"},\"thumbnailUrl\":\"https:\/\/gysfm.com.ar\/inicio\/wp-content\/uploads\/2026\/09\/italia-giorgia-meloni-mundo-XI4WRHDFANEDBECFT6SDGAEQVI.JPG\",\"datePublished\":\"2026-09-02T15:56:08+00:00\",\"dateModified\":\"2026-09-02T15:56:09+00:00\",\"breadcrumb\":{\"@id\":\"https:\/\/gysfm.com.ar\/inicio\/abuso-de-una-nina-en-un-minimercado-de-italia-quedo-libre-y-reavivo-el-debate-sobre-inmigracion-y-castracion-quimica\/#breadcrumb\"},\"inLanguage\":\"es\",\"potentialAction\":[{\"@type\":\"ReadAction\",\"target\":[\"https:\/\/gysfm.com.ar\/inicio\/abuso-de-una-nina-en-un-minimercado-de-italia-quedo-libre-y-reavivo-el-debate-sobre-inmigracion-y-castracion-quimica\/\"]}]},{\"@type\":\"ImageObject\",\"inLanguage\":\"es\",\"@id\":\"https:\/\/gysfm.com.ar\/inicio\/abuso-de-una-nina-en-un-minimercado-de-italia-quedo-libre-y-reavivo-el-debate-sobre-inmigracion-y-castracion-quimica\/#primaryimage\",\"url\":\"https:\/\/gysfm.com.ar\/inicio\/wp-content\/uploads\/2026\/09\/italia-giorgia-meloni-mundo-XI4WRHDFANEDBECFT6SDGAEQVI.JPG\",\"contentUrl\":\"https:\/\/gysfm.com.ar\/inicio\/wp-content\/uploads\/2026\/09\/italia-giorgia-meloni-mundo-XI4WRHDFANEDBECFT6SDGAEQVI.JPG\",\"width\":1200,\"height\":800},{\"@type\":\"BreadcrumbList\",\"@id\":\"https:\/\/gysfm.com.ar\/inicio\/abuso-de-una-nina-en-un-minimercado-de-italia-quedo-libre-y-reavivo-el-debate-sobre-inmigracion-y-castracion-quimica\/#breadcrumb\",\"itemListElement\":[{\"@type\":\"ListItem\",\"position\":1,\"name\":\"Portada\",\"item\":\"https:\/\/gysfm.com.ar\/inicio\/\"},{\"@type\":\"ListItem\",\"position\":2,\"name\":\"Abus\u00f3 de una ni\u00f1a en un minimercado de Italia, qued\u00f3 libre y reaviv\u00f3 el debate sobre inmigraci\u00f3n y castraci\u00f3n qu\u00edmica\"}]},{\"@type\":\"WebSite\",\"@id\":\"https:\/\/gysfm.com.ar\/inicio\/#website\",\"url\":\"https:\/\/gysfm.com.ar\/inicio\/\",\"name\":\"GYS NOTICIAS |\",\"description\":\"DIARIO - RADIO ONLINE SAN JUAN ARGENTINA\",\"publisher\":{\"@id\":\"https:\/\/gysfm.com.ar\/inicio\/#organization\"},\"potentialAction\":[{\"@type\":\"SearchAction\",\"target\":{\"@type\":\"EntryPoint\",\"urlTemplate\":\"https:\/\/gysfm.com.ar\/inicio\/?s={search_term_string}\"},\"query-input\":{\"@type\":\"PropertyValueSpecification\",\"valueRequired\":true,\"valueName\":\"search_term_string\"}}],\"inLanguage\":\"es\"},{\"@type\":\"Organization\",\"@id\":\"https:\/\/gysfm.com.ar\/inicio\/#organization\",\"name\":\"GYS NOTICIAS |\",\"url\":\"https:\/\/gysfm.com.ar\/inicio\/\",\"logo\":{\"@type\":\"ImageObject\",\"inLanguage\":\"es\",\"@id\":\"https:\/\/gysfm.com.ar\/inicio\/#\/schema\/logo\/image\/\",\"url\":\"https:\/\/gysfm.com.ar\/inicio\/wp-content\/uploads\/2023\/07\/LOGOGYS-OK.png\",\"contentUrl\":\"https:\/\/gysfm.com.ar\/inicio\/wp-content\/uploads\/2023\/07\/LOGOGYS-OK.png\",\"width\":1170,\"height\":872,\"caption\":\"GYS NOTICIAS |\"},\"image\":{\"@id\":\"https:\/\/gysfm.com.ar\/inicio\/#\/schema\/logo\/image\/\"}},{\"@type\":\"Person\",\"@id\":\"https:\/\/gysfm.com.ar\/inicio\/#\/schema\/person\/3abba7593ef2ad19e1be221d54383dc5\",\"name\":\"Prensa G&amp;S FM\",\"image\":{\"@type\":\"ImageObject\",\"inLanguage\":\"es\",\"@id\":\"https:\/\/gysfm.com.ar\/inicio\/#\/schema\/person\/image\/\",\"url\":\"https:\/\/secure.gravatar.com\/avatar\/096ec78df02049ab018702bb4ccedf659377fa92a26540b5247612077a0dbd29?s=96&d=mm&r=g\",\"contentUrl\":\"https:\/\/secure.gravatar.com\/avatar\/096ec78df02049ab018702bb4ccedf659377fa92a26540b5247612077a0dbd29?s=96&d=mm&r=g\",\"caption\":\"Prensa G&amp;S FM\"},\"sameAs\":[\"https:\/\/gysfm.com.ar\/\"],\"url\":\"https:\/\/gysfm.com.ar\/inicio\/author\/lucasm\/\"}]}<\/script>\n<!-- \/ Yoast SEO plugin. -->","yoast_head_json":{"title":"Abus\u00f3 de una ni\u00f1a en un minimercado de Italia, qued\u00f3 libre y reaviv\u00f3 el debate sobre inmigraci\u00f3n y castraci\u00f3n qu\u00edmica - GYS NOTICIAS |","robots":{"index":"index","follow":"follow","max-snippet":"max-snippet:-1","max-image-preview":"max-image-preview:large","max-video-preview":"max-video-preview:-1"},"canonical":"https:\/\/gysfm.com.ar\/inicio\/abuso-de-una-nina-en-un-minimercado-de-italia-quedo-libre-y-reavivo-el-debate-sobre-inmigracion-y-castracion-quimica\/","og_locale":"es_ES","og_type":"article","og_title":"Abus\u00f3 de una ni\u00f1a en un minimercado de Italia, qued\u00f3 libre y reaviv\u00f3 el debate sobre inmigraci\u00f3n y castraci\u00f3n qu\u00edmica - GYS NOTICIAS |","og_description":"ROMA.\u2013 Con el siempre controvertido tema de la inmigraci\u00f3n como tel\u00f3n de fondo, la decisi\u00f3n de un juez de excarcelar, apenas 48 horas despu\u00e9s de su detenci\u00f3n, a un ciudadano banglades\u00ed acusado de abusar de una chica de 13 a\u00f1os desat\u00f3 este martes un nuevo esc\u00e1ndalo en Italia. El magistrado justific\u00f3 la medida al se\u00f1alar [&hellip;]","og_url":"https:\/\/gysfm.com.ar\/inicio\/abuso-de-una-nina-en-un-minimercado-de-italia-quedo-libre-y-reavivo-el-debate-sobre-inmigracion-y-castracion-quimica\/","og_site_name":"GYS NOTICIAS |","article_published_time":"2026-09-02T15:56:08+00:00","article_modified_time":"2026-09-02T15:56:09+00:00","og_image":[{"width":1200,"height":800,"url":"https:\/\/gysfm.com.ar\/inicio\/wp-content\/uploads\/2026\/09\/italia-giorgia-meloni-mundo-XI4WRHDFANEDBECFT6SDGAEQVI.JPG","type":"image\/jpeg"}],"author":"Prensa G&amp;S FM","twitter_card":"summary_large_image","twitter_misc":{"Escrito por":"Prensa G&amp;S FM","Tiempo de lectura":"4 minutos"},"schema":{"@context":"https:\/\/schema.org","@graph":[{"@type":"Article","@id":"https:\/\/gysfm.com.ar\/inicio\/abuso-de-una-nina-en-un-minimercado-de-italia-quedo-libre-y-reavivo-el-debate-sobre-inmigracion-y-castracion-quimica\/#article","isPartOf":{"@id":"https:\/\/gysfm.com.ar\/inicio\/abuso-de-una-nina-en-un-minimercado-de-italia-quedo-libre-y-reavivo-el-debate-sobre-inmigracion-y-castracion-quimica\/"},"author":{"name":"Prensa G&amp;S FM","@id":"https:\/\/gysfm.com.ar\/inicio\/#\/schema\/person\/3abba7593ef2ad19e1be221d54383dc5"},"headline":"Abus\u00f3 de una ni\u00f1a en un minimercado de Italia, qued\u00f3 libre y reaviv\u00f3 el debate sobre inmigraci\u00f3n y castraci\u00f3n qu\u00edmica","datePublished":"2026-09-02T15:56:08+00:00","dateModified":"2026-09-02T15:56:09+00:00","mainEntityOfPage":{"@id":"https:\/\/gysfm.com.ar\/inicio\/abuso-de-una-nina-en-un-minimercado-de-italia-quedo-libre-y-reavivo-el-debate-sobre-inmigracion-y-castracion-quimica\/"},"wordCount":865,"publisher":{"@id":"https:\/\/gysfm.com.ar\/inicio\/#organization"},"image":{"@id":"https:\/\/gysfm.com.ar\/inicio\/abuso-de-una-nina-en-un-minimercado-de-italia-quedo-libre-y-reavivo-el-debate-sobre-inmigracion-y-castracion-quimica\/#primaryimage"},"thumbnailUrl":"https:\/\/gysfm.com.ar\/inicio\/wp-content\/uploads\/2026\/09\/italia-giorgia-meloni-mundo-XI4WRHDFANEDBECFT6SDGAEQVI.JPG","articleSection":["INTERNACIONALES"],"inLanguage":"es"},{"@type":"WebPage","@id":"https:\/\/gysfm.com.ar\/inicio\/abuso-de-una-nina-en-un-minimercado-de-italia-quedo-libre-y-reavivo-el-debate-sobre-inmigracion-y-castracion-quimica\/","url":"https:\/\/gysfm.com.ar\/inicio\/abuso-de-una-nina-en-un-minimercado-de-italia-quedo-libre-y-reavivo-el-debate-sobre-inmigracion-y-castracion-quimica\/","name":"Abus\u00f3 de una ni\u00f1a en un minimercado de Italia, qued\u00f3 libre y reaviv\u00f3 el debate sobre inmigraci\u00f3n y castraci\u00f3n qu\u00edmica - GYS NOTICIAS |","isPartOf":{"@id":"https:\/\/gysfm.com.ar\/inicio\/#website"},"primaryImageOfPage":{"@id":"https:\/\/gysfm.com.ar\/inicio\/abuso-de-una-nina-en-un-minimercado-de-italia-quedo-libre-y-reavivo-el-debate-sobre-inmigracion-y-castracion-quimica\/#primaryimage"},"image":{"@id":"https:\/\/gysfm.com.ar\/inicio\/abuso-de-una-nina-en-un-minimercado-de-italia-quedo-libre-y-reavivo-el-debate-sobre-inmigracion-y-castracion-quimica\/#primaryimage"},"thumbnailUrl":"https:\/\/gysfm.com.ar\/inicio\/wp-content\/uploads\/2026\/09\/italia-giorgia-meloni-mundo-XI4WRHDFANEDBECFT6SDGAEQVI.JPG","datePublished":"2026-09-02T15:56:08+00:00","dateModified":"2026-09-02T15:56:09+00:00","breadcrumb":{"@id":"https:\/\/gysfm.com.ar\/inicio\/abuso-de-una-nina-en-un-minimercado-de-italia-quedo-libre-y-reavivo-el-debate-sobre-inmigracion-y-castracion-quimica\/#breadcrumb"},"inLanguage":"es","potentialAction":[{"@type":"ReadAction","target":["https:\/\/gysfm.com.ar\/inicio\/abuso-de-una-nina-en-un-minimercado-de-italia-quedo-libre-y-reavivo-el-debate-sobre-inmigracion-y-castracion-quimica\/"]}]},{"@type":"ImageObject","inLanguage":"es","@id":"https:\/\/gysfm.com.ar\/inicio\/abuso-de-una-nina-en-un-minimercado-de-italia-quedo-libre-y-reavivo-el-debate-sobre-inmigracion-y-castracion-quimica\/#primaryimage","url":"https:\/\/gysfm.com.ar\/inicio\/wp-content\/uploads\/2026\/09\/italia-giorgia-meloni-mundo-XI4WRHDFANEDBECFT6SDGAEQVI.JPG","contentUrl":"https:\/\/gysfm.com.ar\/inicio\/wp-content\/uploads\/2026\/09\/italia-giorgia-meloni-mundo-XI4WRHDFANEDBECFT6SDGAEQVI.JPG","width":1200,"height":800},{"@type":"BreadcrumbList","@id":"https:\/\/gysfm.com.ar\/inicio\/abuso-de-una-nina-en-un-minimercado-de-italia-quedo-libre-y-reavivo-el-debate-sobre-inmigracion-y-castracion-quimica\/#breadcrumb","itemListElement":[{"@type":"ListItem","position":1,"name":"Portada","item":"https:\/\/gysfm.com.ar\/inicio\/"},{"@type":"ListItem","position":2,"name":"Abus\u00f3 de una ni\u00f1a en un minimercado de Italia, qued\u00f3 libre y reaviv\u00f3 el debate sobre inmigraci\u00f3n y castraci\u00f3n qu\u00edmica"}]},{"@type":"WebSite","@id":"https:\/\/gysfm.com.ar\/inicio\/#website","url":"https:\/\/gysfm.com.ar\/inicio\/","name":"GYS NOTICIAS |","description":"DIARIO - RADIO ONLINE SAN JUAN ARGENTINA","publisher":{"@id":"https:\/\/gysfm.com.ar\/inicio\/#organization"},"potentialAction":[{"@type":"SearchAction","target":{"@type":"EntryPoint","urlTemplate":"https:\/\/gysfm.com.ar\/inicio\/?s={search_term_string}"},"query-input":{"@type":"PropertyValueSpecification","valueRequired":true,"valueName":"search_term_string"}}],"inLanguage":"es"},{"@type":"Organization","@id":"https:\/\/gysfm.com.ar\/inicio\/#organization","name":"GYS NOTICIAS |","url":"https:\/\/gysfm.com.ar\/inicio\/","logo":{"@type":"ImageObject","inLanguage":"es","@id":"https:\/\/gysfm.com.ar\/inicio\/#\/schema\/logo\/image\/","url":"https:\/\/gysfm.com.ar\/inicio\/wp-content\/uploads\/2023\/07\/LOGOGYS-OK.png","contentUrl":"https:\/\/gysfm.com.ar\/inicio\/wp-content\/uploads\/2023\/07\/LOGOGYS-OK.png","width":1170,"height":872,"caption":"GYS NOTICIAS |"},"image":{"@id":"https:\/\/gysfm.com.ar\/inicio\/#\/schema\/logo\/image\/"}},{"@type":"Person","@id":"https:\/\/gysfm.com.ar\/inicio\/#\/schema\/person\/3abba7593ef2ad19e1be221d54383dc5","name":"Prensa G&amp;S FM","image":{"@type":"ImageObject","inLanguage":"es","@id":"https:\/\/gysfm.com.ar\/inicio\/#\/schema\/person\/image\/","url":"https:\/\/secure.gravatar.com\/avatar\/096ec78df02049ab018702bb4ccedf659377fa92a26540b5247612077a0dbd29?s=96&d=mm&r=g","contentUrl":"https:\/\/secure.gravatar.com\/avatar\/096ec78df02049ab018702bb4ccedf659377fa92a26540b5247612077a0dbd29?s=96&d=mm&r=g","caption":"Prensa G&amp;S FM"},"sameAs":["https:\/\/gysfm.com.ar\/"],"url":"https:\/\/gysfm.com.ar\/inicio\/author\/lucasm\/"}]}},"_links":{"self":[{"href":"https:\/\/gysfm.com.ar\/inicio\/wp-json\/wp\/v2\/posts\/210183","targetHints":{"allow":["GET"]}}],"collection":[{"href":"https:\/\/gysfm.com.ar\/inicio\/wp-json\/wp\/v2\/posts"}],"about":[{"href":"https:\/\/gysfm.com.ar\/inicio\/wp-json\/wp\/v2\/types\/post"}],"author":[{"embeddable":true,"href":"https:\/\/gysfm.com.ar\/inicio\/wp-json\/wp\/v2\/users\/2"}],"replies":[{"embeddable":true,"href":"https:\/\/gysfm.com.ar\/inicio\/wp-json\/wp\/v2\/comments?post=210183"}],"version-history":[{"count":1,"href":"https:\/\/gysfm.com.ar\/inicio\/wp-json\/wp\/v2\/posts\/210183\/revisions"}],"predecessor-version":[{"id":210185,"href":"https:\/\/gysfm.com.ar\/inicio\/wp-json\/wp\/v2\/posts\/210183\/revisions\/210185"}],"wp:featuredmedia":[{"embeddable":true,"href":"https:\/\/gysfm.com.ar\/inicio\/wp-json\/wp\/v2\/media\/210184"}],"wp:attachment":[{"href":"https:\/\/gysfm.com.ar\/inicio\/wp-json\/wp\/v2\/media?parent=210183"}],"wp:term":[{"taxonomy":"category","embeddable":true,"href":"https:\/\/gysfm.com.ar\/inicio\/wp-json\/wp\/v2\/categories?post=210183"},{"taxonomy":"post_tag","embeddable":true,"href":"https:\/\/gysfm.com.ar\/inicio\/wp-json\/wp\/v2\/tags?post=210183"}],"curies":[{"name":"wp","href":"https:\/\/api.w.org\/{rel}","templated":true}]}}