{"id":210181,"date":"2026-09-02T12:19:25","date_gmt":"2026-09-02T15:19:25","guid":{"rendered":"https:\/\/gysfm.com.ar\/inicio\/el-posible-11-de-boca-para-enfrentar-al-velez-de-guillermo-en-cordoba-ole\/"},"modified":"2026-09-02T12:19:25","modified_gmt":"2026-09-02T15:19:25","slug":"el-posible-11-de-boca-para-enfrentar-al-velez-de-guillermo-en-cordoba-ole","status":"publish","type":"post","link":"https:\/\/gysfm.com.ar\/inicio\/el-posible-11-de-boca-para-enfrentar-al-velez-de-guillermo-en-cordoba-ole\/","title":{"rendered":"El posible 11 de Boca para enfrentar al V\u00e9lez de Guillermo en C\u00f3rdoba :: Ol\u00e9"},"content":{"rendered":"<p> <br \/>\n<\/p>\n<div id=\"storyBody\">\n<div id=\"element-body-0\" class=\"sc-df222161-0 hNvwjb\">\n<p>Boca ya est\u00e1 en C\u00f3rdoba. Para otra final, para otro mata-mata, para otro duelo con el V\u00e9lez de Guillermo Barros Schelotto, para intentar seguir en una Copa Argentina que asoma como el camino m\u00e1s corto para meterse en la Copa Libertadores 2027 y volver a ganar un t\u00edtulo despu\u00e9s de casi cuatro a\u00f1os. Y en ese contexto, Rodolfo Arruabarrena tuvo otro sobresalto para definir el 11: <strong>la lesi\u00f3n de Milton Delgado, en el \u00faltimo entrenamiento, modific\u00f3 los planes y sum\u00f3 otra inc\u00f3gnita.<\/strong><\/p>\n<\/div>\n<div id=\"element-body-1\" class=\"sc-df222161-0 hNvwjb\">\n<p>Ac\u00e1, l\u00ednea por l\u00ednea, las dudas y certezas del DT para enfrentar al equipo de los Mellizos&#8230;<\/p>\n<\/div>\n<p><h2><strong> El arco: Montero, una fija<\/strong><\/h2>\n<\/p>\n<div id=\"element-body-3\" class=\"sc-df222161-0 hNvwjb\">\n<p>Acaso la \u00fanica zona que no tiene dudas. <strong>\u00c1lvaro Montero aparece como una de las pocas certezas en el equipo de Boca. <\/strong> El colombiano se mantendr\u00e1 bajo los tres palos y ser\u00e1 el encargado de custodiar el arco xeneize en un partido que, en caso de empate, puede terminar defini\u00e9ndose desde los 12 pasos. Y justo ante su ex equipo.<\/p>\n<\/div>\n<div class=\"sc-c0843421-0 iNysjD image-embed\" id=\"element-body-4\"><img alt=\"El arquero, una fija. (Prensa Boca)\" loading=\"lazy\" width=\"720\" height=\"100\" decoding=\"async\" data-nimg=\"1\" style=\"color:transparent\" src=\"https:\/\/www.ole.com.ar\/images\/2026\/09\/01\/eOYjnRhmi_720x0__1.jpg\"\/><span class=\"epigraphe\">El arquero, una fija. (Prensa Boca)<\/span><\/div>\n<p><h2><strong>La defensa: vuelve Lozano y la zaga est\u00e1 en duda<\/strong><\/h2>\n<\/p>\n<div id=\"element-body-6\" class=\"sc-df222161-0 hNvwjb\">\n<p>En el lateral derecho se dar\u00e1 el regreso del titular en el puesto: <strong> Leandro Lozano dej\u00f3 atr\u00e1s la distensi\u00f3n del m\u00fasculo semimembranoso izquierdo<\/strong> que lo hab\u00eda marginado de los \u00faltimos encuentros y recuperar\u00eda su lugar en reemplazo de Dylan Gorosito.<\/p>\n<\/div>\n<div id=\"element-body-7\" class=\"sc-df222161-0 hNvwjb\">\n<p>En la zaga de la defensa aparecen las dudas. <strong> Lautaro Di Lollo tiene chances de seguir como titular aunque su presencia no est\u00e1 100% confirmada<\/strong>. Si no est\u00e1 bien, jugar\u00e1 Nicol\u00e1s Figal.<\/p>\n<\/div>\n<div class=\"sc-c0843421-0 iNysjD image-embed\" id=\"element-body-8\"><img alt=\"Lozano vuelve, Di Lollo y Pellegrino, en duda. (Prensa Boca)\" loading=\"lazy\" width=\"720\" height=\"100\" decoding=\"async\" data-nimg=\"1\" style=\"color:transparent\" src=\"https:\/\/www.ole.com.ar\/images\/2026\/08\/30\/uic1S3EH5_720x0__1.jpg\"\/><span class=\"epigraphe\">Lozano vuelve, Di Lollo y Pellegrino, en duda. (Prensa Boca)<\/span><\/div>\n<div id=\"element-body-9\" class=\"sc-df222161-0 hNvwjb\">\n<p><strong>Mientras que el puesto del central izquierdo se lo disputan Facundo Herrera y Marco Pellegrino<\/strong>. El ex Hurac\u00e1n ya est\u00e1 recuperado de su desgarro, pero el cuerpo t\u00e9cnico analiza si es conveniente arriesgarlo desde el comienzo. El pibe Jagger, que aprovech\u00f3 la chance de ser titular contra Lan\u00fas, se gan\u00f3 la chance de seguir. <strong>Por izquierda, Lautaro Blanco s\u00ed tiene su lugar asegurado.<\/strong><\/p>\n<\/div>\n<p><h2><strong>El mediocampo: la baja inesperada de Delgado<\/strong><\/h2>\n<\/p>\n<div id=\"element-body-11\" class=\"sc-df222161-0 hNvwjb\">\n<p>Aqu\u00ed al Vasco le apareci\u00f3 un imponderable de \u00faltimo momento: Milton Delgado sufri\u00f3 una nueva molestias muscular por la cual tendr\u00e1 que hacerse estudios y <strong>qued\u00f3 descartado para enfrentar a V\u00e9lez<\/strong>, una baja sensible porque ven\u00eda siendo una pieza importante en el funcionamiento del equipo. Como suele decir Paredes, su \u00abrueda de auxilio\u00bb.<\/p>\n<\/div>\n<div id=\"element-body-12\" class=\"sc-df222161-0 hNvwjb\">\n<p><strong>La buena noticia, ante esta mala, es que justamente el capit\u00e1n volver\u00e1 a ser titular.<\/strong> Paredes ya hab\u00eda sumado minutos frente a Lan\u00fas despu\u00e9s de recuperarse de una inflamaci\u00f3n en el isquiotibial izquierdo y <strong>ahora est\u00e1 en condiciones de regresar desde el inicio.<\/strong><\/p>\n<\/div>\n<div class=\"sc-c0843421-0 iNysjD image-embed\" id=\"element-body-13\"><img alt=\"Paredes pega la vuelta en C\u00f3rdoba.\" loading=\"lazy\" width=\"720\" height=\"100\" decoding=\"async\" data-nimg=\"1\" style=\"color:transparent\" src=\"https:\/\/www.ole.com.ar\/images\/2026\/09\/01\/nZnzWjymH_720x0__1.jpg\"\/><span class=\"epigraphe\">Paredes pega la vuelta en C\u00f3rdoba.<\/span><\/div>\n<div id=\"element-body-14\" class=\"sc-df222161-0 hNvwjb\">\n<p>Su acompa\u00f1ante ser\u00e1 Santiago Ascacibar, <strong>mientras que la vacante dejada por Delgado podr\u00eda ser ocupada por Tom\u00e1s Belmonte<\/strong>, quien justamente fue protagonista ante Lan\u00fas al marcar el gol de la victoria en tiempo de descuento. La otra alternativa es Camilo Rey Domenech, aunque Toto aparece mejor posicionado.<\/p>\n<\/div>\n<p><h2><strong>El ataque: Velasco o Villa, la \u00faltima inc\u00f3gnita<\/strong><\/h2>\n<\/p>\n<div id=\"element-body-16\" class=\"sc-df222161-0 hNvwjb\">\n<p>En ofensiva tambi\u00e9n hay una decisi\u00f3n por tomar. Leonel Flores y Miguel Merentiel se perfilan para mantener su lugar, <strong>mientras que el tercer integrante del ataque saldr\u00e1 de Alan Velasco o Sebasti\u00e1n Villa<\/strong>.<\/p>\n<\/div>\n<div class=\"sc-c0843421-0 iNysjD image-embed\" id=\"element-body-17\"><img alt=\"Contra Lan\u00fas Villa entr\u00f3 por Velasco. Ahora, podr\u00eda invertirse la titularidad. (Juano Tesone)\" loading=\"lazy\" width=\"720\" height=\"100\" decoding=\"async\" data-nimg=\"1\" style=\"color:transparent\" src=\"https:\/\/www.ole.com.ar\/images\/2026\/08\/28\/AjDYvbUUB_720x0__1.jpg\"\/><span class=\"epigraphe\">Contra Lan\u00fas Villa entr\u00f3 por Velasco. Ahora, podr\u00eda invertirse la titularidad. (Juano Tesone)<\/span><\/div>\n<div id=\"element-body-18\" class=\"sc-df222161-0 hNvwjb\">\n<p><strong>Velasco fue el reemplazante del lesionado Aranda contra Lan\u00fas pero no cumpli\u00f3 las expectativas<\/strong> y hasta se fue silbado por buena parte de la Bombonera. Por eso, el colombiano Sebasti\u00e1n Villa espera su oportunidad y es una alternativa de mayor desequilibrio individual.<\/p>\n<\/div>\n<p><h2>El posible 11 del Vasco ante V\u00e9lez<\/h2>\n<\/p>\n<div id=\"element-body-20\" class=\"sc-df222161-0 hNvwjb\">\n<p>\u00c1lvaro Montero; Leandro Lozano, Lautaro Di Lollo, Facundo Herrera o Marco Pellegrino, Lautaro Blanco; Santiago Ascacibar, Leandro Paredes, Tom\u00e1s Belmonte; Leonel Flores, Miguel Merentiel y Sebasti\u00e1n Villa o Alan Velasco.<\/p>\n<\/div>\n<div id=\"element-body-21\" class=\"sc-8712cf2e-1 brsVwg\"><figcaption class=\"JWvideoNota_title\">\n<p>El capit\u00e1n de Boca habl\u00f3 en rueda de prensa antes del viaje a C\u00f3rdoba para la Copa Argentina. Video ESPN<\/p>\n<\/figcaption><\/div>\n<p><h2>El posible 11 del Mellizo ante Boca<\/h2>\n<\/p>\n<div id=\"element-body-23\" class=\"sc-df222161-0 hNvwjb\">\n<p>Tom\u00e1s Marchiori; Joaqu\u00edn Garc\u00eda, Tiago Silvero, Emanuel Mammana, El\u00edas G\u00f3mez; Rodrigo Aliendro, Lucas Robertone; Mat\u00edas Pellegrini, Manuel Lanzini, Dilan Godoy; Alex Ver\u00f3n o Ronaldo Mart\u00ednez.<\/p>\n<\/div>\n<div id=\"element-body-24\" class=\"sc-8712cf2e-1 brsVwg\"><figcaption class=\"JWvideoNota_title\">\n<p>Con Guillermo Barros Schelotto a la cabeza, lleg\u00f3 V\u00e9lez a C\u00f3rdoba. Video: @nicolaroccanarvaez @gonzalosuli<\/p>\n<\/figcaption><\/div>\n<div id=\"element-body-25\" class=\"sc-a7166897-0 eTTZWU\"><a href=\"https:\/\/www.ole.com.ar\/boca-juniors\/boca-riquelme_0_pCql6FcDxK.html\" aria-label=\"Riquelme: &quot;La Mar\u00eda tiene claro que tiene un hijo que no es chorro ni corrupto&quot;\" class=\"sc-d4f573e5-0 bUEDsN\"\/><\/p>\n<section><picture><img alt=\"Riquelme: &quot;La Mar\u00eda tiene claro que tiene un hijo que no es chorro ni corrupto&quot;\" loading=\"lazy\" width=\"290\" height=\"290\" decoding=\"async\" data-nimg=\"1\" style=\"color:transparent\" src=\"https:\/\/www.ole.com.ar\/images\/2026\/09\/01\/EHaMufQeC_290x290__1.jpg\"\/><\/picture>\n<p><span>Mir\u00e1 tambi\u00e9n<\/span><\/p>\n<hr\/>\n<h3>Riquelme: \u00abLa Mar\u00eda tiene claro que tiene un hijo que no es chorro ni corrupto\u00bb<\/h3>\n<\/p>\n<\/section>\n<\/div>\n<div id=\"element-body-26\" class=\"sc-a7166897-0 eTTZWU\"><a href=\"https:\/\/www.ole.com.ar\/boca-juniors\/riquelme-messi-elogios-retiro-leo-seleccion_0_VNpSyEDqvb.html\" aria-label=\"Riquelme, sobre Messi: &quot;Fue igual o mejor que Maradona&quot; y el particular pedido para que siga en la MLS\" class=\"sc-d4f573e5-0 bUEDsN\"\/><\/p>\n<section><picture><img alt=\"Riquelme, sobre Messi: &quot;Fue igual o mejor que Maradona&quot; y el particular pedido para que siga en la MLS\" loading=\"lazy\" width=\"290\" height=\"290\" decoding=\"async\" data-nimg=\"1\" style=\"color:transparent\" src=\"https:\/\/www.ole.com.ar\/images\/2023\/11\/29\/moH5b4n30_290x290__1.jpg\"\/><\/picture>\n<p><span>Mir\u00e1 tambi\u00e9n<\/span><\/p>\n<hr\/>\n<h3>Riquelme, sobre Messi: \u00abFue igual o mejor que Maradona\u00bb y el particular pedido para que siga en la MLS<\/h3>\n<\/p>\n<\/section>\n<\/div>\n<div id=\"element-body-27\" class=\"sc-a7166897-0 eTTZWU\"><a href=\"https:\/\/www.ole.com.ar\/boca-juniors\/tajante-respuesta-riquelme-mercado-boca-refuerzo-vasco-arruabarrena_0_t2QwDxhFEg.html\" aria-label=\"La tajante respuesta de Riquelme sobre el mercado de Boca: &quot;Hasta el \u00faltimo d\u00eda...&quot;\" class=\"sc-d4f573e5-0 bUEDsN\"\/><\/p>\n<section><picture><img alt=\"La tajante respuesta de Riquelme sobre el mercado de Boca: &quot;Hasta el \u00faltimo d\u00eda...&quot;\" loading=\"lazy\" width=\"290\" height=\"290\" decoding=\"async\" data-nimg=\"1\" style=\"color:transparent\" src=\"https:\/\/www.ole.com.ar\/images\/2026\/09\/01\/0U8XQDKwG_290x290__1.jpg\"\/><\/picture>\n<p><span>Mir\u00e1 tambi\u00e9n<\/span><\/p>\n<hr\/>\n<h3>La tajante respuesta de Riquelme sobre el mercado de Boca: \u00abHasta el \u00faltimo d\u00eda&#8230;\u00bb<\/h3>\n<\/p>\n<\/section>\n<\/div>\n<div id=\"element-body-28\" class=\"sc-a7166897-0 eTTZWU\"><a href=\"https:\/\/www.ole.com.ar\/boca-juniors\/boca-velez-llegada-plantel-xeneize-paredes-hinchas-riquelme_0_HeVP5gjDyB.html\" aria-label=\"Con Riquelme y Paredes mezclado con los hinchas, Boca est\u00e1 en C\u00f3rdoba y espera por V\u00e9lez\" class=\"sc-d4f573e5-0 bUEDsN\"\/><\/p>\n<section><picture><img alt=\"Con Riquelme y Paredes mezclado con los hinchas, Boca est\u00e1 en C\u00f3rdoba y espera por V\u00e9lez\" loading=\"lazy\" width=\"290\" height=\"290\" decoding=\"async\" data-nimg=\"1\" style=\"color:transparent\" src=\"https:\/\/www.ole.com.ar\/images\/2026\/09\/01\/nZnzWjymH_290x290__1.jpg\"\/><\/picture>\n<p><span>Mir\u00e1 tambi\u00e9n<\/span><\/p>\n<hr\/>\n<h3>Con Riquelme y Paredes mezclado con los hinchas, Boca est\u00e1 en C\u00f3rdoba y espera por V\u00e9lez<\/h3>\n<\/p>\n<\/section>\n<\/div>\n<div id=\"element-body-29\" class=\"sc-a7166897-0 eTTZWU\"><a href=\"https:\/\/www.ole.com.ar\/velez\/velez-guillermo-barros-schelotto-ronaldo-martinez-boca-copa-argentina_0_bqxkI5JGUb.html\" aria-label=\"Ronaldo Mart\u00ednez: primera pr\u00e1ctica con V\u00e9lez, convocado y \u00bftitular contra Boca?\" class=\"sc-d4f573e5-0 bUEDsN\"\/><\/p>\n<section><picture><img alt=\"Ronaldo Mart\u00ednez: primera pr\u00e1ctica con V\u00e9lez, convocado y \u00bftitular contra Boca?\" loading=\"lazy\" width=\"290\" height=\"290\" decoding=\"async\" data-nimg=\"1\" style=\"color:transparent\" src=\"https:\/\/www.ole.com.ar\/images\/2026\/09\/01\/wVFSiyScg_290x290__1.jpg\"\/><\/picture>\n<p><span>Mir\u00e1 tambi\u00e9n<\/span><\/p>\n<hr\/>\n<h3>Ronaldo Mart\u00ednez: primera pr\u00e1ctica con V\u00e9lez, convocado y \u00bftitular contra Boca?<\/h3>\n<\/p>\n<\/section>\n<\/div>\n<div id=\"element-body-30\" class=\"sc-a7166897-0 eTTZWU\"><a href=\"https:\/\/www.ole.com.ar\/futbol-primera\/afa-darioherrera-nicolasramirez-river-facundotello_0_KyixcGSeCP.html\" aria-label=\"\u00c1rbitros de la octava: algunas designaciones pol\u00e9micas\" class=\"sc-d4f573e5-0 bUEDsN\"\/><\/p>\n<section><picture><img alt=\"\u00c1rbitros de la octava: algunas designaciones pol\u00e9micas\" loading=\"lazy\" width=\"290\" height=\"290\" decoding=\"async\" data-nimg=\"1\" style=\"color:transparent\" src=\"https:\/\/www.ole.com.ar\/images\/2026\/03\/11\/HJ5y9dHwl_290x290__1.jpg\"\/><\/picture>\n<p><span>Mir\u00e1 tambi\u00e9n<\/span><\/p>\n<hr\/>\n<h3>\u00c1rbitros de la octava: algunas designaciones pol\u00e9micas<\/h3>\n<\/p>\n<\/section>\n<\/div>\n<\/div>\n\n","protected":false},"excerpt":{"rendered":"<p>Boca ya est\u00e1 en C\u00f3rdoba. Para otra final, para otro mata-mata, para otro duelo con el V\u00e9lez de Guillermo Barros Schelotto, para intentar seguir en una Copa Argentina que asoma como el camino m\u00e1s corto para meterse en la Copa Libertadores 2027 y volver a ganar un t\u00edtulo despu\u00e9s de casi cuatro a\u00f1os. Y en [&hellip;]<\/p>\n","protected":false},"author":1,"featured_media":210182,"comment_status":"closed","ping_status":"closed","sticky":false,"template":"","format":"standard","meta":{"footnotes":""},"categories":[27],"tags":[],"class_list":["post-210181","post","type-post","status-publish","format-standard","has-post-thumbnail","hentry","category-deportes"],"yoast_head":"<!-- This site is optimized with the Yoast SEO plugin v24.4 - https:\/\/yoast.com\/wordpress\/plugins\/seo\/ -->\n<title>El posible 11 de Boca para enfrentar al V\u00e9lez de Guillermo en C\u00f3rdoba :: Ol\u00e9 - GYS NOTICIAS |<\/title>\n<meta name=\"robots\" content=\"index, follow, max-snippet:-1, max-image-preview:large, max-video-preview:-1\" \/>\n<link rel=\"canonical\" href=\"https:\/\/gysfm.com.ar\/inicio\/el-posible-11-de-boca-para-enfrentar-al-velez-de-guillermo-en-cordoba-ole\/\" \/>\n<meta property=\"og:locale\" content=\"es_ES\" \/>\n<meta property=\"og:type\" content=\"article\" \/>\n<meta property=\"og:title\" content=\"El posible 11 de Boca para enfrentar al V\u00e9lez de Guillermo en C\u00f3rdoba :: Ol\u00e9 - GYS NOTICIAS |\" \/>\n<meta property=\"og:description\" content=\"Boca ya est\u00e1 en C\u00f3rdoba. Para otra final, para otro mata-mata, para otro duelo con el V\u00e9lez de Guillermo Barros Schelotto, para intentar seguir en una Copa Argentina que asoma como el camino m\u00e1s corto para meterse en la Copa Libertadores 2027 y volver a ganar un t\u00edtulo despu\u00e9s de casi cuatro a\u00f1os. Y en [&hellip;]\" \/>\n<meta property=\"og:url\" content=\"https:\/\/gysfm.com.ar\/inicio\/el-posible-11-de-boca-para-enfrentar-al-velez-de-guillermo-en-cordoba-ole\/\" \/>\n<meta property=\"og:site_name\" content=\"GYS NOTICIAS |\" \/>\n<meta property=\"article:published_time\" content=\"2026-09-02T15:19:25+00:00\" \/>\n<meta property=\"og:image\" content=\"https:\/\/www.ole.com.ar\/images\/2026\/09\/01\/eOYjnRhmi_720x0__1.jpg\" \/>\n<meta name=\"author\" content=\"admin\" \/>\n<meta name=\"twitter:card\" content=\"summary_large_image\" \/>\n<meta name=\"twitter:label1\" content=\"Escrito por\" \/>\n\t<meta name=\"twitter:data1\" content=\"admin\" \/>\n\t<meta name=\"twitter:label2\" content=\"Tiempo de lectura\" \/>\n\t<meta name=\"twitter:data2\" content=\"4 minutos\" \/>\n<script type=\"application\/ld+json\" class=\"yoast-schema-graph\">{\"@context\":\"https:\/\/schema.org\",\"@graph\":[{\"@type\":\"Article\",\"@id\":\"https:\/\/gysfm.com.ar\/inicio\/el-posible-11-de-boca-para-enfrentar-al-velez-de-guillermo-en-cordoba-ole\/#article\",\"isPartOf\":{\"@id\":\"https:\/\/gysfm.com.ar\/inicio\/el-posible-11-de-boca-para-enfrentar-al-velez-de-guillermo-en-cordoba-ole\/\"},\"author\":{\"name\":\"admin\",\"@id\":\"https:\/\/gysfm.com.ar\/inicio\/#\/schema\/person\/5bedd7ecd35cc35548d89effafa23696\"},\"headline\":\"El posible 11 de Boca para enfrentar al V\u00e9lez de Guillermo en C\u00f3rdoba :: Ol\u00e9\",\"datePublished\":\"2026-09-02T15:19:25+00:00\",\"mainEntityOfPage\":{\"@id\":\"https:\/\/gysfm.com.ar\/inicio\/el-posible-11-de-boca-para-enfrentar-al-velez-de-guillermo-en-cordoba-ole\/\"},\"wordCount\":854,\"publisher\":{\"@id\":\"https:\/\/gysfm.com.ar\/inicio\/#organization\"},\"image\":{\"@id\":\"https:\/\/gysfm.com.ar\/inicio\/el-posible-11-de-boca-para-enfrentar-al-velez-de-guillermo-en-cordoba-ole\/#primaryimage\"},\"thumbnailUrl\":\"https:\/\/gysfm.com.ar\/inicio\/wp-content\/uploads\/2026\/09\/4iGvY3K3_2000x1500__1.jpg\",\"articleSection\":[\"DEPORTES\"],\"inLanguage\":\"es\"},{\"@type\":\"WebPage\",\"@id\":\"https:\/\/gysfm.com.ar\/inicio\/el-posible-11-de-boca-para-enfrentar-al-velez-de-guillermo-en-cordoba-ole\/\",\"url\":\"https:\/\/gysfm.com.ar\/inicio\/el-posible-11-de-boca-para-enfrentar-al-velez-de-guillermo-en-cordoba-ole\/\",\"name\":\"El posible 11 de Boca para enfrentar al V\u00e9lez de Guillermo en C\u00f3rdoba :: Ol\u00e9 - GYS NOTICIAS |\",\"isPartOf\":{\"@id\":\"https:\/\/gysfm.com.ar\/inicio\/#website\"},\"primaryImageOfPage\":{\"@id\":\"https:\/\/gysfm.com.ar\/inicio\/el-posible-11-de-boca-para-enfrentar-al-velez-de-guillermo-en-cordoba-ole\/#primaryimage\"},\"image\":{\"@id\":\"https:\/\/gysfm.com.ar\/inicio\/el-posible-11-de-boca-para-enfrentar-al-velez-de-guillermo-en-cordoba-ole\/#primaryimage\"},\"thumbnailUrl\":\"https:\/\/gysfm.com.ar\/inicio\/wp-content\/uploads\/2026\/09\/4iGvY3K3_2000x1500__1.jpg\",\"datePublished\":\"2026-09-02T15:19:25+00:00\",\"breadcrumb\":{\"@id\":\"https:\/\/gysfm.com.ar\/inicio\/el-posible-11-de-boca-para-enfrentar-al-velez-de-guillermo-en-cordoba-ole\/#breadcrumb\"},\"inLanguage\":\"es\",\"potentialAction\":[{\"@type\":\"ReadAction\",\"target\":[\"https:\/\/gysfm.com.ar\/inicio\/el-posible-11-de-boca-para-enfrentar-al-velez-de-guillermo-en-cordoba-ole\/\"]}]},{\"@type\":\"ImageObject\",\"inLanguage\":\"es\",\"@id\":\"https:\/\/gysfm.com.ar\/inicio\/el-posible-11-de-boca-para-enfrentar-al-velez-de-guillermo-en-cordoba-ole\/#primaryimage\",\"url\":\"https:\/\/gysfm.com.ar\/inicio\/wp-content\/uploads\/2026\/09\/4iGvY3K3_2000x1500__1.jpg\",\"contentUrl\":\"https:\/\/gysfm.com.ar\/inicio\/wp-content\/uploads\/2026\/09\/4iGvY3K3_2000x1500__1.jpg\",\"width\":2000,\"height\":1500},{\"@type\":\"BreadcrumbList\",\"@id\":\"https:\/\/gysfm.com.ar\/inicio\/el-posible-11-de-boca-para-enfrentar-al-velez-de-guillermo-en-cordoba-ole\/#breadcrumb\",\"itemListElement\":[{\"@type\":\"ListItem\",\"position\":1,\"name\":\"Portada\",\"item\":\"https:\/\/gysfm.com.ar\/inicio\/\"},{\"@type\":\"ListItem\",\"position\":2,\"name\":\"El posible 11 de Boca para enfrentar al V\u00e9lez de Guillermo en C\u00f3rdoba :: Ol\u00e9\"}]},{\"@type\":\"WebSite\",\"@id\":\"https:\/\/gysfm.com.ar\/inicio\/#website\",\"url\":\"https:\/\/gysfm.com.ar\/inicio\/\",\"name\":\"GYS NOTICIAS |\",\"description\":\"DIARIO - RADIO ONLINE SAN JUAN ARGENTINA\",\"publisher\":{\"@id\":\"https:\/\/gysfm.com.ar\/inicio\/#organization\"},\"potentialAction\":[{\"@type\":\"SearchAction\",\"target\":{\"@type\":\"EntryPoint\",\"urlTemplate\":\"https:\/\/gysfm.com.ar\/inicio\/?s={search_term_string}\"},\"query-input\":{\"@type\":\"PropertyValueSpecification\",\"valueRequired\":true,\"valueName\":\"search_term_string\"}}],\"inLanguage\":\"es\"},{\"@type\":\"Organization\",\"@id\":\"https:\/\/gysfm.com.ar\/inicio\/#organization\",\"name\":\"GYS NOTICIAS |\",\"url\":\"https:\/\/gysfm.com.ar\/inicio\/\",\"logo\":{\"@type\":\"ImageObject\",\"inLanguage\":\"es\",\"@id\":\"https:\/\/gysfm.com.ar\/inicio\/#\/schema\/logo\/image\/\",\"url\":\"https:\/\/gysfm.com.ar\/inicio\/wp-content\/uploads\/2023\/07\/LOGOGYS-OK.png\",\"contentUrl\":\"https:\/\/gysfm.com.ar\/inicio\/wp-content\/uploads\/2023\/07\/LOGOGYS-OK.png\",\"width\":1170,\"height\":872,\"caption\":\"GYS NOTICIAS |\"},\"image\":{\"@id\":\"https:\/\/gysfm.com.ar\/inicio\/#\/schema\/logo\/image\/\"}},{\"@type\":\"Person\",\"@id\":\"https:\/\/gysfm.com.ar\/inicio\/#\/schema\/person\/5bedd7ecd35cc35548d89effafa23696\",\"name\":\"admin\",\"image\":{\"@type\":\"ImageObject\",\"inLanguage\":\"es\",\"@id\":\"https:\/\/gysfm.com.ar\/inicio\/#\/schema\/person\/image\/\",\"url\":\"https:\/\/secure.gravatar.com\/avatar\/c331d312b5243fb64d5ba28108a447b27c925295129a363082c9ea52c28d32c2?s=96&d=mm&r=g\",\"contentUrl\":\"https:\/\/secure.gravatar.com\/avatar\/c331d312b5243fb64d5ba28108a447b27c925295129a363082c9ea52c28d32c2?s=96&d=mm&r=g\",\"caption\":\"admin\"},\"sameAs\":[\"https:\/\/gysfm.com.ar\/inicio\"],\"url\":\"https:\/\/gysfm.com.ar\/inicio\/author\/admin\/\"}]}<\/script>\n<!-- \/ Yoast SEO plugin. -->","yoast_head_json":{"title":"El posible 11 de Boca para enfrentar al V\u00e9lez de Guillermo en C\u00f3rdoba :: Ol\u00e9 - GYS NOTICIAS |","robots":{"index":"index","follow":"follow","max-snippet":"max-snippet:-1","max-image-preview":"max-image-preview:large","max-video-preview":"max-video-preview:-1"},"canonical":"https:\/\/gysfm.com.ar\/inicio\/el-posible-11-de-boca-para-enfrentar-al-velez-de-guillermo-en-cordoba-ole\/","og_locale":"es_ES","og_type":"article","og_title":"El posible 11 de Boca para enfrentar al V\u00e9lez de Guillermo en C\u00f3rdoba :: Ol\u00e9 - GYS NOTICIAS |","og_description":"Boca ya est\u00e1 en C\u00f3rdoba. Para otra final, para otro mata-mata, para otro duelo con el V\u00e9lez de Guillermo Barros Schelotto, para intentar seguir en una Copa Argentina que asoma como el camino m\u00e1s corto para meterse en la Copa Libertadores 2027 y volver a ganar un t\u00edtulo despu\u00e9s de casi cuatro a\u00f1os. Y en [&hellip;]","og_url":"https:\/\/gysfm.com.ar\/inicio\/el-posible-11-de-boca-para-enfrentar-al-velez-de-guillermo-en-cordoba-ole\/","og_site_name":"GYS NOTICIAS |","article_published_time":"2026-09-02T15:19:25+00:00","og_image":[{"url":"https:\/\/www.ole.com.ar\/images\/2026\/09\/01\/eOYjnRhmi_720x0__1.jpg","type":"","width":"","height":""}],"author":"admin","twitter_card":"summary_large_image","twitter_misc":{"Escrito por":"admin","Tiempo de lectura":"4 minutos"},"schema":{"@context":"https:\/\/schema.org","@graph":[{"@type":"Article","@id":"https:\/\/gysfm.com.ar\/inicio\/el-posible-11-de-boca-para-enfrentar-al-velez-de-guillermo-en-cordoba-ole\/#article","isPartOf":{"@id":"https:\/\/gysfm.com.ar\/inicio\/el-posible-11-de-boca-para-enfrentar-al-velez-de-guillermo-en-cordoba-ole\/"},"author":{"name":"admin","@id":"https:\/\/gysfm.com.ar\/inicio\/#\/schema\/person\/5bedd7ecd35cc35548d89effafa23696"},"headline":"El posible 11 de Boca para enfrentar al V\u00e9lez de Guillermo en C\u00f3rdoba :: Ol\u00e9","datePublished":"2026-09-02T15:19:25+00:00","mainEntityOfPage":{"@id":"https:\/\/gysfm.com.ar\/inicio\/el-posible-11-de-boca-para-enfrentar-al-velez-de-guillermo-en-cordoba-ole\/"},"wordCount":854,"publisher":{"@id":"https:\/\/gysfm.com.ar\/inicio\/#organization"},"image":{"@id":"https:\/\/gysfm.com.ar\/inicio\/el-posible-11-de-boca-para-enfrentar-al-velez-de-guillermo-en-cordoba-ole\/#primaryimage"},"thumbnailUrl":"https:\/\/gysfm.com.ar\/inicio\/wp-content\/uploads\/2026\/09\/4iGvY3K3_2000x1500__1.jpg","articleSection":["DEPORTES"],"inLanguage":"es"},{"@type":"WebPage","@id":"https:\/\/gysfm.com.ar\/inicio\/el-posible-11-de-boca-para-enfrentar-al-velez-de-guillermo-en-cordoba-ole\/","url":"https:\/\/gysfm.com.ar\/inicio\/el-posible-11-de-boca-para-enfrentar-al-velez-de-guillermo-en-cordoba-ole\/","name":"El posible 11 de Boca para enfrentar al V\u00e9lez de Guillermo en C\u00f3rdoba :: Ol\u00e9 - GYS NOTICIAS |","isPartOf":{"@id":"https:\/\/gysfm.com.ar\/inicio\/#website"},"primaryImageOfPage":{"@id":"https:\/\/gysfm.com.ar\/inicio\/el-posible-11-de-boca-para-enfrentar-al-velez-de-guillermo-en-cordoba-ole\/#primaryimage"},"image":{"@id":"https:\/\/gysfm.com.ar\/inicio\/el-posible-11-de-boca-para-enfrentar-al-velez-de-guillermo-en-cordoba-ole\/#primaryimage"},"thumbnailUrl":"https:\/\/gysfm.com.ar\/inicio\/wp-content\/uploads\/2026\/09\/4iGvY3K3_2000x1500__1.jpg","datePublished":"2026-09-02T15:19:25+00:00","breadcrumb":{"@id":"https:\/\/gysfm.com.ar\/inicio\/el-posible-11-de-boca-para-enfrentar-al-velez-de-guillermo-en-cordoba-ole\/#breadcrumb"},"inLanguage":"es","potentialAction":[{"@type":"ReadAction","target":["https:\/\/gysfm.com.ar\/inicio\/el-posible-11-de-boca-para-enfrentar-al-velez-de-guillermo-en-cordoba-ole\/"]}]},{"@type":"ImageObject","inLanguage":"es","@id":"https:\/\/gysfm.com.ar\/inicio\/el-posible-11-de-boca-para-enfrentar-al-velez-de-guillermo-en-cordoba-ole\/#primaryimage","url":"https:\/\/gysfm.com.ar\/inicio\/wp-content\/uploads\/2026\/09\/4iGvY3K3_2000x1500__1.jpg","contentUrl":"https:\/\/gysfm.com.ar\/inicio\/wp-content\/uploads\/2026\/09\/4iGvY3K3_2000x1500__1.jpg","width":2000,"height":1500},{"@type":"BreadcrumbList","@id":"https:\/\/gysfm.com.ar\/inicio\/el-posible-11-de-boca-para-enfrentar-al-velez-de-guillermo-en-cordoba-ole\/#breadcrumb","itemListElement":[{"@type":"ListItem","position":1,"name":"Portada","item":"https:\/\/gysfm.com.ar\/inicio\/"},{"@type":"ListItem","position":2,"name":"El posible 11 de Boca para enfrentar al V\u00e9lez de Guillermo en C\u00f3rdoba :: Ol\u00e9"}]},{"@type":"WebSite","@id":"https:\/\/gysfm.com.ar\/inicio\/#website","url":"https:\/\/gysfm.com.ar\/inicio\/","name":"GYS NOTICIAS |","description":"DIARIO - RADIO ONLINE SAN JUAN ARGENTINA","publisher":{"@id":"https:\/\/gysfm.com.ar\/inicio\/#organization"},"potentialAction":[{"@type":"SearchAction","target":{"@type":"EntryPoint","urlTemplate":"https:\/\/gysfm.com.ar\/inicio\/?s={search_term_string}"},"query-input":{"@type":"PropertyValueSpecification","valueRequired":true,"valueName":"search_term_string"}}],"inLanguage":"es"},{"@type":"Organization","@id":"https:\/\/gysfm.com.ar\/inicio\/#organization","name":"GYS NOTICIAS |","url":"https:\/\/gysfm.com.ar\/inicio\/","logo":{"@type":"ImageObject","inLanguage":"es","@id":"https:\/\/gysfm.com.ar\/inicio\/#\/schema\/logo\/image\/","url":"https:\/\/gysfm.com.ar\/inicio\/wp-content\/uploads\/2023\/07\/LOGOGYS-OK.png","contentUrl":"https:\/\/gysfm.com.ar\/inicio\/wp-content\/uploads\/2023\/07\/LOGOGYS-OK.png","width":1170,"height":872,"caption":"GYS NOTICIAS |"},"image":{"@id":"https:\/\/gysfm.com.ar\/inicio\/#\/schema\/logo\/image\/"}},{"@type":"Person","@id":"https:\/\/gysfm.com.ar\/inicio\/#\/schema\/person\/5bedd7ecd35cc35548d89effafa23696","name":"admin","image":{"@type":"ImageObject","inLanguage":"es","@id":"https:\/\/gysfm.com.ar\/inicio\/#\/schema\/person\/image\/","url":"https:\/\/secure.gravatar.com\/avatar\/c331d312b5243fb64d5ba28108a447b27c925295129a363082c9ea52c28d32c2?s=96&d=mm&r=g","contentUrl":"https:\/\/secure.gravatar.com\/avatar\/c331d312b5243fb64d5ba28108a447b27c925295129a363082c9ea52c28d32c2?s=96&d=mm&r=g","caption":"admin"},"sameAs":["https:\/\/gysfm.com.ar\/inicio"],"url":"https:\/\/gysfm.com.ar\/inicio\/author\/admin\/"}]}},"_links":{"self":[{"href":"https:\/\/gysfm.com.ar\/inicio\/wp-json\/wp\/v2\/posts\/210181","targetHints":{"allow":["GET"]}}],"collection":[{"href":"https:\/\/gysfm.com.ar\/inicio\/wp-json\/wp\/v2\/posts"}],"about":[{"href":"https:\/\/gysfm.com.ar\/inicio\/wp-json\/wp\/v2\/types\/post"}],"author":[{"embeddable":true,"href":"https:\/\/gysfm.com.ar\/inicio\/wp-json\/wp\/v2\/users\/1"}],"replies":[{"embeddable":true,"href":"https:\/\/gysfm.com.ar\/inicio\/wp-json\/wp\/v2\/comments?post=210181"}],"version-history":[{"count":0,"href":"https:\/\/gysfm.com.ar\/inicio\/wp-json\/wp\/v2\/posts\/210181\/revisions"}],"wp:featuredmedia":[{"embeddable":true,"href":"https:\/\/gysfm.com.ar\/inicio\/wp-json\/wp\/v2\/media\/210182"}],"wp:attachment":[{"href":"https:\/\/gysfm.com.ar\/inicio\/wp-json\/wp\/v2\/media?parent=210181"}],"wp:term":[{"taxonomy":"category","embeddable":true,"href":"https:\/\/gysfm.com.ar\/inicio\/wp-json\/wp\/v2\/categories?post=210181"},{"taxonomy":"post_tag","embeddable":true,"href":"https:\/\/gysfm.com.ar\/inicio\/wp-json\/wp\/v2\/tags?post=210181"}],"curies":[{"name":"wp","href":"https:\/\/api.w.org\/{rel}","templated":true}]}}