{"id":210173,"date":"2026-09-02T11:15:08","date_gmt":"2026-09-02T14:15:08","guid":{"rendered":"https:\/\/gysfm.com.ar\/inicio\/buenos-aires-sera-sede-del-x-foro-pymes-italia-america-latina\/"},"modified":"2026-09-02T11:15:08","modified_gmt":"2026-09-02T14:15:08","slug":"buenos-aires-sera-sede-del-x-foro-pymes-italia-america-latina","status":"publish","type":"post","link":"https:\/\/gysfm.com.ar\/inicio\/buenos-aires-sera-sede-del-x-foro-pymes-italia-america-latina\/","title":{"rendered":"Buenos Aires ser\u00e1 sede del X Foro PyMEs Italia\u2013Am\u00e9rica Latina"},"content":{"rendered":"<p> <br \/>\n<\/p>\n<div>\t\t<!-- { REGION4 --> <\/p>\n<header class=\"news-headline\">\n<div class=\"news-headline__topics-and-date-wrapper\">    <span class=\"news-headline__publication-date\"> 1 de septiembre 2026 &#8211; 17:59<br \/>\n            <\/span><\/div>\n<h2 class=\"news-headline__article-summary\"\/>\n<p id=\"p-1788293718768-94918\" class=\"ignore-parser\"> El encuentro internacional se realizar\u00e1 el 7 y 8 de septiembre y reunir\u00e1 a m\u00e1s de 500 empresarios e industriales de Argentina e Italia para impulsar inversiones, cooperaci\u00f3n y la integraci\u00f3n de pymes a cadenas de valor estrat\u00e9gicas.<\/p>\n<\/header>\n<article class=\"article-body article-body--first-paragraph\" data-td-script-src=\"https:\/\/www.ambito.com\/td\/modulos\/encuestas\/js\/function-embeds-min-version-1788235717.js\">\n<p id=\"p-1788295528943-62587\">La <strong>Ciudad de Buenos Aires<\/strong> ser\u00e1 sede del<strong> X Foro PyMEs Italia\u2013Am\u00e9rica Latina 2026<\/strong>, que se desarrollar\u00e1 el<strong> 7 y 8 de septiembre<\/strong> con la participaci\u00f3n de gobernadores, empresarios y m\u00e1s de 500 industriales argentinos e italianos. El encuentro buscar\u00e1 fortalecer la <strong>cooperaci\u00f3n econ\u00f3mica<\/strong> y generar nuevas oportunidades de inversi\u00f3n para peque\u00f1as y medianas empresas.<\/p>\n<\/article>\n<section class=\"suscription-false printed-edition\" style=\"display:none\">\n<p> El contenido al que quiere acceder es exclusivo para suscriptores.<\/p>\n<p>  <span> <button type=\"button\" name=\"button\" class=\"subscribe-btn mercadopago-btn\">suscribirse<\/button><\/span>  <span class=\"btns\"><button type=\"button\" name=\"button\" class=\"subscribe-btn reload-login\"> ya estoy suscripto<\/button><\/span>  <\/p>\n<\/section>\n<article class=\"article-body article-body--second-paragraph\">\n<p id=\"p-1788295528943-68544\">El foro estar\u00e1 centrado en la incorporaci\u00f3n de pymes nacionales a las cadenas de valor de sectores estrat\u00e9gicos como energ\u00eda, metalmec\u00e1nica, agroindustria, moda e indumentaria, digitalizaci\u00f3n y automatizaci\u00f3n. La iniciativa es promovida por la Asociaci\u00f3n de Industriales Metal\u00fargicos de la Rep\u00fablica Argentina (<strong>ADIMRA<\/strong>) y el Instituto \u00cdtalo-Latinoamericano (<strong>IILA<\/strong>), con el respaldo de la UIA, la Canciller\u00eda, la Agencia Argentina de Inversiones y Comercio Internacional y la C\u00e1mara de Comercio Italiana en la Rep\u00fablica Argentina.<\/p>\n<\/article>\n<section class=\"related-news\">\t\t<span class=\"related-news__title\">Informate m\u00e1s<\/span>\t\t<\/p>\n<div class=\"row row--eq-height\">\n<div class=\"col-12 col-md-6\">\n<article class=\"news-article news-article--landscape-news news-article--landscape-news\">\n<figure class=\"news-article__figure figure\">\n\t\t\t\t\t\t\t\t\t\t\t<img src=\"https:\/\/media.ambito.com\/p\/1e44623a040a0c638f97e1663b74274a\/adjuntos\/239\/imagenes\/042\/388\/0042388544\/93x52\/smart\/martin-rappallinijpg.jpg\" decoding=\"async\" fetchpriority=\"low\" loading=\"lazy\" alt=\"Mart\u00edn Rappallini, presidente de la UIA. La entidad pide fin a embargos de pymes de ARCA.\" title=\"Mart\u00edn Rappallini, presidente de la UIA. La entidad pide fin a embargos de pymes de ARCA.\" width=\"93\" height=\"52\" class=\"news-article__figure-img figure-img img-fluid\"\/>\t\t<\/figure>\n<\/article><\/div>\n<div class=\"col-12 col-md-6\">\n<article class=\"news-article news-article--landscape-news news-article--landscape-news\">\n<figure class=\"news-article__figure figure\">\n\t\t\t\t\t\t\t\t\t\t\t<img src=\"https:\/\/media.ambito.com\/p\/0eff8af873bf15e72a4f0e66aea22154\/adjuntos\/239\/imagenes\/043\/470\/0043470226\/93x52\/smart\/pymes.jpg\" decoding=\"async\" fetchpriority=\"low\" loading=\"lazy\" alt=\"El Gobierno puso en marcha el RIMI. Las empresas pueden declarar inversiones para obtener beneficios fiscales.\" title=\"El Gobierno puso en marcha el RIMI. Las empresas pueden declarar inversiones para obtener beneficios fiscales.\" width=\"93\" height=\"52\" class=\"news-article__figure-img figure-img img-fluid\"\/>\t\t<\/figure>\n<\/article><\/div>\n<\/div>\n<\/section>\n<article class=\"article-body article-body--third-paragraph\">\n<h2 id=\"p-1788295528943-59984\"> La agenda X Foro PyMEs Italia\u2013Am\u00e9rica Latina 2026<\/h2>\n<p id=\"p-1788295528943-27253\">Durante las dos jornadas habr\u00e1 sesiones plenarias, rondas de negocios B2B, talleres especializados, actividades de networking y visitas t\u00e9cnicas a establecimientos industriales argentinos, con el objetivo de facilitar el contacto entre compa\u00f1\u00edas de ambos pa\u00edses.<\/p>\n<\/article>\n<article class=\"article-body article-body--fourth-paragraph\">\n<p id=\"p-1788295528943-75052\">El<strong> lunes 7 de septiembre<\/strong>, la apertura estar\u00e1 a cargo de <strong>Elio Del Re<\/strong>, presidente de ADIMRA, y Giorgio Silli, secretario general del IILA. Luego se desarrollar\u00e1n encuentros B2B y talleres sobre internacionalizaci\u00f3n, financiamiento y experiencias de cooperaci\u00f3n tecnol\u00f3gica.<\/p>\n<\/article>\n<article class=\"article-body article-body--fifth-paragraph\">\n<p id=\"p-1788295528943-80243\">El <strong>martes 8<\/strong>, el presidente y CEO de YPF, Horacio Mar\u00edn, participar\u00e1 del panel \u201c<strong>Energ\u00eda para el desarrollo: inversi\u00f3n, industria y cadenas de valor<\/strong>\u201d. La jornada continuar\u00e1 con sesiones plenarias dedicadas a distintos sectores productivos, con la participaci\u00f3n de referentes de la industria argentina y funcionarios gubernamentales.<\/p>\n<\/article>\n<article class=\"article-body article-body--remaining-paragraph\">\n<div contenteditable=\"false\" class=\"embed_cont type_imagen\" id=\"7560623-Libre-1908396070_wrap\">\n<div id=\"7560623-Libre-1908396070_content\" class=\"embed_content\"><img src=\"https:\/\/media.ambito.com\/p\/0aa308819f39a40e4819b307abb44d81\/adjuntos\/239\/imagenes\/039\/195\/0039195733\/industria-pyme-metalurgica.jpg?0000-00-00-00-00-00\" decoding=\"async\" fetchpriority=\"low\" loading=\"lazy\" alt=\"El foro estar\u00e1 centrado en la incorporaci\u00f3n de pymes nacionales a las cadenas de valor de sectores estrat\u00e9gicos como energ\u00eda, metalmec\u00e1nica, agroindustria, moda e indumentaria, digitalizaci\u00f3n y automatizaci\u00f3n.\" title=\"El foro estar\u00e1 centrado en la incorporaci\u00f3n de pymes nacionales a las cadenas de valor de sectores estrat\u00e9gicos como energ\u00eda, metalmec\u00e1nica, agroindustria, moda e indumentaria, digitalizaci\u00f3n y automatizaci\u00f3n.\" width=\"692\" height=\"460\" id=\"7560623-Libre-1908396070_embed\"\/><\/div>\n<div class=\"embed_wrapper-cont\" id=\"p-1788295916658-6699\">\n<div id=\"7560623-Libre-1908396070_epigrafe\" class=\"embed_epigrafe\">\n<p id=\"p-1788295916658-42292\">El foro estar\u00e1 centrado en la incorporaci\u00f3n de pymes nacionales a las cadenas de valor de sectores estrat\u00e9gicos como energ\u00eda, metalmec\u00e1nica, agroindustria, moda e indumentaria, digitalizaci\u00f3n y automatizaci\u00f3n.<\/p>\n<\/div>\n<p>Pixabay<\/p>\n<\/div><\/div>\n<p id=\"p-1788295528943-14994\">Adem\u00e1s, se expondr\u00e1n casos de pymes vinculados con procesos de inversi\u00f3n y crecimiento y se abordar\u00e1 la cooperaci\u00f3n para el desarrollo productivo entre Argentina e Italia, con la participaci\u00f3n de los cancilleres de ambos pa\u00edses.<\/p>\n<h2 id=\"p-1788295528943-26058\">El peso de la industria metal\u00fargica<\/h2>\n<p id=\"p-1788295528943-16044\">La <strong>industria manufacturera<\/strong> es uno de los principales motores de la econom\u00eda argentina y cuenta con una fuerte presencia de peque\u00f1as y medianas empresas. En ese marco, la industria metal\u00fargica ocupa un lugar estrat\u00e9gico por su escala y su car\u00e1cter transversal.<\/p>\n<p id=\"p-1788295528943-66460\">Seg\u00fan los organizadores, el sector re\u00fane <strong>m\u00e1s de 20.000 empresas en todo el pa\u00eds y genera alrededor de 300.000 empleos directos<\/strong>. La actividad abastece con bienes, componentes, tecnolog\u00eda y servicios especializados a sectores como energ\u00eda, miner\u00eda, petr\u00f3leo y gas, agroindustria, transporte, construcci\u00f3n y otras ramas de la industria manufacturera.<\/p>\n<p id=\"p-1788295528943-3560\">La realizaci\u00f3n del foro en Argentina apunta a reforzar el posicionamiento del pa\u00eds como plataforma para la cooperaci\u00f3n industrial internacional. En esta d\u00e9cima edici\u00f3n habr\u00e1 una importante delegaci\u00f3n de empresarios italianos vinculados con asociaciones industriales, que buscar\u00e1n intercambiar experiencias y explorar oportunidades de inversi\u00f3n y cooperaci\u00f3n con empresas argentinas y latinoamericanas.<\/p>\n<h2 id=\"p-1788295528943-54090\">Los cuatro ejes del Foro<\/h2>\n<p id=\"p-1788295528943-61148\">La agenda estar\u00e1 organizada alrededor de cuatro \u00e1reas consideradas estrat\u00e9gicas para el desarrollo productivo conjunto:<\/p>\n<ul id=\"p-1788295750186-97227\">\n<li id=\"p-1788295528943-2736\">Metalmec\u00e1nica, energ\u00eda y equipamiento industrial.<\/li>\n<li id=\"p-1788295528943-91038\">Digitalizaci\u00f3n, automatizaci\u00f3n e inteligencia artificial aplicada a la industria.<\/li>\n<li id=\"p-1788295528943-49781\">Agroindustria y tecnolog\u00eda alimentaria.<\/li>\n<li id=\"p-1788295528943-36845\">Textil e indumentaria, con foco en innovaci\u00f3n y sostenibilidad.<\/li>\n<\/ul>\n<\/article>\n<p>\t\t<!-- REGION4 } --><\/div>\n<p><script>\n!function(f,b,e,v,n,t,s)\n{if(f.fbq)return;n=f.fbq=function(){n.callMethod?\nn.callMethod.apply(n,arguments):n.queue.push(arguments)};\nif(!f._fbq)f._fbq=n;n.push=n;n.loaded=!0;n.version='2.0';\nn.queue=[];t=b.createElement(e);t.async=!0;\nt.src=v;s=b.getElementsByTagName(e)[0];\ns.parentNode.insertBefore(t,s)}(window,document,'script',\n'https:\/\/connect.facebook.net\/en_US\/fbevents.js');\nfbq('init', '2047048335588113');\nfbq('track', 'PageView');\n<\/script><br \/>\n<br \/><\/p>\n","protected":false},"excerpt":{"rendered":"<p>1 de septiembre 2026 &#8211; 17:59 El encuentro internacional se realizar\u00e1 el 7 y 8 de septiembre y reunir\u00e1 a m\u00e1s de 500 empresarios e industriales de Argentina e Italia para impulsar inversiones, cooperaci\u00f3n y la integraci\u00f3n de pymes a cadenas de valor estrat\u00e9gicas. La Ciudad de Buenos Aires ser\u00e1 sede del X Foro PyMEs [&hellip;]<\/p>\n","protected":false},"author":1,"featured_media":208445,"comment_status":"closed","ping_status":"closed","sticky":false,"template":"","format":"standard","meta":{"footnotes":""},"categories":[28],"tags":[],"class_list":["post-210173","post","type-post","status-publish","format-standard","has-post-thumbnail","hentry","category-economia"],"yoast_head":"<!-- This site is optimized with the Yoast SEO plugin v24.4 - https:\/\/yoast.com\/wordpress\/plugins\/seo\/ -->\n<title>Buenos Aires ser\u00e1 sede del X Foro PyMEs Italia\u2013Am\u00e9rica Latina - GYS NOTICIAS |<\/title>\n<meta name=\"robots\" content=\"index, follow, max-snippet:-1, max-image-preview:large, max-video-preview:-1\" \/>\n<link rel=\"canonical\" href=\"https:\/\/gysfm.com.ar\/inicio\/buenos-aires-sera-sede-del-x-foro-pymes-italia-america-latina\/\" \/>\n<meta property=\"og:locale\" content=\"es_ES\" \/>\n<meta property=\"og:type\" content=\"article\" \/>\n<meta property=\"og:title\" content=\"Buenos Aires ser\u00e1 sede del X Foro PyMEs Italia\u2013Am\u00e9rica Latina - GYS NOTICIAS |\" \/>\n<meta property=\"og:description\" content=\"1 de septiembre 2026 &#8211; 17:59 El encuentro internacional se realizar\u00e1 el 7 y 8 de septiembre y reunir\u00e1 a m\u00e1s de 500 empresarios e industriales de Argentina e Italia para impulsar inversiones, cooperaci\u00f3n y la integraci\u00f3n de pymes a cadenas de valor estrat\u00e9gicas. La Ciudad de Buenos Aires ser\u00e1 sede del X Foro PyMEs [&hellip;]\" \/>\n<meta property=\"og:url\" content=\"https:\/\/gysfm.com.ar\/inicio\/buenos-aires-sera-sede-del-x-foro-pymes-italia-america-latina\/\" \/>\n<meta property=\"og:site_name\" content=\"GYS NOTICIAS |\" \/>\n<meta property=\"article:published_time\" content=\"2026-09-02T14:15:08+00:00\" \/>\n<meta property=\"og:image\" content=\"https:\/\/media.ambito.com\/p\/1e44623a040a0c638f97e1663b74274a\/adjuntos\/239\/imagenes\/042\/388\/0042388544\/93x52\/smart\/martin-rappallinijpg.jpg\" \/>\n<meta name=\"author\" content=\"admin\" \/>\n<meta name=\"twitter:card\" content=\"summary_large_image\" \/>\n<meta name=\"twitter:label1\" content=\"Escrito por\" \/>\n\t<meta name=\"twitter:data1\" content=\"admin\" \/>\n\t<meta name=\"twitter:label2\" content=\"Tiempo de lectura\" \/>\n\t<meta name=\"twitter:data2\" content=\"3 minutos\" \/>\n<script type=\"application\/ld+json\" class=\"yoast-schema-graph\">{\"@context\":\"https:\/\/schema.org\",\"@graph\":[{\"@type\":\"Article\",\"@id\":\"https:\/\/gysfm.com.ar\/inicio\/buenos-aires-sera-sede-del-x-foro-pymes-italia-america-latina\/#article\",\"isPartOf\":{\"@id\":\"https:\/\/gysfm.com.ar\/inicio\/buenos-aires-sera-sede-del-x-foro-pymes-italia-america-latina\/\"},\"author\":{\"name\":\"admin\",\"@id\":\"https:\/\/gysfm.com.ar\/inicio\/#\/schema\/person\/5bedd7ecd35cc35548d89effafa23696\"},\"headline\":\"Buenos Aires ser\u00e1 sede del X Foro PyMEs Italia\u2013Am\u00e9rica Latina\",\"datePublished\":\"2026-09-02T14:15:08+00:00\",\"mainEntityOfPage\":{\"@id\":\"https:\/\/gysfm.com.ar\/inicio\/buenos-aires-sera-sede-del-x-foro-pymes-italia-america-latina\/\"},\"wordCount\":658,\"publisher\":{\"@id\":\"https:\/\/gysfm.com.ar\/inicio\/#organization\"},\"image\":{\"@id\":\"https:\/\/gysfm.com.ar\/inicio\/buenos-aires-sera-sede-del-x-foro-pymes-italia-america-latina\/#primaryimage\"},\"thumbnailUrl\":\"https:\/\/gysfm.com.ar\/inicio\/wp-content\/uploads\/2026\/08\/industria-empleo-pymes-actividad-economica.jpg\",\"articleSection\":[\"ECONOMIA\"],\"inLanguage\":\"es\"},{\"@type\":\"WebPage\",\"@id\":\"https:\/\/gysfm.com.ar\/inicio\/buenos-aires-sera-sede-del-x-foro-pymes-italia-america-latina\/\",\"url\":\"https:\/\/gysfm.com.ar\/inicio\/buenos-aires-sera-sede-del-x-foro-pymes-italia-america-latina\/\",\"name\":\"Buenos Aires ser\u00e1 sede del X Foro PyMEs Italia\u2013Am\u00e9rica Latina - GYS NOTICIAS |\",\"isPartOf\":{\"@id\":\"https:\/\/gysfm.com.ar\/inicio\/#website\"},\"primaryImageOfPage\":{\"@id\":\"https:\/\/gysfm.com.ar\/inicio\/buenos-aires-sera-sede-del-x-foro-pymes-italia-america-latina\/#primaryimage\"},\"image\":{\"@id\":\"https:\/\/gysfm.com.ar\/inicio\/buenos-aires-sera-sede-del-x-foro-pymes-italia-america-latina\/#primaryimage\"},\"thumbnailUrl\":\"https:\/\/gysfm.com.ar\/inicio\/wp-content\/uploads\/2026\/08\/industria-empleo-pymes-actividad-economica.jpg\",\"datePublished\":\"2026-09-02T14:15:08+00:00\",\"breadcrumb\":{\"@id\":\"https:\/\/gysfm.com.ar\/inicio\/buenos-aires-sera-sede-del-x-foro-pymes-italia-america-latina\/#breadcrumb\"},\"inLanguage\":\"es\",\"potentialAction\":[{\"@type\":\"ReadAction\",\"target\":[\"https:\/\/gysfm.com.ar\/inicio\/buenos-aires-sera-sede-del-x-foro-pymes-italia-america-latina\/\"]}]},{\"@type\":\"ImageObject\",\"inLanguage\":\"es\",\"@id\":\"https:\/\/gysfm.com.ar\/inicio\/buenos-aires-sera-sede-del-x-foro-pymes-italia-america-latina\/#primaryimage\",\"url\":\"https:\/\/gysfm.com.ar\/inicio\/wp-content\/uploads\/2026\/08\/industria-empleo-pymes-actividad-economica.jpg\",\"contentUrl\":\"https:\/\/gysfm.com.ar\/inicio\/wp-content\/uploads\/2026\/08\/industria-empleo-pymes-actividad-economica.jpg\",\"width\":1200,\"height\":675},{\"@type\":\"BreadcrumbList\",\"@id\":\"https:\/\/gysfm.com.ar\/inicio\/buenos-aires-sera-sede-del-x-foro-pymes-italia-america-latina\/#breadcrumb\",\"itemListElement\":[{\"@type\":\"ListItem\",\"position\":1,\"name\":\"Portada\",\"item\":\"https:\/\/gysfm.com.ar\/inicio\/\"},{\"@type\":\"ListItem\",\"position\":2,\"name\":\"Buenos Aires ser\u00e1 sede del X Foro PyMEs Italia\u2013Am\u00e9rica Latina\"}]},{\"@type\":\"WebSite\",\"@id\":\"https:\/\/gysfm.com.ar\/inicio\/#website\",\"url\":\"https:\/\/gysfm.com.ar\/inicio\/\",\"name\":\"GYS NOTICIAS |\",\"description\":\"DIARIO - RADIO ONLINE SAN JUAN ARGENTINA\",\"publisher\":{\"@id\":\"https:\/\/gysfm.com.ar\/inicio\/#organization\"},\"potentialAction\":[{\"@type\":\"SearchAction\",\"target\":{\"@type\":\"EntryPoint\",\"urlTemplate\":\"https:\/\/gysfm.com.ar\/inicio\/?s={search_term_string}\"},\"query-input\":{\"@type\":\"PropertyValueSpecification\",\"valueRequired\":true,\"valueName\":\"search_term_string\"}}],\"inLanguage\":\"es\"},{\"@type\":\"Organization\",\"@id\":\"https:\/\/gysfm.com.ar\/inicio\/#organization\",\"name\":\"GYS NOTICIAS |\",\"url\":\"https:\/\/gysfm.com.ar\/inicio\/\",\"logo\":{\"@type\":\"ImageObject\",\"inLanguage\":\"es\",\"@id\":\"https:\/\/gysfm.com.ar\/inicio\/#\/schema\/logo\/image\/\",\"url\":\"https:\/\/gysfm.com.ar\/inicio\/wp-content\/uploads\/2023\/07\/LOGOGYS-OK.png\",\"contentUrl\":\"https:\/\/gysfm.com.ar\/inicio\/wp-content\/uploads\/2023\/07\/LOGOGYS-OK.png\",\"width\":1170,\"height\":872,\"caption\":\"GYS NOTICIAS |\"},\"image\":{\"@id\":\"https:\/\/gysfm.com.ar\/inicio\/#\/schema\/logo\/image\/\"}},{\"@type\":\"Person\",\"@id\":\"https:\/\/gysfm.com.ar\/inicio\/#\/schema\/person\/5bedd7ecd35cc35548d89effafa23696\",\"name\":\"admin\",\"image\":{\"@type\":\"ImageObject\",\"inLanguage\":\"es\",\"@id\":\"https:\/\/gysfm.com.ar\/inicio\/#\/schema\/person\/image\/\",\"url\":\"https:\/\/secure.gravatar.com\/avatar\/c331d312b5243fb64d5ba28108a447b27c925295129a363082c9ea52c28d32c2?s=96&d=mm&r=g\",\"contentUrl\":\"https:\/\/secure.gravatar.com\/avatar\/c331d312b5243fb64d5ba28108a447b27c925295129a363082c9ea52c28d32c2?s=96&d=mm&r=g\",\"caption\":\"admin\"},\"sameAs\":[\"https:\/\/gysfm.com.ar\/inicio\"],\"url\":\"https:\/\/gysfm.com.ar\/inicio\/author\/admin\/\"}]}<\/script>\n<!-- \/ Yoast SEO plugin. -->","yoast_head_json":{"title":"Buenos Aires ser\u00e1 sede del X Foro PyMEs Italia\u2013Am\u00e9rica Latina - GYS NOTICIAS |","robots":{"index":"index","follow":"follow","max-snippet":"max-snippet:-1","max-image-preview":"max-image-preview:large","max-video-preview":"max-video-preview:-1"},"canonical":"https:\/\/gysfm.com.ar\/inicio\/buenos-aires-sera-sede-del-x-foro-pymes-italia-america-latina\/","og_locale":"es_ES","og_type":"article","og_title":"Buenos Aires ser\u00e1 sede del X Foro PyMEs Italia\u2013Am\u00e9rica Latina - GYS NOTICIAS |","og_description":"1 de septiembre 2026 &#8211; 17:59 El encuentro internacional se realizar\u00e1 el 7 y 8 de septiembre y reunir\u00e1 a m\u00e1s de 500 empresarios e industriales de Argentina e Italia para impulsar inversiones, cooperaci\u00f3n y la integraci\u00f3n de pymes a cadenas de valor estrat\u00e9gicas. La Ciudad de Buenos Aires ser\u00e1 sede del X Foro PyMEs [&hellip;]","og_url":"https:\/\/gysfm.com.ar\/inicio\/buenos-aires-sera-sede-del-x-foro-pymes-italia-america-latina\/","og_site_name":"GYS NOTICIAS |","article_published_time":"2026-09-02T14:15:08+00:00","og_image":[{"url":"https:\/\/media.ambito.com\/p\/1e44623a040a0c638f97e1663b74274a\/adjuntos\/239\/imagenes\/042\/388\/0042388544\/93x52\/smart\/martin-rappallinijpg.jpg","type":"","width":"","height":""}],"author":"admin","twitter_card":"summary_large_image","twitter_misc":{"Escrito por":"admin","Tiempo de lectura":"3 minutos"},"schema":{"@context":"https:\/\/schema.org","@graph":[{"@type":"Article","@id":"https:\/\/gysfm.com.ar\/inicio\/buenos-aires-sera-sede-del-x-foro-pymes-italia-america-latina\/#article","isPartOf":{"@id":"https:\/\/gysfm.com.ar\/inicio\/buenos-aires-sera-sede-del-x-foro-pymes-italia-america-latina\/"},"author":{"name":"admin","@id":"https:\/\/gysfm.com.ar\/inicio\/#\/schema\/person\/5bedd7ecd35cc35548d89effafa23696"},"headline":"Buenos Aires ser\u00e1 sede del X Foro PyMEs Italia\u2013Am\u00e9rica Latina","datePublished":"2026-09-02T14:15:08+00:00","mainEntityOfPage":{"@id":"https:\/\/gysfm.com.ar\/inicio\/buenos-aires-sera-sede-del-x-foro-pymes-italia-america-latina\/"},"wordCount":658,"publisher":{"@id":"https:\/\/gysfm.com.ar\/inicio\/#organization"},"image":{"@id":"https:\/\/gysfm.com.ar\/inicio\/buenos-aires-sera-sede-del-x-foro-pymes-italia-america-latina\/#primaryimage"},"thumbnailUrl":"https:\/\/gysfm.com.ar\/inicio\/wp-content\/uploads\/2026\/08\/industria-empleo-pymes-actividad-economica.jpg","articleSection":["ECONOMIA"],"inLanguage":"es"},{"@type":"WebPage","@id":"https:\/\/gysfm.com.ar\/inicio\/buenos-aires-sera-sede-del-x-foro-pymes-italia-america-latina\/","url":"https:\/\/gysfm.com.ar\/inicio\/buenos-aires-sera-sede-del-x-foro-pymes-italia-america-latina\/","name":"Buenos Aires ser\u00e1 sede del X Foro PyMEs Italia\u2013Am\u00e9rica Latina - GYS NOTICIAS |","isPartOf":{"@id":"https:\/\/gysfm.com.ar\/inicio\/#website"},"primaryImageOfPage":{"@id":"https:\/\/gysfm.com.ar\/inicio\/buenos-aires-sera-sede-del-x-foro-pymes-italia-america-latina\/#primaryimage"},"image":{"@id":"https:\/\/gysfm.com.ar\/inicio\/buenos-aires-sera-sede-del-x-foro-pymes-italia-america-latina\/#primaryimage"},"thumbnailUrl":"https:\/\/gysfm.com.ar\/inicio\/wp-content\/uploads\/2026\/08\/industria-empleo-pymes-actividad-economica.jpg","datePublished":"2026-09-02T14:15:08+00:00","breadcrumb":{"@id":"https:\/\/gysfm.com.ar\/inicio\/buenos-aires-sera-sede-del-x-foro-pymes-italia-america-latina\/#breadcrumb"},"inLanguage":"es","potentialAction":[{"@type":"ReadAction","target":["https:\/\/gysfm.com.ar\/inicio\/buenos-aires-sera-sede-del-x-foro-pymes-italia-america-latina\/"]}]},{"@type":"ImageObject","inLanguage":"es","@id":"https:\/\/gysfm.com.ar\/inicio\/buenos-aires-sera-sede-del-x-foro-pymes-italia-america-latina\/#primaryimage","url":"https:\/\/gysfm.com.ar\/inicio\/wp-content\/uploads\/2026\/08\/industria-empleo-pymes-actividad-economica.jpg","contentUrl":"https:\/\/gysfm.com.ar\/inicio\/wp-content\/uploads\/2026\/08\/industria-empleo-pymes-actividad-economica.jpg","width":1200,"height":675},{"@type":"BreadcrumbList","@id":"https:\/\/gysfm.com.ar\/inicio\/buenos-aires-sera-sede-del-x-foro-pymes-italia-america-latina\/#breadcrumb","itemListElement":[{"@type":"ListItem","position":1,"name":"Portada","item":"https:\/\/gysfm.com.ar\/inicio\/"},{"@type":"ListItem","position":2,"name":"Buenos Aires ser\u00e1 sede del X Foro PyMEs Italia\u2013Am\u00e9rica Latina"}]},{"@type":"WebSite","@id":"https:\/\/gysfm.com.ar\/inicio\/#website","url":"https:\/\/gysfm.com.ar\/inicio\/","name":"GYS NOTICIAS |","description":"DIARIO - RADIO ONLINE SAN JUAN ARGENTINA","publisher":{"@id":"https:\/\/gysfm.com.ar\/inicio\/#organization"},"potentialAction":[{"@type":"SearchAction","target":{"@type":"EntryPoint","urlTemplate":"https:\/\/gysfm.com.ar\/inicio\/?s={search_term_string}"},"query-input":{"@type":"PropertyValueSpecification","valueRequired":true,"valueName":"search_term_string"}}],"inLanguage":"es"},{"@type":"Organization","@id":"https:\/\/gysfm.com.ar\/inicio\/#organization","name":"GYS NOTICIAS |","url":"https:\/\/gysfm.com.ar\/inicio\/","logo":{"@type":"ImageObject","inLanguage":"es","@id":"https:\/\/gysfm.com.ar\/inicio\/#\/schema\/logo\/image\/","url":"https:\/\/gysfm.com.ar\/inicio\/wp-content\/uploads\/2023\/07\/LOGOGYS-OK.png","contentUrl":"https:\/\/gysfm.com.ar\/inicio\/wp-content\/uploads\/2023\/07\/LOGOGYS-OK.png","width":1170,"height":872,"caption":"GYS NOTICIAS |"},"image":{"@id":"https:\/\/gysfm.com.ar\/inicio\/#\/schema\/logo\/image\/"}},{"@type":"Person","@id":"https:\/\/gysfm.com.ar\/inicio\/#\/schema\/person\/5bedd7ecd35cc35548d89effafa23696","name":"admin","image":{"@type":"ImageObject","inLanguage":"es","@id":"https:\/\/gysfm.com.ar\/inicio\/#\/schema\/person\/image\/","url":"https:\/\/secure.gravatar.com\/avatar\/c331d312b5243fb64d5ba28108a447b27c925295129a363082c9ea52c28d32c2?s=96&d=mm&r=g","contentUrl":"https:\/\/secure.gravatar.com\/avatar\/c331d312b5243fb64d5ba28108a447b27c925295129a363082c9ea52c28d32c2?s=96&d=mm&r=g","caption":"admin"},"sameAs":["https:\/\/gysfm.com.ar\/inicio"],"url":"https:\/\/gysfm.com.ar\/inicio\/author\/admin\/"}]}},"_links":{"self":[{"href":"https:\/\/gysfm.com.ar\/inicio\/wp-json\/wp\/v2\/posts\/210173","targetHints":{"allow":["GET"]}}],"collection":[{"href":"https:\/\/gysfm.com.ar\/inicio\/wp-json\/wp\/v2\/posts"}],"about":[{"href":"https:\/\/gysfm.com.ar\/inicio\/wp-json\/wp\/v2\/types\/post"}],"author":[{"embeddable":true,"href":"https:\/\/gysfm.com.ar\/inicio\/wp-json\/wp\/v2\/users\/1"}],"replies":[{"embeddable":true,"href":"https:\/\/gysfm.com.ar\/inicio\/wp-json\/wp\/v2\/comments?post=210173"}],"version-history":[{"count":0,"href":"https:\/\/gysfm.com.ar\/inicio\/wp-json\/wp\/v2\/posts\/210173\/revisions"}],"wp:featuredmedia":[{"embeddable":true,"href":"https:\/\/gysfm.com.ar\/inicio\/wp-json\/wp\/v2\/media\/208445"}],"wp:attachment":[{"href":"https:\/\/gysfm.com.ar\/inicio\/wp-json\/wp\/v2\/media?parent=210173"}],"wp:term":[{"taxonomy":"category","embeddable":true,"href":"https:\/\/gysfm.com.ar\/inicio\/wp-json\/wp\/v2\/categories?post=210173"},{"taxonomy":"post_tag","embeddable":true,"href":"https:\/\/gysfm.com.ar\/inicio\/wp-json\/wp\/v2\/tags?post=210173"}],"curies":[{"name":"wp","href":"https:\/\/api.w.org\/{rel}","templated":true}]}}