{"id":210170,"date":"2026-09-02T10:56:08","date_gmt":"2026-09-02T13:56:08","guid":{"rendered":"https:\/\/gysfm.com.ar\/inicio\/a-cuanto-puede-llegar-el-dolar-hacia-fin-de-ano-los-pronosticos-de-los-especialistas-y-que-variables-hay-que-mirar\/"},"modified":"2026-09-02T10:56:09","modified_gmt":"2026-09-02T13:56:09","slug":"a-cuanto-puede-llegar-el-dolar-hacia-fin-de-ano-los-pronosticos-de-los-especialistas-y-que-variables-hay-que-mirar","status":"publish","type":"post","link":"https:\/\/gysfm.com.ar\/inicio\/a-cuanto-puede-llegar-el-dolar-hacia-fin-de-ano-los-pronosticos-de-los-especialistas-y-que-variables-hay-que-mirar\/","title":{"rendered":"A cu\u00e1nto puede llegar el d\u00f3lar hacia fin de a\u00f1o: los pron\u00f3sticos de los especialistas y qu\u00e9 variables hay que mirar"},"content":{"rendered":"<p><\/p>\n<div>\n<p class=\"com-paragraph --s\"><a href=\"https:\/\/www.lanacion.com.ar\/economia\/dolar\/el-dolar-oficial-arranco-el-mes-con-una-leve-suba-y-cerro-en-su-valor-nominal-maximo-nid01092026\/\" target=\"_self\" title=\"https:\/\/www.lanacion.com.ar\/economia\/dolar\/el-dolar-oficial-arranco-el-mes-con-una-leve-suba-y-cerro-en-su-valor-nominal-maximo-nid01092026\/\" class=\"com-link break-word\" data-mrf-recirculation=\"n_link_parrafo\">En la primera rueda de septiembre, el <strong>d\u00f3lar oficial <\/strong>present\u00f3 una leve suba<\/a>: el tipo de cambio minorista se ubic\u00f3 en los $1535, su valor nominal m\u00e1s alto del a\u00f1o \u2014el cual toc\u00f3 a fines de agosto\u2014, mientras que el mayorista se consolid\u00f3 por encima de los $1510 al alcanzar los $1513.<\/p>\n<p class=\"com-paragraph --s\">De cara a diciembre, los especialistas anticipan que<strong> en los pr\u00f3ximos meses el tipo de cambio seguir\u00e1 una tendencia alcista moderada<\/strong>, en l\u00ednea con la pol\u00edtica monetaria del Gobierno, aunque no prev\u00e9n sobresaltos. De todos modos, no descartan<strong> posibles factores de presi\u00f3n<\/strong>, principalmente las expectativas de cara a las elecciones de 2027.<\/p>\n<p><iframe class=\"pym\" id=\"LNcreativa\" frameborder=\"0\" width=\"100%\" height=\"800\" scrolling=\"no\" loading=\"lazy\" src=\"https:\/\/especialess3.lanacion.com.ar\/monitor-economia-real\/#\/indicador\/d%C3%B3lar_minorista\"><\/iframe><\/p>\n<p class=\"com-paragraph --s\">Cabe recordar que el tipo de cambio mayorista cerr\u00f3 agosto a $1509,08, lo que signific\u00f3 un avance de $23 (+1,6%) y <a href=\"https:\/\/www.lanacion.com.ar\/economia\/dolar\/el-dolar-mayorista-sigue-arriba-de-los-1500-los-motivos-y-las-expectativas-del-mercado-nid25082026\/\" target=\"_self\" title=\"https:\/\/www.lanacion.com.ar\/economia\/dolar\/el-dolar-mayorista-sigue-arriba-de-los-1500-los-motivos-y-las-expectativas-del-mercado-nid25082026\/\" class=\"com-link break-word\" data-mrf-recirculation=\"n_link_parrafo\">se ubic\u00f3 por encima del techo artificial de los $1500 que le hab\u00eda impuesto el Gobierno, pero cedi\u00f3 para dar m\u00e1s liquidez al mercado y quitar presi\u00f3n a las tasas de inter\u00e9s<\/a>. <\/p>\n<p class=\"com-paragraph --s\">Por su parte, el minorista concluy\u00f3 el mes a $1530, con un incremento de $20 (+1,3%). <strong>En lo que va del a\u00f1o, acumulan subas de $56 (+3,8%) y $55 (+3,7%), respectivamente<\/strong>.<\/p>\n<p class=\"com-paragraph --s\">El \u00faltimo <strong>Relevamiento de Expectativas de Mercado (REM) que realiz\u00f3 el Banco Central (BCRA) <\/strong>se\u00f1al\u00f3 que la mediana de las proyecciones sobre <strong>el tipo de cambio nominal para diciembre de 2026 se ubicar\u00eda en $1652<\/strong>. De esa forma, registrar\u00eda una variaci\u00f3n interanual esperada de 14,1% respecto de diciembre de 2025. <\/p>\n<p class=\"com-paragraph --s\">Al respecto, Andr\u00e9s Reschini, socio de F2 Soluciones Financieras, evalu\u00f3 que existen chances de que <strong>las estimaciones del \u00faltimo REM sean revisadas a la baja <\/strong>en el escenario actual. Explic\u00f3 que el <strong>d\u00f3lar oficial se viene ubicando por debajo de la inflaci\u00f3n<\/strong> tras el ajuste de diciembre de 2023, lo que condujo a una apreciaci\u00f3n real. \u201cEn los \u00faltimos meses, el tipo de cambio real multilateral se ha mantenido relativamente estable, ya que desde abril solo se ha movido al alza en un 1,2%\u201d, agreg\u00f3. <\/p>\n<p class=\"com-paragraph --s\">Aun as\u00ed, advirti\u00f3 que existen<strong> variables externas e internas <\/strong>que pueden modificar este rumbo. En ese sentido, consider\u00f3 \u201cclave\u201d la <strong>evoluci\u00f3n de las divisas de los principales socios comerciales de la Argentina<\/strong> \u2014como Brasil, China, Uni\u00f3n Europea y Estados Unidos\u2014, as\u00ed como la trayectoria de la<strong> inflaci\u00f3n global y local<\/strong>. A esto se suma el <strong>factor pol\u00edtico<\/strong>: a medida que se acerquen los comicios, \u201cpuede ir increment\u00e1ndose la volatilidad y eso depender\u00e1 de las se\u00f1ales de la pol\u00edtica local\u201d. Ante esto, previ\u00f3 que <strong>el Gobierno procura sostener la estabilidad cambiaria real y que la acumulaci\u00f3n de reservas funcione como un amortiguador [<\/strong><em><strong>buffer<\/strong><\/em><strong>] ante eventuales saltos en la demanda<\/strong>. <\/p>\n<div class=\"content-media\">\n<section role=\"button\" class=\"mod-media   \">\n<figure role=\"button\" tabindex=\"0\" class=\"mod-figure \"><figcaption class=\"mod-figcaption\"><span class=\"com-text --caption --twoxs\">La estrateg\u00eda de acumulaci\u00f3n de reservas le permite al Gobierno tener un buffer ante cualquier sobresalto en el tipo de cambio<\/span><span class=\"com-text --credit --twoxs\">[e]MARTIN ZABALA &#8211; XinHua<\/span><\/figcaption><\/figure>\n<\/section>\n<\/div>\n<p class=\"com-paragraph --s\">Gustavo Quintana, operador de cambio en PR, indic\u00f3 que, si bien es dif\u00edcil hacer pron\u00f3sticos de ac\u00e1 a fin de a\u00f1o, la estrategia oficial apunta a moderar los movimientos del tipo de cambio. \u201c<strong>La trayectoria del d\u00f3lar seguir\u00e1 respondiendo al recorrido impulsado por el Gobierno, con suaves ajustes, sin cambios bruscos<\/strong>\u201d, se\u00f1al\u00f3. <\/p>\n<p class=\"com-paragraph --s\">De no mediar eventos inesperados o externos significativos, Quintana estim\u00f3 que <strong>el tipo de cambio podr\u00eda acercarse a los $1600 a fin de a\u00f1o con \u201cun recorrido suave y sin tensiones\u201d<\/strong>. Destac\u00f3 el \u201c<strong>buen flujo de ingresos por delante<\/strong>\u201d del sector agropecuario, la miner\u00eda, los combustibles y las inversiones comprometidas. De todos modos, advirti\u00f3 sobre la expectativa electoral: \u201cEl tema pasa por la <strong>percepci\u00f3n del mercado acerca de la permanencia de los cambios impulsados<\/strong> [por la administraci\u00f3n actual], algo que se complica en per\u00edodos electorales, sobre todo cuando son elecciones presidenciales\u201d.<\/p>\n<p class=\"com-paragraph --s\">Por su parte, Fernando Camusso, director de Rafaela Capital, proyect\u00f3 que<strong> el d\u00f3lar mayorista oscilar\u00e1 entre $1620 y $1680 en diciembre<\/strong>, implicando un alza de entre 7% y 11%. Si bien estim\u00f3 un atraso real del 12% desde inicios de 2026, prev\u00e9 una trayectoria gradual matizada con episodios de volatilidad. <\/p>\n<p class=\"com-paragraph --s\">\u201cLa acumulaci\u00f3n de reservas juega un papel central y tiene un efecto doble. En el corto plazo, las compras del BCRA agregan demanda al mercado y pueden permitir que el tipo de cambio avance gradualmente. Pero, al mismo tiempo, fortalecer las reservas mejora la capacidad de respuesta del Banco Central, reduce el riesgo de un salto desordenado y ayuda a anclar expectativas\u201d, determin\u00f3.<\/p>\n<div class=\"content-media\">\n<section role=\"button\" class=\"mod-media   \">\n<figure role=\"button\" tabindex=\"0\" class=\"mod-figure \"><figcaption class=\"mod-figcaption\"><span class=\"com-text --caption --twoxs\">Las expectativas sobre las elecciones presidenciales de 2027 tambi\u00e9n pueden generar presi\u00f3n sobre la cotizaci\u00f3n del d\u00f3lar<\/span><span class=\"com-text --credit --twoxs\">Mart\u00edn Zabala &#8211; XinHua<\/span><\/figcaption><\/figure>\n<\/section>\n<\/div>\n<p class=\"com-paragraph --s\">Camusso evalu\u00f3 tambi\u00e9n que <strong>el BCRA sostiene una pol\u00edtica monetaria restrictiva para contener las presiones sobre el tipo de cambio oficial<\/strong>, aunque advirti\u00f3 que esto <strong>genera tensiones frente a la falta de remonetizaci\u00f3n de la econom\u00eda<\/strong>, un problema agravado por la contracci\u00f3n de los sectores que generan pesos reales. \u201c<strong>La clave ser\u00e1 que esa compra de d\u00f3lares sea consistente con la oferta genuina de divisas y que los pesos emitidos no generen un exceso de liquidez<\/strong>\u201d, puntualiz\u00f3, tras calificar como \u201cescasos\u201d los US$14.000 millones adquiridos por la autoridad monetaria hasta el momento. <\/p>\n<p class=\"com-paragraph --s\">Por \u00faltimo, concluy\u00f3 que las principales variables a monitorear ser\u00e1n la evoluci\u00f3n de las tasas reales en pesos, la liquidez monetaria, la oferta agroexportadora, la demanda de los importadores, el resultado fiscal y los cambios en las expectativas pol\u00edticas y financieras.<\/p>\n<section class=\"container-center-100 mb-40 border border-bottom border-thin border-neutral-light-700\">\n<hr\/>\n<\/section>\n<\/div>\n<p><script id=\"facebookpixel\" defer=\"\" type=\"text\/javascript\">\n        !function(f,b,e,v,n,t,s)\n        {if(f.fbq)return;n=f.fbq=function(){n.callMethod?\n        n.callMethod.apply(n,arguments):n.queue.push(arguments)};\n        if(!f._fbq)f._fbq=n;n.push=n;n.loaded=!0;n.version='2.0';\n        n.queue=[];t=b.createElement(e);t.async=!0;\n        t.src=v;s=b.getElementsByTagName(e)[0];\n        s.parentNode.insertBefore(t,s)}(window, document,'script',\n        'https:\/\/connect.facebook.net\/en_US\/fbevents.js');\n        fbq('init', '492459597522335');\n        fbq('track', 'PageView');\n    <\/script><\/p>\n","protected":false},"excerpt":{"rendered":"<p>En la primera rueda de septiembre, el d\u00f3lar oficial present\u00f3 una leve suba: el tipo de cambio minorista se ubic\u00f3 en los $1535, su valor nominal m\u00e1s alto del a\u00f1o \u2014el cual toc\u00f3 a fines de agosto\u2014, mientras que el mayorista se consolid\u00f3 por encima de los $1510 al alcanzar los $1513. De cara a [&hellip;]<\/p>\n","protected":false},"author":1,"featured_media":210171,"comment_status":"closed","ping_status":"closed","sticky":false,"template":"","format":"standard","meta":{"footnotes":""},"categories":[28],"tags":[],"class_list":["post-210170","post","type-post","status-publish","format-standard","has-post-thumbnail","hentry","category-economia"],"yoast_head":"<!-- This site is optimized with the Yoast SEO plugin v24.4 - https:\/\/yoast.com\/wordpress\/plugins\/seo\/ -->\n<title>A cu\u00e1nto puede llegar el d\u00f3lar hacia fin de a\u00f1o: los pron\u00f3sticos de los especialistas y qu\u00e9 variables hay que mirar - GYS NOTICIAS |<\/title>\n<meta name=\"robots\" content=\"index, follow, max-snippet:-1, max-image-preview:large, max-video-preview:-1\" \/>\n<link rel=\"canonical\" href=\"https:\/\/gysfm.com.ar\/inicio\/a-cuanto-puede-llegar-el-dolar-hacia-fin-de-ano-los-pronosticos-de-los-especialistas-y-que-variables-hay-que-mirar\/\" \/>\n<meta property=\"og:locale\" content=\"es_ES\" \/>\n<meta property=\"og:type\" content=\"article\" \/>\n<meta property=\"og:title\" content=\"A cu\u00e1nto puede llegar el d\u00f3lar hacia fin de a\u00f1o: los pron\u00f3sticos de los especialistas y qu\u00e9 variables hay que mirar - GYS NOTICIAS |\" \/>\n<meta property=\"og:description\" content=\"En la primera rueda de septiembre, el d\u00f3lar oficial present\u00f3 una leve suba: el tipo de cambio minorista se ubic\u00f3 en los $1535, su valor nominal m\u00e1s alto del a\u00f1o \u2014el cual toc\u00f3 a fines de agosto\u2014, mientras que el mayorista se consolid\u00f3 por encima de los $1510 al alcanzar los $1513. De cara a [&hellip;]\" \/>\n<meta property=\"og:url\" content=\"https:\/\/gysfm.com.ar\/inicio\/a-cuanto-puede-llegar-el-dolar-hacia-fin-de-ano-los-pronosticos-de-los-especialistas-y-que-variables-hay-que-mirar\/\" \/>\n<meta property=\"og:site_name\" content=\"GYS NOTICIAS |\" \/>\n<meta property=\"article:published_time\" content=\"2026-09-02T13:56:08+00:00\" \/>\n<meta property=\"article:modified_time\" content=\"2026-09-02T13:56:09+00:00\" \/>\n<meta property=\"og:image\" content=\"https:\/\/gysfm.com.ar\/inicio\/wp-content\/uploads\/2026\/09\/el-mercado-anticipa-que-el-dolar-mantendra-una-HFBPAAHW75HW3C54N7H35VC53Y.jpg\" \/>\n\t<meta property=\"og:image:width\" content=\"1200\" \/>\n\t<meta property=\"og:image:height\" content=\"800\" \/>\n\t<meta property=\"og:image:type\" content=\"image\/jpeg\" \/>\n<meta name=\"author\" content=\"admin\" \/>\n<meta name=\"twitter:card\" content=\"summary_large_image\" \/>\n<meta name=\"twitter:label1\" content=\"Escrito por\" \/>\n\t<meta name=\"twitter:data1\" content=\"admin\" \/>\n\t<meta name=\"twitter:label2\" content=\"Tiempo de lectura\" \/>\n\t<meta name=\"twitter:data2\" content=\"4 minutos\" \/>\n<script type=\"application\/ld+json\" class=\"yoast-schema-graph\">{\"@context\":\"https:\/\/schema.org\",\"@graph\":[{\"@type\":\"Article\",\"@id\":\"https:\/\/gysfm.com.ar\/inicio\/a-cuanto-puede-llegar-el-dolar-hacia-fin-de-ano-los-pronosticos-de-los-especialistas-y-que-variables-hay-que-mirar\/#article\",\"isPartOf\":{\"@id\":\"https:\/\/gysfm.com.ar\/inicio\/a-cuanto-puede-llegar-el-dolar-hacia-fin-de-ano-los-pronosticos-de-los-especialistas-y-que-variables-hay-que-mirar\/\"},\"author\":{\"name\":\"admin\",\"@id\":\"https:\/\/gysfm.com.ar\/inicio\/#\/schema\/person\/5bedd7ecd35cc35548d89effafa23696\"},\"headline\":\"A cu\u00e1nto puede llegar el d\u00f3lar hacia fin de a\u00f1o: los pron\u00f3sticos de los especialistas y qu\u00e9 variables hay que mirar\",\"datePublished\":\"2026-09-02T13:56:08+00:00\",\"dateModified\":\"2026-09-02T13:56:09+00:00\",\"mainEntityOfPage\":{\"@id\":\"https:\/\/gysfm.com.ar\/inicio\/a-cuanto-puede-llegar-el-dolar-hacia-fin-de-ano-los-pronosticos-de-los-especialistas-y-que-variables-hay-que-mirar\/\"},\"wordCount\":921,\"publisher\":{\"@id\":\"https:\/\/gysfm.com.ar\/inicio\/#organization\"},\"image\":{\"@id\":\"https:\/\/gysfm.com.ar\/inicio\/a-cuanto-puede-llegar-el-dolar-hacia-fin-de-ano-los-pronosticos-de-los-especialistas-y-que-variables-hay-que-mirar\/#primaryimage\"},\"thumbnailUrl\":\"https:\/\/gysfm.com.ar\/inicio\/wp-content\/uploads\/2026\/09\/el-mercado-anticipa-que-el-dolar-mantendra-una-HFBPAAHW75HW3C54N7H35VC53Y.jpg\",\"articleSection\":[\"ECONOMIA\"],\"inLanguage\":\"es\"},{\"@type\":\"WebPage\",\"@id\":\"https:\/\/gysfm.com.ar\/inicio\/a-cuanto-puede-llegar-el-dolar-hacia-fin-de-ano-los-pronosticos-de-los-especialistas-y-que-variables-hay-que-mirar\/\",\"url\":\"https:\/\/gysfm.com.ar\/inicio\/a-cuanto-puede-llegar-el-dolar-hacia-fin-de-ano-los-pronosticos-de-los-especialistas-y-que-variables-hay-que-mirar\/\",\"name\":\"A cu\u00e1nto puede llegar el d\u00f3lar hacia fin de a\u00f1o: los pron\u00f3sticos de los especialistas y qu\u00e9 variables hay que mirar - GYS NOTICIAS |\",\"isPartOf\":{\"@id\":\"https:\/\/gysfm.com.ar\/inicio\/#website\"},\"primaryImageOfPage\":{\"@id\":\"https:\/\/gysfm.com.ar\/inicio\/a-cuanto-puede-llegar-el-dolar-hacia-fin-de-ano-los-pronosticos-de-los-especialistas-y-que-variables-hay-que-mirar\/#primaryimage\"},\"image\":{\"@id\":\"https:\/\/gysfm.com.ar\/inicio\/a-cuanto-puede-llegar-el-dolar-hacia-fin-de-ano-los-pronosticos-de-los-especialistas-y-que-variables-hay-que-mirar\/#primaryimage\"},\"thumbnailUrl\":\"https:\/\/gysfm.com.ar\/inicio\/wp-content\/uploads\/2026\/09\/el-mercado-anticipa-que-el-dolar-mantendra-una-HFBPAAHW75HW3C54N7H35VC53Y.jpg\",\"datePublished\":\"2026-09-02T13:56:08+00:00\",\"dateModified\":\"2026-09-02T13:56:09+00:00\",\"breadcrumb\":{\"@id\":\"https:\/\/gysfm.com.ar\/inicio\/a-cuanto-puede-llegar-el-dolar-hacia-fin-de-ano-los-pronosticos-de-los-especialistas-y-que-variables-hay-que-mirar\/#breadcrumb\"},\"inLanguage\":\"es\",\"potentialAction\":[{\"@type\":\"ReadAction\",\"target\":[\"https:\/\/gysfm.com.ar\/inicio\/a-cuanto-puede-llegar-el-dolar-hacia-fin-de-ano-los-pronosticos-de-los-especialistas-y-que-variables-hay-que-mirar\/\"]}]},{\"@type\":\"ImageObject\",\"inLanguage\":\"es\",\"@id\":\"https:\/\/gysfm.com.ar\/inicio\/a-cuanto-puede-llegar-el-dolar-hacia-fin-de-ano-los-pronosticos-de-los-especialistas-y-que-variables-hay-que-mirar\/#primaryimage\",\"url\":\"https:\/\/gysfm.com.ar\/inicio\/wp-content\/uploads\/2026\/09\/el-mercado-anticipa-que-el-dolar-mantendra-una-HFBPAAHW75HW3C54N7H35VC53Y.jpg\",\"contentUrl\":\"https:\/\/gysfm.com.ar\/inicio\/wp-content\/uploads\/2026\/09\/el-mercado-anticipa-que-el-dolar-mantendra-una-HFBPAAHW75HW3C54N7H35VC53Y.jpg\",\"width\":1200,\"height\":800},{\"@type\":\"BreadcrumbList\",\"@id\":\"https:\/\/gysfm.com.ar\/inicio\/a-cuanto-puede-llegar-el-dolar-hacia-fin-de-ano-los-pronosticos-de-los-especialistas-y-que-variables-hay-que-mirar\/#breadcrumb\",\"itemListElement\":[{\"@type\":\"ListItem\",\"position\":1,\"name\":\"Portada\",\"item\":\"https:\/\/gysfm.com.ar\/inicio\/\"},{\"@type\":\"ListItem\",\"position\":2,\"name\":\"A cu\u00e1nto puede llegar el d\u00f3lar hacia fin de a\u00f1o: los pron\u00f3sticos de los especialistas y qu\u00e9 variables hay que mirar\"}]},{\"@type\":\"WebSite\",\"@id\":\"https:\/\/gysfm.com.ar\/inicio\/#website\",\"url\":\"https:\/\/gysfm.com.ar\/inicio\/\",\"name\":\"GYS NOTICIAS |\",\"description\":\"DIARIO - RADIO ONLINE SAN JUAN ARGENTINA\",\"publisher\":{\"@id\":\"https:\/\/gysfm.com.ar\/inicio\/#organization\"},\"potentialAction\":[{\"@type\":\"SearchAction\",\"target\":{\"@type\":\"EntryPoint\",\"urlTemplate\":\"https:\/\/gysfm.com.ar\/inicio\/?s={search_term_string}\"},\"query-input\":{\"@type\":\"PropertyValueSpecification\",\"valueRequired\":true,\"valueName\":\"search_term_string\"}}],\"inLanguage\":\"es\"},{\"@type\":\"Organization\",\"@id\":\"https:\/\/gysfm.com.ar\/inicio\/#organization\",\"name\":\"GYS NOTICIAS |\",\"url\":\"https:\/\/gysfm.com.ar\/inicio\/\",\"logo\":{\"@type\":\"ImageObject\",\"inLanguage\":\"es\",\"@id\":\"https:\/\/gysfm.com.ar\/inicio\/#\/schema\/logo\/image\/\",\"url\":\"https:\/\/gysfm.com.ar\/inicio\/wp-content\/uploads\/2023\/07\/LOGOGYS-OK.png\",\"contentUrl\":\"https:\/\/gysfm.com.ar\/inicio\/wp-content\/uploads\/2023\/07\/LOGOGYS-OK.png\",\"width\":1170,\"height\":872,\"caption\":\"GYS NOTICIAS |\"},\"image\":{\"@id\":\"https:\/\/gysfm.com.ar\/inicio\/#\/schema\/logo\/image\/\"}},{\"@type\":\"Person\",\"@id\":\"https:\/\/gysfm.com.ar\/inicio\/#\/schema\/person\/5bedd7ecd35cc35548d89effafa23696\",\"name\":\"admin\",\"image\":{\"@type\":\"ImageObject\",\"inLanguage\":\"es\",\"@id\":\"https:\/\/gysfm.com.ar\/inicio\/#\/schema\/person\/image\/\",\"url\":\"https:\/\/secure.gravatar.com\/avatar\/c331d312b5243fb64d5ba28108a447b27c925295129a363082c9ea52c28d32c2?s=96&d=mm&r=g\",\"contentUrl\":\"https:\/\/secure.gravatar.com\/avatar\/c331d312b5243fb64d5ba28108a447b27c925295129a363082c9ea52c28d32c2?s=96&d=mm&r=g\",\"caption\":\"admin\"},\"sameAs\":[\"https:\/\/gysfm.com.ar\/inicio\"],\"url\":\"https:\/\/gysfm.com.ar\/inicio\/author\/admin\/\"}]}<\/script>\n<!-- \/ Yoast SEO plugin. -->","yoast_head_json":{"title":"A cu\u00e1nto puede llegar el d\u00f3lar hacia fin de a\u00f1o: los pron\u00f3sticos de los especialistas y qu\u00e9 variables hay que mirar - GYS NOTICIAS |","robots":{"index":"index","follow":"follow","max-snippet":"max-snippet:-1","max-image-preview":"max-image-preview:large","max-video-preview":"max-video-preview:-1"},"canonical":"https:\/\/gysfm.com.ar\/inicio\/a-cuanto-puede-llegar-el-dolar-hacia-fin-de-ano-los-pronosticos-de-los-especialistas-y-que-variables-hay-que-mirar\/","og_locale":"es_ES","og_type":"article","og_title":"A cu\u00e1nto puede llegar el d\u00f3lar hacia fin de a\u00f1o: los pron\u00f3sticos de los especialistas y qu\u00e9 variables hay que mirar - GYS NOTICIAS |","og_description":"En la primera rueda de septiembre, el d\u00f3lar oficial present\u00f3 una leve suba: el tipo de cambio minorista se ubic\u00f3 en los $1535, su valor nominal m\u00e1s alto del a\u00f1o \u2014el cual toc\u00f3 a fines de agosto\u2014, mientras que el mayorista se consolid\u00f3 por encima de los $1510 al alcanzar los $1513. De cara a [&hellip;]","og_url":"https:\/\/gysfm.com.ar\/inicio\/a-cuanto-puede-llegar-el-dolar-hacia-fin-de-ano-los-pronosticos-de-los-especialistas-y-que-variables-hay-que-mirar\/","og_site_name":"GYS NOTICIAS |","article_published_time":"2026-09-02T13:56:08+00:00","article_modified_time":"2026-09-02T13:56:09+00:00","og_image":[{"width":1200,"height":800,"url":"https:\/\/gysfm.com.ar\/inicio\/wp-content\/uploads\/2026\/09\/el-mercado-anticipa-que-el-dolar-mantendra-una-HFBPAAHW75HW3C54N7H35VC53Y.jpg","type":"image\/jpeg"}],"author":"admin","twitter_card":"summary_large_image","twitter_misc":{"Escrito por":"admin","Tiempo de lectura":"4 minutos"},"schema":{"@context":"https:\/\/schema.org","@graph":[{"@type":"Article","@id":"https:\/\/gysfm.com.ar\/inicio\/a-cuanto-puede-llegar-el-dolar-hacia-fin-de-ano-los-pronosticos-de-los-especialistas-y-que-variables-hay-que-mirar\/#article","isPartOf":{"@id":"https:\/\/gysfm.com.ar\/inicio\/a-cuanto-puede-llegar-el-dolar-hacia-fin-de-ano-los-pronosticos-de-los-especialistas-y-que-variables-hay-que-mirar\/"},"author":{"name":"admin","@id":"https:\/\/gysfm.com.ar\/inicio\/#\/schema\/person\/5bedd7ecd35cc35548d89effafa23696"},"headline":"A cu\u00e1nto puede llegar el d\u00f3lar hacia fin de a\u00f1o: los pron\u00f3sticos de los especialistas y qu\u00e9 variables hay que mirar","datePublished":"2026-09-02T13:56:08+00:00","dateModified":"2026-09-02T13:56:09+00:00","mainEntityOfPage":{"@id":"https:\/\/gysfm.com.ar\/inicio\/a-cuanto-puede-llegar-el-dolar-hacia-fin-de-ano-los-pronosticos-de-los-especialistas-y-que-variables-hay-que-mirar\/"},"wordCount":921,"publisher":{"@id":"https:\/\/gysfm.com.ar\/inicio\/#organization"},"image":{"@id":"https:\/\/gysfm.com.ar\/inicio\/a-cuanto-puede-llegar-el-dolar-hacia-fin-de-ano-los-pronosticos-de-los-especialistas-y-que-variables-hay-que-mirar\/#primaryimage"},"thumbnailUrl":"https:\/\/gysfm.com.ar\/inicio\/wp-content\/uploads\/2026\/09\/el-mercado-anticipa-que-el-dolar-mantendra-una-HFBPAAHW75HW3C54N7H35VC53Y.jpg","articleSection":["ECONOMIA"],"inLanguage":"es"},{"@type":"WebPage","@id":"https:\/\/gysfm.com.ar\/inicio\/a-cuanto-puede-llegar-el-dolar-hacia-fin-de-ano-los-pronosticos-de-los-especialistas-y-que-variables-hay-que-mirar\/","url":"https:\/\/gysfm.com.ar\/inicio\/a-cuanto-puede-llegar-el-dolar-hacia-fin-de-ano-los-pronosticos-de-los-especialistas-y-que-variables-hay-que-mirar\/","name":"A cu\u00e1nto puede llegar el d\u00f3lar hacia fin de a\u00f1o: los pron\u00f3sticos de los especialistas y qu\u00e9 variables hay que mirar - GYS NOTICIAS |","isPartOf":{"@id":"https:\/\/gysfm.com.ar\/inicio\/#website"},"primaryImageOfPage":{"@id":"https:\/\/gysfm.com.ar\/inicio\/a-cuanto-puede-llegar-el-dolar-hacia-fin-de-ano-los-pronosticos-de-los-especialistas-y-que-variables-hay-que-mirar\/#primaryimage"},"image":{"@id":"https:\/\/gysfm.com.ar\/inicio\/a-cuanto-puede-llegar-el-dolar-hacia-fin-de-ano-los-pronosticos-de-los-especialistas-y-que-variables-hay-que-mirar\/#primaryimage"},"thumbnailUrl":"https:\/\/gysfm.com.ar\/inicio\/wp-content\/uploads\/2026\/09\/el-mercado-anticipa-que-el-dolar-mantendra-una-HFBPAAHW75HW3C54N7H35VC53Y.jpg","datePublished":"2026-09-02T13:56:08+00:00","dateModified":"2026-09-02T13:56:09+00:00","breadcrumb":{"@id":"https:\/\/gysfm.com.ar\/inicio\/a-cuanto-puede-llegar-el-dolar-hacia-fin-de-ano-los-pronosticos-de-los-especialistas-y-que-variables-hay-que-mirar\/#breadcrumb"},"inLanguage":"es","potentialAction":[{"@type":"ReadAction","target":["https:\/\/gysfm.com.ar\/inicio\/a-cuanto-puede-llegar-el-dolar-hacia-fin-de-ano-los-pronosticos-de-los-especialistas-y-que-variables-hay-que-mirar\/"]}]},{"@type":"ImageObject","inLanguage":"es","@id":"https:\/\/gysfm.com.ar\/inicio\/a-cuanto-puede-llegar-el-dolar-hacia-fin-de-ano-los-pronosticos-de-los-especialistas-y-que-variables-hay-que-mirar\/#primaryimage","url":"https:\/\/gysfm.com.ar\/inicio\/wp-content\/uploads\/2026\/09\/el-mercado-anticipa-que-el-dolar-mantendra-una-HFBPAAHW75HW3C54N7H35VC53Y.jpg","contentUrl":"https:\/\/gysfm.com.ar\/inicio\/wp-content\/uploads\/2026\/09\/el-mercado-anticipa-que-el-dolar-mantendra-una-HFBPAAHW75HW3C54N7H35VC53Y.jpg","width":1200,"height":800},{"@type":"BreadcrumbList","@id":"https:\/\/gysfm.com.ar\/inicio\/a-cuanto-puede-llegar-el-dolar-hacia-fin-de-ano-los-pronosticos-de-los-especialistas-y-que-variables-hay-que-mirar\/#breadcrumb","itemListElement":[{"@type":"ListItem","position":1,"name":"Portada","item":"https:\/\/gysfm.com.ar\/inicio\/"},{"@type":"ListItem","position":2,"name":"A cu\u00e1nto puede llegar el d\u00f3lar hacia fin de a\u00f1o: los pron\u00f3sticos de los especialistas y qu\u00e9 variables hay que mirar"}]},{"@type":"WebSite","@id":"https:\/\/gysfm.com.ar\/inicio\/#website","url":"https:\/\/gysfm.com.ar\/inicio\/","name":"GYS NOTICIAS |","description":"DIARIO - RADIO ONLINE SAN JUAN ARGENTINA","publisher":{"@id":"https:\/\/gysfm.com.ar\/inicio\/#organization"},"potentialAction":[{"@type":"SearchAction","target":{"@type":"EntryPoint","urlTemplate":"https:\/\/gysfm.com.ar\/inicio\/?s={search_term_string}"},"query-input":{"@type":"PropertyValueSpecification","valueRequired":true,"valueName":"search_term_string"}}],"inLanguage":"es"},{"@type":"Organization","@id":"https:\/\/gysfm.com.ar\/inicio\/#organization","name":"GYS NOTICIAS |","url":"https:\/\/gysfm.com.ar\/inicio\/","logo":{"@type":"ImageObject","inLanguage":"es","@id":"https:\/\/gysfm.com.ar\/inicio\/#\/schema\/logo\/image\/","url":"https:\/\/gysfm.com.ar\/inicio\/wp-content\/uploads\/2023\/07\/LOGOGYS-OK.png","contentUrl":"https:\/\/gysfm.com.ar\/inicio\/wp-content\/uploads\/2023\/07\/LOGOGYS-OK.png","width":1170,"height":872,"caption":"GYS NOTICIAS |"},"image":{"@id":"https:\/\/gysfm.com.ar\/inicio\/#\/schema\/logo\/image\/"}},{"@type":"Person","@id":"https:\/\/gysfm.com.ar\/inicio\/#\/schema\/person\/5bedd7ecd35cc35548d89effafa23696","name":"admin","image":{"@type":"ImageObject","inLanguage":"es","@id":"https:\/\/gysfm.com.ar\/inicio\/#\/schema\/person\/image\/","url":"https:\/\/secure.gravatar.com\/avatar\/c331d312b5243fb64d5ba28108a447b27c925295129a363082c9ea52c28d32c2?s=96&d=mm&r=g","contentUrl":"https:\/\/secure.gravatar.com\/avatar\/c331d312b5243fb64d5ba28108a447b27c925295129a363082c9ea52c28d32c2?s=96&d=mm&r=g","caption":"admin"},"sameAs":["https:\/\/gysfm.com.ar\/inicio"],"url":"https:\/\/gysfm.com.ar\/inicio\/author\/admin\/"}]}},"_links":{"self":[{"href":"https:\/\/gysfm.com.ar\/inicio\/wp-json\/wp\/v2\/posts\/210170","targetHints":{"allow":["GET"]}}],"collection":[{"href":"https:\/\/gysfm.com.ar\/inicio\/wp-json\/wp\/v2\/posts"}],"about":[{"href":"https:\/\/gysfm.com.ar\/inicio\/wp-json\/wp\/v2\/types\/post"}],"author":[{"embeddable":true,"href":"https:\/\/gysfm.com.ar\/inicio\/wp-json\/wp\/v2\/users\/1"}],"replies":[{"embeddable":true,"href":"https:\/\/gysfm.com.ar\/inicio\/wp-json\/wp\/v2\/comments?post=210170"}],"version-history":[{"count":1,"href":"https:\/\/gysfm.com.ar\/inicio\/wp-json\/wp\/v2\/posts\/210170\/revisions"}],"predecessor-version":[{"id":210172,"href":"https:\/\/gysfm.com.ar\/inicio\/wp-json\/wp\/v2\/posts\/210170\/revisions\/210172"}],"wp:featuredmedia":[{"embeddable":true,"href":"https:\/\/gysfm.com.ar\/inicio\/wp-json\/wp\/v2\/media\/210171"}],"wp:attachment":[{"href":"https:\/\/gysfm.com.ar\/inicio\/wp-json\/wp\/v2\/media?parent=210170"}],"wp:term":[{"taxonomy":"category","embeddable":true,"href":"https:\/\/gysfm.com.ar\/inicio\/wp-json\/wp\/v2\/categories?post=210170"},{"taxonomy":"post_tag","embeddable":true,"href":"https:\/\/gysfm.com.ar\/inicio\/wp-json\/wp\/v2\/tags?post=210170"}],"curies":[{"name":"wp","href":"https:\/\/api.w.org\/{rel}","templated":true}]}}