{"id":210167,"date":"2026-09-02T10:54:15","date_gmt":"2026-09-02T13:54:15","guid":{"rendered":"https:\/\/gysfm.com.ar\/inicio\/shein-debuto-en-la-bolsa-de-hong-kong-y-su-valor-se-desplomo-frente-a-su-pico-de-2022\/"},"modified":"2026-09-02T10:54:16","modified_gmt":"2026-09-02T13:54:16","slug":"shein-debuto-en-la-bolsa-de-hong-kong-y-su-valor-se-desplomo-frente-a-su-pico-de-2022","status":"publish","type":"post","link":"https:\/\/gysfm.com.ar\/inicio\/shein-debuto-en-la-bolsa-de-hong-kong-y-su-valor-se-desplomo-frente-a-su-pico-de-2022\/","title":{"rendered":"Shein debut\u00f3 en la Bolsa de Hong Kong y su valor se desplom\u00f3 frente a su pico de 2022"},"content":{"rendered":"<p> <br \/>\n<\/p>\n<div>\n<p class=\"com-paragraph --capital --s\">HONG KONG.<strong>\u2013<\/strong> Despu\u00e9s de a\u00f1os de intentos frustrados, cambios de planes y un creciente escrutinio regulatorio en varios de sus principales mercados, <strong>Shein finalmente sali\u00f3 a bolsa este martes en Hong Kong. <\/strong> <\/p>\n<p class=\"com-paragraph --s\">Pero el esperado debut del<a href=\"https:\/\/www.lanacion.com.ar\/el-mundo\/shein-fue-la-gran-novedad-de-la-moda-rapida-pero-perdio-impulso-y-esta-rodeada-de-incertidumbres-nid24082026\/\" target=\"_self\" title=\"https:\/\/www.lanacion.com.ar\/el-mundo\/shein-fue-la-gran-novedad-de-la-moda-rapida-pero-perdio-impulso-y-esta-rodeada-de-incertidumbres-nid24082026\/\" class=\"com-link break-word\" data-mrf-recirculation=\"n_link_parrafo\"> gigante de la moda ultrarr\u00e1pida<\/a> estuvo lejos de despertar el entusiasmo que alguna vez rode\u00f3 a una de las empresas de comercio electr\u00f3nico de mayor crecimiento del mundo. Sus acciones llegaron a caer un 10% durante la primera jornada, antes de recuperar casi todo el terreno perdido.<\/p>\n<div class=\"content-media\">\n<section role=\"button\" class=\"mod-media   \">\n<figure role=\"button\" tabindex=\"0\" class=\"mod-figure \"><figcaption class=\"mod-figcaption\"><span class=\"com-text --caption --twoxs\">Poppy Bao (izquierda), vicepresidenta s\u00e9nior del departamento de inversiones de Shein, y Leigh Gui (derecha), director financiero de Shein, asisten a la ceremonia de salida a bolsa de Shein Global Holdings Limited en la Bolsa de Valores de Hong Kong el 1 de septiembre de 2026.<\/span><span class=\"com-text --credit --twoxs\">LEUNG MAN HEI &#8211; AFP<\/span><\/figcaption><\/figure>\n<\/section>\n<\/div>\n<p class=\"com-paragraph --s\">La compa\u00f1\u00eda, fundada en China y actualmente con sede en Singapur, <strong>recaud\u00f3 unos US$1700 millones mediante la venta de 280 millones de acciones<\/strong>, a un precio de 48,56 d\u00f3lares de Hong Kong cada una. Los papeles llegaron a caer hasta los 43,80 d\u00f3lares de Hong Kong durante las primeras operaciones, pero terminaron la sesi\u00f3n en 48,50, apenas por debajo del precio de colocaci\u00f3n. La oferta fue una de las mayores realizadas este a\u00f1o en la plaza financiera asi\u00e1tica.<\/p>\n<p class=\"com-paragraph --s\">El dato m\u00e1s contundente, sin embargo, estuvo en la valuaci\u00f3n. El debut dej\u00f3 a <strong>Shein con un valor de mercado de aproximadamente US$26.300 millones<\/strong>, muy lejos de los casi US$100.000 millones que hab\u00eda alcanzado en una ronda privada de financiaci\u00f3n en 2022. La compa\u00f1\u00eda perdi\u00f3 as\u00ed cerca de tres cuartas partes de aquella valuaci\u00f3n en apenas cuatro a\u00f1os, una se\u00f1al del profundo cambio en las expectativas de los inversores sobre su negocio.<\/p>\n<p class=\"com-paragraph --s\">La llegada a Hong Kong cerr\u00f3 adem\u00e1s una <strong>larga b\u00fasqueda de una plaza donde cotizar<\/strong>. Shein hab\u00eda explorado una salida a bolsa en Nueva York en 2023 y posteriormente traslad\u00f3 sus planes a Londres, en 2024, pero ambos proyectos chocaron con obst\u00e1culos regulatorios. La empresa, que hab\u00eda trasladado su sede de China a Singapur alrededor de 2021, termin\u00f3 por volver a poner el foco sobre sus ra\u00edces y su enorme red de proveedores chinos y recibi\u00f3 en julio la aprobaci\u00f3n de Pek\u00edn para avanzar con la operaci\u00f3n en Hong Kong.<\/p>\n<div class=\"content-media\">\n<section role=\"button\" class=\"mod-media   \">\n<figure role=\"button\" tabindex=\"0\" class=\"mod-figure \"><figcaption class=\"mod-figcaption\"><span class=\"com-text --caption --twoxs\">El lugar donde se celebr\u00f3 la ceremonia de salida a bolsa de Shein Global Holdings Limited (IPO) fue la Bolsa de Valores de Hong Kong el 1 de septiembre de 2026<\/span><span class=\"com-text --credit --twoxs\">LEUNG MAN HEI &#8211; AFP<\/span><\/figcaption><\/figure>\n<\/section>\n<\/div>\n<p class=\"com-paragraph --s\">\u201cLa salida a bolsa de Shein en Hong Kong marca un nuevo punto de partida\u201d, dijo el director financiero de la empresa, <strong>Leigh Gui<\/strong>, durante la ceremonia. Su fundador y CEO, <strong>Sky Xu<\/strong>, conocido por mantener un perfil extremadamente bajo, estuvo presente, pero no pronunci\u00f3 un discurso ni encabez\u00f3 el tradicional toque de gong que marca el estreno burs\u00e1til.<\/p>\n<p class=\"com-paragraph --s\">La recepci\u00f3n de los inversores ya hab\u00eda dado se\u00f1ales de cautela antes del debut. La parte de la oferta destinada al p\u00fablico de Hong Kong recibi\u00f3 pedidos equivalentes a <strong>5,63 veces las acciones disponibles<\/strong>, mientras que el tramo internacional fue cubierto 2,59 veces. Se trat\u00f3 de niveles modestos frente a otras grandes salidas a bolsa recientes vinculadas, por ejemplo, con inteligencia artificial y rob\u00f3tica, algunas de las cuales recibieron una demanda cientos de veces superior a la cantidad de acciones ofrecidas.<\/p>\n<p class=\"com-paragraph --s\">Detr\u00e1s de esa cautela aparece una transformaci\u00f3n del escenario que permiti\u00f3 a Shein expandirse a una velocidad extraordinaria durante la \u00faltima d\u00e9cada. <\/p>\n<p class=\"com-paragraph --s\">Su modelo se apoya en <strong>prendas extremadamente baratas, peque\u00f1os lotes de producci\u00f3n y una cadena de suministro china capaz de reaccionar r\u00e1pidamente a los cambios en la demanda<\/strong>, junto con env\u00edos directos a consumidores de decenas de pa\u00edses. Ese sistema convirti\u00f3 a la compa\u00f1\u00eda en una referencia mundial de la llamada \u201cultra fast fashion\u201d.<\/p>\n<p class=\"com-paragraph --s\">Pero una de las principales ventajas de ese esquema empez\u00f3 a desaparecer. <strong>Estados Unidos elimin\u00f3 en 2025 la exenci\u00f3n arancelaria \u201cde minimis\u201d<\/strong> para peque\u00f1os paquetes que hab\u00eda facilitado durante a\u00f1os el ingreso de productos baratos vendidos directamente desde China.<\/p>\n<div class=\"content-media\">\n<section role=\"button\" class=\"mod-media   \">\n<figure role=\"button\" tabindex=\"0\" class=\"mod-figure \"><figcaption class=\"mod-figcaption\"><span class=\"com-text --caption --twoxs\">Leigh Gui, director financiero de Shein, pronuncia un discurso durante la ceremonia de salida a bolsa de la compa\u00f1\u00eda en la Bolsa de Valores de Hong Kong el 1 de septiembre de 2026.<\/span><span class=\"com-text --credit --twoxs\">LEUNG MAN HEI &#8211; AFP<\/span><\/figcaption><\/figure>\n<\/section>\n<\/div>\n<p class=\"com-paragraph --s\">Adem\u00e1s, la Uni\u00f3n Europea avanz\u00f3 despu\u00e9s en una direcci\u00f3n similar y desde julio aplica una tasa de tres euros sobre categor\u00edas de productos incluidas en paquetes de bajo valor. Los mayores costos aduaneros y log\u00edsticos obligaron a Shein a elevar algunos precios y pusieron presi\u00f3n sobre uno de los pilares de su \u00e9xito: vender ropa a valores dif\u00edciles de igualar para sus competidores tradicionales.<\/p>\n<p class=\"com-paragraph --s\">El deterioro ya comenz\u00f3 a reflejarse en los n\u00fameros. Shein registr\u00f3 <strong>US$41.800 millones en ingresos durante 2025<\/strong> y una ganancia neta cercana a US$2100 millones, pero en los primeros tres meses de este a\u00f1o sufri\u00f3 una p\u00e9rdida neta de <strong>US$99 millones<\/strong>, frente a una ganancia de US$395 millones en el mismo per\u00edodo de 2025. La empresa tambi\u00e9n anticip\u00f3 presiones sobre sus m\u00e1rgenes por aranceles, tasas aduaneras y mayores costos log\u00edsticos.<\/p>\n<p class=\"com-paragraph --s\">A eso se suma el <strong>escrutinio regulatorio<\/strong>. La Comisi\u00f3n Europea investiga, entre otros aspectos, el manejo de productos ilegales en la plataforma, el dise\u00f1o potencialmente adictivo de su aplicaci\u00f3n y la transparencia de sus sistemas de recomendaci\u00f3n. La Comisi\u00f3n Federal de Comercio de Estados Unidos (FTC) tambi\u00e9n mantiene abierta una investigaci\u00f3n de protecci\u00f3n al consumidor, mientras que Shein ya recibi\u00f3 sanciones en Francia por supuestos descuentos enga\u00f1osos y en Italia por acusaciones de greenwashing (una pr\u00e1ctica de marketing enga\u00f1osa en la que una empresa se presenta como respetuosa con el medio ambiente y sostenible sin serlo realmente). La empresa asegura que coopera con las autoridades.<\/p>\n<p class=\"com-paragraph --s\"><strong>Agencias AP, Reuters y diario <\/strong><em><strong>The Washington Post<\/strong><\/em><\/p>\n<section class=\"container-center-100 mb-40 border border-bottom border-thin border-neutral-light-700\">\n<hr\/>\n<\/section>\n<\/div>\n<p><script id=\"facebookpixel\" defer=\"\" type=\"text\/javascript\">\n        !function(f,b,e,v,n,t,s)\n        {if(f.fbq)return;n=f.fbq=function(){n.callMethod?\n        n.callMethod.apply(n,arguments):n.queue.push(arguments)};\n        if(!f._fbq)f._fbq=n;n.push=n;n.loaded=!0;n.version='2.0';\n        n.queue=[];t=b.createElement(e);t.async=!0;\n        t.src=v;s=b.getElementsByTagName(e)[0];\n        s.parentNode.insertBefore(t,s)}(window, document,'script',\n        'https:\/\/connect.facebook.net\/en_US\/fbevents.js');\n        fbq('init', '492459597522335');\n        fbq('track', 'PageView');\n    <\/script><br \/>\n<br \/><\/p>\n","protected":false},"excerpt":{"rendered":"<p>HONG KONG.\u2013 Despu\u00e9s de a\u00f1os de intentos frustrados, cambios de planes y un creciente escrutinio regulatorio en varios de sus principales mercados, Shein finalmente sali\u00f3 a bolsa este martes en Hong Kong. Pero el esperado debut del gigante de la moda ultrarr\u00e1pida estuvo lejos de despertar el entusiasmo que alguna vez rode\u00f3 a una de [&hellip;]<\/p>\n","protected":false},"author":2,"featured_media":210168,"comment_status":"closed","ping_status":"closed","sticky":false,"template":"","format":"standard","meta":{"footnotes":""},"categories":[26],"tags":[],"class_list":["post-210167","post","type-post","status-publish","format-standard","has-post-thumbnail","hentry","category-internacionales"],"yoast_head":"<!-- This site is optimized with the Yoast SEO plugin v24.4 - https:\/\/yoast.com\/wordpress\/plugins\/seo\/ -->\n<title>Shein debut\u00f3 en la Bolsa de Hong Kong y su valor se desplom\u00f3 frente a su pico de 2022 - GYS NOTICIAS |<\/title>\n<meta name=\"robots\" content=\"index, follow, max-snippet:-1, max-image-preview:large, max-video-preview:-1\" \/>\n<link rel=\"canonical\" href=\"https:\/\/gysfm.com.ar\/inicio\/shein-debuto-en-la-bolsa-de-hong-kong-y-su-valor-se-desplomo-frente-a-su-pico-de-2022\/\" \/>\n<meta property=\"og:locale\" content=\"es_ES\" \/>\n<meta property=\"og:type\" content=\"article\" \/>\n<meta property=\"og:title\" content=\"Shein debut\u00f3 en la Bolsa de Hong Kong y su valor se desplom\u00f3 frente a su pico de 2022 - GYS NOTICIAS |\" \/>\n<meta property=\"og:description\" content=\"HONG KONG.\u2013 Despu\u00e9s de a\u00f1os de intentos frustrados, cambios de planes y un creciente escrutinio regulatorio en varios de sus principales mercados, Shein finalmente sali\u00f3 a bolsa este martes en Hong Kong. Pero el esperado debut del gigante de la moda ultrarr\u00e1pida estuvo lejos de despertar el entusiasmo que alguna vez rode\u00f3 a una de [&hellip;]\" \/>\n<meta property=\"og:url\" content=\"https:\/\/gysfm.com.ar\/inicio\/shein-debuto-en-la-bolsa-de-hong-kong-y-su-valor-se-desplomo-frente-a-su-pico-de-2022\/\" \/>\n<meta property=\"og:site_name\" content=\"GYS NOTICIAS |\" \/>\n<meta property=\"article:published_time\" content=\"2026-09-02T13:54:15+00:00\" \/>\n<meta property=\"article:modified_time\" content=\"2026-09-02T13:54:16+00:00\" \/>\n<meta property=\"og:image\" content=\"https:\/\/gysfm.com.ar\/inicio\/wp-content\/uploads\/2026\/09\/el-logotipo-de-shein-global-holdings-limited-se-OWUPUEXCHRHKHOG7L6TKIBXSZA.JPG\" \/>\n\t<meta property=\"og:image:width\" content=\"1200\" \/>\n\t<meta property=\"og:image:height\" content=\"800\" \/>\n\t<meta property=\"og:image:type\" content=\"image\/jpeg\" \/>\n<meta name=\"author\" content=\"Prensa G&amp;S FM\" \/>\n<meta name=\"twitter:card\" content=\"summary_large_image\" \/>\n<meta name=\"twitter:label1\" content=\"Escrito por\" \/>\n\t<meta name=\"twitter:data1\" content=\"Prensa G&amp;S FM\" \/>\n\t<meta name=\"twitter:label2\" content=\"Tiempo de lectura\" \/>\n\t<meta name=\"twitter:data2\" content=\"5 minutos\" \/>\n<script type=\"application\/ld+json\" class=\"yoast-schema-graph\">{\"@context\":\"https:\/\/schema.org\",\"@graph\":[{\"@type\":\"Article\",\"@id\":\"https:\/\/gysfm.com.ar\/inicio\/shein-debuto-en-la-bolsa-de-hong-kong-y-su-valor-se-desplomo-frente-a-su-pico-de-2022\/#article\",\"isPartOf\":{\"@id\":\"https:\/\/gysfm.com.ar\/inicio\/shein-debuto-en-la-bolsa-de-hong-kong-y-su-valor-se-desplomo-frente-a-su-pico-de-2022\/\"},\"author\":{\"name\":\"Prensa G&amp;S FM\",\"@id\":\"https:\/\/gysfm.com.ar\/inicio\/#\/schema\/person\/3abba7593ef2ad19e1be221d54383dc5\"},\"headline\":\"Shein debut\u00f3 en la Bolsa de Hong Kong y su valor se desplom\u00f3 frente a su pico de 2022\",\"datePublished\":\"2026-09-02T13:54:15+00:00\",\"dateModified\":\"2026-09-02T13:54:16+00:00\",\"mainEntityOfPage\":{\"@id\":\"https:\/\/gysfm.com.ar\/inicio\/shein-debuto-en-la-bolsa-de-hong-kong-y-su-valor-se-desplomo-frente-a-su-pico-de-2022\/\"},\"wordCount\":1026,\"publisher\":{\"@id\":\"https:\/\/gysfm.com.ar\/inicio\/#organization\"},\"image\":{\"@id\":\"https:\/\/gysfm.com.ar\/inicio\/shein-debuto-en-la-bolsa-de-hong-kong-y-su-valor-se-desplomo-frente-a-su-pico-de-2022\/#primaryimage\"},\"thumbnailUrl\":\"https:\/\/gysfm.com.ar\/inicio\/wp-content\/uploads\/2026\/09\/el-logotipo-de-shein-global-holdings-limited-se-OWUPUEXCHRHKHOG7L6TKIBXSZA.JPG\",\"articleSection\":[\"INTERNACIONALES\"],\"inLanguage\":\"es\"},{\"@type\":\"WebPage\",\"@id\":\"https:\/\/gysfm.com.ar\/inicio\/shein-debuto-en-la-bolsa-de-hong-kong-y-su-valor-se-desplomo-frente-a-su-pico-de-2022\/\",\"url\":\"https:\/\/gysfm.com.ar\/inicio\/shein-debuto-en-la-bolsa-de-hong-kong-y-su-valor-se-desplomo-frente-a-su-pico-de-2022\/\",\"name\":\"Shein debut\u00f3 en la Bolsa de Hong Kong y su valor se desplom\u00f3 frente a su pico de 2022 - GYS NOTICIAS |\",\"isPartOf\":{\"@id\":\"https:\/\/gysfm.com.ar\/inicio\/#website\"},\"primaryImageOfPage\":{\"@id\":\"https:\/\/gysfm.com.ar\/inicio\/shein-debuto-en-la-bolsa-de-hong-kong-y-su-valor-se-desplomo-frente-a-su-pico-de-2022\/#primaryimage\"},\"image\":{\"@id\":\"https:\/\/gysfm.com.ar\/inicio\/shein-debuto-en-la-bolsa-de-hong-kong-y-su-valor-se-desplomo-frente-a-su-pico-de-2022\/#primaryimage\"},\"thumbnailUrl\":\"https:\/\/gysfm.com.ar\/inicio\/wp-content\/uploads\/2026\/09\/el-logotipo-de-shein-global-holdings-limited-se-OWUPUEXCHRHKHOG7L6TKIBXSZA.JPG\",\"datePublished\":\"2026-09-02T13:54:15+00:00\",\"dateModified\":\"2026-09-02T13:54:16+00:00\",\"breadcrumb\":{\"@id\":\"https:\/\/gysfm.com.ar\/inicio\/shein-debuto-en-la-bolsa-de-hong-kong-y-su-valor-se-desplomo-frente-a-su-pico-de-2022\/#breadcrumb\"},\"inLanguage\":\"es\",\"potentialAction\":[{\"@type\":\"ReadAction\",\"target\":[\"https:\/\/gysfm.com.ar\/inicio\/shein-debuto-en-la-bolsa-de-hong-kong-y-su-valor-se-desplomo-frente-a-su-pico-de-2022\/\"]}]},{\"@type\":\"ImageObject\",\"inLanguage\":\"es\",\"@id\":\"https:\/\/gysfm.com.ar\/inicio\/shein-debuto-en-la-bolsa-de-hong-kong-y-su-valor-se-desplomo-frente-a-su-pico-de-2022\/#primaryimage\",\"url\":\"https:\/\/gysfm.com.ar\/inicio\/wp-content\/uploads\/2026\/09\/el-logotipo-de-shein-global-holdings-limited-se-OWUPUEXCHRHKHOG7L6TKIBXSZA.JPG\",\"contentUrl\":\"https:\/\/gysfm.com.ar\/inicio\/wp-content\/uploads\/2026\/09\/el-logotipo-de-shein-global-holdings-limited-se-OWUPUEXCHRHKHOG7L6TKIBXSZA.JPG\",\"width\":1200,\"height\":800},{\"@type\":\"BreadcrumbList\",\"@id\":\"https:\/\/gysfm.com.ar\/inicio\/shein-debuto-en-la-bolsa-de-hong-kong-y-su-valor-se-desplomo-frente-a-su-pico-de-2022\/#breadcrumb\",\"itemListElement\":[{\"@type\":\"ListItem\",\"position\":1,\"name\":\"Portada\",\"item\":\"https:\/\/gysfm.com.ar\/inicio\/\"},{\"@type\":\"ListItem\",\"position\":2,\"name\":\"Shein debut\u00f3 en la Bolsa de Hong Kong y su valor se desplom\u00f3 frente a su pico de 2022\"}]},{\"@type\":\"WebSite\",\"@id\":\"https:\/\/gysfm.com.ar\/inicio\/#website\",\"url\":\"https:\/\/gysfm.com.ar\/inicio\/\",\"name\":\"GYS NOTICIAS |\",\"description\":\"DIARIO - RADIO ONLINE SAN JUAN ARGENTINA\",\"publisher\":{\"@id\":\"https:\/\/gysfm.com.ar\/inicio\/#organization\"},\"potentialAction\":[{\"@type\":\"SearchAction\",\"target\":{\"@type\":\"EntryPoint\",\"urlTemplate\":\"https:\/\/gysfm.com.ar\/inicio\/?s={search_term_string}\"},\"query-input\":{\"@type\":\"PropertyValueSpecification\",\"valueRequired\":true,\"valueName\":\"search_term_string\"}}],\"inLanguage\":\"es\"},{\"@type\":\"Organization\",\"@id\":\"https:\/\/gysfm.com.ar\/inicio\/#organization\",\"name\":\"GYS NOTICIAS |\",\"url\":\"https:\/\/gysfm.com.ar\/inicio\/\",\"logo\":{\"@type\":\"ImageObject\",\"inLanguage\":\"es\",\"@id\":\"https:\/\/gysfm.com.ar\/inicio\/#\/schema\/logo\/image\/\",\"url\":\"https:\/\/gysfm.com.ar\/inicio\/wp-content\/uploads\/2023\/07\/LOGOGYS-OK.png\",\"contentUrl\":\"https:\/\/gysfm.com.ar\/inicio\/wp-content\/uploads\/2023\/07\/LOGOGYS-OK.png\",\"width\":1170,\"height\":872,\"caption\":\"GYS NOTICIAS |\"},\"image\":{\"@id\":\"https:\/\/gysfm.com.ar\/inicio\/#\/schema\/logo\/image\/\"}},{\"@type\":\"Person\",\"@id\":\"https:\/\/gysfm.com.ar\/inicio\/#\/schema\/person\/3abba7593ef2ad19e1be221d54383dc5\",\"name\":\"Prensa G&amp;S FM\",\"image\":{\"@type\":\"ImageObject\",\"inLanguage\":\"es\",\"@id\":\"https:\/\/gysfm.com.ar\/inicio\/#\/schema\/person\/image\/\",\"url\":\"https:\/\/secure.gravatar.com\/avatar\/096ec78df02049ab018702bb4ccedf659377fa92a26540b5247612077a0dbd29?s=96&d=mm&r=g\",\"contentUrl\":\"https:\/\/secure.gravatar.com\/avatar\/096ec78df02049ab018702bb4ccedf659377fa92a26540b5247612077a0dbd29?s=96&d=mm&r=g\",\"caption\":\"Prensa G&amp;S FM\"},\"sameAs\":[\"https:\/\/gysfm.com.ar\/\"],\"url\":\"https:\/\/gysfm.com.ar\/inicio\/author\/lucasm\/\"}]}<\/script>\n<!-- \/ Yoast SEO plugin. -->","yoast_head_json":{"title":"Shein debut\u00f3 en la Bolsa de Hong Kong y su valor se desplom\u00f3 frente a su pico de 2022 - GYS NOTICIAS |","robots":{"index":"index","follow":"follow","max-snippet":"max-snippet:-1","max-image-preview":"max-image-preview:large","max-video-preview":"max-video-preview:-1"},"canonical":"https:\/\/gysfm.com.ar\/inicio\/shein-debuto-en-la-bolsa-de-hong-kong-y-su-valor-se-desplomo-frente-a-su-pico-de-2022\/","og_locale":"es_ES","og_type":"article","og_title":"Shein debut\u00f3 en la Bolsa de Hong Kong y su valor se desplom\u00f3 frente a su pico de 2022 - GYS NOTICIAS |","og_description":"HONG KONG.\u2013 Despu\u00e9s de a\u00f1os de intentos frustrados, cambios de planes y un creciente escrutinio regulatorio en varios de sus principales mercados, Shein finalmente sali\u00f3 a bolsa este martes en Hong Kong. Pero el esperado debut del gigante de la moda ultrarr\u00e1pida estuvo lejos de despertar el entusiasmo que alguna vez rode\u00f3 a una de [&hellip;]","og_url":"https:\/\/gysfm.com.ar\/inicio\/shein-debuto-en-la-bolsa-de-hong-kong-y-su-valor-se-desplomo-frente-a-su-pico-de-2022\/","og_site_name":"GYS NOTICIAS |","article_published_time":"2026-09-02T13:54:15+00:00","article_modified_time":"2026-09-02T13:54:16+00:00","og_image":[{"width":1200,"height":800,"url":"https:\/\/gysfm.com.ar\/inicio\/wp-content\/uploads\/2026\/09\/el-logotipo-de-shein-global-holdings-limited-se-OWUPUEXCHRHKHOG7L6TKIBXSZA.JPG","type":"image\/jpeg"}],"author":"Prensa G&amp;S FM","twitter_card":"summary_large_image","twitter_misc":{"Escrito por":"Prensa G&amp;S FM","Tiempo de lectura":"5 minutos"},"schema":{"@context":"https:\/\/schema.org","@graph":[{"@type":"Article","@id":"https:\/\/gysfm.com.ar\/inicio\/shein-debuto-en-la-bolsa-de-hong-kong-y-su-valor-se-desplomo-frente-a-su-pico-de-2022\/#article","isPartOf":{"@id":"https:\/\/gysfm.com.ar\/inicio\/shein-debuto-en-la-bolsa-de-hong-kong-y-su-valor-se-desplomo-frente-a-su-pico-de-2022\/"},"author":{"name":"Prensa G&amp;S FM","@id":"https:\/\/gysfm.com.ar\/inicio\/#\/schema\/person\/3abba7593ef2ad19e1be221d54383dc5"},"headline":"Shein debut\u00f3 en la Bolsa de Hong Kong y su valor se desplom\u00f3 frente a su pico de 2022","datePublished":"2026-09-02T13:54:15+00:00","dateModified":"2026-09-02T13:54:16+00:00","mainEntityOfPage":{"@id":"https:\/\/gysfm.com.ar\/inicio\/shein-debuto-en-la-bolsa-de-hong-kong-y-su-valor-se-desplomo-frente-a-su-pico-de-2022\/"},"wordCount":1026,"publisher":{"@id":"https:\/\/gysfm.com.ar\/inicio\/#organization"},"image":{"@id":"https:\/\/gysfm.com.ar\/inicio\/shein-debuto-en-la-bolsa-de-hong-kong-y-su-valor-se-desplomo-frente-a-su-pico-de-2022\/#primaryimage"},"thumbnailUrl":"https:\/\/gysfm.com.ar\/inicio\/wp-content\/uploads\/2026\/09\/el-logotipo-de-shein-global-holdings-limited-se-OWUPUEXCHRHKHOG7L6TKIBXSZA.JPG","articleSection":["INTERNACIONALES"],"inLanguage":"es"},{"@type":"WebPage","@id":"https:\/\/gysfm.com.ar\/inicio\/shein-debuto-en-la-bolsa-de-hong-kong-y-su-valor-se-desplomo-frente-a-su-pico-de-2022\/","url":"https:\/\/gysfm.com.ar\/inicio\/shein-debuto-en-la-bolsa-de-hong-kong-y-su-valor-se-desplomo-frente-a-su-pico-de-2022\/","name":"Shein debut\u00f3 en la Bolsa de Hong Kong y su valor se desplom\u00f3 frente a su pico de 2022 - GYS NOTICIAS |","isPartOf":{"@id":"https:\/\/gysfm.com.ar\/inicio\/#website"},"primaryImageOfPage":{"@id":"https:\/\/gysfm.com.ar\/inicio\/shein-debuto-en-la-bolsa-de-hong-kong-y-su-valor-se-desplomo-frente-a-su-pico-de-2022\/#primaryimage"},"image":{"@id":"https:\/\/gysfm.com.ar\/inicio\/shein-debuto-en-la-bolsa-de-hong-kong-y-su-valor-se-desplomo-frente-a-su-pico-de-2022\/#primaryimage"},"thumbnailUrl":"https:\/\/gysfm.com.ar\/inicio\/wp-content\/uploads\/2026\/09\/el-logotipo-de-shein-global-holdings-limited-se-OWUPUEXCHRHKHOG7L6TKIBXSZA.JPG","datePublished":"2026-09-02T13:54:15+00:00","dateModified":"2026-09-02T13:54:16+00:00","breadcrumb":{"@id":"https:\/\/gysfm.com.ar\/inicio\/shein-debuto-en-la-bolsa-de-hong-kong-y-su-valor-se-desplomo-frente-a-su-pico-de-2022\/#breadcrumb"},"inLanguage":"es","potentialAction":[{"@type":"ReadAction","target":["https:\/\/gysfm.com.ar\/inicio\/shein-debuto-en-la-bolsa-de-hong-kong-y-su-valor-se-desplomo-frente-a-su-pico-de-2022\/"]}]},{"@type":"ImageObject","inLanguage":"es","@id":"https:\/\/gysfm.com.ar\/inicio\/shein-debuto-en-la-bolsa-de-hong-kong-y-su-valor-se-desplomo-frente-a-su-pico-de-2022\/#primaryimage","url":"https:\/\/gysfm.com.ar\/inicio\/wp-content\/uploads\/2026\/09\/el-logotipo-de-shein-global-holdings-limited-se-OWUPUEXCHRHKHOG7L6TKIBXSZA.JPG","contentUrl":"https:\/\/gysfm.com.ar\/inicio\/wp-content\/uploads\/2026\/09\/el-logotipo-de-shein-global-holdings-limited-se-OWUPUEXCHRHKHOG7L6TKIBXSZA.JPG","width":1200,"height":800},{"@type":"BreadcrumbList","@id":"https:\/\/gysfm.com.ar\/inicio\/shein-debuto-en-la-bolsa-de-hong-kong-y-su-valor-se-desplomo-frente-a-su-pico-de-2022\/#breadcrumb","itemListElement":[{"@type":"ListItem","position":1,"name":"Portada","item":"https:\/\/gysfm.com.ar\/inicio\/"},{"@type":"ListItem","position":2,"name":"Shein debut\u00f3 en la Bolsa de Hong Kong y su valor se desplom\u00f3 frente a su pico de 2022"}]},{"@type":"WebSite","@id":"https:\/\/gysfm.com.ar\/inicio\/#website","url":"https:\/\/gysfm.com.ar\/inicio\/","name":"GYS NOTICIAS |","description":"DIARIO - RADIO ONLINE SAN JUAN ARGENTINA","publisher":{"@id":"https:\/\/gysfm.com.ar\/inicio\/#organization"},"potentialAction":[{"@type":"SearchAction","target":{"@type":"EntryPoint","urlTemplate":"https:\/\/gysfm.com.ar\/inicio\/?s={search_term_string}"},"query-input":{"@type":"PropertyValueSpecification","valueRequired":true,"valueName":"search_term_string"}}],"inLanguage":"es"},{"@type":"Organization","@id":"https:\/\/gysfm.com.ar\/inicio\/#organization","name":"GYS NOTICIAS |","url":"https:\/\/gysfm.com.ar\/inicio\/","logo":{"@type":"ImageObject","inLanguage":"es","@id":"https:\/\/gysfm.com.ar\/inicio\/#\/schema\/logo\/image\/","url":"https:\/\/gysfm.com.ar\/inicio\/wp-content\/uploads\/2023\/07\/LOGOGYS-OK.png","contentUrl":"https:\/\/gysfm.com.ar\/inicio\/wp-content\/uploads\/2023\/07\/LOGOGYS-OK.png","width":1170,"height":872,"caption":"GYS NOTICIAS |"},"image":{"@id":"https:\/\/gysfm.com.ar\/inicio\/#\/schema\/logo\/image\/"}},{"@type":"Person","@id":"https:\/\/gysfm.com.ar\/inicio\/#\/schema\/person\/3abba7593ef2ad19e1be221d54383dc5","name":"Prensa G&amp;S FM","image":{"@type":"ImageObject","inLanguage":"es","@id":"https:\/\/gysfm.com.ar\/inicio\/#\/schema\/person\/image\/","url":"https:\/\/secure.gravatar.com\/avatar\/096ec78df02049ab018702bb4ccedf659377fa92a26540b5247612077a0dbd29?s=96&d=mm&r=g","contentUrl":"https:\/\/secure.gravatar.com\/avatar\/096ec78df02049ab018702bb4ccedf659377fa92a26540b5247612077a0dbd29?s=96&d=mm&r=g","caption":"Prensa G&amp;S FM"},"sameAs":["https:\/\/gysfm.com.ar\/"],"url":"https:\/\/gysfm.com.ar\/inicio\/author\/lucasm\/"}]}},"_links":{"self":[{"href":"https:\/\/gysfm.com.ar\/inicio\/wp-json\/wp\/v2\/posts\/210167","targetHints":{"allow":["GET"]}}],"collection":[{"href":"https:\/\/gysfm.com.ar\/inicio\/wp-json\/wp\/v2\/posts"}],"about":[{"href":"https:\/\/gysfm.com.ar\/inicio\/wp-json\/wp\/v2\/types\/post"}],"author":[{"embeddable":true,"href":"https:\/\/gysfm.com.ar\/inicio\/wp-json\/wp\/v2\/users\/2"}],"replies":[{"embeddable":true,"href":"https:\/\/gysfm.com.ar\/inicio\/wp-json\/wp\/v2\/comments?post=210167"}],"version-history":[{"count":1,"href":"https:\/\/gysfm.com.ar\/inicio\/wp-json\/wp\/v2\/posts\/210167\/revisions"}],"predecessor-version":[{"id":210169,"href":"https:\/\/gysfm.com.ar\/inicio\/wp-json\/wp\/v2\/posts\/210167\/revisions\/210169"}],"wp:featuredmedia":[{"embeddable":true,"href":"https:\/\/gysfm.com.ar\/inicio\/wp-json\/wp\/v2\/media\/210168"}],"wp:attachment":[{"href":"https:\/\/gysfm.com.ar\/inicio\/wp-json\/wp\/v2\/media?parent=210167"}],"wp:term":[{"taxonomy":"category","embeddable":true,"href":"https:\/\/gysfm.com.ar\/inicio\/wp-json\/wp\/v2\/categories?post=210167"},{"taxonomy":"post_tag","embeddable":true,"href":"https:\/\/gysfm.com.ar\/inicio\/wp-json\/wp\/v2\/tags?post=210167"}],"curies":[{"name":"wp","href":"https:\/\/api.w.org\/{rel}","templated":true}]}}