{"id":210163,"date":"2026-09-02T09:53:05","date_gmt":"2026-09-02T12:53:05","guid":{"rendered":"https:\/\/gysfm.com.ar\/inicio\/el-juez-mas-poderoso-de-brasil-quedo-en-el-centro-de-un-escandalo-sin-precedente-por-un-banquero-preso\/"},"modified":"2026-09-02T09:53:06","modified_gmt":"2026-09-02T12:53:06","slug":"el-juez-mas-poderoso-de-brasil-quedo-en-el-centro-de-un-escandalo-sin-precedente-por-un-banquero-preso","status":"publish","type":"post","link":"https:\/\/gysfm.com.ar\/inicio\/el-juez-mas-poderoso-de-brasil-quedo-en-el-centro-de-un-escandalo-sin-precedente-por-un-banquero-preso\/","title":{"rendered":"El juez m\u00e1s poderoso de Brasil qued\u00f3 en el centro de un esc\u00e1ndalo sin precedente por un banquero preso"},"content":{"rendered":"<p> <br \/>\n<\/p>\n<div>\n<p class=\"com-paragraph --capital --s\">BRASILIA.\u2013 Un <a href=\"https:\/\/www.lanacion.com.ar\/el-mundo\/bolsonaro-achica-la-distancia-con-lula-y-un-inesperado-tercer-candidato-irrumpe-en-la-pelea-nid31082026\/\" target=\"_self\" title=\"https:\/\/www.lanacion.com.ar\/el-mundo\/bolsonaro-achica-la-distancia-con-lula-y-un-inesperado-tercer-candidato-irrumpe-en-la-pelea-nid31082026\/\" class=\"com-link break-word\" data-mrf-recirculation=\"n_link_parrafo\">terremoto pol\u00edtico<\/a> e institucional sacude los cimientos del <strong>Supremo Tribunal Federal (STF) <\/strong>de Brasil. <strong>Alexandre de Moraes<\/strong>, considerado el juez m\u00e1s poderoso del pa\u00eds y relator del proceso por el intento de golpe de Estado en 2023, qued\u00f3 este martes en el centro de un esc\u00e1ndalo sin precedentes, tras revelarse indicios de una relaci\u00f3n indebidamente pr\u00f3xima con el exbanquero <strong>Daniel Vorcaro<\/strong>, preso e investigado por fraudes financieros multimillonarios con el liquidado <strong>Banco Master.<\/strong><\/p>\n<div class=\"content-media\">\n<section role=\"button\" class=\"mod-media   \">\n<figure role=\"button\" tabindex=\"0\" class=\"mod-figure \"><figcaption class=\"mod-figcaption\"><span class=\"com-text --caption --twoxs\"> Alexandre de Moraes<\/span><span class=\"com-text --credit --twoxs\">Eraldo Peres &#8211; AP<\/span><\/figcaption><\/figure>\n<\/section>\n<\/div>\n<p class=\"com-paragraph --s\">La crisis estall\u00f3 cuando el juez del STF Andr\u00e9 Mendon\u00e7a -exministro de Justicia de<a href=\"https:\/\/www.lanacion.com.ar\/el-mundo\/quien-gana-las-elecciones-en-brasil-2026-asi-estan-las-encuestas-entre-flavio-bolsonaro-y-lula-hoy-nid31082026\/\" target=\"_self\" title=\"https:\/\/www.lanacion.com.ar\/el-mundo\/quien-gana-las-elecciones-en-brasil-2026-asi-estan-las-encuestas-entre-flavio-bolsonaro-y-lula-hoy-nid31082026\/\" class=\"com-link break-word\" data-mrf-recirculation=\"n_link_parrafo\"> Jair Bolsonaro<\/a>, que lo llev\u00f3 a la Corte en 2021- levant\u00f3 el secreto de sumario sobre un informe de la Polic\u00eda Federal (PF) elaborado en la operaci\u00f3n<strong> Compliance Zero, <\/strong>que analiza un celular incautado a Vorcaro y describe una presunta organizaci\u00f3n criminal con capacidad de infiltraci\u00f3n en el Estado brasile\u00f1o.<\/p>\n<p class=\"com-paragraph --s\">En un despacho de seis p\u00e1ginas, Mendon\u00e7a subray\u00f3 que la PF encontr\u00f3 indicios de una red de monitoreo e influencia con \u201cpotencial infiltraci\u00f3n en las m\u00e1s elevadas instancias\u201d de la rep\u00fablica, capaz de acceder a informaci\u00f3n secreta y hasta de preparar un plan de fuga.<\/p>\n<p class=\"com-paragraph --s\">Los peritajes exponen un flujo constante de mensajes de Vorcaro hacia un contacto agendado como \u201cAlexandre de Moraes BRASILIA\u201d. Seg\u00fan la causa, el banquero accedi\u00f3 con anticipaci\u00f3n a datos reservados de expedientes penales y auditor\u00edas en curso en el Banco Central. La PF detect\u00f3 adem\u00e1s rastros de al menos <strong>seis encuentros entre el banquero y el juez entre noviembre de 2024 y agosto de 2025<\/strong>, algunos en la casa de Vorcaro.<\/p>\n<p class=\"com-paragraph --s\">Todo lo que reconstruy\u00f3 la PF proviene de un solo lado, el celular de Vorcaro. Los textos se redactaban en la aplicaci\u00f3n de notas, se enviaban como capturas de pantalla y se borraban solos. Los peritos no recuperaron una sola respuesta del otro extremo.<\/p>\n<p class=\"com-paragraph --s\">En noviembre de 2025, dos d\u00edas antes de ser arrestado en el aeropuerto de San Pablo cuando intentaba abordar un vuelo privado hacia Malta, Vorcaro escribi\u00f3: \u201c\u00bfCrees que el lunes ya tengo que estar afuera?\u201d. El d\u00eda de la detenci\u00f3n a\u00fan enviaba: \u201c\u00bfConseguiste tener noticias o bloquear?\u201d. Tras uno de los encuentros previos hab\u00eda escrito: <strong>\u201cTengo la gratitud de mi vida contigo\u201d.<\/strong><\/p>\n<div class=\"content-media\">\n<section role=\"button\" class=\"mod-media   \">\n<figure role=\"button\" tabindex=\"0\" class=\"mod-figure \"><figcaption class=\"mod-figcaption\"><span class=\"com-text --caption --twoxs\">Alexandre de Moraes<\/span><span class=\"com-text --credit --twoxs\">Gustavo Moreno &#8211; AP<\/span><\/figcaption><\/figure>\n<\/section>\n<\/div>\n<p class=\"com-paragraph --s\">La trama salpica tambi\u00e9n a la c\u00fapula de otros organismos del Estado. En sus anotaciones, Vorcaro remarcaba la necesidad de \u201creforzar con Andrei y Paulo para no dejar que nadie de abajo haga una maldad\u201d. Las referencias apuntan a<strong> Andrei Rodrigues<\/strong>, director general de la PF, y a Paulo Gonet, procurador general de la Rep\u00fablica, que seg\u00fan los registros mantuvo contactos con el banquero a trav\u00e9s de emisarios y acept\u00f3 invitaciones a degustaciones privadas de whisky en Londres.<\/p>\n<p class=\"com-paragraph --s\">En marzo de este a\u00f1o, cuando trascendieron en la prensa brasile\u00f1a los primeros mensajes, Moraes hab\u00eda calificado la versi\u00f3n de \u201cinferencia mentirosa\u201d. Este martes, no se pronunci\u00f3 sobre las nuevas revelaciones.<\/p>\n<p class=\"com-paragraph --s\">El tenor de los hallazgos llev\u00f3 a Mendon\u00e7a a enviar el material a la<strong> Procuradur\u00eda General de la Rep\u00fablica (PGR) y<\/strong> a pedirle al presidente de la Corte, <strong>Edson Fachin<\/strong>, una sesi\u00f3n presencial del plenario. El camino al pleno es \u201cinevitable\u201d, escribi\u00f3, cualquiera sea la posici\u00f3n que adopte la PGR, y reclam\u00f3 que la deliberaci\u00f3n sea \u201cp\u00fablica y transparente\u201d. De concretarse, el resultado de la deliberaci\u00f3n podr\u00eda marcar un precedente absoluto: nunca antes el STF investig\u00f3 penalmente a uno de sus propios integrantes.<\/p>\n<p class=\"com-paragraph --s\">La sospecha de promiscuidad se agrav\u00f3 con los v\u00ednculos econ\u00f3micos entre el entorno familiar del magistrado y el financista.<\/p>\n<p class=\"com-paragraph --s\">La PF encontr\u00f3 metadatos que revelan que el propio Moraes edit\u00f3 un borrador de contrato por unos 130 millones de reales <strong>(24 millones de d\u00f3lares) <\/strong>entre el Banco Master y el estudio jur\u00eddico de su esposa, Viviane Barci de Moraes. Vorcaro advert\u00eda a sus ejecutivos que no se retrasaran las cuotas mensuales de 3,6 millones de reales: \u201cEs el pago m\u00e1s importante que tenemos\u201d. A eso se sum\u00f3 un segundo contrato por 50 millones de reales por la transferencia de cuotas de un jet privado y un helic\u00f3ptero al bufete de la esposa de Moraes, y tarjetas de cr\u00e9dito con l\u00edmites de 300.000 reales para los dos hijos del juez.<\/p>\n<div class=\"content-media\">\n<section role=\"button\" class=\"mod-media   \">\n<figure role=\"button\" tabindex=\"0\" class=\"mod-figure \"><figcaption class=\"mod-figcaption\"><span class=\"com-text --caption --twoxs\"> Alexandre de Moraes<\/span><span class=\"com-text --credit --twoxs\">SERGIO LIMA &#8211; AFP<\/span><\/figcaption><\/figure>\n<\/section>\n<\/div>\n<p class=\"com-paragraph --s\">A diferencia de las otras autoridades salpicadas, el estudio Barci de Moraes emiti\u00f3 una respuesta p\u00fablica. Aleg\u00f3 que su \u00e1rea de <em>compliance<\/em> consult\u00f3 al magistrado en calidad de c\u00f3nyuge, para descartar causas abiertas en su despacho, y que no hab\u00eda impedimento legal. Sobre las aeronaves, sostuvo que la propuesta qued\u00f3 extinguida tras la liquidaci\u00f3n del banco; sobre las tarjetas, que jam\u00e1s fueron utilizadas.<\/p>\n<p class=\"com-paragraph --s\">Para la pol\u00edtica brasile\u00f1a, el impacto es s\u00edsmico por el peso propio de Moraes.<\/p>\n<p class=\"com-paragraph --s\">Conocido como \u201cXand\u00e3o\u201d, Moraes ha sido la figura m\u00e1s temida y polarizante de los tres poderes. Como relator de megacausas sobre milicias digitales, desinformaci\u00f3n y el asalto golpista, acumul\u00f3 atribuciones extraordinarias que lo erigieron, para sus defensores, en \u201cguardi\u00e1n\u201d de la institucionalidad frente al bolsonarismo y en n\u00e9mesis del expresidente.<\/p>\n<p class=\"com-paragraph --s\">Esa centralidad le vali\u00f3 una hostilidad que excedi\u00f3 las fronteras de Brasil. En julio de 2025, <strong>el gobierno de Donald Trump le revoc\u00f3 la visa <\/strong>y lo sancion\u00f3 bajo la<strong> Ley Magnitsky <\/strong>por su papel en el proceso contra Jair Bolsonaro y por sus \u00f3rdenes de remoci\u00f3n de contenidos a plataformas norteamericanas. En septiembre, Washington sum\u00f3 a la lista a Barci de Moraes. Finalmente, en diciembre, el gobierno norteamericano dio marcha atr\u00e1s y retir\u00f3 a ambos de la lista de sancionados.<\/p>\n<p class=\"com-paragraph --s\">Moraes tambi\u00e9n fue blanco del presidente argentino, <strong>Javier Milei<\/strong>. En julio pasado, en el acto de lanzamiento de la candidatura de Flavio Bolsonaro en San Pablo, Milei lo llam\u00f3 \u201cbasura calva\u201d, despu\u00e9s de que le bloqueara la posibilidad de visitar a Jair Bolsonaro en su prisi\u00f3n domiciliaria en Brasilia.<\/p>\n<p class=\"com-paragraph --s\">El esc\u00e1ndalo encendi\u00f3 de inmediato el tablero electoral hacia las presidenciales del 4 de octubre. Flavio Bolsonaro, candidato del Partido Liberal (PL), exigi\u00f3 la salida del magistrado. \u201cEs algo grav\u00edsimo. Moraes no tiene m\u00e1s condiciones de continuar siendo ministro de la Corte. Tiene que renunciar\u201d, dispar\u00f3.<\/p>\n<p class=\"com-paragraph --s\">Con el caso en manos del plenario, el hombre que personific\u00f3 al m\u00e1ximo tribunal de Brasil se apresta a encarar la prueba m\u00e1s dura contra su propia investidura.<\/p>\n<section class=\"container-center-100 mb-40 border border-bottom border-thin border-neutral-light-700\">\n<hr\/>\n<\/section>\n<\/div>\n<p><script id=\"facebookpixel\" defer=\"\" type=\"text\/javascript\">\n        !function(f,b,e,v,n,t,s)\n        {if(f.fbq)return;n=f.fbq=function(){n.callMethod?\n        n.callMethod.apply(n,arguments):n.queue.push(arguments)};\n        if(!f._fbq)f._fbq=n;n.push=n;n.loaded=!0;n.version='2.0';\n        n.queue=[];t=b.createElement(e);t.async=!0;\n        t.src=v;s=b.getElementsByTagName(e)[0];\n        s.parentNode.insertBefore(t,s)}(window, document,'script',\n        'https:\/\/connect.facebook.net\/en_US\/fbevents.js');\n        fbq('init', '492459597522335');\n        fbq('track', 'PageView');\n    <\/script><br \/>\n<br \/><\/p>\n","protected":false},"excerpt":{"rendered":"<p>BRASILIA.\u2013 Un terremoto pol\u00edtico e institucional sacude los cimientos del Supremo Tribunal Federal (STF) de Brasil. Alexandre de Moraes, considerado el juez m\u00e1s poderoso del pa\u00eds y relator del proceso por el intento de golpe de Estado en 2023, qued\u00f3 este martes en el centro de un esc\u00e1ndalo sin precedentes, tras revelarse indicios de una [&hellip;]<\/p>\n","protected":false},"author":2,"featured_media":210164,"comment_status":"closed","ping_status":"closed","sticky":false,"template":"","format":"standard","meta":{"footnotes":""},"categories":[26],"tags":[],"class_list":["post-210163","post","type-post","status-publish","format-standard","has-post-thumbnail","hentry","category-internacionales"],"yoast_head":"<!-- This site is optimized with the Yoast SEO plugin v24.4 - https:\/\/yoast.com\/wordpress\/plugins\/seo\/ -->\n<title>El juez m\u00e1s poderoso de Brasil qued\u00f3 en el centro de un esc\u00e1ndalo sin precedente por un banquero preso - GYS NOTICIAS |<\/title>\n<meta name=\"robots\" content=\"index, follow, max-snippet:-1, max-image-preview:large, max-video-preview:-1\" \/>\n<link rel=\"canonical\" href=\"https:\/\/gysfm.com.ar\/inicio\/el-juez-mas-poderoso-de-brasil-quedo-en-el-centro-de-un-escandalo-sin-precedente-por-un-banquero-preso\/\" \/>\n<meta property=\"og:locale\" content=\"es_ES\" \/>\n<meta property=\"og:type\" content=\"article\" \/>\n<meta property=\"og:title\" content=\"El juez m\u00e1s poderoso de Brasil qued\u00f3 en el centro de un esc\u00e1ndalo sin precedente por un banquero preso - GYS NOTICIAS |\" \/>\n<meta property=\"og:description\" content=\"BRASILIA.\u2013 Un terremoto pol\u00edtico e institucional sacude los cimientos del Supremo Tribunal Federal (STF) de Brasil. Alexandre de Moraes, considerado el juez m\u00e1s poderoso del pa\u00eds y relator del proceso por el intento de golpe de Estado en 2023, qued\u00f3 este martes en el centro de un esc\u00e1ndalo sin precedentes, tras revelarse indicios de una [&hellip;]\" \/>\n<meta property=\"og:url\" content=\"https:\/\/gysfm.com.ar\/inicio\/el-juez-mas-poderoso-de-brasil-quedo-en-el-centro-de-un-escandalo-sin-precedente-por-un-banquero-preso\/\" \/>\n<meta property=\"og:site_name\" content=\"GYS NOTICIAS |\" \/>\n<meta property=\"article:published_time\" content=\"2026-09-02T12:53:05+00:00\" \/>\n<meta property=\"article:modified_time\" content=\"2026-09-02T12:53:06+00:00\" \/>\n<meta property=\"og:image\" content=\"https:\/\/gysfm.com.ar\/inicio\/wp-content\/uploads\/2026\/09\/el-juez-del-tribunal-supremo-de-brasil-alexandre-MXSI362FJVEDJC2OXZV3KY7SWY.jpg\" \/>\n\t<meta property=\"og:image:width\" content=\"1200\" \/>\n\t<meta property=\"og:image:height\" content=\"800\" \/>\n\t<meta property=\"og:image:type\" content=\"image\/jpeg\" \/>\n<meta name=\"author\" content=\"Prensa G&amp;S FM\" \/>\n<meta name=\"twitter:card\" content=\"summary_large_image\" \/>\n<meta name=\"twitter:label1\" content=\"Escrito por\" \/>\n\t<meta name=\"twitter:data1\" content=\"Prensa G&amp;S FM\" \/>\n\t<meta name=\"twitter:label2\" content=\"Tiempo de lectura\" \/>\n\t<meta name=\"twitter:data2\" content=\"5 minutos\" \/>\n<script type=\"application\/ld+json\" class=\"yoast-schema-graph\">{\"@context\":\"https:\/\/schema.org\",\"@graph\":[{\"@type\":\"Article\",\"@id\":\"https:\/\/gysfm.com.ar\/inicio\/el-juez-mas-poderoso-de-brasil-quedo-en-el-centro-de-un-escandalo-sin-precedente-por-un-banquero-preso\/#article\",\"isPartOf\":{\"@id\":\"https:\/\/gysfm.com.ar\/inicio\/el-juez-mas-poderoso-de-brasil-quedo-en-el-centro-de-un-escandalo-sin-precedente-por-un-banquero-preso\/\"},\"author\":{\"name\":\"Prensa G&amp;S FM\",\"@id\":\"https:\/\/gysfm.com.ar\/inicio\/#\/schema\/person\/3abba7593ef2ad19e1be221d54383dc5\"},\"headline\":\"El juez m\u00e1s poderoso de Brasil qued\u00f3 en el centro de un esc\u00e1ndalo sin precedente por un banquero preso\",\"datePublished\":\"2026-09-02T12:53:05+00:00\",\"dateModified\":\"2026-09-02T12:53:06+00:00\",\"mainEntityOfPage\":{\"@id\":\"https:\/\/gysfm.com.ar\/inicio\/el-juez-mas-poderoso-de-brasil-quedo-en-el-centro-de-un-escandalo-sin-precedente-por-un-banquero-preso\/\"},\"wordCount\":1124,\"publisher\":{\"@id\":\"https:\/\/gysfm.com.ar\/inicio\/#organization\"},\"image\":{\"@id\":\"https:\/\/gysfm.com.ar\/inicio\/el-juez-mas-poderoso-de-brasil-quedo-en-el-centro-de-un-escandalo-sin-precedente-por-un-banquero-preso\/#primaryimage\"},\"thumbnailUrl\":\"https:\/\/gysfm.com.ar\/inicio\/wp-content\/uploads\/2026\/09\/el-juez-del-tribunal-supremo-de-brasil-alexandre-MXSI362FJVEDJC2OXZV3KY7SWY.jpg\",\"articleSection\":[\"INTERNACIONALES\"],\"inLanguage\":\"es\"},{\"@type\":\"WebPage\",\"@id\":\"https:\/\/gysfm.com.ar\/inicio\/el-juez-mas-poderoso-de-brasil-quedo-en-el-centro-de-un-escandalo-sin-precedente-por-un-banquero-preso\/\",\"url\":\"https:\/\/gysfm.com.ar\/inicio\/el-juez-mas-poderoso-de-brasil-quedo-en-el-centro-de-un-escandalo-sin-precedente-por-un-banquero-preso\/\",\"name\":\"El juez m\u00e1s poderoso de Brasil qued\u00f3 en el centro de un esc\u00e1ndalo sin precedente por un banquero preso - GYS NOTICIAS |\",\"isPartOf\":{\"@id\":\"https:\/\/gysfm.com.ar\/inicio\/#website\"},\"primaryImageOfPage\":{\"@id\":\"https:\/\/gysfm.com.ar\/inicio\/el-juez-mas-poderoso-de-brasil-quedo-en-el-centro-de-un-escandalo-sin-precedente-por-un-banquero-preso\/#primaryimage\"},\"image\":{\"@id\":\"https:\/\/gysfm.com.ar\/inicio\/el-juez-mas-poderoso-de-brasil-quedo-en-el-centro-de-un-escandalo-sin-precedente-por-un-banquero-preso\/#primaryimage\"},\"thumbnailUrl\":\"https:\/\/gysfm.com.ar\/inicio\/wp-content\/uploads\/2026\/09\/el-juez-del-tribunal-supremo-de-brasil-alexandre-MXSI362FJVEDJC2OXZV3KY7SWY.jpg\",\"datePublished\":\"2026-09-02T12:53:05+00:00\",\"dateModified\":\"2026-09-02T12:53:06+00:00\",\"breadcrumb\":{\"@id\":\"https:\/\/gysfm.com.ar\/inicio\/el-juez-mas-poderoso-de-brasil-quedo-en-el-centro-de-un-escandalo-sin-precedente-por-un-banquero-preso\/#breadcrumb\"},\"inLanguage\":\"es\",\"potentialAction\":[{\"@type\":\"ReadAction\",\"target\":[\"https:\/\/gysfm.com.ar\/inicio\/el-juez-mas-poderoso-de-brasil-quedo-en-el-centro-de-un-escandalo-sin-precedente-por-un-banquero-preso\/\"]}]},{\"@type\":\"ImageObject\",\"inLanguage\":\"es\",\"@id\":\"https:\/\/gysfm.com.ar\/inicio\/el-juez-mas-poderoso-de-brasil-quedo-en-el-centro-de-un-escandalo-sin-precedente-por-un-banquero-preso\/#primaryimage\",\"url\":\"https:\/\/gysfm.com.ar\/inicio\/wp-content\/uploads\/2026\/09\/el-juez-del-tribunal-supremo-de-brasil-alexandre-MXSI362FJVEDJC2OXZV3KY7SWY.jpg\",\"contentUrl\":\"https:\/\/gysfm.com.ar\/inicio\/wp-content\/uploads\/2026\/09\/el-juez-del-tribunal-supremo-de-brasil-alexandre-MXSI362FJVEDJC2OXZV3KY7SWY.jpg\",\"width\":1200,\"height\":800},{\"@type\":\"BreadcrumbList\",\"@id\":\"https:\/\/gysfm.com.ar\/inicio\/el-juez-mas-poderoso-de-brasil-quedo-en-el-centro-de-un-escandalo-sin-precedente-por-un-banquero-preso\/#breadcrumb\",\"itemListElement\":[{\"@type\":\"ListItem\",\"position\":1,\"name\":\"Portada\",\"item\":\"https:\/\/gysfm.com.ar\/inicio\/\"},{\"@type\":\"ListItem\",\"position\":2,\"name\":\"El juez m\u00e1s poderoso de Brasil qued\u00f3 en el centro de un esc\u00e1ndalo sin precedente por un banquero preso\"}]},{\"@type\":\"WebSite\",\"@id\":\"https:\/\/gysfm.com.ar\/inicio\/#website\",\"url\":\"https:\/\/gysfm.com.ar\/inicio\/\",\"name\":\"GYS NOTICIAS |\",\"description\":\"DIARIO - RADIO ONLINE SAN JUAN ARGENTINA\",\"publisher\":{\"@id\":\"https:\/\/gysfm.com.ar\/inicio\/#organization\"},\"potentialAction\":[{\"@type\":\"SearchAction\",\"target\":{\"@type\":\"EntryPoint\",\"urlTemplate\":\"https:\/\/gysfm.com.ar\/inicio\/?s={search_term_string}\"},\"query-input\":{\"@type\":\"PropertyValueSpecification\",\"valueRequired\":true,\"valueName\":\"search_term_string\"}}],\"inLanguage\":\"es\"},{\"@type\":\"Organization\",\"@id\":\"https:\/\/gysfm.com.ar\/inicio\/#organization\",\"name\":\"GYS NOTICIAS |\",\"url\":\"https:\/\/gysfm.com.ar\/inicio\/\",\"logo\":{\"@type\":\"ImageObject\",\"inLanguage\":\"es\",\"@id\":\"https:\/\/gysfm.com.ar\/inicio\/#\/schema\/logo\/image\/\",\"url\":\"https:\/\/gysfm.com.ar\/inicio\/wp-content\/uploads\/2023\/07\/LOGOGYS-OK.png\",\"contentUrl\":\"https:\/\/gysfm.com.ar\/inicio\/wp-content\/uploads\/2023\/07\/LOGOGYS-OK.png\",\"width\":1170,\"height\":872,\"caption\":\"GYS NOTICIAS |\"},\"image\":{\"@id\":\"https:\/\/gysfm.com.ar\/inicio\/#\/schema\/logo\/image\/\"}},{\"@type\":\"Person\",\"@id\":\"https:\/\/gysfm.com.ar\/inicio\/#\/schema\/person\/3abba7593ef2ad19e1be221d54383dc5\",\"name\":\"Prensa G&amp;S FM\",\"image\":{\"@type\":\"ImageObject\",\"inLanguage\":\"es\",\"@id\":\"https:\/\/gysfm.com.ar\/inicio\/#\/schema\/person\/image\/\",\"url\":\"https:\/\/secure.gravatar.com\/avatar\/096ec78df02049ab018702bb4ccedf659377fa92a26540b5247612077a0dbd29?s=96&d=mm&r=g\",\"contentUrl\":\"https:\/\/secure.gravatar.com\/avatar\/096ec78df02049ab018702bb4ccedf659377fa92a26540b5247612077a0dbd29?s=96&d=mm&r=g\",\"caption\":\"Prensa G&amp;S FM\"},\"sameAs\":[\"https:\/\/gysfm.com.ar\/\"],\"url\":\"https:\/\/gysfm.com.ar\/inicio\/author\/lucasm\/\"}]}<\/script>\n<!-- \/ Yoast SEO plugin. -->","yoast_head_json":{"title":"El juez m\u00e1s poderoso de Brasil qued\u00f3 en el centro de un esc\u00e1ndalo sin precedente por un banquero preso - GYS NOTICIAS |","robots":{"index":"index","follow":"follow","max-snippet":"max-snippet:-1","max-image-preview":"max-image-preview:large","max-video-preview":"max-video-preview:-1"},"canonical":"https:\/\/gysfm.com.ar\/inicio\/el-juez-mas-poderoso-de-brasil-quedo-en-el-centro-de-un-escandalo-sin-precedente-por-un-banquero-preso\/","og_locale":"es_ES","og_type":"article","og_title":"El juez m\u00e1s poderoso de Brasil qued\u00f3 en el centro de un esc\u00e1ndalo sin precedente por un banquero preso - GYS NOTICIAS |","og_description":"BRASILIA.\u2013 Un terremoto pol\u00edtico e institucional sacude los cimientos del Supremo Tribunal Federal (STF) de Brasil. Alexandre de Moraes, considerado el juez m\u00e1s poderoso del pa\u00eds y relator del proceso por el intento de golpe de Estado en 2023, qued\u00f3 este martes en el centro de un esc\u00e1ndalo sin precedentes, tras revelarse indicios de una [&hellip;]","og_url":"https:\/\/gysfm.com.ar\/inicio\/el-juez-mas-poderoso-de-brasil-quedo-en-el-centro-de-un-escandalo-sin-precedente-por-un-banquero-preso\/","og_site_name":"GYS NOTICIAS |","article_published_time":"2026-09-02T12:53:05+00:00","article_modified_time":"2026-09-02T12:53:06+00:00","og_image":[{"width":1200,"height":800,"url":"https:\/\/gysfm.com.ar\/inicio\/wp-content\/uploads\/2026\/09\/el-juez-del-tribunal-supremo-de-brasil-alexandre-MXSI362FJVEDJC2OXZV3KY7SWY.jpg","type":"image\/jpeg"}],"author":"Prensa G&amp;S FM","twitter_card":"summary_large_image","twitter_misc":{"Escrito por":"Prensa G&amp;S FM","Tiempo de lectura":"5 minutos"},"schema":{"@context":"https:\/\/schema.org","@graph":[{"@type":"Article","@id":"https:\/\/gysfm.com.ar\/inicio\/el-juez-mas-poderoso-de-brasil-quedo-en-el-centro-de-un-escandalo-sin-precedente-por-un-banquero-preso\/#article","isPartOf":{"@id":"https:\/\/gysfm.com.ar\/inicio\/el-juez-mas-poderoso-de-brasil-quedo-en-el-centro-de-un-escandalo-sin-precedente-por-un-banquero-preso\/"},"author":{"name":"Prensa G&amp;S FM","@id":"https:\/\/gysfm.com.ar\/inicio\/#\/schema\/person\/3abba7593ef2ad19e1be221d54383dc5"},"headline":"El juez m\u00e1s poderoso de Brasil qued\u00f3 en el centro de un esc\u00e1ndalo sin precedente por un banquero preso","datePublished":"2026-09-02T12:53:05+00:00","dateModified":"2026-09-02T12:53:06+00:00","mainEntityOfPage":{"@id":"https:\/\/gysfm.com.ar\/inicio\/el-juez-mas-poderoso-de-brasil-quedo-en-el-centro-de-un-escandalo-sin-precedente-por-un-banquero-preso\/"},"wordCount":1124,"publisher":{"@id":"https:\/\/gysfm.com.ar\/inicio\/#organization"},"image":{"@id":"https:\/\/gysfm.com.ar\/inicio\/el-juez-mas-poderoso-de-brasil-quedo-en-el-centro-de-un-escandalo-sin-precedente-por-un-banquero-preso\/#primaryimage"},"thumbnailUrl":"https:\/\/gysfm.com.ar\/inicio\/wp-content\/uploads\/2026\/09\/el-juez-del-tribunal-supremo-de-brasil-alexandre-MXSI362FJVEDJC2OXZV3KY7SWY.jpg","articleSection":["INTERNACIONALES"],"inLanguage":"es"},{"@type":"WebPage","@id":"https:\/\/gysfm.com.ar\/inicio\/el-juez-mas-poderoso-de-brasil-quedo-en-el-centro-de-un-escandalo-sin-precedente-por-un-banquero-preso\/","url":"https:\/\/gysfm.com.ar\/inicio\/el-juez-mas-poderoso-de-brasil-quedo-en-el-centro-de-un-escandalo-sin-precedente-por-un-banquero-preso\/","name":"El juez m\u00e1s poderoso de Brasil qued\u00f3 en el centro de un esc\u00e1ndalo sin precedente por un banquero preso - GYS NOTICIAS |","isPartOf":{"@id":"https:\/\/gysfm.com.ar\/inicio\/#website"},"primaryImageOfPage":{"@id":"https:\/\/gysfm.com.ar\/inicio\/el-juez-mas-poderoso-de-brasil-quedo-en-el-centro-de-un-escandalo-sin-precedente-por-un-banquero-preso\/#primaryimage"},"image":{"@id":"https:\/\/gysfm.com.ar\/inicio\/el-juez-mas-poderoso-de-brasil-quedo-en-el-centro-de-un-escandalo-sin-precedente-por-un-banquero-preso\/#primaryimage"},"thumbnailUrl":"https:\/\/gysfm.com.ar\/inicio\/wp-content\/uploads\/2026\/09\/el-juez-del-tribunal-supremo-de-brasil-alexandre-MXSI362FJVEDJC2OXZV3KY7SWY.jpg","datePublished":"2026-09-02T12:53:05+00:00","dateModified":"2026-09-02T12:53:06+00:00","breadcrumb":{"@id":"https:\/\/gysfm.com.ar\/inicio\/el-juez-mas-poderoso-de-brasil-quedo-en-el-centro-de-un-escandalo-sin-precedente-por-un-banquero-preso\/#breadcrumb"},"inLanguage":"es","potentialAction":[{"@type":"ReadAction","target":["https:\/\/gysfm.com.ar\/inicio\/el-juez-mas-poderoso-de-brasil-quedo-en-el-centro-de-un-escandalo-sin-precedente-por-un-banquero-preso\/"]}]},{"@type":"ImageObject","inLanguage":"es","@id":"https:\/\/gysfm.com.ar\/inicio\/el-juez-mas-poderoso-de-brasil-quedo-en-el-centro-de-un-escandalo-sin-precedente-por-un-banquero-preso\/#primaryimage","url":"https:\/\/gysfm.com.ar\/inicio\/wp-content\/uploads\/2026\/09\/el-juez-del-tribunal-supremo-de-brasil-alexandre-MXSI362FJVEDJC2OXZV3KY7SWY.jpg","contentUrl":"https:\/\/gysfm.com.ar\/inicio\/wp-content\/uploads\/2026\/09\/el-juez-del-tribunal-supremo-de-brasil-alexandre-MXSI362FJVEDJC2OXZV3KY7SWY.jpg","width":1200,"height":800},{"@type":"BreadcrumbList","@id":"https:\/\/gysfm.com.ar\/inicio\/el-juez-mas-poderoso-de-brasil-quedo-en-el-centro-de-un-escandalo-sin-precedente-por-un-banquero-preso\/#breadcrumb","itemListElement":[{"@type":"ListItem","position":1,"name":"Portada","item":"https:\/\/gysfm.com.ar\/inicio\/"},{"@type":"ListItem","position":2,"name":"El juez m\u00e1s poderoso de Brasil qued\u00f3 en el centro de un esc\u00e1ndalo sin precedente por un banquero preso"}]},{"@type":"WebSite","@id":"https:\/\/gysfm.com.ar\/inicio\/#website","url":"https:\/\/gysfm.com.ar\/inicio\/","name":"GYS NOTICIAS |","description":"DIARIO - RADIO ONLINE SAN JUAN ARGENTINA","publisher":{"@id":"https:\/\/gysfm.com.ar\/inicio\/#organization"},"potentialAction":[{"@type":"SearchAction","target":{"@type":"EntryPoint","urlTemplate":"https:\/\/gysfm.com.ar\/inicio\/?s={search_term_string}"},"query-input":{"@type":"PropertyValueSpecification","valueRequired":true,"valueName":"search_term_string"}}],"inLanguage":"es"},{"@type":"Organization","@id":"https:\/\/gysfm.com.ar\/inicio\/#organization","name":"GYS NOTICIAS |","url":"https:\/\/gysfm.com.ar\/inicio\/","logo":{"@type":"ImageObject","inLanguage":"es","@id":"https:\/\/gysfm.com.ar\/inicio\/#\/schema\/logo\/image\/","url":"https:\/\/gysfm.com.ar\/inicio\/wp-content\/uploads\/2023\/07\/LOGOGYS-OK.png","contentUrl":"https:\/\/gysfm.com.ar\/inicio\/wp-content\/uploads\/2023\/07\/LOGOGYS-OK.png","width":1170,"height":872,"caption":"GYS NOTICIAS |"},"image":{"@id":"https:\/\/gysfm.com.ar\/inicio\/#\/schema\/logo\/image\/"}},{"@type":"Person","@id":"https:\/\/gysfm.com.ar\/inicio\/#\/schema\/person\/3abba7593ef2ad19e1be221d54383dc5","name":"Prensa G&amp;S FM","image":{"@type":"ImageObject","inLanguage":"es","@id":"https:\/\/gysfm.com.ar\/inicio\/#\/schema\/person\/image\/","url":"https:\/\/secure.gravatar.com\/avatar\/096ec78df02049ab018702bb4ccedf659377fa92a26540b5247612077a0dbd29?s=96&d=mm&r=g","contentUrl":"https:\/\/secure.gravatar.com\/avatar\/096ec78df02049ab018702bb4ccedf659377fa92a26540b5247612077a0dbd29?s=96&d=mm&r=g","caption":"Prensa G&amp;S FM"},"sameAs":["https:\/\/gysfm.com.ar\/"],"url":"https:\/\/gysfm.com.ar\/inicio\/author\/lucasm\/"}]}},"_links":{"self":[{"href":"https:\/\/gysfm.com.ar\/inicio\/wp-json\/wp\/v2\/posts\/210163","targetHints":{"allow":["GET"]}}],"collection":[{"href":"https:\/\/gysfm.com.ar\/inicio\/wp-json\/wp\/v2\/posts"}],"about":[{"href":"https:\/\/gysfm.com.ar\/inicio\/wp-json\/wp\/v2\/types\/post"}],"author":[{"embeddable":true,"href":"https:\/\/gysfm.com.ar\/inicio\/wp-json\/wp\/v2\/users\/2"}],"replies":[{"embeddable":true,"href":"https:\/\/gysfm.com.ar\/inicio\/wp-json\/wp\/v2\/comments?post=210163"}],"version-history":[{"count":1,"href":"https:\/\/gysfm.com.ar\/inicio\/wp-json\/wp\/v2\/posts\/210163\/revisions"}],"predecessor-version":[{"id":210165,"href":"https:\/\/gysfm.com.ar\/inicio\/wp-json\/wp\/v2\/posts\/210163\/revisions\/210165"}],"wp:featuredmedia":[{"embeddable":true,"href":"https:\/\/gysfm.com.ar\/inicio\/wp-json\/wp\/v2\/media\/210164"}],"wp:attachment":[{"href":"https:\/\/gysfm.com.ar\/inicio\/wp-json\/wp\/v2\/media?parent=210163"}],"wp:term":[{"taxonomy":"category","embeddable":true,"href":"https:\/\/gysfm.com.ar\/inicio\/wp-json\/wp\/v2\/categories?post=210163"},{"taxonomy":"post_tag","embeddable":true,"href":"https:\/\/gysfm.com.ar\/inicio\/wp-json\/wp\/v2\/tags?post=210163"}],"curies":[{"name":"wp","href":"https:\/\/api.w.org\/{rel}","templated":true}]}}