{"id":210159,"date":"2026-09-02T09:11:30","date_gmt":"2026-09-02T12:11:30","guid":{"rendered":"https:\/\/gysfm.com.ar\/inicio\/cuanto-cuesta-comprar-un-departamento-en-2026\/"},"modified":"2026-09-02T09:11:30","modified_gmt":"2026-09-02T12:11:30","slug":"cuanto-cuesta-comprar-un-departamento-en-2026","status":"publish","type":"post","link":"https:\/\/gysfm.com.ar\/inicio\/cuanto-cuesta-comprar-un-departamento-en-2026\/","title":{"rendered":"\u00bfcu\u00e1nto cuesta comprar un departamento en 2026?"},"content":{"rendered":"<p> <br \/>\n<\/p>\n<div id=\"\">\n<p id=\"p-1788271659282-95094\" class=\"\">Comprar una <strong>propiedad propia<\/strong> sigue siendo uno de los grandes objetivos para muchas familias, pero tambi\u00e9n una decisi\u00f3n dif\u00edcil de afrontar sin financiamiento. En Mendoza, el nuevo impulso al <strong>cr\u00e9dito hipotecario<\/strong> abre otra alternativa para quienes necesitan recurrir a una hipoteca para llegar a una propiedad.<\/p>\n<\/div>\n<div id=\"\">\n<p id=\"p-1788271659282-40615\" class=\"\">El escenario cambia bastante seg\u00fan la zona elegida dentro del <strong>Gran Mendoza. Capital, Godoy Cruz, Guaymall\u00e9n y Las Heras<\/strong> muestran diferencias importantes en sus valores, algo que termina teniendo un peso directo al momento de buscar un departamento.<\/p>\n<\/div>\n<div id=\"\">\n<div contenteditable=\"false\" class=\"embed_cont type_imagen\" id=\"8272252-Libre-1216351167_wrap\" style=\"opacity:1;height:auto;\">\n<div id=\"8272252-Libre-1216351167_content\" class=\"embed_content\"><img src=\"https:\/\/media.ambito.com\/p\/830eb5615438d45feb9a8b598c2fa677\/adjuntos\/239\/imagenes\/043\/615\/0043615356\/730x0\/724x329:744x349\/ciudaddemendozagobar-mendoza.jpeg\" decoding=\"async\" fetchpriority=\"low\" loading=\"lazy\" alt=\"Godoy Cruz y Capital aparecen entre las zonas m\u00e1s caras para adquirir un inmueble.\" title=\"Godoy Cruz y Capital aparecen entre las zonas m\u00e1s caras para adquirir un inmueble.\" width=\"730\" height=\"undefined\" id=\"8272252-Libre-1216351167_embed\"\/><\/div>\n<div class=\"embed_wrapper-cont\" id=\"p-1788271877190-55669\">\n<div id=\"8272252-Libre-1216351167_epigrafe\" class=\"embed_epigrafe\">\n<p id=\"p-1788272131770-45758\">Godoy Cruz y Capital aparecen entre las zonas m\u00e1s caras para adquirir un inmueble.<\/p>\n<\/div>\n<p>ciudaddemendoza.gob.ar<\/p>\n<\/div><\/div>\n<h2 id=\"p-1788271659282-75588\">Requisitos y condiciones de los nuevos cr\u00e9ditos hipotecarios<\/h2>\n<p id=\"p-1788271659282-18173\" class=\"\">El nuevo programa <strong>busca ampliar el financiamiento<\/strong> para la compra de la primera vivienda. Para hacerlo, contar\u00e1 con<strong> $2 billones<\/strong> provenientes del Fondo de Garant\u00eda de Sustentabilidad de la ANSES, que ser\u00e1n canalizados a trav\u00e9s de los bancos.<\/p>\n<\/div>\n<div id=\"\">\n<p id=\"p-1788271659282-63044\" class=\"\">Los pr\u00e9stamos estar\u00e1n destinados a personas y podr\u00e1n utilizarse para comprar una propiedad, construir, ampliar o realizar refacciones. En todos los casos, el destino deber\u00e1 estar vinculado con una primera vivienda.<\/p>\n<\/div>\n<div id=\"\">\n<p id=\"p-1788271659282-9059\" class=\"\">El monto m\u00e1ximo <strong>ser\u00e1 equivalente a 150.000 UVA<\/strong>, mientras que el plazo m\u00ednimo partir\u00e1 de los 15 a\u00f1os. A su vez, las entidades que accedan a estos fondos no podr\u00e1n ofrecer una tasa superior a UVA m\u00e1s 7,5%.<\/p>\n<\/div>\n<div id=\"\">\n<h2 id=\"p-1788271659282-45135\">Precios promedio de departamentos por zona en el Gran Mendoza<\/h2>\n<p id=\"p-1788271659282-77\" class=\"\"><strong>Los valores cambian bastante entre una zona y otra<\/strong>. Para tener una referencia com\u00fan, se tom\u00f3 como ejemplo un departamento de dos dormitorios, entre 60 y 65 metros cuadrados, con cochera y hasta 10 a\u00f1os de antig\u00fcedad.<\/p>\n<p id=\"p-1788271659282-28634\" class=\"\">Con esas caracter\u00edsticas, <strong>Godoy Cruz y Capital rondan los u$s75.000<\/strong>. Un escal\u00f3n m\u00e1s abajo aparece <strong>Guaymall\u00e9n<\/strong>, donde el promedio se ubica cerca de los u$s65.000. <strong>Las Heras<\/strong> es la alternativa m\u00e1s econ\u00f3mica entre las zonas analizadas. All\u00ed, una propiedad similar puede encontrarse por aproximadamente u$s55.000.<\/p>\n<p id=\"p-1788271659282-27759\" class=\"\">Tambi\u00e9n hay diferencias al mirar el precio por metro cuadrado. En Guaymall\u00e9n suele moverse entre u$s900 y u$s1.000, aunque existen opciones desde unos u$s700. En Las Heras, los valores pueden comenzar alrededor de los u$s650 por metro cuadrado.<\/p>\n<div contenteditable=\"false\" class=\"embed_cont type_imagen\" id=\"8272259-Libre-247266765_wrap\">\n<div id=\"8272259-Libre-247266765_content\" class=\"embed_content\"><img src=\"https:\/\/media.ambito.com\/p\/cd42a157563ee781042e8c32935813fe\/adjuntos\/239\/imagenes\/043\/615\/0043615368\/730x0\/1142x555:1162x575\/godoy-cruz-federico-gomez-aghetta.jpg\" decoding=\"async\" fetchpriority=\"low\" loading=\"lazy\" alt=\"A diferencia de Godoy Cruz, que est\u00e1 entre las m\u00e1s caras, Las Heras aparece como una alternativa m\u00e1s econ\u00f3mica.\" title=\"A diferencia de Godoy Cruz, que est\u00e1 entre las m\u00e1s caras, Las Heras aparece como una alternativa m\u00e1s econ\u00f3mica.\" width=\"730\" height=\"undefined\" id=\"8272259-Libre-247266765_embed\"\/><\/div>\n<div class=\"embed_wrapper-cont\" id=\"p-1788272215322-21626\">\n<div id=\"8272259-Libre-247266765_epigrafe\" class=\"embed_epigrafe\">\n<p id=\"p-1788272260602-21582\">A diferencia de Godoy Cruz, que est\u00e1 entre las m\u00e1s caras, Las Heras aparece como una alternativa m\u00e1s econ\u00f3mica.<\/p>\n<\/div>\n<p>Federico Gomez Aghetta<\/p>\n<\/div><\/div>\n<h2 id=\"p-1788271659282-13360\">Capital y Godoy Cruz: los departamentos con los valores m\u00e1s altos<\/h2>\n<p id=\"p-1788271659282-64945\" class=\"\">Godoy Cruz aparece entre los puntos m\u00e1s caros del Gran Mendoza. Cerca de la plaza departamental, <strong>los edificios de menos de 10 a\u00f1os rondan los u$s1.200 <\/strong>por metro cuadrado, aunque en complejos m\u00e1s chicos pueden encontrarse alternativas desde unos u$s900.<\/p>\n<p id=\"p-1788271659282-72029\" class=\"\">En Capital, el valor promedio del departamento tomado como referencia tambi\u00e9n <strong>se ubica alrededor de los u$s75.000<\/strong>. Esa cifra no contempla sectores como la Quinta Secci\u00f3n o Bombal, donde los precios pueden ser m\u00e1s altos.<\/p>\n<p id=\"p-1788271659282-28666\" class=\"\">Dentro del centro mendocino tambi\u00e9n influye mucho la antig\u00fcedad. Los departamentos con alrededor de 30 a\u00f1os pueden ubicarse cerca de los u$s1.100 por metro cuadrado, mientras que otras zonas de la ciudad presentan referencias diferentes seg\u00fan el estado y las caracter\u00edsticas del edificio.<\/p>\n<h2 id=\"p-1788271659282-91425\">\u00bfCu\u00e1nto hay que ganar por mes para acceder a la cuota del cr\u00e9dito?<\/h2>\n<p id=\"p-1788271659282-1057\" class=\"\">Una de las claves para acceder al financiamiento pasa por la relaci\u00f3n entre la cuota y los ingresos del hogar. El ejemplo presentado para el nuevo programa <strong>toma una vivienda valuada en u$s106.667<\/strong>, con un financiamiento del 75% y un ahorro previo del 25%.<\/p>\n<p id=\"p-1788271659282-53884\" class=\"\">En ese caso, <strong>el pr\u00e9stamo ser\u00eda de $120.920.000<\/strong>, con una tasa de UVA m\u00e1s 7% y un plazo de 25 a\u00f1os. La primera cuota quedar\u00eda en <strong>$865.098<\/strong> mensuales. Para afrontar ese pago, el grupo familiar deber\u00eda acreditar<strong> ingresos netos por aproximadamente $3.460.391 al mes<\/strong>. El c\u00e1lculo parte de que la cuota no supere el 25% de los ingresos mensuales del hogar.<\/p>\n<p id=\"p-1788271659282-3319\">Ese l\u00edmite es importante porque condiciona cu\u00e1nto dinero puede pedir cada familia. Cuanto mayor sea el valor que necesite financiar, m\u00e1s alto tendr\u00e1 que ser tambi\u00e9n el ingreso necesario para acceder al cr\u00e9dito.<\/p>\n<\/div>\n<p><script>\n!function(f,b,e,v,n,t,s)\n{if(f.fbq)return;n=f.fbq=function(){n.callMethod?\nn.callMethod.apply(n,arguments):n.queue.push(arguments)};\nif(!f._fbq)f._fbq=n;n.push=n;n.loaded=!0;n.version='2.0';\nn.queue=[];t=b.createElement(e);t.async=!0;\nt.src=v;s=b.getElementsByTagName(e)[0];\ns.parentNode.insertBefore(t,s)}(window,document,'script',\n'https:\/\/connect.facebook.net\/en_US\/fbevents.js');\nfbq('init', '2047048335588113');\nfbq('track', 'PageView');\n<\/script><br \/>\n<br \/><\/p>\n","protected":false},"excerpt":{"rendered":"<p>Comprar una propiedad propia sigue siendo uno de los grandes objetivos para muchas familias, pero tambi\u00e9n una decisi\u00f3n dif\u00edcil de afrontar sin financiamiento. En Mendoza, el nuevo impulso al cr\u00e9dito hipotecario abre otra alternativa para quienes necesitan recurrir a una hipoteca para llegar a una propiedad. El escenario cambia bastante seg\u00fan la zona elegida dentro [&hellip;]<\/p>\n","protected":false},"author":1,"featured_media":210160,"comment_status":"closed","ping_status":"closed","sticky":false,"template":"","format":"standard","meta":{"footnotes":""},"categories":[28],"tags":[],"class_list":["post-210159","post","type-post","status-publish","format-standard","has-post-thumbnail","hentry","category-economia"],"yoast_head":"<!-- This site is optimized with the Yoast SEO plugin v24.4 - https:\/\/yoast.com\/wordpress\/plugins\/seo\/ -->\n<title>\u00bfcu\u00e1nto cuesta comprar un departamento en 2026? - GYS NOTICIAS |<\/title>\n<meta name=\"robots\" content=\"index, follow, max-snippet:-1, max-image-preview:large, max-video-preview:-1\" \/>\n<link rel=\"canonical\" href=\"https:\/\/gysfm.com.ar\/inicio\/cuanto-cuesta-comprar-un-departamento-en-2026\/\" \/>\n<meta property=\"og:locale\" content=\"es_ES\" \/>\n<meta property=\"og:type\" content=\"article\" \/>\n<meta property=\"og:title\" content=\"\u00bfcu\u00e1nto cuesta comprar un departamento en 2026? - GYS NOTICIAS |\" \/>\n<meta property=\"og:description\" content=\"Comprar una propiedad propia sigue siendo uno de los grandes objetivos para muchas familias, pero tambi\u00e9n una decisi\u00f3n dif\u00edcil de afrontar sin financiamiento. En Mendoza, el nuevo impulso al cr\u00e9dito hipotecario abre otra alternativa para quienes necesitan recurrir a una hipoteca para llegar a una propiedad. El escenario cambia bastante seg\u00fan la zona elegida dentro [&hellip;]\" \/>\n<meta property=\"og:url\" content=\"https:\/\/gysfm.com.ar\/inicio\/cuanto-cuesta-comprar-un-departamento-en-2026\/\" \/>\n<meta property=\"og:site_name\" content=\"GYS NOTICIAS |\" \/>\n<meta property=\"article:published_time\" content=\"2026-09-02T12:11:30+00:00\" \/>\n<meta property=\"og:image\" content=\"https:\/\/media.ambito.com\/p\/830eb5615438d45feb9a8b598c2fa677\/adjuntos\/239\/imagenes\/043\/615\/0043615356\/730x0\/724x329:744x349\/ciudaddemendozagobar-mendoza.jpeg\" \/>\n<meta name=\"author\" content=\"admin\" \/>\n<meta name=\"twitter:card\" content=\"summary_large_image\" \/>\n<meta name=\"twitter:label1\" content=\"Escrito por\" \/>\n\t<meta name=\"twitter:data1\" content=\"admin\" \/>\n\t<meta name=\"twitter:label2\" content=\"Tiempo de lectura\" \/>\n\t<meta name=\"twitter:data2\" content=\"4 minutos\" \/>\n<script type=\"application\/ld+json\" class=\"yoast-schema-graph\">{\"@context\":\"https:\/\/schema.org\",\"@graph\":[{\"@type\":\"Article\",\"@id\":\"https:\/\/gysfm.com.ar\/inicio\/cuanto-cuesta-comprar-un-departamento-en-2026\/#article\",\"isPartOf\":{\"@id\":\"https:\/\/gysfm.com.ar\/inicio\/cuanto-cuesta-comprar-un-departamento-en-2026\/\"},\"author\":{\"name\":\"admin\",\"@id\":\"https:\/\/gysfm.com.ar\/inicio\/#\/schema\/person\/5bedd7ecd35cc35548d89effafa23696\"},\"headline\":\"\u00bfcu\u00e1nto cuesta comprar un departamento en 2026?\",\"datePublished\":\"2026-09-02T12:11:30+00:00\",\"mainEntityOfPage\":{\"@id\":\"https:\/\/gysfm.com.ar\/inicio\/cuanto-cuesta-comprar-un-departamento-en-2026\/\"},\"wordCount\":712,\"publisher\":{\"@id\":\"https:\/\/gysfm.com.ar\/inicio\/#organization\"},\"image\":{\"@id\":\"https:\/\/gysfm.com.ar\/inicio\/cuanto-cuesta-comprar-un-departamento-en-2026\/#primaryimage\"},\"thumbnailUrl\":\"https:\/\/gysfm.com.ar\/inicio\/wp-content\/uploads\/2026\/09\/mendoza-david-gimenez.avif.avif\",\"articleSection\":[\"ECONOMIA\"],\"inLanguage\":\"es\"},{\"@type\":\"WebPage\",\"@id\":\"https:\/\/gysfm.com.ar\/inicio\/cuanto-cuesta-comprar-un-departamento-en-2026\/\",\"url\":\"https:\/\/gysfm.com.ar\/inicio\/cuanto-cuesta-comprar-un-departamento-en-2026\/\",\"name\":\"\u00bfcu\u00e1nto cuesta comprar un departamento en 2026? - GYS NOTICIAS |\",\"isPartOf\":{\"@id\":\"https:\/\/gysfm.com.ar\/inicio\/#website\"},\"primaryImageOfPage\":{\"@id\":\"https:\/\/gysfm.com.ar\/inicio\/cuanto-cuesta-comprar-un-departamento-en-2026\/#primaryimage\"},\"image\":{\"@id\":\"https:\/\/gysfm.com.ar\/inicio\/cuanto-cuesta-comprar-un-departamento-en-2026\/#primaryimage\"},\"thumbnailUrl\":\"https:\/\/gysfm.com.ar\/inicio\/wp-content\/uploads\/2026\/09\/mendoza-david-gimenez.avif.avif\",\"datePublished\":\"2026-09-02T12:11:30+00:00\",\"breadcrumb\":{\"@id\":\"https:\/\/gysfm.com.ar\/inicio\/cuanto-cuesta-comprar-un-departamento-en-2026\/#breadcrumb\"},\"inLanguage\":\"es\",\"potentialAction\":[{\"@type\":\"ReadAction\",\"target\":[\"https:\/\/gysfm.com.ar\/inicio\/cuanto-cuesta-comprar-un-departamento-en-2026\/\"]}]},{\"@type\":\"ImageObject\",\"inLanguage\":\"es\",\"@id\":\"https:\/\/gysfm.com.ar\/inicio\/cuanto-cuesta-comprar-un-departamento-en-2026\/#primaryimage\",\"url\":\"https:\/\/gysfm.com.ar\/inicio\/wp-content\/uploads\/2026\/09\/mendoza-david-gimenez.avif.avif\",\"contentUrl\":\"https:\/\/gysfm.com.ar\/inicio\/wp-content\/uploads\/2026\/09\/mendoza-david-gimenez.avif.avif\",\"width\":1200,\"height\":675},{\"@type\":\"BreadcrumbList\",\"@id\":\"https:\/\/gysfm.com.ar\/inicio\/cuanto-cuesta-comprar-un-departamento-en-2026\/#breadcrumb\",\"itemListElement\":[{\"@type\":\"ListItem\",\"position\":1,\"name\":\"Portada\",\"item\":\"https:\/\/gysfm.com.ar\/inicio\/\"},{\"@type\":\"ListItem\",\"position\":2,\"name\":\"\u00bfcu\u00e1nto cuesta comprar un departamento en 2026?\"}]},{\"@type\":\"WebSite\",\"@id\":\"https:\/\/gysfm.com.ar\/inicio\/#website\",\"url\":\"https:\/\/gysfm.com.ar\/inicio\/\",\"name\":\"GYS NOTICIAS |\",\"description\":\"DIARIO - RADIO ONLINE SAN JUAN ARGENTINA\",\"publisher\":{\"@id\":\"https:\/\/gysfm.com.ar\/inicio\/#organization\"},\"potentialAction\":[{\"@type\":\"SearchAction\",\"target\":{\"@type\":\"EntryPoint\",\"urlTemplate\":\"https:\/\/gysfm.com.ar\/inicio\/?s={search_term_string}\"},\"query-input\":{\"@type\":\"PropertyValueSpecification\",\"valueRequired\":true,\"valueName\":\"search_term_string\"}}],\"inLanguage\":\"es\"},{\"@type\":\"Organization\",\"@id\":\"https:\/\/gysfm.com.ar\/inicio\/#organization\",\"name\":\"GYS NOTICIAS |\",\"url\":\"https:\/\/gysfm.com.ar\/inicio\/\",\"logo\":{\"@type\":\"ImageObject\",\"inLanguage\":\"es\",\"@id\":\"https:\/\/gysfm.com.ar\/inicio\/#\/schema\/logo\/image\/\",\"url\":\"https:\/\/gysfm.com.ar\/inicio\/wp-content\/uploads\/2023\/07\/LOGOGYS-OK.png\",\"contentUrl\":\"https:\/\/gysfm.com.ar\/inicio\/wp-content\/uploads\/2023\/07\/LOGOGYS-OK.png\",\"width\":1170,\"height\":872,\"caption\":\"GYS NOTICIAS |\"},\"image\":{\"@id\":\"https:\/\/gysfm.com.ar\/inicio\/#\/schema\/logo\/image\/\"}},{\"@type\":\"Person\",\"@id\":\"https:\/\/gysfm.com.ar\/inicio\/#\/schema\/person\/5bedd7ecd35cc35548d89effafa23696\",\"name\":\"admin\",\"image\":{\"@type\":\"ImageObject\",\"inLanguage\":\"es\",\"@id\":\"https:\/\/gysfm.com.ar\/inicio\/#\/schema\/person\/image\/\",\"url\":\"https:\/\/secure.gravatar.com\/avatar\/c331d312b5243fb64d5ba28108a447b27c925295129a363082c9ea52c28d32c2?s=96&d=mm&r=g\",\"contentUrl\":\"https:\/\/secure.gravatar.com\/avatar\/c331d312b5243fb64d5ba28108a447b27c925295129a363082c9ea52c28d32c2?s=96&d=mm&r=g\",\"caption\":\"admin\"},\"sameAs\":[\"https:\/\/gysfm.com.ar\/inicio\"],\"url\":\"https:\/\/gysfm.com.ar\/inicio\/author\/admin\/\"}]}<\/script>\n<!-- \/ Yoast SEO plugin. -->","yoast_head_json":{"title":"\u00bfcu\u00e1nto cuesta comprar un departamento en 2026? - GYS NOTICIAS |","robots":{"index":"index","follow":"follow","max-snippet":"max-snippet:-1","max-image-preview":"max-image-preview:large","max-video-preview":"max-video-preview:-1"},"canonical":"https:\/\/gysfm.com.ar\/inicio\/cuanto-cuesta-comprar-un-departamento-en-2026\/","og_locale":"es_ES","og_type":"article","og_title":"\u00bfcu\u00e1nto cuesta comprar un departamento en 2026? - GYS NOTICIAS |","og_description":"Comprar una propiedad propia sigue siendo uno de los grandes objetivos para muchas familias, pero tambi\u00e9n una decisi\u00f3n dif\u00edcil de afrontar sin financiamiento. En Mendoza, el nuevo impulso al cr\u00e9dito hipotecario abre otra alternativa para quienes necesitan recurrir a una hipoteca para llegar a una propiedad. El escenario cambia bastante seg\u00fan la zona elegida dentro [&hellip;]","og_url":"https:\/\/gysfm.com.ar\/inicio\/cuanto-cuesta-comprar-un-departamento-en-2026\/","og_site_name":"GYS NOTICIAS |","article_published_time":"2026-09-02T12:11:30+00:00","og_image":[{"url":"https:\/\/media.ambito.com\/p\/830eb5615438d45feb9a8b598c2fa677\/adjuntos\/239\/imagenes\/043\/615\/0043615356\/730x0\/724x329:744x349\/ciudaddemendozagobar-mendoza.jpeg","type":"","width":"","height":""}],"author":"admin","twitter_card":"summary_large_image","twitter_misc":{"Escrito por":"admin","Tiempo de lectura":"4 minutos"},"schema":{"@context":"https:\/\/schema.org","@graph":[{"@type":"Article","@id":"https:\/\/gysfm.com.ar\/inicio\/cuanto-cuesta-comprar-un-departamento-en-2026\/#article","isPartOf":{"@id":"https:\/\/gysfm.com.ar\/inicio\/cuanto-cuesta-comprar-un-departamento-en-2026\/"},"author":{"name":"admin","@id":"https:\/\/gysfm.com.ar\/inicio\/#\/schema\/person\/5bedd7ecd35cc35548d89effafa23696"},"headline":"\u00bfcu\u00e1nto cuesta comprar un departamento en 2026?","datePublished":"2026-09-02T12:11:30+00:00","mainEntityOfPage":{"@id":"https:\/\/gysfm.com.ar\/inicio\/cuanto-cuesta-comprar-un-departamento-en-2026\/"},"wordCount":712,"publisher":{"@id":"https:\/\/gysfm.com.ar\/inicio\/#organization"},"image":{"@id":"https:\/\/gysfm.com.ar\/inicio\/cuanto-cuesta-comprar-un-departamento-en-2026\/#primaryimage"},"thumbnailUrl":"https:\/\/gysfm.com.ar\/inicio\/wp-content\/uploads\/2026\/09\/mendoza-david-gimenez.avif.avif","articleSection":["ECONOMIA"],"inLanguage":"es"},{"@type":"WebPage","@id":"https:\/\/gysfm.com.ar\/inicio\/cuanto-cuesta-comprar-un-departamento-en-2026\/","url":"https:\/\/gysfm.com.ar\/inicio\/cuanto-cuesta-comprar-un-departamento-en-2026\/","name":"\u00bfcu\u00e1nto cuesta comprar un departamento en 2026? - GYS NOTICIAS |","isPartOf":{"@id":"https:\/\/gysfm.com.ar\/inicio\/#website"},"primaryImageOfPage":{"@id":"https:\/\/gysfm.com.ar\/inicio\/cuanto-cuesta-comprar-un-departamento-en-2026\/#primaryimage"},"image":{"@id":"https:\/\/gysfm.com.ar\/inicio\/cuanto-cuesta-comprar-un-departamento-en-2026\/#primaryimage"},"thumbnailUrl":"https:\/\/gysfm.com.ar\/inicio\/wp-content\/uploads\/2026\/09\/mendoza-david-gimenez.avif.avif","datePublished":"2026-09-02T12:11:30+00:00","breadcrumb":{"@id":"https:\/\/gysfm.com.ar\/inicio\/cuanto-cuesta-comprar-un-departamento-en-2026\/#breadcrumb"},"inLanguage":"es","potentialAction":[{"@type":"ReadAction","target":["https:\/\/gysfm.com.ar\/inicio\/cuanto-cuesta-comprar-un-departamento-en-2026\/"]}]},{"@type":"ImageObject","inLanguage":"es","@id":"https:\/\/gysfm.com.ar\/inicio\/cuanto-cuesta-comprar-un-departamento-en-2026\/#primaryimage","url":"https:\/\/gysfm.com.ar\/inicio\/wp-content\/uploads\/2026\/09\/mendoza-david-gimenez.avif.avif","contentUrl":"https:\/\/gysfm.com.ar\/inicio\/wp-content\/uploads\/2026\/09\/mendoza-david-gimenez.avif.avif","width":1200,"height":675},{"@type":"BreadcrumbList","@id":"https:\/\/gysfm.com.ar\/inicio\/cuanto-cuesta-comprar-un-departamento-en-2026\/#breadcrumb","itemListElement":[{"@type":"ListItem","position":1,"name":"Portada","item":"https:\/\/gysfm.com.ar\/inicio\/"},{"@type":"ListItem","position":2,"name":"\u00bfcu\u00e1nto cuesta comprar un departamento en 2026?"}]},{"@type":"WebSite","@id":"https:\/\/gysfm.com.ar\/inicio\/#website","url":"https:\/\/gysfm.com.ar\/inicio\/","name":"GYS NOTICIAS |","description":"DIARIO - RADIO ONLINE SAN JUAN ARGENTINA","publisher":{"@id":"https:\/\/gysfm.com.ar\/inicio\/#organization"},"potentialAction":[{"@type":"SearchAction","target":{"@type":"EntryPoint","urlTemplate":"https:\/\/gysfm.com.ar\/inicio\/?s={search_term_string}"},"query-input":{"@type":"PropertyValueSpecification","valueRequired":true,"valueName":"search_term_string"}}],"inLanguage":"es"},{"@type":"Organization","@id":"https:\/\/gysfm.com.ar\/inicio\/#organization","name":"GYS NOTICIAS |","url":"https:\/\/gysfm.com.ar\/inicio\/","logo":{"@type":"ImageObject","inLanguage":"es","@id":"https:\/\/gysfm.com.ar\/inicio\/#\/schema\/logo\/image\/","url":"https:\/\/gysfm.com.ar\/inicio\/wp-content\/uploads\/2023\/07\/LOGOGYS-OK.png","contentUrl":"https:\/\/gysfm.com.ar\/inicio\/wp-content\/uploads\/2023\/07\/LOGOGYS-OK.png","width":1170,"height":872,"caption":"GYS NOTICIAS |"},"image":{"@id":"https:\/\/gysfm.com.ar\/inicio\/#\/schema\/logo\/image\/"}},{"@type":"Person","@id":"https:\/\/gysfm.com.ar\/inicio\/#\/schema\/person\/5bedd7ecd35cc35548d89effafa23696","name":"admin","image":{"@type":"ImageObject","inLanguage":"es","@id":"https:\/\/gysfm.com.ar\/inicio\/#\/schema\/person\/image\/","url":"https:\/\/secure.gravatar.com\/avatar\/c331d312b5243fb64d5ba28108a447b27c925295129a363082c9ea52c28d32c2?s=96&d=mm&r=g","contentUrl":"https:\/\/secure.gravatar.com\/avatar\/c331d312b5243fb64d5ba28108a447b27c925295129a363082c9ea52c28d32c2?s=96&d=mm&r=g","caption":"admin"},"sameAs":["https:\/\/gysfm.com.ar\/inicio"],"url":"https:\/\/gysfm.com.ar\/inicio\/author\/admin\/"}]}},"_links":{"self":[{"href":"https:\/\/gysfm.com.ar\/inicio\/wp-json\/wp\/v2\/posts\/210159","targetHints":{"allow":["GET"]}}],"collection":[{"href":"https:\/\/gysfm.com.ar\/inicio\/wp-json\/wp\/v2\/posts"}],"about":[{"href":"https:\/\/gysfm.com.ar\/inicio\/wp-json\/wp\/v2\/types\/post"}],"author":[{"embeddable":true,"href":"https:\/\/gysfm.com.ar\/inicio\/wp-json\/wp\/v2\/users\/1"}],"replies":[{"embeddable":true,"href":"https:\/\/gysfm.com.ar\/inicio\/wp-json\/wp\/v2\/comments?post=210159"}],"version-history":[{"count":0,"href":"https:\/\/gysfm.com.ar\/inicio\/wp-json\/wp\/v2\/posts\/210159\/revisions"}],"wp:featuredmedia":[{"embeddable":true,"href":"https:\/\/gysfm.com.ar\/inicio\/wp-json\/wp\/v2\/media\/210160"}],"wp:attachment":[{"href":"https:\/\/gysfm.com.ar\/inicio\/wp-json\/wp\/v2\/media?parent=210159"}],"wp:term":[{"taxonomy":"category","embeddable":true,"href":"https:\/\/gysfm.com.ar\/inicio\/wp-json\/wp\/v2\/categories?post=210159"},{"taxonomy":"post_tag","embeddable":true,"href":"https:\/\/gysfm.com.ar\/inicio\/wp-json\/wp\/v2\/tags?post=210159"}],"curies":[{"name":"wp","href":"https:\/\/api.w.org\/{rel}","templated":true}]}}