{"id":210156,"date":"2026-09-02T08:52:05","date_gmt":"2026-09-02T11:52:05","guid":{"rendered":"https:\/\/gysfm.com.ar\/inicio\/bessent-presiona-al-banco-central-de-japon-para-que-haga-lo-correcto-con-su-politica-monetaria\/"},"modified":"2026-09-02T08:52:06","modified_gmt":"2026-09-02T11:52:06","slug":"bessent-presiona-al-banco-central-de-japon-para-que-haga-lo-correcto-con-su-politica-monetaria","status":"publish","type":"post","link":"https:\/\/gysfm.com.ar\/inicio\/bessent-presiona-al-banco-central-de-japon-para-que-haga-lo-correcto-con-su-politica-monetaria\/","title":{"rendered":"Bessent presiona al Banco Central de Jap\u00f3n para que \u201chaga lo correcto\u201d con su pol\u00edtica monetaria"},"content":{"rendered":"<p> <br \/>\n<\/p>\n<div>\n<p class=\"com-paragraph --capital --s\">ASHEVILLE, Carolina del Norte.- Un mes despu\u00e9s de una inusual intervenci\u00f3n de Estados Unidos para apuntalar el yen, el secretario del Tesoro estadounidense, <strong>Scott Bessent,<\/strong> dej\u00f3 claras esta semana las condiciones: acelerar las subas de<strong> tipos de inter\u00e9s<\/strong> y abandonar las ideas que considera obsoletas sobre grandes est\u00edmulos econ\u00f3micos.<\/p>\n<p class=\"com-paragraph --s\">A finales de julio, Bessent y la ministra de Finanzas de Jap\u00f3n, <strong>Satsuki Katayama,<\/strong> tomaron la medida extraordinaria de coordinar <a href=\"https:\/\/www.lanacion.com.ar\/estados-unidos\/eeuu-dice-que-intervencion-del-yen-busca-prevenir-inestabilidad-en-asia-nid04082026\/\" target=\"_self\" title=\"https:\/\/www.lanacion.com.ar\/estados-unidos\/eeuu-dice-que-intervencion-del-yen-busca-prevenir-inestabilidad-en-asia-nid04082026\/\" class=\"com-link break-word\" data-mrf-recirculation=\"n_link_parrafo\">una intervenci\u00f3n conjunta<\/a> en los mercados de divisas. Esta acci\u00f3n fortaleci\u00f3 temporalmente el yen, que hab\u00eda ca\u00eddo hasta 164 por d\u00f3lar.<\/p>\n<p class=\"com-paragraph --s\">En opini\u00f3n de Bessent, el yen se hab\u00eda devaluado demasiado. Esto estaba empeorando la inflaci\u00f3n en Jap\u00f3n, pero tambi\u00e9n representaba un problema para su jefe, <strong>el presidente Donald Trump, <\/strong>quien ha sostenido que la debilidad del yen japon\u00e9s perjudica a los exportadores estadounidenses.<\/p>\n<div class=\"content-media\">\n<section role=\"button\" class=\"mod-media   \">\n<figure role=\"button\" tabindex=\"0\" class=\"mod-figure \"><figcaption class=\"mod-figcaption\"><span class=\"com-text --caption --twoxs\">Scott Bessent brinda una rueda de prensa en la cumbre de ministros de Finanzas del G20 <\/span><span class=\"com-text --credit --twoxs\">MELISSA SUE GERRITS &#8211; GETTY IMAGES NORTH AMERICA<\/span><\/figcaption><\/figure>\n<\/section>\n<\/div>\n<p class=\"com-paragraph --s\">En declaraciones a Reuters, Bessent <strong>mostr\u00f3 poco inter\u00e9s esta semana en otra incursi\u00f3n en el mercado<\/strong> ya que los recientes movimientos del yen no fueron desordenados. En cambio, expres\u00f3 su esperanza de que el gobernador del Banco de Jap\u00f3n, <strong>Kazuo Ueda,<\/strong> <strong>\u201chaga lo correcto\u201d en materia de pol\u00edtica monetaria<\/strong> para combatir la debilidad del yen.<\/p>\n<p class=\"com-paragraph --s\">Si bien ya se esperaba que el Banco de Jap\u00f3n subiera los tipos en septiembre ante el aumento de la inflaci\u00f3n, <strong>los comentarios de Bessent lo obligan a hacerlo y lo presionan para que intensifique las subas en el futuro.<\/strong><\/p>\n<p class=\"com-paragraph --s\">\u201cLa intervenci\u00f3n conjunta de julio fue un mensaje de Bessent a Jap\u00f3n para que tome <strong>medidas en\u00e9rgicas<\/strong> contra la inflaci\u00f3n\u201d, afirm\u00f3 Izuru Kato, economista jefe de Totan Research. \u201cJap\u00f3n se enfrenta a una <strong>crisis monetaria<\/strong> que se est\u00e1 volviendo <strong>dif\u00edcil de controlar<\/strong> sin la ayuda de Estados Unidos. Para un pa\u00eds as\u00ed, incluso una suba de tipos cada tres meses podr\u00eda ser demasiado lenta\u201d.<\/p>\n<p class=\"com-paragraph --s\">Un yen d\u00e9bil <strong>ha impulsado los precios de las importaciones y la inflaci\u00f3n general,<\/strong> causando quebraderos de cabeza a los responsables pol\u00edticos japoneses <strong>al aumentar el costo de vida de los hogares.<\/strong><\/p>\n<p class=\"com-paragraph --s\">Para Washington, unas subas de tipos demasiado lentas por parte del BOJ y una pol\u00edtica fiscal laxa podr\u00edan provocar una venta masiva de yenes y bonos del gobierno japon\u00e9s, lo que <strong>podr\u00eda desestabilizar los mercados financieros<\/strong> y tener repercusiones en los rendimientos de los bonos del Tesoro estadounidense, algo que Washington quiere evitar.<\/p>\n<div class=\"content-media\">\n<section role=\"button\" class=\"mod-media   \">\n<figure role=\"button\" tabindex=\"0\" class=\"mod-figure \"><figcaption class=\"mod-figcaption\"><span class=\"com-text --caption --twoxs\">La ministra de Finanzas japonesa, Satsuki Katayama, junto al secretario del Tesoro, Scott Bessent (Archivo)  <\/span><span class=\"com-text --credit --twoxs\">&#8211; &#8211; JAPAN POOL \/ JIJI PRESS<\/span><\/figcaption><\/figure>\n<\/section>\n<\/div>\n<p class=\"com-paragraph --s\">Un funcionario del Tesoro estadounidense declar\u00f3 a la emisora \u200b\u200bp\u00fablica japonesa NHK que <strong>Bessent se reuni\u00f3 con Ueda el domingo y le insisti\u00f3 en la necesidad de subir los tipos de inter\u00e9s. <\/strong><\/p>\n<p class=\"com-paragraph --s\">La presi\u00f3n de Washington aumenta a medida que <strong>las ganancias del yen se han desvanecido r\u00e1pidamente en el mes transcurrido desde la intervenci\u00f3n<\/strong>, y la moneda ha retrocedido al nivel simb\u00f3licamente importante de 160 yenes por d\u00f3lar. Analistas y economistas afirman que se necesitar\u00e1 un <strong>cambio de pol\u00edtica significativo<\/strong> para fortalecer la moneda de forma m\u00e1s permanente.<\/p>\n<p><h2 class=\"font-primary font-w-bold text-subheading-lg text-left container-center-100 mb-8\"><span>M\u00e1s subas a la vista<\/span><\/h2>\n<\/p>\n<p class=\"com-paragraph --s\">Incluso sin la presi\u00f3n estadounidense, el BOJ ha dado se\u00f1ales de que se est\u00e1 preparando para <strong>una suba de tipos a corto plazo<\/strong> ante la creciente presi\u00f3n inflacionaria. <\/p>\n<p class=\"com-paragraph --s\">\u201cEs probable que la inflaci\u00f3n al consumidor se acelere dada la presi\u00f3n ejercida por los precios al productor. De ser as\u00ed, el BOJ debe actuar\u201d, afirm\u00f3 una fuente. Sin embargo, con una suba prevista para septiembre ya confirmada, el BOJ podr\u00eda tener que <strong>comprometerse a aumentos m\u00e1s r\u00e1pidos<\/strong> para aliviar la presi\u00f3n a la baja sobre el yen.<\/p>\n<p class=\"com-paragraph --s\"><strong>\u201cLos tipos de inter\u00e9s reales de Jap\u00f3n son claramente demasiado bajos\u201d,<\/strong> dijo Naoyuki Shinohara, exdiplom\u00e1tico especializado en divisas. \u201cUna o dos subas m\u00e1s <strong>no ser\u00e1n suficientes <\/strong>para revertir la tendencia bajista del yen\u201d.<\/p>\n<div class=\"content-media\">\n<section role=\"button\" class=\"mod-media   \">\n<figure role=\"button\" tabindex=\"0\" class=\"mod-figure \"><figcaption class=\"mod-figcaption\"><span class=\"com-text --caption --twoxs\">La primera ministra japonesa Sanae Takaichi habla durante una conferencia de prensa en la sede de su oficina, en Tokio (Archivo)<\/span><span class=\"com-text --credit --twoxs\">David Mareuil &#8211; Pool Anadolu Agency<\/span><\/figcaption><\/figure>\n<\/section>\n<\/div>\n<p class=\"com-paragraph --s\">Oxford Economics indic\u00f3 que ahora <strong>prev\u00e9 que el BOJ suba los tipos en septiembre y diciembre de este a\u00f1o, seguidos de una tercera suba en abril de 2027,<\/strong> un ritmo m\u00e1s r\u00e1pido del previsto inicialmente. \u201cEl costo econ\u00f3mico y pol\u00edtico de decepcionar a los mercados y a Estados Unidos <strong>se ha vuelto demasiado grande<\/strong> para que el Banco de Jap\u00f3n y el gobierno lo ignoren\u201d, afirm\u00f3 en un informe Shigeto Nagai, jefe de econom\u00eda japonesa en Oxford Economics.<\/p>\n<p class=\"com-paragraph --s\">Para la primera ministra japonesa, <a href=\"https:\/\/www.lanacion.com.ar\/estados-unidos\/secretario-del-tesoro-de-eeuu-celebra-gran-victoria-de-primera-ministra-de-japon-en-legislativas-nid08022026\/\" target=\"_self\" title=\"https:\/\/www.lanacion.com.ar\/estados-unidos\/secretario-del-tesoro-de-eeuu-celebra-gran-victoria-de-primera-ministra-de-japon-en-legislativas-nid08022026\/\" class=\"com-link break-word\" data-mrf-recirculation=\"n_link_parrafo\">Sanae Takaichi,<\/a> el mensaje m\u00e1s contundente fue quiz\u00e1s el llamado de Bessent a poner fin a la <strong>Abenomics, <\/strong>una combinaci\u00f3n de est\u00edmulo monetario masivo, gran gasto y una <strong>estrategia de crecimiento<\/strong> implementada en 2013 para acabar con la prolongada deflaci\u00f3n.<\/p>\n<p class=\"com-paragraph --s\">Tras haber vencido la deflaci\u00f3n, Jap\u00f3n <strong>deber\u00eda \u201crelajarse y disfrutar del \u00e9xito de la Abenomics y dejar que siga su curso\u201d,<\/strong> declar\u00f3 Bessent a Reuters sobre la pol\u00edtica fiscal de ese pa\u00eds; lo que algunos analistas interpretaron como una cr\u00edtica al enfoque fiscal expansivo de Takaichi.<\/p>\n<p class=\"com-paragraph --s\"><strong>\u201cEs un mensaje al gobierno de Takaichi para que evite una pol\u00edtica fiscal excesivamente expansiva\u201d,<\/strong> declar\u00f3 un funcionario del gobierno japon\u00e9s<strong>. \u201cLos comentarios sugieren que Estados Unidos est\u00e1 aumentando su presi\u00f3n sobre la pol\u00edtica japonesa\u201d,<\/strong> afirm\u00f3 otro alto funcionario. Ambos hablaron bajo condici\u00f3n de anonimato.<\/p>\n<div class=\"content-media\">\n<section role=\"button\" class=\"mod-media   \">\n<figure role=\"button\" tabindex=\"0\" class=\"mod-figure \"><figcaption class=\"mod-figcaption\"><span class=\"com-text --caption --twoxs\">EE.UU. est\u00e1 muy pendiente de las tasas de inter\u00e9s y la pol\u00edtica monetaria japonesa <\/span><span class=\"com-text --credit --twoxs\">KENTARO TAKAHASHI \/ GETTY<\/span><\/figcaption><\/figure>\n<\/section>\n<\/div>\n<p class=\"com-paragraph --s\">Seguidora de la Abenomics, Takaichi ha presentado <strong>un ambicioso plan de gasto<\/strong> <strong>destinado a impulsar la inversi\u00f3n<\/strong> <strong>en sectores de crecimiento<\/strong> y mitigar el impacto del aumento del costo de vida en los hogares.<\/p>\n<p class=\"com-paragraph --s\">El \u00e9nfasis en el gasto p\u00fablico <strong>ha inquietado a los inversores y ha elevado los rendimientos de los bonos del gobierno japon\u00e9s a m\u00e1ximos de tres d\u00e9cadas,<\/strong> lo que podr\u00eda tener repercusiones en los rendimientos de los bonos del Tesoro estadounidense.<\/p>\n<p class=\"com-paragraph --s\">\u201cLa mejor manera de apuntalar el yen ser\u00eda que la administraci\u00f3n Takaichi transmitiera un <strong>mensaje claro<\/strong> comprometi\u00e9ndose con una reforma fiscal\u201d, afirm\u00f3 Shinohara. \u201cPero la probabilidad de que esto ocurra es muy baja\u201d.<\/p>\n<p class=\"com-paragraph --s\">Personas cercanas a las interacciones entre los interlocutores de los dos pa\u00edses, <strong>el secretario del Tesoro y la ministra de Finanzas<\/strong> \u2013quienes han mantenido aproximadamente una docena de conversaciones\u2013 afirman que mantienen una relaci\u00f3n cordial. <strong>Sin embargo, provienen de \u00e1mbitos diferentes.<\/strong> \u00c9l era un inversor del sector privado que hist\u00f3ricamente ha defendido las pol\u00edticas de libre mercado. Ella era una bur\u00f3crata con larga trayectoria, m\u00e1s c\u00f3moda con la intervenci\u00f3n estatal. Ambos aseguran saber qu\u00e9 es lo mejor para la econom\u00eda japonesa.<\/p>\n<p class=\"com-paragraph --s\"><strong>Agencia Reuters y diario The New York Times<\/strong><\/p>\n<section class=\"container-center-100 mb-40 border border-bottom border-thin border-neutral-light-700\">\n<hr\/>\n<\/section>\n<\/div>\n<p><script id=\"facebookpixel\" defer=\"\" type=\"text\/javascript\">\n        !function(f,b,e,v,n,t,s)\n        {if(f.fbq)return;n=f.fbq=function(){n.callMethod?\n        n.callMethod.apply(n,arguments):n.queue.push(arguments)};\n        if(!f._fbq)f._fbq=n;n.push=n;n.loaded=!0;n.version='2.0';\n        n.queue=[];t=b.createElement(e);t.async=!0;\n        t.src=v;s=b.getElementsByTagName(e)[0];\n        s.parentNode.insertBefore(t,s)}(window, document,'script',\n        'https:\/\/connect.facebook.net\/en_US\/fbevents.js');\n        fbq('init', '492459597522335');\n        fbq('track', 'PageView');\n    <\/script><br \/>\n<br \/><\/p>\n","protected":false},"excerpt":{"rendered":"<p>ASHEVILLE, Carolina del Norte.- Un mes despu\u00e9s de una inusual intervenci\u00f3n de Estados Unidos para apuntalar el yen, el secretario del Tesoro estadounidense, Scott Bessent, dej\u00f3 claras esta semana las condiciones: acelerar las subas de tipos de inter\u00e9s y abandonar las ideas que considera obsoletas sobre grandes est\u00edmulos econ\u00f3micos. A finales de julio, Bessent y [&hellip;]<\/p>\n","protected":false},"author":2,"featured_media":210157,"comment_status":"closed","ping_status":"closed","sticky":false,"template":"","format":"standard","meta":{"footnotes":""},"categories":[26],"tags":[],"class_list":["post-210156","post","type-post","status-publish","format-standard","has-post-thumbnail","hentry","category-internacionales"],"yoast_head":"<!-- This site is optimized with the Yoast SEO plugin v24.4 - https:\/\/yoast.com\/wordpress\/plugins\/seo\/ -->\n<title>Bessent presiona al Banco Central de Jap\u00f3n para que \u201chaga lo correcto\u201d con su pol\u00edtica monetaria - GYS NOTICIAS |<\/title>\n<meta name=\"robots\" content=\"index, follow, max-snippet:-1, max-image-preview:large, max-video-preview:-1\" \/>\n<link rel=\"canonical\" href=\"https:\/\/gysfm.com.ar\/inicio\/bessent-presiona-al-banco-central-de-japon-para-que-haga-lo-correcto-con-su-politica-monetaria\/\" \/>\n<meta property=\"og:locale\" content=\"es_ES\" \/>\n<meta property=\"og:type\" content=\"article\" \/>\n<meta property=\"og:title\" content=\"Bessent presiona al Banco Central de Jap\u00f3n para que \u201chaga lo correcto\u201d con su pol\u00edtica monetaria - GYS NOTICIAS |\" \/>\n<meta property=\"og:description\" content=\"ASHEVILLE, Carolina del Norte.- Un mes despu\u00e9s de una inusual intervenci\u00f3n de Estados Unidos para apuntalar el yen, el secretario del Tesoro estadounidense, Scott Bessent, dej\u00f3 claras esta semana las condiciones: acelerar las subas de tipos de inter\u00e9s y abandonar las ideas que considera obsoletas sobre grandes est\u00edmulos econ\u00f3micos. A finales de julio, Bessent y [&hellip;]\" \/>\n<meta property=\"og:url\" content=\"https:\/\/gysfm.com.ar\/inicio\/bessent-presiona-al-banco-central-de-japon-para-que-haga-lo-correcto-con-su-politica-monetaria\/\" \/>\n<meta property=\"og:site_name\" content=\"GYS NOTICIAS |\" \/>\n<meta property=\"article:published_time\" content=\"2026-09-02T11:52:05+00:00\" \/>\n<meta property=\"article:modified_time\" content=\"2026-09-02T11:52:06+00:00\" \/>\n<meta property=\"og:image\" content=\"https:\/\/gysfm.com.ar\/inicio\/wp-content\/uploads\/2026\/09\/el-secretario-del-tesoro-de-eeuu-durante-la-3VZAN56MNRH5TM6GMFHFKIKYOI.jpg\" \/>\n\t<meta property=\"og:image:width\" content=\"1200\" \/>\n\t<meta property=\"og:image:height\" content=\"800\" \/>\n\t<meta property=\"og:image:type\" content=\"image\/jpeg\" \/>\n<meta name=\"author\" content=\"Prensa G&amp;S FM\" \/>\n<meta name=\"twitter:card\" content=\"summary_large_image\" \/>\n<meta name=\"twitter:label1\" content=\"Escrito por\" \/>\n\t<meta name=\"twitter:data1\" content=\"Prensa G&amp;S FM\" \/>\n\t<meta name=\"twitter:label2\" content=\"Tiempo de lectura\" \/>\n\t<meta name=\"twitter:data2\" content=\"6 minutos\" \/>\n<script type=\"application\/ld+json\" class=\"yoast-schema-graph\">{\"@context\":\"https:\/\/schema.org\",\"@graph\":[{\"@type\":\"Article\",\"@id\":\"https:\/\/gysfm.com.ar\/inicio\/bessent-presiona-al-banco-central-de-japon-para-que-haga-lo-correcto-con-su-politica-monetaria\/#article\",\"isPartOf\":{\"@id\":\"https:\/\/gysfm.com.ar\/inicio\/bessent-presiona-al-banco-central-de-japon-para-que-haga-lo-correcto-con-su-politica-monetaria\/\"},\"author\":{\"name\":\"Prensa G&amp;S FM\",\"@id\":\"https:\/\/gysfm.com.ar\/inicio\/#\/schema\/person\/3abba7593ef2ad19e1be221d54383dc5\"},\"headline\":\"Bessent presiona al Banco Central de Jap\u00f3n para que \u201chaga lo correcto\u201d con su pol\u00edtica monetaria\",\"datePublished\":\"2026-09-02T11:52:05+00:00\",\"dateModified\":\"2026-09-02T11:52:06+00:00\",\"mainEntityOfPage\":{\"@id\":\"https:\/\/gysfm.com.ar\/inicio\/bessent-presiona-al-banco-central-de-japon-para-que-haga-lo-correcto-con-su-politica-monetaria\/\"},\"wordCount\":1213,\"publisher\":{\"@id\":\"https:\/\/gysfm.com.ar\/inicio\/#organization\"},\"image\":{\"@id\":\"https:\/\/gysfm.com.ar\/inicio\/bessent-presiona-al-banco-central-de-japon-para-que-haga-lo-correcto-con-su-politica-monetaria\/#primaryimage\"},\"thumbnailUrl\":\"https:\/\/gysfm.com.ar\/inicio\/wp-content\/uploads\/2026\/09\/el-secretario-del-tesoro-de-eeuu-durante-la-3VZAN56MNRH5TM6GMFHFKIKYOI.jpg\",\"articleSection\":[\"INTERNACIONALES\"],\"inLanguage\":\"es\"},{\"@type\":\"WebPage\",\"@id\":\"https:\/\/gysfm.com.ar\/inicio\/bessent-presiona-al-banco-central-de-japon-para-que-haga-lo-correcto-con-su-politica-monetaria\/\",\"url\":\"https:\/\/gysfm.com.ar\/inicio\/bessent-presiona-al-banco-central-de-japon-para-que-haga-lo-correcto-con-su-politica-monetaria\/\",\"name\":\"Bessent presiona al Banco Central de Jap\u00f3n para que \u201chaga lo correcto\u201d con su pol\u00edtica monetaria - GYS NOTICIAS |\",\"isPartOf\":{\"@id\":\"https:\/\/gysfm.com.ar\/inicio\/#website\"},\"primaryImageOfPage\":{\"@id\":\"https:\/\/gysfm.com.ar\/inicio\/bessent-presiona-al-banco-central-de-japon-para-que-haga-lo-correcto-con-su-politica-monetaria\/#primaryimage\"},\"image\":{\"@id\":\"https:\/\/gysfm.com.ar\/inicio\/bessent-presiona-al-banco-central-de-japon-para-que-haga-lo-correcto-con-su-politica-monetaria\/#primaryimage\"},\"thumbnailUrl\":\"https:\/\/gysfm.com.ar\/inicio\/wp-content\/uploads\/2026\/09\/el-secretario-del-tesoro-de-eeuu-durante-la-3VZAN56MNRH5TM6GMFHFKIKYOI.jpg\",\"datePublished\":\"2026-09-02T11:52:05+00:00\",\"dateModified\":\"2026-09-02T11:52:06+00:00\",\"breadcrumb\":{\"@id\":\"https:\/\/gysfm.com.ar\/inicio\/bessent-presiona-al-banco-central-de-japon-para-que-haga-lo-correcto-con-su-politica-monetaria\/#breadcrumb\"},\"inLanguage\":\"es\",\"potentialAction\":[{\"@type\":\"ReadAction\",\"target\":[\"https:\/\/gysfm.com.ar\/inicio\/bessent-presiona-al-banco-central-de-japon-para-que-haga-lo-correcto-con-su-politica-monetaria\/\"]}]},{\"@type\":\"ImageObject\",\"inLanguage\":\"es\",\"@id\":\"https:\/\/gysfm.com.ar\/inicio\/bessent-presiona-al-banco-central-de-japon-para-que-haga-lo-correcto-con-su-politica-monetaria\/#primaryimage\",\"url\":\"https:\/\/gysfm.com.ar\/inicio\/wp-content\/uploads\/2026\/09\/el-secretario-del-tesoro-de-eeuu-durante-la-3VZAN56MNRH5TM6GMFHFKIKYOI.jpg\",\"contentUrl\":\"https:\/\/gysfm.com.ar\/inicio\/wp-content\/uploads\/2026\/09\/el-secretario-del-tesoro-de-eeuu-durante-la-3VZAN56MNRH5TM6GMFHFKIKYOI.jpg\",\"width\":1200,\"height\":800},{\"@type\":\"BreadcrumbList\",\"@id\":\"https:\/\/gysfm.com.ar\/inicio\/bessent-presiona-al-banco-central-de-japon-para-que-haga-lo-correcto-con-su-politica-monetaria\/#breadcrumb\",\"itemListElement\":[{\"@type\":\"ListItem\",\"position\":1,\"name\":\"Portada\",\"item\":\"https:\/\/gysfm.com.ar\/inicio\/\"},{\"@type\":\"ListItem\",\"position\":2,\"name\":\"Bessent presiona al Banco Central de Jap\u00f3n para que \u201chaga lo correcto\u201d con su pol\u00edtica monetaria\"}]},{\"@type\":\"WebSite\",\"@id\":\"https:\/\/gysfm.com.ar\/inicio\/#website\",\"url\":\"https:\/\/gysfm.com.ar\/inicio\/\",\"name\":\"GYS NOTICIAS |\",\"description\":\"DIARIO - RADIO ONLINE SAN JUAN ARGENTINA\",\"publisher\":{\"@id\":\"https:\/\/gysfm.com.ar\/inicio\/#organization\"},\"potentialAction\":[{\"@type\":\"SearchAction\",\"target\":{\"@type\":\"EntryPoint\",\"urlTemplate\":\"https:\/\/gysfm.com.ar\/inicio\/?s={search_term_string}\"},\"query-input\":{\"@type\":\"PropertyValueSpecification\",\"valueRequired\":true,\"valueName\":\"search_term_string\"}}],\"inLanguage\":\"es\"},{\"@type\":\"Organization\",\"@id\":\"https:\/\/gysfm.com.ar\/inicio\/#organization\",\"name\":\"GYS NOTICIAS |\",\"url\":\"https:\/\/gysfm.com.ar\/inicio\/\",\"logo\":{\"@type\":\"ImageObject\",\"inLanguage\":\"es\",\"@id\":\"https:\/\/gysfm.com.ar\/inicio\/#\/schema\/logo\/image\/\",\"url\":\"https:\/\/gysfm.com.ar\/inicio\/wp-content\/uploads\/2023\/07\/LOGOGYS-OK.png\",\"contentUrl\":\"https:\/\/gysfm.com.ar\/inicio\/wp-content\/uploads\/2023\/07\/LOGOGYS-OK.png\",\"width\":1170,\"height\":872,\"caption\":\"GYS NOTICIAS |\"},\"image\":{\"@id\":\"https:\/\/gysfm.com.ar\/inicio\/#\/schema\/logo\/image\/\"}},{\"@type\":\"Person\",\"@id\":\"https:\/\/gysfm.com.ar\/inicio\/#\/schema\/person\/3abba7593ef2ad19e1be221d54383dc5\",\"name\":\"Prensa G&amp;S FM\",\"image\":{\"@type\":\"ImageObject\",\"inLanguage\":\"es\",\"@id\":\"https:\/\/gysfm.com.ar\/inicio\/#\/schema\/person\/image\/\",\"url\":\"https:\/\/secure.gravatar.com\/avatar\/096ec78df02049ab018702bb4ccedf659377fa92a26540b5247612077a0dbd29?s=96&d=mm&r=g\",\"contentUrl\":\"https:\/\/secure.gravatar.com\/avatar\/096ec78df02049ab018702bb4ccedf659377fa92a26540b5247612077a0dbd29?s=96&d=mm&r=g\",\"caption\":\"Prensa G&amp;S FM\"},\"sameAs\":[\"https:\/\/gysfm.com.ar\/\"],\"url\":\"https:\/\/gysfm.com.ar\/inicio\/author\/lucasm\/\"}]}<\/script>\n<!-- \/ Yoast SEO plugin. -->","yoast_head_json":{"title":"Bessent presiona al Banco Central de Jap\u00f3n para que \u201chaga lo correcto\u201d con su pol\u00edtica monetaria - GYS NOTICIAS |","robots":{"index":"index","follow":"follow","max-snippet":"max-snippet:-1","max-image-preview":"max-image-preview:large","max-video-preview":"max-video-preview:-1"},"canonical":"https:\/\/gysfm.com.ar\/inicio\/bessent-presiona-al-banco-central-de-japon-para-que-haga-lo-correcto-con-su-politica-monetaria\/","og_locale":"es_ES","og_type":"article","og_title":"Bessent presiona al Banco Central de Jap\u00f3n para que \u201chaga lo correcto\u201d con su pol\u00edtica monetaria - GYS NOTICIAS |","og_description":"ASHEVILLE, Carolina del Norte.- Un mes despu\u00e9s de una inusual intervenci\u00f3n de Estados Unidos para apuntalar el yen, el secretario del Tesoro estadounidense, Scott Bessent, dej\u00f3 claras esta semana las condiciones: acelerar las subas de tipos de inter\u00e9s y abandonar las ideas que considera obsoletas sobre grandes est\u00edmulos econ\u00f3micos. A finales de julio, Bessent y [&hellip;]","og_url":"https:\/\/gysfm.com.ar\/inicio\/bessent-presiona-al-banco-central-de-japon-para-que-haga-lo-correcto-con-su-politica-monetaria\/","og_site_name":"GYS NOTICIAS |","article_published_time":"2026-09-02T11:52:05+00:00","article_modified_time":"2026-09-02T11:52:06+00:00","og_image":[{"width":1200,"height":800,"url":"https:\/\/gysfm.com.ar\/inicio\/wp-content\/uploads\/2026\/09\/el-secretario-del-tesoro-de-eeuu-durante-la-3VZAN56MNRH5TM6GMFHFKIKYOI.jpg","type":"image\/jpeg"}],"author":"Prensa G&amp;S FM","twitter_card":"summary_large_image","twitter_misc":{"Escrito por":"Prensa G&amp;S FM","Tiempo de lectura":"6 minutos"},"schema":{"@context":"https:\/\/schema.org","@graph":[{"@type":"Article","@id":"https:\/\/gysfm.com.ar\/inicio\/bessent-presiona-al-banco-central-de-japon-para-que-haga-lo-correcto-con-su-politica-monetaria\/#article","isPartOf":{"@id":"https:\/\/gysfm.com.ar\/inicio\/bessent-presiona-al-banco-central-de-japon-para-que-haga-lo-correcto-con-su-politica-monetaria\/"},"author":{"name":"Prensa G&amp;S FM","@id":"https:\/\/gysfm.com.ar\/inicio\/#\/schema\/person\/3abba7593ef2ad19e1be221d54383dc5"},"headline":"Bessent presiona al Banco Central de Jap\u00f3n para que \u201chaga lo correcto\u201d con su pol\u00edtica monetaria","datePublished":"2026-09-02T11:52:05+00:00","dateModified":"2026-09-02T11:52:06+00:00","mainEntityOfPage":{"@id":"https:\/\/gysfm.com.ar\/inicio\/bessent-presiona-al-banco-central-de-japon-para-que-haga-lo-correcto-con-su-politica-monetaria\/"},"wordCount":1213,"publisher":{"@id":"https:\/\/gysfm.com.ar\/inicio\/#organization"},"image":{"@id":"https:\/\/gysfm.com.ar\/inicio\/bessent-presiona-al-banco-central-de-japon-para-que-haga-lo-correcto-con-su-politica-monetaria\/#primaryimage"},"thumbnailUrl":"https:\/\/gysfm.com.ar\/inicio\/wp-content\/uploads\/2026\/09\/el-secretario-del-tesoro-de-eeuu-durante-la-3VZAN56MNRH5TM6GMFHFKIKYOI.jpg","articleSection":["INTERNACIONALES"],"inLanguage":"es"},{"@type":"WebPage","@id":"https:\/\/gysfm.com.ar\/inicio\/bessent-presiona-al-banco-central-de-japon-para-que-haga-lo-correcto-con-su-politica-monetaria\/","url":"https:\/\/gysfm.com.ar\/inicio\/bessent-presiona-al-banco-central-de-japon-para-que-haga-lo-correcto-con-su-politica-monetaria\/","name":"Bessent presiona al Banco Central de Jap\u00f3n para que \u201chaga lo correcto\u201d con su pol\u00edtica monetaria - GYS NOTICIAS |","isPartOf":{"@id":"https:\/\/gysfm.com.ar\/inicio\/#website"},"primaryImageOfPage":{"@id":"https:\/\/gysfm.com.ar\/inicio\/bessent-presiona-al-banco-central-de-japon-para-que-haga-lo-correcto-con-su-politica-monetaria\/#primaryimage"},"image":{"@id":"https:\/\/gysfm.com.ar\/inicio\/bessent-presiona-al-banco-central-de-japon-para-que-haga-lo-correcto-con-su-politica-monetaria\/#primaryimage"},"thumbnailUrl":"https:\/\/gysfm.com.ar\/inicio\/wp-content\/uploads\/2026\/09\/el-secretario-del-tesoro-de-eeuu-durante-la-3VZAN56MNRH5TM6GMFHFKIKYOI.jpg","datePublished":"2026-09-02T11:52:05+00:00","dateModified":"2026-09-02T11:52:06+00:00","breadcrumb":{"@id":"https:\/\/gysfm.com.ar\/inicio\/bessent-presiona-al-banco-central-de-japon-para-que-haga-lo-correcto-con-su-politica-monetaria\/#breadcrumb"},"inLanguage":"es","potentialAction":[{"@type":"ReadAction","target":["https:\/\/gysfm.com.ar\/inicio\/bessent-presiona-al-banco-central-de-japon-para-que-haga-lo-correcto-con-su-politica-monetaria\/"]}]},{"@type":"ImageObject","inLanguage":"es","@id":"https:\/\/gysfm.com.ar\/inicio\/bessent-presiona-al-banco-central-de-japon-para-que-haga-lo-correcto-con-su-politica-monetaria\/#primaryimage","url":"https:\/\/gysfm.com.ar\/inicio\/wp-content\/uploads\/2026\/09\/el-secretario-del-tesoro-de-eeuu-durante-la-3VZAN56MNRH5TM6GMFHFKIKYOI.jpg","contentUrl":"https:\/\/gysfm.com.ar\/inicio\/wp-content\/uploads\/2026\/09\/el-secretario-del-tesoro-de-eeuu-durante-la-3VZAN56MNRH5TM6GMFHFKIKYOI.jpg","width":1200,"height":800},{"@type":"BreadcrumbList","@id":"https:\/\/gysfm.com.ar\/inicio\/bessent-presiona-al-banco-central-de-japon-para-que-haga-lo-correcto-con-su-politica-monetaria\/#breadcrumb","itemListElement":[{"@type":"ListItem","position":1,"name":"Portada","item":"https:\/\/gysfm.com.ar\/inicio\/"},{"@type":"ListItem","position":2,"name":"Bessent presiona al Banco Central de Jap\u00f3n para que \u201chaga lo correcto\u201d con su pol\u00edtica monetaria"}]},{"@type":"WebSite","@id":"https:\/\/gysfm.com.ar\/inicio\/#website","url":"https:\/\/gysfm.com.ar\/inicio\/","name":"GYS NOTICIAS |","description":"DIARIO - RADIO ONLINE SAN JUAN ARGENTINA","publisher":{"@id":"https:\/\/gysfm.com.ar\/inicio\/#organization"},"potentialAction":[{"@type":"SearchAction","target":{"@type":"EntryPoint","urlTemplate":"https:\/\/gysfm.com.ar\/inicio\/?s={search_term_string}"},"query-input":{"@type":"PropertyValueSpecification","valueRequired":true,"valueName":"search_term_string"}}],"inLanguage":"es"},{"@type":"Organization","@id":"https:\/\/gysfm.com.ar\/inicio\/#organization","name":"GYS NOTICIAS |","url":"https:\/\/gysfm.com.ar\/inicio\/","logo":{"@type":"ImageObject","inLanguage":"es","@id":"https:\/\/gysfm.com.ar\/inicio\/#\/schema\/logo\/image\/","url":"https:\/\/gysfm.com.ar\/inicio\/wp-content\/uploads\/2023\/07\/LOGOGYS-OK.png","contentUrl":"https:\/\/gysfm.com.ar\/inicio\/wp-content\/uploads\/2023\/07\/LOGOGYS-OK.png","width":1170,"height":872,"caption":"GYS NOTICIAS |"},"image":{"@id":"https:\/\/gysfm.com.ar\/inicio\/#\/schema\/logo\/image\/"}},{"@type":"Person","@id":"https:\/\/gysfm.com.ar\/inicio\/#\/schema\/person\/3abba7593ef2ad19e1be221d54383dc5","name":"Prensa G&amp;S FM","image":{"@type":"ImageObject","inLanguage":"es","@id":"https:\/\/gysfm.com.ar\/inicio\/#\/schema\/person\/image\/","url":"https:\/\/secure.gravatar.com\/avatar\/096ec78df02049ab018702bb4ccedf659377fa92a26540b5247612077a0dbd29?s=96&d=mm&r=g","contentUrl":"https:\/\/secure.gravatar.com\/avatar\/096ec78df02049ab018702bb4ccedf659377fa92a26540b5247612077a0dbd29?s=96&d=mm&r=g","caption":"Prensa G&amp;S FM"},"sameAs":["https:\/\/gysfm.com.ar\/"],"url":"https:\/\/gysfm.com.ar\/inicio\/author\/lucasm\/"}]}},"_links":{"self":[{"href":"https:\/\/gysfm.com.ar\/inicio\/wp-json\/wp\/v2\/posts\/210156","targetHints":{"allow":["GET"]}}],"collection":[{"href":"https:\/\/gysfm.com.ar\/inicio\/wp-json\/wp\/v2\/posts"}],"about":[{"href":"https:\/\/gysfm.com.ar\/inicio\/wp-json\/wp\/v2\/types\/post"}],"author":[{"embeddable":true,"href":"https:\/\/gysfm.com.ar\/inicio\/wp-json\/wp\/v2\/users\/2"}],"replies":[{"embeddable":true,"href":"https:\/\/gysfm.com.ar\/inicio\/wp-json\/wp\/v2\/comments?post=210156"}],"version-history":[{"count":1,"href":"https:\/\/gysfm.com.ar\/inicio\/wp-json\/wp\/v2\/posts\/210156\/revisions"}],"predecessor-version":[{"id":210158,"href":"https:\/\/gysfm.com.ar\/inicio\/wp-json\/wp\/v2\/posts\/210156\/revisions\/210158"}],"wp:featuredmedia":[{"embeddable":true,"href":"https:\/\/gysfm.com.ar\/inicio\/wp-json\/wp\/v2\/media\/210157"}],"wp:attachment":[{"href":"https:\/\/gysfm.com.ar\/inicio\/wp-json\/wp\/v2\/media?parent=210156"}],"wp:term":[{"taxonomy":"category","embeddable":true,"href":"https:\/\/gysfm.com.ar\/inicio\/wp-json\/wp\/v2\/categories?post=210156"},{"taxonomy":"post_tag","embeddable":true,"href":"https:\/\/gysfm.com.ar\/inicio\/wp-json\/wp\/v2\/tags?post=210156"}],"curies":[{"name":"wp","href":"https:\/\/api.w.org\/{rel}","templated":true}]}}