{"id":210147,"date":"2026-09-02T07:07:18","date_gmt":"2026-09-02T10:07:18","guid":{"rendered":"https:\/\/gysfm.com.ar\/inicio\/anticipan-que-en-agosto-se-redujo-la-mora-de-las-familias\/"},"modified":"2026-09-02T07:07:18","modified_gmt":"2026-09-02T10:07:18","slug":"anticipan-que-en-agosto-se-redujo-la-mora-de-las-familias","status":"publish","type":"post","link":"https:\/\/gysfm.com.ar\/inicio\/anticipan-que-en-agosto-se-redujo-la-mora-de-las-familias\/","title":{"rendered":"Anticipan que en agosto se redujo la mora de las familias"},"content":{"rendered":"<p> <br \/>\n<\/p>\n<div id=\"\">\n<p id=\"p-1788314573042-61009\">Los primeros datos que manejan en las entidades financieras indican que<strong> el mes pasado se redujo el porcentaje de mora en los cr\u00e9ditos tomados por las familias<\/strong>, seg\u00fan se\u00f1alaron fuentes del mercado a <strong>\u00c1mbito.<\/strong><\/p>\n<\/p><\/div>\n<div id=\"\">\n<p id=\"p-1788314573043-76808\">M\u00e1s all\u00e1 de que el Ministerio de Econom\u00eda se\u00f1al\u00f3 que se trata de \u201cun problema entre privados\u201d, <strong>autoridades mantuvieron discretos encuentros con bancos y las principales fintech planteando la necesidad de refinanciaciones<\/strong> <strong>a tasas adecuadas<\/strong>, seg\u00fan se comenta en la City.<\/p>\n<\/div>\n<div id=\"\">\n<p id=\"p-1788314573043-33410\"> Los bancos oficiales m\u00e1s importantes \u2013 Naci\u00f3n, Provincia, Ciudad \u2013 est\u00e1n refinanciando no s\u00f3lo a clientes propios sino tambi\u00e9n a los morosos de otros bancos y plataformas. Estos bancos <strong>\u201csacrifican tasa, pero, a cambio, ampl\u00edan la cartera de clientes\u201d<\/strong>, seg\u00fan se comenta en el sistema financiero.<\/p>\n<\/div>\n<div id=\"\">\n<p id=\"p-1788314573043-18501\">El \u00faltimo dato difundido por el <strong>Banco Central<\/strong> muestra que, en <strong>julio,<\/strong> los <strong>pr\u00e9stamos en<\/strong> <strong>situaci\u00f3n irregular de los hogares llegaron a 12,94%<\/strong>, por encima de junio (12,77%).<\/p>\n<\/div>\n<div id=\"\">\n<p id=\"p-1788314573043-31503\">El problema m\u00e1s serio se concentra en las financiaciones de las fintech m\u00e1s chicas y en las ventas a plazo de electrodom\u00e9sticos (la mora llega hasta 50%).<\/p>\n<\/div>\n<div id=\"\">\n<p id=\"p-1788314573043-59183\">El universo con deudas en situaci\u00f3n irregular (atrasos superiores a 90 d\u00edas) alcanza a <strong>casi 5,9 millones de personas<\/strong>, lo que representa aproximadamente el 28% del total de sujetos de cr\u00e9dito del pa\u00eds.<\/p>\n<p id=\"p-1788314573043-35914\"><strong>El 50% de los morosos debe menos de $626.000. <\/strong>Esta cifra representa m\u00e1s de un tercio de lo que perciben en promedio los trabajadores formales, cuyo sueldo de bolsillo ronda los $1.600.000.<\/p>\n<p id=\"p-1788314573043-9781\">Dentro del partido gobernante, la senadora <strong>Patricia Bullrich<\/strong> adopt\u00f3 una postura de reclamo hacia los bancos y fintech, calificando de \u00abrobo\u00bb al Costo Financiero Total (CFT) de los pr\u00e9stamos en un discurso que diera en la c\u00e1mara alta el pasado jueves.<\/p>\n<p id=\"p-1788314573043-35552\">Aunque ratific\u00f3 la l\u00ednea oficial de que el Estado no debe rescatar con fondos p\u00fablicos a los deudores ni emitir dinero,<strong> exigi\u00f3 que las entidades financieras privadas se hagan cargo del sobreendeudamiento.<\/strong><\/p>\n<p id=\"p-1788314573043-45471\">En la reuni\u00f3n de la <strong>\u201cMesa Pol\u00edtica\u201d<\/strong> que tuvo lugar este martes en la Casa Rosada el tema habr\u00eda sido nuevamente tratado. Seg\u00fan trascendi\u00f3, <strong>Bullrich habr\u00eda llevado iniciativas orientadas a solucionar este problema.<\/strong><\/p>\n<div contenteditable=\"false\" class=\"embed_cont type_imagen\" id=\"8272701-Libre-1651890208_wrap\">\n<div id=\"8272701-Libre-1651890208_content\" class=\"embed_content\"> <img src=\"https:\/\/media.ambito.com\/p\/e8afdef1db8c39dc49f5301fa463557d\/adjuntos\/239\/imagenes\/043\/617\/0043617611\/730x0\/smart\/grafico-mora.png\" decoding=\"async\" fetchpriority=\"low\" loading=\"lazy\" alt=\"\" title=\"\" width=\"730\" height=\"undefined\" id=\"8272701-Libre-1651890208_embed\"\/><\/div><\/div>\n<h2 id=\"p-1788314573043-21238\">Normalizaci\u00f3n<\/h2>\n<p id=\"p-1788314573043-41356\">A partir del proceso de refinanciaci\u00f3n que est\u00e1n encarando las entidades, en medios del mercado se estima que \u201cpara diciembre se alcanzar\u00e1n niveles de morosidad m\u00e1s cercanos a la normalidad\u201d.<\/p>\n<p id=\"p-1788314573043-17014\">Cabe recordar que la irregularidad en los hogares comenz\u00f3 el a\u00f1o pasado en \u201ccifras moderadas\u201d de 2,7% en enero y para junio de 2025, se ubicaba en un 5,2%, es decir menos de la mitad del registro actual.  <\/p>\n<\/div>\n<p><script>\n!function(f,b,e,v,n,t,s)\n{if(f.fbq)return;n=f.fbq=function(){n.callMethod?\nn.callMethod.apply(n,arguments):n.queue.push(arguments)};\nif(!f._fbq)f._fbq=n;n.push=n;n.loaded=!0;n.version='2.0';\nn.queue=[];t=b.createElement(e);t.async=!0;\nt.src=v;s=b.getElementsByTagName(e)[0];\ns.parentNode.insertBefore(t,s)}(window,document,'script',\n'https:\/\/connect.facebook.net\/en_US\/fbevents.js');\nfbq('init', '2047048335588113');\nfbq('track', 'PageView');\n<\/script><br \/>\n<br \/><\/p>\n","protected":false},"excerpt":{"rendered":"<p>Los primeros datos que manejan en las entidades financieras indican que el mes pasado se redujo el porcentaje de mora en los cr\u00e9ditos tomados por las familias, seg\u00fan se\u00f1alaron fuentes del mercado a \u00c1mbito. M\u00e1s all\u00e1 de que el Ministerio de Econom\u00eda se\u00f1al\u00f3 que se trata de \u201cun problema entre privados\u201d, autoridades mantuvieron discretos encuentros [&hellip;]<\/p>\n","protected":false},"author":1,"featured_media":210148,"comment_status":"closed","ping_status":"closed","sticky":false,"template":"","format":"standard","meta":{"footnotes":""},"categories":[28],"tags":[],"class_list":["post-210147","post","type-post","status-publish","format-standard","has-post-thumbnail","hentry","category-economia"],"yoast_head":"<!-- This site is optimized with the Yoast SEO plugin v24.4 - https:\/\/yoast.com\/wordpress\/plugins\/seo\/ -->\n<title>Anticipan que en agosto se redujo la mora de las familias - GYS NOTICIAS |<\/title>\n<meta name=\"robots\" content=\"index, follow, max-snippet:-1, max-image-preview:large, max-video-preview:-1\" \/>\n<link rel=\"canonical\" href=\"https:\/\/gysfm.com.ar\/inicio\/anticipan-que-en-agosto-se-redujo-la-mora-de-las-familias\/\" \/>\n<meta property=\"og:locale\" content=\"es_ES\" \/>\n<meta property=\"og:type\" content=\"article\" \/>\n<meta property=\"og:title\" content=\"Anticipan que en agosto se redujo la mora de las familias - GYS NOTICIAS |\" \/>\n<meta property=\"og:description\" content=\"Los primeros datos que manejan en las entidades financieras indican que el mes pasado se redujo el porcentaje de mora en los cr\u00e9ditos tomados por las familias, seg\u00fan se\u00f1alaron fuentes del mercado a \u00c1mbito. M\u00e1s all\u00e1 de que el Ministerio de Econom\u00eda se\u00f1al\u00f3 que se trata de \u201cun problema entre privados\u201d, autoridades mantuvieron discretos encuentros [&hellip;]\" \/>\n<meta property=\"og:url\" content=\"https:\/\/gysfm.com.ar\/inicio\/anticipan-que-en-agosto-se-redujo-la-mora-de-las-familias\/\" \/>\n<meta property=\"og:site_name\" content=\"GYS NOTICIAS |\" \/>\n<meta property=\"article:published_time\" content=\"2026-09-02T10:07:18+00:00\" \/>\n<meta property=\"og:image\" content=\"https:\/\/media.ambito.com\/p\/e8afdef1db8c39dc49f5301fa463557d\/adjuntos\/239\/imagenes\/043\/617\/0043617611\/730x0\/smart\/grafico-mora.png\" \/>\n<meta name=\"author\" content=\"admin\" \/>\n<meta name=\"twitter:card\" content=\"summary_large_image\" \/>\n<meta name=\"twitter:label1\" content=\"Escrito por\" \/>\n\t<meta name=\"twitter:data1\" content=\"admin\" \/>\n\t<meta name=\"twitter:label2\" content=\"Tiempo de lectura\" \/>\n\t<meta name=\"twitter:data2\" content=\"2 minutos\" \/>\n<script type=\"application\/ld+json\" class=\"yoast-schema-graph\">{\"@context\":\"https:\/\/schema.org\",\"@graph\":[{\"@type\":\"Article\",\"@id\":\"https:\/\/gysfm.com.ar\/inicio\/anticipan-que-en-agosto-se-redujo-la-mora-de-las-familias\/#article\",\"isPartOf\":{\"@id\":\"https:\/\/gysfm.com.ar\/inicio\/anticipan-que-en-agosto-se-redujo-la-mora-de-las-familias\/\"},\"author\":{\"name\":\"admin\",\"@id\":\"https:\/\/gysfm.com.ar\/inicio\/#\/schema\/person\/5bedd7ecd35cc35548d89effafa23696\"},\"headline\":\"Anticipan que en agosto se redujo la mora de las familias\",\"datePublished\":\"2026-09-02T10:07:18+00:00\",\"mainEntityOfPage\":{\"@id\":\"https:\/\/gysfm.com.ar\/inicio\/anticipan-que-en-agosto-se-redujo-la-mora-de-las-familias\/\"},\"wordCount\":454,\"publisher\":{\"@id\":\"https:\/\/gysfm.com.ar\/inicio\/#organization\"},\"image\":{\"@id\":\"https:\/\/gysfm.com.ar\/inicio\/anticipan-que-en-agosto-se-redujo-la-mora-de-las-familias\/#primaryimage\"},\"thumbnailUrl\":\"https:\/\/gysfm.com.ar\/inicio\/wp-content\/uploads\/2026\/09\/deudas-jovenes-morosidad.webp.png\",\"articleSection\":[\"ECONOMIA\"],\"inLanguage\":\"es\"},{\"@type\":\"WebPage\",\"@id\":\"https:\/\/gysfm.com.ar\/inicio\/anticipan-que-en-agosto-se-redujo-la-mora-de-las-familias\/\",\"url\":\"https:\/\/gysfm.com.ar\/inicio\/anticipan-que-en-agosto-se-redujo-la-mora-de-las-familias\/\",\"name\":\"Anticipan que en agosto se redujo la mora de las familias - GYS NOTICIAS |\",\"isPartOf\":{\"@id\":\"https:\/\/gysfm.com.ar\/inicio\/#website\"},\"primaryImageOfPage\":{\"@id\":\"https:\/\/gysfm.com.ar\/inicio\/anticipan-que-en-agosto-se-redujo-la-mora-de-las-familias\/#primaryimage\"},\"image\":{\"@id\":\"https:\/\/gysfm.com.ar\/inicio\/anticipan-que-en-agosto-se-redujo-la-mora-de-las-familias\/#primaryimage\"},\"thumbnailUrl\":\"https:\/\/gysfm.com.ar\/inicio\/wp-content\/uploads\/2026\/09\/deudas-jovenes-morosidad.webp.png\",\"datePublished\":\"2026-09-02T10:07:18+00:00\",\"breadcrumb\":{\"@id\":\"https:\/\/gysfm.com.ar\/inicio\/anticipan-que-en-agosto-se-redujo-la-mora-de-las-familias\/#breadcrumb\"},\"inLanguage\":\"es\",\"potentialAction\":[{\"@type\":\"ReadAction\",\"target\":[\"https:\/\/gysfm.com.ar\/inicio\/anticipan-que-en-agosto-se-redujo-la-mora-de-las-familias\/\"]}]},{\"@type\":\"ImageObject\",\"inLanguage\":\"es\",\"@id\":\"https:\/\/gysfm.com.ar\/inicio\/anticipan-que-en-agosto-se-redujo-la-mora-de-las-familias\/#primaryimage\",\"url\":\"https:\/\/gysfm.com.ar\/inicio\/wp-content\/uploads\/2026\/09\/deudas-jovenes-morosidad.webp.png\",\"contentUrl\":\"https:\/\/gysfm.com.ar\/inicio\/wp-content\/uploads\/2026\/09\/deudas-jovenes-morosidad.webp.png\",\"width\":1200,\"height\":675},{\"@type\":\"BreadcrumbList\",\"@id\":\"https:\/\/gysfm.com.ar\/inicio\/anticipan-que-en-agosto-se-redujo-la-mora-de-las-familias\/#breadcrumb\",\"itemListElement\":[{\"@type\":\"ListItem\",\"position\":1,\"name\":\"Portada\",\"item\":\"https:\/\/gysfm.com.ar\/inicio\/\"},{\"@type\":\"ListItem\",\"position\":2,\"name\":\"Anticipan que en agosto se redujo la mora de las familias\"}]},{\"@type\":\"WebSite\",\"@id\":\"https:\/\/gysfm.com.ar\/inicio\/#website\",\"url\":\"https:\/\/gysfm.com.ar\/inicio\/\",\"name\":\"GYS NOTICIAS |\",\"description\":\"DIARIO - RADIO ONLINE SAN JUAN ARGENTINA\",\"publisher\":{\"@id\":\"https:\/\/gysfm.com.ar\/inicio\/#organization\"},\"potentialAction\":[{\"@type\":\"SearchAction\",\"target\":{\"@type\":\"EntryPoint\",\"urlTemplate\":\"https:\/\/gysfm.com.ar\/inicio\/?s={search_term_string}\"},\"query-input\":{\"@type\":\"PropertyValueSpecification\",\"valueRequired\":true,\"valueName\":\"search_term_string\"}}],\"inLanguage\":\"es\"},{\"@type\":\"Organization\",\"@id\":\"https:\/\/gysfm.com.ar\/inicio\/#organization\",\"name\":\"GYS NOTICIAS |\",\"url\":\"https:\/\/gysfm.com.ar\/inicio\/\",\"logo\":{\"@type\":\"ImageObject\",\"inLanguage\":\"es\",\"@id\":\"https:\/\/gysfm.com.ar\/inicio\/#\/schema\/logo\/image\/\",\"url\":\"https:\/\/gysfm.com.ar\/inicio\/wp-content\/uploads\/2023\/07\/LOGOGYS-OK.png\",\"contentUrl\":\"https:\/\/gysfm.com.ar\/inicio\/wp-content\/uploads\/2023\/07\/LOGOGYS-OK.png\",\"width\":1170,\"height\":872,\"caption\":\"GYS NOTICIAS |\"},\"image\":{\"@id\":\"https:\/\/gysfm.com.ar\/inicio\/#\/schema\/logo\/image\/\"}},{\"@type\":\"Person\",\"@id\":\"https:\/\/gysfm.com.ar\/inicio\/#\/schema\/person\/5bedd7ecd35cc35548d89effafa23696\",\"name\":\"admin\",\"image\":{\"@type\":\"ImageObject\",\"inLanguage\":\"es\",\"@id\":\"https:\/\/gysfm.com.ar\/inicio\/#\/schema\/person\/image\/\",\"url\":\"https:\/\/secure.gravatar.com\/avatar\/c331d312b5243fb64d5ba28108a447b27c925295129a363082c9ea52c28d32c2?s=96&d=mm&r=g\",\"contentUrl\":\"https:\/\/secure.gravatar.com\/avatar\/c331d312b5243fb64d5ba28108a447b27c925295129a363082c9ea52c28d32c2?s=96&d=mm&r=g\",\"caption\":\"admin\"},\"sameAs\":[\"https:\/\/gysfm.com.ar\/inicio\"],\"url\":\"https:\/\/gysfm.com.ar\/inicio\/author\/admin\/\"}]}<\/script>\n<!-- \/ Yoast SEO plugin. -->","yoast_head_json":{"title":"Anticipan que en agosto se redujo la mora de las familias - GYS NOTICIAS |","robots":{"index":"index","follow":"follow","max-snippet":"max-snippet:-1","max-image-preview":"max-image-preview:large","max-video-preview":"max-video-preview:-1"},"canonical":"https:\/\/gysfm.com.ar\/inicio\/anticipan-que-en-agosto-se-redujo-la-mora-de-las-familias\/","og_locale":"es_ES","og_type":"article","og_title":"Anticipan que en agosto se redujo la mora de las familias - GYS NOTICIAS |","og_description":"Los primeros datos que manejan en las entidades financieras indican que el mes pasado se redujo el porcentaje de mora en los cr\u00e9ditos tomados por las familias, seg\u00fan se\u00f1alaron fuentes del mercado a \u00c1mbito. M\u00e1s all\u00e1 de que el Ministerio de Econom\u00eda se\u00f1al\u00f3 que se trata de \u201cun problema entre privados\u201d, autoridades mantuvieron discretos encuentros [&hellip;]","og_url":"https:\/\/gysfm.com.ar\/inicio\/anticipan-que-en-agosto-se-redujo-la-mora-de-las-familias\/","og_site_name":"GYS NOTICIAS |","article_published_time":"2026-09-02T10:07:18+00:00","og_image":[{"url":"https:\/\/media.ambito.com\/p\/e8afdef1db8c39dc49f5301fa463557d\/adjuntos\/239\/imagenes\/043\/617\/0043617611\/730x0\/smart\/grafico-mora.png","type":"","width":"","height":""}],"author":"admin","twitter_card":"summary_large_image","twitter_misc":{"Escrito por":"admin","Tiempo de lectura":"2 minutos"},"schema":{"@context":"https:\/\/schema.org","@graph":[{"@type":"Article","@id":"https:\/\/gysfm.com.ar\/inicio\/anticipan-que-en-agosto-se-redujo-la-mora-de-las-familias\/#article","isPartOf":{"@id":"https:\/\/gysfm.com.ar\/inicio\/anticipan-que-en-agosto-se-redujo-la-mora-de-las-familias\/"},"author":{"name":"admin","@id":"https:\/\/gysfm.com.ar\/inicio\/#\/schema\/person\/5bedd7ecd35cc35548d89effafa23696"},"headline":"Anticipan que en agosto se redujo la mora de las familias","datePublished":"2026-09-02T10:07:18+00:00","mainEntityOfPage":{"@id":"https:\/\/gysfm.com.ar\/inicio\/anticipan-que-en-agosto-se-redujo-la-mora-de-las-familias\/"},"wordCount":454,"publisher":{"@id":"https:\/\/gysfm.com.ar\/inicio\/#organization"},"image":{"@id":"https:\/\/gysfm.com.ar\/inicio\/anticipan-que-en-agosto-se-redujo-la-mora-de-las-familias\/#primaryimage"},"thumbnailUrl":"https:\/\/gysfm.com.ar\/inicio\/wp-content\/uploads\/2026\/09\/deudas-jovenes-morosidad.webp.png","articleSection":["ECONOMIA"],"inLanguage":"es"},{"@type":"WebPage","@id":"https:\/\/gysfm.com.ar\/inicio\/anticipan-que-en-agosto-se-redujo-la-mora-de-las-familias\/","url":"https:\/\/gysfm.com.ar\/inicio\/anticipan-que-en-agosto-se-redujo-la-mora-de-las-familias\/","name":"Anticipan que en agosto se redujo la mora de las familias - GYS NOTICIAS |","isPartOf":{"@id":"https:\/\/gysfm.com.ar\/inicio\/#website"},"primaryImageOfPage":{"@id":"https:\/\/gysfm.com.ar\/inicio\/anticipan-que-en-agosto-se-redujo-la-mora-de-las-familias\/#primaryimage"},"image":{"@id":"https:\/\/gysfm.com.ar\/inicio\/anticipan-que-en-agosto-se-redujo-la-mora-de-las-familias\/#primaryimage"},"thumbnailUrl":"https:\/\/gysfm.com.ar\/inicio\/wp-content\/uploads\/2026\/09\/deudas-jovenes-morosidad.webp.png","datePublished":"2026-09-02T10:07:18+00:00","breadcrumb":{"@id":"https:\/\/gysfm.com.ar\/inicio\/anticipan-que-en-agosto-se-redujo-la-mora-de-las-familias\/#breadcrumb"},"inLanguage":"es","potentialAction":[{"@type":"ReadAction","target":["https:\/\/gysfm.com.ar\/inicio\/anticipan-que-en-agosto-se-redujo-la-mora-de-las-familias\/"]}]},{"@type":"ImageObject","inLanguage":"es","@id":"https:\/\/gysfm.com.ar\/inicio\/anticipan-que-en-agosto-se-redujo-la-mora-de-las-familias\/#primaryimage","url":"https:\/\/gysfm.com.ar\/inicio\/wp-content\/uploads\/2026\/09\/deudas-jovenes-morosidad.webp.png","contentUrl":"https:\/\/gysfm.com.ar\/inicio\/wp-content\/uploads\/2026\/09\/deudas-jovenes-morosidad.webp.png","width":1200,"height":675},{"@type":"BreadcrumbList","@id":"https:\/\/gysfm.com.ar\/inicio\/anticipan-que-en-agosto-se-redujo-la-mora-de-las-familias\/#breadcrumb","itemListElement":[{"@type":"ListItem","position":1,"name":"Portada","item":"https:\/\/gysfm.com.ar\/inicio\/"},{"@type":"ListItem","position":2,"name":"Anticipan que en agosto se redujo la mora de las familias"}]},{"@type":"WebSite","@id":"https:\/\/gysfm.com.ar\/inicio\/#website","url":"https:\/\/gysfm.com.ar\/inicio\/","name":"GYS NOTICIAS |","description":"DIARIO - RADIO ONLINE SAN JUAN ARGENTINA","publisher":{"@id":"https:\/\/gysfm.com.ar\/inicio\/#organization"},"potentialAction":[{"@type":"SearchAction","target":{"@type":"EntryPoint","urlTemplate":"https:\/\/gysfm.com.ar\/inicio\/?s={search_term_string}"},"query-input":{"@type":"PropertyValueSpecification","valueRequired":true,"valueName":"search_term_string"}}],"inLanguage":"es"},{"@type":"Organization","@id":"https:\/\/gysfm.com.ar\/inicio\/#organization","name":"GYS NOTICIAS |","url":"https:\/\/gysfm.com.ar\/inicio\/","logo":{"@type":"ImageObject","inLanguage":"es","@id":"https:\/\/gysfm.com.ar\/inicio\/#\/schema\/logo\/image\/","url":"https:\/\/gysfm.com.ar\/inicio\/wp-content\/uploads\/2023\/07\/LOGOGYS-OK.png","contentUrl":"https:\/\/gysfm.com.ar\/inicio\/wp-content\/uploads\/2023\/07\/LOGOGYS-OK.png","width":1170,"height":872,"caption":"GYS NOTICIAS |"},"image":{"@id":"https:\/\/gysfm.com.ar\/inicio\/#\/schema\/logo\/image\/"}},{"@type":"Person","@id":"https:\/\/gysfm.com.ar\/inicio\/#\/schema\/person\/5bedd7ecd35cc35548d89effafa23696","name":"admin","image":{"@type":"ImageObject","inLanguage":"es","@id":"https:\/\/gysfm.com.ar\/inicio\/#\/schema\/person\/image\/","url":"https:\/\/secure.gravatar.com\/avatar\/c331d312b5243fb64d5ba28108a447b27c925295129a363082c9ea52c28d32c2?s=96&d=mm&r=g","contentUrl":"https:\/\/secure.gravatar.com\/avatar\/c331d312b5243fb64d5ba28108a447b27c925295129a363082c9ea52c28d32c2?s=96&d=mm&r=g","caption":"admin"},"sameAs":["https:\/\/gysfm.com.ar\/inicio"],"url":"https:\/\/gysfm.com.ar\/inicio\/author\/admin\/"}]}},"_links":{"self":[{"href":"https:\/\/gysfm.com.ar\/inicio\/wp-json\/wp\/v2\/posts\/210147","targetHints":{"allow":["GET"]}}],"collection":[{"href":"https:\/\/gysfm.com.ar\/inicio\/wp-json\/wp\/v2\/posts"}],"about":[{"href":"https:\/\/gysfm.com.ar\/inicio\/wp-json\/wp\/v2\/types\/post"}],"author":[{"embeddable":true,"href":"https:\/\/gysfm.com.ar\/inicio\/wp-json\/wp\/v2\/users\/1"}],"replies":[{"embeddable":true,"href":"https:\/\/gysfm.com.ar\/inicio\/wp-json\/wp\/v2\/comments?post=210147"}],"version-history":[{"count":0,"href":"https:\/\/gysfm.com.ar\/inicio\/wp-json\/wp\/v2\/posts\/210147\/revisions"}],"wp:featuredmedia":[{"embeddable":true,"href":"https:\/\/gysfm.com.ar\/inicio\/wp-json\/wp\/v2\/media\/210148"}],"wp:attachment":[{"href":"https:\/\/gysfm.com.ar\/inicio\/wp-json\/wp\/v2\/media?parent=210147"}],"wp:term":[{"taxonomy":"category","embeddable":true,"href":"https:\/\/gysfm.com.ar\/inicio\/wp-json\/wp\/v2\/categories?post=210147"},{"taxonomy":"post_tag","embeddable":true,"href":"https:\/\/gysfm.com.ar\/inicio\/wp-json\/wp\/v2\/tags?post=210147"}],"curies":[{"name":"wp","href":"https:\/\/api.w.org\/{rel}","templated":true}]}}