{"id":210141,"date":"2026-09-02T05:03:25","date_gmt":"2026-09-02T08:03:25","guid":{"rendered":"https:\/\/gysfm.com.ar\/inicio\/la-uia-hara-su-acto-en-el-gran-buenos-aires-en-un-clima-de-tension-con-el-gobierno\/"},"modified":"2026-09-02T05:03:25","modified_gmt":"2026-09-02T08:03:25","slug":"la-uia-hara-su-acto-en-el-gran-buenos-aires-en-un-clima-de-tension-con-el-gobierno","status":"publish","type":"post","link":"https:\/\/gysfm.com.ar\/inicio\/la-uia-hara-su-acto-en-el-gran-buenos-aires-en-un-clima-de-tension-con-el-gobierno\/","title":{"rendered":"la UIA har\u00e1 su acto en el Gran Buenos Aires en un clima de tensi\u00f3n con el Gobierno"},"content":{"rendered":"<p> <br \/>\n<\/p>\n<div id=\"\">\n<p id=\"p-1788274635680-57753\">No hay sentimientos felices entre los dirigentes de la<strong>  Uni\u00f3n Industrial Argentina (UIA) <\/strong> como para celebrar este mi\u00e9rcoles un nuevo <strong>D\u00eda de la Industria<\/strong>. <strong>Consideran que no hay mucho para festejar<\/strong>. Lejos qued\u00f3 el 2 de septiembre de 2024, cuando el presidente <strong>Javier Milei <\/strong>fue invitado a la sede de la entidad y dio un discurso aperturista y liberal. All\u00ed trat\u00f3 al sector fabril de prebendario.<\/p>\n<\/div>\n<div id=\"\">\n<p id=\"p-1788274635680-33753\">Para recordar la primera exportaci\u00f3n de productos elaborados en estas tierras (un cargamento de textiles y harinas hacia Brasil de 1587), esta vez <strong>se eligi\u00f3 una planta fabril en Malvinas Argentinas<\/strong>, a donde se esperan que vayan unos<strong> 200 empresarios.<\/strong><\/p>\n<\/p><\/div>\n<div id=\"\">\n<p id=\"p-1788274635680-19040\"> La autoridad invitada del \u00e1rea econ\u00f3mica es el <strong>secretario de Coordinaci\u00f3n de Producci\u00f3n, Pablo Lavigne<\/strong>, quien concentra en su dependencia del Ministerio de Econom\u00eda todo lo relacionado con el sector, adem\u00e1s del comercio. Por el lado pol\u00edtico, estar\u00e1 <strong>el Jefe de Gabinete, Diego Santilli. Axel Kicillof<\/strong>, el gobernador de la provincia de Buenos Aires,<strong> no estar\u00e1 en el encuentro.<\/strong><\/p>\n<\/p><\/div>\n<div id=\"\">\n<p id=\"p-1788274635680-11722\"> El contexto de este a\u00f1o es el cierre de empresas. Seg\u00fan estimaciones de la consultora I+D,<strong> en 2026 entre apertura de nuevas empresas y el cierre van a quedar un saldo de 3000 unidades productivas menos.<\/strong><\/p>\n<\/p><\/div>\n<div id=\"\">\n<p id=\"p-1788274635680-14639\"> La industria soporta <strong>serios problemas con los costos. <\/strong>Seg\u00fan datos del director del Instituto Argentino de An\u00e1lisis Fiscal (IARAF), <strong>Nad\u00edn Arga\u00f1araz, los servicios subieron 30% en t\u00e9rminos relativos <\/strong>desde que el actual gobierno lleg\u00f3 a la Casa Rosada. Los costos salariales crecieron 16%. En cambio, maquinarias y equipos disminuyeron. Los impuestos aumentaron 3% en relaci\u00f3n a los otros componentes.<\/p>\n<\/div>\n<div id=\"\">\n<p id=\"p-1788274635680-85431\"><strong>Las empresas enfrentan un serio problema de ca\u00edda de ventas, derivado de la perdida del poder de compra de los salarios,<\/strong> y la merma del cr\u00e9dito para el consumo. Sobre ello se monta una mayor facilidad para las <strong>importaciones<\/strong>. El Gobierno ha ido desmantelando regulaciones que permit\u00edan demorar un frenar algunos importados.<\/p>\n<p id=\"p-1788274635680-44251\"><strong>En el primer semestre de este a\u00f1o, la actividad fabril medida por el INDEC cay\u00f3 2,2%<\/strong>. Tuvo una recuperaci\u00f3n espasm\u00f3dica en junio de 2% interanual. En mayo hab\u00eda bajado 5,6% y en abril, 2,4%. En marzo tuvo una suba de 5,1% y en febrero y enero bajas del 8,8% y 3,8% respectivamente.<\/p>\n<h2 id=\"p-1788274635680-74990\">Pablo Lavigne: \u00abEl Estado no puede estar detr\u00e1s de las 500.000 empresas\u00bb<\/h2>\n<p id=\"p-1788274635680-10439\">Este lunes, <strong>Lavigne<\/strong> disert\u00f3 en el marco del Santa Fe Business Forum, donde dijo: \u00abAl inicio de la gesti\u00f3n, el responsable financiero de una empresa ten\u00eda m\u00e1s influencia sobre la rentabilidad que el encargado de producci\u00f3n o de ventas. <strong>Todo giraba alrededor de qu\u00e9 hacer con los pesos y c\u00f3mo protegerse de la inflaci\u00f3n. Hoy esa discusi\u00f3n cambi\u00f3\u201d.<\/strong><\/p>\n<p id=\"p-1788274635680-9635\">El funcionario dijo que \u201cen ninguna econom\u00eda del mundo todas las empresas se sienten completamente c\u00f3modas\u201d y a\u00f1adi\u00f3 que \u201cla innovaci\u00f3n y el crecimiento surgen justamente de estar desafiados constantemente\u201d.<\/p>\n<p id=\"p-1788274635680-15011\"><strong>Respecto del cierre de empresas, sostuvo que \u00abes imposible pensar que el Estado puede estar detr\u00e1s de las 500.000 empresas, <\/strong>viendo cu\u00e1l llega y cu\u00e1l no\u201d. \u201cNo hay una frazada que tape a todos por igual\u201d, se\u00f1al\u00f3.<\/p>\n<h2 id=\"p-1788274635680-55447\">El reclamo de la UIA<\/h2>\n<p id=\"p-1788274635680-30975\"><strong>Los pedidos de los industriales no han cambiado a lo largo de 2026. <\/strong>Tuvieron dos reuniones mano a mano con <strong>Luis Caputo, el ministro de Econom\u00eda, quien calific\u00f3 recientemente de \u00abtarados\u00bb <\/strong>a los que proponen pol\u00edticas para favorecer a la industria.<\/p>\n<p id=\"p-1788274635680-71368\"><strong>La relaci\u00f3n entre Mart\u00edn Rappallini, el presidente de la UIA, y el titular del Palacio de Hacienda es tirante. <\/strong>Todo pedido de la entidad hasta ahora ha chocado con la misma respuesta: que se ven\u00edan los mejores 18 meses de la historia reciente, que iban a bajar las tasas de inter\u00e9s, que se iban a reactivar la demanda y el cr\u00e9dito. Rappallini sali\u00f3 de esas reuniones descreyendo de la gran confianza que exultaba Caputo respecto de la econom\u00eda y ten\u00eda raz\u00f3n. Poco de lo que dijo est\u00e1 pasando. Un reciente informe del Centro de Estudios<strong> Orlando Ferreres<\/strong>, que tuvo alto impacto en el mercado financiero, <strong>dice que la recuperaci\u00f3n de la actividad va a ser m\u00e1s lenta de lo que se supon\u00eda.<\/strong><\/p>\n<p id=\"p-1788274635680-73477\">El \u00faltimo pedido desesperado, de hace una semana, fue de directivos del \u00e1rea de asuntos tributarios de la central, que le<strong> pidieron a la<\/strong> <strong>Agencia de Recaudaci\u00f3n y Control Aduanero (ARCA) que suspenda los embargos de pymes por 180 d\u00edas.<\/strong><\/p>\n<p id=\"p-1788274635680-13196\">El clima en el evento por el D\u00eda de la Industria, que se llevar\u00e1 a cabo en la planta de la<strong> empresa Elea Phoenix,<\/strong> va a ser tenso. Hay <strong>mucha expectativa sobre el contenido del discurso de Rappallini.<\/strong> Hay algunos directivos dentro de la central fabril que ya entienden que tendr\u00eda que salir a mostrar el descontento del sector con el Gobierno de una manera m\u00e1s firme, atento a que se aproxima un nuevo per\u00edodo electoral.<\/p>\n<\/p><\/div>\n<p><script>\n!function(f,b,e,v,n,t,s)\n{if(f.fbq)return;n=f.fbq=function(){n.callMethod?\nn.callMethod.apply(n,arguments):n.queue.push(arguments)};\nif(!f._fbq)f._fbq=n;n.push=n;n.loaded=!0;n.version='2.0';\nn.queue=[];t=b.createElement(e);t.async=!0;\nt.src=v;s=b.getElementsByTagName(e)[0];\ns.parentNode.insertBefore(t,s)}(window,document,'script',\n'https:\/\/connect.facebook.net\/en_US\/fbevents.js');\nfbq('init', '2047048335588113');\nfbq('track', 'PageView');\n<\/script><br \/>\n<br \/><\/p>\n","protected":false},"excerpt":{"rendered":"<p>No hay sentimientos felices entre los dirigentes de la Uni\u00f3n Industrial Argentina (UIA) como para celebrar este mi\u00e9rcoles un nuevo D\u00eda de la Industria. Consideran que no hay mucho para festejar. Lejos qued\u00f3 el 2 de septiembre de 2024, cuando el presidente Javier Milei fue invitado a la sede de la entidad y dio un [&hellip;]<\/p>\n","protected":false},"author":1,"featured_media":203263,"comment_status":"closed","ping_status":"closed","sticky":false,"template":"","format":"standard","meta":{"footnotes":""},"categories":[28],"tags":[],"class_list":["post-210141","post","type-post","status-publish","format-standard","has-post-thumbnail","hentry","category-economia"],"yoast_head":"<!-- This site is optimized with the Yoast SEO plugin v24.4 - https:\/\/yoast.com\/wordpress\/plugins\/seo\/ -->\n<title>la UIA har\u00e1 su acto en el Gran Buenos Aires en un clima de tensi\u00f3n con el Gobierno - GYS NOTICIAS |<\/title>\n<meta name=\"robots\" content=\"index, follow, max-snippet:-1, max-image-preview:large, max-video-preview:-1\" \/>\n<link rel=\"canonical\" href=\"https:\/\/gysfm.com.ar\/inicio\/la-uia-hara-su-acto-en-el-gran-buenos-aires-en-un-clima-de-tension-con-el-gobierno\/\" \/>\n<meta property=\"og:locale\" content=\"es_ES\" \/>\n<meta property=\"og:type\" content=\"article\" \/>\n<meta property=\"og:title\" content=\"la UIA har\u00e1 su acto en el Gran Buenos Aires en un clima de tensi\u00f3n con el Gobierno - GYS NOTICIAS |\" \/>\n<meta property=\"og:description\" content=\"No hay sentimientos felices entre los dirigentes de la Uni\u00f3n Industrial Argentina (UIA) como para celebrar este mi\u00e9rcoles un nuevo D\u00eda de la Industria. Consideran que no hay mucho para festejar. Lejos qued\u00f3 el 2 de septiembre de 2024, cuando el presidente Javier Milei fue invitado a la sede de la entidad y dio un [&hellip;]\" \/>\n<meta property=\"og:url\" content=\"https:\/\/gysfm.com.ar\/inicio\/la-uia-hara-su-acto-en-el-gran-buenos-aires-en-un-clima-de-tension-con-el-gobierno\/\" \/>\n<meta property=\"og:site_name\" content=\"GYS NOTICIAS |\" \/>\n<meta property=\"article:published_time\" content=\"2026-09-02T08:03:25+00:00\" \/>\n<meta name=\"author\" content=\"admin\" \/>\n<meta name=\"twitter:card\" content=\"summary_large_image\" \/>\n<meta name=\"twitter:label1\" content=\"Escrito por\" \/>\n\t<meta name=\"twitter:data1\" content=\"admin\" \/>\n\t<meta name=\"twitter:label2\" content=\"Tiempo de lectura\" \/>\n\t<meta name=\"twitter:data2\" content=\"4 minutos\" \/>\n<script type=\"application\/ld+json\" class=\"yoast-schema-graph\">{\"@context\":\"https:\/\/schema.org\",\"@graph\":[{\"@type\":\"Article\",\"@id\":\"https:\/\/gysfm.com.ar\/inicio\/la-uia-hara-su-acto-en-el-gran-buenos-aires-en-un-clima-de-tension-con-el-gobierno\/#article\",\"isPartOf\":{\"@id\":\"https:\/\/gysfm.com.ar\/inicio\/la-uia-hara-su-acto-en-el-gran-buenos-aires-en-un-clima-de-tension-con-el-gobierno\/\"},\"author\":{\"name\":\"admin\",\"@id\":\"https:\/\/gysfm.com.ar\/inicio\/#\/schema\/person\/5bedd7ecd35cc35548d89effafa23696\"},\"headline\":\"la UIA har\u00e1 su acto en el Gran Buenos Aires en un clima de tensi\u00f3n con el Gobierno\",\"datePublished\":\"2026-09-02T08:03:25+00:00\",\"mainEntityOfPage\":{\"@id\":\"https:\/\/gysfm.com.ar\/inicio\/la-uia-hara-su-acto-en-el-gran-buenos-aires-en-un-clima-de-tension-con-el-gobierno\/\"},\"wordCount\":846,\"publisher\":{\"@id\":\"https:\/\/gysfm.com.ar\/inicio\/#organization\"},\"image\":{\"@id\":\"https:\/\/gysfm.com.ar\/inicio\/la-uia-hara-su-acto-en-el-gran-buenos-aires-en-un-clima-de-tension-con-el-gobierno\/#primaryimage\"},\"thumbnailUrl\":\"https:\/\/gysfm.com.ar\/inicio\/wp-content\/uploads\/2026\/07\/uia-caputo-lavigne.jpg\",\"articleSection\":[\"ECONOMIA\"],\"inLanguage\":\"es\"},{\"@type\":\"WebPage\",\"@id\":\"https:\/\/gysfm.com.ar\/inicio\/la-uia-hara-su-acto-en-el-gran-buenos-aires-en-un-clima-de-tension-con-el-gobierno\/\",\"url\":\"https:\/\/gysfm.com.ar\/inicio\/la-uia-hara-su-acto-en-el-gran-buenos-aires-en-un-clima-de-tension-con-el-gobierno\/\",\"name\":\"la UIA har\u00e1 su acto en el Gran Buenos Aires en un clima de tensi\u00f3n con el Gobierno - GYS NOTICIAS |\",\"isPartOf\":{\"@id\":\"https:\/\/gysfm.com.ar\/inicio\/#website\"},\"primaryImageOfPage\":{\"@id\":\"https:\/\/gysfm.com.ar\/inicio\/la-uia-hara-su-acto-en-el-gran-buenos-aires-en-un-clima-de-tension-con-el-gobierno\/#primaryimage\"},\"image\":{\"@id\":\"https:\/\/gysfm.com.ar\/inicio\/la-uia-hara-su-acto-en-el-gran-buenos-aires-en-un-clima-de-tension-con-el-gobierno\/#primaryimage\"},\"thumbnailUrl\":\"https:\/\/gysfm.com.ar\/inicio\/wp-content\/uploads\/2026\/07\/uia-caputo-lavigne.jpg\",\"datePublished\":\"2026-09-02T08:03:25+00:00\",\"breadcrumb\":{\"@id\":\"https:\/\/gysfm.com.ar\/inicio\/la-uia-hara-su-acto-en-el-gran-buenos-aires-en-un-clima-de-tension-con-el-gobierno\/#breadcrumb\"},\"inLanguage\":\"es\",\"potentialAction\":[{\"@type\":\"ReadAction\",\"target\":[\"https:\/\/gysfm.com.ar\/inicio\/la-uia-hara-su-acto-en-el-gran-buenos-aires-en-un-clima-de-tension-con-el-gobierno\/\"]}]},{\"@type\":\"ImageObject\",\"inLanguage\":\"es\",\"@id\":\"https:\/\/gysfm.com.ar\/inicio\/la-uia-hara-su-acto-en-el-gran-buenos-aires-en-un-clima-de-tension-con-el-gobierno\/#primaryimage\",\"url\":\"https:\/\/gysfm.com.ar\/inicio\/wp-content\/uploads\/2026\/07\/uia-caputo-lavigne.jpg\",\"contentUrl\":\"https:\/\/gysfm.com.ar\/inicio\/wp-content\/uploads\/2026\/07\/uia-caputo-lavigne.jpg\",\"width\":1200,\"height\":675},{\"@type\":\"BreadcrumbList\",\"@id\":\"https:\/\/gysfm.com.ar\/inicio\/la-uia-hara-su-acto-en-el-gran-buenos-aires-en-un-clima-de-tension-con-el-gobierno\/#breadcrumb\",\"itemListElement\":[{\"@type\":\"ListItem\",\"position\":1,\"name\":\"Portada\",\"item\":\"https:\/\/gysfm.com.ar\/inicio\/\"},{\"@type\":\"ListItem\",\"position\":2,\"name\":\"la UIA har\u00e1 su acto en el Gran Buenos Aires en un clima de tensi\u00f3n con el Gobierno\"}]},{\"@type\":\"WebSite\",\"@id\":\"https:\/\/gysfm.com.ar\/inicio\/#website\",\"url\":\"https:\/\/gysfm.com.ar\/inicio\/\",\"name\":\"GYS NOTICIAS |\",\"description\":\"DIARIO - RADIO ONLINE SAN JUAN ARGENTINA\",\"publisher\":{\"@id\":\"https:\/\/gysfm.com.ar\/inicio\/#organization\"},\"potentialAction\":[{\"@type\":\"SearchAction\",\"target\":{\"@type\":\"EntryPoint\",\"urlTemplate\":\"https:\/\/gysfm.com.ar\/inicio\/?s={search_term_string}\"},\"query-input\":{\"@type\":\"PropertyValueSpecification\",\"valueRequired\":true,\"valueName\":\"search_term_string\"}}],\"inLanguage\":\"es\"},{\"@type\":\"Organization\",\"@id\":\"https:\/\/gysfm.com.ar\/inicio\/#organization\",\"name\":\"GYS NOTICIAS |\",\"url\":\"https:\/\/gysfm.com.ar\/inicio\/\",\"logo\":{\"@type\":\"ImageObject\",\"inLanguage\":\"es\",\"@id\":\"https:\/\/gysfm.com.ar\/inicio\/#\/schema\/logo\/image\/\",\"url\":\"https:\/\/gysfm.com.ar\/inicio\/wp-content\/uploads\/2023\/07\/LOGOGYS-OK.png\",\"contentUrl\":\"https:\/\/gysfm.com.ar\/inicio\/wp-content\/uploads\/2023\/07\/LOGOGYS-OK.png\",\"width\":1170,\"height\":872,\"caption\":\"GYS NOTICIAS |\"},\"image\":{\"@id\":\"https:\/\/gysfm.com.ar\/inicio\/#\/schema\/logo\/image\/\"}},{\"@type\":\"Person\",\"@id\":\"https:\/\/gysfm.com.ar\/inicio\/#\/schema\/person\/5bedd7ecd35cc35548d89effafa23696\",\"name\":\"admin\",\"image\":{\"@type\":\"ImageObject\",\"inLanguage\":\"es\",\"@id\":\"https:\/\/gysfm.com.ar\/inicio\/#\/schema\/person\/image\/\",\"url\":\"https:\/\/secure.gravatar.com\/avatar\/c331d312b5243fb64d5ba28108a447b27c925295129a363082c9ea52c28d32c2?s=96&d=mm&r=g\",\"contentUrl\":\"https:\/\/secure.gravatar.com\/avatar\/c331d312b5243fb64d5ba28108a447b27c925295129a363082c9ea52c28d32c2?s=96&d=mm&r=g\",\"caption\":\"admin\"},\"sameAs\":[\"https:\/\/gysfm.com.ar\/inicio\"],\"url\":\"https:\/\/gysfm.com.ar\/inicio\/author\/admin\/\"}]}<\/script>\n<!-- \/ Yoast SEO plugin. -->","yoast_head_json":{"title":"la UIA har\u00e1 su acto en el Gran Buenos Aires en un clima de tensi\u00f3n con el Gobierno - GYS NOTICIAS |","robots":{"index":"index","follow":"follow","max-snippet":"max-snippet:-1","max-image-preview":"max-image-preview:large","max-video-preview":"max-video-preview:-1"},"canonical":"https:\/\/gysfm.com.ar\/inicio\/la-uia-hara-su-acto-en-el-gran-buenos-aires-en-un-clima-de-tension-con-el-gobierno\/","og_locale":"es_ES","og_type":"article","og_title":"la UIA har\u00e1 su acto en el Gran Buenos Aires en un clima de tensi\u00f3n con el Gobierno - GYS NOTICIAS |","og_description":"No hay sentimientos felices entre los dirigentes de la Uni\u00f3n Industrial Argentina (UIA) como para celebrar este mi\u00e9rcoles un nuevo D\u00eda de la Industria. Consideran que no hay mucho para festejar. Lejos qued\u00f3 el 2 de septiembre de 2024, cuando el presidente Javier Milei fue invitado a la sede de la entidad y dio un [&hellip;]","og_url":"https:\/\/gysfm.com.ar\/inicio\/la-uia-hara-su-acto-en-el-gran-buenos-aires-en-un-clima-de-tension-con-el-gobierno\/","og_site_name":"GYS NOTICIAS |","article_published_time":"2026-09-02T08:03:25+00:00","author":"admin","twitter_card":"summary_large_image","twitter_misc":{"Escrito por":"admin","Tiempo de lectura":"4 minutos"},"schema":{"@context":"https:\/\/schema.org","@graph":[{"@type":"Article","@id":"https:\/\/gysfm.com.ar\/inicio\/la-uia-hara-su-acto-en-el-gran-buenos-aires-en-un-clima-de-tension-con-el-gobierno\/#article","isPartOf":{"@id":"https:\/\/gysfm.com.ar\/inicio\/la-uia-hara-su-acto-en-el-gran-buenos-aires-en-un-clima-de-tension-con-el-gobierno\/"},"author":{"name":"admin","@id":"https:\/\/gysfm.com.ar\/inicio\/#\/schema\/person\/5bedd7ecd35cc35548d89effafa23696"},"headline":"la UIA har\u00e1 su acto en el Gran Buenos Aires en un clima de tensi\u00f3n con el Gobierno","datePublished":"2026-09-02T08:03:25+00:00","mainEntityOfPage":{"@id":"https:\/\/gysfm.com.ar\/inicio\/la-uia-hara-su-acto-en-el-gran-buenos-aires-en-un-clima-de-tension-con-el-gobierno\/"},"wordCount":846,"publisher":{"@id":"https:\/\/gysfm.com.ar\/inicio\/#organization"},"image":{"@id":"https:\/\/gysfm.com.ar\/inicio\/la-uia-hara-su-acto-en-el-gran-buenos-aires-en-un-clima-de-tension-con-el-gobierno\/#primaryimage"},"thumbnailUrl":"https:\/\/gysfm.com.ar\/inicio\/wp-content\/uploads\/2026\/07\/uia-caputo-lavigne.jpg","articleSection":["ECONOMIA"],"inLanguage":"es"},{"@type":"WebPage","@id":"https:\/\/gysfm.com.ar\/inicio\/la-uia-hara-su-acto-en-el-gran-buenos-aires-en-un-clima-de-tension-con-el-gobierno\/","url":"https:\/\/gysfm.com.ar\/inicio\/la-uia-hara-su-acto-en-el-gran-buenos-aires-en-un-clima-de-tension-con-el-gobierno\/","name":"la UIA har\u00e1 su acto en el Gran Buenos Aires en un clima de tensi\u00f3n con el Gobierno - GYS NOTICIAS |","isPartOf":{"@id":"https:\/\/gysfm.com.ar\/inicio\/#website"},"primaryImageOfPage":{"@id":"https:\/\/gysfm.com.ar\/inicio\/la-uia-hara-su-acto-en-el-gran-buenos-aires-en-un-clima-de-tension-con-el-gobierno\/#primaryimage"},"image":{"@id":"https:\/\/gysfm.com.ar\/inicio\/la-uia-hara-su-acto-en-el-gran-buenos-aires-en-un-clima-de-tension-con-el-gobierno\/#primaryimage"},"thumbnailUrl":"https:\/\/gysfm.com.ar\/inicio\/wp-content\/uploads\/2026\/07\/uia-caputo-lavigne.jpg","datePublished":"2026-09-02T08:03:25+00:00","breadcrumb":{"@id":"https:\/\/gysfm.com.ar\/inicio\/la-uia-hara-su-acto-en-el-gran-buenos-aires-en-un-clima-de-tension-con-el-gobierno\/#breadcrumb"},"inLanguage":"es","potentialAction":[{"@type":"ReadAction","target":["https:\/\/gysfm.com.ar\/inicio\/la-uia-hara-su-acto-en-el-gran-buenos-aires-en-un-clima-de-tension-con-el-gobierno\/"]}]},{"@type":"ImageObject","inLanguage":"es","@id":"https:\/\/gysfm.com.ar\/inicio\/la-uia-hara-su-acto-en-el-gran-buenos-aires-en-un-clima-de-tension-con-el-gobierno\/#primaryimage","url":"https:\/\/gysfm.com.ar\/inicio\/wp-content\/uploads\/2026\/07\/uia-caputo-lavigne.jpg","contentUrl":"https:\/\/gysfm.com.ar\/inicio\/wp-content\/uploads\/2026\/07\/uia-caputo-lavigne.jpg","width":1200,"height":675},{"@type":"BreadcrumbList","@id":"https:\/\/gysfm.com.ar\/inicio\/la-uia-hara-su-acto-en-el-gran-buenos-aires-en-un-clima-de-tension-con-el-gobierno\/#breadcrumb","itemListElement":[{"@type":"ListItem","position":1,"name":"Portada","item":"https:\/\/gysfm.com.ar\/inicio\/"},{"@type":"ListItem","position":2,"name":"la UIA har\u00e1 su acto en el Gran Buenos Aires en un clima de tensi\u00f3n con el Gobierno"}]},{"@type":"WebSite","@id":"https:\/\/gysfm.com.ar\/inicio\/#website","url":"https:\/\/gysfm.com.ar\/inicio\/","name":"GYS NOTICIAS |","description":"DIARIO - RADIO ONLINE SAN JUAN ARGENTINA","publisher":{"@id":"https:\/\/gysfm.com.ar\/inicio\/#organization"},"potentialAction":[{"@type":"SearchAction","target":{"@type":"EntryPoint","urlTemplate":"https:\/\/gysfm.com.ar\/inicio\/?s={search_term_string}"},"query-input":{"@type":"PropertyValueSpecification","valueRequired":true,"valueName":"search_term_string"}}],"inLanguage":"es"},{"@type":"Organization","@id":"https:\/\/gysfm.com.ar\/inicio\/#organization","name":"GYS NOTICIAS |","url":"https:\/\/gysfm.com.ar\/inicio\/","logo":{"@type":"ImageObject","inLanguage":"es","@id":"https:\/\/gysfm.com.ar\/inicio\/#\/schema\/logo\/image\/","url":"https:\/\/gysfm.com.ar\/inicio\/wp-content\/uploads\/2023\/07\/LOGOGYS-OK.png","contentUrl":"https:\/\/gysfm.com.ar\/inicio\/wp-content\/uploads\/2023\/07\/LOGOGYS-OK.png","width":1170,"height":872,"caption":"GYS NOTICIAS |"},"image":{"@id":"https:\/\/gysfm.com.ar\/inicio\/#\/schema\/logo\/image\/"}},{"@type":"Person","@id":"https:\/\/gysfm.com.ar\/inicio\/#\/schema\/person\/5bedd7ecd35cc35548d89effafa23696","name":"admin","image":{"@type":"ImageObject","inLanguage":"es","@id":"https:\/\/gysfm.com.ar\/inicio\/#\/schema\/person\/image\/","url":"https:\/\/secure.gravatar.com\/avatar\/c331d312b5243fb64d5ba28108a447b27c925295129a363082c9ea52c28d32c2?s=96&d=mm&r=g","contentUrl":"https:\/\/secure.gravatar.com\/avatar\/c331d312b5243fb64d5ba28108a447b27c925295129a363082c9ea52c28d32c2?s=96&d=mm&r=g","caption":"admin"},"sameAs":["https:\/\/gysfm.com.ar\/inicio"],"url":"https:\/\/gysfm.com.ar\/inicio\/author\/admin\/"}]}},"_links":{"self":[{"href":"https:\/\/gysfm.com.ar\/inicio\/wp-json\/wp\/v2\/posts\/210141","targetHints":{"allow":["GET"]}}],"collection":[{"href":"https:\/\/gysfm.com.ar\/inicio\/wp-json\/wp\/v2\/posts"}],"about":[{"href":"https:\/\/gysfm.com.ar\/inicio\/wp-json\/wp\/v2\/types\/post"}],"author":[{"embeddable":true,"href":"https:\/\/gysfm.com.ar\/inicio\/wp-json\/wp\/v2\/users\/1"}],"replies":[{"embeddable":true,"href":"https:\/\/gysfm.com.ar\/inicio\/wp-json\/wp\/v2\/comments?post=210141"}],"version-history":[{"count":0,"href":"https:\/\/gysfm.com.ar\/inicio\/wp-json\/wp\/v2\/posts\/210141\/revisions"}],"wp:featuredmedia":[{"embeddable":true,"href":"https:\/\/gysfm.com.ar\/inicio\/wp-json\/wp\/v2\/media\/203263"}],"wp:attachment":[{"href":"https:\/\/gysfm.com.ar\/inicio\/wp-json\/wp\/v2\/media?parent=210141"}],"wp:term":[{"taxonomy":"category","embeddable":true,"href":"https:\/\/gysfm.com.ar\/inicio\/wp-json\/wp\/v2\/categories?post=210141"},{"taxonomy":"post_tag","embeddable":true,"href":"https:\/\/gysfm.com.ar\/inicio\/wp-json\/wp\/v2\/tags?post=210141"}],"curies":[{"name":"wp","href":"https:\/\/api.w.org\/{rel}","templated":true}]}}