{"id":210138,"date":"2026-09-02T04:48:08","date_gmt":"2026-09-02T07:48:08","guid":{"rendered":"https:\/\/gysfm.com.ar\/inicio\/alemania-acusa-a-rusia-de-un-ataque-con-drones-en-el-aeropuerto-de-leipzig\/"},"modified":"2026-09-02T04:48:15","modified_gmt":"2026-09-02T07:48:15","slug":"alemania-acusa-a-rusia-de-un-ataque-con-drones-en-el-aeropuerto-de-leipzig","status":"publish","type":"post","link":"https:\/\/gysfm.com.ar\/inicio\/alemania-acusa-a-rusia-de-un-ataque-con-drones-en-el-aeropuerto-de-leipzig\/","title":{"rendered":"Alemania acusa a Rusia de un ataque con drones en el aeropuerto de Leipzig"},"content":{"rendered":"<p> <br \/>\n<\/p>\n<div>\n<p class=\"com-paragraph --s\"><strong>Alemania<\/strong> se\u00f1al\u00f3 a<strong> Rusia<\/strong> como responsable del ataque con drones ocurrido el mes pasado en el aeropuerto de Leipzig.<\/p>\n<p class=\"com-paragraph --s\">El 4 de agosto se descubri\u00f3 un dron que transportaba <strong>un artefacto explosivo en el aeropuerto de Leipzig\/Halle<\/strong>, en el este de Alemania, cerca de aviones de carga ucranianos.<\/p>\n<p class=\"com-paragraph --s\">El artefacto no lleg\u00f3 a explotar <strong>debido a un aparente fallo<\/strong> en el detonador, y los investigadores sospechan que un segundo dron colision\u00f3 con un avi\u00f3n de carga en las proximidades.<\/p>\n<p class=\"com-paragraph --s\">Diez d\u00edas m\u00e1s tarde, seg\u00fan reportes, se encontr\u00f3 un tercer dron cerca del aeropuerto.<\/p>\n<p class=\"com-paragraph --s\">El ministro del Interior, <strong>Alexander Dobrindt<\/strong>, declar\u00f3 que el ataque en el aeropuerto de Leipzig sigui\u00f3 el \u201cpatr\u00f3n bien establecido de las operaciones h\u00edbridas rusas en Europa\u201d y dio por hecho que Alemania volver\u00eda a ser objetivo de este tipo de acciones.<\/p>\n<p class=\"com-paragraph --s\">Afirm\u00f3 que el an\u00e1lisis del equipo utilizado, junto con los datos de inteligencia, demostraba la implicaci\u00f3n de Rusia en el ataque.<\/p>\n<p><h3 class=\"font-primary text-subheading-lg text-left container-center-100 mb-8\"><span>La respuesta de Alemania<\/span><\/h3>\n<\/p>\n<p class=\"com-paragraph --s\">El ministro de Asuntos Exteriores alem\u00e1n, <strong>Johann Wadephul<\/strong> \u2014quien acompa\u00f1aba a Dobrindt en una rueda de prensa en Berl\u00edn\u2014, anunci\u00f3 que ordenar\u00eda el cierre del consulado ruso en Bonn.<\/p>\n<div class=\"content-media\">\n<section role=\"button\" class=\"mod-media   \">\n<figure role=\"button\" tabindex=\"0\" class=\"mod-figure \"><figcaption class=\"mod-figcaption\"><span class=\"com-text --caption --twoxs\">El hallazgo de los drones hizo saltar las alarmas en el aeropuerto de Leipzig<\/span><\/figcaption><\/figure>\n<\/section>\n<\/div>\n<p class=\"com-paragraph --s\">Tambi\u00e9n <strong>anunci\u00f3 la rescisi\u00f3n del contrato de la Casa de Rusia en Berl\u00edn,<\/strong> cuyas instalaciones, seg\u00fan observadores, se utilizaron para el espionaje y la difusi\u00f3n de propaganda rusa.<\/p>\n<p class=\"com-paragraph --s\">Asimismo, anunci\u00f3 controles de entrada m\u00e1s estrictos para los ciudadanos rusos y prometi\u00f3 aumentar la presi\u00f3n sobre la \u201cflota en la sombra\u201d de Mosc\u00fa: antiguos petroleros utilizados por Rusia para eludir las sanciones occidentales impuestas tras la invasi\u00f3n de Ucrania en 2022.<\/p>\n<p class=\"com-paragraph --s\">Wadephul asegur\u00f3 haber convocado al embajador de Rusia en Alemania,<strong> Sergu\u00e9i Nech\u00e1yev<\/strong>, quien fue visto llegando al Ministerio de Asuntos Exteriores poco despu\u00e9s del anuncio.<\/p>\n<p class=\"com-paragraph --s\">El Ministerio de Asuntos Exteriores de Rusia declar\u00f3 que responder\u00eda a las <strong>\u201cdecisiones antirrusas\u201d<\/strong>, seg\u00fan inform\u00f3 la agencia de noticias <em>Interfax<\/em>.<\/p>\n<p class=\"com-paragraph --s\">Aunque expertos en seguridad hab\u00edan especulado sobre la posible responsabilidad de Rusia, desde el pa\u00eds siempre negaron cualquier implicaci\u00f3n.<\/p>\n<p><h3 class=\"font-primary text-subheading-lg text-left container-center-100 mb-8\"><span>Apoyo de la OTAN y la UE<\/span><\/h3>\n<\/p>\n<div class=\"content-media\">\n<section role=\"button\" class=\"mod-media   \">\n<figure role=\"button\" tabindex=\"0\" class=\"mod-figure \"><figcaption class=\"mod-figcaption\"><span class=\"com-text --caption --twoxs\">El gobierno de Merz se halla en un momento pol\u00edtico delicado, con el auge de la extrema derecha que mantiene posiciones m\u00e1s favorables a Rusia<\/span><\/figcaption><\/figure>\n<\/section>\n<\/div>\n<p class=\"com-paragraph --s\">El aeropuerto de Leipzig\/Halle, situado en el este de Alemania, es utilizado por el ej\u00e9rcito alem\u00e1n y sus aliados de la OTAN para el transporte de material militar.<\/p>\n<p class=\"com-paragraph --s\">Adem\u00e1s, sirve de base para la aerol\u00ednea ucraniana <strong>Antonov Airlines<\/strong>, que gestiona la mayor parte de la carga a\u00e9rea del pa\u00eds.<\/p>\n<p class=\"com-paragraph --s\">El secretario general de la OTAN, <strong>Mark Rutte<\/strong>, afirm\u00f3 que la organizaci\u00f3n \u201cse solidariza plenamente con Alemania\u201d.<\/p>\n<p class=\"com-paragraph --s\">\u201cLas pruebas son claras. Y celebro las medidas anunciadas por Alemania en respuesta\u201d, escribi\u00f3 en <em>X<\/em>.<\/p>\n<p class=\"com-paragraph --s\">Estaba previsto que esta cuesti\u00f3n se abordara en una reuni\u00f3n de ministros de Asuntos Exteriores de la UE que se celebrar\u00eda en Irlanda m\u00e1s tarde ese mismo martes.<\/p>\n<p class=\"com-paragraph --s\">La presidenta de la Comisi\u00f3n Europea,<strong> Ursula von der Leyen<\/strong>, escribi\u00f3 en <em>X<\/em>: \u201cEstamos unidos en nuestra determinaci\u00f3n de hacer frente a la agresi\u00f3n rusa. Disuadiremos a cualquiera que pretenda socavar nuestra libertad y seguridad\u201d.<\/p>\n<p class=\"com-paragraph --s\">A\u00f1adi\u00f3 que la UE estaba preparando sanciones adicionales contra Rusia. Por su parte, el primer ministro brit\u00e1nico, <strong>Andy Burnham,<\/strong> declar\u00f3: \u201cLos intentos rusos de socavar nuestra determinaci\u00f3n unida y nuestra voluntad de apoyar a Ucrania son in\u00fatiles y est\u00e1n condenados al fracaso\u201d.<\/p>\n<p class=\"com-paragraph --s\"><strong>Alemania es uno de los varios Estados miembros de la OTAN <\/strong>que informaron de avistamientos de drones en aeropuertos e instalaciones militares e industriales durante el \u00faltimo a\u00f1o.<\/p>\n<p class=\"com-paragraph --s\">Hasta ahora, Berl\u00edn hab\u00eda mantenido reservas sobre qui\u00e9n podr\u00eda estar detr\u00e1s del ataque de Leipzig, limit\u00e1ndose a se\u00f1alar que podr\u00edan haber estado involucradas <strong>\u201cpotencias extranjeras\u201d<\/strong>.<\/p>\n<p><h3 class=\"font-primary text-subheading-lg text-left container-center-100 mb-8\"><span>\u201cPagar\u00e1n un precio\u201d<\/span><\/h3>\n<\/p>\n<div class=\"content-media\">\n<section role=\"button\" class=\"mod-media   \">\n<figure role=\"button\" tabindex=\"0\" class=\"mod-figure \"><figcaption class=\"mod-figcaption\"><span class=\"com-text --caption --twoxs\">El gobierno de Putin niega su implicaci\u00f3n en el ataque con drones del mes pasado<\/span><\/figcaption><\/figure>\n<\/section>\n<\/div>\n<p class=\"com-paragraph --s\">Medios de comunicaci\u00f3n estadounidenses ya hab\u00edan informado que funcionarios de EE.UU. hab\u00edan vinculado el incidente con Rusia.<\/p>\n<p class=\"com-paragraph --s\">Berl\u00edn mantiene que el pa\u00eds es <strong>\u201cobjetivo diario\u201d<\/strong> de la guerra h\u00edbrida, y el canciller <strong>Friedrich Merz<\/strong> advirti\u00f3 la semana pasada que quienes llevaran a cabo actos hostiles contra Alemania \u201cpagar\u00edan un precio\u201d.<\/p>\n<p class=\"com-paragraph --s\">El gobierno busca ampliar las competencias de sus servicios de inteligencia \u2014criticados durante mucho tiempo por su relativa falta de eficacia\u2014 para contrarrestar este tipo de amenazas.<\/p>\n<p class=\"com-paragraph --s\">Alemania es un aliado clave de Ucrania, y Merz expres\u00f3 un apoyo firme y decidido a Kiev.<\/p>\n<p class=\"com-paragraph --s\">No resulta dif\u00edcil imaginar por qu\u00e9 aviones de carga ucranianos situados en un centro log\u00edstico alem\u00e1n estrat\u00e9gico podr\u00edan estar en el punto de mira de Mosc\u00fa. Sin embargo, este anuncio se produce en un momento delicado para el gobierno de Merz.<\/p>\n<p class=\"com-paragraph --s\">Unas elecciones estatales en <strong>Sajonia-Anhalt<\/strong>, en el este del pa\u00eds, podr\u00edan llevar al poder a nivel regional por primera vez al partido de extrema derecha Alternativa para Alemania (AfD).<\/p>\n<p class=\"com-paragraph --s\">El AfD, el mayor partido de la oposici\u00f3n en Alemania, quiere dejar de enviar ayuda a Ucrania y restablecer los v\u00ednculos con Rusia.<\/p>\n<p class=\"com-paragraph --s\">Por otra parte, la polic\u00eda alemana informa que est\u00e1 investigando el hallazgo de artefactos explosivos e incendiarios improvisados en una subestaci\u00f3n el\u00e9ctrica del estado federado de Brandeburgo, en el este del pa\u00eds, ocurrido el martes.<\/p>\n<p class=\"com-paragraph --s\">Una l\u00ednea el\u00e9ctrica result\u00f3 da\u00f1ada, lo que provoc\u00f3 un corte de suministro temporal. Se desconoce qui\u00e9n coloc\u00f3 los artefactos.<\/p>\n<p class=\"com-paragraph --s text-left\"><em><strong>Por James Gregory y Autor,Jessica Parker<\/strong><\/em><\/p>\n<section class=\"container-center-100 mb-40 border border-bottom border-thin border-neutral-light-700\">\n<hr\/>\n<\/section>\n<\/div>\n<p><script id=\"facebookpixel\" defer=\"\" type=\"text\/javascript\">\n        !function(f,b,e,v,n,t,s)\n        {if(f.fbq)return;n=f.fbq=function(){n.callMethod?\n        n.callMethod.apply(n,arguments):n.queue.push(arguments)};\n        if(!f._fbq)f._fbq=n;n.push=n;n.loaded=!0;n.version='2.0';\n        n.queue=[];t=b.createElement(e);t.async=!0;\n        t.src=v;s=b.getElementsByTagName(e)[0];\n        s.parentNode.insertBefore(t,s)}(window, document,'script',\n        'https:\/\/connect.facebook.net\/en_US\/fbevents.js');\n        fbq('init', '492459597522335');\n        fbq('track', 'PageView');\n    <\/script><br \/>\n<br \/><\/p>\n","protected":false},"excerpt":{"rendered":"<p>Alemania se\u00f1al\u00f3 a Rusia como responsable del ataque con drones ocurrido el mes pasado en el aeropuerto de Leipzig. El 4 de agosto se descubri\u00f3 un dron que transportaba un artefacto explosivo en el aeropuerto de Leipzig\/Halle, en el este de Alemania, cerca de aviones de carga ucranianos. El artefacto no lleg\u00f3 a explotar debido [&hellip;]<\/p>\n","protected":false},"author":2,"featured_media":210139,"comment_status":"closed","ping_status":"closed","sticky":false,"template":"","format":"standard","meta":{"footnotes":""},"categories":[26],"tags":[],"class_list":["post-210138","post","type-post","status-publish","format-standard","has-post-thumbnail","hentry","category-internacionales"],"yoast_head":"<!-- This site is optimized with the Yoast SEO plugin v24.4 - https:\/\/yoast.com\/wordpress\/plugins\/seo\/ -->\n<title>Alemania acusa a Rusia de un ataque con drones en el aeropuerto de Leipzig - GYS NOTICIAS |<\/title>\n<meta name=\"robots\" content=\"index, follow, max-snippet:-1, max-image-preview:large, max-video-preview:-1\" \/>\n<link rel=\"canonical\" href=\"https:\/\/gysfm.com.ar\/inicio\/alemania-acusa-a-rusia-de-un-ataque-con-drones-en-el-aeropuerto-de-leipzig\/\" \/>\n<meta property=\"og:locale\" content=\"es_ES\" \/>\n<meta property=\"og:type\" content=\"article\" \/>\n<meta property=\"og:title\" content=\"Alemania acusa a Rusia de un ataque con drones en el aeropuerto de Leipzig - GYS NOTICIAS |\" \/>\n<meta property=\"og:description\" content=\"Alemania se\u00f1al\u00f3 a Rusia como responsable del ataque con drones ocurrido el mes pasado en el aeropuerto de Leipzig. El 4 de agosto se descubri\u00f3 un dron que transportaba un artefacto explosivo en el aeropuerto de Leipzig\/Halle, en el este de Alemania, cerca de aviones de carga ucranianos. El artefacto no lleg\u00f3 a explotar debido [&hellip;]\" \/>\n<meta property=\"og:url\" content=\"https:\/\/gysfm.com.ar\/inicio\/alemania-acusa-a-rusia-de-un-ataque-con-drones-en-el-aeropuerto-de-leipzig\/\" \/>\n<meta property=\"og:site_name\" content=\"GYS NOTICIAS |\" \/>\n<meta property=\"article:published_time\" content=\"2026-09-02T07:48:08+00:00\" \/>\n<meta property=\"article:modified_time\" content=\"2026-09-02T07:48:15+00:00\" \/>\n<meta property=\"og:image\" content=\"https:\/\/gysfm.com.ar\/inicio\/wp-content\/uploads\/2026\/09\/el-4-de-agosto-se-descubrio-un-dron-que-L4TZE2YICRBVND23RLS7TTQ4GY.webp.jpeg\" \/>\n\t<meta property=\"og:image:width\" content=\"1200\" \/>\n\t<meta property=\"og:image:height\" content=\"800\" \/>\n\t<meta property=\"og:image:type\" content=\"image\/jpeg\" \/>\n<meta name=\"author\" content=\"Prensa G&amp;S FM\" \/>\n<meta name=\"twitter:card\" content=\"summary_large_image\" \/>\n<meta name=\"twitter:label1\" content=\"Escrito por\" \/>\n\t<meta name=\"twitter:data1\" content=\"Prensa G&amp;S FM\" \/>\n\t<meta name=\"twitter:label2\" content=\"Tiempo de lectura\" \/>\n\t<meta name=\"twitter:data2\" content=\"5 minutos\" \/>\n<script type=\"application\/ld+json\" class=\"yoast-schema-graph\">{\"@context\":\"https:\/\/schema.org\",\"@graph\":[{\"@type\":\"Article\",\"@id\":\"https:\/\/gysfm.com.ar\/inicio\/alemania-acusa-a-rusia-de-un-ataque-con-drones-en-el-aeropuerto-de-leipzig\/#article\",\"isPartOf\":{\"@id\":\"https:\/\/gysfm.com.ar\/inicio\/alemania-acusa-a-rusia-de-un-ataque-con-drones-en-el-aeropuerto-de-leipzig\/\"},\"author\":{\"name\":\"Prensa G&amp;S FM\",\"@id\":\"https:\/\/gysfm.com.ar\/inicio\/#\/schema\/person\/3abba7593ef2ad19e1be221d54383dc5\"},\"headline\":\"Alemania acusa a Rusia de un ataque con drones en el aeropuerto de Leipzig\",\"datePublished\":\"2026-09-02T07:48:08+00:00\",\"dateModified\":\"2026-09-02T07:48:15+00:00\",\"mainEntityOfPage\":{\"@id\":\"https:\/\/gysfm.com.ar\/inicio\/alemania-acusa-a-rusia-de-un-ataque-con-drones-en-el-aeropuerto-de-leipzig\/\"},\"wordCount\":979,\"publisher\":{\"@id\":\"https:\/\/gysfm.com.ar\/inicio\/#organization\"},\"image\":{\"@id\":\"https:\/\/gysfm.com.ar\/inicio\/alemania-acusa-a-rusia-de-un-ataque-con-drones-en-el-aeropuerto-de-leipzig\/#primaryimage\"},\"thumbnailUrl\":\"https:\/\/gysfm.com.ar\/inicio\/wp-content\/uploads\/2026\/09\/el-4-de-agosto-se-descubrio-un-dron-que-L4TZE2YICRBVND23RLS7TTQ4GY.webp.jpeg\",\"articleSection\":[\"INTERNACIONALES\"],\"inLanguage\":\"es\"},{\"@type\":\"WebPage\",\"@id\":\"https:\/\/gysfm.com.ar\/inicio\/alemania-acusa-a-rusia-de-un-ataque-con-drones-en-el-aeropuerto-de-leipzig\/\",\"url\":\"https:\/\/gysfm.com.ar\/inicio\/alemania-acusa-a-rusia-de-un-ataque-con-drones-en-el-aeropuerto-de-leipzig\/\",\"name\":\"Alemania acusa a Rusia de un ataque con drones en el aeropuerto de Leipzig - GYS NOTICIAS |\",\"isPartOf\":{\"@id\":\"https:\/\/gysfm.com.ar\/inicio\/#website\"},\"primaryImageOfPage\":{\"@id\":\"https:\/\/gysfm.com.ar\/inicio\/alemania-acusa-a-rusia-de-un-ataque-con-drones-en-el-aeropuerto-de-leipzig\/#primaryimage\"},\"image\":{\"@id\":\"https:\/\/gysfm.com.ar\/inicio\/alemania-acusa-a-rusia-de-un-ataque-con-drones-en-el-aeropuerto-de-leipzig\/#primaryimage\"},\"thumbnailUrl\":\"https:\/\/gysfm.com.ar\/inicio\/wp-content\/uploads\/2026\/09\/el-4-de-agosto-se-descubrio-un-dron-que-L4TZE2YICRBVND23RLS7TTQ4GY.webp.jpeg\",\"datePublished\":\"2026-09-02T07:48:08+00:00\",\"dateModified\":\"2026-09-02T07:48:15+00:00\",\"breadcrumb\":{\"@id\":\"https:\/\/gysfm.com.ar\/inicio\/alemania-acusa-a-rusia-de-un-ataque-con-drones-en-el-aeropuerto-de-leipzig\/#breadcrumb\"},\"inLanguage\":\"es\",\"potentialAction\":[{\"@type\":\"ReadAction\",\"target\":[\"https:\/\/gysfm.com.ar\/inicio\/alemania-acusa-a-rusia-de-un-ataque-con-drones-en-el-aeropuerto-de-leipzig\/\"]}]},{\"@type\":\"ImageObject\",\"inLanguage\":\"es\",\"@id\":\"https:\/\/gysfm.com.ar\/inicio\/alemania-acusa-a-rusia-de-un-ataque-con-drones-en-el-aeropuerto-de-leipzig\/#primaryimage\",\"url\":\"https:\/\/gysfm.com.ar\/inicio\/wp-content\/uploads\/2026\/09\/el-4-de-agosto-se-descubrio-un-dron-que-L4TZE2YICRBVND23RLS7TTQ4GY.webp.jpeg\",\"contentUrl\":\"https:\/\/gysfm.com.ar\/inicio\/wp-content\/uploads\/2026\/09\/el-4-de-agosto-se-descubrio-un-dron-que-L4TZE2YICRBVND23RLS7TTQ4GY.webp.jpeg\",\"width\":1200,\"height\":800},{\"@type\":\"BreadcrumbList\",\"@id\":\"https:\/\/gysfm.com.ar\/inicio\/alemania-acusa-a-rusia-de-un-ataque-con-drones-en-el-aeropuerto-de-leipzig\/#breadcrumb\",\"itemListElement\":[{\"@type\":\"ListItem\",\"position\":1,\"name\":\"Portada\",\"item\":\"https:\/\/gysfm.com.ar\/inicio\/\"},{\"@type\":\"ListItem\",\"position\":2,\"name\":\"Alemania acusa a Rusia de un ataque con drones en el aeropuerto de Leipzig\"}]},{\"@type\":\"WebSite\",\"@id\":\"https:\/\/gysfm.com.ar\/inicio\/#website\",\"url\":\"https:\/\/gysfm.com.ar\/inicio\/\",\"name\":\"GYS NOTICIAS |\",\"description\":\"DIARIO - RADIO ONLINE SAN JUAN ARGENTINA\",\"publisher\":{\"@id\":\"https:\/\/gysfm.com.ar\/inicio\/#organization\"},\"potentialAction\":[{\"@type\":\"SearchAction\",\"target\":{\"@type\":\"EntryPoint\",\"urlTemplate\":\"https:\/\/gysfm.com.ar\/inicio\/?s={search_term_string}\"},\"query-input\":{\"@type\":\"PropertyValueSpecification\",\"valueRequired\":true,\"valueName\":\"search_term_string\"}}],\"inLanguage\":\"es\"},{\"@type\":\"Organization\",\"@id\":\"https:\/\/gysfm.com.ar\/inicio\/#organization\",\"name\":\"GYS NOTICIAS |\",\"url\":\"https:\/\/gysfm.com.ar\/inicio\/\",\"logo\":{\"@type\":\"ImageObject\",\"inLanguage\":\"es\",\"@id\":\"https:\/\/gysfm.com.ar\/inicio\/#\/schema\/logo\/image\/\",\"url\":\"https:\/\/gysfm.com.ar\/inicio\/wp-content\/uploads\/2023\/07\/LOGOGYS-OK.png\",\"contentUrl\":\"https:\/\/gysfm.com.ar\/inicio\/wp-content\/uploads\/2023\/07\/LOGOGYS-OK.png\",\"width\":1170,\"height\":872,\"caption\":\"GYS NOTICIAS |\"},\"image\":{\"@id\":\"https:\/\/gysfm.com.ar\/inicio\/#\/schema\/logo\/image\/\"}},{\"@type\":\"Person\",\"@id\":\"https:\/\/gysfm.com.ar\/inicio\/#\/schema\/person\/3abba7593ef2ad19e1be221d54383dc5\",\"name\":\"Prensa G&amp;S FM\",\"image\":{\"@type\":\"ImageObject\",\"inLanguage\":\"es\",\"@id\":\"https:\/\/gysfm.com.ar\/inicio\/#\/schema\/person\/image\/\",\"url\":\"https:\/\/secure.gravatar.com\/avatar\/096ec78df02049ab018702bb4ccedf659377fa92a26540b5247612077a0dbd29?s=96&d=mm&r=g\",\"contentUrl\":\"https:\/\/secure.gravatar.com\/avatar\/096ec78df02049ab018702bb4ccedf659377fa92a26540b5247612077a0dbd29?s=96&d=mm&r=g\",\"caption\":\"Prensa G&amp;S FM\"},\"sameAs\":[\"https:\/\/gysfm.com.ar\/\"],\"url\":\"https:\/\/gysfm.com.ar\/inicio\/author\/lucasm\/\"}]}<\/script>\n<!-- \/ Yoast SEO plugin. -->","yoast_head_json":{"title":"Alemania acusa a Rusia de un ataque con drones en el aeropuerto de Leipzig - GYS NOTICIAS |","robots":{"index":"index","follow":"follow","max-snippet":"max-snippet:-1","max-image-preview":"max-image-preview:large","max-video-preview":"max-video-preview:-1"},"canonical":"https:\/\/gysfm.com.ar\/inicio\/alemania-acusa-a-rusia-de-un-ataque-con-drones-en-el-aeropuerto-de-leipzig\/","og_locale":"es_ES","og_type":"article","og_title":"Alemania acusa a Rusia de un ataque con drones en el aeropuerto de Leipzig - GYS NOTICIAS |","og_description":"Alemania se\u00f1al\u00f3 a Rusia como responsable del ataque con drones ocurrido el mes pasado en el aeropuerto de Leipzig. El 4 de agosto se descubri\u00f3 un dron que transportaba un artefacto explosivo en el aeropuerto de Leipzig\/Halle, en el este de Alemania, cerca de aviones de carga ucranianos. El artefacto no lleg\u00f3 a explotar debido [&hellip;]","og_url":"https:\/\/gysfm.com.ar\/inicio\/alemania-acusa-a-rusia-de-un-ataque-con-drones-en-el-aeropuerto-de-leipzig\/","og_site_name":"GYS NOTICIAS |","article_published_time":"2026-09-02T07:48:08+00:00","article_modified_time":"2026-09-02T07:48:15+00:00","og_image":[{"width":1200,"height":800,"url":"https:\/\/gysfm.com.ar\/inicio\/wp-content\/uploads\/2026\/09\/el-4-de-agosto-se-descubrio-un-dron-que-L4TZE2YICRBVND23RLS7TTQ4GY.webp.jpeg","type":"image\/jpeg"}],"author":"Prensa G&amp;S FM","twitter_card":"summary_large_image","twitter_misc":{"Escrito por":"Prensa G&amp;S FM","Tiempo de lectura":"5 minutos"},"schema":{"@context":"https:\/\/schema.org","@graph":[{"@type":"Article","@id":"https:\/\/gysfm.com.ar\/inicio\/alemania-acusa-a-rusia-de-un-ataque-con-drones-en-el-aeropuerto-de-leipzig\/#article","isPartOf":{"@id":"https:\/\/gysfm.com.ar\/inicio\/alemania-acusa-a-rusia-de-un-ataque-con-drones-en-el-aeropuerto-de-leipzig\/"},"author":{"name":"Prensa G&amp;S FM","@id":"https:\/\/gysfm.com.ar\/inicio\/#\/schema\/person\/3abba7593ef2ad19e1be221d54383dc5"},"headline":"Alemania acusa a Rusia de un ataque con drones en el aeropuerto de Leipzig","datePublished":"2026-09-02T07:48:08+00:00","dateModified":"2026-09-02T07:48:15+00:00","mainEntityOfPage":{"@id":"https:\/\/gysfm.com.ar\/inicio\/alemania-acusa-a-rusia-de-un-ataque-con-drones-en-el-aeropuerto-de-leipzig\/"},"wordCount":979,"publisher":{"@id":"https:\/\/gysfm.com.ar\/inicio\/#organization"},"image":{"@id":"https:\/\/gysfm.com.ar\/inicio\/alemania-acusa-a-rusia-de-un-ataque-con-drones-en-el-aeropuerto-de-leipzig\/#primaryimage"},"thumbnailUrl":"https:\/\/gysfm.com.ar\/inicio\/wp-content\/uploads\/2026\/09\/el-4-de-agosto-se-descubrio-un-dron-que-L4TZE2YICRBVND23RLS7TTQ4GY.webp.jpeg","articleSection":["INTERNACIONALES"],"inLanguage":"es"},{"@type":"WebPage","@id":"https:\/\/gysfm.com.ar\/inicio\/alemania-acusa-a-rusia-de-un-ataque-con-drones-en-el-aeropuerto-de-leipzig\/","url":"https:\/\/gysfm.com.ar\/inicio\/alemania-acusa-a-rusia-de-un-ataque-con-drones-en-el-aeropuerto-de-leipzig\/","name":"Alemania acusa a Rusia de un ataque con drones en el aeropuerto de Leipzig - GYS NOTICIAS |","isPartOf":{"@id":"https:\/\/gysfm.com.ar\/inicio\/#website"},"primaryImageOfPage":{"@id":"https:\/\/gysfm.com.ar\/inicio\/alemania-acusa-a-rusia-de-un-ataque-con-drones-en-el-aeropuerto-de-leipzig\/#primaryimage"},"image":{"@id":"https:\/\/gysfm.com.ar\/inicio\/alemania-acusa-a-rusia-de-un-ataque-con-drones-en-el-aeropuerto-de-leipzig\/#primaryimage"},"thumbnailUrl":"https:\/\/gysfm.com.ar\/inicio\/wp-content\/uploads\/2026\/09\/el-4-de-agosto-se-descubrio-un-dron-que-L4TZE2YICRBVND23RLS7TTQ4GY.webp.jpeg","datePublished":"2026-09-02T07:48:08+00:00","dateModified":"2026-09-02T07:48:15+00:00","breadcrumb":{"@id":"https:\/\/gysfm.com.ar\/inicio\/alemania-acusa-a-rusia-de-un-ataque-con-drones-en-el-aeropuerto-de-leipzig\/#breadcrumb"},"inLanguage":"es","potentialAction":[{"@type":"ReadAction","target":["https:\/\/gysfm.com.ar\/inicio\/alemania-acusa-a-rusia-de-un-ataque-con-drones-en-el-aeropuerto-de-leipzig\/"]}]},{"@type":"ImageObject","inLanguage":"es","@id":"https:\/\/gysfm.com.ar\/inicio\/alemania-acusa-a-rusia-de-un-ataque-con-drones-en-el-aeropuerto-de-leipzig\/#primaryimage","url":"https:\/\/gysfm.com.ar\/inicio\/wp-content\/uploads\/2026\/09\/el-4-de-agosto-se-descubrio-un-dron-que-L4TZE2YICRBVND23RLS7TTQ4GY.webp.jpeg","contentUrl":"https:\/\/gysfm.com.ar\/inicio\/wp-content\/uploads\/2026\/09\/el-4-de-agosto-se-descubrio-un-dron-que-L4TZE2YICRBVND23RLS7TTQ4GY.webp.jpeg","width":1200,"height":800},{"@type":"BreadcrumbList","@id":"https:\/\/gysfm.com.ar\/inicio\/alemania-acusa-a-rusia-de-un-ataque-con-drones-en-el-aeropuerto-de-leipzig\/#breadcrumb","itemListElement":[{"@type":"ListItem","position":1,"name":"Portada","item":"https:\/\/gysfm.com.ar\/inicio\/"},{"@type":"ListItem","position":2,"name":"Alemania acusa a Rusia de un ataque con drones en el aeropuerto de Leipzig"}]},{"@type":"WebSite","@id":"https:\/\/gysfm.com.ar\/inicio\/#website","url":"https:\/\/gysfm.com.ar\/inicio\/","name":"GYS NOTICIAS |","description":"DIARIO - RADIO ONLINE SAN JUAN ARGENTINA","publisher":{"@id":"https:\/\/gysfm.com.ar\/inicio\/#organization"},"potentialAction":[{"@type":"SearchAction","target":{"@type":"EntryPoint","urlTemplate":"https:\/\/gysfm.com.ar\/inicio\/?s={search_term_string}"},"query-input":{"@type":"PropertyValueSpecification","valueRequired":true,"valueName":"search_term_string"}}],"inLanguage":"es"},{"@type":"Organization","@id":"https:\/\/gysfm.com.ar\/inicio\/#organization","name":"GYS NOTICIAS |","url":"https:\/\/gysfm.com.ar\/inicio\/","logo":{"@type":"ImageObject","inLanguage":"es","@id":"https:\/\/gysfm.com.ar\/inicio\/#\/schema\/logo\/image\/","url":"https:\/\/gysfm.com.ar\/inicio\/wp-content\/uploads\/2023\/07\/LOGOGYS-OK.png","contentUrl":"https:\/\/gysfm.com.ar\/inicio\/wp-content\/uploads\/2023\/07\/LOGOGYS-OK.png","width":1170,"height":872,"caption":"GYS NOTICIAS |"},"image":{"@id":"https:\/\/gysfm.com.ar\/inicio\/#\/schema\/logo\/image\/"}},{"@type":"Person","@id":"https:\/\/gysfm.com.ar\/inicio\/#\/schema\/person\/3abba7593ef2ad19e1be221d54383dc5","name":"Prensa G&amp;S FM","image":{"@type":"ImageObject","inLanguage":"es","@id":"https:\/\/gysfm.com.ar\/inicio\/#\/schema\/person\/image\/","url":"https:\/\/secure.gravatar.com\/avatar\/096ec78df02049ab018702bb4ccedf659377fa92a26540b5247612077a0dbd29?s=96&d=mm&r=g","contentUrl":"https:\/\/secure.gravatar.com\/avatar\/096ec78df02049ab018702bb4ccedf659377fa92a26540b5247612077a0dbd29?s=96&d=mm&r=g","caption":"Prensa G&amp;S FM"},"sameAs":["https:\/\/gysfm.com.ar\/"],"url":"https:\/\/gysfm.com.ar\/inicio\/author\/lucasm\/"}]}},"_links":{"self":[{"href":"https:\/\/gysfm.com.ar\/inicio\/wp-json\/wp\/v2\/posts\/210138","targetHints":{"allow":["GET"]}}],"collection":[{"href":"https:\/\/gysfm.com.ar\/inicio\/wp-json\/wp\/v2\/posts"}],"about":[{"href":"https:\/\/gysfm.com.ar\/inicio\/wp-json\/wp\/v2\/types\/post"}],"author":[{"embeddable":true,"href":"https:\/\/gysfm.com.ar\/inicio\/wp-json\/wp\/v2\/users\/2"}],"replies":[{"embeddable":true,"href":"https:\/\/gysfm.com.ar\/inicio\/wp-json\/wp\/v2\/comments?post=210138"}],"version-history":[{"count":1,"href":"https:\/\/gysfm.com.ar\/inicio\/wp-json\/wp\/v2\/posts\/210138\/revisions"}],"predecessor-version":[{"id":210140,"href":"https:\/\/gysfm.com.ar\/inicio\/wp-json\/wp\/v2\/posts\/210138\/revisions\/210140"}],"wp:featuredmedia":[{"embeddable":true,"href":"https:\/\/gysfm.com.ar\/inicio\/wp-json\/wp\/v2\/media\/210139"}],"wp:attachment":[{"href":"https:\/\/gysfm.com.ar\/inicio\/wp-json\/wp\/v2\/media?parent=210138"}],"wp:term":[{"taxonomy":"category","embeddable":true,"href":"https:\/\/gysfm.com.ar\/inicio\/wp-json\/wp\/v2\/categories?post=210138"},{"taxonomy":"post_tag","embeddable":true,"href":"https:\/\/gysfm.com.ar\/inicio\/wp-json\/wp\/v2\/tags?post=210138"}],"curies":[{"name":"wp","href":"https:\/\/api.w.org\/{rel}","templated":true}]}}