{"id":210135,"date":"2026-09-02T03:47:10","date_gmt":"2026-09-02T06:47:10","guid":{"rendered":"https:\/\/gysfm.com.ar\/inicio\/quien-era-la-mujer-asesinada-en-times-square-una-ejecutiva-del-bank-of-america-de-32-anos\/"},"modified":"2026-09-02T03:47:11","modified_gmt":"2026-09-02T06:47:11","slug":"quien-era-la-mujer-asesinada-en-times-square-una-ejecutiva-del-bank-of-america-de-32-anos","status":"publish","type":"post","link":"https:\/\/gysfm.com.ar\/inicio\/quien-era-la-mujer-asesinada-en-times-square-una-ejecutiva-del-bank-of-america-de-32-anos\/","title":{"rendered":"Qui\u00e9n era la mujer asesinada en Times Square: una ejecutiva del Bank of America de 32 a\u00f1os"},"content":{"rendered":"<p> <br \/>\n<\/p>\n<div>\n<p class=\"com-paragraph --capital --s text-left\">El <strong>Bank of America<\/strong> confirm\u00f3 este martes que una de las v\u00edctimas del <a href=\"https:\/\/www.lanacion.com.ar\/el-mundo\/una-mujer-murio-apunalada-en-times-square-y-la-sospechosa-fue-abatida-por-la-policia-nid31082026\/\" target=\"_self\" title=\"https:\/\/www.lanacion.com.ar\/el-mundo\/una-mujer-murio-apunalada-en-times-square-y-la-sospechosa-fue-abatida-por-la-policia-nid31082026\/\" class=\"com-link break-word\" data-mrf-recirculation=\"n_link_parrafo\">ataque a pu\u00f1aladas al azar en Times Square<\/a>, Nueva York, era una ejecutiva de su compa\u00f1\u00eda. <strong>Erin Piacenti<\/strong>, de 32 a\u00f1os, era una de las vicepresidentas del banco, que tiene una torre de oficinas <strong>a pocas cuadras del centro tur\u00edstico y teatral de la ciudad<\/strong>. <\/p>\n<p class=\"com-paragraph --s text-left\">Piacenti <a href=\"https:\/\/www.lanacion.com.ar\/estados-unidos\/ataque-en-times-square-que-se-sabe-de-la-presunta-asesina-que-mato-y-fue-abatida-por-la-policia-nid01092026\/\" target=\"_self\" title=\"https:\/\/www.lanacion.com.ar\/estados-unidos\/ataque-en-times-square-que-se-sabe-de-la-presunta-asesina-que-mato-y-fue-abatida-por-la-policia-nid01092026\/\" class=\"com-link break-word\" data-mrf-recirculation=\"n_link_parrafo\">fue agredida por Pamela Cisneros<\/a>, una residente de Queens de 49 a\u00f1os que ten\u00eda antecedentes de <strong>problemas de salud mental<\/strong> y que, tras el ataque, fue abatida por dos polic\u00edas. Cisneros tambi\u00e9n apu\u00f1al\u00f3 a un hombre de 68 a\u00f1os, que fue trasladado a un hospital y permanece en condici\u00f3n cr\u00edtica pero estable.<\/p>\n<div class=\"content-media\">\n<section role=\"button\" class=\"mod-media   \">\n<figure role=\"button\" tabindex=\"0\" class=\"mod-figure \"><figcaption class=\"mod-figcaption\"><span class=\"com-text --caption --twoxs\">Pamela Cisneros atac\u00f3 a Erin Piacenti y a un hombre de 68 a\u00f1os<\/span><\/figcaption><\/figure>\n<\/section>\n<\/div>\n<p class=\"com-paragraph --s text-left\">Ambos fueron atacados con dos grandes cuchillos y no hay indicios de que conocieran a la agresora. Se cree que fue un hecho <strong>\u201caleatorio y sin provocaci\u00f3n\u201d<\/strong>, por lo que las autoridades policiales descartaron de manera preliminar que se tratara de un acto de terrorismo. <\/p>\n<p class=\"com-paragraph --s text-left\">Piacenti fue trasladada al Bellevue Hospital, donde <strong>muri\u00f3 a causa de las heridas<\/strong>. La noticia fue anunciada por el <a href=\"https:\/\/www.lanacion.com.ar\/estados-unidos\/migraciones\/su-familia-mexicana-le-transfirio-us58000-a-bank-of-america-para-comprar-su-casa-en-eeuu-pero-le-nid21052026\/\" target=\"_self\" title=\"https:\/\/www.lanacion.com.ar\/estados-unidos\/migraciones\/su-familia-mexicana-le-transfirio-us58000-a-bank-of-america-para-comprar-su-casa-en-eeuu-pero-le-nid21052026\/\" class=\"com-link break-word\" data-mrf-recirculation=\"n_link_parrafo\">Bank of America<\/a>, donde trabajaba. <\/p>\n<p class=\"com-paragraph --s text-left\">\u201cEstamos conmocionados y profundamente entristecidos por la tr\u00e1gica p\u00e9rdida de nuestra colega. Era <strong>una valiosa compa\u00f1era de equipo a quien echaremos mucho de menos<\/strong>. Nuestras m\u00e1s sinceras condolencias a su familia y a todos sus seres queridos\u201d, manifest\u00f3 el banco en un comunicado.<\/p>\n<p><h2 class=\"font-primary font-w-bold text-subheading-lg text-left container-center-100 mb-8\"><span>Qui\u00e9n era Erin Piacenti<\/span><\/h2>\n<\/p>\n<p class=\"com-paragraph --s\">La v\u00edctima, oriunda de <a href=\"https:\/\/www.lanacion.com.ar\/estados-unidos\/nueva-jersey\/en-nueva-jersey-sherrill-firmo-una-nueva-ley-que-protege-a-los-menores-de-edad-en-las-redes-sociales-nid15082026\/\" target=\"_self\" title=\"https:\/\/www.lanacion.com.ar\/estados-unidos\/nueva-jersey\/en-nueva-jersey-sherrill-firmo-una-nueva-ley-que-protege-a-los-menores-de-edad-en-las-redes-sociales-nid15082026\/\" class=\"com-link break-word\" data-mrf-recirculation=\"n_link_parrafo\">Nueva Jersey<\/a>, <strong>era abogada<\/strong> y trabajaba en el \u00e1rea de selecci\u00f3n de negocios y conflictos del <strong>Bank of America<\/strong>. Seg\u00fan su perfil de <em>LinkedIn<\/em>, se recibi\u00f3 de una licenciatura en Ciencias Pol\u00edticas y una subespecializaci\u00f3n en Historia en la Universidad de <a href=\"https:\/\/www.lanacion.com.ar\/estados-unidos\/pensilvania\/un-piloto-de-avioneta-murio-en-una-violenta-colision-con-un-helicoptero-de-la-policia-de-pensilvania-nid20082026\/\" target=\"_self\" title=\"https:\/\/www.lanacion.com.ar\/estados-unidos\/pensilvania\/un-piloto-de-avioneta-murio-en-una-violenta-colision-con-un-helicoptero-de-la-policia-de-pensilvania-nid20082026\/\" class=\"com-link break-word\" data-mrf-recirculation=\"n_link_parrafo\">Pensilvania<\/a> en 2016. <\/p>\n<p class=\"com-paragraph --s\">El <em>Daily Pennsylvanian<\/em>, el diario estudiantil de la instituci\u00f3n educativa, consign\u00f3 que Piacenti fue <strong>miembro de la hermandad Alpha Phi y del grupo a capela Dischord<\/strong>, donde interpretaba con frecuencia versiones de artistas que iban desde<strong> Tina Turner <\/strong>hasta <strong>Sia<\/strong>, adem\u00e1s de hacer arreglos para el grupo. <\/p>\n<p class=\"com-paragraph --s\">Tras graduarse, tambi\u00e9n trabaj\u00f3 como <strong>entrevistadora de admisiones<\/strong> para exalumnos de la universidad. <\/p>\n<div class=\"content-media\">\n<section role=\"button\" class=\"mod-media   \">\n<figure role=\"button\" tabindex=\"0\" class=\"mod-figure \"><figcaption class=\"mod-figcaption\"><span class=\"com-text --caption --twoxs\">Erin Piacenti ten\u00eda 32 a\u00f1os<\/span><span class=\"com-text --credit --twoxs\">Facebook<\/span><\/figcaption><\/figure>\n<\/section>\n<\/div>\n<p class=\"com-paragraph --s\">Luego, estudi\u00f3 en la Facultad de Derecho de Fordham, donde <strong>se recibi\u00f3 como abogada en 2021<\/strong>. Se gradu\u00f3 <strong>junto con su esposo, Frank Piacenti<\/strong>. <\/p>\n<p class=\"com-paragraph --s\">Recientemente la pareja hab\u00eda celebrado <strong>su segundo aniversario de casamiento<\/strong>, informaron fuentes del entorno al <em>New York Post<\/em>.<\/p>\n<p class=\"com-paragraph --s\">En un memorando interno al que tuvo acceso <em>Reuters<\/em>, <strong>Matthew Kode<\/strong>r, presidente de Banca Corporativa y de Inversi\u00f3n Global de Bank of America, describi\u00f3 a Piacenti como una <strong>\u201cquerida compa\u00f1era de equipo y amiga\u201d<\/strong>.<\/p>\n<div class=\"content-media\">\n<section role=\"button\" class=\"mod-media   \">\n<figure role=\"button\" tabindex=\"0\" class=\"mod-figure \"><figcaption class=\"mod-figcaption\"><span class=\"com-text --caption --twoxs\">Erin junto a su esposo, Frank Piacenti<\/span><span class=\"com-text --credit --twoxs\">Instagram<\/span><\/figcaption><\/figure>\n<\/section>\n<\/div>\n<p class=\"com-paragraph --s\">\u201cErin era una valiosa integrante del equipo de Selecci\u00f3n de Negocios y Conflictos, ya que se hab\u00eda incorporado al banco hace 18 meses. <strong>Su p\u00e9rdida es profundamente sentida por muchos<\/strong>\u201d, escribi\u00f3.<\/p>\n<p class=\"com-paragraph --s\">Koder afirm\u00f3 que los equipos de seguridad de Bank of America estaban \u201c<strong>plenamente involucrados en apoyar la investigaci\u00f3n policial<\/strong> y en abordar la seguridad de sus oficinas y compa\u00f1eros de trabajo\u201d.<\/p>\n<p><h2 class=\"font-primary font-w-bold text-subheading-lg text-left container-center-100 mb-8\"><span>El ataque en Times Square<\/span><\/h2>\n<\/p>\n<p class=\"com-paragraph --s\">El episodio comenz\u00f3 poco antes de las 16.30, en pleno centro de <a href=\"https:\/\/www.lanacion.com.ar\/estados-unidos\/nueva-york\/vivir-en-manhattan-por-us130000-el-departamento-de-364-pies-cuadrados-que-no-puede-comprar-nid15082026\/\" target=\"_self\" title=\"https:\/\/www.lanacion.com.ar\/estados-unidos\/nueva-york\/vivir-en-manhattan-por-us130000-el-departamento-de-364-pies-cuadrados-que-no-puede-comprar-nid15082026\/\" class=\"com-link break-word\" data-mrf-recirculation=\"n_link_parrafo\">Manhattan<\/a>. Seg\u00fan explic\u00f3 la comisionada de la Polic\u00eda de Nueva York, <strong>Jessica Tisch<\/strong>, Cisneros se acerc\u00f3 primero <strong>a un hombre de 68 a\u00f1os que acababa de salir del subte junto a su esposa<\/strong> y esperaba para cruzar la calle en la intersecci\u00f3n de West 41st Street y la S\u00e9ptima Avenida.<\/p>\n<p class=\"com-paragraph --s\">La mujer <strong>sac\u00f3 dos cuchillos de una bolsa roja de Target<\/strong> y apu\u00f1al\u00f3 al hombre en un costado del abdomen, antes de dirigirse hacia la calle 42. Menos de 20 segundos despu\u00e9s se produjo el ataque fatal. Seg\u00fan testigos, Cisneros <strong>se acerc\u00f3 sin decir una palabra a Piacenti<\/strong>, que estaba cerca de un puesto callejero, y la apu\u00f1al\u00f3 en el est\u00f3mago. La v\u00edctima cay\u00f3 sobre la vereda y fue trasladada a un hospital, donde posteriormente muri\u00f3.<\/p>\n<div class=\"content-media cursor-pointer container-center-100\">\n<section class=\"media-container relative ratio-16-9 mod-media pb-32\">\n<figure class=\"mod-video\">\n<div class=\"video-player bg-black ratio-16-9\" data-has-jwplayer=\"true\" data-video-id-jw=\"92sycfn4\" data-config=\"{&quot;title&quot;:&quot;Ataque con cuchillos en Times Square&quot;,&quot;mediaId&quot;:&quot;92sycfn4&quot;,&quot;playerId&quot;:&quot;ih0086X3&quot;,&quot;playlist&quot;:[{&quot;mediaid&quot;:&quot;92sycfn4&quot;,&quot;sources&quot;:[{&quot;file&quot;:&quot;https:\/\/cdn.jwplayer.com\/manifests\/92sycfn4.m3u8&quot;,&quot;type&quot;:&quot;application\/vnd.apple.mpegurl&quot;},{&quot;bitrate&quot;:496702,&quot;file&quot;:&quot;https:\/\/cdn.jwplayer.com\/videos\/92sycfn4-kTExGaWf.mp4&quot;,&quot;filesize&quot;:7326355,&quot;framerate&quot;:30,&quot;height&quot;:258,&quot;label&quot;:&quot;180p&quot;,&quot;type&quot;:&quot;video\/mp4&quot;,&quot;width&quot;:320},{&quot;bitrate&quot;:721072,&quot;file&quot;:&quot;https:\/\/cdn.jwplayer.com\/videos\/92sycfn4-K8B0kybS.mp4&quot;,&quot;filesize&quot;:10635822,&quot;framerate&quot;:30,&quot;height&quot;:388,&quot;label&quot;:&quot;270p&quot;,&quot;type&quot;:&quot;video\/mp4&quot;,&quot;width&quot;:480},{&quot;bitrate&quot;:2401216,&quot;file&quot;:&quot;https:\/\/cdn.jwplayer.com\/videos\/92sycfn4-46NIuRKO.mp4&quot;,&quot;filesize&quot;:35417941,&quot;framerate&quot;:30,&quot;height&quot;:1032,&quot;label&quot;:&quot;720p&quot;,&quot;type&quot;:&quot;video\/mp4&quot;,&quot;width&quot;:1280},{&quot;bitrate&quot;:114447,&quot;file&quot;:&quot;https:\/\/cdn.jwplayer.com\/videos\/92sycfn4-hz5z2Tv4.m4a&quot;,&quot;filesize&quot;:1688095,&quot;label&quot;:&quot;AAC Audio&quot;,&quot;type&quot;:&quot;audio\/mp4&quot;},{&quot;bitrate&quot;:948494,&quot;file&quot;:&quot;https:\/\/cdn.jwplayer.com\/videos\/92sycfn4-FnZGUVnC.mp4&quot;,&quot;filesize&quot;:13990294,&quot;framerate&quot;:30,&quot;height&quot;:516,&quot;label&quot;:&quot;360p&quot;,&quot;type&quot;:&quot;video\/mp4&quot;,&quot;width&quot;:640},{&quot;bitrate&quot;:1541656,&quot;file&quot;:&quot;https:\/\/cdn.jwplayer.com\/videos\/92sycfn4-0G6Pwvlw.mp4&quot;,&quot;filesize&quot;:22739437,&quot;framerate&quot;:30,&quot;height&quot;:774,&quot;label&quot;:&quot;540p&quot;,&quot;type&quot;:&quot;video\/mp4&quot;,&quot;width&quot;:960}]}],&quot;hasAutoplay&quot;:false,&quot;autostart&quot;:true,&quot;tagsUrl&quot;:&quot;https:\/\/pubads.g.doubleclick.net\/gampad\/ads?slotname=\/133919216\/la_nacion_video\/nota\/preroll&amp;sz=640x480|400x300&amp;ciu_szs=300x250&amp;unviewed_position_start=1&amp;output=vast&amp;impl=s&amp;env=vp&amp;gdfp_req=1&amp;ad_rule=0&amp;vad_type=linear&amp;vpos=preroll&amp;cust_params=tags_nuevos%3Dte_estados_unidos%2Cte_nueva_york%2Cca_estados_unidos%2Cca_el_mundo%2C%2CD2X4VOCZIFGBVMTVOHZ3QQMCUQ&amp;pod=3&amp;ppos=1&amp;lip=true&amp;min_ad_duration=0&amp;max_ad_duration=30000&amp;vrid=6256&amp;url=https%3A%2F%2Fwww.lanacion.com.ar%2Festados-unidos%2Fquien-era-la-mujer-asesinada-en-times-square-una-ejecutiva-del-bank-of-america-de-32-anos-nid01092026%2F%3Fvariant%3DA&amp;description_url=https%3A%2F%2Fwww.lanacion.com.ar%2Festados-unidos%2Fquien-era-la-mujer-asesinada-en-times-square-una-ejecutiva-del-bank-of-america-de-32-anos-nid01092026%2F%3Fvariant%3DA&amp;video_doc_id=short_onecue&amp;cmsid=496&amp;kfa=0&amp;tfcd=0&amp;correlator=1788330923814&quot;,&quot;arcSite&quot;:&quot;la-nacion-ar&quot;,&quot;duration&quot;:&quot;118000&quot;}\">\n<div id=\"facade-92sycfn4\" class=\"content-facade-jw relative bg-black ratio-16-9\"><picture><source media=\"(max-width: 767px)\" srcset=\"https:\/\/www.lanacion.com.ar\/resizer\/v2\/https%3A%2F%2Fcdn.jwplayer.com%2Fv2%2Fmedia%2F92sycfn4%2Fposter.jpg%3Fwidth%3D720?auth=df0fa7b0deeb2173bdbb55eba1b0e7080be84a6f1269e3e199db95a8de7610d2&amp;width=480&amp;quality=70&amp;smart=false\"\/><\/picture><\/div>\n<\/div><figcaption class=\"border border-1 border-bottom border-light-300 relative px-16 py-8 min-h-36 w-100_md px-0_l mb-8 bg-white\"><span class=\"text ln-text text-16 block\">Ataque con cuchillos en Times Square<\/span><\/figcaption><\/figure>\n<\/section>\n<\/div>\n<p class=\"com-paragraph --s\">Tras los ataques, Cisneros continu\u00f3 caminando hacia el norte hasta llegar a West 43rd Street, cerca de una subestaci\u00f3n del NYPD en Times Square, donde fue <strong>rodeada por varios agentes<\/strong>. <\/p>\n<p class=\"com-paragraph --s\">De acuerdo con la comisionada, los polic\u00edas intentaron durante cuatro minutos convencerla de que bajara las armas. Cisneros se neg\u00f3 y lleg\u00f3 a decirles: <strong>\u201cNo voy a soltar nada. Preferir\u00eda matarlos a los dos\u201d<\/strong>.<\/p>\n<p class=\"com-paragraph --s\">Tisch confirm\u00f3 que dos agentes dispararon sus Tasers contra Cisneros, pero la mujer continu\u00f3 movi\u00e9ndose y finalmente avanz\u00f3 hacia los polic\u00edas. En ese momento <strong>se escucharon dos o tres disparos y ella cay\u00f3 al suelo<\/strong>.<\/p>\n<p class=\"com-paragraph --s\">Los agentes comenzaron a asistirla inmediatamente y param\u00e9dicos la trasladaron en una camilla. La mujer <strong>muri\u00f3 posteriormente<\/strong>. La polic\u00eda recuper\u00f3 en el lugar dos cuchillos de cocina.<\/p>\n<p class=\"com-paragraph --s\"><strong>Con informaci\u00f3n de AP y Reuters.<\/strong><\/p>\n<section class=\"container-center-100 mb-40 border border-bottom border-thin border-neutral-light-700\">\n<hr\/>\n<\/section>\n<\/div>\n<p><script id=\"facebookpixel\" defer=\"\" type=\"text\/javascript\">\n        !function(f,b,e,v,n,t,s)\n        {if(f.fbq)return;n=f.fbq=function(){n.callMethod?\n        n.callMethod.apply(n,arguments):n.queue.push(arguments)};\n        if(!f._fbq)f._fbq=n;n.push=n;n.loaded=!0;n.version='2.0';\n        n.queue=[];t=b.createElement(e);t.async=!0;\n        t.src=v;s=b.getElementsByTagName(e)[0];\n        s.parentNode.insertBefore(t,s)}(window, document,'script',\n        'https:\/\/connect.facebook.net\/en_US\/fbevents.js');\n        fbq('init', '492459597522335');\n        fbq('track', 'PageView');\n    <\/script><br \/>\n<br \/><\/p>\n","protected":false},"excerpt":{"rendered":"<p>El Bank of America confirm\u00f3 este martes que una de las v\u00edctimas del ataque a pu\u00f1aladas al azar en Times Square, Nueva York, era una ejecutiva de su compa\u00f1\u00eda. Erin Piacenti, de 32 a\u00f1os, era una de las vicepresidentas del banco, que tiene una torre de oficinas a pocas cuadras del centro tur\u00edstico y teatral [&hellip;]<\/p>\n","protected":false},"author":2,"featured_media":210136,"comment_status":"closed","ping_status":"closed","sticky":false,"template":"","format":"standard","meta":{"footnotes":""},"categories":[26],"tags":[],"class_list":["post-210135","post","type-post","status-publish","format-standard","has-post-thumbnail","hentry","category-internacionales"],"yoast_head":"<!-- This site is optimized with the Yoast SEO plugin v24.4 - https:\/\/yoast.com\/wordpress\/plugins\/seo\/ -->\n<title>Qui\u00e9n era la mujer asesinada en Times Square: una ejecutiva del Bank of America de 32 a\u00f1os - GYS NOTICIAS |<\/title>\n<meta name=\"robots\" content=\"index, follow, max-snippet:-1, max-image-preview:large, max-video-preview:-1\" \/>\n<link rel=\"canonical\" href=\"https:\/\/gysfm.com.ar\/inicio\/quien-era-la-mujer-asesinada-en-times-square-una-ejecutiva-del-bank-of-america-de-32-anos\/\" \/>\n<meta property=\"og:locale\" content=\"es_ES\" \/>\n<meta property=\"og:type\" content=\"article\" \/>\n<meta property=\"og:title\" content=\"Qui\u00e9n era la mujer asesinada en Times Square: una ejecutiva del Bank of America de 32 a\u00f1os - GYS NOTICIAS |\" \/>\n<meta property=\"og:description\" content=\"El Bank of America confirm\u00f3 este martes que una de las v\u00edctimas del ataque a pu\u00f1aladas al azar en Times Square, Nueva York, era una ejecutiva de su compa\u00f1\u00eda. Erin Piacenti, de 32 a\u00f1os, era una de las vicepresidentas del banco, que tiene una torre de oficinas a pocas cuadras del centro tur\u00edstico y teatral [&hellip;]\" \/>\n<meta property=\"og:url\" content=\"https:\/\/gysfm.com.ar\/inicio\/quien-era-la-mujer-asesinada-en-times-square-una-ejecutiva-del-bank-of-america-de-32-anos\/\" \/>\n<meta property=\"og:site_name\" content=\"GYS NOTICIAS |\" \/>\n<meta property=\"article:published_time\" content=\"2026-09-02T06:47:10+00:00\" \/>\n<meta property=\"article:modified_time\" content=\"2026-09-02T06:47:11+00:00\" \/>\n<meta property=\"og:image\" content=\"https:\/\/gysfm.com.ar\/inicio\/wp-content\/uploads\/2026\/09\/erin-piacenti-fue-atacada-en-el-centro-de-5PMHDZCPINBG5OL7OWS73TZCCM.webp.jpeg\" \/>\n\t<meta property=\"og:image:width\" content=\"1200\" \/>\n\t<meta property=\"og:image:height\" content=\"800\" \/>\n\t<meta property=\"og:image:type\" content=\"image\/jpeg\" \/>\n<meta name=\"author\" content=\"Prensa G&amp;S FM\" \/>\n<meta name=\"twitter:card\" content=\"summary_large_image\" \/>\n<meta name=\"twitter:label1\" content=\"Escrito por\" \/>\n\t<meta name=\"twitter:data1\" content=\"Prensa G&amp;S FM\" \/>\n\t<meta name=\"twitter:label2\" content=\"Tiempo de lectura\" \/>\n\t<meta name=\"twitter:data2\" content=\"4 minutos\" \/>\n<script type=\"application\/ld+json\" class=\"yoast-schema-graph\">{\"@context\":\"https:\/\/schema.org\",\"@graph\":[{\"@type\":\"Article\",\"@id\":\"https:\/\/gysfm.com.ar\/inicio\/quien-era-la-mujer-asesinada-en-times-square-una-ejecutiva-del-bank-of-america-de-32-anos\/#article\",\"isPartOf\":{\"@id\":\"https:\/\/gysfm.com.ar\/inicio\/quien-era-la-mujer-asesinada-en-times-square-una-ejecutiva-del-bank-of-america-de-32-anos\/\"},\"author\":{\"name\":\"Prensa G&amp;S FM\",\"@id\":\"https:\/\/gysfm.com.ar\/inicio\/#\/schema\/person\/3abba7593ef2ad19e1be221d54383dc5\"},\"headline\":\"Qui\u00e9n era la mujer asesinada en Times Square: una ejecutiva del Bank of America de 32 a\u00f1os\",\"datePublished\":\"2026-09-02T06:47:10+00:00\",\"dateModified\":\"2026-09-02T06:47:11+00:00\",\"mainEntityOfPage\":{\"@id\":\"https:\/\/gysfm.com.ar\/inicio\/quien-era-la-mujer-asesinada-en-times-square-una-ejecutiva-del-bank-of-america-de-32-anos\/\"},\"wordCount\":846,\"publisher\":{\"@id\":\"https:\/\/gysfm.com.ar\/inicio\/#organization\"},\"image\":{\"@id\":\"https:\/\/gysfm.com.ar\/inicio\/quien-era-la-mujer-asesinada-en-times-square-una-ejecutiva-del-bank-of-america-de-32-anos\/#primaryimage\"},\"thumbnailUrl\":\"https:\/\/gysfm.com.ar\/inicio\/wp-content\/uploads\/2026\/09\/erin-piacenti-fue-atacada-en-el-centro-de-5PMHDZCPINBG5OL7OWS73TZCCM.webp.jpeg\",\"articleSection\":[\"INTERNACIONALES\"],\"inLanguage\":\"es\"},{\"@type\":\"WebPage\",\"@id\":\"https:\/\/gysfm.com.ar\/inicio\/quien-era-la-mujer-asesinada-en-times-square-una-ejecutiva-del-bank-of-america-de-32-anos\/\",\"url\":\"https:\/\/gysfm.com.ar\/inicio\/quien-era-la-mujer-asesinada-en-times-square-una-ejecutiva-del-bank-of-america-de-32-anos\/\",\"name\":\"Qui\u00e9n era la mujer asesinada en Times Square: una ejecutiva del Bank of America de 32 a\u00f1os - GYS NOTICIAS |\",\"isPartOf\":{\"@id\":\"https:\/\/gysfm.com.ar\/inicio\/#website\"},\"primaryImageOfPage\":{\"@id\":\"https:\/\/gysfm.com.ar\/inicio\/quien-era-la-mujer-asesinada-en-times-square-una-ejecutiva-del-bank-of-america-de-32-anos\/#primaryimage\"},\"image\":{\"@id\":\"https:\/\/gysfm.com.ar\/inicio\/quien-era-la-mujer-asesinada-en-times-square-una-ejecutiva-del-bank-of-america-de-32-anos\/#primaryimage\"},\"thumbnailUrl\":\"https:\/\/gysfm.com.ar\/inicio\/wp-content\/uploads\/2026\/09\/erin-piacenti-fue-atacada-en-el-centro-de-5PMHDZCPINBG5OL7OWS73TZCCM.webp.jpeg\",\"datePublished\":\"2026-09-02T06:47:10+00:00\",\"dateModified\":\"2026-09-02T06:47:11+00:00\",\"breadcrumb\":{\"@id\":\"https:\/\/gysfm.com.ar\/inicio\/quien-era-la-mujer-asesinada-en-times-square-una-ejecutiva-del-bank-of-america-de-32-anos\/#breadcrumb\"},\"inLanguage\":\"es\",\"potentialAction\":[{\"@type\":\"ReadAction\",\"target\":[\"https:\/\/gysfm.com.ar\/inicio\/quien-era-la-mujer-asesinada-en-times-square-una-ejecutiva-del-bank-of-america-de-32-anos\/\"]}]},{\"@type\":\"ImageObject\",\"inLanguage\":\"es\",\"@id\":\"https:\/\/gysfm.com.ar\/inicio\/quien-era-la-mujer-asesinada-en-times-square-una-ejecutiva-del-bank-of-america-de-32-anos\/#primaryimage\",\"url\":\"https:\/\/gysfm.com.ar\/inicio\/wp-content\/uploads\/2026\/09\/erin-piacenti-fue-atacada-en-el-centro-de-5PMHDZCPINBG5OL7OWS73TZCCM.webp.jpeg\",\"contentUrl\":\"https:\/\/gysfm.com.ar\/inicio\/wp-content\/uploads\/2026\/09\/erin-piacenti-fue-atacada-en-el-centro-de-5PMHDZCPINBG5OL7OWS73TZCCM.webp.jpeg\",\"width\":1200,\"height\":800},{\"@type\":\"BreadcrumbList\",\"@id\":\"https:\/\/gysfm.com.ar\/inicio\/quien-era-la-mujer-asesinada-en-times-square-una-ejecutiva-del-bank-of-america-de-32-anos\/#breadcrumb\",\"itemListElement\":[{\"@type\":\"ListItem\",\"position\":1,\"name\":\"Portada\",\"item\":\"https:\/\/gysfm.com.ar\/inicio\/\"},{\"@type\":\"ListItem\",\"position\":2,\"name\":\"Qui\u00e9n era la mujer asesinada en Times Square: una ejecutiva del Bank of America de 32 a\u00f1os\"}]},{\"@type\":\"WebSite\",\"@id\":\"https:\/\/gysfm.com.ar\/inicio\/#website\",\"url\":\"https:\/\/gysfm.com.ar\/inicio\/\",\"name\":\"GYS NOTICIAS |\",\"description\":\"DIARIO - RADIO ONLINE SAN JUAN ARGENTINA\",\"publisher\":{\"@id\":\"https:\/\/gysfm.com.ar\/inicio\/#organization\"},\"potentialAction\":[{\"@type\":\"SearchAction\",\"target\":{\"@type\":\"EntryPoint\",\"urlTemplate\":\"https:\/\/gysfm.com.ar\/inicio\/?s={search_term_string}\"},\"query-input\":{\"@type\":\"PropertyValueSpecification\",\"valueRequired\":true,\"valueName\":\"search_term_string\"}}],\"inLanguage\":\"es\"},{\"@type\":\"Organization\",\"@id\":\"https:\/\/gysfm.com.ar\/inicio\/#organization\",\"name\":\"GYS NOTICIAS |\",\"url\":\"https:\/\/gysfm.com.ar\/inicio\/\",\"logo\":{\"@type\":\"ImageObject\",\"inLanguage\":\"es\",\"@id\":\"https:\/\/gysfm.com.ar\/inicio\/#\/schema\/logo\/image\/\",\"url\":\"https:\/\/gysfm.com.ar\/inicio\/wp-content\/uploads\/2023\/07\/LOGOGYS-OK.png\",\"contentUrl\":\"https:\/\/gysfm.com.ar\/inicio\/wp-content\/uploads\/2023\/07\/LOGOGYS-OK.png\",\"width\":1170,\"height\":872,\"caption\":\"GYS NOTICIAS |\"},\"image\":{\"@id\":\"https:\/\/gysfm.com.ar\/inicio\/#\/schema\/logo\/image\/\"}},{\"@type\":\"Person\",\"@id\":\"https:\/\/gysfm.com.ar\/inicio\/#\/schema\/person\/3abba7593ef2ad19e1be221d54383dc5\",\"name\":\"Prensa G&amp;S FM\",\"image\":{\"@type\":\"ImageObject\",\"inLanguage\":\"es\",\"@id\":\"https:\/\/gysfm.com.ar\/inicio\/#\/schema\/person\/image\/\",\"url\":\"https:\/\/secure.gravatar.com\/avatar\/096ec78df02049ab018702bb4ccedf659377fa92a26540b5247612077a0dbd29?s=96&d=mm&r=g\",\"contentUrl\":\"https:\/\/secure.gravatar.com\/avatar\/096ec78df02049ab018702bb4ccedf659377fa92a26540b5247612077a0dbd29?s=96&d=mm&r=g\",\"caption\":\"Prensa G&amp;S FM\"},\"sameAs\":[\"https:\/\/gysfm.com.ar\/\"],\"url\":\"https:\/\/gysfm.com.ar\/inicio\/author\/lucasm\/\"}]}<\/script>\n<!-- \/ Yoast SEO plugin. -->","yoast_head_json":{"title":"Qui\u00e9n era la mujer asesinada en Times Square: una ejecutiva del Bank of America de 32 a\u00f1os - GYS NOTICIAS |","robots":{"index":"index","follow":"follow","max-snippet":"max-snippet:-1","max-image-preview":"max-image-preview:large","max-video-preview":"max-video-preview:-1"},"canonical":"https:\/\/gysfm.com.ar\/inicio\/quien-era-la-mujer-asesinada-en-times-square-una-ejecutiva-del-bank-of-america-de-32-anos\/","og_locale":"es_ES","og_type":"article","og_title":"Qui\u00e9n era la mujer asesinada en Times Square: una ejecutiva del Bank of America de 32 a\u00f1os - GYS NOTICIAS |","og_description":"El Bank of America confirm\u00f3 este martes que una de las v\u00edctimas del ataque a pu\u00f1aladas al azar en Times Square, Nueva York, era una ejecutiva de su compa\u00f1\u00eda. Erin Piacenti, de 32 a\u00f1os, era una de las vicepresidentas del banco, que tiene una torre de oficinas a pocas cuadras del centro tur\u00edstico y teatral [&hellip;]","og_url":"https:\/\/gysfm.com.ar\/inicio\/quien-era-la-mujer-asesinada-en-times-square-una-ejecutiva-del-bank-of-america-de-32-anos\/","og_site_name":"GYS NOTICIAS |","article_published_time":"2026-09-02T06:47:10+00:00","article_modified_time":"2026-09-02T06:47:11+00:00","og_image":[{"width":1200,"height":800,"url":"https:\/\/gysfm.com.ar\/inicio\/wp-content\/uploads\/2026\/09\/erin-piacenti-fue-atacada-en-el-centro-de-5PMHDZCPINBG5OL7OWS73TZCCM.webp.jpeg","type":"image\/jpeg"}],"author":"Prensa G&amp;S FM","twitter_card":"summary_large_image","twitter_misc":{"Escrito por":"Prensa G&amp;S FM","Tiempo de lectura":"4 minutos"},"schema":{"@context":"https:\/\/schema.org","@graph":[{"@type":"Article","@id":"https:\/\/gysfm.com.ar\/inicio\/quien-era-la-mujer-asesinada-en-times-square-una-ejecutiva-del-bank-of-america-de-32-anos\/#article","isPartOf":{"@id":"https:\/\/gysfm.com.ar\/inicio\/quien-era-la-mujer-asesinada-en-times-square-una-ejecutiva-del-bank-of-america-de-32-anos\/"},"author":{"name":"Prensa G&amp;S FM","@id":"https:\/\/gysfm.com.ar\/inicio\/#\/schema\/person\/3abba7593ef2ad19e1be221d54383dc5"},"headline":"Qui\u00e9n era la mujer asesinada en Times Square: una ejecutiva del Bank of America de 32 a\u00f1os","datePublished":"2026-09-02T06:47:10+00:00","dateModified":"2026-09-02T06:47:11+00:00","mainEntityOfPage":{"@id":"https:\/\/gysfm.com.ar\/inicio\/quien-era-la-mujer-asesinada-en-times-square-una-ejecutiva-del-bank-of-america-de-32-anos\/"},"wordCount":846,"publisher":{"@id":"https:\/\/gysfm.com.ar\/inicio\/#organization"},"image":{"@id":"https:\/\/gysfm.com.ar\/inicio\/quien-era-la-mujer-asesinada-en-times-square-una-ejecutiva-del-bank-of-america-de-32-anos\/#primaryimage"},"thumbnailUrl":"https:\/\/gysfm.com.ar\/inicio\/wp-content\/uploads\/2026\/09\/erin-piacenti-fue-atacada-en-el-centro-de-5PMHDZCPINBG5OL7OWS73TZCCM.webp.jpeg","articleSection":["INTERNACIONALES"],"inLanguage":"es"},{"@type":"WebPage","@id":"https:\/\/gysfm.com.ar\/inicio\/quien-era-la-mujer-asesinada-en-times-square-una-ejecutiva-del-bank-of-america-de-32-anos\/","url":"https:\/\/gysfm.com.ar\/inicio\/quien-era-la-mujer-asesinada-en-times-square-una-ejecutiva-del-bank-of-america-de-32-anos\/","name":"Qui\u00e9n era la mujer asesinada en Times Square: una ejecutiva del Bank of America de 32 a\u00f1os - GYS NOTICIAS |","isPartOf":{"@id":"https:\/\/gysfm.com.ar\/inicio\/#website"},"primaryImageOfPage":{"@id":"https:\/\/gysfm.com.ar\/inicio\/quien-era-la-mujer-asesinada-en-times-square-una-ejecutiva-del-bank-of-america-de-32-anos\/#primaryimage"},"image":{"@id":"https:\/\/gysfm.com.ar\/inicio\/quien-era-la-mujer-asesinada-en-times-square-una-ejecutiva-del-bank-of-america-de-32-anos\/#primaryimage"},"thumbnailUrl":"https:\/\/gysfm.com.ar\/inicio\/wp-content\/uploads\/2026\/09\/erin-piacenti-fue-atacada-en-el-centro-de-5PMHDZCPINBG5OL7OWS73TZCCM.webp.jpeg","datePublished":"2026-09-02T06:47:10+00:00","dateModified":"2026-09-02T06:47:11+00:00","breadcrumb":{"@id":"https:\/\/gysfm.com.ar\/inicio\/quien-era-la-mujer-asesinada-en-times-square-una-ejecutiva-del-bank-of-america-de-32-anos\/#breadcrumb"},"inLanguage":"es","potentialAction":[{"@type":"ReadAction","target":["https:\/\/gysfm.com.ar\/inicio\/quien-era-la-mujer-asesinada-en-times-square-una-ejecutiva-del-bank-of-america-de-32-anos\/"]}]},{"@type":"ImageObject","inLanguage":"es","@id":"https:\/\/gysfm.com.ar\/inicio\/quien-era-la-mujer-asesinada-en-times-square-una-ejecutiva-del-bank-of-america-de-32-anos\/#primaryimage","url":"https:\/\/gysfm.com.ar\/inicio\/wp-content\/uploads\/2026\/09\/erin-piacenti-fue-atacada-en-el-centro-de-5PMHDZCPINBG5OL7OWS73TZCCM.webp.jpeg","contentUrl":"https:\/\/gysfm.com.ar\/inicio\/wp-content\/uploads\/2026\/09\/erin-piacenti-fue-atacada-en-el-centro-de-5PMHDZCPINBG5OL7OWS73TZCCM.webp.jpeg","width":1200,"height":800},{"@type":"BreadcrumbList","@id":"https:\/\/gysfm.com.ar\/inicio\/quien-era-la-mujer-asesinada-en-times-square-una-ejecutiva-del-bank-of-america-de-32-anos\/#breadcrumb","itemListElement":[{"@type":"ListItem","position":1,"name":"Portada","item":"https:\/\/gysfm.com.ar\/inicio\/"},{"@type":"ListItem","position":2,"name":"Qui\u00e9n era la mujer asesinada en Times Square: una ejecutiva del Bank of America de 32 a\u00f1os"}]},{"@type":"WebSite","@id":"https:\/\/gysfm.com.ar\/inicio\/#website","url":"https:\/\/gysfm.com.ar\/inicio\/","name":"GYS NOTICIAS |","description":"DIARIO - RADIO ONLINE SAN JUAN ARGENTINA","publisher":{"@id":"https:\/\/gysfm.com.ar\/inicio\/#organization"},"potentialAction":[{"@type":"SearchAction","target":{"@type":"EntryPoint","urlTemplate":"https:\/\/gysfm.com.ar\/inicio\/?s={search_term_string}"},"query-input":{"@type":"PropertyValueSpecification","valueRequired":true,"valueName":"search_term_string"}}],"inLanguage":"es"},{"@type":"Organization","@id":"https:\/\/gysfm.com.ar\/inicio\/#organization","name":"GYS NOTICIAS |","url":"https:\/\/gysfm.com.ar\/inicio\/","logo":{"@type":"ImageObject","inLanguage":"es","@id":"https:\/\/gysfm.com.ar\/inicio\/#\/schema\/logo\/image\/","url":"https:\/\/gysfm.com.ar\/inicio\/wp-content\/uploads\/2023\/07\/LOGOGYS-OK.png","contentUrl":"https:\/\/gysfm.com.ar\/inicio\/wp-content\/uploads\/2023\/07\/LOGOGYS-OK.png","width":1170,"height":872,"caption":"GYS NOTICIAS |"},"image":{"@id":"https:\/\/gysfm.com.ar\/inicio\/#\/schema\/logo\/image\/"}},{"@type":"Person","@id":"https:\/\/gysfm.com.ar\/inicio\/#\/schema\/person\/3abba7593ef2ad19e1be221d54383dc5","name":"Prensa G&amp;S FM","image":{"@type":"ImageObject","inLanguage":"es","@id":"https:\/\/gysfm.com.ar\/inicio\/#\/schema\/person\/image\/","url":"https:\/\/secure.gravatar.com\/avatar\/096ec78df02049ab018702bb4ccedf659377fa92a26540b5247612077a0dbd29?s=96&d=mm&r=g","contentUrl":"https:\/\/secure.gravatar.com\/avatar\/096ec78df02049ab018702bb4ccedf659377fa92a26540b5247612077a0dbd29?s=96&d=mm&r=g","caption":"Prensa G&amp;S FM"},"sameAs":["https:\/\/gysfm.com.ar\/"],"url":"https:\/\/gysfm.com.ar\/inicio\/author\/lucasm\/"}]}},"_links":{"self":[{"href":"https:\/\/gysfm.com.ar\/inicio\/wp-json\/wp\/v2\/posts\/210135","targetHints":{"allow":["GET"]}}],"collection":[{"href":"https:\/\/gysfm.com.ar\/inicio\/wp-json\/wp\/v2\/posts"}],"about":[{"href":"https:\/\/gysfm.com.ar\/inicio\/wp-json\/wp\/v2\/types\/post"}],"author":[{"embeddable":true,"href":"https:\/\/gysfm.com.ar\/inicio\/wp-json\/wp\/v2\/users\/2"}],"replies":[{"embeddable":true,"href":"https:\/\/gysfm.com.ar\/inicio\/wp-json\/wp\/v2\/comments?post=210135"}],"version-history":[{"count":1,"href":"https:\/\/gysfm.com.ar\/inicio\/wp-json\/wp\/v2\/posts\/210135\/revisions"}],"predecessor-version":[{"id":210137,"href":"https:\/\/gysfm.com.ar\/inicio\/wp-json\/wp\/v2\/posts\/210135\/revisions\/210137"}],"wp:featuredmedia":[{"embeddable":true,"href":"https:\/\/gysfm.com.ar\/inicio\/wp-json\/wp\/v2\/media\/210136"}],"wp:attachment":[{"href":"https:\/\/gysfm.com.ar\/inicio\/wp-json\/wp\/v2\/media?parent=210135"}],"wp:term":[{"taxonomy":"category","embeddable":true,"href":"https:\/\/gysfm.com.ar\/inicio\/wp-json\/wp\/v2\/categories?post=210135"},{"taxonomy":"post_tag","embeddable":true,"href":"https:\/\/gysfm.com.ar\/inicio\/wp-json\/wp\/v2\/tags?post=210135"}],"curies":[{"name":"wp","href":"https:\/\/api.w.org\/{rel}","templated":true}]}}