{"id":210132,"date":"2026-09-02T02:46:27","date_gmt":"2026-09-02T05:46:27","guid":{"rendered":"https:\/\/gysfm.com.ar\/inicio\/una-estudiante-de-19-anos-fue-apunalada-por-un-companero-en-la-facultad-de-medicina-de-uruguay\/"},"modified":"2026-09-02T02:46:28","modified_gmt":"2026-09-02T05:46:28","slug":"una-estudiante-de-19-anos-fue-apunalada-por-un-companero-en-la-facultad-de-medicina-de-uruguay","status":"publish","type":"post","link":"https:\/\/gysfm.com.ar\/inicio\/una-estudiante-de-19-anos-fue-apunalada-por-un-companero-en-la-facultad-de-medicina-de-uruguay\/","title":{"rendered":"Una estudiante de 19 a\u00f1os fue apu\u00f1alada por un compa\u00f1ero en la Facultad de Medicina de Uruguay"},"content":{"rendered":"<p> <br \/>\n<\/p>\n<div>\n<p class=\"com-paragraph --capital --s text-left\">Una estudiante de 19 a\u00f1os <strong>fue apu\u00f1alada por un compa\u00f1ero<\/strong> en la Facultad de Medicina de <a href=\"https:\/\/www.lanacion.com.ar\/el-mundo\/uruguay-decreto-duelo-oficial-para-este-jueves-por-la-muerte-de-ruben-rada-nid26082026\/\" target=\"_self\" title=\"https:\/\/www.lanacion.com.ar\/el-mundo\/uruguay-decreto-duelo-oficial-para-este-jueves-por-la-muerte-de-ruben-rada-nid26082026\/\" class=\"com-link break-word\" data-mrf-recirculation=\"n_link_parrafo\">Uruguay<\/a>. La joven se halla \u201cfuera de peligro\u201d, seg\u00fan confirm\u00f3 el decano de la instituci\u00f3n, <strong>Arturo Briva<\/strong>, en di\u00e1logo con medios locales, mientras el agresor <strong>qued\u00f3 detenido <\/strong>y a\u00fan se investigan los motivos del ataque.<\/p>\n<p class=\"com-paragraph --s text-left\">El episodio ocurri\u00f3 en las \u00faltimas horas en el <strong>tercer piso<\/strong> del edificio situado en Montevideo y luego de finalizada una clase, de acuerdo a lo relatado por Brivia.<\/p>\n<p class=\"com-paragraph --s text-left\">\u201cLo que tuvimos fue una agresi\u00f3n a una estudiante de facultad dentro del edificio, inmediatamente terminada la clase,<strong> a manos de un agresor que era otro estudiante<\/strong>, compa\u00f1ero de generaci\u00f3n\u201d, indic\u00f3 el decano de la facultad.<\/p>\n<div class=\"content-media cursor-pointer container-center-100\">\n<section class=\"media-container relative ratio-16-9 mod-media pb-32\">\n<figure class=\"mod-video\">\n<div class=\"video-player bg-black ratio-16-9\" data-has-jwplayer=\"true\" data-video-id-jw=\"MNriBmGq\" data-config=\"{&quot;title&quot;:&quot;As\u00ed retiraba la Polic\u00eda al agresor&quot;,&quot;mediaId&quot;:&quot;MNriBmGq&quot;,&quot;playerId&quot;:&quot;ih0086X3&quot;,&quot;playlist&quot;:[{&quot;mediaid&quot;:&quot;MNriBmGq&quot;,&quot;sources&quot;:[{&quot;file&quot;:&quot;https:\/\/cdn.jwplayer.com\/manifests\/MNriBmGq.m3u8&quot;,&quot;type&quot;:&quot;application\/vnd.apple.mpegurl&quot;},{&quot;bitrate&quot;:457224,&quot;file&quot;:&quot;https:\/\/cdn.jwplayer.com\/videos\/MNriBmGq-kTExGaWf.mp4&quot;,&quot;filesize&quot;:628683,&quot;framerate&quot;:30,&quot;height&quot;:320,&quot;label&quot;:&quot;180p&quot;,&quot;type&quot;:&quot;video\/mp4&quot;,&quot;width&quot;:178},{&quot;bitrate&quot;:694758,&quot;file&quot;:&quot;https:\/\/cdn.jwplayer.com\/videos\/MNriBmGq-K8B0kybS.mp4&quot;,&quot;filesize&quot;:955293,&quot;framerate&quot;:30,&quot;height&quot;:480,&quot;label&quot;:&quot;270p&quot;,&quot;type&quot;:&quot;video\/mp4&quot;,&quot;width&quot;:268},{&quot;bitrate&quot;:115933,&quot;file&quot;:&quot;https:\/\/cdn.jwplayer.com\/videos\/MNriBmGq-hz5z2Tv4.m4a&quot;,&quot;filesize&quot;:159408,&quot;label&quot;:&quot;AAC Audio&quot;,&quot;type&quot;:&quot;audio\/mp4&quot;}]}],&quot;hasAutoplay&quot;:false,&quot;autostart&quot;:true,&quot;tagsUrl&quot;:&quot;https:\/\/pubads.g.doubleclick.net\/gampad\/ads?slotname=\/133919216\/la_nacion_video\/nota\/preroll&amp;sz=640x480|400x300&amp;ciu_szs=300x250&amp;unviewed_position_start=1&amp;output=vast&amp;impl=s&amp;env=vp&amp;gdfp_req=1&amp;ad_rule=0&amp;vad_type=linear&amp;vpos=preroll&amp;cust_params=tags_nuevos%3Dte_uruguay%2Cca_el_mundo%2C%2CFTQ444YFWVD7FIFMFJFHVZDJSQ&amp;pod=3&amp;ppos=1&amp;lip=true&amp;min_ad_duration=0&amp;max_ad_duration=30000&amp;vrid=6256&amp;url=https%3A%2F%2Fwww.lanacion.com.ar%2Fel-mundo%2Funa-estudiante-de-19-anos-fue-apunalada-por-un-companero-en-la-facultad-de-medicina-de-uruguay-nid01092026%2F%3Fvariant%3DA&amp;description_url=https%3A%2F%2Fwww.lanacion.com.ar%2Fel-mundo%2Funa-estudiante-de-19-anos-fue-apunalada-por-un-companero-en-la-facultad-de-medicina-de-uruguay-nid01092026%2F%3Fvariant%3DA&amp;video_doc_id=short_onecue&amp;cmsid=496&amp;kfa=0&amp;tfcd=0&amp;correlator=1788327846724&quot;,&quot;arcSite&quot;:&quot;la-nacion-ar&quot;,&quot;duration&quot;:&quot;11000&quot;}\">\n<div id=\"facade-MNriBmGq\" class=\"content-facade-jw relative bg-black ratio-16-9\"><picture><source media=\"(max-width: 767px)\" srcset=\"https:\/\/www.lanacion.com.ar\/resizer\/v2\/https%3A%2F%2Fcdn.jwplayer.com%2Fv2%2Fmedia%2FMNriBmGq%2Fposter.jpg%3Fwidth%3D720?auth=6b621562e7d44bf53e19fb2674845fd28b19af5de3f167b55eb64f55487c24d8&amp;width=480&amp;quality=70&amp;smart=false\"\/><\/picture><\/div>\n<\/div><figcaption class=\"border border-1 border-bottom border-light-300 relative px-16 py-8 min-h-36 w-100_md px-0_l mb-8 bg-white\"><span class=\"text ln-text text-16 block\">As\u00ed retiraba la Polic\u00eda al agresor<\/span><\/figcaption><\/figure>\n<\/section>\n<\/div>\n<p class=\"com-paragraph --s text-left\">Sobre la v\u00edctima, afirm\u00f3 que \u201cest\u00e1 fuera de peligro y siendo asistida por los equipos\u201d. <\/p>\n<p class=\"com-paragraph --s text-left\">\u201cObviamente est\u00e1 en una <strong>mezcla de de conmoci\u00f3n por el shock emocional<\/strong> de haber sido v\u00edctima de una agresi\u00f3n tan violenta y se est\u00e1n tratando las heridas producto de la agresi\u00f3n, pero est\u00e1 absolutamente fuera de peligro\u201d, insisti\u00f3.<\/p>\n<p class=\"com-paragraph --s text-left\">Por su parte, la Jefatura de la Polic\u00eda de Montevideo consign\u00f3 en un comunicado que, al llegar al establecimiento educativo, los efectivos encontraron a la adolescente con \u201c<strong>heridas de arma blanca y abundante sangrado<\/strong>\u201d.<\/p>\n<p><iframe src=\"https:\/\/www.google.com\/maps\/embed?pb=!1m18!1m12!1m3!1d3272.7223180013616!2d-56.186035999999994!3d-34.888318600000005!2m3!1f0!2f0!3f0!3m2!1i1024!2i768!4f13.1!3m3!1m2!1s0x95a02b0000211f05%3A0x5efc1eb15e6df47f!2sFacultad%20de%20Medicina%20%7C%20UDELAR!5e0!3m2!1ses-419!2sar!4v1788301920068!5m2!1ses-419!2sar\" width=\"600\" height=\"450\" style=\"border:0;\" allowfullscreen=\"\" loading=\"lazy\" referrerpolicy=\"strict-origin-when-cross-origin\"><\/iframe><\/p>\n<p class=\"com-paragraph --s\">\u201cFue asistida por personal m\u00e9dico y trasladada para su atenci\u00f3n\u201d, agreg\u00f3 la fuerza, seg\u00fan consign\u00f3 El Observador.<\/p>\n<p><h2 class=\"font-primary font-w-bold text-subheading-lg text-left container-center-100 mb-8\"><span>El agresor<\/span><\/h2>\n<\/p>\n<p class=\"com-paragraph --s text-left\">El atacante, <strong>tambi\u00e9n de 19 a\u00f1os<\/strong>, fue arrestado tras la llegada de Personal de Zona 1 de la Polic\u00eda de la capital uruguaya. Los investigadores a\u00fan intentan determinar los motivos por los cuales cometi\u00f3 la agresi\u00f3n.<\/p>\n<p class=\"com-paragraph --s text-left\">Por otro lado, <strong>Pablo Hern\u00e1ndez<\/strong>, trabajador de la facultad e integrante de la Agremiaci\u00f3n Federal de Funcionarios de la Universidad de la Rep\u00fablica (Affur), sostuvo que el ataque se debi\u00f3 a un inconveniente \u201c<strong>entre estudiantes<\/strong>\u201d.<\/p>\n<p class=\"com-paragraph --s text-left\">\u201cSabemos que fue un problema entre estudiantes, <strong>no sabemos las causas<\/strong>, no sabemos si hay v\u00ednculo\u201d, se\u00f1al\u00f3 ante los medios locales.<\/p>\n<p class=\"com-paragraph --s text-left\">Adem\u00e1s, manifest\u00f3 que existen \u201ccarencias\u201d en la facultad que dificultan la intervenci\u00f3n del personal en casos de violencia.<\/p>\n<p class=\"com-paragraph --s text-left\">\u201cor ejemplo, en ese momento justo hab\u00eda <strong>una compa\u00f1era de vigilancia sola<\/strong>, que igual no iba a poder resolver el tema, porque justo hab\u00eda un curso de RCP que es obligatorio para vigilantes. Adem\u00e1s expone los problemas estructurales de que ac\u00e1 los compa\u00f1eros trabajan a ciegas, <strong>no hay c\u00e1maras en los pisos<\/strong>\u201d, expres\u00f3.<\/p>\n<p><h2 class=\"font-primary font-w-bold text-subheading-lg text-left container-center-100 mb-8\"><span>Las clases se retomar\u00e1n este mi\u00e9rcoles<\/span><\/h2>\n<\/p>\n<p class=\"com-paragraph --s text-left\">Luego del hecho, Brivia confirm\u00f3 la suspensi\u00f3n de las clases para el resto de la jornada, aunque anunci\u00f3 que este mi\u00e9rcoles<strong> se retomar\u00e1n<\/strong> con el objetivo de hablar con los estudiantes.<\/p>\n<div class=\"content-media\">\n<section role=\"button\" class=\"mod-media   \">\n<figure role=\"button\" tabindex=\"0\" class=\"mod-figure \"><figcaption class=\"mod-figcaption\"><span class=\"com-text --caption --twoxs\">El comunicado de la Facultad de Medicina<\/span><span class=\"com-text --credit --twoxs\">Redes<\/span><\/figcaption><\/figure>\n<\/section>\n<\/div>\n<p class=\"com-paragraph --s text-left\">\u201cEn principio suspendimos el dictado de clases para el d\u00eda de hoy, pero tambi\u00e9n quiero anunciar que a partir de ma\u00f1ana vamos a retomar las clases. Vamos a trabajar con todos los estudiantes que <strong>estuvieron involucrados<\/strong> porque, evidentemente, tenemos que pensar que hay una<strong> secuela de estr\u00e9s postraum\u00e1tico<\/strong> con la que tenemos que trabajar\u201d, se\u00f1al\u00f3.<\/p>\n<p class=\"com-paragraph --s text-left\">Por otro lado, indic\u00f3 que la instituci\u00f3n respaldar\u00e1 \u201ccualquier tipo de investigaci\u00f3n\u201d de la Polic\u00eda con el fin de que se puedan \u201c<strong>aclarar todos los hechos<\/strong> que sean necesarios\u201d.<\/p>\n<section class=\"container-center-100 mb-40 border border-bottom border-thin border-neutral-light-700\">\n<hr\/>\n<\/section>\n<\/div>\n<p><script id=\"facebookpixel\" defer=\"\" type=\"text\/javascript\">\n        !function(f,b,e,v,n,t,s)\n        {if(f.fbq)return;n=f.fbq=function(){n.callMethod?\n        n.callMethod.apply(n,arguments):n.queue.push(arguments)};\n        if(!f._fbq)f._fbq=n;n.push=n;n.loaded=!0;n.version='2.0';\n        n.queue=[];t=b.createElement(e);t.async=!0;\n        t.src=v;s=b.getElementsByTagName(e)[0];\n        s.parentNode.insertBefore(t,s)}(window, document,'script',\n        'https:\/\/connect.facebook.net\/en_US\/fbevents.js');\n        fbq('init', '492459597522335');\n        fbq('track', 'PageView');\n    <\/script><br \/>\n<br \/><\/p>\n","protected":false},"excerpt":{"rendered":"<p>Una estudiante de 19 a\u00f1os fue apu\u00f1alada por un compa\u00f1ero en la Facultad de Medicina de Uruguay. La joven se halla \u201cfuera de peligro\u201d, seg\u00fan confirm\u00f3 el decano de la instituci\u00f3n, Arturo Briva, en di\u00e1logo con medios locales, mientras el agresor qued\u00f3 detenido y a\u00fan se investigan los motivos del ataque. El episodio ocurri\u00f3 en [&hellip;]<\/p>\n","protected":false},"author":2,"featured_media":210133,"comment_status":"closed","ping_status":"closed","sticky":false,"template":"","format":"standard","meta":{"footnotes":""},"categories":[26],"tags":[],"class_list":["post-210132","post","type-post","status-publish","format-standard","has-post-thumbnail","hentry","category-internacionales"],"yoast_head":"<!-- This site is optimized with the Yoast SEO plugin v24.4 - https:\/\/yoast.com\/wordpress\/plugins\/seo\/ -->\n<title>Una estudiante de 19 a\u00f1os fue apu\u00f1alada por un compa\u00f1ero en la Facultad de Medicina de Uruguay - GYS NOTICIAS |<\/title>\n<meta name=\"robots\" content=\"index, follow, max-snippet:-1, max-image-preview:large, max-video-preview:-1\" \/>\n<link rel=\"canonical\" href=\"https:\/\/gysfm.com.ar\/inicio\/una-estudiante-de-19-anos-fue-apunalada-por-un-companero-en-la-facultad-de-medicina-de-uruguay\/\" \/>\n<meta property=\"og:locale\" content=\"es_ES\" \/>\n<meta property=\"og:type\" content=\"article\" \/>\n<meta property=\"og:title\" content=\"Una estudiante de 19 a\u00f1os fue apu\u00f1alada por un compa\u00f1ero en la Facultad de Medicina de Uruguay - GYS NOTICIAS |\" \/>\n<meta property=\"og:description\" content=\"Una estudiante de 19 a\u00f1os fue apu\u00f1alada por un compa\u00f1ero en la Facultad de Medicina de Uruguay. La joven se halla \u201cfuera de peligro\u201d, seg\u00fan confirm\u00f3 el decano de la instituci\u00f3n, Arturo Briva, en di\u00e1logo con medios locales, mientras el agresor qued\u00f3 detenido y a\u00fan se investigan los motivos del ataque. El episodio ocurri\u00f3 en [&hellip;]\" \/>\n<meta property=\"og:url\" content=\"https:\/\/gysfm.com.ar\/inicio\/una-estudiante-de-19-anos-fue-apunalada-por-un-companero-en-la-facultad-de-medicina-de-uruguay\/\" \/>\n<meta property=\"og:site_name\" content=\"GYS NOTICIAS |\" \/>\n<meta property=\"article:published_time\" content=\"2026-09-02T05:46:27+00:00\" \/>\n<meta property=\"article:modified_time\" content=\"2026-09-02T05:46:28+00:00\" \/>\n<meta property=\"og:image\" content=\"https:\/\/gysfm.com.ar\/inicio\/wp-content\/uploads\/2026\/09\/facultad-de-BX6CH6RGPZD4XFGMFBXK5HTFJA.jpg\" \/>\n\t<meta property=\"og:image:width\" content=\"1200\" \/>\n\t<meta property=\"og:image:height\" content=\"800\" \/>\n\t<meta property=\"og:image:type\" content=\"image\/jpeg\" \/>\n<meta name=\"author\" content=\"Prensa G&amp;S FM\" \/>\n<meta name=\"twitter:card\" content=\"summary_large_image\" \/>\n<meta name=\"twitter:label1\" content=\"Escrito por\" \/>\n\t<meta name=\"twitter:data1\" content=\"Prensa G&amp;S FM\" \/>\n\t<meta name=\"twitter:label2\" content=\"Tiempo de lectura\" \/>\n\t<meta name=\"twitter:data2\" content=\"3 minutos\" \/>\n<script type=\"application\/ld+json\" class=\"yoast-schema-graph\">{\"@context\":\"https:\/\/schema.org\",\"@graph\":[{\"@type\":\"Article\",\"@id\":\"https:\/\/gysfm.com.ar\/inicio\/una-estudiante-de-19-anos-fue-apunalada-por-un-companero-en-la-facultad-de-medicina-de-uruguay\/#article\",\"isPartOf\":{\"@id\":\"https:\/\/gysfm.com.ar\/inicio\/una-estudiante-de-19-anos-fue-apunalada-por-un-companero-en-la-facultad-de-medicina-de-uruguay\/\"},\"author\":{\"name\":\"Prensa G&amp;S FM\",\"@id\":\"https:\/\/gysfm.com.ar\/inicio\/#\/schema\/person\/3abba7593ef2ad19e1be221d54383dc5\"},\"headline\":\"Una estudiante de 19 a\u00f1os fue apu\u00f1alada por un compa\u00f1ero en la Facultad de Medicina de Uruguay\",\"datePublished\":\"2026-09-02T05:46:27+00:00\",\"dateModified\":\"2026-09-02T05:46:28+00:00\",\"mainEntityOfPage\":{\"@id\":\"https:\/\/gysfm.com.ar\/inicio\/una-estudiante-de-19-anos-fue-apunalada-por-un-companero-en-la-facultad-de-medicina-de-uruguay\/\"},\"wordCount\":591,\"publisher\":{\"@id\":\"https:\/\/gysfm.com.ar\/inicio\/#organization\"},\"image\":{\"@id\":\"https:\/\/gysfm.com.ar\/inicio\/una-estudiante-de-19-anos-fue-apunalada-por-un-companero-en-la-facultad-de-medicina-de-uruguay\/#primaryimage\"},\"thumbnailUrl\":\"https:\/\/gysfm.com.ar\/inicio\/wp-content\/uploads\/2026\/09\/facultad-de-BX6CH6RGPZD4XFGMFBXK5HTFJA.jpg\",\"articleSection\":[\"INTERNACIONALES\"],\"inLanguage\":\"es\"},{\"@type\":\"WebPage\",\"@id\":\"https:\/\/gysfm.com.ar\/inicio\/una-estudiante-de-19-anos-fue-apunalada-por-un-companero-en-la-facultad-de-medicina-de-uruguay\/\",\"url\":\"https:\/\/gysfm.com.ar\/inicio\/una-estudiante-de-19-anos-fue-apunalada-por-un-companero-en-la-facultad-de-medicina-de-uruguay\/\",\"name\":\"Una estudiante de 19 a\u00f1os fue apu\u00f1alada por un compa\u00f1ero en la Facultad de Medicina de Uruguay - GYS NOTICIAS |\",\"isPartOf\":{\"@id\":\"https:\/\/gysfm.com.ar\/inicio\/#website\"},\"primaryImageOfPage\":{\"@id\":\"https:\/\/gysfm.com.ar\/inicio\/una-estudiante-de-19-anos-fue-apunalada-por-un-companero-en-la-facultad-de-medicina-de-uruguay\/#primaryimage\"},\"image\":{\"@id\":\"https:\/\/gysfm.com.ar\/inicio\/una-estudiante-de-19-anos-fue-apunalada-por-un-companero-en-la-facultad-de-medicina-de-uruguay\/#primaryimage\"},\"thumbnailUrl\":\"https:\/\/gysfm.com.ar\/inicio\/wp-content\/uploads\/2026\/09\/facultad-de-BX6CH6RGPZD4XFGMFBXK5HTFJA.jpg\",\"datePublished\":\"2026-09-02T05:46:27+00:00\",\"dateModified\":\"2026-09-02T05:46:28+00:00\",\"breadcrumb\":{\"@id\":\"https:\/\/gysfm.com.ar\/inicio\/una-estudiante-de-19-anos-fue-apunalada-por-un-companero-en-la-facultad-de-medicina-de-uruguay\/#breadcrumb\"},\"inLanguage\":\"es\",\"potentialAction\":[{\"@type\":\"ReadAction\",\"target\":[\"https:\/\/gysfm.com.ar\/inicio\/una-estudiante-de-19-anos-fue-apunalada-por-un-companero-en-la-facultad-de-medicina-de-uruguay\/\"]}]},{\"@type\":\"ImageObject\",\"inLanguage\":\"es\",\"@id\":\"https:\/\/gysfm.com.ar\/inicio\/una-estudiante-de-19-anos-fue-apunalada-por-un-companero-en-la-facultad-de-medicina-de-uruguay\/#primaryimage\",\"url\":\"https:\/\/gysfm.com.ar\/inicio\/wp-content\/uploads\/2026\/09\/facultad-de-BX6CH6RGPZD4XFGMFBXK5HTFJA.jpg\",\"contentUrl\":\"https:\/\/gysfm.com.ar\/inicio\/wp-content\/uploads\/2026\/09\/facultad-de-BX6CH6RGPZD4XFGMFBXK5HTFJA.jpg\",\"width\":1200,\"height\":800},{\"@type\":\"BreadcrumbList\",\"@id\":\"https:\/\/gysfm.com.ar\/inicio\/una-estudiante-de-19-anos-fue-apunalada-por-un-companero-en-la-facultad-de-medicina-de-uruguay\/#breadcrumb\",\"itemListElement\":[{\"@type\":\"ListItem\",\"position\":1,\"name\":\"Portada\",\"item\":\"https:\/\/gysfm.com.ar\/inicio\/\"},{\"@type\":\"ListItem\",\"position\":2,\"name\":\"Una estudiante de 19 a\u00f1os fue apu\u00f1alada por un compa\u00f1ero en la Facultad de Medicina de Uruguay\"}]},{\"@type\":\"WebSite\",\"@id\":\"https:\/\/gysfm.com.ar\/inicio\/#website\",\"url\":\"https:\/\/gysfm.com.ar\/inicio\/\",\"name\":\"GYS NOTICIAS |\",\"description\":\"DIARIO - RADIO ONLINE SAN JUAN ARGENTINA\",\"publisher\":{\"@id\":\"https:\/\/gysfm.com.ar\/inicio\/#organization\"},\"potentialAction\":[{\"@type\":\"SearchAction\",\"target\":{\"@type\":\"EntryPoint\",\"urlTemplate\":\"https:\/\/gysfm.com.ar\/inicio\/?s={search_term_string}\"},\"query-input\":{\"@type\":\"PropertyValueSpecification\",\"valueRequired\":true,\"valueName\":\"search_term_string\"}}],\"inLanguage\":\"es\"},{\"@type\":\"Organization\",\"@id\":\"https:\/\/gysfm.com.ar\/inicio\/#organization\",\"name\":\"GYS NOTICIAS |\",\"url\":\"https:\/\/gysfm.com.ar\/inicio\/\",\"logo\":{\"@type\":\"ImageObject\",\"inLanguage\":\"es\",\"@id\":\"https:\/\/gysfm.com.ar\/inicio\/#\/schema\/logo\/image\/\",\"url\":\"https:\/\/gysfm.com.ar\/inicio\/wp-content\/uploads\/2023\/07\/LOGOGYS-OK.png\",\"contentUrl\":\"https:\/\/gysfm.com.ar\/inicio\/wp-content\/uploads\/2023\/07\/LOGOGYS-OK.png\",\"width\":1170,\"height\":872,\"caption\":\"GYS NOTICIAS |\"},\"image\":{\"@id\":\"https:\/\/gysfm.com.ar\/inicio\/#\/schema\/logo\/image\/\"}},{\"@type\":\"Person\",\"@id\":\"https:\/\/gysfm.com.ar\/inicio\/#\/schema\/person\/3abba7593ef2ad19e1be221d54383dc5\",\"name\":\"Prensa G&amp;S FM\",\"image\":{\"@type\":\"ImageObject\",\"inLanguage\":\"es\",\"@id\":\"https:\/\/gysfm.com.ar\/inicio\/#\/schema\/person\/image\/\",\"url\":\"https:\/\/secure.gravatar.com\/avatar\/096ec78df02049ab018702bb4ccedf659377fa92a26540b5247612077a0dbd29?s=96&d=mm&r=g\",\"contentUrl\":\"https:\/\/secure.gravatar.com\/avatar\/096ec78df02049ab018702bb4ccedf659377fa92a26540b5247612077a0dbd29?s=96&d=mm&r=g\",\"caption\":\"Prensa G&amp;S FM\"},\"sameAs\":[\"https:\/\/gysfm.com.ar\/\"],\"url\":\"https:\/\/gysfm.com.ar\/inicio\/author\/lucasm\/\"}]}<\/script>\n<!-- \/ Yoast SEO plugin. -->","yoast_head_json":{"title":"Una estudiante de 19 a\u00f1os fue apu\u00f1alada por un compa\u00f1ero en la Facultad de Medicina de Uruguay - GYS NOTICIAS |","robots":{"index":"index","follow":"follow","max-snippet":"max-snippet:-1","max-image-preview":"max-image-preview:large","max-video-preview":"max-video-preview:-1"},"canonical":"https:\/\/gysfm.com.ar\/inicio\/una-estudiante-de-19-anos-fue-apunalada-por-un-companero-en-la-facultad-de-medicina-de-uruguay\/","og_locale":"es_ES","og_type":"article","og_title":"Una estudiante de 19 a\u00f1os fue apu\u00f1alada por un compa\u00f1ero en la Facultad de Medicina de Uruguay - GYS NOTICIAS |","og_description":"Una estudiante de 19 a\u00f1os fue apu\u00f1alada por un compa\u00f1ero en la Facultad de Medicina de Uruguay. La joven se halla \u201cfuera de peligro\u201d, seg\u00fan confirm\u00f3 el decano de la instituci\u00f3n, Arturo Briva, en di\u00e1logo con medios locales, mientras el agresor qued\u00f3 detenido y a\u00fan se investigan los motivos del ataque. El episodio ocurri\u00f3 en [&hellip;]","og_url":"https:\/\/gysfm.com.ar\/inicio\/una-estudiante-de-19-anos-fue-apunalada-por-un-companero-en-la-facultad-de-medicina-de-uruguay\/","og_site_name":"GYS NOTICIAS |","article_published_time":"2026-09-02T05:46:27+00:00","article_modified_time":"2026-09-02T05:46:28+00:00","og_image":[{"width":1200,"height":800,"url":"https:\/\/gysfm.com.ar\/inicio\/wp-content\/uploads\/2026\/09\/facultad-de-BX6CH6RGPZD4XFGMFBXK5HTFJA.jpg","type":"image\/jpeg"}],"author":"Prensa G&amp;S FM","twitter_card":"summary_large_image","twitter_misc":{"Escrito por":"Prensa G&amp;S FM","Tiempo de lectura":"3 minutos"},"schema":{"@context":"https:\/\/schema.org","@graph":[{"@type":"Article","@id":"https:\/\/gysfm.com.ar\/inicio\/una-estudiante-de-19-anos-fue-apunalada-por-un-companero-en-la-facultad-de-medicina-de-uruguay\/#article","isPartOf":{"@id":"https:\/\/gysfm.com.ar\/inicio\/una-estudiante-de-19-anos-fue-apunalada-por-un-companero-en-la-facultad-de-medicina-de-uruguay\/"},"author":{"name":"Prensa G&amp;S FM","@id":"https:\/\/gysfm.com.ar\/inicio\/#\/schema\/person\/3abba7593ef2ad19e1be221d54383dc5"},"headline":"Una estudiante de 19 a\u00f1os fue apu\u00f1alada por un compa\u00f1ero en la Facultad de Medicina de Uruguay","datePublished":"2026-09-02T05:46:27+00:00","dateModified":"2026-09-02T05:46:28+00:00","mainEntityOfPage":{"@id":"https:\/\/gysfm.com.ar\/inicio\/una-estudiante-de-19-anos-fue-apunalada-por-un-companero-en-la-facultad-de-medicina-de-uruguay\/"},"wordCount":591,"publisher":{"@id":"https:\/\/gysfm.com.ar\/inicio\/#organization"},"image":{"@id":"https:\/\/gysfm.com.ar\/inicio\/una-estudiante-de-19-anos-fue-apunalada-por-un-companero-en-la-facultad-de-medicina-de-uruguay\/#primaryimage"},"thumbnailUrl":"https:\/\/gysfm.com.ar\/inicio\/wp-content\/uploads\/2026\/09\/facultad-de-BX6CH6RGPZD4XFGMFBXK5HTFJA.jpg","articleSection":["INTERNACIONALES"],"inLanguage":"es"},{"@type":"WebPage","@id":"https:\/\/gysfm.com.ar\/inicio\/una-estudiante-de-19-anos-fue-apunalada-por-un-companero-en-la-facultad-de-medicina-de-uruguay\/","url":"https:\/\/gysfm.com.ar\/inicio\/una-estudiante-de-19-anos-fue-apunalada-por-un-companero-en-la-facultad-de-medicina-de-uruguay\/","name":"Una estudiante de 19 a\u00f1os fue apu\u00f1alada por un compa\u00f1ero en la Facultad de Medicina de Uruguay - GYS NOTICIAS |","isPartOf":{"@id":"https:\/\/gysfm.com.ar\/inicio\/#website"},"primaryImageOfPage":{"@id":"https:\/\/gysfm.com.ar\/inicio\/una-estudiante-de-19-anos-fue-apunalada-por-un-companero-en-la-facultad-de-medicina-de-uruguay\/#primaryimage"},"image":{"@id":"https:\/\/gysfm.com.ar\/inicio\/una-estudiante-de-19-anos-fue-apunalada-por-un-companero-en-la-facultad-de-medicina-de-uruguay\/#primaryimage"},"thumbnailUrl":"https:\/\/gysfm.com.ar\/inicio\/wp-content\/uploads\/2026\/09\/facultad-de-BX6CH6RGPZD4XFGMFBXK5HTFJA.jpg","datePublished":"2026-09-02T05:46:27+00:00","dateModified":"2026-09-02T05:46:28+00:00","breadcrumb":{"@id":"https:\/\/gysfm.com.ar\/inicio\/una-estudiante-de-19-anos-fue-apunalada-por-un-companero-en-la-facultad-de-medicina-de-uruguay\/#breadcrumb"},"inLanguage":"es","potentialAction":[{"@type":"ReadAction","target":["https:\/\/gysfm.com.ar\/inicio\/una-estudiante-de-19-anos-fue-apunalada-por-un-companero-en-la-facultad-de-medicina-de-uruguay\/"]}]},{"@type":"ImageObject","inLanguage":"es","@id":"https:\/\/gysfm.com.ar\/inicio\/una-estudiante-de-19-anos-fue-apunalada-por-un-companero-en-la-facultad-de-medicina-de-uruguay\/#primaryimage","url":"https:\/\/gysfm.com.ar\/inicio\/wp-content\/uploads\/2026\/09\/facultad-de-BX6CH6RGPZD4XFGMFBXK5HTFJA.jpg","contentUrl":"https:\/\/gysfm.com.ar\/inicio\/wp-content\/uploads\/2026\/09\/facultad-de-BX6CH6RGPZD4XFGMFBXK5HTFJA.jpg","width":1200,"height":800},{"@type":"BreadcrumbList","@id":"https:\/\/gysfm.com.ar\/inicio\/una-estudiante-de-19-anos-fue-apunalada-por-un-companero-en-la-facultad-de-medicina-de-uruguay\/#breadcrumb","itemListElement":[{"@type":"ListItem","position":1,"name":"Portada","item":"https:\/\/gysfm.com.ar\/inicio\/"},{"@type":"ListItem","position":2,"name":"Una estudiante de 19 a\u00f1os fue apu\u00f1alada por un compa\u00f1ero en la Facultad de Medicina de Uruguay"}]},{"@type":"WebSite","@id":"https:\/\/gysfm.com.ar\/inicio\/#website","url":"https:\/\/gysfm.com.ar\/inicio\/","name":"GYS NOTICIAS |","description":"DIARIO - RADIO ONLINE SAN JUAN ARGENTINA","publisher":{"@id":"https:\/\/gysfm.com.ar\/inicio\/#organization"},"potentialAction":[{"@type":"SearchAction","target":{"@type":"EntryPoint","urlTemplate":"https:\/\/gysfm.com.ar\/inicio\/?s={search_term_string}"},"query-input":{"@type":"PropertyValueSpecification","valueRequired":true,"valueName":"search_term_string"}}],"inLanguage":"es"},{"@type":"Organization","@id":"https:\/\/gysfm.com.ar\/inicio\/#organization","name":"GYS NOTICIAS |","url":"https:\/\/gysfm.com.ar\/inicio\/","logo":{"@type":"ImageObject","inLanguage":"es","@id":"https:\/\/gysfm.com.ar\/inicio\/#\/schema\/logo\/image\/","url":"https:\/\/gysfm.com.ar\/inicio\/wp-content\/uploads\/2023\/07\/LOGOGYS-OK.png","contentUrl":"https:\/\/gysfm.com.ar\/inicio\/wp-content\/uploads\/2023\/07\/LOGOGYS-OK.png","width":1170,"height":872,"caption":"GYS NOTICIAS |"},"image":{"@id":"https:\/\/gysfm.com.ar\/inicio\/#\/schema\/logo\/image\/"}},{"@type":"Person","@id":"https:\/\/gysfm.com.ar\/inicio\/#\/schema\/person\/3abba7593ef2ad19e1be221d54383dc5","name":"Prensa G&amp;S FM","image":{"@type":"ImageObject","inLanguage":"es","@id":"https:\/\/gysfm.com.ar\/inicio\/#\/schema\/person\/image\/","url":"https:\/\/secure.gravatar.com\/avatar\/096ec78df02049ab018702bb4ccedf659377fa92a26540b5247612077a0dbd29?s=96&d=mm&r=g","contentUrl":"https:\/\/secure.gravatar.com\/avatar\/096ec78df02049ab018702bb4ccedf659377fa92a26540b5247612077a0dbd29?s=96&d=mm&r=g","caption":"Prensa G&amp;S FM"},"sameAs":["https:\/\/gysfm.com.ar\/"],"url":"https:\/\/gysfm.com.ar\/inicio\/author\/lucasm\/"}]}},"_links":{"self":[{"href":"https:\/\/gysfm.com.ar\/inicio\/wp-json\/wp\/v2\/posts\/210132","targetHints":{"allow":["GET"]}}],"collection":[{"href":"https:\/\/gysfm.com.ar\/inicio\/wp-json\/wp\/v2\/posts"}],"about":[{"href":"https:\/\/gysfm.com.ar\/inicio\/wp-json\/wp\/v2\/types\/post"}],"author":[{"embeddable":true,"href":"https:\/\/gysfm.com.ar\/inicio\/wp-json\/wp\/v2\/users\/2"}],"replies":[{"embeddable":true,"href":"https:\/\/gysfm.com.ar\/inicio\/wp-json\/wp\/v2\/comments?post=210132"}],"version-history":[{"count":1,"href":"https:\/\/gysfm.com.ar\/inicio\/wp-json\/wp\/v2\/posts\/210132\/revisions"}],"predecessor-version":[{"id":210134,"href":"https:\/\/gysfm.com.ar\/inicio\/wp-json\/wp\/v2\/posts\/210132\/revisions\/210134"}],"wp:featuredmedia":[{"embeddable":true,"href":"https:\/\/gysfm.com.ar\/inicio\/wp-json\/wp\/v2\/media\/210133"}],"wp:attachment":[{"href":"https:\/\/gysfm.com.ar\/inicio\/wp-json\/wp\/v2\/media?parent=210132"}],"wp:term":[{"taxonomy":"category","embeddable":true,"href":"https:\/\/gysfm.com.ar\/inicio\/wp-json\/wp\/v2\/categories?post=210132"},{"taxonomy":"post_tag","embeddable":true,"href":"https:\/\/gysfm.com.ar\/inicio\/wp-json\/wp\/v2\/tags?post=210132"}],"curies":[{"name":"wp","href":"https:\/\/api.w.org\/{rel}","templated":true}]}}