{"id":210129,"date":"2026-09-02T01:45:17","date_gmt":"2026-09-02T04:45:17","guid":{"rendered":"https:\/\/gysfm.com.ar\/inicio\/afirman-que-el-exdictador-cubano-raul-castro-se-encuentra-en-grave-estado-de-salud\/"},"modified":"2026-09-02T01:45:18","modified_gmt":"2026-09-02T04:45:18","slug":"afirman-que-el-exdictador-cubano-raul-castro-se-encuentra-en-grave-estado-de-salud","status":"publish","type":"post","link":"https:\/\/gysfm.com.ar\/inicio\/afirman-que-el-exdictador-cubano-raul-castro-se-encuentra-en-grave-estado-de-salud\/","title":{"rendered":"Afirman que el exdictador cubano Ra\u00fal Castro se encuentra en grave estado de salud"},"content":{"rendered":"<p> <br \/>\n<\/p>\n<div>\n<p class=\"com-paragraph --capital --s\">MIAMI.\u2013 El dirigente cubano <strong>Ra\u00fal Castro, <\/strong>de 95 a\u00f1os, una de las figuras fundadoras del r\u00e9gimen revolucionario que encabez\u00f3 su hermano Fidel, <strong>se encuentra en grave estado de salud, <\/strong>de acuerdo con el <em>Diario Las Am\u00e9ricas, <\/em>en base a una<em> <\/em>fuente confidencial desde La Habana.<\/p>\n<p class=\"com-paragraph --s\">El diario con sede en Miami report\u00f3 este martes que el general del Ej\u00e9rcito estar\u00eda<strong> \u201cgravemente enfermo, asistido con equipos para mantenerlo con vida, afectado al parecer por un accidente cerebro vascular\u201d. <\/strong><\/p>\n<p class=\"com-paragraph --s\">De acuerdo con la informaci\u00f3n del diario, que desminti\u00f3 rumores que circulaban sobre la muerte de Castro, \u201cla realidad hasta este momento es que <strong>se encuentra muy delicado de salud,<\/strong> a partir de una informaci\u00f3n filtrada que no deja lugar a especulaciones\u201d.<\/p>\n<div class=\"content-media\">\n<section role=\"button\" class=\"mod-media   \">\n<figure role=\"button\" tabindex=\"0\" class=\"mod-figure \"><figcaption class=\"mod-figcaption\"><span class=\"com-text --caption --twoxs\">Pancartas con la imagen de Ra\u00fal Castro en una manifestaci\u00f3n en La Habana en mayo pasado<\/span><span class=\"com-text --credit --twoxs\">Ramon Espinosa &#8211; AP<\/span><\/figcaption><\/figure>\n<\/section>\n<\/div>\n<p class=\"com-paragraph --s\">El canal N+ Univision 23 Miami habl\u00f3 con<strong> Iliana Lavastida, <\/strong>la directora del <em>Diario Las Am\u00e9ricas<\/em>, quien public\u00f3 la nota. \u201cEn la madrugada de hoy (martes) recibimos una informaci\u00f3n desde Cuba, <strong>de una fuente muy confidencial, pero muy fidedigna, <\/strong>que nos asegur\u00f3 que Ra\u00fal Castro se encuentra en este estado que hemos reportado\u201d, se\u00f1al\u00f3. <\/p>\n<p class=\"com-paragraph --s\">Lavastida subray\u00f3 que hab\u00edan circulado rumores sobre la muerte de Castro, lo cual responde a que, en Cuba, \u201ccuando cualquiera de estas figuras que forman parte de la nomenclatura de la dictadura, <strong>alrededor de ellas ocurre algo significativo, siempre se producen movimientos de tropas, <\/strong>siempre hay cambios que dan lugar a que las personas que est\u00e1n al tanto de estas informaciones, puedan sospechar que algo est\u00e1 ocurriendo\u201d.<\/p>\n<p><h2 class=\"font-primary font-w-bold text-subheading-lg text-left container-center-100 mb-8\"><span>Figura de poder<\/span><\/h2>\n<\/p>\n<p class=\"com-paragraph --s\">Ra\u00fal Castro asumi\u00f3 como presidente interino tras la designaci\u00f3n hecha por su hermano Fidel Castro en 2006,<strong> y accedi\u00f3 oficialmente el cargo en 2008, <\/strong>hasta abril de 2018 que fue sucedido por <a href=\"https:\/\/www.lanacion.com.ar\/estados-unidos\/eeuu-sanciona-a-diaz-canel-su-esposa-y-familiares-de-raul-castro-que-implica-para-cuba-nid05062026\/\" target=\"_self\" title=\"https:\/\/www.lanacion.com.ar\/estados-unidos\/eeuu-sanciona-a-diaz-canel-su-esposa-y-familiares-de-raul-castro-que-implica-para-cuba-nid05062026\/\" class=\"com-link break-word\" data-mrf-recirculation=\"n_link_parrafo\">Miguel D\u00edaz-Canel.<\/a><\/p>\n<p class=\"com-paragraph --s\">Tras unos meses fuera de la vista del p\u00fablico,<strong> Castro reapareci\u00f3 el 13 de agosto en un acto en La Habana<\/strong> con motivo del centenario de Fidel.<\/p>\n<div class=\"content-media\">\n<section role=\"button\" class=\"mod-media   \">\n<figure role=\"button\" tabindex=\"0\" class=\"mod-figure \"><figcaption class=\"mod-figcaption\"><span class=\"com-text --caption --twoxs\">Ra\u00fal Castro (centro) junto al presidente Miguel D\u00edaz-Canel (izquierda) <\/span><span class=\"com-text --credit --twoxs\">YAMIL LAGE &#8211; AFP<\/span><\/figcaption><\/figure>\n<\/section>\n<\/div>\n<p class=\"com-paragraph --s\">Vestido con su uniforme verde olivo, <strong>fue ovacionado al entrar al teatro Karl Marx,<\/strong> sede del acto del que tambi\u00e9n participaron D\u00edaz-Canel y la c\u00fapula del Partido Comunista. Ocup\u00f3 una butaca al lado de la viuda de Fidel, <strong>Dalia Soto del Valle, <\/strong>quien rara vez se muestra en actos p\u00fablicos. <\/p>\n<p class=\"com-paragraph --s\">Aunque no ocupa ning\u00fan cargo, Ra\u00fal Castro conserva un papel importante en las decisiones pol\u00edticas y tiene la lealtad de las Fuerzas Armadas. En junio,<strong> la presidencia dijo que hab\u00eda dado su visto bueno a un paquete de reformas econ\u00f3micas para hacer frente a la crisis<\/strong>.<\/p>\n<p class=\"com-paragraph --s\">La \u00faltima aparici\u00f3n p\u00fablica antes de eso <strong>hab\u00eda sido el 1 de mayo frente a la embajada de Estados Unidos en La Habana,<\/strong> donde se lo vio fr\u00e1gil. Luego la televisi\u00f3n estatal lo mostr\u00f3 en dos actos en junio. <\/p>\n<p class=\"com-paragraph --s\">Castro fue acusado en mayo en Miami<a href=\"https:\/\/www.lanacion.com.ar\/el-mundo\/el-castrismo-cerro-filas-para-defender-a-raul-castro-y-su-hija-prometio-que-nadie-lo-va-a-secuestrar-nid22052026\/\" target=\"_self\" title=\"https:\/\/www.lanacion.com.ar\/el-mundo\/el-castrismo-cerro-filas-para-defender-a-raul-castro-y-su-hija-prometio-que-nadie-lo-va-a-secuestrar-nid22052026\/\" class=\"com-link break-word\" data-mrf-recirculation=\"n_link_parrafo\"> por la muerte de cuatro estadounidenses<\/a><strong> <\/strong>en el derribo de dos avionetas de un grupo anticastrista en 1996. Entonces era ministro de Defensa.<\/p>\n<div class=\"content-media\">\n<section role=\"button\" class=\"mod-media   \">\n<figure role=\"button\" tabindex=\"0\" class=\"mod-figure \"><figcaption class=\"mod-figcaption\"><span class=\"com-text --caption --twoxs\">Fidel y Ra\u00fal Castro (Archivo)  <\/span><span class=\"com-text --credit --twoxs\">Archivo<\/span><\/figcaption><\/figure>\n<\/section>\n<\/div>\n<p class=\"com-paragraph --s\">El nonagenario dirigente destaca por haber mantenido una vida familiar tradicional, <strong>a diferencia de su hermano Fidel, <\/strong>conocido por sus numerosas, variadas y secretas relaciones amorosas. Estuvo casado con <strong>Vilma Esp\u00edn, <\/strong>otra revolucionaria a quien conoci\u00f3 en la guerrilla que derroc\u00f3 al r\u00e9gimen de Fulgencio Batista y que muri\u00f3 de c\u00e1ncer en 2007.<\/p>\n<p class=\"com-paragraph --s\">La pareja tuvo cuatro hijos, entre los que destacan <strong>Mariela Castro Esp\u00edn<\/strong> \u2013 diputada de la Asamblea Nacional del Poder Popular\u2013 <strong>y Alejandro Castro Esp\u00edn, <\/strong>director de inteligencia y contrainteligencia de Cuba.<\/p>\n<p class=\"com-paragraph --s\">Durante su mandato impuls\u00f3 unas<strong> reformas econ\u00f3micas<\/strong> que, aunque muy limitadas, fueron las mayores desde el colapso de la<strong> Uni\u00f3n Sovi\u00e9tica.<\/strong> Su gobierno<strong> ampli\u00f3 el espacio para peque\u00f1os negocios privados, <\/strong>autoriz\u00f3 la compraventa de viviendas y autom\u00f3viles, flexibiliz\u00f3 algunas restricciones migratorias y promovi\u00f3 t\u00edmidas aperturas al mercado.<\/p>\n<p class=\"com-paragraph --s\">Tambi\u00e9n redujo parte del enorme aparato estatal cubano y foment\u00f3 nuevas formas de trabajo por cuenta propia. Sin embargo, <strong>las reformas convivieron con la continuidad del sistema pol\u00edtico de partido \u00fanico <\/strong>instaurado tras la revoluci\u00f3n de 1959.<\/p>\n<p class=\"com-paragraph --s\">Con Ra\u00fal Castro al mando, organizaciones internacionales de derechos humanos<strong> siguieron denunciando la falta de libertad de expresi\u00f3n y derechos civiles y pol\u00edticos, <\/strong>as\u00ed como la represi\u00f3n a opositores.<\/p>\n<section class=\"container-center-100 mb-40 border border-bottom border-thin border-neutral-light-700\">\n<hr\/>\n<\/section>\n<\/div>\n<p><script id=\"facebookpixel\" defer=\"\" type=\"text\/javascript\">\n        !function(f,b,e,v,n,t,s)\n        {if(f.fbq)return;n=f.fbq=function(){n.callMethod?\n        n.callMethod.apply(n,arguments):n.queue.push(arguments)};\n        if(!f._fbq)f._fbq=n;n.push=n;n.loaded=!0;n.version='2.0';\n        n.queue=[];t=b.createElement(e);t.async=!0;\n        t.src=v;s=b.getElementsByTagName(e)[0];\n        s.parentNode.insertBefore(t,s)}(window, document,'script',\n        'https:\/\/connect.facebook.net\/en_US\/fbevents.js');\n        fbq('init', '492459597522335');\n        fbq('track', 'PageView');\n    <\/script><br \/>\n<br \/><\/p>\n","protected":false},"excerpt":{"rendered":"<p>MIAMI.\u2013 El dirigente cubano Ra\u00fal Castro, de 95 a\u00f1os, una de las figuras fundadoras del r\u00e9gimen revolucionario que encabez\u00f3 su hermano Fidel, se encuentra en grave estado de salud, de acuerdo con el Diario Las Am\u00e9ricas, en base a una fuente confidencial desde La Habana. El diario con sede en Miami report\u00f3 este martes que [&hellip;]<\/p>\n","protected":false},"author":2,"featured_media":210130,"comment_status":"closed","ping_status":"closed","sticky":false,"template":"","format":"standard","meta":{"footnotes":""},"categories":[26],"tags":[],"class_list":["post-210129","post","type-post","status-publish","format-standard","has-post-thumbnail","hentry","category-internacionales"],"yoast_head":"<!-- This site is optimized with the Yoast SEO plugin v24.4 - https:\/\/yoast.com\/wordpress\/plugins\/seo\/ -->\n<title>Afirman que el exdictador cubano Ra\u00fal Castro se encuentra en grave estado de salud - GYS NOTICIAS |<\/title>\n<meta name=\"robots\" content=\"index, follow, max-snippet:-1, max-image-preview:large, max-video-preview:-1\" \/>\n<link rel=\"canonical\" href=\"https:\/\/gysfm.com.ar\/inicio\/afirman-que-el-exdictador-cubano-raul-castro-se-encuentra-en-grave-estado-de-salud\/\" \/>\n<meta property=\"og:locale\" content=\"es_ES\" \/>\n<meta property=\"og:type\" content=\"article\" \/>\n<meta property=\"og:title\" content=\"Afirman que el exdictador cubano Ra\u00fal Castro se encuentra en grave estado de salud - GYS NOTICIAS |\" \/>\n<meta property=\"og:description\" content=\"MIAMI.\u2013 El dirigente cubano Ra\u00fal Castro, de 95 a\u00f1os, una de las figuras fundadoras del r\u00e9gimen revolucionario que encabez\u00f3 su hermano Fidel, se encuentra en grave estado de salud, de acuerdo con el Diario Las Am\u00e9ricas, en base a una fuente confidencial desde La Habana. El diario con sede en Miami report\u00f3 este martes que [&hellip;]\" \/>\n<meta property=\"og:url\" content=\"https:\/\/gysfm.com.ar\/inicio\/afirman-que-el-exdictador-cubano-raul-castro-se-encuentra-en-grave-estado-de-salud\/\" \/>\n<meta property=\"og:site_name\" content=\"GYS NOTICIAS |\" \/>\n<meta property=\"article:published_time\" content=\"2026-09-02T04:45:17+00:00\" \/>\n<meta property=\"article:modified_time\" content=\"2026-09-02T04:45:18+00:00\" \/>\n<meta property=\"og:image\" content=\"https:\/\/gysfm.com.ar\/inicio\/wp-content\/uploads\/2026\/09\/raul-castro-ondea-una-bandera-cubana-durante-un-UQ33HZZX2RGNLERW75TE3UQQIQ.jpg\" \/>\n\t<meta property=\"og:image:width\" content=\"1200\" \/>\n\t<meta property=\"og:image:height\" content=\"800\" \/>\n\t<meta property=\"og:image:type\" content=\"image\/jpeg\" \/>\n<meta name=\"author\" content=\"Prensa G&amp;S FM\" \/>\n<meta name=\"twitter:card\" content=\"summary_large_image\" \/>\n<meta name=\"twitter:label1\" content=\"Escrito por\" \/>\n\t<meta name=\"twitter:data1\" content=\"Prensa G&amp;S FM\" \/>\n\t<meta name=\"twitter:label2\" content=\"Tiempo de lectura\" \/>\n\t<meta name=\"twitter:data2\" content=\"4 minutos\" \/>\n<script type=\"application\/ld+json\" class=\"yoast-schema-graph\">{\"@context\":\"https:\/\/schema.org\",\"@graph\":[{\"@type\":\"Article\",\"@id\":\"https:\/\/gysfm.com.ar\/inicio\/afirman-que-el-exdictador-cubano-raul-castro-se-encuentra-en-grave-estado-de-salud\/#article\",\"isPartOf\":{\"@id\":\"https:\/\/gysfm.com.ar\/inicio\/afirman-que-el-exdictador-cubano-raul-castro-se-encuentra-en-grave-estado-de-salud\/\"},\"author\":{\"name\":\"Prensa G&amp;S FM\",\"@id\":\"https:\/\/gysfm.com.ar\/inicio\/#\/schema\/person\/3abba7593ef2ad19e1be221d54383dc5\"},\"headline\":\"Afirman que el exdictador cubano Ra\u00fal Castro se encuentra en grave estado de salud\",\"datePublished\":\"2026-09-02T04:45:17+00:00\",\"dateModified\":\"2026-09-02T04:45:18+00:00\",\"mainEntityOfPage\":{\"@id\":\"https:\/\/gysfm.com.ar\/inicio\/afirman-que-el-exdictador-cubano-raul-castro-se-encuentra-en-grave-estado-de-salud\/\"},\"wordCount\":767,\"publisher\":{\"@id\":\"https:\/\/gysfm.com.ar\/inicio\/#organization\"},\"image\":{\"@id\":\"https:\/\/gysfm.com.ar\/inicio\/afirman-que-el-exdictador-cubano-raul-castro-se-encuentra-en-grave-estado-de-salud\/#primaryimage\"},\"thumbnailUrl\":\"https:\/\/gysfm.com.ar\/inicio\/wp-content\/uploads\/2026\/09\/raul-castro-ondea-una-bandera-cubana-durante-un-UQ33HZZX2RGNLERW75TE3UQQIQ.jpg\",\"articleSection\":[\"INTERNACIONALES\"],\"inLanguage\":\"es\"},{\"@type\":\"WebPage\",\"@id\":\"https:\/\/gysfm.com.ar\/inicio\/afirman-que-el-exdictador-cubano-raul-castro-se-encuentra-en-grave-estado-de-salud\/\",\"url\":\"https:\/\/gysfm.com.ar\/inicio\/afirman-que-el-exdictador-cubano-raul-castro-se-encuentra-en-grave-estado-de-salud\/\",\"name\":\"Afirman que el exdictador cubano Ra\u00fal Castro se encuentra en grave estado de salud - GYS NOTICIAS |\",\"isPartOf\":{\"@id\":\"https:\/\/gysfm.com.ar\/inicio\/#website\"},\"primaryImageOfPage\":{\"@id\":\"https:\/\/gysfm.com.ar\/inicio\/afirman-que-el-exdictador-cubano-raul-castro-se-encuentra-en-grave-estado-de-salud\/#primaryimage\"},\"image\":{\"@id\":\"https:\/\/gysfm.com.ar\/inicio\/afirman-que-el-exdictador-cubano-raul-castro-se-encuentra-en-grave-estado-de-salud\/#primaryimage\"},\"thumbnailUrl\":\"https:\/\/gysfm.com.ar\/inicio\/wp-content\/uploads\/2026\/09\/raul-castro-ondea-una-bandera-cubana-durante-un-UQ33HZZX2RGNLERW75TE3UQQIQ.jpg\",\"datePublished\":\"2026-09-02T04:45:17+00:00\",\"dateModified\":\"2026-09-02T04:45:18+00:00\",\"breadcrumb\":{\"@id\":\"https:\/\/gysfm.com.ar\/inicio\/afirman-que-el-exdictador-cubano-raul-castro-se-encuentra-en-grave-estado-de-salud\/#breadcrumb\"},\"inLanguage\":\"es\",\"potentialAction\":[{\"@type\":\"ReadAction\",\"target\":[\"https:\/\/gysfm.com.ar\/inicio\/afirman-que-el-exdictador-cubano-raul-castro-se-encuentra-en-grave-estado-de-salud\/\"]}]},{\"@type\":\"ImageObject\",\"inLanguage\":\"es\",\"@id\":\"https:\/\/gysfm.com.ar\/inicio\/afirman-que-el-exdictador-cubano-raul-castro-se-encuentra-en-grave-estado-de-salud\/#primaryimage\",\"url\":\"https:\/\/gysfm.com.ar\/inicio\/wp-content\/uploads\/2026\/09\/raul-castro-ondea-una-bandera-cubana-durante-un-UQ33HZZX2RGNLERW75TE3UQQIQ.jpg\",\"contentUrl\":\"https:\/\/gysfm.com.ar\/inicio\/wp-content\/uploads\/2026\/09\/raul-castro-ondea-una-bandera-cubana-durante-un-UQ33HZZX2RGNLERW75TE3UQQIQ.jpg\",\"width\":1200,\"height\":800},{\"@type\":\"BreadcrumbList\",\"@id\":\"https:\/\/gysfm.com.ar\/inicio\/afirman-que-el-exdictador-cubano-raul-castro-se-encuentra-en-grave-estado-de-salud\/#breadcrumb\",\"itemListElement\":[{\"@type\":\"ListItem\",\"position\":1,\"name\":\"Portada\",\"item\":\"https:\/\/gysfm.com.ar\/inicio\/\"},{\"@type\":\"ListItem\",\"position\":2,\"name\":\"Afirman que el exdictador cubano Ra\u00fal Castro se encuentra en grave estado de salud\"}]},{\"@type\":\"WebSite\",\"@id\":\"https:\/\/gysfm.com.ar\/inicio\/#website\",\"url\":\"https:\/\/gysfm.com.ar\/inicio\/\",\"name\":\"GYS NOTICIAS |\",\"description\":\"DIARIO - RADIO ONLINE SAN JUAN ARGENTINA\",\"publisher\":{\"@id\":\"https:\/\/gysfm.com.ar\/inicio\/#organization\"},\"potentialAction\":[{\"@type\":\"SearchAction\",\"target\":{\"@type\":\"EntryPoint\",\"urlTemplate\":\"https:\/\/gysfm.com.ar\/inicio\/?s={search_term_string}\"},\"query-input\":{\"@type\":\"PropertyValueSpecification\",\"valueRequired\":true,\"valueName\":\"search_term_string\"}}],\"inLanguage\":\"es\"},{\"@type\":\"Organization\",\"@id\":\"https:\/\/gysfm.com.ar\/inicio\/#organization\",\"name\":\"GYS NOTICIAS |\",\"url\":\"https:\/\/gysfm.com.ar\/inicio\/\",\"logo\":{\"@type\":\"ImageObject\",\"inLanguage\":\"es\",\"@id\":\"https:\/\/gysfm.com.ar\/inicio\/#\/schema\/logo\/image\/\",\"url\":\"https:\/\/gysfm.com.ar\/inicio\/wp-content\/uploads\/2023\/07\/LOGOGYS-OK.png\",\"contentUrl\":\"https:\/\/gysfm.com.ar\/inicio\/wp-content\/uploads\/2023\/07\/LOGOGYS-OK.png\",\"width\":1170,\"height\":872,\"caption\":\"GYS NOTICIAS |\"},\"image\":{\"@id\":\"https:\/\/gysfm.com.ar\/inicio\/#\/schema\/logo\/image\/\"}},{\"@type\":\"Person\",\"@id\":\"https:\/\/gysfm.com.ar\/inicio\/#\/schema\/person\/3abba7593ef2ad19e1be221d54383dc5\",\"name\":\"Prensa G&amp;S FM\",\"image\":{\"@type\":\"ImageObject\",\"inLanguage\":\"es\",\"@id\":\"https:\/\/gysfm.com.ar\/inicio\/#\/schema\/person\/image\/\",\"url\":\"https:\/\/secure.gravatar.com\/avatar\/096ec78df02049ab018702bb4ccedf659377fa92a26540b5247612077a0dbd29?s=96&d=mm&r=g\",\"contentUrl\":\"https:\/\/secure.gravatar.com\/avatar\/096ec78df02049ab018702bb4ccedf659377fa92a26540b5247612077a0dbd29?s=96&d=mm&r=g\",\"caption\":\"Prensa G&amp;S FM\"},\"sameAs\":[\"https:\/\/gysfm.com.ar\/\"],\"url\":\"https:\/\/gysfm.com.ar\/inicio\/author\/lucasm\/\"}]}<\/script>\n<!-- \/ Yoast SEO plugin. -->","yoast_head_json":{"title":"Afirman que el exdictador cubano Ra\u00fal Castro se encuentra en grave estado de salud - GYS NOTICIAS |","robots":{"index":"index","follow":"follow","max-snippet":"max-snippet:-1","max-image-preview":"max-image-preview:large","max-video-preview":"max-video-preview:-1"},"canonical":"https:\/\/gysfm.com.ar\/inicio\/afirman-que-el-exdictador-cubano-raul-castro-se-encuentra-en-grave-estado-de-salud\/","og_locale":"es_ES","og_type":"article","og_title":"Afirman que el exdictador cubano Ra\u00fal Castro se encuentra en grave estado de salud - GYS NOTICIAS |","og_description":"MIAMI.\u2013 El dirigente cubano Ra\u00fal Castro, de 95 a\u00f1os, una de las figuras fundadoras del r\u00e9gimen revolucionario que encabez\u00f3 su hermano Fidel, se encuentra en grave estado de salud, de acuerdo con el Diario Las Am\u00e9ricas, en base a una fuente confidencial desde La Habana. El diario con sede en Miami report\u00f3 este martes que [&hellip;]","og_url":"https:\/\/gysfm.com.ar\/inicio\/afirman-que-el-exdictador-cubano-raul-castro-se-encuentra-en-grave-estado-de-salud\/","og_site_name":"GYS NOTICIAS |","article_published_time":"2026-09-02T04:45:17+00:00","article_modified_time":"2026-09-02T04:45:18+00:00","og_image":[{"width":1200,"height":800,"url":"https:\/\/gysfm.com.ar\/inicio\/wp-content\/uploads\/2026\/09\/raul-castro-ondea-una-bandera-cubana-durante-un-UQ33HZZX2RGNLERW75TE3UQQIQ.jpg","type":"image\/jpeg"}],"author":"Prensa G&amp;S FM","twitter_card":"summary_large_image","twitter_misc":{"Escrito por":"Prensa G&amp;S FM","Tiempo de lectura":"4 minutos"},"schema":{"@context":"https:\/\/schema.org","@graph":[{"@type":"Article","@id":"https:\/\/gysfm.com.ar\/inicio\/afirman-que-el-exdictador-cubano-raul-castro-se-encuentra-en-grave-estado-de-salud\/#article","isPartOf":{"@id":"https:\/\/gysfm.com.ar\/inicio\/afirman-que-el-exdictador-cubano-raul-castro-se-encuentra-en-grave-estado-de-salud\/"},"author":{"name":"Prensa G&amp;S FM","@id":"https:\/\/gysfm.com.ar\/inicio\/#\/schema\/person\/3abba7593ef2ad19e1be221d54383dc5"},"headline":"Afirman que el exdictador cubano Ra\u00fal Castro se encuentra en grave estado de salud","datePublished":"2026-09-02T04:45:17+00:00","dateModified":"2026-09-02T04:45:18+00:00","mainEntityOfPage":{"@id":"https:\/\/gysfm.com.ar\/inicio\/afirman-que-el-exdictador-cubano-raul-castro-se-encuentra-en-grave-estado-de-salud\/"},"wordCount":767,"publisher":{"@id":"https:\/\/gysfm.com.ar\/inicio\/#organization"},"image":{"@id":"https:\/\/gysfm.com.ar\/inicio\/afirman-que-el-exdictador-cubano-raul-castro-se-encuentra-en-grave-estado-de-salud\/#primaryimage"},"thumbnailUrl":"https:\/\/gysfm.com.ar\/inicio\/wp-content\/uploads\/2026\/09\/raul-castro-ondea-una-bandera-cubana-durante-un-UQ33HZZX2RGNLERW75TE3UQQIQ.jpg","articleSection":["INTERNACIONALES"],"inLanguage":"es"},{"@type":"WebPage","@id":"https:\/\/gysfm.com.ar\/inicio\/afirman-que-el-exdictador-cubano-raul-castro-se-encuentra-en-grave-estado-de-salud\/","url":"https:\/\/gysfm.com.ar\/inicio\/afirman-que-el-exdictador-cubano-raul-castro-se-encuentra-en-grave-estado-de-salud\/","name":"Afirman que el exdictador cubano Ra\u00fal Castro se encuentra en grave estado de salud - GYS NOTICIAS |","isPartOf":{"@id":"https:\/\/gysfm.com.ar\/inicio\/#website"},"primaryImageOfPage":{"@id":"https:\/\/gysfm.com.ar\/inicio\/afirman-que-el-exdictador-cubano-raul-castro-se-encuentra-en-grave-estado-de-salud\/#primaryimage"},"image":{"@id":"https:\/\/gysfm.com.ar\/inicio\/afirman-que-el-exdictador-cubano-raul-castro-se-encuentra-en-grave-estado-de-salud\/#primaryimage"},"thumbnailUrl":"https:\/\/gysfm.com.ar\/inicio\/wp-content\/uploads\/2026\/09\/raul-castro-ondea-una-bandera-cubana-durante-un-UQ33HZZX2RGNLERW75TE3UQQIQ.jpg","datePublished":"2026-09-02T04:45:17+00:00","dateModified":"2026-09-02T04:45:18+00:00","breadcrumb":{"@id":"https:\/\/gysfm.com.ar\/inicio\/afirman-que-el-exdictador-cubano-raul-castro-se-encuentra-en-grave-estado-de-salud\/#breadcrumb"},"inLanguage":"es","potentialAction":[{"@type":"ReadAction","target":["https:\/\/gysfm.com.ar\/inicio\/afirman-que-el-exdictador-cubano-raul-castro-se-encuentra-en-grave-estado-de-salud\/"]}]},{"@type":"ImageObject","inLanguage":"es","@id":"https:\/\/gysfm.com.ar\/inicio\/afirman-que-el-exdictador-cubano-raul-castro-se-encuentra-en-grave-estado-de-salud\/#primaryimage","url":"https:\/\/gysfm.com.ar\/inicio\/wp-content\/uploads\/2026\/09\/raul-castro-ondea-una-bandera-cubana-durante-un-UQ33HZZX2RGNLERW75TE3UQQIQ.jpg","contentUrl":"https:\/\/gysfm.com.ar\/inicio\/wp-content\/uploads\/2026\/09\/raul-castro-ondea-una-bandera-cubana-durante-un-UQ33HZZX2RGNLERW75TE3UQQIQ.jpg","width":1200,"height":800},{"@type":"BreadcrumbList","@id":"https:\/\/gysfm.com.ar\/inicio\/afirman-que-el-exdictador-cubano-raul-castro-se-encuentra-en-grave-estado-de-salud\/#breadcrumb","itemListElement":[{"@type":"ListItem","position":1,"name":"Portada","item":"https:\/\/gysfm.com.ar\/inicio\/"},{"@type":"ListItem","position":2,"name":"Afirman que el exdictador cubano Ra\u00fal Castro se encuentra en grave estado de salud"}]},{"@type":"WebSite","@id":"https:\/\/gysfm.com.ar\/inicio\/#website","url":"https:\/\/gysfm.com.ar\/inicio\/","name":"GYS NOTICIAS |","description":"DIARIO - RADIO ONLINE SAN JUAN ARGENTINA","publisher":{"@id":"https:\/\/gysfm.com.ar\/inicio\/#organization"},"potentialAction":[{"@type":"SearchAction","target":{"@type":"EntryPoint","urlTemplate":"https:\/\/gysfm.com.ar\/inicio\/?s={search_term_string}"},"query-input":{"@type":"PropertyValueSpecification","valueRequired":true,"valueName":"search_term_string"}}],"inLanguage":"es"},{"@type":"Organization","@id":"https:\/\/gysfm.com.ar\/inicio\/#organization","name":"GYS NOTICIAS |","url":"https:\/\/gysfm.com.ar\/inicio\/","logo":{"@type":"ImageObject","inLanguage":"es","@id":"https:\/\/gysfm.com.ar\/inicio\/#\/schema\/logo\/image\/","url":"https:\/\/gysfm.com.ar\/inicio\/wp-content\/uploads\/2023\/07\/LOGOGYS-OK.png","contentUrl":"https:\/\/gysfm.com.ar\/inicio\/wp-content\/uploads\/2023\/07\/LOGOGYS-OK.png","width":1170,"height":872,"caption":"GYS NOTICIAS |"},"image":{"@id":"https:\/\/gysfm.com.ar\/inicio\/#\/schema\/logo\/image\/"}},{"@type":"Person","@id":"https:\/\/gysfm.com.ar\/inicio\/#\/schema\/person\/3abba7593ef2ad19e1be221d54383dc5","name":"Prensa G&amp;S FM","image":{"@type":"ImageObject","inLanguage":"es","@id":"https:\/\/gysfm.com.ar\/inicio\/#\/schema\/person\/image\/","url":"https:\/\/secure.gravatar.com\/avatar\/096ec78df02049ab018702bb4ccedf659377fa92a26540b5247612077a0dbd29?s=96&d=mm&r=g","contentUrl":"https:\/\/secure.gravatar.com\/avatar\/096ec78df02049ab018702bb4ccedf659377fa92a26540b5247612077a0dbd29?s=96&d=mm&r=g","caption":"Prensa G&amp;S FM"},"sameAs":["https:\/\/gysfm.com.ar\/"],"url":"https:\/\/gysfm.com.ar\/inicio\/author\/lucasm\/"}]}},"_links":{"self":[{"href":"https:\/\/gysfm.com.ar\/inicio\/wp-json\/wp\/v2\/posts\/210129","targetHints":{"allow":["GET"]}}],"collection":[{"href":"https:\/\/gysfm.com.ar\/inicio\/wp-json\/wp\/v2\/posts"}],"about":[{"href":"https:\/\/gysfm.com.ar\/inicio\/wp-json\/wp\/v2\/types\/post"}],"author":[{"embeddable":true,"href":"https:\/\/gysfm.com.ar\/inicio\/wp-json\/wp\/v2\/users\/2"}],"replies":[{"embeddable":true,"href":"https:\/\/gysfm.com.ar\/inicio\/wp-json\/wp\/v2\/comments?post=210129"}],"version-history":[{"count":1,"href":"https:\/\/gysfm.com.ar\/inicio\/wp-json\/wp\/v2\/posts\/210129\/revisions"}],"predecessor-version":[{"id":210131,"href":"https:\/\/gysfm.com.ar\/inicio\/wp-json\/wp\/v2\/posts\/210129\/revisions\/210131"}],"wp:featuredmedia":[{"embeddable":true,"href":"https:\/\/gysfm.com.ar\/inicio\/wp-json\/wp\/v2\/media\/210130"}],"wp:attachment":[{"href":"https:\/\/gysfm.com.ar\/inicio\/wp-json\/wp\/v2\/media?parent=210129"}],"wp:term":[{"taxonomy":"category","embeddable":true,"href":"https:\/\/gysfm.com.ar\/inicio\/wp-json\/wp\/v2\/categories?post=210129"},{"taxonomy":"post_tag","embeddable":true,"href":"https:\/\/gysfm.com.ar\/inicio\/wp-json\/wp\/v2\/tags?post=210129"}],"curies":[{"name":"wp","href":"https:\/\/api.w.org\/{rel}","templated":true}]}}