{"id":210123,"date":"2026-09-02T00:44:10","date_gmt":"2026-09-02T03:44:10","guid":{"rendered":"https:\/\/gysfm.com.ar\/inicio\/iran-respondio-a-los-ataques-de-ee-uu-con-una-oleada-de-drones-y-misiles-contra-bases-militares-en-paises-del-golfo\/"},"modified":"2026-09-02T00:44:11","modified_gmt":"2026-09-02T03:44:11","slug":"iran-respondio-a-los-ataques-de-ee-uu-con-una-oleada-de-drones-y-misiles-contra-bases-militares-en-paises-del-golfo","status":"publish","type":"post","link":"https:\/\/gysfm.com.ar\/inicio\/iran-respondio-a-los-ataques-de-ee-uu-con-una-oleada-de-drones-y-misiles-contra-bases-militares-en-paises-del-golfo\/","title":{"rendered":"Ir\u00e1n respondi\u00f3 a los ataques de EE.UU. con una oleada de drones y misiles contra bases militares en pa\u00edses del golfo"},"content":{"rendered":"<p> <br \/>\n<\/p>\n<div>\n<p class=\"com-paragraph --capital --s text-left\">TEHER\u00c1N.- Luego de que el ej\u00e9rcito de <strong>Estados Unidos<\/strong> lanzara <a href=\"https:\/\/www.lanacion.com.ar\/el-mundo\/trump-lanza-una-nueva-ofensiva-contra-iran-y-teheran-promete-un-severo-castigo-nid01092026\/\" target=\"_self\" title=\"https:\/\/www.lanacion.com.ar\/el-mundo\/trump-lanza-una-nueva-ofensiva-contra-iran-y-teheran-promete-un-severo-castigo-nid01092026\/\" class=\"com-link break-word\" data-mrf-recirculation=\"n_link_parrafo\">una nueva oleada de ataques sobre Ir\u00e1n<\/a>, la <strong>Guardia Revolucionara<\/strong> del r\u00e9gimen iran\u00ed arremeti\u00f3 contra bases militares norteamericanas en diferentes pa\u00edses del golfo p\u00e9rsico en Medio Oriente. Tras varias semanas de cese el fuego, el conflicto b\u00e9lico inaugur\u00f3 este martes un nueva escalada. <\/p>\n<p class=\"com-paragraph --s text-left\">El Comando Central de Estados Unidos (Centcom, por sus siglas en ingl\u00e9s) fue el encargado de confirmar el inicio de la operaci\u00f3n sobre Teher\u00e1n y su \u201cexitoso\u201d resultado.<\/p>\n<div class=\"content-media\">\n<section role=\"button\" class=\"mod-media   \">\n<figure role=\"button\" tabindex=\"0\" class=\"mod-figure \"><figcaption class=\"mod-figcaption\"><span class=\"com-text --caption --twoxs\">Ir\u00e1n volvi\u00f3 a encender las alarmas sobre un nuevo avance norteamericano<\/span><span class=\"com-text --credit --twoxs\">ATTA KENARE &#8211; AFP<\/span><\/figcaption><\/figure>\n<\/section>\n<\/div>\n<p class=\"com-paragraph --s text-left\">No obstante, la contraofensiva iran\u00ed no se hizo esperar. <strong>La Guardia Revolucionaria declar\u00f3 haber lanzado misiles contra una base militar estadounidense en Jordania<\/strong> y almacenes de equipo militar estadounidense en Irak, cuyos puntos a atacar eran un \u201ccentro de mantenimiento\u201d y un \u201caerostato de vigilancia\u201d, inform\u00f3 el medio norteamericano <a href=\"https:\/\/www.nytimes.com\/2026\/09\/01\/us\/politics\/us-launches-air-strikes-iran.html\" target=\"_blank\" title=\"https:\/\/www.nytimes.com\/2026\/09\/01\/us\/politics\/us-launches-air-strikes-iran.html\" class=\"com-link break-word\" data-mrf-recirculation=\"n_link_parrafo\" rel=\"nofollow\"><em>The New York Times<\/em><\/a><em>. <\/em>De esta forma, Teher\u00e1n cumpli\u00f3 con la promesa anunciada el lunes sobre \u201cfuertes represalias\u201d a las embestidas de la gesti\u00f3n de Donald Trump.<\/p>\n<p class=\"com-paragraph --s text-left\">Fue el propio mandatario norteamericano quien se hizo eco de este reanudamiento del conflicto en el Golfo. A trav\u00e9s de su perfil en la red social Truth Social, Trump asegur\u00f3 que las fuerzas estadounidenses estaban atacando \u201c<strong>objetivos iran\u00edes cerca del estrecho de Ormuz<\/strong>\u201d. Calific\u00f3 la operaci\u00f3n de <strong>\u201cgrande y poderosa\u201d <\/strong>y afirm\u00f3 que se trataba de una represalia por el intento de Ir\u00e1n de colocar minas en esa v\u00eda mar\u00edtima.<\/p>\n<p class=\"com-paragraph --s text-left\">En relaci\u00f3n a los ataques propinados por parte del r\u00e9gimen iran\u00ed, la cadena <a href=\"https:\/\/aje.news\/ivbo63?update=4908923\" target=\"_blank\" title=\"https:\/\/aje.news\/ivbo63?update=4908923\" class=\"com-link break-word\" data-mrf-recirculation=\"n_link_parrafo\" rel=\"nofollow\"><em>Al Jazeera<\/em><\/a>, detall\u00f3 que Bahr\u00e9in intercept\u00f3 drones lanzados por la Guardia Revolucionaria. As\u00ed, adem\u00e1s de Jordania, Irak y Bahr\u00e9in, la escalada de Teher\u00e1n tambi\u00e9n sum\u00f3 como uno de sus objetivos a Kuwait, donde el ej\u00e9rcito local indic\u00f3 que \u201c<strong>interceptaron drones por parte de los sistemas de defensa<\/strong>\u201d.<\/p>\n<p class=\"com-paragraph --s text-left\">A diferencia de las \u00faltimas escaramuzas que hab\u00edan dilatado el cese del fuego en los \u00faltimos meses, las de este martes tuvieron una impronta m\u00e1s importante. Seg\u00fan los informes iniciales, los \u00faltimos ataques fueron mucho m\u00e1s amplios e intensos, y <strong>funcionarios iran\u00edes afirmaron que hubo cuatro civiles muertos<\/strong>, incluso durante una boda, destac\u00f3 el medio norteamericano.<\/p>\n<p class=\"com-paragraph --s text-left\">Respecto a esa celebraci\u00f3n que tuvo lugar en la localidad de Kuhestak, en el sur del pa\u00eds, el medio <a href=\"https:\/\/www.timesofisrael.com\/us-strikes-iranian-sites-around-hormuz-irgc-says-it-retaliated-against-base-in-jordan\/\" target=\"_blank\" title=\"https:\/\/www.timesofisrael.com\/us-strikes-iranian-sites-around-hormuz-irgc-says-it-retaliated-against-base-in-jordan\/\" class=\"com-link break-word\" data-mrf-recirculation=\"n_link_parrafo\" rel=\"nofollow\"><em>The Times of Israel<\/em><\/a><em>, <\/em>sostuvo que, seg\u00fan un relevo de la organizaci\u00f3n humanitaria <strong>Media Luna Roja iran\u00ed,<\/strong> entre esas cuatro personas muertas hab\u00eda un ni\u00f1o. <strong>M\u00e1s de 50 resultaron heridas<\/strong>.<\/p>\n<p class=\"com-paragraph --s text-left\">Seg\u00fan detall\u00f3 el Centcom, la ofensiva estadounidense comenz\u00f3 a las <strong>12 del mediod\u00eda de Washington (16 GMT)<\/strong>. El ente militar sostuvo que la operaci\u00f3n fue lanzada en respuesta a <a href=\"https:\/\/www.lanacion.com.ar\/el-mundo\/el-regimen-irani-resiste-y-estados-unidos-sigue-lejos-de-cumplir-sus-objetivos-nid28082026\/\" target=\"_self\" title=\"https:\/\/www.lanacion.com.ar\/el-mundo\/el-regimen-irani-resiste-y-estados-unidos-sigue-lejos-de-cumplir-sus-objetivos-nid28082026\/\" class=\"com-link break-word\" data-mrf-recirculation=\"n_link_parrafo\"><strong>\u201crecientes intentos de agresi\u00f3n\u201d<\/strong><\/a> de la Guardia Revolucionaria contra el tr\u00e1fico mar\u00edtimo comercial en el estrecho y contra personal estadounidense.<\/p>\n<div class=\"content-media\">\n<section role=\"button\" class=\"mod-media   \">\n<figure role=\"button\" tabindex=\"0\" class=\"mod-figure \"><figcaption class=\"mod-figcaption\"><span class=\"com-text --caption --twoxs\">Trump dej\u00f3 entrever que este nuevo episodio, adem\u00e1s de lo b\u00e9lico, tendr\u00e1 connotaciones econ\u00f3micas<\/span><span class=\"com-text --credit --twoxs\">Jacquelyn Martin &#8211; AP<\/span><\/figcaption><\/figure>\n<\/section>\n<\/div>\n<p class=\"com-paragraph --s\">Este nuevo embrollo en Medio Oriente se da en un marco<strong> de presi\u00f3n econ\u00f3mica<\/strong> impulsada por la Casa Blanca. El mes pasado, Trump pareci\u00f3 virar hacia el uso de sanciones y su gobierno prometi\u00f3 un <strong>\u201cD\u00eda D econ\u00f3mico\u201d<\/strong> contra Ir\u00e1n, un pa\u00eds que lleva casi cinco d\u00e9cadas bajo fuertes restricciones. Su gobierno sostiene que la presi\u00f3n econ\u00f3mica terminar\u00e1 por llevar a Teher\u00e1n a un punto de quiebre.<\/p>\n<p class=\"com-paragraph --s\">Ese c\u00e1lculo convive con l\u00edmites internos para Washington. <strong>Los arsenales estadounidenses se est\u00e1n agotando y la guerra es impopular<\/strong> entre los norteamericanos, un factor que podr\u00eda perjudicar a los republicanos en las elecciones de mitad de mandato de noviembre. En ese contexto, el Pent\u00e1gono intent\u00f3 presentar las \u00faltimas operaciones como acciones acotadas pero resta saber ahora qu\u00e9 impacto tendr\u00e1n esas decisiones <strong>cuando los ciudadanos norteamericanos acudan a su cita en las urnas<\/strong>. <\/p>\n<p class=\"com-paragraph --s\"><em><strong>Con informaci\u00f3n de AP<\/strong><\/em><\/p>\n<section class=\"container-center-100 mb-40 border border-bottom border-thin border-neutral-light-700\">\n<hr\/>\n<\/section>\n<\/div>\n<p><script id=\"facebookpixel\" defer=\"\" type=\"text\/javascript\">\n        !function(f,b,e,v,n,t,s)\n        {if(f.fbq)return;n=f.fbq=function(){n.callMethod?\n        n.callMethod.apply(n,arguments):n.queue.push(arguments)};\n        if(!f._fbq)f._fbq=n;n.push=n;n.loaded=!0;n.version='2.0';\n        n.queue=[];t=b.createElement(e);t.async=!0;\n        t.src=v;s=b.getElementsByTagName(e)[0];\n        s.parentNode.insertBefore(t,s)}(window, document,'script',\n        'https:\/\/connect.facebook.net\/en_US\/fbevents.js');\n        fbq('init', '492459597522335');\n        fbq('track', 'PageView');\n    <\/script><br \/>\n<br \/><\/p>\n","protected":false},"excerpt":{"rendered":"<p>TEHER\u00c1N.- Luego de que el ej\u00e9rcito de Estados Unidos lanzara una nueva oleada de ataques sobre Ir\u00e1n, la Guardia Revolucionara del r\u00e9gimen iran\u00ed arremeti\u00f3 contra bases militares norteamericanas en diferentes pa\u00edses del golfo p\u00e9rsico en Medio Oriente. Tras varias semanas de cese el fuego, el conflicto b\u00e9lico inaugur\u00f3 este martes un nueva escalada. El Comando [&hellip;]<\/p>\n","protected":false},"author":2,"featured_media":210124,"comment_status":"closed","ping_status":"closed","sticky":false,"template":"","format":"standard","meta":{"footnotes":""},"categories":[26],"tags":[],"class_list":["post-210123","post","type-post","status-publish","format-standard","has-post-thumbnail","hentry","category-internacionales"],"yoast_head":"<!-- This site is optimized with the Yoast SEO plugin v24.4 - https:\/\/yoast.com\/wordpress\/plugins\/seo\/ -->\n<title>Ir\u00e1n respondi\u00f3 a los ataques de EE.UU. con una oleada de drones y misiles contra bases militares en pa\u00edses del golfo - GYS NOTICIAS |<\/title>\n<meta name=\"robots\" content=\"index, follow, max-snippet:-1, max-image-preview:large, max-video-preview:-1\" \/>\n<link rel=\"canonical\" href=\"https:\/\/gysfm.com.ar\/inicio\/iran-respondio-a-los-ataques-de-ee-uu-con-una-oleada-de-drones-y-misiles-contra-bases-militares-en-paises-del-golfo\/\" \/>\n<meta property=\"og:locale\" content=\"es_ES\" \/>\n<meta property=\"og:type\" content=\"article\" \/>\n<meta property=\"og:title\" content=\"Ir\u00e1n respondi\u00f3 a los ataques de EE.UU. con una oleada de drones y misiles contra bases militares en pa\u00edses del golfo - GYS NOTICIAS |\" \/>\n<meta property=\"og:description\" content=\"TEHER\u00c1N.- Luego de que el ej\u00e9rcito de Estados Unidos lanzara una nueva oleada de ataques sobre Ir\u00e1n, la Guardia Revolucionara del r\u00e9gimen iran\u00ed arremeti\u00f3 contra bases militares norteamericanas en diferentes pa\u00edses del golfo p\u00e9rsico en Medio Oriente. Tras varias semanas de cese el fuego, el conflicto b\u00e9lico inaugur\u00f3 este martes un nueva escalada. El Comando [&hellip;]\" \/>\n<meta property=\"og:url\" content=\"https:\/\/gysfm.com.ar\/inicio\/iran-respondio-a-los-ataques-de-ee-uu-con-una-oleada-de-drones-y-misiles-contra-bases-militares-en-paises-del-golfo\/\" \/>\n<meta property=\"og:site_name\" content=\"GYS NOTICIAS |\" \/>\n<meta property=\"article:published_time\" content=\"2026-09-02T03:44:10+00:00\" \/>\n<meta property=\"article:modified_time\" content=\"2026-09-02T03:44:11+00:00\" \/>\n<meta property=\"og:image\" content=\"https:\/\/gysfm.com.ar\/inicio\/wp-content\/uploads\/2026\/09\/un-misil-impacta-en-la-ciudad-de-tel-aviv-imagen-GORQLODF7RDBRLYDZL2ZEI4VEU.JPG\" \/>\n\t<meta property=\"og:image:width\" content=\"1200\" \/>\n\t<meta property=\"og:image:height\" content=\"800\" \/>\n\t<meta property=\"og:image:type\" content=\"image\/jpeg\" \/>\n<meta name=\"author\" content=\"Prensa G&amp;S FM\" \/>\n<meta name=\"twitter:card\" content=\"summary_large_image\" \/>\n<meta name=\"twitter:label1\" content=\"Escrito por\" \/>\n\t<meta name=\"twitter:data1\" content=\"Prensa G&amp;S FM\" \/>\n\t<meta name=\"twitter:label2\" content=\"Tiempo de lectura\" \/>\n\t<meta name=\"twitter:data2\" content=\"3 minutos\" \/>\n<script type=\"application\/ld+json\" class=\"yoast-schema-graph\">{\"@context\":\"https:\/\/schema.org\",\"@graph\":[{\"@type\":\"Article\",\"@id\":\"https:\/\/gysfm.com.ar\/inicio\/iran-respondio-a-los-ataques-de-ee-uu-con-una-oleada-de-drones-y-misiles-contra-bases-militares-en-paises-del-golfo\/#article\",\"isPartOf\":{\"@id\":\"https:\/\/gysfm.com.ar\/inicio\/iran-respondio-a-los-ataques-de-ee-uu-con-una-oleada-de-drones-y-misiles-contra-bases-militares-en-paises-del-golfo\/\"},\"author\":{\"name\":\"Prensa G&amp;S FM\",\"@id\":\"https:\/\/gysfm.com.ar\/inicio\/#\/schema\/person\/3abba7593ef2ad19e1be221d54383dc5\"},\"headline\":\"Ir\u00e1n respondi\u00f3 a los ataques de EE.UU. con una oleada de drones y misiles contra bases militares en pa\u00edses del golfo\",\"datePublished\":\"2026-09-02T03:44:10+00:00\",\"dateModified\":\"2026-09-02T03:44:11+00:00\",\"mainEntityOfPage\":{\"@id\":\"https:\/\/gysfm.com.ar\/inicio\/iran-respondio-a-los-ataques-de-ee-uu-con-una-oleada-de-drones-y-misiles-contra-bases-militares-en-paises-del-golfo\/\"},\"wordCount\":706,\"publisher\":{\"@id\":\"https:\/\/gysfm.com.ar\/inicio\/#organization\"},\"image\":{\"@id\":\"https:\/\/gysfm.com.ar\/inicio\/iran-respondio-a-los-ataques-de-ee-uu-con-una-oleada-de-drones-y-misiles-contra-bases-militares-en-paises-del-golfo\/#primaryimage\"},\"thumbnailUrl\":\"https:\/\/gysfm.com.ar\/inicio\/wp-content\/uploads\/2026\/09\/un-misil-impacta-en-la-ciudad-de-tel-aviv-imagen-GORQLODF7RDBRLYDZL2ZEI4VEU.JPG\",\"articleSection\":[\"INTERNACIONALES\"],\"inLanguage\":\"es\"},{\"@type\":\"WebPage\",\"@id\":\"https:\/\/gysfm.com.ar\/inicio\/iran-respondio-a-los-ataques-de-ee-uu-con-una-oleada-de-drones-y-misiles-contra-bases-militares-en-paises-del-golfo\/\",\"url\":\"https:\/\/gysfm.com.ar\/inicio\/iran-respondio-a-los-ataques-de-ee-uu-con-una-oleada-de-drones-y-misiles-contra-bases-militares-en-paises-del-golfo\/\",\"name\":\"Ir\u00e1n respondi\u00f3 a los ataques de EE.UU. con una oleada de drones y misiles contra bases militares en pa\u00edses del golfo - GYS NOTICIAS |\",\"isPartOf\":{\"@id\":\"https:\/\/gysfm.com.ar\/inicio\/#website\"},\"primaryImageOfPage\":{\"@id\":\"https:\/\/gysfm.com.ar\/inicio\/iran-respondio-a-los-ataques-de-ee-uu-con-una-oleada-de-drones-y-misiles-contra-bases-militares-en-paises-del-golfo\/#primaryimage\"},\"image\":{\"@id\":\"https:\/\/gysfm.com.ar\/inicio\/iran-respondio-a-los-ataques-de-ee-uu-con-una-oleada-de-drones-y-misiles-contra-bases-militares-en-paises-del-golfo\/#primaryimage\"},\"thumbnailUrl\":\"https:\/\/gysfm.com.ar\/inicio\/wp-content\/uploads\/2026\/09\/un-misil-impacta-en-la-ciudad-de-tel-aviv-imagen-GORQLODF7RDBRLYDZL2ZEI4VEU.JPG\",\"datePublished\":\"2026-09-02T03:44:10+00:00\",\"dateModified\":\"2026-09-02T03:44:11+00:00\",\"breadcrumb\":{\"@id\":\"https:\/\/gysfm.com.ar\/inicio\/iran-respondio-a-los-ataques-de-ee-uu-con-una-oleada-de-drones-y-misiles-contra-bases-militares-en-paises-del-golfo\/#breadcrumb\"},\"inLanguage\":\"es\",\"potentialAction\":[{\"@type\":\"ReadAction\",\"target\":[\"https:\/\/gysfm.com.ar\/inicio\/iran-respondio-a-los-ataques-de-ee-uu-con-una-oleada-de-drones-y-misiles-contra-bases-militares-en-paises-del-golfo\/\"]}]},{\"@type\":\"ImageObject\",\"inLanguage\":\"es\",\"@id\":\"https:\/\/gysfm.com.ar\/inicio\/iran-respondio-a-los-ataques-de-ee-uu-con-una-oleada-de-drones-y-misiles-contra-bases-militares-en-paises-del-golfo\/#primaryimage\",\"url\":\"https:\/\/gysfm.com.ar\/inicio\/wp-content\/uploads\/2026\/09\/un-misil-impacta-en-la-ciudad-de-tel-aviv-imagen-GORQLODF7RDBRLYDZL2ZEI4VEU.JPG\",\"contentUrl\":\"https:\/\/gysfm.com.ar\/inicio\/wp-content\/uploads\/2026\/09\/un-misil-impacta-en-la-ciudad-de-tel-aviv-imagen-GORQLODF7RDBRLYDZL2ZEI4VEU.JPG\",\"width\":1200,\"height\":800},{\"@type\":\"BreadcrumbList\",\"@id\":\"https:\/\/gysfm.com.ar\/inicio\/iran-respondio-a-los-ataques-de-ee-uu-con-una-oleada-de-drones-y-misiles-contra-bases-militares-en-paises-del-golfo\/#breadcrumb\",\"itemListElement\":[{\"@type\":\"ListItem\",\"position\":1,\"name\":\"Portada\",\"item\":\"https:\/\/gysfm.com.ar\/inicio\/\"},{\"@type\":\"ListItem\",\"position\":2,\"name\":\"Ir\u00e1n respondi\u00f3 a los ataques de EE.UU. con una oleada de drones y misiles contra bases militares en pa\u00edses del golfo\"}]},{\"@type\":\"WebSite\",\"@id\":\"https:\/\/gysfm.com.ar\/inicio\/#website\",\"url\":\"https:\/\/gysfm.com.ar\/inicio\/\",\"name\":\"GYS NOTICIAS |\",\"description\":\"DIARIO - RADIO ONLINE SAN JUAN ARGENTINA\",\"publisher\":{\"@id\":\"https:\/\/gysfm.com.ar\/inicio\/#organization\"},\"potentialAction\":[{\"@type\":\"SearchAction\",\"target\":{\"@type\":\"EntryPoint\",\"urlTemplate\":\"https:\/\/gysfm.com.ar\/inicio\/?s={search_term_string}\"},\"query-input\":{\"@type\":\"PropertyValueSpecification\",\"valueRequired\":true,\"valueName\":\"search_term_string\"}}],\"inLanguage\":\"es\"},{\"@type\":\"Organization\",\"@id\":\"https:\/\/gysfm.com.ar\/inicio\/#organization\",\"name\":\"GYS NOTICIAS |\",\"url\":\"https:\/\/gysfm.com.ar\/inicio\/\",\"logo\":{\"@type\":\"ImageObject\",\"inLanguage\":\"es\",\"@id\":\"https:\/\/gysfm.com.ar\/inicio\/#\/schema\/logo\/image\/\",\"url\":\"https:\/\/gysfm.com.ar\/inicio\/wp-content\/uploads\/2023\/07\/LOGOGYS-OK.png\",\"contentUrl\":\"https:\/\/gysfm.com.ar\/inicio\/wp-content\/uploads\/2023\/07\/LOGOGYS-OK.png\",\"width\":1170,\"height\":872,\"caption\":\"GYS NOTICIAS |\"},\"image\":{\"@id\":\"https:\/\/gysfm.com.ar\/inicio\/#\/schema\/logo\/image\/\"}},{\"@type\":\"Person\",\"@id\":\"https:\/\/gysfm.com.ar\/inicio\/#\/schema\/person\/3abba7593ef2ad19e1be221d54383dc5\",\"name\":\"Prensa G&amp;S FM\",\"image\":{\"@type\":\"ImageObject\",\"inLanguage\":\"es\",\"@id\":\"https:\/\/gysfm.com.ar\/inicio\/#\/schema\/person\/image\/\",\"url\":\"https:\/\/secure.gravatar.com\/avatar\/096ec78df02049ab018702bb4ccedf659377fa92a26540b5247612077a0dbd29?s=96&d=mm&r=g\",\"contentUrl\":\"https:\/\/secure.gravatar.com\/avatar\/096ec78df02049ab018702bb4ccedf659377fa92a26540b5247612077a0dbd29?s=96&d=mm&r=g\",\"caption\":\"Prensa G&amp;S FM\"},\"sameAs\":[\"https:\/\/gysfm.com.ar\/\"],\"url\":\"https:\/\/gysfm.com.ar\/inicio\/author\/lucasm\/\"}]}<\/script>\n<!-- \/ Yoast SEO plugin. -->","yoast_head_json":{"title":"Ir\u00e1n respondi\u00f3 a los ataques de EE.UU. con una oleada de drones y misiles contra bases militares en pa\u00edses del golfo - GYS NOTICIAS |","robots":{"index":"index","follow":"follow","max-snippet":"max-snippet:-1","max-image-preview":"max-image-preview:large","max-video-preview":"max-video-preview:-1"},"canonical":"https:\/\/gysfm.com.ar\/inicio\/iran-respondio-a-los-ataques-de-ee-uu-con-una-oleada-de-drones-y-misiles-contra-bases-militares-en-paises-del-golfo\/","og_locale":"es_ES","og_type":"article","og_title":"Ir\u00e1n respondi\u00f3 a los ataques de EE.UU. con una oleada de drones y misiles contra bases militares en pa\u00edses del golfo - GYS NOTICIAS |","og_description":"TEHER\u00c1N.- Luego de que el ej\u00e9rcito de Estados Unidos lanzara una nueva oleada de ataques sobre Ir\u00e1n, la Guardia Revolucionara del r\u00e9gimen iran\u00ed arremeti\u00f3 contra bases militares norteamericanas en diferentes pa\u00edses del golfo p\u00e9rsico en Medio Oriente. Tras varias semanas de cese el fuego, el conflicto b\u00e9lico inaugur\u00f3 este martes un nueva escalada. El Comando [&hellip;]","og_url":"https:\/\/gysfm.com.ar\/inicio\/iran-respondio-a-los-ataques-de-ee-uu-con-una-oleada-de-drones-y-misiles-contra-bases-militares-en-paises-del-golfo\/","og_site_name":"GYS NOTICIAS |","article_published_time":"2026-09-02T03:44:10+00:00","article_modified_time":"2026-09-02T03:44:11+00:00","og_image":[{"width":1200,"height":800,"url":"https:\/\/gysfm.com.ar\/inicio\/wp-content\/uploads\/2026\/09\/un-misil-impacta-en-la-ciudad-de-tel-aviv-imagen-GORQLODF7RDBRLYDZL2ZEI4VEU.JPG","type":"image\/jpeg"}],"author":"Prensa G&amp;S FM","twitter_card":"summary_large_image","twitter_misc":{"Escrito por":"Prensa G&amp;S FM","Tiempo de lectura":"3 minutos"},"schema":{"@context":"https:\/\/schema.org","@graph":[{"@type":"Article","@id":"https:\/\/gysfm.com.ar\/inicio\/iran-respondio-a-los-ataques-de-ee-uu-con-una-oleada-de-drones-y-misiles-contra-bases-militares-en-paises-del-golfo\/#article","isPartOf":{"@id":"https:\/\/gysfm.com.ar\/inicio\/iran-respondio-a-los-ataques-de-ee-uu-con-una-oleada-de-drones-y-misiles-contra-bases-militares-en-paises-del-golfo\/"},"author":{"name":"Prensa G&amp;S FM","@id":"https:\/\/gysfm.com.ar\/inicio\/#\/schema\/person\/3abba7593ef2ad19e1be221d54383dc5"},"headline":"Ir\u00e1n respondi\u00f3 a los ataques de EE.UU. con una oleada de drones y misiles contra bases militares en pa\u00edses del golfo","datePublished":"2026-09-02T03:44:10+00:00","dateModified":"2026-09-02T03:44:11+00:00","mainEntityOfPage":{"@id":"https:\/\/gysfm.com.ar\/inicio\/iran-respondio-a-los-ataques-de-ee-uu-con-una-oleada-de-drones-y-misiles-contra-bases-militares-en-paises-del-golfo\/"},"wordCount":706,"publisher":{"@id":"https:\/\/gysfm.com.ar\/inicio\/#organization"},"image":{"@id":"https:\/\/gysfm.com.ar\/inicio\/iran-respondio-a-los-ataques-de-ee-uu-con-una-oleada-de-drones-y-misiles-contra-bases-militares-en-paises-del-golfo\/#primaryimage"},"thumbnailUrl":"https:\/\/gysfm.com.ar\/inicio\/wp-content\/uploads\/2026\/09\/un-misil-impacta-en-la-ciudad-de-tel-aviv-imagen-GORQLODF7RDBRLYDZL2ZEI4VEU.JPG","articleSection":["INTERNACIONALES"],"inLanguage":"es"},{"@type":"WebPage","@id":"https:\/\/gysfm.com.ar\/inicio\/iran-respondio-a-los-ataques-de-ee-uu-con-una-oleada-de-drones-y-misiles-contra-bases-militares-en-paises-del-golfo\/","url":"https:\/\/gysfm.com.ar\/inicio\/iran-respondio-a-los-ataques-de-ee-uu-con-una-oleada-de-drones-y-misiles-contra-bases-militares-en-paises-del-golfo\/","name":"Ir\u00e1n respondi\u00f3 a los ataques de EE.UU. con una oleada de drones y misiles contra bases militares en pa\u00edses del golfo - GYS NOTICIAS |","isPartOf":{"@id":"https:\/\/gysfm.com.ar\/inicio\/#website"},"primaryImageOfPage":{"@id":"https:\/\/gysfm.com.ar\/inicio\/iran-respondio-a-los-ataques-de-ee-uu-con-una-oleada-de-drones-y-misiles-contra-bases-militares-en-paises-del-golfo\/#primaryimage"},"image":{"@id":"https:\/\/gysfm.com.ar\/inicio\/iran-respondio-a-los-ataques-de-ee-uu-con-una-oleada-de-drones-y-misiles-contra-bases-militares-en-paises-del-golfo\/#primaryimage"},"thumbnailUrl":"https:\/\/gysfm.com.ar\/inicio\/wp-content\/uploads\/2026\/09\/un-misil-impacta-en-la-ciudad-de-tel-aviv-imagen-GORQLODF7RDBRLYDZL2ZEI4VEU.JPG","datePublished":"2026-09-02T03:44:10+00:00","dateModified":"2026-09-02T03:44:11+00:00","breadcrumb":{"@id":"https:\/\/gysfm.com.ar\/inicio\/iran-respondio-a-los-ataques-de-ee-uu-con-una-oleada-de-drones-y-misiles-contra-bases-militares-en-paises-del-golfo\/#breadcrumb"},"inLanguage":"es","potentialAction":[{"@type":"ReadAction","target":["https:\/\/gysfm.com.ar\/inicio\/iran-respondio-a-los-ataques-de-ee-uu-con-una-oleada-de-drones-y-misiles-contra-bases-militares-en-paises-del-golfo\/"]}]},{"@type":"ImageObject","inLanguage":"es","@id":"https:\/\/gysfm.com.ar\/inicio\/iran-respondio-a-los-ataques-de-ee-uu-con-una-oleada-de-drones-y-misiles-contra-bases-militares-en-paises-del-golfo\/#primaryimage","url":"https:\/\/gysfm.com.ar\/inicio\/wp-content\/uploads\/2026\/09\/un-misil-impacta-en-la-ciudad-de-tel-aviv-imagen-GORQLODF7RDBRLYDZL2ZEI4VEU.JPG","contentUrl":"https:\/\/gysfm.com.ar\/inicio\/wp-content\/uploads\/2026\/09\/un-misil-impacta-en-la-ciudad-de-tel-aviv-imagen-GORQLODF7RDBRLYDZL2ZEI4VEU.JPG","width":1200,"height":800},{"@type":"BreadcrumbList","@id":"https:\/\/gysfm.com.ar\/inicio\/iran-respondio-a-los-ataques-de-ee-uu-con-una-oleada-de-drones-y-misiles-contra-bases-militares-en-paises-del-golfo\/#breadcrumb","itemListElement":[{"@type":"ListItem","position":1,"name":"Portada","item":"https:\/\/gysfm.com.ar\/inicio\/"},{"@type":"ListItem","position":2,"name":"Ir\u00e1n respondi\u00f3 a los ataques de EE.UU. con una oleada de drones y misiles contra bases militares en pa\u00edses del golfo"}]},{"@type":"WebSite","@id":"https:\/\/gysfm.com.ar\/inicio\/#website","url":"https:\/\/gysfm.com.ar\/inicio\/","name":"GYS NOTICIAS |","description":"DIARIO - RADIO ONLINE SAN JUAN ARGENTINA","publisher":{"@id":"https:\/\/gysfm.com.ar\/inicio\/#organization"},"potentialAction":[{"@type":"SearchAction","target":{"@type":"EntryPoint","urlTemplate":"https:\/\/gysfm.com.ar\/inicio\/?s={search_term_string}"},"query-input":{"@type":"PropertyValueSpecification","valueRequired":true,"valueName":"search_term_string"}}],"inLanguage":"es"},{"@type":"Organization","@id":"https:\/\/gysfm.com.ar\/inicio\/#organization","name":"GYS NOTICIAS |","url":"https:\/\/gysfm.com.ar\/inicio\/","logo":{"@type":"ImageObject","inLanguage":"es","@id":"https:\/\/gysfm.com.ar\/inicio\/#\/schema\/logo\/image\/","url":"https:\/\/gysfm.com.ar\/inicio\/wp-content\/uploads\/2023\/07\/LOGOGYS-OK.png","contentUrl":"https:\/\/gysfm.com.ar\/inicio\/wp-content\/uploads\/2023\/07\/LOGOGYS-OK.png","width":1170,"height":872,"caption":"GYS NOTICIAS |"},"image":{"@id":"https:\/\/gysfm.com.ar\/inicio\/#\/schema\/logo\/image\/"}},{"@type":"Person","@id":"https:\/\/gysfm.com.ar\/inicio\/#\/schema\/person\/3abba7593ef2ad19e1be221d54383dc5","name":"Prensa G&amp;S FM","image":{"@type":"ImageObject","inLanguage":"es","@id":"https:\/\/gysfm.com.ar\/inicio\/#\/schema\/person\/image\/","url":"https:\/\/secure.gravatar.com\/avatar\/096ec78df02049ab018702bb4ccedf659377fa92a26540b5247612077a0dbd29?s=96&d=mm&r=g","contentUrl":"https:\/\/secure.gravatar.com\/avatar\/096ec78df02049ab018702bb4ccedf659377fa92a26540b5247612077a0dbd29?s=96&d=mm&r=g","caption":"Prensa G&amp;S FM"},"sameAs":["https:\/\/gysfm.com.ar\/"],"url":"https:\/\/gysfm.com.ar\/inicio\/author\/lucasm\/"}]}},"_links":{"self":[{"href":"https:\/\/gysfm.com.ar\/inicio\/wp-json\/wp\/v2\/posts\/210123","targetHints":{"allow":["GET"]}}],"collection":[{"href":"https:\/\/gysfm.com.ar\/inicio\/wp-json\/wp\/v2\/posts"}],"about":[{"href":"https:\/\/gysfm.com.ar\/inicio\/wp-json\/wp\/v2\/types\/post"}],"author":[{"embeddable":true,"href":"https:\/\/gysfm.com.ar\/inicio\/wp-json\/wp\/v2\/users\/2"}],"replies":[{"embeddable":true,"href":"https:\/\/gysfm.com.ar\/inicio\/wp-json\/wp\/v2\/comments?post=210123"}],"version-history":[{"count":1,"href":"https:\/\/gysfm.com.ar\/inicio\/wp-json\/wp\/v2\/posts\/210123\/revisions"}],"predecessor-version":[{"id":210125,"href":"https:\/\/gysfm.com.ar\/inicio\/wp-json\/wp\/v2\/posts\/210123\/revisions\/210125"}],"wp:featuredmedia":[{"embeddable":true,"href":"https:\/\/gysfm.com.ar\/inicio\/wp-json\/wp\/v2\/media\/210124"}],"wp:attachment":[{"href":"https:\/\/gysfm.com.ar\/inicio\/wp-json\/wp\/v2\/media?parent=210123"}],"wp:term":[{"taxonomy":"category","embeddable":true,"href":"https:\/\/gysfm.com.ar\/inicio\/wp-json\/wp\/v2\/categories?post=210123"},{"taxonomy":"post_tag","embeddable":true,"href":"https:\/\/gysfm.com.ar\/inicio\/wp-json\/wp\/v2\/tags?post=210123"}],"curies":[{"name":"wp","href":"https:\/\/api.w.org\/{rel}","templated":true}]}}