{"id":210122,"date":"2026-09-02T00:02:14","date_gmt":"2026-09-02T03:02:14","guid":{"rendered":"https:\/\/gysfm.com.ar\/inicio\/el-costo-financiero-total-lidera-por-encima-de-la-cuota-y-la-tasa\/"},"modified":"2026-09-02T00:02:14","modified_gmt":"2026-09-02T03:02:14","slug":"el-costo-financiero-total-lidera-por-encima-de-la-cuota-y-la-tasa","status":"publish","type":"post","link":"https:\/\/gysfm.com.ar\/inicio\/el-costo-financiero-total-lidera-por-encima-de-la-cuota-y-la-tasa\/","title":{"rendered":"el costo financiero total lidera por encima de la cuota y la tasa"},"content":{"rendered":"<p> <br \/>\n<\/p>\n<div>\t\t<!-- { REGION4 --> <\/p>\n<header class=\"news-headline\">\n<div class=\"news-headline__topics-and-date-wrapper\">    <span class=\"news-headline__publication-date\"> 1 de septiembre 2026 &#8211; 14:36<br \/>\n            <\/span><\/div>\n<h2 class=\"news-headline__article-summary\"\/>\n<p id=\"p-1788278488967-97195\" class=\"ignore-parser\"> El 62% de los argentinos prioriza pagar la menor cantidad de intereses al elegir un cr\u00e9dito, mientras que el valor de la cuota mensual queda en un segundo plano con apenas el 14%. Los detalles, en la nota.<\/p>\n<\/header>\n<article class=\"article-body article-body--first-paragraph\" data-td-script-src=\"https:\/\/www.ambito.com\/td\/modulos\/encuestas\/js\/function-embeds-min-version-1788235717.js\">\n<p id=\"p-1788278608098-54207\" data-path-to-node=\"1,1,1,0\">Un informe analiza los<strong> factores determinantes para el endeudamiento de los argentinos<\/strong> y advierte sobre los riesgos de evaluar los pr\u00e9stamos solo por la cuota inicial.<\/p>\n<\/article>\n<section class=\"suscription-false printed-edition\" style=\"display:none\">\n<p> El contenido al que quiere acceder es exclusivo para suscriptores.<\/p>\n<p>  <span> <button type=\"button\" name=\"button\" class=\"subscribe-btn mercadopago-btn\">suscribirse<\/button><\/span>  <span class=\"btns\"><button type=\"button\" name=\"button\" class=\"subscribe-btn reload-login\"> ya estoy suscripto<\/button><\/span>  <\/p>\n<\/section>\n<article class=\"article-body article-body--second-paragraph\">\n<p id=\"p-1788280089746-97376\" data-path-to-node=\"1,1,1,0\">El relevamiento fue realizado por la consultora Focus Market, dirigida por Dami\u00e1n Di Pace. En ese marco, Di Pace se\u00f1al\u00f3 que <strong>\u00abtomar un cr\u00e9dito no deber\u00eda evaluarse solamente por la tasa o por el monto de la cuota, sino fundamentalmente por la capacidad de repago<\/strong>. Antes de endeudarse, es clave analizar qu\u00e9 proporci\u00f3n de los ingresos quedar\u00e1 comprometida, la estabilidad y previsibilidad de esos ingresos\u00bb.<\/p>\n<\/article>\n<section class=\"related-news\">\t\t<span class=\"related-news__title\">Informate m\u00e1s<\/span>\t\t<\/p>\n<div class=\"row row--eq-height\">\n<div class=\"col-12 col-md-6\">\n<article class=\"news-article news-article--landscape-news news-article--landscape-news\">\n<figure class=\"news-article__figure figure\">\n\t\t\t\t\t\t\t\t\t\t\t<img src=\"https:\/\/media.ambito.com\/p\/535e24434909a01e08c19489e9b78a5f\/adjuntos\/239\/imagenes\/042\/501\/0042501091\/arca-agencia-recaudacion-y-control-aduanero-afip.jpg\" decoding=\"async\" fetchpriority=\"low\" loading=\"lazy\" alt=\"El Gobierno sum\u00f3 dos meses seguidos sin ca\u00edda real de recaudaci\u00f3n.\" title=\"El Gobierno sum\u00f3 dos meses seguidos sin ca\u00edda real de recaudaci\u00f3n.\" width=\"93\" height=\"52\" class=\"news-article__figure-img figure-img img-fluid\"\/>\t\t<\/figure>\n<\/article><\/div>\n<div class=\"col-12 col-md-6\">\n<article class=\"news-article news-article--landscape-news news-article--landscape-news\">\n<figure class=\"news-article__figure figure\">\n\t\t\t\t\t\t\t\t\t\t\t<img src=\"https:\/\/media.ambito.com\/p\/c4eac12174eb98b740253936c2b08edc\/adjuntos\/239\/imagenes\/043\/585\/0043585559\/93x52\/913x374:933x394\/industria-empleo-pymes-actividad-economica.jpg\" decoding=\"async\" fetchpriority=\"low\" loading=\"lazy\" alt=\"El encuentro internacional se realizar\u00e1 el 7 y 8 de septiembre.\" title=\"El encuentro internacional se realizar\u00e1 el 7 y 8 de septiembre.\" width=\"93\" height=\"52\" class=\"news-article__figure-img figure-img img-fluid\"\/>\t\t<\/figure>\n<\/article><\/div>\n<\/div>\n<\/section>\n<article class=\"article-body article-body--third-paragraph\">\n<p id=\"p-1788278748739-98612\" data-path-to-node=\"1,1,1,0\"> El director de Focus Market destac\u00f3 que el<strong> foco del endeudamiento debe estar en la resistencia financiera a largo plazo<\/strong>. Alert\u00f3 que no contemplar la evoluci\u00f3n de los ingresos ni el contexto econ\u00f3mico al asumir una deuda termina comprometiendo el consumo y el ahorro, un fen\u00f3meno que ya se evidencia en los crecientes \u00edndices de morosidad.<\/p>\n<\/article>\n<article class=\"article-body article-body--fourth-paragraph\">\n<h2 id=\"p-1788279178966-33578\" data-path-to-node=\"1,1,1,0\">El detalle<\/h2>\n<p id=\"p-1788279226191-64435\" data-path-to-node=\"4,1,1,0\">Los datos del informe reflejan<strong> una clara atenci\u00f3n al costo efectivo del dinero: mientras el 38,19% analiza primero el Costo Financiero Total, un 28,92% se fija en la tasa de inter\u00e9s.<\/strong> Sumados, superan el <strong>67%<\/strong> de las menciones, lo que demuestra que la carga financiera total encabeza las alertas de los tomadores de cr\u00e9dito.<\/p>\n<\/article>\n<article class=\"article-body article-body--fifth-paragraph\">\n<p id=\"p-1788279261270-69812\" data-path-to-node=\"1,0\"><strong>En un segundo nivel aparece el valor de la cuota mensual, mencionado por el 13,80%,<\/strong> seguido por la posibilidad de adelantar cuotas o cancelar anticipadamente el cr\u00e9dito, con un 9,64%. Aspectos como la cantidad de cuotas (4,73%), los requisitos de acceso (3,02%) y la rapidez de otorgamiento (1,51%) muestran una incidencia considerablemente menor.<\/p>\n<\/article>\n<article class=\"article-body article-body--remaining-paragraph\">\n<p id=\"p-1788279261270-86000\" data-path-to-node=\"3\">Los datos confirman que el costo financiero total y la tasa de inter\u00e9s<strong> son los factores determinantes<\/strong> al buscar un cr\u00e9dito, postergando a un segundo plano la rapidez del tr\u00e1mite y la cantidad de cuotas.<\/p>\n<div contenteditable=\"false\" class=\"embed_cont type_imagen\" id=\"8272373-Libre-127713876_wrap\">\n<div id=\"8272373-Libre-127713876_content\" class=\"embed_content\"><img src=\"https:\/\/media.ambito.com\/p\/6b58ca977de2efc47621be1333d10a61\/adjuntos\/239\/imagenes\/043\/615\/0043615795\/730x0\/smart\/image.png\" decoding=\"async\" fetchpriority=\"low\" loading=\"lazy\" alt=\"\" title=\"\" width=\"730\" height=\"undefined\" id=\"8272373-Libre-127713876_embed\"\/><\/div><\/div>\n<h2 id=\"p-1788279312772-9145\">Costo financiero<\/h2>\n<p id=\"p-1788279338783-94171\">El estudio indica que el <strong>costo financiero<\/strong> aparece como el principal factor que determina la elecci\u00f3n de un cr\u00e9dito. El <strong>61,86%<\/strong> de los encuestados se\u00f1alan que lo m\u00e1s importante es <strong>pagar la menor cantidad de intereses posible<\/strong>, mostrando que <strong>el costo total del financiamiento pesa muy por encima de otros atributos.<\/strong><\/p>\n<p id=\"p-1788279361381-16342\">Detr\u00e1s del costo total, el <strong>14,62%<\/strong> eval\u00faa el monto de la cuota y el <strong>10,59%<\/strong> la confianza en la entidad. La preferencia por menos cuotas (7,42%) y la agilidad o exigencia de requisitos (2,75%) quedan en el \u00faltimo escal\u00f3n.<\/p>\n<div contenteditable=\"false\" class=\"embed_cont type_imagen\" id=\"8233066-Libre-153978493_wrap\">\n<div id=\"8233066-Libre-153978493_content\" class=\"embed_content\"><img src=\"https:\/\/media.ambito.com\/p\/44beeb0b0023d703c10760e83aa8e36c\/adjuntos\/239\/imagenes\/043\/416\/0043416680\/730x0\/smart\/el-credito-pesos-volvio-caer-terminos-reales-mayo-afectado-el-retroceso-los-prestamos-personales-las-tarjetas-y-otras-lineas-vinculadas-al-consumo-los-hogares.png\" decoding=\"async\" fetchpriority=\"low\" loading=\"lazy\" alt=\"Riesgo de morosidad: No considerar la evoluci\u00f3n de ingresos y el contexto econ\u00f3mico aumenta los \u00edndices de morosidad.\" title=\"Riesgo de morosidad: No considerar la evoluci\u00f3n de ingresos y el contexto econ\u00f3mico aumenta los \u00edndices de morosidad.\" width=\"730\" height=\"undefined\" id=\"8233066-Libre-153978493_embed\"\/><\/div>\n<div class=\"embed_wrapper-cont\" id=\"p-1788280352250-91089\">\n<div id=\"8233066-Libre-153978493_epigrafe\" class=\"embed_epigrafe\">\n<p id=\"p-1788280577033-27852\"><strong> Riesgo de morosidad:<\/strong> No considerar la evoluci\u00f3n de ingresos y el contexto econ\u00f3mico aumenta los \u00edndices de morosidad.<\/p>\n<\/div><\/div><\/div>\n<p id=\"p-1788279466338-87626\" data-path-to-node=\"4,0,1,0\">En conclusi\u00f3n, <strong>los datos confirman que la cautela econ\u00f3mica prima al momento de solicitar un pr\u00e9stamo<\/strong>: los argentinos priorizan el costo total del financiamiento por encima de la comodidad, la agilidad o las facilidades del tr\u00e1mite, evidenciando una alta sensibilidad al impacto del cr\u00e9dito sobre la econom\u00eda del hogar.<\/p>\n<p id=\"p-1788279503844-35069\" data-path-to-node=\"1,1,1,0\"><strong>\u00abNo alcanza con reestructurar deudas si las tasas se mantienen elevadas. <\/strong>La salida sostenible requiere mejorar el stock de deuda y reducir el costo del nuevo cr\u00e9dito en simult\u00e1neo; de lo contrario, la mora volver\u00e1 a aumentar\u00bb, se\u00f1al\u00f3 Dami\u00e1n Di Pace.<\/p>\n<\/article>\n<p>\t\t<!-- REGION4 } --><\/div>\n<p><script>\n!function(f,b,e,v,n,t,s)\n{if(f.fbq)return;n=f.fbq=function(){n.callMethod?\nn.callMethod.apply(n,arguments):n.queue.push(arguments)};\nif(!f._fbq)f._fbq=n;n.push=n;n.loaded=!0;n.version='2.0';\nn.queue=[];t=b.createElement(e);t.async=!0;\nt.src=v;s=b.getElementsByTagName(e)[0];\ns.parentNode.insertBefore(t,s)}(window,document,'script',\n'https:\/\/connect.facebook.net\/en_US\/fbevents.js');\nfbq('init', '2047048335588113');\nfbq('track', 'PageView');\n<\/script><br \/>\n<br \/><\/p>\n","protected":false},"excerpt":{"rendered":"<p>1 de septiembre 2026 &#8211; 14:36 El 62% de los argentinos prioriza pagar la menor cantidad de intereses al elegir un cr\u00e9dito, mientras que el valor de la cuota mensual queda en un segundo plano con apenas el 14%. Los detalles, en la nota. Un informe analiza los factores determinantes para el endeudamiento de los [&hellip;]<\/p>\n","protected":false},"author":1,"featured_media":210029,"comment_status":"closed","ping_status":"closed","sticky":false,"template":"","format":"standard","meta":{"footnotes":""},"categories":[28],"tags":[],"class_list":["post-210122","post","type-post","status-publish","format-standard","has-post-thumbnail","hentry","category-economia"],"yoast_head":"<!-- This site is optimized with the Yoast SEO plugin v24.4 - https:\/\/yoast.com\/wordpress\/plugins\/seo\/ -->\n<title>el costo financiero total lidera por encima de la cuota y la tasa - GYS NOTICIAS |<\/title>\n<meta name=\"robots\" content=\"index, follow, max-snippet:-1, max-image-preview:large, max-video-preview:-1\" \/>\n<link rel=\"canonical\" href=\"https:\/\/gysfm.com.ar\/inicio\/el-costo-financiero-total-lidera-por-encima-de-la-cuota-y-la-tasa\/\" \/>\n<meta property=\"og:locale\" content=\"es_ES\" \/>\n<meta property=\"og:type\" content=\"article\" \/>\n<meta property=\"og:title\" content=\"el costo financiero total lidera por encima de la cuota y la tasa - GYS NOTICIAS |\" \/>\n<meta property=\"og:description\" content=\"1 de septiembre 2026 &#8211; 14:36 El 62% de los argentinos prioriza pagar la menor cantidad de intereses al elegir un cr\u00e9dito, mientras que el valor de la cuota mensual queda en un segundo plano con apenas el 14%. Los detalles, en la nota. Un informe analiza los factores determinantes para el endeudamiento de los [&hellip;]\" \/>\n<meta property=\"og:url\" content=\"https:\/\/gysfm.com.ar\/inicio\/el-costo-financiero-total-lidera-por-encima-de-la-cuota-y-la-tasa\/\" \/>\n<meta property=\"og:site_name\" content=\"GYS NOTICIAS |\" \/>\n<meta property=\"article:published_time\" content=\"2026-09-02T03:02:14+00:00\" \/>\n<meta property=\"og:image\" content=\"https:\/\/media.ambito.com\/p\/535e24434909a01e08c19489e9b78a5f\/adjuntos\/239\/imagenes\/042\/501\/0042501091\/arca-agencia-recaudacion-y-control-aduanero-afip.jpg\" \/>\n<meta name=\"author\" content=\"admin\" \/>\n<meta name=\"twitter:card\" content=\"summary_large_image\" \/>\n<meta name=\"twitter:label1\" content=\"Escrito por\" \/>\n\t<meta name=\"twitter:data1\" content=\"admin\" \/>\n\t<meta name=\"twitter:label2\" content=\"Tiempo de lectura\" \/>\n\t<meta name=\"twitter:data2\" content=\"3 minutos\" \/>\n<script type=\"application\/ld+json\" class=\"yoast-schema-graph\">{\"@context\":\"https:\/\/schema.org\",\"@graph\":[{\"@type\":\"Article\",\"@id\":\"https:\/\/gysfm.com.ar\/inicio\/el-costo-financiero-total-lidera-por-encima-de-la-cuota-y-la-tasa\/#article\",\"isPartOf\":{\"@id\":\"https:\/\/gysfm.com.ar\/inicio\/el-costo-financiero-total-lidera-por-encima-de-la-cuota-y-la-tasa\/\"},\"author\":{\"name\":\"admin\",\"@id\":\"https:\/\/gysfm.com.ar\/inicio\/#\/schema\/person\/5bedd7ecd35cc35548d89effafa23696\"},\"headline\":\"el costo financiero total lidera por encima de la cuota y la tasa\",\"datePublished\":\"2026-09-02T03:02:14+00:00\",\"mainEntityOfPage\":{\"@id\":\"https:\/\/gysfm.com.ar\/inicio\/el-costo-financiero-total-lidera-por-encima-de-la-cuota-y-la-tasa\/\"},\"wordCount\":585,\"publisher\":{\"@id\":\"https:\/\/gysfm.com.ar\/inicio\/#organization\"},\"image\":{\"@id\":\"https:\/\/gysfm.com.ar\/inicio\/el-costo-financiero-total-lidera-por-encima-de-la-cuota-y-la-tasa\/#primaryimage\"},\"thumbnailUrl\":\"https:\/\/gysfm.com.ar\/inicio\/wp-content\/uploads\/2026\/09\/creditos-uva.png\",\"articleSection\":[\"ECONOMIA\"],\"inLanguage\":\"es\"},{\"@type\":\"WebPage\",\"@id\":\"https:\/\/gysfm.com.ar\/inicio\/el-costo-financiero-total-lidera-por-encima-de-la-cuota-y-la-tasa\/\",\"url\":\"https:\/\/gysfm.com.ar\/inicio\/el-costo-financiero-total-lidera-por-encima-de-la-cuota-y-la-tasa\/\",\"name\":\"el costo financiero total lidera por encima de la cuota y la tasa - GYS NOTICIAS |\",\"isPartOf\":{\"@id\":\"https:\/\/gysfm.com.ar\/inicio\/#website\"},\"primaryImageOfPage\":{\"@id\":\"https:\/\/gysfm.com.ar\/inicio\/el-costo-financiero-total-lidera-por-encima-de-la-cuota-y-la-tasa\/#primaryimage\"},\"image\":{\"@id\":\"https:\/\/gysfm.com.ar\/inicio\/el-costo-financiero-total-lidera-por-encima-de-la-cuota-y-la-tasa\/#primaryimage\"},\"thumbnailUrl\":\"https:\/\/gysfm.com.ar\/inicio\/wp-content\/uploads\/2026\/09\/creditos-uva.png\",\"datePublished\":\"2026-09-02T03:02:14+00:00\",\"breadcrumb\":{\"@id\":\"https:\/\/gysfm.com.ar\/inicio\/el-costo-financiero-total-lidera-por-encima-de-la-cuota-y-la-tasa\/#breadcrumb\"},\"inLanguage\":\"es\",\"potentialAction\":[{\"@type\":\"ReadAction\",\"target\":[\"https:\/\/gysfm.com.ar\/inicio\/el-costo-financiero-total-lidera-por-encima-de-la-cuota-y-la-tasa\/\"]}]},{\"@type\":\"ImageObject\",\"inLanguage\":\"es\",\"@id\":\"https:\/\/gysfm.com.ar\/inicio\/el-costo-financiero-total-lidera-por-encima-de-la-cuota-y-la-tasa\/#primaryimage\",\"url\":\"https:\/\/gysfm.com.ar\/inicio\/wp-content\/uploads\/2026\/09\/creditos-uva.png\",\"contentUrl\":\"https:\/\/gysfm.com.ar\/inicio\/wp-content\/uploads\/2026\/09\/creditos-uva.png\",\"width\":1200,\"height\":675},{\"@type\":\"BreadcrumbList\",\"@id\":\"https:\/\/gysfm.com.ar\/inicio\/el-costo-financiero-total-lidera-por-encima-de-la-cuota-y-la-tasa\/#breadcrumb\",\"itemListElement\":[{\"@type\":\"ListItem\",\"position\":1,\"name\":\"Portada\",\"item\":\"https:\/\/gysfm.com.ar\/inicio\/\"},{\"@type\":\"ListItem\",\"position\":2,\"name\":\"el costo financiero total lidera por encima de la cuota y la tasa\"}]},{\"@type\":\"WebSite\",\"@id\":\"https:\/\/gysfm.com.ar\/inicio\/#website\",\"url\":\"https:\/\/gysfm.com.ar\/inicio\/\",\"name\":\"GYS NOTICIAS |\",\"description\":\"DIARIO - RADIO ONLINE SAN JUAN ARGENTINA\",\"publisher\":{\"@id\":\"https:\/\/gysfm.com.ar\/inicio\/#organization\"},\"potentialAction\":[{\"@type\":\"SearchAction\",\"target\":{\"@type\":\"EntryPoint\",\"urlTemplate\":\"https:\/\/gysfm.com.ar\/inicio\/?s={search_term_string}\"},\"query-input\":{\"@type\":\"PropertyValueSpecification\",\"valueRequired\":true,\"valueName\":\"search_term_string\"}}],\"inLanguage\":\"es\"},{\"@type\":\"Organization\",\"@id\":\"https:\/\/gysfm.com.ar\/inicio\/#organization\",\"name\":\"GYS NOTICIAS |\",\"url\":\"https:\/\/gysfm.com.ar\/inicio\/\",\"logo\":{\"@type\":\"ImageObject\",\"inLanguage\":\"es\",\"@id\":\"https:\/\/gysfm.com.ar\/inicio\/#\/schema\/logo\/image\/\",\"url\":\"https:\/\/gysfm.com.ar\/inicio\/wp-content\/uploads\/2023\/07\/LOGOGYS-OK.png\",\"contentUrl\":\"https:\/\/gysfm.com.ar\/inicio\/wp-content\/uploads\/2023\/07\/LOGOGYS-OK.png\",\"width\":1170,\"height\":872,\"caption\":\"GYS NOTICIAS |\"},\"image\":{\"@id\":\"https:\/\/gysfm.com.ar\/inicio\/#\/schema\/logo\/image\/\"}},{\"@type\":\"Person\",\"@id\":\"https:\/\/gysfm.com.ar\/inicio\/#\/schema\/person\/5bedd7ecd35cc35548d89effafa23696\",\"name\":\"admin\",\"image\":{\"@type\":\"ImageObject\",\"inLanguage\":\"es\",\"@id\":\"https:\/\/gysfm.com.ar\/inicio\/#\/schema\/person\/image\/\",\"url\":\"https:\/\/secure.gravatar.com\/avatar\/c331d312b5243fb64d5ba28108a447b27c925295129a363082c9ea52c28d32c2?s=96&d=mm&r=g\",\"contentUrl\":\"https:\/\/secure.gravatar.com\/avatar\/c331d312b5243fb64d5ba28108a447b27c925295129a363082c9ea52c28d32c2?s=96&d=mm&r=g\",\"caption\":\"admin\"},\"sameAs\":[\"https:\/\/gysfm.com.ar\/inicio\"],\"url\":\"https:\/\/gysfm.com.ar\/inicio\/author\/admin\/\"}]}<\/script>\n<!-- \/ Yoast SEO plugin. -->","yoast_head_json":{"title":"el costo financiero total lidera por encima de la cuota y la tasa - GYS NOTICIAS |","robots":{"index":"index","follow":"follow","max-snippet":"max-snippet:-1","max-image-preview":"max-image-preview:large","max-video-preview":"max-video-preview:-1"},"canonical":"https:\/\/gysfm.com.ar\/inicio\/el-costo-financiero-total-lidera-por-encima-de-la-cuota-y-la-tasa\/","og_locale":"es_ES","og_type":"article","og_title":"el costo financiero total lidera por encima de la cuota y la tasa - GYS NOTICIAS |","og_description":"1 de septiembre 2026 &#8211; 14:36 El 62% de los argentinos prioriza pagar la menor cantidad de intereses al elegir un cr\u00e9dito, mientras que el valor de la cuota mensual queda en un segundo plano con apenas el 14%. Los detalles, en la nota. Un informe analiza los factores determinantes para el endeudamiento de los [&hellip;]","og_url":"https:\/\/gysfm.com.ar\/inicio\/el-costo-financiero-total-lidera-por-encima-de-la-cuota-y-la-tasa\/","og_site_name":"GYS NOTICIAS |","article_published_time":"2026-09-02T03:02:14+00:00","og_image":[{"url":"https:\/\/media.ambito.com\/p\/535e24434909a01e08c19489e9b78a5f\/adjuntos\/239\/imagenes\/042\/501\/0042501091\/arca-agencia-recaudacion-y-control-aduanero-afip.jpg","type":"","width":"","height":""}],"author":"admin","twitter_card":"summary_large_image","twitter_misc":{"Escrito por":"admin","Tiempo de lectura":"3 minutos"},"schema":{"@context":"https:\/\/schema.org","@graph":[{"@type":"Article","@id":"https:\/\/gysfm.com.ar\/inicio\/el-costo-financiero-total-lidera-por-encima-de-la-cuota-y-la-tasa\/#article","isPartOf":{"@id":"https:\/\/gysfm.com.ar\/inicio\/el-costo-financiero-total-lidera-por-encima-de-la-cuota-y-la-tasa\/"},"author":{"name":"admin","@id":"https:\/\/gysfm.com.ar\/inicio\/#\/schema\/person\/5bedd7ecd35cc35548d89effafa23696"},"headline":"el costo financiero total lidera por encima de la cuota y la tasa","datePublished":"2026-09-02T03:02:14+00:00","mainEntityOfPage":{"@id":"https:\/\/gysfm.com.ar\/inicio\/el-costo-financiero-total-lidera-por-encima-de-la-cuota-y-la-tasa\/"},"wordCount":585,"publisher":{"@id":"https:\/\/gysfm.com.ar\/inicio\/#organization"},"image":{"@id":"https:\/\/gysfm.com.ar\/inicio\/el-costo-financiero-total-lidera-por-encima-de-la-cuota-y-la-tasa\/#primaryimage"},"thumbnailUrl":"https:\/\/gysfm.com.ar\/inicio\/wp-content\/uploads\/2026\/09\/creditos-uva.png","articleSection":["ECONOMIA"],"inLanguage":"es"},{"@type":"WebPage","@id":"https:\/\/gysfm.com.ar\/inicio\/el-costo-financiero-total-lidera-por-encima-de-la-cuota-y-la-tasa\/","url":"https:\/\/gysfm.com.ar\/inicio\/el-costo-financiero-total-lidera-por-encima-de-la-cuota-y-la-tasa\/","name":"el costo financiero total lidera por encima de la cuota y la tasa - GYS NOTICIAS |","isPartOf":{"@id":"https:\/\/gysfm.com.ar\/inicio\/#website"},"primaryImageOfPage":{"@id":"https:\/\/gysfm.com.ar\/inicio\/el-costo-financiero-total-lidera-por-encima-de-la-cuota-y-la-tasa\/#primaryimage"},"image":{"@id":"https:\/\/gysfm.com.ar\/inicio\/el-costo-financiero-total-lidera-por-encima-de-la-cuota-y-la-tasa\/#primaryimage"},"thumbnailUrl":"https:\/\/gysfm.com.ar\/inicio\/wp-content\/uploads\/2026\/09\/creditos-uva.png","datePublished":"2026-09-02T03:02:14+00:00","breadcrumb":{"@id":"https:\/\/gysfm.com.ar\/inicio\/el-costo-financiero-total-lidera-por-encima-de-la-cuota-y-la-tasa\/#breadcrumb"},"inLanguage":"es","potentialAction":[{"@type":"ReadAction","target":["https:\/\/gysfm.com.ar\/inicio\/el-costo-financiero-total-lidera-por-encima-de-la-cuota-y-la-tasa\/"]}]},{"@type":"ImageObject","inLanguage":"es","@id":"https:\/\/gysfm.com.ar\/inicio\/el-costo-financiero-total-lidera-por-encima-de-la-cuota-y-la-tasa\/#primaryimage","url":"https:\/\/gysfm.com.ar\/inicio\/wp-content\/uploads\/2026\/09\/creditos-uva.png","contentUrl":"https:\/\/gysfm.com.ar\/inicio\/wp-content\/uploads\/2026\/09\/creditos-uva.png","width":1200,"height":675},{"@type":"BreadcrumbList","@id":"https:\/\/gysfm.com.ar\/inicio\/el-costo-financiero-total-lidera-por-encima-de-la-cuota-y-la-tasa\/#breadcrumb","itemListElement":[{"@type":"ListItem","position":1,"name":"Portada","item":"https:\/\/gysfm.com.ar\/inicio\/"},{"@type":"ListItem","position":2,"name":"el costo financiero total lidera por encima de la cuota y la tasa"}]},{"@type":"WebSite","@id":"https:\/\/gysfm.com.ar\/inicio\/#website","url":"https:\/\/gysfm.com.ar\/inicio\/","name":"GYS NOTICIAS |","description":"DIARIO - RADIO ONLINE SAN JUAN ARGENTINA","publisher":{"@id":"https:\/\/gysfm.com.ar\/inicio\/#organization"},"potentialAction":[{"@type":"SearchAction","target":{"@type":"EntryPoint","urlTemplate":"https:\/\/gysfm.com.ar\/inicio\/?s={search_term_string}"},"query-input":{"@type":"PropertyValueSpecification","valueRequired":true,"valueName":"search_term_string"}}],"inLanguage":"es"},{"@type":"Organization","@id":"https:\/\/gysfm.com.ar\/inicio\/#organization","name":"GYS NOTICIAS |","url":"https:\/\/gysfm.com.ar\/inicio\/","logo":{"@type":"ImageObject","inLanguage":"es","@id":"https:\/\/gysfm.com.ar\/inicio\/#\/schema\/logo\/image\/","url":"https:\/\/gysfm.com.ar\/inicio\/wp-content\/uploads\/2023\/07\/LOGOGYS-OK.png","contentUrl":"https:\/\/gysfm.com.ar\/inicio\/wp-content\/uploads\/2023\/07\/LOGOGYS-OK.png","width":1170,"height":872,"caption":"GYS NOTICIAS |"},"image":{"@id":"https:\/\/gysfm.com.ar\/inicio\/#\/schema\/logo\/image\/"}},{"@type":"Person","@id":"https:\/\/gysfm.com.ar\/inicio\/#\/schema\/person\/5bedd7ecd35cc35548d89effafa23696","name":"admin","image":{"@type":"ImageObject","inLanguage":"es","@id":"https:\/\/gysfm.com.ar\/inicio\/#\/schema\/person\/image\/","url":"https:\/\/secure.gravatar.com\/avatar\/c331d312b5243fb64d5ba28108a447b27c925295129a363082c9ea52c28d32c2?s=96&d=mm&r=g","contentUrl":"https:\/\/secure.gravatar.com\/avatar\/c331d312b5243fb64d5ba28108a447b27c925295129a363082c9ea52c28d32c2?s=96&d=mm&r=g","caption":"admin"},"sameAs":["https:\/\/gysfm.com.ar\/inicio"],"url":"https:\/\/gysfm.com.ar\/inicio\/author\/admin\/"}]}},"_links":{"self":[{"href":"https:\/\/gysfm.com.ar\/inicio\/wp-json\/wp\/v2\/posts\/210122","targetHints":{"allow":["GET"]}}],"collection":[{"href":"https:\/\/gysfm.com.ar\/inicio\/wp-json\/wp\/v2\/posts"}],"about":[{"href":"https:\/\/gysfm.com.ar\/inicio\/wp-json\/wp\/v2\/types\/post"}],"author":[{"embeddable":true,"href":"https:\/\/gysfm.com.ar\/inicio\/wp-json\/wp\/v2\/users\/1"}],"replies":[{"embeddable":true,"href":"https:\/\/gysfm.com.ar\/inicio\/wp-json\/wp\/v2\/comments?post=210122"}],"version-history":[{"count":0,"href":"https:\/\/gysfm.com.ar\/inicio\/wp-json\/wp\/v2\/posts\/210122\/revisions"}],"wp:featuredmedia":[{"embeddable":true,"href":"https:\/\/gysfm.com.ar\/inicio\/wp-json\/wp\/v2\/media\/210029"}],"wp:attachment":[{"href":"https:\/\/gysfm.com.ar\/inicio\/wp-json\/wp\/v2\/media?parent=210122"}],"wp:term":[{"taxonomy":"category","embeddable":true,"href":"https:\/\/gysfm.com.ar\/inicio\/wp-json\/wp\/v2\/categories?post=210122"},{"taxonomy":"post_tag","embeddable":true,"href":"https:\/\/gysfm.com.ar\/inicio\/wp-json\/wp\/v2\/tags?post=210122"}],"curies":[{"name":"wp","href":"https:\/\/api.w.org\/{rel}","templated":true}]}}