{"id":210119,"date":"2026-09-01T22:42:05","date_gmt":"2026-09-02T01:42:05","guid":{"rendered":"https:\/\/gysfm.com.ar\/inicio\/reino-unido-respondio-a-la-declaracion-de-trump-y-ratifico-la-soberania-sobre-las-islas-malvinas\/"},"modified":"2026-09-01T22:42:06","modified_gmt":"2026-09-02T01:42:06","slug":"reino-unido-respondio-a-la-declaracion-de-trump-y-ratifico-la-soberania-sobre-las-islas-malvinas","status":"publish","type":"post","link":"https:\/\/gysfm.com.ar\/inicio\/reino-unido-respondio-a-la-declaracion-de-trump-y-ratifico-la-soberania-sobre-las-islas-malvinas\/","title":{"rendered":"Reino Unido respondi\u00f3 a la declaraci\u00f3n de Trump y ratific\u00f3 la soberan\u00eda sobre las islas Malvinas"},"content":{"rendered":"<p> <br \/>\n<\/p>\n<div>\n<p class=\"com-paragraph --capital --s text-left\">Luego de que el presidente estadounidense <strong>Donald Trump<\/strong> lanzara una <strong>advertencia a Reino Unido<\/strong> al asegurar que su administraci\u00f3n <strong>podr\u00eda <\/strong><a href=\"https:\/\/www.lanacion.com.ar\/politica\/trump-sugirio-que-podria-revisar-el-apoyo-de-eeuu-a-gran-bretana-en-la-disputa-con-la-argentina-por-nid31082026\/\" target=\"_self\" title=\"https:\/\/www.lanacion.com.ar\/politica\/trump-sugirio-que-podria-revisar-el-apoyo-de-eeuu-a-gran-bretana-en-la-disputa-con-la-argentina-por-nid31082026\/\" class=\"com-link break-word\" data-mrf-recirculation=\"n_link_parrafo\"><strong>retirarle el apoyo<\/strong><\/a><strong> <\/strong>en medio de la <strong>disputa con la Argentina por la soberan\u00eda de las islas Malvinas<\/strong>, un vocero del gobierno brit\u00e1nico ratific\u00f3 la soberan\u00eda sobre el territorio argentino y asegur\u00f3 que su postura es \u201c<strong>clar\u00edsima<\/strong>\u201d. <\/p>\n<p class=\"com-paragraph --s\">\u201cLos habitantes de las Islas Malvinas son brit\u00e1nicos y tienen derecho a determinar su propio futuro. Expresaron su deseo de <strong>seguir siendo un territorio brit\u00e1nico de ultramar<\/strong> y nuestro compromiso con ellos es inquebrantable\u201d, afirm\u00f3 el funcionario del primer ministro<strong> Andy Burnham<\/strong> en declaraciones consignadas por el medio ingl\u00e9s <a href=\"https:\/\/www.theguardian.com\/us-news\/2026\/aug\/31\/trump-uk-sovereignty-falkland-islands\" target=\"_blank\" title=\"https:\/\/www.theguardian.com\/us-news\/2026\/aug\/31\/trump-uk-sovereignty-falkland-islands\" class=\"com-link break-word\" data-mrf-recirculation=\"n_link_parrafo\" rel=\"nofollow\"><em>The Guardian<\/em><\/a><em>.<\/em><\/p>\n<p class=\"com-paragraph --s\">Las palabras de Trump tuvieron lugar luego de que la semana pasada el diario brit\u00e1nico <em>The Telegraph<\/em> revelara que Estados Unidos, a trav\u00e9s de funcionarios del Pent\u00e1gono, hab\u00eda amenazado a Reino Unido con cambiar su posicionamiento sobre las Malvinas en caso de que el gobierno <strong>no aumentara el gasto en Defensa<\/strong>.<\/p>\n<p class=\"com-paragraph --s\">En esta misma l\u00ednea, este martes el portavoz asegur\u00f3 que el primer ministro dej\u00f3 en claro desde su primer d\u00eda en el cargo \u2014que asumi\u00f3 el pasado 20 de julio\u2014 que cumplir\u00e1 con sus \u201ccompromisos internacionales con sus aliados <strong>en materia de gasto en defensa<\/strong>\u201d y que \u201cno cambi\u00f3 de opini\u00f3n al respecto\u201d.<\/p>\n<div class=\"content-media\">\n<section role=\"button\" class=\"mod-media   \">\n<figure role=\"button\" tabindex=\"0\" class=\"mod-figure \"><figcaption class=\"mod-figcaption\"><span class=\"com-text --caption --twoxs\">El primer ministro brit\u00e1nico, Andy Burnham<\/span><span class=\"com-text --credit --twoxs\">Kirsty Wigglesworth &#8211; AP<\/span><\/figcaption><\/figure>\n<\/section>\n<\/div>\n<p class=\"com-paragraph --s\">Seg\u00fan el medio brit\u00e1nico, el conflicto con Trump se produjo tras supuestas versiones que apuntaban a que John Healey, ministro de Hacienda brit\u00e1nico, iba a abandonar el compromiso previo de Reino Unido de <strong>destinar el 3% de su PIB al gasto en defensa para 2030<\/strong>, cuando presente su primer presupuesto el 28 de octubre.<\/p>\n<p><h2 class=\"font-primary font-w-bold text-subheading-lg text-left container-center-100 mb-8\"><span>La amenaza de Trump<\/span><\/h2>\n<\/p>\n<p class=\"com-paragraph --s\">Las declaraciones de Trump fueron pronunciadas durante una conferencia de prensa en la Casa Blanca este lunes. \u201c<strong>Siempre reviso todas las posiciones. Esa es apenas una entre muchas<\/strong>\u201d, respondi\u00f3 el republicano ante la consulta de un periodista en el Sal\u00f3n Oval. Fue la primera vez que se pronunci\u00f3 en ese sentido sobre la postura estadounidense en el diferendo entre el Reino Unido y la Argentina.<\/p>\n<p class=\"com-paragraph --s\">De acuerdo al art\u00edculo publicado por <em>The Telegraph<\/em>, la advertencia estadounidense de modificar su postura sobre las Malvinas figura entre <strong>una serie de medidas que analizan altos funcionarios del Pent\u00e1gono para as\u00ed incentivar a que los miembros de la Organizaci\u00f3n del Tratado del Atl\u00e1ntico Norte <\/strong>(OTAN) lleven al 5% de su PBI la inversi\u00f3n en materia de defensa, como pretende Trump.<\/p>\n<p class=\"com-paragraph --s\">Al ser consultado sobre esa versi\u00f3n period\u00edstica, el viernes pasado, un vocero del Departamento de Estado se\u00f1al\u00f3 a <strong>LA NACION<\/strong> que la posici\u00f3n del gobierno con respecto a las islas \u201c<strong>sigue siendo de neutralidad<\/strong>\u201d.<\/p>\n<p class=\"com-paragraph --s\">\u201cReconocemos que existen <strong>reclamos de soberan\u00eda contrapuestos<\/strong> entre la Argentina y el Reino Unido. Reconocemos la <strong>administraci\u00f3n de facto del Reino Unido sobre las islas<\/strong>, pero no adoptamos ninguna postura con respecto a los reclamos de soberan\u00eda de ninguna de las partes\u201d, explic\u00f3 el vocero.<\/p>\n<p class=\"com-paragraph --s\">En caso de que Washington revise su posici\u00f3n, como sugiri\u00f3 Trump, la Argentina sumar\u00eda un aliado de enorme peso pol\u00edtico para su hist\u00f3rico reclamo sobre las islas. Adem\u00e1s, <strong>supondr\u00eda un fuerte rev\u00e9s para las relaciones de Washington con Londres<\/strong>, que estuvieron bajo tensi\u00f3n en el \u00faltimo tiempo.<\/p>\n<section class=\"container-center-100 mb-40 border border-bottom border-thin border-neutral-light-700\">\n<hr\/>\n<\/section>\n<\/div>\n<p><script id=\"facebookpixel\" defer=\"\" type=\"text\/javascript\">\n        !function(f,b,e,v,n,t,s)\n        {if(f.fbq)return;n=f.fbq=function(){n.callMethod?\n        n.callMethod.apply(n,arguments):n.queue.push(arguments)};\n        if(!f._fbq)f._fbq=n;n.push=n;n.loaded=!0;n.version='2.0';\n        n.queue=[];t=b.createElement(e);t.async=!0;\n        t.src=v;s=b.getElementsByTagName(e)[0];\n        s.parentNode.insertBefore(t,s)}(window, document,'script',\n        'https:\/\/connect.facebook.net\/en_US\/fbevents.js');\n        fbq('init', '492459597522335');\n        fbq('track', 'PageView');\n    <\/script><br \/>\n<br \/><\/p>\n","protected":false},"excerpt":{"rendered":"<p>Luego de que el presidente estadounidense Donald Trump lanzara una advertencia a Reino Unido al asegurar que su administraci\u00f3n podr\u00eda retirarle el apoyo en medio de la disputa con la Argentina por la soberan\u00eda de las islas Malvinas, un vocero del gobierno brit\u00e1nico ratific\u00f3 la soberan\u00eda sobre el territorio argentino y asegur\u00f3 que su postura [&hellip;]<\/p>\n","protected":false},"author":2,"featured_media":210120,"comment_status":"closed","ping_status":"closed","sticky":false,"template":"","format":"standard","meta":{"footnotes":""},"categories":[26],"tags":[],"class_list":["post-210119","post","type-post","status-publish","format-standard","has-post-thumbnail","hentry","category-internacionales"],"yoast_head":"<!-- This site is optimized with the Yoast SEO plugin v24.4 - https:\/\/yoast.com\/wordpress\/plugins\/seo\/ -->\n<title>Reino Unido respondi\u00f3 a la declaraci\u00f3n de Trump y ratific\u00f3 la soberan\u00eda sobre las islas Malvinas - GYS NOTICIAS |<\/title>\n<meta name=\"robots\" content=\"index, follow, max-snippet:-1, max-image-preview:large, max-video-preview:-1\" \/>\n<link rel=\"canonical\" href=\"https:\/\/gysfm.com.ar\/inicio\/reino-unido-respondio-a-la-declaracion-de-trump-y-ratifico-la-soberania-sobre-las-islas-malvinas\/\" \/>\n<meta property=\"og:locale\" content=\"es_ES\" \/>\n<meta property=\"og:type\" content=\"article\" \/>\n<meta property=\"og:title\" content=\"Reino Unido respondi\u00f3 a la declaraci\u00f3n de Trump y ratific\u00f3 la soberan\u00eda sobre las islas Malvinas - GYS NOTICIAS |\" \/>\n<meta property=\"og:description\" content=\"Luego de que el presidente estadounidense Donald Trump lanzara una advertencia a Reino Unido al asegurar que su administraci\u00f3n podr\u00eda retirarle el apoyo en medio de la disputa con la Argentina por la soberan\u00eda de las islas Malvinas, un vocero del gobierno brit\u00e1nico ratific\u00f3 la soberan\u00eda sobre el territorio argentino y asegur\u00f3 que su postura [&hellip;]\" \/>\n<meta property=\"og:url\" content=\"https:\/\/gysfm.com.ar\/inicio\/reino-unido-respondio-a-la-declaracion-de-trump-y-ratifico-la-soberania-sobre-las-islas-malvinas\/\" \/>\n<meta property=\"og:site_name\" content=\"GYS NOTICIAS |\" \/>\n<meta property=\"article:published_time\" content=\"2026-09-02T01:42:05+00:00\" \/>\n<meta property=\"article:modified_time\" content=\"2026-09-02T01:42:06+00:00\" \/>\n<meta property=\"og:image\" content=\"https:\/\/gysfm.com.ar\/inicio\/wp-content\/uploads\/2026\/09\/donald-trump-y-andy-QYIOVT6QUZCD3NI5JIUHEH4THI.jpg\" \/>\n\t<meta property=\"og:image:width\" content=\"1200\" \/>\n\t<meta property=\"og:image:height\" content=\"800\" \/>\n\t<meta property=\"og:image:type\" content=\"image\/jpeg\" \/>\n<meta name=\"author\" content=\"Prensa G&amp;S FM\" \/>\n<meta name=\"twitter:card\" content=\"summary_large_image\" \/>\n<meta name=\"twitter:label1\" content=\"Escrito por\" \/>\n\t<meta name=\"twitter:data1\" content=\"Prensa G&amp;S FM\" \/>\n\t<meta name=\"twitter:label2\" content=\"Tiempo de lectura\" \/>\n\t<meta name=\"twitter:data2\" content=\"3 minutos\" \/>\n<script type=\"application\/ld+json\" class=\"yoast-schema-graph\">{\"@context\":\"https:\/\/schema.org\",\"@graph\":[{\"@type\":\"Article\",\"@id\":\"https:\/\/gysfm.com.ar\/inicio\/reino-unido-respondio-a-la-declaracion-de-trump-y-ratifico-la-soberania-sobre-las-islas-malvinas\/#article\",\"isPartOf\":{\"@id\":\"https:\/\/gysfm.com.ar\/inicio\/reino-unido-respondio-a-la-declaracion-de-trump-y-ratifico-la-soberania-sobre-las-islas-malvinas\/\"},\"author\":{\"name\":\"Prensa G&amp;S FM\",\"@id\":\"https:\/\/gysfm.com.ar\/inicio\/#\/schema\/person\/3abba7593ef2ad19e1be221d54383dc5\"},\"headline\":\"Reino Unido respondi\u00f3 a la declaraci\u00f3n de Trump y ratific\u00f3 la soberan\u00eda sobre las islas Malvinas\",\"datePublished\":\"2026-09-02T01:42:05+00:00\",\"dateModified\":\"2026-09-02T01:42:06+00:00\",\"mainEntityOfPage\":{\"@id\":\"https:\/\/gysfm.com.ar\/inicio\/reino-unido-respondio-a-la-declaracion-de-trump-y-ratifico-la-soberania-sobre-las-islas-malvinas\/\"},\"wordCount\":588,\"publisher\":{\"@id\":\"https:\/\/gysfm.com.ar\/inicio\/#organization\"},\"image\":{\"@id\":\"https:\/\/gysfm.com.ar\/inicio\/reino-unido-respondio-a-la-declaracion-de-trump-y-ratifico-la-soberania-sobre-las-islas-malvinas\/#primaryimage\"},\"thumbnailUrl\":\"https:\/\/gysfm.com.ar\/inicio\/wp-content\/uploads\/2026\/09\/donald-trump-y-andy-QYIOVT6QUZCD3NI5JIUHEH4THI.jpg\",\"articleSection\":[\"INTERNACIONALES\"],\"inLanguage\":\"es\"},{\"@type\":\"WebPage\",\"@id\":\"https:\/\/gysfm.com.ar\/inicio\/reino-unido-respondio-a-la-declaracion-de-trump-y-ratifico-la-soberania-sobre-las-islas-malvinas\/\",\"url\":\"https:\/\/gysfm.com.ar\/inicio\/reino-unido-respondio-a-la-declaracion-de-trump-y-ratifico-la-soberania-sobre-las-islas-malvinas\/\",\"name\":\"Reino Unido respondi\u00f3 a la declaraci\u00f3n de Trump y ratific\u00f3 la soberan\u00eda sobre las islas Malvinas - GYS NOTICIAS |\",\"isPartOf\":{\"@id\":\"https:\/\/gysfm.com.ar\/inicio\/#website\"},\"primaryImageOfPage\":{\"@id\":\"https:\/\/gysfm.com.ar\/inicio\/reino-unido-respondio-a-la-declaracion-de-trump-y-ratifico-la-soberania-sobre-las-islas-malvinas\/#primaryimage\"},\"image\":{\"@id\":\"https:\/\/gysfm.com.ar\/inicio\/reino-unido-respondio-a-la-declaracion-de-trump-y-ratifico-la-soberania-sobre-las-islas-malvinas\/#primaryimage\"},\"thumbnailUrl\":\"https:\/\/gysfm.com.ar\/inicio\/wp-content\/uploads\/2026\/09\/donald-trump-y-andy-QYIOVT6QUZCD3NI5JIUHEH4THI.jpg\",\"datePublished\":\"2026-09-02T01:42:05+00:00\",\"dateModified\":\"2026-09-02T01:42:06+00:00\",\"breadcrumb\":{\"@id\":\"https:\/\/gysfm.com.ar\/inicio\/reino-unido-respondio-a-la-declaracion-de-trump-y-ratifico-la-soberania-sobre-las-islas-malvinas\/#breadcrumb\"},\"inLanguage\":\"es\",\"potentialAction\":[{\"@type\":\"ReadAction\",\"target\":[\"https:\/\/gysfm.com.ar\/inicio\/reino-unido-respondio-a-la-declaracion-de-trump-y-ratifico-la-soberania-sobre-las-islas-malvinas\/\"]}]},{\"@type\":\"ImageObject\",\"inLanguage\":\"es\",\"@id\":\"https:\/\/gysfm.com.ar\/inicio\/reino-unido-respondio-a-la-declaracion-de-trump-y-ratifico-la-soberania-sobre-las-islas-malvinas\/#primaryimage\",\"url\":\"https:\/\/gysfm.com.ar\/inicio\/wp-content\/uploads\/2026\/09\/donald-trump-y-andy-QYIOVT6QUZCD3NI5JIUHEH4THI.jpg\",\"contentUrl\":\"https:\/\/gysfm.com.ar\/inicio\/wp-content\/uploads\/2026\/09\/donald-trump-y-andy-QYIOVT6QUZCD3NI5JIUHEH4THI.jpg\",\"width\":1200,\"height\":800},{\"@type\":\"BreadcrumbList\",\"@id\":\"https:\/\/gysfm.com.ar\/inicio\/reino-unido-respondio-a-la-declaracion-de-trump-y-ratifico-la-soberania-sobre-las-islas-malvinas\/#breadcrumb\",\"itemListElement\":[{\"@type\":\"ListItem\",\"position\":1,\"name\":\"Portada\",\"item\":\"https:\/\/gysfm.com.ar\/inicio\/\"},{\"@type\":\"ListItem\",\"position\":2,\"name\":\"Reino Unido respondi\u00f3 a la declaraci\u00f3n de Trump y ratific\u00f3 la soberan\u00eda sobre las islas Malvinas\"}]},{\"@type\":\"WebSite\",\"@id\":\"https:\/\/gysfm.com.ar\/inicio\/#website\",\"url\":\"https:\/\/gysfm.com.ar\/inicio\/\",\"name\":\"GYS NOTICIAS |\",\"description\":\"DIARIO - RADIO ONLINE SAN JUAN ARGENTINA\",\"publisher\":{\"@id\":\"https:\/\/gysfm.com.ar\/inicio\/#organization\"},\"potentialAction\":[{\"@type\":\"SearchAction\",\"target\":{\"@type\":\"EntryPoint\",\"urlTemplate\":\"https:\/\/gysfm.com.ar\/inicio\/?s={search_term_string}\"},\"query-input\":{\"@type\":\"PropertyValueSpecification\",\"valueRequired\":true,\"valueName\":\"search_term_string\"}}],\"inLanguage\":\"es\"},{\"@type\":\"Organization\",\"@id\":\"https:\/\/gysfm.com.ar\/inicio\/#organization\",\"name\":\"GYS NOTICIAS |\",\"url\":\"https:\/\/gysfm.com.ar\/inicio\/\",\"logo\":{\"@type\":\"ImageObject\",\"inLanguage\":\"es\",\"@id\":\"https:\/\/gysfm.com.ar\/inicio\/#\/schema\/logo\/image\/\",\"url\":\"https:\/\/gysfm.com.ar\/inicio\/wp-content\/uploads\/2023\/07\/LOGOGYS-OK.png\",\"contentUrl\":\"https:\/\/gysfm.com.ar\/inicio\/wp-content\/uploads\/2023\/07\/LOGOGYS-OK.png\",\"width\":1170,\"height\":872,\"caption\":\"GYS NOTICIAS |\"},\"image\":{\"@id\":\"https:\/\/gysfm.com.ar\/inicio\/#\/schema\/logo\/image\/\"}},{\"@type\":\"Person\",\"@id\":\"https:\/\/gysfm.com.ar\/inicio\/#\/schema\/person\/3abba7593ef2ad19e1be221d54383dc5\",\"name\":\"Prensa G&amp;S FM\",\"image\":{\"@type\":\"ImageObject\",\"inLanguage\":\"es\",\"@id\":\"https:\/\/gysfm.com.ar\/inicio\/#\/schema\/person\/image\/\",\"url\":\"https:\/\/secure.gravatar.com\/avatar\/096ec78df02049ab018702bb4ccedf659377fa92a26540b5247612077a0dbd29?s=96&d=mm&r=g\",\"contentUrl\":\"https:\/\/secure.gravatar.com\/avatar\/096ec78df02049ab018702bb4ccedf659377fa92a26540b5247612077a0dbd29?s=96&d=mm&r=g\",\"caption\":\"Prensa G&amp;S FM\"},\"sameAs\":[\"https:\/\/gysfm.com.ar\/\"],\"url\":\"https:\/\/gysfm.com.ar\/inicio\/author\/lucasm\/\"}]}<\/script>\n<!-- \/ Yoast SEO plugin. -->","yoast_head_json":{"title":"Reino Unido respondi\u00f3 a la declaraci\u00f3n de Trump y ratific\u00f3 la soberan\u00eda sobre las islas Malvinas - GYS NOTICIAS |","robots":{"index":"index","follow":"follow","max-snippet":"max-snippet:-1","max-image-preview":"max-image-preview:large","max-video-preview":"max-video-preview:-1"},"canonical":"https:\/\/gysfm.com.ar\/inicio\/reino-unido-respondio-a-la-declaracion-de-trump-y-ratifico-la-soberania-sobre-las-islas-malvinas\/","og_locale":"es_ES","og_type":"article","og_title":"Reino Unido respondi\u00f3 a la declaraci\u00f3n de Trump y ratific\u00f3 la soberan\u00eda sobre las islas Malvinas - GYS NOTICIAS |","og_description":"Luego de que el presidente estadounidense Donald Trump lanzara una advertencia a Reino Unido al asegurar que su administraci\u00f3n podr\u00eda retirarle el apoyo en medio de la disputa con la Argentina por la soberan\u00eda de las islas Malvinas, un vocero del gobierno brit\u00e1nico ratific\u00f3 la soberan\u00eda sobre el territorio argentino y asegur\u00f3 que su postura [&hellip;]","og_url":"https:\/\/gysfm.com.ar\/inicio\/reino-unido-respondio-a-la-declaracion-de-trump-y-ratifico-la-soberania-sobre-las-islas-malvinas\/","og_site_name":"GYS NOTICIAS |","article_published_time":"2026-09-02T01:42:05+00:00","article_modified_time":"2026-09-02T01:42:06+00:00","og_image":[{"width":1200,"height":800,"url":"https:\/\/gysfm.com.ar\/inicio\/wp-content\/uploads\/2026\/09\/donald-trump-y-andy-QYIOVT6QUZCD3NI5JIUHEH4THI.jpg","type":"image\/jpeg"}],"author":"Prensa G&amp;S FM","twitter_card":"summary_large_image","twitter_misc":{"Escrito por":"Prensa G&amp;S FM","Tiempo de lectura":"3 minutos"},"schema":{"@context":"https:\/\/schema.org","@graph":[{"@type":"Article","@id":"https:\/\/gysfm.com.ar\/inicio\/reino-unido-respondio-a-la-declaracion-de-trump-y-ratifico-la-soberania-sobre-las-islas-malvinas\/#article","isPartOf":{"@id":"https:\/\/gysfm.com.ar\/inicio\/reino-unido-respondio-a-la-declaracion-de-trump-y-ratifico-la-soberania-sobre-las-islas-malvinas\/"},"author":{"name":"Prensa G&amp;S FM","@id":"https:\/\/gysfm.com.ar\/inicio\/#\/schema\/person\/3abba7593ef2ad19e1be221d54383dc5"},"headline":"Reino Unido respondi\u00f3 a la declaraci\u00f3n de Trump y ratific\u00f3 la soberan\u00eda sobre las islas Malvinas","datePublished":"2026-09-02T01:42:05+00:00","dateModified":"2026-09-02T01:42:06+00:00","mainEntityOfPage":{"@id":"https:\/\/gysfm.com.ar\/inicio\/reino-unido-respondio-a-la-declaracion-de-trump-y-ratifico-la-soberania-sobre-las-islas-malvinas\/"},"wordCount":588,"publisher":{"@id":"https:\/\/gysfm.com.ar\/inicio\/#organization"},"image":{"@id":"https:\/\/gysfm.com.ar\/inicio\/reino-unido-respondio-a-la-declaracion-de-trump-y-ratifico-la-soberania-sobre-las-islas-malvinas\/#primaryimage"},"thumbnailUrl":"https:\/\/gysfm.com.ar\/inicio\/wp-content\/uploads\/2026\/09\/donald-trump-y-andy-QYIOVT6QUZCD3NI5JIUHEH4THI.jpg","articleSection":["INTERNACIONALES"],"inLanguage":"es"},{"@type":"WebPage","@id":"https:\/\/gysfm.com.ar\/inicio\/reino-unido-respondio-a-la-declaracion-de-trump-y-ratifico-la-soberania-sobre-las-islas-malvinas\/","url":"https:\/\/gysfm.com.ar\/inicio\/reino-unido-respondio-a-la-declaracion-de-trump-y-ratifico-la-soberania-sobre-las-islas-malvinas\/","name":"Reino Unido respondi\u00f3 a la declaraci\u00f3n de Trump y ratific\u00f3 la soberan\u00eda sobre las islas Malvinas - GYS NOTICIAS |","isPartOf":{"@id":"https:\/\/gysfm.com.ar\/inicio\/#website"},"primaryImageOfPage":{"@id":"https:\/\/gysfm.com.ar\/inicio\/reino-unido-respondio-a-la-declaracion-de-trump-y-ratifico-la-soberania-sobre-las-islas-malvinas\/#primaryimage"},"image":{"@id":"https:\/\/gysfm.com.ar\/inicio\/reino-unido-respondio-a-la-declaracion-de-trump-y-ratifico-la-soberania-sobre-las-islas-malvinas\/#primaryimage"},"thumbnailUrl":"https:\/\/gysfm.com.ar\/inicio\/wp-content\/uploads\/2026\/09\/donald-trump-y-andy-QYIOVT6QUZCD3NI5JIUHEH4THI.jpg","datePublished":"2026-09-02T01:42:05+00:00","dateModified":"2026-09-02T01:42:06+00:00","breadcrumb":{"@id":"https:\/\/gysfm.com.ar\/inicio\/reino-unido-respondio-a-la-declaracion-de-trump-y-ratifico-la-soberania-sobre-las-islas-malvinas\/#breadcrumb"},"inLanguage":"es","potentialAction":[{"@type":"ReadAction","target":["https:\/\/gysfm.com.ar\/inicio\/reino-unido-respondio-a-la-declaracion-de-trump-y-ratifico-la-soberania-sobre-las-islas-malvinas\/"]}]},{"@type":"ImageObject","inLanguage":"es","@id":"https:\/\/gysfm.com.ar\/inicio\/reino-unido-respondio-a-la-declaracion-de-trump-y-ratifico-la-soberania-sobre-las-islas-malvinas\/#primaryimage","url":"https:\/\/gysfm.com.ar\/inicio\/wp-content\/uploads\/2026\/09\/donald-trump-y-andy-QYIOVT6QUZCD3NI5JIUHEH4THI.jpg","contentUrl":"https:\/\/gysfm.com.ar\/inicio\/wp-content\/uploads\/2026\/09\/donald-trump-y-andy-QYIOVT6QUZCD3NI5JIUHEH4THI.jpg","width":1200,"height":800},{"@type":"BreadcrumbList","@id":"https:\/\/gysfm.com.ar\/inicio\/reino-unido-respondio-a-la-declaracion-de-trump-y-ratifico-la-soberania-sobre-las-islas-malvinas\/#breadcrumb","itemListElement":[{"@type":"ListItem","position":1,"name":"Portada","item":"https:\/\/gysfm.com.ar\/inicio\/"},{"@type":"ListItem","position":2,"name":"Reino Unido respondi\u00f3 a la declaraci\u00f3n de Trump y ratific\u00f3 la soberan\u00eda sobre las islas Malvinas"}]},{"@type":"WebSite","@id":"https:\/\/gysfm.com.ar\/inicio\/#website","url":"https:\/\/gysfm.com.ar\/inicio\/","name":"GYS NOTICIAS |","description":"DIARIO - RADIO ONLINE SAN JUAN ARGENTINA","publisher":{"@id":"https:\/\/gysfm.com.ar\/inicio\/#organization"},"potentialAction":[{"@type":"SearchAction","target":{"@type":"EntryPoint","urlTemplate":"https:\/\/gysfm.com.ar\/inicio\/?s={search_term_string}"},"query-input":{"@type":"PropertyValueSpecification","valueRequired":true,"valueName":"search_term_string"}}],"inLanguage":"es"},{"@type":"Organization","@id":"https:\/\/gysfm.com.ar\/inicio\/#organization","name":"GYS NOTICIAS |","url":"https:\/\/gysfm.com.ar\/inicio\/","logo":{"@type":"ImageObject","inLanguage":"es","@id":"https:\/\/gysfm.com.ar\/inicio\/#\/schema\/logo\/image\/","url":"https:\/\/gysfm.com.ar\/inicio\/wp-content\/uploads\/2023\/07\/LOGOGYS-OK.png","contentUrl":"https:\/\/gysfm.com.ar\/inicio\/wp-content\/uploads\/2023\/07\/LOGOGYS-OK.png","width":1170,"height":872,"caption":"GYS NOTICIAS |"},"image":{"@id":"https:\/\/gysfm.com.ar\/inicio\/#\/schema\/logo\/image\/"}},{"@type":"Person","@id":"https:\/\/gysfm.com.ar\/inicio\/#\/schema\/person\/3abba7593ef2ad19e1be221d54383dc5","name":"Prensa G&amp;S FM","image":{"@type":"ImageObject","inLanguage":"es","@id":"https:\/\/gysfm.com.ar\/inicio\/#\/schema\/person\/image\/","url":"https:\/\/secure.gravatar.com\/avatar\/096ec78df02049ab018702bb4ccedf659377fa92a26540b5247612077a0dbd29?s=96&d=mm&r=g","contentUrl":"https:\/\/secure.gravatar.com\/avatar\/096ec78df02049ab018702bb4ccedf659377fa92a26540b5247612077a0dbd29?s=96&d=mm&r=g","caption":"Prensa G&amp;S FM"},"sameAs":["https:\/\/gysfm.com.ar\/"],"url":"https:\/\/gysfm.com.ar\/inicio\/author\/lucasm\/"}]}},"_links":{"self":[{"href":"https:\/\/gysfm.com.ar\/inicio\/wp-json\/wp\/v2\/posts\/210119","targetHints":{"allow":["GET"]}}],"collection":[{"href":"https:\/\/gysfm.com.ar\/inicio\/wp-json\/wp\/v2\/posts"}],"about":[{"href":"https:\/\/gysfm.com.ar\/inicio\/wp-json\/wp\/v2\/types\/post"}],"author":[{"embeddable":true,"href":"https:\/\/gysfm.com.ar\/inicio\/wp-json\/wp\/v2\/users\/2"}],"replies":[{"embeddable":true,"href":"https:\/\/gysfm.com.ar\/inicio\/wp-json\/wp\/v2\/comments?post=210119"}],"version-history":[{"count":1,"href":"https:\/\/gysfm.com.ar\/inicio\/wp-json\/wp\/v2\/posts\/210119\/revisions"}],"predecessor-version":[{"id":210121,"href":"https:\/\/gysfm.com.ar\/inicio\/wp-json\/wp\/v2\/posts\/210119\/revisions\/210121"}],"wp:featuredmedia":[{"embeddable":true,"href":"https:\/\/gysfm.com.ar\/inicio\/wp-json\/wp\/v2\/media\/210120"}],"wp:attachment":[{"href":"https:\/\/gysfm.com.ar\/inicio\/wp-json\/wp\/v2\/media?parent=210119"}],"wp:term":[{"taxonomy":"category","embeddable":true,"href":"https:\/\/gysfm.com.ar\/inicio\/wp-json\/wp\/v2\/categories?post=210119"},{"taxonomy":"post_tag","embeddable":true,"href":"https:\/\/gysfm.com.ar\/inicio\/wp-json\/wp\/v2\/tags?post=210119"}],"curies":[{"name":"wp","href":"https:\/\/api.w.org\/{rel}","templated":true}]}}