{"id":210118,"date":"2026-09-01T22:02:17","date_gmt":"2026-09-02T01:02:17","guid":{"rendered":"https:\/\/gysfm.com.ar\/inicio\/pase-mas-de-24-horas-encadenado-el-crudo-relato-del-futbolista-argentino-detenido-22-dias-por-el-ice\/"},"modified":"2026-09-01T22:02:17","modified_gmt":"2026-09-02T01:02:17","slug":"pase-mas-de-24-horas-encadenado-el-crudo-relato-del-futbolista-argentino-detenido-22-dias-por-el-ice","status":"publish","type":"post","link":"https:\/\/gysfm.com.ar\/inicio\/pase-mas-de-24-horas-encadenado-el-crudo-relato-del-futbolista-argentino-detenido-22-dias-por-el-ice\/","title":{"rendered":"\u00abPas\u00e9 m\u00e1s de 24 horas encadenado\u00bb: el crudo relato del futbolista argentino detenido 22 d\u00edas por el ICE"},"content":{"rendered":"<div><img decoding=\"async\" width=\"1440\" height=\"806\" src=\"https:\/\/diariosanjuan19.com.ar\/wp-content\/uploads\/2026\/08\/image-520.png\" class=\"attachment-post-thumbnail size-post-thumbnail wp-post-image\" alt=\"\" loading=\"lazy\"><\/div>\n<p><strong><em>Mat\u00edas Pourrain habl\u00f3 en exclusiva con Telenoche despu\u00e9s de recuperar la libertad tras pagar una fianza de 20.000 d\u00f3lares. Denunci\u00f3 haber sufrido condiciones \u00abinhumanas\u00bb y una \u00abtortura mental constante\u00bb durante su detenci\u00f3n en Estados Unidos.<\/em><\/strong><\/p>\n<p>El futbolista argentino Mat\u00edas Pourrain vivi\u00f3 22 d\u00edas de pesadilla en un centro de detenci\u00f3n del Servicio de Control de Inmigraci\u00f3n y Aduanas de Estados Unidos (ICE). Desde su casa en Miami, donde reside desde 2019, relat\u00f3 las condiciones que calific\u00f3 como \u00abinhumanas\u00bb en un testimonio que estremeci\u00f3 al pa\u00eds.<\/p>\n<p>Todo comenz\u00f3 el 6 de agosto, cuando Pourrain se dispon\u00eda a viajar junto a su equipo, Miami United, hacia Los \u00c1ngeles para disputar un partido. Dos personas vestidas de civil lo interceptaron en el aeropuerto internacional de Miami. \u00abMe dijeron que los acompa\u00f1ara porque ten\u00edan que revisar algo de mi documentaci\u00f3n y que volv\u00eda en 10 minutos. Cuando los acompa\u00f1o, me avisan que son del ICE y que me iban a llevar al centro de detenci\u00f3n de Miramar\u00bb, record\u00f3.<\/p>\n<p>Pourrain estaba junto a todo su equipo, pero no le dejaron avisar lo que estaba sucediendo. \u00abSe dieron cuenta porque no me sub\u00ed al avi\u00f3n y antes de acompa\u00f1arlos le llegu\u00e9 a mandar un mensaje al t\u00e9cnico para avisarle que ten\u00edan que ver algo de mis documentos\u00bb, explic\u00f3.<\/p>\n<p>El futbolista asegur\u00f3 que contaba con toda su documentaci\u00f3n migratoria en regla: hab\u00eda ingresado al pa\u00eds con visa de turista, iniciado un tr\u00e1mite migratorio y obtenido un permiso de trabajo vigente hasta 2030. \u00abEstos tr\u00e1mites ac\u00e1 tardan a\u00f1os. Yo estaba esperando la fecha de la entrevista. Lo \u00fanico que hicieron fue meterme preso y hacerme pagar 20.000 d\u00f3lares. Pero mi situaci\u00f3n sigue igual, tengo que esperar la resoluci\u00f3n\u00bb, se\u00f1al\u00f3.<\/p>\n<h2 class=\"wp-block-heading\">\u00abM\u00e1s de 24 horas sentado, atado, encadenado\u00bb<\/h2>\n<p>Uno de los momentos m\u00e1s crudos de su relato fue el traslado a un galp\u00f3n donde, seg\u00fan cont\u00f3, hab\u00eda unas 80 personas detenidas. All\u00ed permaneci\u00f3 atado a una silla, esposado de manos y pies y encadenado del cuerpo, desde el jueves a las 17 horas hasta el viernes por la noche. \u00abM\u00e1s de 24 horas sentado, atado, encadenado. En un momento me quise acostar en el piso y me dijeron que solo pod\u00eda estar sentado en la silla\u00bb, afirm\u00f3.<\/p>\n<p>El futbolista tambi\u00e9n denunci\u00f3 condiciones de higiene y alimentaci\u00f3n que calific\u00f3 de inhumanas. \u00abEstuve casi tres d\u00edas sin comer. Nunca me pude ba\u00f1ar\u00bb, cont\u00f3. Y agreg\u00f3: \u00abEn un momento \u00e9ramos 68 personas en una habitaci\u00f3n de 5 x 3 metros y hab\u00eda solo dos inodoros. La gente hac\u00eda caca ah\u00ed y nos obligaban a cargar agua en un bebedero que tambi\u00e9n era donde se hac\u00eda pis\u00bb.<\/p>\n<p>Seg\u00fan relat\u00f3, durante su detenci\u00f3n perdi\u00f3 aproximadamente 3 kilos y medio. \u00abTe daban una bandejita m\u00ednima. La comida ten\u00eda circulitos negros como hongos. Era incomible. Si tengo que compararlo con algo, te dir\u00eda que era comida de perro. Al principio intent\u00e9 comer y vomitaba\u00bb, asegur\u00f3.<\/p>\n<p>A pesar del calvario vivido, Pourrain mantiene una situaci\u00f3n migratoria incierta: recuper\u00f3 la libertad tras abonar la fianza, pero todav\u00eda queda a la espera de la resoluci\u00f3n de su tr\u00e1mite en el pa\u00eds.<\/p>\n<div class=\"wp-block-image\">\n<figure class=\"aligncenter size-large\"><img decoding=\"async\" loading=\"lazy\" width=\"1024\" height=\"683\" src=\"https:\/\/diariosanjuan19.com.ar\/wp-content\/uploads\/2026\/08\/image-521-1024x683.png\" alt=\"\" class=\"wp-image-41852\"><\/figure>\n<\/div>\n<p>La entrada <a href=\"https:\/\/diariosanjuan19.com.ar\/pase-mas-de-24-horas-encadenado-el-crudo-relato-del-futbolista-argentino-detenido-22-dias-por-el-ice\/\">\u00abPas\u00e9 m\u00e1s de 24 horas encadenado\u00bb: el crudo relato del futbolista argentino detenido 22 d\u00edas por el ICE<\/a> se public\u00f3 primero en <a href=\"https:\/\/diariosanjuan19.com.ar\/\">DIARIO SAN JUAN 19<\/a>.<\/p>\n","protected":false},"excerpt":{"rendered":"<p>Mat\u00edas Pourrain habl\u00f3 en exclusiva con Telenoche despu\u00e9s de recuperar la libertad tras pagar una fianza de 20.000 d\u00f3lares. Denunci\u00f3 haber sufrido condiciones \u00abinhumanas\u00bb y una \u00abtortura mental constante\u00bb durante su detenci\u00f3n en Estados Unidos. El futbolista argentino Mat\u00edas Pourrain vivi\u00f3 22 d\u00edas de pesadilla en un centro de detenci\u00f3n del Servicio de Control de [&hellip;]<\/p>\n","protected":false},"author":2,"featured_media":0,"comment_status":"closed","ping_status":"closed","sticky":false,"template":"","format":"standard","meta":{"footnotes":""},"categories":[26],"tags":[],"class_list":["post-210118","post","type-post","status-publish","format-standard","hentry","category-internacionales"],"yoast_head":"<!-- This site is optimized with the Yoast SEO plugin v24.4 - https:\/\/yoast.com\/wordpress\/plugins\/seo\/ -->\n<title>\u00abPas\u00e9 m\u00e1s de 24 horas encadenado\u00bb: el crudo relato del futbolista argentino detenido 22 d\u00edas por el ICE - GYS NOTICIAS |<\/title>\n<meta name=\"robots\" content=\"index, follow, max-snippet:-1, max-image-preview:large, max-video-preview:-1\" \/>\n<link rel=\"canonical\" href=\"https:\/\/gysfm.com.ar\/inicio\/pase-mas-de-24-horas-encadenado-el-crudo-relato-del-futbolista-argentino-detenido-22-dias-por-el-ice\/\" \/>\n<meta property=\"og:locale\" content=\"es_ES\" \/>\n<meta property=\"og:type\" content=\"article\" \/>\n<meta property=\"og:title\" content=\"\u00abPas\u00e9 m\u00e1s de 24 horas encadenado\u00bb: el crudo relato del futbolista argentino detenido 22 d\u00edas por el ICE - GYS NOTICIAS |\" \/>\n<meta property=\"og:description\" content=\"Mat\u00edas Pourrain habl\u00f3 en exclusiva con Telenoche despu\u00e9s de recuperar la libertad tras pagar una fianza de 20.000 d\u00f3lares. Denunci\u00f3 haber sufrido condiciones \u00abinhumanas\u00bb y una \u00abtortura mental constante\u00bb durante su detenci\u00f3n en Estados Unidos. El futbolista argentino Mat\u00edas Pourrain vivi\u00f3 22 d\u00edas de pesadilla en un centro de detenci\u00f3n del Servicio de Control de [&hellip;]\" \/>\n<meta property=\"og:url\" content=\"https:\/\/gysfm.com.ar\/inicio\/pase-mas-de-24-horas-encadenado-el-crudo-relato-del-futbolista-argentino-detenido-22-dias-por-el-ice\/\" \/>\n<meta property=\"og:site_name\" content=\"GYS NOTICIAS |\" \/>\n<meta property=\"article:published_time\" content=\"2026-09-02T01:02:17+00:00\" \/>\n<meta property=\"og:image\" content=\"https:\/\/diariosanjuan19.com.ar\/wp-content\/uploads\/2026\/08\/image-520.png\" \/>\n<meta name=\"author\" content=\"Prensa G&amp;S FM\" \/>\n<meta name=\"twitter:card\" content=\"summary_large_image\" \/>\n<meta name=\"twitter:label1\" content=\"Escrito por\" \/>\n\t<meta name=\"twitter:data1\" content=\"Prensa G&amp;S FM\" \/>\n\t<meta name=\"twitter:label2\" content=\"Tiempo de lectura\" \/>\n\t<meta name=\"twitter:data2\" content=\"3 minutos\" \/>\n<script type=\"application\/ld+json\" class=\"yoast-schema-graph\">{\"@context\":\"https:\/\/schema.org\",\"@graph\":[{\"@type\":\"Article\",\"@id\":\"https:\/\/gysfm.com.ar\/inicio\/pase-mas-de-24-horas-encadenado-el-crudo-relato-del-futbolista-argentino-detenido-22-dias-por-el-ice\/#article\",\"isPartOf\":{\"@id\":\"https:\/\/gysfm.com.ar\/inicio\/pase-mas-de-24-horas-encadenado-el-crudo-relato-del-futbolista-argentino-detenido-22-dias-por-el-ice\/\"},\"author\":{\"name\":\"Prensa G&amp;S FM\",\"@id\":\"https:\/\/gysfm.com.ar\/inicio\/#\/schema\/person\/3abba7593ef2ad19e1be221d54383dc5\"},\"headline\":\"\u00abPas\u00e9 m\u00e1s de 24 horas encadenado\u00bb: el crudo relato del futbolista argentino detenido 22 d\u00edas por el ICE\",\"datePublished\":\"2026-09-02T01:02:17+00:00\",\"mainEntityOfPage\":{\"@id\":\"https:\/\/gysfm.com.ar\/inicio\/pase-mas-de-24-horas-encadenado-el-crudo-relato-del-futbolista-argentino-detenido-22-dias-por-el-ice\/\"},\"wordCount\":597,\"publisher\":{\"@id\":\"https:\/\/gysfm.com.ar\/inicio\/#organization\"},\"image\":{\"@id\":\"https:\/\/gysfm.com.ar\/inicio\/pase-mas-de-24-horas-encadenado-el-crudo-relato-del-futbolista-argentino-detenido-22-dias-por-el-ice\/#primaryimage\"},\"thumbnailUrl\":\"https:\/\/diariosanjuan19.com.ar\/wp-content\/uploads\/2026\/08\/image-520.png\",\"articleSection\":[\"INTERNACIONALES\"],\"inLanguage\":\"es\"},{\"@type\":\"WebPage\",\"@id\":\"https:\/\/gysfm.com.ar\/inicio\/pase-mas-de-24-horas-encadenado-el-crudo-relato-del-futbolista-argentino-detenido-22-dias-por-el-ice\/\",\"url\":\"https:\/\/gysfm.com.ar\/inicio\/pase-mas-de-24-horas-encadenado-el-crudo-relato-del-futbolista-argentino-detenido-22-dias-por-el-ice\/\",\"name\":\"\u00abPas\u00e9 m\u00e1s de 24 horas encadenado\u00bb: el crudo relato del futbolista argentino detenido 22 d\u00edas por el ICE - GYS NOTICIAS |\",\"isPartOf\":{\"@id\":\"https:\/\/gysfm.com.ar\/inicio\/#website\"},\"primaryImageOfPage\":{\"@id\":\"https:\/\/gysfm.com.ar\/inicio\/pase-mas-de-24-horas-encadenado-el-crudo-relato-del-futbolista-argentino-detenido-22-dias-por-el-ice\/#primaryimage\"},\"image\":{\"@id\":\"https:\/\/gysfm.com.ar\/inicio\/pase-mas-de-24-horas-encadenado-el-crudo-relato-del-futbolista-argentino-detenido-22-dias-por-el-ice\/#primaryimage\"},\"thumbnailUrl\":\"https:\/\/diariosanjuan19.com.ar\/wp-content\/uploads\/2026\/08\/image-520.png\",\"datePublished\":\"2026-09-02T01:02:17+00:00\",\"breadcrumb\":{\"@id\":\"https:\/\/gysfm.com.ar\/inicio\/pase-mas-de-24-horas-encadenado-el-crudo-relato-del-futbolista-argentino-detenido-22-dias-por-el-ice\/#breadcrumb\"},\"inLanguage\":\"es\",\"potentialAction\":[{\"@type\":\"ReadAction\",\"target\":[\"https:\/\/gysfm.com.ar\/inicio\/pase-mas-de-24-horas-encadenado-el-crudo-relato-del-futbolista-argentino-detenido-22-dias-por-el-ice\/\"]}]},{\"@type\":\"ImageObject\",\"inLanguage\":\"es\",\"@id\":\"https:\/\/gysfm.com.ar\/inicio\/pase-mas-de-24-horas-encadenado-el-crudo-relato-del-futbolista-argentino-detenido-22-dias-por-el-ice\/#primaryimage\",\"url\":\"https:\/\/diariosanjuan19.com.ar\/wp-content\/uploads\/2026\/08\/image-520.png\",\"contentUrl\":\"https:\/\/diariosanjuan19.com.ar\/wp-content\/uploads\/2026\/08\/image-520.png\"},{\"@type\":\"BreadcrumbList\",\"@id\":\"https:\/\/gysfm.com.ar\/inicio\/pase-mas-de-24-horas-encadenado-el-crudo-relato-del-futbolista-argentino-detenido-22-dias-por-el-ice\/#breadcrumb\",\"itemListElement\":[{\"@type\":\"ListItem\",\"position\":1,\"name\":\"Portada\",\"item\":\"https:\/\/gysfm.com.ar\/inicio\/\"},{\"@type\":\"ListItem\",\"position\":2,\"name\":\"\u00abPas\u00e9 m\u00e1s de 24 horas encadenado\u00bb: el crudo relato del futbolista argentino detenido 22 d\u00edas por el ICE\"}]},{\"@type\":\"WebSite\",\"@id\":\"https:\/\/gysfm.com.ar\/inicio\/#website\",\"url\":\"https:\/\/gysfm.com.ar\/inicio\/\",\"name\":\"GYS NOTICIAS |\",\"description\":\"DIARIO - RADIO ONLINE SAN JUAN ARGENTINA\",\"publisher\":{\"@id\":\"https:\/\/gysfm.com.ar\/inicio\/#organization\"},\"potentialAction\":[{\"@type\":\"SearchAction\",\"target\":{\"@type\":\"EntryPoint\",\"urlTemplate\":\"https:\/\/gysfm.com.ar\/inicio\/?s={search_term_string}\"},\"query-input\":{\"@type\":\"PropertyValueSpecification\",\"valueRequired\":true,\"valueName\":\"search_term_string\"}}],\"inLanguage\":\"es\"},{\"@type\":\"Organization\",\"@id\":\"https:\/\/gysfm.com.ar\/inicio\/#organization\",\"name\":\"GYS NOTICIAS |\",\"url\":\"https:\/\/gysfm.com.ar\/inicio\/\",\"logo\":{\"@type\":\"ImageObject\",\"inLanguage\":\"es\",\"@id\":\"https:\/\/gysfm.com.ar\/inicio\/#\/schema\/logo\/image\/\",\"url\":\"https:\/\/gysfm.com.ar\/inicio\/wp-content\/uploads\/2023\/07\/LOGOGYS-OK.png\",\"contentUrl\":\"https:\/\/gysfm.com.ar\/inicio\/wp-content\/uploads\/2023\/07\/LOGOGYS-OK.png\",\"width\":1170,\"height\":872,\"caption\":\"GYS NOTICIAS |\"},\"image\":{\"@id\":\"https:\/\/gysfm.com.ar\/inicio\/#\/schema\/logo\/image\/\"}},{\"@type\":\"Person\",\"@id\":\"https:\/\/gysfm.com.ar\/inicio\/#\/schema\/person\/3abba7593ef2ad19e1be221d54383dc5\",\"name\":\"Prensa G&amp;S FM\",\"image\":{\"@type\":\"ImageObject\",\"inLanguage\":\"es\",\"@id\":\"https:\/\/gysfm.com.ar\/inicio\/#\/schema\/person\/image\/\",\"url\":\"https:\/\/secure.gravatar.com\/avatar\/096ec78df02049ab018702bb4ccedf659377fa92a26540b5247612077a0dbd29?s=96&d=mm&r=g\",\"contentUrl\":\"https:\/\/secure.gravatar.com\/avatar\/096ec78df02049ab018702bb4ccedf659377fa92a26540b5247612077a0dbd29?s=96&d=mm&r=g\",\"caption\":\"Prensa G&amp;S FM\"},\"sameAs\":[\"https:\/\/gysfm.com.ar\/\"],\"url\":\"https:\/\/gysfm.com.ar\/inicio\/author\/lucasm\/\"}]}<\/script>\n<!-- \/ Yoast SEO plugin. -->","yoast_head_json":{"title":"\u00abPas\u00e9 m\u00e1s de 24 horas encadenado\u00bb: el crudo relato del futbolista argentino detenido 22 d\u00edas por el ICE - GYS NOTICIAS |","robots":{"index":"index","follow":"follow","max-snippet":"max-snippet:-1","max-image-preview":"max-image-preview:large","max-video-preview":"max-video-preview:-1"},"canonical":"https:\/\/gysfm.com.ar\/inicio\/pase-mas-de-24-horas-encadenado-el-crudo-relato-del-futbolista-argentino-detenido-22-dias-por-el-ice\/","og_locale":"es_ES","og_type":"article","og_title":"\u00abPas\u00e9 m\u00e1s de 24 horas encadenado\u00bb: el crudo relato del futbolista argentino detenido 22 d\u00edas por el ICE - GYS NOTICIAS |","og_description":"Mat\u00edas Pourrain habl\u00f3 en exclusiva con Telenoche despu\u00e9s de recuperar la libertad tras pagar una fianza de 20.000 d\u00f3lares. Denunci\u00f3 haber sufrido condiciones \u00abinhumanas\u00bb y una \u00abtortura mental constante\u00bb durante su detenci\u00f3n en Estados Unidos. El futbolista argentino Mat\u00edas Pourrain vivi\u00f3 22 d\u00edas de pesadilla en un centro de detenci\u00f3n del Servicio de Control de [&hellip;]","og_url":"https:\/\/gysfm.com.ar\/inicio\/pase-mas-de-24-horas-encadenado-el-crudo-relato-del-futbolista-argentino-detenido-22-dias-por-el-ice\/","og_site_name":"GYS NOTICIAS |","article_published_time":"2026-09-02T01:02:17+00:00","og_image":[{"url":"https:\/\/diariosanjuan19.com.ar\/wp-content\/uploads\/2026\/08\/image-520.png","type":"","width":"","height":""}],"author":"Prensa G&amp;S FM","twitter_card":"summary_large_image","twitter_misc":{"Escrito por":"Prensa G&amp;S FM","Tiempo de lectura":"3 minutos"},"schema":{"@context":"https:\/\/schema.org","@graph":[{"@type":"Article","@id":"https:\/\/gysfm.com.ar\/inicio\/pase-mas-de-24-horas-encadenado-el-crudo-relato-del-futbolista-argentino-detenido-22-dias-por-el-ice\/#article","isPartOf":{"@id":"https:\/\/gysfm.com.ar\/inicio\/pase-mas-de-24-horas-encadenado-el-crudo-relato-del-futbolista-argentino-detenido-22-dias-por-el-ice\/"},"author":{"name":"Prensa G&amp;S FM","@id":"https:\/\/gysfm.com.ar\/inicio\/#\/schema\/person\/3abba7593ef2ad19e1be221d54383dc5"},"headline":"\u00abPas\u00e9 m\u00e1s de 24 horas encadenado\u00bb: el crudo relato del futbolista argentino detenido 22 d\u00edas por el ICE","datePublished":"2026-09-02T01:02:17+00:00","mainEntityOfPage":{"@id":"https:\/\/gysfm.com.ar\/inicio\/pase-mas-de-24-horas-encadenado-el-crudo-relato-del-futbolista-argentino-detenido-22-dias-por-el-ice\/"},"wordCount":597,"publisher":{"@id":"https:\/\/gysfm.com.ar\/inicio\/#organization"},"image":{"@id":"https:\/\/gysfm.com.ar\/inicio\/pase-mas-de-24-horas-encadenado-el-crudo-relato-del-futbolista-argentino-detenido-22-dias-por-el-ice\/#primaryimage"},"thumbnailUrl":"https:\/\/diariosanjuan19.com.ar\/wp-content\/uploads\/2026\/08\/image-520.png","articleSection":["INTERNACIONALES"],"inLanguage":"es"},{"@type":"WebPage","@id":"https:\/\/gysfm.com.ar\/inicio\/pase-mas-de-24-horas-encadenado-el-crudo-relato-del-futbolista-argentino-detenido-22-dias-por-el-ice\/","url":"https:\/\/gysfm.com.ar\/inicio\/pase-mas-de-24-horas-encadenado-el-crudo-relato-del-futbolista-argentino-detenido-22-dias-por-el-ice\/","name":"\u00abPas\u00e9 m\u00e1s de 24 horas encadenado\u00bb: el crudo relato del futbolista argentino detenido 22 d\u00edas por el ICE - GYS NOTICIAS |","isPartOf":{"@id":"https:\/\/gysfm.com.ar\/inicio\/#website"},"primaryImageOfPage":{"@id":"https:\/\/gysfm.com.ar\/inicio\/pase-mas-de-24-horas-encadenado-el-crudo-relato-del-futbolista-argentino-detenido-22-dias-por-el-ice\/#primaryimage"},"image":{"@id":"https:\/\/gysfm.com.ar\/inicio\/pase-mas-de-24-horas-encadenado-el-crudo-relato-del-futbolista-argentino-detenido-22-dias-por-el-ice\/#primaryimage"},"thumbnailUrl":"https:\/\/diariosanjuan19.com.ar\/wp-content\/uploads\/2026\/08\/image-520.png","datePublished":"2026-09-02T01:02:17+00:00","breadcrumb":{"@id":"https:\/\/gysfm.com.ar\/inicio\/pase-mas-de-24-horas-encadenado-el-crudo-relato-del-futbolista-argentino-detenido-22-dias-por-el-ice\/#breadcrumb"},"inLanguage":"es","potentialAction":[{"@type":"ReadAction","target":["https:\/\/gysfm.com.ar\/inicio\/pase-mas-de-24-horas-encadenado-el-crudo-relato-del-futbolista-argentino-detenido-22-dias-por-el-ice\/"]}]},{"@type":"ImageObject","inLanguage":"es","@id":"https:\/\/gysfm.com.ar\/inicio\/pase-mas-de-24-horas-encadenado-el-crudo-relato-del-futbolista-argentino-detenido-22-dias-por-el-ice\/#primaryimage","url":"https:\/\/diariosanjuan19.com.ar\/wp-content\/uploads\/2026\/08\/image-520.png","contentUrl":"https:\/\/diariosanjuan19.com.ar\/wp-content\/uploads\/2026\/08\/image-520.png"},{"@type":"BreadcrumbList","@id":"https:\/\/gysfm.com.ar\/inicio\/pase-mas-de-24-horas-encadenado-el-crudo-relato-del-futbolista-argentino-detenido-22-dias-por-el-ice\/#breadcrumb","itemListElement":[{"@type":"ListItem","position":1,"name":"Portada","item":"https:\/\/gysfm.com.ar\/inicio\/"},{"@type":"ListItem","position":2,"name":"\u00abPas\u00e9 m\u00e1s de 24 horas encadenado\u00bb: el crudo relato del futbolista argentino detenido 22 d\u00edas por el ICE"}]},{"@type":"WebSite","@id":"https:\/\/gysfm.com.ar\/inicio\/#website","url":"https:\/\/gysfm.com.ar\/inicio\/","name":"GYS NOTICIAS |","description":"DIARIO - RADIO ONLINE SAN JUAN ARGENTINA","publisher":{"@id":"https:\/\/gysfm.com.ar\/inicio\/#organization"},"potentialAction":[{"@type":"SearchAction","target":{"@type":"EntryPoint","urlTemplate":"https:\/\/gysfm.com.ar\/inicio\/?s={search_term_string}"},"query-input":{"@type":"PropertyValueSpecification","valueRequired":true,"valueName":"search_term_string"}}],"inLanguage":"es"},{"@type":"Organization","@id":"https:\/\/gysfm.com.ar\/inicio\/#organization","name":"GYS NOTICIAS |","url":"https:\/\/gysfm.com.ar\/inicio\/","logo":{"@type":"ImageObject","inLanguage":"es","@id":"https:\/\/gysfm.com.ar\/inicio\/#\/schema\/logo\/image\/","url":"https:\/\/gysfm.com.ar\/inicio\/wp-content\/uploads\/2023\/07\/LOGOGYS-OK.png","contentUrl":"https:\/\/gysfm.com.ar\/inicio\/wp-content\/uploads\/2023\/07\/LOGOGYS-OK.png","width":1170,"height":872,"caption":"GYS NOTICIAS |"},"image":{"@id":"https:\/\/gysfm.com.ar\/inicio\/#\/schema\/logo\/image\/"}},{"@type":"Person","@id":"https:\/\/gysfm.com.ar\/inicio\/#\/schema\/person\/3abba7593ef2ad19e1be221d54383dc5","name":"Prensa G&amp;S FM","image":{"@type":"ImageObject","inLanguage":"es","@id":"https:\/\/gysfm.com.ar\/inicio\/#\/schema\/person\/image\/","url":"https:\/\/secure.gravatar.com\/avatar\/096ec78df02049ab018702bb4ccedf659377fa92a26540b5247612077a0dbd29?s=96&d=mm&r=g","contentUrl":"https:\/\/secure.gravatar.com\/avatar\/096ec78df02049ab018702bb4ccedf659377fa92a26540b5247612077a0dbd29?s=96&d=mm&r=g","caption":"Prensa G&amp;S FM"},"sameAs":["https:\/\/gysfm.com.ar\/"],"url":"https:\/\/gysfm.com.ar\/inicio\/author\/lucasm\/"}]}},"_links":{"self":[{"href":"https:\/\/gysfm.com.ar\/inicio\/wp-json\/wp\/v2\/posts\/210118","targetHints":{"allow":["GET"]}}],"collection":[{"href":"https:\/\/gysfm.com.ar\/inicio\/wp-json\/wp\/v2\/posts"}],"about":[{"href":"https:\/\/gysfm.com.ar\/inicio\/wp-json\/wp\/v2\/types\/post"}],"author":[{"embeddable":true,"href":"https:\/\/gysfm.com.ar\/inicio\/wp-json\/wp\/v2\/users\/2"}],"replies":[{"embeddable":true,"href":"https:\/\/gysfm.com.ar\/inicio\/wp-json\/wp\/v2\/comments?post=210118"}],"version-history":[{"count":0,"href":"https:\/\/gysfm.com.ar\/inicio\/wp-json\/wp\/v2\/posts\/210118\/revisions"}],"wp:attachment":[{"href":"https:\/\/gysfm.com.ar\/inicio\/wp-json\/wp\/v2\/media?parent=210118"}],"wp:term":[{"taxonomy":"category","embeddable":true,"href":"https:\/\/gysfm.com.ar\/inicio\/wp-json\/wp\/v2\/categories?post=210118"},{"taxonomy":"post_tag","embeddable":true,"href":"https:\/\/gysfm.com.ar\/inicio\/wp-json\/wp\/v2\/tags?post=210118"}],"curies":[{"name":"wp","href":"https:\/\/api.w.org\/{rel}","templated":true}]}}