{"id":210117,"date":"2026-09-01T22:02:16","date_gmt":"2026-09-02T01:02:16","guid":{"rendered":"https:\/\/gysfm.com.ar\/inicio\/india-insto-a-putin-a-poner-fin-a-la-guerra-en-ucrania-por-el-bien-de-la-humanidad\/"},"modified":"2026-09-01T22:02:16","modified_gmt":"2026-09-02T01:02:16","slug":"india-insto-a-putin-a-poner-fin-a-la-guerra-en-ucrania-por-el-bien-de-la-humanidad","status":"publish","type":"post","link":"https:\/\/gysfm.com.ar\/inicio\/india-insto-a-putin-a-poner-fin-a-la-guerra-en-ucrania-por-el-bien-de-la-humanidad\/","title":{"rendered":"India inst\u00f3 a Putin a poner fin a la guerra en Ucrania \u00abpor el bien de la humanidad\u00bb"},"content":{"rendered":"<div><img loading=\"lazy\" decoding=\"async\" width=\"992\" height=\"621\" src=\"https:\/\/diariosanjuan19.com.ar\/wp-content\/uploads\/2026\/08\/image-522.png\" class=\"attachment-post-thumbnail size-post-thumbnail wp-post-image\" alt=\"\"><\/div>\n<p><strong><em>Narendra Modi reiter\u00f3 su respaldo a los esfuerzos de paz durante un encuentro bilateral con el mandatario ruso en la cumbre de la Organizaci\u00f3n de Cooperaci\u00f3n de Shangh\u00e1i, mientras Nueva Delhi mantiene con Mosc\u00fa una relaci\u00f3n comercial que las sanciones occidentales no han logrado debilitar.<\/em><\/strong><\/p>\n<p>El primer ministro de India inst\u00f3 al presidente ruso, Vladimir Putin, a poner fin al conflicto en Ucrania, al que describi\u00f3 como una guerra que debe terminar \u00abpor el bien de la humanidad\u00bb. La declaraci\u00f3n lleg\u00f3 en el marco de la cumbre de la Organizaci\u00f3n de Cooperaci\u00f3n de Shangh\u00e1i (OCS), un foro en el que Nueva Delhi y Mosc\u00fa comparten espacio con otras potencias asi\u00e1ticas, y refleja el delicado equilibrio que India busca mantener frente a la invasi\u00f3n rusa.<\/p>\n<h2 class=\"wp-block-heading\">Un mensaje de paz entre v\u00ednculos comerciales intactos<\/h2>\n<p>El mensaje de Modi adquiere particular relevancia por el contexto en el que se pronunci\u00f3. India, pese a las reiteradas cr\u00edticas que recibe de Occidente, no ha condenado formalmente la invasi\u00f3n rusa y mantiene una postura que describe como de neutralidad y promoci\u00f3n del di\u00e1logo. En ese sentido, el premier indio reiter\u00f3 su respaldo a los esfuerzos diplom\u00e1ticos para alcanzar una salida negociada al conflicto.<\/p>\n<p>Al mismo tiempo, la relaci\u00f3n comercial entre Nueva Delhi y Mosc\u00fa sigue siendo uno de los lazos m\u00e1s resistentes a la presi\u00f3n ejercida desde Washington y Bruselas. Las sanciones occidentales no han logrado debilitar el intercambio bilateral, que incluye la compra de crudo y otros insumos energ\u00e9ticos a precios rebajados, una estrategia que le permiti\u00f3 a India abastecerse a bajo costo mientras Rusia sortea las restricciones financieras del bloque occidental.<\/p>\n<h2 class=\"wp-block-heading\">El papel de India en el tablero global<\/h2>\n<p>El encuentro bilateral se enmarca dentro de la cumbre de la OCS, una organizaci\u00f3n que integran pa\u00edses como China, Rusia, India, Pakist\u00e1n, Ir\u00e1n y varios estados de Asia Central, y que funciona como contrapeso a los foros liderados por Occidente.<\/p>\n<p>La postura de Modi combina la defensa de una salida pac\u00edfica al conflicto con la preservaci\u00f3n de los intereses estrat\u00e9gicos y energ\u00e9ticos de India, un pa\u00eds que ha sabido posicionarse como actor central en el nuevo tablero geopol\u00edtico, capaz de transitar entre ambos bloques sin resignar sus prioridades nacionales.<\/p>\n<p>El llamado del premier indio, aunque moderado en su tono, reafirma la presi\u00f3n creciente que enfrenta el Kremlin desde los pa\u00edses que mantienen una relaci\u00f3n cordial con Mosc\u00fa, que ven en el conflicto ucraniano un lastre para la estabilidad global y sus propios intereses.<\/p>\n<div class=\"wp-block-image\">\n<figure class=\"aligncenter size-full\"><img loading=\"lazy\" decoding=\"async\" width=\"992\" height=\"744\" src=\"https:\/\/diariosanjuan19.com.ar\/wp-content\/uploads\/2026\/08\/image-523.png\" alt=\"\" class=\"wp-image-41857\"><\/figure>\n<\/div>\n<p>La entrada <a href=\"https:\/\/diariosanjuan19.com.ar\/india-insto-a-putin-a-poner-fin-a-la-guerra-en-ucrania-por-el-bien-de-la-humanidad\/\">India inst\u00f3 a Putin a poner fin a la guerra en Ucrania \u00abpor el bien de la humanidad\u00bb<\/a> se public\u00f3 primero en <a href=\"https:\/\/diariosanjuan19.com.ar\/\">DIARIO SAN JUAN 19<\/a>.<\/p>\n","protected":false},"excerpt":{"rendered":"<p>Narendra Modi reiter\u00f3 su respaldo a los esfuerzos de paz durante un encuentro bilateral con el mandatario ruso en la cumbre de la Organizaci\u00f3n de Cooperaci\u00f3n de Shangh\u00e1i, mientras Nueva Delhi mantiene con Mosc\u00fa una relaci\u00f3n comercial que las sanciones occidentales no han logrado debilitar. El primer ministro de India inst\u00f3 al presidente ruso, Vladimir [&hellip;]<\/p>\n","protected":false},"author":2,"featured_media":0,"comment_status":"closed","ping_status":"closed","sticky":false,"template":"","format":"standard","meta":{"footnotes":""},"categories":[26],"tags":[],"class_list":["post-210117","post","type-post","status-publish","format-standard","hentry","category-internacionales"],"yoast_head":"<!-- This site is optimized with the Yoast SEO plugin v24.4 - https:\/\/yoast.com\/wordpress\/plugins\/seo\/ -->\n<title>India inst\u00f3 a Putin a poner fin a la guerra en Ucrania \u00abpor el bien de la humanidad\u00bb - GYS NOTICIAS |<\/title>\n<meta name=\"robots\" content=\"index, follow, max-snippet:-1, max-image-preview:large, max-video-preview:-1\" \/>\n<link rel=\"canonical\" href=\"https:\/\/gysfm.com.ar\/inicio\/india-insto-a-putin-a-poner-fin-a-la-guerra-en-ucrania-por-el-bien-de-la-humanidad\/\" \/>\n<meta property=\"og:locale\" content=\"es_ES\" \/>\n<meta property=\"og:type\" content=\"article\" \/>\n<meta property=\"og:title\" content=\"India inst\u00f3 a Putin a poner fin a la guerra en Ucrania \u00abpor el bien de la humanidad\u00bb - GYS NOTICIAS |\" \/>\n<meta property=\"og:description\" content=\"Narendra Modi reiter\u00f3 su respaldo a los esfuerzos de paz durante un encuentro bilateral con el mandatario ruso en la cumbre de la Organizaci\u00f3n de Cooperaci\u00f3n de Shangh\u00e1i, mientras Nueva Delhi mantiene con Mosc\u00fa una relaci\u00f3n comercial que las sanciones occidentales no han logrado debilitar. El primer ministro de India inst\u00f3 al presidente ruso, Vladimir [&hellip;]\" \/>\n<meta property=\"og:url\" content=\"https:\/\/gysfm.com.ar\/inicio\/india-insto-a-putin-a-poner-fin-a-la-guerra-en-ucrania-por-el-bien-de-la-humanidad\/\" \/>\n<meta property=\"og:site_name\" content=\"GYS NOTICIAS |\" \/>\n<meta property=\"article:published_time\" content=\"2026-09-02T01:02:16+00:00\" \/>\n<meta property=\"og:image\" content=\"https:\/\/diariosanjuan19.com.ar\/wp-content\/uploads\/2026\/08\/image-522.png\" \/>\n<meta name=\"author\" content=\"Prensa G&amp;S FM\" \/>\n<meta name=\"twitter:card\" content=\"summary_large_image\" \/>\n<meta name=\"twitter:label1\" content=\"Escrito por\" \/>\n\t<meta name=\"twitter:data1\" content=\"Prensa G&amp;S FM\" \/>\n\t<meta name=\"twitter:label2\" content=\"Tiempo de lectura\" \/>\n\t<meta name=\"twitter:data2\" content=\"2 minutos\" \/>\n<script type=\"application\/ld+json\" class=\"yoast-schema-graph\">{\"@context\":\"https:\/\/schema.org\",\"@graph\":[{\"@type\":\"Article\",\"@id\":\"https:\/\/gysfm.com.ar\/inicio\/india-insto-a-putin-a-poner-fin-a-la-guerra-en-ucrania-por-el-bien-de-la-humanidad\/#article\",\"isPartOf\":{\"@id\":\"https:\/\/gysfm.com.ar\/inicio\/india-insto-a-putin-a-poner-fin-a-la-guerra-en-ucrania-por-el-bien-de-la-humanidad\/\"},\"author\":{\"name\":\"Prensa G&amp;S FM\",\"@id\":\"https:\/\/gysfm.com.ar\/inicio\/#\/schema\/person\/3abba7593ef2ad19e1be221d54383dc5\"},\"headline\":\"India inst\u00f3 a Putin a poner fin a la guerra en Ucrania \u00abpor el bien de la humanidad\u00bb\",\"datePublished\":\"2026-09-02T01:02:16+00:00\",\"mainEntityOfPage\":{\"@id\":\"https:\/\/gysfm.com.ar\/inicio\/india-insto-a-putin-a-poner-fin-a-la-guerra-en-ucrania-por-el-bien-de-la-humanidad\/\"},\"wordCount\":486,\"publisher\":{\"@id\":\"https:\/\/gysfm.com.ar\/inicio\/#organization\"},\"image\":{\"@id\":\"https:\/\/gysfm.com.ar\/inicio\/india-insto-a-putin-a-poner-fin-a-la-guerra-en-ucrania-por-el-bien-de-la-humanidad\/#primaryimage\"},\"thumbnailUrl\":\"https:\/\/diariosanjuan19.com.ar\/wp-content\/uploads\/2026\/08\/image-522.png\",\"articleSection\":[\"INTERNACIONALES\"],\"inLanguage\":\"es\"},{\"@type\":\"WebPage\",\"@id\":\"https:\/\/gysfm.com.ar\/inicio\/india-insto-a-putin-a-poner-fin-a-la-guerra-en-ucrania-por-el-bien-de-la-humanidad\/\",\"url\":\"https:\/\/gysfm.com.ar\/inicio\/india-insto-a-putin-a-poner-fin-a-la-guerra-en-ucrania-por-el-bien-de-la-humanidad\/\",\"name\":\"India inst\u00f3 a Putin a poner fin a la guerra en Ucrania \u00abpor el bien de la humanidad\u00bb - GYS NOTICIAS |\",\"isPartOf\":{\"@id\":\"https:\/\/gysfm.com.ar\/inicio\/#website\"},\"primaryImageOfPage\":{\"@id\":\"https:\/\/gysfm.com.ar\/inicio\/india-insto-a-putin-a-poner-fin-a-la-guerra-en-ucrania-por-el-bien-de-la-humanidad\/#primaryimage\"},\"image\":{\"@id\":\"https:\/\/gysfm.com.ar\/inicio\/india-insto-a-putin-a-poner-fin-a-la-guerra-en-ucrania-por-el-bien-de-la-humanidad\/#primaryimage\"},\"thumbnailUrl\":\"https:\/\/diariosanjuan19.com.ar\/wp-content\/uploads\/2026\/08\/image-522.png\",\"datePublished\":\"2026-09-02T01:02:16+00:00\",\"breadcrumb\":{\"@id\":\"https:\/\/gysfm.com.ar\/inicio\/india-insto-a-putin-a-poner-fin-a-la-guerra-en-ucrania-por-el-bien-de-la-humanidad\/#breadcrumb\"},\"inLanguage\":\"es\",\"potentialAction\":[{\"@type\":\"ReadAction\",\"target\":[\"https:\/\/gysfm.com.ar\/inicio\/india-insto-a-putin-a-poner-fin-a-la-guerra-en-ucrania-por-el-bien-de-la-humanidad\/\"]}]},{\"@type\":\"ImageObject\",\"inLanguage\":\"es\",\"@id\":\"https:\/\/gysfm.com.ar\/inicio\/india-insto-a-putin-a-poner-fin-a-la-guerra-en-ucrania-por-el-bien-de-la-humanidad\/#primaryimage\",\"url\":\"https:\/\/diariosanjuan19.com.ar\/wp-content\/uploads\/2026\/08\/image-522.png\",\"contentUrl\":\"https:\/\/diariosanjuan19.com.ar\/wp-content\/uploads\/2026\/08\/image-522.png\"},{\"@type\":\"BreadcrumbList\",\"@id\":\"https:\/\/gysfm.com.ar\/inicio\/india-insto-a-putin-a-poner-fin-a-la-guerra-en-ucrania-por-el-bien-de-la-humanidad\/#breadcrumb\",\"itemListElement\":[{\"@type\":\"ListItem\",\"position\":1,\"name\":\"Portada\",\"item\":\"https:\/\/gysfm.com.ar\/inicio\/\"},{\"@type\":\"ListItem\",\"position\":2,\"name\":\"India inst\u00f3 a Putin a poner fin a la guerra en Ucrania \u00abpor el bien de la humanidad\u00bb\"}]},{\"@type\":\"WebSite\",\"@id\":\"https:\/\/gysfm.com.ar\/inicio\/#website\",\"url\":\"https:\/\/gysfm.com.ar\/inicio\/\",\"name\":\"GYS NOTICIAS |\",\"description\":\"DIARIO - RADIO ONLINE SAN JUAN ARGENTINA\",\"publisher\":{\"@id\":\"https:\/\/gysfm.com.ar\/inicio\/#organization\"},\"potentialAction\":[{\"@type\":\"SearchAction\",\"target\":{\"@type\":\"EntryPoint\",\"urlTemplate\":\"https:\/\/gysfm.com.ar\/inicio\/?s={search_term_string}\"},\"query-input\":{\"@type\":\"PropertyValueSpecification\",\"valueRequired\":true,\"valueName\":\"search_term_string\"}}],\"inLanguage\":\"es\"},{\"@type\":\"Organization\",\"@id\":\"https:\/\/gysfm.com.ar\/inicio\/#organization\",\"name\":\"GYS NOTICIAS |\",\"url\":\"https:\/\/gysfm.com.ar\/inicio\/\",\"logo\":{\"@type\":\"ImageObject\",\"inLanguage\":\"es\",\"@id\":\"https:\/\/gysfm.com.ar\/inicio\/#\/schema\/logo\/image\/\",\"url\":\"https:\/\/gysfm.com.ar\/inicio\/wp-content\/uploads\/2023\/07\/LOGOGYS-OK.png\",\"contentUrl\":\"https:\/\/gysfm.com.ar\/inicio\/wp-content\/uploads\/2023\/07\/LOGOGYS-OK.png\",\"width\":1170,\"height\":872,\"caption\":\"GYS NOTICIAS |\"},\"image\":{\"@id\":\"https:\/\/gysfm.com.ar\/inicio\/#\/schema\/logo\/image\/\"}},{\"@type\":\"Person\",\"@id\":\"https:\/\/gysfm.com.ar\/inicio\/#\/schema\/person\/3abba7593ef2ad19e1be221d54383dc5\",\"name\":\"Prensa G&amp;S FM\",\"image\":{\"@type\":\"ImageObject\",\"inLanguage\":\"es\",\"@id\":\"https:\/\/gysfm.com.ar\/inicio\/#\/schema\/person\/image\/\",\"url\":\"https:\/\/secure.gravatar.com\/avatar\/096ec78df02049ab018702bb4ccedf659377fa92a26540b5247612077a0dbd29?s=96&d=mm&r=g\",\"contentUrl\":\"https:\/\/secure.gravatar.com\/avatar\/096ec78df02049ab018702bb4ccedf659377fa92a26540b5247612077a0dbd29?s=96&d=mm&r=g\",\"caption\":\"Prensa G&amp;S FM\"},\"sameAs\":[\"https:\/\/gysfm.com.ar\/\"],\"url\":\"https:\/\/gysfm.com.ar\/inicio\/author\/lucasm\/\"}]}<\/script>\n<!-- \/ Yoast SEO plugin. -->","yoast_head_json":{"title":"India inst\u00f3 a Putin a poner fin a la guerra en Ucrania \u00abpor el bien de la humanidad\u00bb - GYS NOTICIAS |","robots":{"index":"index","follow":"follow","max-snippet":"max-snippet:-1","max-image-preview":"max-image-preview:large","max-video-preview":"max-video-preview:-1"},"canonical":"https:\/\/gysfm.com.ar\/inicio\/india-insto-a-putin-a-poner-fin-a-la-guerra-en-ucrania-por-el-bien-de-la-humanidad\/","og_locale":"es_ES","og_type":"article","og_title":"India inst\u00f3 a Putin a poner fin a la guerra en Ucrania \u00abpor el bien de la humanidad\u00bb - GYS NOTICIAS |","og_description":"Narendra Modi reiter\u00f3 su respaldo a los esfuerzos de paz durante un encuentro bilateral con el mandatario ruso en la cumbre de la Organizaci\u00f3n de Cooperaci\u00f3n de Shangh\u00e1i, mientras Nueva Delhi mantiene con Mosc\u00fa una relaci\u00f3n comercial que las sanciones occidentales no han logrado debilitar. El primer ministro de India inst\u00f3 al presidente ruso, Vladimir [&hellip;]","og_url":"https:\/\/gysfm.com.ar\/inicio\/india-insto-a-putin-a-poner-fin-a-la-guerra-en-ucrania-por-el-bien-de-la-humanidad\/","og_site_name":"GYS NOTICIAS |","article_published_time":"2026-09-02T01:02:16+00:00","og_image":[{"url":"https:\/\/diariosanjuan19.com.ar\/wp-content\/uploads\/2026\/08\/image-522.png","type":"","width":"","height":""}],"author":"Prensa G&amp;S FM","twitter_card":"summary_large_image","twitter_misc":{"Escrito por":"Prensa G&amp;S FM","Tiempo de lectura":"2 minutos"},"schema":{"@context":"https:\/\/schema.org","@graph":[{"@type":"Article","@id":"https:\/\/gysfm.com.ar\/inicio\/india-insto-a-putin-a-poner-fin-a-la-guerra-en-ucrania-por-el-bien-de-la-humanidad\/#article","isPartOf":{"@id":"https:\/\/gysfm.com.ar\/inicio\/india-insto-a-putin-a-poner-fin-a-la-guerra-en-ucrania-por-el-bien-de-la-humanidad\/"},"author":{"name":"Prensa G&amp;S FM","@id":"https:\/\/gysfm.com.ar\/inicio\/#\/schema\/person\/3abba7593ef2ad19e1be221d54383dc5"},"headline":"India inst\u00f3 a Putin a poner fin a la guerra en Ucrania \u00abpor el bien de la humanidad\u00bb","datePublished":"2026-09-02T01:02:16+00:00","mainEntityOfPage":{"@id":"https:\/\/gysfm.com.ar\/inicio\/india-insto-a-putin-a-poner-fin-a-la-guerra-en-ucrania-por-el-bien-de-la-humanidad\/"},"wordCount":486,"publisher":{"@id":"https:\/\/gysfm.com.ar\/inicio\/#organization"},"image":{"@id":"https:\/\/gysfm.com.ar\/inicio\/india-insto-a-putin-a-poner-fin-a-la-guerra-en-ucrania-por-el-bien-de-la-humanidad\/#primaryimage"},"thumbnailUrl":"https:\/\/diariosanjuan19.com.ar\/wp-content\/uploads\/2026\/08\/image-522.png","articleSection":["INTERNACIONALES"],"inLanguage":"es"},{"@type":"WebPage","@id":"https:\/\/gysfm.com.ar\/inicio\/india-insto-a-putin-a-poner-fin-a-la-guerra-en-ucrania-por-el-bien-de-la-humanidad\/","url":"https:\/\/gysfm.com.ar\/inicio\/india-insto-a-putin-a-poner-fin-a-la-guerra-en-ucrania-por-el-bien-de-la-humanidad\/","name":"India inst\u00f3 a Putin a poner fin a la guerra en Ucrania \u00abpor el bien de la humanidad\u00bb - GYS NOTICIAS |","isPartOf":{"@id":"https:\/\/gysfm.com.ar\/inicio\/#website"},"primaryImageOfPage":{"@id":"https:\/\/gysfm.com.ar\/inicio\/india-insto-a-putin-a-poner-fin-a-la-guerra-en-ucrania-por-el-bien-de-la-humanidad\/#primaryimage"},"image":{"@id":"https:\/\/gysfm.com.ar\/inicio\/india-insto-a-putin-a-poner-fin-a-la-guerra-en-ucrania-por-el-bien-de-la-humanidad\/#primaryimage"},"thumbnailUrl":"https:\/\/diariosanjuan19.com.ar\/wp-content\/uploads\/2026\/08\/image-522.png","datePublished":"2026-09-02T01:02:16+00:00","breadcrumb":{"@id":"https:\/\/gysfm.com.ar\/inicio\/india-insto-a-putin-a-poner-fin-a-la-guerra-en-ucrania-por-el-bien-de-la-humanidad\/#breadcrumb"},"inLanguage":"es","potentialAction":[{"@type":"ReadAction","target":["https:\/\/gysfm.com.ar\/inicio\/india-insto-a-putin-a-poner-fin-a-la-guerra-en-ucrania-por-el-bien-de-la-humanidad\/"]}]},{"@type":"ImageObject","inLanguage":"es","@id":"https:\/\/gysfm.com.ar\/inicio\/india-insto-a-putin-a-poner-fin-a-la-guerra-en-ucrania-por-el-bien-de-la-humanidad\/#primaryimage","url":"https:\/\/diariosanjuan19.com.ar\/wp-content\/uploads\/2026\/08\/image-522.png","contentUrl":"https:\/\/diariosanjuan19.com.ar\/wp-content\/uploads\/2026\/08\/image-522.png"},{"@type":"BreadcrumbList","@id":"https:\/\/gysfm.com.ar\/inicio\/india-insto-a-putin-a-poner-fin-a-la-guerra-en-ucrania-por-el-bien-de-la-humanidad\/#breadcrumb","itemListElement":[{"@type":"ListItem","position":1,"name":"Portada","item":"https:\/\/gysfm.com.ar\/inicio\/"},{"@type":"ListItem","position":2,"name":"India inst\u00f3 a Putin a poner fin a la guerra en Ucrania \u00abpor el bien de la humanidad\u00bb"}]},{"@type":"WebSite","@id":"https:\/\/gysfm.com.ar\/inicio\/#website","url":"https:\/\/gysfm.com.ar\/inicio\/","name":"GYS NOTICIAS |","description":"DIARIO - RADIO ONLINE SAN JUAN ARGENTINA","publisher":{"@id":"https:\/\/gysfm.com.ar\/inicio\/#organization"},"potentialAction":[{"@type":"SearchAction","target":{"@type":"EntryPoint","urlTemplate":"https:\/\/gysfm.com.ar\/inicio\/?s={search_term_string}"},"query-input":{"@type":"PropertyValueSpecification","valueRequired":true,"valueName":"search_term_string"}}],"inLanguage":"es"},{"@type":"Organization","@id":"https:\/\/gysfm.com.ar\/inicio\/#organization","name":"GYS NOTICIAS |","url":"https:\/\/gysfm.com.ar\/inicio\/","logo":{"@type":"ImageObject","inLanguage":"es","@id":"https:\/\/gysfm.com.ar\/inicio\/#\/schema\/logo\/image\/","url":"https:\/\/gysfm.com.ar\/inicio\/wp-content\/uploads\/2023\/07\/LOGOGYS-OK.png","contentUrl":"https:\/\/gysfm.com.ar\/inicio\/wp-content\/uploads\/2023\/07\/LOGOGYS-OK.png","width":1170,"height":872,"caption":"GYS NOTICIAS |"},"image":{"@id":"https:\/\/gysfm.com.ar\/inicio\/#\/schema\/logo\/image\/"}},{"@type":"Person","@id":"https:\/\/gysfm.com.ar\/inicio\/#\/schema\/person\/3abba7593ef2ad19e1be221d54383dc5","name":"Prensa G&amp;S FM","image":{"@type":"ImageObject","inLanguage":"es","@id":"https:\/\/gysfm.com.ar\/inicio\/#\/schema\/person\/image\/","url":"https:\/\/secure.gravatar.com\/avatar\/096ec78df02049ab018702bb4ccedf659377fa92a26540b5247612077a0dbd29?s=96&d=mm&r=g","contentUrl":"https:\/\/secure.gravatar.com\/avatar\/096ec78df02049ab018702bb4ccedf659377fa92a26540b5247612077a0dbd29?s=96&d=mm&r=g","caption":"Prensa G&amp;S FM"},"sameAs":["https:\/\/gysfm.com.ar\/"],"url":"https:\/\/gysfm.com.ar\/inicio\/author\/lucasm\/"}]}},"_links":{"self":[{"href":"https:\/\/gysfm.com.ar\/inicio\/wp-json\/wp\/v2\/posts\/210117","targetHints":{"allow":["GET"]}}],"collection":[{"href":"https:\/\/gysfm.com.ar\/inicio\/wp-json\/wp\/v2\/posts"}],"about":[{"href":"https:\/\/gysfm.com.ar\/inicio\/wp-json\/wp\/v2\/types\/post"}],"author":[{"embeddable":true,"href":"https:\/\/gysfm.com.ar\/inicio\/wp-json\/wp\/v2\/users\/2"}],"replies":[{"embeddable":true,"href":"https:\/\/gysfm.com.ar\/inicio\/wp-json\/wp\/v2\/comments?post=210117"}],"version-history":[{"count":0,"href":"https:\/\/gysfm.com.ar\/inicio\/wp-json\/wp\/v2\/posts\/210117\/revisions"}],"wp:attachment":[{"href":"https:\/\/gysfm.com.ar\/inicio\/wp-json\/wp\/v2\/media?parent=210117"}],"wp:term":[{"taxonomy":"category","embeddable":true,"href":"https:\/\/gysfm.com.ar\/inicio\/wp-json\/wp\/v2\/categories?post=210117"},{"taxonomy":"post_tag","embeddable":true,"href":"https:\/\/gysfm.com.ar\/inicio\/wp-json\/wp\/v2\/tags?post=210117"}],"curies":[{"name":"wp","href":"https:\/\/api.w.org\/{rel}","templated":true}]}}