{"id":210114,"date":"2026-09-01T21:42:14","date_gmt":"2026-09-02T00:42:14","guid":{"rendered":"https:\/\/gysfm.com.ar\/inicio\/el-dolar-oficial-subio-hasta-su-valor-nominal-maximo-y-el-riesgo-pais-se-acerco-a-los-500-puntos\/"},"modified":"2026-09-01T21:42:15","modified_gmt":"2026-09-02T00:42:15","slug":"el-dolar-oficial-subio-hasta-su-valor-nominal-maximo-y-el-riesgo-pais-se-acerco-a-los-500-puntos","status":"publish","type":"post","link":"https:\/\/gysfm.com.ar\/inicio\/el-dolar-oficial-subio-hasta-su-valor-nominal-maximo-y-el-riesgo-pais-se-acerco-a-los-500-puntos\/","title":{"rendered":"El d\u00f3lar oficial subi\u00f3 hasta su valor nominal m\u00e1ximo y el riesgo pa\u00eds se acerc\u00f3 a los 500 puntos"},"content":{"rendered":"<p><\/p>\n<div>\n<p class=\"com-paragraph --s text-left\"><strong>El d\u00f3lar arranc\u00f3 septiembre con una leve suba por la demanda estacional de inicio de mes<\/strong> <strong>y se ubic\u00f3 nuevamente en los $1535<\/strong>, el mismo m\u00e1ximo valor nominal del a\u00f1o que tambi\u00e9n hab\u00eda tocado a fines de agosto. Por su parte, <strong>el riesgo pa\u00eds baj\u00f3 y qued\u00f3 a un paso de los 500 puntos b\u00e1sicos<\/strong>.<\/p>\n<p class=\"com-paragraph --s text-left\">La cotizaci\u00f3n del d\u00f3lar al que accede el p\u00fablico<strong> cerr\u00f3 hoy en las pizarras del Banco Naci\u00f3n a $1535<\/strong>, $5 m\u00e1s que el cierre anterior (+0,3%). Al ver el precio promedio del mercado, el tipo de cambio oficial oper\u00f3 a $1533,63, de acuerdo con el relevamiento de entidades financieras que realiza diariamente el Banco Central (BCRA).<\/p>\n<div class=\"content-media\">\n<section role=\"button\" class=\"mod-media   \">\n<figure role=\"button\" tabindex=\"0\" class=\"mod-figure \"><figcaption class=\"mod-figcaption\"><span class=\"com-text --caption --twoxs\">El d\u00f3lar oficial minorista borr\u00f3 la baja de ayer por mayor demanda a principio de mes<\/span><span class=\"com-text --credit --twoxs\">Gemini<\/span><\/figcaption><\/figure>\n<\/section>\n<\/div>\n<p class=\"com-paragraph --s text-left\">En la \u00faltima jornada h\u00e1bil de agosto, el tipo de cambio present\u00f3 una baja de $5 (-0,3%) hasta los $1530 y en el mes acumul\u00f3 un avance de $20 (+1,3%). De todos modos, hoy borr\u00f3 ese descenso y se posicion\u00f3 nuevamente en el valor nominal m\u00e1s alto del a\u00f1o, que alcanz\u00f3 el pasado 26 de agosto y sostuvo hasta ayer.<\/p>\n<p class=\"com-paragraph --s text-left\">Por su parte, el <strong>tipo de cambio mayorista <\/strong>sum\u00f3 $4,50 (+0,3%) hasta los $1513. Igualmente, estuvo un 19% por debajo del techo de la banda cambiaria, establecido hoy en $1881,22.<\/p>\n<p class=\"com-paragraph --s text-left\"><strong>Los d\u00f3lares financieros registraron leves bajas<\/strong>. El MEP cedi\u00f3 $2,81 (-0,2%) y apareci\u00f3 en las pantallas a $1532,71. El contado con liquidaci\u00f3n (CCL) oper\u00f3 a $1588,09, $7,96 menos que su valor de apertura (-0,5%).<\/p>\n<p class=\"com-paragraph --s text-left\">Javier Giordano, economista de CFA, detall\u00f3 a trav\u00e9s de su cuenta de X que <strong>el volumen operado en el mercado cambiario aument\u00f3 a US$670 millones<\/strong>, aunque se mantuvo por debajo del promedio del mes de agosto de US$538 millones. Tambi\u00e9n destac\u00f3 que hubo un \u201calto nivel de transacciones en el mercado de bonos <em>dollar-linked\u201d.<\/em><\/p>\n<p class=\"com-paragraph --s text-left\">Gustavo Quintana, operador de cambio en PR, se\u00f1al\u00f3 que <strong>el movimiento en el tipo de cambio oficial fue estacional. \u201cSiempre en el inicio del mes se nota una demanda algo m\u00e1s activa<\/strong>: est\u00e1n las compras por atesoramiento, para el pago de tarjetas y probablemente alg\u00fan rezago de vencimientos de fin de agosto\u201d, precis\u00f3.<\/p>\n<p class=\"com-paragraph --s text-left\">Fernando Camusso, director de Rafaela Capital, coincidi\u00f3 sobre este punto: \u201cEl vencimiento de la D31G6 \u2015Letra del Tesoro ajustada al tipo de cambio\u2015 liber\u00f3 pesos y parte de esa liquidez podr\u00eda estar buscando nuevamente cobertura cambiaria. A eso se suman las habituales \u00f3rdenes de empresas e importadores de comienzo de mes, en un contexto de tasas en pesos menos atractivas\u00bb, se\u00f1al\u00f3. En esa l\u00ednea, observ\u00f3 que se trat\u00f3 de<strong> \u201cun reacomodamiento de flujos y no como un cambio de tendencia\u201d.<\/strong><\/p>\n<p><h2 class=\"font-primary font-w-bold text-subheading-lg text-left container-center-100 mb-8\"><span>Mercados hoy<\/span><\/h2>\n<\/p>\n<p class=\"com-paragraph --s\"><strong>El riesgo pa\u00eds cay\u00f3 11 unidades y se posicion\u00f3 en los 501 puntos b\u00e1sicos (-2,1%)<\/strong>, de acuerdo a las pantallas de Rava. Este movimiento se explic\u00f3 por el desempe\u00f1o de los bonos soberanos. Los t\u00edtulos bajo ley local se elevaron hasta 0,4% (AL29D), aunque el AL35D cedi\u00f3 0,1%. Los Globales escalaron hasta 0,6% (GD30D y GD46D).<\/p>\n<p class=\"com-paragraph --s\">\u201cEn una rueda en la que se intensificaron las tensiones en Medio Oriente y los bonos emergentes sufrieron las consecuencias (ETF EMB -0,7% hoy), <strong>los Globales exhibieron leves subas generalizadas\u201d,<\/strong> precis\u00f3 un informe de Portfolio Personal Inversiones (PPI). Esto ayud\u00f3 a que el indicador elaborado por JP Morgan retrocediera, pero no logr\u00f3 perforar los 500 puntos.<\/p>\n<p class=\"com-paragraph --s text-left\"><strong>Las acciones argentinas que cotizan en la Bolsa de Nueva York (ADR) tendieron al alza por segunda rueda consecutiva<\/strong>, a diferencia de los principales \u00edndices de Wall Street. Lider\u00f3 el panel Pampa Energ\u00eda (+2,1%), seguido de YPF (+1,7%) y Central Puerto (+1,7%). Por su parte, retrocedieron Globant (-2,5%), Corporaci\u00f3n Am\u00e9rica (-1,6%) y Telecom (-1,4%).<\/p>\n<p class=\"com-paragraph --s text-left\"><strong>El Merval sum\u00f3 0,5% hasta las 3.049.454,50 unidades<\/strong>, lo equivalente a US$1911,51 al ajustar por el d\u00f3lar CCL (+0,6%). Las principales subas fueron de Central Puerto (+2,6%), Pampa Energ\u00eda (+2,3%) e YPF (+1%). En tanto, bajaron Transener (-4,9%), Transportadora de Gas del Norte (-4,6%) y Banco de Valores (-3,4%).<\/p>\n<p class=\"com-paragraph --s text-left\">Gustavo Ber, economista de Estudio Ber, se\u00f1al\u00f3 que en Wall Street hoy hubo un clima de \u201cmayor cautela\u201d por la suba de las tasas de inter\u00e9s de los bonos del Tesoro estadounidense. No obstante, <strong>los activos dom\u00e9sticos respondieron de manera positiva<\/strong>, tanto para los bonos como para las acciones. En el caso puntual de los papeles, destac\u00f3 el impulso que la mejora en el precio del petr\u00f3leo Brent le dio a las empresas energ\u00e9ticas. <\/p>\n<section class=\"container-center-100 mb-40 border border-bottom border-thin border-neutral-light-700\">\n<hr\/>\n<\/section>\n<\/div>\n<p><script id=\"facebookpixel\" defer=\"\" type=\"text\/javascript\">\n        !function(f,b,e,v,n,t,s)\n        {if(f.fbq)return;n=f.fbq=function(){n.callMethod?\n        n.callMethod.apply(n,arguments):n.queue.push(arguments)};\n        if(!f._fbq)f._fbq=n;n.push=n;n.loaded=!0;n.version='2.0';\n        n.queue=[];t=b.createElement(e);t.async=!0;\n        t.src=v;s=b.getElementsByTagName(e)[0];\n        s.parentNode.insertBefore(t,s)}(window, document,'script',\n        'https:\/\/connect.facebook.net\/en_US\/fbevents.js');\n        fbq('init', '492459597522335');\n        fbq('track', 'PageView');\n    <\/script><\/p>\n","protected":false},"excerpt":{"rendered":"<p>El d\u00f3lar arranc\u00f3 septiembre con una leve suba por la demanda estacional de inicio de mes y se ubic\u00f3 nuevamente en los $1535, el mismo m\u00e1ximo valor nominal del a\u00f1o que tambi\u00e9n hab\u00eda tocado a fines de agosto. Por su parte, el riesgo pa\u00eds baj\u00f3 y qued\u00f3 a un paso de los 500 puntos b\u00e1sicos. [&hellip;]<\/p>\n","protected":false},"author":1,"featured_media":210115,"comment_status":"closed","ping_status":"closed","sticky":false,"template":"","format":"standard","meta":{"footnotes":""},"categories":[28],"tags":[],"class_list":["post-210114","post","type-post","status-publish","format-standard","has-post-thumbnail","hentry","category-economia"],"yoast_head":"<!-- This site is optimized with the Yoast SEO plugin v24.4 - https:\/\/yoast.com\/wordpress\/plugins\/seo\/ -->\n<title>El d\u00f3lar oficial subi\u00f3 hasta su valor nominal m\u00e1ximo y el riesgo pa\u00eds se acerc\u00f3 a los 500 puntos - GYS NOTICIAS |<\/title>\n<meta name=\"robots\" content=\"index, follow, max-snippet:-1, max-image-preview:large, max-video-preview:-1\" \/>\n<link rel=\"canonical\" href=\"https:\/\/gysfm.com.ar\/inicio\/el-dolar-oficial-subio-hasta-su-valor-nominal-maximo-y-el-riesgo-pais-se-acerco-a-los-500-puntos\/\" \/>\n<meta property=\"og:locale\" content=\"es_ES\" \/>\n<meta property=\"og:type\" content=\"article\" \/>\n<meta property=\"og:title\" content=\"El d\u00f3lar oficial subi\u00f3 hasta su valor nominal m\u00e1ximo y el riesgo pa\u00eds se acerc\u00f3 a los 500 puntos - GYS NOTICIAS |\" \/>\n<meta property=\"og:description\" content=\"El d\u00f3lar arranc\u00f3 septiembre con una leve suba por la demanda estacional de inicio de mes y se ubic\u00f3 nuevamente en los $1535, el mismo m\u00e1ximo valor nominal del a\u00f1o que tambi\u00e9n hab\u00eda tocado a fines de agosto. Por su parte, el riesgo pa\u00eds baj\u00f3 y qued\u00f3 a un paso de los 500 puntos b\u00e1sicos. [&hellip;]\" \/>\n<meta property=\"og:url\" content=\"https:\/\/gysfm.com.ar\/inicio\/el-dolar-oficial-subio-hasta-su-valor-nominal-maximo-y-el-riesgo-pais-se-acerco-a-los-500-puntos\/\" \/>\n<meta property=\"og:site_name\" content=\"GYS NOTICIAS |\" \/>\n<meta property=\"article:published_time\" content=\"2026-09-02T00:42:14+00:00\" \/>\n<meta property=\"article:modified_time\" content=\"2026-09-02T00:42:15+00:00\" \/>\n<meta property=\"og:image\" content=\"https:\/\/gysfm.com.ar\/inicio\/wp-content\/uploads\/2026\/09\/la-cotizacion-del-dolar-este-martes-1\u00b0-de-MFIAOKGT7NEATGMHEPAZ5PHVGU.png\" \/>\n\t<meta property=\"og:image:width\" content=\"1200\" \/>\n\t<meta property=\"og:image:height\" content=\"800\" \/>\n\t<meta property=\"og:image:type\" content=\"image\/png\" \/>\n<meta name=\"author\" content=\"admin\" \/>\n<meta name=\"twitter:card\" content=\"summary_large_image\" \/>\n<meta name=\"twitter:label1\" content=\"Escrito por\" \/>\n\t<meta name=\"twitter:data1\" content=\"admin\" \/>\n\t<meta name=\"twitter:label2\" content=\"Tiempo de lectura\" \/>\n\t<meta name=\"twitter:data2\" content=\"4 minutos\" \/>\n<script type=\"application\/ld+json\" class=\"yoast-schema-graph\">{\"@context\":\"https:\/\/schema.org\",\"@graph\":[{\"@type\":\"Article\",\"@id\":\"https:\/\/gysfm.com.ar\/inicio\/el-dolar-oficial-subio-hasta-su-valor-nominal-maximo-y-el-riesgo-pais-se-acerco-a-los-500-puntos\/#article\",\"isPartOf\":{\"@id\":\"https:\/\/gysfm.com.ar\/inicio\/el-dolar-oficial-subio-hasta-su-valor-nominal-maximo-y-el-riesgo-pais-se-acerco-a-los-500-puntos\/\"},\"author\":{\"name\":\"admin\",\"@id\":\"https:\/\/gysfm.com.ar\/inicio\/#\/schema\/person\/5bedd7ecd35cc35548d89effafa23696\"},\"headline\":\"El d\u00f3lar oficial subi\u00f3 hasta su valor nominal m\u00e1ximo y el riesgo pa\u00eds se acerc\u00f3 a los 500 puntos\",\"datePublished\":\"2026-09-02T00:42:14+00:00\",\"dateModified\":\"2026-09-02T00:42:15+00:00\",\"mainEntityOfPage\":{\"@id\":\"https:\/\/gysfm.com.ar\/inicio\/el-dolar-oficial-subio-hasta-su-valor-nominal-maximo-y-el-riesgo-pais-se-acerco-a-los-500-puntos\/\"},\"wordCount\":762,\"publisher\":{\"@id\":\"https:\/\/gysfm.com.ar\/inicio\/#organization\"},\"image\":{\"@id\":\"https:\/\/gysfm.com.ar\/inicio\/el-dolar-oficial-subio-hasta-su-valor-nominal-maximo-y-el-riesgo-pais-se-acerco-a-los-500-puntos\/#primaryimage\"},\"thumbnailUrl\":\"https:\/\/gysfm.com.ar\/inicio\/wp-content\/uploads\/2026\/09\/la-cotizacion-del-dolar-este-martes-1\u00b0-de-MFIAOKGT7NEATGMHEPAZ5PHVGU.png\",\"articleSection\":[\"ECONOMIA\"],\"inLanguage\":\"es\"},{\"@type\":\"WebPage\",\"@id\":\"https:\/\/gysfm.com.ar\/inicio\/el-dolar-oficial-subio-hasta-su-valor-nominal-maximo-y-el-riesgo-pais-se-acerco-a-los-500-puntos\/\",\"url\":\"https:\/\/gysfm.com.ar\/inicio\/el-dolar-oficial-subio-hasta-su-valor-nominal-maximo-y-el-riesgo-pais-se-acerco-a-los-500-puntos\/\",\"name\":\"El d\u00f3lar oficial subi\u00f3 hasta su valor nominal m\u00e1ximo y el riesgo pa\u00eds se acerc\u00f3 a los 500 puntos - GYS NOTICIAS |\",\"isPartOf\":{\"@id\":\"https:\/\/gysfm.com.ar\/inicio\/#website\"},\"primaryImageOfPage\":{\"@id\":\"https:\/\/gysfm.com.ar\/inicio\/el-dolar-oficial-subio-hasta-su-valor-nominal-maximo-y-el-riesgo-pais-se-acerco-a-los-500-puntos\/#primaryimage\"},\"image\":{\"@id\":\"https:\/\/gysfm.com.ar\/inicio\/el-dolar-oficial-subio-hasta-su-valor-nominal-maximo-y-el-riesgo-pais-se-acerco-a-los-500-puntos\/#primaryimage\"},\"thumbnailUrl\":\"https:\/\/gysfm.com.ar\/inicio\/wp-content\/uploads\/2026\/09\/la-cotizacion-del-dolar-este-martes-1\u00b0-de-MFIAOKGT7NEATGMHEPAZ5PHVGU.png\",\"datePublished\":\"2026-09-02T00:42:14+00:00\",\"dateModified\":\"2026-09-02T00:42:15+00:00\",\"breadcrumb\":{\"@id\":\"https:\/\/gysfm.com.ar\/inicio\/el-dolar-oficial-subio-hasta-su-valor-nominal-maximo-y-el-riesgo-pais-se-acerco-a-los-500-puntos\/#breadcrumb\"},\"inLanguage\":\"es\",\"potentialAction\":[{\"@type\":\"ReadAction\",\"target\":[\"https:\/\/gysfm.com.ar\/inicio\/el-dolar-oficial-subio-hasta-su-valor-nominal-maximo-y-el-riesgo-pais-se-acerco-a-los-500-puntos\/\"]}]},{\"@type\":\"ImageObject\",\"inLanguage\":\"es\",\"@id\":\"https:\/\/gysfm.com.ar\/inicio\/el-dolar-oficial-subio-hasta-su-valor-nominal-maximo-y-el-riesgo-pais-se-acerco-a-los-500-puntos\/#primaryimage\",\"url\":\"https:\/\/gysfm.com.ar\/inicio\/wp-content\/uploads\/2026\/09\/la-cotizacion-del-dolar-este-martes-1\u00b0-de-MFIAOKGT7NEATGMHEPAZ5PHVGU.png\",\"contentUrl\":\"https:\/\/gysfm.com.ar\/inicio\/wp-content\/uploads\/2026\/09\/la-cotizacion-del-dolar-este-martes-1\u00b0-de-MFIAOKGT7NEATGMHEPAZ5PHVGU.png\",\"width\":1200,\"height\":800},{\"@type\":\"BreadcrumbList\",\"@id\":\"https:\/\/gysfm.com.ar\/inicio\/el-dolar-oficial-subio-hasta-su-valor-nominal-maximo-y-el-riesgo-pais-se-acerco-a-los-500-puntos\/#breadcrumb\",\"itemListElement\":[{\"@type\":\"ListItem\",\"position\":1,\"name\":\"Portada\",\"item\":\"https:\/\/gysfm.com.ar\/inicio\/\"},{\"@type\":\"ListItem\",\"position\":2,\"name\":\"El d\u00f3lar oficial subi\u00f3 hasta su valor nominal m\u00e1ximo y el riesgo pa\u00eds se acerc\u00f3 a los 500 puntos\"}]},{\"@type\":\"WebSite\",\"@id\":\"https:\/\/gysfm.com.ar\/inicio\/#website\",\"url\":\"https:\/\/gysfm.com.ar\/inicio\/\",\"name\":\"GYS NOTICIAS |\",\"description\":\"DIARIO - RADIO ONLINE SAN JUAN ARGENTINA\",\"publisher\":{\"@id\":\"https:\/\/gysfm.com.ar\/inicio\/#organization\"},\"potentialAction\":[{\"@type\":\"SearchAction\",\"target\":{\"@type\":\"EntryPoint\",\"urlTemplate\":\"https:\/\/gysfm.com.ar\/inicio\/?s={search_term_string}\"},\"query-input\":{\"@type\":\"PropertyValueSpecification\",\"valueRequired\":true,\"valueName\":\"search_term_string\"}}],\"inLanguage\":\"es\"},{\"@type\":\"Organization\",\"@id\":\"https:\/\/gysfm.com.ar\/inicio\/#organization\",\"name\":\"GYS NOTICIAS |\",\"url\":\"https:\/\/gysfm.com.ar\/inicio\/\",\"logo\":{\"@type\":\"ImageObject\",\"inLanguage\":\"es\",\"@id\":\"https:\/\/gysfm.com.ar\/inicio\/#\/schema\/logo\/image\/\",\"url\":\"https:\/\/gysfm.com.ar\/inicio\/wp-content\/uploads\/2023\/07\/LOGOGYS-OK.png\",\"contentUrl\":\"https:\/\/gysfm.com.ar\/inicio\/wp-content\/uploads\/2023\/07\/LOGOGYS-OK.png\",\"width\":1170,\"height\":872,\"caption\":\"GYS NOTICIAS |\"},\"image\":{\"@id\":\"https:\/\/gysfm.com.ar\/inicio\/#\/schema\/logo\/image\/\"}},{\"@type\":\"Person\",\"@id\":\"https:\/\/gysfm.com.ar\/inicio\/#\/schema\/person\/5bedd7ecd35cc35548d89effafa23696\",\"name\":\"admin\",\"image\":{\"@type\":\"ImageObject\",\"inLanguage\":\"es\",\"@id\":\"https:\/\/gysfm.com.ar\/inicio\/#\/schema\/person\/image\/\",\"url\":\"https:\/\/secure.gravatar.com\/avatar\/c331d312b5243fb64d5ba28108a447b27c925295129a363082c9ea52c28d32c2?s=96&d=mm&r=g\",\"contentUrl\":\"https:\/\/secure.gravatar.com\/avatar\/c331d312b5243fb64d5ba28108a447b27c925295129a363082c9ea52c28d32c2?s=96&d=mm&r=g\",\"caption\":\"admin\"},\"sameAs\":[\"https:\/\/gysfm.com.ar\/inicio\"],\"url\":\"https:\/\/gysfm.com.ar\/inicio\/author\/admin\/\"}]}<\/script>\n<!-- \/ Yoast SEO plugin. -->","yoast_head_json":{"title":"El d\u00f3lar oficial subi\u00f3 hasta su valor nominal m\u00e1ximo y el riesgo pa\u00eds se acerc\u00f3 a los 500 puntos - GYS NOTICIAS |","robots":{"index":"index","follow":"follow","max-snippet":"max-snippet:-1","max-image-preview":"max-image-preview:large","max-video-preview":"max-video-preview:-1"},"canonical":"https:\/\/gysfm.com.ar\/inicio\/el-dolar-oficial-subio-hasta-su-valor-nominal-maximo-y-el-riesgo-pais-se-acerco-a-los-500-puntos\/","og_locale":"es_ES","og_type":"article","og_title":"El d\u00f3lar oficial subi\u00f3 hasta su valor nominal m\u00e1ximo y el riesgo pa\u00eds se acerc\u00f3 a los 500 puntos - GYS NOTICIAS |","og_description":"El d\u00f3lar arranc\u00f3 septiembre con una leve suba por la demanda estacional de inicio de mes y se ubic\u00f3 nuevamente en los $1535, el mismo m\u00e1ximo valor nominal del a\u00f1o que tambi\u00e9n hab\u00eda tocado a fines de agosto. Por su parte, el riesgo pa\u00eds baj\u00f3 y qued\u00f3 a un paso de los 500 puntos b\u00e1sicos. [&hellip;]","og_url":"https:\/\/gysfm.com.ar\/inicio\/el-dolar-oficial-subio-hasta-su-valor-nominal-maximo-y-el-riesgo-pais-se-acerco-a-los-500-puntos\/","og_site_name":"GYS NOTICIAS |","article_published_time":"2026-09-02T00:42:14+00:00","article_modified_time":"2026-09-02T00:42:15+00:00","og_image":[{"width":1200,"height":800,"url":"https:\/\/gysfm.com.ar\/inicio\/wp-content\/uploads\/2026\/09\/la-cotizacion-del-dolar-este-martes-1\u00b0-de-MFIAOKGT7NEATGMHEPAZ5PHVGU.png","type":"image\/png"}],"author":"admin","twitter_card":"summary_large_image","twitter_misc":{"Escrito por":"admin","Tiempo de lectura":"4 minutos"},"schema":{"@context":"https:\/\/schema.org","@graph":[{"@type":"Article","@id":"https:\/\/gysfm.com.ar\/inicio\/el-dolar-oficial-subio-hasta-su-valor-nominal-maximo-y-el-riesgo-pais-se-acerco-a-los-500-puntos\/#article","isPartOf":{"@id":"https:\/\/gysfm.com.ar\/inicio\/el-dolar-oficial-subio-hasta-su-valor-nominal-maximo-y-el-riesgo-pais-se-acerco-a-los-500-puntos\/"},"author":{"name":"admin","@id":"https:\/\/gysfm.com.ar\/inicio\/#\/schema\/person\/5bedd7ecd35cc35548d89effafa23696"},"headline":"El d\u00f3lar oficial subi\u00f3 hasta su valor nominal m\u00e1ximo y el riesgo pa\u00eds se acerc\u00f3 a los 500 puntos","datePublished":"2026-09-02T00:42:14+00:00","dateModified":"2026-09-02T00:42:15+00:00","mainEntityOfPage":{"@id":"https:\/\/gysfm.com.ar\/inicio\/el-dolar-oficial-subio-hasta-su-valor-nominal-maximo-y-el-riesgo-pais-se-acerco-a-los-500-puntos\/"},"wordCount":762,"publisher":{"@id":"https:\/\/gysfm.com.ar\/inicio\/#organization"},"image":{"@id":"https:\/\/gysfm.com.ar\/inicio\/el-dolar-oficial-subio-hasta-su-valor-nominal-maximo-y-el-riesgo-pais-se-acerco-a-los-500-puntos\/#primaryimage"},"thumbnailUrl":"https:\/\/gysfm.com.ar\/inicio\/wp-content\/uploads\/2026\/09\/la-cotizacion-del-dolar-este-martes-1\u00b0-de-MFIAOKGT7NEATGMHEPAZ5PHVGU.png","articleSection":["ECONOMIA"],"inLanguage":"es"},{"@type":"WebPage","@id":"https:\/\/gysfm.com.ar\/inicio\/el-dolar-oficial-subio-hasta-su-valor-nominal-maximo-y-el-riesgo-pais-se-acerco-a-los-500-puntos\/","url":"https:\/\/gysfm.com.ar\/inicio\/el-dolar-oficial-subio-hasta-su-valor-nominal-maximo-y-el-riesgo-pais-se-acerco-a-los-500-puntos\/","name":"El d\u00f3lar oficial subi\u00f3 hasta su valor nominal m\u00e1ximo y el riesgo pa\u00eds se acerc\u00f3 a los 500 puntos - GYS NOTICIAS |","isPartOf":{"@id":"https:\/\/gysfm.com.ar\/inicio\/#website"},"primaryImageOfPage":{"@id":"https:\/\/gysfm.com.ar\/inicio\/el-dolar-oficial-subio-hasta-su-valor-nominal-maximo-y-el-riesgo-pais-se-acerco-a-los-500-puntos\/#primaryimage"},"image":{"@id":"https:\/\/gysfm.com.ar\/inicio\/el-dolar-oficial-subio-hasta-su-valor-nominal-maximo-y-el-riesgo-pais-se-acerco-a-los-500-puntos\/#primaryimage"},"thumbnailUrl":"https:\/\/gysfm.com.ar\/inicio\/wp-content\/uploads\/2026\/09\/la-cotizacion-del-dolar-este-martes-1\u00b0-de-MFIAOKGT7NEATGMHEPAZ5PHVGU.png","datePublished":"2026-09-02T00:42:14+00:00","dateModified":"2026-09-02T00:42:15+00:00","breadcrumb":{"@id":"https:\/\/gysfm.com.ar\/inicio\/el-dolar-oficial-subio-hasta-su-valor-nominal-maximo-y-el-riesgo-pais-se-acerco-a-los-500-puntos\/#breadcrumb"},"inLanguage":"es","potentialAction":[{"@type":"ReadAction","target":["https:\/\/gysfm.com.ar\/inicio\/el-dolar-oficial-subio-hasta-su-valor-nominal-maximo-y-el-riesgo-pais-se-acerco-a-los-500-puntos\/"]}]},{"@type":"ImageObject","inLanguage":"es","@id":"https:\/\/gysfm.com.ar\/inicio\/el-dolar-oficial-subio-hasta-su-valor-nominal-maximo-y-el-riesgo-pais-se-acerco-a-los-500-puntos\/#primaryimage","url":"https:\/\/gysfm.com.ar\/inicio\/wp-content\/uploads\/2026\/09\/la-cotizacion-del-dolar-este-martes-1\u00b0-de-MFIAOKGT7NEATGMHEPAZ5PHVGU.png","contentUrl":"https:\/\/gysfm.com.ar\/inicio\/wp-content\/uploads\/2026\/09\/la-cotizacion-del-dolar-este-martes-1\u00b0-de-MFIAOKGT7NEATGMHEPAZ5PHVGU.png","width":1200,"height":800},{"@type":"BreadcrumbList","@id":"https:\/\/gysfm.com.ar\/inicio\/el-dolar-oficial-subio-hasta-su-valor-nominal-maximo-y-el-riesgo-pais-se-acerco-a-los-500-puntos\/#breadcrumb","itemListElement":[{"@type":"ListItem","position":1,"name":"Portada","item":"https:\/\/gysfm.com.ar\/inicio\/"},{"@type":"ListItem","position":2,"name":"El d\u00f3lar oficial subi\u00f3 hasta su valor nominal m\u00e1ximo y el riesgo pa\u00eds se acerc\u00f3 a los 500 puntos"}]},{"@type":"WebSite","@id":"https:\/\/gysfm.com.ar\/inicio\/#website","url":"https:\/\/gysfm.com.ar\/inicio\/","name":"GYS NOTICIAS |","description":"DIARIO - RADIO ONLINE SAN JUAN ARGENTINA","publisher":{"@id":"https:\/\/gysfm.com.ar\/inicio\/#organization"},"potentialAction":[{"@type":"SearchAction","target":{"@type":"EntryPoint","urlTemplate":"https:\/\/gysfm.com.ar\/inicio\/?s={search_term_string}"},"query-input":{"@type":"PropertyValueSpecification","valueRequired":true,"valueName":"search_term_string"}}],"inLanguage":"es"},{"@type":"Organization","@id":"https:\/\/gysfm.com.ar\/inicio\/#organization","name":"GYS NOTICIAS |","url":"https:\/\/gysfm.com.ar\/inicio\/","logo":{"@type":"ImageObject","inLanguage":"es","@id":"https:\/\/gysfm.com.ar\/inicio\/#\/schema\/logo\/image\/","url":"https:\/\/gysfm.com.ar\/inicio\/wp-content\/uploads\/2023\/07\/LOGOGYS-OK.png","contentUrl":"https:\/\/gysfm.com.ar\/inicio\/wp-content\/uploads\/2023\/07\/LOGOGYS-OK.png","width":1170,"height":872,"caption":"GYS NOTICIAS |"},"image":{"@id":"https:\/\/gysfm.com.ar\/inicio\/#\/schema\/logo\/image\/"}},{"@type":"Person","@id":"https:\/\/gysfm.com.ar\/inicio\/#\/schema\/person\/5bedd7ecd35cc35548d89effafa23696","name":"admin","image":{"@type":"ImageObject","inLanguage":"es","@id":"https:\/\/gysfm.com.ar\/inicio\/#\/schema\/person\/image\/","url":"https:\/\/secure.gravatar.com\/avatar\/c331d312b5243fb64d5ba28108a447b27c925295129a363082c9ea52c28d32c2?s=96&d=mm&r=g","contentUrl":"https:\/\/secure.gravatar.com\/avatar\/c331d312b5243fb64d5ba28108a447b27c925295129a363082c9ea52c28d32c2?s=96&d=mm&r=g","caption":"admin"},"sameAs":["https:\/\/gysfm.com.ar\/inicio"],"url":"https:\/\/gysfm.com.ar\/inicio\/author\/admin\/"}]}},"_links":{"self":[{"href":"https:\/\/gysfm.com.ar\/inicio\/wp-json\/wp\/v2\/posts\/210114","targetHints":{"allow":["GET"]}}],"collection":[{"href":"https:\/\/gysfm.com.ar\/inicio\/wp-json\/wp\/v2\/posts"}],"about":[{"href":"https:\/\/gysfm.com.ar\/inicio\/wp-json\/wp\/v2\/types\/post"}],"author":[{"embeddable":true,"href":"https:\/\/gysfm.com.ar\/inicio\/wp-json\/wp\/v2\/users\/1"}],"replies":[{"embeddable":true,"href":"https:\/\/gysfm.com.ar\/inicio\/wp-json\/wp\/v2\/comments?post=210114"}],"version-history":[{"count":1,"href":"https:\/\/gysfm.com.ar\/inicio\/wp-json\/wp\/v2\/posts\/210114\/revisions"}],"predecessor-version":[{"id":210116,"href":"https:\/\/gysfm.com.ar\/inicio\/wp-json\/wp\/v2\/posts\/210114\/revisions\/210116"}],"wp:featuredmedia":[{"embeddable":true,"href":"https:\/\/gysfm.com.ar\/inicio\/wp-json\/wp\/v2\/media\/210115"}],"wp:attachment":[{"href":"https:\/\/gysfm.com.ar\/inicio\/wp-json\/wp\/v2\/media?parent=210114"}],"wp:term":[{"taxonomy":"category","embeddable":true,"href":"https:\/\/gysfm.com.ar\/inicio\/wp-json\/wp\/v2\/categories?post=210114"},{"taxonomy":"post_tag","embeddable":true,"href":"https:\/\/gysfm.com.ar\/inicio\/wp-json\/wp\/v2\/tags?post=210114"}],"curies":[{"name":"wp","href":"https:\/\/api.w.org\/{rel}","templated":true}]}}